{"id":57836,"date":"2020-01-24T15:24:13","date_gmt":"2020-01-24T14:24:13","guid":{"rendered":"http:\/\/dicodusport.fr\/blog\/?p=57836&#038;preview=true&#038;preview_id=57836"},"modified":"2020-01-24T16:02:04","modified_gmt":"2020-01-24T15:02:04","slug":"biathlon-pokljuka-anais-bescond-troisieme-individuel-denise-herrmann-impose","status":"publish","type":"post","link":"https:\/\/dicodusport.fr\/blog\/biathlon-pokljuka-anais-bescond-troisieme-individuel-denise-herrmann-impose\/","title":{"rendered":"Pokljuka : Ana\u00efs Bescond troisi\u00e8me de l&rsquo;individuel, Denise Herrmann s&rsquo;impose"},"content":{"rendered":"<p style=\"text-align: justify;\"><strong><em><a href=\"https:\/\/dicodusport.fr\/blog\/biathlon-coupe-du-monde-le-programme-complet-de-pokljuka\/\" target=\"_blank\" rel=\"noopener\">Biathlon &#8211; Pokljuka<\/a> &#8211; L&rsquo;Allemande Denise Herrmann a remport\u00e9 ce vendredi l&rsquo;individuel de Pokljuka. La Fran\u00e7aise Ana\u00efs Bescond grimpe quant \u00e0 elle sur la troisi\u00e8me marche du podium.<\/em><\/strong><\/p>\n<p style=\"text-align: justify;\">Deuxi\u00e8me temps de ski et auteure d&rsquo;un 20\/20 au tir, <strong>Denise Herrmann<\/strong> a d\u00e9croch\u00e9 sa premi\u00e8re victoire de la saison sur l&rsquo;individuel de <strong>Pokljuka<\/strong>, ce vendredi. L&rsquo;Allemande, qui remporte sa 5\u00e8me victoire en carri\u00e8re, a triomph\u00e9 devant la Su\u00e9doise <strong>Hanna Oeberg<\/strong>, une seule faute derri\u00e8re la carabine et troisi\u00e8me temps sur les spatules.<\/p>\n<p style=\"text-align: justify;\">La bonne nouvelle du jour c\u00f4t\u00e9 Fran\u00e7aises nous vient d&rsquo;<strong>Ana\u00efs Bescond<\/strong>. Irr\u00e9guli\u00e8re depuis le d\u00e9but de la saison, la Normande d&rsquo;origine grimpe sur la troisi\u00e8me marche du podium, avec un sans-faute magnifique face aux cibles. C&rsquo;est son 10\u00e8me podium individuel en carri\u00e8re.<\/p>\n<blockquote class=\"twitter-tweet\">\n<p dir=\"ltr\" lang=\"fr\">&#x1f4ac; Ana\u00efs Bescond : \u00ab Je suis vraiment contente d&rsquo;avoir r\u00e9ussi \u00e0 tirer \u00e0 20\/20 car \u00e7a faisait longtemps que je ne l&rsquo;avais pas fait \u00bb<a href=\"https:\/\/twitter.com\/hashtag\/lequipeBIATHLON?src=hash&amp;ref_src=twsrc%5Etfw\">#lequipeBIATHLON<\/a> <a href=\"https:\/\/t.co\/aYDFgZa4iV\">pic.twitter.com\/aYDFgZa4iV<\/a><\/p>\n<p>\u2014 la chaine L&rsquo;\u00c9quipe (@lachainelequipe) <a href=\"https:\/\/twitter.com\/lachainelequipe\/status\/1220711515449364480?ref_src=twsrc%5Etfw\">January 24, 2020<\/a><\/p><\/blockquote>\n<p><script async src=\"https:\/\/platform.twitter.com\/widgets.js\" charset=\"utf-8\"><\/script><\/p>\n<h2 style=\"text-align: justify;\">Eckhoff se loupe, les regrets de Braisaz<\/h2>\n<p style=\"text-align: justify;\">Imp\u00e9riale depuis le mois de d\u00e9cembre, <strong>Tiril Eckhoff<\/strong> a flanch\u00e9. Dix-huiti\u00e8me avec trois fautes, la Norv\u00e9gienne, leader du <a href=\"https:\/\/www.biathlonworld.com\/competitions\/world-cup\/standings\/season\/1920\/level\/1\/score\/ts\/gender\/w\/\" target=\"_blank\" rel=\"noopener\"><strong>classement g\u00e9n\u00e9ral de la Coupe du monde<\/strong><\/a>, a \u00e9galement ski\u00e9 moins vite qu&rsquo;\u00e0 l&rsquo;accoutum\u00e9e. Laur\u00e9ate de l&rsquo;Individuel d&rsquo;Ostersund, <strong>Justine Braisaz<\/strong> pourra nourrir quelques regrets. Onzi\u00e8me avec trois erreurs, elle r\u00e9alise le meilleur temps de ski.<\/p>\n<ul>\n<li style=\"text-align: justify;\"><a href=\"https:\/\/www.biathlonworld.com\/competitions\/world-cup\/events\/bmw-ibu-world-cup-biathlon-pokljuka-1920\/bt1920swrlcp06\/race\/women-15-km-individual\/bt1920swrlcp06swin\/\" target=\"_blank\" rel=\"noopener\"><strong>Le classement complet de l&rsquo;Individuel dames de Pokljuka<\/strong><\/a><\/li>\n<\/ul>\n<p style=\"text-align: justify;\">Ce samedi, place aux relais, simple mixte et mixte. Ce dimanche, les dames vont de nouveau en d\u00e9coudre, sur la mass start cette fois-ci.<\/p>\n<p style=\"text-align: justify;\"><strong><em>Dicodusport<br \/>\n<a href=\"https:\/\/www.facebook.com\/dicodusport\/\" target=\"_blank\" rel=\"noopener\"><img loading=\"lazy\" decoding=\"async\" class=\"alignnone wp-image-2909\" src=\"http:\/\/dicodusport.fr\/blog\/wp-content\/uploads\/2017\/07\/logo-facebook-150x150.png\" alt=\"\" width=\"40\" height=\"40\" \/><\/a><a href=\"https:\/\/twitter.com\/dicodusport\" target=\"_blank\" rel=\"noopener\"><img loading=\"lazy\" decoding=\"async\" class=\"alignnone wp-image-2908\" src=\"http:\/\/dicodusport.fr\/blog\/wp-content\/uploads\/2017\/07\/logo-twitter-150x150.png\" alt=\"\" width=\"39\" height=\"39\" \/><\/a><\/em><\/strong><\/p>\n","protected":false},"excerpt":{"rendered":"<p>L&rsquo;Allemande Denise Herrmann a remport\u00e9 ce vendredi l&rsquo;individuel de Pokljuka. La Fran\u00e7aise Ana\u00efs Bescond grimpe quant \u00e0 elle sur la troisi\u00e8me marche du podium.<\/p>\n","protected":false},"author":4,"featured_media":57841,"comment_status":"open","ping_status":"closed","sticky":false,"template":"","format":"standard","meta":{"_acf_changed":false,"_daextam_enable_autolinks":"","footnotes":""},"categories":[2426],"tags":[2427,7290,6741],"class_list":["post-57836","post","type-post","status-publish","format-standard","has-post-thumbnail","hentry","category-biathlon","tag-biathlon","tag-individuel-hommes","tag-pokljuka"],"acf":[],"yoast_head":"<!-- This site is optimized with the Yoast SEO Premium plugin v26.7 (Yoast SEO v26.7) - https:\/\/yoast.com\/wordpress\/plugins\/seo\/ -->\n<title>Pokljuka : Ana\u00efs Bescond troisi\u00e8me de l&#039;individuel, Denise Herrmann s&#039;impose<\/title>\n<meta name=\"description\" content=\"L&#039;Allemande Denise Herrmann a remport\u00e9 ce vendredi l&#039;individuel de Pokljuka. La Fran\u00e7aise Ana\u00efs Bescond grimpe quant \u00e0 elle sur la troisi\u00e8me marche du podium.\" \/>\n<meta name=\"robots\" content=\"index, follow, max-snippet:-1, max-image-preview:large, max-video-preview:-1\" \/>\n<link rel=\"canonical\" href=\"https:\/\/dicodusport.fr\/blog\/biathlon-pokljuka-anais-bescond-troisieme-individuel-denise-herrmann-impose\/\" \/>\n<meta property=\"og:locale\" content=\"fr_FR\" \/>\n<meta property=\"og:type\" content=\"article\" \/>\n<meta property=\"og:title\" content=\"Pokljuka : Ana\u00efs Bescond troisi\u00e8me de l&#039;individuel, Denise Herrmann s&#039;impose\" \/>\n<meta property=\"og:description\" content=\"L&#039;Allemande Denise Herrmann a remport\u00e9 ce vendredi l&#039;individuel de Pokljuka. La Fran\u00e7aise Ana\u00efs Bescond grimpe quant \u00e0 elle sur la troisi\u00e8me marche du podium.\" \/>\n<meta property=\"og:url\" content=\"https:\/\/dicodusport.fr\/blog\/biathlon-pokljuka-anais-bescond-troisieme-individuel-denise-herrmann-impose\/\" \/>\n<meta property=\"og:site_name\" content=\"Dicodusport\" \/>\n<meta property=\"article:publisher\" content=\"https:\/\/www.facebook.com\/dicodusport\" \/>\n<meta property=\"article:author\" content=\"https:\/\/www.facebook.com\/florent.ostermann\" \/>\n<meta property=\"article:published_time\" content=\"2020-01-24T14:24:13+00:00\" \/>\n<meta property=\"article:modified_time\" content=\"2020-01-24T15:02:04+00:00\" \/>\n<meta property=\"og:image\" content=\"https:\/\/dicodusport.fr\/blog\/wp-content\/uploads\/2020\/01\/Biathlon-Pokljuka-Ana\u00efs-Bescond-troisi\u00e8me-de-lindividuel-Denise-Herrmann-simpose.png\" \/>\n\t<meta property=\"og:image:width\" content=\"800\" \/>\n\t<meta property=\"og:image:height\" content=\"445\" \/>\n\t<meta property=\"og:image:type\" content=\"image\/png\" \/>\n<meta name=\"author\" content=\"Flo Ostermann\" \/>\n<meta name=\"twitter:card\" content=\"summary_large_image\" \/>\n<meta name=\"twitter:title\" content=\"Pokljuka : Ana\u00efs Bescond troisi\u00e8me de l&#039;individuel, Denise Herrmann s&#039;impose\" \/>\n<meta name=\"twitter:creator\" content=\"@https:\/\/twitter.com\/FlOstermann\" \/>\n<meta name=\"twitter:site\" content=\"@dicodusport\" \/>\n<script type=\"application\/ld+json\" class=\"yoast-schema-graph\">{\"@context\":\"https:\/\/schema.org\",\"@graph\":[{\"@type\":\"NewsArticle\",\"@id\":\"https:\/\/dicodusport.fr\/blog\/biathlon-pokljuka-anais-bescond-troisieme-individuel-denise-herrmann-impose\/#article\",\"isPartOf\":{\"@id\":\"https:\/\/dicodusport.fr\/blog\/biathlon-pokljuka-anais-bescond-troisieme-individuel-denise-herrmann-impose\/\"},\"author\":{\"name\":\"Flo Ostermann\",\"@id\":\"https:\/\/dicodusport.fr\/blog\/#\/schema\/person\/cb02af4c173ce4a653b55e9baf388d4a\"},\"headline\":\"Pokljuka : Ana\u00efs Bescond troisi\u00e8me de l&rsquo;individuel, Denise Herrmann s&rsquo;impose\",\"datePublished\":\"2020-01-24T14:24:13+00:00\",\"dateModified\":\"2020-01-24T15:02:04+00:00\",\"mainEntityOfPage\":{\"@id\":\"https:\/\/dicodusport.fr\/blog\/biathlon-pokljuka-anais-bescond-troisieme-individuel-denise-herrmann-impose\/\"},\"wordCount\":306,\"commentCount\":0,\"publisher\":{\"@id\":\"https:\/\/dicodusport.fr\/blog\/#organization\"},\"image\":{\"@id\":\"https:\/\/dicodusport.fr\/blog\/biathlon-pokljuka-anais-bescond-troisieme-individuel-denise-herrmann-impose\/#primaryimage\"},\"thumbnailUrl\":\"https:\/\/dicodusport.fr\/blog\/wp-content\/uploads\/2020\/01\/Biathlon-Pokljuka-Ana\u00efs-Bescond-troisi\u00e8me-de-lindividuel-Denise-Herrmann-simpose.png\",\"keywords\":[\"Biathlon\",\"Individuel hommes\",\"Pokljuka\"],\"articleSection\":[\"Biathlon\"],\"inLanguage\":\"fr-FR\",\"potentialAction\":[{\"@type\":\"CommentAction\",\"name\":\"Comment\",\"target\":[\"https:\/\/dicodusport.fr\/blog\/biathlon-pokljuka-anais-bescond-troisieme-individuel-denise-herrmann-impose\/#respond\"]}],\"copyrightYear\":\"2020\",\"copyrightHolder\":{\"@id\":\"https:\/\/dicodusport.fr\/blog\/#organization\"}},{\"@type\":\"WebPage\",\"@id\":\"https:\/\/dicodusport.fr\/blog\/biathlon-pokljuka-anais-bescond-troisieme-individuel-denise-herrmann-impose\/\",\"url\":\"https:\/\/dicodusport.fr\/blog\/biathlon-pokljuka-anais-bescond-troisieme-individuel-denise-herrmann-impose\/\",\"name\":\"Pokljuka : Ana\u00efs Bescond troisi\u00e8me de l'individuel, Denise Herrmann s'impose\",\"isPartOf\":{\"@id\":\"https:\/\/dicodusport.fr\/blog\/#website\"},\"primaryImageOfPage\":{\"@id\":\"https:\/\/dicodusport.fr\/blog\/biathlon-pokljuka-anais-bescond-troisieme-individuel-denise-herrmann-impose\/#primaryimage\"},\"image\":{\"@id\":\"https:\/\/dicodusport.fr\/blog\/biathlon-pokljuka-anais-bescond-troisieme-individuel-denise-herrmann-impose\/#primaryimage\"},\"thumbnailUrl\":\"https:\/\/dicodusport.fr\/blog\/wp-content\/uploads\/2020\/01\/Biathlon-Pokljuka-Ana\u00efs-Bescond-troisi\u00e8me-de-lindividuel-Denise-Herrmann-simpose.png\",\"datePublished\":\"2020-01-24T14:24:13+00:00\",\"dateModified\":\"2020-01-24T15:02:04+00:00\",\"description\":\"L'Allemande Denise Herrmann a remport\u00e9 ce vendredi l'individuel de Pokljuka. La Fran\u00e7aise Ana\u00efs Bescond grimpe quant \u00e0 elle sur la troisi\u00e8me marche du podium.\",\"breadcrumb\":{\"@id\":\"https:\/\/dicodusport.fr\/blog\/biathlon-pokljuka-anais-bescond-troisieme-individuel-denise-herrmann-impose\/#breadcrumb\"},\"inLanguage\":\"fr-FR\",\"potentialAction\":[{\"@type\":\"ReadAction\",\"target\":[\"https:\/\/dicodusport.fr\/blog\/biathlon-pokljuka-anais-bescond-troisieme-individuel-denise-herrmann-impose\/\"]}]},{\"@type\":\"ImageObject\",\"inLanguage\":\"fr-FR\",\"@id\":\"https:\/\/dicodusport.fr\/blog\/biathlon-pokljuka-anais-bescond-troisieme-individuel-denise-herrmann-impose\/#primaryimage\",\"url\":\"https:\/\/dicodusport.fr\/blog\/wp-content\/uploads\/2020\/01\/Biathlon-Pokljuka-Ana\u00efs-Bescond-troisi\u00e8me-de-lindividuel-Denise-Herrmann-simpose.png\",\"contentUrl\":\"https:\/\/dicodusport.fr\/blog\/wp-content\/uploads\/2020\/01\/Biathlon-Pokljuka-Ana\u00efs-Bescond-troisi\u00e8me-de-lindividuel-Denise-Herrmann-simpose.png\",\"width\":800,\"height\":445,\"caption\":\"Biathlon - Pokljuka - Ana\u00efs Bescond troisi\u00e8me de l'individuel, Denise Herrmann s'impose\"},{\"@type\":\"BreadcrumbList\",\"@id\":\"https:\/\/dicodusport.fr\/blog\/biathlon-pokljuka-anais-bescond-troisieme-individuel-denise-herrmann-impose\/#breadcrumb\",\"itemListElement\":[{\"@type\":\"ListItem\",\"position\":1,\"name\":\"Accueil\",\"item\":\"https:\/\/dicodusport.fr\/blog\/\"},{\"@type\":\"ListItem\",\"position\":2,\"name\":\"Pokljuka : Ana\u00efs Bescond troisi\u00e8me de l&rsquo;individuel, Denise Herrmann s&rsquo;impose\"}]},{\"@type\":\"WebSite\",\"@id\":\"https:\/\/dicodusport.fr\/blog\/#website\",\"url\":\"https:\/\/dicodusport.fr\/blog\/\",\"name\":\"Dicodusport\",\"description\":\"L&#039;encyclop\u00e9die de l&#039;actualit\u00e9 sportive\",\"publisher\":{\"@id\":\"https:\/\/dicodusport.fr\/blog\/#organization\"},\"potentialAction\":[{\"@type\":\"SearchAction\",\"target\":{\"@type\":\"EntryPoint\",\"urlTemplate\":\"https:\/\/dicodusport.fr\/blog\/?s={search_term_string}\"},\"query-input\":{\"@type\":\"PropertyValueSpecification\",\"valueRequired\":true,\"valueName\":\"search_term_string\"}}],\"inLanguage\":\"fr-FR\"},{\"@type\":\"NewsMediaOrganization\",\"@id\":\"https:\/\/dicodusport.fr\/blog\/#organization\",\"name\":\"Dicodusport\",\"url\":\"https:\/\/dicodusport.fr\/blog\/\",\"logo\":{\"@type\":\"ImageObject\",\"inLanguage\":\"fr-FR\",\"@id\":\"https:\/\/dicodusport.fr\/blog\/#\/schema\/logo\/image\/\",\"url\":\"https:\/\/dicodusport.fr\/blog\/wp-content\/uploads\/2020\/06\/cropped-LOGO-DICODUSPORT-2020-SANS-FOND-SANS-TEXTE.png\",\"contentUrl\":\"https:\/\/dicodusport.fr\/blog\/wp-content\/uploads\/2020\/06\/cropped-LOGO-DICODUSPORT-2020-SANS-FOND-SANS-TEXTE.png\",\"width\":512,\"height\":512,\"caption\":\"Dicodusport\"},\"image\":{\"@id\":\"https:\/\/dicodusport.fr\/blog\/#\/schema\/logo\/image\/\"},\"sameAs\":[\"https:\/\/www.facebook.com\/dicodusport\",\"https:\/\/x.com\/dicodusport\",\"https:\/\/www.instagram.com\/dicodusport\/\",\"https:\/\/www.youtube.com\/channel\/UC7V2KZ5sd3htJivAbA4ZG3w\"],\"description\":\"Dicodusport est l'encyclop\u00e9die de l'actualit\u00e9 sportive.\",\"email\":\"bonjour@dicodusport.fr\",\"legalName\":\"DICODUSPORT\",\"foundingDate\":\"2018-01-14\",\"vatID\":\"FR71834470973\",\"taxID\":\"83447097300043\",\"numberOfEmployees\":{\"@type\":\"QuantitativeValue\",\"minValue\":\"1\",\"maxValue\":\"10\"}},{\"@type\":\"Person\",\"@id\":\"https:\/\/dicodusport.fr\/blog\/#\/schema\/person\/cb02af4c173ce4a653b55e9baf388d4a\",\"name\":\"Flo Ostermann\",\"image\":{\"@type\":\"ImageObject\",\"inLanguage\":\"fr-FR\",\"@id\":\"https:\/\/dicodusport.fr\/blog\/#\/schema\/person\/image\/\",\"url\":\"https:\/\/dicodusport.fr\/blog\/wp-content\/uploads\/2021\/05\/Flo-Ostermann-150x150.jpg\",\"contentUrl\":\"https:\/\/dicodusport.fr\/blog\/wp-content\/uploads\/2021\/05\/Flo-Ostermann-150x150.jpg\",\"caption\":\"Flo Ostermann\"},\"description\":\"Journaliste\/R\u00e9dacteur depuis septembre 2015 - Mes premiers souvenirs dans le sport ? Les envol\u00e9es du Stade Toulousain et les duels Villeneuve-Schumacher et H\u00e4kkinen-Schumacher \u00e0 la fin des ann\u00e9es 90, la Coupe du monde de football en 1998, l\u2019exploit du XV de France face aux All Blacks en 1999, mais aussi Richard C\u0153ur de Lion qui vole sur les montagnes du Tour de France. Bien parti pour devenir professeur d\u2019EPS, les \u00e9v\u00e9nements de la vie (et la flemme d\u2019animer des s\u00e9ances de 3x500 m\u00e8tres toute ma vie) m\u2019ont conduit \u00e0 revoir mes plans. Me voil\u00e0 depuis fin 2017 sur Dicodusport, m\u00e9dia gr\u00e2ce (et pour) lequel je partage ma passion : le sport dans tous ses \u00e9tats. Le tout accompagn\u00e9 par les fous furieux et folles furieuses cit\u00e9s sur cette page !\",\"sameAs\":[\"https:\/\/www.facebook.com\/florent.ostermann\",\"https:\/\/x.com\/https:\/\/twitter.com\/FlOstermann\",\"admin\"],\"url\":\"https:\/\/dicodusport.fr\/blog\/author\/flo\/\"}]}<\/script>\n<!-- \/ Yoast SEO Premium plugin. -->","yoast_head_json":{"title":"Pokljuka : Ana\u00efs Bescond troisi\u00e8me de l'individuel, Denise Herrmann s'impose","description":"L'Allemande Denise Herrmann a remport\u00e9 ce vendredi l'individuel de Pokljuka. La Fran\u00e7aise Ana\u00efs Bescond grimpe quant \u00e0 elle sur la troisi\u00e8me marche du podium.","robots":{"index":"index","follow":"follow","max-snippet":"max-snippet:-1","max-image-preview":"max-image-preview:large","max-video-preview":"max-video-preview:-1"},"canonical":"https:\/\/dicodusport.fr\/blog\/biathlon-pokljuka-anais-bescond-troisieme-individuel-denise-herrmann-impose\/","og_locale":"fr_FR","og_type":"article","og_title":"Pokljuka : Ana\u00efs Bescond troisi\u00e8me de l'individuel, Denise Herrmann s'impose","og_description":"L'Allemande Denise Herrmann a remport\u00e9 ce vendredi l'individuel de Pokljuka. La Fran\u00e7aise Ana\u00efs Bescond grimpe quant \u00e0 elle sur la troisi\u00e8me marche du podium.","og_url":"https:\/\/dicodusport.fr\/blog\/biathlon-pokljuka-anais-bescond-troisieme-individuel-denise-herrmann-impose\/","og_site_name":"Dicodusport","article_publisher":"https:\/\/www.facebook.com\/dicodusport","article_author":"https:\/\/www.facebook.com\/florent.ostermann","article_published_time":"2020-01-24T14:24:13+00:00","article_modified_time":"2020-01-24T15:02:04+00:00","og_image":[{"width":800,"height":445,"url":"https:\/\/dicodusport.fr\/blog\/wp-content\/uploads\/2020\/01\/Biathlon-Pokljuka-Ana\u00efs-Bescond-troisi\u00e8me-de-lindividuel-Denise-Herrmann-simpose.png","type":"image\/png"}],"author":"Flo Ostermann","twitter_card":"summary_large_image","twitter_title":"Pokljuka : Ana\u00efs Bescond troisi\u00e8me de l'individuel, Denise Herrmann s'impose","twitter_creator":"@https:\/\/twitter.com\/FlOstermann","twitter_site":"@dicodusport","schema":{"@context":"https:\/\/schema.org","@graph":[{"@type":"NewsArticle","@id":"https:\/\/dicodusport.fr\/blog\/biathlon-pokljuka-anais-bescond-troisieme-individuel-denise-herrmann-impose\/#article","isPartOf":{"@id":"https:\/\/dicodusport.fr\/blog\/biathlon-pokljuka-anais-bescond-troisieme-individuel-denise-herrmann-impose\/"},"author":{"name":"Flo Ostermann","@id":"https:\/\/dicodusport.fr\/blog\/#\/schema\/person\/cb02af4c173ce4a653b55e9baf388d4a"},"headline":"Pokljuka : Ana\u00efs Bescond troisi\u00e8me de l&rsquo;individuel, Denise Herrmann s&rsquo;impose","datePublished":"2020-01-24T14:24:13+00:00","dateModified":"2020-01-24T15:02:04+00:00","mainEntityOfPage":{"@id":"https:\/\/dicodusport.fr\/blog\/biathlon-pokljuka-anais-bescond-troisieme-individuel-denise-herrmann-impose\/"},"wordCount":306,"commentCount":0,"publisher":{"@id":"https:\/\/dicodusport.fr\/blog\/#organization"},"image":{"@id":"https:\/\/dicodusport.fr\/blog\/biathlon-pokljuka-anais-bescond-troisieme-individuel-denise-herrmann-impose\/#primaryimage"},"thumbnailUrl":"https:\/\/dicodusport.fr\/blog\/wp-content\/uploads\/2020\/01\/Biathlon-Pokljuka-Ana\u00efs-Bescond-troisi\u00e8me-de-lindividuel-Denise-Herrmann-simpose.png","keywords":["Biathlon","Individuel hommes","Pokljuka"],"articleSection":["Biathlon"],"inLanguage":"fr-FR","potentialAction":[{"@type":"CommentAction","name":"Comment","target":["https:\/\/dicodusport.fr\/blog\/biathlon-pokljuka-anais-bescond-troisieme-individuel-denise-herrmann-impose\/#respond"]}],"copyrightYear":"2020","copyrightHolder":{"@id":"https:\/\/dicodusport.fr\/blog\/#organization"}},{"@type":"WebPage","@id":"https:\/\/dicodusport.fr\/blog\/biathlon-pokljuka-anais-bescond-troisieme-individuel-denise-herrmann-impose\/","url":"https:\/\/dicodusport.fr\/blog\/biathlon-pokljuka-anais-bescond-troisieme-individuel-denise-herrmann-impose\/","name":"Pokljuka : Ana\u00efs Bescond troisi\u00e8me de l'individuel, Denise Herrmann s'impose","isPartOf":{"@id":"https:\/\/dicodusport.fr\/blog\/#website"},"primaryImageOfPage":{"@id":"https:\/\/dicodusport.fr\/blog\/biathlon-pokljuka-anais-bescond-troisieme-individuel-denise-herrmann-impose\/#primaryimage"},"image":{"@id":"https:\/\/dicodusport.fr\/blog\/biathlon-pokljuka-anais-bescond-troisieme-individuel-denise-herrmann-impose\/#primaryimage"},"thumbnailUrl":"https:\/\/dicodusport.fr\/blog\/wp-content\/uploads\/2020\/01\/Biathlon-Pokljuka-Ana\u00efs-Bescond-troisi\u00e8me-de-lindividuel-Denise-Herrmann-simpose.png","datePublished":"2020-01-24T14:24:13+00:00","dateModified":"2020-01-24T15:02:04+00:00","description":"L'Allemande Denise Herrmann a remport\u00e9 ce vendredi l'individuel de Pokljuka. La Fran\u00e7aise Ana\u00efs Bescond grimpe quant \u00e0 elle sur la troisi\u00e8me marche du podium.","breadcrumb":{"@id":"https:\/\/dicodusport.fr\/blog\/biathlon-pokljuka-anais-bescond-troisieme-individuel-denise-herrmann-impose\/#breadcrumb"},"inLanguage":"fr-FR","potentialAction":[{"@type":"ReadAction","target":["https:\/\/dicodusport.fr\/blog\/biathlon-pokljuka-anais-bescond-troisieme-individuel-denise-herrmann-impose\/"]}]},{"@type":"ImageObject","inLanguage":"fr-FR","@id":"https:\/\/dicodusport.fr\/blog\/biathlon-pokljuka-anais-bescond-troisieme-individuel-denise-herrmann-impose\/#primaryimage","url":"https:\/\/dicodusport.fr\/blog\/wp-content\/uploads\/2020\/01\/Biathlon-Pokljuka-Ana\u00efs-Bescond-troisi\u00e8me-de-lindividuel-Denise-Herrmann-simpose.png","contentUrl":"https:\/\/dicodusport.fr\/blog\/wp-content\/uploads\/2020\/01\/Biathlon-Pokljuka-Ana\u00efs-Bescond-troisi\u00e8me-de-lindividuel-Denise-Herrmann-simpose.png","width":800,"height":445,"caption":"Biathlon - Pokljuka - Ana\u00efs Bescond troisi\u00e8me de l'individuel, Denise Herrmann s'impose"},{"@type":"BreadcrumbList","@id":"https:\/\/dicodusport.fr\/blog\/biathlon-pokljuka-anais-bescond-troisieme-individuel-denise-herrmann-impose\/#breadcrumb","itemListElement":[{"@type":"ListItem","position":1,"name":"Accueil","item":"https:\/\/dicodusport.fr\/blog\/"},{"@type":"ListItem","position":2,"name":"Pokljuka : Ana\u00efs Bescond troisi\u00e8me de l&rsquo;individuel, Denise Herrmann s&rsquo;impose"}]},{"@type":"WebSite","@id":"https:\/\/dicodusport.fr\/blog\/#website","url":"https:\/\/dicodusport.fr\/blog\/","name":"Dicodusport","description":"L&#039;encyclop\u00e9die de l&#039;actualit\u00e9 sportive","publisher":{"@id":"https:\/\/dicodusport.fr\/blog\/#organization"},"potentialAction":[{"@type":"SearchAction","target":{"@type":"EntryPoint","urlTemplate":"https:\/\/dicodusport.fr\/blog\/?s={search_term_string}"},"query-input":{"@type":"PropertyValueSpecification","valueRequired":true,"valueName":"search_term_string"}}],"inLanguage":"fr-FR"},{"@type":"NewsMediaOrganization","@id":"https:\/\/dicodusport.fr\/blog\/#organization","name":"Dicodusport","url":"https:\/\/dicodusport.fr\/blog\/","logo":{"@type":"ImageObject","inLanguage":"fr-FR","@id":"https:\/\/dicodusport.fr\/blog\/#\/schema\/logo\/image\/","url":"https:\/\/dicodusport.fr\/blog\/wp-content\/uploads\/2020\/06\/cropped-LOGO-DICODUSPORT-2020-SANS-FOND-SANS-TEXTE.png","contentUrl":"https:\/\/dicodusport.fr\/blog\/wp-content\/uploads\/2020\/06\/cropped-LOGO-DICODUSPORT-2020-SANS-FOND-SANS-TEXTE.png","width":512,"height":512,"caption":"Dicodusport"},"image":{"@id":"https:\/\/dicodusport.fr\/blog\/#\/schema\/logo\/image\/"},"sameAs":["https:\/\/www.facebook.com\/dicodusport","https:\/\/x.com\/dicodusport","https:\/\/www.instagram.com\/dicodusport\/","https:\/\/www.youtube.com\/channel\/UC7V2KZ5sd3htJivAbA4ZG3w"],"description":"Dicodusport est l'encyclop\u00e9die de l'actualit\u00e9 sportive.","email":"bonjour@dicodusport.fr","legalName":"DICODUSPORT","foundingDate":"2018-01-14","vatID":"FR71834470973","taxID":"83447097300043","numberOfEmployees":{"@type":"QuantitativeValue","minValue":"1","maxValue":"10"}},{"@type":"Person","@id":"https:\/\/dicodusport.fr\/blog\/#\/schema\/person\/cb02af4c173ce4a653b55e9baf388d4a","name":"Flo Ostermann","image":{"@type":"ImageObject","inLanguage":"fr-FR","@id":"https:\/\/dicodusport.fr\/blog\/#\/schema\/person\/image\/","url":"https:\/\/dicodusport.fr\/blog\/wp-content\/uploads\/2021\/05\/Flo-Ostermann-150x150.jpg","contentUrl":"https:\/\/dicodusport.fr\/blog\/wp-content\/uploads\/2021\/05\/Flo-Ostermann-150x150.jpg","caption":"Flo Ostermann"},"description":"Journaliste\/R\u00e9dacteur depuis septembre 2015 - Mes premiers souvenirs dans le sport ? Les envol\u00e9es du Stade Toulousain et les duels Villeneuve-Schumacher et H\u00e4kkinen-Schumacher \u00e0 la fin des ann\u00e9es 90, la Coupe du monde de football en 1998, l\u2019exploit du XV de France face aux All Blacks en 1999, mais aussi Richard C\u0153ur de Lion qui vole sur les montagnes du Tour de France. Bien parti pour devenir professeur d\u2019EPS, les \u00e9v\u00e9nements de la vie (et la flemme d\u2019animer des s\u00e9ances de 3x500 m\u00e8tres toute ma vie) m\u2019ont conduit \u00e0 revoir mes plans. Me voil\u00e0 depuis fin 2017 sur Dicodusport, m\u00e9dia gr\u00e2ce (et pour) lequel je partage ma passion : le sport dans tous ses \u00e9tats. Le tout accompagn\u00e9 par les fous furieux et folles furieuses cit\u00e9s sur cette page !","sameAs":["https:\/\/www.facebook.com\/florent.ostermann","https:\/\/x.com\/https:\/\/twitter.com\/FlOstermann","admin"],"url":"https:\/\/dicodusport.fr\/blog\/author\/flo\/"}]}},"_links":{"self":[{"href":"https:\/\/dicodusport.fr\/blog\/wp-json\/wp\/v2\/posts\/57836","targetHints":{"allow":["GET"]}}],"collection":[{"href":"https:\/\/dicodusport.fr\/blog\/wp-json\/wp\/v2\/posts"}],"about":[{"href":"https:\/\/dicodusport.fr\/blog\/wp-json\/wp\/v2\/types\/post"}],"author":[{"embeddable":true,"href":"https:\/\/dicodusport.fr\/blog\/wp-json\/wp\/v2\/users\/4"}],"replies":[{"embeddable":true,"href":"https:\/\/dicodusport.fr\/blog\/wp-json\/wp\/v2\/comments?post=57836"}],"version-history":[{"count":0,"href":"https:\/\/dicodusport.fr\/blog\/wp-json\/wp\/v2\/posts\/57836\/revisions"}],"wp:featuredmedia":[{"embeddable":true,"href":"https:\/\/dicodusport.fr\/blog\/wp-json\/wp\/v2\/media\/57841"}],"wp:attachment":[{"href":"https:\/\/dicodusport.fr\/blog\/wp-json\/wp\/v2\/media?parent=57836"}],"wp:term":[{"taxonomy":"category","embeddable":true,"href":"https:\/\/dicodusport.fr\/blog\/wp-json\/wp\/v2\/categories?post=57836"},{"taxonomy":"post_tag","embeddable":true,"href":"https:\/\/dicodusport.fr\/blog\/wp-json\/wp\/v2\/tags?post=57836"}],"curies":[{"name":"wp","href":"https:\/\/api.w.org\/{rel}","templated":true}]}}