{"id":578371,"date":"2025-05-11T19:59:05","date_gmt":"2025-05-11T17:59:05","guid":{"rendered":"https:\/\/dicodusport.fr\/blog\/?p=578371&#038;preview=true&#038;preview_id=578371"},"modified":"2025-05-12T09:13:36","modified_gmt":"2025-05-12T07:13:36","slug":"championnats-deurope-de-karate-2025-les-bleus-terminent-en-beaute-avec-six-medailles","status":"publish","type":"post","link":"https:\/\/dicodusport.fr\/blog\/championnats-deurope-de-karate-2025-les-bleus-terminent-en-beaute-avec-six-medailles\/","title":{"rendered":"Championnats d&rsquo;Europe de Karat\u00e9 2025 : Les Bleus terminent en beaut\u00e9 avec six m\u00e9dailles"},"content":{"rendered":"<h4 style=\"text-align: justify;\"><em>CHAMPIONNATS D&rsquo;EUROPE DE KARAT\u00c9 2025 \u2013 Le dernier jour de comp\u00e9tition \u00e0 Erevan (Arm\u00e9ni\u00e9) s&rsquo;est r\u00e9v\u00e9l\u00e9 glorieux pour le clan tricolore avec six m\u00e9dailles, dont de l&rsquo;or pour Nohan Dudon.<\/em><\/h4>\n<ul style=\"text-align: justify;\">\n<li><strong>\u00c0 lire aussi &#8211; <a href=\"https:\/\/dicodusport.fr\/blog\/palmares-complet-championnats-deurope-de-karate-et-para-karate-2025\/\">Palmar\u00e8s complet Championnats d\u2019Europe de karat\u00e9 et para karat\u00e9 2025<\/a><\/strong><\/li>\n<\/ul>\n<p style=\"text-align: justify;\">Pour boucler les <strong>championnats d&rsquo;Europe de karat\u00e9<\/strong> ce dimanche, une pluie de m\u00e9dailles \u00e9tait esp\u00e9r\u00e9e pour l&rsquo;<strong>\u00e9quipe de France<\/strong>. Le moins que l&rsquo;on puisse dire, c&rsquo;est que les karat\u00e9kas tricolores en lice ont fait le boulot puisque les six possibles m\u00e9dailles du jour ont toutes \u00e9t\u00e9 transform\u00e9es !<\/p>\n<h2 style=\"text-align: justify;\">Nohan Dudon conserve son titre, Schoegel et le kumit\u00e9 f\u00e9minin en argent<\/h2>\n<p style=\"text-align: justify;\">\u00c9videmment, une mention sp\u00e9ciale revient \u00e0 <strong>Nohan Dudon<\/strong>, qui a \u00e9t\u00e9 le seul \u00e0 accrocher un titre ce dimanche. \u00c0 seulement 23 ans, ce dernier a ainsi continu\u00e9 de garnir un palmar\u00e8s bien rempli. Qualifi\u00e9 pour la finale du kata cat\u00e9gorie d\u00e9ficience visuelle, le Tricolore a pris le dessus sur le Roumain<strong> Alexe Dorin<\/strong> en d\u00e9livrant une prestation impeccable (42.6 contre 40.1). Ainsi, apr\u00e8s les deux m\u00e9dailles de bronze en 2022 et 2023, et le titre de 2024, il devient double champion d&rsquo;Europe. Et la moisson est sans doute loin d&rsquo;\u00eatre termin\u00e9e !<\/p>\n<ul>\n<li><strong>\u00c0 ce sujet &#8211; <a href=\"https:\/\/dicodusport.fr\/blog\/actualites\/sports-de-combat\/karate\/\">Toute l&rsquo;actualit\u00e9 du karat\u00e9<\/a><\/strong><\/li>\n<\/ul>\n<p style=\"text-align: justify;\">En revanche, <strong>Alexandre Schoegel<\/strong> n&rsquo;a pas connu le m\u00eame bonheur en kata fauteuil. Sorti en t\u00eate de sa phase de poules, il a \u00e9t\u00e9 nettement battu ce dimanche par le Turc Berkay Uslu (43.4 contre 41.2). Malgr\u00e9 tout, son tournoi est r\u00e9ussi puisqu&rsquo;en s&#8217;emparant de l&rsquo;argent, il s&#8217;empare de sa premi\u00e8re m\u00e9daille continentale. \u00c9galement en finale pour l&rsquo;or, l&rsquo;<strong>\u00e9quipe f\u00e9minine de kumit\u00e9<\/strong> s&rsquo;est de son c\u00f4t\u00e9 cass\u00e9e les dents face \u00e0 la solide Allemagne. Toutes deux invaincues lors des tours pr\u00e9c\u00e9dents, <strong>Thalya Somb\u00e9 <\/strong>et <strong>Sydney Yvon<\/strong> n&rsquo;ont cette fois rien pu faire. Avec <strong>Cl\u00e9mence P\u00e9a<\/strong>, qui aura disput\u00e9 un combat en quarts, <strong>Jenna Touvrey <\/strong>et <strong>Natana\u00eble Flamand<\/strong>, le collectif tricolore a toutefois confirm\u00e9 ses progr\u00e8s, et d\u00e9croche de l&rsquo;argent pour la premi\u00e8re fois depuis 2011.<\/p>\n<blockquote class=\"twitter-tweet\">\n<p dir=\"ltr\" lang=\"fr\">NOHAN DUDON DOUBLE CHAMPION D&rsquo;EUROPE \ud83e\udd47\ud83e\udd47 <a href=\"https:\/\/t.co\/hpiVJNsLbd\">pic.twitter.com\/hpiVJNsLbd<\/a><\/p>\n<p>\u2014 FFKarat\u00e9 (@ffkarate) <a href=\"https:\/\/twitter.com\/ffkarate\/status\/1921503677807817200?ref_src=twsrc%5Etfw\">May 11, 2025<\/a><\/p><\/blockquote>\n<p><script async src=\"https:\/\/platform.twitter.com\/widgets.js\" charset=\"utf-8\"><\/script><\/p>\n<h2 style=\"text-align: justify;\">Les \u00e9quipes de kata et le kumit\u00e9 masculin assurent du bronze<\/h2>\n<p style=\"text-align: justify;\">Ces trois finales pour l&rsquo;or avaient \u00e9t\u00e9 pr\u00e9c\u00e9d\u00e9es plus t\u00f4t de trois finales pour le bronze. Trois finales qui ont donc toutes \u00e9t\u00e9 remport\u00e9es haut la main par les diff\u00e9rents collectifs impliqu\u00e9s. Le <strong>kata masculin<\/strong> compos\u00e9 de <strong>Lucas Hoffmann<\/strong>, <strong>Tom Peltier<\/strong>,<strong> Mahel Stassiaux<\/strong> et<strong> Ga\u00ebtan Couti\u00e8re<\/strong> a ainsi pris le dessus sur le Mont\u00e9n\u00e9gro pour mettre un terme \u00e0 huit ans de disette continentale. Pour le <strong>kata f\u00e9minin<\/strong> men\u00e9 par <strong>Ma\u00ef-Linh Bui<\/strong>, <strong>Marie Bui<\/strong> et <strong>L\u00e9a Severan<\/strong>, il s&rsquo;agissait en revanche de faire aussi bien qu&rsquo;en 2024, o\u00f9 elles avaient d\u00e9j\u00e0 accroch\u00e9 la 3\u00e8me place. Une mission aboutie malgr\u00e9 la d\u00e9ception de l&rsquo;\u00e9chec v\u00e9cu en demi-finale face \u00e0 l&rsquo;Espagne. Le trio tricolore s&rsquo;est ensuite remobilis\u00e9 pour surpasser l\u00e0 encore le Mont\u00e9n\u00e9gro.<\/p>\n<p style=\"text-align: justify;\">Enfin, le <strong>kumit\u00e9 masculin<\/strong> a boucl\u00e9 cette razzia de bronze en ne faisant qu&rsquo;une bouch\u00e9e de la Bosnie-Herz\u00e9govine. Si <strong>Younesse Salmi<\/strong> s&rsquo;en est sorti au forceps par <em>senshu<\/em> en ouverture, <strong>Issa Lardjoum<\/strong> s&rsquo;est montr\u00e9 impassible (1-0), avant que <strong>Mehdi Filali<\/strong> ne scelle sur les chapeaux de roues la m\u00e9daille de bronze tricolore en remportant largement son combat (7-1).<\/p>\n<blockquote class=\"twitter-tweet\">\n<p dir=\"ltr\" lang=\"fr\">L&rsquo;\u00c9QUIPE COMBAT HOMMES EN BRONZE \ud83e\udd49 <a href=\"https:\/\/t.co\/virIPIcse2\">pic.twitter.com\/virIPIcse2<\/a><\/p>\n<p>\u2014 FFKarat\u00e9 (@ffkarate) <a href=\"https:\/\/twitter.com\/ffkarate\/status\/1921482350430466395?ref_src=twsrc%5Etfw\">May 11, 2025<\/a><\/p><\/blockquote>\n<p><script async src=\"https:\/\/platform.twitter.com\/widgets.js\" charset=\"utf-8\"><\/script><\/p>\n<p style=\"text-align: justify;\">Gr\u00e2ce aux six m\u00e9dailles obtenues ce dimanche, l&rsquo;\u00e9quipe de France quitte Erevan avec <strong>dix m\u00e9dailles au compteur<\/strong>, dont deux titres pour Mehdi Filali et Nohan Dudon. Au-del\u00e0 des r\u00e9sultats individuels corrects, les r\u00e9sultats collectifs ont \u00e9t\u00e9 exceptionnels avec quatre m\u00e9dailles pour les quatre \u00e9quipes.<\/p>\n<h3 style=\"text-align: justify;\">Le palmar\u00e8s des Bleus aux championnats d&rsquo;Europe 2025 d&rsquo;Erevan<\/h3>\n<p style=\"text-align: justify;\"><strong>Or (2) :<\/strong> Mehdi FILALI (Kumit\u00e9 +84kg) \/ Nohan DUDON (kata d\u00e9ficience visuelle)<\/p>\n<p style=\"text-align: justify;\"><strong>Argent (3) :<\/strong> Helv\u00e9tia TAILY (Kata) \/ Alexandre SCHOEGEL (kata fauteuil) \/ \u00e9quipe kumit\u00e9 femmes (Nathana\u00eble FLAMAND, Cl\u00e9mence P\u00c9A, Thalya SOMB\u00c9, Jenna TOUVREY, Sydney YVON)<\/p>\n<p style=\"text-align: justify;\"><strong>Bronze (5) :<\/strong> Virginie BOYER (Kata fauteuil) \/ Jordan FONTENEY (kata d\u00e9ficience intellectuelle) \/ \u00e9quipe kumit\u00e9 hommes (Enzo BERTHON, Killian CIZO, Ilies ELGUIR, Mehdi FILALI, Ryan GARY, Issa LARDJOUM), Than-LI\u00caM L\u00ca, Younesse SALMI) \/ \u00e9quipe kata femmes (Marie BUI, Ma\u00ef-Linh BUI, L\u00e9a SEVERAN), \u00e9quipe kata hommes (Lucas HOFFMANN, Tom PELTIER, Mahel STASSIAUX, Ga\u00ebtan COUTIERE)<\/p>\n<ul>\n<li><strong>\u00c0 ce sujet &#8211; <a href=\"https:\/\/dicodusport.fr\/blog\/championnats-deurope-de-karate-2025-helvetia-taily-sempare-de-largent-en-kata\/\">Championnats d\u2019Europe de Karat\u00e9 2025 : Helv\u00e9tia Taily s\u2019empare de l\u2019argent en kata<\/a><\/strong><\/li>\n<li><strong>\u00c0 lire aussi &#8211; <a href=\"https:\/\/dicodusport.fr\/blog\/championnats-deurope-de-karate-2025-mehdi-filali-remporte-son-deuxieme-titre-europeen\/\">Championnats d\u2019Europe de Karat\u00e9 2025 : Mehdi Filali remporte son deuxi\u00e8me titre europ\u00e9en<\/a><\/strong><\/li>\n<li><strong>\u00c0 ce propos &#8211; <a href=\"https:\/\/dicodusport.fr\/blog\/championnats-deurope-de-karate-2025-virginie-boyer-et-jordan-fonteney-ouvrent-le-compteur-tricolore\/\">Championnats d\u2019Europe de Karat\u00e9 2025 : Virginie Boyer et Jordan Fonteney ouvrent le compteur tricolore<\/a><\/strong><\/li>\n<\/ul>\n","protected":false},"excerpt":{"rendered":"<p>CHAMPIONNATS D&rsquo;EUROPE DE KARAT\u00c9 2025 \u2013 Le dernier jour de comp\u00e9tition \u00e0 Erevan (Arm\u00e9ni\u00e9) s&rsquo;est r\u00e9v\u00e9l\u00e9 glorieux pour le clan tricolore avec six m\u00e9dailles, dont de l&rsquo;or pour Nohan Dudon.<\/p>\n","protected":false},"author":55,"featured_media":578382,"comment_status":"open","ping_status":"closed","sticky":false,"template":"","format":"standard","meta":{"_acf_changed":false,"_daextam_enable_autolinks":"1","footnotes":""},"categories":[9969],"tags":[16878,537,30605,23755],"class_list":["post-578371","post","type-post","status-publish","format-standard","has-post-thumbnail","hentry","category-karate","tag-breve","tag-karate","tag-mehdi-filali","tag-para-karate"],"acf":[],"yoast_head":"<!-- This site is optimized with the Yoast SEO Premium plugin v26.7 (Yoast SEO v26.7) - https:\/\/yoast.com\/wordpress\/plugins\/seo\/ -->\n<title>Championnats d&#039;Europe de Karat\u00e9 2025 : Les Bleus terminent en beaut\u00e9 avec six m\u00e9dailles<\/title>\n<meta name=\"description\" content=\"CHAMPIONNATS D&#039;EUROPE DE KARAT\u00c9 2025 \u2013 Le dernier jour de comp\u00e9tition \u00e0 Erevan (Arm\u00e9ni\u00e9) a \u00e9t\u00e9 faste pour le clan tricolore avec 6 m\u00e9dailles.\" \/>\n<meta name=\"robots\" content=\"index, follow, max-snippet:-1, max-image-preview:large, max-video-preview:-1\" \/>\n<link rel=\"canonical\" href=\"https:\/\/dicodusport.fr\/blog\/championnats-deurope-de-karate-2025-les-bleus-terminent-en-beaute-avec-six-medailles\/\" \/>\n<meta property=\"og:locale\" content=\"fr_FR\" \/>\n<meta property=\"og:type\" content=\"article\" \/>\n<meta property=\"og:title\" content=\"Championnats d&#039;Europe de Karat\u00e9 2025 : Les Bleus terminent en beaut\u00e9 avec six m\u00e9dailles\" \/>\n<meta property=\"og:description\" content=\"CHAMPIONNATS D&#039;EUROPE DE KARAT\u00c9 2025 \u2013 Le dernier jour de comp\u00e9tition \u00e0 Erevan (Arm\u00e9ni\u00e9) a \u00e9t\u00e9 faste pour le clan tricolore avec 6 m\u00e9dailles.\" \/>\n<meta property=\"og:url\" content=\"https:\/\/dicodusport.fr\/blog\/championnats-deurope-de-karate-2025-les-bleus-terminent-en-beaute-avec-six-medailles\/\" \/>\n<meta property=\"og:site_name\" content=\"Dicodusport\" \/>\n<meta property=\"article:publisher\" content=\"https:\/\/www.facebook.com\/dicodusport\" \/>\n<meta property=\"article:published_time\" content=\"2025-05-11T17:59:05+00:00\" \/>\n<meta property=\"article:modified_time\" content=\"2025-05-12T07:13:36+00:00\" \/>\n<meta property=\"og:image\" content=\"https:\/\/dicodusport.fr\/blog\/wp-content\/uploads\/2025\/05\/Championnats-dEurope-de-Karate-2025-Les-Bleus-terminent-en-beaute-avec-six-medailles.png\" \/>\n\t<meta property=\"og:image:width\" content=\"1200\" \/>\n\t<meta property=\"og:image:height\" content=\"674\" \/>\n\t<meta property=\"og:image:type\" content=\"image\/png\" \/>\n<meta name=\"author\" content=\"Maxime Cazenave\" \/>\n<meta name=\"twitter:card\" content=\"summary_large_image\" \/>\n<meta name=\"twitter:title\" content=\"Championnats d&#039;Europe de Karat\u00e9 2025 : Les Bleus terminent en beaut\u00e9 avec six m\u00e9dailles\" \/>\n<meta name=\"twitter:creator\" content=\"@https:\/\/twitter.com\/Maxime_Caze\" \/>\n<meta name=\"twitter:site\" content=\"@dicodusport\" \/>\n<script type=\"application\/ld+json\" class=\"yoast-schema-graph\">{\"@context\":\"https:\/\/schema.org\",\"@graph\":[{\"@type\":\"NewsArticle\",\"@id\":\"https:\/\/dicodusport.fr\/blog\/championnats-deurope-de-karate-2025-les-bleus-terminent-en-beaute-avec-six-medailles\/#article\",\"isPartOf\":{\"@id\":\"https:\/\/dicodusport.fr\/blog\/championnats-deurope-de-karate-2025-les-bleus-terminent-en-beaute-avec-six-medailles\/\"},\"author\":{\"name\":\"Maxime Cazenave\",\"@id\":\"https:\/\/dicodusport.fr\/blog\/#\/schema\/person\/37def232098a7a5cbab3974a3690abb0\"},\"headline\":\"Championnats d&rsquo;Europe de Karat\u00e9 2025 : Les Bleus terminent en beaut\u00e9 avec six m\u00e9dailles\",\"datePublished\":\"2025-05-11T17:59:05+00:00\",\"dateModified\":\"2025-05-12T07:13:36+00:00\",\"mainEntityOfPage\":{\"@id\":\"https:\/\/dicodusport.fr\/blog\/championnats-deurope-de-karate-2025-les-bleus-terminent-en-beaute-avec-six-medailles\/\"},\"wordCount\":829,\"commentCount\":0,\"publisher\":{\"@id\":\"https:\/\/dicodusport.fr\/blog\/#organization\"},\"image\":{\"@id\":\"https:\/\/dicodusport.fr\/blog\/championnats-deurope-de-karate-2025-les-bleus-terminent-en-beaute-avec-six-medailles\/#primaryimage\"},\"thumbnailUrl\":\"https:\/\/dicodusport.fr\/blog\/wp-content\/uploads\/2025\/05\/Championnats-dEurope-de-Karate-2025-Les-Bleus-terminent-en-beaute-avec-six-medailles.png\",\"keywords\":[\"br\u00e8ve\",\"Karat\u00e9\",\"Mehdi Filali\",\"Para karat\u00e9\"],\"articleSection\":[\"Karat\u00e9\"],\"inLanguage\":\"fr-FR\",\"potentialAction\":[{\"@type\":\"CommentAction\",\"name\":\"Comment\",\"target\":[\"https:\/\/dicodusport.fr\/blog\/championnats-deurope-de-karate-2025-les-bleus-terminent-en-beaute-avec-six-medailles\/#respond\"]}],\"copyrightYear\":\"2025\",\"copyrightHolder\":{\"@id\":\"https:\/\/dicodusport.fr\/blog\/#organization\"}},{\"@type\":\"WebPage\",\"@id\":\"https:\/\/dicodusport.fr\/blog\/championnats-deurope-de-karate-2025-les-bleus-terminent-en-beaute-avec-six-medailles\/\",\"url\":\"https:\/\/dicodusport.fr\/blog\/championnats-deurope-de-karate-2025-les-bleus-terminent-en-beaute-avec-six-medailles\/\",\"name\":\"Championnats d'Europe de Karat\u00e9 2025 : Les Bleus terminent en beaut\u00e9 avec six m\u00e9dailles\",\"isPartOf\":{\"@id\":\"https:\/\/dicodusport.fr\/blog\/#website\"},\"primaryImageOfPage\":{\"@id\":\"https:\/\/dicodusport.fr\/blog\/championnats-deurope-de-karate-2025-les-bleus-terminent-en-beaute-avec-six-medailles\/#primaryimage\"},\"image\":{\"@id\":\"https:\/\/dicodusport.fr\/blog\/championnats-deurope-de-karate-2025-les-bleus-terminent-en-beaute-avec-six-medailles\/#primaryimage\"},\"thumbnailUrl\":\"https:\/\/dicodusport.fr\/blog\/wp-content\/uploads\/2025\/05\/Championnats-dEurope-de-Karate-2025-Les-Bleus-terminent-en-beaute-avec-six-medailles.png\",\"datePublished\":\"2025-05-11T17:59:05+00:00\",\"dateModified\":\"2025-05-12T07:13:36+00:00\",\"description\":\"CHAMPIONNATS D'EUROPE DE KARAT\u00c9 2025 \u2013 Le dernier jour de comp\u00e9tition \u00e0 Erevan (Arm\u00e9ni\u00e9) a \u00e9t\u00e9 faste pour le clan tricolore avec 6 m\u00e9dailles.\",\"breadcrumb\":{\"@id\":\"https:\/\/dicodusport.fr\/blog\/championnats-deurope-de-karate-2025-les-bleus-terminent-en-beaute-avec-six-medailles\/#breadcrumb\"},\"inLanguage\":\"fr-FR\",\"potentialAction\":[{\"@type\":\"ReadAction\",\"target\":[\"https:\/\/dicodusport.fr\/blog\/championnats-deurope-de-karate-2025-les-bleus-terminent-en-beaute-avec-six-medailles\/\"]}]},{\"@type\":\"ImageObject\",\"inLanguage\":\"fr-FR\",\"@id\":\"https:\/\/dicodusport.fr\/blog\/championnats-deurope-de-karate-2025-les-bleus-terminent-en-beaute-avec-six-medailles\/#primaryimage\",\"url\":\"https:\/\/dicodusport.fr\/blog\/wp-content\/uploads\/2025\/05\/Championnats-dEurope-de-Karate-2025-Les-Bleus-terminent-en-beaute-avec-six-medailles.png\",\"contentUrl\":\"https:\/\/dicodusport.fr\/blog\/wp-content\/uploads\/2025\/05\/Championnats-dEurope-de-Karate-2025-Les-Bleus-terminent-en-beaute-avec-six-medailles.png\",\"width\":1200,\"height\":674,\"caption\":\"Championnats d'Europe de Karat\u00e9 2025 : Les Bleus terminent en beaut\u00e9 avec six m\u00e9dailles\"},{\"@type\":\"BreadcrumbList\",\"@id\":\"https:\/\/dicodusport.fr\/blog\/championnats-deurope-de-karate-2025-les-bleus-terminent-en-beaute-avec-six-medailles\/#breadcrumb\",\"itemListElement\":[{\"@type\":\"ListItem\",\"position\":1,\"name\":\"Accueil\",\"item\":\"https:\/\/dicodusport.fr\/blog\/\"},{\"@type\":\"ListItem\",\"position\":2,\"name\":\"Championnats d&rsquo;Europe de Karat\u00e9 2025 : Les Bleus terminent en beaut\u00e9 avec six m\u00e9dailles\"}]},{\"@type\":\"WebSite\",\"@id\":\"https:\/\/dicodusport.fr\/blog\/#website\",\"url\":\"https:\/\/dicodusport.fr\/blog\/\",\"name\":\"Dicodusport\",\"description\":\"L&#039;encyclop\u00e9die de l&#039;actualit\u00e9 sportive\",\"publisher\":{\"@id\":\"https:\/\/dicodusport.fr\/blog\/#organization\"},\"potentialAction\":[{\"@type\":\"SearchAction\",\"target\":{\"@type\":\"EntryPoint\",\"urlTemplate\":\"https:\/\/dicodusport.fr\/blog\/?s={search_term_string}\"},\"query-input\":{\"@type\":\"PropertyValueSpecification\",\"valueRequired\":true,\"valueName\":\"search_term_string\"}}],\"inLanguage\":\"fr-FR\"},{\"@type\":\"NewsMediaOrganization\",\"@id\":\"https:\/\/dicodusport.fr\/blog\/#organization\",\"name\":\"Dicodusport\",\"url\":\"https:\/\/dicodusport.fr\/blog\/\",\"logo\":{\"@type\":\"ImageObject\",\"inLanguage\":\"fr-FR\",\"@id\":\"https:\/\/dicodusport.fr\/blog\/#\/schema\/logo\/image\/\",\"url\":\"https:\/\/dicodusport.fr\/blog\/wp-content\/uploads\/2020\/06\/cropped-LOGO-DICODUSPORT-2020-SANS-FOND-SANS-TEXTE.png\",\"contentUrl\":\"https:\/\/dicodusport.fr\/blog\/wp-content\/uploads\/2020\/06\/cropped-LOGO-DICODUSPORT-2020-SANS-FOND-SANS-TEXTE.png\",\"width\":512,\"height\":512,\"caption\":\"Dicodusport\"},\"image\":{\"@id\":\"https:\/\/dicodusport.fr\/blog\/#\/schema\/logo\/image\/\"},\"sameAs\":[\"https:\/\/www.facebook.com\/dicodusport\",\"https:\/\/x.com\/dicodusport\",\"https:\/\/www.instagram.com\/dicodusport\/\",\"https:\/\/www.youtube.com\/channel\/UC7V2KZ5sd3htJivAbA4ZG3w\"],\"description\":\"Dicodusport est l'encyclop\u00e9die de l'actualit\u00e9 sportive.\",\"email\":\"bonjour@dicodusport.fr\",\"legalName\":\"DICODUSPORT\",\"foundingDate\":\"2018-01-14\",\"vatID\":\"FR71834470973\",\"taxID\":\"83447097300043\",\"numberOfEmployees\":{\"@type\":\"QuantitativeValue\",\"minValue\":\"1\",\"maxValue\":\"10\"}},{\"@type\":\"Person\",\"@id\":\"https:\/\/dicodusport.fr\/blog\/#\/schema\/person\/37def232098a7a5cbab3974a3690abb0\",\"name\":\"Maxime Cazenave\",\"image\":{\"@type\":\"ImageObject\",\"inLanguage\":\"fr-FR\",\"@id\":\"https:\/\/dicodusport.fr\/blog\/#\/schema\/person\/image\/\",\"url\":\"https:\/\/dicodusport.fr\/blog\/wp-content\/uploads\/2021\/05\/Maxime-Cazenave-150x150.jpg\",\"contentUrl\":\"https:\/\/dicodusport.fr\/blog\/wp-content\/uploads\/2021\/05\/Maxime-Cazenave-150x150.jpg\",\"caption\":\"Maxime Cazenave\"},\"description\":\"Journaliste\/R\u00e9dacteur depuis 2012 - Berc\u00e9 par l\u2019amour des Girondins de Bordeaux, les \u00e9checs de Christophe Moreau sur le Tour de France sous l'\u00e8re Lance Armstrong et le fade-away l\u00e9tal de Dirk Nowitzki, ma passion d\u00e9vorante pour le sport a toujours \u00e9t\u00e9 un pan incontournable de ma vie. Transmettre ma passion \u00e0 l\u2019\u00e9crit a \u00e9t\u00e9 une transition naturelle. Suiveur assidu de basket et de hockey sur glace, je garde toujours un peu de place pour suivre le cyclisme, le football et le maximum de performances fran\u00e7aises.\",\"sameAs\":[\"https:\/\/x.com\/https:\/\/twitter.com\/Maxime_Caze\"],\"url\":\"https:\/\/dicodusport.fr\/blog\/author\/maximec\/\"}]}<\/script>\n<!-- \/ Yoast SEO Premium plugin. -->","yoast_head_json":{"title":"Championnats d'Europe de Karat\u00e9 2025 : Les Bleus terminent en beaut\u00e9 avec six m\u00e9dailles","description":"CHAMPIONNATS D'EUROPE DE KARAT\u00c9 2025 \u2013 Le dernier jour de comp\u00e9tition \u00e0 Erevan (Arm\u00e9ni\u00e9) a \u00e9t\u00e9 faste pour le clan tricolore avec 6 m\u00e9dailles.","robots":{"index":"index","follow":"follow","max-snippet":"max-snippet:-1","max-image-preview":"max-image-preview:large","max-video-preview":"max-video-preview:-1"},"canonical":"https:\/\/dicodusport.fr\/blog\/championnats-deurope-de-karate-2025-les-bleus-terminent-en-beaute-avec-six-medailles\/","og_locale":"fr_FR","og_type":"article","og_title":"Championnats d'Europe de Karat\u00e9 2025 : Les Bleus terminent en beaut\u00e9 avec six m\u00e9dailles","og_description":"CHAMPIONNATS D'EUROPE DE KARAT\u00c9 2025 \u2013 Le dernier jour de comp\u00e9tition \u00e0 Erevan (Arm\u00e9ni\u00e9) a \u00e9t\u00e9 faste pour le clan tricolore avec 6 m\u00e9dailles.","og_url":"https:\/\/dicodusport.fr\/blog\/championnats-deurope-de-karate-2025-les-bleus-terminent-en-beaute-avec-six-medailles\/","og_site_name":"Dicodusport","article_publisher":"https:\/\/www.facebook.com\/dicodusport","article_published_time":"2025-05-11T17:59:05+00:00","article_modified_time":"2025-05-12T07:13:36+00:00","og_image":[{"width":1200,"height":674,"url":"https:\/\/dicodusport.fr\/blog\/wp-content\/uploads\/2025\/05\/Championnats-dEurope-de-Karate-2025-Les-Bleus-terminent-en-beaute-avec-six-medailles.png","type":"image\/png"}],"author":"Maxime Cazenave","twitter_card":"summary_large_image","twitter_title":"Championnats d'Europe de Karat\u00e9 2025 : Les Bleus terminent en beaut\u00e9 avec six m\u00e9dailles","twitter_creator":"@https:\/\/twitter.com\/Maxime_Caze","twitter_site":"@dicodusport","schema":{"@context":"https:\/\/schema.org","@graph":[{"@type":"NewsArticle","@id":"https:\/\/dicodusport.fr\/blog\/championnats-deurope-de-karate-2025-les-bleus-terminent-en-beaute-avec-six-medailles\/#article","isPartOf":{"@id":"https:\/\/dicodusport.fr\/blog\/championnats-deurope-de-karate-2025-les-bleus-terminent-en-beaute-avec-six-medailles\/"},"author":{"name":"Maxime Cazenave","@id":"https:\/\/dicodusport.fr\/blog\/#\/schema\/person\/37def232098a7a5cbab3974a3690abb0"},"headline":"Championnats d&rsquo;Europe de Karat\u00e9 2025 : Les Bleus terminent en beaut\u00e9 avec six m\u00e9dailles","datePublished":"2025-05-11T17:59:05+00:00","dateModified":"2025-05-12T07:13:36+00:00","mainEntityOfPage":{"@id":"https:\/\/dicodusport.fr\/blog\/championnats-deurope-de-karate-2025-les-bleus-terminent-en-beaute-avec-six-medailles\/"},"wordCount":829,"commentCount":0,"publisher":{"@id":"https:\/\/dicodusport.fr\/blog\/#organization"},"image":{"@id":"https:\/\/dicodusport.fr\/blog\/championnats-deurope-de-karate-2025-les-bleus-terminent-en-beaute-avec-six-medailles\/#primaryimage"},"thumbnailUrl":"https:\/\/dicodusport.fr\/blog\/wp-content\/uploads\/2025\/05\/Championnats-dEurope-de-Karate-2025-Les-Bleus-terminent-en-beaute-avec-six-medailles.png","keywords":["br\u00e8ve","Karat\u00e9","Mehdi Filali","Para karat\u00e9"],"articleSection":["Karat\u00e9"],"inLanguage":"fr-FR","potentialAction":[{"@type":"CommentAction","name":"Comment","target":["https:\/\/dicodusport.fr\/blog\/championnats-deurope-de-karate-2025-les-bleus-terminent-en-beaute-avec-six-medailles\/#respond"]}],"copyrightYear":"2025","copyrightHolder":{"@id":"https:\/\/dicodusport.fr\/blog\/#organization"}},{"@type":"WebPage","@id":"https:\/\/dicodusport.fr\/blog\/championnats-deurope-de-karate-2025-les-bleus-terminent-en-beaute-avec-six-medailles\/","url":"https:\/\/dicodusport.fr\/blog\/championnats-deurope-de-karate-2025-les-bleus-terminent-en-beaute-avec-six-medailles\/","name":"Championnats d'Europe de Karat\u00e9 2025 : Les Bleus terminent en beaut\u00e9 avec six m\u00e9dailles","isPartOf":{"@id":"https:\/\/dicodusport.fr\/blog\/#website"},"primaryImageOfPage":{"@id":"https:\/\/dicodusport.fr\/blog\/championnats-deurope-de-karate-2025-les-bleus-terminent-en-beaute-avec-six-medailles\/#primaryimage"},"image":{"@id":"https:\/\/dicodusport.fr\/blog\/championnats-deurope-de-karate-2025-les-bleus-terminent-en-beaute-avec-six-medailles\/#primaryimage"},"thumbnailUrl":"https:\/\/dicodusport.fr\/blog\/wp-content\/uploads\/2025\/05\/Championnats-dEurope-de-Karate-2025-Les-Bleus-terminent-en-beaute-avec-six-medailles.png","datePublished":"2025-05-11T17:59:05+00:00","dateModified":"2025-05-12T07:13:36+00:00","description":"CHAMPIONNATS D'EUROPE DE KARAT\u00c9 2025 \u2013 Le dernier jour de comp\u00e9tition \u00e0 Erevan (Arm\u00e9ni\u00e9) a \u00e9t\u00e9 faste pour le clan tricolore avec 6 m\u00e9dailles.","breadcrumb":{"@id":"https:\/\/dicodusport.fr\/blog\/championnats-deurope-de-karate-2025-les-bleus-terminent-en-beaute-avec-six-medailles\/#breadcrumb"},"inLanguage":"fr-FR","potentialAction":[{"@type":"ReadAction","target":["https:\/\/dicodusport.fr\/blog\/championnats-deurope-de-karate-2025-les-bleus-terminent-en-beaute-avec-six-medailles\/"]}]},{"@type":"ImageObject","inLanguage":"fr-FR","@id":"https:\/\/dicodusport.fr\/blog\/championnats-deurope-de-karate-2025-les-bleus-terminent-en-beaute-avec-six-medailles\/#primaryimage","url":"https:\/\/dicodusport.fr\/blog\/wp-content\/uploads\/2025\/05\/Championnats-dEurope-de-Karate-2025-Les-Bleus-terminent-en-beaute-avec-six-medailles.png","contentUrl":"https:\/\/dicodusport.fr\/blog\/wp-content\/uploads\/2025\/05\/Championnats-dEurope-de-Karate-2025-Les-Bleus-terminent-en-beaute-avec-six-medailles.png","width":1200,"height":674,"caption":"Championnats d'Europe de Karat\u00e9 2025 : Les Bleus terminent en beaut\u00e9 avec six m\u00e9dailles"},{"@type":"BreadcrumbList","@id":"https:\/\/dicodusport.fr\/blog\/championnats-deurope-de-karate-2025-les-bleus-terminent-en-beaute-avec-six-medailles\/#breadcrumb","itemListElement":[{"@type":"ListItem","position":1,"name":"Accueil","item":"https:\/\/dicodusport.fr\/blog\/"},{"@type":"ListItem","position":2,"name":"Championnats d&rsquo;Europe de Karat\u00e9 2025 : Les Bleus terminent en beaut\u00e9 avec six m\u00e9dailles"}]},{"@type":"WebSite","@id":"https:\/\/dicodusport.fr\/blog\/#website","url":"https:\/\/dicodusport.fr\/blog\/","name":"Dicodusport","description":"L&#039;encyclop\u00e9die de l&#039;actualit\u00e9 sportive","publisher":{"@id":"https:\/\/dicodusport.fr\/blog\/#organization"},"potentialAction":[{"@type":"SearchAction","target":{"@type":"EntryPoint","urlTemplate":"https:\/\/dicodusport.fr\/blog\/?s={search_term_string}"},"query-input":{"@type":"PropertyValueSpecification","valueRequired":true,"valueName":"search_term_string"}}],"inLanguage":"fr-FR"},{"@type":"NewsMediaOrganization","@id":"https:\/\/dicodusport.fr\/blog\/#organization","name":"Dicodusport","url":"https:\/\/dicodusport.fr\/blog\/","logo":{"@type":"ImageObject","inLanguage":"fr-FR","@id":"https:\/\/dicodusport.fr\/blog\/#\/schema\/logo\/image\/","url":"https:\/\/dicodusport.fr\/blog\/wp-content\/uploads\/2020\/06\/cropped-LOGO-DICODUSPORT-2020-SANS-FOND-SANS-TEXTE.png","contentUrl":"https:\/\/dicodusport.fr\/blog\/wp-content\/uploads\/2020\/06\/cropped-LOGO-DICODUSPORT-2020-SANS-FOND-SANS-TEXTE.png","width":512,"height":512,"caption":"Dicodusport"},"image":{"@id":"https:\/\/dicodusport.fr\/blog\/#\/schema\/logo\/image\/"},"sameAs":["https:\/\/www.facebook.com\/dicodusport","https:\/\/x.com\/dicodusport","https:\/\/www.instagram.com\/dicodusport\/","https:\/\/www.youtube.com\/channel\/UC7V2KZ5sd3htJivAbA4ZG3w"],"description":"Dicodusport est l'encyclop\u00e9die de l'actualit\u00e9 sportive.","email":"bonjour@dicodusport.fr","legalName":"DICODUSPORT","foundingDate":"2018-01-14","vatID":"FR71834470973","taxID":"83447097300043","numberOfEmployees":{"@type":"QuantitativeValue","minValue":"1","maxValue":"10"}},{"@type":"Person","@id":"https:\/\/dicodusport.fr\/blog\/#\/schema\/person\/37def232098a7a5cbab3974a3690abb0","name":"Maxime Cazenave","image":{"@type":"ImageObject","inLanguage":"fr-FR","@id":"https:\/\/dicodusport.fr\/blog\/#\/schema\/person\/image\/","url":"https:\/\/dicodusport.fr\/blog\/wp-content\/uploads\/2021\/05\/Maxime-Cazenave-150x150.jpg","contentUrl":"https:\/\/dicodusport.fr\/blog\/wp-content\/uploads\/2021\/05\/Maxime-Cazenave-150x150.jpg","caption":"Maxime Cazenave"},"description":"Journaliste\/R\u00e9dacteur depuis 2012 - Berc\u00e9 par l\u2019amour des Girondins de Bordeaux, les \u00e9checs de Christophe Moreau sur le Tour de France sous l'\u00e8re Lance Armstrong et le fade-away l\u00e9tal de Dirk Nowitzki, ma passion d\u00e9vorante pour le sport a toujours \u00e9t\u00e9 un pan incontournable de ma vie. Transmettre ma passion \u00e0 l\u2019\u00e9crit a \u00e9t\u00e9 une transition naturelle. Suiveur assidu de basket et de hockey sur glace, je garde toujours un peu de place pour suivre le cyclisme, le football et le maximum de performances fran\u00e7aises.","sameAs":["https:\/\/x.com\/https:\/\/twitter.com\/Maxime_Caze"],"url":"https:\/\/dicodusport.fr\/blog\/author\/maximec\/"}]}},"_links":{"self":[{"href":"https:\/\/dicodusport.fr\/blog\/wp-json\/wp\/v2\/posts\/578371","targetHints":{"allow":["GET"]}}],"collection":[{"href":"https:\/\/dicodusport.fr\/blog\/wp-json\/wp\/v2\/posts"}],"about":[{"href":"https:\/\/dicodusport.fr\/blog\/wp-json\/wp\/v2\/types\/post"}],"author":[{"embeddable":true,"href":"https:\/\/dicodusport.fr\/blog\/wp-json\/wp\/v2\/users\/55"}],"replies":[{"embeddable":true,"href":"https:\/\/dicodusport.fr\/blog\/wp-json\/wp\/v2\/comments?post=578371"}],"version-history":[{"count":4,"href":"https:\/\/dicodusport.fr\/blog\/wp-json\/wp\/v2\/posts\/578371\/revisions"}],"predecessor-version":[{"id":578456,"href":"https:\/\/dicodusport.fr\/blog\/wp-json\/wp\/v2\/posts\/578371\/revisions\/578456"}],"wp:featuredmedia":[{"embeddable":true,"href":"https:\/\/dicodusport.fr\/blog\/wp-json\/wp\/v2\/media\/578382"}],"wp:attachment":[{"href":"https:\/\/dicodusport.fr\/blog\/wp-json\/wp\/v2\/media?parent=578371"}],"wp:term":[{"taxonomy":"category","embeddable":true,"href":"https:\/\/dicodusport.fr\/blog\/wp-json\/wp\/v2\/categories?post=578371"},{"taxonomy":"post_tag","embeddable":true,"href":"https:\/\/dicodusport.fr\/blog\/wp-json\/wp\/v2\/tags?post=578371"}],"curies":[{"name":"wp","href":"https:\/\/api.w.org\/{rel}","templated":true}]}}