{"id":57844,"date":"2020-01-24T16:20:20","date_gmt":"2020-01-24T15:20:20","guid":{"rendered":"http:\/\/dicodusport.fr\/blog\/?p=57844"},"modified":"2020-01-24T16:20:20","modified_gmt":"2020-01-24T15:20:20","slug":"ogc-nice-nouveau-projet-toujours-developpement","status":"publish","type":"post","link":"https:\/\/dicodusport.fr\/blog\/ogc-nice-nouveau-projet-toujours-developpement\/","title":{"rendered":"OGC Nice, nouveau projet toujours en d\u00e9veloppement"},"content":{"rendered":"<p style=\"text-align: justify;\"><em><strong>Ce soir, l\u2019OGC Nice re\u00e7oit le Stade Rennais \u00e0 l\u2019Allianz Riviera (20h45, Canal + Sport) en ouverture de la 21<sup>\u00e8me\u00a0<\/sup>journ\u00e9e de Ligue 1 Conforama. L\u2019occasion de faire le point sur l\u2019avanc\u00e9e du projet ni\u00e7ois, ponctu\u00e9 pour l\u2019instant par un manque d\u2019exp\u00e9rience et de stabilit\u00e9 de son \u00e9quipe. En interne, le projet suit son cours.<\/strong><\/em><\/p>\n<h2 style=\"text-align: justify;\">Une ambition europ\u00e9enne\u2026 la saison prochaine<\/h2>\n<p style=\"text-align: justify;\">Il y a peu sur RMC, <strong>Jean-Pierre Riv\u00e8re<\/strong>, le pr\u00e9sident de l\u2019<a href=\"https:\/\/m.ogcnice.com\/fr\/\" target=\"_blank\" rel=\"noopener\"><strong>OGC Nice<\/strong><\/a>, confiait sa volont\u00e9 de retrouver l\u2019Europe la saison prochaine avec son club. Si <strong>Nice<\/strong> se situe actuellement \u00e0 la 11<sup>\u00e8me\u00a0<\/sup>place du championnat \u00e0 mi-saison, les places europ\u00e9ennes restent tout de m\u00eame accessibles pour les Aiglons, \u00e0 4 points du 4<sup>\u00e8me<\/sup>, le <strong>FC Nantes<\/strong>. Ce serait \u00e9videmment un beau cadeau pour l\u2019<strong>OGC Nice<\/strong> et son nouveau propri\u00e9taire britannique <strong>Jim Ratcliffe<\/strong> d\u2019accrocher l\u2019Europe plus rapidement que pr\u00e9vu.<\/p>\n<blockquote class=\"twitter-tweet\">\n<p dir=\"ltr\" lang=\"fr\">[<a href=\"https:\/\/twitter.com\/hashtag\/L1?src=hash&amp;ref_src=twsrc%5Etfw\">#L1<\/a>&#x1f1eb;&#x1f1f7;] Jean-Pierre Riv\u00e8re tease sur l&rsquo;avenir de l&rsquo;OGC Nice &#x1f4ac; : \u00ab\u00a0Pour l\u2019instant les supporters sont un peu frustr\u00e9s, mais je peux leur dire que jamais, l\u2019OGC Nice n\u2019a \u00e9t\u00e9 autant arm\u00e9 pour pr\u00e9parer le futur.\u00a0\u00bb<\/p>\n<p>(RMC Sport)<\/p>\n<p>&#x1f517; <a href=\"https:\/\/t.co\/KY3pcenGU0\">https:\/\/t.co\/KY3pcenGU0<\/a> <a href=\"https:\/\/t.co\/RxCXltH8Bk\">pic.twitter.com\/RxCXltH8Bk<\/a><\/p>\n<p>\u2014 Footballogue&#x2b50;&#xfe0f;&#x2b50;&#xfe0f; (@Footballogue) <a href=\"https:\/\/twitter.com\/Footballogue\/status\/1220440913194995714?ref_src=twsrc%5Etfw\">January 23, 2020<\/a><\/p><\/blockquote>\n<p><script async src=\"https:\/\/platform.twitter.com\/widgets.js\" charset=\"utf-8\"><\/script><\/p>\n<p style=\"text-align: justify;\">Pourtant, l\u2019<strong>OGC Nice<\/strong> de <strong>Patrick Vieira<\/strong> peine pour l\u2019instant \u00e0 convaincre. Sur courant alternatif (8 victoires, 4 nuls, 8 d\u00e9faites), les ni\u00e7ois encha\u00eenent les prestations convaincantes puis d\u00e9cevantes. Si l\u2019<strong>OGC Nice<\/strong> par le rachat tardif d\u2019<strong>Ineos<\/strong> cet \u00e9t\u00e9 avait \u00e9t\u00e9 tr\u00e8s actif sur le march\u00e9 des transferts (Dolberg, Ounas, Claude-Maurice, N\u2019Soki), le club ne bougera certainement pas cet hiver. L\u2019ancien international tricolore <strong>Patrick Vieira<\/strong> devra donc faire avec son collectif actuel, tr\u00e8s jeune et encore en rodage pour avancer, sans pression mise par la direction.<\/p>\n<h2 style=\"text-align: justify;\">Mention bien \u00e0 domicile pour Nice<\/h2>\n<p style=\"text-align: justify;\">Tr\u00e8s performant \u00e0 domicile sur la fin d\u2019ann\u00e9e 2019 et le d\u00e9but 2020, l\u2019<strong>OGC Nice<\/strong> a encore du mal \u00e0 trouver la bonne carburation \u00e0 l\u2019ext\u00e9rieur (2 victoires seulement pour 6 d\u00e9faites et 2 nuls). Si le parcours en <strong>Coupe de France<\/strong> est bon, <strong>Patrick Vieira<\/strong> a tenu \u00e0 maintenir la pression chez ses joueurs en \u00e9voquant l\u2019\u00e9tat d\u2019esprit \u00e0 avoir sur le terrain.<\/p>\n<p style=\"text-align: justify;\">Le dernier match de championnat \u00e0 <strong>Angers<\/strong> (1-1) a montr\u00e9 encore toutes les failles du nouvel effectif ni\u00e7ois par moments\u00a0: suffisance, f\u00e9brilit\u00e9 d\u00e9fensive et manque d\u2019activit\u00e9 et d\u2019animation devant (Kasper Dolberg, la recrue phare du mercato estival ni\u00e7ois, reste sur 5 matchs sans marquer).<\/p>\n<p style=\"text-align: justify;\">L\u2019objectif ni\u00e7ois sur cette deuxi\u00e8me partie de saison para\u00eet clair\u00a0: d\u00e9velopper et cr\u00e9er du lien sur cette jeune \u00e9quipe p\u00e9trie de talent et finir le plus haut possible, afin d\u2019attaquer sereinement une saison 2020-2021 qui s\u2019annonce pleine de rebondissements sur la C\u00f4te d\u2019Azur.<\/p>\n<p><em><strong>Romain Delanis<br \/>\n<\/strong><\/em><em><strong><a href=\"https:\/\/twitter.com\/RDelanis\" target=\"_blank\" rel=\"noopener noreferrer\"><img loading=\"lazy\" decoding=\"async\" class=\"alignnone wp-image-2908\" src=\"http:\/\/dicodusport.fr\/blog\/wp-content\/uploads\/2017\/07\/logo-twitter-150x150.png\" alt=\"\" width=\"39\" height=\"39\" \/><\/a><\/strong><\/em><\/p>\n","protected":false},"excerpt":{"rendered":"<p>Ce soir, l\u2019OGC Nice re\u00e7oit le Stade Rennais \u00e0 l\u2019Allianz Riviera (20h45, Canal + Sport) en ouverture de la 21\u00e8me journ\u00e9e de Ligue 1 Conforama.<\/p>\n","protected":false},"author":14,"featured_media":57856,"comment_status":"open","ping_status":"closed","sticky":false,"template":"","format":"standard","meta":{"_acf_changed":false,"_daextam_enable_autolinks":"","footnotes":""},"categories":[2301],"tags":[75,7579,4883,3029,268,1865],"class_list":["post-57844","post","type-post","status-publish","format-standard","has-post-thumbnail","hentry","category-football","tag-football","tag-ineos","tag-ligue-1-conforama","tag-ogc-nice","tag-patrick-vieira","tag-stade-rennais"],"acf":[],"yoast_head":"<!-- This site is optimized with the Yoast SEO Premium plugin v26.7 (Yoast SEO v26.7) - https:\/\/yoast.com\/wordpress\/plugins\/seo\/ -->\n<title>OGC Nice, nouveau projet toujours en d\u00e9veloppement<\/title>\n<meta name=\"description\" content=\"Ce soir, l\u2019OGC Nice re\u00e7oit le Stade Rennais \u00e0 l\u2019Allianz Riviera (20h45, Canal + Sport) en ouverture de la 21\u00e8me journ\u00e9e de Ligue 1 Conforama.\" \/>\n<meta name=\"robots\" content=\"index, follow, max-snippet:-1, max-image-preview:large, max-video-preview:-1\" \/>\n<link rel=\"canonical\" href=\"https:\/\/dicodusport.fr\/blog\/ogc-nice-nouveau-projet-toujours-developpement\/\" \/>\n<meta property=\"og:locale\" content=\"fr_FR\" \/>\n<meta property=\"og:type\" content=\"article\" \/>\n<meta property=\"og:title\" content=\"OGC Nice, nouveau projet toujours en d\u00e9veloppement\" \/>\n<meta property=\"og:description\" content=\"Ce soir, l\u2019OGC Nice re\u00e7oit le Stade Rennais \u00e0 l\u2019Allianz Riviera (20h45, Canal + Sport) en ouverture de la 21\u00e8me journ\u00e9e de Ligue 1 Conforama.\" \/>\n<meta property=\"og:url\" content=\"https:\/\/dicodusport.fr\/blog\/ogc-nice-nouveau-projet-toujours-developpement\/\" \/>\n<meta property=\"og:site_name\" content=\"Dicodusport\" \/>\n<meta property=\"article:publisher\" content=\"https:\/\/www.facebook.com\/dicodusport\" \/>\n<meta property=\"article:published_time\" content=\"2020-01-24T15:20:20+00:00\" \/>\n<meta property=\"og:image\" content=\"https:\/\/dicodusport.fr\/blog\/wp-content\/uploads\/2020\/01\/OGC-Nice-nouveau-projet-toujours-en-d\u00e9veloppement.png\" \/>\n\t<meta property=\"og:image:width\" content=\"800\" \/>\n\t<meta property=\"og:image:height\" content=\"445\" \/>\n\t<meta property=\"og:image:type\" content=\"image\/png\" \/>\n<meta name=\"author\" content=\"Romain Delanis\" \/>\n<meta name=\"twitter:card\" content=\"summary_large_image\" \/>\n<meta name=\"twitter:title\" content=\"OGC Nice, nouveau projet toujours en d\u00e9veloppement\" \/>\n<meta name=\"twitter:creator\" content=\"@https:\/\/twitter.com\/RDelanis\" \/>\n<meta name=\"twitter:site\" content=\"@dicodusport\" \/>\n<script type=\"application\/ld+json\" class=\"yoast-schema-graph\">{\"@context\":\"https:\/\/schema.org\",\"@graph\":[{\"@type\":\"NewsArticle\",\"@id\":\"https:\/\/dicodusport.fr\/blog\/ogc-nice-nouveau-projet-toujours-developpement\/#article\",\"isPartOf\":{\"@id\":\"https:\/\/dicodusport.fr\/blog\/ogc-nice-nouveau-projet-toujours-developpement\/\"},\"author\":{\"name\":\"Romain Delanis\",\"@id\":\"https:\/\/dicodusport.fr\/blog\/#\/schema\/person\/8c78730a59f8a1e617f7a19026ebc14a\"},\"headline\":\"OGC Nice, nouveau projet toujours en d\u00e9veloppement\",\"datePublished\":\"2020-01-24T15:20:20+00:00\",\"mainEntityOfPage\":{\"@id\":\"https:\/\/dicodusport.fr\/blog\/ogc-nice-nouveau-projet-toujours-developpement\/\"},\"wordCount\":506,\"commentCount\":0,\"publisher\":{\"@id\":\"https:\/\/dicodusport.fr\/blog\/#organization\"},\"image\":{\"@id\":\"https:\/\/dicodusport.fr\/blog\/ogc-nice-nouveau-projet-toujours-developpement\/#primaryimage\"},\"thumbnailUrl\":\"https:\/\/dicodusport.fr\/blog\/wp-content\/uploads\/2020\/01\/OGC-Nice-nouveau-projet-toujours-en-d\u00e9veloppement.png\",\"keywords\":[\"Football\",\"Ineos\",\"Ligue 1 Conforama\",\"OGC Nice\",\"Patrick Vieira\",\"Stade rennais\"],\"articleSection\":[\"Football\"],\"inLanguage\":\"fr-FR\",\"potentialAction\":[{\"@type\":\"CommentAction\",\"name\":\"Comment\",\"target\":[\"https:\/\/dicodusport.fr\/blog\/ogc-nice-nouveau-projet-toujours-developpement\/#respond\"]}],\"copyrightYear\":\"2020\",\"copyrightHolder\":{\"@id\":\"https:\/\/dicodusport.fr\/blog\/#organization\"}},{\"@type\":\"WebPage\",\"@id\":\"https:\/\/dicodusport.fr\/blog\/ogc-nice-nouveau-projet-toujours-developpement\/\",\"url\":\"https:\/\/dicodusport.fr\/blog\/ogc-nice-nouveau-projet-toujours-developpement\/\",\"name\":\"OGC Nice, nouveau projet toujours en d\u00e9veloppement\",\"isPartOf\":{\"@id\":\"https:\/\/dicodusport.fr\/blog\/#website\"},\"primaryImageOfPage\":{\"@id\":\"https:\/\/dicodusport.fr\/blog\/ogc-nice-nouveau-projet-toujours-developpement\/#primaryimage\"},\"image\":{\"@id\":\"https:\/\/dicodusport.fr\/blog\/ogc-nice-nouveau-projet-toujours-developpement\/#primaryimage\"},\"thumbnailUrl\":\"https:\/\/dicodusport.fr\/blog\/wp-content\/uploads\/2020\/01\/OGC-Nice-nouveau-projet-toujours-en-d\u00e9veloppement.png\",\"datePublished\":\"2020-01-24T15:20:20+00:00\",\"description\":\"Ce soir, l\u2019OGC Nice re\u00e7oit le Stade Rennais \u00e0 l\u2019Allianz Riviera (20h45, Canal + Sport) en ouverture de la 21\u00e8me journ\u00e9e de Ligue 1 Conforama.\",\"breadcrumb\":{\"@id\":\"https:\/\/dicodusport.fr\/blog\/ogc-nice-nouveau-projet-toujours-developpement\/#breadcrumb\"},\"inLanguage\":\"fr-FR\",\"potentialAction\":[{\"@type\":\"ReadAction\",\"target\":[\"https:\/\/dicodusport.fr\/blog\/ogc-nice-nouveau-projet-toujours-developpement\/\"]}]},{\"@type\":\"ImageObject\",\"inLanguage\":\"fr-FR\",\"@id\":\"https:\/\/dicodusport.fr\/blog\/ogc-nice-nouveau-projet-toujours-developpement\/#primaryimage\",\"url\":\"https:\/\/dicodusport.fr\/blog\/wp-content\/uploads\/2020\/01\/OGC-Nice-nouveau-projet-toujours-en-d\u00e9veloppement.png\",\"contentUrl\":\"https:\/\/dicodusport.fr\/blog\/wp-content\/uploads\/2020\/01\/OGC-Nice-nouveau-projet-toujours-en-d\u00e9veloppement.png\",\"width\":800,\"height\":445,\"caption\":\"OGC Nice, nouveau projet toujours en d\u00e9veloppement\"},{\"@type\":\"BreadcrumbList\",\"@id\":\"https:\/\/dicodusport.fr\/blog\/ogc-nice-nouveau-projet-toujours-developpement\/#breadcrumb\",\"itemListElement\":[{\"@type\":\"ListItem\",\"position\":1,\"name\":\"Accueil\",\"item\":\"https:\/\/dicodusport.fr\/blog\/\"},{\"@type\":\"ListItem\",\"position\":2,\"name\":\"OGC Nice, nouveau projet toujours en d\u00e9veloppement\"}]},{\"@type\":\"WebSite\",\"@id\":\"https:\/\/dicodusport.fr\/blog\/#website\",\"url\":\"https:\/\/dicodusport.fr\/blog\/\",\"name\":\"Dicodusport\",\"description\":\"L&#039;encyclop\u00e9die de l&#039;actualit\u00e9 sportive\",\"publisher\":{\"@id\":\"https:\/\/dicodusport.fr\/blog\/#organization\"},\"potentialAction\":[{\"@type\":\"SearchAction\",\"target\":{\"@type\":\"EntryPoint\",\"urlTemplate\":\"https:\/\/dicodusport.fr\/blog\/?s={search_term_string}\"},\"query-input\":{\"@type\":\"PropertyValueSpecification\",\"valueRequired\":true,\"valueName\":\"search_term_string\"}}],\"inLanguage\":\"fr-FR\"},{\"@type\":\"NewsMediaOrganization\",\"@id\":\"https:\/\/dicodusport.fr\/blog\/#organization\",\"name\":\"Dicodusport\",\"url\":\"https:\/\/dicodusport.fr\/blog\/\",\"logo\":{\"@type\":\"ImageObject\",\"inLanguage\":\"fr-FR\",\"@id\":\"https:\/\/dicodusport.fr\/blog\/#\/schema\/logo\/image\/\",\"url\":\"https:\/\/dicodusport.fr\/blog\/wp-content\/uploads\/2020\/06\/cropped-LOGO-DICODUSPORT-2020-SANS-FOND-SANS-TEXTE.png\",\"contentUrl\":\"https:\/\/dicodusport.fr\/blog\/wp-content\/uploads\/2020\/06\/cropped-LOGO-DICODUSPORT-2020-SANS-FOND-SANS-TEXTE.png\",\"width\":512,\"height\":512,\"caption\":\"Dicodusport\"},\"image\":{\"@id\":\"https:\/\/dicodusport.fr\/blog\/#\/schema\/logo\/image\/\"},\"sameAs\":[\"https:\/\/www.facebook.com\/dicodusport\",\"https:\/\/x.com\/dicodusport\",\"https:\/\/www.instagram.com\/dicodusport\/\",\"https:\/\/www.youtube.com\/channel\/UC7V2KZ5sd3htJivAbA4ZG3w\"],\"description\":\"Dicodusport est l'encyclop\u00e9die de l'actualit\u00e9 sportive.\",\"email\":\"bonjour@dicodusport.fr\",\"legalName\":\"DICODUSPORT\",\"foundingDate\":\"2018-01-14\",\"vatID\":\"FR71834470973\",\"taxID\":\"83447097300043\",\"numberOfEmployees\":{\"@type\":\"QuantitativeValue\",\"minValue\":\"1\",\"maxValue\":\"10\"}},{\"@type\":\"Person\",\"@id\":\"https:\/\/dicodusport.fr\/blog\/#\/schema\/person\/8c78730a59f8a1e617f7a19026ebc14a\",\"name\":\"Romain Delanis\",\"image\":{\"@type\":\"ImageObject\",\"inLanguage\":\"fr-FR\",\"@id\":\"https:\/\/dicodusport.fr\/blog\/#\/schema\/person\/image\/\",\"url\":\"https:\/\/dicodusport.fr\/blog\/wp-content\/uploads\/2021\/05\/Romain-Delanis-150x150.jpg\",\"contentUrl\":\"https:\/\/dicodusport.fr\/blog\/wp-content\/uploads\/2021\/05\/Romain-Delanis-150x150.jpg\",\"caption\":\"Romain Delanis\"},\"description\":\"Journaliste\/R\u00e9dacteur depuis novembre 2015 - Capable de passer un samedi apr\u00e8s-midi devant la Ligue 2 puis le biathlon sans oublier la finale de l\u2019ATP Rotterdam, j\u2019aime aussi mettre mon r\u00e9veil pour me faire un Pistons\/Bulls qui rappelle de bons souvenirs. Tout cela, j\u2019ai choisi il y a maintenant quelques temps de vous le raconter avec Dicodusport, pour vous faire vivre ma passion parfois inconsid\u00e9r\u00e9e pour le sport en g\u00e9n\u00e9ral (mais surtout le foot faut se l\u2019avouer).\",\"sameAs\":[\"https:\/\/x.com\/https:\/\/twitter.com\/RDelanis\"],\"url\":\"https:\/\/dicodusport.fr\/blog\/author\/romain\/\"}]}<\/script>\n<!-- \/ Yoast SEO Premium plugin. -->","yoast_head_json":{"title":"OGC Nice, nouveau projet toujours en d\u00e9veloppement","description":"Ce soir, l\u2019OGC Nice re\u00e7oit le Stade Rennais \u00e0 l\u2019Allianz Riviera (20h45, Canal + Sport) en ouverture de la 21\u00e8me journ\u00e9e de Ligue 1 Conforama.","robots":{"index":"index","follow":"follow","max-snippet":"max-snippet:-1","max-image-preview":"max-image-preview:large","max-video-preview":"max-video-preview:-1"},"canonical":"https:\/\/dicodusport.fr\/blog\/ogc-nice-nouveau-projet-toujours-developpement\/","og_locale":"fr_FR","og_type":"article","og_title":"OGC Nice, nouveau projet toujours en d\u00e9veloppement","og_description":"Ce soir, l\u2019OGC Nice re\u00e7oit le Stade Rennais \u00e0 l\u2019Allianz Riviera (20h45, Canal + Sport) en ouverture de la 21\u00e8me journ\u00e9e de Ligue 1 Conforama.","og_url":"https:\/\/dicodusport.fr\/blog\/ogc-nice-nouveau-projet-toujours-developpement\/","og_site_name":"Dicodusport","article_publisher":"https:\/\/www.facebook.com\/dicodusport","article_published_time":"2020-01-24T15:20:20+00:00","og_image":[{"width":800,"height":445,"url":"https:\/\/dicodusport.fr\/blog\/wp-content\/uploads\/2020\/01\/OGC-Nice-nouveau-projet-toujours-en-d\u00e9veloppement.png","type":"image\/png"}],"author":"Romain Delanis","twitter_card":"summary_large_image","twitter_title":"OGC Nice, nouveau projet toujours en d\u00e9veloppement","twitter_creator":"@https:\/\/twitter.com\/RDelanis","twitter_site":"@dicodusport","schema":{"@context":"https:\/\/schema.org","@graph":[{"@type":"NewsArticle","@id":"https:\/\/dicodusport.fr\/blog\/ogc-nice-nouveau-projet-toujours-developpement\/#article","isPartOf":{"@id":"https:\/\/dicodusport.fr\/blog\/ogc-nice-nouveau-projet-toujours-developpement\/"},"author":{"name":"Romain Delanis","@id":"https:\/\/dicodusport.fr\/blog\/#\/schema\/person\/8c78730a59f8a1e617f7a19026ebc14a"},"headline":"OGC Nice, nouveau projet toujours en d\u00e9veloppement","datePublished":"2020-01-24T15:20:20+00:00","mainEntityOfPage":{"@id":"https:\/\/dicodusport.fr\/blog\/ogc-nice-nouveau-projet-toujours-developpement\/"},"wordCount":506,"commentCount":0,"publisher":{"@id":"https:\/\/dicodusport.fr\/blog\/#organization"},"image":{"@id":"https:\/\/dicodusport.fr\/blog\/ogc-nice-nouveau-projet-toujours-developpement\/#primaryimage"},"thumbnailUrl":"https:\/\/dicodusport.fr\/blog\/wp-content\/uploads\/2020\/01\/OGC-Nice-nouveau-projet-toujours-en-d\u00e9veloppement.png","keywords":["Football","Ineos","Ligue 1 Conforama","OGC Nice","Patrick Vieira","Stade rennais"],"articleSection":["Football"],"inLanguage":"fr-FR","potentialAction":[{"@type":"CommentAction","name":"Comment","target":["https:\/\/dicodusport.fr\/blog\/ogc-nice-nouveau-projet-toujours-developpement\/#respond"]}],"copyrightYear":"2020","copyrightHolder":{"@id":"https:\/\/dicodusport.fr\/blog\/#organization"}},{"@type":"WebPage","@id":"https:\/\/dicodusport.fr\/blog\/ogc-nice-nouveau-projet-toujours-developpement\/","url":"https:\/\/dicodusport.fr\/blog\/ogc-nice-nouveau-projet-toujours-developpement\/","name":"OGC Nice, nouveau projet toujours en d\u00e9veloppement","isPartOf":{"@id":"https:\/\/dicodusport.fr\/blog\/#website"},"primaryImageOfPage":{"@id":"https:\/\/dicodusport.fr\/blog\/ogc-nice-nouveau-projet-toujours-developpement\/#primaryimage"},"image":{"@id":"https:\/\/dicodusport.fr\/blog\/ogc-nice-nouveau-projet-toujours-developpement\/#primaryimage"},"thumbnailUrl":"https:\/\/dicodusport.fr\/blog\/wp-content\/uploads\/2020\/01\/OGC-Nice-nouveau-projet-toujours-en-d\u00e9veloppement.png","datePublished":"2020-01-24T15:20:20+00:00","description":"Ce soir, l\u2019OGC Nice re\u00e7oit le Stade Rennais \u00e0 l\u2019Allianz Riviera (20h45, Canal + Sport) en ouverture de la 21\u00e8me journ\u00e9e de Ligue 1 Conforama.","breadcrumb":{"@id":"https:\/\/dicodusport.fr\/blog\/ogc-nice-nouveau-projet-toujours-developpement\/#breadcrumb"},"inLanguage":"fr-FR","potentialAction":[{"@type":"ReadAction","target":["https:\/\/dicodusport.fr\/blog\/ogc-nice-nouveau-projet-toujours-developpement\/"]}]},{"@type":"ImageObject","inLanguage":"fr-FR","@id":"https:\/\/dicodusport.fr\/blog\/ogc-nice-nouveau-projet-toujours-developpement\/#primaryimage","url":"https:\/\/dicodusport.fr\/blog\/wp-content\/uploads\/2020\/01\/OGC-Nice-nouveau-projet-toujours-en-d\u00e9veloppement.png","contentUrl":"https:\/\/dicodusport.fr\/blog\/wp-content\/uploads\/2020\/01\/OGC-Nice-nouveau-projet-toujours-en-d\u00e9veloppement.png","width":800,"height":445,"caption":"OGC Nice, nouveau projet toujours en d\u00e9veloppement"},{"@type":"BreadcrumbList","@id":"https:\/\/dicodusport.fr\/blog\/ogc-nice-nouveau-projet-toujours-developpement\/#breadcrumb","itemListElement":[{"@type":"ListItem","position":1,"name":"Accueil","item":"https:\/\/dicodusport.fr\/blog\/"},{"@type":"ListItem","position":2,"name":"OGC Nice, nouveau projet toujours en d\u00e9veloppement"}]},{"@type":"WebSite","@id":"https:\/\/dicodusport.fr\/blog\/#website","url":"https:\/\/dicodusport.fr\/blog\/","name":"Dicodusport","description":"L&#039;encyclop\u00e9die de l&#039;actualit\u00e9 sportive","publisher":{"@id":"https:\/\/dicodusport.fr\/blog\/#organization"},"potentialAction":[{"@type":"SearchAction","target":{"@type":"EntryPoint","urlTemplate":"https:\/\/dicodusport.fr\/blog\/?s={search_term_string}"},"query-input":{"@type":"PropertyValueSpecification","valueRequired":true,"valueName":"search_term_string"}}],"inLanguage":"fr-FR"},{"@type":"NewsMediaOrganization","@id":"https:\/\/dicodusport.fr\/blog\/#organization","name":"Dicodusport","url":"https:\/\/dicodusport.fr\/blog\/","logo":{"@type":"ImageObject","inLanguage":"fr-FR","@id":"https:\/\/dicodusport.fr\/blog\/#\/schema\/logo\/image\/","url":"https:\/\/dicodusport.fr\/blog\/wp-content\/uploads\/2020\/06\/cropped-LOGO-DICODUSPORT-2020-SANS-FOND-SANS-TEXTE.png","contentUrl":"https:\/\/dicodusport.fr\/blog\/wp-content\/uploads\/2020\/06\/cropped-LOGO-DICODUSPORT-2020-SANS-FOND-SANS-TEXTE.png","width":512,"height":512,"caption":"Dicodusport"},"image":{"@id":"https:\/\/dicodusport.fr\/blog\/#\/schema\/logo\/image\/"},"sameAs":["https:\/\/www.facebook.com\/dicodusport","https:\/\/x.com\/dicodusport","https:\/\/www.instagram.com\/dicodusport\/","https:\/\/www.youtube.com\/channel\/UC7V2KZ5sd3htJivAbA4ZG3w"],"description":"Dicodusport est l'encyclop\u00e9die de l'actualit\u00e9 sportive.","email":"bonjour@dicodusport.fr","legalName":"DICODUSPORT","foundingDate":"2018-01-14","vatID":"FR71834470973","taxID":"83447097300043","numberOfEmployees":{"@type":"QuantitativeValue","minValue":"1","maxValue":"10"}},{"@type":"Person","@id":"https:\/\/dicodusport.fr\/blog\/#\/schema\/person\/8c78730a59f8a1e617f7a19026ebc14a","name":"Romain Delanis","image":{"@type":"ImageObject","inLanguage":"fr-FR","@id":"https:\/\/dicodusport.fr\/blog\/#\/schema\/person\/image\/","url":"https:\/\/dicodusport.fr\/blog\/wp-content\/uploads\/2021\/05\/Romain-Delanis-150x150.jpg","contentUrl":"https:\/\/dicodusport.fr\/blog\/wp-content\/uploads\/2021\/05\/Romain-Delanis-150x150.jpg","caption":"Romain Delanis"},"description":"Journaliste\/R\u00e9dacteur depuis novembre 2015 - Capable de passer un samedi apr\u00e8s-midi devant la Ligue 2 puis le biathlon sans oublier la finale de l\u2019ATP Rotterdam, j\u2019aime aussi mettre mon r\u00e9veil pour me faire un Pistons\/Bulls qui rappelle de bons souvenirs. Tout cela, j\u2019ai choisi il y a maintenant quelques temps de vous le raconter avec Dicodusport, pour vous faire vivre ma passion parfois inconsid\u00e9r\u00e9e pour le sport en g\u00e9n\u00e9ral (mais surtout le foot faut se l\u2019avouer).","sameAs":["https:\/\/x.com\/https:\/\/twitter.com\/RDelanis"],"url":"https:\/\/dicodusport.fr\/blog\/author\/romain\/"}]}},"_links":{"self":[{"href":"https:\/\/dicodusport.fr\/blog\/wp-json\/wp\/v2\/posts\/57844","targetHints":{"allow":["GET"]}}],"collection":[{"href":"https:\/\/dicodusport.fr\/blog\/wp-json\/wp\/v2\/posts"}],"about":[{"href":"https:\/\/dicodusport.fr\/blog\/wp-json\/wp\/v2\/types\/post"}],"author":[{"embeddable":true,"href":"https:\/\/dicodusport.fr\/blog\/wp-json\/wp\/v2\/users\/14"}],"replies":[{"embeddable":true,"href":"https:\/\/dicodusport.fr\/blog\/wp-json\/wp\/v2\/comments?post=57844"}],"version-history":[{"count":0,"href":"https:\/\/dicodusport.fr\/blog\/wp-json\/wp\/v2\/posts\/57844\/revisions"}],"wp:featuredmedia":[{"embeddable":true,"href":"https:\/\/dicodusport.fr\/blog\/wp-json\/wp\/v2\/media\/57856"}],"wp:attachment":[{"href":"https:\/\/dicodusport.fr\/blog\/wp-json\/wp\/v2\/media?parent=57844"}],"wp:term":[{"taxonomy":"category","embeddable":true,"href":"https:\/\/dicodusport.fr\/blog\/wp-json\/wp\/v2\/categories?post=57844"},{"taxonomy":"post_tag","embeddable":true,"href":"https:\/\/dicodusport.fr\/blog\/wp-json\/wp\/v2\/tags?post=57844"}],"curies":[{"name":"wp","href":"https:\/\/api.w.org\/{rel}","templated":true}]}}