{"id":578452,"date":"2025-05-13T17:00:10","date_gmt":"2025-05-13T15:00:10","guid":{"rendered":"https:\/\/dicodusport.fr\/blog\/?p=578452&#038;preview=true&#038;preview_id=578452"},"modified":"2025-05-13T13:44:35","modified_gmt":"2025-05-13T11:44:35","slug":"fans-de-cyclisme-saurez-vous-faire-un-sans-faute-sur-notre-quiz-des-4-jours-de-dunkerque","status":"publish","type":"post","link":"https:\/\/dicodusport.fr\/blog\/fans-de-cyclisme-saurez-vous-faire-un-sans-faute-sur-notre-quiz-des-4-jours-de-dunkerque\/","title":{"rendered":"Fans de cyclisme, saurez-vous faire un sans-faute sur notre quiz des 4 Jours de Dunkerque ?"},"content":{"rendered":"<h4 style=\"text-align: justify;\"><em>Testez vos connaissances sur les 4 Jours de Dunkerque, une course cycliste embl\u00e9matique des Hauts-de-France. De ses d\u00e9buts modestes \u00e0 son statut actuel de rendez-vous incontournable du calendrier professionnel, saurez-vous retracer son histoire, ses champions et ses moments forts ? Un d\u00e9fi pour les passionn\u00e9s de v\u00e9lo et les curieux de sport !<\/em><\/h4>\r\n<ul style=\"text-align: justify;\">\r\n \t<li><strong>\u00c0 ce sujet &#8211; <a title=\"4 Jours de Dunkerque 2025 : Parcours d\u00e9taill\u00e9 et profils des \u00e9tapes\" href=\"https:\/\/dicodusport.fr\/blog\/4-jours-de-dunkerque-2025-parcours-detaille-et-profils-des-etapes\/\" rel=\"\">4 Jours de Dunkerque 2025 : Parcours d\u00e9taill\u00e9 et profils des \u00e9tapes<\/a><\/strong><\/li>\r\n<\/ul>\r\n<p class=\"\" style=\"text-align: justify;\" data-start=\"342\" data-end=\"796\">Course embl\u00e9matique du nord de la France, les <strong>4 Jours de Dunkerque<\/strong> ont vu d\u00e9filer les plus grands noms du cyclisme depuis leur cr\u00e9ation. Entre \u00e9tapes de plaine, pav\u00e9s usants et ascensions redout\u00e9es comme le mont Cassel, les 4 Jours de Dunkerque est l&rsquo;une des \u00e9preuves phares du calendrier fran\u00e7ais. V\u00e9ritable laboratoire de talents, elle a r\u00e9v\u00e9l\u00e9 de futurs champions tout en offrant aux fans une ambiance populaire unique, \u00e0 la crois\u00e9e du sport et de la f\u00eate.<\/p>\r\n<p class=\"\" style=\"text-align: justify;\" data-start=\"798\" data-end=\"1087\">Mais que savez-vous vraiment de cette course \u00e0 l&rsquo;identit\u00e9 si forte ? Connaissez-vous les coureurs qui l\u2019ont domin\u00e9e, les villes qui l\u2019ont accueillie, ou les surprises qu\u2019elle a pu r\u00e9server au fil des ans ? Ce quiz vous plonge dans les coulisses de la course, de ses origines \u00e0 aujourd\u2019hui.<\/p>\r\n\r\n<h2 style=\"text-align: justify;\" data-start=\"193\" data-end=\"243\">Testez vos connaissances sur les 4 Jours de Dunkerque<\/h2>\r\n<p class=\"\" style=\"text-align: justify;\" data-start=\"569\" data-end=\"730\">Saurez-vous \u00eatre incollables sur les <strong>4 Jours de Dunkerque<\/strong> ? Ce quiz va tester vos souvenirs, d\u00e9fier vos certitudes\u2026 et r\u00e9veiller le supporter qui sommeille en vous !<\/p>\r\n\r\n<div id=\"iframeContainer\" style=\"width: 100%; max-width: 800px; margin: 0 auto; position: relative; border: 2px solid black;\">\r\n<div id=\"iframeLoading\" style=\"position: absolute; top: 0; left: 0; width: 100%; height: 100%; background: #fff; display: flex; justify-content: center; align-items: center; flex-direction: column;\">\r\n<div class=\"loader\">\u00a0<\/div>\r\n<p style=\"margin-top: 10px; font-size: 1em; color: #333;\">Chargement du quiz sur le cyclisme&#8230;<\/p>\r\n<\/div>\r\n<iframe id=\"monIframe\" data-src=\"https:\/\/v2.app.anthm.io\/dicodusport\/fr\/iframes\/quiz\/4-jours-de-dunkerque\" style=\"border: none; width: 100%; height: 100%; opacity: 0;\" loading=\"lazy\" scrolling=\"no\" allow=\"clipboard-read; clipboard-write; web-share\"><\/iframe><\/div>\r\n<p><style>\r\n  .loader {<br \/>    border: 4px solid #f3f3f3;<br \/>    border-top: 4px solid #3498db;<br \/>    border-radius: 50%;<br \/>    width: 30px;<br \/>    height: 30px;<br \/>    animation: spin 1s linear infinite;<br \/>  }<\/p>\r\n<p>  @keyframes spin {<br \/>    0% { transform: rotate(0deg); }<br \/>    100% { transform: rotate(360deg); }<br \/>  }<\/p>\r\n<p>  #iframeContainer {<br \/>    width: 100%;<br \/>    max-width: 800px;<br \/>    height: 560px;<br \/>    max-height: 100vh;<br \/>    box-sizing: border-box;<br \/>  }<br \/><\/style> <script>\r\n  document.addEventListener('DOMContentLoaded', () => {\r\n    const iframe = document.getElementById('monIframe');\r\n    const loadingDiv = document.getElementById('iframeLoading');\r\n    const iframeContainer = document.getElementById('iframeContainer');\r\n\r\n    function adjustIframeSize() {\r\n      const maxWidth = 800;\r\n      const maxHeight = 560;\r\n      const parentWidth = iframeContainer.parentElement ? iframeContainer.parentElement.clientWidth : window.innerWidth;\r\n      const containerWidth = Math.min(parentWidth * 0.98, maxWidth);\r\n      iframeContainer.style.width = `${containerWidth}px`;\r\n\r\n      const windowHeight = window.innerHeight;\r\n      const containerHeight = Math.min(windowHeight, maxHeight);\r\n      iframeContainer.style.height = `${containerHeight}px`;\r\n    }\r\n\r\n    adjustIframeSize();\r\n    window.addEventListener('resize', adjustIframeSize);\r\n\r\n    iframe.src = iframe.getAttribute('data-src');\r\n    iframe.onload = () => {\r\n      loadingDiv.style.display = 'none';\r\n      iframe.style.opacity = '1';\r\n    };\r\n  });\r\n<\/script><\/p>\r\n<h2 style=\"text-align: justify;\">Voici le r\u00e9sum\u00e9 du quiz<\/h2>\r\n<p style=\"text-align: justify;\">Pour revoir toutes les questions, r\u00e9ponses et explications sur les <strong>4 Jours de Dunkerque<\/strong>, cliquez sur le bouton ci-dessous.<\/p>\r\n<div class=\"quiz-revision-container\">\r\n    <button class=\"revision-toggle\">Afficher les r\u00e9ponses<\/button>\r\n    <div class=\"revision-content\" style=\"display: none;\">\r\n        <h3>Question 1 : En quelle ann\u00e9e a eu lieu la premi\u00e8re \u00e9dition des 4 Jours de Dunkerque ?<\/h3>\r\n        <ul>\r\n            <li>A) 1945<\/li>\r\n            <li>B) 1955<\/li>\r\n            <li>C) 1965<\/li>\r\n            <li>D) 1975<\/li>\r\n        <\/ul>\r\n        <button class=\"spoiler-toggle\">Afficher la r\u00e9ponse<\/button>\r\n        <div class=\"spoiler\" style=\"display: none;\">\r\n            <p><strong>R\u00e9ponse correcte :<\/strong> B) 1955.<\/p>\r\n            <p><strong>Explication :<\/strong> L&rsquo;\u00e9preuve du Nord de la France a \u00e9t\u00e9 cr\u00e9\u00e9e en 1955 par, entre autres, Ren\u00e9 Quillot. Elle a \u00e9t\u00e9 appel\u00e9e Grand Prix de Dunkerque-Troph\u00e9e Primerose \u00e0 ses d\u00e9buts.<\/p>\r\n        <\/div>\r\n\r\n        <h3>Question 2 : Combien de jours va durer r\u00e9ellement la course en 2025, malgr\u00e9 son nom ?<\/h3>\r\n        <ul>\r\n            <li>A) 4<\/li>\r\n            <li>B) 6<\/li>\r\n            <li>C) 5<\/li>\r\n            <li>D) 7<\/li>\r\n        <\/ul>\r\n        <button class=\"spoiler-toggle\">Afficher la r\u00e9ponse<\/button>\r\n        <div class=\"spoiler\" style=\"display: none;\">\r\n            <p><strong>R\u00e9ponse correcte :<\/strong> C) 5.<\/p>\r\n            <p><strong>Explication :<\/strong> Contrairement aux saisons pr\u00e9c\u00e9dentes, les 4 Jours de Dunkerque 2025 comportent cinq \u00e9tapes, non six. Toutefois, le mardi pr\u00e9c\u00e9dant le d\u00e9part, une nouvelle course d&rsquo;un jour se d\u00e9roule en amont de la course par \u00e9tapes : la Classique Dunkerque Grand prix des Hauts-de-France.<\/p>\r\n        <\/div>\r\n\r\n        <h3>Question 3 : Quel c\u00e9l\u00e8bre cycliste fran\u00e7ais a remport\u00e9 les 4 Jours de Dunkerque \u00e0 deux reprises dans les ann\u00e9es 2000 ?<\/h3>\r\n        <ul>\r\n            <li>A) Thomas Voeckler<\/li>\r\n            <li>B) Christophe Moreau<\/li>\r\n            <li>C) Sylvain Chavanel<\/li>\r\n            <li>D) Laurent Jalabert<\/li>\r\n        <\/ul>\r\n        <button class=\"spoiler-toggle\">Afficher la r\u00e9ponse<\/button>\r\n        <div class=\"spoiler\" style=\"display: none;\">\r\n            <p><strong>R\u00e9ponse correcte :<\/strong> C) Sylvain Chavanel.<\/p>\r\n            <p><strong>Explication :<\/strong> Double vainqueur du classement g\u00e9n\u00e9ral des 4 Jours de Dunkerque, Sylvain Chavanel s&rsquo;est ainsi adjug\u00e9 l&rsquo;\u00e9preuve en 2002 et 2004, lors de ses premi\u00e8res saisons professionnelles.<\/p>\r\n        <\/div>\r\n\r\n        <h3>Question 4 : Quel maillot est port\u00e9 par le leader du classement g\u00e9n\u00e9ral ?<\/h3>\r\n        <ul>\r\n            <li>A) Maillot jaune<\/li>\r\n            <li>B) Maillot vert<\/li>\r\n            <li>C) Maillot rouge<\/li>\r\n            <li>D) Maillot rose<\/li>\r\n        <\/ul>\r\n        <button class=\"spoiler-toggle\">Afficher la r\u00e9ponse<\/button>\r\n        <div class=\"spoiler\" style=\"display: none;\">\r\n            <p><strong>R\u00e9ponse correcte :<\/strong> D) Maillot rose.<\/p>\r\n            <p><strong>Explication :<\/strong> \u00c0 l&rsquo;instar du Tour d&rsquo;Italie qui se dispute en parall\u00e8le des 4 Jours de Dunkerque, le leader du classement g\u00e9n\u00e9ral de l&rsquo;\u00e9preuve du Nord de la France porte le maillot rose.<\/p>\r\n        <\/div>\r\n\r\n        <h3>Question 5 : Quel cycliste fran\u00e7ais a remport\u00e9 l\u2019\u00e9dition 2023 des 4 Jours de Dunkerque ?<\/h3>\r\n        <ul>\r\n            <li>A) Cl\u00e9ment Venturini<\/li>\r\n            <li>B) Beno\u00eet Cosnefroy<\/li>\r\n            <li>C) Paul Penho\u00ebt<\/li>\r\n            <li>D) Romain Gr\u00e9goire<\/li>\r\n        <\/ul>\r\n        <button class=\"spoiler-toggle\">Afficher la r\u00e9ponse<\/button>\r\n        <div class=\"spoiler\" style=\"display: none;\">\r\n            <p><strong>R\u00e9ponse correcte :<\/strong> D) Romain Gr\u00e9goire.<\/p>\r\n            <p><strong>Explication :<\/strong> En 2023, Romain Gr\u00e9goire a remport\u00e9 le classement g\u00e9n\u00e9ral des 4 Jours de Dunkerque, devant le Danois Kasper Asgreen et le N\u00e9erlandais Cees Bol.<\/p>\r\n        <\/div>\r\n\r\n        <h3>Question 6 : Quel coureur belge d\u00e9tient le record de victoires au classement g\u00e9n\u00e9ral des 4 Jours de Dunkerque ?<\/h3>\r\n        <ul>\r\n            <li>A) Jef Planckaert<\/li>\r\n            <li>B) Freddy Maertens<\/li>\r\n            <li>C) Jean-Luc Vandenbroucke<\/li>\r\n            <li>D) Johan Museeuw<\/li>\r\n        <\/ul>\r\n        <button class=\"spoiler-toggle\">Afficher la r\u00e9ponse<\/button>\r\n        <div class=\"spoiler\" style=\"display: none;\">\r\n            <p><strong>R\u00e9ponse correcte :<\/strong> B) Freddy Maertens.<\/p>\r\n            <p><strong>Explication :<\/strong> Grand coureur des ann\u00e9es 70, Freddy Maertens s&rsquo;est adjug\u00e9 le classement g\u00e9n\u00e9ral des 4 Jours de Dunkerque en 1973, 1975, 1976 et 1978.<\/p>\r\n        <\/div>\r\n    <\/div>\r\n<\/div>\r\n<p><style>\r\n.quiz-revision-container {\r\n  max-width: 800px;\r\n  margin: 0 auto;\r\n}\r\n.revision-toggle,\r\n.spoiler-toggle {\r\n  background-color: #0057ae;\r\n  color: white;\r\n  border: none;\r\n  padding: 10px 20px;\r\n  cursor: pointer;\r\n  margin: 15px 0;\r\n  border-radius: 4px;\r\n  font-size: 16px;\r\n}\r\n.revision-toggle:hover,\r\n.spoiler-toggle:hover {\r\n  background-color: #0057ae;\r\n}\r\n.revision-content h3 {\r\n  margin-top: 20px;\r\n}\r\n.spoiler {\r\n  margin: 10px 0;\r\n  padding: 10px;\r\n  background-color: #dbe8f5;\r\n  color: #000;\r\n  border-left: 4px solid #0057ae;\r\n}\r\n.spoiler p {\r\n  margin: 5px 0;\r\n}\r\n.spoiler strong {\r\n  color: #000;\r\n}\r\n<\/style> <script>\r\ndocument.addEventListener('DOMContentLoaded', function () {\r\n  const revisionToggle = document.querySelector('.revision-toggle');\r\n  const revisionContent = document.querySelector('.revision-content');\r\n  const spoilerToggles = document.querySelectorAll('.spoiler-toggle');\r\n\r\n  revisionToggle.addEventListener('click', function () {\r\n    const isHidden = revisionContent.style.display === 'none';\r\n    revisionContent.style.display = isHidden ? 'block' : 'none';\r\n    revisionToggle.textContent = isHidden ? 'Masquer les r\u00e9ponses' : 'Afficher les r\u00e9ponses';\r\n\r\n    if (!isHidden) {\r\n      \/\/ Reset all spoilers if hiding\r\n      spoilerToggles.forEach(btn => {\r\n        const spoiler = btn.nextElementSibling;\r\n        spoiler.style.display = 'none';\r\n        btn.textContent = 'Afficher la r\u00e9ponse';\r\n      });\r\n    }\r\n  });\r\n\r\n  spoilerToggles.forEach(btn => {\r\n    btn.addEventListener('click', function () {\r\n      const spoiler = btn.nextElementSibling;\r\n      const isVisible = spoiler.style.display === 'block';\r\n      spoiler.style.display = isVisible ? 'none' : 'block';\r\n      btn.textContent = isVisible ? 'Afficher la r\u00e9ponse' : 'Masquer la r\u00e9ponse';\r\n    });\r\n  });\r\n});\r\n<\/script><\/p>\r\n<p style=\"text-align: justify;\">Si ce quiz vous a plu, d\u00e9couvrez nos autres quiz captivants sur des sports tout aussi passionnants : <strong><a href=\"https:\/\/dicodusport.fr\/blog\/quiz\/\" target=\"_blank\" rel=\"noopener\">Voir tous nos quiz<\/a> <\/strong>!<\/p>\r\n\r\n<h2 style=\"text-align: justify;\">\u00cates-vous un pro des 4 Jours de Dunkerque ?<\/h2>\r\n<p class=\"\" style=\"text-align: justify;\" data-start=\"2098\" data-end=\"2318\">Alors, quel score avez-vous obtenu ? L&rsquo;\u00e9preuve des Hauts-de-France n&rsquo;a-t-elle aucun secret pour vous ? Partagez votre score avec vos amis !<\/p>","protected":false},"excerpt":{"rendered":"<p>Testez vos connaissances sur les 4 Jours de Dunkerque : coureurs, \u00e9tapes, l\u00e9gendes\u2026 Ce quiz cycliste va mettre vos souvenirs \u00e0 l\u2019\u00e9preuve !<\/p>\n","protected":false},"author":4,"featured_media":578535,"comment_status":"open","ping_status":"closed","sticky":false,"template":"","format":"standard","meta":{"_acf_changed":false,"_daextam_enable_autolinks":"1","footnotes":""},"categories":[2307,3692],"tags":[7865,16878,574,2895,5063],"class_list":["post-578452","post","type-post","status-publish","format-standard","has-post-thumbnail","hentry","category-cyclisme","category-quiz","tag-4-jours-de-dunkerque","tag-breve","tag-cyclisme","tag-quiz","tag-quiz-cyclisme"],"acf":[],"yoast_head":"<!-- This site is optimized with the Yoast SEO Premium plugin v26.7 (Yoast SEO v26.7) - https:\/\/yoast.com\/wordpress\/plugins\/seo\/ -->\n<title>Fans de cyclisme, saurez-vous faire un sans-faute sur notre quiz des 4 Jours de Dunkerque ?<\/title>\n<meta name=\"description\" content=\"Testez vos connaissances sur les 4 Jours de Dunkerque : coureurs, \u00e9tapes, l\u00e9gendes\u2026 Ce quiz cycliste va mettre vos souvenirs \u00e0 l\u2019\u00e9preuve !\" \/>\n<meta name=\"robots\" content=\"index, follow, max-snippet:-1, max-image-preview:large, max-video-preview:-1\" \/>\n<link rel=\"canonical\" href=\"https:\/\/dicodusport.fr\/blog\/fans-de-cyclisme-saurez-vous-faire-un-sans-faute-sur-notre-quiz-des-4-jours-de-dunkerque\/\" \/>\n<meta property=\"og:locale\" content=\"fr_FR\" \/>\n<meta property=\"og:type\" content=\"article\" \/>\n<meta property=\"og:title\" content=\"Fans de cyclisme, saurez-vous faire un sans-faute sur notre quiz des 4 Jours de Dunkerque ?\" \/>\n<meta property=\"og:description\" content=\"Testez vos connaissances sur les 4 Jours de Dunkerque : coureurs, \u00e9tapes, l\u00e9gendes\u2026 Ce quiz cycliste va mettre vos souvenirs \u00e0 l\u2019\u00e9preuve !\" \/>\n<meta property=\"og:url\" content=\"https:\/\/dicodusport.fr\/blog\/fans-de-cyclisme-saurez-vous-faire-un-sans-faute-sur-notre-quiz-des-4-jours-de-dunkerque\/\" \/>\n<meta property=\"og:site_name\" content=\"Dicodusport\" \/>\n<meta property=\"article:publisher\" content=\"https:\/\/www.facebook.com\/dicodusport\" \/>\n<meta property=\"article:author\" content=\"https:\/\/www.facebook.com\/florent.ostermann\" \/>\n<meta property=\"article:published_time\" content=\"2025-05-13T15:00:10+00:00\" \/>\n<meta property=\"og:image\" content=\"https:\/\/dicodusport.fr\/blog\/wp-content\/uploads\/2025\/05\/Fans-de-cyclisme-saurez-vous-faire-un-sans-faute-sur-notre-quiz-des-4-Jours-de-Dunkerque-.png\" \/>\n\t<meta property=\"og:image:width\" content=\"1200\" \/>\n\t<meta property=\"og:image:height\" content=\"674\" \/>\n\t<meta property=\"og:image:type\" content=\"image\/png\" \/>\n<meta name=\"author\" content=\"Flo Ostermann\" \/>\n<meta name=\"twitter:card\" content=\"summary_large_image\" \/>\n<meta name=\"twitter:title\" content=\"Fans de cyclisme, saurez-vous faire un sans-faute sur notre quiz des 4 Jours de Dunkerque ?\" \/>\n<meta name=\"twitter:creator\" content=\"@https:\/\/twitter.com\/FlOstermann\" \/>\n<meta name=\"twitter:site\" content=\"@dicodusport\" \/>\n<script type=\"application\/ld+json\" class=\"yoast-schema-graph\">{\"@context\":\"https:\/\/schema.org\",\"@graph\":[{\"@type\":\"NewsArticle\",\"@id\":\"https:\/\/dicodusport.fr\/blog\/fans-de-cyclisme-saurez-vous-faire-un-sans-faute-sur-notre-quiz-des-4-jours-de-dunkerque\/#article\",\"isPartOf\":{\"@id\":\"https:\/\/dicodusport.fr\/blog\/fans-de-cyclisme-saurez-vous-faire-un-sans-faute-sur-notre-quiz-des-4-jours-de-dunkerque\/\"},\"author\":{\"name\":\"Flo Ostermann\",\"@id\":\"https:\/\/dicodusport.fr\/blog\/#\/schema\/person\/cb02af4c173ce4a653b55e9baf388d4a\"},\"headline\":\"Fans de cyclisme, saurez-vous faire un sans-faute sur notre quiz des 4 Jours de Dunkerque ?\",\"datePublished\":\"2025-05-13T15:00:10+00:00\",\"mainEntityOfPage\":{\"@id\":\"https:\/\/dicodusport.fr\/blog\/fans-de-cyclisme-saurez-vous-faire-un-sans-faute-sur-notre-quiz-des-4-jours-de-dunkerque\/\"},\"wordCount\":747,\"commentCount\":0,\"publisher\":{\"@id\":\"https:\/\/dicodusport.fr\/blog\/#organization\"},\"image\":{\"@id\":\"https:\/\/dicodusport.fr\/blog\/fans-de-cyclisme-saurez-vous-faire-un-sans-faute-sur-notre-quiz-des-4-jours-de-dunkerque\/#primaryimage\"},\"thumbnailUrl\":\"https:\/\/dicodusport.fr\/blog\/wp-content\/uploads\/2025\/05\/Fans-de-cyclisme-saurez-vous-faire-un-sans-faute-sur-notre-quiz-des-4-Jours-de-Dunkerque-.png\",\"keywords\":[\"4 Jours de Dunkerque\",\"br\u00e8ve\",\"Cyclisme\",\"Quiz\",\"quiz cyclisme\"],\"articleSection\":[\"Cyclisme\",\"Quiz\"],\"inLanguage\":\"fr-FR\",\"potentialAction\":[{\"@type\":\"CommentAction\",\"name\":\"Comment\",\"target\":[\"https:\/\/dicodusport.fr\/blog\/fans-de-cyclisme-saurez-vous-faire-un-sans-faute-sur-notre-quiz-des-4-jours-de-dunkerque\/#respond\"]}],\"copyrightYear\":\"2025\",\"copyrightHolder\":{\"@id\":\"https:\/\/dicodusport.fr\/blog\/#organization\"}},{\"@type\":\"WebPage\",\"@id\":\"https:\/\/dicodusport.fr\/blog\/fans-de-cyclisme-saurez-vous-faire-un-sans-faute-sur-notre-quiz-des-4-jours-de-dunkerque\/\",\"url\":\"https:\/\/dicodusport.fr\/blog\/fans-de-cyclisme-saurez-vous-faire-un-sans-faute-sur-notre-quiz-des-4-jours-de-dunkerque\/\",\"name\":\"Fans de cyclisme, saurez-vous faire un sans-faute sur notre quiz des 4 Jours de Dunkerque ?\",\"isPartOf\":{\"@id\":\"https:\/\/dicodusport.fr\/blog\/#website\"},\"primaryImageOfPage\":{\"@id\":\"https:\/\/dicodusport.fr\/blog\/fans-de-cyclisme-saurez-vous-faire-un-sans-faute-sur-notre-quiz-des-4-jours-de-dunkerque\/#primaryimage\"},\"image\":{\"@id\":\"https:\/\/dicodusport.fr\/blog\/fans-de-cyclisme-saurez-vous-faire-un-sans-faute-sur-notre-quiz-des-4-jours-de-dunkerque\/#primaryimage\"},\"thumbnailUrl\":\"https:\/\/dicodusport.fr\/blog\/wp-content\/uploads\/2025\/05\/Fans-de-cyclisme-saurez-vous-faire-un-sans-faute-sur-notre-quiz-des-4-Jours-de-Dunkerque-.png\",\"datePublished\":\"2025-05-13T15:00:10+00:00\",\"description\":\"Testez vos connaissances sur les 4 Jours de Dunkerque : coureurs, \u00e9tapes, l\u00e9gendes\u2026 Ce quiz cycliste va mettre vos souvenirs \u00e0 l\u2019\u00e9preuve !\",\"breadcrumb\":{\"@id\":\"https:\/\/dicodusport.fr\/blog\/fans-de-cyclisme-saurez-vous-faire-un-sans-faute-sur-notre-quiz-des-4-jours-de-dunkerque\/#breadcrumb\"},\"inLanguage\":\"fr-FR\",\"potentialAction\":[{\"@type\":\"ReadAction\",\"target\":[\"https:\/\/dicodusport.fr\/blog\/fans-de-cyclisme-saurez-vous-faire-un-sans-faute-sur-notre-quiz-des-4-jours-de-dunkerque\/\"]}]},{\"@type\":\"ImageObject\",\"inLanguage\":\"fr-FR\",\"@id\":\"https:\/\/dicodusport.fr\/blog\/fans-de-cyclisme-saurez-vous-faire-un-sans-faute-sur-notre-quiz-des-4-jours-de-dunkerque\/#primaryimage\",\"url\":\"https:\/\/dicodusport.fr\/blog\/wp-content\/uploads\/2025\/05\/Fans-de-cyclisme-saurez-vous-faire-un-sans-faute-sur-notre-quiz-des-4-Jours-de-Dunkerque-.png\",\"contentUrl\":\"https:\/\/dicodusport.fr\/blog\/wp-content\/uploads\/2025\/05\/Fans-de-cyclisme-saurez-vous-faire-un-sans-faute-sur-notre-quiz-des-4-Jours-de-Dunkerque-.png\",\"width\":1200,\"height\":674,\"caption\":\"Fans de cyclisme, saurez-vous faire un sans-faute sur notre quiz des 4 Jours de Dunkerque\"},{\"@type\":\"BreadcrumbList\",\"@id\":\"https:\/\/dicodusport.fr\/blog\/fans-de-cyclisme-saurez-vous-faire-un-sans-faute-sur-notre-quiz-des-4-jours-de-dunkerque\/#breadcrumb\",\"itemListElement\":[{\"@type\":\"ListItem\",\"position\":1,\"name\":\"Accueil\",\"item\":\"https:\/\/dicodusport.fr\/blog\/\"},{\"@type\":\"ListItem\",\"position\":2,\"name\":\"Fans de cyclisme, saurez-vous faire un sans-faute sur notre quiz des 4 Jours de Dunkerque ?\"}]},{\"@type\":\"WebSite\",\"@id\":\"https:\/\/dicodusport.fr\/blog\/#website\",\"url\":\"https:\/\/dicodusport.fr\/blog\/\",\"name\":\"Dicodusport\",\"description\":\"L&#039;encyclop\u00e9die de l&#039;actualit\u00e9 sportive\",\"publisher\":{\"@id\":\"https:\/\/dicodusport.fr\/blog\/#organization\"},\"potentialAction\":[{\"@type\":\"SearchAction\",\"target\":{\"@type\":\"EntryPoint\",\"urlTemplate\":\"https:\/\/dicodusport.fr\/blog\/?s={search_term_string}\"},\"query-input\":{\"@type\":\"PropertyValueSpecification\",\"valueRequired\":true,\"valueName\":\"search_term_string\"}}],\"inLanguage\":\"fr-FR\"},{\"@type\":\"NewsMediaOrganization\",\"@id\":\"https:\/\/dicodusport.fr\/blog\/#organization\",\"name\":\"Dicodusport\",\"url\":\"https:\/\/dicodusport.fr\/blog\/\",\"logo\":{\"@type\":\"ImageObject\",\"inLanguage\":\"fr-FR\",\"@id\":\"https:\/\/dicodusport.fr\/blog\/#\/schema\/logo\/image\/\",\"url\":\"https:\/\/dicodusport.fr\/blog\/wp-content\/uploads\/2020\/06\/cropped-LOGO-DICODUSPORT-2020-SANS-FOND-SANS-TEXTE.png\",\"contentUrl\":\"https:\/\/dicodusport.fr\/blog\/wp-content\/uploads\/2020\/06\/cropped-LOGO-DICODUSPORT-2020-SANS-FOND-SANS-TEXTE.png\",\"width\":512,\"height\":512,\"caption\":\"Dicodusport\"},\"image\":{\"@id\":\"https:\/\/dicodusport.fr\/blog\/#\/schema\/logo\/image\/\"},\"sameAs\":[\"https:\/\/www.facebook.com\/dicodusport\",\"https:\/\/x.com\/dicodusport\",\"https:\/\/www.instagram.com\/dicodusport\/\",\"https:\/\/www.youtube.com\/channel\/UC7V2KZ5sd3htJivAbA4ZG3w\"],\"description\":\"Dicodusport est l'encyclop\u00e9die de l'actualit\u00e9 sportive.\",\"email\":\"bonjour@dicodusport.fr\",\"legalName\":\"DICODUSPORT\",\"foundingDate\":\"2018-01-14\",\"vatID\":\"FR71834470973\",\"taxID\":\"83447097300043\",\"numberOfEmployees\":{\"@type\":\"QuantitativeValue\",\"minValue\":\"1\",\"maxValue\":\"10\"}},{\"@type\":\"Person\",\"@id\":\"https:\/\/dicodusport.fr\/blog\/#\/schema\/person\/cb02af4c173ce4a653b55e9baf388d4a\",\"name\":\"Flo Ostermann\",\"image\":{\"@type\":\"ImageObject\",\"inLanguage\":\"fr-FR\",\"@id\":\"https:\/\/dicodusport.fr\/blog\/#\/schema\/person\/image\/\",\"url\":\"https:\/\/dicodusport.fr\/blog\/wp-content\/uploads\/2021\/05\/Flo-Ostermann-150x150.jpg\",\"contentUrl\":\"https:\/\/dicodusport.fr\/blog\/wp-content\/uploads\/2021\/05\/Flo-Ostermann-150x150.jpg\",\"caption\":\"Flo Ostermann\"},\"description\":\"Journaliste\/R\u00e9dacteur depuis septembre 2015 - Mes premiers souvenirs dans le sport ? Les envol\u00e9es du Stade Toulousain et les duels Villeneuve-Schumacher et H\u00e4kkinen-Schumacher \u00e0 la fin des ann\u00e9es 90, la Coupe du monde de football en 1998, l\u2019exploit du XV de France face aux All Blacks en 1999, mais aussi Richard C\u0153ur de Lion qui vole sur les montagnes du Tour de France. Bien parti pour devenir professeur d\u2019EPS, les \u00e9v\u00e9nements de la vie (et la flemme d\u2019animer des s\u00e9ances de 3x500 m\u00e8tres toute ma vie) m\u2019ont conduit \u00e0 revoir mes plans. Me voil\u00e0 depuis fin 2017 sur Dicodusport, m\u00e9dia gr\u00e2ce (et pour) lequel je partage ma passion : le sport dans tous ses \u00e9tats. Le tout accompagn\u00e9 par les fous furieux et folles furieuses cit\u00e9s sur cette page !\",\"sameAs\":[\"https:\/\/www.facebook.com\/florent.ostermann\",\"https:\/\/x.com\/https:\/\/twitter.com\/FlOstermann\",\"admin\"],\"url\":\"https:\/\/dicodusport.fr\/blog\/author\/flo\/\"}]}<\/script>\n<!-- \/ Yoast SEO Premium plugin. -->","yoast_head_json":{"title":"Fans de cyclisme, saurez-vous faire un sans-faute sur notre quiz des 4 Jours de Dunkerque ?","description":"Testez vos connaissances sur les 4 Jours de Dunkerque : coureurs, \u00e9tapes, l\u00e9gendes\u2026 Ce quiz cycliste va mettre vos souvenirs \u00e0 l\u2019\u00e9preuve !","robots":{"index":"index","follow":"follow","max-snippet":"max-snippet:-1","max-image-preview":"max-image-preview:large","max-video-preview":"max-video-preview:-1"},"canonical":"https:\/\/dicodusport.fr\/blog\/fans-de-cyclisme-saurez-vous-faire-un-sans-faute-sur-notre-quiz-des-4-jours-de-dunkerque\/","og_locale":"fr_FR","og_type":"article","og_title":"Fans de cyclisme, saurez-vous faire un sans-faute sur notre quiz des 4 Jours de Dunkerque ?","og_description":"Testez vos connaissances sur les 4 Jours de Dunkerque : coureurs, \u00e9tapes, l\u00e9gendes\u2026 Ce quiz cycliste va mettre vos souvenirs \u00e0 l\u2019\u00e9preuve !","og_url":"https:\/\/dicodusport.fr\/blog\/fans-de-cyclisme-saurez-vous-faire-un-sans-faute-sur-notre-quiz-des-4-jours-de-dunkerque\/","og_site_name":"Dicodusport","article_publisher":"https:\/\/www.facebook.com\/dicodusport","article_author":"https:\/\/www.facebook.com\/florent.ostermann","article_published_time":"2025-05-13T15:00:10+00:00","og_image":[{"width":1200,"height":674,"url":"https:\/\/dicodusport.fr\/blog\/wp-content\/uploads\/2025\/05\/Fans-de-cyclisme-saurez-vous-faire-un-sans-faute-sur-notre-quiz-des-4-Jours-de-Dunkerque-.png","type":"image\/png"}],"author":"Flo Ostermann","twitter_card":"summary_large_image","twitter_title":"Fans de cyclisme, saurez-vous faire un sans-faute sur notre quiz des 4 Jours de Dunkerque ?","twitter_creator":"@https:\/\/twitter.com\/FlOstermann","twitter_site":"@dicodusport","schema":{"@context":"https:\/\/schema.org","@graph":[{"@type":"NewsArticle","@id":"https:\/\/dicodusport.fr\/blog\/fans-de-cyclisme-saurez-vous-faire-un-sans-faute-sur-notre-quiz-des-4-jours-de-dunkerque\/#article","isPartOf":{"@id":"https:\/\/dicodusport.fr\/blog\/fans-de-cyclisme-saurez-vous-faire-un-sans-faute-sur-notre-quiz-des-4-jours-de-dunkerque\/"},"author":{"name":"Flo Ostermann","@id":"https:\/\/dicodusport.fr\/blog\/#\/schema\/person\/cb02af4c173ce4a653b55e9baf388d4a"},"headline":"Fans de cyclisme, saurez-vous faire un sans-faute sur notre quiz des 4 Jours de Dunkerque ?","datePublished":"2025-05-13T15:00:10+00:00","mainEntityOfPage":{"@id":"https:\/\/dicodusport.fr\/blog\/fans-de-cyclisme-saurez-vous-faire-un-sans-faute-sur-notre-quiz-des-4-jours-de-dunkerque\/"},"wordCount":747,"commentCount":0,"publisher":{"@id":"https:\/\/dicodusport.fr\/blog\/#organization"},"image":{"@id":"https:\/\/dicodusport.fr\/blog\/fans-de-cyclisme-saurez-vous-faire-un-sans-faute-sur-notre-quiz-des-4-jours-de-dunkerque\/#primaryimage"},"thumbnailUrl":"https:\/\/dicodusport.fr\/blog\/wp-content\/uploads\/2025\/05\/Fans-de-cyclisme-saurez-vous-faire-un-sans-faute-sur-notre-quiz-des-4-Jours-de-Dunkerque-.png","keywords":["4 Jours de Dunkerque","br\u00e8ve","Cyclisme","Quiz","quiz cyclisme"],"articleSection":["Cyclisme","Quiz"],"inLanguage":"fr-FR","potentialAction":[{"@type":"CommentAction","name":"Comment","target":["https:\/\/dicodusport.fr\/blog\/fans-de-cyclisme-saurez-vous-faire-un-sans-faute-sur-notre-quiz-des-4-jours-de-dunkerque\/#respond"]}],"copyrightYear":"2025","copyrightHolder":{"@id":"https:\/\/dicodusport.fr\/blog\/#organization"}},{"@type":"WebPage","@id":"https:\/\/dicodusport.fr\/blog\/fans-de-cyclisme-saurez-vous-faire-un-sans-faute-sur-notre-quiz-des-4-jours-de-dunkerque\/","url":"https:\/\/dicodusport.fr\/blog\/fans-de-cyclisme-saurez-vous-faire-un-sans-faute-sur-notre-quiz-des-4-jours-de-dunkerque\/","name":"Fans de cyclisme, saurez-vous faire un sans-faute sur notre quiz des 4 Jours de Dunkerque ?","isPartOf":{"@id":"https:\/\/dicodusport.fr\/blog\/#website"},"primaryImageOfPage":{"@id":"https:\/\/dicodusport.fr\/blog\/fans-de-cyclisme-saurez-vous-faire-un-sans-faute-sur-notre-quiz-des-4-jours-de-dunkerque\/#primaryimage"},"image":{"@id":"https:\/\/dicodusport.fr\/blog\/fans-de-cyclisme-saurez-vous-faire-un-sans-faute-sur-notre-quiz-des-4-jours-de-dunkerque\/#primaryimage"},"thumbnailUrl":"https:\/\/dicodusport.fr\/blog\/wp-content\/uploads\/2025\/05\/Fans-de-cyclisme-saurez-vous-faire-un-sans-faute-sur-notre-quiz-des-4-Jours-de-Dunkerque-.png","datePublished":"2025-05-13T15:00:10+00:00","description":"Testez vos connaissances sur les 4 Jours de Dunkerque : coureurs, \u00e9tapes, l\u00e9gendes\u2026 Ce quiz cycliste va mettre vos souvenirs \u00e0 l\u2019\u00e9preuve !","breadcrumb":{"@id":"https:\/\/dicodusport.fr\/blog\/fans-de-cyclisme-saurez-vous-faire-un-sans-faute-sur-notre-quiz-des-4-jours-de-dunkerque\/#breadcrumb"},"inLanguage":"fr-FR","potentialAction":[{"@type":"ReadAction","target":["https:\/\/dicodusport.fr\/blog\/fans-de-cyclisme-saurez-vous-faire-un-sans-faute-sur-notre-quiz-des-4-jours-de-dunkerque\/"]}]},{"@type":"ImageObject","inLanguage":"fr-FR","@id":"https:\/\/dicodusport.fr\/blog\/fans-de-cyclisme-saurez-vous-faire-un-sans-faute-sur-notre-quiz-des-4-jours-de-dunkerque\/#primaryimage","url":"https:\/\/dicodusport.fr\/blog\/wp-content\/uploads\/2025\/05\/Fans-de-cyclisme-saurez-vous-faire-un-sans-faute-sur-notre-quiz-des-4-Jours-de-Dunkerque-.png","contentUrl":"https:\/\/dicodusport.fr\/blog\/wp-content\/uploads\/2025\/05\/Fans-de-cyclisme-saurez-vous-faire-un-sans-faute-sur-notre-quiz-des-4-Jours-de-Dunkerque-.png","width":1200,"height":674,"caption":"Fans de cyclisme, saurez-vous faire un sans-faute sur notre quiz des 4 Jours de Dunkerque"},{"@type":"BreadcrumbList","@id":"https:\/\/dicodusport.fr\/blog\/fans-de-cyclisme-saurez-vous-faire-un-sans-faute-sur-notre-quiz-des-4-jours-de-dunkerque\/#breadcrumb","itemListElement":[{"@type":"ListItem","position":1,"name":"Accueil","item":"https:\/\/dicodusport.fr\/blog\/"},{"@type":"ListItem","position":2,"name":"Fans de cyclisme, saurez-vous faire un sans-faute sur notre quiz des 4 Jours de Dunkerque ?"}]},{"@type":"WebSite","@id":"https:\/\/dicodusport.fr\/blog\/#website","url":"https:\/\/dicodusport.fr\/blog\/","name":"Dicodusport","description":"L&#039;encyclop\u00e9die de l&#039;actualit\u00e9 sportive","publisher":{"@id":"https:\/\/dicodusport.fr\/blog\/#organization"},"potentialAction":[{"@type":"SearchAction","target":{"@type":"EntryPoint","urlTemplate":"https:\/\/dicodusport.fr\/blog\/?s={search_term_string}"},"query-input":{"@type":"PropertyValueSpecification","valueRequired":true,"valueName":"search_term_string"}}],"inLanguage":"fr-FR"},{"@type":"NewsMediaOrganization","@id":"https:\/\/dicodusport.fr\/blog\/#organization","name":"Dicodusport","url":"https:\/\/dicodusport.fr\/blog\/","logo":{"@type":"ImageObject","inLanguage":"fr-FR","@id":"https:\/\/dicodusport.fr\/blog\/#\/schema\/logo\/image\/","url":"https:\/\/dicodusport.fr\/blog\/wp-content\/uploads\/2020\/06\/cropped-LOGO-DICODUSPORT-2020-SANS-FOND-SANS-TEXTE.png","contentUrl":"https:\/\/dicodusport.fr\/blog\/wp-content\/uploads\/2020\/06\/cropped-LOGO-DICODUSPORT-2020-SANS-FOND-SANS-TEXTE.png","width":512,"height":512,"caption":"Dicodusport"},"image":{"@id":"https:\/\/dicodusport.fr\/blog\/#\/schema\/logo\/image\/"},"sameAs":["https:\/\/www.facebook.com\/dicodusport","https:\/\/x.com\/dicodusport","https:\/\/www.instagram.com\/dicodusport\/","https:\/\/www.youtube.com\/channel\/UC7V2KZ5sd3htJivAbA4ZG3w"],"description":"Dicodusport est l'encyclop\u00e9die de l'actualit\u00e9 sportive.","email":"bonjour@dicodusport.fr","legalName":"DICODUSPORT","foundingDate":"2018-01-14","vatID":"FR71834470973","taxID":"83447097300043","numberOfEmployees":{"@type":"QuantitativeValue","minValue":"1","maxValue":"10"}},{"@type":"Person","@id":"https:\/\/dicodusport.fr\/blog\/#\/schema\/person\/cb02af4c173ce4a653b55e9baf388d4a","name":"Flo Ostermann","image":{"@type":"ImageObject","inLanguage":"fr-FR","@id":"https:\/\/dicodusport.fr\/blog\/#\/schema\/person\/image\/","url":"https:\/\/dicodusport.fr\/blog\/wp-content\/uploads\/2021\/05\/Flo-Ostermann-150x150.jpg","contentUrl":"https:\/\/dicodusport.fr\/blog\/wp-content\/uploads\/2021\/05\/Flo-Ostermann-150x150.jpg","caption":"Flo Ostermann"},"description":"Journaliste\/R\u00e9dacteur depuis septembre 2015 - Mes premiers souvenirs dans le sport ? Les envol\u00e9es du Stade Toulousain et les duels Villeneuve-Schumacher et H\u00e4kkinen-Schumacher \u00e0 la fin des ann\u00e9es 90, la Coupe du monde de football en 1998, l\u2019exploit du XV de France face aux All Blacks en 1999, mais aussi Richard C\u0153ur de Lion qui vole sur les montagnes du Tour de France. Bien parti pour devenir professeur d\u2019EPS, les \u00e9v\u00e9nements de la vie (et la flemme d\u2019animer des s\u00e9ances de 3x500 m\u00e8tres toute ma vie) m\u2019ont conduit \u00e0 revoir mes plans. Me voil\u00e0 depuis fin 2017 sur Dicodusport, m\u00e9dia gr\u00e2ce (et pour) lequel je partage ma passion : le sport dans tous ses \u00e9tats. Le tout accompagn\u00e9 par les fous furieux et folles furieuses cit\u00e9s sur cette page !","sameAs":["https:\/\/www.facebook.com\/florent.ostermann","https:\/\/x.com\/https:\/\/twitter.com\/FlOstermann","admin"],"url":"https:\/\/dicodusport.fr\/blog\/author\/flo\/"}]}},"_links":{"self":[{"href":"https:\/\/dicodusport.fr\/blog\/wp-json\/wp\/v2\/posts\/578452","targetHints":{"allow":["GET"]}}],"collection":[{"href":"https:\/\/dicodusport.fr\/blog\/wp-json\/wp\/v2\/posts"}],"about":[{"href":"https:\/\/dicodusport.fr\/blog\/wp-json\/wp\/v2\/types\/post"}],"author":[{"embeddable":true,"href":"https:\/\/dicodusport.fr\/blog\/wp-json\/wp\/v2\/users\/4"}],"replies":[{"embeddable":true,"href":"https:\/\/dicodusport.fr\/blog\/wp-json\/wp\/v2\/comments?post=578452"}],"version-history":[{"count":4,"href":"https:\/\/dicodusport.fr\/blog\/wp-json\/wp\/v2\/posts\/578452\/revisions"}],"predecessor-version":[{"id":578611,"href":"https:\/\/dicodusport.fr\/blog\/wp-json\/wp\/v2\/posts\/578452\/revisions\/578611"}],"wp:featuredmedia":[{"embeddable":true,"href":"https:\/\/dicodusport.fr\/blog\/wp-json\/wp\/v2\/media\/578535"}],"wp:attachment":[{"href":"https:\/\/dicodusport.fr\/blog\/wp-json\/wp\/v2\/media?parent=578452"}],"wp:term":[{"taxonomy":"category","embeddable":true,"href":"https:\/\/dicodusport.fr\/blog\/wp-json\/wp\/v2\/categories?post=578452"},{"taxonomy":"post_tag","embeddable":true,"href":"https:\/\/dicodusport.fr\/blog\/wp-json\/wp\/v2\/tags?post=578452"}],"curies":[{"name":"wp","href":"https:\/\/api.w.org\/{rel}","templated":true}]}}