{"id":578462,"date":"2025-05-12T10:26:38","date_gmt":"2025-05-12T08:26:38","guid":{"rendered":"https:\/\/dicodusport.fr\/blog\/?p=578462&#038;preview=true&#038;preview_id=578462"},"modified":"2025-05-13T04:02:33","modified_gmt":"2025-05-13T02:02:33","slug":"mercato-om-plusieurs-cadres-de-marseille-sur-le-depart-cet-ete","status":"publish","type":"post","link":"https:\/\/dicodusport.fr\/blog\/mercato-om-plusieurs-cadres-de-marseille-sur-le-depart-cet-ete\/","title":{"rendered":"Mercato OM : Plusieurs cadres de Marseille sur le d\u00e9part cet \u00e9t\u00e9"},"content":{"rendered":"<h4 style=\"text-align: justify;\"><em>TRANSFERTS MARSEILLE &#8211; Selon <a href=\"https:\/\/www.lequipe.fr\/Football\/Article\/Qualifie-pour-la-ligue-des-champions-l-om-va-animer-le-mercato-estival\/1561102\">L&rsquo;\u00c9quipe<\/a>, l&rsquo;OM pourrait bien voir plusieurs joueurs quitter le club apr\u00e8s la qualification en Ligue des Champions.<\/em><\/h4>\n<p style=\"text-align: justify;\">\u00c0 une journ\u00e9e de la fin de saison en Ligue 1, l&rsquo;<strong>Olympique de Marseille<\/strong> peut souffler. Samedi, les Phoc\u00e9ens ont valid\u00e9 pour de bon leur ticket direct pour la Ligue des Champions en s&rsquo;imposant au Havre lors d&rsquo;un match qui a \u00e9t\u00e9 interrompu. Ainsi, l&rsquo;OM peut commencer \u00e0 travailler sur les contours de son effectif pour la saison prochaine, et selon L&rsquo;\u00c9quipe, il pourrait \u00eatre bien renouvel\u00e9.<\/p>\n<h2 style=\"text-align: justify;\">Rabiot &#8211; Greenwood, stop ou encore ?<\/h2>\n<p style=\"text-align: justify;\">Pour <strong>Luis Henrique<\/strong>, un d\u00e9part vers l&rsquo;Inter Milan est murmur\u00e9 depuis plusieurs mois, \u00e0 condition que tout le monde s&rsquo;entende sur l&rsquo;indemnit\u00e9 de transfert. Mais beaucoup de choses pourraient se jouer au milieu de terrain. Si <strong>Pierre-Emile H\u00f8jbjerg<\/strong> va voir lev\u00e9e une option d&rsquo;achat obligatoire et donc rester sur La Canebi\u00e8re, le premier gros dossier concerne <strong>Adrien Rabiot<\/strong>. Le milieu de terrain international a r\u00e9duit son salaire pour jouer \u00e0 l&rsquo;OM cette saison, en sera-t-il de m\u00eame pour la prochaine ? On sait que dans ce genre de cas, rien n&rsquo;est certain. Puisque <strong>Rabiot<\/strong> s&rsquo;est remis sur le devant de la sc\u00e8ne cette saison, il pourrait recevoir quelques offres lucratives. Et il ne lui reste qu&rsquo;un an de contrat, en option de surcroit.<\/p>\n<div class=\"vlp-link-container vlp-layout-article\"><a href=\"https:\/\/dicodusport.fr\/blog\/transferts-om-un-cador-italien-sur-luis-henrique\/\" class=\"vlp-link\" title=\"Transferts OM : Un cador italien veut Luis Henrique\"><\/a><div class=\"vlp-layout-zone-side\"><div class=\"vlp-block-4 vlp-link-image\"><img loading=\"lazy\" decoding=\"async\" style=\"max-width: 792px;\" width=\"792\" height=\"445\" src=\"https:\/\/dicodusport.fr\/blog\/wp-content\/uploads\/2025\/04\/Transferts-OM-Un-cador-italien-sur-Luis-Henrique.png\" class=\"attachment-800x445 size-800x445\" alt=\"Transferts OM Un cador italien sur Luis Henrique\" srcset=\"https:\/\/dicodusport.fr\/blog\/wp-content\/uploads\/2025\/04\/Transferts-OM-Un-cador-italien-sur-Luis-Henrique.png 1200w, https:\/\/dicodusport.fr\/blog\/wp-content\/uploads\/2025\/04\/Transferts-OM-Un-cador-italien-sur-Luis-Henrique-300x169.png 300w, https:\/\/dicodusport.fr\/blog\/wp-content\/uploads\/2025\/04\/Transferts-OM-Un-cador-italien-sur-Luis-Henrique-1024x575.png 1024w, https:\/\/dicodusport.fr\/blog\/wp-content\/uploads\/2025\/04\/Transferts-OM-Un-cador-italien-sur-Luis-Henrique-768x431.png 768w\" sizes=\"auto, (max-width: 792px) 100vw, 792px\" \/><\/div><\/div><div class=\"vlp-layout-zone-main\"><div class=\"vlp-block-0 vlp-link-title\">Transferts OM : Un cador italien veut Luis Henrique<\/div><div class=\"vlp-block-1 vlp-link-summary\">TRANSFERTS OM - Luis Henrique ne devrait pas faire long feu \u00e0 l'Olympique de Marseille. L'ailier br\u00e9silien, auteur de la meilleure saison de sa carri\u00e8re, est cibl\u00e9 par de nombreux clubs europ\u00e9ens.<\/div><div class=\"vlp-block-2 vlp-link-button\">Lire l'article<\/div><div class=\"vlp-block-3 vlp-link-url\">dicodusport.fr<\/div><\/div><\/div>\n<p style=\"text-align: justify;\">L&rsquo;autre dossier chaud, c&rsquo;est bien \u00e9videmment <strong>Mason Greenwood<\/strong>. Tout a \u00e9t\u00e9 dit sur le parcours de l&rsquo;ancien de Manchester United, qui touchera 50% des droits \u00e0 la revente du joueur. Un r\u00e9el frein \u00e0 un transfert, m\u00eame si son nom circule \u00e0 peu pr\u00e8s partout en Europe. Marseille a pris le risque de le faire venir, pourquoi s&rsquo;en d\u00e9barrasser apr\u00e8s une saison ? L\u00e0 encore, la logique du march\u00e9 pourrait parler si possibilit\u00e9 de b\u00e9n\u00e9fice il y a, ce qui semble toutefois peu probable. Apr\u00e8s l&#8217;embrasement m\u00e9diatique autour de son arriv\u00e9e, sa situation sera scrut\u00e9e de pr\u00e8s.<\/p>\n<p style=\"text-align: justify;\">Arriv\u00e9 en janvier pr\u00e9c\u00e9d\u00e9 d&rsquo;une flatteuse r\u00e9putation, <strong>Luis Felipe<\/strong> n&rsquo;a rien montr\u00e9 et devrait prendre la porte. Il en sera sans doute de m\u00eame pour <strong>Pol Lirola<\/strong>, dont la cote a chut\u00e9, <strong>Amar Dedic<\/strong>, qui va retourner \u00e0 Salzbourg, et peut-\u00eatre pour le portier rempla\u00e7ant<strong> Jeffrey de Lange<\/strong>. <strong>Chancel Mbemba<\/strong>, sacrifi\u00e9 cette saison, arrive lui en fin de contrat. Restent <strong>Neal Maupay<\/strong> et <strong>Amine Harit<\/strong>. Deux joueurs totalement sortis des plans de <strong>Roberto De Zerbi<\/strong>, entre blessures et mauvaises performances. Il va falloir faire de la place pour un recrutement qui s&rsquo;annonce clinquant, et les deux joueurs devraient \u00eatre incit\u00e9s \u00e0 partir.<\/p>\n<h2 style=\"text-align: justify;\">\u00c0 ce sujet<\/h2>\n<div class=\"vlp-link-container vlp-layout-article\"><a href=\"https:\/\/dicodusport.fr\/blog\/transferts-om-aymeric-laporte-tout-proche-de-signer-a-marseille\/\" class=\"vlp-link\" title=\"Transferts OM : Aymeric Laporte tout proche de signer \u00e0 Marseille\"><\/a><div class=\"vlp-layout-zone-side\"><div class=\"vlp-block-4 vlp-link-image\"><img loading=\"lazy\" decoding=\"async\" style=\"max-width: 792px;\" width=\"792\" height=\"445\" src=\"https:\/\/dicodusport.fr\/blog\/wp-content\/uploads\/2025\/05\/Transferts-OM-Aymeric-Laporte-tout-proche-de-signer-a-Marseille.png\" class=\"attachment-800x445 size-800x445\" alt=\"Transferts OM Aymeric Laporte tout proche de signer \u00e0 Marseille\" srcset=\"https:\/\/dicodusport.fr\/blog\/wp-content\/uploads\/2025\/05\/Transferts-OM-Aymeric-Laporte-tout-proche-de-signer-a-Marseille.png 1200w, https:\/\/dicodusport.fr\/blog\/wp-content\/uploads\/2025\/05\/Transferts-OM-Aymeric-Laporte-tout-proche-de-signer-a-Marseille-300x169.png 300w, https:\/\/dicodusport.fr\/blog\/wp-content\/uploads\/2025\/05\/Transferts-OM-Aymeric-Laporte-tout-proche-de-signer-a-Marseille-1024x575.png 1024w, https:\/\/dicodusport.fr\/blog\/wp-content\/uploads\/2025\/05\/Transferts-OM-Aymeric-Laporte-tout-proche-de-signer-a-Marseille-768x431.png 768w\" sizes=\"auto, (max-width: 792px) 100vw, 792px\" \/><\/div><\/div><div class=\"vlp-layout-zone-main\"><div class=\"vlp-block-0 vlp-link-title\">Transferts OM : Aymeric Laporte tout proche de signer \u00e0 Marseille<\/div><div class=\"vlp-block-1 vlp-link-summary\">TRANSFERTS MARSEILLE - Selon La Provence, Marseille pourrait bien s'offrir les services d'Aymeric Laporte, mais seulement en cas de qualification en Ligue des Champions.\u00a0<\/div><div class=\"vlp-block-2 vlp-link-button\">Lire l'article<\/div><div class=\"vlp-block-3 vlp-link-url\">dicodusport.fr<\/div><\/div><\/div>\n","protected":false},"excerpt":{"rendered":"<p>TRANSFERTS MARSEILLE &#8211; Selon L&rsquo;\u00c9quipe, l&rsquo;OM pourrait bien voir plusieurs joueurs quitter le club apr\u00e8s la qualification en Ligue des Champions.<\/p>\n","protected":false},"author":59,"featured_media":578471,"comment_status":"open","ping_status":"closed","sticky":false,"template":"","format":"standard","meta":{"_acf_changed":false,"_daextam_enable_autolinks":"1","footnotes":""},"categories":[2301],"tags":[4927,16878,74,75,2391,9363,41344,1889,2832],"class_list":["post-578462","post","type-post","status-publish","format-standard","has-post-thumbnail","hentry","category-football","tag-adrien-rabiot","tag-breve","tag-foot","tag-football","tag-losc","tag-mason-greenwood","tag-mercatom","tag-om","tag-transferts"],"acf":[],"yoast_head":"<!-- This site is optimized with the Yoast SEO Premium plugin v26.7 (Yoast SEO v26.7) - https:\/\/yoast.com\/wordpress\/plugins\/seo\/ -->\n<title>Mercato OM : Plusieurs cadres de Marseille sur le d\u00e9part cet \u00e9t\u00e9<\/title>\n<meta name=\"description\" content=\"TRANSFERTS MARSEILLE - Selon L&#039;\u00c9quipe, l&#039;OM pourrait bien voir plusieurs joueurs quitter le club apr\u00e8s la qualification en Ligue des Champions.\" \/>\n<meta name=\"robots\" content=\"index, follow, max-snippet:-1, max-image-preview:large, max-video-preview:-1\" \/>\n<link rel=\"canonical\" href=\"https:\/\/dicodusport.fr\/blog\/mercato-om-plusieurs-cadres-de-marseille-sur-le-depart-cet-ete\/\" \/>\n<meta property=\"og:locale\" content=\"fr_FR\" \/>\n<meta property=\"og:type\" content=\"article\" \/>\n<meta property=\"og:title\" content=\"Mercato OM : Plusieurs cadres de Marseille sur le d\u00e9part cet \u00e9t\u00e9\" \/>\n<meta property=\"og:description\" content=\"TRANSFERTS MARSEILLE - Selon L&#039;\u00c9quipe, l&#039;OM pourrait bien voir plusieurs joueurs quitter le club apr\u00e8s la qualification en Ligue des Champions.\" \/>\n<meta property=\"og:url\" content=\"https:\/\/dicodusport.fr\/blog\/mercato-om-plusieurs-cadres-de-marseille-sur-le-depart-cet-ete\/\" \/>\n<meta property=\"og:site_name\" content=\"Dicodusport\" \/>\n<meta property=\"article:publisher\" content=\"https:\/\/www.facebook.com\/dicodusport\" \/>\n<meta property=\"article:author\" content=\"https:\/\/www.facebook.com\/sebastien.gente\/\" \/>\n<meta property=\"article:published_time\" content=\"2025-05-12T08:26:38+00:00\" \/>\n<meta property=\"article:modified_time\" content=\"2025-05-13T02:02:33+00:00\" \/>\n<meta property=\"og:image\" content=\"https:\/\/dicodusport.fr\/blog\/wp-content\/uploads\/2025\/05\/Mercato-OM-Plusieurs-cadres-de-Marseille-sur-le-depart-cet-ete.png\" \/>\n\t<meta property=\"og:image:width\" content=\"1200\" \/>\n\t<meta property=\"og:image:height\" content=\"674\" \/>\n\t<meta property=\"og:image:type\" content=\"image\/png\" \/>\n<meta name=\"author\" content=\"S\u00e9bastien Gente\" \/>\n<meta name=\"twitter:card\" content=\"summary_large_image\" \/>\n<meta name=\"twitter:title\" content=\"Mercato OM : Plusieurs cadres de Marseille sur le d\u00e9part cet \u00e9t\u00e9\" \/>\n<meta name=\"twitter:creator\" content=\"@https:\/\/twitter.com\/globulo24\" \/>\n<meta name=\"twitter:site\" content=\"@dicodusport\" \/>\n<script type=\"application\/ld+json\" class=\"yoast-schema-graph\">{\"@context\":\"https:\/\/schema.org\",\"@graph\":[{\"@type\":\"NewsArticle\",\"@id\":\"https:\/\/dicodusport.fr\/blog\/mercato-om-plusieurs-cadres-de-marseille-sur-le-depart-cet-ete\/#article\",\"isPartOf\":{\"@id\":\"https:\/\/dicodusport.fr\/blog\/mercato-om-plusieurs-cadres-de-marseille-sur-le-depart-cet-ete\/\"},\"author\":{\"name\":\"S\u00e9bastien Gente\",\"@id\":\"https:\/\/dicodusport.fr\/blog\/#\/schema\/person\/627966a6cde45dbd8c5e36ac85d783da\"},\"headline\":\"Mercato OM : Plusieurs cadres de Marseille sur le d\u00e9part cet \u00e9t\u00e9\",\"datePublished\":\"2025-05-12T08:26:38+00:00\",\"dateModified\":\"2025-05-13T02:02:33+00:00\",\"mainEntityOfPage\":{\"@id\":\"https:\/\/dicodusport.fr\/blog\/mercato-om-plusieurs-cadres-de-marseille-sur-le-depart-cet-ete\/\"},\"wordCount\":614,\"commentCount\":0,\"publisher\":{\"@id\":\"https:\/\/dicodusport.fr\/blog\/#organization\"},\"image\":{\"@id\":\"https:\/\/dicodusport.fr\/blog\/mercato-om-plusieurs-cadres-de-marseille-sur-le-depart-cet-ete\/#primaryimage\"},\"thumbnailUrl\":\"https:\/\/dicodusport.fr\/blog\/wp-content\/uploads\/2025\/05\/Mercato-OM-Plusieurs-cadres-de-Marseille-sur-le-depart-cet-ete.png\",\"keywords\":[\"Adrien Rabiot\",\"br\u00e8ve\",\"foot\",\"Football\",\"LOSC\",\"Mason Greenwood\",\"MercatOM\",\"OM\",\"transferts\"],\"articleSection\":[\"Football\"],\"inLanguage\":\"fr-FR\",\"potentialAction\":[{\"@type\":\"CommentAction\",\"name\":\"Comment\",\"target\":[\"https:\/\/dicodusport.fr\/blog\/mercato-om-plusieurs-cadres-de-marseille-sur-le-depart-cet-ete\/#respond\"]}],\"copyrightYear\":\"2025\",\"copyrightHolder\":{\"@id\":\"https:\/\/dicodusport.fr\/blog\/#organization\"}},{\"@type\":\"WebPage\",\"@id\":\"https:\/\/dicodusport.fr\/blog\/mercato-om-plusieurs-cadres-de-marseille-sur-le-depart-cet-ete\/\",\"url\":\"https:\/\/dicodusport.fr\/blog\/mercato-om-plusieurs-cadres-de-marseille-sur-le-depart-cet-ete\/\",\"name\":\"Mercato OM : Plusieurs cadres de Marseille sur le d\u00e9part cet \u00e9t\u00e9\",\"isPartOf\":{\"@id\":\"https:\/\/dicodusport.fr\/blog\/#website\"},\"primaryImageOfPage\":{\"@id\":\"https:\/\/dicodusport.fr\/blog\/mercato-om-plusieurs-cadres-de-marseille-sur-le-depart-cet-ete\/#primaryimage\"},\"image\":{\"@id\":\"https:\/\/dicodusport.fr\/blog\/mercato-om-plusieurs-cadres-de-marseille-sur-le-depart-cet-ete\/#primaryimage\"},\"thumbnailUrl\":\"https:\/\/dicodusport.fr\/blog\/wp-content\/uploads\/2025\/05\/Mercato-OM-Plusieurs-cadres-de-Marseille-sur-le-depart-cet-ete.png\",\"datePublished\":\"2025-05-12T08:26:38+00:00\",\"dateModified\":\"2025-05-13T02:02:33+00:00\",\"description\":\"TRANSFERTS MARSEILLE - Selon L'\u00c9quipe, l'OM pourrait bien voir plusieurs joueurs quitter le club apr\u00e8s la qualification en Ligue des Champions.\",\"breadcrumb\":{\"@id\":\"https:\/\/dicodusport.fr\/blog\/mercato-om-plusieurs-cadres-de-marseille-sur-le-depart-cet-ete\/#breadcrumb\"},\"inLanguage\":\"fr-FR\",\"potentialAction\":[{\"@type\":\"ReadAction\",\"target\":[\"https:\/\/dicodusport.fr\/blog\/mercato-om-plusieurs-cadres-de-marseille-sur-le-depart-cet-ete\/\"]}]},{\"@type\":\"ImageObject\",\"inLanguage\":\"fr-FR\",\"@id\":\"https:\/\/dicodusport.fr\/blog\/mercato-om-plusieurs-cadres-de-marseille-sur-le-depart-cet-ete\/#primaryimage\",\"url\":\"https:\/\/dicodusport.fr\/blog\/wp-content\/uploads\/2025\/05\/Mercato-OM-Plusieurs-cadres-de-Marseille-sur-le-depart-cet-ete.png\",\"contentUrl\":\"https:\/\/dicodusport.fr\/blog\/wp-content\/uploads\/2025\/05\/Mercato-OM-Plusieurs-cadres-de-Marseille-sur-le-depart-cet-ete.png\",\"width\":1200,\"height\":674,\"caption\":\"Mercato OM Plusieurs cadres de Marseille sur le d\u00e9part cet \u00e9t\u00e9\"},{\"@type\":\"BreadcrumbList\",\"@id\":\"https:\/\/dicodusport.fr\/blog\/mercato-om-plusieurs-cadres-de-marseille-sur-le-depart-cet-ete\/#breadcrumb\",\"itemListElement\":[{\"@type\":\"ListItem\",\"position\":1,\"name\":\"Accueil\",\"item\":\"https:\/\/dicodusport.fr\/blog\/\"},{\"@type\":\"ListItem\",\"position\":2,\"name\":\"Mercato OM : Plusieurs cadres de Marseille sur le d\u00e9part cet \u00e9t\u00e9\"}]},{\"@type\":\"WebSite\",\"@id\":\"https:\/\/dicodusport.fr\/blog\/#website\",\"url\":\"https:\/\/dicodusport.fr\/blog\/\",\"name\":\"Dicodusport\",\"description\":\"L&#039;encyclop\u00e9die de l&#039;actualit\u00e9 sportive\",\"publisher\":{\"@id\":\"https:\/\/dicodusport.fr\/blog\/#organization\"},\"potentialAction\":[{\"@type\":\"SearchAction\",\"target\":{\"@type\":\"EntryPoint\",\"urlTemplate\":\"https:\/\/dicodusport.fr\/blog\/?s={search_term_string}\"},\"query-input\":{\"@type\":\"PropertyValueSpecification\",\"valueRequired\":true,\"valueName\":\"search_term_string\"}}],\"inLanguage\":\"fr-FR\"},{\"@type\":\"NewsMediaOrganization\",\"@id\":\"https:\/\/dicodusport.fr\/blog\/#organization\",\"name\":\"Dicodusport\",\"url\":\"https:\/\/dicodusport.fr\/blog\/\",\"logo\":{\"@type\":\"ImageObject\",\"inLanguage\":\"fr-FR\",\"@id\":\"https:\/\/dicodusport.fr\/blog\/#\/schema\/logo\/image\/\",\"url\":\"https:\/\/dicodusport.fr\/blog\/wp-content\/uploads\/2020\/06\/cropped-LOGO-DICODUSPORT-2020-SANS-FOND-SANS-TEXTE.png\",\"contentUrl\":\"https:\/\/dicodusport.fr\/blog\/wp-content\/uploads\/2020\/06\/cropped-LOGO-DICODUSPORT-2020-SANS-FOND-SANS-TEXTE.png\",\"width\":512,\"height\":512,\"caption\":\"Dicodusport\"},\"image\":{\"@id\":\"https:\/\/dicodusport.fr\/blog\/#\/schema\/logo\/image\/\"},\"sameAs\":[\"https:\/\/www.facebook.com\/dicodusport\",\"https:\/\/x.com\/dicodusport\",\"https:\/\/www.instagram.com\/dicodusport\/\",\"https:\/\/www.youtube.com\/channel\/UC7V2KZ5sd3htJivAbA4ZG3w\"],\"description\":\"Dicodusport est l'encyclop\u00e9die de l'actualit\u00e9 sportive.\",\"email\":\"bonjour@dicodusport.fr\",\"legalName\":\"DICODUSPORT\",\"foundingDate\":\"2018-01-14\",\"vatID\":\"FR71834470973\",\"taxID\":\"83447097300043\",\"numberOfEmployees\":{\"@type\":\"QuantitativeValue\",\"minValue\":\"1\",\"maxValue\":\"10\"}},{\"@type\":\"Person\",\"@id\":\"https:\/\/dicodusport.fr\/blog\/#\/schema\/person\/627966a6cde45dbd8c5e36ac85d783da\",\"name\":\"S\u00e9bastien Gente\",\"image\":{\"@type\":\"ImageObject\",\"inLanguage\":\"fr-FR\",\"@id\":\"https:\/\/dicodusport.fr\/blog\/#\/schema\/person\/image\/\",\"url\":\"https:\/\/dicodusport.fr\/blog\/wp-content\/uploads\/2021\/09\/1510990_10205810251400683_4124423575079401707_n-150x150.jpg\",\"contentUrl\":\"https:\/\/dicodusport.fr\/blog\/wp-content\/uploads\/2021\/09\/1510990_10205810251400683_4124423575079401707_n-150x150.jpg\",\"caption\":\"S\u00e9bastien Gente\"},\"description\":\"John Stockton, Gianni Bugno, Zinedine Zidane, Steffi Graf, Frode Andresen, St\u00e9phane Stoecklin, Davis Kamoga, Primoz Peterka, Werner Schlager et Aur\u00e9lien Rougerie. Point commun entre ces sportifs? Ils m'ont fait r\u00eaver et ont berc\u00e9 mon adolescence. Je suis un fondu de sports et j'essaie de retranscrire ma passion \u00e0 travers mes articles. Originaire du P\u00e9rigord, ma passion pour les Girondins, les Jaunards et les Jazzmen transpire dans mes \u00e9crits. \u00c0 Dicodusport depuis 2021, je d\u00e9niche les sports m\u00e9connus dans lesquels la France brille, et il y en a !\",\"sameAs\":[\"https:\/\/www.facebook.com\/sebastien.gente\/\",\"https:\/\/www.instagram.com\/sebgente\/\",\"https:\/\/www.linkedin.com\/in\/sbastien-gente-a29583169\/\",\"https:\/\/x.com\/https:\/\/twitter.com\/globulo24\",\"SebastienGente\"],\"worksFor\":\"S\u00e9bastien GENTE\",\"url\":\"https:\/\/dicodusport.fr\/blog\/author\/sebastiengente\/\"}]}<\/script>\n<!-- \/ Yoast SEO Premium plugin. -->","yoast_head_json":{"title":"Mercato OM : Plusieurs cadres de Marseille sur le d\u00e9part cet \u00e9t\u00e9","description":"TRANSFERTS MARSEILLE - Selon L'\u00c9quipe, l'OM pourrait bien voir plusieurs joueurs quitter le club apr\u00e8s la qualification en Ligue des Champions.","robots":{"index":"index","follow":"follow","max-snippet":"max-snippet:-1","max-image-preview":"max-image-preview:large","max-video-preview":"max-video-preview:-1"},"canonical":"https:\/\/dicodusport.fr\/blog\/mercato-om-plusieurs-cadres-de-marseille-sur-le-depart-cet-ete\/","og_locale":"fr_FR","og_type":"article","og_title":"Mercato OM : Plusieurs cadres de Marseille sur le d\u00e9part cet \u00e9t\u00e9","og_description":"TRANSFERTS MARSEILLE - Selon L'\u00c9quipe, l'OM pourrait bien voir plusieurs joueurs quitter le club apr\u00e8s la qualification en Ligue des Champions.","og_url":"https:\/\/dicodusport.fr\/blog\/mercato-om-plusieurs-cadres-de-marseille-sur-le-depart-cet-ete\/","og_site_name":"Dicodusport","article_publisher":"https:\/\/www.facebook.com\/dicodusport","article_author":"https:\/\/www.facebook.com\/sebastien.gente\/","article_published_time":"2025-05-12T08:26:38+00:00","article_modified_time":"2025-05-13T02:02:33+00:00","og_image":[{"width":1200,"height":674,"url":"https:\/\/dicodusport.fr\/blog\/wp-content\/uploads\/2025\/05\/Mercato-OM-Plusieurs-cadres-de-Marseille-sur-le-depart-cet-ete.png","type":"image\/png"}],"author":"S\u00e9bastien Gente","twitter_card":"summary_large_image","twitter_title":"Mercato OM : Plusieurs cadres de Marseille sur le d\u00e9part cet \u00e9t\u00e9","twitter_creator":"@https:\/\/twitter.com\/globulo24","twitter_site":"@dicodusport","schema":{"@context":"https:\/\/schema.org","@graph":[{"@type":"NewsArticle","@id":"https:\/\/dicodusport.fr\/blog\/mercato-om-plusieurs-cadres-de-marseille-sur-le-depart-cet-ete\/#article","isPartOf":{"@id":"https:\/\/dicodusport.fr\/blog\/mercato-om-plusieurs-cadres-de-marseille-sur-le-depart-cet-ete\/"},"author":{"name":"S\u00e9bastien Gente","@id":"https:\/\/dicodusport.fr\/blog\/#\/schema\/person\/627966a6cde45dbd8c5e36ac85d783da"},"headline":"Mercato OM : Plusieurs cadres de Marseille sur le d\u00e9part cet \u00e9t\u00e9","datePublished":"2025-05-12T08:26:38+00:00","dateModified":"2025-05-13T02:02:33+00:00","mainEntityOfPage":{"@id":"https:\/\/dicodusport.fr\/blog\/mercato-om-plusieurs-cadres-de-marseille-sur-le-depart-cet-ete\/"},"wordCount":614,"commentCount":0,"publisher":{"@id":"https:\/\/dicodusport.fr\/blog\/#organization"},"image":{"@id":"https:\/\/dicodusport.fr\/blog\/mercato-om-plusieurs-cadres-de-marseille-sur-le-depart-cet-ete\/#primaryimage"},"thumbnailUrl":"https:\/\/dicodusport.fr\/blog\/wp-content\/uploads\/2025\/05\/Mercato-OM-Plusieurs-cadres-de-Marseille-sur-le-depart-cet-ete.png","keywords":["Adrien Rabiot","br\u00e8ve","foot","Football","LOSC","Mason Greenwood","MercatOM","OM","transferts"],"articleSection":["Football"],"inLanguage":"fr-FR","potentialAction":[{"@type":"CommentAction","name":"Comment","target":["https:\/\/dicodusport.fr\/blog\/mercato-om-plusieurs-cadres-de-marseille-sur-le-depart-cet-ete\/#respond"]}],"copyrightYear":"2025","copyrightHolder":{"@id":"https:\/\/dicodusport.fr\/blog\/#organization"}},{"@type":"WebPage","@id":"https:\/\/dicodusport.fr\/blog\/mercato-om-plusieurs-cadres-de-marseille-sur-le-depart-cet-ete\/","url":"https:\/\/dicodusport.fr\/blog\/mercato-om-plusieurs-cadres-de-marseille-sur-le-depart-cet-ete\/","name":"Mercato OM : Plusieurs cadres de Marseille sur le d\u00e9part cet \u00e9t\u00e9","isPartOf":{"@id":"https:\/\/dicodusport.fr\/blog\/#website"},"primaryImageOfPage":{"@id":"https:\/\/dicodusport.fr\/blog\/mercato-om-plusieurs-cadres-de-marseille-sur-le-depart-cet-ete\/#primaryimage"},"image":{"@id":"https:\/\/dicodusport.fr\/blog\/mercato-om-plusieurs-cadres-de-marseille-sur-le-depart-cet-ete\/#primaryimage"},"thumbnailUrl":"https:\/\/dicodusport.fr\/blog\/wp-content\/uploads\/2025\/05\/Mercato-OM-Plusieurs-cadres-de-Marseille-sur-le-depart-cet-ete.png","datePublished":"2025-05-12T08:26:38+00:00","dateModified":"2025-05-13T02:02:33+00:00","description":"TRANSFERTS MARSEILLE - Selon L'\u00c9quipe, l'OM pourrait bien voir plusieurs joueurs quitter le club apr\u00e8s la qualification en Ligue des Champions.","breadcrumb":{"@id":"https:\/\/dicodusport.fr\/blog\/mercato-om-plusieurs-cadres-de-marseille-sur-le-depart-cet-ete\/#breadcrumb"},"inLanguage":"fr-FR","potentialAction":[{"@type":"ReadAction","target":["https:\/\/dicodusport.fr\/blog\/mercato-om-plusieurs-cadres-de-marseille-sur-le-depart-cet-ete\/"]}]},{"@type":"ImageObject","inLanguage":"fr-FR","@id":"https:\/\/dicodusport.fr\/blog\/mercato-om-plusieurs-cadres-de-marseille-sur-le-depart-cet-ete\/#primaryimage","url":"https:\/\/dicodusport.fr\/blog\/wp-content\/uploads\/2025\/05\/Mercato-OM-Plusieurs-cadres-de-Marseille-sur-le-depart-cet-ete.png","contentUrl":"https:\/\/dicodusport.fr\/blog\/wp-content\/uploads\/2025\/05\/Mercato-OM-Plusieurs-cadres-de-Marseille-sur-le-depart-cet-ete.png","width":1200,"height":674,"caption":"Mercato OM Plusieurs cadres de Marseille sur le d\u00e9part cet \u00e9t\u00e9"},{"@type":"BreadcrumbList","@id":"https:\/\/dicodusport.fr\/blog\/mercato-om-plusieurs-cadres-de-marseille-sur-le-depart-cet-ete\/#breadcrumb","itemListElement":[{"@type":"ListItem","position":1,"name":"Accueil","item":"https:\/\/dicodusport.fr\/blog\/"},{"@type":"ListItem","position":2,"name":"Mercato OM : Plusieurs cadres de Marseille sur le d\u00e9part cet \u00e9t\u00e9"}]},{"@type":"WebSite","@id":"https:\/\/dicodusport.fr\/blog\/#website","url":"https:\/\/dicodusport.fr\/blog\/","name":"Dicodusport","description":"L&#039;encyclop\u00e9die de l&#039;actualit\u00e9 sportive","publisher":{"@id":"https:\/\/dicodusport.fr\/blog\/#organization"},"potentialAction":[{"@type":"SearchAction","target":{"@type":"EntryPoint","urlTemplate":"https:\/\/dicodusport.fr\/blog\/?s={search_term_string}"},"query-input":{"@type":"PropertyValueSpecification","valueRequired":true,"valueName":"search_term_string"}}],"inLanguage":"fr-FR"},{"@type":"NewsMediaOrganization","@id":"https:\/\/dicodusport.fr\/blog\/#organization","name":"Dicodusport","url":"https:\/\/dicodusport.fr\/blog\/","logo":{"@type":"ImageObject","inLanguage":"fr-FR","@id":"https:\/\/dicodusport.fr\/blog\/#\/schema\/logo\/image\/","url":"https:\/\/dicodusport.fr\/blog\/wp-content\/uploads\/2020\/06\/cropped-LOGO-DICODUSPORT-2020-SANS-FOND-SANS-TEXTE.png","contentUrl":"https:\/\/dicodusport.fr\/blog\/wp-content\/uploads\/2020\/06\/cropped-LOGO-DICODUSPORT-2020-SANS-FOND-SANS-TEXTE.png","width":512,"height":512,"caption":"Dicodusport"},"image":{"@id":"https:\/\/dicodusport.fr\/blog\/#\/schema\/logo\/image\/"},"sameAs":["https:\/\/www.facebook.com\/dicodusport","https:\/\/x.com\/dicodusport","https:\/\/www.instagram.com\/dicodusport\/","https:\/\/www.youtube.com\/channel\/UC7V2KZ5sd3htJivAbA4ZG3w"],"description":"Dicodusport est l'encyclop\u00e9die de l'actualit\u00e9 sportive.","email":"bonjour@dicodusport.fr","legalName":"DICODUSPORT","foundingDate":"2018-01-14","vatID":"FR71834470973","taxID":"83447097300043","numberOfEmployees":{"@type":"QuantitativeValue","minValue":"1","maxValue":"10"}},{"@type":"Person","@id":"https:\/\/dicodusport.fr\/blog\/#\/schema\/person\/627966a6cde45dbd8c5e36ac85d783da","name":"S\u00e9bastien Gente","image":{"@type":"ImageObject","inLanguage":"fr-FR","@id":"https:\/\/dicodusport.fr\/blog\/#\/schema\/person\/image\/","url":"https:\/\/dicodusport.fr\/blog\/wp-content\/uploads\/2021\/09\/1510990_10205810251400683_4124423575079401707_n-150x150.jpg","contentUrl":"https:\/\/dicodusport.fr\/blog\/wp-content\/uploads\/2021\/09\/1510990_10205810251400683_4124423575079401707_n-150x150.jpg","caption":"S\u00e9bastien Gente"},"description":"John Stockton, Gianni Bugno, Zinedine Zidane, Steffi Graf, Frode Andresen, St\u00e9phane Stoecklin, Davis Kamoga, Primoz Peterka, Werner Schlager et Aur\u00e9lien Rougerie. Point commun entre ces sportifs? Ils m'ont fait r\u00eaver et ont berc\u00e9 mon adolescence. Je suis un fondu de sports et j'essaie de retranscrire ma passion \u00e0 travers mes articles. Originaire du P\u00e9rigord, ma passion pour les Girondins, les Jaunards et les Jazzmen transpire dans mes \u00e9crits. \u00c0 Dicodusport depuis 2021, je d\u00e9niche les sports m\u00e9connus dans lesquels la France brille, et il y en a !","sameAs":["https:\/\/www.facebook.com\/sebastien.gente\/","https:\/\/www.instagram.com\/sebgente\/","https:\/\/www.linkedin.com\/in\/sbastien-gente-a29583169\/","https:\/\/x.com\/https:\/\/twitter.com\/globulo24","SebastienGente"],"worksFor":"S\u00e9bastien GENTE","url":"https:\/\/dicodusport.fr\/blog\/author\/sebastiengente\/"}]}},"_links":{"self":[{"href":"https:\/\/dicodusport.fr\/blog\/wp-json\/wp\/v2\/posts\/578462","targetHints":{"allow":["GET"]}}],"collection":[{"href":"https:\/\/dicodusport.fr\/blog\/wp-json\/wp\/v2\/posts"}],"about":[{"href":"https:\/\/dicodusport.fr\/blog\/wp-json\/wp\/v2\/types\/post"}],"author":[{"embeddable":true,"href":"https:\/\/dicodusport.fr\/blog\/wp-json\/wp\/v2\/users\/59"}],"replies":[{"embeddable":true,"href":"https:\/\/dicodusport.fr\/blog\/wp-json\/wp\/v2\/comments?post=578462"}],"version-history":[{"count":2,"href":"https:\/\/dicodusport.fr\/blog\/wp-json\/wp\/v2\/posts\/578462\/revisions"}],"predecessor-version":[{"id":578550,"href":"https:\/\/dicodusport.fr\/blog\/wp-json\/wp\/v2\/posts\/578462\/revisions\/578550"}],"wp:featuredmedia":[{"embeddable":true,"href":"https:\/\/dicodusport.fr\/blog\/wp-json\/wp\/v2\/media\/578471"}],"wp:attachment":[{"href":"https:\/\/dicodusport.fr\/blog\/wp-json\/wp\/v2\/media?parent=578462"}],"wp:term":[{"taxonomy":"category","embeddable":true,"href":"https:\/\/dicodusport.fr\/blog\/wp-json\/wp\/v2\/categories?post=578462"},{"taxonomy":"post_tag","embeddable":true,"href":"https:\/\/dicodusport.fr\/blog\/wp-json\/wp\/v2\/tags?post=578462"}],"curies":[{"name":"wp","href":"https:\/\/api.w.org\/{rel}","templated":true}]}}