{"id":578484,"date":"2025-05-12T12:57:02","date_gmt":"2025-05-12T10:57:02","guid":{"rendered":"https:\/\/dicodusport.fr\/blog\/?p=578484&#038;preview=true&#038;preview_id=578484"},"modified":"2025-05-12T12:57:13","modified_gmt":"2025-05-12T10:57:13","slug":"motogp-france-2025-jorge-martin-pourrait-deja-quitter-aprilia","status":"publish","type":"post","link":"https:\/\/dicodusport.fr\/blog\/motogp-france-2025-jorge-martin-pourrait-deja-quitter-aprilia\/","title":{"rendered":"MotoGP 2025 : Jorge Martin pourrait d\u00e9j\u00e0 quitter Aprilia"},"content":{"rendered":"<h4 style=\"text-align: justify;\"><em>MOTOGP 2025 &#8211; Selon <a href=\"https:\/\/fr.motorsport.com\/motogp\/news\/martin-rupture-contrat-aprilia-poursuites-judiciaires\/10722029\/\">Motorsport.com<\/a>, Jorge Martin pourrait quitter Aprilia d\u00e8s la fin de la saison gr\u00e2ce \u00e0 une clause dans son contrat.<\/em><\/h4>\n<ul style=\"text-align: justify;\">\n<li><strong>\u00c0 ce sujet \u2013 <a href=\"https:\/\/dicodusport.fr\/blog\/motogp-2025-le-calendrier-complet\/\" rel=\"\">Calendrier MotoGP 2025 : Dates et horaires des Grands Prix<\/a><\/strong><\/li>\n<\/ul>\n<p style=\"text-align: justify;\">Sacr\u00e9e bombe l\u00e2ch\u00e9e ce matin par Motorsport.com. Arriv\u00e9 en d\u00e9but de saison en tant que champion du monde depuis la formation Pramac Racing, <strong>Jorge Martin<\/strong> pourrait d\u00e9j\u00e0 quitter <strong>Aprilia Racing<\/strong> d\u00e8s la fin de la saison en cours de MotoGP.<\/p>\n<blockquote class=\"twitter-tweet\">\n<p dir=\"ltr\" lang=\"ca\">\ud83d\udea8 \ud835\udc04\ud835\udc31\ud835\udc1c\ud835\udc25\ud835\udc2e\ud835\udc2c\ud835\udc22\ud835\udc1f : Jorge Mart\u00edn veut se lib\u00e9rer de son contrat avec Aprilia !<\/p>\n<p>Nos informations \ud83d\udc49 <a href=\"https:\/\/t.co\/C40EE53sf7\">https:\/\/t.co\/C40EE53sf7<\/a> <a href=\"https:\/\/twitter.com\/hashtag\/MotoGP?src=hash&amp;ref_src=twsrc%5Etfw\">#MotoGP<\/a> <a href=\"https:\/\/t.co\/egzy0YuGvG\">pic.twitter.com\/egzy0YuGvG<\/a><\/p>\n<p>\u2014 Motorsport.com France (@Motorsport_FR) <a href=\"https:\/\/twitter.com\/Motorsport_FR\/status\/1921855506664067462?ref_src=twsrc%5Etfw\">May 12, 2025<\/a><\/p><\/blockquote>\n<p style=\"text-align: justify;\"><script async src=\"https:\/\/platform.twitter.com\/widgets.js\" charset=\"utf-8\"><\/script><\/p>\n<h2 style=\"text-align: justify;\">Une clause qui change tout pour Jorge Martin<\/h2>\n<p style=\"text-align: justify;\">La raison ? Selon Motorsport.com, une clause dans le contrat de deux ans sign\u00e9 par le pilote espagnol indique qu&rsquo;il peut renoncer \u00e0 la deuxi\u00e8me ann\u00e9e de contrat, s&rsquo;il n&rsquo;est pas dans les favoris pour le titre mondial apr\u00e8s le Grand Prix de France. Or, depuis le d\u00e9but de saison, le champion du monde encha\u00eene les gal\u00e8res, avec une chute pendant les essais hivernaux et une autre durant la seule course qu&rsquo;il a disput\u00e9 cette saison, \u00e0 Losail.<\/p>\n<div class=\"vlp-link-container vlp-layout-article\"><a href=\"https:\/\/dicodusport.fr\/blog\/video-la-violente-chute-de-jorge-martin-lors-des-essais-hivernaux-a-sepang\/\" class=\"vlp-link\" title=\"[Vid\u00e9o] La violente chute de Jorge Martin lors des essais hivernaux \u00e0 Sepang\"><\/a><div class=\"vlp-layout-zone-side\"><div class=\"vlp-block-4 vlp-link-image\"><img loading=\"lazy\" decoding=\"async\" style=\"max-width: 792px;\" width=\"792\" height=\"445\" src=\"https:\/\/dicodusport.fr\/blog\/wp-content\/uploads\/2025\/02\/Video-La-violente-chute-de-Jorge-Martin-lors-des-essais-hivernaux-a-Sepang.png\" class=\"attachment-800x445 size-800x445\" alt=\"[Vid\u00e9o] La violente chute de Jorge Martin lors des essais hivernaux \u00e0 Sepang\" srcset=\"https:\/\/dicodusport.fr\/blog\/wp-content\/uploads\/2025\/02\/Video-La-violente-chute-de-Jorge-Martin-lors-des-essais-hivernaux-a-Sepang.png 1200w, https:\/\/dicodusport.fr\/blog\/wp-content\/uploads\/2025\/02\/Video-La-violente-chute-de-Jorge-Martin-lors-des-essais-hivernaux-a-Sepang-300x169.png 300w, https:\/\/dicodusport.fr\/blog\/wp-content\/uploads\/2025\/02\/Video-La-violente-chute-de-Jorge-Martin-lors-des-essais-hivernaux-a-Sepang-1024x575.png 1024w, https:\/\/dicodusport.fr\/blog\/wp-content\/uploads\/2025\/02\/Video-La-violente-chute-de-Jorge-Martin-lors-des-essais-hivernaux-a-Sepang-768x431.png 768w\" sizes=\"auto, (max-width: 792px) 100vw, 792px\" \/><\/div><\/div><div class=\"vlp-layout-zone-main\"><div class=\"vlp-block-0 vlp-link-title\">[Vid\u00e9o] La violente chute de Jorge Martin lors des essais hivernaux \u00e0 Sepang<\/div><div class=\"vlp-block-1 vlp-link-summary\">MOTOGP 2025 - La saison a d\u00e9but\u00e9 t\u00f4t ce mercredi matin par la premi\u00e8re journ\u00e9e des tests \u00e0 Sepang. Une journ\u00e9e qui a \u00e9t\u00e9 marqu\u00e9e par la terrible chute de Jorge Martin, pour ses d\u00e9buts avec Aprilia.<\/div><div class=\"vlp-block-2 vlp-link-button\">Lire l'article<\/div><div class=\"vlp-block-3 vlp-link-url\">dicodusport.fr<\/div><\/div><\/div>\n<p style=\"text-align: justify;\">Ainsi, il n&rsquo;est d\u00e9j\u00e0 plus dans la course pour conserver son titre mondial cette saison, \u00e9tant donn\u00e9 qu&rsquo;il ne reviendra pas sur les circuits avant le mois de juillet. Mais ce n&rsquo;est que le d\u00e9but selon nos confr\u00e8res, puisque Aprilia envisagerait une action en justice. Se pose aussi la question de l&rsquo;endroit o\u00f9 l&rsquo;Espagnol pourrait rebondir, puisque la grille est d\u00e9j\u00e0 bien fournie, en tout cas en ce qui concerne les top teams. Sans doute le d\u00e9but d&rsquo;un sacr\u00e9 feuilleton donc, mais pour l&rsquo;instant, le passage de <strong>Jorge Martin<\/strong> chez Aprilia est un d\u00e9sastre.<\/p>\n<ul style=\"text-align: justify;\">\n<li style=\"text-align: justify;\"><strong>\u00c0 ce sujet \u2013 <a href=\"https:\/\/dicodusport.fr\/blog\/classement-motogp-2025-le-point-sur-le-championnat-du-monde-des-pilotes\/\">MotoGP 2025 : Le classement du championnat du monde des pilotes<\/a><\/strong><\/li>\n<\/ul>\n","protected":false},"excerpt":{"rendered":"<p>MOTOGP 2025 &#8211; Selon Motorsport.com, Jorge Martin pourrait quitter Aprilia d\u00e8s la fin de la saison gr\u00e2ce \u00e0 une clause dans son contrat.<\/p>\n","protected":false},"author":59,"featured_media":578485,"comment_status":"open","ping_status":"closed","sticky":false,"template":"","format":"standard","meta":{"_acf_changed":false,"_daextam_enable_autolinks":"1","footnotes":""},"categories":[47087],"tags":[32415,16878,18916],"class_list":["post-578484","post","type-post","status-publish","format-standard","has-post-thumbnail","hentry","category-motogp","tag-actu","tag-breve","tag-jorge-martin"],"acf":[],"yoast_head":"<!-- This site is optimized with the Yoast SEO Premium plugin v26.7 (Yoast SEO v26.7) - https:\/\/yoast.com\/wordpress\/plugins\/seo\/ -->\n<title>MotoGP 2025 : Jorge Martin pourrait d\u00e9j\u00e0 quitter Aprilia<\/title>\n<meta name=\"description\" content=\"MOTOGP 2025 - Selon Motorsport.com, Jorge Martin pourrait quitter Aprilia d\u00e8s la fin de la saison gr\u00e2ce \u00e0 une clause dans son contrat.\" \/>\n<meta name=\"robots\" content=\"index, follow, max-snippet:-1, max-image-preview:large, max-video-preview:-1\" \/>\n<link rel=\"canonical\" href=\"https:\/\/dicodusport.fr\/blog\/motogp-france-2025-jorge-martin-pourrait-deja-quitter-aprilia\/\" \/>\n<meta property=\"og:locale\" content=\"fr_FR\" \/>\n<meta property=\"og:type\" content=\"article\" \/>\n<meta property=\"og:title\" content=\"MotoGP 2025 : Jorge Martin pourrait d\u00e9j\u00e0 quitter Aprilia\" \/>\n<meta property=\"og:description\" content=\"MOTOGP 2025 - Selon Motorsport.com, Jorge Martin pourrait quitter Aprilia d\u00e8s la fin de la saison gr\u00e2ce \u00e0 une clause dans son contrat.\" \/>\n<meta property=\"og:url\" content=\"https:\/\/dicodusport.fr\/blog\/motogp-france-2025-jorge-martin-pourrait-deja-quitter-aprilia\/\" \/>\n<meta property=\"og:site_name\" content=\"Dicodusport\" \/>\n<meta property=\"article:publisher\" content=\"https:\/\/www.facebook.com\/dicodusport\" \/>\n<meta property=\"article:author\" content=\"https:\/\/www.facebook.com\/sebastien.gente\/\" \/>\n<meta property=\"article:published_time\" content=\"2025-05-12T10:57:02+00:00\" \/>\n<meta property=\"article:modified_time\" content=\"2025-05-12T10:57:13+00:00\" \/>\n<meta property=\"og:image\" content=\"https:\/\/dicodusport.fr\/blog\/wp-content\/uploads\/2025\/05\/MotoGP-France-2025-Jorge-Martin-pourrait-deja-quitter-Aprilia.png\" \/>\n\t<meta property=\"og:image:width\" content=\"1200\" \/>\n\t<meta property=\"og:image:height\" content=\"674\" \/>\n\t<meta property=\"og:image:type\" content=\"image\/png\" \/>\n<meta name=\"author\" content=\"S\u00e9bastien Gente\" \/>\n<meta name=\"twitter:card\" content=\"summary_large_image\" \/>\n<meta name=\"twitter:title\" content=\"MotoGP 2025 : Jorge Martin pourrait d\u00e9j\u00e0 quitter Aprilia\" \/>\n<meta name=\"twitter:creator\" content=\"@https:\/\/twitter.com\/globulo24\" \/>\n<meta name=\"twitter:site\" content=\"@dicodusport\" \/>\n<script type=\"application\/ld+json\" class=\"yoast-schema-graph\">{\"@context\":\"https:\/\/schema.org\",\"@graph\":[{\"@type\":\"NewsArticle\",\"@id\":\"https:\/\/dicodusport.fr\/blog\/motogp-france-2025-jorge-martin-pourrait-deja-quitter-aprilia\/#article\",\"isPartOf\":{\"@id\":\"https:\/\/dicodusport.fr\/blog\/motogp-france-2025-jorge-martin-pourrait-deja-quitter-aprilia\/\"},\"author\":{\"name\":\"S\u00e9bastien Gente\",\"@id\":\"https:\/\/dicodusport.fr\/blog\/#\/schema\/person\/627966a6cde45dbd8c5e36ac85d783da\"},\"headline\":\"MotoGP 2025 : Jorge Martin pourrait d\u00e9j\u00e0 quitter Aprilia\",\"datePublished\":\"2025-05-12T10:57:02+00:00\",\"dateModified\":\"2025-05-12T10:57:13+00:00\",\"mainEntityOfPage\":{\"@id\":\"https:\/\/dicodusport.fr\/blog\/motogp-france-2025-jorge-martin-pourrait-deja-quitter-aprilia\/\"},\"wordCount\":426,\"commentCount\":0,\"publisher\":{\"@id\":\"https:\/\/dicodusport.fr\/blog\/#organization\"},\"image\":{\"@id\":\"https:\/\/dicodusport.fr\/blog\/motogp-france-2025-jorge-martin-pourrait-deja-quitter-aprilia\/#primaryimage\"},\"thumbnailUrl\":\"https:\/\/dicodusport.fr\/blog\/wp-content\/uploads\/2025\/05\/MotoGP-France-2025-Jorge-Martin-pourrait-deja-quitter-Aprilia.png\",\"keywords\":[\"actu\",\"br\u00e8ve\",\"Jorge Martin\"],\"articleSection\":[\"MotoGP\"],\"inLanguage\":\"fr-FR\",\"potentialAction\":[{\"@type\":\"CommentAction\",\"name\":\"Comment\",\"target\":[\"https:\/\/dicodusport.fr\/blog\/motogp-france-2025-jorge-martin-pourrait-deja-quitter-aprilia\/#respond\"]}],\"copyrightYear\":\"2025\",\"copyrightHolder\":{\"@id\":\"https:\/\/dicodusport.fr\/blog\/#organization\"}},{\"@type\":\"WebPage\",\"@id\":\"https:\/\/dicodusport.fr\/blog\/motogp-france-2025-jorge-martin-pourrait-deja-quitter-aprilia\/\",\"url\":\"https:\/\/dicodusport.fr\/blog\/motogp-france-2025-jorge-martin-pourrait-deja-quitter-aprilia\/\",\"name\":\"MotoGP 2025 : Jorge Martin pourrait d\u00e9j\u00e0 quitter Aprilia\",\"isPartOf\":{\"@id\":\"https:\/\/dicodusport.fr\/blog\/#website\"},\"primaryImageOfPage\":{\"@id\":\"https:\/\/dicodusport.fr\/blog\/motogp-france-2025-jorge-martin-pourrait-deja-quitter-aprilia\/#primaryimage\"},\"image\":{\"@id\":\"https:\/\/dicodusport.fr\/blog\/motogp-france-2025-jorge-martin-pourrait-deja-quitter-aprilia\/#primaryimage\"},\"thumbnailUrl\":\"https:\/\/dicodusport.fr\/blog\/wp-content\/uploads\/2025\/05\/MotoGP-France-2025-Jorge-Martin-pourrait-deja-quitter-Aprilia.png\",\"datePublished\":\"2025-05-12T10:57:02+00:00\",\"dateModified\":\"2025-05-12T10:57:13+00:00\",\"description\":\"MOTOGP 2025 - Selon Motorsport.com, Jorge Martin pourrait quitter Aprilia d\u00e8s la fin de la saison gr\u00e2ce \u00e0 une clause dans son contrat.\",\"breadcrumb\":{\"@id\":\"https:\/\/dicodusport.fr\/blog\/motogp-france-2025-jorge-martin-pourrait-deja-quitter-aprilia\/#breadcrumb\"},\"inLanguage\":\"fr-FR\",\"potentialAction\":[{\"@type\":\"ReadAction\",\"target\":[\"https:\/\/dicodusport.fr\/blog\/motogp-france-2025-jorge-martin-pourrait-deja-quitter-aprilia\/\"]}]},{\"@type\":\"ImageObject\",\"inLanguage\":\"fr-FR\",\"@id\":\"https:\/\/dicodusport.fr\/blog\/motogp-france-2025-jorge-martin-pourrait-deja-quitter-aprilia\/#primaryimage\",\"url\":\"https:\/\/dicodusport.fr\/blog\/wp-content\/uploads\/2025\/05\/MotoGP-France-2025-Jorge-Martin-pourrait-deja-quitter-Aprilia.png\",\"contentUrl\":\"https:\/\/dicodusport.fr\/blog\/wp-content\/uploads\/2025\/05\/MotoGP-France-2025-Jorge-Martin-pourrait-deja-quitter-Aprilia.png\",\"width\":1200,\"height\":674,\"caption\":\"MotoGP France 2025 Jorge Martin pourrait d\u00e9j\u00e0 quitter Aprilia\"},{\"@type\":\"BreadcrumbList\",\"@id\":\"https:\/\/dicodusport.fr\/blog\/motogp-france-2025-jorge-martin-pourrait-deja-quitter-aprilia\/#breadcrumb\",\"itemListElement\":[{\"@type\":\"ListItem\",\"position\":1,\"name\":\"Accueil\",\"item\":\"https:\/\/dicodusport.fr\/blog\/\"},{\"@type\":\"ListItem\",\"position\":2,\"name\":\"MotoGP 2025 : Jorge Martin pourrait d\u00e9j\u00e0 quitter Aprilia\"}]},{\"@type\":\"WebSite\",\"@id\":\"https:\/\/dicodusport.fr\/blog\/#website\",\"url\":\"https:\/\/dicodusport.fr\/blog\/\",\"name\":\"Dicodusport\",\"description\":\"L&#039;encyclop\u00e9die de l&#039;actualit\u00e9 sportive\",\"publisher\":{\"@id\":\"https:\/\/dicodusport.fr\/blog\/#organization\"},\"potentialAction\":[{\"@type\":\"SearchAction\",\"target\":{\"@type\":\"EntryPoint\",\"urlTemplate\":\"https:\/\/dicodusport.fr\/blog\/?s={search_term_string}\"},\"query-input\":{\"@type\":\"PropertyValueSpecification\",\"valueRequired\":true,\"valueName\":\"search_term_string\"}}],\"inLanguage\":\"fr-FR\"},{\"@type\":\"NewsMediaOrganization\",\"@id\":\"https:\/\/dicodusport.fr\/blog\/#organization\",\"name\":\"Dicodusport\",\"url\":\"https:\/\/dicodusport.fr\/blog\/\",\"logo\":{\"@type\":\"ImageObject\",\"inLanguage\":\"fr-FR\",\"@id\":\"https:\/\/dicodusport.fr\/blog\/#\/schema\/logo\/image\/\",\"url\":\"https:\/\/dicodusport.fr\/blog\/wp-content\/uploads\/2020\/06\/cropped-LOGO-DICODUSPORT-2020-SANS-FOND-SANS-TEXTE.png\",\"contentUrl\":\"https:\/\/dicodusport.fr\/blog\/wp-content\/uploads\/2020\/06\/cropped-LOGO-DICODUSPORT-2020-SANS-FOND-SANS-TEXTE.png\",\"width\":512,\"height\":512,\"caption\":\"Dicodusport\"},\"image\":{\"@id\":\"https:\/\/dicodusport.fr\/blog\/#\/schema\/logo\/image\/\"},\"sameAs\":[\"https:\/\/www.facebook.com\/dicodusport\",\"https:\/\/x.com\/dicodusport\",\"https:\/\/www.instagram.com\/dicodusport\/\",\"https:\/\/www.youtube.com\/channel\/UC7V2KZ5sd3htJivAbA4ZG3w\"],\"description\":\"Dicodusport est l'encyclop\u00e9die de l'actualit\u00e9 sportive.\",\"email\":\"bonjour@dicodusport.fr\",\"legalName\":\"DICODUSPORT\",\"foundingDate\":\"2018-01-14\",\"vatID\":\"FR71834470973\",\"taxID\":\"83447097300043\",\"numberOfEmployees\":{\"@type\":\"QuantitativeValue\",\"minValue\":\"1\",\"maxValue\":\"10\"}},{\"@type\":\"Person\",\"@id\":\"https:\/\/dicodusport.fr\/blog\/#\/schema\/person\/627966a6cde45dbd8c5e36ac85d783da\",\"name\":\"S\u00e9bastien Gente\",\"image\":{\"@type\":\"ImageObject\",\"inLanguage\":\"fr-FR\",\"@id\":\"https:\/\/dicodusport.fr\/blog\/#\/schema\/person\/image\/\",\"url\":\"https:\/\/dicodusport.fr\/blog\/wp-content\/uploads\/2021\/09\/1510990_10205810251400683_4124423575079401707_n-150x150.jpg\",\"contentUrl\":\"https:\/\/dicodusport.fr\/blog\/wp-content\/uploads\/2021\/09\/1510990_10205810251400683_4124423575079401707_n-150x150.jpg\",\"caption\":\"S\u00e9bastien Gente\"},\"description\":\"John Stockton, Gianni Bugno, Zinedine Zidane, Steffi Graf, Frode Andresen, St\u00e9phane Stoecklin, Davis Kamoga, Primoz Peterka, Werner Schlager et Aur\u00e9lien Rougerie. Point commun entre ces sportifs? Ils m'ont fait r\u00eaver et ont berc\u00e9 mon adolescence. Je suis un fondu de sports et j'essaie de retranscrire ma passion \u00e0 travers mes articles. Originaire du P\u00e9rigord, ma passion pour les Girondins, les Jaunards et les Jazzmen transpire dans mes \u00e9crits. \u00c0 Dicodusport depuis 2021, je d\u00e9niche les sports m\u00e9connus dans lesquels la France brille, et il y en a !\",\"sameAs\":[\"https:\/\/www.facebook.com\/sebastien.gente\/\",\"https:\/\/www.instagram.com\/sebgente\/\",\"https:\/\/www.linkedin.com\/in\/sbastien-gente-a29583169\/\",\"https:\/\/x.com\/https:\/\/twitter.com\/globulo24\",\"SebastienGente\"],\"worksFor\":\"S\u00e9bastien GENTE\",\"url\":\"https:\/\/dicodusport.fr\/blog\/author\/sebastiengente\/\"}]}<\/script>\n<!-- \/ Yoast SEO Premium plugin. -->","yoast_head_json":{"title":"MotoGP 2025 : Jorge Martin pourrait d\u00e9j\u00e0 quitter Aprilia","description":"MOTOGP 2025 - Selon Motorsport.com, Jorge Martin pourrait quitter Aprilia d\u00e8s la fin de la saison gr\u00e2ce \u00e0 une clause dans son contrat.","robots":{"index":"index","follow":"follow","max-snippet":"max-snippet:-1","max-image-preview":"max-image-preview:large","max-video-preview":"max-video-preview:-1"},"canonical":"https:\/\/dicodusport.fr\/blog\/motogp-france-2025-jorge-martin-pourrait-deja-quitter-aprilia\/","og_locale":"fr_FR","og_type":"article","og_title":"MotoGP 2025 : Jorge Martin pourrait d\u00e9j\u00e0 quitter Aprilia","og_description":"MOTOGP 2025 - Selon Motorsport.com, Jorge Martin pourrait quitter Aprilia d\u00e8s la fin de la saison gr\u00e2ce \u00e0 une clause dans son contrat.","og_url":"https:\/\/dicodusport.fr\/blog\/motogp-france-2025-jorge-martin-pourrait-deja-quitter-aprilia\/","og_site_name":"Dicodusport","article_publisher":"https:\/\/www.facebook.com\/dicodusport","article_author":"https:\/\/www.facebook.com\/sebastien.gente\/","article_published_time":"2025-05-12T10:57:02+00:00","article_modified_time":"2025-05-12T10:57:13+00:00","og_image":[{"width":1200,"height":674,"url":"https:\/\/dicodusport.fr\/blog\/wp-content\/uploads\/2025\/05\/MotoGP-France-2025-Jorge-Martin-pourrait-deja-quitter-Aprilia.png","type":"image\/png"}],"author":"S\u00e9bastien Gente","twitter_card":"summary_large_image","twitter_title":"MotoGP 2025 : Jorge Martin pourrait d\u00e9j\u00e0 quitter Aprilia","twitter_creator":"@https:\/\/twitter.com\/globulo24","twitter_site":"@dicodusport","schema":{"@context":"https:\/\/schema.org","@graph":[{"@type":"NewsArticle","@id":"https:\/\/dicodusport.fr\/blog\/motogp-france-2025-jorge-martin-pourrait-deja-quitter-aprilia\/#article","isPartOf":{"@id":"https:\/\/dicodusport.fr\/blog\/motogp-france-2025-jorge-martin-pourrait-deja-quitter-aprilia\/"},"author":{"name":"S\u00e9bastien Gente","@id":"https:\/\/dicodusport.fr\/blog\/#\/schema\/person\/627966a6cde45dbd8c5e36ac85d783da"},"headline":"MotoGP 2025 : Jorge Martin pourrait d\u00e9j\u00e0 quitter Aprilia","datePublished":"2025-05-12T10:57:02+00:00","dateModified":"2025-05-12T10:57:13+00:00","mainEntityOfPage":{"@id":"https:\/\/dicodusport.fr\/blog\/motogp-france-2025-jorge-martin-pourrait-deja-quitter-aprilia\/"},"wordCount":426,"commentCount":0,"publisher":{"@id":"https:\/\/dicodusport.fr\/blog\/#organization"},"image":{"@id":"https:\/\/dicodusport.fr\/blog\/motogp-france-2025-jorge-martin-pourrait-deja-quitter-aprilia\/#primaryimage"},"thumbnailUrl":"https:\/\/dicodusport.fr\/blog\/wp-content\/uploads\/2025\/05\/MotoGP-France-2025-Jorge-Martin-pourrait-deja-quitter-Aprilia.png","keywords":["actu","br\u00e8ve","Jorge Martin"],"articleSection":["MotoGP"],"inLanguage":"fr-FR","potentialAction":[{"@type":"CommentAction","name":"Comment","target":["https:\/\/dicodusport.fr\/blog\/motogp-france-2025-jorge-martin-pourrait-deja-quitter-aprilia\/#respond"]}],"copyrightYear":"2025","copyrightHolder":{"@id":"https:\/\/dicodusport.fr\/blog\/#organization"}},{"@type":"WebPage","@id":"https:\/\/dicodusport.fr\/blog\/motogp-france-2025-jorge-martin-pourrait-deja-quitter-aprilia\/","url":"https:\/\/dicodusport.fr\/blog\/motogp-france-2025-jorge-martin-pourrait-deja-quitter-aprilia\/","name":"MotoGP 2025 : Jorge Martin pourrait d\u00e9j\u00e0 quitter Aprilia","isPartOf":{"@id":"https:\/\/dicodusport.fr\/blog\/#website"},"primaryImageOfPage":{"@id":"https:\/\/dicodusport.fr\/blog\/motogp-france-2025-jorge-martin-pourrait-deja-quitter-aprilia\/#primaryimage"},"image":{"@id":"https:\/\/dicodusport.fr\/blog\/motogp-france-2025-jorge-martin-pourrait-deja-quitter-aprilia\/#primaryimage"},"thumbnailUrl":"https:\/\/dicodusport.fr\/blog\/wp-content\/uploads\/2025\/05\/MotoGP-France-2025-Jorge-Martin-pourrait-deja-quitter-Aprilia.png","datePublished":"2025-05-12T10:57:02+00:00","dateModified":"2025-05-12T10:57:13+00:00","description":"MOTOGP 2025 - Selon Motorsport.com, Jorge Martin pourrait quitter Aprilia d\u00e8s la fin de la saison gr\u00e2ce \u00e0 une clause dans son contrat.","breadcrumb":{"@id":"https:\/\/dicodusport.fr\/blog\/motogp-france-2025-jorge-martin-pourrait-deja-quitter-aprilia\/#breadcrumb"},"inLanguage":"fr-FR","potentialAction":[{"@type":"ReadAction","target":["https:\/\/dicodusport.fr\/blog\/motogp-france-2025-jorge-martin-pourrait-deja-quitter-aprilia\/"]}]},{"@type":"ImageObject","inLanguage":"fr-FR","@id":"https:\/\/dicodusport.fr\/blog\/motogp-france-2025-jorge-martin-pourrait-deja-quitter-aprilia\/#primaryimage","url":"https:\/\/dicodusport.fr\/blog\/wp-content\/uploads\/2025\/05\/MotoGP-France-2025-Jorge-Martin-pourrait-deja-quitter-Aprilia.png","contentUrl":"https:\/\/dicodusport.fr\/blog\/wp-content\/uploads\/2025\/05\/MotoGP-France-2025-Jorge-Martin-pourrait-deja-quitter-Aprilia.png","width":1200,"height":674,"caption":"MotoGP France 2025 Jorge Martin pourrait d\u00e9j\u00e0 quitter Aprilia"},{"@type":"BreadcrumbList","@id":"https:\/\/dicodusport.fr\/blog\/motogp-france-2025-jorge-martin-pourrait-deja-quitter-aprilia\/#breadcrumb","itemListElement":[{"@type":"ListItem","position":1,"name":"Accueil","item":"https:\/\/dicodusport.fr\/blog\/"},{"@type":"ListItem","position":2,"name":"MotoGP 2025 : Jorge Martin pourrait d\u00e9j\u00e0 quitter Aprilia"}]},{"@type":"WebSite","@id":"https:\/\/dicodusport.fr\/blog\/#website","url":"https:\/\/dicodusport.fr\/blog\/","name":"Dicodusport","description":"L&#039;encyclop\u00e9die de l&#039;actualit\u00e9 sportive","publisher":{"@id":"https:\/\/dicodusport.fr\/blog\/#organization"},"potentialAction":[{"@type":"SearchAction","target":{"@type":"EntryPoint","urlTemplate":"https:\/\/dicodusport.fr\/blog\/?s={search_term_string}"},"query-input":{"@type":"PropertyValueSpecification","valueRequired":true,"valueName":"search_term_string"}}],"inLanguage":"fr-FR"},{"@type":"NewsMediaOrganization","@id":"https:\/\/dicodusport.fr\/blog\/#organization","name":"Dicodusport","url":"https:\/\/dicodusport.fr\/blog\/","logo":{"@type":"ImageObject","inLanguage":"fr-FR","@id":"https:\/\/dicodusport.fr\/blog\/#\/schema\/logo\/image\/","url":"https:\/\/dicodusport.fr\/blog\/wp-content\/uploads\/2020\/06\/cropped-LOGO-DICODUSPORT-2020-SANS-FOND-SANS-TEXTE.png","contentUrl":"https:\/\/dicodusport.fr\/blog\/wp-content\/uploads\/2020\/06\/cropped-LOGO-DICODUSPORT-2020-SANS-FOND-SANS-TEXTE.png","width":512,"height":512,"caption":"Dicodusport"},"image":{"@id":"https:\/\/dicodusport.fr\/blog\/#\/schema\/logo\/image\/"},"sameAs":["https:\/\/www.facebook.com\/dicodusport","https:\/\/x.com\/dicodusport","https:\/\/www.instagram.com\/dicodusport\/","https:\/\/www.youtube.com\/channel\/UC7V2KZ5sd3htJivAbA4ZG3w"],"description":"Dicodusport est l'encyclop\u00e9die de l'actualit\u00e9 sportive.","email":"bonjour@dicodusport.fr","legalName":"DICODUSPORT","foundingDate":"2018-01-14","vatID":"FR71834470973","taxID":"83447097300043","numberOfEmployees":{"@type":"QuantitativeValue","minValue":"1","maxValue":"10"}},{"@type":"Person","@id":"https:\/\/dicodusport.fr\/blog\/#\/schema\/person\/627966a6cde45dbd8c5e36ac85d783da","name":"S\u00e9bastien Gente","image":{"@type":"ImageObject","inLanguage":"fr-FR","@id":"https:\/\/dicodusport.fr\/blog\/#\/schema\/person\/image\/","url":"https:\/\/dicodusport.fr\/blog\/wp-content\/uploads\/2021\/09\/1510990_10205810251400683_4124423575079401707_n-150x150.jpg","contentUrl":"https:\/\/dicodusport.fr\/blog\/wp-content\/uploads\/2021\/09\/1510990_10205810251400683_4124423575079401707_n-150x150.jpg","caption":"S\u00e9bastien Gente"},"description":"John Stockton, Gianni Bugno, Zinedine Zidane, Steffi Graf, Frode Andresen, St\u00e9phane Stoecklin, Davis Kamoga, Primoz Peterka, Werner Schlager et Aur\u00e9lien Rougerie. Point commun entre ces sportifs? Ils m'ont fait r\u00eaver et ont berc\u00e9 mon adolescence. Je suis un fondu de sports et j'essaie de retranscrire ma passion \u00e0 travers mes articles. Originaire du P\u00e9rigord, ma passion pour les Girondins, les Jaunards et les Jazzmen transpire dans mes \u00e9crits. \u00c0 Dicodusport depuis 2021, je d\u00e9niche les sports m\u00e9connus dans lesquels la France brille, et il y en a !","sameAs":["https:\/\/www.facebook.com\/sebastien.gente\/","https:\/\/www.instagram.com\/sebgente\/","https:\/\/www.linkedin.com\/in\/sbastien-gente-a29583169\/","https:\/\/x.com\/https:\/\/twitter.com\/globulo24","SebastienGente"],"worksFor":"S\u00e9bastien GENTE","url":"https:\/\/dicodusport.fr\/blog\/author\/sebastiengente\/"}]}},"_links":{"self":[{"href":"https:\/\/dicodusport.fr\/blog\/wp-json\/wp\/v2\/posts\/578484","targetHints":{"allow":["GET"]}}],"collection":[{"href":"https:\/\/dicodusport.fr\/blog\/wp-json\/wp\/v2\/posts"}],"about":[{"href":"https:\/\/dicodusport.fr\/blog\/wp-json\/wp\/v2\/types\/post"}],"author":[{"embeddable":true,"href":"https:\/\/dicodusport.fr\/blog\/wp-json\/wp\/v2\/users\/59"}],"replies":[{"embeddable":true,"href":"https:\/\/dicodusport.fr\/blog\/wp-json\/wp\/v2\/comments?post=578484"}],"version-history":[{"count":2,"href":"https:\/\/dicodusport.fr\/blog\/wp-json\/wp\/v2\/posts\/578484\/revisions"}],"predecessor-version":[{"id":578487,"href":"https:\/\/dicodusport.fr\/blog\/wp-json\/wp\/v2\/posts\/578484\/revisions\/578487"}],"wp:featuredmedia":[{"embeddable":true,"href":"https:\/\/dicodusport.fr\/blog\/wp-json\/wp\/v2\/media\/578485"}],"wp:attachment":[{"href":"https:\/\/dicodusport.fr\/blog\/wp-json\/wp\/v2\/media?parent=578484"}],"wp:term":[{"taxonomy":"category","embeddable":true,"href":"https:\/\/dicodusport.fr\/blog\/wp-json\/wp\/v2\/categories?post=578484"},{"taxonomy":"post_tag","embeddable":true,"href":"https:\/\/dicodusport.fr\/blog\/wp-json\/wp\/v2\/tags?post=578484"}],"curies":[{"name":"wp","href":"https:\/\/api.w.org\/{rel}","templated":true}]}}