{"id":578616,"date":"2025-05-13T16:16:26","date_gmt":"2025-05-13T14:16:26","guid":{"rendered":"https:\/\/dicodusport.fr\/blog\/?p=578616&#038;preview=true&#038;preview_id=578616"},"modified":"2025-05-13T16:28:50","modified_gmt":"2025-05-13T14:28:50","slug":"classique-dunkerque-hauts-de-france-pascal-ackermann-remporte-la-1ere-edition","status":"publish","type":"post","link":"https:\/\/dicodusport.fr\/blog\/classique-dunkerque-hauts-de-france-pascal-ackermann-remporte-la-1ere-edition\/","title":{"rendered":"Classique Dunkerque Hauts-de-France : Pascal Ackermann remporte la 1\u00e8re \u00e9dition"},"content":{"rendered":"<h4 style=\"text-align: justify;\"><em>CLASSIQUE DUNKERQUE HAUTS-DE-FRANCE 2025 &#8211; L&rsquo;Allemand Pascal Ackermann (Israel Premier Tech) s&rsquo;adjuge au sprint la premi\u00e8re \u00e9dition de la classique disput\u00e9e entre Dunkerque et Lens.<\/em><\/h4>\n<ul>\n<li style=\"text-align: justify;\"><strong>\u00c0 ce sujet &#8211; <a href=\"https:\/\/dicodusport.fr\/blog\/resultats-et-classement-classique-dunkerque-hauts-de-france-2025\/\">R\u00e9sultats et classement Classique Dunkerque Hauts-de-France 2025<\/a><\/strong><\/li>\n<\/ul>\n<p style=\"text-align: justify;\"><strong>Pascal Ackermann<\/strong> est de retour. Apr\u00e8s sa chute en mars dernier sur Tirreno-Adriatico, le grand Allemand aura mis une course (apr\u00e8s <a href=\"https:\/\/dicodusport.fr\/blog\/eschborn-francfort-2025-classement-et-resultats\/\">Eschborn-Francfort<\/a>) pour lever de nouveau les bras et glaner une 41\u00e8me victoire en carri\u00e8re. Costaud dans le sprint final \u00e0 Lens, et parfaitement emmnen\u00e9 par une solide Israel Premier Tech, <strong>Tom Van Asbroeck<\/strong> et <strong>Jake Stewart<\/strong> en t\u00eate, il a ma\u00eetris\u00e9 sur la ligne <strong>Biniam Girmay<\/strong> (Intermarch\u00e9-Wanty) et <strong>Alberto Dainese<\/strong> (Tudor Pro Cycling Team). <strong>Arnaud D\u00e9mare<\/strong> (Ark\u00e9a &#8211; B&amp;B Hotels) et <strong>Bryan Coquard<\/strong> (Cofidis) terminent respectivement quatre et cinqui\u00e8me.<\/p>\n<blockquote class=\"twitter-tweet\">\n<p dir=\"ltr\" lang=\"fr\">Pascal Ackermann a remport\u00e9 au sprint la 1\u00e8re \u00e9dition de <a href=\"https:\/\/twitter.com\/hashtag\/ClassiqueDunkerque?src=hash&amp;ref_src=twsrc%5Etfw\">#ClassiqueDunkerque<\/a> devant Biniam Girmay et Alberto Dainese <a href=\"https:\/\/t.co\/QVZvSNIJ2W\">pic.twitter.com\/QVZvSNIJ2W<\/a><\/p>\n<p>\u2014 \ud83d\udeb4 Les Rois du Peloton \ud83d\udeb2 (@LRoisDuPeloton) <a href=\"https:\/\/twitter.com\/LRoisDuPeloton\/status\/1922295299176857960?ref_src=twsrc%5Etfw\">May 13, 2025<\/a><\/p><\/blockquote>\n<p><script async src=\"https:\/\/platform.twitter.com\/widgets.js\" charset=\"utf-8\"><\/script><\/p>\n<h2 style=\"text-align: justify;\">Un sc\u00e9nario classique pour la premi\u00e8re<\/h2>\n<p style=\"text-align: justify;\">Auparavant, un groupe de quatre coureurs a anim\u00e9 la course d\u00e8s les premiers kilom\u00e8tres. <strong>Abram Stockman<\/strong> (Unibet Tietema Rockets), <strong>Luca De Meester<\/strong> (Wagner Bazin WB), <strong>Kenny Molly<\/strong> (Van Rysel Roubaix) et <strong>Similien Hamon<\/strong> (CIC &#8211; U &#8211; Nantes), d\u00e9j\u00e0 \u00e0 l&rsquo;avant la semaine derni\u00e8re, ont ainsi compt\u00e9 quatre minutes d&rsquo;avance sur un peloton emmen\u00e9 par les \u00e9quipes de sprinteurs. Le quatuor ne se faisait gu\u00e8re d&rsquo;illusions, hormis peut-\u00eatre jouer un anecdotique grand prix de la montagne \u00e0 travers les diff\u00e9rents passages de la c\u00f4t\u00e9 de Notre Dame de Lorette. \u00c0 ce petit jeu, le Belge <strong>Luca De Meester<\/strong> a domin\u00e9 les d\u00e9bats.<\/p>\n<p style=\"text-align: justify;\">Puis, repris \u00e0 32 km du but, les \u00e9chapp\u00e9s ont laiss\u00e9 place \u00e0 un emballage dynamique avec un peloton scind\u00e9 en deux \u00e0 20 km de l&rsquo;arriv\u00e9e. Quelques audacieux ont tent\u00e9 d&rsquo;anticiper en profitant de la zizanie, \u00e0 l&rsquo;instar du Norv\u00e9gien<strong> Per Strand Hagenes<\/strong> (Visma Lease a Bike) et du Britannique <strong>Samuel Watson<\/strong> (Ineos Grenadiers), vainqueur d&rsquo;\u00e9tape remarqu\u00e9 en Romandie en avril dernier. Mais personne ne pouvait contrarier l&rsquo;issue certaine de cette premi\u00e8re \u00e9dition, un sprint massif. Pas m\u00eame cette chute dans le final qui a condamn\u00e9 les chances d&rsquo;<strong>Axel Zingle<\/strong> (Visma Lease a Bike) entre autres.<\/p>\n","protected":false},"excerpt":{"rendered":"<p>L&rsquo;Allemand Pascal Ackermann (Israel Premier Tech) s&rsquo;adjuge au sprint la premi\u00e8re \u00e9dition de la classique disput\u00e9e entre Dunkerque et Lens.<\/p>\n","protected":false},"author":92,"featured_media":578646,"comment_status":"open","ping_status":"closed","sticky":false,"template":"","format":"standard","meta":{"_acf_changed":false,"_daextam_enable_autolinks":"1","footnotes":""},"categories":[46994],"tags":[3119,16878,28690],"class_list":["post-578616","post","type-post","status-publish","format-standard","has-post-thumbnail","hentry","category-cyclisme-sur-route","tag-actualite-cyclisme","tag-breve","tag-israel-premiertech"],"acf":[],"yoast_head":"<!-- This site is optimized with the Yoast SEO Premium plugin v26.7 (Yoast SEO v26.7) - https:\/\/yoast.com\/wordpress\/plugins\/seo\/ -->\n<title>Classique Dunkerque Hauts-de-France : Pascal Ackermann remporte la 1\u00e8re \u00e9dition<\/title>\n<meta name=\"description\" content=\"L&#039;Allemand Pascal Ackermann (Israel Premier Tech) s&#039;adjuge au sprint la premi\u00e8re \u00e9dition de la Classique Dunkerque Hauts-de-France.\" \/>\n<meta name=\"robots\" content=\"index, follow, max-snippet:-1, max-image-preview:large, max-video-preview:-1\" \/>\n<link rel=\"canonical\" href=\"https:\/\/dicodusport.fr\/blog\/classique-dunkerque-hauts-de-france-pascal-ackermann-remporte-la-1ere-edition\/\" \/>\n<meta property=\"og:locale\" content=\"fr_FR\" \/>\n<meta property=\"og:type\" content=\"article\" \/>\n<meta property=\"og:title\" content=\"Classique Dunkerque Hauts-de-France : Pascal Ackermann remporte la 1\u00e8re \u00e9dition\" \/>\n<meta property=\"og:description\" content=\"L&#039;Allemand Pascal Ackermann (Israel Premier Tech) s&#039;adjuge au sprint la premi\u00e8re \u00e9dition de la Classique Dunkerque Hauts-de-France.\" \/>\n<meta property=\"og:url\" content=\"https:\/\/dicodusport.fr\/blog\/classique-dunkerque-hauts-de-france-pascal-ackermann-remporte-la-1ere-edition\/\" \/>\n<meta property=\"og:site_name\" content=\"Dicodusport\" \/>\n<meta property=\"article:publisher\" content=\"https:\/\/www.facebook.com\/dicodusport\" \/>\n<meta property=\"article:published_time\" content=\"2025-05-13T14:16:26+00:00\" \/>\n<meta property=\"article:modified_time\" content=\"2025-05-13T14:28:50+00:00\" \/>\n<meta property=\"og:image\" content=\"https:\/\/dicodusport.fr\/blog\/wp-content\/uploads\/2025\/05\/Classique-Dunkerque-Hauts-de-France-Pascal-Ackermann-remporte-la-1ere-edition.png\" \/>\n\t<meta property=\"og:image:width\" content=\"1200\" \/>\n\t<meta property=\"og:image:height\" content=\"674\" \/>\n\t<meta property=\"og:image:type\" content=\"image\/png\" \/>\n<meta name=\"author\" content=\"Olivier Dobiezynski\" \/>\n<meta name=\"twitter:card\" content=\"summary_large_image\" \/>\n<meta name=\"twitter:title\" content=\"Classique Dunkerque Hauts-de-France : Pascal Ackermann remporte la 1\u00e8re \u00e9dition\" \/>\n<meta name=\"twitter:creator\" content=\"@https:\/\/x.com\/Olivier_Matros\" \/>\n<meta name=\"twitter:site\" content=\"@dicodusport\" \/>\n<script type=\"application\/ld+json\" class=\"yoast-schema-graph\">{\"@context\":\"https:\/\/schema.org\",\"@graph\":[{\"@type\":\"NewsArticle\",\"@id\":\"https:\/\/dicodusport.fr\/blog\/classique-dunkerque-hauts-de-france-pascal-ackermann-remporte-la-1ere-edition\/#article\",\"isPartOf\":{\"@id\":\"https:\/\/dicodusport.fr\/blog\/classique-dunkerque-hauts-de-france-pascal-ackermann-remporte-la-1ere-edition\/\"},\"author\":{\"name\":\"Olivier Dobiezynski\",\"@id\":\"https:\/\/dicodusport.fr\/blog\/#\/schema\/person\/fe500246414ca17ddf0c0312d7a792cc\"},\"headline\":\"Classique Dunkerque Hauts-de-France : Pascal Ackermann remporte la 1\u00e8re \u00e9dition\",\"datePublished\":\"2025-05-13T14:16:26+00:00\",\"dateModified\":\"2025-05-13T14:28:50+00:00\",\"mainEntityOfPage\":{\"@id\":\"https:\/\/dicodusport.fr\/blog\/classique-dunkerque-hauts-de-france-pascal-ackermann-remporte-la-1ere-edition\/\"},\"wordCount\":396,\"commentCount\":0,\"publisher\":{\"@id\":\"https:\/\/dicodusport.fr\/blog\/#organization\"},\"image\":{\"@id\":\"https:\/\/dicodusport.fr\/blog\/classique-dunkerque-hauts-de-france-pascal-ackermann-remporte-la-1ere-edition\/#primaryimage\"},\"thumbnailUrl\":\"https:\/\/dicodusport.fr\/blog\/wp-content\/uploads\/2025\/05\/Classique-Dunkerque-Hauts-de-France-Pascal-Ackermann-remporte-la-1ere-edition.png\",\"keywords\":[\"Actualit\u00e9 Cyclisme\",\"br\u00e8ve\",\"Israel PremierTech\"],\"articleSection\":[\"Cyclisme sur route\"],\"inLanguage\":\"fr-FR\",\"potentialAction\":[{\"@type\":\"CommentAction\",\"name\":\"Comment\",\"target\":[\"https:\/\/dicodusport.fr\/blog\/classique-dunkerque-hauts-de-france-pascal-ackermann-remporte-la-1ere-edition\/#respond\"]}],\"copyrightYear\":\"2025\",\"copyrightHolder\":{\"@id\":\"https:\/\/dicodusport.fr\/blog\/#organization\"}},{\"@type\":\"WebPage\",\"@id\":\"https:\/\/dicodusport.fr\/blog\/classique-dunkerque-hauts-de-france-pascal-ackermann-remporte-la-1ere-edition\/\",\"url\":\"https:\/\/dicodusport.fr\/blog\/classique-dunkerque-hauts-de-france-pascal-ackermann-remporte-la-1ere-edition\/\",\"name\":\"Classique Dunkerque Hauts-de-France : Pascal Ackermann remporte la 1\u00e8re \u00e9dition\",\"isPartOf\":{\"@id\":\"https:\/\/dicodusport.fr\/blog\/#website\"},\"primaryImageOfPage\":{\"@id\":\"https:\/\/dicodusport.fr\/blog\/classique-dunkerque-hauts-de-france-pascal-ackermann-remporte-la-1ere-edition\/#primaryimage\"},\"image\":{\"@id\":\"https:\/\/dicodusport.fr\/blog\/classique-dunkerque-hauts-de-france-pascal-ackermann-remporte-la-1ere-edition\/#primaryimage\"},\"thumbnailUrl\":\"https:\/\/dicodusport.fr\/blog\/wp-content\/uploads\/2025\/05\/Classique-Dunkerque-Hauts-de-France-Pascal-Ackermann-remporte-la-1ere-edition.png\",\"datePublished\":\"2025-05-13T14:16:26+00:00\",\"dateModified\":\"2025-05-13T14:28:50+00:00\",\"description\":\"L'Allemand Pascal Ackermann (Israel Premier Tech) s'adjuge au sprint la premi\u00e8re \u00e9dition de la Classique Dunkerque Hauts-de-France.\",\"breadcrumb\":{\"@id\":\"https:\/\/dicodusport.fr\/blog\/classique-dunkerque-hauts-de-france-pascal-ackermann-remporte-la-1ere-edition\/#breadcrumb\"},\"inLanguage\":\"fr-FR\",\"potentialAction\":[{\"@type\":\"ReadAction\",\"target\":[\"https:\/\/dicodusport.fr\/blog\/classique-dunkerque-hauts-de-france-pascal-ackermann-remporte-la-1ere-edition\/\"]}]},{\"@type\":\"ImageObject\",\"inLanguage\":\"fr-FR\",\"@id\":\"https:\/\/dicodusport.fr\/blog\/classique-dunkerque-hauts-de-france-pascal-ackermann-remporte-la-1ere-edition\/#primaryimage\",\"url\":\"https:\/\/dicodusport.fr\/blog\/wp-content\/uploads\/2025\/05\/Classique-Dunkerque-Hauts-de-France-Pascal-Ackermann-remporte-la-1ere-edition.png\",\"contentUrl\":\"https:\/\/dicodusport.fr\/blog\/wp-content\/uploads\/2025\/05\/Classique-Dunkerque-Hauts-de-France-Pascal-Ackermann-remporte-la-1ere-edition.png\",\"width\":1200,\"height\":674,\"caption\":\"Classique Dunkerque Hauts-de-France Pascal Ackermann remporte la 1\u00e8re \u00e9dition\"},{\"@type\":\"BreadcrumbList\",\"@id\":\"https:\/\/dicodusport.fr\/blog\/classique-dunkerque-hauts-de-france-pascal-ackermann-remporte-la-1ere-edition\/#breadcrumb\",\"itemListElement\":[{\"@type\":\"ListItem\",\"position\":1,\"name\":\"Accueil\",\"item\":\"https:\/\/dicodusport.fr\/blog\/\"},{\"@type\":\"ListItem\",\"position\":2,\"name\":\"Classique Dunkerque Hauts-de-France : Pascal Ackermann remporte la 1\u00e8re \u00e9dition\"}]},{\"@type\":\"WebSite\",\"@id\":\"https:\/\/dicodusport.fr\/blog\/#website\",\"url\":\"https:\/\/dicodusport.fr\/blog\/\",\"name\":\"Dicodusport\",\"description\":\"L&#039;encyclop\u00e9die de l&#039;actualit\u00e9 sportive\",\"publisher\":{\"@id\":\"https:\/\/dicodusport.fr\/blog\/#organization\"},\"potentialAction\":[{\"@type\":\"SearchAction\",\"target\":{\"@type\":\"EntryPoint\",\"urlTemplate\":\"https:\/\/dicodusport.fr\/blog\/?s={search_term_string}\"},\"query-input\":{\"@type\":\"PropertyValueSpecification\",\"valueRequired\":true,\"valueName\":\"search_term_string\"}}],\"inLanguage\":\"fr-FR\"},{\"@type\":\"NewsMediaOrganization\",\"@id\":\"https:\/\/dicodusport.fr\/blog\/#organization\",\"name\":\"Dicodusport\",\"url\":\"https:\/\/dicodusport.fr\/blog\/\",\"logo\":{\"@type\":\"ImageObject\",\"inLanguage\":\"fr-FR\",\"@id\":\"https:\/\/dicodusport.fr\/blog\/#\/schema\/logo\/image\/\",\"url\":\"https:\/\/dicodusport.fr\/blog\/wp-content\/uploads\/2020\/06\/cropped-LOGO-DICODUSPORT-2020-SANS-FOND-SANS-TEXTE.png\",\"contentUrl\":\"https:\/\/dicodusport.fr\/blog\/wp-content\/uploads\/2020\/06\/cropped-LOGO-DICODUSPORT-2020-SANS-FOND-SANS-TEXTE.png\",\"width\":512,\"height\":512,\"caption\":\"Dicodusport\"},\"image\":{\"@id\":\"https:\/\/dicodusport.fr\/blog\/#\/schema\/logo\/image\/\"},\"sameAs\":[\"https:\/\/www.facebook.com\/dicodusport\",\"https:\/\/x.com\/dicodusport\",\"https:\/\/www.instagram.com\/dicodusport\/\",\"https:\/\/www.youtube.com\/channel\/UC7V2KZ5sd3htJivAbA4ZG3w\"],\"description\":\"Dicodusport est l'encyclop\u00e9die de l'actualit\u00e9 sportive.\",\"email\":\"bonjour@dicodusport.fr\",\"legalName\":\"DICODUSPORT\",\"foundingDate\":\"2018-01-14\",\"vatID\":\"FR71834470973\",\"taxID\":\"83447097300043\",\"numberOfEmployees\":{\"@type\":\"QuantitativeValue\",\"minValue\":\"1\",\"maxValue\":\"10\"}},{\"@type\":\"Person\",\"@id\":\"https:\/\/dicodusport.fr\/blog\/#\/schema\/person\/fe500246414ca17ddf0c0312d7a792cc\",\"name\":\"Olivier Dobiezynski\",\"image\":{\"@type\":\"ImageObject\",\"inLanguage\":\"fr-FR\",\"@id\":\"https:\/\/dicodusport.fr\/blog\/#\/schema\/person\/image\/\",\"url\":\"https:\/\/dicodusport.fr\/blog\/wp-content\/uploads\/2024\/09\/5be8fe8d-9962-4f1e-ad06-d6f9dee30e6d-150x150.jpg\",\"contentUrl\":\"https:\/\/dicodusport.fr\/blog\/wp-content\/uploads\/2024\/09\/5be8fe8d-9962-4f1e-ad06-d6f9dee30e6d-150x150.jpg\",\"caption\":\"Olivier Dobiezynski\"},\"description\":\"Depuis le milieu des ann\u00e9es 90, la passion du cyclisme m'anime. Mes h\u00e9ros s'appellent Luc Leblanc, Piotr Ugrumov, Paolo Savoldelli, Peter Sagan et bien \u00e9videmment Romain Bardet. R\u00e9dacteur depuis 2023, je suis ici pour partager cet amour de la Petite Reine. Vous pourrez me lire \u00e9galement sur du trail, du ski de fond et tout autre sujet susceptible d'\u00e9veiller ma curiosit\u00e9 sportive.\",\"sameAs\":[\"https:\/\/x.com\/https:\/\/x.com\/Olivier_Matros\"],\"url\":\"https:\/\/dicodusport.fr\/blog\/author\/olivier-gh\/\"}]}<\/script>\n<!-- \/ Yoast SEO Premium plugin. -->","yoast_head_json":{"title":"Classique Dunkerque Hauts-de-France : Pascal Ackermann remporte la 1\u00e8re \u00e9dition","description":"L'Allemand Pascal Ackermann (Israel Premier Tech) s'adjuge au sprint la premi\u00e8re \u00e9dition de la Classique Dunkerque Hauts-de-France.","robots":{"index":"index","follow":"follow","max-snippet":"max-snippet:-1","max-image-preview":"max-image-preview:large","max-video-preview":"max-video-preview:-1"},"canonical":"https:\/\/dicodusport.fr\/blog\/classique-dunkerque-hauts-de-france-pascal-ackermann-remporte-la-1ere-edition\/","og_locale":"fr_FR","og_type":"article","og_title":"Classique Dunkerque Hauts-de-France : Pascal Ackermann remporte la 1\u00e8re \u00e9dition","og_description":"L'Allemand Pascal Ackermann (Israel Premier Tech) s'adjuge au sprint la premi\u00e8re \u00e9dition de la Classique Dunkerque Hauts-de-France.","og_url":"https:\/\/dicodusport.fr\/blog\/classique-dunkerque-hauts-de-france-pascal-ackermann-remporte-la-1ere-edition\/","og_site_name":"Dicodusport","article_publisher":"https:\/\/www.facebook.com\/dicodusport","article_published_time":"2025-05-13T14:16:26+00:00","article_modified_time":"2025-05-13T14:28:50+00:00","og_image":[{"width":1200,"height":674,"url":"https:\/\/dicodusport.fr\/blog\/wp-content\/uploads\/2025\/05\/Classique-Dunkerque-Hauts-de-France-Pascal-Ackermann-remporte-la-1ere-edition.png","type":"image\/png"}],"author":"Olivier Dobiezynski","twitter_card":"summary_large_image","twitter_title":"Classique Dunkerque Hauts-de-France : Pascal Ackermann remporte la 1\u00e8re \u00e9dition","twitter_creator":"@https:\/\/x.com\/Olivier_Matros","twitter_site":"@dicodusport","schema":{"@context":"https:\/\/schema.org","@graph":[{"@type":"NewsArticle","@id":"https:\/\/dicodusport.fr\/blog\/classique-dunkerque-hauts-de-france-pascal-ackermann-remporte-la-1ere-edition\/#article","isPartOf":{"@id":"https:\/\/dicodusport.fr\/blog\/classique-dunkerque-hauts-de-france-pascal-ackermann-remporte-la-1ere-edition\/"},"author":{"name":"Olivier Dobiezynski","@id":"https:\/\/dicodusport.fr\/blog\/#\/schema\/person\/fe500246414ca17ddf0c0312d7a792cc"},"headline":"Classique Dunkerque Hauts-de-France : Pascal Ackermann remporte la 1\u00e8re \u00e9dition","datePublished":"2025-05-13T14:16:26+00:00","dateModified":"2025-05-13T14:28:50+00:00","mainEntityOfPage":{"@id":"https:\/\/dicodusport.fr\/blog\/classique-dunkerque-hauts-de-france-pascal-ackermann-remporte-la-1ere-edition\/"},"wordCount":396,"commentCount":0,"publisher":{"@id":"https:\/\/dicodusport.fr\/blog\/#organization"},"image":{"@id":"https:\/\/dicodusport.fr\/blog\/classique-dunkerque-hauts-de-france-pascal-ackermann-remporte-la-1ere-edition\/#primaryimage"},"thumbnailUrl":"https:\/\/dicodusport.fr\/blog\/wp-content\/uploads\/2025\/05\/Classique-Dunkerque-Hauts-de-France-Pascal-Ackermann-remporte-la-1ere-edition.png","keywords":["Actualit\u00e9 Cyclisme","br\u00e8ve","Israel PremierTech"],"articleSection":["Cyclisme sur route"],"inLanguage":"fr-FR","potentialAction":[{"@type":"CommentAction","name":"Comment","target":["https:\/\/dicodusport.fr\/blog\/classique-dunkerque-hauts-de-france-pascal-ackermann-remporte-la-1ere-edition\/#respond"]}],"copyrightYear":"2025","copyrightHolder":{"@id":"https:\/\/dicodusport.fr\/blog\/#organization"}},{"@type":"WebPage","@id":"https:\/\/dicodusport.fr\/blog\/classique-dunkerque-hauts-de-france-pascal-ackermann-remporte-la-1ere-edition\/","url":"https:\/\/dicodusport.fr\/blog\/classique-dunkerque-hauts-de-france-pascal-ackermann-remporte-la-1ere-edition\/","name":"Classique Dunkerque Hauts-de-France : Pascal Ackermann remporte la 1\u00e8re \u00e9dition","isPartOf":{"@id":"https:\/\/dicodusport.fr\/blog\/#website"},"primaryImageOfPage":{"@id":"https:\/\/dicodusport.fr\/blog\/classique-dunkerque-hauts-de-france-pascal-ackermann-remporte-la-1ere-edition\/#primaryimage"},"image":{"@id":"https:\/\/dicodusport.fr\/blog\/classique-dunkerque-hauts-de-france-pascal-ackermann-remporte-la-1ere-edition\/#primaryimage"},"thumbnailUrl":"https:\/\/dicodusport.fr\/blog\/wp-content\/uploads\/2025\/05\/Classique-Dunkerque-Hauts-de-France-Pascal-Ackermann-remporte-la-1ere-edition.png","datePublished":"2025-05-13T14:16:26+00:00","dateModified":"2025-05-13T14:28:50+00:00","description":"L'Allemand Pascal Ackermann (Israel Premier Tech) s'adjuge au sprint la premi\u00e8re \u00e9dition de la Classique Dunkerque Hauts-de-France.","breadcrumb":{"@id":"https:\/\/dicodusport.fr\/blog\/classique-dunkerque-hauts-de-france-pascal-ackermann-remporte-la-1ere-edition\/#breadcrumb"},"inLanguage":"fr-FR","potentialAction":[{"@type":"ReadAction","target":["https:\/\/dicodusport.fr\/blog\/classique-dunkerque-hauts-de-france-pascal-ackermann-remporte-la-1ere-edition\/"]}]},{"@type":"ImageObject","inLanguage":"fr-FR","@id":"https:\/\/dicodusport.fr\/blog\/classique-dunkerque-hauts-de-france-pascal-ackermann-remporte-la-1ere-edition\/#primaryimage","url":"https:\/\/dicodusport.fr\/blog\/wp-content\/uploads\/2025\/05\/Classique-Dunkerque-Hauts-de-France-Pascal-Ackermann-remporte-la-1ere-edition.png","contentUrl":"https:\/\/dicodusport.fr\/blog\/wp-content\/uploads\/2025\/05\/Classique-Dunkerque-Hauts-de-France-Pascal-Ackermann-remporte-la-1ere-edition.png","width":1200,"height":674,"caption":"Classique Dunkerque Hauts-de-France Pascal Ackermann remporte la 1\u00e8re \u00e9dition"},{"@type":"BreadcrumbList","@id":"https:\/\/dicodusport.fr\/blog\/classique-dunkerque-hauts-de-france-pascal-ackermann-remporte-la-1ere-edition\/#breadcrumb","itemListElement":[{"@type":"ListItem","position":1,"name":"Accueil","item":"https:\/\/dicodusport.fr\/blog\/"},{"@type":"ListItem","position":2,"name":"Classique Dunkerque Hauts-de-France : Pascal Ackermann remporte la 1\u00e8re \u00e9dition"}]},{"@type":"WebSite","@id":"https:\/\/dicodusport.fr\/blog\/#website","url":"https:\/\/dicodusport.fr\/blog\/","name":"Dicodusport","description":"L&#039;encyclop\u00e9die de l&#039;actualit\u00e9 sportive","publisher":{"@id":"https:\/\/dicodusport.fr\/blog\/#organization"},"potentialAction":[{"@type":"SearchAction","target":{"@type":"EntryPoint","urlTemplate":"https:\/\/dicodusport.fr\/blog\/?s={search_term_string}"},"query-input":{"@type":"PropertyValueSpecification","valueRequired":true,"valueName":"search_term_string"}}],"inLanguage":"fr-FR"},{"@type":"NewsMediaOrganization","@id":"https:\/\/dicodusport.fr\/blog\/#organization","name":"Dicodusport","url":"https:\/\/dicodusport.fr\/blog\/","logo":{"@type":"ImageObject","inLanguage":"fr-FR","@id":"https:\/\/dicodusport.fr\/blog\/#\/schema\/logo\/image\/","url":"https:\/\/dicodusport.fr\/blog\/wp-content\/uploads\/2020\/06\/cropped-LOGO-DICODUSPORT-2020-SANS-FOND-SANS-TEXTE.png","contentUrl":"https:\/\/dicodusport.fr\/blog\/wp-content\/uploads\/2020\/06\/cropped-LOGO-DICODUSPORT-2020-SANS-FOND-SANS-TEXTE.png","width":512,"height":512,"caption":"Dicodusport"},"image":{"@id":"https:\/\/dicodusport.fr\/blog\/#\/schema\/logo\/image\/"},"sameAs":["https:\/\/www.facebook.com\/dicodusport","https:\/\/x.com\/dicodusport","https:\/\/www.instagram.com\/dicodusport\/","https:\/\/www.youtube.com\/channel\/UC7V2KZ5sd3htJivAbA4ZG3w"],"description":"Dicodusport est l'encyclop\u00e9die de l'actualit\u00e9 sportive.","email":"bonjour@dicodusport.fr","legalName":"DICODUSPORT","foundingDate":"2018-01-14","vatID":"FR71834470973","taxID":"83447097300043","numberOfEmployees":{"@type":"QuantitativeValue","minValue":"1","maxValue":"10"}},{"@type":"Person","@id":"https:\/\/dicodusport.fr\/blog\/#\/schema\/person\/fe500246414ca17ddf0c0312d7a792cc","name":"Olivier Dobiezynski","image":{"@type":"ImageObject","inLanguage":"fr-FR","@id":"https:\/\/dicodusport.fr\/blog\/#\/schema\/person\/image\/","url":"https:\/\/dicodusport.fr\/blog\/wp-content\/uploads\/2024\/09\/5be8fe8d-9962-4f1e-ad06-d6f9dee30e6d-150x150.jpg","contentUrl":"https:\/\/dicodusport.fr\/blog\/wp-content\/uploads\/2024\/09\/5be8fe8d-9962-4f1e-ad06-d6f9dee30e6d-150x150.jpg","caption":"Olivier Dobiezynski"},"description":"Depuis le milieu des ann\u00e9es 90, la passion du cyclisme m'anime. Mes h\u00e9ros s'appellent Luc Leblanc, Piotr Ugrumov, Paolo Savoldelli, Peter Sagan et bien \u00e9videmment Romain Bardet. R\u00e9dacteur depuis 2023, je suis ici pour partager cet amour de la Petite Reine. Vous pourrez me lire \u00e9galement sur du trail, du ski de fond et tout autre sujet susceptible d'\u00e9veiller ma curiosit\u00e9 sportive.","sameAs":["https:\/\/x.com\/https:\/\/x.com\/Olivier_Matros"],"url":"https:\/\/dicodusport.fr\/blog\/author\/olivier-gh\/"}]}},"_links":{"self":[{"href":"https:\/\/dicodusport.fr\/blog\/wp-json\/wp\/v2\/posts\/578616","targetHints":{"allow":["GET"]}}],"collection":[{"href":"https:\/\/dicodusport.fr\/blog\/wp-json\/wp\/v2\/posts"}],"about":[{"href":"https:\/\/dicodusport.fr\/blog\/wp-json\/wp\/v2\/types\/post"}],"author":[{"embeddable":true,"href":"https:\/\/dicodusport.fr\/blog\/wp-json\/wp\/v2\/users\/92"}],"replies":[{"embeddable":true,"href":"https:\/\/dicodusport.fr\/blog\/wp-json\/wp\/v2\/comments?post=578616"}],"version-history":[{"count":5,"href":"https:\/\/dicodusport.fr\/blog\/wp-json\/wp\/v2\/posts\/578616\/revisions"}],"predecessor-version":[{"id":578654,"href":"https:\/\/dicodusport.fr\/blog\/wp-json\/wp\/v2\/posts\/578616\/revisions\/578654"}],"wp:featuredmedia":[{"embeddable":true,"href":"https:\/\/dicodusport.fr\/blog\/wp-json\/wp\/v2\/media\/578646"}],"wp:attachment":[{"href":"https:\/\/dicodusport.fr\/blog\/wp-json\/wp\/v2\/media?parent=578616"}],"wp:term":[{"taxonomy":"category","embeddable":true,"href":"https:\/\/dicodusport.fr\/blog\/wp-json\/wp\/v2\/categories?post=578616"},{"taxonomy":"post_tag","embeddable":true,"href":"https:\/\/dicodusport.fr\/blog\/wp-json\/wp\/v2\/tags?post=578616"}],"curies":[{"name":"wp","href":"https:\/\/api.w.org\/{rel}","templated":true}]}}