{"id":578729,"date":"2025-05-16T18:22:54","date_gmt":"2025-05-16T16:22:54","guid":{"rendered":"https:\/\/dicodusport.fr\/blog\/?p=578729&#038;preview=true&#038;preview_id=578729"},"modified":"2025-05-16T18:22:44","modified_gmt":"2025-05-16T16:22:44","slug":"ares-30-baki-chaine-tv-heure-et-date","status":"publish","type":"post","link":"https:\/\/dicodusport.fr\/blog\/ares-30-baki-chaine-tv-heure-et-date\/","title":{"rendered":"ARES 30 Baki : \u00c0 quelle heure et sur quelle cha\u00eene TV"},"content":{"rendered":"<h4 style=\"text-align: justify;\"><em><a href=\"https:\/\/dicodusport.fr\/blog\/actualites\/sports-de-combat\/mma\/\">MMA<\/a> ARES 30 &#8211; L&rsquo;ARES 30 se d\u00e9roule ce vendredi 16 mai avec notamment Ba\u00efssangour \u00ab\u00a0Baki\u00a0\u00bb Chamsoudinov sur la carte principale. D\u00e9couvrez le programme TV.<\/em><\/h4>\n<ul style=\"text-align: justify;\">\n<li><strong>\u00c0 ce sujet &#8211; <a href=\"https:\/\/dicodusport.fr\/blog\/ares-30-baki-liste-des-combats-cartes-principale-et-preliminaire\/\">ARES 30 Baki : La liste des combats Cartes principale et pr\u00e9liminaire<\/a><\/strong><\/li>\n<\/ul>\n<p style=\"text-align: justify;\">C&rsquo;est le retour de <strong>Ba\u00efssangour Chamsoudinov<\/strong> apr\u00e8s plus d&rsquo;un an sans combattre. \u00ab\u00a0<strong>Baki<\/strong>\u00a0\u00bb a \u00e9t\u00e9 vu pour la derni\u00e8re fois en mars 2024, lors d&rsquo;un fameux combat \u00e0 \u00e9charde remport\u00e9 contre <strong>C\u00e9dric Doumb\u00e8<\/strong>. Cette fois, son adversaire sera <strong>Thiago Lima<\/strong>, dans un combat dont le Fran\u00e7ais sera largement favori, avec en jeu la ceinture des poids mi-moyens (welterweight), vacante depuis le forfait de <strong>Felix Klinkhammer<\/strong>, adversaire initial du Fran\u00e7ais.<\/p>\n<div class=\"vlp-link-container vlp-layout-article\"><a href=\"https:\/\/dicodusport.fr\/blog\/pfl-paris-2-baki-bat-cedric-doumbe-par-tko\/\" class=\"vlp-link\" title=\"PFL Paris 2 : Baki bat C\u00e9dric Doumb\u00e8 par TKO\"><\/a><div class=\"vlp-layout-zone-side\"><div class=\"vlp-block-4 vlp-link-image\"><img loading=\"lazy\" decoding=\"async\" style=\"max-width: 792px;\" width=\"792\" height=\"445\" src=\"https:\/\/dicodusport.fr\/blog\/wp-content\/uploads\/2024\/03\/PFL-Paris-2-Baki-bat-Cedric-Doumbe-par-TKO.png\" class=\"attachment-800x445 size-800x445\" alt=\"PFL Paris 2 Baki bat C\u00e9dric Doumb\u00e8 par TKO\" srcset=\"https:\/\/dicodusport.fr\/blog\/wp-content\/uploads\/2024\/03\/PFL-Paris-2-Baki-bat-Cedric-Doumbe-par-TKO.png 1200w, https:\/\/dicodusport.fr\/blog\/wp-content\/uploads\/2024\/03\/PFL-Paris-2-Baki-bat-Cedric-Doumbe-par-TKO-300x169.png 300w, https:\/\/dicodusport.fr\/blog\/wp-content\/uploads\/2024\/03\/PFL-Paris-2-Baki-bat-Cedric-Doumbe-par-TKO-1024x575.png 1024w, https:\/\/dicodusport.fr\/blog\/wp-content\/uploads\/2024\/03\/PFL-Paris-2-Baki-bat-Cedric-Doumbe-par-TKO-768x431.png 768w\" sizes=\"auto, (max-width: 792px) 100vw, 792px\" \/><\/div><\/div><div class=\"vlp-layout-zone-main\"><div class=\"vlp-block-0 vlp-link-title\">PFL Paris 2 : Baki bat C\u00e9dric Doumb\u00e8 par TKO<\/div><div class=\"vlp-block-1 vlp-link-summary\">PFL Paris 2 - C\u00e9dric Doumb\u00e8 s\u2019est inclin\u00e9 par TKO (arr\u00eat m\u00e9dical) face \u00e0 Baysangur Chamsoudinov. Une \u00e9charde s\u2019est plant\u00e9e dans l\u2019orteil de \u00ab The Best \u00bb, ce qui a amen\u00e9 l\u2019arbitre \u00e0 stopper le combat apr\u00e8s la plainte du Franco-camerounais. <\/div><div class=\"vlp-block-2 vlp-link-button\">Lire l'article<\/div><div class=\"vlp-block-3 vlp-link-url\">dicodusport.fr<\/div><\/div><\/div>\n<p style=\"text-align: justify;\">\u00ab\u00a0Baki\u00a0\u00bb sera la t\u00eate d&rsquo;affiche de l&rsquo;<strong>ARES 30<\/strong>, qui aura lieu ce vendredi 16 mai en soir\u00e9e, \u00e0 l&rsquo;Adidas Arena de Bercy. Antre du Paris Basket, la salle parisienne est quitte pour un weekend sports de combat, puisqu&rsquo;elle accueillera une r\u00e9union de boxe avec en vedette<strong> Tony Yoka<\/strong> le lendemain.<\/p>\n<p style=\"text-align: justify;\">Outre \u00ab\u00a0Baki\u00a0\u00bb, on verra \u00e9galement <strong>Jordan Zebo<\/strong>, qui d\u00e9fiera le Marocain <strong>Wissame Akhmouch<\/strong> dans un combat extr\u00eamement prometteur. Pas moins de 12 combats dans une soir\u00e9e assez int\u00e9ressante sur le papier, avec \u00e0 surveiller, <strong>Jacky Jeanne<\/strong>, qui tentera de se relancer apr\u00e8s son \u00e9chec pour la ceinture des lourds-l\u00e9gers en septembre.<\/p>\n<h2 style=\"text-align: justify;\" align=\"justify\">Carte principale ARES 30 (20h30) :<\/h2>\n<ul style=\"text-align: justify;\">\n<li style=\"text-align: justify;\">Ba\u00efssangour Chamsoudinov \ud83c\uddeb\ud83c\uddf7 vs Thiago Lima \ud83c\udde7\ud83c\uddf7 (Pour le titre des poids mi-moyens)<\/li>\n<li style=\"text-align: justify;\">Jordan Zebo \ud83c\uddeb\ud83c\uddf7 vs Wissame Akhmouch \ud83c\uddf2\ud83c\udde6 (Poids mi-moyens)<\/li>\n<li style=\"text-align: justify;\">Jacky Jeanne \ud83c\uddeb\ud83c\uddf7 vs Isaac Muluh \ud83c\udde8\ud83c\uddf2 (Poids moyens)<\/li>\n<li style=\"text-align: justify;\">Hugo Guillon \ud83c\uddeb\ud83c\uddf7 vs Vlad Gutu \ud83c\uddf2\ud83c\udde9 (Poids moyens)<\/li>\n<li style=\"text-align: justify;\">Delphine Benouaich \ud83c\uddeb\ud83c\uddf7 vs Mileide Simplicio \ud83c\udde7\ud83c\uddf7\u00a0(Poids pailles)<\/li>\n<li style=\"text-align: justify;\">Moustapha Diakat\u00e9 vs Jordan Nandor \ud83c\uddeb\ud83c\uddf7\u00a0(Poids mi-lourds)<\/li>\n<li style=\"text-align: justify;\">Ayoub Khaoua \ud83c\uddf2\ud83c\udde6 vs Andrei Oniscenco \ud83c\uddf2\ud83c\udde9\u00a0(Poids plumes)<\/li>\n<\/ul>\n<h2 style=\"text-align: justify;\" align=\"justify\">Carte pr\u00e9liminaire ARES 30 (19h00) :<\/h2>\n<ul style=\"text-align: justify;\">\n<li style=\"text-align: justify;\">Jonatan Garcia vs Mohamed Soumah \ud83c\uddeb\ud83c\uddf7 (Poids l\u00e9gers)<\/li>\n<li style=\"text-align: justify;\">Beno\u00eet Prigent \ud83c\uddeb\ud83c\uddf7 vs Maike Garros \ud83c\uddeb\ud83c\uddf7 (Poids plumes)<\/li>\n<li style=\"text-align: justify;\">Giovanni Olakunori \ud83c\uddec\ud83c\udde7 vs Zaurbek Sabanov \ud83c\uddf7\ud83c\uddfa (Poids lourds)<\/li>\n<li style=\"text-align: justify;\">\u00c9lie Makongo \ud83c\uddeb\ud83c\uddf7 vs Tomy Blanco \ud83c\uddeb\ud83c\uddf7\u00a0(Poids moyens)<\/li>\n<li style=\"text-align: justify;\">Wahbi Brahem \ud83c\uddeb\ud83c\uddf7 vs Jordan Bradshaw \ud83c\uddee\ud83c\uddea (Poids coqs)<\/li>\n<\/ul>\n<h2 style=\"text-align: justify;\">Le Programme TV de l&rsquo;ARES 30<\/h2>\n<h3 style=\"text-align: justify;\">Vendredi 16 mai<\/h3>\n<p style=\"text-align: justify;\"><strong>Canal + Sport 360<\/strong><\/p>\n<p style=\"text-align: justify;\">19h30 : D\u00e9but de la carte pr\u00e9liminaire sur le Twitch de Canal + Sport<\/p>\n<p style=\"text-align: justify;\">20h30 : D\u00e9but de la carte principale ARES 30<\/p>\n<p style=\"text-align: justify;\">Pas avant 23h00 : <span style=\"text-align: justify;\">Ba\u00efssangour \u00ab\u00a0Baki\u00a0\u00bb Chamsoudinov vs Thiago Lima<\/span><\/p>\n<p style=\"text-align: justify;\">La soir\u00e9e est disponible en int\u00e9gralit\u00e9 pour les abonn\u00e9s \u00e0 l&rsquo;UFC Fight Pass<\/p>\n<h2 style=\"text-align: justify;\">Les cotes de Ba\u00efssangour Chamsoudinov vs Thiago Lima<\/h2>\n<table style=\"width: 800px;\">\n<tbody>\n<tr style=\"height: 16px;\">\n<td style=\"background-color: #404040; text-align: left; border-color: #ededed; width: 532px;\" colspan=\"2\"><span style=\"font-size: 12px; color: #ffffff;\">Vendredi 16 mai, 23h00<\/span><\/td>\n<\/tr>\n<tr style=\"height: 24px;\">\n<td style=\"background-color: #ffffff; border-color: #ededed; vertical-align: middle; text-align: center; width: 400px;\"><span style=\"font-size: 10px;\"><span style=\"font-size: 14px;\"><strong>Ba\u00efssangour Chamsoudinov<\/strong><\/span><br \/>\n<a href=\"https:\/\/www.winamax.fr\/paris-sportifs\/match\/1000082024?banid=33423\" class=\"su-button su-button-style-flat su-button-wide\" style=\"color:#fff;background-color:#013369;border-color:#012954;border-radius:5px\" target=\"_blank\" rel=\"noopener noreferrer\"><span style=\"color:#fff;padding:0px 20px;font-size:16px;line-height:32px;border-color:#4e7196;border-radius:5px;text-shadow:none\"> 1.08<\/span><\/a><\/span><\/td>\n<td style=\"background-color: #ffffff; border-color: #ededed; vertical-align: middle; text-align: center; width: 400px;\"><span style=\"font-size: 10px;\"><span style=\"font-size: 14px;\"><strong>Thiago Lima<\/strong><\/span><br \/>\n<a href=\"https:\/\/www.winamax.fr\/paris-sportifs\/match\/1000082024?banid=33423\" class=\"su-button su-button-style-flat su-button-wide\" style=\"color:#fff;background-color:#013369;border-color:#012954;border-radius:5px\" target=\"_blank\" rel=\"noopener noreferrer\"><span style=\"color:#fff;padding:0px 20px;font-size:16px;line-height:32px;border-color:#4e7196;border-radius:5px;text-shadow:none\"> 7.00<\/span><\/a><\/span><\/td>\n<\/tr>\n<\/tbody>\n<\/table>\n<p style=\"text-align: justify;\">Tentez votre chance en profitant de votre <a href=\"https:\/\/www.winamax.fr\/registration\/landing\/affiliation_Bonus100?banid=33423\">1er d\u00e9p\u00f4t doubl\u00e9 jusqu&rsquo;\u00e0 100 \u20ac<\/a> direct en paris gratuits sur Winamax !<\/p>\n","protected":false},"excerpt":{"rendered":"<p>MMA ARES 30 &#8211; L&rsquo;ARES 30 se d\u00e9roule ce vendredi 16 mai avec notamment Ba\u00efssangour \u00ab\u00a0Baki\u00a0\u00bb Chamsoudinov sur la carte principale. D\u00e9couvrez le programme TV.<\/p>\n","protected":false},"author":59,"featured_media":578735,"comment_status":"open","ping_status":"closed","sticky":false,"template":"","format":"standard","meta":{"_acf_changed":false,"_daextam_enable_autolinks":"1","footnotes":""},"categories":[44295,10666],"tags":[35771,16878,8799],"class_list":["post-578729","post","type-post","status-publish","format-standard","has-post-thumbnail","hentry","category-chaine-tv","category-mma","tag-baki","tag-breve","tag-programme-tv"],"acf":[],"yoast_head":"<!-- This site is optimized with the Yoast SEO Premium plugin v26.7 (Yoast SEO v26.7) - https:\/\/yoast.com\/wordpress\/plugins\/seo\/ -->\n<title>ARES 30 Baki : \u00c0 quelle heure et sur quelle cha\u00eene TV<\/title>\n<meta name=\"description\" content=\"MMA ARES 30 - L&#039;ARES 30 se d\u00e9roule ce vendredi 16 mai avec notamment Ba\u00efssangour &quot;Baki&quot; Chamsoudinov sur la carte principale. D\u00e9couvrez le programme TV.\" \/>\n<meta name=\"robots\" content=\"index, follow, max-snippet:-1, max-image-preview:large, max-video-preview:-1\" \/>\n<link rel=\"canonical\" href=\"https:\/\/dicodusport.fr\/blog\/ares-30-baki-chaine-tv-heure-et-date\/\" \/>\n<meta property=\"og:locale\" content=\"fr_FR\" \/>\n<meta property=\"og:type\" content=\"article\" \/>\n<meta property=\"og:title\" content=\"ARES 30 Baki : \u00c0 quelle heure et sur quelle cha\u00eene TV\" \/>\n<meta property=\"og:description\" content=\"MMA ARES 30 - L&#039;ARES 30 se d\u00e9roule ce vendredi 16 mai avec notamment Ba\u00efssangour &quot;Baki&quot; Chamsoudinov sur la carte principale. D\u00e9couvrez le programme TV.\" \/>\n<meta property=\"og:url\" content=\"https:\/\/dicodusport.fr\/blog\/ares-30-baki-chaine-tv-heure-et-date\/\" \/>\n<meta property=\"og:site_name\" content=\"Dicodusport\" \/>\n<meta property=\"article:publisher\" content=\"https:\/\/www.facebook.com\/dicodusport\" \/>\n<meta property=\"article:author\" content=\"https:\/\/www.facebook.com\/sebastien.gente\/\" \/>\n<meta property=\"article:published_time\" content=\"2025-05-16T16:22:54+00:00\" \/>\n<meta property=\"og:image\" content=\"https:\/\/dicodusport.fr\/blog\/wp-content\/uploads\/2025\/05\/ARES-30-Baki-Chaine-TV-Heure-et-Date.png\" \/>\n\t<meta property=\"og:image:width\" content=\"1200\" \/>\n\t<meta property=\"og:image:height\" content=\"674\" \/>\n\t<meta property=\"og:image:type\" content=\"image\/png\" \/>\n<meta name=\"author\" content=\"S\u00e9bastien Gente\" \/>\n<meta name=\"twitter:card\" content=\"summary_large_image\" \/>\n<meta name=\"twitter:title\" content=\"ARES 30 Baki : \u00c0 quelle heure et sur quelle cha\u00eene TV\" \/>\n<meta name=\"twitter:creator\" content=\"@https:\/\/twitter.com\/globulo24\" \/>\n<meta name=\"twitter:site\" content=\"@dicodusport\" \/>\n<script type=\"application\/ld+json\" class=\"yoast-schema-graph\">{\"@context\":\"https:\/\/schema.org\",\"@graph\":[{\"@type\":\"NewsArticle\",\"@id\":\"https:\/\/dicodusport.fr\/blog\/ares-30-baki-chaine-tv-heure-et-date\/#article\",\"isPartOf\":{\"@id\":\"https:\/\/dicodusport.fr\/blog\/ares-30-baki-chaine-tv-heure-et-date\/\"},\"author\":{\"name\":\"S\u00e9bastien Gente\",\"@id\":\"https:\/\/dicodusport.fr\/blog\/#\/schema\/person\/627966a6cde45dbd8c5e36ac85d783da\"},\"headline\":\"ARES 30 Baki : \u00c0 quelle heure et sur quelle cha\u00eene TV\",\"datePublished\":\"2025-05-16T16:22:54+00:00\",\"mainEntityOfPage\":{\"@id\":\"https:\/\/dicodusport.fr\/blog\/ares-30-baki-chaine-tv-heure-et-date\/\"},\"wordCount\":540,\"commentCount\":0,\"publisher\":{\"@id\":\"https:\/\/dicodusport.fr\/blog\/#organization\"},\"image\":{\"@id\":\"https:\/\/dicodusport.fr\/blog\/ares-30-baki-chaine-tv-heure-et-date\/#primaryimage\"},\"thumbnailUrl\":\"https:\/\/dicodusport.fr\/blog\/wp-content\/uploads\/2025\/05\/ARES-30-Baki-Chaine-TV-Heure-et-Date.png\",\"keywords\":[\"Baki\",\"br\u00e8ve\",\"Programme TV\"],\"articleSection\":[\"Cha\u00eene TV\",\"MMA\"],\"inLanguage\":\"fr-FR\",\"potentialAction\":[{\"@type\":\"CommentAction\",\"name\":\"Comment\",\"target\":[\"https:\/\/dicodusport.fr\/blog\/ares-30-baki-chaine-tv-heure-et-date\/#respond\"]}],\"copyrightYear\":\"2025\",\"copyrightHolder\":{\"@id\":\"https:\/\/dicodusport.fr\/blog\/#organization\"}},{\"@type\":\"WebPage\",\"@id\":\"https:\/\/dicodusport.fr\/blog\/ares-30-baki-chaine-tv-heure-et-date\/\",\"url\":\"https:\/\/dicodusport.fr\/blog\/ares-30-baki-chaine-tv-heure-et-date\/\",\"name\":\"ARES 30 Baki : \u00c0 quelle heure et sur quelle cha\u00eene TV\",\"isPartOf\":{\"@id\":\"https:\/\/dicodusport.fr\/blog\/#website\"},\"primaryImageOfPage\":{\"@id\":\"https:\/\/dicodusport.fr\/blog\/ares-30-baki-chaine-tv-heure-et-date\/#primaryimage\"},\"image\":{\"@id\":\"https:\/\/dicodusport.fr\/blog\/ares-30-baki-chaine-tv-heure-et-date\/#primaryimage\"},\"thumbnailUrl\":\"https:\/\/dicodusport.fr\/blog\/wp-content\/uploads\/2025\/05\/ARES-30-Baki-Chaine-TV-Heure-et-Date.png\",\"datePublished\":\"2025-05-16T16:22:54+00:00\",\"description\":\"MMA ARES 30 - L'ARES 30 se d\u00e9roule ce vendredi 16 mai avec notamment Ba\u00efssangour \\\"Baki\\\" Chamsoudinov sur la carte principale. D\u00e9couvrez le programme TV.\",\"breadcrumb\":{\"@id\":\"https:\/\/dicodusport.fr\/blog\/ares-30-baki-chaine-tv-heure-et-date\/#breadcrumb\"},\"inLanguage\":\"fr-FR\",\"potentialAction\":[{\"@type\":\"ReadAction\",\"target\":[\"https:\/\/dicodusport.fr\/blog\/ares-30-baki-chaine-tv-heure-et-date\/\"]}]},{\"@type\":\"ImageObject\",\"inLanguage\":\"fr-FR\",\"@id\":\"https:\/\/dicodusport.fr\/blog\/ares-30-baki-chaine-tv-heure-et-date\/#primaryimage\",\"url\":\"https:\/\/dicodusport.fr\/blog\/wp-content\/uploads\/2025\/05\/ARES-30-Baki-Chaine-TV-Heure-et-Date.png\",\"contentUrl\":\"https:\/\/dicodusport.fr\/blog\/wp-content\/uploads\/2025\/05\/ARES-30-Baki-Chaine-TV-Heure-et-Date.png\",\"width\":1200,\"height\":674,\"caption\":\"ARES 30 Baki Chaine TV, Heure et Date\"},{\"@type\":\"BreadcrumbList\",\"@id\":\"https:\/\/dicodusport.fr\/blog\/ares-30-baki-chaine-tv-heure-et-date\/#breadcrumb\",\"itemListElement\":[{\"@type\":\"ListItem\",\"position\":1,\"name\":\"Accueil\",\"item\":\"https:\/\/dicodusport.fr\/blog\/\"},{\"@type\":\"ListItem\",\"position\":2,\"name\":\"ARES 30 Baki : \u00c0 quelle heure et sur quelle cha\u00eene TV\"}]},{\"@type\":\"WebSite\",\"@id\":\"https:\/\/dicodusport.fr\/blog\/#website\",\"url\":\"https:\/\/dicodusport.fr\/blog\/\",\"name\":\"Dicodusport\",\"description\":\"L&#039;encyclop\u00e9die de l&#039;actualit\u00e9 sportive\",\"publisher\":{\"@id\":\"https:\/\/dicodusport.fr\/blog\/#organization\"},\"potentialAction\":[{\"@type\":\"SearchAction\",\"target\":{\"@type\":\"EntryPoint\",\"urlTemplate\":\"https:\/\/dicodusport.fr\/blog\/?s={search_term_string}\"},\"query-input\":{\"@type\":\"PropertyValueSpecification\",\"valueRequired\":true,\"valueName\":\"search_term_string\"}}],\"inLanguage\":\"fr-FR\"},{\"@type\":\"NewsMediaOrganization\",\"@id\":\"https:\/\/dicodusport.fr\/blog\/#organization\",\"name\":\"Dicodusport\",\"url\":\"https:\/\/dicodusport.fr\/blog\/\",\"logo\":{\"@type\":\"ImageObject\",\"inLanguage\":\"fr-FR\",\"@id\":\"https:\/\/dicodusport.fr\/blog\/#\/schema\/logo\/image\/\",\"url\":\"https:\/\/dicodusport.fr\/blog\/wp-content\/uploads\/2020\/06\/cropped-LOGO-DICODUSPORT-2020-SANS-FOND-SANS-TEXTE.png\",\"contentUrl\":\"https:\/\/dicodusport.fr\/blog\/wp-content\/uploads\/2020\/06\/cropped-LOGO-DICODUSPORT-2020-SANS-FOND-SANS-TEXTE.png\",\"width\":512,\"height\":512,\"caption\":\"Dicodusport\"},\"image\":{\"@id\":\"https:\/\/dicodusport.fr\/blog\/#\/schema\/logo\/image\/\"},\"sameAs\":[\"https:\/\/www.facebook.com\/dicodusport\",\"https:\/\/x.com\/dicodusport\",\"https:\/\/www.instagram.com\/dicodusport\/\",\"https:\/\/www.youtube.com\/channel\/UC7V2KZ5sd3htJivAbA4ZG3w\"],\"description\":\"Dicodusport est l'encyclop\u00e9die de l'actualit\u00e9 sportive.\",\"email\":\"bonjour@dicodusport.fr\",\"legalName\":\"DICODUSPORT\",\"foundingDate\":\"2018-01-14\",\"vatID\":\"FR71834470973\",\"taxID\":\"83447097300043\",\"numberOfEmployees\":{\"@type\":\"QuantitativeValue\",\"minValue\":\"1\",\"maxValue\":\"10\"}},{\"@type\":\"Person\",\"@id\":\"https:\/\/dicodusport.fr\/blog\/#\/schema\/person\/627966a6cde45dbd8c5e36ac85d783da\",\"name\":\"S\u00e9bastien Gente\",\"image\":{\"@type\":\"ImageObject\",\"inLanguage\":\"fr-FR\",\"@id\":\"https:\/\/dicodusport.fr\/blog\/#\/schema\/person\/image\/\",\"url\":\"https:\/\/dicodusport.fr\/blog\/wp-content\/uploads\/2021\/09\/1510990_10205810251400683_4124423575079401707_n-150x150.jpg\",\"contentUrl\":\"https:\/\/dicodusport.fr\/blog\/wp-content\/uploads\/2021\/09\/1510990_10205810251400683_4124423575079401707_n-150x150.jpg\",\"caption\":\"S\u00e9bastien Gente\"},\"description\":\"John Stockton, Gianni Bugno, Zinedine Zidane, Steffi Graf, Frode Andresen, St\u00e9phane Stoecklin, Davis Kamoga, Primoz Peterka, Werner Schlager et Aur\u00e9lien Rougerie. Point commun entre ces sportifs? Ils m'ont fait r\u00eaver et ont berc\u00e9 mon adolescence. Je suis un fondu de sports et j'essaie de retranscrire ma passion \u00e0 travers mes articles. Originaire du P\u00e9rigord, ma passion pour les Girondins, les Jaunards et les Jazzmen transpire dans mes \u00e9crits. \u00c0 Dicodusport depuis 2021, je d\u00e9niche les sports m\u00e9connus dans lesquels la France brille, et il y en a !\",\"sameAs\":[\"https:\/\/www.facebook.com\/sebastien.gente\/\",\"https:\/\/www.instagram.com\/sebgente\/\",\"https:\/\/www.linkedin.com\/in\/sbastien-gente-a29583169\/\",\"https:\/\/x.com\/https:\/\/twitter.com\/globulo24\",\"SebastienGente\"],\"worksFor\":\"S\u00e9bastien GENTE\",\"url\":\"https:\/\/dicodusport.fr\/blog\/author\/sebastiengente\/\"}]}<\/script>\n<!-- \/ Yoast SEO Premium plugin. -->","yoast_head_json":{"title":"ARES 30 Baki : \u00c0 quelle heure et sur quelle cha\u00eene TV","description":"MMA ARES 30 - L'ARES 30 se d\u00e9roule ce vendredi 16 mai avec notamment Ba\u00efssangour \"Baki\" Chamsoudinov sur la carte principale. D\u00e9couvrez le programme TV.","robots":{"index":"index","follow":"follow","max-snippet":"max-snippet:-1","max-image-preview":"max-image-preview:large","max-video-preview":"max-video-preview:-1"},"canonical":"https:\/\/dicodusport.fr\/blog\/ares-30-baki-chaine-tv-heure-et-date\/","og_locale":"fr_FR","og_type":"article","og_title":"ARES 30 Baki : \u00c0 quelle heure et sur quelle cha\u00eene TV","og_description":"MMA ARES 30 - L'ARES 30 se d\u00e9roule ce vendredi 16 mai avec notamment Ba\u00efssangour \"Baki\" Chamsoudinov sur la carte principale. D\u00e9couvrez le programme TV.","og_url":"https:\/\/dicodusport.fr\/blog\/ares-30-baki-chaine-tv-heure-et-date\/","og_site_name":"Dicodusport","article_publisher":"https:\/\/www.facebook.com\/dicodusport","article_author":"https:\/\/www.facebook.com\/sebastien.gente\/","article_published_time":"2025-05-16T16:22:54+00:00","og_image":[{"width":1200,"height":674,"url":"https:\/\/dicodusport.fr\/blog\/wp-content\/uploads\/2025\/05\/ARES-30-Baki-Chaine-TV-Heure-et-Date.png","type":"image\/png"}],"author":"S\u00e9bastien Gente","twitter_card":"summary_large_image","twitter_title":"ARES 30 Baki : \u00c0 quelle heure et sur quelle cha\u00eene TV","twitter_creator":"@https:\/\/twitter.com\/globulo24","twitter_site":"@dicodusport","schema":{"@context":"https:\/\/schema.org","@graph":[{"@type":"NewsArticle","@id":"https:\/\/dicodusport.fr\/blog\/ares-30-baki-chaine-tv-heure-et-date\/#article","isPartOf":{"@id":"https:\/\/dicodusport.fr\/blog\/ares-30-baki-chaine-tv-heure-et-date\/"},"author":{"name":"S\u00e9bastien Gente","@id":"https:\/\/dicodusport.fr\/blog\/#\/schema\/person\/627966a6cde45dbd8c5e36ac85d783da"},"headline":"ARES 30 Baki : \u00c0 quelle heure et sur quelle cha\u00eene TV","datePublished":"2025-05-16T16:22:54+00:00","mainEntityOfPage":{"@id":"https:\/\/dicodusport.fr\/blog\/ares-30-baki-chaine-tv-heure-et-date\/"},"wordCount":540,"commentCount":0,"publisher":{"@id":"https:\/\/dicodusport.fr\/blog\/#organization"},"image":{"@id":"https:\/\/dicodusport.fr\/blog\/ares-30-baki-chaine-tv-heure-et-date\/#primaryimage"},"thumbnailUrl":"https:\/\/dicodusport.fr\/blog\/wp-content\/uploads\/2025\/05\/ARES-30-Baki-Chaine-TV-Heure-et-Date.png","keywords":["Baki","br\u00e8ve","Programme TV"],"articleSection":["Cha\u00eene TV","MMA"],"inLanguage":"fr-FR","potentialAction":[{"@type":"CommentAction","name":"Comment","target":["https:\/\/dicodusport.fr\/blog\/ares-30-baki-chaine-tv-heure-et-date\/#respond"]}],"copyrightYear":"2025","copyrightHolder":{"@id":"https:\/\/dicodusport.fr\/blog\/#organization"}},{"@type":"WebPage","@id":"https:\/\/dicodusport.fr\/blog\/ares-30-baki-chaine-tv-heure-et-date\/","url":"https:\/\/dicodusport.fr\/blog\/ares-30-baki-chaine-tv-heure-et-date\/","name":"ARES 30 Baki : \u00c0 quelle heure et sur quelle cha\u00eene TV","isPartOf":{"@id":"https:\/\/dicodusport.fr\/blog\/#website"},"primaryImageOfPage":{"@id":"https:\/\/dicodusport.fr\/blog\/ares-30-baki-chaine-tv-heure-et-date\/#primaryimage"},"image":{"@id":"https:\/\/dicodusport.fr\/blog\/ares-30-baki-chaine-tv-heure-et-date\/#primaryimage"},"thumbnailUrl":"https:\/\/dicodusport.fr\/blog\/wp-content\/uploads\/2025\/05\/ARES-30-Baki-Chaine-TV-Heure-et-Date.png","datePublished":"2025-05-16T16:22:54+00:00","description":"MMA ARES 30 - L'ARES 30 se d\u00e9roule ce vendredi 16 mai avec notamment Ba\u00efssangour \"Baki\" Chamsoudinov sur la carte principale. D\u00e9couvrez le programme TV.","breadcrumb":{"@id":"https:\/\/dicodusport.fr\/blog\/ares-30-baki-chaine-tv-heure-et-date\/#breadcrumb"},"inLanguage":"fr-FR","potentialAction":[{"@type":"ReadAction","target":["https:\/\/dicodusport.fr\/blog\/ares-30-baki-chaine-tv-heure-et-date\/"]}]},{"@type":"ImageObject","inLanguage":"fr-FR","@id":"https:\/\/dicodusport.fr\/blog\/ares-30-baki-chaine-tv-heure-et-date\/#primaryimage","url":"https:\/\/dicodusport.fr\/blog\/wp-content\/uploads\/2025\/05\/ARES-30-Baki-Chaine-TV-Heure-et-Date.png","contentUrl":"https:\/\/dicodusport.fr\/blog\/wp-content\/uploads\/2025\/05\/ARES-30-Baki-Chaine-TV-Heure-et-Date.png","width":1200,"height":674,"caption":"ARES 30 Baki Chaine TV, Heure et Date"},{"@type":"BreadcrumbList","@id":"https:\/\/dicodusport.fr\/blog\/ares-30-baki-chaine-tv-heure-et-date\/#breadcrumb","itemListElement":[{"@type":"ListItem","position":1,"name":"Accueil","item":"https:\/\/dicodusport.fr\/blog\/"},{"@type":"ListItem","position":2,"name":"ARES 30 Baki : \u00c0 quelle heure et sur quelle cha\u00eene TV"}]},{"@type":"WebSite","@id":"https:\/\/dicodusport.fr\/blog\/#website","url":"https:\/\/dicodusport.fr\/blog\/","name":"Dicodusport","description":"L&#039;encyclop\u00e9die de l&#039;actualit\u00e9 sportive","publisher":{"@id":"https:\/\/dicodusport.fr\/blog\/#organization"},"potentialAction":[{"@type":"SearchAction","target":{"@type":"EntryPoint","urlTemplate":"https:\/\/dicodusport.fr\/blog\/?s={search_term_string}"},"query-input":{"@type":"PropertyValueSpecification","valueRequired":true,"valueName":"search_term_string"}}],"inLanguage":"fr-FR"},{"@type":"NewsMediaOrganization","@id":"https:\/\/dicodusport.fr\/blog\/#organization","name":"Dicodusport","url":"https:\/\/dicodusport.fr\/blog\/","logo":{"@type":"ImageObject","inLanguage":"fr-FR","@id":"https:\/\/dicodusport.fr\/blog\/#\/schema\/logo\/image\/","url":"https:\/\/dicodusport.fr\/blog\/wp-content\/uploads\/2020\/06\/cropped-LOGO-DICODUSPORT-2020-SANS-FOND-SANS-TEXTE.png","contentUrl":"https:\/\/dicodusport.fr\/blog\/wp-content\/uploads\/2020\/06\/cropped-LOGO-DICODUSPORT-2020-SANS-FOND-SANS-TEXTE.png","width":512,"height":512,"caption":"Dicodusport"},"image":{"@id":"https:\/\/dicodusport.fr\/blog\/#\/schema\/logo\/image\/"},"sameAs":["https:\/\/www.facebook.com\/dicodusport","https:\/\/x.com\/dicodusport","https:\/\/www.instagram.com\/dicodusport\/","https:\/\/www.youtube.com\/channel\/UC7V2KZ5sd3htJivAbA4ZG3w"],"description":"Dicodusport est l'encyclop\u00e9die de l'actualit\u00e9 sportive.","email":"bonjour@dicodusport.fr","legalName":"DICODUSPORT","foundingDate":"2018-01-14","vatID":"FR71834470973","taxID":"83447097300043","numberOfEmployees":{"@type":"QuantitativeValue","minValue":"1","maxValue":"10"}},{"@type":"Person","@id":"https:\/\/dicodusport.fr\/blog\/#\/schema\/person\/627966a6cde45dbd8c5e36ac85d783da","name":"S\u00e9bastien Gente","image":{"@type":"ImageObject","inLanguage":"fr-FR","@id":"https:\/\/dicodusport.fr\/blog\/#\/schema\/person\/image\/","url":"https:\/\/dicodusport.fr\/blog\/wp-content\/uploads\/2021\/09\/1510990_10205810251400683_4124423575079401707_n-150x150.jpg","contentUrl":"https:\/\/dicodusport.fr\/blog\/wp-content\/uploads\/2021\/09\/1510990_10205810251400683_4124423575079401707_n-150x150.jpg","caption":"S\u00e9bastien Gente"},"description":"John Stockton, Gianni Bugno, Zinedine Zidane, Steffi Graf, Frode Andresen, St\u00e9phane Stoecklin, Davis Kamoga, Primoz Peterka, Werner Schlager et Aur\u00e9lien Rougerie. Point commun entre ces sportifs? Ils m'ont fait r\u00eaver et ont berc\u00e9 mon adolescence. Je suis un fondu de sports et j'essaie de retranscrire ma passion \u00e0 travers mes articles. Originaire du P\u00e9rigord, ma passion pour les Girondins, les Jaunards et les Jazzmen transpire dans mes \u00e9crits. \u00c0 Dicodusport depuis 2021, je d\u00e9niche les sports m\u00e9connus dans lesquels la France brille, et il y en a !","sameAs":["https:\/\/www.facebook.com\/sebastien.gente\/","https:\/\/www.instagram.com\/sebgente\/","https:\/\/www.linkedin.com\/in\/sbastien-gente-a29583169\/","https:\/\/x.com\/https:\/\/twitter.com\/globulo24","SebastienGente"],"worksFor":"S\u00e9bastien GENTE","url":"https:\/\/dicodusport.fr\/blog\/author\/sebastiengente\/"}]}},"_links":{"self":[{"href":"https:\/\/dicodusport.fr\/blog\/wp-json\/wp\/v2\/posts\/578729","targetHints":{"allow":["GET"]}}],"collection":[{"href":"https:\/\/dicodusport.fr\/blog\/wp-json\/wp\/v2\/posts"}],"about":[{"href":"https:\/\/dicodusport.fr\/blog\/wp-json\/wp\/v2\/types\/post"}],"author":[{"embeddable":true,"href":"https:\/\/dicodusport.fr\/blog\/wp-json\/wp\/v2\/users\/59"}],"replies":[{"embeddable":true,"href":"https:\/\/dicodusport.fr\/blog\/wp-json\/wp\/v2\/comments?post=578729"}],"version-history":[{"count":5,"href":"https:\/\/dicodusport.fr\/blog\/wp-json\/wp\/v2\/posts\/578729\/revisions"}],"predecessor-version":[{"id":579435,"href":"https:\/\/dicodusport.fr\/blog\/wp-json\/wp\/v2\/posts\/578729\/revisions\/579435"}],"wp:featuredmedia":[{"embeddable":true,"href":"https:\/\/dicodusport.fr\/blog\/wp-json\/wp\/v2\/media\/578735"}],"wp:attachment":[{"href":"https:\/\/dicodusport.fr\/blog\/wp-json\/wp\/v2\/media?parent=578729"}],"wp:term":[{"taxonomy":"category","embeddable":true,"href":"https:\/\/dicodusport.fr\/blog\/wp-json\/wp\/v2\/categories?post=578729"},{"taxonomy":"post_tag","embeddable":true,"href":"https:\/\/dicodusport.fr\/blog\/wp-json\/wp\/v2\/tags?post=578729"}],"curies":[{"name":"wp","href":"https:\/\/api.w.org\/{rel}","templated":true}]}}