{"id":578816,"date":"2025-05-14T16:22:04","date_gmt":"2025-05-14T14:22:04","guid":{"rendered":"https:\/\/dicodusport.fr\/blog\/?p=578816&#038;preview=true&#038;preview_id=578816"},"modified":"2025-05-14T16:48:35","modified_gmt":"2025-05-14T14:48:35","slug":"4-jours-de-dunkerque-2025-axel-zingle-rafle-la-1ere-etape","status":"publish","type":"post","link":"https:\/\/dicodusport.fr\/blog\/4-jours-de-dunkerque-2025-axel-zingle-rafle-la-1ere-etape\/","title":{"rendered":"4 Jours de Dunkerque 2025 : Axel Zingle rafle la 1\u00e8re \u00e9tape !"},"content":{"rendered":"<h4 style=\"text-align: justify;\"><em>4 JOURS DE DUNKERQUE 2025 &#8211; Axel Zingle (Team Visma Lease a Bike) s&rsquo;adjuge la premi\u00e8re \u00e9tape au sprint \u00e0 Amiens et endosse le maillot rose.<\/em><\/h4>\n<ul>\n<li style=\"text-align: justify;\"><strong>\u00c0 ce sujet &#8211; <a href=\"https:\/\/dicodusport.fr\/blog\/4-jours-de-dunkerque-2025-classement-et-resultats-1ere-etape\/\">Classement et r\u00e9sultats de la 1\u00e8re \u00e9tape des 4 Jours de Dunkerque<\/a><\/strong><\/li>\n<li style=\"text-align: justify;\"><strong>\u00c0 ce sujet &#8211; <a href=\"https:\/\/dicodusport.fr\/blog\/classement-general-4-jours-de-dunkerque-2025\/\">Classement g\u00e9n\u00e9ral 4 Jours de Dunkerque 2025<\/a><\/strong><\/li>\n<\/ul>\n<p style=\"text-align: justify;\">\u00c0 Amiens, on attendait un peloton group\u00e9 pour se disputer le premier bouquet de cette 69\u00e8me \u00e9dition des 4 Jours de Dunkerque. Avec un final d\u00e9pourvu en difficult\u00e9s, il \u00e9tait entendu que les grosses cuisses auraient le dernier mot. Et le Fran\u00e7ais <strong>Axel Zingle<\/strong> (Team Visma Lease a Bike), parfaitement plac\u00e9 dans le final, a ouvert son compteur avec la formation n\u00e9erlandaise, lui qui est arriv\u00e9 cet \u00e9t\u00e9. Il devance dans l&rsquo;ordre le Danois <strong>Tobias Lund Andresen<\/strong> (Team Picnic PostNL) et le Norv\u00e9gien <strong>Stian Fredheim<\/strong> (Uno-X Mobility). D\u00e9ception pour <strong>Pascal Ackermann<\/strong> seulement quatri\u00e8me et dont l&rsquo;\u00e9quipe a travaill\u00e9 toute la journ\u00e9e. <strong>Zingle<\/strong> s&#8217;empare \u00e9galement du maillot rose et peut clairement envisager le classement g\u00e9n\u00e9ral de l&rsquo;\u00e9preuve.<\/p>\n<blockquote class=\"twitter-tweet\">\n<p dir=\"ltr\" lang=\"fr\">Axel Zingle a gagn\u00e9 la prmei\u00e8re \u00e9tape des <a href=\"https:\/\/twitter.com\/hashtag\/4jdd?src=hash&amp;ref_src=twsrc%5Etfw\">#4jdd<\/a> devant Tobias Lund Andresen et Stan Fredheim ! <a href=\"https:\/\/t.co\/hKLhSipBQo\">pic.twitter.com\/hKLhSipBQo<\/a><\/p>\n<p>\u2014 \ud83d\udeb4 Les Rois du Peloton \ud83d\udeb2 (@LRoisDuPeloton) <a href=\"https:\/\/twitter.com\/LRoisDuPeloton\/status\/1922659729710453181?ref_src=twsrc%5Etfw\">May 14, 2025<\/a><\/p><\/blockquote>\n<p><script async src=\"https:\/\/platform.twitter.com\/widgets.js\" charset=\"utf-8\"><\/script><\/p>\n<h2 style=\"text-align: justify;\">Une \u00e9chapp\u00e9e avec de beaux noms<\/h2>\n<p style=\"text-align: justify;\">Auparavant, une \u00e9chapp\u00e9e de coureurs plut\u00f4t solides est sortie du peloton en d\u00e9but d&rsquo;\u00e9tape. On retrouvait l\u00e0 l&rsquo;exp\u00e9riment\u00e9 Britannique <strong>Ben Swift<\/strong> (Ineos Grenadiers), mais aussi des coureurs World Tour tels que <strong>Gil Gelders<\/strong> (Soudal Quick-Step) et <strong>Per Strand Hagenes<\/strong> (Team Visma Lease a Bike). <strong>Lucas De Meester<\/strong> (Wagner Bazin WB), d\u00e9j\u00e0 \u00e9chapp\u00e9 sur la Classique Dunkerque \/ Grand Prix des Hauts-de-France hier et <strong>Danny van der Tuuk<\/strong> (Euskaltel &#8211; Euskadi) ont \u00e9galement fait partie de l&rsquo;aventure.<\/p>\n<p style=\"text-align: justify;\">Le Polonais, dernier cit\u00e9, en a profit\u00e9 pour s&#8217;emparer du maillot de meilleur grimpeur de l&rsquo;\u00e9preuve nordiste. L&rsquo;\u00e9cart est mont\u00e9 \u00e0 pr\u00e8s de 4 minutes, mais les \u00e9quipes Cofidis et Israel Premier Tech prenaient les choses en main derri\u00e8re, pour <strong>Bryan Coquard<\/strong> et <strong>Pascal Ackermann<\/strong>. Malheureusement pour les cinq hommes de t\u00eate, l&rsquo;\u00e9cart se r\u00e9duisait inexorablement au fil des kilom\u00e8tres et le peloton les a aval\u00e9s \u00e0 11 km de l&rsquo;arriv\u00e9e.<\/p>\n<ul>\n<li style=\"text-align: justify;\"><strong>\u00c0 ce sujet \u2013\u00a0<a href=\"https:\/\/dicodusport.fr\/blog\/4-jours-de-dunkerque-2025-parcours-detaille-et-profils-des-etapes\/\">4 Jours de Dunkerque 2025 : Parcours et profils<\/a><\/strong><\/li>\n<\/ul>\n<p>&nbsp;<\/p>\n","protected":false},"excerpt":{"rendered":"<p>4 JOURS DE DUNKERQUE 2025 &#8211; Axel Zingle (Team Visma Lease a Bike) s&rsquo;adjuge la premi\u00e8re \u00e9tape au sprint \u00e0 Amiens et endosse le maillot rose.<\/p>\n","protected":false},"author":92,"featured_media":578859,"comment_status":"open","ping_status":"closed","sticky":false,"template":"","format":"standard","meta":{"_acf_changed":false,"_daextam_enable_autolinks":"1","footnotes":""},"categories":[46994],"tags":[7865,3119,26423,16878],"class_list":["post-578816","post","type-post","status-publish","format-standard","has-post-thumbnail","hentry","category-cyclisme-sur-route","tag-4-jours-de-dunkerque","tag-actualite-cyclisme","tag-axel-zingle","tag-breve"],"acf":[],"yoast_head":"<!-- This site is optimized with the Yoast SEO Premium plugin v26.7 (Yoast SEO v26.7) - https:\/\/yoast.com\/wordpress\/plugins\/seo\/ -->\n<title>4 Jours de Dunkerque 2025 : Axel Zingle rafle la 1\u00e8re \u00e9tape !<\/title>\n<meta name=\"description\" content=\"4 JOURS DE DUNKERQUE 2025 - Axel Zingle (Team Visma Lease a Bike) s&#039;adjuge la premi\u00e8re \u00e9tape au sprint \u00e0 Amiens et endosse le maillot rose.\" \/>\n<meta name=\"robots\" content=\"index, follow, max-snippet:-1, max-image-preview:large, max-video-preview:-1\" \/>\n<link rel=\"canonical\" href=\"https:\/\/dicodusport.fr\/blog\/4-jours-de-dunkerque-2025-axel-zingle-rafle-la-1ere-etape\/\" \/>\n<meta property=\"og:locale\" content=\"fr_FR\" \/>\n<meta property=\"og:type\" content=\"article\" \/>\n<meta property=\"og:title\" content=\"4 Jours de Dunkerque 2025 : Axel Zingle rafle la 1\u00e8re \u00e9tape !\" \/>\n<meta property=\"og:description\" content=\"4 JOURS DE DUNKERQUE 2025 - Axel Zingle (Team Visma Lease a Bike) s&#039;adjuge la premi\u00e8re \u00e9tape au sprint \u00e0 Amiens et endosse le maillot rose.\" \/>\n<meta property=\"og:url\" content=\"https:\/\/dicodusport.fr\/blog\/4-jours-de-dunkerque-2025-axel-zingle-rafle-la-1ere-etape\/\" \/>\n<meta property=\"og:site_name\" content=\"Dicodusport\" \/>\n<meta property=\"article:publisher\" content=\"https:\/\/www.facebook.com\/dicodusport\" \/>\n<meta property=\"article:published_time\" content=\"2025-05-14T14:22:04+00:00\" \/>\n<meta property=\"article:modified_time\" content=\"2025-05-14T14:48:35+00:00\" \/>\n<meta property=\"og:image\" content=\"https:\/\/dicodusport.fr\/blog\/wp-content\/uploads\/2025\/05\/4-Jours-de-Dunkerque-2025-Axel-Zingle-rafle-la-1ere-etape-1.png\" \/>\n\t<meta property=\"og:image:width\" content=\"1200\" \/>\n\t<meta property=\"og:image:height\" content=\"674\" \/>\n\t<meta property=\"og:image:type\" content=\"image\/png\" \/>\n<meta name=\"author\" content=\"Olivier Dobiezynski\" \/>\n<meta name=\"twitter:card\" content=\"summary_large_image\" \/>\n<meta name=\"twitter:title\" content=\"4 Jours de Dunkerque 2025 : Axel Zingle rafle la 1\u00e8re \u00e9tape !\" \/>\n<meta name=\"twitter:creator\" content=\"@https:\/\/x.com\/Olivier_Matros\" \/>\n<meta name=\"twitter:site\" content=\"@dicodusport\" \/>\n<script type=\"application\/ld+json\" class=\"yoast-schema-graph\">{\"@context\":\"https:\/\/schema.org\",\"@graph\":[{\"@type\":\"NewsArticle\",\"@id\":\"https:\/\/dicodusport.fr\/blog\/4-jours-de-dunkerque-2025-axel-zingle-rafle-la-1ere-etape\/#article\",\"isPartOf\":{\"@id\":\"https:\/\/dicodusport.fr\/blog\/4-jours-de-dunkerque-2025-axel-zingle-rafle-la-1ere-etape\/\"},\"author\":{\"name\":\"Olivier Dobiezynski\",\"@id\":\"https:\/\/dicodusport.fr\/blog\/#\/schema\/person\/fe500246414ca17ddf0c0312d7a792cc\"},\"headline\":\"4 Jours de Dunkerque 2025 : Axel Zingle rafle la 1\u00e8re \u00e9tape !\",\"datePublished\":\"2025-05-14T14:22:04+00:00\",\"dateModified\":\"2025-05-14T14:48:35+00:00\",\"mainEntityOfPage\":{\"@id\":\"https:\/\/dicodusport.fr\/blog\/4-jours-de-dunkerque-2025-axel-zingle-rafle-la-1ere-etape\/\"},\"wordCount\":392,\"commentCount\":0,\"publisher\":{\"@id\":\"https:\/\/dicodusport.fr\/blog\/#organization\"},\"image\":{\"@id\":\"https:\/\/dicodusport.fr\/blog\/4-jours-de-dunkerque-2025-axel-zingle-rafle-la-1ere-etape\/#primaryimage\"},\"thumbnailUrl\":\"https:\/\/dicodusport.fr\/blog\/wp-content\/uploads\/2025\/05\/4-Jours-de-Dunkerque-2025-Axel-Zingle-rafle-la-1ere-etape-1.png\",\"keywords\":[\"4 Jours de Dunkerque\",\"Actualit\u00e9 Cyclisme\",\"Axel Zingle\",\"br\u00e8ve\"],\"articleSection\":[\"Cyclisme sur route\"],\"inLanguage\":\"fr-FR\",\"potentialAction\":[{\"@type\":\"CommentAction\",\"name\":\"Comment\",\"target\":[\"https:\/\/dicodusport.fr\/blog\/4-jours-de-dunkerque-2025-axel-zingle-rafle-la-1ere-etape\/#respond\"]}],\"copyrightYear\":\"2025\",\"copyrightHolder\":{\"@id\":\"https:\/\/dicodusport.fr\/blog\/#organization\"}},{\"@type\":\"WebPage\",\"@id\":\"https:\/\/dicodusport.fr\/blog\/4-jours-de-dunkerque-2025-axel-zingle-rafle-la-1ere-etape\/\",\"url\":\"https:\/\/dicodusport.fr\/blog\/4-jours-de-dunkerque-2025-axel-zingle-rafle-la-1ere-etape\/\",\"name\":\"4 Jours de Dunkerque 2025 : Axel Zingle rafle la 1\u00e8re \u00e9tape !\",\"isPartOf\":{\"@id\":\"https:\/\/dicodusport.fr\/blog\/#website\"},\"primaryImageOfPage\":{\"@id\":\"https:\/\/dicodusport.fr\/blog\/4-jours-de-dunkerque-2025-axel-zingle-rafle-la-1ere-etape\/#primaryimage\"},\"image\":{\"@id\":\"https:\/\/dicodusport.fr\/blog\/4-jours-de-dunkerque-2025-axel-zingle-rafle-la-1ere-etape\/#primaryimage\"},\"thumbnailUrl\":\"https:\/\/dicodusport.fr\/blog\/wp-content\/uploads\/2025\/05\/4-Jours-de-Dunkerque-2025-Axel-Zingle-rafle-la-1ere-etape-1.png\",\"datePublished\":\"2025-05-14T14:22:04+00:00\",\"dateModified\":\"2025-05-14T14:48:35+00:00\",\"description\":\"4 JOURS DE DUNKERQUE 2025 - Axel Zingle (Team Visma Lease a Bike) s'adjuge la premi\u00e8re \u00e9tape au sprint \u00e0 Amiens et endosse le maillot rose.\",\"breadcrumb\":{\"@id\":\"https:\/\/dicodusport.fr\/blog\/4-jours-de-dunkerque-2025-axel-zingle-rafle-la-1ere-etape\/#breadcrumb\"},\"inLanguage\":\"fr-FR\",\"potentialAction\":[{\"@type\":\"ReadAction\",\"target\":[\"https:\/\/dicodusport.fr\/blog\/4-jours-de-dunkerque-2025-axel-zingle-rafle-la-1ere-etape\/\"]}]},{\"@type\":\"ImageObject\",\"inLanguage\":\"fr-FR\",\"@id\":\"https:\/\/dicodusport.fr\/blog\/4-jours-de-dunkerque-2025-axel-zingle-rafle-la-1ere-etape\/#primaryimage\",\"url\":\"https:\/\/dicodusport.fr\/blog\/wp-content\/uploads\/2025\/05\/4-Jours-de-Dunkerque-2025-Axel-Zingle-rafle-la-1ere-etape-1.png\",\"contentUrl\":\"https:\/\/dicodusport.fr\/blog\/wp-content\/uploads\/2025\/05\/4-Jours-de-Dunkerque-2025-Axel-Zingle-rafle-la-1ere-etape-1.png\",\"width\":1200,\"height\":674,\"caption\":\"4 Jours de Dunkerque 2025 Axel Zingle rafle la 1\u00e8re \u00e9tape ! (1)\"},{\"@type\":\"BreadcrumbList\",\"@id\":\"https:\/\/dicodusport.fr\/blog\/4-jours-de-dunkerque-2025-axel-zingle-rafle-la-1ere-etape\/#breadcrumb\",\"itemListElement\":[{\"@type\":\"ListItem\",\"position\":1,\"name\":\"Accueil\",\"item\":\"https:\/\/dicodusport.fr\/blog\/\"},{\"@type\":\"ListItem\",\"position\":2,\"name\":\"4 Jours de Dunkerque 2025 : Axel Zingle rafle la 1\u00e8re \u00e9tape !\"}]},{\"@type\":\"WebSite\",\"@id\":\"https:\/\/dicodusport.fr\/blog\/#website\",\"url\":\"https:\/\/dicodusport.fr\/blog\/\",\"name\":\"Dicodusport\",\"description\":\"L&#039;encyclop\u00e9die de l&#039;actualit\u00e9 sportive\",\"publisher\":{\"@id\":\"https:\/\/dicodusport.fr\/blog\/#organization\"},\"potentialAction\":[{\"@type\":\"SearchAction\",\"target\":{\"@type\":\"EntryPoint\",\"urlTemplate\":\"https:\/\/dicodusport.fr\/blog\/?s={search_term_string}\"},\"query-input\":{\"@type\":\"PropertyValueSpecification\",\"valueRequired\":true,\"valueName\":\"search_term_string\"}}],\"inLanguage\":\"fr-FR\"},{\"@type\":\"NewsMediaOrganization\",\"@id\":\"https:\/\/dicodusport.fr\/blog\/#organization\",\"name\":\"Dicodusport\",\"url\":\"https:\/\/dicodusport.fr\/blog\/\",\"logo\":{\"@type\":\"ImageObject\",\"inLanguage\":\"fr-FR\",\"@id\":\"https:\/\/dicodusport.fr\/blog\/#\/schema\/logo\/image\/\",\"url\":\"https:\/\/dicodusport.fr\/blog\/wp-content\/uploads\/2020\/06\/cropped-LOGO-DICODUSPORT-2020-SANS-FOND-SANS-TEXTE.png\",\"contentUrl\":\"https:\/\/dicodusport.fr\/blog\/wp-content\/uploads\/2020\/06\/cropped-LOGO-DICODUSPORT-2020-SANS-FOND-SANS-TEXTE.png\",\"width\":512,\"height\":512,\"caption\":\"Dicodusport\"},\"image\":{\"@id\":\"https:\/\/dicodusport.fr\/blog\/#\/schema\/logo\/image\/\"},\"sameAs\":[\"https:\/\/www.facebook.com\/dicodusport\",\"https:\/\/x.com\/dicodusport\",\"https:\/\/www.instagram.com\/dicodusport\/\",\"https:\/\/www.youtube.com\/channel\/UC7V2KZ5sd3htJivAbA4ZG3w\"],\"description\":\"Dicodusport est l'encyclop\u00e9die de l'actualit\u00e9 sportive.\",\"email\":\"bonjour@dicodusport.fr\",\"legalName\":\"DICODUSPORT\",\"foundingDate\":\"2018-01-14\",\"vatID\":\"FR71834470973\",\"taxID\":\"83447097300043\",\"numberOfEmployees\":{\"@type\":\"QuantitativeValue\",\"minValue\":\"1\",\"maxValue\":\"10\"}},{\"@type\":\"Person\",\"@id\":\"https:\/\/dicodusport.fr\/blog\/#\/schema\/person\/fe500246414ca17ddf0c0312d7a792cc\",\"name\":\"Olivier Dobiezynski\",\"image\":{\"@type\":\"ImageObject\",\"inLanguage\":\"fr-FR\",\"@id\":\"https:\/\/dicodusport.fr\/blog\/#\/schema\/person\/image\/\",\"url\":\"https:\/\/dicodusport.fr\/blog\/wp-content\/uploads\/2024\/09\/5be8fe8d-9962-4f1e-ad06-d6f9dee30e6d-150x150.jpg\",\"contentUrl\":\"https:\/\/dicodusport.fr\/blog\/wp-content\/uploads\/2024\/09\/5be8fe8d-9962-4f1e-ad06-d6f9dee30e6d-150x150.jpg\",\"caption\":\"Olivier Dobiezynski\"},\"description\":\"Depuis le milieu des ann\u00e9es 90, la passion du cyclisme m'anime. Mes h\u00e9ros s'appellent Luc Leblanc, Piotr Ugrumov, Paolo Savoldelli, Peter Sagan et bien \u00e9videmment Romain Bardet. R\u00e9dacteur depuis 2023, je suis ici pour partager cet amour de la Petite Reine. Vous pourrez me lire \u00e9galement sur du trail, du ski de fond et tout autre sujet susceptible d'\u00e9veiller ma curiosit\u00e9 sportive.\",\"sameAs\":[\"https:\/\/x.com\/https:\/\/x.com\/Olivier_Matros\"],\"url\":\"https:\/\/dicodusport.fr\/blog\/author\/olivier-gh\/\"}]}<\/script>\n<!-- \/ Yoast SEO Premium plugin. -->","yoast_head_json":{"title":"4 Jours de Dunkerque 2025 : Axel Zingle rafle la 1\u00e8re \u00e9tape !","description":"4 JOURS DE DUNKERQUE 2025 - Axel Zingle (Team Visma Lease a Bike) s'adjuge la premi\u00e8re \u00e9tape au sprint \u00e0 Amiens et endosse le maillot rose.","robots":{"index":"index","follow":"follow","max-snippet":"max-snippet:-1","max-image-preview":"max-image-preview:large","max-video-preview":"max-video-preview:-1"},"canonical":"https:\/\/dicodusport.fr\/blog\/4-jours-de-dunkerque-2025-axel-zingle-rafle-la-1ere-etape\/","og_locale":"fr_FR","og_type":"article","og_title":"4 Jours de Dunkerque 2025 : Axel Zingle rafle la 1\u00e8re \u00e9tape !","og_description":"4 JOURS DE DUNKERQUE 2025 - Axel Zingle (Team Visma Lease a Bike) s'adjuge la premi\u00e8re \u00e9tape au sprint \u00e0 Amiens et endosse le maillot rose.","og_url":"https:\/\/dicodusport.fr\/blog\/4-jours-de-dunkerque-2025-axel-zingle-rafle-la-1ere-etape\/","og_site_name":"Dicodusport","article_publisher":"https:\/\/www.facebook.com\/dicodusport","article_published_time":"2025-05-14T14:22:04+00:00","article_modified_time":"2025-05-14T14:48:35+00:00","og_image":[{"width":1200,"height":674,"url":"https:\/\/dicodusport.fr\/blog\/wp-content\/uploads\/2025\/05\/4-Jours-de-Dunkerque-2025-Axel-Zingle-rafle-la-1ere-etape-1.png","type":"image\/png"}],"author":"Olivier Dobiezynski","twitter_card":"summary_large_image","twitter_title":"4 Jours de Dunkerque 2025 : Axel Zingle rafle la 1\u00e8re \u00e9tape !","twitter_creator":"@https:\/\/x.com\/Olivier_Matros","twitter_site":"@dicodusport","schema":{"@context":"https:\/\/schema.org","@graph":[{"@type":"NewsArticle","@id":"https:\/\/dicodusport.fr\/blog\/4-jours-de-dunkerque-2025-axel-zingle-rafle-la-1ere-etape\/#article","isPartOf":{"@id":"https:\/\/dicodusport.fr\/blog\/4-jours-de-dunkerque-2025-axel-zingle-rafle-la-1ere-etape\/"},"author":{"name":"Olivier Dobiezynski","@id":"https:\/\/dicodusport.fr\/blog\/#\/schema\/person\/fe500246414ca17ddf0c0312d7a792cc"},"headline":"4 Jours de Dunkerque 2025 : Axel Zingle rafle la 1\u00e8re \u00e9tape !","datePublished":"2025-05-14T14:22:04+00:00","dateModified":"2025-05-14T14:48:35+00:00","mainEntityOfPage":{"@id":"https:\/\/dicodusport.fr\/blog\/4-jours-de-dunkerque-2025-axel-zingle-rafle-la-1ere-etape\/"},"wordCount":392,"commentCount":0,"publisher":{"@id":"https:\/\/dicodusport.fr\/blog\/#organization"},"image":{"@id":"https:\/\/dicodusport.fr\/blog\/4-jours-de-dunkerque-2025-axel-zingle-rafle-la-1ere-etape\/#primaryimage"},"thumbnailUrl":"https:\/\/dicodusport.fr\/blog\/wp-content\/uploads\/2025\/05\/4-Jours-de-Dunkerque-2025-Axel-Zingle-rafle-la-1ere-etape-1.png","keywords":["4 Jours de Dunkerque","Actualit\u00e9 Cyclisme","Axel Zingle","br\u00e8ve"],"articleSection":["Cyclisme sur route"],"inLanguage":"fr-FR","potentialAction":[{"@type":"CommentAction","name":"Comment","target":["https:\/\/dicodusport.fr\/blog\/4-jours-de-dunkerque-2025-axel-zingle-rafle-la-1ere-etape\/#respond"]}],"copyrightYear":"2025","copyrightHolder":{"@id":"https:\/\/dicodusport.fr\/blog\/#organization"}},{"@type":"WebPage","@id":"https:\/\/dicodusport.fr\/blog\/4-jours-de-dunkerque-2025-axel-zingle-rafle-la-1ere-etape\/","url":"https:\/\/dicodusport.fr\/blog\/4-jours-de-dunkerque-2025-axel-zingle-rafle-la-1ere-etape\/","name":"4 Jours de Dunkerque 2025 : Axel Zingle rafle la 1\u00e8re \u00e9tape !","isPartOf":{"@id":"https:\/\/dicodusport.fr\/blog\/#website"},"primaryImageOfPage":{"@id":"https:\/\/dicodusport.fr\/blog\/4-jours-de-dunkerque-2025-axel-zingle-rafle-la-1ere-etape\/#primaryimage"},"image":{"@id":"https:\/\/dicodusport.fr\/blog\/4-jours-de-dunkerque-2025-axel-zingle-rafle-la-1ere-etape\/#primaryimage"},"thumbnailUrl":"https:\/\/dicodusport.fr\/blog\/wp-content\/uploads\/2025\/05\/4-Jours-de-Dunkerque-2025-Axel-Zingle-rafle-la-1ere-etape-1.png","datePublished":"2025-05-14T14:22:04+00:00","dateModified":"2025-05-14T14:48:35+00:00","description":"4 JOURS DE DUNKERQUE 2025 - Axel Zingle (Team Visma Lease a Bike) s'adjuge la premi\u00e8re \u00e9tape au sprint \u00e0 Amiens et endosse le maillot rose.","breadcrumb":{"@id":"https:\/\/dicodusport.fr\/blog\/4-jours-de-dunkerque-2025-axel-zingle-rafle-la-1ere-etape\/#breadcrumb"},"inLanguage":"fr-FR","potentialAction":[{"@type":"ReadAction","target":["https:\/\/dicodusport.fr\/blog\/4-jours-de-dunkerque-2025-axel-zingle-rafle-la-1ere-etape\/"]}]},{"@type":"ImageObject","inLanguage":"fr-FR","@id":"https:\/\/dicodusport.fr\/blog\/4-jours-de-dunkerque-2025-axel-zingle-rafle-la-1ere-etape\/#primaryimage","url":"https:\/\/dicodusport.fr\/blog\/wp-content\/uploads\/2025\/05\/4-Jours-de-Dunkerque-2025-Axel-Zingle-rafle-la-1ere-etape-1.png","contentUrl":"https:\/\/dicodusport.fr\/blog\/wp-content\/uploads\/2025\/05\/4-Jours-de-Dunkerque-2025-Axel-Zingle-rafle-la-1ere-etape-1.png","width":1200,"height":674,"caption":"4 Jours de Dunkerque 2025 Axel Zingle rafle la 1\u00e8re \u00e9tape ! (1)"},{"@type":"BreadcrumbList","@id":"https:\/\/dicodusport.fr\/blog\/4-jours-de-dunkerque-2025-axel-zingle-rafle-la-1ere-etape\/#breadcrumb","itemListElement":[{"@type":"ListItem","position":1,"name":"Accueil","item":"https:\/\/dicodusport.fr\/blog\/"},{"@type":"ListItem","position":2,"name":"4 Jours de Dunkerque 2025 : Axel Zingle rafle la 1\u00e8re \u00e9tape !"}]},{"@type":"WebSite","@id":"https:\/\/dicodusport.fr\/blog\/#website","url":"https:\/\/dicodusport.fr\/blog\/","name":"Dicodusport","description":"L&#039;encyclop\u00e9die de l&#039;actualit\u00e9 sportive","publisher":{"@id":"https:\/\/dicodusport.fr\/blog\/#organization"},"potentialAction":[{"@type":"SearchAction","target":{"@type":"EntryPoint","urlTemplate":"https:\/\/dicodusport.fr\/blog\/?s={search_term_string}"},"query-input":{"@type":"PropertyValueSpecification","valueRequired":true,"valueName":"search_term_string"}}],"inLanguage":"fr-FR"},{"@type":"NewsMediaOrganization","@id":"https:\/\/dicodusport.fr\/blog\/#organization","name":"Dicodusport","url":"https:\/\/dicodusport.fr\/blog\/","logo":{"@type":"ImageObject","inLanguage":"fr-FR","@id":"https:\/\/dicodusport.fr\/blog\/#\/schema\/logo\/image\/","url":"https:\/\/dicodusport.fr\/blog\/wp-content\/uploads\/2020\/06\/cropped-LOGO-DICODUSPORT-2020-SANS-FOND-SANS-TEXTE.png","contentUrl":"https:\/\/dicodusport.fr\/blog\/wp-content\/uploads\/2020\/06\/cropped-LOGO-DICODUSPORT-2020-SANS-FOND-SANS-TEXTE.png","width":512,"height":512,"caption":"Dicodusport"},"image":{"@id":"https:\/\/dicodusport.fr\/blog\/#\/schema\/logo\/image\/"},"sameAs":["https:\/\/www.facebook.com\/dicodusport","https:\/\/x.com\/dicodusport","https:\/\/www.instagram.com\/dicodusport\/","https:\/\/www.youtube.com\/channel\/UC7V2KZ5sd3htJivAbA4ZG3w"],"description":"Dicodusport est l'encyclop\u00e9die de l'actualit\u00e9 sportive.","email":"bonjour@dicodusport.fr","legalName":"DICODUSPORT","foundingDate":"2018-01-14","vatID":"FR71834470973","taxID":"83447097300043","numberOfEmployees":{"@type":"QuantitativeValue","minValue":"1","maxValue":"10"}},{"@type":"Person","@id":"https:\/\/dicodusport.fr\/blog\/#\/schema\/person\/fe500246414ca17ddf0c0312d7a792cc","name":"Olivier Dobiezynski","image":{"@type":"ImageObject","inLanguage":"fr-FR","@id":"https:\/\/dicodusport.fr\/blog\/#\/schema\/person\/image\/","url":"https:\/\/dicodusport.fr\/blog\/wp-content\/uploads\/2024\/09\/5be8fe8d-9962-4f1e-ad06-d6f9dee30e6d-150x150.jpg","contentUrl":"https:\/\/dicodusport.fr\/blog\/wp-content\/uploads\/2024\/09\/5be8fe8d-9962-4f1e-ad06-d6f9dee30e6d-150x150.jpg","caption":"Olivier Dobiezynski"},"description":"Depuis le milieu des ann\u00e9es 90, la passion du cyclisme m'anime. Mes h\u00e9ros s'appellent Luc Leblanc, Piotr Ugrumov, Paolo Savoldelli, Peter Sagan et bien \u00e9videmment Romain Bardet. R\u00e9dacteur depuis 2023, je suis ici pour partager cet amour de la Petite Reine. Vous pourrez me lire \u00e9galement sur du trail, du ski de fond et tout autre sujet susceptible d'\u00e9veiller ma curiosit\u00e9 sportive.","sameAs":["https:\/\/x.com\/https:\/\/x.com\/Olivier_Matros"],"url":"https:\/\/dicodusport.fr\/blog\/author\/olivier-gh\/"}]}},"_links":{"self":[{"href":"https:\/\/dicodusport.fr\/blog\/wp-json\/wp\/v2\/posts\/578816","targetHints":{"allow":["GET"]}}],"collection":[{"href":"https:\/\/dicodusport.fr\/blog\/wp-json\/wp\/v2\/posts"}],"about":[{"href":"https:\/\/dicodusport.fr\/blog\/wp-json\/wp\/v2\/types\/post"}],"author":[{"embeddable":true,"href":"https:\/\/dicodusport.fr\/blog\/wp-json\/wp\/v2\/users\/92"}],"replies":[{"embeddable":true,"href":"https:\/\/dicodusport.fr\/blog\/wp-json\/wp\/v2\/comments?post=578816"}],"version-history":[{"count":6,"href":"https:\/\/dicodusport.fr\/blog\/wp-json\/wp\/v2\/posts\/578816\/revisions"}],"predecessor-version":[{"id":578861,"href":"https:\/\/dicodusport.fr\/blog\/wp-json\/wp\/v2\/posts\/578816\/revisions\/578861"}],"wp:featuredmedia":[{"embeddable":true,"href":"https:\/\/dicodusport.fr\/blog\/wp-json\/wp\/v2\/media\/578859"}],"wp:attachment":[{"href":"https:\/\/dicodusport.fr\/blog\/wp-json\/wp\/v2\/media?parent=578816"}],"wp:term":[{"taxonomy":"category","embeddable":true,"href":"https:\/\/dicodusport.fr\/blog\/wp-json\/wp\/v2\/categories?post=578816"},{"taxonomy":"post_tag","embeddable":true,"href":"https:\/\/dicodusport.fr\/blog\/wp-json\/wp\/v2\/tags?post=578816"}],"curies":[{"name":"wp","href":"https:\/\/api.w.org\/{rel}","templated":true}]}}