{"id":578952,"date":"2025-05-15T07:27:21","date_gmt":"2025-05-15T05:27:21","guid":{"rendered":"https:\/\/dicodusport.fr\/blog\/?p=578952&#038;preview=true&#038;preview_id=578952"},"modified":"2025-05-15T07:35:26","modified_gmt":"2025-05-15T05:35:26","slug":"transferts-cyclisme-remco-evenepoel-vers-un-changement-dequipe-en-2026","status":"publish","type":"post","link":"https:\/\/dicodusport.fr\/blog\/transferts-cyclisme-remco-evenepoel-vers-un-changement-dequipe-en-2026\/","title":{"rendered":"Transferts Cyclisme : Remco Evenepoel vers un changement d&rsquo;\u00e9quipe en 2026"},"content":{"rendered":"<h4 style=\"text-align: justify;\"><em>TRANSFERTS CYCLISME<span class=\"Apple-converted-space\">\u00a0 <\/span>&#8211; INEOS serait tout proche de r\u00e9aliser l\u2019un des plus importants transferts de ces derni\u00e8res ann\u00e9es, en recrutant Remco Evenepoel. Le belge de la Soudal Quick-Step est en fin de contrat en 2026.<\/em><\/h4>\n<p style=\"text-align: justify;\">Il a encore une saison et demie de contrat devant lui, mais <a href=\"https:\/\/dicodusport.fr\/blog\/la-fleche-brabanconne-2025-remco-evenepoel-frustre-wout-van-aert\/\"><strong>Remco Evenepoel<\/strong><\/a> fait l\u2019objet de multiples convoitises. Le double champion olympique de Paris, qui vise le succ\u00e8s sur le Tour de France, serait proche de signer pour INEOS, selon <strong>Roberto Maggrini<\/strong>, l\u2019ancien coureur et dirigeant d\u2019\u00e9quipe italien. Une signature qui marquerait la fin de la collaboration entre l\u2019\u00e9quipe britannique et Pinarello.<span class=\"Apple-converted-space\">\u00a0<\/span><\/p>\n<blockquote class=\"twitter-tweet\">\n<p dir=\"ltr\" lang=\"it\">\ud83d\udca3 Bomba di mercato del Magro: REMCO EVENEPOEL ANDRA&rsquo; ALLA INEOS \ud83d\udca3<\/p>\n<p>Lo dice il nostro Riccardo Magrini a <a href=\"https:\/\/twitter.com\/hashtag\/Ciclismo360?src=hash&amp;ref_src=twsrc%5Etfw\">#Ciclismo360<\/a>: \u00ab\u00a0Cos\u00ec quasi sicuramente e la INEOS cambier\u00e0 anche le biciclette\u00a0\u00bb \ud83e\udd2f\u200b\ud83e\udd2f\u200b\ud83e\udd2f\u200b<a href=\"https:\/\/twitter.com\/hashtag\/Ciclismo?src=hash&amp;ref_src=twsrc%5Etfw\">#Ciclismo<\/a> <a href=\"https:\/\/twitter.com\/hashtag\/GirodItalia?src=hash&amp;ref_src=twsrc%5Etfw\">#GirodItalia<\/a> <a href=\"https:\/\/twitter.com\/hashtag\/Cycling?src=hash&amp;ref_src=twsrc%5Etfw\">#Cycling<\/a> <a href=\"https:\/\/twitter.com\/hashtag\/Evenepoel?src=hash&amp;ref_src=twsrc%5Etfw\">#Evenepoel<\/a> <a href=\"https:\/\/t.co\/uo25v2WaBe\">pic.twitter.com\/uo25v2WaBe<\/a><\/p>\n<p>\u2014 Eurosport IT (@Eurosport_IT) <a href=\"https:\/\/twitter.com\/Eurosport_IT\/status\/1922711381356273840?ref_src=twsrc%5Etfw\">May 14, 2025<\/a><\/p><\/blockquote>\n<p><script async src=\"https:\/\/platform.twitter.com\/widgets.js\" charset=\"utf-8\"><\/script><\/p>\n<p style=\"text-align: justify;\">En rejoignant INEOS, qui pourrait s\u2019associer avec TotalEnergies, Remco Evenepoel trouverait, pour l\u2019aider en montagne, des \u00e9quipiers bien diff\u00e9rents de la <a href=\"https:\/\/dicodusport.fr\/blog\/soudal-quick-step-bilan-2024-objectifs-pour-2025-et-effectif\/\">Soudal Quick-Step<\/a>. <strong>Carlos Rodriguez<\/strong>, <strong>Egan Bernal<\/strong>, <strong>Laurens De Plus<\/strong> ou encore <strong>Thymen Arensman<\/strong> pourraient aider le Belge dans sa qu\u00eate de Grands Tours. Et l\u2019id\u00e9e d\u2019un trio Ganna-Tarling-Evenepoel sur un contre-la-montre par \u00e9quipes fait d\u00e9j\u00e0 saliver.<\/p>\n<h2 style=\"text-align: justify;\">Evenepoel chez INEOS, un transfert rendu possible par TotalEnergies ?<\/h2>\n<p style=\"text-align: justify;\">Mais pour signer Remco Evenepoel chez INEOS, il faut de l\u2019argent. En mars dernier, une rumeur a agit\u00e9 le peloton mondial, publi\u00e9e par <em>EscapeCollective<\/em>. Apr\u00e8s six ans comme sponsor titre de l\u2019\u00e9quipe de <strong>Jean-Ren\u00e9 Bernaudeau<\/strong>, TotalEnergies serait entr\u00e9 en discussions avec INEOS pour co-sponsoriser la formation britannique. Avec un investissement \u00e9voqu\u00e9 de 10 \u00e0 15 millions d\u2019euros de la part du fournisseur d\u2019\u00e9nergie fran\u00e7ais. Et ce alors que <strong>Jim Ratcliffe<\/strong>, propri\u00e9taire d\u2019INEOS, affiche r\u00e9guli\u00e8rement sa volont\u00e9 de se d\u00e9sengager du cyclisme. <em>The Times<\/em> a d\u2019ailleurs rapport\u00e9 que l\u2019accord \u00e9tait \u00ab <em>tr\u00e8s proche de la conclusion<\/em>\u00a0\u00bb ces derniers jours.<span class=\"Apple-converted-space\"> Toutefois, il convient de prendre cette information avec des pincettes. INEOS est en d\u00e9ficit depuis plusieurs saisons, r\u00e9duit son budget ann\u00e9e apr\u00e8s ann\u00e9e. Avec un Jim Ratcliffe plus enclin \u00e0 utiliser son argent dans Manchester United que dans le cyclisme.<\/span><\/p>\n<ul>\n<li style=\"text-align: justify;\"><strong>\u00c0 lire aussi &#8211; <a href=\"https:\/\/dicodusport.fr\/blog\/cyclisme-totalenergies-futur-co-sponsor-de-la-formation-ineos\/\">Cyclisme : TotalEnergies futur co-sponsor de la formation INEOS ?<\/a><\/strong><\/li>\n<\/ul>\n<p style=\"text-align: justify;\">Ces 10 \u00e0 15 millions d&rsquo;euros pourraient-ils servir \u00e0 payer le salaire de <strong>Remco Evenepoel<\/strong> chez INEOS ? Et ce, alors que le sponsor britannique r\u00e9duit son investissement. Au sein de la Soudal Quick-Step, <a href=\"https:\/\/dicodusport.fr\/blog\/les-10-cyclistes-les-mieux-payes-en-2025-qui-rafle-le-jackpot\/\">le Belge \u00e9marge \u00e0 environ 5 millions d\u2019euros annuels<\/a>.<span class=\"Apple-converted-space\"> Mais la formation belge, limit\u00e9e dans son budget, ne pourra pas le retenir ind\u00e9finiment. D&rsquo;autant plus qu&rsquo;en coulisses, le <em>Wolfpack<\/em> man\u0153uvre pour renforcer son p\u00f4le Classiques, avec, d\u00e9j\u00e0, l&rsquo;accord de <strong>Jasper Stuyven<\/strong> (Lidl-Trek) en vue de la saison prochaine, en attendant, selon la presse belge, <strong>Dylan van Baarle<\/strong> (Visma Lease a Bike). Affaire \u00e0 suivre.<\/span><\/p>\n<h2 style=\"text-align: justify;\">\u00c0 ce sujet<\/h2>\n<div class=\"vlp-link-container vlp-layout-article\"><a href=\"https:\/\/dicodusport.fr\/blog\/cyclisme-mercato-2025-2026-le-tableau-des-transferts\/\" class=\"vlp-link\" title=\"Cyclisme Mercato 2025-2026 - Le tableau des transferts\"><\/a><div class=\"vlp-layout-zone-side\"><div class=\"vlp-block-4 vlp-link-image\"><img loading=\"lazy\" decoding=\"async\" style=\"max-width: 792px;\" width=\"792\" height=\"445\" src=\"https:\/\/dicodusport.fr\/blog\/wp-content\/uploads\/2025\/02\/Cyclisme-Mercato-2025-2026-Le-tableau-des-transferts.png\" class=\"attachment-800x445 size-800x445\" alt=\"Cyclisme Mercato 2025-2026 - Le tableau des transferts\" srcset=\"https:\/\/dicodusport.fr\/blog\/wp-content\/uploads\/2025\/02\/Cyclisme-Mercato-2025-2026-Le-tableau-des-transferts.png 1200w, https:\/\/dicodusport.fr\/blog\/wp-content\/uploads\/2025\/02\/Cyclisme-Mercato-2025-2026-Le-tableau-des-transferts-300x169.png 300w, https:\/\/dicodusport.fr\/blog\/wp-content\/uploads\/2025\/02\/Cyclisme-Mercato-2025-2026-Le-tableau-des-transferts-1024x575.png 1024w, https:\/\/dicodusport.fr\/blog\/wp-content\/uploads\/2025\/02\/Cyclisme-Mercato-2025-2026-Le-tableau-des-transferts-768x431.png 768w\" sizes=\"auto, (max-width: 792px) 100vw, 792px\" \/><\/div><\/div><div class=\"vlp-layout-zone-main\"><div class=\"vlp-block-0 vlp-link-title\">Cyclisme Mercato 2025-2026 - Le tableau des transferts<\/div><div class=\"vlp-block-1 vlp-link-summary\">MERCATO CYCLISME 2024-2025 - D\u00e9couvrez les transferts officiels et les rumeurs du mercato cycliste.<\/div><div class=\"vlp-block-2 vlp-link-button\">Lire l'article<\/div><div class=\"vlp-block-3 vlp-link-url\">dicodusport.fr<\/div><\/div><\/div>\n","protected":false},"excerpt":{"rendered":"<p>INEOS serait tout proche de r\u00e9aliser l\u2019un des plus importants transferts de ces derni\u00e8res ann\u00e9es, en recrutant Remco Evenepoel.<\/p>\n","protected":false},"author":88,"featured_media":578964,"comment_status":"open","ping_status":"closed","sticky":false,"template":"","format":"standard","meta":{"_acf_changed":false,"_daextam_enable_autolinks":"1","footnotes":""},"categories":[46994],"tags":[16878,11397,8420,28868,8388],"class_list":["post-578952","post","type-post","status-publish","format-standard","has-post-thumbnail","hentry","category-cyclisme-sur-route","tag-breve","tag-ineos-grenadiers","tag-remco-evenepoel","tag-soudal-quick-step","tag-transferts-cyclisme"],"acf":[],"yoast_head":"<!-- This site is optimized with the Yoast SEO Premium plugin v26.7 (Yoast SEO v26.7) - https:\/\/yoast.com\/wordpress\/plugins\/seo\/ -->\n<title>Transferts Cyclisme : Remco Evenepoel vers un changement d&#039;\u00e9quipe en 2026<\/title>\n<meta name=\"description\" content=\"INEOS serait tout proche de r\u00e9aliser l\u2019un des plus importants transferts de ces derni\u00e8res ann\u00e9es, en recrutant Remco Evenepoel.\" \/>\n<meta name=\"robots\" content=\"index, follow, max-snippet:-1, max-image-preview:large, max-video-preview:-1\" \/>\n<link rel=\"canonical\" href=\"https:\/\/dicodusport.fr\/blog\/transferts-cyclisme-remco-evenepoel-vers-un-changement-dequipe-en-2026\/\" \/>\n<meta property=\"og:locale\" content=\"fr_FR\" \/>\n<meta property=\"og:type\" content=\"article\" \/>\n<meta property=\"og:title\" content=\"Bombe sur le march\u00e9 des transferts : Evenepoel proche d\u2019un changement majeur ?\" \/>\n<meta property=\"og:description\" content=\"Et si Evenepoel changeait d\u2019\u00e9quipe en 2026 ? Un projet ambitieux et un sponsor puissant pourraient pr\u00e9cipiter son d\u00e9part.\" \/>\n<meta property=\"og:url\" content=\"https:\/\/dicodusport.fr\/blog\/transferts-cyclisme-remco-evenepoel-vers-un-changement-dequipe-en-2026\/\" \/>\n<meta property=\"og:site_name\" content=\"Dicodusport\" \/>\n<meta property=\"article:publisher\" content=\"https:\/\/www.facebook.com\/dicodusport\" \/>\n<meta property=\"article:published_time\" content=\"2025-05-15T05:27:21+00:00\" \/>\n<meta property=\"article:modified_time\" content=\"2025-05-15T05:35:26+00:00\" \/>\n<meta property=\"og:image\" content=\"https:\/\/dicodusport.fr\/blog\/wp-content\/uploads\/2025\/05\/Transferts-Cyclisme-Remco-Evenepoel-vers-un-changement-dequipe-en-2026.png\" \/>\n\t<meta property=\"og:image:width\" content=\"1200\" \/>\n\t<meta property=\"og:image:height\" content=\"674\" \/>\n\t<meta property=\"og:image:type\" content=\"image\/png\" \/>\n<meta name=\"author\" content=\"Paul Lalevee\" \/>\n<meta name=\"twitter:card\" content=\"summary_large_image\" \/>\n<meta name=\"twitter:title\" content=\"Bombe sur le march\u00e9 des transferts : Evenepoel proche d\u2019un changement majeur ?\" \/>\n<meta name=\"twitter:description\" content=\"Et si Evenepoel changeait d\u2019\u00e9quipe en 2026 ? Un projet ambitieux et un sponsor puissant pourraient pr\u00e9cipiter son d\u00e9part.\" \/>\n<meta name=\"twitter:creator\" content=\"@dicodusport\" \/>\n<meta name=\"twitter:site\" content=\"@dicodusport\" \/>\n<script type=\"application\/ld+json\" class=\"yoast-schema-graph\">{\"@context\":\"https:\/\/schema.org\",\"@graph\":[{\"@type\":\"NewsArticle\",\"@id\":\"https:\/\/dicodusport.fr\/blog\/transferts-cyclisme-remco-evenepoel-vers-un-changement-dequipe-en-2026\/#article\",\"isPartOf\":{\"@id\":\"https:\/\/dicodusport.fr\/blog\/transferts-cyclisme-remco-evenepoel-vers-un-changement-dequipe-en-2026\/\"},\"author\":{\"name\":\"Paul Lalevee\",\"@id\":\"https:\/\/dicodusport.fr\/blog\/#\/schema\/person\/1eaa63dfac40b5e5c47f03a71920c1cd\"},\"headline\":\"Transferts Cyclisme : Remco Evenepoel vers un changement d&rsquo;\u00e9quipe en 2026\",\"datePublished\":\"2025-05-15T05:27:21+00:00\",\"dateModified\":\"2025-05-15T05:35:26+00:00\",\"mainEntityOfPage\":{\"@id\":\"https:\/\/dicodusport.fr\/blog\/transferts-cyclisme-remco-evenepoel-vers-un-changement-dequipe-en-2026\/\"},\"wordCount\":582,\"commentCount\":0,\"publisher\":{\"@id\":\"https:\/\/dicodusport.fr\/blog\/#organization\"},\"image\":{\"@id\":\"https:\/\/dicodusport.fr\/blog\/transferts-cyclisme-remco-evenepoel-vers-un-changement-dequipe-en-2026\/#primaryimage\"},\"thumbnailUrl\":\"https:\/\/dicodusport.fr\/blog\/wp-content\/uploads\/2025\/05\/Transferts-Cyclisme-Remco-Evenepoel-vers-un-changement-dequipe-en-2026.png\",\"keywords\":[\"br\u00e8ve\",\"INEOS Grenadiers\",\"Remco Evenepoel\",\"Soudal Quick-Step\",\"Transferts Cyclisme\"],\"articleSection\":[\"Cyclisme sur route\"],\"inLanguage\":\"fr-FR\",\"potentialAction\":[{\"@type\":\"CommentAction\",\"name\":\"Comment\",\"target\":[\"https:\/\/dicodusport.fr\/blog\/transferts-cyclisme-remco-evenepoel-vers-un-changement-dequipe-en-2026\/#respond\"]}],\"copyrightYear\":\"2025\",\"copyrightHolder\":{\"@id\":\"https:\/\/dicodusport.fr\/blog\/#organization\"}},{\"@type\":\"WebPage\",\"@id\":\"https:\/\/dicodusport.fr\/blog\/transferts-cyclisme-remco-evenepoel-vers-un-changement-dequipe-en-2026\/\",\"url\":\"https:\/\/dicodusport.fr\/blog\/transferts-cyclisme-remco-evenepoel-vers-un-changement-dequipe-en-2026\/\",\"name\":\"Transferts Cyclisme : Remco Evenepoel vers un changement d'\u00e9quipe en 2026\",\"isPartOf\":{\"@id\":\"https:\/\/dicodusport.fr\/blog\/#website\"},\"primaryImageOfPage\":{\"@id\":\"https:\/\/dicodusport.fr\/blog\/transferts-cyclisme-remco-evenepoel-vers-un-changement-dequipe-en-2026\/#primaryimage\"},\"image\":{\"@id\":\"https:\/\/dicodusport.fr\/blog\/transferts-cyclisme-remco-evenepoel-vers-un-changement-dequipe-en-2026\/#primaryimage\"},\"thumbnailUrl\":\"https:\/\/dicodusport.fr\/blog\/wp-content\/uploads\/2025\/05\/Transferts-Cyclisme-Remco-Evenepoel-vers-un-changement-dequipe-en-2026.png\",\"datePublished\":\"2025-05-15T05:27:21+00:00\",\"dateModified\":\"2025-05-15T05:35:26+00:00\",\"description\":\"INEOS serait tout proche de r\u00e9aliser l\u2019un des plus importants transferts de ces derni\u00e8res ann\u00e9es, en recrutant Remco Evenepoel.\",\"breadcrumb\":{\"@id\":\"https:\/\/dicodusport.fr\/blog\/transferts-cyclisme-remco-evenepoel-vers-un-changement-dequipe-en-2026\/#breadcrumb\"},\"inLanguage\":\"fr-FR\",\"potentialAction\":[{\"@type\":\"ReadAction\",\"target\":[\"https:\/\/dicodusport.fr\/blog\/transferts-cyclisme-remco-evenepoel-vers-un-changement-dequipe-en-2026\/\"]}]},{\"@type\":\"ImageObject\",\"inLanguage\":\"fr-FR\",\"@id\":\"https:\/\/dicodusport.fr\/blog\/transferts-cyclisme-remco-evenepoel-vers-un-changement-dequipe-en-2026\/#primaryimage\",\"url\":\"https:\/\/dicodusport.fr\/blog\/wp-content\/uploads\/2025\/05\/Transferts-Cyclisme-Remco-Evenepoel-vers-un-changement-dequipe-en-2026.png\",\"contentUrl\":\"https:\/\/dicodusport.fr\/blog\/wp-content\/uploads\/2025\/05\/Transferts-Cyclisme-Remco-Evenepoel-vers-un-changement-dequipe-en-2026.png\",\"width\":1200,\"height\":674,\"caption\":\"Transferts Cyclisme Remco Evenepoel vers un changement d'\u00e9quipe en 2026\"},{\"@type\":\"BreadcrumbList\",\"@id\":\"https:\/\/dicodusport.fr\/blog\/transferts-cyclisme-remco-evenepoel-vers-un-changement-dequipe-en-2026\/#breadcrumb\",\"itemListElement\":[{\"@type\":\"ListItem\",\"position\":1,\"name\":\"Accueil\",\"item\":\"https:\/\/dicodusport.fr\/blog\/\"},{\"@type\":\"ListItem\",\"position\":2,\"name\":\"Transferts Cyclisme : Remco Evenepoel vers un changement d&rsquo;\u00e9quipe en 2026\"}]},{\"@type\":\"WebSite\",\"@id\":\"https:\/\/dicodusport.fr\/blog\/#website\",\"url\":\"https:\/\/dicodusport.fr\/blog\/\",\"name\":\"Dicodusport\",\"description\":\"L&#039;encyclop\u00e9die de l&#039;actualit\u00e9 sportive\",\"publisher\":{\"@id\":\"https:\/\/dicodusport.fr\/blog\/#organization\"},\"potentialAction\":[{\"@type\":\"SearchAction\",\"target\":{\"@type\":\"EntryPoint\",\"urlTemplate\":\"https:\/\/dicodusport.fr\/blog\/?s={search_term_string}\"},\"query-input\":{\"@type\":\"PropertyValueSpecification\",\"valueRequired\":true,\"valueName\":\"search_term_string\"}}],\"inLanguage\":\"fr-FR\"},{\"@type\":\"NewsMediaOrganization\",\"@id\":\"https:\/\/dicodusport.fr\/blog\/#organization\",\"name\":\"Dicodusport\",\"url\":\"https:\/\/dicodusport.fr\/blog\/\",\"logo\":{\"@type\":\"ImageObject\",\"inLanguage\":\"fr-FR\",\"@id\":\"https:\/\/dicodusport.fr\/blog\/#\/schema\/logo\/image\/\",\"url\":\"https:\/\/dicodusport.fr\/blog\/wp-content\/uploads\/2020\/06\/cropped-LOGO-DICODUSPORT-2020-SANS-FOND-SANS-TEXTE.png\",\"contentUrl\":\"https:\/\/dicodusport.fr\/blog\/wp-content\/uploads\/2020\/06\/cropped-LOGO-DICODUSPORT-2020-SANS-FOND-SANS-TEXTE.png\",\"width\":512,\"height\":512,\"caption\":\"Dicodusport\"},\"image\":{\"@id\":\"https:\/\/dicodusport.fr\/blog\/#\/schema\/logo\/image\/\"},\"sameAs\":[\"https:\/\/www.facebook.com\/dicodusport\",\"https:\/\/x.com\/dicodusport\",\"https:\/\/www.instagram.com\/dicodusport\/\",\"https:\/\/www.youtube.com\/channel\/UC7V2KZ5sd3htJivAbA4ZG3w\"],\"description\":\"Dicodusport est l'encyclop\u00e9die de l'actualit\u00e9 sportive.\",\"email\":\"bonjour@dicodusport.fr\",\"legalName\":\"DICODUSPORT\",\"foundingDate\":\"2018-01-14\",\"vatID\":\"FR71834470973\",\"taxID\":\"83447097300043\",\"numberOfEmployees\":{\"@type\":\"QuantitativeValue\",\"minValue\":\"1\",\"maxValue\":\"10\"}},{\"@type\":\"Person\",\"@id\":\"https:\/\/dicodusport.fr\/blog\/#\/schema\/person\/1eaa63dfac40b5e5c47f03a71920c1cd\",\"name\":\"Paul Lalevee\",\"image\":{\"@type\":\"ImageObject\",\"inLanguage\":\"fr-FR\",\"@id\":\"https:\/\/dicodusport.fr\/blog\/#\/schema\/person\/image\/\",\"url\":\"https:\/\/dicodusport.fr\/blog\/wp-content\/uploads\/2023\/10\/291154246_1690604071293245_3118259335115946499_n-150x150.jpg\",\"contentUrl\":\"https:\/\/dicodusport.fr\/blog\/wp-content\/uploads\/2023\/10\/291154246_1690604071293245_3118259335115946499_n-150x150.jpg\",\"caption\":\"Paul Lalevee\"},\"description\":\"La bulle Disney pendant le Covid, le Tour 2019, la Coupe du monde 2018. Ces trois \u00e9v\u00e9nements majeurs sont ancr\u00e9s dans ma t\u00eate de fan de sport, n\u00e9gativement ou positivement. Passionn\u00e9 de sport depuis l'enfance, j'ai d\u00e9cid\u00e9 de mettre ma passion de l'\u00e9criture au service de cette premi\u00e8re passion.\",\"url\":\"https:\/\/dicodusport.fr\/blog\/author\/paul-lalevee\/\"}]}<\/script>\n<!-- \/ Yoast SEO Premium plugin. -->","yoast_head_json":{"title":"Transferts Cyclisme : Remco Evenepoel vers un changement d'\u00e9quipe en 2026","description":"INEOS serait tout proche de r\u00e9aliser l\u2019un des plus importants transferts de ces derni\u00e8res ann\u00e9es, en recrutant Remco Evenepoel.","robots":{"index":"index","follow":"follow","max-snippet":"max-snippet:-1","max-image-preview":"max-image-preview:large","max-video-preview":"max-video-preview:-1"},"canonical":"https:\/\/dicodusport.fr\/blog\/transferts-cyclisme-remco-evenepoel-vers-un-changement-dequipe-en-2026\/","og_locale":"fr_FR","og_type":"article","og_title":"Bombe sur le march\u00e9 des transferts : Evenepoel proche d\u2019un changement majeur ?","og_description":"Et si Evenepoel changeait d\u2019\u00e9quipe en 2026 ? Un projet ambitieux et un sponsor puissant pourraient pr\u00e9cipiter son d\u00e9part.","og_url":"https:\/\/dicodusport.fr\/blog\/transferts-cyclisme-remco-evenepoel-vers-un-changement-dequipe-en-2026\/","og_site_name":"Dicodusport","article_publisher":"https:\/\/www.facebook.com\/dicodusport","article_published_time":"2025-05-15T05:27:21+00:00","article_modified_time":"2025-05-15T05:35:26+00:00","og_image":[{"width":1200,"height":674,"url":"https:\/\/dicodusport.fr\/blog\/wp-content\/uploads\/2025\/05\/Transferts-Cyclisme-Remco-Evenepoel-vers-un-changement-dequipe-en-2026.png","type":"image\/png"}],"author":"Paul Lalevee","twitter_card":"summary_large_image","twitter_title":"Bombe sur le march\u00e9 des transferts : Evenepoel proche d\u2019un changement majeur ?","twitter_description":"Et si Evenepoel changeait d\u2019\u00e9quipe en 2026 ? Un projet ambitieux et un sponsor puissant pourraient pr\u00e9cipiter son d\u00e9part.","twitter_creator":"@dicodusport","twitter_site":"@dicodusport","schema":{"@context":"https:\/\/schema.org","@graph":[{"@type":"NewsArticle","@id":"https:\/\/dicodusport.fr\/blog\/transferts-cyclisme-remco-evenepoel-vers-un-changement-dequipe-en-2026\/#article","isPartOf":{"@id":"https:\/\/dicodusport.fr\/blog\/transferts-cyclisme-remco-evenepoel-vers-un-changement-dequipe-en-2026\/"},"author":{"name":"Paul Lalevee","@id":"https:\/\/dicodusport.fr\/blog\/#\/schema\/person\/1eaa63dfac40b5e5c47f03a71920c1cd"},"headline":"Transferts Cyclisme : Remco Evenepoel vers un changement d&rsquo;\u00e9quipe en 2026","datePublished":"2025-05-15T05:27:21+00:00","dateModified":"2025-05-15T05:35:26+00:00","mainEntityOfPage":{"@id":"https:\/\/dicodusport.fr\/blog\/transferts-cyclisme-remco-evenepoel-vers-un-changement-dequipe-en-2026\/"},"wordCount":582,"commentCount":0,"publisher":{"@id":"https:\/\/dicodusport.fr\/blog\/#organization"},"image":{"@id":"https:\/\/dicodusport.fr\/blog\/transferts-cyclisme-remco-evenepoel-vers-un-changement-dequipe-en-2026\/#primaryimage"},"thumbnailUrl":"https:\/\/dicodusport.fr\/blog\/wp-content\/uploads\/2025\/05\/Transferts-Cyclisme-Remco-Evenepoel-vers-un-changement-dequipe-en-2026.png","keywords":["br\u00e8ve","INEOS Grenadiers","Remco Evenepoel","Soudal Quick-Step","Transferts Cyclisme"],"articleSection":["Cyclisme sur route"],"inLanguage":"fr-FR","potentialAction":[{"@type":"CommentAction","name":"Comment","target":["https:\/\/dicodusport.fr\/blog\/transferts-cyclisme-remco-evenepoel-vers-un-changement-dequipe-en-2026\/#respond"]}],"copyrightYear":"2025","copyrightHolder":{"@id":"https:\/\/dicodusport.fr\/blog\/#organization"}},{"@type":"WebPage","@id":"https:\/\/dicodusport.fr\/blog\/transferts-cyclisme-remco-evenepoel-vers-un-changement-dequipe-en-2026\/","url":"https:\/\/dicodusport.fr\/blog\/transferts-cyclisme-remco-evenepoel-vers-un-changement-dequipe-en-2026\/","name":"Transferts Cyclisme : Remco Evenepoel vers un changement d'\u00e9quipe en 2026","isPartOf":{"@id":"https:\/\/dicodusport.fr\/blog\/#website"},"primaryImageOfPage":{"@id":"https:\/\/dicodusport.fr\/blog\/transferts-cyclisme-remco-evenepoel-vers-un-changement-dequipe-en-2026\/#primaryimage"},"image":{"@id":"https:\/\/dicodusport.fr\/blog\/transferts-cyclisme-remco-evenepoel-vers-un-changement-dequipe-en-2026\/#primaryimage"},"thumbnailUrl":"https:\/\/dicodusport.fr\/blog\/wp-content\/uploads\/2025\/05\/Transferts-Cyclisme-Remco-Evenepoel-vers-un-changement-dequipe-en-2026.png","datePublished":"2025-05-15T05:27:21+00:00","dateModified":"2025-05-15T05:35:26+00:00","description":"INEOS serait tout proche de r\u00e9aliser l\u2019un des plus importants transferts de ces derni\u00e8res ann\u00e9es, en recrutant Remco Evenepoel.","breadcrumb":{"@id":"https:\/\/dicodusport.fr\/blog\/transferts-cyclisme-remco-evenepoel-vers-un-changement-dequipe-en-2026\/#breadcrumb"},"inLanguage":"fr-FR","potentialAction":[{"@type":"ReadAction","target":["https:\/\/dicodusport.fr\/blog\/transferts-cyclisme-remco-evenepoel-vers-un-changement-dequipe-en-2026\/"]}]},{"@type":"ImageObject","inLanguage":"fr-FR","@id":"https:\/\/dicodusport.fr\/blog\/transferts-cyclisme-remco-evenepoel-vers-un-changement-dequipe-en-2026\/#primaryimage","url":"https:\/\/dicodusport.fr\/blog\/wp-content\/uploads\/2025\/05\/Transferts-Cyclisme-Remco-Evenepoel-vers-un-changement-dequipe-en-2026.png","contentUrl":"https:\/\/dicodusport.fr\/blog\/wp-content\/uploads\/2025\/05\/Transferts-Cyclisme-Remco-Evenepoel-vers-un-changement-dequipe-en-2026.png","width":1200,"height":674,"caption":"Transferts Cyclisme Remco Evenepoel vers un changement d'\u00e9quipe en 2026"},{"@type":"BreadcrumbList","@id":"https:\/\/dicodusport.fr\/blog\/transferts-cyclisme-remco-evenepoel-vers-un-changement-dequipe-en-2026\/#breadcrumb","itemListElement":[{"@type":"ListItem","position":1,"name":"Accueil","item":"https:\/\/dicodusport.fr\/blog\/"},{"@type":"ListItem","position":2,"name":"Transferts Cyclisme : Remco Evenepoel vers un changement d&rsquo;\u00e9quipe en 2026"}]},{"@type":"WebSite","@id":"https:\/\/dicodusport.fr\/blog\/#website","url":"https:\/\/dicodusport.fr\/blog\/","name":"Dicodusport","description":"L&#039;encyclop\u00e9die de l&#039;actualit\u00e9 sportive","publisher":{"@id":"https:\/\/dicodusport.fr\/blog\/#organization"},"potentialAction":[{"@type":"SearchAction","target":{"@type":"EntryPoint","urlTemplate":"https:\/\/dicodusport.fr\/blog\/?s={search_term_string}"},"query-input":{"@type":"PropertyValueSpecification","valueRequired":true,"valueName":"search_term_string"}}],"inLanguage":"fr-FR"},{"@type":"NewsMediaOrganization","@id":"https:\/\/dicodusport.fr\/blog\/#organization","name":"Dicodusport","url":"https:\/\/dicodusport.fr\/blog\/","logo":{"@type":"ImageObject","inLanguage":"fr-FR","@id":"https:\/\/dicodusport.fr\/blog\/#\/schema\/logo\/image\/","url":"https:\/\/dicodusport.fr\/blog\/wp-content\/uploads\/2020\/06\/cropped-LOGO-DICODUSPORT-2020-SANS-FOND-SANS-TEXTE.png","contentUrl":"https:\/\/dicodusport.fr\/blog\/wp-content\/uploads\/2020\/06\/cropped-LOGO-DICODUSPORT-2020-SANS-FOND-SANS-TEXTE.png","width":512,"height":512,"caption":"Dicodusport"},"image":{"@id":"https:\/\/dicodusport.fr\/blog\/#\/schema\/logo\/image\/"},"sameAs":["https:\/\/www.facebook.com\/dicodusport","https:\/\/x.com\/dicodusport","https:\/\/www.instagram.com\/dicodusport\/","https:\/\/www.youtube.com\/channel\/UC7V2KZ5sd3htJivAbA4ZG3w"],"description":"Dicodusport est l'encyclop\u00e9die de l'actualit\u00e9 sportive.","email":"bonjour@dicodusport.fr","legalName":"DICODUSPORT","foundingDate":"2018-01-14","vatID":"FR71834470973","taxID":"83447097300043","numberOfEmployees":{"@type":"QuantitativeValue","minValue":"1","maxValue":"10"}},{"@type":"Person","@id":"https:\/\/dicodusport.fr\/blog\/#\/schema\/person\/1eaa63dfac40b5e5c47f03a71920c1cd","name":"Paul Lalevee","image":{"@type":"ImageObject","inLanguage":"fr-FR","@id":"https:\/\/dicodusport.fr\/blog\/#\/schema\/person\/image\/","url":"https:\/\/dicodusport.fr\/blog\/wp-content\/uploads\/2023\/10\/291154246_1690604071293245_3118259335115946499_n-150x150.jpg","contentUrl":"https:\/\/dicodusport.fr\/blog\/wp-content\/uploads\/2023\/10\/291154246_1690604071293245_3118259335115946499_n-150x150.jpg","caption":"Paul Lalevee"},"description":"La bulle Disney pendant le Covid, le Tour 2019, la Coupe du monde 2018. Ces trois \u00e9v\u00e9nements majeurs sont ancr\u00e9s dans ma t\u00eate de fan de sport, n\u00e9gativement ou positivement. Passionn\u00e9 de sport depuis l'enfance, j'ai d\u00e9cid\u00e9 de mettre ma passion de l'\u00e9criture au service de cette premi\u00e8re passion.","url":"https:\/\/dicodusport.fr\/blog\/author\/paul-lalevee\/"}]}},"_links":{"self":[{"href":"https:\/\/dicodusport.fr\/blog\/wp-json\/wp\/v2\/posts\/578952","targetHints":{"allow":["GET"]}}],"collection":[{"href":"https:\/\/dicodusport.fr\/blog\/wp-json\/wp\/v2\/posts"}],"about":[{"href":"https:\/\/dicodusport.fr\/blog\/wp-json\/wp\/v2\/types\/post"}],"author":[{"embeddable":true,"href":"https:\/\/dicodusport.fr\/blog\/wp-json\/wp\/v2\/users\/88"}],"replies":[{"embeddable":true,"href":"https:\/\/dicodusport.fr\/blog\/wp-json\/wp\/v2\/comments?post=578952"}],"version-history":[{"count":5,"href":"https:\/\/dicodusport.fr\/blog\/wp-json\/wp\/v2\/posts\/578952\/revisions"}],"predecessor-version":[{"id":578965,"href":"https:\/\/dicodusport.fr\/blog\/wp-json\/wp\/v2\/posts\/578952\/revisions\/578965"}],"wp:featuredmedia":[{"embeddable":true,"href":"https:\/\/dicodusport.fr\/blog\/wp-json\/wp\/v2\/media\/578964"}],"wp:attachment":[{"href":"https:\/\/dicodusport.fr\/blog\/wp-json\/wp\/v2\/media?parent=578952"}],"wp:term":[{"taxonomy":"category","embeddable":true,"href":"https:\/\/dicodusport.fr\/blog\/wp-json\/wp\/v2\/categories?post=578952"},{"taxonomy":"post_tag","embeddable":true,"href":"https:\/\/dicodusport.fr\/blog\/wp-json\/wp\/v2\/tags?post=578952"}],"curies":[{"name":"wp","href":"https:\/\/api.w.org\/{rel}","templated":true}]}}