{"id":579013,"date":"2025-05-15T12:08:03","date_gmt":"2025-05-15T10:08:03","guid":{"rendered":"https:\/\/dicodusport.fr\/blog\/?p=579013&#038;preview=true&#038;preview_id=579013"},"modified":"2025-05-15T12:14:10","modified_gmt":"2025-05-15T10:14:10","slug":"mercato-ol-plusieurs-joueurs-de-lyon-sur-le-depart-cet-ete","status":"publish","type":"post","link":"https:\/\/dicodusport.fr\/blog\/mercato-ol-plusieurs-joueurs-de-lyon-sur-le-depart-cet-ete\/","title":{"rendered":"Mercato OL : Plusieurs joueurs de Lyon sur le d\u00e9part cet \u00e9t\u00e9"},"content":{"rendered":"<h4 style=\"text-align: justify;\"><em>MERCATO OL &#8211; L&rsquo;\u00e9t\u00e9 sera chaud dans le Rh\u00f4ne. Alors que l&rsquo;incertitude financi\u00e8re r\u00e8gne, l&rsquo;Olympique Lyonnais devrait voir plusieurs de ses joueurs quitter le club, \u00e0 commencer par Alexandre Lacazette, qui ne sera pas prolong\u00e9. <\/em><\/h4>\n<p style=\"text-align: justify;\">La p\u00e9riode estivale risque d\u2019\u00eatre mouvement\u00e9e dans le Rh\u00f4ne. Alors que la qualification en Ligue des champions n\u2019est pas confirm\u00e9e. Et que les soucis financiers de l\u2019Olympique lyonnais obligent le pr\u00e9sident du club, <a href=\"https:\/\/dicodusport.fr\/blog\/edito-john-textor-et-lart-de-lingratitude-extreme\/\"><strong>John Textor<\/strong><\/a>, \u00e0 r\u00e9pondre aux exigences de la DNCG concernant le fair-play financier et la menace d\u2019une r\u00e9trogradation en Ligue 2 \u00e0 titre conservatoire. De nombreux joueurs devraient quitter l\u2019OL cet \u00e9t\u00e9.<\/p>\n<h2 style=\"text-align: justify;\">Des historiques sur le d\u00e9part<\/h2>\n<p style=\"text-align: justify;\">\u00c0 commencer par <strong>Alexandre Lacazette<\/strong>. La l\u00e9gende du club ne sera pas prolong\u00e9e. Revenu au club en 2022, un hommage lui sera rendu ce week-end face \u00e0 Reims, a d\u00e9voil\u00e9 nos confr\u00e8res du Progr\u00e8s. <a href=\"https:\/\/dicodusport.fr\/blog\/mercato-ol-alexandre-lacazette-aussi-dans-le-viseur-de-larabie-saoudite\/\">L\u2019Arabie Saoudite<\/a>, et <strong>Neom<\/strong>, lui ferait les yeux doux. Autre joueur exp\u00e9riment\u00e9 de l\u2019effectif sur le d\u00e9part, <strong>Nicolas Tagliafico<\/strong>. Lui aussi en fin de contrat, l\u2019Argentin est sur les petits papiers de la Real Sociedad. \u00c0 32 ans, il se serait bien vu prolong\u00e9 \u00e0 Lyon.<\/p>\n<blockquote class=\"twitter-tweet\">\n<p dir=\"ltr\" lang=\"fr\">\ud83d\uddde\ufe0f La une du journal L&rsquo;\u00c9quipe du jeudi 15 mai 2025 <a href=\"https:\/\/t.co\/xUloIaMQnE\">pic.twitter.com\/xUloIaMQnE<\/a><\/p>\n<p>\u2014 L&rsquo;\u00c9QUIPE (@lequipe) <a href=\"https:\/\/twitter.com\/lequipe\/status\/1922780709623603479?ref_src=twsrc%5Etfw\">May 14, 2025<\/a><\/p><\/blockquote>\n<p><script async src=\"https:\/\/platform.twitter.com\/widgets.js\" charset=\"utf-8\"><\/script><\/p>\n<p style=\"text-align: justify;\"><strong>Nemanja Matic<\/strong>, arriv\u00e9 en titulaire indiscutable, a progressivement perdu sa place dans le 11 lyonnais cette saison. L\u2019OL chercherait \u00e0 \u00e9vacuer son gros salaire (400.000 euros mensuels). <strong>Jordan Veretout<\/strong> (32 ans) aurait \u00e9galement \u00e9t\u00e9 plac\u00e9 sur la liste des d\u00e9parts. <strong>Corentin Tolisso<\/strong> devrait lui rester selon <a href=\"https:\/\/www.footmercato.net\/a5292035070654384622-lol-se-prepare-a-une-saignee-xxl?\"><em>Foot Mercato<\/em><\/a>, m\u00eame si son gros salaire pourrait le pousser vers la sortie.<\/p>\n<h2 style=\"text-align: justify;\">O\u00f9 va atterrir Rayan Cherki\u00a0?<\/h2>\n<p style=\"text-align: justify;\">\u00c0 21 ans, le Fran\u00e7ais est sans doute le joueur avec la plus forte valeur marchande de l\u2019effectif. \u00c0 un an de la fin de son contrat, <strong>Rayan Cherki<\/strong> est dragu\u00e9 par l\u2019Allemagne (Borussia Dortmund et Bayer Leverkusen) et la <a href=\"https:\/\/dicodusport.fr\/blog\/transferts-lyon-rayan-cherki-est-tres-courtise-en-angleterre\/\">Premier League<\/a>. Un d\u00e9part qui pourrait donc remplir les caisses lyonnaises, bien vides. Autre joueur qui pourrait rapporter un joli ch\u00e8que, <strong>Malick Fofana<\/strong>. Le virevoltant ailier de 20 ans a de nombreux pr\u00e9tendants outre-Manche (Arsenal, Liverpool). Les m\u00e9dias anglais \u00e9voquent un montant autour de 50 millions d\u2019euros.<\/p>\n<h2 style=\"text-align: justify;\">Pour les jeunes, on fait quoi\u00a0?<\/h2>\n<p style=\"text-align: justify;\"><strong>Thiago Almada<\/strong> a convaincu depuis cet hiver. Mais<em> Globo Esporte<\/em> a r\u00e9v\u00e9l\u00e9 ce mardi que l\u2019OL ne pourrait pas payer les 27 millions d\u2019euros \u00e0 Botafogo. <strong>Paul Aouokou<\/strong>, l\u2019ancien du Betis, pourrait \u00e9galement quitter les rangs lyonnais. Le FC S\u00e9ville a r\u00e9cemment \u00e9t\u00e9 \u00e9voqu\u00e9.<\/p>\n<p style=\"text-align: justify;\">Pour de nombreux autres joueurs, l\u2019incertitude r\u00e8gne \u00e0 quelques semaines de l\u2019ouverture du march\u00e9 des transferts. Le chantier mercato s\u2019annonce donc immense pour l\u2019OL et <strong>John Textor<\/strong>.<\/p>\n","protected":false},"excerpt":{"rendered":"<p>Alors que l&rsquo;incertitude financi\u00e8re r\u00e8gne, l&rsquo;Olympique Lyonnais devrait voir plusieurs de ses joueurs quitter le club.<\/p>\n","protected":false},"author":88,"featured_media":579021,"comment_status":"open","ping_status":"closed","sticky":false,"template":"","format":"standard","meta":{"_acf_changed":false,"_daextam_enable_autolinks":"1","footnotes":""},"categories":[2301,47045],"tags":[6630,16878,4998,75,24424,1555,24995,19771],"class_list":["post-579013","post","type-post","status-publish","format-standard","has-post-thumbnail","hentry","category-football","category-ligue-1","tag-alexandre-lacazette","tag-breve","tag-corentin-tolisso","tag-football","tag-john-textor","tag-mercato","tag-mercato-ol","tag-rayan-cherki"],"acf":[],"yoast_head":"<!-- This site is optimized with the Yoast SEO Premium plugin v26.7 (Yoast SEO v26.7) - https:\/\/yoast.com\/wordpress\/plugins\/seo\/ -->\n<title>Mercato OL : Plusieurs joueurs de Lyon sur le d\u00e9part cet \u00e9t\u00e9<\/title>\n<meta name=\"description\" content=\"MERCATO OL - Alors que l&#039;incertitude financi\u00e8re r\u00e8gne, l&#039;Olympique Lyonnais devrait voir plusieurs de ses joueurs quitter le club.\" \/>\n<meta name=\"robots\" content=\"index, follow, max-snippet:-1, max-image-preview:large, max-video-preview:-1\" \/>\n<link rel=\"canonical\" href=\"https:\/\/dicodusport.fr\/blog\/mercato-ol-plusieurs-joueurs-de-lyon-sur-le-depart-cet-ete\/\" \/>\n<meta property=\"og:locale\" content=\"fr_FR\" \/>\n<meta property=\"og:type\" content=\"article\" \/>\n<meta property=\"og:title\" content=\"Mercato OL : John Textor face \u00e0 la pression financi\u00e8re et aux d\u00e9parts\" \/>\n<meta property=\"og:description\" content=\"Crise \u00e0 l&#039;OL : Lacazette part, Cherki et Fofana convoit\u00e9s ! Un mercato explosif s&#039;annonce pour Lyon sous la pression financi\u00e8re\" \/>\n<meta property=\"og:url\" content=\"https:\/\/dicodusport.fr\/blog\/mercato-ol-plusieurs-joueurs-de-lyon-sur-le-depart-cet-ete\/\" \/>\n<meta property=\"og:site_name\" content=\"Dicodusport\" \/>\n<meta property=\"article:publisher\" content=\"https:\/\/www.facebook.com\/dicodusport\" \/>\n<meta property=\"article:published_time\" content=\"2025-05-15T10:08:03+00:00\" \/>\n<meta property=\"article:modified_time\" content=\"2025-05-15T10:14:10+00:00\" \/>\n<meta property=\"og:image\" content=\"https:\/\/dicodusport.fr\/blog\/wp-content\/uploads\/2025\/05\/Mercato-OL-Plusieurs-joueurs-de-Lyon-sur-le-depart-cet-ete.png\" \/>\n\t<meta property=\"og:image:width\" content=\"1200\" \/>\n\t<meta property=\"og:image:height\" content=\"674\" \/>\n\t<meta property=\"og:image:type\" content=\"image\/png\" \/>\n<meta name=\"author\" content=\"Paul Lalevee\" \/>\n<meta name=\"twitter:card\" content=\"summary_large_image\" \/>\n<meta name=\"twitter:title\" content=\"Mercato OL : John Textor face \u00e0 la pression financi\u00e8re et aux d\u00e9parts\" \/>\n<meta name=\"twitter:description\" content=\"Crise \u00e0 l&#039;OL : Lacazette part, Cherki et Fofana convoit\u00e9s ! Un mercato explosif s&#039;annonce pour Lyon sous la pression financi\u00e8re\" \/>\n<meta name=\"twitter:creator\" content=\"@dicodusport\" \/>\n<meta name=\"twitter:site\" content=\"@dicodusport\" \/>\n<script type=\"application\/ld+json\" class=\"yoast-schema-graph\">{\"@context\":\"https:\/\/schema.org\",\"@graph\":[{\"@type\":\"NewsArticle\",\"@id\":\"https:\/\/dicodusport.fr\/blog\/mercato-ol-plusieurs-joueurs-de-lyon-sur-le-depart-cet-ete\/#article\",\"isPartOf\":{\"@id\":\"https:\/\/dicodusport.fr\/blog\/mercato-ol-plusieurs-joueurs-de-lyon-sur-le-depart-cet-ete\/\"},\"author\":{\"name\":\"Paul Lalevee\",\"@id\":\"https:\/\/dicodusport.fr\/blog\/#\/schema\/person\/1eaa63dfac40b5e5c47f03a71920c1cd\"},\"headline\":\"Mercato OL : Plusieurs joueurs de Lyon sur le d\u00e9part cet \u00e9t\u00e9\",\"datePublished\":\"2025-05-15T10:08:03+00:00\",\"dateModified\":\"2025-05-15T10:14:10+00:00\",\"mainEntityOfPage\":{\"@id\":\"https:\/\/dicodusport.fr\/blog\/mercato-ol-plusieurs-joueurs-de-lyon-sur-le-depart-cet-ete\/\"},\"wordCount\":472,\"commentCount\":0,\"publisher\":{\"@id\":\"https:\/\/dicodusport.fr\/blog\/#organization\"},\"image\":{\"@id\":\"https:\/\/dicodusport.fr\/blog\/mercato-ol-plusieurs-joueurs-de-lyon-sur-le-depart-cet-ete\/#primaryimage\"},\"thumbnailUrl\":\"https:\/\/dicodusport.fr\/blog\/wp-content\/uploads\/2025\/05\/Mercato-OL-Plusieurs-joueurs-de-Lyon-sur-le-depart-cet-ete.png\",\"keywords\":[\"Alexandre Lacazette\",\"br\u00e8ve\",\"Corentin Tolisso\",\"Football\",\"John Textor\",\"Mercato\",\"Mercato OL\",\"Rayan Cherki\"],\"articleSection\":[\"Football\",\"Ligue 1\"],\"inLanguage\":\"fr-FR\",\"potentialAction\":[{\"@type\":\"CommentAction\",\"name\":\"Comment\",\"target\":[\"https:\/\/dicodusport.fr\/blog\/mercato-ol-plusieurs-joueurs-de-lyon-sur-le-depart-cet-ete\/#respond\"]}],\"copyrightYear\":\"2025\",\"copyrightHolder\":{\"@id\":\"https:\/\/dicodusport.fr\/blog\/#organization\"}},{\"@type\":\"WebPage\",\"@id\":\"https:\/\/dicodusport.fr\/blog\/mercato-ol-plusieurs-joueurs-de-lyon-sur-le-depart-cet-ete\/\",\"url\":\"https:\/\/dicodusport.fr\/blog\/mercato-ol-plusieurs-joueurs-de-lyon-sur-le-depart-cet-ete\/\",\"name\":\"Mercato OL : Plusieurs joueurs de Lyon sur le d\u00e9part cet \u00e9t\u00e9\",\"isPartOf\":{\"@id\":\"https:\/\/dicodusport.fr\/blog\/#website\"},\"primaryImageOfPage\":{\"@id\":\"https:\/\/dicodusport.fr\/blog\/mercato-ol-plusieurs-joueurs-de-lyon-sur-le-depart-cet-ete\/#primaryimage\"},\"image\":{\"@id\":\"https:\/\/dicodusport.fr\/blog\/mercato-ol-plusieurs-joueurs-de-lyon-sur-le-depart-cet-ete\/#primaryimage\"},\"thumbnailUrl\":\"https:\/\/dicodusport.fr\/blog\/wp-content\/uploads\/2025\/05\/Mercato-OL-Plusieurs-joueurs-de-Lyon-sur-le-depart-cet-ete.png\",\"datePublished\":\"2025-05-15T10:08:03+00:00\",\"dateModified\":\"2025-05-15T10:14:10+00:00\",\"description\":\"MERCATO OL - Alors que l'incertitude financi\u00e8re r\u00e8gne, l'Olympique Lyonnais devrait voir plusieurs de ses joueurs quitter le club.\",\"breadcrumb\":{\"@id\":\"https:\/\/dicodusport.fr\/blog\/mercato-ol-plusieurs-joueurs-de-lyon-sur-le-depart-cet-ete\/#breadcrumb\"},\"inLanguage\":\"fr-FR\",\"potentialAction\":[{\"@type\":\"ReadAction\",\"target\":[\"https:\/\/dicodusport.fr\/blog\/mercato-ol-plusieurs-joueurs-de-lyon-sur-le-depart-cet-ete\/\"]}]},{\"@type\":\"ImageObject\",\"inLanguage\":\"fr-FR\",\"@id\":\"https:\/\/dicodusport.fr\/blog\/mercato-ol-plusieurs-joueurs-de-lyon-sur-le-depart-cet-ete\/#primaryimage\",\"url\":\"https:\/\/dicodusport.fr\/blog\/wp-content\/uploads\/2025\/05\/Mercato-OL-Plusieurs-joueurs-de-Lyon-sur-le-depart-cet-ete.png\",\"contentUrl\":\"https:\/\/dicodusport.fr\/blog\/wp-content\/uploads\/2025\/05\/Mercato-OL-Plusieurs-joueurs-de-Lyon-sur-le-depart-cet-ete.png\",\"width\":1200,\"height\":674,\"caption\":\"Mercato OL Plusieurs joueurs de Lyon sur le d\u00e9part cet \u00e9t\u00e9\"},{\"@type\":\"BreadcrumbList\",\"@id\":\"https:\/\/dicodusport.fr\/blog\/mercato-ol-plusieurs-joueurs-de-lyon-sur-le-depart-cet-ete\/#breadcrumb\",\"itemListElement\":[{\"@type\":\"ListItem\",\"position\":1,\"name\":\"Accueil\",\"item\":\"https:\/\/dicodusport.fr\/blog\/\"},{\"@type\":\"ListItem\",\"position\":2,\"name\":\"Mercato OL : Plusieurs joueurs de Lyon sur le d\u00e9part cet \u00e9t\u00e9\"}]},{\"@type\":\"WebSite\",\"@id\":\"https:\/\/dicodusport.fr\/blog\/#website\",\"url\":\"https:\/\/dicodusport.fr\/blog\/\",\"name\":\"Dicodusport\",\"description\":\"L&#039;encyclop\u00e9die de l&#039;actualit\u00e9 sportive\",\"publisher\":{\"@id\":\"https:\/\/dicodusport.fr\/blog\/#organization\"},\"potentialAction\":[{\"@type\":\"SearchAction\",\"target\":{\"@type\":\"EntryPoint\",\"urlTemplate\":\"https:\/\/dicodusport.fr\/blog\/?s={search_term_string}\"},\"query-input\":{\"@type\":\"PropertyValueSpecification\",\"valueRequired\":true,\"valueName\":\"search_term_string\"}}],\"inLanguage\":\"fr-FR\"},{\"@type\":\"NewsMediaOrganization\",\"@id\":\"https:\/\/dicodusport.fr\/blog\/#organization\",\"name\":\"Dicodusport\",\"url\":\"https:\/\/dicodusport.fr\/blog\/\",\"logo\":{\"@type\":\"ImageObject\",\"inLanguage\":\"fr-FR\",\"@id\":\"https:\/\/dicodusport.fr\/blog\/#\/schema\/logo\/image\/\",\"url\":\"https:\/\/dicodusport.fr\/blog\/wp-content\/uploads\/2020\/06\/cropped-LOGO-DICODUSPORT-2020-SANS-FOND-SANS-TEXTE.png\",\"contentUrl\":\"https:\/\/dicodusport.fr\/blog\/wp-content\/uploads\/2020\/06\/cropped-LOGO-DICODUSPORT-2020-SANS-FOND-SANS-TEXTE.png\",\"width\":512,\"height\":512,\"caption\":\"Dicodusport\"},\"image\":{\"@id\":\"https:\/\/dicodusport.fr\/blog\/#\/schema\/logo\/image\/\"},\"sameAs\":[\"https:\/\/www.facebook.com\/dicodusport\",\"https:\/\/x.com\/dicodusport\",\"https:\/\/www.instagram.com\/dicodusport\/\",\"https:\/\/www.youtube.com\/channel\/UC7V2KZ5sd3htJivAbA4ZG3w\"],\"description\":\"Dicodusport est l'encyclop\u00e9die de l'actualit\u00e9 sportive.\",\"email\":\"bonjour@dicodusport.fr\",\"legalName\":\"DICODUSPORT\",\"foundingDate\":\"2018-01-14\",\"vatID\":\"FR71834470973\",\"taxID\":\"83447097300043\",\"numberOfEmployees\":{\"@type\":\"QuantitativeValue\",\"minValue\":\"1\",\"maxValue\":\"10\"}},{\"@type\":\"Person\",\"@id\":\"https:\/\/dicodusport.fr\/blog\/#\/schema\/person\/1eaa63dfac40b5e5c47f03a71920c1cd\",\"name\":\"Paul Lalevee\",\"image\":{\"@type\":\"ImageObject\",\"inLanguage\":\"fr-FR\",\"@id\":\"https:\/\/dicodusport.fr\/blog\/#\/schema\/person\/image\/\",\"url\":\"https:\/\/dicodusport.fr\/blog\/wp-content\/uploads\/2023\/10\/291154246_1690604071293245_3118259335115946499_n-150x150.jpg\",\"contentUrl\":\"https:\/\/dicodusport.fr\/blog\/wp-content\/uploads\/2023\/10\/291154246_1690604071293245_3118259335115946499_n-150x150.jpg\",\"caption\":\"Paul Lalevee\"},\"description\":\"La bulle Disney pendant le Covid, le Tour 2019, la Coupe du monde 2018. Ces trois \u00e9v\u00e9nements majeurs sont ancr\u00e9s dans ma t\u00eate de fan de sport, n\u00e9gativement ou positivement. Passionn\u00e9 de sport depuis l'enfance, j'ai d\u00e9cid\u00e9 de mettre ma passion de l'\u00e9criture au service de cette premi\u00e8re passion.\",\"url\":\"https:\/\/dicodusport.fr\/blog\/author\/paul-lalevee\/\"}]}<\/script>\n<!-- \/ Yoast SEO Premium plugin. -->","yoast_head_json":{"title":"Mercato OL : Plusieurs joueurs de Lyon sur le d\u00e9part cet \u00e9t\u00e9","description":"MERCATO OL - Alors que l'incertitude financi\u00e8re r\u00e8gne, l'Olympique Lyonnais devrait voir plusieurs de ses joueurs quitter le club.","robots":{"index":"index","follow":"follow","max-snippet":"max-snippet:-1","max-image-preview":"max-image-preview:large","max-video-preview":"max-video-preview:-1"},"canonical":"https:\/\/dicodusport.fr\/blog\/mercato-ol-plusieurs-joueurs-de-lyon-sur-le-depart-cet-ete\/","og_locale":"fr_FR","og_type":"article","og_title":"Mercato OL : John Textor face \u00e0 la pression financi\u00e8re et aux d\u00e9parts","og_description":"Crise \u00e0 l'OL : Lacazette part, Cherki et Fofana convoit\u00e9s ! Un mercato explosif s'annonce pour Lyon sous la pression financi\u00e8re","og_url":"https:\/\/dicodusport.fr\/blog\/mercato-ol-plusieurs-joueurs-de-lyon-sur-le-depart-cet-ete\/","og_site_name":"Dicodusport","article_publisher":"https:\/\/www.facebook.com\/dicodusport","article_published_time":"2025-05-15T10:08:03+00:00","article_modified_time":"2025-05-15T10:14:10+00:00","og_image":[{"width":1200,"height":674,"url":"https:\/\/dicodusport.fr\/blog\/wp-content\/uploads\/2025\/05\/Mercato-OL-Plusieurs-joueurs-de-Lyon-sur-le-depart-cet-ete.png","type":"image\/png"}],"author":"Paul Lalevee","twitter_card":"summary_large_image","twitter_title":"Mercato OL : John Textor face \u00e0 la pression financi\u00e8re et aux d\u00e9parts","twitter_description":"Crise \u00e0 l'OL : Lacazette part, Cherki et Fofana convoit\u00e9s ! Un mercato explosif s'annonce pour Lyon sous la pression financi\u00e8re","twitter_creator":"@dicodusport","twitter_site":"@dicodusport","schema":{"@context":"https:\/\/schema.org","@graph":[{"@type":"NewsArticle","@id":"https:\/\/dicodusport.fr\/blog\/mercato-ol-plusieurs-joueurs-de-lyon-sur-le-depart-cet-ete\/#article","isPartOf":{"@id":"https:\/\/dicodusport.fr\/blog\/mercato-ol-plusieurs-joueurs-de-lyon-sur-le-depart-cet-ete\/"},"author":{"name":"Paul Lalevee","@id":"https:\/\/dicodusport.fr\/blog\/#\/schema\/person\/1eaa63dfac40b5e5c47f03a71920c1cd"},"headline":"Mercato OL : Plusieurs joueurs de Lyon sur le d\u00e9part cet \u00e9t\u00e9","datePublished":"2025-05-15T10:08:03+00:00","dateModified":"2025-05-15T10:14:10+00:00","mainEntityOfPage":{"@id":"https:\/\/dicodusport.fr\/blog\/mercato-ol-plusieurs-joueurs-de-lyon-sur-le-depart-cet-ete\/"},"wordCount":472,"commentCount":0,"publisher":{"@id":"https:\/\/dicodusport.fr\/blog\/#organization"},"image":{"@id":"https:\/\/dicodusport.fr\/blog\/mercato-ol-plusieurs-joueurs-de-lyon-sur-le-depart-cet-ete\/#primaryimage"},"thumbnailUrl":"https:\/\/dicodusport.fr\/blog\/wp-content\/uploads\/2025\/05\/Mercato-OL-Plusieurs-joueurs-de-Lyon-sur-le-depart-cet-ete.png","keywords":["Alexandre Lacazette","br\u00e8ve","Corentin Tolisso","Football","John Textor","Mercato","Mercato OL","Rayan Cherki"],"articleSection":["Football","Ligue 1"],"inLanguage":"fr-FR","potentialAction":[{"@type":"CommentAction","name":"Comment","target":["https:\/\/dicodusport.fr\/blog\/mercato-ol-plusieurs-joueurs-de-lyon-sur-le-depart-cet-ete\/#respond"]}],"copyrightYear":"2025","copyrightHolder":{"@id":"https:\/\/dicodusport.fr\/blog\/#organization"}},{"@type":"WebPage","@id":"https:\/\/dicodusport.fr\/blog\/mercato-ol-plusieurs-joueurs-de-lyon-sur-le-depart-cet-ete\/","url":"https:\/\/dicodusport.fr\/blog\/mercato-ol-plusieurs-joueurs-de-lyon-sur-le-depart-cet-ete\/","name":"Mercato OL : Plusieurs joueurs de Lyon sur le d\u00e9part cet \u00e9t\u00e9","isPartOf":{"@id":"https:\/\/dicodusport.fr\/blog\/#website"},"primaryImageOfPage":{"@id":"https:\/\/dicodusport.fr\/blog\/mercato-ol-plusieurs-joueurs-de-lyon-sur-le-depart-cet-ete\/#primaryimage"},"image":{"@id":"https:\/\/dicodusport.fr\/blog\/mercato-ol-plusieurs-joueurs-de-lyon-sur-le-depart-cet-ete\/#primaryimage"},"thumbnailUrl":"https:\/\/dicodusport.fr\/blog\/wp-content\/uploads\/2025\/05\/Mercato-OL-Plusieurs-joueurs-de-Lyon-sur-le-depart-cet-ete.png","datePublished":"2025-05-15T10:08:03+00:00","dateModified":"2025-05-15T10:14:10+00:00","description":"MERCATO OL - Alors que l'incertitude financi\u00e8re r\u00e8gne, l'Olympique Lyonnais devrait voir plusieurs de ses joueurs quitter le club.","breadcrumb":{"@id":"https:\/\/dicodusport.fr\/blog\/mercato-ol-plusieurs-joueurs-de-lyon-sur-le-depart-cet-ete\/#breadcrumb"},"inLanguage":"fr-FR","potentialAction":[{"@type":"ReadAction","target":["https:\/\/dicodusport.fr\/blog\/mercato-ol-plusieurs-joueurs-de-lyon-sur-le-depart-cet-ete\/"]}]},{"@type":"ImageObject","inLanguage":"fr-FR","@id":"https:\/\/dicodusport.fr\/blog\/mercato-ol-plusieurs-joueurs-de-lyon-sur-le-depart-cet-ete\/#primaryimage","url":"https:\/\/dicodusport.fr\/blog\/wp-content\/uploads\/2025\/05\/Mercato-OL-Plusieurs-joueurs-de-Lyon-sur-le-depart-cet-ete.png","contentUrl":"https:\/\/dicodusport.fr\/blog\/wp-content\/uploads\/2025\/05\/Mercato-OL-Plusieurs-joueurs-de-Lyon-sur-le-depart-cet-ete.png","width":1200,"height":674,"caption":"Mercato OL Plusieurs joueurs de Lyon sur le d\u00e9part cet \u00e9t\u00e9"},{"@type":"BreadcrumbList","@id":"https:\/\/dicodusport.fr\/blog\/mercato-ol-plusieurs-joueurs-de-lyon-sur-le-depart-cet-ete\/#breadcrumb","itemListElement":[{"@type":"ListItem","position":1,"name":"Accueil","item":"https:\/\/dicodusport.fr\/blog\/"},{"@type":"ListItem","position":2,"name":"Mercato OL : Plusieurs joueurs de Lyon sur le d\u00e9part cet \u00e9t\u00e9"}]},{"@type":"WebSite","@id":"https:\/\/dicodusport.fr\/blog\/#website","url":"https:\/\/dicodusport.fr\/blog\/","name":"Dicodusport","description":"L&#039;encyclop\u00e9die de l&#039;actualit\u00e9 sportive","publisher":{"@id":"https:\/\/dicodusport.fr\/blog\/#organization"},"potentialAction":[{"@type":"SearchAction","target":{"@type":"EntryPoint","urlTemplate":"https:\/\/dicodusport.fr\/blog\/?s={search_term_string}"},"query-input":{"@type":"PropertyValueSpecification","valueRequired":true,"valueName":"search_term_string"}}],"inLanguage":"fr-FR"},{"@type":"NewsMediaOrganization","@id":"https:\/\/dicodusport.fr\/blog\/#organization","name":"Dicodusport","url":"https:\/\/dicodusport.fr\/blog\/","logo":{"@type":"ImageObject","inLanguage":"fr-FR","@id":"https:\/\/dicodusport.fr\/blog\/#\/schema\/logo\/image\/","url":"https:\/\/dicodusport.fr\/blog\/wp-content\/uploads\/2020\/06\/cropped-LOGO-DICODUSPORT-2020-SANS-FOND-SANS-TEXTE.png","contentUrl":"https:\/\/dicodusport.fr\/blog\/wp-content\/uploads\/2020\/06\/cropped-LOGO-DICODUSPORT-2020-SANS-FOND-SANS-TEXTE.png","width":512,"height":512,"caption":"Dicodusport"},"image":{"@id":"https:\/\/dicodusport.fr\/blog\/#\/schema\/logo\/image\/"},"sameAs":["https:\/\/www.facebook.com\/dicodusport","https:\/\/x.com\/dicodusport","https:\/\/www.instagram.com\/dicodusport\/","https:\/\/www.youtube.com\/channel\/UC7V2KZ5sd3htJivAbA4ZG3w"],"description":"Dicodusport est l'encyclop\u00e9die de l'actualit\u00e9 sportive.","email":"bonjour@dicodusport.fr","legalName":"DICODUSPORT","foundingDate":"2018-01-14","vatID":"FR71834470973","taxID":"83447097300043","numberOfEmployees":{"@type":"QuantitativeValue","minValue":"1","maxValue":"10"}},{"@type":"Person","@id":"https:\/\/dicodusport.fr\/blog\/#\/schema\/person\/1eaa63dfac40b5e5c47f03a71920c1cd","name":"Paul Lalevee","image":{"@type":"ImageObject","inLanguage":"fr-FR","@id":"https:\/\/dicodusport.fr\/blog\/#\/schema\/person\/image\/","url":"https:\/\/dicodusport.fr\/blog\/wp-content\/uploads\/2023\/10\/291154246_1690604071293245_3118259335115946499_n-150x150.jpg","contentUrl":"https:\/\/dicodusport.fr\/blog\/wp-content\/uploads\/2023\/10\/291154246_1690604071293245_3118259335115946499_n-150x150.jpg","caption":"Paul Lalevee"},"description":"La bulle Disney pendant le Covid, le Tour 2019, la Coupe du monde 2018. Ces trois \u00e9v\u00e9nements majeurs sont ancr\u00e9s dans ma t\u00eate de fan de sport, n\u00e9gativement ou positivement. Passionn\u00e9 de sport depuis l'enfance, j'ai d\u00e9cid\u00e9 de mettre ma passion de l'\u00e9criture au service de cette premi\u00e8re passion.","url":"https:\/\/dicodusport.fr\/blog\/author\/paul-lalevee\/"}]}},"_links":{"self":[{"href":"https:\/\/dicodusport.fr\/blog\/wp-json\/wp\/v2\/posts\/579013","targetHints":{"allow":["GET"]}}],"collection":[{"href":"https:\/\/dicodusport.fr\/blog\/wp-json\/wp\/v2\/posts"}],"about":[{"href":"https:\/\/dicodusport.fr\/blog\/wp-json\/wp\/v2\/types\/post"}],"author":[{"embeddable":true,"href":"https:\/\/dicodusport.fr\/blog\/wp-json\/wp\/v2\/users\/88"}],"replies":[{"embeddable":true,"href":"https:\/\/dicodusport.fr\/blog\/wp-json\/wp\/v2\/comments?post=579013"}],"version-history":[{"count":5,"href":"https:\/\/dicodusport.fr\/blog\/wp-json\/wp\/v2\/posts\/579013\/revisions"}],"predecessor-version":[{"id":579029,"href":"https:\/\/dicodusport.fr\/blog\/wp-json\/wp\/v2\/posts\/579013\/revisions\/579029"}],"wp:featuredmedia":[{"embeddable":true,"href":"https:\/\/dicodusport.fr\/blog\/wp-json\/wp\/v2\/media\/579021"}],"wp:attachment":[{"href":"https:\/\/dicodusport.fr\/blog\/wp-json\/wp\/v2\/media?parent=579013"}],"wp:term":[{"taxonomy":"category","embeddable":true,"href":"https:\/\/dicodusport.fr\/blog\/wp-json\/wp\/v2\/categories?post=579013"},{"taxonomy":"post_tag","embeddable":true,"href":"https:\/\/dicodusport.fr\/blog\/wp-json\/wp\/v2\/tags?post=579013"}],"curies":[{"name":"wp","href":"https:\/\/api.w.org\/{rel}","templated":true}]}}