{"id":579034,"date":"2025-05-15T13:08:10","date_gmt":"2025-05-15T11:08:10","guid":{"rendered":"https:\/\/dicodusport.fr\/blog\/?p=579034&#038;preview=true&#038;preview_id=579034"},"modified":"2025-05-16T05:35:23","modified_gmt":"2025-05-16T03:35:23","slug":"judo-teddy-riner-va-faire-limpasse-sur-les-championnats-du-monde","status":"publish","type":"post","link":"https:\/\/dicodusport.fr\/blog\/judo-teddy-riner-va-faire-limpasse-sur-les-championnats-du-monde\/","title":{"rendered":"Judo : Teddy Riner va faire l&rsquo;impasse sur les championnats du monde"},"content":{"rendered":"<h4 style=\"text-align: justify;\"><em>CHAMPIONNATS DU MONDE DE JUDO 2025 &#8211; Selon L&rsquo;\u00c9quipe, Teddy Riner ne prendra pas part aux prochains Mondiaux, \u00e0 Budapest, du 13 au 20 juin prochain.<\/em><\/h4>\n<ul>\n<li><strong>\u00c0 ce sujet &#8211; <a href=\"https:\/\/dicodusport.fr\/blog\/actualites\/sports-de-combat\/judo\/\">Toute l&rsquo;actualit\u00e9 du judo<\/a><\/strong><\/li>\n<\/ul>\n<p style=\"text-align: justify;\">Depuis ses deux m\u00e9dailles d&rsquo;or lors des Jeux Olympiques de Paris 2024, <strong>Teddy Riner<\/strong> s&rsquo;est fait discret sur les tatamis. Auteur d&rsquo;un seul combat avec son club du PSG fin 2024, l&rsquo;homme aux <strong>11 titres mondiaux<\/strong> \u00e9tait attendu pour disputer les <strong>Championnats du monde \u00e0 Budapest<\/strong>. Mais \u00e0 un mois de l&rsquo;\u00e9v\u00e8nement, <em>L&rsquo;\u00c9quipe<\/em> a confirm\u00e9 que le judoka tricolore ne fera pas partie de la d\u00e9l\u00e9gation tricolore en Hongrie.<\/p>\n<h2>Touch\u00e9 en d\u00e9but d&rsquo;ann\u00e9e, Teddy Riner se pr\u00e9serve<\/h2>\n<p style=\"text-align: justify;\">G\u00ean\u00e9 par une op\u00e9ration au coude en d\u00e9but d&rsquo;ann\u00e9e, Teddy Riner a repris l&rsquo;entra\u00eenement, mais a pr\u00e9f\u00e9r\u00e9 faire l&rsquo;impasse pour ne pas pr\u00e9cipiter une rechute. \u00c0 36 ans, le natif de Pointe-\u00e0-Pintre compte bien \u00eatre encore de la partie pour accrocher un 6\u00e8me titre olympique \u00e0 <strong>Los Angeles 2028<\/strong>. Dans cette optique, il va donc se pr\u00e9server au maximum, quitte \u00e0 repousser la possible conqu\u00eate d&rsquo;un douzi\u00e8me titre mondial.<\/p>\n<p style=\"text-align: justify;\">Cela repr\u00e9sente donc un gros coup dur pour les Bleus, m\u00eame si le collectif tricolore dispose de nombreuses autres cartes pour s&rsquo;illustrer dans une cat\u00e9gorie +100kg habituellement r\u00e9serv\u00e9e \u00e0 Riner. Retenus pour l&rsquo;\u00e9preuve mixte par \u00e9quipe, <strong>Tieman Diaby <\/strong>ou <strong>Angel Gustan<\/strong> pourraient en b\u00e9n\u00e9ficier pour int\u00e9grer le tableau individuel, \u00e0 moins que la f\u00e9d\u00e9ration d\u00e9cide de faire appel \u00e0 un autre judoka.<\/p>\n<blockquote class=\"twitter-tweet\">\n<p dir=\"ltr\" lang=\"fr\">Selon <a href=\"https:\/\/twitter.com\/lequipe?ref_src=twsrc%5Etfw\">@lequipe<\/a>, Teddy Riner ne participera pas aux Mondiaux de judo \u00e0 Budapest cet \u00e9t\u00e9 \u274c<a href=\"https:\/\/twitter.com\/hashtag\/JudoWorlds?src=hash&amp;ref_src=twsrc%5Etfw\">#JudoWorlds<\/a> <a href=\"https:\/\/twitter.com\/hashtag\/Judo?src=hash&amp;ref_src=twsrc%5Etfw\">#Judo<\/a> <a href=\"https:\/\/t.co\/ABkVeHhYKm\">pic.twitter.com\/ABkVeHhYKm<\/a><\/p>\n<p>\u2014 Le Stade (@le_stade) <a href=\"https:\/\/twitter.com\/le_stade\/status\/1922968879501922644?ref_src=twsrc%5Etfw\">May 15, 2025<\/a><\/p><\/blockquote>\n<p><script async src=\"https:\/\/platform.twitter.com\/widgets.js\" charset=\"utf-8\"><\/script><\/p>\n","protected":false},"excerpt":{"rendered":"<p>CHAMPIONNATS DU MONDE DE JUDO 2025 &#8211; Teddy Riner ne prendra pas part aux prochains Mondiaux, \u00e0 Budapest, le 19 juin prochain.<\/p>\n","protected":false},"author":55,"featured_media":579038,"comment_status":"open","ping_status":"closed","sticky":false,"template":"","format":"standard","meta":{"_acf_changed":false,"_daextam_enable_autolinks":"1","footnotes":""},"categories":[8651],"tags":[32415,16878,68,1787],"class_list":["post-579034","post","type-post","status-publish","format-standard","has-post-thumbnail","hentry","category-judo","tag-actu","tag-breve","tag-judo","tag-teddy-riner"],"acf":[],"yoast_head":"<!-- This site is optimized with the Yoast SEO Premium plugin v26.7 (Yoast SEO v26.7) - https:\/\/yoast.com\/wordpress\/plugins\/seo\/ -->\n<title>Judo : Teddy Riner va faire l&#039;impasse sur les championnats du monde<\/title>\n<meta name=\"description\" content=\"CHAMPIONNATS DU MONDE DE JUDO 2025 - Teddy Riner ne prendra pas part aux prochains Mondiaux, \u00e0 Budapest, le 19 juin prochain.\" \/>\n<meta name=\"robots\" content=\"index, follow, max-snippet:-1, max-image-preview:large, max-video-preview:-1\" \/>\n<link rel=\"canonical\" href=\"https:\/\/dicodusport.fr\/blog\/judo-teddy-riner-va-faire-limpasse-sur-les-championnats-du-monde\/\" \/>\n<meta property=\"og:locale\" content=\"fr_FR\" \/>\n<meta property=\"og:type\" content=\"article\" \/>\n<meta property=\"og:title\" content=\"Judo : Teddy Riner va faire l&#039;impasse sur les championnats du monde\" \/>\n<meta property=\"og:description\" content=\"CHAMPIONNATS DU MONDE DE JUDO 2025 - Teddy Riner ne prendra pas part aux prochains Mondiaux, \u00e0 Budapest, le 19 juin prochain.\" \/>\n<meta property=\"og:url\" content=\"https:\/\/dicodusport.fr\/blog\/judo-teddy-riner-va-faire-limpasse-sur-les-championnats-du-monde\/\" \/>\n<meta property=\"og:site_name\" content=\"Dicodusport\" \/>\n<meta property=\"article:publisher\" content=\"https:\/\/www.facebook.com\/dicodusport\" \/>\n<meta property=\"article:published_time\" content=\"2025-05-15T11:08:10+00:00\" \/>\n<meta property=\"article:modified_time\" content=\"2025-05-16T03:35:23+00:00\" \/>\n<meta property=\"og:image\" content=\"https:\/\/dicodusport.fr\/blog\/wp-content\/uploads\/2025\/05\/Judo-Teddy-Riner-va-faire-limpasse-sur-les-championnats-du-monde.png\" \/>\n\t<meta property=\"og:image:width\" content=\"1200\" \/>\n\t<meta property=\"og:image:height\" content=\"674\" \/>\n\t<meta property=\"og:image:type\" content=\"image\/png\" \/>\n<meta name=\"author\" content=\"Maxime Cazenave\" \/>\n<meta name=\"twitter:card\" content=\"summary_large_image\" \/>\n<meta name=\"twitter:title\" content=\"Judo : Teddy Riner va faire l&#039;impasse sur les championnats du monde\" \/>\n<meta name=\"twitter:creator\" content=\"@https:\/\/twitter.com\/Maxime_Caze\" \/>\n<meta name=\"twitter:site\" content=\"@dicodusport\" \/>\n<script type=\"application\/ld+json\" class=\"yoast-schema-graph\">{\"@context\":\"https:\/\/schema.org\",\"@graph\":[{\"@type\":\"NewsArticle\",\"@id\":\"https:\/\/dicodusport.fr\/blog\/judo-teddy-riner-va-faire-limpasse-sur-les-championnats-du-monde\/#article\",\"isPartOf\":{\"@id\":\"https:\/\/dicodusport.fr\/blog\/judo-teddy-riner-va-faire-limpasse-sur-les-championnats-du-monde\/\"},\"author\":{\"name\":\"Maxime Cazenave\",\"@id\":\"https:\/\/dicodusport.fr\/blog\/#\/schema\/person\/37def232098a7a5cbab3974a3690abb0\"},\"headline\":\"Judo : Teddy Riner va faire l&rsquo;impasse sur les championnats du monde\",\"datePublished\":\"2025-05-15T11:08:10+00:00\",\"dateModified\":\"2025-05-16T03:35:23+00:00\",\"mainEntityOfPage\":{\"@id\":\"https:\/\/dicodusport.fr\/blog\/judo-teddy-riner-va-faire-limpasse-sur-les-championnats-du-monde\/\"},\"wordCount\":306,\"commentCount\":0,\"publisher\":{\"@id\":\"https:\/\/dicodusport.fr\/blog\/#organization\"},\"image\":{\"@id\":\"https:\/\/dicodusport.fr\/blog\/judo-teddy-riner-va-faire-limpasse-sur-les-championnats-du-monde\/#primaryimage\"},\"thumbnailUrl\":\"https:\/\/dicodusport.fr\/blog\/wp-content\/uploads\/2025\/05\/Judo-Teddy-Riner-va-faire-limpasse-sur-les-championnats-du-monde.png\",\"keywords\":[\"actu\",\"br\u00e8ve\",\"Judo\",\"Teddy Riner\"],\"articleSection\":[\"Judo\"],\"inLanguage\":\"fr-FR\",\"potentialAction\":[{\"@type\":\"CommentAction\",\"name\":\"Comment\",\"target\":[\"https:\/\/dicodusport.fr\/blog\/judo-teddy-riner-va-faire-limpasse-sur-les-championnats-du-monde\/#respond\"]}],\"copyrightYear\":\"2025\",\"copyrightHolder\":{\"@id\":\"https:\/\/dicodusport.fr\/blog\/#organization\"}},{\"@type\":\"WebPage\",\"@id\":\"https:\/\/dicodusport.fr\/blog\/judo-teddy-riner-va-faire-limpasse-sur-les-championnats-du-monde\/\",\"url\":\"https:\/\/dicodusport.fr\/blog\/judo-teddy-riner-va-faire-limpasse-sur-les-championnats-du-monde\/\",\"name\":\"Judo : Teddy Riner va faire l'impasse sur les championnats du monde\",\"isPartOf\":{\"@id\":\"https:\/\/dicodusport.fr\/blog\/#website\"},\"primaryImageOfPage\":{\"@id\":\"https:\/\/dicodusport.fr\/blog\/judo-teddy-riner-va-faire-limpasse-sur-les-championnats-du-monde\/#primaryimage\"},\"image\":{\"@id\":\"https:\/\/dicodusport.fr\/blog\/judo-teddy-riner-va-faire-limpasse-sur-les-championnats-du-monde\/#primaryimage\"},\"thumbnailUrl\":\"https:\/\/dicodusport.fr\/blog\/wp-content\/uploads\/2025\/05\/Judo-Teddy-Riner-va-faire-limpasse-sur-les-championnats-du-monde.png\",\"datePublished\":\"2025-05-15T11:08:10+00:00\",\"dateModified\":\"2025-05-16T03:35:23+00:00\",\"description\":\"CHAMPIONNATS DU MONDE DE JUDO 2025 - Teddy Riner ne prendra pas part aux prochains Mondiaux, \u00e0 Budapest, le 19 juin prochain.\",\"breadcrumb\":{\"@id\":\"https:\/\/dicodusport.fr\/blog\/judo-teddy-riner-va-faire-limpasse-sur-les-championnats-du-monde\/#breadcrumb\"},\"inLanguage\":\"fr-FR\",\"potentialAction\":[{\"@type\":\"ReadAction\",\"target\":[\"https:\/\/dicodusport.fr\/blog\/judo-teddy-riner-va-faire-limpasse-sur-les-championnats-du-monde\/\"]}]},{\"@type\":\"ImageObject\",\"inLanguage\":\"fr-FR\",\"@id\":\"https:\/\/dicodusport.fr\/blog\/judo-teddy-riner-va-faire-limpasse-sur-les-championnats-du-monde\/#primaryimage\",\"url\":\"https:\/\/dicodusport.fr\/blog\/wp-content\/uploads\/2025\/05\/Judo-Teddy-Riner-va-faire-limpasse-sur-les-championnats-du-monde.png\",\"contentUrl\":\"https:\/\/dicodusport.fr\/blog\/wp-content\/uploads\/2025\/05\/Judo-Teddy-Riner-va-faire-limpasse-sur-les-championnats-du-monde.png\",\"width\":1200,\"height\":674,\"caption\":\"Judo : Teddy Riner va faire l'impasse sur les championnats du monde\"},{\"@type\":\"BreadcrumbList\",\"@id\":\"https:\/\/dicodusport.fr\/blog\/judo-teddy-riner-va-faire-limpasse-sur-les-championnats-du-monde\/#breadcrumb\",\"itemListElement\":[{\"@type\":\"ListItem\",\"position\":1,\"name\":\"Accueil\",\"item\":\"https:\/\/dicodusport.fr\/blog\/\"},{\"@type\":\"ListItem\",\"position\":2,\"name\":\"Judo : Teddy Riner va faire l&rsquo;impasse sur les championnats du monde\"}]},{\"@type\":\"WebSite\",\"@id\":\"https:\/\/dicodusport.fr\/blog\/#website\",\"url\":\"https:\/\/dicodusport.fr\/blog\/\",\"name\":\"Dicodusport\",\"description\":\"L&#039;encyclop\u00e9die de l&#039;actualit\u00e9 sportive\",\"publisher\":{\"@id\":\"https:\/\/dicodusport.fr\/blog\/#organization\"},\"potentialAction\":[{\"@type\":\"SearchAction\",\"target\":{\"@type\":\"EntryPoint\",\"urlTemplate\":\"https:\/\/dicodusport.fr\/blog\/?s={search_term_string}\"},\"query-input\":{\"@type\":\"PropertyValueSpecification\",\"valueRequired\":true,\"valueName\":\"search_term_string\"}}],\"inLanguage\":\"fr-FR\"},{\"@type\":\"NewsMediaOrganization\",\"@id\":\"https:\/\/dicodusport.fr\/blog\/#organization\",\"name\":\"Dicodusport\",\"url\":\"https:\/\/dicodusport.fr\/blog\/\",\"logo\":{\"@type\":\"ImageObject\",\"inLanguage\":\"fr-FR\",\"@id\":\"https:\/\/dicodusport.fr\/blog\/#\/schema\/logo\/image\/\",\"url\":\"https:\/\/dicodusport.fr\/blog\/wp-content\/uploads\/2020\/06\/cropped-LOGO-DICODUSPORT-2020-SANS-FOND-SANS-TEXTE.png\",\"contentUrl\":\"https:\/\/dicodusport.fr\/blog\/wp-content\/uploads\/2020\/06\/cropped-LOGO-DICODUSPORT-2020-SANS-FOND-SANS-TEXTE.png\",\"width\":512,\"height\":512,\"caption\":\"Dicodusport\"},\"image\":{\"@id\":\"https:\/\/dicodusport.fr\/blog\/#\/schema\/logo\/image\/\"},\"sameAs\":[\"https:\/\/www.facebook.com\/dicodusport\",\"https:\/\/x.com\/dicodusport\",\"https:\/\/www.instagram.com\/dicodusport\/\",\"https:\/\/www.youtube.com\/channel\/UC7V2KZ5sd3htJivAbA4ZG3w\"],\"description\":\"Dicodusport est l'encyclop\u00e9die de l'actualit\u00e9 sportive.\",\"email\":\"bonjour@dicodusport.fr\",\"legalName\":\"DICODUSPORT\",\"foundingDate\":\"2018-01-14\",\"vatID\":\"FR71834470973\",\"taxID\":\"83447097300043\",\"numberOfEmployees\":{\"@type\":\"QuantitativeValue\",\"minValue\":\"1\",\"maxValue\":\"10\"}},{\"@type\":\"Person\",\"@id\":\"https:\/\/dicodusport.fr\/blog\/#\/schema\/person\/37def232098a7a5cbab3974a3690abb0\",\"name\":\"Maxime Cazenave\",\"image\":{\"@type\":\"ImageObject\",\"inLanguage\":\"fr-FR\",\"@id\":\"https:\/\/dicodusport.fr\/blog\/#\/schema\/person\/image\/\",\"url\":\"https:\/\/dicodusport.fr\/blog\/wp-content\/uploads\/2021\/05\/Maxime-Cazenave-150x150.jpg\",\"contentUrl\":\"https:\/\/dicodusport.fr\/blog\/wp-content\/uploads\/2021\/05\/Maxime-Cazenave-150x150.jpg\",\"caption\":\"Maxime Cazenave\"},\"description\":\"Journaliste\/R\u00e9dacteur depuis 2012 - Berc\u00e9 par l\u2019amour des Girondins de Bordeaux, les \u00e9checs de Christophe Moreau sur le Tour de France sous l'\u00e8re Lance Armstrong et le fade-away l\u00e9tal de Dirk Nowitzki, ma passion d\u00e9vorante pour le sport a toujours \u00e9t\u00e9 un pan incontournable de ma vie. Transmettre ma passion \u00e0 l\u2019\u00e9crit a \u00e9t\u00e9 une transition naturelle. Suiveur assidu de basket et de hockey sur glace, je garde toujours un peu de place pour suivre le cyclisme, le football et le maximum de performances fran\u00e7aises.\",\"sameAs\":[\"https:\/\/x.com\/https:\/\/twitter.com\/Maxime_Caze\"],\"url\":\"https:\/\/dicodusport.fr\/blog\/author\/maximec\/\"}]}<\/script>\n<!-- \/ Yoast SEO Premium plugin. -->","yoast_head_json":{"title":"Judo : Teddy Riner va faire l'impasse sur les championnats du monde","description":"CHAMPIONNATS DU MONDE DE JUDO 2025 - Teddy Riner ne prendra pas part aux prochains Mondiaux, \u00e0 Budapest, le 19 juin prochain.","robots":{"index":"index","follow":"follow","max-snippet":"max-snippet:-1","max-image-preview":"max-image-preview:large","max-video-preview":"max-video-preview:-1"},"canonical":"https:\/\/dicodusport.fr\/blog\/judo-teddy-riner-va-faire-limpasse-sur-les-championnats-du-monde\/","og_locale":"fr_FR","og_type":"article","og_title":"Judo : Teddy Riner va faire l'impasse sur les championnats du monde","og_description":"CHAMPIONNATS DU MONDE DE JUDO 2025 - Teddy Riner ne prendra pas part aux prochains Mondiaux, \u00e0 Budapest, le 19 juin prochain.","og_url":"https:\/\/dicodusport.fr\/blog\/judo-teddy-riner-va-faire-limpasse-sur-les-championnats-du-monde\/","og_site_name":"Dicodusport","article_publisher":"https:\/\/www.facebook.com\/dicodusport","article_published_time":"2025-05-15T11:08:10+00:00","article_modified_time":"2025-05-16T03:35:23+00:00","og_image":[{"width":1200,"height":674,"url":"https:\/\/dicodusport.fr\/blog\/wp-content\/uploads\/2025\/05\/Judo-Teddy-Riner-va-faire-limpasse-sur-les-championnats-du-monde.png","type":"image\/png"}],"author":"Maxime Cazenave","twitter_card":"summary_large_image","twitter_title":"Judo : Teddy Riner va faire l'impasse sur les championnats du monde","twitter_creator":"@https:\/\/twitter.com\/Maxime_Caze","twitter_site":"@dicodusport","schema":{"@context":"https:\/\/schema.org","@graph":[{"@type":"NewsArticle","@id":"https:\/\/dicodusport.fr\/blog\/judo-teddy-riner-va-faire-limpasse-sur-les-championnats-du-monde\/#article","isPartOf":{"@id":"https:\/\/dicodusport.fr\/blog\/judo-teddy-riner-va-faire-limpasse-sur-les-championnats-du-monde\/"},"author":{"name":"Maxime Cazenave","@id":"https:\/\/dicodusport.fr\/blog\/#\/schema\/person\/37def232098a7a5cbab3974a3690abb0"},"headline":"Judo : Teddy Riner va faire l&rsquo;impasse sur les championnats du monde","datePublished":"2025-05-15T11:08:10+00:00","dateModified":"2025-05-16T03:35:23+00:00","mainEntityOfPage":{"@id":"https:\/\/dicodusport.fr\/blog\/judo-teddy-riner-va-faire-limpasse-sur-les-championnats-du-monde\/"},"wordCount":306,"commentCount":0,"publisher":{"@id":"https:\/\/dicodusport.fr\/blog\/#organization"},"image":{"@id":"https:\/\/dicodusport.fr\/blog\/judo-teddy-riner-va-faire-limpasse-sur-les-championnats-du-monde\/#primaryimage"},"thumbnailUrl":"https:\/\/dicodusport.fr\/blog\/wp-content\/uploads\/2025\/05\/Judo-Teddy-Riner-va-faire-limpasse-sur-les-championnats-du-monde.png","keywords":["actu","br\u00e8ve","Judo","Teddy Riner"],"articleSection":["Judo"],"inLanguage":"fr-FR","potentialAction":[{"@type":"CommentAction","name":"Comment","target":["https:\/\/dicodusport.fr\/blog\/judo-teddy-riner-va-faire-limpasse-sur-les-championnats-du-monde\/#respond"]}],"copyrightYear":"2025","copyrightHolder":{"@id":"https:\/\/dicodusport.fr\/blog\/#organization"}},{"@type":"WebPage","@id":"https:\/\/dicodusport.fr\/blog\/judo-teddy-riner-va-faire-limpasse-sur-les-championnats-du-monde\/","url":"https:\/\/dicodusport.fr\/blog\/judo-teddy-riner-va-faire-limpasse-sur-les-championnats-du-monde\/","name":"Judo : Teddy Riner va faire l'impasse sur les championnats du monde","isPartOf":{"@id":"https:\/\/dicodusport.fr\/blog\/#website"},"primaryImageOfPage":{"@id":"https:\/\/dicodusport.fr\/blog\/judo-teddy-riner-va-faire-limpasse-sur-les-championnats-du-monde\/#primaryimage"},"image":{"@id":"https:\/\/dicodusport.fr\/blog\/judo-teddy-riner-va-faire-limpasse-sur-les-championnats-du-monde\/#primaryimage"},"thumbnailUrl":"https:\/\/dicodusport.fr\/blog\/wp-content\/uploads\/2025\/05\/Judo-Teddy-Riner-va-faire-limpasse-sur-les-championnats-du-monde.png","datePublished":"2025-05-15T11:08:10+00:00","dateModified":"2025-05-16T03:35:23+00:00","description":"CHAMPIONNATS DU MONDE DE JUDO 2025 - Teddy Riner ne prendra pas part aux prochains Mondiaux, \u00e0 Budapest, le 19 juin prochain.","breadcrumb":{"@id":"https:\/\/dicodusport.fr\/blog\/judo-teddy-riner-va-faire-limpasse-sur-les-championnats-du-monde\/#breadcrumb"},"inLanguage":"fr-FR","potentialAction":[{"@type":"ReadAction","target":["https:\/\/dicodusport.fr\/blog\/judo-teddy-riner-va-faire-limpasse-sur-les-championnats-du-monde\/"]}]},{"@type":"ImageObject","inLanguage":"fr-FR","@id":"https:\/\/dicodusport.fr\/blog\/judo-teddy-riner-va-faire-limpasse-sur-les-championnats-du-monde\/#primaryimage","url":"https:\/\/dicodusport.fr\/blog\/wp-content\/uploads\/2025\/05\/Judo-Teddy-Riner-va-faire-limpasse-sur-les-championnats-du-monde.png","contentUrl":"https:\/\/dicodusport.fr\/blog\/wp-content\/uploads\/2025\/05\/Judo-Teddy-Riner-va-faire-limpasse-sur-les-championnats-du-monde.png","width":1200,"height":674,"caption":"Judo : Teddy Riner va faire l'impasse sur les championnats du monde"},{"@type":"BreadcrumbList","@id":"https:\/\/dicodusport.fr\/blog\/judo-teddy-riner-va-faire-limpasse-sur-les-championnats-du-monde\/#breadcrumb","itemListElement":[{"@type":"ListItem","position":1,"name":"Accueil","item":"https:\/\/dicodusport.fr\/blog\/"},{"@type":"ListItem","position":2,"name":"Judo : Teddy Riner va faire l&rsquo;impasse sur les championnats du monde"}]},{"@type":"WebSite","@id":"https:\/\/dicodusport.fr\/blog\/#website","url":"https:\/\/dicodusport.fr\/blog\/","name":"Dicodusport","description":"L&#039;encyclop\u00e9die de l&#039;actualit\u00e9 sportive","publisher":{"@id":"https:\/\/dicodusport.fr\/blog\/#organization"},"potentialAction":[{"@type":"SearchAction","target":{"@type":"EntryPoint","urlTemplate":"https:\/\/dicodusport.fr\/blog\/?s={search_term_string}"},"query-input":{"@type":"PropertyValueSpecification","valueRequired":true,"valueName":"search_term_string"}}],"inLanguage":"fr-FR"},{"@type":"NewsMediaOrganization","@id":"https:\/\/dicodusport.fr\/blog\/#organization","name":"Dicodusport","url":"https:\/\/dicodusport.fr\/blog\/","logo":{"@type":"ImageObject","inLanguage":"fr-FR","@id":"https:\/\/dicodusport.fr\/blog\/#\/schema\/logo\/image\/","url":"https:\/\/dicodusport.fr\/blog\/wp-content\/uploads\/2020\/06\/cropped-LOGO-DICODUSPORT-2020-SANS-FOND-SANS-TEXTE.png","contentUrl":"https:\/\/dicodusport.fr\/blog\/wp-content\/uploads\/2020\/06\/cropped-LOGO-DICODUSPORT-2020-SANS-FOND-SANS-TEXTE.png","width":512,"height":512,"caption":"Dicodusport"},"image":{"@id":"https:\/\/dicodusport.fr\/blog\/#\/schema\/logo\/image\/"},"sameAs":["https:\/\/www.facebook.com\/dicodusport","https:\/\/x.com\/dicodusport","https:\/\/www.instagram.com\/dicodusport\/","https:\/\/www.youtube.com\/channel\/UC7V2KZ5sd3htJivAbA4ZG3w"],"description":"Dicodusport est l'encyclop\u00e9die de l'actualit\u00e9 sportive.","email":"bonjour@dicodusport.fr","legalName":"DICODUSPORT","foundingDate":"2018-01-14","vatID":"FR71834470973","taxID":"83447097300043","numberOfEmployees":{"@type":"QuantitativeValue","minValue":"1","maxValue":"10"}},{"@type":"Person","@id":"https:\/\/dicodusport.fr\/blog\/#\/schema\/person\/37def232098a7a5cbab3974a3690abb0","name":"Maxime Cazenave","image":{"@type":"ImageObject","inLanguage":"fr-FR","@id":"https:\/\/dicodusport.fr\/blog\/#\/schema\/person\/image\/","url":"https:\/\/dicodusport.fr\/blog\/wp-content\/uploads\/2021\/05\/Maxime-Cazenave-150x150.jpg","contentUrl":"https:\/\/dicodusport.fr\/blog\/wp-content\/uploads\/2021\/05\/Maxime-Cazenave-150x150.jpg","caption":"Maxime Cazenave"},"description":"Journaliste\/R\u00e9dacteur depuis 2012 - Berc\u00e9 par l\u2019amour des Girondins de Bordeaux, les \u00e9checs de Christophe Moreau sur le Tour de France sous l'\u00e8re Lance Armstrong et le fade-away l\u00e9tal de Dirk Nowitzki, ma passion d\u00e9vorante pour le sport a toujours \u00e9t\u00e9 un pan incontournable de ma vie. Transmettre ma passion \u00e0 l\u2019\u00e9crit a \u00e9t\u00e9 une transition naturelle. Suiveur assidu de basket et de hockey sur glace, je garde toujours un peu de place pour suivre le cyclisme, le football et le maximum de performances fran\u00e7aises.","sameAs":["https:\/\/x.com\/https:\/\/twitter.com\/Maxime_Caze"],"url":"https:\/\/dicodusport.fr\/blog\/author\/maximec\/"}]}},"_links":{"self":[{"href":"https:\/\/dicodusport.fr\/blog\/wp-json\/wp\/v2\/posts\/579034","targetHints":{"allow":["GET"]}}],"collection":[{"href":"https:\/\/dicodusport.fr\/blog\/wp-json\/wp\/v2\/posts"}],"about":[{"href":"https:\/\/dicodusport.fr\/blog\/wp-json\/wp\/v2\/types\/post"}],"author":[{"embeddable":true,"href":"https:\/\/dicodusport.fr\/blog\/wp-json\/wp\/v2\/users\/55"}],"replies":[{"embeddable":true,"href":"https:\/\/dicodusport.fr\/blog\/wp-json\/wp\/v2\/comments?post=579034"}],"version-history":[{"count":3,"href":"https:\/\/dicodusport.fr\/blog\/wp-json\/wp\/v2\/posts\/579034\/revisions"}],"predecessor-version":[{"id":579223,"href":"https:\/\/dicodusport.fr\/blog\/wp-json\/wp\/v2\/posts\/579034\/revisions\/579223"}],"wp:featuredmedia":[{"embeddable":true,"href":"https:\/\/dicodusport.fr\/blog\/wp-json\/wp\/v2\/media\/579038"}],"wp:attachment":[{"href":"https:\/\/dicodusport.fr\/blog\/wp-json\/wp\/v2\/media?parent=579034"}],"wp:term":[{"taxonomy":"category","embeddable":true,"href":"https:\/\/dicodusport.fr\/blog\/wp-json\/wp\/v2\/categories?post=579034"},{"taxonomy":"post_tag","embeddable":true,"href":"https:\/\/dicodusport.fr\/blog\/wp-json\/wp\/v2\/tags?post=579034"}],"curies":[{"name":"wp","href":"https:\/\/api.w.org\/{rel}","templated":true}]}}