{"id":579085,"date":"2025-05-15T16:27:23","date_gmt":"2025-05-15T14:27:23","guid":{"rendered":"https:\/\/dicodusport.fr\/blog\/?p=579085&#038;preview=true&#038;preview_id=579085"},"modified":"2025-05-15T16:48:52","modified_gmt":"2025-05-15T14:48:52","slug":"4-jours-de-dunkerque-2025-lewis-askey-sadjuge-la-deuxieme-etape","status":"publish","type":"post","link":"https:\/\/dicodusport.fr\/blog\/4-jours-de-dunkerque-2025-lewis-askey-sadjuge-la-deuxieme-etape\/","title":{"rendered":"4 Jours de Dunkerque 2025 : Lewis Askey s&rsquo;adjuge la deuxi\u00e8me \u00e9tape"},"content":{"rendered":"<h4 style=\"text-align: justify;\"><i>4 JOURS DE DUNKERQUE 2025 &#8211; Le vainqueur des Boucles de l&rsquo;Aulne Lewis Askey (Groupama &#8211; FDJ) a remport\u00e9, dans un sprint en mont\u00e9e \u00e0 Cr\u00e9py-en-Valois, la deuxi\u00e8me \u00e9tape des 4 Jours de Dunkerque, jeudi. <strong>Axel Zingle<\/strong> (Visma Lease a Bike) a conserv\u00e9 le maillot rose de leader du g\u00e9n\u00e9ral.\u00a0<\/i><\/h4>\n<ul style=\"text-align: justify;\">\n<li style=\"text-align: justify;\"><strong>\u00c0 ce sujet &#8211; <a href=\"https:\/\/dicodusport.fr\/blog\/4-jours-de-dunkerque-2025-engages-favoris-et-chaine-tv\/\">4 Jours de Dunkerque 2025 : Engag\u00e9s, Favoris et Cha\u00eene TV<\/a><\/strong><\/li>\n<\/ul>\n<p style=\"text-align: justify;\">La deuxi\u00e8me \u00e9tape a propos\u00e9 un terrain l\u00e9g\u00e8rement vallonn\u00e9 en direction de Cr\u00e9py-en-Valois avec les mont\u00e9es \u00e0 <strong>Pont-Saint-Mard<\/strong> (1600 m \u00e0 5,1 %), \u00e0 <strong>V\u00e9zaponin<\/strong> (1000 m \u00e0 5,5 %), \u00e0 <strong>C\u0153uvres-et-Valsery<\/strong> (1000 m \u00e0 6,2 %), \u00e0 <strong>Pondron<\/strong> (1300 m \u00e0 4,6 %) et \u00e0 <strong>Fresnoy-la-Rivi\u00e8re<\/strong> (1600 m \u00e0 4,4 %) dans la boucle finale de 25 kilom\u00e8tres.<\/p>\n<h2 style=\"text-align: justify;\">Courageuse \u00e9chapp\u00e9e<\/h2>\n<p style=\"text-align: justify;\">D&rsquo;abord, cinq coureurs ont anim\u00e9 une grande partie de l&rsquo;\u00e9tape : <strong>Nans Peters<\/strong> (Decathlon AG2r La Mondiale), <strong>Gorka Sorrarain<\/strong> (Caja Rural), <strong>Victor Papon<\/strong> (Philippe Wagner WB), <strong>Nicol\u00e0s Alustiza<\/strong> (Euskatel Euskadi) et <strong>Kenny Molly<\/strong> (Van Rysel Roubaix). Leur avance est mont\u00e9e jusqu&rsquo;\u00e0 3 minutes 20. Puis, l&rsquo;\u00e9quipe Israel Premier Tech a effectu\u00e9 le gros du travail pour diminuer l&rsquo;\u00e9cart des fuyards. Puis, des bordures ont eu lieu \u00e0 50 kilom\u00e8tres du terme alors que l&rsquo;\u00e9cart \u00e9tait descendu \u00e0 pr\u00e8s de 2 minutes. Mais, les bordures ont \u00e9t\u00e9 rapidement neutralis\u00e9es puisque le terrain n&rsquo;\u00e9tait plus propice \u00e0 ces mouvements de course.<\/p>\n<ul style=\"text-align: justify;\">\n<li><strong>\u00c0 ce sujet &#8211; <a href=\"https:\/\/dicodusport.fr\/blog\/2eme-etape-4-jours-de-dunkerque-2025-classement-et-resultats\/\">4 Jours de Dunkerque 2025 : Classement de la deuxi\u00e8me \u00e9tape<\/a><\/strong><\/li>\n<\/ul>\n<p style=\"text-align: justify;\">Par la suite, l&rsquo;\u00e9cart s&rsquo;est r\u00e9duit progressivement sous l&rsquo;impulsion des formations Visma Lease a Bike, Cofidis, Israel Premier Tech, INEOS Grenadiers et Groupama FDJ.\u00a0 <strong>Nans Peters<\/strong> (Decathlon AG2r La Mondiale), <strong>Gorka Sorrarain<\/strong> (Caja Rural), <strong>Victor Papon<\/strong> (Philippe Wagner WB), <strong>Nicol\u00e0s Alustiza<\/strong> (Euskatel Euskadi) et <strong>Kenny Molly<\/strong> (Van Rysel Roubaix) ont finalement \u00e9t\u00e9 repris \u00e0 6 kilom\u00e8tres du terme dans la c\u00f4te de <strong>Fresnoy-la-Rivi\u00e8re.\u00a0<\/strong><\/p>\n<h2 style=\"text-align: justify;\">La puissance de Lewis Askey<\/h2>\n<p style=\"text-align: justify;\">Enfin, le final a \u00e9t\u00e9 men\u00e9 \u00e0 vive allure avec des derniers kilom\u00e8tres en descente avant d&rsquo;atteindre un virage en \u00e9pingle pour entamer les 600 derniers m\u00e8tres en mont\u00e9e. L&rsquo;\u00e9quipe INEOS Grenadiers a parfaitement plac\u00e9 <strong>Samuel Watson<\/strong> (INEOS Grenadiers). Mais, <strong>Lewis Askey<\/strong> (Groupama FDJ) a appliqu\u00e9 le m\u00eame plan que lors de son succ\u00e8s sur les Boucles de l&rsquo;Aulne en portant une puissante attaque dans le passage \u00e0 6 % \u00e0 300 m\u00e8tres de la ligne d&rsquo;arriv\u00e9e.<\/p>\n<ul style=\"text-align: justify;\">\n<li><strong>\u00c0 ce sujet &#8211; <a href=\"https:\/\/dicodusport.fr\/blog\/classement-general-4-jours-de-dunkerque-2025\/\">4 Jours de Dunkerque 2025 : Classement g\u00e9n\u00e9ral<\/a><\/strong><\/li>\n<\/ul>\n<p style=\"text-align: justify;\">Finalement, malgr\u00e9 avoir d\u00e9chauss\u00e9 sur la ligne, le Britannique a sign\u00e9 sa deuxi\u00e8me victoire professionnelle en r\u00e9sistant au retour de <strong>Sakarias Loland<\/strong> (Uno-X Mobiliy) et <strong>Samuel Watson<\/strong>. Vainqueur de l&rsquo;\u00e9tape d&rsquo;hier, <strong>Axel Zingle<\/strong> (Visma Lease a Bike) a fini quatri\u00e8me. N\u00e9anmoins, il a conserv\u00e9 les commandes du g\u00e9n\u00e9ral.<\/p>\n<blockquote class=\"twitter-tweet\">\n<p dir=\"ltr\" lang=\"nl\">\ud83d\udeb4\ud83c\uddeb\ud83c\uddf7 | Behalve in Hongarije ook een sprint tijdens etappe 2 van de Vierdaagse van Duinkerke. De winst is voor Lewis Askey! \ud83d\ude4c\ud83c\uddec\ud83c\udde7<\/p>\n<p>\ud83d\udcfa Stream koers op HBO Max <a href=\"https:\/\/t.co\/ifCbJKP3W7\">pic.twitter.com\/ifCbJKP3W7<\/a><\/p>\n<p>\u2014 Eurosport Nederland (@Eurosport_NL) <a href=\"https:\/\/twitter.com\/Eurosport_NL\/status\/1923025708227362957?ref_src=twsrc%5Etfw\">May 15, 2025<\/a><\/p><\/blockquote>\n<p style=\"text-align: justify;\"><script async src=\"https:\/\/platform.twitter.com\/widgets.js\" charset=\"utf-8\"><\/script><\/p>\n","protected":false},"excerpt":{"rendered":"<p>4 JOURS DE DUNKERQUE 2025 &#8211; Lewis Askey a remport\u00e9 la deuxi\u00e8me \u00e9tape des 4 Jours de Dunkerque, jeudi.\u00a0<\/p>\n","protected":false},"author":48,"featured_media":579140,"comment_status":"open","ping_status":"closed","sticky":false,"template":"","format":"standard","meta":{"_acf_changed":false,"_daextam_enable_autolinks":"1","footnotes":""},"categories":[46994],"tags":[7865,16878],"class_list":["post-579085","post","type-post","status-publish","format-standard","has-post-thumbnail","hentry","category-cyclisme-sur-route","tag-4-jours-de-dunkerque","tag-breve"],"acf":[],"yoast_head":"<!-- This site is optimized with the Yoast SEO Premium plugin v26.7 (Yoast SEO v26.7) - https:\/\/yoast.com\/wordpress\/plugins\/seo\/ -->\n<title>4 Jours de Dunkerque 2025 : Lewis Askey s&#039;adjuge la deuxi\u00e8me \u00e9tape<\/title>\n<meta name=\"description\" content=\"4 JOURS DE DUNKERQUE 2025 - Lewis Askey (Groupama - FDJ) a remport\u00e9, dans un sprint en mont\u00e9e \u00e0 Cr\u00e9py-en-Valois, la deuxi\u00e8me \u00e9tape.\" \/>\n<meta name=\"robots\" content=\"index, follow, max-snippet:-1, max-image-preview:large, max-video-preview:-1\" \/>\n<link rel=\"canonical\" href=\"https:\/\/dicodusport.fr\/blog\/4-jours-de-dunkerque-2025-lewis-askey-sadjuge-la-deuxieme-etape\/\" \/>\n<meta property=\"og:locale\" content=\"fr_FR\" \/>\n<meta property=\"og:type\" content=\"article\" \/>\n<meta property=\"og:title\" content=\"4 Jours de Dunkerque 2025 : Lewis Askey s&#039;adjuge la deuxi\u00e8me \u00e9tape\" \/>\n<meta property=\"og:description\" content=\"4 JOURS DE DUNKERQUE 2025 - Lewis Askey (Groupama - FDJ) a remport\u00e9, dans un sprint en mont\u00e9e \u00e0 Cr\u00e9py-en-Valois, la deuxi\u00e8me \u00e9tape.\" \/>\n<meta property=\"og:url\" content=\"https:\/\/dicodusport.fr\/blog\/4-jours-de-dunkerque-2025-lewis-askey-sadjuge-la-deuxieme-etape\/\" \/>\n<meta property=\"og:site_name\" content=\"Dicodusport\" \/>\n<meta property=\"article:publisher\" content=\"https:\/\/www.facebook.com\/dicodusport\" \/>\n<meta property=\"article:author\" content=\"https:\/\/www.facebook.com\/groups\/LesRoisDuPeloton\" \/>\n<meta property=\"article:published_time\" content=\"2025-05-15T14:27:23+00:00\" \/>\n<meta property=\"article:modified_time\" content=\"2025-05-15T14:48:52+00:00\" \/>\n<meta property=\"og:image\" content=\"https:\/\/dicodusport.fr\/blog\/wp-content\/uploads\/2025\/05\/4-Jours-de-Dunkerque-2025-Lewis-Askey-sadjuge-la-deuxieme-etape.png\" \/>\n\t<meta property=\"og:image:width\" content=\"1200\" \/>\n\t<meta property=\"og:image:height\" content=\"674\" \/>\n\t<meta property=\"og:image:type\" content=\"image\/png\" \/>\n<meta name=\"author\" content=\"Emilien Descampiaux\" \/>\n<meta name=\"twitter:card\" content=\"summary_large_image\" \/>\n<meta name=\"twitter:title\" content=\"4 Jours de Dunkerque 2025 : Lewis Askey s&#039;adjuge la deuxi\u00e8me \u00e9tape\" \/>\n<meta name=\"twitter:creator\" content=\"@https:\/\/twitter.com\/LRoisDuPeloton\" \/>\n<meta name=\"twitter:site\" content=\"@dicodusport\" \/>\n<script type=\"application\/ld+json\" class=\"yoast-schema-graph\">{\"@context\":\"https:\/\/schema.org\",\"@graph\":[{\"@type\":\"NewsArticle\",\"@id\":\"https:\/\/dicodusport.fr\/blog\/4-jours-de-dunkerque-2025-lewis-askey-sadjuge-la-deuxieme-etape\/#article\",\"isPartOf\":{\"@id\":\"https:\/\/dicodusport.fr\/blog\/4-jours-de-dunkerque-2025-lewis-askey-sadjuge-la-deuxieme-etape\/\"},\"author\":{\"name\":\"Emilien Descampiaux\",\"@id\":\"https:\/\/dicodusport.fr\/blog\/#\/schema\/person\/6db4bae06b171592211be385b32876a7\"},\"headline\":\"4 Jours de Dunkerque 2025 : Lewis Askey s&rsquo;adjuge la deuxi\u00e8me \u00e9tape\",\"datePublished\":\"2025-05-15T14:27:23+00:00\",\"dateModified\":\"2025-05-15T14:48:52+00:00\",\"mainEntityOfPage\":{\"@id\":\"https:\/\/dicodusport.fr\/blog\/4-jours-de-dunkerque-2025-lewis-askey-sadjuge-la-deuxieme-etape\/\"},\"wordCount\":493,\"commentCount\":0,\"publisher\":{\"@id\":\"https:\/\/dicodusport.fr\/blog\/#organization\"},\"image\":{\"@id\":\"https:\/\/dicodusport.fr\/blog\/4-jours-de-dunkerque-2025-lewis-askey-sadjuge-la-deuxieme-etape\/#primaryimage\"},\"thumbnailUrl\":\"https:\/\/dicodusport.fr\/blog\/wp-content\/uploads\/2025\/05\/4-Jours-de-Dunkerque-2025-Lewis-Askey-sadjuge-la-deuxieme-etape.png\",\"keywords\":[\"4 Jours de Dunkerque\",\"br\u00e8ve\"],\"articleSection\":[\"Cyclisme sur route\"],\"inLanguage\":\"fr-FR\",\"potentialAction\":[{\"@type\":\"CommentAction\",\"name\":\"Comment\",\"target\":[\"https:\/\/dicodusport.fr\/blog\/4-jours-de-dunkerque-2025-lewis-askey-sadjuge-la-deuxieme-etape\/#respond\"]}],\"copyrightYear\":\"2025\",\"copyrightHolder\":{\"@id\":\"https:\/\/dicodusport.fr\/blog\/#organization\"}},{\"@type\":\"WebPage\",\"@id\":\"https:\/\/dicodusport.fr\/blog\/4-jours-de-dunkerque-2025-lewis-askey-sadjuge-la-deuxieme-etape\/\",\"url\":\"https:\/\/dicodusport.fr\/blog\/4-jours-de-dunkerque-2025-lewis-askey-sadjuge-la-deuxieme-etape\/\",\"name\":\"4 Jours de Dunkerque 2025 : Lewis Askey s'adjuge la deuxi\u00e8me \u00e9tape\",\"isPartOf\":{\"@id\":\"https:\/\/dicodusport.fr\/blog\/#website\"},\"primaryImageOfPage\":{\"@id\":\"https:\/\/dicodusport.fr\/blog\/4-jours-de-dunkerque-2025-lewis-askey-sadjuge-la-deuxieme-etape\/#primaryimage\"},\"image\":{\"@id\":\"https:\/\/dicodusport.fr\/blog\/4-jours-de-dunkerque-2025-lewis-askey-sadjuge-la-deuxieme-etape\/#primaryimage\"},\"thumbnailUrl\":\"https:\/\/dicodusport.fr\/blog\/wp-content\/uploads\/2025\/05\/4-Jours-de-Dunkerque-2025-Lewis-Askey-sadjuge-la-deuxieme-etape.png\",\"datePublished\":\"2025-05-15T14:27:23+00:00\",\"dateModified\":\"2025-05-15T14:48:52+00:00\",\"description\":\"4 JOURS DE DUNKERQUE 2025 - Lewis Askey (Groupama - FDJ) a remport\u00e9, dans un sprint en mont\u00e9e \u00e0 Cr\u00e9py-en-Valois, la deuxi\u00e8me \u00e9tape.\",\"breadcrumb\":{\"@id\":\"https:\/\/dicodusport.fr\/blog\/4-jours-de-dunkerque-2025-lewis-askey-sadjuge-la-deuxieme-etape\/#breadcrumb\"},\"inLanguage\":\"fr-FR\",\"potentialAction\":[{\"@type\":\"ReadAction\",\"target\":[\"https:\/\/dicodusport.fr\/blog\/4-jours-de-dunkerque-2025-lewis-askey-sadjuge-la-deuxieme-etape\/\"]}]},{\"@type\":\"ImageObject\",\"inLanguage\":\"fr-FR\",\"@id\":\"https:\/\/dicodusport.fr\/blog\/4-jours-de-dunkerque-2025-lewis-askey-sadjuge-la-deuxieme-etape\/#primaryimage\",\"url\":\"https:\/\/dicodusport.fr\/blog\/wp-content\/uploads\/2025\/05\/4-Jours-de-Dunkerque-2025-Lewis-Askey-sadjuge-la-deuxieme-etape.png\",\"contentUrl\":\"https:\/\/dicodusport.fr\/blog\/wp-content\/uploads\/2025\/05\/4-Jours-de-Dunkerque-2025-Lewis-Askey-sadjuge-la-deuxieme-etape.png\",\"width\":1200,\"height\":674,\"caption\":\"4 Jours de Dunkerque 2025 Lewis Askey s'adjuge la deuxi\u00e8me \u00e9tape\"},{\"@type\":\"BreadcrumbList\",\"@id\":\"https:\/\/dicodusport.fr\/blog\/4-jours-de-dunkerque-2025-lewis-askey-sadjuge-la-deuxieme-etape\/#breadcrumb\",\"itemListElement\":[{\"@type\":\"ListItem\",\"position\":1,\"name\":\"Accueil\",\"item\":\"https:\/\/dicodusport.fr\/blog\/\"},{\"@type\":\"ListItem\",\"position\":2,\"name\":\"4 Jours de Dunkerque 2025 : Lewis Askey s&rsquo;adjuge la deuxi\u00e8me \u00e9tape\"}]},{\"@type\":\"WebSite\",\"@id\":\"https:\/\/dicodusport.fr\/blog\/#website\",\"url\":\"https:\/\/dicodusport.fr\/blog\/\",\"name\":\"Dicodusport\",\"description\":\"L&#039;encyclop\u00e9die de l&#039;actualit\u00e9 sportive\",\"publisher\":{\"@id\":\"https:\/\/dicodusport.fr\/blog\/#organization\"},\"potentialAction\":[{\"@type\":\"SearchAction\",\"target\":{\"@type\":\"EntryPoint\",\"urlTemplate\":\"https:\/\/dicodusport.fr\/blog\/?s={search_term_string}\"},\"query-input\":{\"@type\":\"PropertyValueSpecification\",\"valueRequired\":true,\"valueName\":\"search_term_string\"}}],\"inLanguage\":\"fr-FR\"},{\"@type\":\"NewsMediaOrganization\",\"@id\":\"https:\/\/dicodusport.fr\/blog\/#organization\",\"name\":\"Dicodusport\",\"url\":\"https:\/\/dicodusport.fr\/blog\/\",\"logo\":{\"@type\":\"ImageObject\",\"inLanguage\":\"fr-FR\",\"@id\":\"https:\/\/dicodusport.fr\/blog\/#\/schema\/logo\/image\/\",\"url\":\"https:\/\/dicodusport.fr\/blog\/wp-content\/uploads\/2020\/06\/cropped-LOGO-DICODUSPORT-2020-SANS-FOND-SANS-TEXTE.png\",\"contentUrl\":\"https:\/\/dicodusport.fr\/blog\/wp-content\/uploads\/2020\/06\/cropped-LOGO-DICODUSPORT-2020-SANS-FOND-SANS-TEXTE.png\",\"width\":512,\"height\":512,\"caption\":\"Dicodusport\"},\"image\":{\"@id\":\"https:\/\/dicodusport.fr\/blog\/#\/schema\/logo\/image\/\"},\"sameAs\":[\"https:\/\/www.facebook.com\/dicodusport\",\"https:\/\/x.com\/dicodusport\",\"https:\/\/www.instagram.com\/dicodusport\/\",\"https:\/\/www.youtube.com\/channel\/UC7V2KZ5sd3htJivAbA4ZG3w\"],\"description\":\"Dicodusport est l'encyclop\u00e9die de l'actualit\u00e9 sportive.\",\"email\":\"bonjour@dicodusport.fr\",\"legalName\":\"DICODUSPORT\",\"foundingDate\":\"2018-01-14\",\"vatID\":\"FR71834470973\",\"taxID\":\"83447097300043\",\"numberOfEmployees\":{\"@type\":\"QuantitativeValue\",\"minValue\":\"1\",\"maxValue\":\"10\"}},{\"@type\":\"Person\",\"@id\":\"https:\/\/dicodusport.fr\/blog\/#\/schema\/person\/6db4bae06b171592211be385b32876a7\",\"name\":\"Emilien Descampiaux\",\"image\":{\"@type\":\"ImageObject\",\"inLanguage\":\"fr-FR\",\"@id\":\"https:\/\/dicodusport.fr\/blog\/#\/schema\/person\/image\/\",\"url\":\"https:\/\/dicodusport.fr\/blog\/wp-content\/uploads\/2021\/05\/Emilien-Descampiaux-150x150.jpg\",\"contentUrl\":\"https:\/\/dicodusport.fr\/blog\/wp-content\/uploads\/2021\/05\/Emilien-Descampiaux-150x150.jpg\",\"caption\":\"Emilien Descampiaux\"},\"description\":\"Journaliste\/r\u00e9dacteur depuis 2014 - Fan de la classe de Frank Vandenbroucke, je vis cyclisme (et de ses paysages) depuis plus de 20 ans. Je suis tr\u00e8s impliqu\u00e9 sur mes diff\u00e9rents r\u00e9seaux sociaux pour partager ma passion sur le monde et l'Histoire de la bicyclette avec ma voix sur les images en noir et blanc du succ\u00e8s de Rik Van Steenbergen lors du Ronde sur le V\u00e9lodrome de Gand.\",\"sameAs\":[\"https:\/\/www.facebook.com\/groups\/LesRoisDuPeloton\",\"https:\/\/x.com\/https:\/\/twitter.com\/LRoisDuPeloton\"],\"url\":\"https:\/\/dicodusport.fr\/blog\/author\/emiliend\/\"}]}<\/script>\n<!-- \/ Yoast SEO Premium plugin. -->","yoast_head_json":{"title":"4 Jours de Dunkerque 2025 : Lewis Askey s'adjuge la deuxi\u00e8me \u00e9tape","description":"4 JOURS DE DUNKERQUE 2025 - Lewis Askey (Groupama - FDJ) a remport\u00e9, dans un sprint en mont\u00e9e \u00e0 Cr\u00e9py-en-Valois, la deuxi\u00e8me \u00e9tape.","robots":{"index":"index","follow":"follow","max-snippet":"max-snippet:-1","max-image-preview":"max-image-preview:large","max-video-preview":"max-video-preview:-1"},"canonical":"https:\/\/dicodusport.fr\/blog\/4-jours-de-dunkerque-2025-lewis-askey-sadjuge-la-deuxieme-etape\/","og_locale":"fr_FR","og_type":"article","og_title":"4 Jours de Dunkerque 2025 : Lewis Askey s'adjuge la deuxi\u00e8me \u00e9tape","og_description":"4 JOURS DE DUNKERQUE 2025 - Lewis Askey (Groupama - FDJ) a remport\u00e9, dans un sprint en mont\u00e9e \u00e0 Cr\u00e9py-en-Valois, la deuxi\u00e8me \u00e9tape.","og_url":"https:\/\/dicodusport.fr\/blog\/4-jours-de-dunkerque-2025-lewis-askey-sadjuge-la-deuxieme-etape\/","og_site_name":"Dicodusport","article_publisher":"https:\/\/www.facebook.com\/dicodusport","article_author":"https:\/\/www.facebook.com\/groups\/LesRoisDuPeloton","article_published_time":"2025-05-15T14:27:23+00:00","article_modified_time":"2025-05-15T14:48:52+00:00","og_image":[{"width":1200,"height":674,"url":"https:\/\/dicodusport.fr\/blog\/wp-content\/uploads\/2025\/05\/4-Jours-de-Dunkerque-2025-Lewis-Askey-sadjuge-la-deuxieme-etape.png","type":"image\/png"}],"author":"Emilien Descampiaux","twitter_card":"summary_large_image","twitter_title":"4 Jours de Dunkerque 2025 : Lewis Askey s'adjuge la deuxi\u00e8me \u00e9tape","twitter_creator":"@https:\/\/twitter.com\/LRoisDuPeloton","twitter_site":"@dicodusport","schema":{"@context":"https:\/\/schema.org","@graph":[{"@type":"NewsArticle","@id":"https:\/\/dicodusport.fr\/blog\/4-jours-de-dunkerque-2025-lewis-askey-sadjuge-la-deuxieme-etape\/#article","isPartOf":{"@id":"https:\/\/dicodusport.fr\/blog\/4-jours-de-dunkerque-2025-lewis-askey-sadjuge-la-deuxieme-etape\/"},"author":{"name":"Emilien Descampiaux","@id":"https:\/\/dicodusport.fr\/blog\/#\/schema\/person\/6db4bae06b171592211be385b32876a7"},"headline":"4 Jours de Dunkerque 2025 : Lewis Askey s&rsquo;adjuge la deuxi\u00e8me \u00e9tape","datePublished":"2025-05-15T14:27:23+00:00","dateModified":"2025-05-15T14:48:52+00:00","mainEntityOfPage":{"@id":"https:\/\/dicodusport.fr\/blog\/4-jours-de-dunkerque-2025-lewis-askey-sadjuge-la-deuxieme-etape\/"},"wordCount":493,"commentCount":0,"publisher":{"@id":"https:\/\/dicodusport.fr\/blog\/#organization"},"image":{"@id":"https:\/\/dicodusport.fr\/blog\/4-jours-de-dunkerque-2025-lewis-askey-sadjuge-la-deuxieme-etape\/#primaryimage"},"thumbnailUrl":"https:\/\/dicodusport.fr\/blog\/wp-content\/uploads\/2025\/05\/4-Jours-de-Dunkerque-2025-Lewis-Askey-sadjuge-la-deuxieme-etape.png","keywords":["4 Jours de Dunkerque","br\u00e8ve"],"articleSection":["Cyclisme sur route"],"inLanguage":"fr-FR","potentialAction":[{"@type":"CommentAction","name":"Comment","target":["https:\/\/dicodusport.fr\/blog\/4-jours-de-dunkerque-2025-lewis-askey-sadjuge-la-deuxieme-etape\/#respond"]}],"copyrightYear":"2025","copyrightHolder":{"@id":"https:\/\/dicodusport.fr\/blog\/#organization"}},{"@type":"WebPage","@id":"https:\/\/dicodusport.fr\/blog\/4-jours-de-dunkerque-2025-lewis-askey-sadjuge-la-deuxieme-etape\/","url":"https:\/\/dicodusport.fr\/blog\/4-jours-de-dunkerque-2025-lewis-askey-sadjuge-la-deuxieme-etape\/","name":"4 Jours de Dunkerque 2025 : Lewis Askey s'adjuge la deuxi\u00e8me \u00e9tape","isPartOf":{"@id":"https:\/\/dicodusport.fr\/blog\/#website"},"primaryImageOfPage":{"@id":"https:\/\/dicodusport.fr\/blog\/4-jours-de-dunkerque-2025-lewis-askey-sadjuge-la-deuxieme-etape\/#primaryimage"},"image":{"@id":"https:\/\/dicodusport.fr\/blog\/4-jours-de-dunkerque-2025-lewis-askey-sadjuge-la-deuxieme-etape\/#primaryimage"},"thumbnailUrl":"https:\/\/dicodusport.fr\/blog\/wp-content\/uploads\/2025\/05\/4-Jours-de-Dunkerque-2025-Lewis-Askey-sadjuge-la-deuxieme-etape.png","datePublished":"2025-05-15T14:27:23+00:00","dateModified":"2025-05-15T14:48:52+00:00","description":"4 JOURS DE DUNKERQUE 2025 - Lewis Askey (Groupama - FDJ) a remport\u00e9, dans un sprint en mont\u00e9e \u00e0 Cr\u00e9py-en-Valois, la deuxi\u00e8me \u00e9tape.","breadcrumb":{"@id":"https:\/\/dicodusport.fr\/blog\/4-jours-de-dunkerque-2025-lewis-askey-sadjuge-la-deuxieme-etape\/#breadcrumb"},"inLanguage":"fr-FR","potentialAction":[{"@type":"ReadAction","target":["https:\/\/dicodusport.fr\/blog\/4-jours-de-dunkerque-2025-lewis-askey-sadjuge-la-deuxieme-etape\/"]}]},{"@type":"ImageObject","inLanguage":"fr-FR","@id":"https:\/\/dicodusport.fr\/blog\/4-jours-de-dunkerque-2025-lewis-askey-sadjuge-la-deuxieme-etape\/#primaryimage","url":"https:\/\/dicodusport.fr\/blog\/wp-content\/uploads\/2025\/05\/4-Jours-de-Dunkerque-2025-Lewis-Askey-sadjuge-la-deuxieme-etape.png","contentUrl":"https:\/\/dicodusport.fr\/blog\/wp-content\/uploads\/2025\/05\/4-Jours-de-Dunkerque-2025-Lewis-Askey-sadjuge-la-deuxieme-etape.png","width":1200,"height":674,"caption":"4 Jours de Dunkerque 2025 Lewis Askey s'adjuge la deuxi\u00e8me \u00e9tape"},{"@type":"BreadcrumbList","@id":"https:\/\/dicodusport.fr\/blog\/4-jours-de-dunkerque-2025-lewis-askey-sadjuge-la-deuxieme-etape\/#breadcrumb","itemListElement":[{"@type":"ListItem","position":1,"name":"Accueil","item":"https:\/\/dicodusport.fr\/blog\/"},{"@type":"ListItem","position":2,"name":"4 Jours de Dunkerque 2025 : Lewis Askey s&rsquo;adjuge la deuxi\u00e8me \u00e9tape"}]},{"@type":"WebSite","@id":"https:\/\/dicodusport.fr\/blog\/#website","url":"https:\/\/dicodusport.fr\/blog\/","name":"Dicodusport","description":"L&#039;encyclop\u00e9die de l&#039;actualit\u00e9 sportive","publisher":{"@id":"https:\/\/dicodusport.fr\/blog\/#organization"},"potentialAction":[{"@type":"SearchAction","target":{"@type":"EntryPoint","urlTemplate":"https:\/\/dicodusport.fr\/blog\/?s={search_term_string}"},"query-input":{"@type":"PropertyValueSpecification","valueRequired":true,"valueName":"search_term_string"}}],"inLanguage":"fr-FR"},{"@type":"NewsMediaOrganization","@id":"https:\/\/dicodusport.fr\/blog\/#organization","name":"Dicodusport","url":"https:\/\/dicodusport.fr\/blog\/","logo":{"@type":"ImageObject","inLanguage":"fr-FR","@id":"https:\/\/dicodusport.fr\/blog\/#\/schema\/logo\/image\/","url":"https:\/\/dicodusport.fr\/blog\/wp-content\/uploads\/2020\/06\/cropped-LOGO-DICODUSPORT-2020-SANS-FOND-SANS-TEXTE.png","contentUrl":"https:\/\/dicodusport.fr\/blog\/wp-content\/uploads\/2020\/06\/cropped-LOGO-DICODUSPORT-2020-SANS-FOND-SANS-TEXTE.png","width":512,"height":512,"caption":"Dicodusport"},"image":{"@id":"https:\/\/dicodusport.fr\/blog\/#\/schema\/logo\/image\/"},"sameAs":["https:\/\/www.facebook.com\/dicodusport","https:\/\/x.com\/dicodusport","https:\/\/www.instagram.com\/dicodusport\/","https:\/\/www.youtube.com\/channel\/UC7V2KZ5sd3htJivAbA4ZG3w"],"description":"Dicodusport est l'encyclop\u00e9die de l'actualit\u00e9 sportive.","email":"bonjour@dicodusport.fr","legalName":"DICODUSPORT","foundingDate":"2018-01-14","vatID":"FR71834470973","taxID":"83447097300043","numberOfEmployees":{"@type":"QuantitativeValue","minValue":"1","maxValue":"10"}},{"@type":"Person","@id":"https:\/\/dicodusport.fr\/blog\/#\/schema\/person\/6db4bae06b171592211be385b32876a7","name":"Emilien Descampiaux","image":{"@type":"ImageObject","inLanguage":"fr-FR","@id":"https:\/\/dicodusport.fr\/blog\/#\/schema\/person\/image\/","url":"https:\/\/dicodusport.fr\/blog\/wp-content\/uploads\/2021\/05\/Emilien-Descampiaux-150x150.jpg","contentUrl":"https:\/\/dicodusport.fr\/blog\/wp-content\/uploads\/2021\/05\/Emilien-Descampiaux-150x150.jpg","caption":"Emilien Descampiaux"},"description":"Journaliste\/r\u00e9dacteur depuis 2014 - Fan de la classe de Frank Vandenbroucke, je vis cyclisme (et de ses paysages) depuis plus de 20 ans. Je suis tr\u00e8s impliqu\u00e9 sur mes diff\u00e9rents r\u00e9seaux sociaux pour partager ma passion sur le monde et l'Histoire de la bicyclette avec ma voix sur les images en noir et blanc du succ\u00e8s de Rik Van Steenbergen lors du Ronde sur le V\u00e9lodrome de Gand.","sameAs":["https:\/\/www.facebook.com\/groups\/LesRoisDuPeloton","https:\/\/x.com\/https:\/\/twitter.com\/LRoisDuPeloton"],"url":"https:\/\/dicodusport.fr\/blog\/author\/emiliend\/"}]}},"_links":{"self":[{"href":"https:\/\/dicodusport.fr\/blog\/wp-json\/wp\/v2\/posts\/579085","targetHints":{"allow":["GET"]}}],"collection":[{"href":"https:\/\/dicodusport.fr\/blog\/wp-json\/wp\/v2\/posts"}],"about":[{"href":"https:\/\/dicodusport.fr\/blog\/wp-json\/wp\/v2\/types\/post"}],"author":[{"embeddable":true,"href":"https:\/\/dicodusport.fr\/blog\/wp-json\/wp\/v2\/users\/48"}],"replies":[{"embeddable":true,"href":"https:\/\/dicodusport.fr\/blog\/wp-json\/wp\/v2\/comments?post=579085"}],"version-history":[{"count":5,"href":"https:\/\/dicodusport.fr\/blog\/wp-json\/wp\/v2\/posts\/579085\/revisions"}],"predecessor-version":[{"id":579141,"href":"https:\/\/dicodusport.fr\/blog\/wp-json\/wp\/v2\/posts\/579085\/revisions\/579141"}],"wp:featuredmedia":[{"embeddable":true,"href":"https:\/\/dicodusport.fr\/blog\/wp-json\/wp\/v2\/media\/579140"}],"wp:attachment":[{"href":"https:\/\/dicodusport.fr\/blog\/wp-json\/wp\/v2\/media?parent=579085"}],"wp:term":[{"taxonomy":"category","embeddable":true,"href":"https:\/\/dicodusport.fr\/blog\/wp-json\/wp\/v2\/categories?post=579085"},{"taxonomy":"post_tag","embeddable":true,"href":"https:\/\/dicodusport.fr\/blog\/wp-json\/wp\/v2\/tags?post=579085"}],"curies":[{"name":"wp","href":"https:\/\/api.w.org\/{rel}","templated":true}]}}