{"id":579265,"date":"2025-05-16T10:44:46","date_gmt":"2025-05-16T08:44:46","guid":{"rendered":"https:\/\/dicodusport.fr\/blog\/?p=579265&#038;preview=true&#038;preview_id=579265"},"modified":"2025-05-16T10:44:46","modified_gmt":"2025-05-16T08:44:46","slug":"mercato-om-marseille-devrait-conserver-un-taulier-de-son-effectif","status":"publish","type":"post","link":"https:\/\/dicodusport.fr\/blog\/mercato-om-marseille-devrait-conserver-un-taulier-de-son-effectif\/","title":{"rendered":"Mercato OM : Marseille devrait conserver un taulier de son effectif"},"content":{"rendered":"<h4 style=\"text-align: justify;\"><em>TRANSFERTS MARSEILLE &#8211; Selon <a href=\"https:\/\/www.laprovence.com\/article\/om\/3136965369287714\/om-leonardo-balerdi-c-est-reparti-pour-un-tour\">La Provence<\/a>, Leonardo Balerdi, sauf offre mirobolante, ne quittera pas l&rsquo;OM \u00e0 l&rsquo;intersaison.\u00a0<\/em><\/h4>\n<p style=\"text-align: justify;\">La qualification directe en Ligue des Champions a \u00e9t\u00e9 valid\u00e9e samedi dernier pour l&rsquo;Olympique de Marseille. Le club olympien peut souffler, la saison se conclura demain soir par un match anecdotique contre Rennes, m\u00eame si la deuxi\u00e8me place est encore en jeu. Mais quoi qu&rsquo;il en soit, dans le sens des d\u00e9parts ou des arriv\u00e9es, l&rsquo;\u00e9t\u00e9 sera chaud sur la Canebi\u00e8re.<\/p>\n<div class=\"vlp-link-container vlp-layout-article\"><a href=\"https:\/\/dicodusport.fr\/blog\/transferts-om-marseille-a-de-nombreuses-pistes-pour-son-mercato-dete\/\" class=\"vlp-link\" title=\"Transferts OM : Marseille a de nombreuses pistes pour son mercato d\u2019\u00e9t\u00e9\"><\/a><div class=\"vlp-layout-zone-side\"><div class=\"vlp-block-4 vlp-link-image\"><img loading=\"lazy\" decoding=\"async\" style=\"max-width: 792px;\" width=\"792\" height=\"445\" src=\"https:\/\/dicodusport.fr\/blog\/wp-content\/uploads\/2025\/05\/Transferts-OM-Marseille-a-de-nombreuses-pistes-pour-son-mercato-dete.png\" class=\"attachment-800x445 size-800x445\" alt=\"Transferts OM Marseille a de nombreuses pistes pour son mercato d\u2019\u00e9t\u00e9\" srcset=\"https:\/\/dicodusport.fr\/blog\/wp-content\/uploads\/2025\/05\/Transferts-OM-Marseille-a-de-nombreuses-pistes-pour-son-mercato-dete.png 1200w, https:\/\/dicodusport.fr\/blog\/wp-content\/uploads\/2025\/05\/Transferts-OM-Marseille-a-de-nombreuses-pistes-pour-son-mercato-dete-300x169.png 300w, https:\/\/dicodusport.fr\/blog\/wp-content\/uploads\/2025\/05\/Transferts-OM-Marseille-a-de-nombreuses-pistes-pour-son-mercato-dete-1024x575.png 1024w, https:\/\/dicodusport.fr\/blog\/wp-content\/uploads\/2025\/05\/Transferts-OM-Marseille-a-de-nombreuses-pistes-pour-son-mercato-dete-768x431.png 768w\" sizes=\"auto, (max-width: 792px) 100vw, 792px\" \/><\/div><\/div><div class=\"vlp-layout-zone-main\"><div class=\"vlp-block-0 vlp-link-title\">Transferts OM : Marseille a de nombreuses pistes pour son mercato d\u2019\u00e9t\u00e9<\/div><div class=\"vlp-block-1 vlp-link-summary\">L\u2019\u00e9t\u00e9 sera chaud sur la Canebi\u00e8re. Les dirigeants marseillais ont d\u00e9j\u00e0 point\u00e9 plusieurs noms pour le mercato estival. Et ce alors que plusieurs joueurs de l\u2019effectif devraient quitter l\u2019OM.<\/div><div class=\"vlp-block-2 vlp-link-button\">Lire l'article<\/div><div class=\"vlp-block-3 vlp-link-url\">dicodusport.fr<\/div><\/div><\/div>\n<h2 style=\"text-align: justify;\">Balerdi, valeur s\u00fbre<\/h2>\n<p style=\"text-align: justify;\">N\u00e9anmoins, le but d&rsquo;une \u00e9quipe de haut de tableau est d&rsquo;abord de conserver ses meilleurs \u00e9l\u00e9ments. Si on ne sait pas encore quel sort sera r\u00e9serv\u00e9 \u00e0 certains cadres comme <strong>Adrien Rabiot<\/strong>, en ce qui concerne <strong>Leonardo Balerdi<\/strong>, les d\u00e9s semblent jet\u00e9s. La Provence indique que le d\u00e9fenseur central ne quittera pas l&rsquo;OM cet \u00e9t\u00e9, sauf si une offre incroyable arrivait dans les bureaux de la direction. La plus grosse vente de l&rsquo;histoire de Marseille \u00e9tant toujours <strong>Michy Batshuayi<\/strong> (39 Millions d&rsquo;euros), on n&rsquo;imagine pas l&rsquo;OM r\u00e9fl\u00e9chir \u00e0 un d\u00e9part pour moins.<\/p>\n<p style=\"text-align: justify;\">\u00c0 26 ans, <strong>Leonardo Balerdi<\/strong> va terminer sa cinqui\u00e8me saison au sein du club marseillais. Largement critiqu\u00e9 \u00e0 ses d\u00e9buts, il est devenu totalement inamovible cette saison. Au point de r\u00e9cup\u00e9rer le brassard de capitaine, et de devenir le roc d\u00e9fensif esp\u00e9r\u00e9 depuis son arriv\u00e9e en 2020. Probablement un joli coup pour Marseille, puisque l&rsquo;Argentin pourrait former une charni\u00e8re d\u00e9fensive de tr\u00e8s haut niveau avec Aymeric Laporte, pist\u00e9 de longue date par l&rsquo;OM. Ce qui serait extr\u00eamement rassurant en vue de la Ligue des Champions.<\/p>\n<h2 style=\"text-align: justify;\">\u00c0 ce sujet<\/h2>\n<div class=\"vlp-link-container vlp-layout-article\"><a href=\"https:\/\/dicodusport.fr\/blog\/transferts-om-aymeric-laporte-tout-proche-de-signer-a-marseille\/\" class=\"vlp-link\" title=\"Transferts OM : Aymeric Laporte tout proche de signer \u00e0 Marseille\"><\/a><div class=\"vlp-layout-zone-side\"><div class=\"vlp-block-4 vlp-link-image\"><img loading=\"lazy\" decoding=\"async\" style=\"max-width: 792px;\" width=\"792\" height=\"445\" src=\"https:\/\/dicodusport.fr\/blog\/wp-content\/uploads\/2025\/05\/Transferts-OM-Aymeric-Laporte-tout-proche-de-signer-a-Marseille.png\" class=\"attachment-800x445 size-800x445\" alt=\"Transferts OM Aymeric Laporte tout proche de signer \u00e0 Marseille\" srcset=\"https:\/\/dicodusport.fr\/blog\/wp-content\/uploads\/2025\/05\/Transferts-OM-Aymeric-Laporte-tout-proche-de-signer-a-Marseille.png 1200w, https:\/\/dicodusport.fr\/blog\/wp-content\/uploads\/2025\/05\/Transferts-OM-Aymeric-Laporte-tout-proche-de-signer-a-Marseille-300x169.png 300w, https:\/\/dicodusport.fr\/blog\/wp-content\/uploads\/2025\/05\/Transferts-OM-Aymeric-Laporte-tout-proche-de-signer-a-Marseille-1024x575.png 1024w, https:\/\/dicodusport.fr\/blog\/wp-content\/uploads\/2025\/05\/Transferts-OM-Aymeric-Laporte-tout-proche-de-signer-a-Marseille-768x431.png 768w\" sizes=\"auto, (max-width: 792px) 100vw, 792px\" \/><\/div><\/div><div class=\"vlp-layout-zone-main\"><div class=\"vlp-block-0 vlp-link-title\">Transferts OM : Aymeric Laporte tout proche de signer \u00e0 Marseille<\/div><div class=\"vlp-block-1 vlp-link-summary\">TRANSFERTS MARSEILLE - Selon La Provence, Marseille pourrait bien s'offrir les services d'Aymeric Laporte, mais seulement en cas de qualification en Ligue des Champions.\u00a0<\/div><div class=\"vlp-block-2 vlp-link-button\">Lire l'article<\/div><div class=\"vlp-block-3 vlp-link-url\">dicodusport.fr<\/div><\/div><\/div>\n","protected":false},"excerpt":{"rendered":"<p>TRANSFERTS MARSEILLE &#8211; Selon La Provence, Leonardo Balerdi, sauf offre mirobolante, ne quittera pas l&rsquo;OM \u00e0 l&rsquo;intersaison.\u00a0<\/p>\n","protected":false},"author":59,"featured_media":579267,"comment_status":"open","ping_status":"closed","sticky":false,"template":"","format":"standard","meta":{"_acf_changed":false,"_daextam_enable_autolinks":"1","footnotes":""},"categories":[2301],"tags":[16878,74,75,41344,1889,2832],"class_list":["post-579265","post","type-post","status-publish","format-standard","has-post-thumbnail","hentry","category-football","tag-breve","tag-foot","tag-football","tag-mercatom","tag-om","tag-transferts"],"acf":[],"yoast_head":"<!-- This site is optimized with the Yoast SEO Premium plugin v26.7 (Yoast SEO v26.7) - https:\/\/yoast.com\/wordpress\/plugins\/seo\/ -->\n<title>Mercato OM : Marseille devrait conserver un taulier de son effectif<\/title>\n<meta name=\"description\" content=\"TRANSFERTS MARSEILLE - Selon La Provence, Leonardo Balerdi, sauf offre mirobolante, ne quittera pas l&#039;OM \u00e0 l&#039;intersaison.\u00a0\" \/>\n<meta name=\"robots\" content=\"index, follow, max-snippet:-1, max-image-preview:large, max-video-preview:-1\" \/>\n<link rel=\"canonical\" href=\"https:\/\/dicodusport.fr\/blog\/mercato-om-marseille-devrait-conserver-un-taulier-de-son-effectif\/\" \/>\n<meta property=\"og:locale\" content=\"fr_FR\" \/>\n<meta property=\"og:type\" content=\"article\" \/>\n<meta property=\"og:title\" content=\"OM : Leonardo Balerdi intransf\u00e9rable ? La d\u00e9cision est tomb\u00e9e\" \/>\n<meta property=\"og:description\" content=\"Pour avoir une chance de recruter Leonardo Balerdi, il faudra sans doute faire une offre irrefusable \u00e0 l&#039;Olympique de Marseille, qui veut conserver son capitaine.\" \/>\n<meta property=\"og:url\" content=\"https:\/\/dicodusport.fr\/blog\/mercato-om-marseille-devrait-conserver-un-taulier-de-son-effectif\/\" \/>\n<meta property=\"og:site_name\" content=\"Dicodusport\" \/>\n<meta property=\"article:publisher\" content=\"https:\/\/www.facebook.com\/dicodusport\" \/>\n<meta property=\"article:author\" content=\"https:\/\/www.facebook.com\/sebastien.gente\/\" \/>\n<meta property=\"article:published_time\" content=\"2025-05-16T08:44:46+00:00\" \/>\n<meta property=\"og:image\" content=\"https:\/\/dicodusport.fr\/blog\/wp-content\/uploads\/2025\/05\/Mercato-OM-Marseille-devrait-conserver-un-taulier-de-son-effectif.png\" \/>\n\t<meta property=\"og:image:width\" content=\"1200\" \/>\n\t<meta property=\"og:image:height\" content=\"674\" \/>\n\t<meta property=\"og:image:type\" content=\"image\/png\" \/>\n<meta name=\"author\" content=\"S\u00e9bastien Gente\" \/>\n<meta name=\"twitter:card\" content=\"summary_large_image\" \/>\n<meta name=\"twitter:title\" content=\"OM : Leonardo Balerdi intransf\u00e9rable ? La d\u00e9cision est tomb\u00e9e\" \/>\n<meta name=\"twitter:description\" content=\"Pour avoir une chance de recruter Leonardo Balerdi, il faudra sans doute faire une offre irrefusable \u00e0 l&#039;Olympique de Marseille, qui veut conserver son capitaine.\" \/>\n<meta name=\"twitter:creator\" content=\"@https:\/\/twitter.com\/globulo24\" \/>\n<meta name=\"twitter:site\" content=\"@dicodusport\" \/>\n<script type=\"application\/ld+json\" class=\"yoast-schema-graph\">{\"@context\":\"https:\/\/schema.org\",\"@graph\":[{\"@type\":\"NewsArticle\",\"@id\":\"https:\/\/dicodusport.fr\/blog\/mercato-om-marseille-devrait-conserver-un-taulier-de-son-effectif\/#article\",\"isPartOf\":{\"@id\":\"https:\/\/dicodusport.fr\/blog\/mercato-om-marseille-devrait-conserver-un-taulier-de-son-effectif\/\"},\"author\":{\"name\":\"S\u00e9bastien Gente\",\"@id\":\"https:\/\/dicodusport.fr\/blog\/#\/schema\/person\/627966a6cde45dbd8c5e36ac85d783da\"},\"headline\":\"Mercato OM : Marseille devrait conserver un taulier de son effectif\",\"datePublished\":\"2025-05-16T08:44:46+00:00\",\"mainEntityOfPage\":{\"@id\":\"https:\/\/dicodusport.fr\/blog\/mercato-om-marseille-devrait-conserver-un-taulier-de-son-effectif\/\"},\"wordCount\":466,\"commentCount\":0,\"publisher\":{\"@id\":\"https:\/\/dicodusport.fr\/blog\/#organization\"},\"image\":{\"@id\":\"https:\/\/dicodusport.fr\/blog\/mercato-om-marseille-devrait-conserver-un-taulier-de-son-effectif\/#primaryimage\"},\"thumbnailUrl\":\"https:\/\/dicodusport.fr\/blog\/wp-content\/uploads\/2025\/05\/Mercato-OM-Marseille-devrait-conserver-un-taulier-de-son-effectif.png\",\"keywords\":[\"br\u00e8ve\",\"foot\",\"Football\",\"MercatOM\",\"OM\",\"transferts\"],\"articleSection\":[\"Football\"],\"inLanguage\":\"fr-FR\",\"potentialAction\":[{\"@type\":\"CommentAction\",\"name\":\"Comment\",\"target\":[\"https:\/\/dicodusport.fr\/blog\/mercato-om-marseille-devrait-conserver-un-taulier-de-son-effectif\/#respond\"]}],\"copyrightYear\":\"2025\",\"copyrightHolder\":{\"@id\":\"https:\/\/dicodusport.fr\/blog\/#organization\"}},{\"@type\":\"WebPage\",\"@id\":\"https:\/\/dicodusport.fr\/blog\/mercato-om-marseille-devrait-conserver-un-taulier-de-son-effectif\/\",\"url\":\"https:\/\/dicodusport.fr\/blog\/mercato-om-marseille-devrait-conserver-un-taulier-de-son-effectif\/\",\"name\":\"Mercato OM : Marseille devrait conserver un taulier de son effectif\",\"isPartOf\":{\"@id\":\"https:\/\/dicodusport.fr\/blog\/#website\"},\"primaryImageOfPage\":{\"@id\":\"https:\/\/dicodusport.fr\/blog\/mercato-om-marseille-devrait-conserver-un-taulier-de-son-effectif\/#primaryimage\"},\"image\":{\"@id\":\"https:\/\/dicodusport.fr\/blog\/mercato-om-marseille-devrait-conserver-un-taulier-de-son-effectif\/#primaryimage\"},\"thumbnailUrl\":\"https:\/\/dicodusport.fr\/blog\/wp-content\/uploads\/2025\/05\/Mercato-OM-Marseille-devrait-conserver-un-taulier-de-son-effectif.png\",\"datePublished\":\"2025-05-16T08:44:46+00:00\",\"description\":\"TRANSFERTS MARSEILLE - Selon La Provence, Leonardo Balerdi, sauf offre mirobolante, ne quittera pas l'OM \u00e0 l'intersaison.\u00a0\",\"breadcrumb\":{\"@id\":\"https:\/\/dicodusport.fr\/blog\/mercato-om-marseille-devrait-conserver-un-taulier-de-son-effectif\/#breadcrumb\"},\"inLanguage\":\"fr-FR\",\"potentialAction\":[{\"@type\":\"ReadAction\",\"target\":[\"https:\/\/dicodusport.fr\/blog\/mercato-om-marseille-devrait-conserver-un-taulier-de-son-effectif\/\"]}]},{\"@type\":\"ImageObject\",\"inLanguage\":\"fr-FR\",\"@id\":\"https:\/\/dicodusport.fr\/blog\/mercato-om-marseille-devrait-conserver-un-taulier-de-son-effectif\/#primaryimage\",\"url\":\"https:\/\/dicodusport.fr\/blog\/wp-content\/uploads\/2025\/05\/Mercato-OM-Marseille-devrait-conserver-un-taulier-de-son-effectif.png\",\"contentUrl\":\"https:\/\/dicodusport.fr\/blog\/wp-content\/uploads\/2025\/05\/Mercato-OM-Marseille-devrait-conserver-un-taulier-de-son-effectif.png\",\"width\":1200,\"height\":674,\"caption\":\"Mercato OM Marseille devrait conserver un taulier de son effectif\"},{\"@type\":\"BreadcrumbList\",\"@id\":\"https:\/\/dicodusport.fr\/blog\/mercato-om-marseille-devrait-conserver-un-taulier-de-son-effectif\/#breadcrumb\",\"itemListElement\":[{\"@type\":\"ListItem\",\"position\":1,\"name\":\"Accueil\",\"item\":\"https:\/\/dicodusport.fr\/blog\/\"},{\"@type\":\"ListItem\",\"position\":2,\"name\":\"Mercato OM : Marseille devrait conserver un taulier de son effectif\"}]},{\"@type\":\"WebSite\",\"@id\":\"https:\/\/dicodusport.fr\/blog\/#website\",\"url\":\"https:\/\/dicodusport.fr\/blog\/\",\"name\":\"Dicodusport\",\"description\":\"L&#039;encyclop\u00e9die de l&#039;actualit\u00e9 sportive\",\"publisher\":{\"@id\":\"https:\/\/dicodusport.fr\/blog\/#organization\"},\"potentialAction\":[{\"@type\":\"SearchAction\",\"target\":{\"@type\":\"EntryPoint\",\"urlTemplate\":\"https:\/\/dicodusport.fr\/blog\/?s={search_term_string}\"},\"query-input\":{\"@type\":\"PropertyValueSpecification\",\"valueRequired\":true,\"valueName\":\"search_term_string\"}}],\"inLanguage\":\"fr-FR\"},{\"@type\":\"NewsMediaOrganization\",\"@id\":\"https:\/\/dicodusport.fr\/blog\/#organization\",\"name\":\"Dicodusport\",\"url\":\"https:\/\/dicodusport.fr\/blog\/\",\"logo\":{\"@type\":\"ImageObject\",\"inLanguage\":\"fr-FR\",\"@id\":\"https:\/\/dicodusport.fr\/blog\/#\/schema\/logo\/image\/\",\"url\":\"https:\/\/dicodusport.fr\/blog\/wp-content\/uploads\/2020\/06\/cropped-LOGO-DICODUSPORT-2020-SANS-FOND-SANS-TEXTE.png\",\"contentUrl\":\"https:\/\/dicodusport.fr\/blog\/wp-content\/uploads\/2020\/06\/cropped-LOGO-DICODUSPORT-2020-SANS-FOND-SANS-TEXTE.png\",\"width\":512,\"height\":512,\"caption\":\"Dicodusport\"},\"image\":{\"@id\":\"https:\/\/dicodusport.fr\/blog\/#\/schema\/logo\/image\/\"},\"sameAs\":[\"https:\/\/www.facebook.com\/dicodusport\",\"https:\/\/x.com\/dicodusport\",\"https:\/\/www.instagram.com\/dicodusport\/\",\"https:\/\/www.youtube.com\/channel\/UC7V2KZ5sd3htJivAbA4ZG3w\"],\"description\":\"Dicodusport est l'encyclop\u00e9die de l'actualit\u00e9 sportive.\",\"email\":\"bonjour@dicodusport.fr\",\"legalName\":\"DICODUSPORT\",\"foundingDate\":\"2018-01-14\",\"vatID\":\"FR71834470973\",\"taxID\":\"83447097300043\",\"numberOfEmployees\":{\"@type\":\"QuantitativeValue\",\"minValue\":\"1\",\"maxValue\":\"10\"}},{\"@type\":\"Person\",\"@id\":\"https:\/\/dicodusport.fr\/blog\/#\/schema\/person\/627966a6cde45dbd8c5e36ac85d783da\",\"name\":\"S\u00e9bastien Gente\",\"image\":{\"@type\":\"ImageObject\",\"inLanguage\":\"fr-FR\",\"@id\":\"https:\/\/dicodusport.fr\/blog\/#\/schema\/person\/image\/\",\"url\":\"https:\/\/dicodusport.fr\/blog\/wp-content\/uploads\/2021\/09\/1510990_10205810251400683_4124423575079401707_n-150x150.jpg\",\"contentUrl\":\"https:\/\/dicodusport.fr\/blog\/wp-content\/uploads\/2021\/09\/1510990_10205810251400683_4124423575079401707_n-150x150.jpg\",\"caption\":\"S\u00e9bastien Gente\"},\"description\":\"John Stockton, Gianni Bugno, Zinedine Zidane, Steffi Graf, Frode Andresen, St\u00e9phane Stoecklin, Davis Kamoga, Primoz Peterka, Werner Schlager et Aur\u00e9lien Rougerie. Point commun entre ces sportifs? Ils m'ont fait r\u00eaver et ont berc\u00e9 mon adolescence. Je suis un fondu de sports et j'essaie de retranscrire ma passion \u00e0 travers mes articles. Originaire du P\u00e9rigord, ma passion pour les Girondins, les Jaunards et les Jazzmen transpire dans mes \u00e9crits. \u00c0 Dicodusport depuis 2021, je d\u00e9niche les sports m\u00e9connus dans lesquels la France brille, et il y en a !\",\"sameAs\":[\"https:\/\/www.facebook.com\/sebastien.gente\/\",\"https:\/\/www.instagram.com\/sebgente\/\",\"https:\/\/www.linkedin.com\/in\/sbastien-gente-a29583169\/\",\"https:\/\/x.com\/https:\/\/twitter.com\/globulo24\",\"SebastienGente\"],\"worksFor\":\"S\u00e9bastien GENTE\",\"url\":\"https:\/\/dicodusport.fr\/blog\/author\/sebastiengente\/\"}]}<\/script>\n<!-- \/ Yoast SEO Premium plugin. -->","yoast_head_json":{"title":"Mercato OM : Marseille devrait conserver un taulier de son effectif","description":"TRANSFERTS MARSEILLE - Selon La Provence, Leonardo Balerdi, sauf offre mirobolante, ne quittera pas l'OM \u00e0 l'intersaison.\u00a0","robots":{"index":"index","follow":"follow","max-snippet":"max-snippet:-1","max-image-preview":"max-image-preview:large","max-video-preview":"max-video-preview:-1"},"canonical":"https:\/\/dicodusport.fr\/blog\/mercato-om-marseille-devrait-conserver-un-taulier-de-son-effectif\/","og_locale":"fr_FR","og_type":"article","og_title":"OM : Leonardo Balerdi intransf\u00e9rable ? La d\u00e9cision est tomb\u00e9e","og_description":"Pour avoir une chance de recruter Leonardo Balerdi, il faudra sans doute faire une offre irrefusable \u00e0 l'Olympique de Marseille, qui veut conserver son capitaine.","og_url":"https:\/\/dicodusport.fr\/blog\/mercato-om-marseille-devrait-conserver-un-taulier-de-son-effectif\/","og_site_name":"Dicodusport","article_publisher":"https:\/\/www.facebook.com\/dicodusport","article_author":"https:\/\/www.facebook.com\/sebastien.gente\/","article_published_time":"2025-05-16T08:44:46+00:00","og_image":[{"width":1200,"height":674,"url":"https:\/\/dicodusport.fr\/blog\/wp-content\/uploads\/2025\/05\/Mercato-OM-Marseille-devrait-conserver-un-taulier-de-son-effectif.png","type":"image\/png"}],"author":"S\u00e9bastien Gente","twitter_card":"summary_large_image","twitter_title":"OM : Leonardo Balerdi intransf\u00e9rable ? La d\u00e9cision est tomb\u00e9e","twitter_description":"Pour avoir une chance de recruter Leonardo Balerdi, il faudra sans doute faire une offre irrefusable \u00e0 l'Olympique de Marseille, qui veut conserver son capitaine.","twitter_creator":"@https:\/\/twitter.com\/globulo24","twitter_site":"@dicodusport","schema":{"@context":"https:\/\/schema.org","@graph":[{"@type":"NewsArticle","@id":"https:\/\/dicodusport.fr\/blog\/mercato-om-marseille-devrait-conserver-un-taulier-de-son-effectif\/#article","isPartOf":{"@id":"https:\/\/dicodusport.fr\/blog\/mercato-om-marseille-devrait-conserver-un-taulier-de-son-effectif\/"},"author":{"name":"S\u00e9bastien Gente","@id":"https:\/\/dicodusport.fr\/blog\/#\/schema\/person\/627966a6cde45dbd8c5e36ac85d783da"},"headline":"Mercato OM : Marseille devrait conserver un taulier de son effectif","datePublished":"2025-05-16T08:44:46+00:00","mainEntityOfPage":{"@id":"https:\/\/dicodusport.fr\/blog\/mercato-om-marseille-devrait-conserver-un-taulier-de-son-effectif\/"},"wordCount":466,"commentCount":0,"publisher":{"@id":"https:\/\/dicodusport.fr\/blog\/#organization"},"image":{"@id":"https:\/\/dicodusport.fr\/blog\/mercato-om-marseille-devrait-conserver-un-taulier-de-son-effectif\/#primaryimage"},"thumbnailUrl":"https:\/\/dicodusport.fr\/blog\/wp-content\/uploads\/2025\/05\/Mercato-OM-Marseille-devrait-conserver-un-taulier-de-son-effectif.png","keywords":["br\u00e8ve","foot","Football","MercatOM","OM","transferts"],"articleSection":["Football"],"inLanguage":"fr-FR","potentialAction":[{"@type":"CommentAction","name":"Comment","target":["https:\/\/dicodusport.fr\/blog\/mercato-om-marseille-devrait-conserver-un-taulier-de-son-effectif\/#respond"]}],"copyrightYear":"2025","copyrightHolder":{"@id":"https:\/\/dicodusport.fr\/blog\/#organization"}},{"@type":"WebPage","@id":"https:\/\/dicodusport.fr\/blog\/mercato-om-marseille-devrait-conserver-un-taulier-de-son-effectif\/","url":"https:\/\/dicodusport.fr\/blog\/mercato-om-marseille-devrait-conserver-un-taulier-de-son-effectif\/","name":"Mercato OM : Marseille devrait conserver un taulier de son effectif","isPartOf":{"@id":"https:\/\/dicodusport.fr\/blog\/#website"},"primaryImageOfPage":{"@id":"https:\/\/dicodusport.fr\/blog\/mercato-om-marseille-devrait-conserver-un-taulier-de-son-effectif\/#primaryimage"},"image":{"@id":"https:\/\/dicodusport.fr\/blog\/mercato-om-marseille-devrait-conserver-un-taulier-de-son-effectif\/#primaryimage"},"thumbnailUrl":"https:\/\/dicodusport.fr\/blog\/wp-content\/uploads\/2025\/05\/Mercato-OM-Marseille-devrait-conserver-un-taulier-de-son-effectif.png","datePublished":"2025-05-16T08:44:46+00:00","description":"TRANSFERTS MARSEILLE - Selon La Provence, Leonardo Balerdi, sauf offre mirobolante, ne quittera pas l'OM \u00e0 l'intersaison.\u00a0","breadcrumb":{"@id":"https:\/\/dicodusport.fr\/blog\/mercato-om-marseille-devrait-conserver-un-taulier-de-son-effectif\/#breadcrumb"},"inLanguage":"fr-FR","potentialAction":[{"@type":"ReadAction","target":["https:\/\/dicodusport.fr\/blog\/mercato-om-marseille-devrait-conserver-un-taulier-de-son-effectif\/"]}]},{"@type":"ImageObject","inLanguage":"fr-FR","@id":"https:\/\/dicodusport.fr\/blog\/mercato-om-marseille-devrait-conserver-un-taulier-de-son-effectif\/#primaryimage","url":"https:\/\/dicodusport.fr\/blog\/wp-content\/uploads\/2025\/05\/Mercato-OM-Marseille-devrait-conserver-un-taulier-de-son-effectif.png","contentUrl":"https:\/\/dicodusport.fr\/blog\/wp-content\/uploads\/2025\/05\/Mercato-OM-Marseille-devrait-conserver-un-taulier-de-son-effectif.png","width":1200,"height":674,"caption":"Mercato OM Marseille devrait conserver un taulier de son effectif"},{"@type":"BreadcrumbList","@id":"https:\/\/dicodusport.fr\/blog\/mercato-om-marseille-devrait-conserver-un-taulier-de-son-effectif\/#breadcrumb","itemListElement":[{"@type":"ListItem","position":1,"name":"Accueil","item":"https:\/\/dicodusport.fr\/blog\/"},{"@type":"ListItem","position":2,"name":"Mercato OM : Marseille devrait conserver un taulier de son effectif"}]},{"@type":"WebSite","@id":"https:\/\/dicodusport.fr\/blog\/#website","url":"https:\/\/dicodusport.fr\/blog\/","name":"Dicodusport","description":"L&#039;encyclop\u00e9die de l&#039;actualit\u00e9 sportive","publisher":{"@id":"https:\/\/dicodusport.fr\/blog\/#organization"},"potentialAction":[{"@type":"SearchAction","target":{"@type":"EntryPoint","urlTemplate":"https:\/\/dicodusport.fr\/blog\/?s={search_term_string}"},"query-input":{"@type":"PropertyValueSpecification","valueRequired":true,"valueName":"search_term_string"}}],"inLanguage":"fr-FR"},{"@type":"NewsMediaOrganization","@id":"https:\/\/dicodusport.fr\/blog\/#organization","name":"Dicodusport","url":"https:\/\/dicodusport.fr\/blog\/","logo":{"@type":"ImageObject","inLanguage":"fr-FR","@id":"https:\/\/dicodusport.fr\/blog\/#\/schema\/logo\/image\/","url":"https:\/\/dicodusport.fr\/blog\/wp-content\/uploads\/2020\/06\/cropped-LOGO-DICODUSPORT-2020-SANS-FOND-SANS-TEXTE.png","contentUrl":"https:\/\/dicodusport.fr\/blog\/wp-content\/uploads\/2020\/06\/cropped-LOGO-DICODUSPORT-2020-SANS-FOND-SANS-TEXTE.png","width":512,"height":512,"caption":"Dicodusport"},"image":{"@id":"https:\/\/dicodusport.fr\/blog\/#\/schema\/logo\/image\/"},"sameAs":["https:\/\/www.facebook.com\/dicodusport","https:\/\/x.com\/dicodusport","https:\/\/www.instagram.com\/dicodusport\/","https:\/\/www.youtube.com\/channel\/UC7V2KZ5sd3htJivAbA4ZG3w"],"description":"Dicodusport est l'encyclop\u00e9die de l'actualit\u00e9 sportive.","email":"bonjour@dicodusport.fr","legalName":"DICODUSPORT","foundingDate":"2018-01-14","vatID":"FR71834470973","taxID":"83447097300043","numberOfEmployees":{"@type":"QuantitativeValue","minValue":"1","maxValue":"10"}},{"@type":"Person","@id":"https:\/\/dicodusport.fr\/blog\/#\/schema\/person\/627966a6cde45dbd8c5e36ac85d783da","name":"S\u00e9bastien Gente","image":{"@type":"ImageObject","inLanguage":"fr-FR","@id":"https:\/\/dicodusport.fr\/blog\/#\/schema\/person\/image\/","url":"https:\/\/dicodusport.fr\/blog\/wp-content\/uploads\/2021\/09\/1510990_10205810251400683_4124423575079401707_n-150x150.jpg","contentUrl":"https:\/\/dicodusport.fr\/blog\/wp-content\/uploads\/2021\/09\/1510990_10205810251400683_4124423575079401707_n-150x150.jpg","caption":"S\u00e9bastien Gente"},"description":"John Stockton, Gianni Bugno, Zinedine Zidane, Steffi Graf, Frode Andresen, St\u00e9phane Stoecklin, Davis Kamoga, Primoz Peterka, Werner Schlager et Aur\u00e9lien Rougerie. Point commun entre ces sportifs? Ils m'ont fait r\u00eaver et ont berc\u00e9 mon adolescence. Je suis un fondu de sports et j'essaie de retranscrire ma passion \u00e0 travers mes articles. Originaire du P\u00e9rigord, ma passion pour les Girondins, les Jaunards et les Jazzmen transpire dans mes \u00e9crits. \u00c0 Dicodusport depuis 2021, je d\u00e9niche les sports m\u00e9connus dans lesquels la France brille, et il y en a !","sameAs":["https:\/\/www.facebook.com\/sebastien.gente\/","https:\/\/www.instagram.com\/sebgente\/","https:\/\/www.linkedin.com\/in\/sbastien-gente-a29583169\/","https:\/\/x.com\/https:\/\/twitter.com\/globulo24","SebastienGente"],"worksFor":"S\u00e9bastien GENTE","url":"https:\/\/dicodusport.fr\/blog\/author\/sebastiengente\/"}]}},"_links":{"self":[{"href":"https:\/\/dicodusport.fr\/blog\/wp-json\/wp\/v2\/posts\/579265","targetHints":{"allow":["GET"]}}],"collection":[{"href":"https:\/\/dicodusport.fr\/blog\/wp-json\/wp\/v2\/posts"}],"about":[{"href":"https:\/\/dicodusport.fr\/blog\/wp-json\/wp\/v2\/types\/post"}],"author":[{"embeddable":true,"href":"https:\/\/dicodusport.fr\/blog\/wp-json\/wp\/v2\/users\/59"}],"replies":[{"embeddable":true,"href":"https:\/\/dicodusport.fr\/blog\/wp-json\/wp\/v2\/comments?post=579265"}],"version-history":[{"count":1,"href":"https:\/\/dicodusport.fr\/blog\/wp-json\/wp\/v2\/posts\/579265\/revisions"}],"predecessor-version":[{"id":579269,"href":"https:\/\/dicodusport.fr\/blog\/wp-json\/wp\/v2\/posts\/579265\/revisions\/579269"}],"wp:featuredmedia":[{"embeddable":true,"href":"https:\/\/dicodusport.fr\/blog\/wp-json\/wp\/v2\/media\/579267"}],"wp:attachment":[{"href":"https:\/\/dicodusport.fr\/blog\/wp-json\/wp\/v2\/media?parent=579265"}],"wp:term":[{"taxonomy":"category","embeddable":true,"href":"https:\/\/dicodusport.fr\/blog\/wp-json\/wp\/v2\/categories?post=579265"},{"taxonomy":"post_tag","embeddable":true,"href":"https:\/\/dicodusport.fr\/blog\/wp-json\/wp\/v2\/tags?post=579265"}],"curies":[{"name":"wp","href":"https:\/\/api.w.org\/{rel}","templated":true}]}}