{"id":579311,"date":"2025-05-16T17:27:30","date_gmt":"2025-05-16T15:27:30","guid":{"rendered":"https:\/\/dicodusport.fr\/blog\/?p=579311&#038;preview=true&#038;preview_id=579311"},"modified":"2025-05-16T18:06:55","modified_gmt":"2025-05-16T16:06:55","slug":"tour-ditalie-2025-classement-7eme-etape-du-giro","status":"publish","type":"post","link":"https:\/\/dicodusport.fr\/blog\/tour-ditalie-2025-classement-7eme-etape-du-giro\/","title":{"rendered":"Tour d&rsquo;Italie 2025 &#8211; Classement 7\u00e8me \u00e9tape du Giro"},"content":{"rendered":"<h4 style=\"text-align: justify;\"><em>Retrouvez le classement et les r\u00e9sultats de la 7\u00e8me \u00e9tape du Tour d&rsquo;Italie 2025, qui s&rsquo;est d\u00e9roul\u00e9e ce vendredi 16 mai entre Castel di Sangro et Tagliacozzo (168 km).<\/em><\/h4>\n<ul>\n<li style=\"text-align: justify;\"><strong>\u00c0 ce sujet &#8211; <a href=\"https:\/\/dicodusport.fr\/blog\/tour-ditalie-2025-classement-general-du-giro\/\">Giro 2025 &#8211; Classement g\u00e9n\u00e9ral du Tour d&rsquo;Italie<\/a><\/strong><\/li>\n<\/ul>\n<p style=\"text-align: justify;\">La <strong>7\u00e8me \u00e9tape du Tour d\u2019Italie 2025<\/strong>, disput\u00e9e ce <strong>vendredi 16 mai<\/strong>, marque un tournant d\u00e9cisif dans la course avec la premi\u00e8re arriv\u00e9e au sommet de cette \u00e9dition. Longue de 168 km entre <strong>Castel di Sangro<\/strong> et <strong>Tagliacozzo<\/strong>, cette \u00e9tape montagneuse propose un d\u00e9nivel\u00e9 positif total de <strong>3 500 m\u00e8tres<\/strong>, traversant les paysages escarp\u00e9s des Apennins, avant une <a href=\"https:\/\/dicodusport.fr\/blog\/tour-ditalie-2025-parcours-et-profil-de-la-8eme-etape\/\">8\u00e8me \u00e9tape qui s&rsquo;annonce, elle aussi, difficile ce samedi<\/a>.<\/p>\n<h3 style=\"text-align: justify;\">Parcours et enjeux de la 7\u00e8me \u00e9tape<\/h3>\n<p style=\"text-align: justify;\">D\u00e8s les premiers kilom\u00e8tres, les coureurs affrontent l&rsquo;ascension de <strong>Roccaraso<\/strong> (6,6 km \u00e0 6,4 %), suivie d&rsquo;une descente technique vers la vall\u00e9e. La route remonte ensuite vers le <strong>Monte Urano<\/strong>, une mont\u00e9e courte, mais intense de 4,5 km \u00e0 9,4 %, avec des passages atteignant 14 %. Apr\u00e8s cette difficult\u00e9, le peloton s&rsquo;engage sur le <strong>Vado della Forcella<\/strong>, une longue ascension de 21,6 km \u00e0 3,6 %, offrant un r\u00e9pit relatif avant la mont\u00e9e finale.<\/p>\n<p style=\"text-align: justify;\">L&rsquo;\u00e9tape se conclut par une mont\u00e9e vers <strong>Marsia<\/strong>, longue de 12,6 km \u00e0 5,4 % de moyenne, avec les trois derniers kilom\u00e8tres d\u00e9passant les 10 %, culminant \u00e0 13 %. Cette arriv\u00e9e in\u00e9dite promet des \u00e9carts significatifs entre les favoris du classement g\u00e9n\u00e9ral.<\/p>\n<p style=\"text-align: justify;\">Cette \u00e9tape, avec ses multiples ascensions et son arriv\u00e9e au sommet, offre un terrain propice aux grimpeurs et pourrait provoquer les premiers \u00e9carts notables au classement g\u00e9n\u00e9ral. Les favoris tels que <strong>Primoz Roglic<\/strong> (Red Bull-Bora-Hansgrohe), <strong>Juan Ayuso<\/strong> (UAE Team Emirates XRG), <strong>Richard Carapaz<\/strong> (EF Education-EasyPost) et <strong>Egan Bernal<\/strong> (INEOS Grenadiers) devront \u00eatre vigilants pour ne pas perdre de temps pr\u00e9cieux.<\/p>\n<p style=\"text-align: justify;\">Arriv\u00e9e jug\u00e9e sur les coups de 17h30. <strong>Retrouvez le classement et les r\u00e9sultats de la 7\u00e8me \u00e9tape du Giro 2025<\/strong>.<\/p>\n<ul>\n<li><strong>\u00c0 ce sujet \u2013\u00a0<a href=\"https:\/\/dicodusport.fr\/blog\/tour-ditalie-2025-parcours-detaille-et-profils-des-etapes-du-giro\/\">Tour d\u2019Italie 2025 : Parcours d\u00e9taill\u00e9 et profils des \u00e9tapes du Giro<\/a><\/strong><\/li>\n<\/ul>\n<h2 style=\"text-align: justify;\">Classement 7\u00e8me \u00e9tape &#8211; Tour d&rsquo;Italie 2025<\/h2>\n<div class=\"su-table su-table-alternate\">\n<table style=\"width: 800px;border-collapse: collapse\" border=\"1\">\n<tbody>\n<tr style=\"height: 24px\">\n<td style=\"border-color: #ebebeb;height: 24px;text-align: center;width: 80px;vertical-align: middle\">\ud83c\udfc6<\/td>\n<td style=\"border-color: #ebebeb;height: 24px;text-align: center;width: 500px;vertical-align: middle\"><span style=\"font-size: 0.9em\"><strong>COUREURS<\/strong><\/span><\/td>\n<td style=\"border-color: #ebebeb;height: 24px;text-align: center;width: 220px;vertical-align: middle\"><span style=\"font-size: 0.9em\"><strong>TEMPS \/ \u00c9CART<\/strong><\/span><\/td>\n<\/tr>\n<tr style=\"height: 24px\">\n<td style=\"border-color: #ebebeb;height: 24px;text-align: center;width: 80px;vertical-align: middle\"><strong><span class=\"su-label su-label-type-warning\">1.<\/span><\/strong><\/td>\n<td style=\"border-color: #ebebeb;height: 24px;text-align: center;width: 500px;vertical-align: middle\"><span style=\"font-size: 0.9em\"><strong>\ud83c\uddea\ud83c\uddf8 JUAN AYUSO<\/strong><br \/>\n<span style=\"font-size: 0.8em\">UAE TEAM EMIRATES &#8211; XRG<\/span><\/span><\/td>\n<td style=\"border-color: #ebebeb;text-align: center;width: 220px;vertical-align: middle\"><span style=\"font-size: 0.9em\"><strong>4h20m25s<\/strong><\/span><\/td>\n<\/tr>\n<tr>\n<td style=\"border-color: #ebebeb;text-align: center;width: 80px;vertical-align: middle\"><span style=\"font-size: 0.9em\">2.<\/span><\/td>\n<td style=\"border-color: #ebebeb;text-align: center;width: 500px;vertical-align: middle\"><span style=\"font-size: 0.9em\"><strong>\ud83c\uddf2\ud83c\uddfd ISAAC DEL TORO<\/strong><br \/>\n<span style=\"font-size: 0.8em\">UAE TEAM EMIRATES &#8211; XRG<\/span><\/span><\/td>\n<td style=\"border-color: #ebebeb;text-align: center;width: 220px;vertical-align: middle\"><span style=\"font-size: 0.9em\"><strong>\u00e0 4s<\/strong><\/span><\/td>\n<\/tr>\n<tr>\n<td style=\"border-color: #ebebeb;text-align: center;width: 80px;vertical-align: middle\"><span style=\"font-size: 0.9em\">3.<\/span><\/td>\n<td style=\"border-color: #ebebeb;text-align: center;width: 500px;vertical-align: middle\">\u00a0<span style=\"font-size: 0.9em\"><strong><strong style=\"font-size: 14.4px\">\ud83c\udde8\ud83c\uddf4<\/strong> EGAN BERNAL<\/strong><br \/>\n<span style=\"font-size: 0.8em\">INEOS GRENADIERS<\/span><\/span><\/td>\n<td style=\"border-color: #ebebeb;text-align: center;width: 220px;vertical-align: middle\"><span style=\"font-size: 0.9em\"><strong>\u00e0 4s<\/strong><\/span><\/td>\n<\/tr>\n<tr>\n<td style=\"border-color: #ebebeb;text-align: center;width: 80px;vertical-align: middle\"><span style=\"font-size: 0.9em\">4.<\/span><\/td>\n<td style=\"border-color: #ebebeb;text-align: center;width: 500px;vertical-align: middle\"><span style=\"font-size: 0.9em\"><strong style=\"font-size: 14.4px\">\ud83c\uddf8\ud83c\uddee PRIMOZ ROGLIC<br \/>\n<\/strong><span style=\"font-size: 0.8em\">REDBULL &#8211; BORA &#8211; HANSGROHE<\/span><\/span><\/td>\n<td style=\"border-color: #ebebeb;text-align: center;width: 220px;vertical-align: middle\"><span style=\"font-size: 0.9em\"><strong>\u00e0 4s<\/strong><\/span><\/td>\n<\/tr>\n<tr>\n<td style=\"border-color: #ebebeb;text-align: center;width: 80px;vertical-align: middle\"><span style=\"font-size: 0.9em\">5.<\/span><\/td>\n<td style=\"border-color: #ebebeb;text-align: center;width: 500px;vertical-align: middle\"><span style=\"font-size: 0.9em\"><strong>\ud83c\uddee\ud83c\uddf9 GIULIO CICCONE<\/strong><br \/>\n<span style=\"font-size: 0.8em\">LIDL &#8211; TREK<\/span><\/span><\/td>\n<td style=\"border-color: #ebebeb;text-align: center;width: 220px;vertical-align: middle\"><span style=\"font-size: 0.9em\"><strong>\u00e0 4s<\/strong><\/span><\/td>\n<\/tr>\n<tr>\n<td style=\"border-color: #ebebeb;text-align: center;width: 80px;vertical-align: middle\"><span style=\"font-size: 0.9em\">6.<\/span><\/td>\n<td style=\"border-color: #ebebeb;text-align: center;width: 500px;vertical-align: middle\"><strong style=\"font-size: 0.9em\"><span style=\"font-size: 0.9em\"><strong>\ud83c\uddee\ud83c\uddf9<\/strong><\/span> ANTONIO TIBERI<\/strong><br \/>\n<span style=\"font-size: 0.9em\"><span style=\"font-size: 0.8em\">BAHRAIN VICTORIOUS<\/span><\/span><\/td>\n<td style=\"border-color: #ebebeb;text-align: center;width: 220px;vertical-align: middle\"><span style=\"font-size: 0.9em\"><strong>\u00e0 4s<\/strong><\/span><\/td>\n<\/tr>\n<tr>\n<td style=\"border-color: #ebebeb;text-align: center;width: 80px;vertical-align: middle\"><span style=\"font-size: 0.9em\">7.<\/span><\/td>\n<td style=\"border-color: #ebebeb;text-align: center;width: 500px;vertical-align: middle\"><span style=\"font-size: 0.9em\"><strong>\ud83c\uddee\ud83c\uddf9 DAMIANO CARUSO<\/strong><br \/>\n<span style=\"font-size: 0.8em\">BAHRAIN &#8211; VICTORIOUS<\/span><\/span><\/td>\n<td style=\"border-color: #ebebeb;text-align: center;width: 220px;vertical-align: middle\"><span style=\"font-size: 0.9em\"><strong>\u00e0 4s<\/strong><\/span><\/td>\n<\/tr>\n<tr>\n<td style=\"border-color: #ebebeb;text-align: center;width: 80px;vertical-align: middle\"><span style=\"font-size: 0.9em\">8.<\/span><\/td>\n<td style=\"border-color: #ebebeb;text-align: center;width: 500px;vertical-align: middle\"><span style=\"font-size: 0.9em\"><strong>\ud83c\uddea\ud83c\udde8 RICHARD CARAPAZ<\/strong><br \/>\n<span style=\"font-size: 0.8em\">EF EDUCATION &#8211; EASYPOST<\/span><\/span><\/td>\n<td style=\"border-color: #ebebeb;text-align: center;width: 220px;vertical-align: middle\"><span style=\"font-size: 0.9em\"><strong>\u00e0 4s<\/strong><\/span><\/td>\n<\/tr>\n<tr>\n<td style=\"border-color: #ebebeb;text-align: center;width: 80px;vertical-align: middle\"><span style=\"font-size: 0.9em\">9.<\/span><\/td>\n<td style=\"border-color: #ebebeb;text-align: center;width: 500px;vertical-align: middle\"><span style=\"font-size: 0.9em\"><strong>\ud83c\uddec\ud83c\udde7 MAX POOLE<\/strong><br \/>\n<span style=\"font-size: 0.8em\">TEAM PICNIC POSTNL<\/span><\/span><\/td>\n<td style=\"border-color: #ebebeb;text-align: center;width: 220px;vertical-align: middle\"><span style=\"font-size: 0.9em\"><strong>\u00e0 8s<\/strong><\/span><\/td>\n<\/tr>\n<tr style=\"height: 24px\">\n<td style=\"border-color: #ebebeb;height: 24px;text-align: center;width: 80px;vertical-align: middle\"><span style=\"font-size: 0.9em\">10.<\/span><\/td>\n<td style=\"border-color: #ebebeb;text-align: center;width: 500px;vertical-align: middle\"><span style=\"font-size: 0.9em\"><strong>\ud83c\udde6\ud83c\uddfa MICHAEL STORER<\/strong><br \/>\n<span style=\"font-size: 0.8em\">TUDOR PRO CYCLING TEAM<\/span><\/span><\/td>\n<td style=\"border-color: #ebebeb;text-align: center;width: 220px;vertical-align: middle\"><span style=\"font-size: 0.9em\"><strong>\u00e0 8s<\/strong><\/span><\/td>\n<\/tr>\n<tr style=\"height: 24px\">\n<td style=\"border-color: #ebebeb;height: 24px;text-align: center;width: 80px;vertical-align: middle\"><span style=\"font-size: 0.9em\">11.<\/span><\/td>\n<td style=\"border-color: #ebebeb;text-align: center;width: 500px;vertical-align: middle\"><span style=\"font-size: 0.9em\"><strong>\ud83c\uddec\ud83c\udde7 SIMON YATES<\/strong><br \/>\n<span style=\"font-size: 0.8em\">TEAM VISMA | LEASE A BIKE<\/span><\/span><\/td>\n<td style=\"border-color: #ebebeb;text-align: center;width: 220px;vertical-align: middle\"><span style=\"font-size: 0.9em\"><strong>\u00e0 8s<\/strong><\/span><\/td>\n<\/tr>\n<tr>\n<td style=\"border-color: #ebebeb;text-align: center;width: 80px;vertical-align: middle\"><span style=\"font-size: 0.9em\">12.<\/span><\/td>\n<td style=\"border-color: #ebebeb;text-align: center;width: 500px;vertical-align: middle\"><span style=\"font-size: 0.9em\"><strong>\ud83c\udde8\ud83c\udde6 DEREK GEE<\/strong><br \/>\n<span style=\"font-size: 0.8em\">ISRAEL &#8211; PREMIER TECH<\/span><\/span><\/td>\n<td style=\"border-color: #ebebeb;text-align: center;width: 220px;vertical-align: middle\"><span style=\"font-size: 0.9em\"><strong>\u00e0 11s<\/strong><\/span><\/td>\n<\/tr>\n<tr>\n<td style=\"border-color: #ebebeb;text-align: center;width: 80px;vertical-align: middle\"><span style=\"font-size: 0.9em\">13.<\/span><\/td>\n<td style=\"border-color: #ebebeb;text-align: center;width: 500px;vertical-align: middle\">\u00a0<span style=\"font-size: 0.9em\"><strong><strong style=\"font-size: 14.4px\">\ud83c\udde8\ud83c\uddf4<\/strong> EINER RUBIO<\/strong><br \/>\n<span style=\"font-size: 0.8em\">MOVISTAR TEAM<\/span><\/span><\/td>\n<td style=\"border-color: #ebebeb;text-align: center;width: 220px;vertical-align: middle\"><span style=\"font-size: 0.9em\"><strong>\u00e0 11s<\/strong><\/span><\/td>\n<\/tr>\n<tr>\n<td style=\"border-color: #ebebeb;text-align: center;width: 80px;vertical-align: middle\"><span style=\"font-size: 0.9em\">14.<\/span><\/td>\n<td style=\"border-color: #ebebeb;text-align: center;width: 500px;vertical-align: middle\"><span style=\"font-size: 0.9em\"><strong>\ud83c\uddec\ud83c\udde7 ADAM YATES<\/strong><br \/>\n<span style=\"font-size: 0.8em\">UAE TEAM EMIRATES &#8211; XRG<\/span><\/span><\/td>\n<td style=\"border-color: #ebebeb;text-align: center;width: 220px;vertical-align: middle\"><span style=\"font-size: 0.9em\"><strong>\u00e0 14s<\/strong><\/span><\/td>\n<\/tr>\n<tr>\n<td style=\"border-color: #ebebeb;text-align: center;width: 80px;vertical-align: middle\"><span style=\"font-size: 0.9em\">15.<\/span><\/td>\n<td style=\"border-color: #ebebeb;text-align: center;width: 500px;vertical-align: middle\"><span style=\"font-size: 0.9em\"><strong>\ud83c\udde6\ud83c\uddfa CHRIS HARPER<br \/>\n<\/strong><span style=\"font-size: 0.8em\">TEAM JAYCO ALULA<\/span><\/span><\/td>\n<td style=\"border-color: #ebebeb;text-align: center;width: 220px;vertical-align: middle\"><span style=\"font-size: 0.9em\"><strong>\u00e0 14s<\/strong><\/span><\/td>\n<\/tr>\n<tr>\n<td style=\"border-color: #ebebeb;text-align: center;width: 80px;vertical-align: middle\"><span style=\"font-size: 0.9em\">16.<\/span><\/td>\n<td style=\"border-color: #ebebeb;text-align: center;width: 500px;vertical-align: middle\"><span style=\"font-size: 0.9em\"><strong>\ud83c\uddee\ud83c\uddf9 GIULIO PELLIZZARI<br \/>\n<\/strong><span style=\"font-size: 0.8em\">RED BULL &#8211; BORA &#8211; HANSGROHE<\/span><\/span><\/td>\n<td style=\"border-color: #ebebeb;text-align: center;width: 220px;vertical-align: middle\"><span style=\"font-size: 0.9em\"><strong>\u00e0 14s<\/strong><\/span><\/td>\n<\/tr>\n<tr>\n<td style=\"border-color: #ebebeb;text-align: center;width: 80px;vertical-align: middle\"><span style=\"font-size: 0.9em\">17.<\/span><\/td>\n<td style=\"border-color: #ebebeb;text-align: center;width: 500px;vertical-align: middle\"><span style=\"font-size: 0.9em\"><strong>\ud83c\uddf3\ud83c\uddf1 THYMEN ARENSMAN<\/strong><br \/>\n<span style=\"font-size: 0.8em\">INEOS GRENADIERS<\/span><\/span><\/td>\n<td style=\"border-color: #ebebeb;text-align: center;width: 220px;vertical-align: middle\"><span style=\"font-size: 0.9em\"><strong>\u00e0 14s<\/strong><\/span><\/td>\n<\/tr>\n<tr>\n<td style=\"border-color: #ebebeb;text-align: center;width: 80px;vertical-align: middle\"><span style=\"font-size: 0.9em\">18.<\/span><\/td>\n<td style=\"border-color: #ebebeb;text-align: center;width: 500px;vertical-align: middle\"><span style=\"font-size: 0.9em\"><strong>\ud83c\uddfa\ud83c\uddf8 BRANDON MCNULTY<\/strong><br \/>\n<span style=\"font-size: 0.8em\">UAE TEAM EMIRATES &#8211; XRG<\/span><\/span><\/td>\n<td style=\"border-color: #ebebeb;text-align: center;width: 220px;vertical-align: middle\"><span style=\"font-size: 0.9em\"><strong>\u00e0 24s<\/strong><\/span><\/td>\n<\/tr>\n<tr>\n<td style=\"border-color: #ebebeb;text-align: center;width: 80px;vertical-align: middle\"><span style=\"font-size: 0.9em\">19.<\/span><\/td>\n<td style=\"border-color: #ebebeb;text-align: center;width: 500px;vertical-align: middle\"><span style=\"font-size: 0.9em\"><strong>\ud83c\uddf3\ud83c\uddf1 WOUT POELS<\/strong><br \/>\n<span style=\"font-size: 0.8em\">XDS ASTANA TEAM<\/span><\/span><\/td>\n<td style=\"border-color: #ebebeb;text-align: center;width: 220px;vertical-align: middle\"><span style=\"font-size: 0.9em\"><strong>\u00e0 33s<\/strong><\/span><\/td>\n<\/tr>\n<tr style=\"height: 24px\">\n<td style=\"border-color: #ebebeb;height: 24px;text-align: center;width: 80px;vertical-align: middle\"><span style=\"font-size: 0.9em\">20.<\/span><\/td>\n<td style=\"border-color: #ebebeb;text-align: center;width: 500px;vertical-align: middle\"><span style=\"font-size: 0.9em\"><strong>\ud83c\uddec\ud83c\udde7 THOMAS PIDCOCK<\/strong><br \/>\n<span style=\"font-size: 0.8em\">Q36.5 PRO CYCLING TEAM<\/span><\/span><\/td>\n<td style=\"border-color: #ebebeb;text-align: center;width: 220px;vertical-align: middle\"><span style=\"font-size: 0.9em\"><strong>\u00e0 34s<\/strong><\/span><\/td>\n<\/tr>\n<\/tbody>\n<\/table>\n<\/div>\n<h2 style=\"text-align: justify;\">\u00c0 lire aussi<\/h2>\n<ul>\n<li style=\"text-align: justify;\"><a href=\"https:\/\/www.procyclingstats.com\/race\/giro-d-italia\/2025\/stage-7\"><strong>Le classement complet de la 7\u00e8me \u00e9tape<\/strong><\/a><strong><br \/>\n<\/strong><\/li>\n<\/ul>\n<div class=\"vlp-link-container vlp-layout-article\"><a href=\"https:\/\/dicodusport.fr\/blog\/les-10-cyclistes-les-mieux-payes-en-2025-qui-rafle-le-jackpot\/\" class=\"vlp-link\" title=\"Les 10 cyclistes les mieux pay\u00e9s en 2025 : qui rafle le jackpot ?\"><\/a><div class=\"vlp-layout-zone-side\"><div class=\"vlp-block-4 vlp-link-image\"><img loading=\"lazy\" decoding=\"async\" style=\"max-width: 792px;\" width=\"792\" height=\"445\" src=\"https:\/\/dicodusport.fr\/blog\/wp-content\/uploads\/2025\/05\/Les-10-cyclistes-les-mieux-payes-en-2025-qui-rafle-le-jackpot-.png\" class=\"attachment-800x445 size-800x445\" alt=\"Les 10 cyclistes les mieux pay\u00e9s en 2025 qui rafle le jackpot\" srcset=\"https:\/\/dicodusport.fr\/blog\/wp-content\/uploads\/2025\/05\/Les-10-cyclistes-les-mieux-payes-en-2025-qui-rafle-le-jackpot-.png 1200w, https:\/\/dicodusport.fr\/blog\/wp-content\/uploads\/2025\/05\/Les-10-cyclistes-les-mieux-payes-en-2025-qui-rafle-le-jackpot--300x169.png 300w, https:\/\/dicodusport.fr\/blog\/wp-content\/uploads\/2025\/05\/Les-10-cyclistes-les-mieux-payes-en-2025-qui-rafle-le-jackpot--1024x575.png 1024w, https:\/\/dicodusport.fr\/blog\/wp-content\/uploads\/2025\/05\/Les-10-cyclistes-les-mieux-payes-en-2025-qui-rafle-le-jackpot--768x431.png 768w\" sizes=\"auto, (max-width: 792px) 100vw, 792px\" \/><\/div><\/div><div class=\"vlp-layout-zone-main\"><div class=\"vlp-block-0 vlp-link-title\">Les 10 cyclistes les mieux pay\u00e9s en 2025 : qui rafle le jackpot ?<\/div><div class=\"vlp-block-1 vlp-link-summary\">Qui sont les stars du peloton les mieux r\u00e9mun\u00e9r\u00e9es en 2025 ? D\u00e9couvrez le classement des 10 coureurs cyclistes avec les salaires les plus \u00e9lev\u00e9s.<\/div><div class=\"vlp-block-2 vlp-link-button\">Lire l'article<\/div><div class=\"vlp-block-3 vlp-link-url\">dicodusport.fr<\/div><\/div><\/div>\n<ul>\n<li><strong><a href=\"https:\/\/dicodusport.fr\/blog\/cyclisme-mercato-2025-2026-le-tableau-des-transferts\/\">Cyclisme Mercato 2025-2026 \u2013 Le tableau des transferts<\/a><\/strong><\/li>\n<\/ul>\n","protected":false},"excerpt":{"rendered":"<p>Retrouvez le classement et les r\u00e9sultats de la 7\u00e8me \u00e9tape du Tour d&rsquo;Italie 2025, qui s&rsquo;est d\u00e9roul\u00e9e ce vendredi 16 mai entre Castel di Sangro et Tagliacozzo (168 km).<\/p>\n","protected":false},"author":4,"featured_media":579323,"comment_status":"open","ping_status":"closed","sticky":false,"template":"","format":"standard","meta":{"_acf_changed":false,"_daextam_enable_autolinks":"1","footnotes":""},"categories":[47041],"tags":[16878,4722],"class_list":["post-579311","post","type-post","status-publish","format-standard","has-post-thumbnail","hentry","category-tour-d-italie","tag-breve","tag-tour-ditalie"],"acf":[],"yoast_head":"<!-- This site is optimized with the Yoast SEO Premium plugin v26.7 (Yoast SEO v26.7) - https:\/\/yoast.com\/wordpress\/plugins\/seo\/ -->\n<title>Tour d&#039;Italie 2025 - Classement 7\u00e8me \u00e9tape du Giro<\/title>\n<meta name=\"description\" content=\"Retrouvez le classement et les r\u00e9sultats de la 7\u00e8me \u00e9tape du Tour d&#039;Italie 2025, qui s&#039;est d\u00e9roul\u00e9e ce vendredi 16 mai entre Castel di Sangro et Tagliacozzo (168 km).\" \/>\n<meta name=\"robots\" content=\"index, follow, max-snippet:-1, max-image-preview:large, max-video-preview:-1\" \/>\n<link rel=\"canonical\" href=\"https:\/\/dicodusport.fr\/blog\/tour-ditalie-2025-classement-7eme-etape-du-giro\/\" \/>\n<meta property=\"og:locale\" content=\"fr_FR\" \/>\n<meta property=\"og:type\" content=\"article\" \/>\n<meta property=\"og:title\" content=\"Tour d\u2019Italie 2025 : Qui s&#039;impose lors de la 7e \u00e9tape au sommet ? Le classement du jour\" \/>\n<meta property=\"og:description\" content=\"D\u00e9couvrez les r\u00e9sultats complets de la 7e \u00e9tape du Giro 2025, premi\u00e8re arriv\u00e9e au sommet entre Castel di Sangro et Tagliacozzo. Classement du jour, \u00e9carts et impact sur le g\u00e9n\u00e9ral.\" \/>\n<meta property=\"og:url\" content=\"https:\/\/dicodusport.fr\/blog\/tour-ditalie-2025-classement-7eme-etape-du-giro\/\" \/>\n<meta property=\"og:site_name\" content=\"Dicodusport\" \/>\n<meta property=\"article:publisher\" content=\"https:\/\/www.facebook.com\/dicodusport\" \/>\n<meta property=\"article:author\" content=\"https:\/\/www.facebook.com\/florent.ostermann\" \/>\n<meta property=\"article:published_time\" content=\"2025-05-16T15:27:30+00:00\" \/>\n<meta property=\"article:modified_time\" content=\"2025-05-16T16:06:55+00:00\" \/>\n<meta property=\"og:image\" content=\"https:\/\/dicodusport.fr\/blog\/wp-content\/uploads\/2025\/05\/Tour-dItalie-2025-Classement-7eme-etape-du-Giro.png\" \/>\n\t<meta property=\"og:image:width\" content=\"1200\" \/>\n\t<meta property=\"og:image:height\" content=\"674\" \/>\n\t<meta property=\"og:image:type\" content=\"image\/png\" \/>\n<meta name=\"author\" content=\"Flo Ostermann\" \/>\n<meta name=\"twitter:card\" content=\"summary_large_image\" \/>\n<meta name=\"twitter:title\" content=\"Tour d\u2019Italie 2025 : Qui s&#039;impose lors de la 7e \u00e9tape au sommet ? Le classement du jour\" \/>\n<meta name=\"twitter:description\" content=\"D\u00e9couvrez les r\u00e9sultats complets de la 7e \u00e9tape du Giro 2025, premi\u00e8re arriv\u00e9e au sommet entre Castel di Sangro et Tagliacozzo. Classement du jour, \u00e9carts et impact sur le g\u00e9n\u00e9ral.\" \/>\n<meta name=\"twitter:creator\" content=\"@https:\/\/twitter.com\/FlOstermann\" \/>\n<meta name=\"twitter:site\" content=\"@dicodusport\" \/>\n<script type=\"application\/ld+json\" class=\"yoast-schema-graph\">{\"@context\":\"https:\/\/schema.org\",\"@graph\":[{\"@type\":\"NewsArticle\",\"@id\":\"https:\/\/dicodusport.fr\/blog\/tour-ditalie-2025-classement-7eme-etape-du-giro\/#article\",\"isPartOf\":{\"@id\":\"https:\/\/dicodusport.fr\/blog\/tour-ditalie-2025-classement-7eme-etape-du-giro\/\"},\"author\":{\"name\":\"Flo Ostermann\",\"@id\":\"https:\/\/dicodusport.fr\/blog\/#\/schema\/person\/cb02af4c173ce4a653b55e9baf388d4a\"},\"headline\":\"Tour d&rsquo;Italie 2025 &#8211; Classement 7\u00e8me \u00e9tape du Giro\",\"datePublished\":\"2025-05-16T15:27:30+00:00\",\"dateModified\":\"2025-05-16T16:06:55+00:00\",\"mainEntityOfPage\":{\"@id\":\"https:\/\/dicodusport.fr\/blog\/tour-ditalie-2025-classement-7eme-etape-du-giro\/\"},\"wordCount\":599,\"commentCount\":0,\"publisher\":{\"@id\":\"https:\/\/dicodusport.fr\/blog\/#organization\"},\"image\":{\"@id\":\"https:\/\/dicodusport.fr\/blog\/tour-ditalie-2025-classement-7eme-etape-du-giro\/#primaryimage\"},\"thumbnailUrl\":\"https:\/\/dicodusport.fr\/blog\/wp-content\/uploads\/2025\/05\/Tour-dItalie-2025-Classement-7eme-etape-du-Giro.png\",\"keywords\":[\"br\u00e8ve\",\"Tour d'Italie\"],\"articleSection\":[\"Tour d'Italie\"],\"inLanguage\":\"fr-FR\",\"potentialAction\":[{\"@type\":\"CommentAction\",\"name\":\"Comment\",\"target\":[\"https:\/\/dicodusport.fr\/blog\/tour-ditalie-2025-classement-7eme-etape-du-giro\/#respond\"]}],\"copyrightYear\":\"2025\",\"copyrightHolder\":{\"@id\":\"https:\/\/dicodusport.fr\/blog\/#organization\"}},{\"@type\":\"WebPage\",\"@id\":\"https:\/\/dicodusport.fr\/blog\/tour-ditalie-2025-classement-7eme-etape-du-giro\/\",\"url\":\"https:\/\/dicodusport.fr\/blog\/tour-ditalie-2025-classement-7eme-etape-du-giro\/\",\"name\":\"Tour d'Italie 2025 - Classement 7\u00e8me \u00e9tape du Giro\",\"isPartOf\":{\"@id\":\"https:\/\/dicodusport.fr\/blog\/#website\"},\"primaryImageOfPage\":{\"@id\":\"https:\/\/dicodusport.fr\/blog\/tour-ditalie-2025-classement-7eme-etape-du-giro\/#primaryimage\"},\"image\":{\"@id\":\"https:\/\/dicodusport.fr\/blog\/tour-ditalie-2025-classement-7eme-etape-du-giro\/#primaryimage\"},\"thumbnailUrl\":\"https:\/\/dicodusport.fr\/blog\/wp-content\/uploads\/2025\/05\/Tour-dItalie-2025-Classement-7eme-etape-du-Giro.png\",\"datePublished\":\"2025-05-16T15:27:30+00:00\",\"dateModified\":\"2025-05-16T16:06:55+00:00\",\"description\":\"Retrouvez le classement et les r\u00e9sultats de la 7\u00e8me \u00e9tape du Tour d'Italie 2025, qui s'est d\u00e9roul\u00e9e ce vendredi 16 mai entre Castel di Sangro et Tagliacozzo (168 km).\",\"breadcrumb\":{\"@id\":\"https:\/\/dicodusport.fr\/blog\/tour-ditalie-2025-classement-7eme-etape-du-giro\/#breadcrumb\"},\"inLanguage\":\"fr-FR\",\"potentialAction\":[{\"@type\":\"ReadAction\",\"target\":[\"https:\/\/dicodusport.fr\/blog\/tour-ditalie-2025-classement-7eme-etape-du-giro\/\"]}]},{\"@type\":\"ImageObject\",\"inLanguage\":\"fr-FR\",\"@id\":\"https:\/\/dicodusport.fr\/blog\/tour-ditalie-2025-classement-7eme-etape-du-giro\/#primaryimage\",\"url\":\"https:\/\/dicodusport.fr\/blog\/wp-content\/uploads\/2025\/05\/Tour-dItalie-2025-Classement-7eme-etape-du-Giro.png\",\"contentUrl\":\"https:\/\/dicodusport.fr\/blog\/wp-content\/uploads\/2025\/05\/Tour-dItalie-2025-Classement-7eme-etape-du-Giro.png\",\"width\":1200,\"height\":674,\"caption\":\"Tour d'Italie 2025 - Classement 7\u00e8me \u00e9tape du Giro\"},{\"@type\":\"BreadcrumbList\",\"@id\":\"https:\/\/dicodusport.fr\/blog\/tour-ditalie-2025-classement-7eme-etape-du-giro\/#breadcrumb\",\"itemListElement\":[{\"@type\":\"ListItem\",\"position\":1,\"name\":\"Accueil\",\"item\":\"https:\/\/dicodusport.fr\/blog\/\"},{\"@type\":\"ListItem\",\"position\":2,\"name\":\"Tour d&rsquo;Italie 2025 &#8211; Classement 7\u00e8me \u00e9tape du Giro\"}]},{\"@type\":\"WebSite\",\"@id\":\"https:\/\/dicodusport.fr\/blog\/#website\",\"url\":\"https:\/\/dicodusport.fr\/blog\/\",\"name\":\"Dicodusport\",\"description\":\"L&#039;encyclop\u00e9die de l&#039;actualit\u00e9 sportive\",\"publisher\":{\"@id\":\"https:\/\/dicodusport.fr\/blog\/#organization\"},\"potentialAction\":[{\"@type\":\"SearchAction\",\"target\":{\"@type\":\"EntryPoint\",\"urlTemplate\":\"https:\/\/dicodusport.fr\/blog\/?s={search_term_string}\"},\"query-input\":{\"@type\":\"PropertyValueSpecification\",\"valueRequired\":true,\"valueName\":\"search_term_string\"}}],\"inLanguage\":\"fr-FR\"},{\"@type\":\"NewsMediaOrganization\",\"@id\":\"https:\/\/dicodusport.fr\/blog\/#organization\",\"name\":\"Dicodusport\",\"url\":\"https:\/\/dicodusport.fr\/blog\/\",\"logo\":{\"@type\":\"ImageObject\",\"inLanguage\":\"fr-FR\",\"@id\":\"https:\/\/dicodusport.fr\/blog\/#\/schema\/logo\/image\/\",\"url\":\"https:\/\/dicodusport.fr\/blog\/wp-content\/uploads\/2020\/06\/cropped-LOGO-DICODUSPORT-2020-SANS-FOND-SANS-TEXTE.png\",\"contentUrl\":\"https:\/\/dicodusport.fr\/blog\/wp-content\/uploads\/2020\/06\/cropped-LOGO-DICODUSPORT-2020-SANS-FOND-SANS-TEXTE.png\",\"width\":512,\"height\":512,\"caption\":\"Dicodusport\"},\"image\":{\"@id\":\"https:\/\/dicodusport.fr\/blog\/#\/schema\/logo\/image\/\"},\"sameAs\":[\"https:\/\/www.facebook.com\/dicodusport\",\"https:\/\/x.com\/dicodusport\",\"https:\/\/www.instagram.com\/dicodusport\/\",\"https:\/\/www.youtube.com\/channel\/UC7V2KZ5sd3htJivAbA4ZG3w\"],\"description\":\"Dicodusport est l'encyclop\u00e9die de l'actualit\u00e9 sportive.\",\"email\":\"bonjour@dicodusport.fr\",\"legalName\":\"DICODUSPORT\",\"foundingDate\":\"2018-01-14\",\"vatID\":\"FR71834470973\",\"taxID\":\"83447097300043\",\"numberOfEmployees\":{\"@type\":\"QuantitativeValue\",\"minValue\":\"1\",\"maxValue\":\"10\"}},{\"@type\":\"Person\",\"@id\":\"https:\/\/dicodusport.fr\/blog\/#\/schema\/person\/cb02af4c173ce4a653b55e9baf388d4a\",\"name\":\"Flo Ostermann\",\"image\":{\"@type\":\"ImageObject\",\"inLanguage\":\"fr-FR\",\"@id\":\"https:\/\/dicodusport.fr\/blog\/#\/schema\/person\/image\/\",\"url\":\"https:\/\/dicodusport.fr\/blog\/wp-content\/uploads\/2021\/05\/Flo-Ostermann-150x150.jpg\",\"contentUrl\":\"https:\/\/dicodusport.fr\/blog\/wp-content\/uploads\/2021\/05\/Flo-Ostermann-150x150.jpg\",\"caption\":\"Flo Ostermann\"},\"description\":\"Journaliste\/R\u00e9dacteur depuis septembre 2015 - Mes premiers souvenirs dans le sport ? Les envol\u00e9es du Stade Toulousain et les duels Villeneuve-Schumacher et H\u00e4kkinen-Schumacher \u00e0 la fin des ann\u00e9es 90, la Coupe du monde de football en 1998, l\u2019exploit du XV de France face aux All Blacks en 1999, mais aussi Richard C\u0153ur de Lion qui vole sur les montagnes du Tour de France. Bien parti pour devenir professeur d\u2019EPS, les \u00e9v\u00e9nements de la vie (et la flemme d\u2019animer des s\u00e9ances de 3x500 m\u00e8tres toute ma vie) m\u2019ont conduit \u00e0 revoir mes plans. Me voil\u00e0 depuis fin 2017 sur Dicodusport, m\u00e9dia gr\u00e2ce (et pour) lequel je partage ma passion : le sport dans tous ses \u00e9tats. Le tout accompagn\u00e9 par les fous furieux et folles furieuses cit\u00e9s sur cette page !\",\"sameAs\":[\"https:\/\/www.facebook.com\/florent.ostermann\",\"https:\/\/x.com\/https:\/\/twitter.com\/FlOstermann\",\"admin\"],\"url\":\"https:\/\/dicodusport.fr\/blog\/author\/flo\/\"}]}<\/script>\n<!-- \/ Yoast SEO Premium plugin. -->","yoast_head_json":{"title":"Tour d'Italie 2025 - Classement 7\u00e8me \u00e9tape du Giro","description":"Retrouvez le classement et les r\u00e9sultats de la 7\u00e8me \u00e9tape du Tour d'Italie 2025, qui s'est d\u00e9roul\u00e9e ce vendredi 16 mai entre Castel di Sangro et Tagliacozzo (168 km).","robots":{"index":"index","follow":"follow","max-snippet":"max-snippet:-1","max-image-preview":"max-image-preview:large","max-video-preview":"max-video-preview:-1"},"canonical":"https:\/\/dicodusport.fr\/blog\/tour-ditalie-2025-classement-7eme-etape-du-giro\/","og_locale":"fr_FR","og_type":"article","og_title":"Tour d\u2019Italie 2025 : Qui s'impose lors de la 7e \u00e9tape au sommet ? Le classement du jour","og_description":"D\u00e9couvrez les r\u00e9sultats complets de la 7e \u00e9tape du Giro 2025, premi\u00e8re arriv\u00e9e au sommet entre Castel di Sangro et Tagliacozzo. Classement du jour, \u00e9carts et impact sur le g\u00e9n\u00e9ral.","og_url":"https:\/\/dicodusport.fr\/blog\/tour-ditalie-2025-classement-7eme-etape-du-giro\/","og_site_name":"Dicodusport","article_publisher":"https:\/\/www.facebook.com\/dicodusport","article_author":"https:\/\/www.facebook.com\/florent.ostermann","article_published_time":"2025-05-16T15:27:30+00:00","article_modified_time":"2025-05-16T16:06:55+00:00","og_image":[{"width":1200,"height":674,"url":"https:\/\/dicodusport.fr\/blog\/wp-content\/uploads\/2025\/05\/Tour-dItalie-2025-Classement-7eme-etape-du-Giro.png","type":"image\/png"}],"author":"Flo Ostermann","twitter_card":"summary_large_image","twitter_title":"Tour d\u2019Italie 2025 : Qui s'impose lors de la 7e \u00e9tape au sommet ? Le classement du jour","twitter_description":"D\u00e9couvrez les r\u00e9sultats complets de la 7e \u00e9tape du Giro 2025, premi\u00e8re arriv\u00e9e au sommet entre Castel di Sangro et Tagliacozzo. Classement du jour, \u00e9carts et impact sur le g\u00e9n\u00e9ral.","twitter_creator":"@https:\/\/twitter.com\/FlOstermann","twitter_site":"@dicodusport","schema":{"@context":"https:\/\/schema.org","@graph":[{"@type":"NewsArticle","@id":"https:\/\/dicodusport.fr\/blog\/tour-ditalie-2025-classement-7eme-etape-du-giro\/#article","isPartOf":{"@id":"https:\/\/dicodusport.fr\/blog\/tour-ditalie-2025-classement-7eme-etape-du-giro\/"},"author":{"name":"Flo Ostermann","@id":"https:\/\/dicodusport.fr\/blog\/#\/schema\/person\/cb02af4c173ce4a653b55e9baf388d4a"},"headline":"Tour d&rsquo;Italie 2025 &#8211; Classement 7\u00e8me \u00e9tape du Giro","datePublished":"2025-05-16T15:27:30+00:00","dateModified":"2025-05-16T16:06:55+00:00","mainEntityOfPage":{"@id":"https:\/\/dicodusport.fr\/blog\/tour-ditalie-2025-classement-7eme-etape-du-giro\/"},"wordCount":599,"commentCount":0,"publisher":{"@id":"https:\/\/dicodusport.fr\/blog\/#organization"},"image":{"@id":"https:\/\/dicodusport.fr\/blog\/tour-ditalie-2025-classement-7eme-etape-du-giro\/#primaryimage"},"thumbnailUrl":"https:\/\/dicodusport.fr\/blog\/wp-content\/uploads\/2025\/05\/Tour-dItalie-2025-Classement-7eme-etape-du-Giro.png","keywords":["br\u00e8ve","Tour d'Italie"],"articleSection":["Tour d'Italie"],"inLanguage":"fr-FR","potentialAction":[{"@type":"CommentAction","name":"Comment","target":["https:\/\/dicodusport.fr\/blog\/tour-ditalie-2025-classement-7eme-etape-du-giro\/#respond"]}],"copyrightYear":"2025","copyrightHolder":{"@id":"https:\/\/dicodusport.fr\/blog\/#organization"}},{"@type":"WebPage","@id":"https:\/\/dicodusport.fr\/blog\/tour-ditalie-2025-classement-7eme-etape-du-giro\/","url":"https:\/\/dicodusport.fr\/blog\/tour-ditalie-2025-classement-7eme-etape-du-giro\/","name":"Tour d'Italie 2025 - Classement 7\u00e8me \u00e9tape du Giro","isPartOf":{"@id":"https:\/\/dicodusport.fr\/blog\/#website"},"primaryImageOfPage":{"@id":"https:\/\/dicodusport.fr\/blog\/tour-ditalie-2025-classement-7eme-etape-du-giro\/#primaryimage"},"image":{"@id":"https:\/\/dicodusport.fr\/blog\/tour-ditalie-2025-classement-7eme-etape-du-giro\/#primaryimage"},"thumbnailUrl":"https:\/\/dicodusport.fr\/blog\/wp-content\/uploads\/2025\/05\/Tour-dItalie-2025-Classement-7eme-etape-du-Giro.png","datePublished":"2025-05-16T15:27:30+00:00","dateModified":"2025-05-16T16:06:55+00:00","description":"Retrouvez le classement et les r\u00e9sultats de la 7\u00e8me \u00e9tape du Tour d'Italie 2025, qui s'est d\u00e9roul\u00e9e ce vendredi 16 mai entre Castel di Sangro et Tagliacozzo (168 km).","breadcrumb":{"@id":"https:\/\/dicodusport.fr\/blog\/tour-ditalie-2025-classement-7eme-etape-du-giro\/#breadcrumb"},"inLanguage":"fr-FR","potentialAction":[{"@type":"ReadAction","target":["https:\/\/dicodusport.fr\/blog\/tour-ditalie-2025-classement-7eme-etape-du-giro\/"]}]},{"@type":"ImageObject","inLanguage":"fr-FR","@id":"https:\/\/dicodusport.fr\/blog\/tour-ditalie-2025-classement-7eme-etape-du-giro\/#primaryimage","url":"https:\/\/dicodusport.fr\/blog\/wp-content\/uploads\/2025\/05\/Tour-dItalie-2025-Classement-7eme-etape-du-Giro.png","contentUrl":"https:\/\/dicodusport.fr\/blog\/wp-content\/uploads\/2025\/05\/Tour-dItalie-2025-Classement-7eme-etape-du-Giro.png","width":1200,"height":674,"caption":"Tour d'Italie 2025 - Classement 7\u00e8me \u00e9tape du Giro"},{"@type":"BreadcrumbList","@id":"https:\/\/dicodusport.fr\/blog\/tour-ditalie-2025-classement-7eme-etape-du-giro\/#breadcrumb","itemListElement":[{"@type":"ListItem","position":1,"name":"Accueil","item":"https:\/\/dicodusport.fr\/blog\/"},{"@type":"ListItem","position":2,"name":"Tour d&rsquo;Italie 2025 &#8211; Classement 7\u00e8me \u00e9tape du Giro"}]},{"@type":"WebSite","@id":"https:\/\/dicodusport.fr\/blog\/#website","url":"https:\/\/dicodusport.fr\/blog\/","name":"Dicodusport","description":"L&#039;encyclop\u00e9die de l&#039;actualit\u00e9 sportive","publisher":{"@id":"https:\/\/dicodusport.fr\/blog\/#organization"},"potentialAction":[{"@type":"SearchAction","target":{"@type":"EntryPoint","urlTemplate":"https:\/\/dicodusport.fr\/blog\/?s={search_term_string}"},"query-input":{"@type":"PropertyValueSpecification","valueRequired":true,"valueName":"search_term_string"}}],"inLanguage":"fr-FR"},{"@type":"NewsMediaOrganization","@id":"https:\/\/dicodusport.fr\/blog\/#organization","name":"Dicodusport","url":"https:\/\/dicodusport.fr\/blog\/","logo":{"@type":"ImageObject","inLanguage":"fr-FR","@id":"https:\/\/dicodusport.fr\/blog\/#\/schema\/logo\/image\/","url":"https:\/\/dicodusport.fr\/blog\/wp-content\/uploads\/2020\/06\/cropped-LOGO-DICODUSPORT-2020-SANS-FOND-SANS-TEXTE.png","contentUrl":"https:\/\/dicodusport.fr\/blog\/wp-content\/uploads\/2020\/06\/cropped-LOGO-DICODUSPORT-2020-SANS-FOND-SANS-TEXTE.png","width":512,"height":512,"caption":"Dicodusport"},"image":{"@id":"https:\/\/dicodusport.fr\/blog\/#\/schema\/logo\/image\/"},"sameAs":["https:\/\/www.facebook.com\/dicodusport","https:\/\/x.com\/dicodusport","https:\/\/www.instagram.com\/dicodusport\/","https:\/\/www.youtube.com\/channel\/UC7V2KZ5sd3htJivAbA4ZG3w"],"description":"Dicodusport est l'encyclop\u00e9die de l'actualit\u00e9 sportive.","email":"bonjour@dicodusport.fr","legalName":"DICODUSPORT","foundingDate":"2018-01-14","vatID":"FR71834470973","taxID":"83447097300043","numberOfEmployees":{"@type":"QuantitativeValue","minValue":"1","maxValue":"10"}},{"@type":"Person","@id":"https:\/\/dicodusport.fr\/blog\/#\/schema\/person\/cb02af4c173ce4a653b55e9baf388d4a","name":"Flo Ostermann","image":{"@type":"ImageObject","inLanguage":"fr-FR","@id":"https:\/\/dicodusport.fr\/blog\/#\/schema\/person\/image\/","url":"https:\/\/dicodusport.fr\/blog\/wp-content\/uploads\/2021\/05\/Flo-Ostermann-150x150.jpg","contentUrl":"https:\/\/dicodusport.fr\/blog\/wp-content\/uploads\/2021\/05\/Flo-Ostermann-150x150.jpg","caption":"Flo Ostermann"},"description":"Journaliste\/R\u00e9dacteur depuis septembre 2015 - Mes premiers souvenirs dans le sport ? Les envol\u00e9es du Stade Toulousain et les duels Villeneuve-Schumacher et H\u00e4kkinen-Schumacher \u00e0 la fin des ann\u00e9es 90, la Coupe du monde de football en 1998, l\u2019exploit du XV de France face aux All Blacks en 1999, mais aussi Richard C\u0153ur de Lion qui vole sur les montagnes du Tour de France. Bien parti pour devenir professeur d\u2019EPS, les \u00e9v\u00e9nements de la vie (et la flemme d\u2019animer des s\u00e9ances de 3x500 m\u00e8tres toute ma vie) m\u2019ont conduit \u00e0 revoir mes plans. Me voil\u00e0 depuis fin 2017 sur Dicodusport, m\u00e9dia gr\u00e2ce (et pour) lequel je partage ma passion : le sport dans tous ses \u00e9tats. Le tout accompagn\u00e9 par les fous furieux et folles furieuses cit\u00e9s sur cette page !","sameAs":["https:\/\/www.facebook.com\/florent.ostermann","https:\/\/x.com\/https:\/\/twitter.com\/FlOstermann","admin"],"url":"https:\/\/dicodusport.fr\/blog\/author\/flo\/"}]}},"_links":{"self":[{"href":"https:\/\/dicodusport.fr\/blog\/wp-json\/wp\/v2\/posts\/579311","targetHints":{"allow":["GET"]}}],"collection":[{"href":"https:\/\/dicodusport.fr\/blog\/wp-json\/wp\/v2\/posts"}],"about":[{"href":"https:\/\/dicodusport.fr\/blog\/wp-json\/wp\/v2\/types\/post"}],"author":[{"embeddable":true,"href":"https:\/\/dicodusport.fr\/blog\/wp-json\/wp\/v2\/users\/4"}],"replies":[{"embeddable":true,"href":"https:\/\/dicodusport.fr\/blog\/wp-json\/wp\/v2\/comments?post=579311"}],"version-history":[{"count":5,"href":"https:\/\/dicodusport.fr\/blog\/wp-json\/wp\/v2\/posts\/579311\/revisions"}],"predecessor-version":[{"id":579428,"href":"https:\/\/dicodusport.fr\/blog\/wp-json\/wp\/v2\/posts\/579311\/revisions\/579428"}],"wp:featuredmedia":[{"embeddable":true,"href":"https:\/\/dicodusport.fr\/blog\/wp-json\/wp\/v2\/media\/579323"}],"wp:attachment":[{"href":"https:\/\/dicodusport.fr\/blog\/wp-json\/wp\/v2\/media?parent=579311"}],"wp:term":[{"taxonomy":"category","embeddable":true,"href":"https:\/\/dicodusport.fr\/blog\/wp-json\/wp\/v2\/categories?post=579311"},{"taxonomy":"post_tag","embeddable":true,"href":"https:\/\/dicodusport.fr\/blog\/wp-json\/wp\/v2\/tags?post=579311"}],"curies":[{"name":"wp","href":"https:\/\/api.w.org\/{rel}","templated":true}]}}