{"id":579335,"date":"2025-06-07T19:42:22","date_gmt":"2025-06-07T17:42:22","guid":{"rendered":"https:\/\/dicodusport.fr\/blog\/?p=579335&#038;preview=true&#038;preview_id=579335"},"modified":"2025-06-07T19:54:23","modified_gmt":"2025-06-07T17:54:23","slug":"phase-finale-pro-d2-le-tableau-complet","status":"publish","type":"post","link":"https:\/\/dicodusport.fr\/blog\/phase-finale-pro-d2-le-tableau-complet\/","title":{"rendered":"Phase finale Pro D2 &#8211; Le tableau complet"},"content":{"rendered":"<p style=\"text-align: justify;\"><strong><i>PRO D2 2024-2025 &#8211; Retrouvez le tableau complet ainsi que le programme et les horaires de la phase finale de Pro D2, qui se dispute du jeudi 22 mai au samedi 14 juin 2025.<\/i><\/strong><\/p>\n<ul>\n<li style=\"text-align: justify;\"><strong>\u00c0 ce sujet &#8211; <a href=\"https:\/\/dicodusport.fr\/blog\/actualites\/rugby\/rugby-a-xv\/\">L&rsquo;actualit\u00e9 du rugby \u00e0 XV<\/a><\/strong><\/li>\n<\/ul>\n<p style=\"text-align: justify;\">La <strong>phase finale de la Pro D2 2024-2025<\/strong> s&rsquo;annonce palpitante, avec des enjeux majeurs tant pour la mont\u00e9e en Top 14 que pour le maintien. La saison r\u00e9guli\u00e8re s&rsquo;ach\u00e8ve ce vendredi 16 mai 2025, laissant place aux confrontations d\u00e9cisives.<\/p>\n<p style=\"text-align: justify;\">Les deux premiers de la saison r\u00e9guli\u00e8re, <strong>Brive<\/strong> et <strong>Grenoble<\/strong>, sont directement qualifi\u00e9s pour les demi-finales. Les \u00e9quipes class\u00e9es de la <strong>3\u00e8me \u00e0 la 6\u00e8me place<\/strong> s&rsquo;affrontent lors des barrages pour d\u00e9crocher leur ticket en demi-finales. Le <strong>vainqueur de la finale<\/strong> sera promu en Top 14, tandis que le finaliste aura une seconde chance via le match d\u2019accession contre le <strong>13\u00e8me du Top 14<\/strong>. En parall\u00e8le, le <strong>15\u00e8me de Pro D2<\/strong> devra d\u00e9fendre sa place face au <strong>finaliste perdant de Nationale<\/strong> lors d&rsquo;un match crucial. Comme \u00e0 son habitude, cette phase finale promet des rencontres palpitantes et spectaculaires.<\/p>\n<ul>\n<li style=\"text-align: justify;\"><strong>\u00c0 ce sujet &#8211; <a href=\"https:\/\/dicodusport.fr\/blog\/classement-pro-d2-2024-2025\/\">Classement Pro D2 2024-2025<\/a><\/strong><\/li>\n<\/ul>\n<h2 style=\"text-align: center;\"><span style=\"color: #000000;\">&#8211; BARRAGES &#8211;<\/span><\/h2>\n<table style=\"width: 840px;\">\n<tbody>\n<tr style=\"height: 24px;\">\n<td style=\"width: 840px; background-color: #052c47; height: 22px; text-align: center; vertical-align: middle;\" colspan=\"3\"><span style=\"color: #acc3e4;\"><strong>JEUDI 22 MAI 2025<\/strong><\/span><span style=\"color: #ffffff;\"><strong><br \/>\n<\/strong><\/span><\/td>\n<\/tr>\n<tr style=\"height: 24px;\">\n<td style=\"width: 304px; text-align: center; height: 10px; vertical-align: middle;\"><strong>PROVENCE RUGBY<\/strong><\/td>\n<td style=\"text-align: center; width: 192px; height: 10px; vertical-align: middle;\"><strong>49 &#8211; 22<\/strong><br \/>\n<a href=\"https:\/\/dicodusport.fr\/blog\/barrages-pro-d2-provence-rugby-elimine-sechement-le-sa-xv-et-rejoint-les-demi-finales\/\"><strong><span style=\"font-size: 0.8em;\"><i>R\u00e9sum\u00e9<\/i><\/span><\/strong><\/a><\/td>\n<td style=\"text-align: center; height: 10px; width: 304px; vertical-align: middle;\">SOYAUX-ANGOUL\u00caME<\/td>\n<\/tr>\n<tr style=\"height: 24px;\">\n<td style=\"width: 840px; background-color: #052c47; height: 22px; text-align: center; vertical-align: middle;\" colspan=\"3\"><span style=\"color: #ffffff;\"><strong><span style=\"color: #acc3e4;\">VENDREDI 23 MAI 2025<\/span><\/strong><\/span><\/td>\n<\/tr>\n<tr style=\"height: 10px;\">\n<td style=\"width: 304px; text-align: center; height: 10px; vertical-align: middle;\">COLOMIERS<\/td>\n<td style=\"text-align: center; width: 192px; height: 10px; vertical-align: middle;\"><strong>23 &#8211; 26<\/strong><br \/>\n<a href=\"https:\/\/dicodusport.fr\/blog\/barrages-pro-d2-montauban-cree-exploit-a-colomiers-et-rejoint-brive-en-demi-finales\/\"><strong><span style=\"font-size: 0.8em;\"><i>R\u00e9sum\u00e9<\/i><\/span><\/strong><\/a><\/td>\n<td style=\"text-align: center; height: 10px; width: 304px; vertical-align: middle;\"><strong>MONTAUBAN<\/strong><\/td>\n<\/tr>\n<\/tbody>\n<\/table>\n<hr \/>\n<h2 style=\"text-align: center;\"><span style=\"color: #000000;\">&#8211; DEMI-FINALES &#8211;<\/span><\/h2>\n<table style=\"width: 840px;\">\n<tbody>\n<tr style=\"height: 24px;\">\n<td style=\"width: 840px; background-color: #052c47; height: 22px; text-align: center; vertical-align: middle;\" colspan=\"3\"><span style=\"color: #acc3e4;\"><strong>JEUDI 29 MAI 2025<\/strong><\/span><span style=\"color: #ffffff;\"><strong><br \/>\n<\/strong><\/span><\/td>\n<\/tr>\n<tr style=\"height: 24px;\">\n<td style=\"width: 304px; text-align: center; height: 10px; vertical-align: middle;\"><strong>GRENOBLE<\/strong><\/td>\n<td style=\"text-align: center; width: 192px; height: 10px; vertical-align: middle;\"><strong>38 &#8211; 17<\/strong><br \/>\n<a href=\"https:\/\/dicodusport.fr\/blog\/demi-finales-pro-d2-grenoble-domine-provence-rugby-et-fonce-en-finale\/\"><strong><span style=\"font-size: 0.8em;\"><i>R\u00e9sum\u00e9<\/i><\/span><\/strong><\/a><\/td>\n<td style=\"text-align: center; height: 10px; width: 304px; vertical-align: middle;\">PROVENCE RUGBY<\/td>\n<\/tr>\n<tr style=\"height: 24px;\">\n<td style=\"width: 840px; background-color: #052c47; height: 22px; text-align: center; vertical-align: middle;\" colspan=\"3\"><span style=\"color: #ffffff;\"><strong><span style=\"color: #acc3e4;\">VENDREDI 30 MAI 2025<\/span><\/strong><\/span><\/td>\n<\/tr>\n<tr style=\"height: 10px;\">\n<td style=\"width: 304px; text-align: center; height: 10px; vertical-align: middle;\">BRIVE<\/td>\n<td style=\"text-align: center; width: 192px; height: 10px; vertical-align: middle;\"><strong>13 &#8211; 29<\/strong><br \/>\n<a href=\"https:\/\/dicodusport.fr\/blog\/demi-finales-pro-d2-montauban-detonne-encore-et-elimine-brive-pour-passer-en-finale\/\"><strong><span style=\"font-size: 0.8em;\"><i>R\u00e9sum\u00e9<\/i><\/span><\/strong><\/a><\/td>\n<td style=\"text-align: center; height: 10px; width: 304px; vertical-align: middle;\"><strong>MONTAUBAN<\/strong><\/td>\n<\/tr>\n<\/tbody>\n<\/table>\n<hr \/>\n<h2 style=\"text-align: center;\"><span style=\"color: #000000;\">&#8211; ACCESS MATCH PRO D2 &#8211;<\/span><\/h2>\n<table style=\"width: 840px;\">\n<tbody>\n<tr style=\"height: 24px;\">\n<td style=\"width: 840px; background-color: #052c47; height: 22px; text-align: center; vertical-align: middle;\" colspan=\"3\"><span style=\"color: #ffffff;\"><strong><span style=\"color: #acc3e4;\">DIMANCHE 1ER JUIN 2025<\/span><\/strong><\/span><\/td>\n<\/tr>\n<tr style=\"height: 10px;\">\n<td style=\"width: 304px; text-align: center; height: 10px; vertical-align: middle;\">CHAMB\u00c9RY<\/td>\n<td style=\"text-align: center; width: 192px; height: 10px; vertical-align: middle;\"><strong>15 &#8211; 45<\/strong><br \/>\n<a href=\"https:\/\/dicodusport.fr\/blog\/access-match-pro-d2-aurillac-valide-son-maintien-a-chambery\/\"><strong><span style=\"font-size: 0.8em;\"><i>R\u00e9sum\u00e9<\/i><\/span><\/strong><\/a><\/td>\n<td style=\"text-align: center; height: 10px; width: 304px; vertical-align: middle;\"><strong>AURILLAC<\/strong><\/td>\n<\/tr>\n<\/tbody>\n<\/table>\n<hr \/>\n<h2 style=\"text-align: center;\"><span style=\"color: #000000;\">&#8211; FINALE &#8211;<\/span><\/h2>\n<table style=\"width: 840px;\">\n<tbody>\n<tr style=\"height: 24px;\">\n<td style=\"width: 840px; background-color: #052c47; height: 22px; text-align: center; vertical-align: middle;\" colspan=\"3\"><span style=\"color: #ffffff;\"><strong><span style=\"color: #acc3e4;\">SAMEDI 7 JUIN 2025<\/span><br \/>\n<\/strong><\/span><\/td>\n<\/tr>\n<tr style=\"height: 24px;\">\n<td style=\"width: 38%; text-align: center; height: 10px; vertical-align: middle;\">GRENOBLE<\/td>\n<td style=\"text-align: center; width: 24%; height: 10px; vertical-align: middle;\"><strong>19 &#8211; 24<\/strong><br \/>\n<a title=\"Finale Pro D2 : Montauban fait tomber Grenoble et retrouve le Top 14 !\" href=\"https:\/\/dicodusport.fr\/blog\/finale-pro-d2-montauban-fait-tomber-grenoble-et-retrouve-le-top-14\/\" rel=\"\"><strong><span style=\"font-size: 0.8em;\"><i>R\u00e9sum\u00e9<\/i><\/span><\/strong><\/a> &#8211; <a title=\"Grenoble-Montauban : Quercy, Zabalza, Hulleu, les notes de la finale de Pro D2\" href=\"https:\/\/dicodusport.fr\/blog\/grenoble-montauban-quercy-zabalza-hulleu-les-notes-de-la-finale-de-pro-d2\/\" rel=\"\"><strong><span style=\"font-size: 0.8em;\"><i>Notes<\/i><\/span><\/strong><\/a><\/td>\n<td style=\"text-align: center; height: 10px; width: 38%; vertical-align: middle;\"><strong>MONTAUBAN<\/strong><\/td>\n<\/tr>\n<\/tbody>\n<\/table>\n<hr \/>\n<h2 style=\"text-align: center;\"><span style=\"color: #000000;\">&#8211; ACCESS MATCH TOP 14 &#8211;<\/span><\/h2>\n<table style=\"width: 840px;\">\n<tbody>\n<tr style=\"height: 24px;\">\n<td style=\"width: 840px; background-color: #052c47; height: 22px; text-align: center; vertical-align: middle;\" colspan=\"3\"><span style=\"color: #ffffff;\"><strong><span style=\"color: #acc3e4;\">SAMEDI 14 JUIN 2025<\/span><\/strong><\/span><\/td>\n<\/tr>\n<tr style=\"height: 10px;\">\n<td style=\"width: 304px; text-align: center; height: 10px; vertical-align: middle;\"><strong>GRENOBLE<\/strong><\/td>\n<td style=\"text-align: center; width: 192px; height: 10px; vertical-align: middle;\"><strong>15H00<\/strong><br \/>\n<strong><span style=\"font-size: 0.8em;\"><i>Canal+ Sport<\/i><\/span><\/strong><\/td>\n<td style=\"text-align: center; height: 10px; width: 304px; vertical-align: middle;\"><strong>13\u00e8me du classement de Top 14<\/strong><\/td>\n<\/tr>\n<\/tbody>\n<\/table>\n","protected":false},"excerpt":{"rendered":"<p>Retrouvez le tableau complet ainsi que le programme et les horaires de la phase finale de Pro D2, qui se dispute du jeudi 22 mai au samedi 14 juin 2025.<\/p>\n","protected":false},"author":4,"featured_media":579355,"comment_status":"open","ping_status":"closed","sticky":false,"template":"","format":"standard","meta":{"_acf_changed":false,"_daextam_enable_autolinks":"1","footnotes":""},"categories":[9129],"tags":[16878,1839],"class_list":["post-579335","post","type-post","status-publish","format-standard","has-post-thumbnail","hentry","category-rugby-a-xv","tag-breve","tag-pro-d2"],"acf":[],"yoast_head":"<!-- This site is optimized with the Yoast SEO Premium plugin v26.7 (Yoast SEO v26.7) - https:\/\/yoast.com\/wordpress\/plugins\/seo\/ -->\n<title>Phase finale Pro D2 - Le tableau complet<\/title>\n<meta name=\"description\" content=\"Retrouvez le tableau complet ainsi que le programme et les horaires de la phase finale de Pro D2, qui se dispute du jeudi 22 mai au samedi 14 juin 2025.\" \/>\n<meta name=\"robots\" content=\"index, follow, max-snippet:-1, max-image-preview:large, max-video-preview:-1\" \/>\n<link rel=\"canonical\" href=\"https:\/\/dicodusport.fr\/blog\/phase-finale-pro-d2-le-tableau-complet\/\" \/>\n<meta property=\"og:locale\" content=\"fr_FR\" \/>\n<meta property=\"og:type\" content=\"article\" \/>\n<meta property=\"og:title\" content=\"Phase finale Pro D2 - Le tableau complet\" \/>\n<meta property=\"og:description\" content=\"Retrouvez le tableau complet ainsi que le programme et les horaires de la phase finale de Pro D2, qui se dispute du jeudi 22 mai au samedi 14 juin 2025.\" \/>\n<meta property=\"og:url\" content=\"https:\/\/dicodusport.fr\/blog\/phase-finale-pro-d2-le-tableau-complet\/\" \/>\n<meta property=\"og:site_name\" content=\"Dicodusport\" \/>\n<meta property=\"article:publisher\" content=\"https:\/\/www.facebook.com\/dicodusport\" \/>\n<meta property=\"article:author\" content=\"https:\/\/www.facebook.com\/florent.ostermann\" \/>\n<meta property=\"article:published_time\" content=\"2025-06-07T17:42:22+00:00\" \/>\n<meta property=\"article:modified_time\" content=\"2025-06-07T17:54:23+00:00\" \/>\n<meta property=\"og:image\" content=\"https:\/\/dicodusport.fr\/blog\/wp-content\/uploads\/2025\/05\/Phase-finale-Pro-D2-Le-tableau-complet.png\" \/>\n\t<meta property=\"og:image:width\" content=\"1200\" \/>\n\t<meta property=\"og:image:height\" content=\"674\" \/>\n\t<meta property=\"og:image:type\" content=\"image\/png\" \/>\n<meta name=\"author\" content=\"Flo Ostermann\" \/>\n<meta name=\"twitter:card\" content=\"summary_large_image\" \/>\n<meta name=\"twitter:title\" content=\"Phase finale Pro D2 - Le tableau complet\" \/>\n<meta name=\"twitter:creator\" content=\"@https:\/\/twitter.com\/FlOstermann\" \/>\n<meta name=\"twitter:site\" content=\"@dicodusport\" \/>\n<script type=\"application\/ld+json\" class=\"yoast-schema-graph\">{\"@context\":\"https:\/\/schema.org\",\"@graph\":[{\"@type\":\"NewsArticle\",\"@id\":\"https:\/\/dicodusport.fr\/blog\/phase-finale-pro-d2-le-tableau-complet\/#article\",\"isPartOf\":{\"@id\":\"https:\/\/dicodusport.fr\/blog\/phase-finale-pro-d2-le-tableau-complet\/\"},\"author\":{\"name\":\"Flo Ostermann\",\"@id\":\"https:\/\/dicodusport.fr\/blog\/#\/schema\/person\/cb02af4c173ce4a653b55e9baf388d4a\"},\"headline\":\"Phase finale Pro D2 &#8211; Le tableau complet\",\"datePublished\":\"2025-06-07T17:42:22+00:00\",\"dateModified\":\"2025-06-07T17:54:23+00:00\",\"mainEntityOfPage\":{\"@id\":\"https:\/\/dicodusport.fr\/blog\/phase-finale-pro-d2-le-tableau-complet\/\"},\"wordCount\":281,\"commentCount\":0,\"publisher\":{\"@id\":\"https:\/\/dicodusport.fr\/blog\/#organization\"},\"image\":{\"@id\":\"https:\/\/dicodusport.fr\/blog\/phase-finale-pro-d2-le-tableau-complet\/#primaryimage\"},\"thumbnailUrl\":\"https:\/\/dicodusport.fr\/blog\/wp-content\/uploads\/2025\/05\/Phase-finale-Pro-D2-Le-tableau-complet.png\",\"keywords\":[\"br\u00e8ve\",\"Pro D2\"],\"articleSection\":[\"Rugby \u00e0 XV\"],\"inLanguage\":\"fr-FR\",\"potentialAction\":[{\"@type\":\"CommentAction\",\"name\":\"Comment\",\"target\":[\"https:\/\/dicodusport.fr\/blog\/phase-finale-pro-d2-le-tableau-complet\/#respond\"]}],\"copyrightYear\":\"2025\",\"copyrightHolder\":{\"@id\":\"https:\/\/dicodusport.fr\/blog\/#organization\"}},{\"@type\":\"WebPage\",\"@id\":\"https:\/\/dicodusport.fr\/blog\/phase-finale-pro-d2-le-tableau-complet\/\",\"url\":\"https:\/\/dicodusport.fr\/blog\/phase-finale-pro-d2-le-tableau-complet\/\",\"name\":\"Phase finale Pro D2 - Le tableau complet\",\"isPartOf\":{\"@id\":\"https:\/\/dicodusport.fr\/blog\/#website\"},\"primaryImageOfPage\":{\"@id\":\"https:\/\/dicodusport.fr\/blog\/phase-finale-pro-d2-le-tableau-complet\/#primaryimage\"},\"image\":{\"@id\":\"https:\/\/dicodusport.fr\/blog\/phase-finale-pro-d2-le-tableau-complet\/#primaryimage\"},\"thumbnailUrl\":\"https:\/\/dicodusport.fr\/blog\/wp-content\/uploads\/2025\/05\/Phase-finale-Pro-D2-Le-tableau-complet.png\",\"datePublished\":\"2025-06-07T17:42:22+00:00\",\"dateModified\":\"2025-06-07T17:54:23+00:00\",\"description\":\"Retrouvez le tableau complet ainsi que le programme et les horaires de la phase finale de Pro D2, qui se dispute du jeudi 22 mai au samedi 14 juin 2025.\",\"breadcrumb\":{\"@id\":\"https:\/\/dicodusport.fr\/blog\/phase-finale-pro-d2-le-tableau-complet\/#breadcrumb\"},\"inLanguage\":\"fr-FR\",\"potentialAction\":[{\"@type\":\"ReadAction\",\"target\":[\"https:\/\/dicodusport.fr\/blog\/phase-finale-pro-d2-le-tableau-complet\/\"]}]},{\"@type\":\"ImageObject\",\"inLanguage\":\"fr-FR\",\"@id\":\"https:\/\/dicodusport.fr\/blog\/phase-finale-pro-d2-le-tableau-complet\/#primaryimage\",\"url\":\"https:\/\/dicodusport.fr\/blog\/wp-content\/uploads\/2025\/05\/Phase-finale-Pro-D2-Le-tableau-complet.png\",\"contentUrl\":\"https:\/\/dicodusport.fr\/blog\/wp-content\/uploads\/2025\/05\/Phase-finale-Pro-D2-Le-tableau-complet.png\",\"width\":1200,\"height\":674,\"caption\":\"Phase finale Pro D2 - Le tableau complet\"},{\"@type\":\"BreadcrumbList\",\"@id\":\"https:\/\/dicodusport.fr\/blog\/phase-finale-pro-d2-le-tableau-complet\/#breadcrumb\",\"itemListElement\":[{\"@type\":\"ListItem\",\"position\":1,\"name\":\"Accueil\",\"item\":\"https:\/\/dicodusport.fr\/blog\/\"},{\"@type\":\"ListItem\",\"position\":2,\"name\":\"Phase finale Pro D2 &#8211; Le tableau complet\"}]},{\"@type\":\"WebSite\",\"@id\":\"https:\/\/dicodusport.fr\/blog\/#website\",\"url\":\"https:\/\/dicodusport.fr\/blog\/\",\"name\":\"Dicodusport\",\"description\":\"L&#039;encyclop\u00e9die de l&#039;actualit\u00e9 sportive\",\"publisher\":{\"@id\":\"https:\/\/dicodusport.fr\/blog\/#organization\"},\"potentialAction\":[{\"@type\":\"SearchAction\",\"target\":{\"@type\":\"EntryPoint\",\"urlTemplate\":\"https:\/\/dicodusport.fr\/blog\/?s={search_term_string}\"},\"query-input\":{\"@type\":\"PropertyValueSpecification\",\"valueRequired\":true,\"valueName\":\"search_term_string\"}}],\"inLanguage\":\"fr-FR\"},{\"@type\":\"NewsMediaOrganization\",\"@id\":\"https:\/\/dicodusport.fr\/blog\/#organization\",\"name\":\"Dicodusport\",\"url\":\"https:\/\/dicodusport.fr\/blog\/\",\"logo\":{\"@type\":\"ImageObject\",\"inLanguage\":\"fr-FR\",\"@id\":\"https:\/\/dicodusport.fr\/blog\/#\/schema\/logo\/image\/\",\"url\":\"https:\/\/dicodusport.fr\/blog\/wp-content\/uploads\/2020\/06\/cropped-LOGO-DICODUSPORT-2020-SANS-FOND-SANS-TEXTE.png\",\"contentUrl\":\"https:\/\/dicodusport.fr\/blog\/wp-content\/uploads\/2020\/06\/cropped-LOGO-DICODUSPORT-2020-SANS-FOND-SANS-TEXTE.png\",\"width\":512,\"height\":512,\"caption\":\"Dicodusport\"},\"image\":{\"@id\":\"https:\/\/dicodusport.fr\/blog\/#\/schema\/logo\/image\/\"},\"sameAs\":[\"https:\/\/www.facebook.com\/dicodusport\",\"https:\/\/x.com\/dicodusport\",\"https:\/\/www.instagram.com\/dicodusport\/\",\"https:\/\/www.youtube.com\/channel\/UC7V2KZ5sd3htJivAbA4ZG3w\"],\"description\":\"Dicodusport est l'encyclop\u00e9die de l'actualit\u00e9 sportive.\",\"email\":\"bonjour@dicodusport.fr\",\"legalName\":\"DICODUSPORT\",\"foundingDate\":\"2018-01-14\",\"vatID\":\"FR71834470973\",\"taxID\":\"83447097300043\",\"numberOfEmployees\":{\"@type\":\"QuantitativeValue\",\"minValue\":\"1\",\"maxValue\":\"10\"}},{\"@type\":\"Person\",\"@id\":\"https:\/\/dicodusport.fr\/blog\/#\/schema\/person\/cb02af4c173ce4a653b55e9baf388d4a\",\"name\":\"Flo Ostermann\",\"image\":{\"@type\":\"ImageObject\",\"inLanguage\":\"fr-FR\",\"@id\":\"https:\/\/dicodusport.fr\/blog\/#\/schema\/person\/image\/\",\"url\":\"https:\/\/dicodusport.fr\/blog\/wp-content\/uploads\/2021\/05\/Flo-Ostermann-150x150.jpg\",\"contentUrl\":\"https:\/\/dicodusport.fr\/blog\/wp-content\/uploads\/2021\/05\/Flo-Ostermann-150x150.jpg\",\"caption\":\"Flo Ostermann\"},\"description\":\"Journaliste\/R\u00e9dacteur depuis septembre 2015 - Mes premiers souvenirs dans le sport ? Les envol\u00e9es du Stade Toulousain et les duels Villeneuve-Schumacher et H\u00e4kkinen-Schumacher \u00e0 la fin des ann\u00e9es 90, la Coupe du monde de football en 1998, l\u2019exploit du XV de France face aux All Blacks en 1999, mais aussi Richard C\u0153ur de Lion qui vole sur les montagnes du Tour de France. Bien parti pour devenir professeur d\u2019EPS, les \u00e9v\u00e9nements de la vie (et la flemme d\u2019animer des s\u00e9ances de 3x500 m\u00e8tres toute ma vie) m\u2019ont conduit \u00e0 revoir mes plans. Me voil\u00e0 depuis fin 2017 sur Dicodusport, m\u00e9dia gr\u00e2ce (et pour) lequel je partage ma passion : le sport dans tous ses \u00e9tats. Le tout accompagn\u00e9 par les fous furieux et folles furieuses cit\u00e9s sur cette page !\",\"sameAs\":[\"https:\/\/www.facebook.com\/florent.ostermann\",\"https:\/\/x.com\/https:\/\/twitter.com\/FlOstermann\",\"admin\"],\"url\":\"https:\/\/dicodusport.fr\/blog\/author\/flo\/\"}]}<\/script>\n<!-- \/ Yoast SEO Premium plugin. -->","yoast_head_json":{"title":"Phase finale Pro D2 - Le tableau complet","description":"Retrouvez le tableau complet ainsi que le programme et les horaires de la phase finale de Pro D2, qui se dispute du jeudi 22 mai au samedi 14 juin 2025.","robots":{"index":"index","follow":"follow","max-snippet":"max-snippet:-1","max-image-preview":"max-image-preview:large","max-video-preview":"max-video-preview:-1"},"canonical":"https:\/\/dicodusport.fr\/blog\/phase-finale-pro-d2-le-tableau-complet\/","og_locale":"fr_FR","og_type":"article","og_title":"Phase finale Pro D2 - Le tableau complet","og_description":"Retrouvez le tableau complet ainsi que le programme et les horaires de la phase finale de Pro D2, qui se dispute du jeudi 22 mai au samedi 14 juin 2025.","og_url":"https:\/\/dicodusport.fr\/blog\/phase-finale-pro-d2-le-tableau-complet\/","og_site_name":"Dicodusport","article_publisher":"https:\/\/www.facebook.com\/dicodusport","article_author":"https:\/\/www.facebook.com\/florent.ostermann","article_published_time":"2025-06-07T17:42:22+00:00","article_modified_time":"2025-06-07T17:54:23+00:00","og_image":[{"width":1200,"height":674,"url":"https:\/\/dicodusport.fr\/blog\/wp-content\/uploads\/2025\/05\/Phase-finale-Pro-D2-Le-tableau-complet.png","type":"image\/png"}],"author":"Flo Ostermann","twitter_card":"summary_large_image","twitter_title":"Phase finale Pro D2 - Le tableau complet","twitter_creator":"@https:\/\/twitter.com\/FlOstermann","twitter_site":"@dicodusport","schema":{"@context":"https:\/\/schema.org","@graph":[{"@type":"NewsArticle","@id":"https:\/\/dicodusport.fr\/blog\/phase-finale-pro-d2-le-tableau-complet\/#article","isPartOf":{"@id":"https:\/\/dicodusport.fr\/blog\/phase-finale-pro-d2-le-tableau-complet\/"},"author":{"name":"Flo Ostermann","@id":"https:\/\/dicodusport.fr\/blog\/#\/schema\/person\/cb02af4c173ce4a653b55e9baf388d4a"},"headline":"Phase finale Pro D2 &#8211; Le tableau complet","datePublished":"2025-06-07T17:42:22+00:00","dateModified":"2025-06-07T17:54:23+00:00","mainEntityOfPage":{"@id":"https:\/\/dicodusport.fr\/blog\/phase-finale-pro-d2-le-tableau-complet\/"},"wordCount":281,"commentCount":0,"publisher":{"@id":"https:\/\/dicodusport.fr\/blog\/#organization"},"image":{"@id":"https:\/\/dicodusport.fr\/blog\/phase-finale-pro-d2-le-tableau-complet\/#primaryimage"},"thumbnailUrl":"https:\/\/dicodusport.fr\/blog\/wp-content\/uploads\/2025\/05\/Phase-finale-Pro-D2-Le-tableau-complet.png","keywords":["br\u00e8ve","Pro D2"],"articleSection":["Rugby \u00e0 XV"],"inLanguage":"fr-FR","potentialAction":[{"@type":"CommentAction","name":"Comment","target":["https:\/\/dicodusport.fr\/blog\/phase-finale-pro-d2-le-tableau-complet\/#respond"]}],"copyrightYear":"2025","copyrightHolder":{"@id":"https:\/\/dicodusport.fr\/blog\/#organization"}},{"@type":"WebPage","@id":"https:\/\/dicodusport.fr\/blog\/phase-finale-pro-d2-le-tableau-complet\/","url":"https:\/\/dicodusport.fr\/blog\/phase-finale-pro-d2-le-tableau-complet\/","name":"Phase finale Pro D2 - Le tableau complet","isPartOf":{"@id":"https:\/\/dicodusport.fr\/blog\/#website"},"primaryImageOfPage":{"@id":"https:\/\/dicodusport.fr\/blog\/phase-finale-pro-d2-le-tableau-complet\/#primaryimage"},"image":{"@id":"https:\/\/dicodusport.fr\/blog\/phase-finale-pro-d2-le-tableau-complet\/#primaryimage"},"thumbnailUrl":"https:\/\/dicodusport.fr\/blog\/wp-content\/uploads\/2025\/05\/Phase-finale-Pro-D2-Le-tableau-complet.png","datePublished":"2025-06-07T17:42:22+00:00","dateModified":"2025-06-07T17:54:23+00:00","description":"Retrouvez le tableau complet ainsi que le programme et les horaires de la phase finale de Pro D2, qui se dispute du jeudi 22 mai au samedi 14 juin 2025.","breadcrumb":{"@id":"https:\/\/dicodusport.fr\/blog\/phase-finale-pro-d2-le-tableau-complet\/#breadcrumb"},"inLanguage":"fr-FR","potentialAction":[{"@type":"ReadAction","target":["https:\/\/dicodusport.fr\/blog\/phase-finale-pro-d2-le-tableau-complet\/"]}]},{"@type":"ImageObject","inLanguage":"fr-FR","@id":"https:\/\/dicodusport.fr\/blog\/phase-finale-pro-d2-le-tableau-complet\/#primaryimage","url":"https:\/\/dicodusport.fr\/blog\/wp-content\/uploads\/2025\/05\/Phase-finale-Pro-D2-Le-tableau-complet.png","contentUrl":"https:\/\/dicodusport.fr\/blog\/wp-content\/uploads\/2025\/05\/Phase-finale-Pro-D2-Le-tableau-complet.png","width":1200,"height":674,"caption":"Phase finale Pro D2 - Le tableau complet"},{"@type":"BreadcrumbList","@id":"https:\/\/dicodusport.fr\/blog\/phase-finale-pro-d2-le-tableau-complet\/#breadcrumb","itemListElement":[{"@type":"ListItem","position":1,"name":"Accueil","item":"https:\/\/dicodusport.fr\/blog\/"},{"@type":"ListItem","position":2,"name":"Phase finale Pro D2 &#8211; Le tableau complet"}]},{"@type":"WebSite","@id":"https:\/\/dicodusport.fr\/blog\/#website","url":"https:\/\/dicodusport.fr\/blog\/","name":"Dicodusport","description":"L&#039;encyclop\u00e9die de l&#039;actualit\u00e9 sportive","publisher":{"@id":"https:\/\/dicodusport.fr\/blog\/#organization"},"potentialAction":[{"@type":"SearchAction","target":{"@type":"EntryPoint","urlTemplate":"https:\/\/dicodusport.fr\/blog\/?s={search_term_string}"},"query-input":{"@type":"PropertyValueSpecification","valueRequired":true,"valueName":"search_term_string"}}],"inLanguage":"fr-FR"},{"@type":"NewsMediaOrganization","@id":"https:\/\/dicodusport.fr\/blog\/#organization","name":"Dicodusport","url":"https:\/\/dicodusport.fr\/blog\/","logo":{"@type":"ImageObject","inLanguage":"fr-FR","@id":"https:\/\/dicodusport.fr\/blog\/#\/schema\/logo\/image\/","url":"https:\/\/dicodusport.fr\/blog\/wp-content\/uploads\/2020\/06\/cropped-LOGO-DICODUSPORT-2020-SANS-FOND-SANS-TEXTE.png","contentUrl":"https:\/\/dicodusport.fr\/blog\/wp-content\/uploads\/2020\/06\/cropped-LOGO-DICODUSPORT-2020-SANS-FOND-SANS-TEXTE.png","width":512,"height":512,"caption":"Dicodusport"},"image":{"@id":"https:\/\/dicodusport.fr\/blog\/#\/schema\/logo\/image\/"},"sameAs":["https:\/\/www.facebook.com\/dicodusport","https:\/\/x.com\/dicodusport","https:\/\/www.instagram.com\/dicodusport\/","https:\/\/www.youtube.com\/channel\/UC7V2KZ5sd3htJivAbA4ZG3w"],"description":"Dicodusport est l'encyclop\u00e9die de l'actualit\u00e9 sportive.","email":"bonjour@dicodusport.fr","legalName":"DICODUSPORT","foundingDate":"2018-01-14","vatID":"FR71834470973","taxID":"83447097300043","numberOfEmployees":{"@type":"QuantitativeValue","minValue":"1","maxValue":"10"}},{"@type":"Person","@id":"https:\/\/dicodusport.fr\/blog\/#\/schema\/person\/cb02af4c173ce4a653b55e9baf388d4a","name":"Flo Ostermann","image":{"@type":"ImageObject","inLanguage":"fr-FR","@id":"https:\/\/dicodusport.fr\/blog\/#\/schema\/person\/image\/","url":"https:\/\/dicodusport.fr\/blog\/wp-content\/uploads\/2021\/05\/Flo-Ostermann-150x150.jpg","contentUrl":"https:\/\/dicodusport.fr\/blog\/wp-content\/uploads\/2021\/05\/Flo-Ostermann-150x150.jpg","caption":"Flo Ostermann"},"description":"Journaliste\/R\u00e9dacteur depuis septembre 2015 - Mes premiers souvenirs dans le sport ? Les envol\u00e9es du Stade Toulousain et les duels Villeneuve-Schumacher et H\u00e4kkinen-Schumacher \u00e0 la fin des ann\u00e9es 90, la Coupe du monde de football en 1998, l\u2019exploit du XV de France face aux All Blacks en 1999, mais aussi Richard C\u0153ur de Lion qui vole sur les montagnes du Tour de France. Bien parti pour devenir professeur d\u2019EPS, les \u00e9v\u00e9nements de la vie (et la flemme d\u2019animer des s\u00e9ances de 3x500 m\u00e8tres toute ma vie) m\u2019ont conduit \u00e0 revoir mes plans. Me voil\u00e0 depuis fin 2017 sur Dicodusport, m\u00e9dia gr\u00e2ce (et pour) lequel je partage ma passion : le sport dans tous ses \u00e9tats. Le tout accompagn\u00e9 par les fous furieux et folles furieuses cit\u00e9s sur cette page !","sameAs":["https:\/\/www.facebook.com\/florent.ostermann","https:\/\/x.com\/https:\/\/twitter.com\/FlOstermann","admin"],"url":"https:\/\/dicodusport.fr\/blog\/author\/flo\/"}]}},"_links":{"self":[{"href":"https:\/\/dicodusport.fr\/blog\/wp-json\/wp\/v2\/posts\/579335","targetHints":{"allow":["GET"]}}],"collection":[{"href":"https:\/\/dicodusport.fr\/blog\/wp-json\/wp\/v2\/posts"}],"about":[{"href":"https:\/\/dicodusport.fr\/blog\/wp-json\/wp\/v2\/types\/post"}],"author":[{"embeddable":true,"href":"https:\/\/dicodusport.fr\/blog\/wp-json\/wp\/v2\/users\/4"}],"replies":[{"embeddable":true,"href":"https:\/\/dicodusport.fr\/blog\/wp-json\/wp\/v2\/comments?post=579335"}],"version-history":[{"count":6,"href":"https:\/\/dicodusport.fr\/blog\/wp-json\/wp\/v2\/posts\/579335\/revisions"}],"predecessor-version":[{"id":585089,"href":"https:\/\/dicodusport.fr\/blog\/wp-json\/wp\/v2\/posts\/579335\/revisions\/585089"}],"wp:featuredmedia":[{"embeddable":true,"href":"https:\/\/dicodusport.fr\/blog\/wp-json\/wp\/v2\/media\/579355"}],"wp:attachment":[{"href":"https:\/\/dicodusport.fr\/blog\/wp-json\/wp\/v2\/media?parent=579335"}],"wp:term":[{"taxonomy":"category","embeddable":true,"href":"https:\/\/dicodusport.fr\/blog\/wp-json\/wp\/v2\/categories?post=579335"},{"taxonomy":"post_tag","embeddable":true,"href":"https:\/\/dicodusport.fr\/blog\/wp-json\/wp\/v2\/tags?post=579335"}],"curies":[{"name":"wp","href":"https:\/\/api.w.org\/{rel}","templated":true}]}}