{"id":579375,"date":"2025-05-16T23:04:19","date_gmt":"2025-05-16T21:04:19","guid":{"rendered":"https:\/\/dicodusport.fr\/blog\/?p=579375&#038;preview=true&#038;preview_id=579375"},"modified":"2025-05-16T23:04:20","modified_gmt":"2025-05-16T21:04:20","slug":"barrages-pro-d2-affiches-dates-et-horaires-des-matchs","status":"publish","type":"post","link":"https:\/\/dicodusport.fr\/blog\/barrages-pro-d2-affiches-dates-et-horaires-des-matchs\/","title":{"rendered":"Barrages Pro D2 : Affiches, dates et horaires des matchs"},"content":{"rendered":"<h4 style=\"text-align: justify;\"><i>PRO D2 2024-2025 &#8211; Retrouvez les affiches, les dates et les horaires des barrages de la Pro D2, qui se d\u00e9roulent les jeudi 22 et vendredi 23 mai 2025.<\/i><\/h4>\n<ul>\n<li style=\"text-align: justify;\"><strong>\u00c0 ce sujet &#8211; <a href=\"https:\/\/dicodusport.fr\/blog\/phase-finale-pro-d2-le-tableau-complet\/\">Phase finale Pro D2 &#8211; Le tableau complet<\/a><\/strong><\/li>\n<\/ul>\n<p style=\"text-align: justify;\">Les <strong>barrages de la Pro D2 2024-2025<\/strong> se d\u00e9rouleront les <strong>jeudi 22 et vendredi 23 mai \u00e0 21h<\/strong>. Ces rencontres opposeront les \u00e9quipes class\u00e9es de la 3\u00e8me \u00e0 la 6\u00e8me place \u00e0 l&rsquo;issue de la saison r\u00e9guli\u00e8re. Les vainqueurs de ces matchs acc\u00e9deront aux demi-finales, o\u00f9 ils affronteront les deux premiers du classement. Les demi-finales auront lieu les jeudi 29 et vendredi 30 mai, suivies de la finale le samedi 7 juin \u00e0 17h30 au stade Ernest-Wallon de Toulouse.<\/p>\n<ul>\n<li style=\"text-align: justify;\"><strong>\u00c0 ce sujet &#8211; <a href=\"https:\/\/dicodusport.fr\/blog\/classement-pro-d2-2024-2025\/\">Classement Pro D2 2024-2025<\/a><\/strong><\/li>\n<\/ul>\n<h2 style=\"text-align: center;\"><span style=\"color: #000000;\">&#8211; AFFICHES, DATES ET HORAIRES DES BARRAGES &#8211;<\/span><\/h2>\n<table style=\"width: 800px;\">\n<tbody>\n<tr style=\"height: 24px;\">\n<td style=\"width: 800px; background-color: #052c47; height: 22px; text-align: center; vertical-align: middle;\" colspan=\"3\"><span style=\"color: #acc3e4;\"><strong>JEUDI 22 MAI 2025<\/strong><\/span><span style=\"color: #ffffff;\"><strong><br \/>\n<\/strong><\/span><\/td>\n<\/tr>\n<tr style=\"height: 24px;\">\n<td style=\"width: 304px; text-align: center; height: 10px; vertical-align: middle;\"><strong>PROVENCE RUGBY<\/strong><\/td>\n<td style=\"text-align: center; width: 192px; height: 10px; vertical-align: middle;\">21H00<br \/>\n<strong><span style=\"font-size: 10.368px;\"><i>Canal+ Sport<\/i><\/span><\/strong><\/td>\n<td style=\"text-align: center; height: 10px; width: 304px; vertical-align: middle;\"><strong>SOYAUX-ANGOUL\u00caME<\/strong><\/td>\n<\/tr>\n<tr style=\"height: 24px;\">\n<td style=\"width: 800px; background-color: #052c47; height: 22px; text-align: center; vertical-align: middle;\" colspan=\"3\"><span style=\"color: #ffffff;\"><strong><span style=\"color: #acc3e4;\">VENDREDI 23 MAI 2025<\/span><\/strong><\/span><\/td>\n<\/tr>\n<tr style=\"height: 10px;\">\n<td style=\"width: 304px; text-align: center; height: 10px; vertical-align: middle;\"><strong>COLOMIERS<\/strong><\/td>\n<td style=\"text-align: center; width: 192px; height: 10px; vertical-align: middle;\">21H00<br \/>\n<strong><span style=\"font-size: 10.368px;\"><i>Canal+ Sport<\/i><\/span><\/strong><\/td>\n<td style=\"text-align: center; height: 10px; width: 304px; vertical-align: middle;\"><strong>MONTAUBAN<\/strong><\/td>\n<\/tr>\n<\/tbody>\n<\/table>\n<ul>\n<li style=\"text-align: justify;\"><strong>\u00c0 ce sujet &#8211; <a href=\"https:\/\/dicodusport.fr\/blog\/actualites\/rugby\/rugby-a-xv\/\">L&rsquo;actualit\u00e9 du rugby \u00e0 XV<\/a><\/strong><\/li>\n<\/ul>\n","protected":false},"excerpt":{"rendered":"<p>Retrouvez les affiches, les dates et les horaires des barrages de la Pro D2, qui se d\u00e9roulent les jeudi 22 et vendredi 23 mai 2025.<\/p>\n","protected":false},"author":4,"featured_media":579388,"comment_status":"open","ping_status":"closed","sticky":false,"template":"","format":"standard","meta":{"_acf_changed":false,"_daextam_enable_autolinks":"1","footnotes":""},"categories":[9129],"tags":[16878,1839],"class_list":["post-579375","post","type-post","status-publish","format-standard","has-post-thumbnail","hentry","category-rugby-a-xv","tag-breve","tag-pro-d2"],"acf":[],"yoast_head":"<!-- This site is optimized with the Yoast SEO Premium plugin v26.7 (Yoast SEO v26.7) - https:\/\/yoast.com\/wordpress\/plugins\/seo\/ -->\n<title>Barrages Pro D2 : Affiches, dates et horaires des matchs<\/title>\n<meta name=\"description\" content=\"Retrouvez les affiches, les dates et les horaires des barrages de la Pro D2, qui se d\u00e9roulent les jeudi 22 et vendredi 23 mai 2025.\" \/>\n<meta name=\"robots\" content=\"index, follow, max-snippet:-1, max-image-preview:large, max-video-preview:-1\" \/>\n<link rel=\"canonical\" href=\"https:\/\/dicodusport.fr\/blog\/barrages-pro-d2-affiches-dates-et-horaires-des-matchs\/\" \/>\n<meta property=\"og:locale\" content=\"fr_FR\" \/>\n<meta property=\"og:type\" content=\"article\" \/>\n<meta property=\"og:title\" content=\"Barrages Pro D2 : Affiches, dates et horaires des matchs\" \/>\n<meta property=\"og:description\" content=\"Retrouvez les affiches, les dates et les horaires des barrages de la Pro D2, qui se d\u00e9roulent les jeudi 22 et vendredi 23 mai 2025.\" \/>\n<meta property=\"og:url\" content=\"https:\/\/dicodusport.fr\/blog\/barrages-pro-d2-affiches-dates-et-horaires-des-matchs\/\" \/>\n<meta property=\"og:site_name\" content=\"Dicodusport\" \/>\n<meta property=\"article:publisher\" content=\"https:\/\/www.facebook.com\/dicodusport\" \/>\n<meta property=\"article:author\" content=\"https:\/\/www.facebook.com\/florent.ostermann\" \/>\n<meta property=\"article:published_time\" content=\"2025-05-16T21:04:19+00:00\" \/>\n<meta property=\"article:modified_time\" content=\"2025-05-16T21:04:20+00:00\" \/>\n<meta property=\"og:image\" content=\"https:\/\/dicodusport.fr\/blog\/wp-content\/uploads\/2025\/05\/Barrages-Pro-D2-Affiches-dates-et-horaires-des-matchs.png\" \/>\n\t<meta property=\"og:image:width\" content=\"1200\" \/>\n\t<meta property=\"og:image:height\" content=\"674\" \/>\n\t<meta property=\"og:image:type\" content=\"image\/png\" \/>\n<meta name=\"author\" content=\"Flo Ostermann\" \/>\n<meta name=\"twitter:card\" content=\"summary_large_image\" \/>\n<meta name=\"twitter:title\" content=\"Barrages Pro D2 : Affiches, dates et horaires des matchs\" \/>\n<meta name=\"twitter:creator\" content=\"@https:\/\/twitter.com\/FlOstermann\" \/>\n<meta name=\"twitter:site\" content=\"@dicodusport\" \/>\n<script type=\"application\/ld+json\" class=\"yoast-schema-graph\">{\"@context\":\"https:\/\/schema.org\",\"@graph\":[{\"@type\":\"NewsArticle\",\"@id\":\"https:\/\/dicodusport.fr\/blog\/barrages-pro-d2-affiches-dates-et-horaires-des-matchs\/#article\",\"isPartOf\":{\"@id\":\"https:\/\/dicodusport.fr\/blog\/barrages-pro-d2-affiches-dates-et-horaires-des-matchs\/\"},\"author\":{\"name\":\"Flo Ostermann\",\"@id\":\"https:\/\/dicodusport.fr\/blog\/#\/schema\/person\/cb02af4c173ce4a653b55e9baf388d4a\"},\"headline\":\"Barrages Pro D2 : Affiches, dates et horaires des matchs\",\"datePublished\":\"2025-05-16T21:04:19+00:00\",\"dateModified\":\"2025-05-16T21:04:20+00:00\",\"mainEntityOfPage\":{\"@id\":\"https:\/\/dicodusport.fr\/blog\/barrages-pro-d2-affiches-dates-et-horaires-des-matchs\/\"},\"wordCount\":162,\"commentCount\":0,\"publisher\":{\"@id\":\"https:\/\/dicodusport.fr\/blog\/#organization\"},\"image\":{\"@id\":\"https:\/\/dicodusport.fr\/blog\/barrages-pro-d2-affiches-dates-et-horaires-des-matchs\/#primaryimage\"},\"thumbnailUrl\":\"https:\/\/dicodusport.fr\/blog\/wp-content\/uploads\/2025\/05\/Barrages-Pro-D2-Affiches-dates-et-horaires-des-matchs.png\",\"keywords\":[\"br\u00e8ve\",\"Pro D2\"],\"articleSection\":[\"Rugby \u00e0 XV\"],\"inLanguage\":\"fr-FR\",\"potentialAction\":[{\"@type\":\"CommentAction\",\"name\":\"Comment\",\"target\":[\"https:\/\/dicodusport.fr\/blog\/barrages-pro-d2-affiches-dates-et-horaires-des-matchs\/#respond\"]}],\"copyrightYear\":\"2025\",\"copyrightHolder\":{\"@id\":\"https:\/\/dicodusport.fr\/blog\/#organization\"}},{\"@type\":\"WebPage\",\"@id\":\"https:\/\/dicodusport.fr\/blog\/barrages-pro-d2-affiches-dates-et-horaires-des-matchs\/\",\"url\":\"https:\/\/dicodusport.fr\/blog\/barrages-pro-d2-affiches-dates-et-horaires-des-matchs\/\",\"name\":\"Barrages Pro D2 : Affiches, dates et horaires des matchs\",\"isPartOf\":{\"@id\":\"https:\/\/dicodusport.fr\/blog\/#website\"},\"primaryImageOfPage\":{\"@id\":\"https:\/\/dicodusport.fr\/blog\/barrages-pro-d2-affiches-dates-et-horaires-des-matchs\/#primaryimage\"},\"image\":{\"@id\":\"https:\/\/dicodusport.fr\/blog\/barrages-pro-d2-affiches-dates-et-horaires-des-matchs\/#primaryimage\"},\"thumbnailUrl\":\"https:\/\/dicodusport.fr\/blog\/wp-content\/uploads\/2025\/05\/Barrages-Pro-D2-Affiches-dates-et-horaires-des-matchs.png\",\"datePublished\":\"2025-05-16T21:04:19+00:00\",\"dateModified\":\"2025-05-16T21:04:20+00:00\",\"description\":\"Retrouvez les affiches, les dates et les horaires des barrages de la Pro D2, qui se d\u00e9roulent les jeudi 22 et vendredi 23 mai 2025.\",\"breadcrumb\":{\"@id\":\"https:\/\/dicodusport.fr\/blog\/barrages-pro-d2-affiches-dates-et-horaires-des-matchs\/#breadcrumb\"},\"inLanguage\":\"fr-FR\",\"potentialAction\":[{\"@type\":\"ReadAction\",\"target\":[\"https:\/\/dicodusport.fr\/blog\/barrages-pro-d2-affiches-dates-et-horaires-des-matchs\/\"]}]},{\"@type\":\"ImageObject\",\"inLanguage\":\"fr-FR\",\"@id\":\"https:\/\/dicodusport.fr\/blog\/barrages-pro-d2-affiches-dates-et-horaires-des-matchs\/#primaryimage\",\"url\":\"https:\/\/dicodusport.fr\/blog\/wp-content\/uploads\/2025\/05\/Barrages-Pro-D2-Affiches-dates-et-horaires-des-matchs.png\",\"contentUrl\":\"https:\/\/dicodusport.fr\/blog\/wp-content\/uploads\/2025\/05\/Barrages-Pro-D2-Affiches-dates-et-horaires-des-matchs.png\",\"width\":1200,\"height\":674,\"caption\":\"Barrages Pro D2 Affiches, dates et horaires des matchs\"},{\"@type\":\"BreadcrumbList\",\"@id\":\"https:\/\/dicodusport.fr\/blog\/barrages-pro-d2-affiches-dates-et-horaires-des-matchs\/#breadcrumb\",\"itemListElement\":[{\"@type\":\"ListItem\",\"position\":1,\"name\":\"Accueil\",\"item\":\"https:\/\/dicodusport.fr\/blog\/\"},{\"@type\":\"ListItem\",\"position\":2,\"name\":\"Barrages Pro D2 : Affiches, dates et horaires des matchs\"}]},{\"@type\":\"WebSite\",\"@id\":\"https:\/\/dicodusport.fr\/blog\/#website\",\"url\":\"https:\/\/dicodusport.fr\/blog\/\",\"name\":\"Dicodusport\",\"description\":\"L&#039;encyclop\u00e9die de l&#039;actualit\u00e9 sportive\",\"publisher\":{\"@id\":\"https:\/\/dicodusport.fr\/blog\/#organization\"},\"potentialAction\":[{\"@type\":\"SearchAction\",\"target\":{\"@type\":\"EntryPoint\",\"urlTemplate\":\"https:\/\/dicodusport.fr\/blog\/?s={search_term_string}\"},\"query-input\":{\"@type\":\"PropertyValueSpecification\",\"valueRequired\":true,\"valueName\":\"search_term_string\"}}],\"inLanguage\":\"fr-FR\"},{\"@type\":\"NewsMediaOrganization\",\"@id\":\"https:\/\/dicodusport.fr\/blog\/#organization\",\"name\":\"Dicodusport\",\"url\":\"https:\/\/dicodusport.fr\/blog\/\",\"logo\":{\"@type\":\"ImageObject\",\"inLanguage\":\"fr-FR\",\"@id\":\"https:\/\/dicodusport.fr\/blog\/#\/schema\/logo\/image\/\",\"url\":\"https:\/\/dicodusport.fr\/blog\/wp-content\/uploads\/2020\/06\/cropped-LOGO-DICODUSPORT-2020-SANS-FOND-SANS-TEXTE.png\",\"contentUrl\":\"https:\/\/dicodusport.fr\/blog\/wp-content\/uploads\/2020\/06\/cropped-LOGO-DICODUSPORT-2020-SANS-FOND-SANS-TEXTE.png\",\"width\":512,\"height\":512,\"caption\":\"Dicodusport\"},\"image\":{\"@id\":\"https:\/\/dicodusport.fr\/blog\/#\/schema\/logo\/image\/\"},\"sameAs\":[\"https:\/\/www.facebook.com\/dicodusport\",\"https:\/\/x.com\/dicodusport\",\"https:\/\/www.instagram.com\/dicodusport\/\",\"https:\/\/www.youtube.com\/channel\/UC7V2KZ5sd3htJivAbA4ZG3w\"],\"description\":\"Dicodusport est l'encyclop\u00e9die de l'actualit\u00e9 sportive.\",\"email\":\"bonjour@dicodusport.fr\",\"legalName\":\"DICODUSPORT\",\"foundingDate\":\"2018-01-14\",\"vatID\":\"FR71834470973\",\"taxID\":\"83447097300043\",\"numberOfEmployees\":{\"@type\":\"QuantitativeValue\",\"minValue\":\"1\",\"maxValue\":\"10\"}},{\"@type\":\"Person\",\"@id\":\"https:\/\/dicodusport.fr\/blog\/#\/schema\/person\/cb02af4c173ce4a653b55e9baf388d4a\",\"name\":\"Flo Ostermann\",\"image\":{\"@type\":\"ImageObject\",\"inLanguage\":\"fr-FR\",\"@id\":\"https:\/\/dicodusport.fr\/blog\/#\/schema\/person\/image\/\",\"url\":\"https:\/\/dicodusport.fr\/blog\/wp-content\/uploads\/2021\/05\/Flo-Ostermann-150x150.jpg\",\"contentUrl\":\"https:\/\/dicodusport.fr\/blog\/wp-content\/uploads\/2021\/05\/Flo-Ostermann-150x150.jpg\",\"caption\":\"Flo Ostermann\"},\"description\":\"Journaliste\/R\u00e9dacteur depuis septembre 2015 - Mes premiers souvenirs dans le sport ? Les envol\u00e9es du Stade Toulousain et les duels Villeneuve-Schumacher et H\u00e4kkinen-Schumacher \u00e0 la fin des ann\u00e9es 90, la Coupe du monde de football en 1998, l\u2019exploit du XV de France face aux All Blacks en 1999, mais aussi Richard C\u0153ur de Lion qui vole sur les montagnes du Tour de France. Bien parti pour devenir professeur d\u2019EPS, les \u00e9v\u00e9nements de la vie (et la flemme d\u2019animer des s\u00e9ances de 3x500 m\u00e8tres toute ma vie) m\u2019ont conduit \u00e0 revoir mes plans. Me voil\u00e0 depuis fin 2017 sur Dicodusport, m\u00e9dia gr\u00e2ce (et pour) lequel je partage ma passion : le sport dans tous ses \u00e9tats. Le tout accompagn\u00e9 par les fous furieux et folles furieuses cit\u00e9s sur cette page !\",\"sameAs\":[\"https:\/\/www.facebook.com\/florent.ostermann\",\"https:\/\/x.com\/https:\/\/twitter.com\/FlOstermann\",\"admin\"],\"url\":\"https:\/\/dicodusport.fr\/blog\/author\/flo\/\"}]}<\/script>\n<!-- \/ Yoast SEO Premium plugin. -->","yoast_head_json":{"title":"Barrages Pro D2 : Affiches, dates et horaires des matchs","description":"Retrouvez les affiches, les dates et les horaires des barrages de la Pro D2, qui se d\u00e9roulent les jeudi 22 et vendredi 23 mai 2025.","robots":{"index":"index","follow":"follow","max-snippet":"max-snippet:-1","max-image-preview":"max-image-preview:large","max-video-preview":"max-video-preview:-1"},"canonical":"https:\/\/dicodusport.fr\/blog\/barrages-pro-d2-affiches-dates-et-horaires-des-matchs\/","og_locale":"fr_FR","og_type":"article","og_title":"Barrages Pro D2 : Affiches, dates et horaires des matchs","og_description":"Retrouvez les affiches, les dates et les horaires des barrages de la Pro D2, qui se d\u00e9roulent les jeudi 22 et vendredi 23 mai 2025.","og_url":"https:\/\/dicodusport.fr\/blog\/barrages-pro-d2-affiches-dates-et-horaires-des-matchs\/","og_site_name":"Dicodusport","article_publisher":"https:\/\/www.facebook.com\/dicodusport","article_author":"https:\/\/www.facebook.com\/florent.ostermann","article_published_time":"2025-05-16T21:04:19+00:00","article_modified_time":"2025-05-16T21:04:20+00:00","og_image":[{"width":1200,"height":674,"url":"https:\/\/dicodusport.fr\/blog\/wp-content\/uploads\/2025\/05\/Barrages-Pro-D2-Affiches-dates-et-horaires-des-matchs.png","type":"image\/png"}],"author":"Flo Ostermann","twitter_card":"summary_large_image","twitter_title":"Barrages Pro D2 : Affiches, dates et horaires des matchs","twitter_creator":"@https:\/\/twitter.com\/FlOstermann","twitter_site":"@dicodusport","schema":{"@context":"https:\/\/schema.org","@graph":[{"@type":"NewsArticle","@id":"https:\/\/dicodusport.fr\/blog\/barrages-pro-d2-affiches-dates-et-horaires-des-matchs\/#article","isPartOf":{"@id":"https:\/\/dicodusport.fr\/blog\/barrages-pro-d2-affiches-dates-et-horaires-des-matchs\/"},"author":{"name":"Flo Ostermann","@id":"https:\/\/dicodusport.fr\/blog\/#\/schema\/person\/cb02af4c173ce4a653b55e9baf388d4a"},"headline":"Barrages Pro D2 : Affiches, dates et horaires des matchs","datePublished":"2025-05-16T21:04:19+00:00","dateModified":"2025-05-16T21:04:20+00:00","mainEntityOfPage":{"@id":"https:\/\/dicodusport.fr\/blog\/barrages-pro-d2-affiches-dates-et-horaires-des-matchs\/"},"wordCount":162,"commentCount":0,"publisher":{"@id":"https:\/\/dicodusport.fr\/blog\/#organization"},"image":{"@id":"https:\/\/dicodusport.fr\/blog\/barrages-pro-d2-affiches-dates-et-horaires-des-matchs\/#primaryimage"},"thumbnailUrl":"https:\/\/dicodusport.fr\/blog\/wp-content\/uploads\/2025\/05\/Barrages-Pro-D2-Affiches-dates-et-horaires-des-matchs.png","keywords":["br\u00e8ve","Pro D2"],"articleSection":["Rugby \u00e0 XV"],"inLanguage":"fr-FR","potentialAction":[{"@type":"CommentAction","name":"Comment","target":["https:\/\/dicodusport.fr\/blog\/barrages-pro-d2-affiches-dates-et-horaires-des-matchs\/#respond"]}],"copyrightYear":"2025","copyrightHolder":{"@id":"https:\/\/dicodusport.fr\/blog\/#organization"}},{"@type":"WebPage","@id":"https:\/\/dicodusport.fr\/blog\/barrages-pro-d2-affiches-dates-et-horaires-des-matchs\/","url":"https:\/\/dicodusport.fr\/blog\/barrages-pro-d2-affiches-dates-et-horaires-des-matchs\/","name":"Barrages Pro D2 : Affiches, dates et horaires des matchs","isPartOf":{"@id":"https:\/\/dicodusport.fr\/blog\/#website"},"primaryImageOfPage":{"@id":"https:\/\/dicodusport.fr\/blog\/barrages-pro-d2-affiches-dates-et-horaires-des-matchs\/#primaryimage"},"image":{"@id":"https:\/\/dicodusport.fr\/blog\/barrages-pro-d2-affiches-dates-et-horaires-des-matchs\/#primaryimage"},"thumbnailUrl":"https:\/\/dicodusport.fr\/blog\/wp-content\/uploads\/2025\/05\/Barrages-Pro-D2-Affiches-dates-et-horaires-des-matchs.png","datePublished":"2025-05-16T21:04:19+00:00","dateModified":"2025-05-16T21:04:20+00:00","description":"Retrouvez les affiches, les dates et les horaires des barrages de la Pro D2, qui se d\u00e9roulent les jeudi 22 et vendredi 23 mai 2025.","breadcrumb":{"@id":"https:\/\/dicodusport.fr\/blog\/barrages-pro-d2-affiches-dates-et-horaires-des-matchs\/#breadcrumb"},"inLanguage":"fr-FR","potentialAction":[{"@type":"ReadAction","target":["https:\/\/dicodusport.fr\/blog\/barrages-pro-d2-affiches-dates-et-horaires-des-matchs\/"]}]},{"@type":"ImageObject","inLanguage":"fr-FR","@id":"https:\/\/dicodusport.fr\/blog\/barrages-pro-d2-affiches-dates-et-horaires-des-matchs\/#primaryimage","url":"https:\/\/dicodusport.fr\/blog\/wp-content\/uploads\/2025\/05\/Barrages-Pro-D2-Affiches-dates-et-horaires-des-matchs.png","contentUrl":"https:\/\/dicodusport.fr\/blog\/wp-content\/uploads\/2025\/05\/Barrages-Pro-D2-Affiches-dates-et-horaires-des-matchs.png","width":1200,"height":674,"caption":"Barrages Pro D2 Affiches, dates et horaires des matchs"},{"@type":"BreadcrumbList","@id":"https:\/\/dicodusport.fr\/blog\/barrages-pro-d2-affiches-dates-et-horaires-des-matchs\/#breadcrumb","itemListElement":[{"@type":"ListItem","position":1,"name":"Accueil","item":"https:\/\/dicodusport.fr\/blog\/"},{"@type":"ListItem","position":2,"name":"Barrages Pro D2 : Affiches, dates et horaires des matchs"}]},{"@type":"WebSite","@id":"https:\/\/dicodusport.fr\/blog\/#website","url":"https:\/\/dicodusport.fr\/blog\/","name":"Dicodusport","description":"L&#039;encyclop\u00e9die de l&#039;actualit\u00e9 sportive","publisher":{"@id":"https:\/\/dicodusport.fr\/blog\/#organization"},"potentialAction":[{"@type":"SearchAction","target":{"@type":"EntryPoint","urlTemplate":"https:\/\/dicodusport.fr\/blog\/?s={search_term_string}"},"query-input":{"@type":"PropertyValueSpecification","valueRequired":true,"valueName":"search_term_string"}}],"inLanguage":"fr-FR"},{"@type":"NewsMediaOrganization","@id":"https:\/\/dicodusport.fr\/blog\/#organization","name":"Dicodusport","url":"https:\/\/dicodusport.fr\/blog\/","logo":{"@type":"ImageObject","inLanguage":"fr-FR","@id":"https:\/\/dicodusport.fr\/blog\/#\/schema\/logo\/image\/","url":"https:\/\/dicodusport.fr\/blog\/wp-content\/uploads\/2020\/06\/cropped-LOGO-DICODUSPORT-2020-SANS-FOND-SANS-TEXTE.png","contentUrl":"https:\/\/dicodusport.fr\/blog\/wp-content\/uploads\/2020\/06\/cropped-LOGO-DICODUSPORT-2020-SANS-FOND-SANS-TEXTE.png","width":512,"height":512,"caption":"Dicodusport"},"image":{"@id":"https:\/\/dicodusport.fr\/blog\/#\/schema\/logo\/image\/"},"sameAs":["https:\/\/www.facebook.com\/dicodusport","https:\/\/x.com\/dicodusport","https:\/\/www.instagram.com\/dicodusport\/","https:\/\/www.youtube.com\/channel\/UC7V2KZ5sd3htJivAbA4ZG3w"],"description":"Dicodusport est l'encyclop\u00e9die de l'actualit\u00e9 sportive.","email":"bonjour@dicodusport.fr","legalName":"DICODUSPORT","foundingDate":"2018-01-14","vatID":"FR71834470973","taxID":"83447097300043","numberOfEmployees":{"@type":"QuantitativeValue","minValue":"1","maxValue":"10"}},{"@type":"Person","@id":"https:\/\/dicodusport.fr\/blog\/#\/schema\/person\/cb02af4c173ce4a653b55e9baf388d4a","name":"Flo Ostermann","image":{"@type":"ImageObject","inLanguage":"fr-FR","@id":"https:\/\/dicodusport.fr\/blog\/#\/schema\/person\/image\/","url":"https:\/\/dicodusport.fr\/blog\/wp-content\/uploads\/2021\/05\/Flo-Ostermann-150x150.jpg","contentUrl":"https:\/\/dicodusport.fr\/blog\/wp-content\/uploads\/2021\/05\/Flo-Ostermann-150x150.jpg","caption":"Flo Ostermann"},"description":"Journaliste\/R\u00e9dacteur depuis septembre 2015 - Mes premiers souvenirs dans le sport ? Les envol\u00e9es du Stade Toulousain et les duels Villeneuve-Schumacher et H\u00e4kkinen-Schumacher \u00e0 la fin des ann\u00e9es 90, la Coupe du monde de football en 1998, l\u2019exploit du XV de France face aux All Blacks en 1999, mais aussi Richard C\u0153ur de Lion qui vole sur les montagnes du Tour de France. Bien parti pour devenir professeur d\u2019EPS, les \u00e9v\u00e9nements de la vie (et la flemme d\u2019animer des s\u00e9ances de 3x500 m\u00e8tres toute ma vie) m\u2019ont conduit \u00e0 revoir mes plans. Me voil\u00e0 depuis fin 2017 sur Dicodusport, m\u00e9dia gr\u00e2ce (et pour) lequel je partage ma passion : le sport dans tous ses \u00e9tats. Le tout accompagn\u00e9 par les fous furieux et folles furieuses cit\u00e9s sur cette page !","sameAs":["https:\/\/www.facebook.com\/florent.ostermann","https:\/\/x.com\/https:\/\/twitter.com\/FlOstermann","admin"],"url":"https:\/\/dicodusport.fr\/blog\/author\/flo\/"}]}},"_links":{"self":[{"href":"https:\/\/dicodusport.fr\/blog\/wp-json\/wp\/v2\/posts\/579375","targetHints":{"allow":["GET"]}}],"collection":[{"href":"https:\/\/dicodusport.fr\/blog\/wp-json\/wp\/v2\/posts"}],"about":[{"href":"https:\/\/dicodusport.fr\/blog\/wp-json\/wp\/v2\/types\/post"}],"author":[{"embeddable":true,"href":"https:\/\/dicodusport.fr\/blog\/wp-json\/wp\/v2\/users\/4"}],"replies":[{"embeddable":true,"href":"https:\/\/dicodusport.fr\/blog\/wp-json\/wp\/v2\/comments?post=579375"}],"version-history":[{"count":3,"href":"https:\/\/dicodusport.fr\/blog\/wp-json\/wp\/v2\/posts\/579375\/revisions"}],"predecessor-version":[{"id":579515,"href":"https:\/\/dicodusport.fr\/blog\/wp-json\/wp\/v2\/posts\/579375\/revisions\/579515"}],"wp:featuredmedia":[{"embeddable":true,"href":"https:\/\/dicodusport.fr\/blog\/wp-json\/wp\/v2\/media\/579388"}],"wp:attachment":[{"href":"https:\/\/dicodusport.fr\/blog\/wp-json\/wp\/v2\/media?parent=579375"}],"wp:term":[{"taxonomy":"category","embeddable":true,"href":"https:\/\/dicodusport.fr\/blog\/wp-json\/wp\/v2\/categories?post=579375"},{"taxonomy":"post_tag","embeddable":true,"href":"https:\/\/dicodusport.fr\/blog\/wp-json\/wp\/v2\/tags?post=579375"}],"curies":[{"name":"wp","href":"https:\/\/api.w.org\/{rel}","templated":true}]}}