{"id":57942,"date":"2020-01-25T16:18:11","date_gmt":"2020-01-25T15:18:11","guid":{"rendered":"http:\/\/dicodusport.fr\/blog\/?p=57942&#038;preview=true&#038;preview_id=57942"},"modified":"2020-01-26T11:00:28","modified_gmt":"2020-01-26T10:00:28","slug":"biathlon-pokljuka-france-triomphe-aussi-relais-mixte","status":"publish","type":"post","link":"https:\/\/dicodusport.fr\/blog\/biathlon-pokljuka-france-triomphe-aussi-relais-mixte\/","title":{"rendered":"Pokljuka : la France triomphe aussi sur le relais mixte !"},"content":{"rendered":"<p style=\"text-align: justify;\"><strong><em><a href=\"https:\/\/dicodusport.fr\/blog\/biathlon-coupe-du-monde-le-programme-complet-de-pokljuka\/\" target=\"_blank\" rel=\"noopener\">Biathlon &#8211; Pokljuka<\/a> &#8211; Quel festival de l&rsquo;\u00e9quipe de France ! Apr\u00e8s le relais mixte simple, les Bleu(e)s ont remport\u00e9 le relais mixte ce samedi, \u00e0 Pokljuka. Les Tricolores devancent le Norv\u00e8ge et l&rsquo;Allemagne, au terme d&rsquo;une course ma\u00eetris\u00e9e.<\/em><\/strong><\/p>\n<p style=\"text-align: justify;\">31\u00e8me podium de la saison pour l&rsquo;\u00e9quipe de France. Deux heures apr\u00e8s <a href=\"https:\/\/dicodusport.fr\/blog\/biathlon-pokljuka-france-enleve-relais-mixte-simple\/\" target=\"_blank\" rel=\"noopener\">le relais mixte simple domin\u00e9 par <strong>Ana\u00efs Bescond<\/strong> et <strong>\u00c9milien Jacquelin<\/strong><\/a>, les Bleu(e)s ont de nouveau fait parler la poudre, sur le relais mixte cette fois. <strong>Quentin Fillon Maillet<\/strong>, <strong>Simon Desthieux<\/strong>, <strong>Justine Braisaz<\/strong> et <strong>Julia Simon<\/strong> ont largement domin\u00e9 les d\u00e9bats sur la piste slov\u00e8ne.<\/p>\n<p style=\"text-align: justify;\"><strong>Fillon Maillet<\/strong> et <strong>Desthieux<\/strong> avaient fait le job lors de la premi\u00e8re moiti\u00e9 de course, avec trois pioches \u00e0 eux deux. Pas suffisant pour \u00eatre en t\u00eate \u00e0 ce moment-l\u00e0, puisque <strong>Johannes Boe<\/strong> \u00e9tait \u00e9tincelant sur les skis et donnait le relais \u00e0 <strong>Synnove Solemdal<\/strong>, avec 16 secondes d&rsquo;avance sur la France, lanc\u00e9e par <strong>Justine Braisaz<\/strong>.<\/p>\n<h2 style=\"text-align: justify;\">Braisaz et Simon ont r\u00e9pondu pr\u00e9sentes<\/h2>\n<p style=\"text-align: justify;\">Auteure du meilleur temps de ski lors de l&rsquo;individuel vendredi, <strong>Justine Braisaz<\/strong> a une nouvelle fois vol\u00e9 sur les spatules. Malgr\u00e9 trois pioches, elle passait le relais \u00e0 sa pote, Julia Simon, avec 40 secondes d&rsquo;avance sur la Norv\u00e8ge. Face \u00e0 <strong>Ingrid Tandrevold<\/strong>, une place derri\u00e8re elle au classement g\u00e9n\u00e9ral de la Coupe du monde (5\u00e8me et 6\u00e8me), la native d&rsquo;Albertville tenait bon avec deux pioches et un ski rapide. L&rsquo;\u00e9quipe de France (9 pioches) s&rsquo;imposait largement, devant la Norv\u00e8ge (4 pioches) et l&rsquo;Allemagne (5 pioches).<\/p>\n<ul>\n<li style=\"text-align: justify;\"><a href=\"https:\/\/www.biathlonworld.com\/competitions\/world-cup\/events\/bmw-ibu-world-cup-biathlon-pokljuka-1920\/bt1920swrlcp06\/race\/mixed-relay-(mw)\/bt1920swrlcp06mxrl\/\" target=\"_blank\" rel=\"noopener\"><strong>Le classement complet du relais mixte de Pokljuka<\/strong><\/a><\/li>\n<\/ul>\n<blockquote class=\"twitter-tweet\">\n<p dir=\"ltr\" lang=\"fr\">Apr\u00e8s le relais mixte simple&#8230; la France remporte le relais mixte ! Quelle journ\u00e9e pour les Bleus &#x1f4aa;&#x1f1eb;&#x1f1f7; <a href=\"https:\/\/twitter.com\/hashtag\/lequipeBIATHLON?src=hash&amp;ref_src=twsrc%5Etfw\">#lequipeBIATHLON<\/a> <a href=\"https:\/\/t.co\/IjpM85sKSs\">pic.twitter.com\/IjpM85sKSs<\/a><\/p>\n<p>\u2014 la chaine L&rsquo;\u00c9quipe (@lachainelequipe) <a href=\"https:\/\/twitter.com\/lachainelequipe\/status\/1221090216892686336?ref_src=twsrc%5Etfw\">January 25, 2020<\/a><\/p><\/blockquote>\n<p><script async src=\"https:\/\/platform.twitter.com\/widgets.js\" charset=\"utf-8\"><\/script><\/p>\n<p style=\"text-align: justify;\"><strong><em>Dicodusport<br \/>\n<a href=\"https:\/\/www.facebook.com\/dicodusport\/\" target=\"_blank\" rel=\"noopener\"><img loading=\"lazy\" decoding=\"async\" class=\"alignnone wp-image-2909\" src=\"http:\/\/dicodusport.fr\/blog\/wp-content\/uploads\/2017\/07\/logo-facebook-150x150.png\" alt=\"\" width=\"40\" height=\"40\" \/><\/a><a href=\"https:\/\/twitter.com\/dicodusport\" target=\"_blank\" rel=\"noopener\"><img loading=\"lazy\" decoding=\"async\" class=\"alignnone wp-image-2908\" src=\"http:\/\/dicodusport.fr\/blog\/wp-content\/uploads\/2017\/07\/logo-twitter-150x150.png\" alt=\"\" width=\"39\" height=\"39\" \/><\/a><\/em><\/strong><\/p>\n","protected":false},"excerpt":{"rendered":"<p>Biathlon &#8211; Pokljuka &#8211; Quel festival de l&rsquo;\u00e9quipe de France ! Apr\u00e8s le relais mixte simple, les Bleu(e)s ont remport\u00e9 le relais mixte ce samedi, \u00e0 Pokljuka.<\/p>\n","protected":false},"author":4,"featured_media":57953,"comment_status":"open","ping_status":"closed","sticky":false,"template":"","format":"standard","meta":{"_acf_changed":false,"_daextam_enable_autolinks":"","footnotes":""},"categories":[2426],"tags":[2427,6741,3877,24],"class_list":["post-57942","post","type-post","status-publish","format-standard","has-post-thumbnail","hentry","category-biathlon","tag-biathlon","tag-pokljuka","tag-relais-mixte","tag-sport"],"acf":[],"yoast_head":"<!-- This site is optimized with the Yoast SEO Premium plugin v26.7 (Yoast SEO v26.7) - https:\/\/yoast.com\/wordpress\/plugins\/seo\/ -->\n<title>Pokljuka : la France triomphe aussi sur le relais mixte !<\/title>\n<meta name=\"description\" content=\"Quel festival de l&#039;\u00e9quipe de France ! Apr\u00e8s le relais mixte simple, les Bleu(e)s ont remport\u00e9 le relais mixte ce samedi, \u00e0 Pokljuka.\" \/>\n<meta name=\"robots\" content=\"index, follow, max-snippet:-1, max-image-preview:large, max-video-preview:-1\" \/>\n<link rel=\"canonical\" href=\"https:\/\/dicodusport.fr\/blog\/biathlon-pokljuka-france-triomphe-aussi-relais-mixte\/\" \/>\n<meta property=\"og:locale\" content=\"fr_FR\" \/>\n<meta property=\"og:type\" content=\"article\" \/>\n<meta property=\"og:title\" content=\"Pokljuka : la France triomphe aussi sur le relais mixte !\" \/>\n<meta property=\"og:description\" content=\"Quel festival de l&#039;\u00e9quipe de France ! Apr\u00e8s le relais mixte simple, les Bleu(e)s ont remport\u00e9 le relais mixte ce samedi, \u00e0 Pokljuka.\" \/>\n<meta property=\"og:url\" content=\"https:\/\/dicodusport.fr\/blog\/biathlon-pokljuka-france-triomphe-aussi-relais-mixte\/\" \/>\n<meta property=\"og:site_name\" content=\"Dicodusport\" \/>\n<meta property=\"article:publisher\" content=\"https:\/\/www.facebook.com\/dicodusport\" \/>\n<meta property=\"article:author\" content=\"https:\/\/www.facebook.com\/florent.ostermann\" \/>\n<meta property=\"article:published_time\" content=\"2020-01-25T15:18:11+00:00\" \/>\n<meta property=\"article:modified_time\" content=\"2020-01-26T10:00:28+00:00\" \/>\n<meta property=\"og:image\" content=\"https:\/\/dicodusport.fr\/blog\/wp-content\/uploads\/2020\/01\/Biathlon-Pokljuka-La-France-triomphe-aussi-sur-le-relais-mixte-.png\" \/>\n\t<meta property=\"og:image:width\" content=\"800\" \/>\n\t<meta property=\"og:image:height\" content=\"445\" \/>\n\t<meta property=\"og:image:type\" content=\"image\/png\" \/>\n<meta name=\"author\" content=\"Flo Ostermann\" \/>\n<meta name=\"twitter:card\" content=\"summary_large_image\" \/>\n<meta name=\"twitter:title\" content=\"Pokljuka : la France triomphe aussi sur le relais mixte !\" \/>\n<meta name=\"twitter:creator\" content=\"@https:\/\/twitter.com\/FlOstermann\" \/>\n<meta name=\"twitter:site\" content=\"@dicodusport\" \/>\n<script type=\"application\/ld+json\" class=\"yoast-schema-graph\">{\"@context\":\"https:\/\/schema.org\",\"@graph\":[{\"@type\":\"NewsArticle\",\"@id\":\"https:\/\/dicodusport.fr\/blog\/biathlon-pokljuka-france-triomphe-aussi-relais-mixte\/#article\",\"isPartOf\":{\"@id\":\"https:\/\/dicodusport.fr\/blog\/biathlon-pokljuka-france-triomphe-aussi-relais-mixte\/\"},\"author\":{\"name\":\"Flo Ostermann\",\"@id\":\"https:\/\/dicodusport.fr\/blog\/#\/schema\/person\/cb02af4c173ce4a653b55e9baf388d4a\"},\"headline\":\"Pokljuka : la France triomphe aussi sur le relais mixte !\",\"datePublished\":\"2020-01-25T15:18:11+00:00\",\"dateModified\":\"2020-01-26T10:00:28+00:00\",\"mainEntityOfPage\":{\"@id\":\"https:\/\/dicodusport.fr\/blog\/biathlon-pokljuka-france-triomphe-aussi-relais-mixte\/\"},\"wordCount\":322,\"commentCount\":0,\"publisher\":{\"@id\":\"https:\/\/dicodusport.fr\/blog\/#organization\"},\"image\":{\"@id\":\"https:\/\/dicodusport.fr\/blog\/biathlon-pokljuka-france-triomphe-aussi-relais-mixte\/#primaryimage\"},\"thumbnailUrl\":\"https:\/\/dicodusport.fr\/blog\/wp-content\/uploads\/2020\/01\/Biathlon-Pokljuka-La-France-triomphe-aussi-sur-le-relais-mixte-.png\",\"keywords\":[\"Biathlon\",\"Pokljuka\",\"Relais Mixte\",\"sport\"],\"articleSection\":[\"Biathlon\"],\"inLanguage\":\"fr-FR\",\"potentialAction\":[{\"@type\":\"CommentAction\",\"name\":\"Comment\",\"target\":[\"https:\/\/dicodusport.fr\/blog\/biathlon-pokljuka-france-triomphe-aussi-relais-mixte\/#respond\"]}],\"copyrightYear\":\"2020\",\"copyrightHolder\":{\"@id\":\"https:\/\/dicodusport.fr\/blog\/#organization\"}},{\"@type\":\"WebPage\",\"@id\":\"https:\/\/dicodusport.fr\/blog\/biathlon-pokljuka-france-triomphe-aussi-relais-mixte\/\",\"url\":\"https:\/\/dicodusport.fr\/blog\/biathlon-pokljuka-france-triomphe-aussi-relais-mixte\/\",\"name\":\"Pokljuka : la France triomphe aussi sur le relais mixte !\",\"isPartOf\":{\"@id\":\"https:\/\/dicodusport.fr\/blog\/#website\"},\"primaryImageOfPage\":{\"@id\":\"https:\/\/dicodusport.fr\/blog\/biathlon-pokljuka-france-triomphe-aussi-relais-mixte\/#primaryimage\"},\"image\":{\"@id\":\"https:\/\/dicodusport.fr\/blog\/biathlon-pokljuka-france-triomphe-aussi-relais-mixte\/#primaryimage\"},\"thumbnailUrl\":\"https:\/\/dicodusport.fr\/blog\/wp-content\/uploads\/2020\/01\/Biathlon-Pokljuka-La-France-triomphe-aussi-sur-le-relais-mixte-.png\",\"datePublished\":\"2020-01-25T15:18:11+00:00\",\"dateModified\":\"2020-01-26T10:00:28+00:00\",\"description\":\"Quel festival de l'\u00e9quipe de France ! Apr\u00e8s le relais mixte simple, les Bleu(e)s ont remport\u00e9 le relais mixte ce samedi, \u00e0 Pokljuka.\",\"breadcrumb\":{\"@id\":\"https:\/\/dicodusport.fr\/blog\/biathlon-pokljuka-france-triomphe-aussi-relais-mixte\/#breadcrumb\"},\"inLanguage\":\"fr-FR\",\"potentialAction\":[{\"@type\":\"ReadAction\",\"target\":[\"https:\/\/dicodusport.fr\/blog\/biathlon-pokljuka-france-triomphe-aussi-relais-mixte\/\"]}]},{\"@type\":\"ImageObject\",\"inLanguage\":\"fr-FR\",\"@id\":\"https:\/\/dicodusport.fr\/blog\/biathlon-pokljuka-france-triomphe-aussi-relais-mixte\/#primaryimage\",\"url\":\"https:\/\/dicodusport.fr\/blog\/wp-content\/uploads\/2020\/01\/Biathlon-Pokljuka-La-France-triomphe-aussi-sur-le-relais-mixte-.png\",\"contentUrl\":\"https:\/\/dicodusport.fr\/blog\/wp-content\/uploads\/2020\/01\/Biathlon-Pokljuka-La-France-triomphe-aussi-sur-le-relais-mixte-.png\",\"width\":800,\"height\":445,\"caption\":\"Biathlon - Pokljuka - La France triomphe aussi sur le relais mixte !\"},{\"@type\":\"BreadcrumbList\",\"@id\":\"https:\/\/dicodusport.fr\/blog\/biathlon-pokljuka-france-triomphe-aussi-relais-mixte\/#breadcrumb\",\"itemListElement\":[{\"@type\":\"ListItem\",\"position\":1,\"name\":\"Accueil\",\"item\":\"https:\/\/dicodusport.fr\/blog\/\"},{\"@type\":\"ListItem\",\"position\":2,\"name\":\"Pokljuka : la France triomphe aussi sur le relais mixte !\"}]},{\"@type\":\"WebSite\",\"@id\":\"https:\/\/dicodusport.fr\/blog\/#website\",\"url\":\"https:\/\/dicodusport.fr\/blog\/\",\"name\":\"Dicodusport\",\"description\":\"L&#039;encyclop\u00e9die de l&#039;actualit\u00e9 sportive\",\"publisher\":{\"@id\":\"https:\/\/dicodusport.fr\/blog\/#organization\"},\"potentialAction\":[{\"@type\":\"SearchAction\",\"target\":{\"@type\":\"EntryPoint\",\"urlTemplate\":\"https:\/\/dicodusport.fr\/blog\/?s={search_term_string}\"},\"query-input\":{\"@type\":\"PropertyValueSpecification\",\"valueRequired\":true,\"valueName\":\"search_term_string\"}}],\"inLanguage\":\"fr-FR\"},{\"@type\":\"NewsMediaOrganization\",\"@id\":\"https:\/\/dicodusport.fr\/blog\/#organization\",\"name\":\"Dicodusport\",\"url\":\"https:\/\/dicodusport.fr\/blog\/\",\"logo\":{\"@type\":\"ImageObject\",\"inLanguage\":\"fr-FR\",\"@id\":\"https:\/\/dicodusport.fr\/blog\/#\/schema\/logo\/image\/\",\"url\":\"https:\/\/dicodusport.fr\/blog\/wp-content\/uploads\/2020\/06\/cropped-LOGO-DICODUSPORT-2020-SANS-FOND-SANS-TEXTE.png\",\"contentUrl\":\"https:\/\/dicodusport.fr\/blog\/wp-content\/uploads\/2020\/06\/cropped-LOGO-DICODUSPORT-2020-SANS-FOND-SANS-TEXTE.png\",\"width\":512,\"height\":512,\"caption\":\"Dicodusport\"},\"image\":{\"@id\":\"https:\/\/dicodusport.fr\/blog\/#\/schema\/logo\/image\/\"},\"sameAs\":[\"https:\/\/www.facebook.com\/dicodusport\",\"https:\/\/x.com\/dicodusport\",\"https:\/\/www.instagram.com\/dicodusport\/\",\"https:\/\/www.youtube.com\/channel\/UC7V2KZ5sd3htJivAbA4ZG3w\"],\"description\":\"Dicodusport est l'encyclop\u00e9die de l'actualit\u00e9 sportive.\",\"email\":\"bonjour@dicodusport.fr\",\"legalName\":\"DICODUSPORT\",\"foundingDate\":\"2018-01-14\",\"vatID\":\"FR71834470973\",\"taxID\":\"83447097300043\",\"numberOfEmployees\":{\"@type\":\"QuantitativeValue\",\"minValue\":\"1\",\"maxValue\":\"10\"}},{\"@type\":\"Person\",\"@id\":\"https:\/\/dicodusport.fr\/blog\/#\/schema\/person\/cb02af4c173ce4a653b55e9baf388d4a\",\"name\":\"Flo Ostermann\",\"image\":{\"@type\":\"ImageObject\",\"inLanguage\":\"fr-FR\",\"@id\":\"https:\/\/dicodusport.fr\/blog\/#\/schema\/person\/image\/\",\"url\":\"https:\/\/dicodusport.fr\/blog\/wp-content\/uploads\/2021\/05\/Flo-Ostermann-150x150.jpg\",\"contentUrl\":\"https:\/\/dicodusport.fr\/blog\/wp-content\/uploads\/2021\/05\/Flo-Ostermann-150x150.jpg\",\"caption\":\"Flo Ostermann\"},\"description\":\"Journaliste\/R\u00e9dacteur depuis septembre 2015 - Mes premiers souvenirs dans le sport ? Les envol\u00e9es du Stade Toulousain et les duels Villeneuve-Schumacher et H\u00e4kkinen-Schumacher \u00e0 la fin des ann\u00e9es 90, la Coupe du monde de football en 1998, l\u2019exploit du XV de France face aux All Blacks en 1999, mais aussi Richard C\u0153ur de Lion qui vole sur les montagnes du Tour de France. Bien parti pour devenir professeur d\u2019EPS, les \u00e9v\u00e9nements de la vie (et la flemme d\u2019animer des s\u00e9ances de 3x500 m\u00e8tres toute ma vie) m\u2019ont conduit \u00e0 revoir mes plans. Me voil\u00e0 depuis fin 2017 sur Dicodusport, m\u00e9dia gr\u00e2ce (et pour) lequel je partage ma passion : le sport dans tous ses \u00e9tats. Le tout accompagn\u00e9 par les fous furieux et folles furieuses cit\u00e9s sur cette page !\",\"sameAs\":[\"https:\/\/www.facebook.com\/florent.ostermann\",\"https:\/\/x.com\/https:\/\/twitter.com\/FlOstermann\",\"admin\"],\"url\":\"https:\/\/dicodusport.fr\/blog\/author\/flo\/\"}]}<\/script>\n<!-- \/ Yoast SEO Premium plugin. -->","yoast_head_json":{"title":"Pokljuka : la France triomphe aussi sur le relais mixte !","description":"Quel festival de l'\u00e9quipe de France ! Apr\u00e8s le relais mixte simple, les Bleu(e)s ont remport\u00e9 le relais mixte ce samedi, \u00e0 Pokljuka.","robots":{"index":"index","follow":"follow","max-snippet":"max-snippet:-1","max-image-preview":"max-image-preview:large","max-video-preview":"max-video-preview:-1"},"canonical":"https:\/\/dicodusport.fr\/blog\/biathlon-pokljuka-france-triomphe-aussi-relais-mixte\/","og_locale":"fr_FR","og_type":"article","og_title":"Pokljuka : la France triomphe aussi sur le relais mixte !","og_description":"Quel festival de l'\u00e9quipe de France ! Apr\u00e8s le relais mixte simple, les Bleu(e)s ont remport\u00e9 le relais mixte ce samedi, \u00e0 Pokljuka.","og_url":"https:\/\/dicodusport.fr\/blog\/biathlon-pokljuka-france-triomphe-aussi-relais-mixte\/","og_site_name":"Dicodusport","article_publisher":"https:\/\/www.facebook.com\/dicodusport","article_author":"https:\/\/www.facebook.com\/florent.ostermann","article_published_time":"2020-01-25T15:18:11+00:00","article_modified_time":"2020-01-26T10:00:28+00:00","og_image":[{"width":800,"height":445,"url":"https:\/\/dicodusport.fr\/blog\/wp-content\/uploads\/2020\/01\/Biathlon-Pokljuka-La-France-triomphe-aussi-sur-le-relais-mixte-.png","type":"image\/png"}],"author":"Flo Ostermann","twitter_card":"summary_large_image","twitter_title":"Pokljuka : la France triomphe aussi sur le relais mixte !","twitter_creator":"@https:\/\/twitter.com\/FlOstermann","twitter_site":"@dicodusport","schema":{"@context":"https:\/\/schema.org","@graph":[{"@type":"NewsArticle","@id":"https:\/\/dicodusport.fr\/blog\/biathlon-pokljuka-france-triomphe-aussi-relais-mixte\/#article","isPartOf":{"@id":"https:\/\/dicodusport.fr\/blog\/biathlon-pokljuka-france-triomphe-aussi-relais-mixte\/"},"author":{"name":"Flo Ostermann","@id":"https:\/\/dicodusport.fr\/blog\/#\/schema\/person\/cb02af4c173ce4a653b55e9baf388d4a"},"headline":"Pokljuka : la France triomphe aussi sur le relais mixte !","datePublished":"2020-01-25T15:18:11+00:00","dateModified":"2020-01-26T10:00:28+00:00","mainEntityOfPage":{"@id":"https:\/\/dicodusport.fr\/blog\/biathlon-pokljuka-france-triomphe-aussi-relais-mixte\/"},"wordCount":322,"commentCount":0,"publisher":{"@id":"https:\/\/dicodusport.fr\/blog\/#organization"},"image":{"@id":"https:\/\/dicodusport.fr\/blog\/biathlon-pokljuka-france-triomphe-aussi-relais-mixte\/#primaryimage"},"thumbnailUrl":"https:\/\/dicodusport.fr\/blog\/wp-content\/uploads\/2020\/01\/Biathlon-Pokljuka-La-France-triomphe-aussi-sur-le-relais-mixte-.png","keywords":["Biathlon","Pokljuka","Relais Mixte","sport"],"articleSection":["Biathlon"],"inLanguage":"fr-FR","potentialAction":[{"@type":"CommentAction","name":"Comment","target":["https:\/\/dicodusport.fr\/blog\/biathlon-pokljuka-france-triomphe-aussi-relais-mixte\/#respond"]}],"copyrightYear":"2020","copyrightHolder":{"@id":"https:\/\/dicodusport.fr\/blog\/#organization"}},{"@type":"WebPage","@id":"https:\/\/dicodusport.fr\/blog\/biathlon-pokljuka-france-triomphe-aussi-relais-mixte\/","url":"https:\/\/dicodusport.fr\/blog\/biathlon-pokljuka-france-triomphe-aussi-relais-mixte\/","name":"Pokljuka : la France triomphe aussi sur le relais mixte !","isPartOf":{"@id":"https:\/\/dicodusport.fr\/blog\/#website"},"primaryImageOfPage":{"@id":"https:\/\/dicodusport.fr\/blog\/biathlon-pokljuka-france-triomphe-aussi-relais-mixte\/#primaryimage"},"image":{"@id":"https:\/\/dicodusport.fr\/blog\/biathlon-pokljuka-france-triomphe-aussi-relais-mixte\/#primaryimage"},"thumbnailUrl":"https:\/\/dicodusport.fr\/blog\/wp-content\/uploads\/2020\/01\/Biathlon-Pokljuka-La-France-triomphe-aussi-sur-le-relais-mixte-.png","datePublished":"2020-01-25T15:18:11+00:00","dateModified":"2020-01-26T10:00:28+00:00","description":"Quel festival de l'\u00e9quipe de France ! Apr\u00e8s le relais mixte simple, les Bleu(e)s ont remport\u00e9 le relais mixte ce samedi, \u00e0 Pokljuka.","breadcrumb":{"@id":"https:\/\/dicodusport.fr\/blog\/biathlon-pokljuka-france-triomphe-aussi-relais-mixte\/#breadcrumb"},"inLanguage":"fr-FR","potentialAction":[{"@type":"ReadAction","target":["https:\/\/dicodusport.fr\/blog\/biathlon-pokljuka-france-triomphe-aussi-relais-mixte\/"]}]},{"@type":"ImageObject","inLanguage":"fr-FR","@id":"https:\/\/dicodusport.fr\/blog\/biathlon-pokljuka-france-triomphe-aussi-relais-mixte\/#primaryimage","url":"https:\/\/dicodusport.fr\/blog\/wp-content\/uploads\/2020\/01\/Biathlon-Pokljuka-La-France-triomphe-aussi-sur-le-relais-mixte-.png","contentUrl":"https:\/\/dicodusport.fr\/blog\/wp-content\/uploads\/2020\/01\/Biathlon-Pokljuka-La-France-triomphe-aussi-sur-le-relais-mixte-.png","width":800,"height":445,"caption":"Biathlon - Pokljuka - La France triomphe aussi sur le relais mixte !"},{"@type":"BreadcrumbList","@id":"https:\/\/dicodusport.fr\/blog\/biathlon-pokljuka-france-triomphe-aussi-relais-mixte\/#breadcrumb","itemListElement":[{"@type":"ListItem","position":1,"name":"Accueil","item":"https:\/\/dicodusport.fr\/blog\/"},{"@type":"ListItem","position":2,"name":"Pokljuka : la France triomphe aussi sur le relais mixte !"}]},{"@type":"WebSite","@id":"https:\/\/dicodusport.fr\/blog\/#website","url":"https:\/\/dicodusport.fr\/blog\/","name":"Dicodusport","description":"L&#039;encyclop\u00e9die de l&#039;actualit\u00e9 sportive","publisher":{"@id":"https:\/\/dicodusport.fr\/blog\/#organization"},"potentialAction":[{"@type":"SearchAction","target":{"@type":"EntryPoint","urlTemplate":"https:\/\/dicodusport.fr\/blog\/?s={search_term_string}"},"query-input":{"@type":"PropertyValueSpecification","valueRequired":true,"valueName":"search_term_string"}}],"inLanguage":"fr-FR"},{"@type":"NewsMediaOrganization","@id":"https:\/\/dicodusport.fr\/blog\/#organization","name":"Dicodusport","url":"https:\/\/dicodusport.fr\/blog\/","logo":{"@type":"ImageObject","inLanguage":"fr-FR","@id":"https:\/\/dicodusport.fr\/blog\/#\/schema\/logo\/image\/","url":"https:\/\/dicodusport.fr\/blog\/wp-content\/uploads\/2020\/06\/cropped-LOGO-DICODUSPORT-2020-SANS-FOND-SANS-TEXTE.png","contentUrl":"https:\/\/dicodusport.fr\/blog\/wp-content\/uploads\/2020\/06\/cropped-LOGO-DICODUSPORT-2020-SANS-FOND-SANS-TEXTE.png","width":512,"height":512,"caption":"Dicodusport"},"image":{"@id":"https:\/\/dicodusport.fr\/blog\/#\/schema\/logo\/image\/"},"sameAs":["https:\/\/www.facebook.com\/dicodusport","https:\/\/x.com\/dicodusport","https:\/\/www.instagram.com\/dicodusport\/","https:\/\/www.youtube.com\/channel\/UC7V2KZ5sd3htJivAbA4ZG3w"],"description":"Dicodusport est l'encyclop\u00e9die de l'actualit\u00e9 sportive.","email":"bonjour@dicodusport.fr","legalName":"DICODUSPORT","foundingDate":"2018-01-14","vatID":"FR71834470973","taxID":"83447097300043","numberOfEmployees":{"@type":"QuantitativeValue","minValue":"1","maxValue":"10"}},{"@type":"Person","@id":"https:\/\/dicodusport.fr\/blog\/#\/schema\/person\/cb02af4c173ce4a653b55e9baf388d4a","name":"Flo Ostermann","image":{"@type":"ImageObject","inLanguage":"fr-FR","@id":"https:\/\/dicodusport.fr\/blog\/#\/schema\/person\/image\/","url":"https:\/\/dicodusport.fr\/blog\/wp-content\/uploads\/2021\/05\/Flo-Ostermann-150x150.jpg","contentUrl":"https:\/\/dicodusport.fr\/blog\/wp-content\/uploads\/2021\/05\/Flo-Ostermann-150x150.jpg","caption":"Flo Ostermann"},"description":"Journaliste\/R\u00e9dacteur depuis septembre 2015 - Mes premiers souvenirs dans le sport ? Les envol\u00e9es du Stade Toulousain et les duels Villeneuve-Schumacher et H\u00e4kkinen-Schumacher \u00e0 la fin des ann\u00e9es 90, la Coupe du monde de football en 1998, l\u2019exploit du XV de France face aux All Blacks en 1999, mais aussi Richard C\u0153ur de Lion qui vole sur les montagnes du Tour de France. Bien parti pour devenir professeur d\u2019EPS, les \u00e9v\u00e9nements de la vie (et la flemme d\u2019animer des s\u00e9ances de 3x500 m\u00e8tres toute ma vie) m\u2019ont conduit \u00e0 revoir mes plans. Me voil\u00e0 depuis fin 2017 sur Dicodusport, m\u00e9dia gr\u00e2ce (et pour) lequel je partage ma passion : le sport dans tous ses \u00e9tats. Le tout accompagn\u00e9 par les fous furieux et folles furieuses cit\u00e9s sur cette page !","sameAs":["https:\/\/www.facebook.com\/florent.ostermann","https:\/\/x.com\/https:\/\/twitter.com\/FlOstermann","admin"],"url":"https:\/\/dicodusport.fr\/blog\/author\/flo\/"}]}},"_links":{"self":[{"href":"https:\/\/dicodusport.fr\/blog\/wp-json\/wp\/v2\/posts\/57942","targetHints":{"allow":["GET"]}}],"collection":[{"href":"https:\/\/dicodusport.fr\/blog\/wp-json\/wp\/v2\/posts"}],"about":[{"href":"https:\/\/dicodusport.fr\/blog\/wp-json\/wp\/v2\/types\/post"}],"author":[{"embeddable":true,"href":"https:\/\/dicodusport.fr\/blog\/wp-json\/wp\/v2\/users\/4"}],"replies":[{"embeddable":true,"href":"https:\/\/dicodusport.fr\/blog\/wp-json\/wp\/v2\/comments?post=57942"}],"version-history":[{"count":0,"href":"https:\/\/dicodusport.fr\/blog\/wp-json\/wp\/v2\/posts\/57942\/revisions"}],"wp:featuredmedia":[{"embeddable":true,"href":"https:\/\/dicodusport.fr\/blog\/wp-json\/wp\/v2\/media\/57953"}],"wp:attachment":[{"href":"https:\/\/dicodusport.fr\/blog\/wp-json\/wp\/v2\/media?parent=57942"}],"wp:term":[{"taxonomy":"category","embeddable":true,"href":"https:\/\/dicodusport.fr\/blog\/wp-json\/wp\/v2\/categories?post=57942"},{"taxonomy":"post_tag","embeddable":true,"href":"https:\/\/dicodusport.fr\/blog\/wp-json\/wp\/v2\/tags?post=57942"}],"curies":[{"name":"wp","href":"https:\/\/api.w.org\/{rel}","templated":true}]}}