{"id":579531,"date":"2025-05-16T23:48:56","date_gmt":"2025-05-16T21:48:56","guid":{"rendered":"https:\/\/dicodusport.fr\/blog\/?p=579531&#038;preview=true&#038;preview_id=579531"},"modified":"2025-05-17T07:47:19","modified_gmt":"2025-05-17T05:47:19","slug":"ares-30-baki-detruit-thiago-lima-et-decroche-la-ceinture-des-77-kg","status":"publish","type":"post","link":"https:\/\/dicodusport.fr\/blog\/ares-30-baki-detruit-thiago-lima-et-decroche-la-ceinture-des-77-kg\/","title":{"rendered":"ARES 30 : Baki d\u00e9truit Thiago Lima et d\u00e9croche la ceinture des -77 kg"},"content":{"rendered":"<h4 style=\"text-align: justify;\"><em>ARES 30 \u2013 En s\u2019imposant par TKO au deuxi\u00e8me round contre Thiago Lima, Baki a remport\u00e9 le titre vacant des poids mi-moyens. De son c\u00f4t\u00e9, Jordan Zebo l\u2019a \u00e9galement emport\u00e9, en co-main event de la soir\u00e9e.<\/em><\/h4>\n<h2 style=\"text-align: justify;\">La masterclass de Baki pour son retour\u00a0!<\/h2>\n<p style=\"text-align: justify;\">Le retour de <strong>Ba\u00efssangour \u00ab Baki \u00bb Chamsoudinov<\/strong> \u00e9tait tr\u00e8s attendu, plus de 14 mois apr\u00e8s son dernier combat <a href=\"https:\/\/dicodusport.fr\/blog\/pfl-paris-2-baki-bat-cedric-doumbe-par-tko\/\">face \u00e0 <strong>C\u00e9dric Doumb\u00e8<\/strong><\/a>. Apr\u00e8s cette exp\u00e9rience au PFL, le Franco-Tch\u00e9tch\u00e8ne revenait dans la cage lors de l\u2019<a href=\"https:\/\/dicodusport.fr\/blog\/ares-30-baki-liste-des-combats-cartes-principale-et-preliminaire\/\"><strong>ARES 30<\/strong><\/a> pour tenter de devenir champion <em>welterweight <\/em>de l\u2019organisation (un titre laiss\u00e9 vacant par <strong>Felix Klinkhammer<\/strong>). Sur sa route se tenait <strong>Thiago Lima<\/strong>, un Br\u00e9silien aux 10 victoires par finition en 11 combats. Devant le public en furie de l\u2019Adidas Arena, <strong>Baki <\/strong>n\u2019a fait qu\u2019une bouch\u00e9e de son adversaire.<\/p>\n<p style=\"text-align: justify;\"><strong>Chamsoudinov <\/strong>a domin\u00e9 la premi\u00e8re reprise, avec ses trois amen\u00e9es au sol et sa boxe intelligente (qui a fait ouvert son adversaire \u00e0 l\u2019arcade). Toujours dans son style caract\u00e9ristique (bas\u00e9 sur sa capacit\u00e9 \u00e0 casser rapidement la distance), <strong>Baki <\/strong>a continu\u00e9 de mettre la pression sur <strong>Lima<\/strong> dans le deuxi\u00e8me round. Le combattant de <strong>Nicolas Ott<\/strong> a trouv\u00e9 des excellents coups, que ce soit au visage ou au corps, dont un sublime uppercut au niveau du foie, qui a fait grimacer le Br\u00e9silien et l\u2019a fait conc\u00e9der un <em>takedown<\/em>. Au sol, le Franco-Tch\u00e9tch\u00e8ne a \u00e9t\u00e9 hyper-actif en <em>ground and pound<\/em>, poussant <strong>Marc Goddard<\/strong> \u00e0 arr\u00eater le combat.<\/p>\n<blockquote class=\"twitter-tweet\">\n<p dir=\"ltr\" lang=\"fr\"><a href=\"https:\/\/twitter.com\/hashtag\/ANDNEW?src=hash&amp;ref_src=twsrc%5Etfw\">#ANDNEW<\/a> \ud83c\udfc6 <a href=\"https:\/\/twitter.com\/BaysangurHanma?ref_src=twsrc%5Etfw\">@BaysangurHanma<\/a> est le nouveau champion WW d\u2019ARES ! \ud83d\udd25<a href=\"https:\/\/twitter.com\/hashtag\/ARES30?src=hash&amp;ref_src=twsrc%5Etfw\">#ARES30<\/a> <a href=\"https:\/\/t.co\/4YZykgCWxA\">pic.twitter.com\/4YZykgCWxA<\/a><\/p>\n<p>\u2014 ARES Fighting Championship (@ares_fighting) <a href=\"https:\/\/twitter.com\/ares_fighting\/status\/1923495570557038699?ref_src=twsrc%5Etfw\">May 16, 2025<\/a><\/p><\/blockquote>\n<p><script async src=\"https:\/\/platform.twitter.com\/widgets.js\" charset=\"utf-8\"><\/script><\/p>\n<p style=\"text-align: justify;\">Pour son neuvi\u00e8me combat en professionnel, <strong>Chamsoudinov <\/strong>conserve ainsi son invincibilit\u00e9 et remporte sa premi\u00e8re ceinture professionnelle. \u00c0 23 ans, il prouve une nouvelle fois qu\u2019il fait partie des combattants les plus prometteurs du MMA fran\u00e7ais\u2026 Et qui devrait faire de belles choses au PFL dans le futur !<\/p>\n<h2 style=\"text-align: justify;\">Zebo remporte sa \u00ab\u00a0demi-finale\u00a0\u00bb\u00a0!<\/h2>\n<p style=\"text-align: justify;\">En co-main event de la soir\u00e9e, <strong>Jordan Zebo <\/strong>\u00e9tait confront\u00e9 \u00e0 <strong>Wissame Akhmouch<\/strong>. Un excellent <em>grappler<\/em>, qui n\u2019avait connu la d\u00e9faite que face \u00e0 <strong>Klinkhammer<\/strong>. Dans ce duel consid\u00e9r\u00e9 comme une \u00ab\u00a0demi-finale\u00a0\u00bb pour la ceinture, c\u2019est le <strong>\u00ab\u00a0Le Fauve\u00a0\u00bb <\/strong>qui s\u2019est impos\u00e9 par d\u00e9cision partag\u00e9e des juges (29-28, 28-29, 29-28).<\/p>\n<p style=\"text-align: justify;\">Le Marocain avait pourtant fait le meilleur d\u00e9marrage, en <em>slamant <\/em>rapidement son adversaire dans le R1 pour l\u2019amener au sol et le travailler. Dans la suite du round, il a eu la position dominante au corps-\u00e0-corps contre le grillage, puis a comptabilis\u00e9 un second <em>takedown<\/em>. La reprise suivante a \u00e9t\u00e9 plus disput\u00e9e, avec un round en deux visages\u00a0: la lutte intraitable d\u2019<strong>Akhmouch<\/strong> face au <em>striking <\/em>dominant de <strong>Zebo<\/strong>. Le R3 s\u2019est d\u00e9roul\u00e9 majoritairement debout, avec un avantage net pour le Fran\u00e7ais dans ce secteur. Avec la fatigue, le Marocain a \u00e9t\u00e9 moins pr\u00e9cis dans ses saisies, et il a m\u00eame termin\u00e9 le combat en position d\u00e9favorable au sol.<\/p>\n<p style=\"text-align: justify;\"><strong>\u00ab\u00a0Le Fauve\u00a0\u00bb<\/strong> n\u2019a pas domin\u00e9 de la t\u00eate et des \u00e9paules son adversaire, mais il poursuit sa s\u00e9rie en d\u00e9crochant une quatri\u00e8me victoire par d\u00e9cision \u00e0 l\u2019ARES. Avec ce succ\u00e8s tr\u00e8s important, il devrait se voir offrir un <em>title-fight<\/em> pour son prochain combat dans la division des -77kg, la cat\u00e9gorie de <strong>Baki<\/strong>.<\/p>\n<blockquote class=\"twitter-tweet\">\n<p dir=\"ltr\" lang=\"fr\">Quel combat ! Ils ont tout laiss\u00e9 dans la cage. \ud83d\udd25<\/p>\n<p>Jordan Zebo l\u2019emporte par split decision face \u00e0 Wissame Akhmouch ! \ud83d\udc4f<\/p>\n<p>\ud83d\udcfa En direct sur <a href=\"https:\/\/twitter.com\/CanalplusSport?ref_src=twsrc%5Etfw\">@canalplussport<\/a> et PPV sur PlayLive. <a href=\"https:\/\/t.co\/SdhoY5FHCk\">pic.twitter.com\/SdhoY5FHCk<\/a><\/p>\n<p>\u2014 ARES Fighting Championship (@ares_fighting) <a href=\"https:\/\/twitter.com\/ares_fighting\/status\/1923490937814077572?ref_src=twsrc%5Etfw\">May 16, 2025<\/a><\/p><\/blockquote>\n<p><script async src=\"https:\/\/platform.twitter.com\/widgets.js\" charset=\"utf-8\"><\/script><\/p>\n<h2 style=\"text-align: justify;\">Les autres r\u00e9sultats de la carte principale de l\u2019ARES 30\u00a0:<\/h2>\n<p style=\"text-align: justify;\">Moyens\u00a0: <strong>Jacky Jeanne <\/strong>bat <strong>Isaac Muluh <\/strong>par <strong>TKO <\/strong>(R3).<\/p>\n<p style=\"text-align: justify;\">Moyens\u00a0: <strong>Hugo Guillon <\/strong>bat <strong>Vlad Gutu <\/strong>par <strong>KO <\/strong>(R1) sur un superbe <em>high-kick<\/em>.<\/p>\n<p style=\"text-align: justify;\">Pailles (F)\u00a0: <strong>Delphine Benouaich <\/strong>bat <strong>Mileide Simplicio <\/strong>par TKO (R2).<\/p>\n<p style=\"text-align: justify;\">Mi-lourds\u00a0: <strong>Moustapha Diakhat\u00e9 <\/strong>bat <strong>Jordan Nandor <\/strong>par TKO (R1).<\/p>\n<p style=\"text-align: justify;\">Plumes\u00a0: <strong>Andrei Oniscenco <\/strong>bat <strong>Ayoub Khaoua <\/strong>par TKO (R2).<\/p>\n","protected":false},"excerpt":{"rendered":"<p>En s\u2019imposant par TKO au deuxi\u00e8me round contre Thiago Lima, Baki a remport\u00e9 le titre vacant des poids mi-moyens.<\/p>\n","protected":false},"author":86,"featured_media":579570,"comment_status":"open","ping_status":"closed","sticky":false,"template":"","format":"standard","meta":{"_acf_changed":false,"_daextam_enable_autolinks":"1","footnotes":""},"categories":[10666],"tags":[35771,16878,34765],"class_list":["post-579531","post","type-post","status-publish","format-standard","has-post-thumbnail","hentry","category-mma","tag-baki","tag-breve","tag-jordan-zebo"],"acf":[],"yoast_head":"<!-- This site is optimized with the Yoast SEO Premium plugin v26.7 (Yoast SEO v26.7) - https:\/\/yoast.com\/wordpress\/plugins\/seo\/ -->\n<title>ARES 30 : Baki d\u00e9truit Thiago Lima et d\u00e9croche la ceinture des -77 kg<\/title>\n<meta name=\"description\" content=\"ARES 30 \u2013 En s\u2019imposant par TKO au deuxi\u00e8me round contre Thiago Lima, Baki a remport\u00e9 le titre vacant des poids mi-moyens.\" \/>\n<meta name=\"robots\" content=\"index, follow, max-snippet:-1, max-image-preview:large, max-video-preview:-1\" \/>\n<link rel=\"canonical\" href=\"https:\/\/dicodusport.fr\/blog\/ares-30-baki-detruit-thiago-lima-et-decroche-la-ceinture-des-77-kg\/\" \/>\n<meta property=\"og:locale\" content=\"fr_FR\" \/>\n<meta property=\"og:type\" content=\"article\" \/>\n<meta property=\"og:title\" content=\"ARES 30 : Baki d\u00e9truit Thiago Lima et d\u00e9croche la ceinture des -77 kg\" \/>\n<meta property=\"og:description\" content=\"ARES 30 \u2013 En s\u2019imposant par TKO au deuxi\u00e8me round contre Thiago Lima, Baki a remport\u00e9 le titre vacant des poids mi-moyens.\" \/>\n<meta property=\"og:url\" content=\"https:\/\/dicodusport.fr\/blog\/ares-30-baki-detruit-thiago-lima-et-decroche-la-ceinture-des-77-kg\/\" \/>\n<meta property=\"og:site_name\" content=\"Dicodusport\" \/>\n<meta property=\"article:publisher\" content=\"https:\/\/www.facebook.com\/dicodusport\" \/>\n<meta property=\"article:published_time\" content=\"2025-05-16T21:48:56+00:00\" \/>\n<meta property=\"article:modified_time\" content=\"2025-05-17T05:47:19+00:00\" \/>\n<meta property=\"og:image\" content=\"https:\/\/dicodusport.fr\/blog\/wp-content\/uploads\/2025\/05\/ARES-30-Baki-detruit-Thiago-Lima-et-decroche-la-ceinture-des-77-kg-1.png\" \/>\n\t<meta property=\"og:image:width\" content=\"1200\" \/>\n\t<meta property=\"og:image:height\" content=\"674\" \/>\n\t<meta property=\"og:image:type\" content=\"image\/png\" \/>\n<meta name=\"author\" content=\"Nicolas Parant\" \/>\n<meta name=\"twitter:card\" content=\"summary_large_image\" \/>\n<meta name=\"twitter:title\" content=\"ARES 30 : Baki d\u00e9truit Thiago Lima et d\u00e9croche la ceinture des -77 kg\" \/>\n<meta name=\"twitter:creator\" content=\"@dicodusport\" \/>\n<meta name=\"twitter:site\" content=\"@dicodusport\" \/>\n<script type=\"application\/ld+json\" class=\"yoast-schema-graph\">{\"@context\":\"https:\/\/schema.org\",\"@graph\":[{\"@type\":\"NewsArticle\",\"@id\":\"https:\/\/dicodusport.fr\/blog\/ares-30-baki-detruit-thiago-lima-et-decroche-la-ceinture-des-77-kg\/#article\",\"isPartOf\":{\"@id\":\"https:\/\/dicodusport.fr\/blog\/ares-30-baki-detruit-thiago-lima-et-decroche-la-ceinture-des-77-kg\/\"},\"author\":{\"name\":\"Nicolas Parant\",\"@id\":\"https:\/\/dicodusport.fr\/blog\/#\/schema\/person\/816f1c1bae6e11b6ef5b39687639be63\"},\"headline\":\"ARES 30 : Baki d\u00e9truit Thiago Lima et d\u00e9croche la ceinture des -77 kg\",\"datePublished\":\"2025-05-16T21:48:56+00:00\",\"dateModified\":\"2025-05-17T05:47:19+00:00\",\"mainEntityOfPage\":{\"@id\":\"https:\/\/dicodusport.fr\/blog\/ares-30-baki-detruit-thiago-lima-et-decroche-la-ceinture-des-77-kg\/\"},\"wordCount\":679,\"commentCount\":0,\"publisher\":{\"@id\":\"https:\/\/dicodusport.fr\/blog\/#organization\"},\"image\":{\"@id\":\"https:\/\/dicodusport.fr\/blog\/ares-30-baki-detruit-thiago-lima-et-decroche-la-ceinture-des-77-kg\/#primaryimage\"},\"thumbnailUrl\":\"https:\/\/dicodusport.fr\/blog\/wp-content\/uploads\/2025\/05\/ARES-30-Baki-detruit-Thiago-Lima-et-decroche-la-ceinture-des-77-kg-1.png\",\"keywords\":[\"Baki\",\"br\u00e8ve\",\"Jordan Z\u00e9bo\"],\"articleSection\":[\"MMA\"],\"inLanguage\":\"fr-FR\",\"potentialAction\":[{\"@type\":\"CommentAction\",\"name\":\"Comment\",\"target\":[\"https:\/\/dicodusport.fr\/blog\/ares-30-baki-detruit-thiago-lima-et-decroche-la-ceinture-des-77-kg\/#respond\"]}],\"copyrightYear\":\"2025\",\"copyrightHolder\":{\"@id\":\"https:\/\/dicodusport.fr\/blog\/#organization\"}},{\"@type\":\"WebPage\",\"@id\":\"https:\/\/dicodusport.fr\/blog\/ares-30-baki-detruit-thiago-lima-et-decroche-la-ceinture-des-77-kg\/\",\"url\":\"https:\/\/dicodusport.fr\/blog\/ares-30-baki-detruit-thiago-lima-et-decroche-la-ceinture-des-77-kg\/\",\"name\":\"ARES 30 : Baki d\u00e9truit Thiago Lima et d\u00e9croche la ceinture des -77 kg\",\"isPartOf\":{\"@id\":\"https:\/\/dicodusport.fr\/blog\/#website\"},\"primaryImageOfPage\":{\"@id\":\"https:\/\/dicodusport.fr\/blog\/ares-30-baki-detruit-thiago-lima-et-decroche-la-ceinture-des-77-kg\/#primaryimage\"},\"image\":{\"@id\":\"https:\/\/dicodusport.fr\/blog\/ares-30-baki-detruit-thiago-lima-et-decroche-la-ceinture-des-77-kg\/#primaryimage\"},\"thumbnailUrl\":\"https:\/\/dicodusport.fr\/blog\/wp-content\/uploads\/2025\/05\/ARES-30-Baki-detruit-Thiago-Lima-et-decroche-la-ceinture-des-77-kg-1.png\",\"datePublished\":\"2025-05-16T21:48:56+00:00\",\"dateModified\":\"2025-05-17T05:47:19+00:00\",\"description\":\"ARES 30 \u2013 En s\u2019imposant par TKO au deuxi\u00e8me round contre Thiago Lima, Baki a remport\u00e9 le titre vacant des poids mi-moyens.\",\"breadcrumb\":{\"@id\":\"https:\/\/dicodusport.fr\/blog\/ares-30-baki-detruit-thiago-lima-et-decroche-la-ceinture-des-77-kg\/#breadcrumb\"},\"inLanguage\":\"fr-FR\",\"potentialAction\":[{\"@type\":\"ReadAction\",\"target\":[\"https:\/\/dicodusport.fr\/blog\/ares-30-baki-detruit-thiago-lima-et-decroche-la-ceinture-des-77-kg\/\"]}]},{\"@type\":\"ImageObject\",\"inLanguage\":\"fr-FR\",\"@id\":\"https:\/\/dicodusport.fr\/blog\/ares-30-baki-detruit-thiago-lima-et-decroche-la-ceinture-des-77-kg\/#primaryimage\",\"url\":\"https:\/\/dicodusport.fr\/blog\/wp-content\/uploads\/2025\/05\/ARES-30-Baki-detruit-Thiago-Lima-et-decroche-la-ceinture-des-77-kg-1.png\",\"contentUrl\":\"https:\/\/dicodusport.fr\/blog\/wp-content\/uploads\/2025\/05\/ARES-30-Baki-detruit-Thiago-Lima-et-decroche-la-ceinture-des-77-kg-1.png\",\"width\":1200,\"height\":674,\"caption\":\"ARES 30 Baki d\u00e9truit Thiago Lima et d\u00e9croche la ceinture des -77 kg\"},{\"@type\":\"BreadcrumbList\",\"@id\":\"https:\/\/dicodusport.fr\/blog\/ares-30-baki-detruit-thiago-lima-et-decroche-la-ceinture-des-77-kg\/#breadcrumb\",\"itemListElement\":[{\"@type\":\"ListItem\",\"position\":1,\"name\":\"Accueil\",\"item\":\"https:\/\/dicodusport.fr\/blog\/\"},{\"@type\":\"ListItem\",\"position\":2,\"name\":\"ARES 30 : Baki d\u00e9truit Thiago Lima et d\u00e9croche la ceinture des -77 kg\"}]},{\"@type\":\"WebSite\",\"@id\":\"https:\/\/dicodusport.fr\/blog\/#website\",\"url\":\"https:\/\/dicodusport.fr\/blog\/\",\"name\":\"Dicodusport\",\"description\":\"L&#039;encyclop\u00e9die de l&#039;actualit\u00e9 sportive\",\"publisher\":{\"@id\":\"https:\/\/dicodusport.fr\/blog\/#organization\"},\"potentialAction\":[{\"@type\":\"SearchAction\",\"target\":{\"@type\":\"EntryPoint\",\"urlTemplate\":\"https:\/\/dicodusport.fr\/blog\/?s={search_term_string}\"},\"query-input\":{\"@type\":\"PropertyValueSpecification\",\"valueRequired\":true,\"valueName\":\"search_term_string\"}}],\"inLanguage\":\"fr-FR\"},{\"@type\":\"NewsMediaOrganization\",\"@id\":\"https:\/\/dicodusport.fr\/blog\/#organization\",\"name\":\"Dicodusport\",\"url\":\"https:\/\/dicodusport.fr\/blog\/\",\"logo\":{\"@type\":\"ImageObject\",\"inLanguage\":\"fr-FR\",\"@id\":\"https:\/\/dicodusport.fr\/blog\/#\/schema\/logo\/image\/\",\"url\":\"https:\/\/dicodusport.fr\/blog\/wp-content\/uploads\/2020\/06\/cropped-LOGO-DICODUSPORT-2020-SANS-FOND-SANS-TEXTE.png\",\"contentUrl\":\"https:\/\/dicodusport.fr\/blog\/wp-content\/uploads\/2020\/06\/cropped-LOGO-DICODUSPORT-2020-SANS-FOND-SANS-TEXTE.png\",\"width\":512,\"height\":512,\"caption\":\"Dicodusport\"},\"image\":{\"@id\":\"https:\/\/dicodusport.fr\/blog\/#\/schema\/logo\/image\/\"},\"sameAs\":[\"https:\/\/www.facebook.com\/dicodusport\",\"https:\/\/x.com\/dicodusport\",\"https:\/\/www.instagram.com\/dicodusport\/\",\"https:\/\/www.youtube.com\/channel\/UC7V2KZ5sd3htJivAbA4ZG3w\"],\"description\":\"Dicodusport est l'encyclop\u00e9die de l'actualit\u00e9 sportive.\",\"email\":\"bonjour@dicodusport.fr\",\"legalName\":\"DICODUSPORT\",\"foundingDate\":\"2018-01-14\",\"vatID\":\"FR71834470973\",\"taxID\":\"83447097300043\",\"numberOfEmployees\":{\"@type\":\"QuantitativeValue\",\"minValue\":\"1\",\"maxValue\":\"10\"}},{\"@type\":\"Person\",\"@id\":\"https:\/\/dicodusport.fr\/blog\/#\/schema\/person\/816f1c1bae6e11b6ef5b39687639be63\",\"name\":\"Nicolas Parant\",\"image\":{\"@type\":\"ImageObject\",\"inLanguage\":\"fr-FR\",\"@id\":\"https:\/\/dicodusport.fr\/blog\/#\/schema\/person\/image\/\",\"url\":\"https:\/\/dicodusport.fr\/blog\/wp-content\/uploads\/2023\/04\/1B6E3319-7CA3-49A2-A3FB-D53C46115743-150x150.jpeg\",\"contentUrl\":\"https:\/\/dicodusport.fr\/blog\/wp-content\/uploads\/2023\/04\/1B6E3319-7CA3-49A2-A3FB-D53C46115743-150x150.jpeg\",\"caption\":\"Nicolas Parant\"},\"description\":\"Passionn\u00e9 de sport et d\u2019\u00e9criture, r\u00e9diger des articles a \u00e9t\u00e9 une v\u00e9ritable r\u00e9v\u00e9lation quand j\u2019ai pris la plume num\u00e9rique pour la premi\u00e8re fois en 2021. Admiratif des exploits de Nadal \u00e0 Roland Garros et du charisme de Zlatan Ibrahimovi\u0107 \u00e0 son arriv\u00e9e dans la capitale, je m\u2019efforce de transmettre au mieux les \u00e9motions des athl\u00e8tes de la nouvelle g\u00e9n\u00e9ration. \u00c0 Dicodusport depuis 2023, je commente principalement les batailles qui se d\u00e9roulent dans l\u2019octogone de l\u2019UFC ou sur les pelouses de football et de rugby.\",\"url\":\"https:\/\/dicodusport.fr\/blog\/author\/nicolas-parant\/\"}]}<\/script>\n<!-- \/ Yoast SEO Premium plugin. -->","yoast_head_json":{"title":"ARES 30 : Baki d\u00e9truit Thiago Lima et d\u00e9croche la ceinture des -77 kg","description":"ARES 30 \u2013 En s\u2019imposant par TKO au deuxi\u00e8me round contre Thiago Lima, Baki a remport\u00e9 le titre vacant des poids mi-moyens.","robots":{"index":"index","follow":"follow","max-snippet":"max-snippet:-1","max-image-preview":"max-image-preview:large","max-video-preview":"max-video-preview:-1"},"canonical":"https:\/\/dicodusport.fr\/blog\/ares-30-baki-detruit-thiago-lima-et-decroche-la-ceinture-des-77-kg\/","og_locale":"fr_FR","og_type":"article","og_title":"ARES 30 : Baki d\u00e9truit Thiago Lima et d\u00e9croche la ceinture des -77 kg","og_description":"ARES 30 \u2013 En s\u2019imposant par TKO au deuxi\u00e8me round contre Thiago Lima, Baki a remport\u00e9 le titre vacant des poids mi-moyens.","og_url":"https:\/\/dicodusport.fr\/blog\/ares-30-baki-detruit-thiago-lima-et-decroche-la-ceinture-des-77-kg\/","og_site_name":"Dicodusport","article_publisher":"https:\/\/www.facebook.com\/dicodusport","article_published_time":"2025-05-16T21:48:56+00:00","article_modified_time":"2025-05-17T05:47:19+00:00","og_image":[{"width":1200,"height":674,"url":"https:\/\/dicodusport.fr\/blog\/wp-content\/uploads\/2025\/05\/ARES-30-Baki-detruit-Thiago-Lima-et-decroche-la-ceinture-des-77-kg-1.png","type":"image\/png"}],"author":"Nicolas Parant","twitter_card":"summary_large_image","twitter_title":"ARES 30 : Baki d\u00e9truit Thiago Lima et d\u00e9croche la ceinture des -77 kg","twitter_creator":"@dicodusport","twitter_site":"@dicodusport","schema":{"@context":"https:\/\/schema.org","@graph":[{"@type":"NewsArticle","@id":"https:\/\/dicodusport.fr\/blog\/ares-30-baki-detruit-thiago-lima-et-decroche-la-ceinture-des-77-kg\/#article","isPartOf":{"@id":"https:\/\/dicodusport.fr\/blog\/ares-30-baki-detruit-thiago-lima-et-decroche-la-ceinture-des-77-kg\/"},"author":{"name":"Nicolas Parant","@id":"https:\/\/dicodusport.fr\/blog\/#\/schema\/person\/816f1c1bae6e11b6ef5b39687639be63"},"headline":"ARES 30 : Baki d\u00e9truit Thiago Lima et d\u00e9croche la ceinture des -77 kg","datePublished":"2025-05-16T21:48:56+00:00","dateModified":"2025-05-17T05:47:19+00:00","mainEntityOfPage":{"@id":"https:\/\/dicodusport.fr\/blog\/ares-30-baki-detruit-thiago-lima-et-decroche-la-ceinture-des-77-kg\/"},"wordCount":679,"commentCount":0,"publisher":{"@id":"https:\/\/dicodusport.fr\/blog\/#organization"},"image":{"@id":"https:\/\/dicodusport.fr\/blog\/ares-30-baki-detruit-thiago-lima-et-decroche-la-ceinture-des-77-kg\/#primaryimage"},"thumbnailUrl":"https:\/\/dicodusport.fr\/blog\/wp-content\/uploads\/2025\/05\/ARES-30-Baki-detruit-Thiago-Lima-et-decroche-la-ceinture-des-77-kg-1.png","keywords":["Baki","br\u00e8ve","Jordan Z\u00e9bo"],"articleSection":["MMA"],"inLanguage":"fr-FR","potentialAction":[{"@type":"CommentAction","name":"Comment","target":["https:\/\/dicodusport.fr\/blog\/ares-30-baki-detruit-thiago-lima-et-decroche-la-ceinture-des-77-kg\/#respond"]}],"copyrightYear":"2025","copyrightHolder":{"@id":"https:\/\/dicodusport.fr\/blog\/#organization"}},{"@type":"WebPage","@id":"https:\/\/dicodusport.fr\/blog\/ares-30-baki-detruit-thiago-lima-et-decroche-la-ceinture-des-77-kg\/","url":"https:\/\/dicodusport.fr\/blog\/ares-30-baki-detruit-thiago-lima-et-decroche-la-ceinture-des-77-kg\/","name":"ARES 30 : Baki d\u00e9truit Thiago Lima et d\u00e9croche la ceinture des -77 kg","isPartOf":{"@id":"https:\/\/dicodusport.fr\/blog\/#website"},"primaryImageOfPage":{"@id":"https:\/\/dicodusport.fr\/blog\/ares-30-baki-detruit-thiago-lima-et-decroche-la-ceinture-des-77-kg\/#primaryimage"},"image":{"@id":"https:\/\/dicodusport.fr\/blog\/ares-30-baki-detruit-thiago-lima-et-decroche-la-ceinture-des-77-kg\/#primaryimage"},"thumbnailUrl":"https:\/\/dicodusport.fr\/blog\/wp-content\/uploads\/2025\/05\/ARES-30-Baki-detruit-Thiago-Lima-et-decroche-la-ceinture-des-77-kg-1.png","datePublished":"2025-05-16T21:48:56+00:00","dateModified":"2025-05-17T05:47:19+00:00","description":"ARES 30 \u2013 En s\u2019imposant par TKO au deuxi\u00e8me round contre Thiago Lima, Baki a remport\u00e9 le titre vacant des poids mi-moyens.","breadcrumb":{"@id":"https:\/\/dicodusport.fr\/blog\/ares-30-baki-detruit-thiago-lima-et-decroche-la-ceinture-des-77-kg\/#breadcrumb"},"inLanguage":"fr-FR","potentialAction":[{"@type":"ReadAction","target":["https:\/\/dicodusport.fr\/blog\/ares-30-baki-detruit-thiago-lima-et-decroche-la-ceinture-des-77-kg\/"]}]},{"@type":"ImageObject","inLanguage":"fr-FR","@id":"https:\/\/dicodusport.fr\/blog\/ares-30-baki-detruit-thiago-lima-et-decroche-la-ceinture-des-77-kg\/#primaryimage","url":"https:\/\/dicodusport.fr\/blog\/wp-content\/uploads\/2025\/05\/ARES-30-Baki-detruit-Thiago-Lima-et-decroche-la-ceinture-des-77-kg-1.png","contentUrl":"https:\/\/dicodusport.fr\/blog\/wp-content\/uploads\/2025\/05\/ARES-30-Baki-detruit-Thiago-Lima-et-decroche-la-ceinture-des-77-kg-1.png","width":1200,"height":674,"caption":"ARES 30 Baki d\u00e9truit Thiago Lima et d\u00e9croche la ceinture des -77 kg"},{"@type":"BreadcrumbList","@id":"https:\/\/dicodusport.fr\/blog\/ares-30-baki-detruit-thiago-lima-et-decroche-la-ceinture-des-77-kg\/#breadcrumb","itemListElement":[{"@type":"ListItem","position":1,"name":"Accueil","item":"https:\/\/dicodusport.fr\/blog\/"},{"@type":"ListItem","position":2,"name":"ARES 30 : Baki d\u00e9truit Thiago Lima et d\u00e9croche la ceinture des -77 kg"}]},{"@type":"WebSite","@id":"https:\/\/dicodusport.fr\/blog\/#website","url":"https:\/\/dicodusport.fr\/blog\/","name":"Dicodusport","description":"L&#039;encyclop\u00e9die de l&#039;actualit\u00e9 sportive","publisher":{"@id":"https:\/\/dicodusport.fr\/blog\/#organization"},"potentialAction":[{"@type":"SearchAction","target":{"@type":"EntryPoint","urlTemplate":"https:\/\/dicodusport.fr\/blog\/?s={search_term_string}"},"query-input":{"@type":"PropertyValueSpecification","valueRequired":true,"valueName":"search_term_string"}}],"inLanguage":"fr-FR"},{"@type":"NewsMediaOrganization","@id":"https:\/\/dicodusport.fr\/blog\/#organization","name":"Dicodusport","url":"https:\/\/dicodusport.fr\/blog\/","logo":{"@type":"ImageObject","inLanguage":"fr-FR","@id":"https:\/\/dicodusport.fr\/blog\/#\/schema\/logo\/image\/","url":"https:\/\/dicodusport.fr\/blog\/wp-content\/uploads\/2020\/06\/cropped-LOGO-DICODUSPORT-2020-SANS-FOND-SANS-TEXTE.png","contentUrl":"https:\/\/dicodusport.fr\/blog\/wp-content\/uploads\/2020\/06\/cropped-LOGO-DICODUSPORT-2020-SANS-FOND-SANS-TEXTE.png","width":512,"height":512,"caption":"Dicodusport"},"image":{"@id":"https:\/\/dicodusport.fr\/blog\/#\/schema\/logo\/image\/"},"sameAs":["https:\/\/www.facebook.com\/dicodusport","https:\/\/x.com\/dicodusport","https:\/\/www.instagram.com\/dicodusport\/","https:\/\/www.youtube.com\/channel\/UC7V2KZ5sd3htJivAbA4ZG3w"],"description":"Dicodusport est l'encyclop\u00e9die de l'actualit\u00e9 sportive.","email":"bonjour@dicodusport.fr","legalName":"DICODUSPORT","foundingDate":"2018-01-14","vatID":"FR71834470973","taxID":"83447097300043","numberOfEmployees":{"@type":"QuantitativeValue","minValue":"1","maxValue":"10"}},{"@type":"Person","@id":"https:\/\/dicodusport.fr\/blog\/#\/schema\/person\/816f1c1bae6e11b6ef5b39687639be63","name":"Nicolas Parant","image":{"@type":"ImageObject","inLanguage":"fr-FR","@id":"https:\/\/dicodusport.fr\/blog\/#\/schema\/person\/image\/","url":"https:\/\/dicodusport.fr\/blog\/wp-content\/uploads\/2023\/04\/1B6E3319-7CA3-49A2-A3FB-D53C46115743-150x150.jpeg","contentUrl":"https:\/\/dicodusport.fr\/blog\/wp-content\/uploads\/2023\/04\/1B6E3319-7CA3-49A2-A3FB-D53C46115743-150x150.jpeg","caption":"Nicolas Parant"},"description":"Passionn\u00e9 de sport et d\u2019\u00e9criture, r\u00e9diger des articles a \u00e9t\u00e9 une v\u00e9ritable r\u00e9v\u00e9lation quand j\u2019ai pris la plume num\u00e9rique pour la premi\u00e8re fois en 2021. Admiratif des exploits de Nadal \u00e0 Roland Garros et du charisme de Zlatan Ibrahimovi\u0107 \u00e0 son arriv\u00e9e dans la capitale, je m\u2019efforce de transmettre au mieux les \u00e9motions des athl\u00e8tes de la nouvelle g\u00e9n\u00e9ration. \u00c0 Dicodusport depuis 2023, je commente principalement les batailles qui se d\u00e9roulent dans l\u2019octogone de l\u2019UFC ou sur les pelouses de football et de rugby.","url":"https:\/\/dicodusport.fr\/blog\/author\/nicolas-parant\/"}]}},"_links":{"self":[{"href":"https:\/\/dicodusport.fr\/blog\/wp-json\/wp\/v2\/posts\/579531","targetHints":{"allow":["GET"]}}],"collection":[{"href":"https:\/\/dicodusport.fr\/blog\/wp-json\/wp\/v2\/posts"}],"about":[{"href":"https:\/\/dicodusport.fr\/blog\/wp-json\/wp\/v2\/types\/post"}],"author":[{"embeddable":true,"href":"https:\/\/dicodusport.fr\/blog\/wp-json\/wp\/v2\/users\/86"}],"replies":[{"embeddable":true,"href":"https:\/\/dicodusport.fr\/blog\/wp-json\/wp\/v2\/comments?post=579531"}],"version-history":[{"count":5,"href":"https:\/\/dicodusport.fr\/blog\/wp-json\/wp\/v2\/posts\/579531\/revisions"}],"predecessor-version":[{"id":579556,"href":"https:\/\/dicodusport.fr\/blog\/wp-json\/wp\/v2\/posts\/579531\/revisions\/579556"}],"wp:featuredmedia":[{"embeddable":true,"href":"https:\/\/dicodusport.fr\/blog\/wp-json\/wp\/v2\/media\/579570"}],"wp:attachment":[{"href":"https:\/\/dicodusport.fr\/blog\/wp-json\/wp\/v2\/media?parent=579531"}],"wp:term":[{"taxonomy":"category","embeddable":true,"href":"https:\/\/dicodusport.fr\/blog\/wp-json\/wp\/v2\/categories?post=579531"},{"taxonomy":"post_tag","embeddable":true,"href":"https:\/\/dicodusport.fr\/blog\/wp-json\/wp\/v2\/tags?post=579531"}],"curies":[{"name":"wp","href":"https:\/\/api.w.org\/{rel}","templated":true}]}}