{"id":579584,"date":"2025-05-17T09:27:04","date_gmt":"2025-05-17T07:27:04","guid":{"rendered":"https:\/\/dicodusport.fr\/blog\/?p=579584&#038;preview=true&#038;preview_id=579584"},"modified":"2025-05-17T18:48:22","modified_gmt":"2025-05-17T16:48:22","slug":"voile-louise-cervera-championne-du-monde-en-laser-radial-ilca-6","status":"publish","type":"post","link":"https:\/\/dicodusport.fr\/blog\/voile-louise-cervera-championne-du-monde-en-laser-radial-ilca-6\/","title":{"rendered":"Voile : Louise Cervera championne du monde en Laser Radial ILCA 6 !"},"content":{"rendered":"<h4 style=\"text-align: justify;\"><em>CHAMPIONNATS DU MONDE DE LASER ILCA 6 &#8211; R\u00e9guli\u00e8re et dominante, Louise Cervera a domin\u00e9 la comp\u00e9tition en Chine pour remporter le titre mondial !\u00a0<\/em><\/h4>\n<p style=\"text-align: justify;\">L&rsquo;\u00e9t\u00e9 dernier, <strong>Louise Cervera<\/strong> \u00e9tait arriv\u00e9e pleine d&rsquo;ambitions aux Jeux Olympiques de Paris. Mais, lors de la comp\u00e9tition de Laser ILCA 6, cat\u00e9gorie d\u00e9riveurs, elle n&rsquo;avait pu laisser sa marque. Alors qu&rsquo;elle avait gagn\u00e9 la premi\u00e8re r\u00e9gate, elle avait ensuite baiss\u00e9 de pied et gliss\u00e9 jusqu&rsquo;\u00e0 la dixi\u00e8me place. Pas de quoi toutefois entamer ses ambitions pour les Championnats du monde qui avaient lieu cette semaine en Chine.<\/p>\n<h2 style=\"text-align: justify;\">Le sacre de Louise Cervera<\/h2>\n<p style=\"text-align: justify;\">Un lieu o\u00f9 elle avait pris la 12\u00e8me place lors des Mondiaux 2022. Mais cette fois, malgr\u00e9 des conditions de vent pas toujours favorables, pas d&rsquo;inqui\u00e9tude. La Fran\u00e7aise a rafl\u00e9 la deuxi\u00e8me puis la troisi\u00e8me r\u00e9gate, s&rsquo;installant aux commandes du classement g\u00e9n\u00e9ral. Et contrairement \u00e0 Paris, elle n&rsquo;a pas baiss\u00e9 de pied, ne quittant jamais le Top 10. Elle avait quasiment course gagn\u00e9e avant la derni\u00e8re r\u00e9gate, qu&rsquo;elle a termin\u00e9 en quatri\u00e8me position, avant de lever enfin les bras et de brandir le drapeau fran\u00e7ais.<\/p>\n<p style=\"text-align: justify;\">Une victoire incroyable pour une navigatrice de grand talent. \u00c0 27 ans, <strong>Louise Cervera<\/strong> devient la deuxi\u00e8me Fran\u00e7aise \u00e0 remporter le titre dans la cat\u00e9gorie Laser ILCA 6, 17 ans apr\u00e8s <strong>Sarah Steyaert<\/strong>. La M\u00e9diterran\u00e9enne \u00e9crit l&rsquo;histoire de la voile fran\u00e7aise, et peut d\u00e9sormais se targuer d&rsquo;\u00eatre championne du monde !<\/p>\n<p><iframe loading=\"lazy\" title=\"YouTube video player\" src=\"https:\/\/www.youtube.com\/embed\/B-gpLgcseQ0?si=Dui3nimJ02PmGz7R\" width=\"560\" height=\"315\" frameborder=\"0\" allowfullscreen=\"allowfullscreen\"><\/iframe><\/p>\n","protected":false},"excerpt":{"rendered":"<p>CHAMPIONNATS DU MONDE DE LASER ILCA 6 &#8211; R\u00e9guli\u00e8re et dominante, Louise Cervera a domin\u00e9 la comp\u00e9tition en Chine pour remporter le titre mondial !\u00a0<\/p>\n","protected":false},"author":59,"featured_media":579798,"comment_status":"open","ping_status":"closed","sticky":false,"template":"","format":"standard","meta":{"_acf_changed":false,"_daextam_enable_autolinks":"1","footnotes":""},"categories":[9184],"tags":[16878,24],"class_list":["post-579584","post","type-post","status-publish","format-standard","has-post-thumbnail","hentry","category-voile","tag-breve","tag-sport"],"acf":[],"yoast_head":"<!-- This site is optimized with the Yoast SEO Premium plugin v26.7 (Yoast SEO v26.7) - https:\/\/yoast.com\/wordpress\/plugins\/seo\/ -->\n<title>Voile : Louise Cervera championne du monde en Laser Radial ILCA 6 !<\/title>\n<meta name=\"description\" content=\"CHAMPIONNATS DU MONDE DE LASER ILCA 6 - R\u00e9guli\u00e8re et dominante, Louise Cervera a domin\u00e9 la comp\u00e9tition en Chine pour remporter le titre mondial !\u00a0\" \/>\n<meta name=\"robots\" content=\"index, follow, max-snippet:-1, max-image-preview:large, max-video-preview:-1\" \/>\n<link rel=\"canonical\" href=\"https:\/\/dicodusport.fr\/blog\/voile-louise-cervera-championne-du-monde-en-laser-radial-ilca-6\/\" \/>\n<meta property=\"og:locale\" content=\"fr_FR\" \/>\n<meta property=\"og:type\" content=\"article\" \/>\n<meta property=\"og:title\" content=\"Voile : Louise Cervera championne du monde en Laser Radial ILCA 6 !\" \/>\n<meta property=\"og:description\" content=\"CHAMPIONNATS DU MONDE DE LASER ILCA 6 - R\u00e9guli\u00e8re et dominante, Louise Cervera a domin\u00e9 la comp\u00e9tition en Chine pour remporter le titre mondial !\u00a0\" \/>\n<meta property=\"og:url\" content=\"https:\/\/dicodusport.fr\/blog\/voile-louise-cervera-championne-du-monde-en-laser-radial-ilca-6\/\" \/>\n<meta property=\"og:site_name\" content=\"Dicodusport\" \/>\n<meta property=\"article:publisher\" content=\"https:\/\/www.facebook.com\/dicodusport\" \/>\n<meta property=\"article:author\" content=\"https:\/\/www.facebook.com\/sebastien.gente\/\" \/>\n<meta property=\"article:published_time\" content=\"2025-05-17T07:27:04+00:00\" \/>\n<meta property=\"article:modified_time\" content=\"2025-05-17T16:48:22+00:00\" \/>\n<meta property=\"og:image\" content=\"https:\/\/dicodusport.fr\/blog\/wp-content\/uploads\/2025\/05\/Voile-Louise-Cervera-championne-du-monde-en-Laser-Radial-ILCA-6-1-1-1024x575.png\" \/>\n\t<meta property=\"og:image:width\" content=\"1024\" \/>\n\t<meta property=\"og:image:height\" content=\"575\" \/>\n\t<meta property=\"og:image:type\" content=\"image\/png\" \/>\n<meta name=\"author\" content=\"S\u00e9bastien Gente\" \/>\n<meta name=\"twitter:card\" content=\"summary_large_image\" \/>\n<meta name=\"twitter:title\" content=\"Voile : Louise Cervera championne du monde en Laser Radial ILCA 6 !\" \/>\n<meta name=\"twitter:creator\" content=\"@https:\/\/twitter.com\/globulo24\" \/>\n<meta name=\"twitter:site\" content=\"@dicodusport\" \/>\n<script type=\"application\/ld+json\" class=\"yoast-schema-graph\">{\"@context\":\"https:\/\/schema.org\",\"@graph\":[{\"@type\":\"NewsArticle\",\"@id\":\"https:\/\/dicodusport.fr\/blog\/voile-louise-cervera-championne-du-monde-en-laser-radial-ilca-6\/#article\",\"isPartOf\":{\"@id\":\"https:\/\/dicodusport.fr\/blog\/voile-louise-cervera-championne-du-monde-en-laser-radial-ilca-6\/\"},\"author\":{\"name\":\"S\u00e9bastien Gente\",\"@id\":\"https:\/\/dicodusport.fr\/blog\/#\/schema\/person\/627966a6cde45dbd8c5e36ac85d783da\"},\"headline\":\"Voile : Louise Cervera championne du monde en Laser Radial ILCA 6 !\",\"datePublished\":\"2025-05-17T07:27:04+00:00\",\"dateModified\":\"2025-05-17T16:48:22+00:00\",\"mainEntityOfPage\":{\"@id\":\"https:\/\/dicodusport.fr\/blog\/voile-louise-cervera-championne-du-monde-en-laser-radial-ilca-6\/\"},\"wordCount\":272,\"commentCount\":0,\"publisher\":{\"@id\":\"https:\/\/dicodusport.fr\/blog\/#organization\"},\"image\":{\"@id\":\"https:\/\/dicodusport.fr\/blog\/voile-louise-cervera-championne-du-monde-en-laser-radial-ilca-6\/#primaryimage\"},\"thumbnailUrl\":\"https:\/\/dicodusport.fr\/blog\/wp-content\/uploads\/2025\/05\/Voile-Louise-Cervera-championne-du-monde-en-Laser-Radial-ILCA-6-1-1.png\",\"keywords\":[\"br\u00e8ve\",\"sport\"],\"articleSection\":[\"Voile\"],\"inLanguage\":\"fr-FR\",\"potentialAction\":[{\"@type\":\"CommentAction\",\"name\":\"Comment\",\"target\":[\"https:\/\/dicodusport.fr\/blog\/voile-louise-cervera-championne-du-monde-en-laser-radial-ilca-6\/#respond\"]}],\"copyrightYear\":\"2025\",\"copyrightHolder\":{\"@id\":\"https:\/\/dicodusport.fr\/blog\/#organization\"}},{\"@type\":\"WebPage\",\"@id\":\"https:\/\/dicodusport.fr\/blog\/voile-louise-cervera-championne-du-monde-en-laser-radial-ilca-6\/\",\"url\":\"https:\/\/dicodusport.fr\/blog\/voile-louise-cervera-championne-du-monde-en-laser-radial-ilca-6\/\",\"name\":\"Voile : Louise Cervera championne du monde en Laser Radial ILCA 6 !\",\"isPartOf\":{\"@id\":\"https:\/\/dicodusport.fr\/blog\/#website\"},\"primaryImageOfPage\":{\"@id\":\"https:\/\/dicodusport.fr\/blog\/voile-louise-cervera-championne-du-monde-en-laser-radial-ilca-6\/#primaryimage\"},\"image\":{\"@id\":\"https:\/\/dicodusport.fr\/blog\/voile-louise-cervera-championne-du-monde-en-laser-radial-ilca-6\/#primaryimage\"},\"thumbnailUrl\":\"https:\/\/dicodusport.fr\/blog\/wp-content\/uploads\/2025\/05\/Voile-Louise-Cervera-championne-du-monde-en-Laser-Radial-ILCA-6-1-1.png\",\"datePublished\":\"2025-05-17T07:27:04+00:00\",\"dateModified\":\"2025-05-17T16:48:22+00:00\",\"description\":\"CHAMPIONNATS DU MONDE DE LASER ILCA 6 - R\u00e9guli\u00e8re et dominante, Louise Cervera a domin\u00e9 la comp\u00e9tition en Chine pour remporter le titre mondial !\u00a0\",\"breadcrumb\":{\"@id\":\"https:\/\/dicodusport.fr\/blog\/voile-louise-cervera-championne-du-monde-en-laser-radial-ilca-6\/#breadcrumb\"},\"inLanguage\":\"fr-FR\",\"potentialAction\":[{\"@type\":\"ReadAction\",\"target\":[\"https:\/\/dicodusport.fr\/blog\/voile-louise-cervera-championne-du-monde-en-laser-radial-ilca-6\/\"]}]},{\"@type\":\"ImageObject\",\"inLanguage\":\"fr-FR\",\"@id\":\"https:\/\/dicodusport.fr\/blog\/voile-louise-cervera-championne-du-monde-en-laser-radial-ilca-6\/#primaryimage\",\"url\":\"https:\/\/dicodusport.fr\/blog\/wp-content\/uploads\/2025\/05\/Voile-Louise-Cervera-championne-du-monde-en-Laser-Radial-ILCA-6-1-1.png\",\"contentUrl\":\"https:\/\/dicodusport.fr\/blog\/wp-content\/uploads\/2025\/05\/Voile-Louise-Cervera-championne-du-monde-en-Laser-Radial-ILCA-6-1-1.png\",\"width\":1200,\"height\":674,\"caption\":\"Voile Louise Cervera championne du monde en Laser Radial ILCA 6 !\"},{\"@type\":\"BreadcrumbList\",\"@id\":\"https:\/\/dicodusport.fr\/blog\/voile-louise-cervera-championne-du-monde-en-laser-radial-ilca-6\/#breadcrumb\",\"itemListElement\":[{\"@type\":\"ListItem\",\"position\":1,\"name\":\"Accueil\",\"item\":\"https:\/\/dicodusport.fr\/blog\/\"},{\"@type\":\"ListItem\",\"position\":2,\"name\":\"Voile : Louise Cervera championne du monde en Laser Radial ILCA 6 !\"}]},{\"@type\":\"WebSite\",\"@id\":\"https:\/\/dicodusport.fr\/blog\/#website\",\"url\":\"https:\/\/dicodusport.fr\/blog\/\",\"name\":\"Dicodusport\",\"description\":\"L&#039;encyclop\u00e9die de l&#039;actualit\u00e9 sportive\",\"publisher\":{\"@id\":\"https:\/\/dicodusport.fr\/blog\/#organization\"},\"potentialAction\":[{\"@type\":\"SearchAction\",\"target\":{\"@type\":\"EntryPoint\",\"urlTemplate\":\"https:\/\/dicodusport.fr\/blog\/?s={search_term_string}\"},\"query-input\":{\"@type\":\"PropertyValueSpecification\",\"valueRequired\":true,\"valueName\":\"search_term_string\"}}],\"inLanguage\":\"fr-FR\"},{\"@type\":\"NewsMediaOrganization\",\"@id\":\"https:\/\/dicodusport.fr\/blog\/#organization\",\"name\":\"Dicodusport\",\"url\":\"https:\/\/dicodusport.fr\/blog\/\",\"logo\":{\"@type\":\"ImageObject\",\"inLanguage\":\"fr-FR\",\"@id\":\"https:\/\/dicodusport.fr\/blog\/#\/schema\/logo\/image\/\",\"url\":\"https:\/\/dicodusport.fr\/blog\/wp-content\/uploads\/2020\/06\/cropped-LOGO-DICODUSPORT-2020-SANS-FOND-SANS-TEXTE.png\",\"contentUrl\":\"https:\/\/dicodusport.fr\/blog\/wp-content\/uploads\/2020\/06\/cropped-LOGO-DICODUSPORT-2020-SANS-FOND-SANS-TEXTE.png\",\"width\":512,\"height\":512,\"caption\":\"Dicodusport\"},\"image\":{\"@id\":\"https:\/\/dicodusport.fr\/blog\/#\/schema\/logo\/image\/\"},\"sameAs\":[\"https:\/\/www.facebook.com\/dicodusport\",\"https:\/\/x.com\/dicodusport\",\"https:\/\/www.instagram.com\/dicodusport\/\",\"https:\/\/www.youtube.com\/channel\/UC7V2KZ5sd3htJivAbA4ZG3w\"],\"description\":\"Dicodusport est l'encyclop\u00e9die de l'actualit\u00e9 sportive.\",\"email\":\"bonjour@dicodusport.fr\",\"legalName\":\"DICODUSPORT\",\"foundingDate\":\"2018-01-14\",\"vatID\":\"FR71834470973\",\"taxID\":\"83447097300043\",\"numberOfEmployees\":{\"@type\":\"QuantitativeValue\",\"minValue\":\"1\",\"maxValue\":\"10\"}},{\"@type\":\"Person\",\"@id\":\"https:\/\/dicodusport.fr\/blog\/#\/schema\/person\/627966a6cde45dbd8c5e36ac85d783da\",\"name\":\"S\u00e9bastien Gente\",\"image\":{\"@type\":\"ImageObject\",\"inLanguage\":\"fr-FR\",\"@id\":\"https:\/\/dicodusport.fr\/blog\/#\/schema\/person\/image\/\",\"url\":\"https:\/\/dicodusport.fr\/blog\/wp-content\/uploads\/2021\/09\/1510990_10205810251400683_4124423575079401707_n-150x150.jpg\",\"contentUrl\":\"https:\/\/dicodusport.fr\/blog\/wp-content\/uploads\/2021\/09\/1510990_10205810251400683_4124423575079401707_n-150x150.jpg\",\"caption\":\"S\u00e9bastien Gente\"},\"description\":\"John Stockton, Gianni Bugno, Zinedine Zidane, Steffi Graf, Frode Andresen, St\u00e9phane Stoecklin, Davis Kamoga, Primoz Peterka, Werner Schlager et Aur\u00e9lien Rougerie. Point commun entre ces sportifs? Ils m'ont fait r\u00eaver et ont berc\u00e9 mon adolescence. Je suis un fondu de sports et j'essaie de retranscrire ma passion \u00e0 travers mes articles. Originaire du P\u00e9rigord, ma passion pour les Girondins, les Jaunards et les Jazzmen transpire dans mes \u00e9crits. \u00c0 Dicodusport depuis 2021, je d\u00e9niche les sports m\u00e9connus dans lesquels la France brille, et il y en a !\",\"sameAs\":[\"https:\/\/www.facebook.com\/sebastien.gente\/\",\"https:\/\/www.instagram.com\/sebgente\/\",\"https:\/\/www.linkedin.com\/in\/sbastien-gente-a29583169\/\",\"https:\/\/x.com\/https:\/\/twitter.com\/globulo24\",\"SebastienGente\"],\"worksFor\":\"S\u00e9bastien GENTE\",\"url\":\"https:\/\/dicodusport.fr\/blog\/author\/sebastiengente\/\"}]}<\/script>\n<!-- \/ Yoast SEO Premium plugin. -->","yoast_head_json":{"title":"Voile : Louise Cervera championne du monde en Laser Radial ILCA 6 !","description":"CHAMPIONNATS DU MONDE DE LASER ILCA 6 - R\u00e9guli\u00e8re et dominante, Louise Cervera a domin\u00e9 la comp\u00e9tition en Chine pour remporter le titre mondial !\u00a0","robots":{"index":"index","follow":"follow","max-snippet":"max-snippet:-1","max-image-preview":"max-image-preview:large","max-video-preview":"max-video-preview:-1"},"canonical":"https:\/\/dicodusport.fr\/blog\/voile-louise-cervera-championne-du-monde-en-laser-radial-ilca-6\/","og_locale":"fr_FR","og_type":"article","og_title":"Voile : Louise Cervera championne du monde en Laser Radial ILCA 6 !","og_description":"CHAMPIONNATS DU MONDE DE LASER ILCA 6 - R\u00e9guli\u00e8re et dominante, Louise Cervera a domin\u00e9 la comp\u00e9tition en Chine pour remporter le titre mondial !\u00a0","og_url":"https:\/\/dicodusport.fr\/blog\/voile-louise-cervera-championne-du-monde-en-laser-radial-ilca-6\/","og_site_name":"Dicodusport","article_publisher":"https:\/\/www.facebook.com\/dicodusport","article_author":"https:\/\/www.facebook.com\/sebastien.gente\/","article_published_time":"2025-05-17T07:27:04+00:00","article_modified_time":"2025-05-17T16:48:22+00:00","og_image":[{"width":1024,"height":575,"url":"https:\/\/dicodusport.fr\/blog\/wp-content\/uploads\/2025\/05\/Voile-Louise-Cervera-championne-du-monde-en-Laser-Radial-ILCA-6-1-1-1024x575.png","type":"image\/png"}],"author":"S\u00e9bastien Gente","twitter_card":"summary_large_image","twitter_title":"Voile : Louise Cervera championne du monde en Laser Radial ILCA 6 !","twitter_creator":"@https:\/\/twitter.com\/globulo24","twitter_site":"@dicodusport","schema":{"@context":"https:\/\/schema.org","@graph":[{"@type":"NewsArticle","@id":"https:\/\/dicodusport.fr\/blog\/voile-louise-cervera-championne-du-monde-en-laser-radial-ilca-6\/#article","isPartOf":{"@id":"https:\/\/dicodusport.fr\/blog\/voile-louise-cervera-championne-du-monde-en-laser-radial-ilca-6\/"},"author":{"name":"S\u00e9bastien Gente","@id":"https:\/\/dicodusport.fr\/blog\/#\/schema\/person\/627966a6cde45dbd8c5e36ac85d783da"},"headline":"Voile : Louise Cervera championne du monde en Laser Radial ILCA 6 !","datePublished":"2025-05-17T07:27:04+00:00","dateModified":"2025-05-17T16:48:22+00:00","mainEntityOfPage":{"@id":"https:\/\/dicodusport.fr\/blog\/voile-louise-cervera-championne-du-monde-en-laser-radial-ilca-6\/"},"wordCount":272,"commentCount":0,"publisher":{"@id":"https:\/\/dicodusport.fr\/blog\/#organization"},"image":{"@id":"https:\/\/dicodusport.fr\/blog\/voile-louise-cervera-championne-du-monde-en-laser-radial-ilca-6\/#primaryimage"},"thumbnailUrl":"https:\/\/dicodusport.fr\/blog\/wp-content\/uploads\/2025\/05\/Voile-Louise-Cervera-championne-du-monde-en-Laser-Radial-ILCA-6-1-1.png","keywords":["br\u00e8ve","sport"],"articleSection":["Voile"],"inLanguage":"fr-FR","potentialAction":[{"@type":"CommentAction","name":"Comment","target":["https:\/\/dicodusport.fr\/blog\/voile-louise-cervera-championne-du-monde-en-laser-radial-ilca-6\/#respond"]}],"copyrightYear":"2025","copyrightHolder":{"@id":"https:\/\/dicodusport.fr\/blog\/#organization"}},{"@type":"WebPage","@id":"https:\/\/dicodusport.fr\/blog\/voile-louise-cervera-championne-du-monde-en-laser-radial-ilca-6\/","url":"https:\/\/dicodusport.fr\/blog\/voile-louise-cervera-championne-du-monde-en-laser-radial-ilca-6\/","name":"Voile : Louise Cervera championne du monde en Laser Radial ILCA 6 !","isPartOf":{"@id":"https:\/\/dicodusport.fr\/blog\/#website"},"primaryImageOfPage":{"@id":"https:\/\/dicodusport.fr\/blog\/voile-louise-cervera-championne-du-monde-en-laser-radial-ilca-6\/#primaryimage"},"image":{"@id":"https:\/\/dicodusport.fr\/blog\/voile-louise-cervera-championne-du-monde-en-laser-radial-ilca-6\/#primaryimage"},"thumbnailUrl":"https:\/\/dicodusport.fr\/blog\/wp-content\/uploads\/2025\/05\/Voile-Louise-Cervera-championne-du-monde-en-Laser-Radial-ILCA-6-1-1.png","datePublished":"2025-05-17T07:27:04+00:00","dateModified":"2025-05-17T16:48:22+00:00","description":"CHAMPIONNATS DU MONDE DE LASER ILCA 6 - R\u00e9guli\u00e8re et dominante, Louise Cervera a domin\u00e9 la comp\u00e9tition en Chine pour remporter le titre mondial !\u00a0","breadcrumb":{"@id":"https:\/\/dicodusport.fr\/blog\/voile-louise-cervera-championne-du-monde-en-laser-radial-ilca-6\/#breadcrumb"},"inLanguage":"fr-FR","potentialAction":[{"@type":"ReadAction","target":["https:\/\/dicodusport.fr\/blog\/voile-louise-cervera-championne-du-monde-en-laser-radial-ilca-6\/"]}]},{"@type":"ImageObject","inLanguage":"fr-FR","@id":"https:\/\/dicodusport.fr\/blog\/voile-louise-cervera-championne-du-monde-en-laser-radial-ilca-6\/#primaryimage","url":"https:\/\/dicodusport.fr\/blog\/wp-content\/uploads\/2025\/05\/Voile-Louise-Cervera-championne-du-monde-en-Laser-Radial-ILCA-6-1-1.png","contentUrl":"https:\/\/dicodusport.fr\/blog\/wp-content\/uploads\/2025\/05\/Voile-Louise-Cervera-championne-du-monde-en-Laser-Radial-ILCA-6-1-1.png","width":1200,"height":674,"caption":"Voile Louise Cervera championne du monde en Laser Radial ILCA 6 !"},{"@type":"BreadcrumbList","@id":"https:\/\/dicodusport.fr\/blog\/voile-louise-cervera-championne-du-monde-en-laser-radial-ilca-6\/#breadcrumb","itemListElement":[{"@type":"ListItem","position":1,"name":"Accueil","item":"https:\/\/dicodusport.fr\/blog\/"},{"@type":"ListItem","position":2,"name":"Voile : Louise Cervera championne du monde en Laser Radial ILCA 6 !"}]},{"@type":"WebSite","@id":"https:\/\/dicodusport.fr\/blog\/#website","url":"https:\/\/dicodusport.fr\/blog\/","name":"Dicodusport","description":"L&#039;encyclop\u00e9die de l&#039;actualit\u00e9 sportive","publisher":{"@id":"https:\/\/dicodusport.fr\/blog\/#organization"},"potentialAction":[{"@type":"SearchAction","target":{"@type":"EntryPoint","urlTemplate":"https:\/\/dicodusport.fr\/blog\/?s={search_term_string}"},"query-input":{"@type":"PropertyValueSpecification","valueRequired":true,"valueName":"search_term_string"}}],"inLanguage":"fr-FR"},{"@type":"NewsMediaOrganization","@id":"https:\/\/dicodusport.fr\/blog\/#organization","name":"Dicodusport","url":"https:\/\/dicodusport.fr\/blog\/","logo":{"@type":"ImageObject","inLanguage":"fr-FR","@id":"https:\/\/dicodusport.fr\/blog\/#\/schema\/logo\/image\/","url":"https:\/\/dicodusport.fr\/blog\/wp-content\/uploads\/2020\/06\/cropped-LOGO-DICODUSPORT-2020-SANS-FOND-SANS-TEXTE.png","contentUrl":"https:\/\/dicodusport.fr\/blog\/wp-content\/uploads\/2020\/06\/cropped-LOGO-DICODUSPORT-2020-SANS-FOND-SANS-TEXTE.png","width":512,"height":512,"caption":"Dicodusport"},"image":{"@id":"https:\/\/dicodusport.fr\/blog\/#\/schema\/logo\/image\/"},"sameAs":["https:\/\/www.facebook.com\/dicodusport","https:\/\/x.com\/dicodusport","https:\/\/www.instagram.com\/dicodusport\/","https:\/\/www.youtube.com\/channel\/UC7V2KZ5sd3htJivAbA4ZG3w"],"description":"Dicodusport est l'encyclop\u00e9die de l'actualit\u00e9 sportive.","email":"bonjour@dicodusport.fr","legalName":"DICODUSPORT","foundingDate":"2018-01-14","vatID":"FR71834470973","taxID":"83447097300043","numberOfEmployees":{"@type":"QuantitativeValue","minValue":"1","maxValue":"10"}},{"@type":"Person","@id":"https:\/\/dicodusport.fr\/blog\/#\/schema\/person\/627966a6cde45dbd8c5e36ac85d783da","name":"S\u00e9bastien Gente","image":{"@type":"ImageObject","inLanguage":"fr-FR","@id":"https:\/\/dicodusport.fr\/blog\/#\/schema\/person\/image\/","url":"https:\/\/dicodusport.fr\/blog\/wp-content\/uploads\/2021\/09\/1510990_10205810251400683_4124423575079401707_n-150x150.jpg","contentUrl":"https:\/\/dicodusport.fr\/blog\/wp-content\/uploads\/2021\/09\/1510990_10205810251400683_4124423575079401707_n-150x150.jpg","caption":"S\u00e9bastien Gente"},"description":"John Stockton, Gianni Bugno, Zinedine Zidane, Steffi Graf, Frode Andresen, St\u00e9phane Stoecklin, Davis Kamoga, Primoz Peterka, Werner Schlager et Aur\u00e9lien Rougerie. Point commun entre ces sportifs? Ils m'ont fait r\u00eaver et ont berc\u00e9 mon adolescence. Je suis un fondu de sports et j'essaie de retranscrire ma passion \u00e0 travers mes articles. Originaire du P\u00e9rigord, ma passion pour les Girondins, les Jaunards et les Jazzmen transpire dans mes \u00e9crits. \u00c0 Dicodusport depuis 2021, je d\u00e9niche les sports m\u00e9connus dans lesquels la France brille, et il y en a !","sameAs":["https:\/\/www.facebook.com\/sebastien.gente\/","https:\/\/www.instagram.com\/sebgente\/","https:\/\/www.linkedin.com\/in\/sbastien-gente-a29583169\/","https:\/\/x.com\/https:\/\/twitter.com\/globulo24","SebastienGente"],"worksFor":"S\u00e9bastien GENTE","url":"https:\/\/dicodusport.fr\/blog\/author\/sebastiengente\/"}]}},"_links":{"self":[{"href":"https:\/\/dicodusport.fr\/blog\/wp-json\/wp\/v2\/posts\/579584","targetHints":{"allow":["GET"]}}],"collection":[{"href":"https:\/\/dicodusport.fr\/blog\/wp-json\/wp\/v2\/posts"}],"about":[{"href":"https:\/\/dicodusport.fr\/blog\/wp-json\/wp\/v2\/types\/post"}],"author":[{"embeddable":true,"href":"https:\/\/dicodusport.fr\/blog\/wp-json\/wp\/v2\/users\/59"}],"replies":[{"embeddable":true,"href":"https:\/\/dicodusport.fr\/blog\/wp-json\/wp\/v2\/comments?post=579584"}],"version-history":[{"count":2,"href":"https:\/\/dicodusport.fr\/blog\/wp-json\/wp\/v2\/posts\/579584\/revisions"}],"predecessor-version":[{"id":579589,"href":"https:\/\/dicodusport.fr\/blog\/wp-json\/wp\/v2\/posts\/579584\/revisions\/579589"}],"wp:featuredmedia":[{"embeddable":true,"href":"https:\/\/dicodusport.fr\/blog\/wp-json\/wp\/v2\/media\/579798"}],"wp:attachment":[{"href":"https:\/\/dicodusport.fr\/blog\/wp-json\/wp\/v2\/media?parent=579584"}],"wp:term":[{"taxonomy":"category","embeddable":true,"href":"https:\/\/dicodusport.fr\/blog\/wp-json\/wp\/v2\/categories?post=579584"},{"taxonomy":"post_tag","embeddable":true,"href":"https:\/\/dicodusport.fr\/blog\/wp-json\/wp\/v2\/tags?post=579584"}],"curies":[{"name":"wp","href":"https:\/\/api.w.org\/{rel}","templated":true}]}}