{"id":579625,"date":"2025-05-17T15:47:31","date_gmt":"2025-05-17T13:47:31","guid":{"rendered":"https:\/\/dicodusport.fr\/blog\/?p=579625&#038;preview=true&#038;preview_id=579625"},"modified":"2025-05-17T19:05:37","modified_gmt":"2025-05-17T17:05:37","slug":"tour-de-hongrie-2025-dylan-groenewegen-simpose-au-sprint-sur-la-quatrieme-etape","status":"publish","type":"post","link":"https:\/\/dicodusport.fr\/blog\/tour-de-hongrie-2025-dylan-groenewegen-simpose-au-sprint-sur-la-quatrieme-etape\/","title":{"rendered":"Tour de Hongrie 2025 : Dylan Groenewegen s&rsquo;impose au sprint sur la quatri\u00e8me \u00e9tape"},"content":{"rendered":"<h4 style=\"text-align: justify;\"><em>TOUR DE HONGRIE 2025 &#8211; Le champion des Pays-Bas Dylan Groenewegen (Jayco AlUla) a remport\u00e9 la quatri\u00e8me \u00e9tape du Tour de Hongrie \u00e0 Sz\u00e9kesfeh\u00e9rv\u00e1r, samedi. Harold Martin Lopez (XDS Astana) reste leader du classement g\u00e9n\u00e9ral.\u00a0<\/em><\/h4>\n<p style=\"text-align: justify;\">Pour cette quatri\u00e8me \u00e9tape, il y avait 153,6 kilom\u00e8tres au programme entre <b>Tata <\/b>et <strong>Sz\u00e9kesfeh\u00e9rv\u00e1r\u00a0<\/strong>avec un itin\u00e9raire presque enti\u00e8rement plat et un circuit final de 3 kilom\u00e8tres \u00e0 faire 3 fois avec une ligne d&rsquo;arriv\u00e9e plac\u00e9e au sommet d&rsquo;une petite mont\u00e9e de 300 m\u00e8tres \u00e0 4 %.<\/p>\n<div class=\"single-tab js-tab-info-tecniche is-active\">\n<ul style=\"text-align: justify;\">\n<li><strong>\u00c0 ce sujet \u2013 <a href=\"https:\/\/dicodusport.fr\/blog\/actualites\/cyclisme\/cyclisme-sur-route-2025\/\">L\u2019actualit\u00e9 du cyclisme sur route<\/a><\/strong><\/li>\n<\/ul>\n<p style=\"text-align: justify;\">D&rsquo;abord, six coureurs ont form\u00e9 l&rsquo;\u00e9chapp\u00e9e du jour : <strong>Riccardo Lucca<\/strong> (Karcag Cycling \u00c9PKAR), <strong>Sander Nistad Stien<\/strong> (Epronex &#8211; Hungary Cycling), <strong>Viktor Vandenbergh<\/strong> (Pauwels Sauzen &#8211; Cibel Clementines), <strong>Diego Pablo Sevilla<\/strong> (Polti VisitMalta), <strong>Louis Sutton<\/strong> (Euskaltel &#8211; Euskadi) et <strong>Kamil Ma\u0142ecki<\/strong> (Q36.5 Pro Cycling). Les \u00e9quipes UAE Team Emirates &#8211; XRG, Lidl Trek et Jayco AlUla ont laiss\u00e9 jusqu&rsquo;\u00e0 3 minutes d&rsquo;avance avant de revenir progressivement sur les hommes de t\u00eate sur un terrain parfait pour un peloton sur des routes bien larges.<\/p>\n<ul style=\"text-align: justify;\">\n<li><strong>\u00c0 ce sujet \u2013 <a href=\"https:\/\/dicodusport.fr\/blog\/tour-de-hongrie-2025-classement-4eme-etape\/\">Tour de Hongrie 2025 \u2013 Classement de la 4\u00e8me \u00e9tape<\/a><\/strong><\/li>\n<\/ul>\n<h2 style=\"text-align: justify;\">Dylan Groenewegen, enfin<\/h2>\n<p style=\"text-align: justify;\">Ensuite, l&rsquo;\u00e9chapp\u00e9e a \u00e9t\u00e9 reprise \u00e0 30 kilom\u00e8tres du terme. On a assist\u00e9 \u00e0 quelques offensives notamment de la part de <strong>Tim Torn Teutenberg<\/strong> (Lidl &#8211; Trek) avant de rejoindre le circuit final. Mais, le terrain n&rsquo;\u00e9tait absolument pas propice \u00e0 ce genre d&rsquo;initiative en solitaire, surtout avec une \u00e9quipe Jayco AlUla, articul\u00e9e autour de son sprinteur <strong>Dylan Groenewegen<\/strong>.<\/p>\n<ul style=\"text-align: justify;\">\n<li><strong>\u00c0 ce sujet \u2013 <a href=\"https:\/\/dicodusport.fr\/blog\/classement-general-du-tour-de-hongrie-2025\/\">Tour de Hongrie 2025 \u2013 Classement g\u00e9n\u00e9ral\u00a0<\/a><\/strong><\/li>\n<\/ul>\n<p style=\"text-align: justify;\">Finalement, apr\u00e8s un bon travail de son train, <strong>Dylan Groenewegen <\/strong>a lanc\u00e9 son sprint \u00e0 150 m\u00e8tres de la ligne d&rsquo;arriv\u00e9e et s&rsquo;est montr\u00e9 le plus v\u00e9loce devant le double vainqueur d&rsquo;\u00e9tape <strong>Danny van Poppel<\/strong> (Red Bull Bora Hansgrohe) et <strong>Tim Torn Teutenberg<\/strong>. <strong>Harold Martin Lopez<\/strong> (XDS Astana) est rest\u00e9 au chaud dans le peloton afin de garder son maillot de leader avant la derni\u00e8re \u00e9tape de demain, avec un petit go\u00fbt de flandrienne.<\/p>\n<blockquote class=\"twitter-tweet\">\n<p dir=\"ltr\" lang=\"nl\">\ud83d\udeb4\ud83c\udded\ud83c\uddfa | Opnieuw Nederlands sprintsucces: Dylan Groenewegen wint de vierde etappe van de Ronde van Hongarije! \ud83d\udc4f\ud83d\udc4f <a href=\"https:\/\/twitter.com\/hashtag\/TourofHungary?src=hash&amp;ref_src=twsrc%5Etfw\">#TourofHungary<\/a><\/p>\n<p>\ud83d\udcfa Stream koers op HBO Max <a href=\"https:\/\/t.co\/dYnYIH00PK\">pic.twitter.com\/dYnYIH00PK<\/a><\/p>\n<p>\u2014 Eurosport Nederland (@Eurosport_NL) <a href=\"https:\/\/twitter.com\/Eurosport_NL\/status\/1923738567857127754?ref_src=twsrc%5Etfw\">May 17, 2025<\/a><\/p><\/blockquote>\n<p style=\"text-align: justify;\"><script async src=\"https:\/\/platform.twitter.com\/widgets.js\" charset=\"utf-8\"><\/script><\/p>\n<\/div>\n","protected":false},"excerpt":{"rendered":"<p>TOUR DE HONGRIE 2025 &#8211; Le champion des Pays-Bas Dylan Groenewegen (Jayco AlUla) a remport\u00e9 la quatri\u00e8me \u00e9tape du Tour de Hongrie \u00e0 Sz\u00e9kesfeh\u00e9rv\u00e1r, samedi. Harold Martin Lopez (XDS Astana) reste leader du classement g\u00e9n\u00e9ral.\u00a0<\/p>\n","protected":false},"author":48,"featured_media":579801,"comment_status":"open","ping_status":"closed","sticky":false,"template":"","format":"standard","meta":{"_acf_changed":false,"_daextam_enable_autolinks":"1","footnotes":""},"categories":[47041],"tags":[3119,16878],"class_list":["post-579625","post","type-post","status-publish","format-standard","has-post-thumbnail","hentry","category-tour-d-italie","tag-actualite-cyclisme","tag-breve"],"acf":[],"yoast_head":"<!-- This site is optimized with the Yoast SEO Premium plugin v26.7 (Yoast SEO v26.7) - https:\/\/yoast.com\/wordpress\/plugins\/seo\/ -->\n<title>Tour de Hongrie 2025 : Dylan Groenewegen s&#039;impose au sprint sur la quatri\u00e8me \u00e9tape<\/title>\n<meta name=\"description\" content=\"TOUR DE HONGRIE 2025 - Dylan Groenewegen (Jayco AlUla) a remport\u00e9 la quatri\u00e8me \u00e9tape \u00e0 Sz\u00e9kesfeh\u00e9rv\u00e1r, samedi.\" \/>\n<meta name=\"robots\" content=\"index, follow, max-snippet:-1, max-image-preview:large, max-video-preview:-1\" \/>\n<link rel=\"canonical\" href=\"https:\/\/dicodusport.fr\/blog\/tour-de-hongrie-2025-dylan-groenewegen-simpose-au-sprint-sur-la-quatrieme-etape\/\" \/>\n<meta property=\"og:locale\" content=\"fr_FR\" \/>\n<meta property=\"og:type\" content=\"article\" \/>\n<meta property=\"og:title\" content=\"Tour de Hongrie 2025 : Dylan Groenewegen s&#039;impose au sprint sur la quatri\u00e8me \u00e9tape\" \/>\n<meta property=\"og:description\" content=\"TOUR DE HONGRIE 2025 - Dylan Groenewegen (Jayco AlUla) a remport\u00e9 la quatri\u00e8me \u00e9tape \u00e0 Sz\u00e9kesfeh\u00e9rv\u00e1r, samedi.\" \/>\n<meta property=\"og:url\" content=\"https:\/\/dicodusport.fr\/blog\/tour-de-hongrie-2025-dylan-groenewegen-simpose-au-sprint-sur-la-quatrieme-etape\/\" \/>\n<meta property=\"og:site_name\" content=\"Dicodusport\" \/>\n<meta property=\"article:publisher\" content=\"https:\/\/www.facebook.com\/dicodusport\" \/>\n<meta property=\"article:author\" content=\"https:\/\/www.facebook.com\/groups\/LesRoisDuPeloton\" \/>\n<meta property=\"article:published_time\" content=\"2025-05-17T13:47:31+00:00\" \/>\n<meta property=\"article:modified_time\" content=\"2025-05-17T17:05:37+00:00\" \/>\n<meta property=\"og:image\" content=\"https:\/\/dicodusport.fr\/blog\/wp-content\/uploads\/2025\/05\/Tour-de-Hongrie-2025-Dylan-Groenewegen-simpose-au-sprint-sur-la-quatrieme-etape-1.png\" \/>\n\t<meta property=\"og:image:width\" content=\"1200\" \/>\n\t<meta property=\"og:image:height\" content=\"674\" \/>\n\t<meta property=\"og:image:type\" content=\"image\/png\" \/>\n<meta name=\"author\" content=\"Emilien Descampiaux\" \/>\n<meta name=\"twitter:card\" content=\"summary_large_image\" \/>\n<meta name=\"twitter:title\" content=\"Tour de Hongrie 2025 : Dylan Groenewegen s&#039;impose au sprint sur la quatri\u00e8me \u00e9tape\" \/>\n<meta name=\"twitter:creator\" content=\"@https:\/\/twitter.com\/LRoisDuPeloton\" \/>\n<meta name=\"twitter:site\" content=\"@dicodusport\" \/>\n<script type=\"application\/ld+json\" class=\"yoast-schema-graph\">{\"@context\":\"https:\/\/schema.org\",\"@graph\":[{\"@type\":\"NewsArticle\",\"@id\":\"https:\/\/dicodusport.fr\/blog\/tour-de-hongrie-2025-dylan-groenewegen-simpose-au-sprint-sur-la-quatrieme-etape\/#article\",\"isPartOf\":{\"@id\":\"https:\/\/dicodusport.fr\/blog\/tour-de-hongrie-2025-dylan-groenewegen-simpose-au-sprint-sur-la-quatrieme-etape\/\"},\"author\":{\"name\":\"Emilien Descampiaux\",\"@id\":\"https:\/\/dicodusport.fr\/blog\/#\/schema\/person\/6db4bae06b171592211be385b32876a7\"},\"headline\":\"Tour de Hongrie 2025 : Dylan Groenewegen s&rsquo;impose au sprint sur la quatri\u00e8me \u00e9tape\",\"datePublished\":\"2025-05-17T13:47:31+00:00\",\"dateModified\":\"2025-05-17T17:05:37+00:00\",\"mainEntityOfPage\":{\"@id\":\"https:\/\/dicodusport.fr\/blog\/tour-de-hongrie-2025-dylan-groenewegen-simpose-au-sprint-sur-la-quatrieme-etape\/\"},\"wordCount\":396,\"commentCount\":0,\"publisher\":{\"@id\":\"https:\/\/dicodusport.fr\/blog\/#organization\"},\"image\":{\"@id\":\"https:\/\/dicodusport.fr\/blog\/tour-de-hongrie-2025-dylan-groenewegen-simpose-au-sprint-sur-la-quatrieme-etape\/#primaryimage\"},\"thumbnailUrl\":\"https:\/\/dicodusport.fr\/blog\/wp-content\/uploads\/2025\/05\/Tour-de-Hongrie-2025-Dylan-Groenewegen-simpose-au-sprint-sur-la-quatrieme-etape-1.png\",\"keywords\":[\"Actualit\u00e9 Cyclisme\",\"br\u00e8ve\"],\"articleSection\":[\"Tour d'Italie\"],\"inLanguage\":\"fr-FR\",\"potentialAction\":[{\"@type\":\"CommentAction\",\"name\":\"Comment\",\"target\":[\"https:\/\/dicodusport.fr\/blog\/tour-de-hongrie-2025-dylan-groenewegen-simpose-au-sprint-sur-la-quatrieme-etape\/#respond\"]}],\"copyrightYear\":\"2025\",\"copyrightHolder\":{\"@id\":\"https:\/\/dicodusport.fr\/blog\/#organization\"}},{\"@type\":\"WebPage\",\"@id\":\"https:\/\/dicodusport.fr\/blog\/tour-de-hongrie-2025-dylan-groenewegen-simpose-au-sprint-sur-la-quatrieme-etape\/\",\"url\":\"https:\/\/dicodusport.fr\/blog\/tour-de-hongrie-2025-dylan-groenewegen-simpose-au-sprint-sur-la-quatrieme-etape\/\",\"name\":\"Tour de Hongrie 2025 : Dylan Groenewegen s'impose au sprint sur la quatri\u00e8me \u00e9tape\",\"isPartOf\":{\"@id\":\"https:\/\/dicodusport.fr\/blog\/#website\"},\"primaryImageOfPage\":{\"@id\":\"https:\/\/dicodusport.fr\/blog\/tour-de-hongrie-2025-dylan-groenewegen-simpose-au-sprint-sur-la-quatrieme-etape\/#primaryimage\"},\"image\":{\"@id\":\"https:\/\/dicodusport.fr\/blog\/tour-de-hongrie-2025-dylan-groenewegen-simpose-au-sprint-sur-la-quatrieme-etape\/#primaryimage\"},\"thumbnailUrl\":\"https:\/\/dicodusport.fr\/blog\/wp-content\/uploads\/2025\/05\/Tour-de-Hongrie-2025-Dylan-Groenewegen-simpose-au-sprint-sur-la-quatrieme-etape-1.png\",\"datePublished\":\"2025-05-17T13:47:31+00:00\",\"dateModified\":\"2025-05-17T17:05:37+00:00\",\"description\":\"TOUR DE HONGRIE 2025 - Dylan Groenewegen (Jayco AlUla) a remport\u00e9 la quatri\u00e8me \u00e9tape \u00e0 Sz\u00e9kesfeh\u00e9rv\u00e1r, samedi.\",\"breadcrumb\":{\"@id\":\"https:\/\/dicodusport.fr\/blog\/tour-de-hongrie-2025-dylan-groenewegen-simpose-au-sprint-sur-la-quatrieme-etape\/#breadcrumb\"},\"inLanguage\":\"fr-FR\",\"potentialAction\":[{\"@type\":\"ReadAction\",\"target\":[\"https:\/\/dicodusport.fr\/blog\/tour-de-hongrie-2025-dylan-groenewegen-simpose-au-sprint-sur-la-quatrieme-etape\/\"]}]},{\"@type\":\"ImageObject\",\"inLanguage\":\"fr-FR\",\"@id\":\"https:\/\/dicodusport.fr\/blog\/tour-de-hongrie-2025-dylan-groenewegen-simpose-au-sprint-sur-la-quatrieme-etape\/#primaryimage\",\"url\":\"https:\/\/dicodusport.fr\/blog\/wp-content\/uploads\/2025\/05\/Tour-de-Hongrie-2025-Dylan-Groenewegen-simpose-au-sprint-sur-la-quatrieme-etape-1.png\",\"contentUrl\":\"https:\/\/dicodusport.fr\/blog\/wp-content\/uploads\/2025\/05\/Tour-de-Hongrie-2025-Dylan-Groenewegen-simpose-au-sprint-sur-la-quatrieme-etape-1.png\",\"width\":1200,\"height\":674,\"caption\":\"Tour de Hongrie 2025 Dylan Groenewegen s'impose au sprint sur la quatri\u00e8me \u00e9tape\"},{\"@type\":\"BreadcrumbList\",\"@id\":\"https:\/\/dicodusport.fr\/blog\/tour-de-hongrie-2025-dylan-groenewegen-simpose-au-sprint-sur-la-quatrieme-etape\/#breadcrumb\",\"itemListElement\":[{\"@type\":\"ListItem\",\"position\":1,\"name\":\"Accueil\",\"item\":\"https:\/\/dicodusport.fr\/blog\/\"},{\"@type\":\"ListItem\",\"position\":2,\"name\":\"Tour de Hongrie 2025 : Dylan Groenewegen s&rsquo;impose au sprint sur la quatri\u00e8me \u00e9tape\"}]},{\"@type\":\"WebSite\",\"@id\":\"https:\/\/dicodusport.fr\/blog\/#website\",\"url\":\"https:\/\/dicodusport.fr\/blog\/\",\"name\":\"Dicodusport\",\"description\":\"L&#039;encyclop\u00e9die de l&#039;actualit\u00e9 sportive\",\"publisher\":{\"@id\":\"https:\/\/dicodusport.fr\/blog\/#organization\"},\"potentialAction\":[{\"@type\":\"SearchAction\",\"target\":{\"@type\":\"EntryPoint\",\"urlTemplate\":\"https:\/\/dicodusport.fr\/blog\/?s={search_term_string}\"},\"query-input\":{\"@type\":\"PropertyValueSpecification\",\"valueRequired\":true,\"valueName\":\"search_term_string\"}}],\"inLanguage\":\"fr-FR\"},{\"@type\":\"NewsMediaOrganization\",\"@id\":\"https:\/\/dicodusport.fr\/blog\/#organization\",\"name\":\"Dicodusport\",\"url\":\"https:\/\/dicodusport.fr\/blog\/\",\"logo\":{\"@type\":\"ImageObject\",\"inLanguage\":\"fr-FR\",\"@id\":\"https:\/\/dicodusport.fr\/blog\/#\/schema\/logo\/image\/\",\"url\":\"https:\/\/dicodusport.fr\/blog\/wp-content\/uploads\/2020\/06\/cropped-LOGO-DICODUSPORT-2020-SANS-FOND-SANS-TEXTE.png\",\"contentUrl\":\"https:\/\/dicodusport.fr\/blog\/wp-content\/uploads\/2020\/06\/cropped-LOGO-DICODUSPORT-2020-SANS-FOND-SANS-TEXTE.png\",\"width\":512,\"height\":512,\"caption\":\"Dicodusport\"},\"image\":{\"@id\":\"https:\/\/dicodusport.fr\/blog\/#\/schema\/logo\/image\/\"},\"sameAs\":[\"https:\/\/www.facebook.com\/dicodusport\",\"https:\/\/x.com\/dicodusport\",\"https:\/\/www.instagram.com\/dicodusport\/\",\"https:\/\/www.youtube.com\/channel\/UC7V2KZ5sd3htJivAbA4ZG3w\"],\"description\":\"Dicodusport est l'encyclop\u00e9die de l'actualit\u00e9 sportive.\",\"email\":\"bonjour@dicodusport.fr\",\"legalName\":\"DICODUSPORT\",\"foundingDate\":\"2018-01-14\",\"vatID\":\"FR71834470973\",\"taxID\":\"83447097300043\",\"numberOfEmployees\":{\"@type\":\"QuantitativeValue\",\"minValue\":\"1\",\"maxValue\":\"10\"}},{\"@type\":\"Person\",\"@id\":\"https:\/\/dicodusport.fr\/blog\/#\/schema\/person\/6db4bae06b171592211be385b32876a7\",\"name\":\"Emilien Descampiaux\",\"image\":{\"@type\":\"ImageObject\",\"inLanguage\":\"fr-FR\",\"@id\":\"https:\/\/dicodusport.fr\/blog\/#\/schema\/person\/image\/\",\"url\":\"https:\/\/dicodusport.fr\/blog\/wp-content\/uploads\/2021\/05\/Emilien-Descampiaux-150x150.jpg\",\"contentUrl\":\"https:\/\/dicodusport.fr\/blog\/wp-content\/uploads\/2021\/05\/Emilien-Descampiaux-150x150.jpg\",\"caption\":\"Emilien Descampiaux\"},\"description\":\"Journaliste\/r\u00e9dacteur depuis 2014 - Fan de la classe de Frank Vandenbroucke, je vis cyclisme (et de ses paysages) depuis plus de 20 ans. Je suis tr\u00e8s impliqu\u00e9 sur mes diff\u00e9rents r\u00e9seaux sociaux pour partager ma passion sur le monde et l'Histoire de la bicyclette avec ma voix sur les images en noir et blanc du succ\u00e8s de Rik Van Steenbergen lors du Ronde sur le V\u00e9lodrome de Gand.\",\"sameAs\":[\"https:\/\/www.facebook.com\/groups\/LesRoisDuPeloton\",\"https:\/\/x.com\/https:\/\/twitter.com\/LRoisDuPeloton\"],\"url\":\"https:\/\/dicodusport.fr\/blog\/author\/emiliend\/\"}]}<\/script>\n<!-- \/ Yoast SEO Premium plugin. -->","yoast_head_json":{"title":"Tour de Hongrie 2025 : Dylan Groenewegen s'impose au sprint sur la quatri\u00e8me \u00e9tape","description":"TOUR DE HONGRIE 2025 - Dylan Groenewegen (Jayco AlUla) a remport\u00e9 la quatri\u00e8me \u00e9tape \u00e0 Sz\u00e9kesfeh\u00e9rv\u00e1r, samedi.","robots":{"index":"index","follow":"follow","max-snippet":"max-snippet:-1","max-image-preview":"max-image-preview:large","max-video-preview":"max-video-preview:-1"},"canonical":"https:\/\/dicodusport.fr\/blog\/tour-de-hongrie-2025-dylan-groenewegen-simpose-au-sprint-sur-la-quatrieme-etape\/","og_locale":"fr_FR","og_type":"article","og_title":"Tour de Hongrie 2025 : Dylan Groenewegen s'impose au sprint sur la quatri\u00e8me \u00e9tape","og_description":"TOUR DE HONGRIE 2025 - Dylan Groenewegen (Jayco AlUla) a remport\u00e9 la quatri\u00e8me \u00e9tape \u00e0 Sz\u00e9kesfeh\u00e9rv\u00e1r, samedi.","og_url":"https:\/\/dicodusport.fr\/blog\/tour-de-hongrie-2025-dylan-groenewegen-simpose-au-sprint-sur-la-quatrieme-etape\/","og_site_name":"Dicodusport","article_publisher":"https:\/\/www.facebook.com\/dicodusport","article_author":"https:\/\/www.facebook.com\/groups\/LesRoisDuPeloton","article_published_time":"2025-05-17T13:47:31+00:00","article_modified_time":"2025-05-17T17:05:37+00:00","og_image":[{"width":1200,"height":674,"url":"https:\/\/dicodusport.fr\/blog\/wp-content\/uploads\/2025\/05\/Tour-de-Hongrie-2025-Dylan-Groenewegen-simpose-au-sprint-sur-la-quatrieme-etape-1.png","type":"image\/png"}],"author":"Emilien Descampiaux","twitter_card":"summary_large_image","twitter_title":"Tour de Hongrie 2025 : Dylan Groenewegen s'impose au sprint sur la quatri\u00e8me \u00e9tape","twitter_creator":"@https:\/\/twitter.com\/LRoisDuPeloton","twitter_site":"@dicodusport","schema":{"@context":"https:\/\/schema.org","@graph":[{"@type":"NewsArticle","@id":"https:\/\/dicodusport.fr\/blog\/tour-de-hongrie-2025-dylan-groenewegen-simpose-au-sprint-sur-la-quatrieme-etape\/#article","isPartOf":{"@id":"https:\/\/dicodusport.fr\/blog\/tour-de-hongrie-2025-dylan-groenewegen-simpose-au-sprint-sur-la-quatrieme-etape\/"},"author":{"name":"Emilien Descampiaux","@id":"https:\/\/dicodusport.fr\/blog\/#\/schema\/person\/6db4bae06b171592211be385b32876a7"},"headline":"Tour de Hongrie 2025 : Dylan Groenewegen s&rsquo;impose au sprint sur la quatri\u00e8me \u00e9tape","datePublished":"2025-05-17T13:47:31+00:00","dateModified":"2025-05-17T17:05:37+00:00","mainEntityOfPage":{"@id":"https:\/\/dicodusport.fr\/blog\/tour-de-hongrie-2025-dylan-groenewegen-simpose-au-sprint-sur-la-quatrieme-etape\/"},"wordCount":396,"commentCount":0,"publisher":{"@id":"https:\/\/dicodusport.fr\/blog\/#organization"},"image":{"@id":"https:\/\/dicodusport.fr\/blog\/tour-de-hongrie-2025-dylan-groenewegen-simpose-au-sprint-sur-la-quatrieme-etape\/#primaryimage"},"thumbnailUrl":"https:\/\/dicodusport.fr\/blog\/wp-content\/uploads\/2025\/05\/Tour-de-Hongrie-2025-Dylan-Groenewegen-simpose-au-sprint-sur-la-quatrieme-etape-1.png","keywords":["Actualit\u00e9 Cyclisme","br\u00e8ve"],"articleSection":["Tour d'Italie"],"inLanguage":"fr-FR","potentialAction":[{"@type":"CommentAction","name":"Comment","target":["https:\/\/dicodusport.fr\/blog\/tour-de-hongrie-2025-dylan-groenewegen-simpose-au-sprint-sur-la-quatrieme-etape\/#respond"]}],"copyrightYear":"2025","copyrightHolder":{"@id":"https:\/\/dicodusport.fr\/blog\/#organization"}},{"@type":"WebPage","@id":"https:\/\/dicodusport.fr\/blog\/tour-de-hongrie-2025-dylan-groenewegen-simpose-au-sprint-sur-la-quatrieme-etape\/","url":"https:\/\/dicodusport.fr\/blog\/tour-de-hongrie-2025-dylan-groenewegen-simpose-au-sprint-sur-la-quatrieme-etape\/","name":"Tour de Hongrie 2025 : Dylan Groenewegen s'impose au sprint sur la quatri\u00e8me \u00e9tape","isPartOf":{"@id":"https:\/\/dicodusport.fr\/blog\/#website"},"primaryImageOfPage":{"@id":"https:\/\/dicodusport.fr\/blog\/tour-de-hongrie-2025-dylan-groenewegen-simpose-au-sprint-sur-la-quatrieme-etape\/#primaryimage"},"image":{"@id":"https:\/\/dicodusport.fr\/blog\/tour-de-hongrie-2025-dylan-groenewegen-simpose-au-sprint-sur-la-quatrieme-etape\/#primaryimage"},"thumbnailUrl":"https:\/\/dicodusport.fr\/blog\/wp-content\/uploads\/2025\/05\/Tour-de-Hongrie-2025-Dylan-Groenewegen-simpose-au-sprint-sur-la-quatrieme-etape-1.png","datePublished":"2025-05-17T13:47:31+00:00","dateModified":"2025-05-17T17:05:37+00:00","description":"TOUR DE HONGRIE 2025 - Dylan Groenewegen (Jayco AlUla) a remport\u00e9 la quatri\u00e8me \u00e9tape \u00e0 Sz\u00e9kesfeh\u00e9rv\u00e1r, samedi.","breadcrumb":{"@id":"https:\/\/dicodusport.fr\/blog\/tour-de-hongrie-2025-dylan-groenewegen-simpose-au-sprint-sur-la-quatrieme-etape\/#breadcrumb"},"inLanguage":"fr-FR","potentialAction":[{"@type":"ReadAction","target":["https:\/\/dicodusport.fr\/blog\/tour-de-hongrie-2025-dylan-groenewegen-simpose-au-sprint-sur-la-quatrieme-etape\/"]}]},{"@type":"ImageObject","inLanguage":"fr-FR","@id":"https:\/\/dicodusport.fr\/blog\/tour-de-hongrie-2025-dylan-groenewegen-simpose-au-sprint-sur-la-quatrieme-etape\/#primaryimage","url":"https:\/\/dicodusport.fr\/blog\/wp-content\/uploads\/2025\/05\/Tour-de-Hongrie-2025-Dylan-Groenewegen-simpose-au-sprint-sur-la-quatrieme-etape-1.png","contentUrl":"https:\/\/dicodusport.fr\/blog\/wp-content\/uploads\/2025\/05\/Tour-de-Hongrie-2025-Dylan-Groenewegen-simpose-au-sprint-sur-la-quatrieme-etape-1.png","width":1200,"height":674,"caption":"Tour de Hongrie 2025 Dylan Groenewegen s'impose au sprint sur la quatri\u00e8me \u00e9tape"},{"@type":"BreadcrumbList","@id":"https:\/\/dicodusport.fr\/blog\/tour-de-hongrie-2025-dylan-groenewegen-simpose-au-sprint-sur-la-quatrieme-etape\/#breadcrumb","itemListElement":[{"@type":"ListItem","position":1,"name":"Accueil","item":"https:\/\/dicodusport.fr\/blog\/"},{"@type":"ListItem","position":2,"name":"Tour de Hongrie 2025 : Dylan Groenewegen s&rsquo;impose au sprint sur la quatri\u00e8me \u00e9tape"}]},{"@type":"WebSite","@id":"https:\/\/dicodusport.fr\/blog\/#website","url":"https:\/\/dicodusport.fr\/blog\/","name":"Dicodusport","description":"L&#039;encyclop\u00e9die de l&#039;actualit\u00e9 sportive","publisher":{"@id":"https:\/\/dicodusport.fr\/blog\/#organization"},"potentialAction":[{"@type":"SearchAction","target":{"@type":"EntryPoint","urlTemplate":"https:\/\/dicodusport.fr\/blog\/?s={search_term_string}"},"query-input":{"@type":"PropertyValueSpecification","valueRequired":true,"valueName":"search_term_string"}}],"inLanguage":"fr-FR"},{"@type":"NewsMediaOrganization","@id":"https:\/\/dicodusport.fr\/blog\/#organization","name":"Dicodusport","url":"https:\/\/dicodusport.fr\/blog\/","logo":{"@type":"ImageObject","inLanguage":"fr-FR","@id":"https:\/\/dicodusport.fr\/blog\/#\/schema\/logo\/image\/","url":"https:\/\/dicodusport.fr\/blog\/wp-content\/uploads\/2020\/06\/cropped-LOGO-DICODUSPORT-2020-SANS-FOND-SANS-TEXTE.png","contentUrl":"https:\/\/dicodusport.fr\/blog\/wp-content\/uploads\/2020\/06\/cropped-LOGO-DICODUSPORT-2020-SANS-FOND-SANS-TEXTE.png","width":512,"height":512,"caption":"Dicodusport"},"image":{"@id":"https:\/\/dicodusport.fr\/blog\/#\/schema\/logo\/image\/"},"sameAs":["https:\/\/www.facebook.com\/dicodusport","https:\/\/x.com\/dicodusport","https:\/\/www.instagram.com\/dicodusport\/","https:\/\/www.youtube.com\/channel\/UC7V2KZ5sd3htJivAbA4ZG3w"],"description":"Dicodusport est l'encyclop\u00e9die de l'actualit\u00e9 sportive.","email":"bonjour@dicodusport.fr","legalName":"DICODUSPORT","foundingDate":"2018-01-14","vatID":"FR71834470973","taxID":"83447097300043","numberOfEmployees":{"@type":"QuantitativeValue","minValue":"1","maxValue":"10"}},{"@type":"Person","@id":"https:\/\/dicodusport.fr\/blog\/#\/schema\/person\/6db4bae06b171592211be385b32876a7","name":"Emilien Descampiaux","image":{"@type":"ImageObject","inLanguage":"fr-FR","@id":"https:\/\/dicodusport.fr\/blog\/#\/schema\/person\/image\/","url":"https:\/\/dicodusport.fr\/blog\/wp-content\/uploads\/2021\/05\/Emilien-Descampiaux-150x150.jpg","contentUrl":"https:\/\/dicodusport.fr\/blog\/wp-content\/uploads\/2021\/05\/Emilien-Descampiaux-150x150.jpg","caption":"Emilien Descampiaux"},"description":"Journaliste\/r\u00e9dacteur depuis 2014 - Fan de la classe de Frank Vandenbroucke, je vis cyclisme (et de ses paysages) depuis plus de 20 ans. Je suis tr\u00e8s impliqu\u00e9 sur mes diff\u00e9rents r\u00e9seaux sociaux pour partager ma passion sur le monde et l'Histoire de la bicyclette avec ma voix sur les images en noir et blanc du succ\u00e8s de Rik Van Steenbergen lors du Ronde sur le V\u00e9lodrome de Gand.","sameAs":["https:\/\/www.facebook.com\/groups\/LesRoisDuPeloton","https:\/\/x.com\/https:\/\/twitter.com\/LRoisDuPeloton"],"url":"https:\/\/dicodusport.fr\/blog\/author\/emiliend\/"}]}},"_links":{"self":[{"href":"https:\/\/dicodusport.fr\/blog\/wp-json\/wp\/v2\/posts\/579625","targetHints":{"allow":["GET"]}}],"collection":[{"href":"https:\/\/dicodusport.fr\/blog\/wp-json\/wp\/v2\/posts"}],"about":[{"href":"https:\/\/dicodusport.fr\/blog\/wp-json\/wp\/v2\/types\/post"}],"author":[{"embeddable":true,"href":"https:\/\/dicodusport.fr\/blog\/wp-json\/wp\/v2\/users\/48"}],"replies":[{"embeddable":true,"href":"https:\/\/dicodusport.fr\/blog\/wp-json\/wp\/v2\/comments?post=579625"}],"version-history":[{"count":5,"href":"https:\/\/dicodusport.fr\/blog\/wp-json\/wp\/v2\/posts\/579625\/revisions"}],"predecessor-version":[{"id":579802,"href":"https:\/\/dicodusport.fr\/blog\/wp-json\/wp\/v2\/posts\/579625\/revisions\/579802"}],"wp:featuredmedia":[{"embeddable":true,"href":"https:\/\/dicodusport.fr\/blog\/wp-json\/wp\/v2\/media\/579801"}],"wp:attachment":[{"href":"https:\/\/dicodusport.fr\/blog\/wp-json\/wp\/v2\/media?parent=579625"}],"wp:term":[{"taxonomy":"category","embeddable":true,"href":"https:\/\/dicodusport.fr\/blog\/wp-json\/wp\/v2\/categories?post=579625"},{"taxonomy":"post_tag","embeddable":true,"href":"https:\/\/dicodusport.fr\/blog\/wp-json\/wp\/v2\/tags?post=579625"}],"curies":[{"name":"wp","href":"https:\/\/api.w.org\/{rel}","templated":true}]}}