{"id":579872,"date":"2025-05-18T17:00:32","date_gmt":"2025-05-18T15:00:32","guid":{"rendered":"https:\/\/dicodusport.fr\/blog\/?p=579872&#038;preview=true&#038;preview_id=579872"},"modified":"2025-05-18T17:08:56","modified_gmt":"2025-05-18T15:08:56","slug":"4-jours-de-dunkerque-2025-classement-5eme-etape","status":"publish","type":"post","link":"https:\/\/dicodusport.fr\/blog\/4-jours-de-dunkerque-2025-classement-5eme-etape\/","title":{"rendered":"4 Jours de Dunkerque 2025 &#8211; Classement 5\u00e8me \u00e9tape"},"content":{"rendered":"<h4 style=\"text-align: justify;\"><em>Retrouvez le classement et les r\u00e9sultats de la 5\u00e8me \u00e9tape des 4 Jours de Dunkerque 2025, qui s&rsquo;est d\u00e9roul\u00e9e ce dimanche 18 mai entre Wormhout et Dunkerque (185,6 km).<\/em><\/h4>\n<ul>\n<li style=\"text-align: justify;\"><strong>\u00c0 ce sujet &#8211;\u00a0<a href=\"https:\/\/dicodusport.fr\/blog\/4-jours-de-dunkerque-2025-parcours-detaille-et-profils-des-etapes\/\">4 Jours de Dunkerque 2025 : Parcours et profils des \u00e9tapes<\/a><\/strong><\/li>\n<\/ul>\n<p style=\"text-align: justify;\">La <strong>5\u1d49 et derni\u00e8re \u00e9tape des 4 Jours de Dunkerque 2025<\/strong> se d\u00e9roule ce <strong>dimanche 18 mai<\/strong> entre <strong>Wormhout<\/strong> et <strong>Dunkerque<\/strong>, sur une distance de 185,6 km.<\/p>\n<p style=\"text-align: justify;\">Le parcours est essentiellement plat, traversant plusieurs communes du Nord et du Pas-de-Calais, notamment <strong>Saint-Omer<\/strong>, <strong>Sainte-Marie-Kerque<\/strong>, <strong>Audruicq<\/strong> et <strong>Saint-Folquin<\/strong>. Un circuit urbain de 11 km est pr\u00e9vu \u00e0 <strong>Dunkerque<\/strong>, offrant une arriv\u00e9e propice aux sprinteurs.<\/p>\n<p style=\"text-align: justify;\">Cette \u00e9tape finale est d\u00e9cisive pour le <strong>classement g\u00e9n\u00e9ral<\/strong>. Les \u00e9carts \u00e9tant serr\u00e9s, une arriv\u00e9e massive pourrait redistribuer les positions au sommet du classement.<\/p>\n<p style=\"text-align: justify;\">Arriv\u00e9e pr\u00e9vue sur les coups de 16h45. <strong>Retrouvez le classement et les r\u00e9sultats complets de la 5\u00e8me \u00e9tape des 4 Jours de Dunkerque 2025<\/strong>.<\/p>\n<ul>\n<li><strong>\u00c0 ce sujet &#8211; <a href=\"https:\/\/dicodusport.fr\/blog\/classement-general-4-jours-de-dunkerque-2025\/\">Classement g\u00e9n\u00e9ral 4 Jours de Dunkerque 2025<\/a><\/strong><\/li>\n<\/ul>\n<h2 style=\"text-align: justify;\">Classement 5\u00e8me \u00e9tape &#8211; 4 Jours de Dunkerque 2025<\/h2>\n<div class=\"su-table su-table-alternate\">\n<table style=\"width: 800px;border-collapse: collapse\" border=\"1\">\n<tbody>\n<tr style=\"height: 24px\">\n<td style=\"border-color: #ebebeb;height: 24px;text-align: center;width: 80px;vertical-align: middle\">\ud83c\udfc6<\/td>\n<td style=\"border-color: #ebebeb;height: 24px;text-align: center;width: 500px;vertical-align: middle\"><span style=\"font-size: 0.9em\"><strong>COUREURS<\/strong><\/span><\/td>\n<td style=\"border-color: #ebebeb;height: 24px;text-align: center;width: 220px;vertical-align: middle\"><span style=\"font-size: 0.9em\"><strong>TEMPS \/ \u00c9CART<\/strong><\/span><\/td>\n<\/tr>\n<tr style=\"height: 24px\">\n<td style=\"border-color: #ebebeb;height: 24px;text-align: center;width: 80px;vertical-align: middle\"><strong><span class=\"su-label su-label-type-warning\">1.<\/span><\/strong><\/td>\n<td style=\"border-color: #ebebeb;height: 24px;text-align: center;width: 500px;vertical-align: middle\"><span style=\"font-size: 0.9em\"><strong>\ud83c\uddec\ud83c\udde7 JAKE STEWART<\/strong><br \/>\n<span style=\"font-size: 0.8em\">ISRAEL &#8211; PREMIER TECH<\/span><\/span><\/td>\n<td style=\"border-color: #ebebeb;text-align: center;width: 220px;vertical-align: middle\"><strong><span style=\"font-size: 0.9em\">4h07m57s<\/span><\/strong><\/td>\n<\/tr>\n<tr>\n<td style=\"border-color: #ebebeb;text-align: center;width: 80px;vertical-align: middle\"><span style=\"font-size: 0.9em\">2.<\/span><\/td>\n<td style=\"border-color: #ebebeb;height: 24px;text-align: center;width: 500px;vertical-align: middle\"><span style=\"font-size: 0.9em\"><strong>\ud83c\uddee\ud83c\uddf9 ALBERTO DAINESE<\/strong><br \/>\n<span style=\"font-size: 0.8em\">TUDOR PRO CYCLING TEAM<\/span><\/span><\/td>\n<td style=\"border-color: #ebebeb;text-align: center;width: 220px;vertical-align: middle\"><span style=\"font-size: 0.9em\"><strong>\u00e0 0s<\/strong><\/span><\/td>\n<\/tr>\n<tr>\n<td style=\"border-color: #ebebeb;text-align: center;width: 80px;vertical-align: middle\"><span style=\"font-size: 0.9em\">3.<\/span><\/td>\n<td style=\"border-color: #ebebeb;height: 24px;text-align: center;width: 500px;vertical-align: middle\"><span style=\"font-size: 0.9em\"><strong>\ud83c\uddeb\ud83c\uddf7 THIBAUD GRUEL<br \/>\n<\/strong><span style=\"font-size: 11.52px\">GROUPAMA &#8211; FDJ<\/span><\/span><\/td>\n<td style=\"border-color: #ebebeb;text-align: center;width: 220px;vertical-align: middle\"><span style=\"font-size: 0.9em\"><strong>\u00e0 0s<\/strong><\/span><\/td>\n<\/tr>\n<tr>\n<td style=\"border-color: #ebebeb;text-align: center;width: 80px;vertical-align: middle\"><span style=\"font-size: 0.9em\">4.<\/span><\/td>\n<td style=\"border-color: #ebebeb;text-align: center;width: 500px;vertical-align: middle\"><span style=\"font-size: 0.9em\"><strong>\ud83c\udde9\ud83c\uddf0 TOBIAS LUND ANDRESEN<\/strong><br \/>\n<span style=\"font-size: 0.8em\">TEAM PICNIC POSTNL<\/span><\/span><\/td>\n<td style=\"border-color: #ebebeb;text-align: center;width: 220px;vertical-align: middle\"><span style=\"font-size: 0.9em\"><strong>\u00e0 0s<\/strong><\/span><\/td>\n<\/tr>\n<tr>\n<td style=\"border-color: #ebebeb;text-align: center;width: 80px;vertical-align: middle\"><span style=\"font-size: 0.9em\">5.<\/span><\/td>\n<td style=\"border-color: #ebebeb;text-align: center;width: 500px;vertical-align: middle\"><span style=\"font-size: 0.9em\"><strong>\ud83c\uddec\ud83c\udde7 DANIEL MCLAY<\/strong><br \/>\n<span style=\"font-size: 0.8em\">VISMA LEASE A BIKE<\/span><\/span><\/td>\n<td style=\"border-color: #ebebeb;text-align: center;width: 220px;vertical-align: middle\"><span style=\"font-size: 0.9em\"><strong>\u00e0 0s<\/strong><\/span><\/td>\n<\/tr>\n<tr>\n<td style=\"border-color: #ebebeb;text-align: center;width: 80px;vertical-align: middle\"><span style=\"font-size: 0.9em\">6.<\/span><\/td>\n<td style=\"border-color: #ebebeb;text-align: center;width: 500px;vertical-align: middle\"><span style=\"font-size: 0.9em\"><strong>\ud83c\uddf3\ud83c\uddf1 ALEXANDER KONIJN<\/strong><br \/>\n<span style=\"font-size: 0.8em\">NICE M\u00c9TROPOLE C\u00d4TE D&rsquo;AZUR<\/span><\/span><\/td>\n<td style=\"border-color: #ebebeb;text-align: center;width: 220px;vertical-align: middle\"><span style=\"font-size: 0.9em\"><strong>\u00e0 0s<\/strong><\/span><\/td>\n<\/tr>\n<tr>\n<td style=\"border-color: #ebebeb;text-align: center;width: 80px;vertical-align: middle\"><span style=\"font-size: 0.9em\">7.<\/span><\/td>\n<td style=\"border-color: #ebebeb;text-align: center;width: 500px;vertical-align: middle\"><span style=\"font-size: 0.9em\"><strong>\ud83c\uddf3\ud83c\uddf1 MIKE TEUNISSEN<\/strong><br \/>\n<span style=\"font-size: 0.8em\">XDS ASTANA TEAM<\/span><\/span><\/td>\n<td style=\"border-color: #ebebeb;text-align: center;width: 220px;vertical-align: middle\"><span style=\"font-size: 0.9em\"><strong>\u00e0 0s<\/strong><\/span><\/td>\n<\/tr>\n<tr>\n<td style=\"border-color: #ebebeb;text-align: center;width: 80px;vertical-align: middle\"><span style=\"font-size: 0.9em\">8.<\/span><\/td>\n<td style=\"border-color: #ebebeb;text-align: center;width: 500px;vertical-align: middle\"><span style=\"font-size: 0.9em\"><strong>\ud83c\uddf3\ud83c\uddf4 ERLAND BLIKRA<\/strong><br \/>\n<span style=\"font-size: 0.8em\">UNO-X MOBILITY<\/span><\/span><\/td>\n<td style=\"border-color: #ebebeb;text-align: center;width: 220px;vertical-align: middle\"><span style=\"font-size: 0.9em\"><strong>\u00e0 0s<\/strong><\/span><\/td>\n<\/tr>\n<tr>\n<td style=\"border-color: #ebebeb;text-align: center;width: 80px;vertical-align: middle\"><span style=\"font-size: 0.9em\">9.<\/span><\/td>\n<td style=\"border-color: #ebebeb;text-align: center;width: 500px;vertical-align: middle\"><span style=\"font-size: 0.9em\"><strong><strong style=\"font-size: 14.4px\">\ud83c\udde7\ud83c\uddea<\/strong> GIANLUCA POLLEFLIET<\/strong><br \/>\n<span style=\"font-size: 0.8em\">DECATHLON AG2R LA MONDIALE TEAM<\/span><\/span><\/td>\n<td style=\"border-color: #ebebeb;text-align: center;width: 220px;vertical-align: middle\"><span style=\"font-size: 0.9em\"><strong>\u00e0 0s<\/strong><\/span><\/td>\n<\/tr>\n<tr style=\"height: 24px\">\n<td style=\"border-color: #ebebeb;height: 24px;text-align: center;width: 80px;vertical-align: middle\"><span style=\"font-size: 0.9em\">10.<\/span><\/td>\n<td style=\"border-color: #ebebeb;text-align: center;width: 500px;vertical-align: middle\"><span style=\"font-size: 0.9em\"><strong>\ud83c\uddeb\ud83c\uddf7 ROMAIN CARDIS<\/strong><br \/>\n<span style=\"font-size: 0.8em\">ST MICHEL &#8211; MAVIC &#8211; AUBER93<\/span><\/span><\/td>\n<td style=\"border-color: #ebebeb;text-align: center;width: 220px;vertical-align: middle\"><span style=\"font-size: 0.9em\"><strong>\u00e0 0s<\/strong><\/span><\/td>\n<\/tr>\n<tr>\n<td style=\"border-color: #ebebeb;text-align: center;width: 80px;vertical-align: middle\"><span style=\"font-size: 0.9em\">11.<\/span><\/td>\n<td style=\"border-color: #ebebeb;height: 24px;text-align: center;width: 500px;vertical-align: middle\"><span style=\"font-size: 0.9em\"><strong><strong style=\"font-size: 14.4px\">\ud83c\uddee\ud83c\uddf9<\/strong> ELIA VIVIANI<\/strong><br \/>\n<span style=\"font-size: 0.8em\">LOTTO<\/span><\/span><\/td>\n<td style=\"border-color: #ebebeb;text-align: center;width: 220px;vertical-align: middle\"><span style=\"font-size: 0.9em\"><strong>\u00e0 0s<\/strong><\/span><\/td>\n<\/tr>\n<tr>\n<td style=\"border-color: #ebebeb;text-align: center;width: 80px;vertical-align: middle\"><span style=\"font-size: 0.9em\">12.<\/span><\/td>\n<td style=\"border-color: #ebebeb;height: 24px;text-align: center;width: 500px;vertical-align: middle\"><strong style=\"font-size: 0.9em\">\ud83c\uddf3\ud83c\uddf1 MARTIJN BUDDING<\/strong><br \/>\n<span style=\"font-size: 0.9em\"><span style=\"font-size: 0.8em\">UNIBET TIETEMA ROCKETS<\/span><\/span><\/td>\n<td style=\"border-color: #ebebeb;text-align: center;width: 220px;vertical-align: middle\"><span style=\"font-size: 0.9em\"><strong>\u00e0 0s<\/strong><\/span><\/td>\n<\/tr>\n<tr>\n<td style=\"border-color: #ebebeb;text-align: center;width: 80px;vertical-align: middle\"><span style=\"font-size: 0.9em\">13.<\/span><\/td>\n<td style=\"border-color: #ebebeb;text-align: center;width: 500px;vertical-align: middle\"><span style=\"font-size: 0.9em\"><strong>\ud83c\uddec\ud83c\udde7 MATTHEW WALLS<\/strong><br \/>\n<span style=\"font-size: 0.8em\">GROUPAMA &#8211; FDJ<\/span><\/span><\/td>\n<td style=\"border-color: #ebebeb;text-align: center;width: 220px;vertical-align: middle\"><span style=\"font-size: 0.9em\"><strong>\u00e0 0s<\/strong><\/span><\/td>\n<\/tr>\n<tr>\n<td style=\"border-color: #ebebeb;text-align: center;width: 80px;vertical-align: middle\"><span style=\"font-size: 0.9em\">14.<\/span><\/td>\n<td style=\"border-color: #ebebeb;text-align: center;width: 500px;vertical-align: middle\"><span style=\"font-size: 0.9em\"><strong>\ud83c\uddeb\ud83c\uddf7 FLORIAN DAUPHIN<\/strong><br \/>\n<span style=\"font-size: 0.8em\">TEAM TOTALENERGIES<\/span><\/span><\/td>\n<td style=\"border-color: #ebebeb;text-align: center;width: 220px;vertical-align: middle\"><span style=\"font-size: 0.9em\"><strong>\u00e0 0s<\/strong><\/span><\/td>\n<\/tr>\n<tr>\n<td style=\"border-color: #ebebeb;text-align: center;width: 80px;vertical-align: middle\"><span style=\"font-size: 0.9em\">15.<\/span><\/td>\n<td style=\"border-color: #ebebeb;text-align: center;width: 500px;vertical-align: middle\"><span style=\"font-size: 0.9em\"><strong>\ud83c\uddeb\ud83c\uddf7 AXEL HUENS<\/strong><br \/>\n<span style=\"font-size: 0.8em\">UNIBET TIETEMA ROCKETS<\/span><\/span><\/td>\n<td style=\"border-color: #ebebeb;text-align: center;width: 220px;vertical-align: middle\"><span style=\"font-size: 0.9em\"><strong>\u00e0 0s<\/strong><\/span><\/td>\n<\/tr>\n<tr>\n<td style=\"border-color: #ebebeb;text-align: center;width: 80px;vertical-align: middle\"><span style=\"font-size: 0.9em\">16.<\/span><\/td>\n<td style=\"border-color: #ebebeb;text-align: center;width: 500px;vertical-align: middle\"><span style=\"font-size: 0.9em\"><strong>\ud83c\uddeb\ud83c\uddf7 ARNAUD D\u00c9MARE<br \/>\n<\/strong><span style=\"font-size: 11.52px\">ARKEA &#8211; B&amp;B HOTELS<\/span><\/span><\/td>\n<td style=\"border-color: #ebebeb;text-align: center;width: 220px;vertical-align: middle\"><span style=\"font-size: 0.9em\"><strong>\u00e0 0s<\/strong><\/span><\/td>\n<\/tr>\n<tr>\n<td style=\"border-color: #ebebeb;text-align: center;width: 80px;vertical-align: middle\"><span style=\"font-size: 0.9em\">17.<\/span><\/td>\n<td style=\"border-color: #ebebeb;text-align: center;width: 500px;vertical-align: middle\"><span style=\"font-size: 0.9em\"><strong>\ud83c\udde8\ud83c\uddf4 FERNANDO GAVIRIA<\/strong><br \/>\n<span style=\"font-size: 0.8em\">MOVISTAR TEAM<\/span><\/span><\/td>\n<td style=\"border-color: #ebebeb;text-align: center;width: 220px;vertical-align: middle\"><span style=\"font-size: 0.9em\"><strong>\u00e0 0s<\/strong><\/span><\/td>\n<\/tr>\n<tr>\n<td style=\"border-color: #ebebeb;text-align: center;width: 80px;vertical-align: middle\"><span style=\"font-size: 0.9em\">18.<\/span><\/td>\n<td style=\"border-color: #ebebeb;text-align: center;width: 500px;vertical-align: middle\"><strong><strong style=\"font-size: 0.9em\">\ud83c\udde8\ud83c\udde6 GUILLAUME BOIVIN<\/strong><br \/>\n<\/strong><span style=\"font-size: 0.9em\"><span style=\"font-size: 0.8em\">ISRAEL &#8211; PREMIER TECH<\/span><\/span><\/td>\n<td style=\"border-color: #ebebeb;text-align: center;width: 220px;vertical-align: middle\"><span style=\"font-size: 0.9em\"><strong>\u00e0 0s<\/strong><\/span><\/td>\n<\/tr>\n<tr style=\"height: 24px\">\n<td style=\"border-color: #ebebeb;height: 24px;text-align: center;width: 80px;vertical-align: middle\"><span style=\"font-size: 0.9em\">19.<\/span><\/td>\n<td style=\"border-color: #ebebeb;text-align: center;width: 500px;vertical-align: middle\"><span style=\"font-size: 0.9em\"><strong>\ud83c\uddeb\ud83c\uddf7 BRYAN COQUARD<br \/>\n<\/strong><span style=\"font-size: 11.52px\">COFIDIS<\/span><\/span><\/td>\n<td style=\"border-color: #ebebeb;text-align: center;width: 220px;vertical-align: middle\"><span style=\"font-size: 0.9em\"><strong>\u00e0 0s<\/strong><\/span><\/td>\n<\/tr>\n<tr>\n<td style=\"border-color: #ebebeb;text-align: center;width: 80px;vertical-align: middle\"><span style=\"font-size: 0.9em\">20.<\/span><\/td>\n<td style=\"border-color: #ebebeb;text-align: center;width: 500px;vertical-align: middle\"><span style=\"font-size: 0.9em\"><strong>\ud83c\uddec\ud83c\udde7 SAMUEL WATSON<\/strong><br \/>\n<span style=\"font-size: 0.8em\">INEOS GRENADIERS<\/span><\/span><\/td>\n<td style=\"border-color: #ebebeb;text-align: center;width: 220px;vertical-align: middle\"><span style=\"font-size: 0.9em\"><strong>\u00e0 0s<\/strong><\/span><\/td>\n<\/tr>\n<\/tbody>\n<\/table>\n<\/div>\n<h2 style=\"text-align: justify;\">\u00c0 lire aussi<\/h2>\n<ul>\n<li style=\"text-align: justify;\"><a href=\"https:\/\/www.procyclingstats.com\/race\/4-jours-de-dunkerque\/2025\/stage-5\"><strong>Le classement complet de la 5\u00e8me \u00e9tape<\/strong><\/a><\/li>\n<\/ul>\n<div class=\"vlp-link-container vlp-layout-article\"><a href=\"https:\/\/dicodusport.fr\/blog\/les-10-cyclistes-les-mieux-payes-en-2025-qui-rafle-le-jackpot\/\" class=\"vlp-link\" title=\"Les 10 cyclistes les mieux pay\u00e9s en 2025 : qui rafle le jackpot ?\"><\/a><div class=\"vlp-layout-zone-side\"><div class=\"vlp-block-4 vlp-link-image\"><img loading=\"lazy\" decoding=\"async\" style=\"max-width: 792px;\" width=\"792\" height=\"445\" src=\"https:\/\/dicodusport.fr\/blog\/wp-content\/uploads\/2025\/05\/Les-10-cyclistes-les-mieux-payes-en-2025-qui-rafle-le-jackpot-.png\" class=\"attachment-800x445 size-800x445\" alt=\"Les 10 cyclistes les mieux pay\u00e9s en 2025 qui rafle le jackpot\" srcset=\"https:\/\/dicodusport.fr\/blog\/wp-content\/uploads\/2025\/05\/Les-10-cyclistes-les-mieux-payes-en-2025-qui-rafle-le-jackpot-.png 1200w, https:\/\/dicodusport.fr\/blog\/wp-content\/uploads\/2025\/05\/Les-10-cyclistes-les-mieux-payes-en-2025-qui-rafle-le-jackpot--300x169.png 300w, https:\/\/dicodusport.fr\/blog\/wp-content\/uploads\/2025\/05\/Les-10-cyclistes-les-mieux-payes-en-2025-qui-rafle-le-jackpot--1024x575.png 1024w, https:\/\/dicodusport.fr\/blog\/wp-content\/uploads\/2025\/05\/Les-10-cyclistes-les-mieux-payes-en-2025-qui-rafle-le-jackpot--768x431.png 768w\" sizes=\"auto, (max-width: 792px) 100vw, 792px\" \/><\/div><\/div><div class=\"vlp-layout-zone-main\"><div class=\"vlp-block-0 vlp-link-title\">Les 10 cyclistes les mieux pay\u00e9s en 2025 : qui rafle le jackpot ?<\/div><div class=\"vlp-block-1 vlp-link-summary\">Qui sont les stars du peloton les mieux r\u00e9mun\u00e9r\u00e9es en 2025 ? D\u00e9couvrez le classement des 10 coureurs cyclistes avec les salaires les plus \u00e9lev\u00e9s.<\/div><div class=\"vlp-block-2 vlp-link-button\">Lire l'article<\/div><div class=\"vlp-block-3 vlp-link-url\">dicodusport.fr<\/div><\/div><\/div>\n<ul>\n<li style=\"text-align: justify;\"><strong><a href=\"https:\/\/dicodusport.fr\/blog\/cyclisme-mercato-2025-2026-le-tableau-des-transferts\/\">Cyclisme Mercato 2025-2026 \u2013 Le tableau des transferts<\/a><\/strong><\/li>\n<li style=\"text-align: justify;\"><strong><a href=\"https:\/\/dicodusport.fr\/blog\/actualites\/cyclisme\/cyclisme-sur-route-2025\/\">L\u2019actualit\u00e9 du cyclisme sur route<\/a><\/strong><\/li>\n<\/ul>\n","protected":false},"excerpt":{"rendered":"<p>Retrouvez le classement et les r\u00e9sultats de la 5\u00e8me \u00e9tape des 4 Jours de Dunkerque 2025, qui s&rsquo;est d\u00e9roul\u00e9e ce dimanche 18 mai entre Wormhout et Dunkerque (185,6 km).<\/p>\n","protected":false},"author":4,"featured_media":579875,"comment_status":"open","ping_status":"closed","sticky":false,"template":"","format":"standard","meta":{"_acf_changed":false,"_daextam_enable_autolinks":"1","footnotes":""},"categories":[46994],"tags":[7865,16878],"class_list":["post-579872","post","type-post","status-publish","format-standard","has-post-thumbnail","hentry","category-cyclisme-sur-route","tag-4-jours-de-dunkerque","tag-breve"],"acf":[],"yoast_head":"<!-- This site is optimized with the Yoast SEO Premium plugin v26.7 (Yoast SEO v26.7) - https:\/\/yoast.com\/wordpress\/plugins\/seo\/ -->\n<title>4 Jours de Dunkerque 2025 - Classement 5\u00e8me \u00e9tape<\/title>\n<meta name=\"description\" content=\"Retrouvez le classement et les r\u00e9sultats de la 5\u00e8me \u00e9tape des 4 Jours de Dunkerque 2025, qui s&#039;est d\u00e9roul\u00e9e ce dimanche 18 mai entre Wormhout et Dunkerque (185,6 km).\" \/>\n<meta name=\"robots\" content=\"index, follow, max-snippet:-1, max-image-preview:large, max-video-preview:-1\" \/>\n<link rel=\"canonical\" href=\"https:\/\/dicodusport.fr\/blog\/4-jours-de-dunkerque-2025-classement-5eme-etape\/\" \/>\n<meta property=\"og:locale\" content=\"fr_FR\" \/>\n<meta property=\"og:type\" content=\"article\" \/>\n<meta property=\"og:title\" content=\"4 Jours de Dunkerque 2025 - Classement 5\u00e8me \u00e9tape\" \/>\n<meta property=\"og:description\" content=\"Retrouvez le classement et les r\u00e9sultats de la 5\u00e8me \u00e9tape des 4 Jours de Dunkerque 2025, qui s&#039;est d\u00e9roul\u00e9e ce dimanche 18 mai entre Wormhout et Dunkerque (185,6 km).\" \/>\n<meta property=\"og:url\" content=\"https:\/\/dicodusport.fr\/blog\/4-jours-de-dunkerque-2025-classement-5eme-etape\/\" \/>\n<meta property=\"og:site_name\" content=\"Dicodusport\" \/>\n<meta property=\"article:publisher\" content=\"https:\/\/www.facebook.com\/dicodusport\" \/>\n<meta property=\"article:author\" content=\"https:\/\/www.facebook.com\/florent.ostermann\" \/>\n<meta property=\"article:published_time\" content=\"2025-05-18T15:00:32+00:00\" \/>\n<meta property=\"article:modified_time\" content=\"2025-05-18T15:08:56+00:00\" \/>\n<meta property=\"og:image\" content=\"https:\/\/dicodusport.fr\/blog\/wp-content\/uploads\/2025\/05\/4-Jours-de-Dunkerque-2025-Classement-5eme-etape.png\" \/>\n\t<meta property=\"og:image:width\" content=\"1200\" \/>\n\t<meta property=\"og:image:height\" content=\"674\" \/>\n\t<meta property=\"og:image:type\" content=\"image\/png\" \/>\n<meta name=\"author\" content=\"Flo Ostermann\" \/>\n<meta name=\"twitter:card\" content=\"summary_large_image\" \/>\n<meta name=\"twitter:creator\" content=\"@https:\/\/twitter.com\/FlOstermann\" \/>\n<meta name=\"twitter:site\" content=\"@dicodusport\" \/>\n<script type=\"application\/ld+json\" class=\"yoast-schema-graph\">{\"@context\":\"https:\/\/schema.org\",\"@graph\":[{\"@type\":\"NewsArticle\",\"@id\":\"https:\/\/dicodusport.fr\/blog\/4-jours-de-dunkerque-2025-classement-5eme-etape\/#article\",\"isPartOf\":{\"@id\":\"https:\/\/dicodusport.fr\/blog\/4-jours-de-dunkerque-2025-classement-5eme-etape\/\"},\"author\":{\"name\":\"Flo Ostermann\",\"@id\":\"https:\/\/dicodusport.fr\/blog\/#\/schema\/person\/cb02af4c173ce4a653b55e9baf388d4a\"},\"headline\":\"4 Jours de Dunkerque 2025 &#8211; Classement 5\u00e8me \u00e9tape\",\"datePublished\":\"2025-05-18T15:00:32+00:00\",\"dateModified\":\"2025-05-18T15:08:56+00:00\",\"mainEntityOfPage\":{\"@id\":\"https:\/\/dicodusport.fr\/blog\/4-jours-de-dunkerque-2025-classement-5eme-etape\/\"},\"wordCount\":426,\"commentCount\":0,\"publisher\":{\"@id\":\"https:\/\/dicodusport.fr\/blog\/#organization\"},\"image\":{\"@id\":\"https:\/\/dicodusport.fr\/blog\/4-jours-de-dunkerque-2025-classement-5eme-etape\/#primaryimage\"},\"thumbnailUrl\":\"https:\/\/dicodusport.fr\/blog\/wp-content\/uploads\/2025\/05\/4-Jours-de-Dunkerque-2025-Classement-5eme-etape.png\",\"keywords\":[\"4 Jours de Dunkerque\",\"br\u00e8ve\"],\"articleSection\":[\"Cyclisme sur route\"],\"inLanguage\":\"fr-FR\",\"potentialAction\":[{\"@type\":\"CommentAction\",\"name\":\"Comment\",\"target\":[\"https:\/\/dicodusport.fr\/blog\/4-jours-de-dunkerque-2025-classement-5eme-etape\/#respond\"]}],\"copyrightYear\":\"2025\",\"copyrightHolder\":{\"@id\":\"https:\/\/dicodusport.fr\/blog\/#organization\"}},{\"@type\":\"WebPage\",\"@id\":\"https:\/\/dicodusport.fr\/blog\/4-jours-de-dunkerque-2025-classement-5eme-etape\/\",\"url\":\"https:\/\/dicodusport.fr\/blog\/4-jours-de-dunkerque-2025-classement-5eme-etape\/\",\"name\":\"4 Jours de Dunkerque 2025 - Classement 5\u00e8me \u00e9tape\",\"isPartOf\":{\"@id\":\"https:\/\/dicodusport.fr\/blog\/#website\"},\"primaryImageOfPage\":{\"@id\":\"https:\/\/dicodusport.fr\/blog\/4-jours-de-dunkerque-2025-classement-5eme-etape\/#primaryimage\"},\"image\":{\"@id\":\"https:\/\/dicodusport.fr\/blog\/4-jours-de-dunkerque-2025-classement-5eme-etape\/#primaryimage\"},\"thumbnailUrl\":\"https:\/\/dicodusport.fr\/blog\/wp-content\/uploads\/2025\/05\/4-Jours-de-Dunkerque-2025-Classement-5eme-etape.png\",\"datePublished\":\"2025-05-18T15:00:32+00:00\",\"dateModified\":\"2025-05-18T15:08:56+00:00\",\"description\":\"Retrouvez le classement et les r\u00e9sultats de la 5\u00e8me \u00e9tape des 4 Jours de Dunkerque 2025, qui s'est d\u00e9roul\u00e9e ce dimanche 18 mai entre Wormhout et Dunkerque (185,6 km).\",\"breadcrumb\":{\"@id\":\"https:\/\/dicodusport.fr\/blog\/4-jours-de-dunkerque-2025-classement-5eme-etape\/#breadcrumb\"},\"inLanguage\":\"fr-FR\",\"potentialAction\":[{\"@type\":\"ReadAction\",\"target\":[\"https:\/\/dicodusport.fr\/blog\/4-jours-de-dunkerque-2025-classement-5eme-etape\/\"]}]},{\"@type\":\"ImageObject\",\"inLanguage\":\"fr-FR\",\"@id\":\"https:\/\/dicodusport.fr\/blog\/4-jours-de-dunkerque-2025-classement-5eme-etape\/#primaryimage\",\"url\":\"https:\/\/dicodusport.fr\/blog\/wp-content\/uploads\/2025\/05\/4-Jours-de-Dunkerque-2025-Classement-5eme-etape.png\",\"contentUrl\":\"https:\/\/dicodusport.fr\/blog\/wp-content\/uploads\/2025\/05\/4-Jours-de-Dunkerque-2025-Classement-5eme-etape.png\",\"width\":1200,\"height\":674,\"caption\":\"4 Jours de Dunkerque 2025 - Classement 5\u00e8me \u00e9tape\"},{\"@type\":\"BreadcrumbList\",\"@id\":\"https:\/\/dicodusport.fr\/blog\/4-jours-de-dunkerque-2025-classement-5eme-etape\/#breadcrumb\",\"itemListElement\":[{\"@type\":\"ListItem\",\"position\":1,\"name\":\"Accueil\",\"item\":\"https:\/\/dicodusport.fr\/blog\/\"},{\"@type\":\"ListItem\",\"position\":2,\"name\":\"4 Jours de Dunkerque 2025 &#8211; Classement 5\u00e8me \u00e9tape\"}]},{\"@type\":\"WebSite\",\"@id\":\"https:\/\/dicodusport.fr\/blog\/#website\",\"url\":\"https:\/\/dicodusport.fr\/blog\/\",\"name\":\"Dicodusport\",\"description\":\"L&#039;encyclop\u00e9die de l&#039;actualit\u00e9 sportive\",\"publisher\":{\"@id\":\"https:\/\/dicodusport.fr\/blog\/#organization\"},\"potentialAction\":[{\"@type\":\"SearchAction\",\"target\":{\"@type\":\"EntryPoint\",\"urlTemplate\":\"https:\/\/dicodusport.fr\/blog\/?s={search_term_string}\"},\"query-input\":{\"@type\":\"PropertyValueSpecification\",\"valueRequired\":true,\"valueName\":\"search_term_string\"}}],\"inLanguage\":\"fr-FR\"},{\"@type\":\"NewsMediaOrganization\",\"@id\":\"https:\/\/dicodusport.fr\/blog\/#organization\",\"name\":\"Dicodusport\",\"url\":\"https:\/\/dicodusport.fr\/blog\/\",\"logo\":{\"@type\":\"ImageObject\",\"inLanguage\":\"fr-FR\",\"@id\":\"https:\/\/dicodusport.fr\/blog\/#\/schema\/logo\/image\/\",\"url\":\"https:\/\/dicodusport.fr\/blog\/wp-content\/uploads\/2020\/06\/cropped-LOGO-DICODUSPORT-2020-SANS-FOND-SANS-TEXTE.png\",\"contentUrl\":\"https:\/\/dicodusport.fr\/blog\/wp-content\/uploads\/2020\/06\/cropped-LOGO-DICODUSPORT-2020-SANS-FOND-SANS-TEXTE.png\",\"width\":512,\"height\":512,\"caption\":\"Dicodusport\"},\"image\":{\"@id\":\"https:\/\/dicodusport.fr\/blog\/#\/schema\/logo\/image\/\"},\"sameAs\":[\"https:\/\/www.facebook.com\/dicodusport\",\"https:\/\/x.com\/dicodusport\",\"https:\/\/www.instagram.com\/dicodusport\/\",\"https:\/\/www.youtube.com\/channel\/UC7V2KZ5sd3htJivAbA4ZG3w\"],\"description\":\"Dicodusport est l'encyclop\u00e9die de l'actualit\u00e9 sportive.\",\"email\":\"bonjour@dicodusport.fr\",\"legalName\":\"DICODUSPORT\",\"foundingDate\":\"2018-01-14\",\"vatID\":\"FR71834470973\",\"taxID\":\"83447097300043\",\"numberOfEmployees\":{\"@type\":\"QuantitativeValue\",\"minValue\":\"1\",\"maxValue\":\"10\"}},{\"@type\":\"Person\",\"@id\":\"https:\/\/dicodusport.fr\/blog\/#\/schema\/person\/cb02af4c173ce4a653b55e9baf388d4a\",\"name\":\"Flo Ostermann\",\"image\":{\"@type\":\"ImageObject\",\"inLanguage\":\"fr-FR\",\"@id\":\"https:\/\/dicodusport.fr\/blog\/#\/schema\/person\/image\/\",\"url\":\"https:\/\/dicodusport.fr\/blog\/wp-content\/uploads\/2021\/05\/Flo-Ostermann-150x150.jpg\",\"contentUrl\":\"https:\/\/dicodusport.fr\/blog\/wp-content\/uploads\/2021\/05\/Flo-Ostermann-150x150.jpg\",\"caption\":\"Flo Ostermann\"},\"description\":\"Journaliste\/R\u00e9dacteur depuis septembre 2015 - Mes premiers souvenirs dans le sport ? Les envol\u00e9es du Stade Toulousain et les duels Villeneuve-Schumacher et H\u00e4kkinen-Schumacher \u00e0 la fin des ann\u00e9es 90, la Coupe du monde de football en 1998, l\u2019exploit du XV de France face aux All Blacks en 1999, mais aussi Richard C\u0153ur de Lion qui vole sur les montagnes du Tour de France. Bien parti pour devenir professeur d\u2019EPS, les \u00e9v\u00e9nements de la vie (et la flemme d\u2019animer des s\u00e9ances de 3x500 m\u00e8tres toute ma vie) m\u2019ont conduit \u00e0 revoir mes plans. Me voil\u00e0 depuis fin 2017 sur Dicodusport, m\u00e9dia gr\u00e2ce (et pour) lequel je partage ma passion : le sport dans tous ses \u00e9tats. Le tout accompagn\u00e9 par les fous furieux et folles furieuses cit\u00e9s sur cette page !\",\"sameAs\":[\"https:\/\/www.facebook.com\/florent.ostermann\",\"https:\/\/x.com\/https:\/\/twitter.com\/FlOstermann\",\"admin\"],\"url\":\"https:\/\/dicodusport.fr\/blog\/author\/flo\/\"}]}<\/script>\n<!-- \/ Yoast SEO Premium plugin. -->","yoast_head_json":{"title":"4 Jours de Dunkerque 2025 - Classement 5\u00e8me \u00e9tape","description":"Retrouvez le classement et les r\u00e9sultats de la 5\u00e8me \u00e9tape des 4 Jours de Dunkerque 2025, qui s'est d\u00e9roul\u00e9e ce dimanche 18 mai entre Wormhout et Dunkerque (185,6 km).","robots":{"index":"index","follow":"follow","max-snippet":"max-snippet:-1","max-image-preview":"max-image-preview:large","max-video-preview":"max-video-preview:-1"},"canonical":"https:\/\/dicodusport.fr\/blog\/4-jours-de-dunkerque-2025-classement-5eme-etape\/","og_locale":"fr_FR","og_type":"article","og_title":"4 Jours de Dunkerque 2025 - Classement 5\u00e8me \u00e9tape","og_description":"Retrouvez le classement et les r\u00e9sultats de la 5\u00e8me \u00e9tape des 4 Jours de Dunkerque 2025, qui s'est d\u00e9roul\u00e9e ce dimanche 18 mai entre Wormhout et Dunkerque (185,6 km).","og_url":"https:\/\/dicodusport.fr\/blog\/4-jours-de-dunkerque-2025-classement-5eme-etape\/","og_site_name":"Dicodusport","article_publisher":"https:\/\/www.facebook.com\/dicodusport","article_author":"https:\/\/www.facebook.com\/florent.ostermann","article_published_time":"2025-05-18T15:00:32+00:00","article_modified_time":"2025-05-18T15:08:56+00:00","og_image":[{"width":1200,"height":674,"url":"https:\/\/dicodusport.fr\/blog\/wp-content\/uploads\/2025\/05\/4-Jours-de-Dunkerque-2025-Classement-5eme-etape.png","type":"image\/png"}],"author":"Flo Ostermann","twitter_card":"summary_large_image","twitter_creator":"@https:\/\/twitter.com\/FlOstermann","twitter_site":"@dicodusport","schema":{"@context":"https:\/\/schema.org","@graph":[{"@type":"NewsArticle","@id":"https:\/\/dicodusport.fr\/blog\/4-jours-de-dunkerque-2025-classement-5eme-etape\/#article","isPartOf":{"@id":"https:\/\/dicodusport.fr\/blog\/4-jours-de-dunkerque-2025-classement-5eme-etape\/"},"author":{"name":"Flo Ostermann","@id":"https:\/\/dicodusport.fr\/blog\/#\/schema\/person\/cb02af4c173ce4a653b55e9baf388d4a"},"headline":"4 Jours de Dunkerque 2025 &#8211; Classement 5\u00e8me \u00e9tape","datePublished":"2025-05-18T15:00:32+00:00","dateModified":"2025-05-18T15:08:56+00:00","mainEntityOfPage":{"@id":"https:\/\/dicodusport.fr\/blog\/4-jours-de-dunkerque-2025-classement-5eme-etape\/"},"wordCount":426,"commentCount":0,"publisher":{"@id":"https:\/\/dicodusport.fr\/blog\/#organization"},"image":{"@id":"https:\/\/dicodusport.fr\/blog\/4-jours-de-dunkerque-2025-classement-5eme-etape\/#primaryimage"},"thumbnailUrl":"https:\/\/dicodusport.fr\/blog\/wp-content\/uploads\/2025\/05\/4-Jours-de-Dunkerque-2025-Classement-5eme-etape.png","keywords":["4 Jours de Dunkerque","br\u00e8ve"],"articleSection":["Cyclisme sur route"],"inLanguage":"fr-FR","potentialAction":[{"@type":"CommentAction","name":"Comment","target":["https:\/\/dicodusport.fr\/blog\/4-jours-de-dunkerque-2025-classement-5eme-etape\/#respond"]}],"copyrightYear":"2025","copyrightHolder":{"@id":"https:\/\/dicodusport.fr\/blog\/#organization"}},{"@type":"WebPage","@id":"https:\/\/dicodusport.fr\/blog\/4-jours-de-dunkerque-2025-classement-5eme-etape\/","url":"https:\/\/dicodusport.fr\/blog\/4-jours-de-dunkerque-2025-classement-5eme-etape\/","name":"4 Jours de Dunkerque 2025 - Classement 5\u00e8me \u00e9tape","isPartOf":{"@id":"https:\/\/dicodusport.fr\/blog\/#website"},"primaryImageOfPage":{"@id":"https:\/\/dicodusport.fr\/blog\/4-jours-de-dunkerque-2025-classement-5eme-etape\/#primaryimage"},"image":{"@id":"https:\/\/dicodusport.fr\/blog\/4-jours-de-dunkerque-2025-classement-5eme-etape\/#primaryimage"},"thumbnailUrl":"https:\/\/dicodusport.fr\/blog\/wp-content\/uploads\/2025\/05\/4-Jours-de-Dunkerque-2025-Classement-5eme-etape.png","datePublished":"2025-05-18T15:00:32+00:00","dateModified":"2025-05-18T15:08:56+00:00","description":"Retrouvez le classement et les r\u00e9sultats de la 5\u00e8me \u00e9tape des 4 Jours de Dunkerque 2025, qui s'est d\u00e9roul\u00e9e ce dimanche 18 mai entre Wormhout et Dunkerque (185,6 km).","breadcrumb":{"@id":"https:\/\/dicodusport.fr\/blog\/4-jours-de-dunkerque-2025-classement-5eme-etape\/#breadcrumb"},"inLanguage":"fr-FR","potentialAction":[{"@type":"ReadAction","target":["https:\/\/dicodusport.fr\/blog\/4-jours-de-dunkerque-2025-classement-5eme-etape\/"]}]},{"@type":"ImageObject","inLanguage":"fr-FR","@id":"https:\/\/dicodusport.fr\/blog\/4-jours-de-dunkerque-2025-classement-5eme-etape\/#primaryimage","url":"https:\/\/dicodusport.fr\/blog\/wp-content\/uploads\/2025\/05\/4-Jours-de-Dunkerque-2025-Classement-5eme-etape.png","contentUrl":"https:\/\/dicodusport.fr\/blog\/wp-content\/uploads\/2025\/05\/4-Jours-de-Dunkerque-2025-Classement-5eme-etape.png","width":1200,"height":674,"caption":"4 Jours de Dunkerque 2025 - Classement 5\u00e8me \u00e9tape"},{"@type":"BreadcrumbList","@id":"https:\/\/dicodusport.fr\/blog\/4-jours-de-dunkerque-2025-classement-5eme-etape\/#breadcrumb","itemListElement":[{"@type":"ListItem","position":1,"name":"Accueil","item":"https:\/\/dicodusport.fr\/blog\/"},{"@type":"ListItem","position":2,"name":"4 Jours de Dunkerque 2025 &#8211; Classement 5\u00e8me \u00e9tape"}]},{"@type":"WebSite","@id":"https:\/\/dicodusport.fr\/blog\/#website","url":"https:\/\/dicodusport.fr\/blog\/","name":"Dicodusport","description":"L&#039;encyclop\u00e9die de l&#039;actualit\u00e9 sportive","publisher":{"@id":"https:\/\/dicodusport.fr\/blog\/#organization"},"potentialAction":[{"@type":"SearchAction","target":{"@type":"EntryPoint","urlTemplate":"https:\/\/dicodusport.fr\/blog\/?s={search_term_string}"},"query-input":{"@type":"PropertyValueSpecification","valueRequired":true,"valueName":"search_term_string"}}],"inLanguage":"fr-FR"},{"@type":"NewsMediaOrganization","@id":"https:\/\/dicodusport.fr\/blog\/#organization","name":"Dicodusport","url":"https:\/\/dicodusport.fr\/blog\/","logo":{"@type":"ImageObject","inLanguage":"fr-FR","@id":"https:\/\/dicodusport.fr\/blog\/#\/schema\/logo\/image\/","url":"https:\/\/dicodusport.fr\/blog\/wp-content\/uploads\/2020\/06\/cropped-LOGO-DICODUSPORT-2020-SANS-FOND-SANS-TEXTE.png","contentUrl":"https:\/\/dicodusport.fr\/blog\/wp-content\/uploads\/2020\/06\/cropped-LOGO-DICODUSPORT-2020-SANS-FOND-SANS-TEXTE.png","width":512,"height":512,"caption":"Dicodusport"},"image":{"@id":"https:\/\/dicodusport.fr\/blog\/#\/schema\/logo\/image\/"},"sameAs":["https:\/\/www.facebook.com\/dicodusport","https:\/\/x.com\/dicodusport","https:\/\/www.instagram.com\/dicodusport\/","https:\/\/www.youtube.com\/channel\/UC7V2KZ5sd3htJivAbA4ZG3w"],"description":"Dicodusport est l'encyclop\u00e9die de l'actualit\u00e9 sportive.","email":"bonjour@dicodusport.fr","legalName":"DICODUSPORT","foundingDate":"2018-01-14","vatID":"FR71834470973","taxID":"83447097300043","numberOfEmployees":{"@type":"QuantitativeValue","minValue":"1","maxValue":"10"}},{"@type":"Person","@id":"https:\/\/dicodusport.fr\/blog\/#\/schema\/person\/cb02af4c173ce4a653b55e9baf388d4a","name":"Flo Ostermann","image":{"@type":"ImageObject","inLanguage":"fr-FR","@id":"https:\/\/dicodusport.fr\/blog\/#\/schema\/person\/image\/","url":"https:\/\/dicodusport.fr\/blog\/wp-content\/uploads\/2021\/05\/Flo-Ostermann-150x150.jpg","contentUrl":"https:\/\/dicodusport.fr\/blog\/wp-content\/uploads\/2021\/05\/Flo-Ostermann-150x150.jpg","caption":"Flo Ostermann"},"description":"Journaliste\/R\u00e9dacteur depuis septembre 2015 - Mes premiers souvenirs dans le sport ? Les envol\u00e9es du Stade Toulousain et les duels Villeneuve-Schumacher et H\u00e4kkinen-Schumacher \u00e0 la fin des ann\u00e9es 90, la Coupe du monde de football en 1998, l\u2019exploit du XV de France face aux All Blacks en 1999, mais aussi Richard C\u0153ur de Lion qui vole sur les montagnes du Tour de France. Bien parti pour devenir professeur d\u2019EPS, les \u00e9v\u00e9nements de la vie (et la flemme d\u2019animer des s\u00e9ances de 3x500 m\u00e8tres toute ma vie) m\u2019ont conduit \u00e0 revoir mes plans. Me voil\u00e0 depuis fin 2017 sur Dicodusport, m\u00e9dia gr\u00e2ce (et pour) lequel je partage ma passion : le sport dans tous ses \u00e9tats. Le tout accompagn\u00e9 par les fous furieux et folles furieuses cit\u00e9s sur cette page !","sameAs":["https:\/\/www.facebook.com\/florent.ostermann","https:\/\/x.com\/https:\/\/twitter.com\/FlOstermann","admin"],"url":"https:\/\/dicodusport.fr\/blog\/author\/flo\/"}]}},"_links":{"self":[{"href":"https:\/\/dicodusport.fr\/blog\/wp-json\/wp\/v2\/posts\/579872","targetHints":{"allow":["GET"]}}],"collection":[{"href":"https:\/\/dicodusport.fr\/blog\/wp-json\/wp\/v2\/posts"}],"about":[{"href":"https:\/\/dicodusport.fr\/blog\/wp-json\/wp\/v2\/types\/post"}],"author":[{"embeddable":true,"href":"https:\/\/dicodusport.fr\/blog\/wp-json\/wp\/v2\/users\/4"}],"replies":[{"embeddable":true,"href":"https:\/\/dicodusport.fr\/blog\/wp-json\/wp\/v2\/comments?post=579872"}],"version-history":[{"count":5,"href":"https:\/\/dicodusport.fr\/blog\/wp-json\/wp\/v2\/posts\/579872\/revisions"}],"predecessor-version":[{"id":580066,"href":"https:\/\/dicodusport.fr\/blog\/wp-json\/wp\/v2\/posts\/579872\/revisions\/580066"}],"wp:featuredmedia":[{"embeddable":true,"href":"https:\/\/dicodusport.fr\/blog\/wp-json\/wp\/v2\/media\/579875"}],"wp:attachment":[{"href":"https:\/\/dicodusport.fr\/blog\/wp-json\/wp\/v2\/media?parent=579872"}],"wp:term":[{"taxonomy":"category","embeddable":true,"href":"https:\/\/dicodusport.fr\/blog\/wp-json\/wp\/v2\/categories?post=579872"},{"taxonomy":"post_tag","embeddable":true,"href":"https:\/\/dicodusport.fr\/blog\/wp-json\/wp\/v2\/tags?post=579872"}],"curies":[{"name":"wp","href":"https:\/\/api.w.org\/{rel}","templated":true}]}}