{"id":580193,"date":"2025-05-19T08:42:36","date_gmt":"2025-05-19T06:42:36","guid":{"rendered":"https:\/\/dicodusport.fr\/blog\/?p=580193&#038;preview=true&#038;preview_id=580193"},"modified":"2025-05-19T08:42:36","modified_gmt":"2025-05-19T06:42:36","slug":"escalade-premier-succes-en-coupe-du-monde-pour-naile-meignan","status":"publish","type":"post","link":"https:\/\/dicodusport.fr\/blog\/escalade-premier-succes-en-coupe-du-monde-pour-naile-meignan\/","title":{"rendered":"Escalade : Premier succ\u00e8s en Coupe du monde pour Na\u00efl\u00e9 Meignan !"},"content":{"rendered":"<h4 style=\"text-align: justify;\"><em>COUPE DU MONDE D&rsquo;ESCALADE 2025 &#8211; Na\u00efl\u00e9 Meignan a remport\u00e9 sa toute premi\u00e8re \u00e9preuve de Coupe du monde apr\u00e8s une belle lutte avec Oriane Bertone, alors que Mejdi Schalck monte \u00e9galement sur le podium.<\/em><\/h4>\n<p style=\"text-align: justify;\">Voil\u00e0 un an, <strong>Na\u00efl\u00e9 Meignan<\/strong> montait pour la toute premi\u00e8re fois sur <a href=\"https:\/\/dicodusport.fr\/blog\/coupe-du-monde-descalade-oriane-bertone-et-naile-meignan-sur-le-podium-a-salt-lake-city\/\">un podium en Coupe du monde<\/a>, en prenant la troisi\u00e8me place de l&rsquo;\u00e9preuve de bloc \u00e0 Salt Lake City (derri\u00e8re une certaine Oriane Bertone&#8230;). Depuis, on attendait la suite, et notamment une victoire majeure. Celle-ci est intervenue la nuit derni\u00e8re, au Br\u00e9sil.<\/p>\n<h2 style=\"text-align: justify;\">Grande premi\u00e8re pour Meignan<\/h2>\n<p style=\"text-align: justify;\">Une manche de Coupe du monde exclusivement d\u00e9di\u00e9e au bloc, sa sp\u00e9cialit\u00e9. Et une manche qui a globalement souri \u00e0 la France. En effet, <strong>Na\u00efl\u00e9 Meignan<\/strong> et <strong>Oriane Bertone<\/strong> se sont livr\u00e9 une magnifique bataille sur les murs br\u00e9siliens. Mal embarqu\u00e9e sur le premier bloc, la premi\u00e8re a ensuite pass\u00e9 la vitesse sup\u00e9rieure, allant chercher six tops sur les six suivants Suffisant pour r\u00e9sister \u00e0 la r\u00e9gularit\u00e9 de sa compatriote, mais seulement pour 0.1 points !<\/p>\n<blockquote class=\"twitter-tweet\">\n<p dir=\"ltr\" lang=\"fi\">Your women\u2019s IFSC Boulder World Cup Curitiba medallists \ud83d\udc4f<\/p>\n<p>\ud83e\udd47 Na\u00efl\u00e9 MEIGNAN \ud83c\uddeb\ud83c\uddf7<br \/>\n\ud83e\udd48 Oriane BERTONE \ud83c\uddeb\ud83c\uddf7<br \/>\n\ud83e\udd49 Camilla MORONI \ud83c\uddee\ud83c\uddf9 <a href=\"https:\/\/twitter.com\/hashtag\/WorldClimbing?src=hash&amp;ref_src=twsrc%5Etfw\">#WorldClimbing<\/a> <a href=\"https:\/\/t.co\/7Feirr1Cv6\">pic.twitter.com\/7Feirr1Cv6<\/a><\/p>\n<p>\u2014 International Federation of Sport Climbing (@ifsclimbing) <a href=\"https:\/\/twitter.com\/ifsclimbing\/status\/1924232964235198714?ref_src=twsrc%5Etfw\">May 18, 2025<\/a><\/p><\/blockquote>\n<p><script async src=\"https:\/\/platform.twitter.com\/widgets.js\" charset=\"utf-8\"><\/script><\/p>\n<p style=\"text-align: justify;\">99.6 contre 99.5, <strong>Na\u00efl\u00e9 Meignan<\/strong> signe son premier succ\u00e8s en Coupe du monde devant Oriane Bertone, et les deux Bleues ont survol\u00e9 la comp\u00e9tition, puisque Camila Moroni, 3\u00e8me, termine avec plus de 15 points de retard. Une bonne nouvelle doubl\u00e9e d&rsquo;une autre, puisque <strong>Mejdi Schalck<\/strong> a pris la deuxi\u00e8me place chez les hommes. Si le <a href=\"https:\/\/dicodusport.fr\/blog\/escalade-jo-2024-paul-jenft-termine-8eme-du-combine-lor-pour-toby-roberts\/\">vice-champion olympique<\/a><strong> Sorato Anraku<\/strong> \u00e9tait trop fort, le Fran\u00e7ais est le seul autre grimpeur \u00e0 avoir exist\u00e9 sur cette comp\u00e9tition, et signe un nouveau podium. De quoi \u00e9gayer le weekend de l&rsquo;escalade fran\u00e7aise, en pleine forme.<\/p>\n","protected":false},"excerpt":{"rendered":"<p>COUPE DU MONDE D&rsquo;ESCALADE 2025 &#8211; Na\u00efl\u00e9 Meignan a remport\u00e9 sa toute premi\u00e8re \u00e9preuve de Coupe du monde apr\u00e8s une belle lutte avec Oriane Bertone, alors que Mejdi Schalck monte \u00e9galement sur le podium. Voil\u00e0 un an, Na\u00efl\u00e9 Meignan montait pour la toute premi\u00e8re fois sur un podium en Coupe du monde, en prenant la [&hellip;]<\/p>\n","protected":false},"author":59,"featured_media":580196,"comment_status":"open","ping_status":"closed","sticky":false,"template":"","format":"standard","meta":{"_acf_changed":false,"_daextam_enable_autolinks":"1","footnotes":""},"categories":[10930],"tags":[16878,23682,25798],"class_list":["post-580193","post","type-post","status-publish","format-standard","has-post-thumbnail","hentry","category-escalade","tag-breve","tag-mejdi-schalck","tag-oriane-bertone"],"acf":[],"yoast_head":"<!-- This site is optimized with the Yoast SEO Premium plugin v26.7 (Yoast SEO v26.7) - https:\/\/yoast.com\/wordpress\/plugins\/seo\/ -->\n<title>Escalade : Premier succ\u00e8s en Coupe du monde pour Na\u00efl\u00e9 Meignan !<\/title>\n<meta name=\"robots\" content=\"index, follow, max-snippet:-1, max-image-preview:large, max-video-preview:-1\" \/>\n<link rel=\"canonical\" href=\"https:\/\/dicodusport.fr\/blog\/escalade-premier-succes-en-coupe-du-monde-pour-naile-meignan\/\" \/>\n<meta property=\"og:locale\" content=\"fr_FR\" \/>\n<meta property=\"og:type\" content=\"article\" \/>\n<meta property=\"og:title\" content=\"Escalade : Premier succ\u00e8s en Coupe du monde pour Na\u00efl\u00e9 Meignan !\" \/>\n<meta property=\"og:description\" content=\"COUPE DU MONDE D&rsquo;ESCALADE 2025 &#8211; Na\u00efl\u00e9 Meignan a remport\u00e9 sa toute premi\u00e8re \u00e9preuve de Coupe du monde apr\u00e8s une belle lutte avec Oriane Bertone, alors que Mejdi Schalck monte \u00e9galement sur le podium. Voil\u00e0 un an, Na\u00efl\u00e9 Meignan montait pour la toute premi\u00e8re fois sur un podium en Coupe du monde, en prenant la [&hellip;]\" \/>\n<meta property=\"og:url\" content=\"https:\/\/dicodusport.fr\/blog\/escalade-premier-succes-en-coupe-du-monde-pour-naile-meignan\/\" \/>\n<meta property=\"og:site_name\" content=\"Dicodusport\" \/>\n<meta property=\"article:publisher\" content=\"https:\/\/www.facebook.com\/dicodusport\" \/>\n<meta property=\"article:author\" content=\"https:\/\/www.facebook.com\/sebastien.gente\/\" \/>\n<meta property=\"article:published_time\" content=\"2025-05-19T06:42:36+00:00\" \/>\n<meta property=\"og:image\" content=\"https:\/\/dicodusport.fr\/blog\/wp-content\/uploads\/2025\/05\/Escalade-Premier-succes-en-Coupe-du-monde-pour-Naile-Meignan-.png\" \/>\n\t<meta property=\"og:image:width\" content=\"1200\" \/>\n\t<meta property=\"og:image:height\" content=\"674\" \/>\n\t<meta property=\"og:image:type\" content=\"image\/png\" \/>\n<meta name=\"author\" content=\"S\u00e9bastien Gente\" \/>\n<meta name=\"twitter:card\" content=\"summary_large_image\" \/>\n<meta name=\"twitter:title\" content=\"Escalade : Premier succ\u00e8s en Coupe du monde pour Na\u00efl\u00e9 Meignan !\" \/>\n<meta name=\"twitter:creator\" content=\"@https:\/\/twitter.com\/globulo24\" \/>\n<meta name=\"twitter:site\" content=\"@dicodusport\" \/>\n<script type=\"application\/ld+json\" class=\"yoast-schema-graph\">{\"@context\":\"https:\/\/schema.org\",\"@graph\":[{\"@type\":\"NewsArticle\",\"@id\":\"https:\/\/dicodusport.fr\/blog\/escalade-premier-succes-en-coupe-du-monde-pour-naile-meignan\/#article\",\"isPartOf\":{\"@id\":\"https:\/\/dicodusport.fr\/blog\/escalade-premier-succes-en-coupe-du-monde-pour-naile-meignan\/\"},\"author\":{\"name\":\"S\u00e9bastien Gente\",\"@id\":\"https:\/\/dicodusport.fr\/blog\/#\/schema\/person\/627966a6cde45dbd8c5e36ac85d783da\"},\"headline\":\"Escalade : Premier succ\u00e8s en Coupe du monde pour Na\u00efl\u00e9 Meignan !\",\"datePublished\":\"2025-05-19T06:42:36+00:00\",\"mainEntityOfPage\":{\"@id\":\"https:\/\/dicodusport.fr\/blog\/escalade-premier-succes-en-coupe-du-monde-pour-naile-meignan\/\"},\"wordCount\":322,\"commentCount\":0,\"publisher\":{\"@id\":\"https:\/\/dicodusport.fr\/blog\/#organization\"},\"image\":{\"@id\":\"https:\/\/dicodusport.fr\/blog\/escalade-premier-succes-en-coupe-du-monde-pour-naile-meignan\/#primaryimage\"},\"thumbnailUrl\":\"https:\/\/dicodusport.fr\/blog\/wp-content\/uploads\/2025\/05\/Escalade-Premier-succes-en-Coupe-du-monde-pour-Naile-Meignan-.png\",\"keywords\":[\"br\u00e8ve\",\"Mejdi Schalck\",\"Oriane Bertone\"],\"articleSection\":[\"Escalade\"],\"inLanguage\":\"fr-FR\",\"potentialAction\":[{\"@type\":\"CommentAction\",\"name\":\"Comment\",\"target\":[\"https:\/\/dicodusport.fr\/blog\/escalade-premier-succes-en-coupe-du-monde-pour-naile-meignan\/#respond\"]}],\"copyrightYear\":\"2025\",\"copyrightHolder\":{\"@id\":\"https:\/\/dicodusport.fr\/blog\/#organization\"}},{\"@type\":\"WebPage\",\"@id\":\"https:\/\/dicodusport.fr\/blog\/escalade-premier-succes-en-coupe-du-monde-pour-naile-meignan\/\",\"url\":\"https:\/\/dicodusport.fr\/blog\/escalade-premier-succes-en-coupe-du-monde-pour-naile-meignan\/\",\"name\":\"Escalade : Premier succ\u00e8s en Coupe du monde pour Na\u00efl\u00e9 Meignan !\",\"isPartOf\":{\"@id\":\"https:\/\/dicodusport.fr\/blog\/#website\"},\"primaryImageOfPage\":{\"@id\":\"https:\/\/dicodusport.fr\/blog\/escalade-premier-succes-en-coupe-du-monde-pour-naile-meignan\/#primaryimage\"},\"image\":{\"@id\":\"https:\/\/dicodusport.fr\/blog\/escalade-premier-succes-en-coupe-du-monde-pour-naile-meignan\/#primaryimage\"},\"thumbnailUrl\":\"https:\/\/dicodusport.fr\/blog\/wp-content\/uploads\/2025\/05\/Escalade-Premier-succes-en-Coupe-du-monde-pour-Naile-Meignan-.png\",\"datePublished\":\"2025-05-19T06:42:36+00:00\",\"breadcrumb\":{\"@id\":\"https:\/\/dicodusport.fr\/blog\/escalade-premier-succes-en-coupe-du-monde-pour-naile-meignan\/#breadcrumb\"},\"inLanguage\":\"fr-FR\",\"potentialAction\":[{\"@type\":\"ReadAction\",\"target\":[\"https:\/\/dicodusport.fr\/blog\/escalade-premier-succes-en-coupe-du-monde-pour-naile-meignan\/\"]}]},{\"@type\":\"ImageObject\",\"inLanguage\":\"fr-FR\",\"@id\":\"https:\/\/dicodusport.fr\/blog\/escalade-premier-succes-en-coupe-du-monde-pour-naile-meignan\/#primaryimage\",\"url\":\"https:\/\/dicodusport.fr\/blog\/wp-content\/uploads\/2025\/05\/Escalade-Premier-succes-en-Coupe-du-monde-pour-Naile-Meignan-.png\",\"contentUrl\":\"https:\/\/dicodusport.fr\/blog\/wp-content\/uploads\/2025\/05\/Escalade-Premier-succes-en-Coupe-du-monde-pour-Naile-Meignan-.png\",\"width\":1200,\"height\":674,\"caption\":\"Escalade Premier succ\u00e8s en Coupe du monde pour Na\u00efl\u00e9 Meignan !\"},{\"@type\":\"BreadcrumbList\",\"@id\":\"https:\/\/dicodusport.fr\/blog\/escalade-premier-succes-en-coupe-du-monde-pour-naile-meignan\/#breadcrumb\",\"itemListElement\":[{\"@type\":\"ListItem\",\"position\":1,\"name\":\"Accueil\",\"item\":\"https:\/\/dicodusport.fr\/blog\/\"},{\"@type\":\"ListItem\",\"position\":2,\"name\":\"Escalade : Premier succ\u00e8s en Coupe du monde pour Na\u00efl\u00e9 Meignan !\"}]},{\"@type\":\"WebSite\",\"@id\":\"https:\/\/dicodusport.fr\/blog\/#website\",\"url\":\"https:\/\/dicodusport.fr\/blog\/\",\"name\":\"Dicodusport\",\"description\":\"L&#039;encyclop\u00e9die de l&#039;actualit\u00e9 sportive\",\"publisher\":{\"@id\":\"https:\/\/dicodusport.fr\/blog\/#organization\"},\"potentialAction\":[{\"@type\":\"SearchAction\",\"target\":{\"@type\":\"EntryPoint\",\"urlTemplate\":\"https:\/\/dicodusport.fr\/blog\/?s={search_term_string}\"},\"query-input\":{\"@type\":\"PropertyValueSpecification\",\"valueRequired\":true,\"valueName\":\"search_term_string\"}}],\"inLanguage\":\"fr-FR\"},{\"@type\":\"NewsMediaOrganization\",\"@id\":\"https:\/\/dicodusport.fr\/blog\/#organization\",\"name\":\"Dicodusport\",\"url\":\"https:\/\/dicodusport.fr\/blog\/\",\"logo\":{\"@type\":\"ImageObject\",\"inLanguage\":\"fr-FR\",\"@id\":\"https:\/\/dicodusport.fr\/blog\/#\/schema\/logo\/image\/\",\"url\":\"https:\/\/dicodusport.fr\/blog\/wp-content\/uploads\/2020\/06\/cropped-LOGO-DICODUSPORT-2020-SANS-FOND-SANS-TEXTE.png\",\"contentUrl\":\"https:\/\/dicodusport.fr\/blog\/wp-content\/uploads\/2020\/06\/cropped-LOGO-DICODUSPORT-2020-SANS-FOND-SANS-TEXTE.png\",\"width\":512,\"height\":512,\"caption\":\"Dicodusport\"},\"image\":{\"@id\":\"https:\/\/dicodusport.fr\/blog\/#\/schema\/logo\/image\/\"},\"sameAs\":[\"https:\/\/www.facebook.com\/dicodusport\",\"https:\/\/x.com\/dicodusport\",\"https:\/\/www.instagram.com\/dicodusport\/\",\"https:\/\/www.youtube.com\/channel\/UC7V2KZ5sd3htJivAbA4ZG3w\"],\"description\":\"Dicodusport est l'encyclop\u00e9die de l'actualit\u00e9 sportive.\",\"email\":\"bonjour@dicodusport.fr\",\"legalName\":\"DICODUSPORT\",\"foundingDate\":\"2018-01-14\",\"vatID\":\"FR71834470973\",\"taxID\":\"83447097300043\",\"numberOfEmployees\":{\"@type\":\"QuantitativeValue\",\"minValue\":\"1\",\"maxValue\":\"10\"}},{\"@type\":\"Person\",\"@id\":\"https:\/\/dicodusport.fr\/blog\/#\/schema\/person\/627966a6cde45dbd8c5e36ac85d783da\",\"name\":\"S\u00e9bastien Gente\",\"image\":{\"@type\":\"ImageObject\",\"inLanguage\":\"fr-FR\",\"@id\":\"https:\/\/dicodusport.fr\/blog\/#\/schema\/person\/image\/\",\"url\":\"https:\/\/dicodusport.fr\/blog\/wp-content\/uploads\/2021\/09\/1510990_10205810251400683_4124423575079401707_n-150x150.jpg\",\"contentUrl\":\"https:\/\/dicodusport.fr\/blog\/wp-content\/uploads\/2021\/09\/1510990_10205810251400683_4124423575079401707_n-150x150.jpg\",\"caption\":\"S\u00e9bastien Gente\"},\"description\":\"John Stockton, Gianni Bugno, Zinedine Zidane, Steffi Graf, Frode Andresen, St\u00e9phane Stoecklin, Davis Kamoga, Primoz Peterka, Werner Schlager et Aur\u00e9lien Rougerie. Point commun entre ces sportifs? Ils m'ont fait r\u00eaver et ont berc\u00e9 mon adolescence. Je suis un fondu de sports et j'essaie de retranscrire ma passion \u00e0 travers mes articles. Originaire du P\u00e9rigord, ma passion pour les Girondins, les Jaunards et les Jazzmen transpire dans mes \u00e9crits. \u00c0 Dicodusport depuis 2021, je d\u00e9niche les sports m\u00e9connus dans lesquels la France brille, et il y en a !\",\"sameAs\":[\"https:\/\/www.facebook.com\/sebastien.gente\/\",\"https:\/\/www.instagram.com\/sebgente\/\",\"https:\/\/www.linkedin.com\/in\/sbastien-gente-a29583169\/\",\"https:\/\/x.com\/https:\/\/twitter.com\/globulo24\",\"SebastienGente\"],\"worksFor\":\"S\u00e9bastien GENTE\",\"url\":\"https:\/\/dicodusport.fr\/blog\/author\/sebastiengente\/\"}]}<\/script>\n<!-- \/ Yoast SEO Premium plugin. -->","yoast_head_json":{"title":"Escalade : Premier succ\u00e8s en Coupe du monde pour Na\u00efl\u00e9 Meignan !","robots":{"index":"index","follow":"follow","max-snippet":"max-snippet:-1","max-image-preview":"max-image-preview:large","max-video-preview":"max-video-preview:-1"},"canonical":"https:\/\/dicodusport.fr\/blog\/escalade-premier-succes-en-coupe-du-monde-pour-naile-meignan\/","og_locale":"fr_FR","og_type":"article","og_title":"Escalade : Premier succ\u00e8s en Coupe du monde pour Na\u00efl\u00e9 Meignan !","og_description":"COUPE DU MONDE D&rsquo;ESCALADE 2025 &#8211; Na\u00efl\u00e9 Meignan a remport\u00e9 sa toute premi\u00e8re \u00e9preuve de Coupe du monde apr\u00e8s une belle lutte avec Oriane Bertone, alors que Mejdi Schalck monte \u00e9galement sur le podium. Voil\u00e0 un an, Na\u00efl\u00e9 Meignan montait pour la toute premi\u00e8re fois sur un podium en Coupe du monde, en prenant la [&hellip;]","og_url":"https:\/\/dicodusport.fr\/blog\/escalade-premier-succes-en-coupe-du-monde-pour-naile-meignan\/","og_site_name":"Dicodusport","article_publisher":"https:\/\/www.facebook.com\/dicodusport","article_author":"https:\/\/www.facebook.com\/sebastien.gente\/","article_published_time":"2025-05-19T06:42:36+00:00","og_image":[{"width":1200,"height":674,"url":"https:\/\/dicodusport.fr\/blog\/wp-content\/uploads\/2025\/05\/Escalade-Premier-succes-en-Coupe-du-monde-pour-Naile-Meignan-.png","type":"image\/png"}],"author":"S\u00e9bastien Gente","twitter_card":"summary_large_image","twitter_title":"Escalade : Premier succ\u00e8s en Coupe du monde pour Na\u00efl\u00e9 Meignan !","twitter_creator":"@https:\/\/twitter.com\/globulo24","twitter_site":"@dicodusport","schema":{"@context":"https:\/\/schema.org","@graph":[{"@type":"NewsArticle","@id":"https:\/\/dicodusport.fr\/blog\/escalade-premier-succes-en-coupe-du-monde-pour-naile-meignan\/#article","isPartOf":{"@id":"https:\/\/dicodusport.fr\/blog\/escalade-premier-succes-en-coupe-du-monde-pour-naile-meignan\/"},"author":{"name":"S\u00e9bastien Gente","@id":"https:\/\/dicodusport.fr\/blog\/#\/schema\/person\/627966a6cde45dbd8c5e36ac85d783da"},"headline":"Escalade : Premier succ\u00e8s en Coupe du monde pour Na\u00efl\u00e9 Meignan !","datePublished":"2025-05-19T06:42:36+00:00","mainEntityOfPage":{"@id":"https:\/\/dicodusport.fr\/blog\/escalade-premier-succes-en-coupe-du-monde-pour-naile-meignan\/"},"wordCount":322,"commentCount":0,"publisher":{"@id":"https:\/\/dicodusport.fr\/blog\/#organization"},"image":{"@id":"https:\/\/dicodusport.fr\/blog\/escalade-premier-succes-en-coupe-du-monde-pour-naile-meignan\/#primaryimage"},"thumbnailUrl":"https:\/\/dicodusport.fr\/blog\/wp-content\/uploads\/2025\/05\/Escalade-Premier-succes-en-Coupe-du-monde-pour-Naile-Meignan-.png","keywords":["br\u00e8ve","Mejdi Schalck","Oriane Bertone"],"articleSection":["Escalade"],"inLanguage":"fr-FR","potentialAction":[{"@type":"CommentAction","name":"Comment","target":["https:\/\/dicodusport.fr\/blog\/escalade-premier-succes-en-coupe-du-monde-pour-naile-meignan\/#respond"]}],"copyrightYear":"2025","copyrightHolder":{"@id":"https:\/\/dicodusport.fr\/blog\/#organization"}},{"@type":"WebPage","@id":"https:\/\/dicodusport.fr\/blog\/escalade-premier-succes-en-coupe-du-monde-pour-naile-meignan\/","url":"https:\/\/dicodusport.fr\/blog\/escalade-premier-succes-en-coupe-du-monde-pour-naile-meignan\/","name":"Escalade : Premier succ\u00e8s en Coupe du monde pour Na\u00efl\u00e9 Meignan !","isPartOf":{"@id":"https:\/\/dicodusport.fr\/blog\/#website"},"primaryImageOfPage":{"@id":"https:\/\/dicodusport.fr\/blog\/escalade-premier-succes-en-coupe-du-monde-pour-naile-meignan\/#primaryimage"},"image":{"@id":"https:\/\/dicodusport.fr\/blog\/escalade-premier-succes-en-coupe-du-monde-pour-naile-meignan\/#primaryimage"},"thumbnailUrl":"https:\/\/dicodusport.fr\/blog\/wp-content\/uploads\/2025\/05\/Escalade-Premier-succes-en-Coupe-du-monde-pour-Naile-Meignan-.png","datePublished":"2025-05-19T06:42:36+00:00","breadcrumb":{"@id":"https:\/\/dicodusport.fr\/blog\/escalade-premier-succes-en-coupe-du-monde-pour-naile-meignan\/#breadcrumb"},"inLanguage":"fr-FR","potentialAction":[{"@type":"ReadAction","target":["https:\/\/dicodusport.fr\/blog\/escalade-premier-succes-en-coupe-du-monde-pour-naile-meignan\/"]}]},{"@type":"ImageObject","inLanguage":"fr-FR","@id":"https:\/\/dicodusport.fr\/blog\/escalade-premier-succes-en-coupe-du-monde-pour-naile-meignan\/#primaryimage","url":"https:\/\/dicodusport.fr\/blog\/wp-content\/uploads\/2025\/05\/Escalade-Premier-succes-en-Coupe-du-monde-pour-Naile-Meignan-.png","contentUrl":"https:\/\/dicodusport.fr\/blog\/wp-content\/uploads\/2025\/05\/Escalade-Premier-succes-en-Coupe-du-monde-pour-Naile-Meignan-.png","width":1200,"height":674,"caption":"Escalade Premier succ\u00e8s en Coupe du monde pour Na\u00efl\u00e9 Meignan !"},{"@type":"BreadcrumbList","@id":"https:\/\/dicodusport.fr\/blog\/escalade-premier-succes-en-coupe-du-monde-pour-naile-meignan\/#breadcrumb","itemListElement":[{"@type":"ListItem","position":1,"name":"Accueil","item":"https:\/\/dicodusport.fr\/blog\/"},{"@type":"ListItem","position":2,"name":"Escalade : Premier succ\u00e8s en Coupe du monde pour Na\u00efl\u00e9 Meignan !"}]},{"@type":"WebSite","@id":"https:\/\/dicodusport.fr\/blog\/#website","url":"https:\/\/dicodusport.fr\/blog\/","name":"Dicodusport","description":"L&#039;encyclop\u00e9die de l&#039;actualit\u00e9 sportive","publisher":{"@id":"https:\/\/dicodusport.fr\/blog\/#organization"},"potentialAction":[{"@type":"SearchAction","target":{"@type":"EntryPoint","urlTemplate":"https:\/\/dicodusport.fr\/blog\/?s={search_term_string}"},"query-input":{"@type":"PropertyValueSpecification","valueRequired":true,"valueName":"search_term_string"}}],"inLanguage":"fr-FR"},{"@type":"NewsMediaOrganization","@id":"https:\/\/dicodusport.fr\/blog\/#organization","name":"Dicodusport","url":"https:\/\/dicodusport.fr\/blog\/","logo":{"@type":"ImageObject","inLanguage":"fr-FR","@id":"https:\/\/dicodusport.fr\/blog\/#\/schema\/logo\/image\/","url":"https:\/\/dicodusport.fr\/blog\/wp-content\/uploads\/2020\/06\/cropped-LOGO-DICODUSPORT-2020-SANS-FOND-SANS-TEXTE.png","contentUrl":"https:\/\/dicodusport.fr\/blog\/wp-content\/uploads\/2020\/06\/cropped-LOGO-DICODUSPORT-2020-SANS-FOND-SANS-TEXTE.png","width":512,"height":512,"caption":"Dicodusport"},"image":{"@id":"https:\/\/dicodusport.fr\/blog\/#\/schema\/logo\/image\/"},"sameAs":["https:\/\/www.facebook.com\/dicodusport","https:\/\/x.com\/dicodusport","https:\/\/www.instagram.com\/dicodusport\/","https:\/\/www.youtube.com\/channel\/UC7V2KZ5sd3htJivAbA4ZG3w"],"description":"Dicodusport est l'encyclop\u00e9die de l'actualit\u00e9 sportive.","email":"bonjour@dicodusport.fr","legalName":"DICODUSPORT","foundingDate":"2018-01-14","vatID":"FR71834470973","taxID":"83447097300043","numberOfEmployees":{"@type":"QuantitativeValue","minValue":"1","maxValue":"10"}},{"@type":"Person","@id":"https:\/\/dicodusport.fr\/blog\/#\/schema\/person\/627966a6cde45dbd8c5e36ac85d783da","name":"S\u00e9bastien Gente","image":{"@type":"ImageObject","inLanguage":"fr-FR","@id":"https:\/\/dicodusport.fr\/blog\/#\/schema\/person\/image\/","url":"https:\/\/dicodusport.fr\/blog\/wp-content\/uploads\/2021\/09\/1510990_10205810251400683_4124423575079401707_n-150x150.jpg","contentUrl":"https:\/\/dicodusport.fr\/blog\/wp-content\/uploads\/2021\/09\/1510990_10205810251400683_4124423575079401707_n-150x150.jpg","caption":"S\u00e9bastien Gente"},"description":"John Stockton, Gianni Bugno, Zinedine Zidane, Steffi Graf, Frode Andresen, St\u00e9phane Stoecklin, Davis Kamoga, Primoz Peterka, Werner Schlager et Aur\u00e9lien Rougerie. Point commun entre ces sportifs? Ils m'ont fait r\u00eaver et ont berc\u00e9 mon adolescence. Je suis un fondu de sports et j'essaie de retranscrire ma passion \u00e0 travers mes articles. Originaire du P\u00e9rigord, ma passion pour les Girondins, les Jaunards et les Jazzmen transpire dans mes \u00e9crits. \u00c0 Dicodusport depuis 2021, je d\u00e9niche les sports m\u00e9connus dans lesquels la France brille, et il y en a !","sameAs":["https:\/\/www.facebook.com\/sebastien.gente\/","https:\/\/www.instagram.com\/sebgente\/","https:\/\/www.linkedin.com\/in\/sbastien-gente-a29583169\/","https:\/\/x.com\/https:\/\/twitter.com\/globulo24","SebastienGente"],"worksFor":"S\u00e9bastien GENTE","url":"https:\/\/dicodusport.fr\/blog\/author\/sebastiengente\/"}]}},"_links":{"self":[{"href":"https:\/\/dicodusport.fr\/blog\/wp-json\/wp\/v2\/posts\/580193","targetHints":{"allow":["GET"]}}],"collection":[{"href":"https:\/\/dicodusport.fr\/blog\/wp-json\/wp\/v2\/posts"}],"about":[{"href":"https:\/\/dicodusport.fr\/blog\/wp-json\/wp\/v2\/types\/post"}],"author":[{"embeddable":true,"href":"https:\/\/dicodusport.fr\/blog\/wp-json\/wp\/v2\/users\/59"}],"replies":[{"embeddable":true,"href":"https:\/\/dicodusport.fr\/blog\/wp-json\/wp\/v2\/comments?post=580193"}],"version-history":[{"count":1,"href":"https:\/\/dicodusport.fr\/blog\/wp-json\/wp\/v2\/posts\/580193\/revisions"}],"predecessor-version":[{"id":580199,"href":"https:\/\/dicodusport.fr\/blog\/wp-json\/wp\/v2\/posts\/580193\/revisions\/580199"}],"wp:featuredmedia":[{"embeddable":true,"href":"https:\/\/dicodusport.fr\/blog\/wp-json\/wp\/v2\/media\/580196"}],"wp:attachment":[{"href":"https:\/\/dicodusport.fr\/blog\/wp-json\/wp\/v2\/media?parent=580193"}],"wp:term":[{"taxonomy":"category","embeddable":true,"href":"https:\/\/dicodusport.fr\/blog\/wp-json\/wp\/v2\/categories?post=580193"},{"taxonomy":"post_tag","embeddable":true,"href":"https:\/\/dicodusport.fr\/blog\/wp-json\/wp\/v2\/tags?post=580193"}],"curies":[{"name":"wp","href":"https:\/\/api.w.org\/{rel}","templated":true}]}}