{"id":580227,"date":"2025-05-19T14:09:15","date_gmt":"2025-05-19T12:09:15","guid":{"rendered":"https:\/\/dicodusport.fr\/blog\/?p=580227&#038;preview=true&#038;preview_id=580227"},"modified":"2025-05-19T14:09:16","modified_gmt":"2025-05-19T12:09:16","slug":"escalade-trois-titres-pour-les-bleuets-aux-championnats-deurope-jeunes-de-bloc","status":"publish","type":"post","link":"https:\/\/dicodusport.fr\/blog\/escalade-trois-titres-pour-les-bleuets-aux-championnats-deurope-jeunes-de-bloc\/","title":{"rendered":"Escalade : Trois titres pour les Bleuets aux Championnats d&rsquo;Europe jeunes de bloc"},"content":{"rendered":"<h4 style=\"text-align: justify;\"><em>CHAMPIONNATS D&rsquo;EUROPE JEUNES D&rsquo;ESCALADE BLOC 2025 &#8211; Lily Abriat, Arthur Rebollo et Samuel Richard ont tous triomph\u00e9 en Italie, un magnifique weekend pour l&rsquo;escalade fran\u00e7aise.\u00a0<\/em><\/h4>\n<p style=\"text-align: justify;\">C&rsquo;est la rel\u00e8ve de l&rsquo;escalade tricolore. En ao\u00fbt dernier,<strong> Lily Abriat<\/strong> \u00e9tait sacr\u00e9e <a href=\"https:\/\/www.flashscore.fr\/actualites\/lundi-olympique-14-louise-cervera-reveille-la-voile-francaise\/lGwStRjT\/\"><strong>championne du monde U20 de bloc<\/strong><\/a> en Chine. Une belle r\u00e9ussite qui lui conf\u00e9rait forc\u00e9ment le statut de favorite aux Championnats d&rsquo;Europe jeunes en Italie. Chez les U21, elle s&rsquo;est litt\u00e9ralement promen\u00e9e en qualifications, puis en demi-finale, signant le score maximal. Mais en finale, elle a d\u00fb composer avec la concurrence de <strong>Anastasiia Kobets<\/strong>, l&rsquo;Ukrainienne venant \u00e9chouer \u00e0 0.2 points. Qu&rsquo;importe, c&rsquo;est un titre europ\u00e9en en bloc qui renforce son statut de future grande, en plus de prendre sa revanche apr\u00e8s sa quatri\u00e8me place de l&rsquo;an pass\u00e9.<\/p>\n<div class=\"vlp-link-container vlp-layout-article\"><a href=\"https:\/\/dicodusport.fr\/blog\/lily-abriat-pour-moi-cetait-clairement-un-reve-ce-titre\/\" class=\"vlp-link\" title=\"Lily Abriat : &quot;Pour moi, c&#039;\u00e9tait clairement un r\u00eave ce titre&quot;\"><\/a><div class=\"vlp-layout-zone-side\"><div class=\"vlp-block-4 vlp-link-image\"><img loading=\"lazy\" decoding=\"async\" style=\"max-width: 792px;\" width=\"792\" height=\"445\" src=\"https:\/\/dicodusport.fr\/blog\/wp-content\/uploads\/2024\/09\/Lily-Abriat-Pour-moi-cetait-clairement-un-reve-ce-titre.png\" class=\"attachment-800x445 size-800x445\" alt=\"Lily Abriat Pour moi, c&#039;\u00e9tait clairement un r\u00eave ce titre\" srcset=\"https:\/\/dicodusport.fr\/blog\/wp-content\/uploads\/2024\/09\/Lily-Abriat-Pour-moi-cetait-clairement-un-reve-ce-titre.png 1200w, https:\/\/dicodusport.fr\/blog\/wp-content\/uploads\/2024\/09\/Lily-Abriat-Pour-moi-cetait-clairement-un-reve-ce-titre-300x169.png 300w, https:\/\/dicodusport.fr\/blog\/wp-content\/uploads\/2024\/09\/Lily-Abriat-Pour-moi-cetait-clairement-un-reve-ce-titre-1024x575.png 1024w, https:\/\/dicodusport.fr\/blog\/wp-content\/uploads\/2024\/09\/Lily-Abriat-Pour-moi-cetait-clairement-un-reve-ce-titre-768x431.png 768w\" sizes=\"auto, (max-width: 792px) 100vw, 792px\" \/><\/div><\/div><div class=\"vlp-layout-zone-main\"><div class=\"vlp-block-0 vlp-link-title\">Lily Abriat : \"Pour moi, c'\u00e9tait clairement un r\u00eave ce titre\"<\/div><div class=\"vlp-block-1 vlp-link-summary\">\"Pour moi, c'\u00e9tait clairement un r\u00eave ce titre\"<\/div><div class=\"vlp-block-2 vlp-link-button\">Lire l'article<\/div><div class=\"vlp-block-3 vlp-link-url\">dicodusport.fr<\/div><\/div><\/div>\n<p style=\"text-align: justify;\">Mais elle n&rsquo;a pas \u00e9t\u00e9 la seule \u00e0 briller. Chez les U21 gar\u00e7ons, <strong>Arthur Rebollo<\/strong> paraissait pourtant en mauvaise posture, puisque seulement 9\u00e8me des qualifications. Il a pourtant sign\u00e9 une mont\u00e9e en puissance terrible, prenant la 3\u00e8me place de la demi-finale, avant de venir crucifier le favori <strong>Nikolay Rusev<\/strong> de 0.3 points, sans signer un seul Top ! <strong>Samuel Richard<\/strong>, lui, a r\u00e9gn\u00e9 sur la comp\u00e9tition U19, remportant la qualification puis la finale avec 99.4 points, plus de 40 d&rsquo;avance sur son dauphin ! <a href=\"https:\/\/dicodusport.fr\/blog\/escalade-16-medailles-dont-7-titres-les-bleuets-royaux-a-troyes-lors-des-championnats-deurope-jeunes\/\"><strong>Champion d&rsquo;Europe U18 en 2024<\/strong><\/a>, champion d&rsquo;Europe U19 en 2025, la voie est l\u00e0 aussi trac\u00e9e pour une belle carri\u00e8re. 50% des titres mis en jeu rafl\u00e9s par la France, Reine en Italie.<\/p>\n","protected":false},"excerpt":{"rendered":"<p>CHAMPIONNATS D&rsquo;EUROPE JEUNES D&rsquo;ESCALADE BLOC 2025 &#8211; Lily Abriat, Arthur Rebollo et Samuel Richard ont tous triomph\u00e9 en Italie, un magnifique weekend pour l&rsquo;escalade fran\u00e7aise.\u00a0<\/p>\n","protected":false},"author":59,"featured_media":580253,"comment_status":"open","ping_status":"closed","sticky":false,"template":"","format":"standard","meta":{"_acf_changed":false,"_daextam_enable_autolinks":"1","footnotes":""},"categories":[10930],"tags":[16878],"class_list":["post-580227","post","type-post","status-publish","format-standard","has-post-thumbnail","hentry","category-escalade","tag-breve"],"acf":[],"yoast_head":"<!-- This site is optimized with the Yoast SEO Premium plugin v26.7 (Yoast SEO v26.7) - https:\/\/yoast.com\/wordpress\/plugins\/seo\/ -->\n<title>Escalade : Trois titres pour les Bleuets aux Championnats d&#039;Europe jeunes de bloc<\/title>\n<meta name=\"description\" content=\"CHAMPIONNATS D&#039;EUROPE JEUNES D&#039;ESCALADE BLOC 2025 - Lily Abriat, Arthur Rebollo et Samuel Richard ont tous triomph\u00e9 en Italie, un magnifique weekend pour l&#039;escalade fran\u00e7aise.\u00a0\" \/>\n<meta name=\"robots\" content=\"index, follow, max-snippet:-1, max-image-preview:large, max-video-preview:-1\" \/>\n<link rel=\"canonical\" href=\"https:\/\/dicodusport.fr\/blog\/escalade-trois-titres-pour-les-bleuets-aux-championnats-deurope-jeunes-de-bloc\/\" \/>\n<meta property=\"og:locale\" content=\"fr_FR\" \/>\n<meta property=\"og:type\" content=\"article\" \/>\n<meta property=\"og:title\" content=\"Escalade : Trois titres pour les Bleuets aux Championnats d&#039;Europe jeunes de bloc\" \/>\n<meta property=\"og:description\" content=\"CHAMPIONNATS D&#039;EUROPE JEUNES D&#039;ESCALADE BLOC 2025 - Lily Abriat, Arthur Rebollo et Samuel Richard ont tous triomph\u00e9 en Italie, un magnifique weekend pour l&#039;escalade fran\u00e7aise.\u00a0\" \/>\n<meta property=\"og:url\" content=\"https:\/\/dicodusport.fr\/blog\/escalade-trois-titres-pour-les-bleuets-aux-championnats-deurope-jeunes-de-bloc\/\" \/>\n<meta property=\"og:site_name\" content=\"Dicodusport\" \/>\n<meta property=\"article:publisher\" content=\"https:\/\/www.facebook.com\/dicodusport\" \/>\n<meta property=\"article:author\" content=\"https:\/\/www.facebook.com\/sebastien.gente\/\" \/>\n<meta property=\"article:published_time\" content=\"2025-05-19T12:09:15+00:00\" \/>\n<meta property=\"article:modified_time\" content=\"2025-05-19T12:09:16+00:00\" \/>\n<meta property=\"og:image\" content=\"https:\/\/dicodusport.fr\/blog\/wp-content\/uploads\/2025\/05\/Escalade-Trois-titres-pour-les-Bleuets-aux-Championnats-dEurope-jeunes-de-bloc.png\" \/>\n\t<meta property=\"og:image:width\" content=\"1200\" \/>\n\t<meta property=\"og:image:height\" content=\"674\" \/>\n\t<meta property=\"og:image:type\" content=\"image\/png\" \/>\n<meta name=\"author\" content=\"S\u00e9bastien Gente\" \/>\n<meta name=\"twitter:card\" content=\"summary_large_image\" \/>\n<meta name=\"twitter:title\" content=\"Escalade : Trois titres pour les Bleuets aux Championnats d&#039;Europe jeunes de bloc\" \/>\n<meta name=\"twitter:creator\" content=\"@https:\/\/twitter.com\/globulo24\" \/>\n<meta name=\"twitter:site\" content=\"@dicodusport\" \/>\n<script type=\"application\/ld+json\" class=\"yoast-schema-graph\">{\"@context\":\"https:\/\/schema.org\",\"@graph\":[{\"@type\":\"NewsArticle\",\"@id\":\"https:\/\/dicodusport.fr\/blog\/escalade-trois-titres-pour-les-bleuets-aux-championnats-deurope-jeunes-de-bloc\/#article\",\"isPartOf\":{\"@id\":\"https:\/\/dicodusport.fr\/blog\/escalade-trois-titres-pour-les-bleuets-aux-championnats-deurope-jeunes-de-bloc\/\"},\"author\":{\"name\":\"S\u00e9bastien Gente\",\"@id\":\"https:\/\/dicodusport.fr\/blog\/#\/schema\/person\/627966a6cde45dbd8c5e36ac85d783da\"},\"headline\":\"Escalade : Trois titres pour les Bleuets aux Championnats d&rsquo;Europe jeunes de bloc\",\"datePublished\":\"2025-05-19T12:09:15+00:00\",\"dateModified\":\"2025-05-19T12:09:16+00:00\",\"mainEntityOfPage\":{\"@id\":\"https:\/\/dicodusport.fr\/blog\/escalade-trois-titres-pour-les-bleuets-aux-championnats-deurope-jeunes-de-bloc\/\"},\"wordCount\":350,\"commentCount\":0,\"publisher\":{\"@id\":\"https:\/\/dicodusport.fr\/blog\/#organization\"},\"image\":{\"@id\":\"https:\/\/dicodusport.fr\/blog\/escalade-trois-titres-pour-les-bleuets-aux-championnats-deurope-jeunes-de-bloc\/#primaryimage\"},\"thumbnailUrl\":\"https:\/\/dicodusport.fr\/blog\/wp-content\/uploads\/2025\/05\/Escalade-Trois-titres-pour-les-Bleuets-aux-Championnats-dEurope-jeunes-de-bloc.png\",\"keywords\":[\"br\u00e8ve\"],\"articleSection\":[\"Escalade\"],\"inLanguage\":\"fr-FR\",\"potentialAction\":[{\"@type\":\"CommentAction\",\"name\":\"Comment\",\"target\":[\"https:\/\/dicodusport.fr\/blog\/escalade-trois-titres-pour-les-bleuets-aux-championnats-deurope-jeunes-de-bloc\/#respond\"]}],\"copyrightYear\":\"2025\",\"copyrightHolder\":{\"@id\":\"https:\/\/dicodusport.fr\/blog\/#organization\"}},{\"@type\":\"WebPage\",\"@id\":\"https:\/\/dicodusport.fr\/blog\/escalade-trois-titres-pour-les-bleuets-aux-championnats-deurope-jeunes-de-bloc\/\",\"url\":\"https:\/\/dicodusport.fr\/blog\/escalade-trois-titres-pour-les-bleuets-aux-championnats-deurope-jeunes-de-bloc\/\",\"name\":\"Escalade : Trois titres pour les Bleuets aux Championnats d'Europe jeunes de bloc\",\"isPartOf\":{\"@id\":\"https:\/\/dicodusport.fr\/blog\/#website\"},\"primaryImageOfPage\":{\"@id\":\"https:\/\/dicodusport.fr\/blog\/escalade-trois-titres-pour-les-bleuets-aux-championnats-deurope-jeunes-de-bloc\/#primaryimage\"},\"image\":{\"@id\":\"https:\/\/dicodusport.fr\/blog\/escalade-trois-titres-pour-les-bleuets-aux-championnats-deurope-jeunes-de-bloc\/#primaryimage\"},\"thumbnailUrl\":\"https:\/\/dicodusport.fr\/blog\/wp-content\/uploads\/2025\/05\/Escalade-Trois-titres-pour-les-Bleuets-aux-Championnats-dEurope-jeunes-de-bloc.png\",\"datePublished\":\"2025-05-19T12:09:15+00:00\",\"dateModified\":\"2025-05-19T12:09:16+00:00\",\"description\":\"CHAMPIONNATS D'EUROPE JEUNES D'ESCALADE BLOC 2025 - Lily Abriat, Arthur Rebollo et Samuel Richard ont tous triomph\u00e9 en Italie, un magnifique weekend pour l'escalade fran\u00e7aise.\u00a0\",\"breadcrumb\":{\"@id\":\"https:\/\/dicodusport.fr\/blog\/escalade-trois-titres-pour-les-bleuets-aux-championnats-deurope-jeunes-de-bloc\/#breadcrumb\"},\"inLanguage\":\"fr-FR\",\"potentialAction\":[{\"@type\":\"ReadAction\",\"target\":[\"https:\/\/dicodusport.fr\/blog\/escalade-trois-titres-pour-les-bleuets-aux-championnats-deurope-jeunes-de-bloc\/\"]}]},{\"@type\":\"ImageObject\",\"inLanguage\":\"fr-FR\",\"@id\":\"https:\/\/dicodusport.fr\/blog\/escalade-trois-titres-pour-les-bleuets-aux-championnats-deurope-jeunes-de-bloc\/#primaryimage\",\"url\":\"https:\/\/dicodusport.fr\/blog\/wp-content\/uploads\/2025\/05\/Escalade-Trois-titres-pour-les-Bleuets-aux-Championnats-dEurope-jeunes-de-bloc.png\",\"contentUrl\":\"https:\/\/dicodusport.fr\/blog\/wp-content\/uploads\/2025\/05\/Escalade-Trois-titres-pour-les-Bleuets-aux-Championnats-dEurope-jeunes-de-bloc.png\",\"width\":1200,\"height\":674,\"caption\":\"Escalade Trois titres pour les Bleuets aux Championnats d'Europe jeunes de bloc\"},{\"@type\":\"BreadcrumbList\",\"@id\":\"https:\/\/dicodusport.fr\/blog\/escalade-trois-titres-pour-les-bleuets-aux-championnats-deurope-jeunes-de-bloc\/#breadcrumb\",\"itemListElement\":[{\"@type\":\"ListItem\",\"position\":1,\"name\":\"Accueil\",\"item\":\"https:\/\/dicodusport.fr\/blog\/\"},{\"@type\":\"ListItem\",\"position\":2,\"name\":\"Escalade : Trois titres pour les Bleuets aux Championnats d&rsquo;Europe jeunes de bloc\"}]},{\"@type\":\"WebSite\",\"@id\":\"https:\/\/dicodusport.fr\/blog\/#website\",\"url\":\"https:\/\/dicodusport.fr\/blog\/\",\"name\":\"Dicodusport\",\"description\":\"L&#039;encyclop\u00e9die de l&#039;actualit\u00e9 sportive\",\"publisher\":{\"@id\":\"https:\/\/dicodusport.fr\/blog\/#organization\"},\"potentialAction\":[{\"@type\":\"SearchAction\",\"target\":{\"@type\":\"EntryPoint\",\"urlTemplate\":\"https:\/\/dicodusport.fr\/blog\/?s={search_term_string}\"},\"query-input\":{\"@type\":\"PropertyValueSpecification\",\"valueRequired\":true,\"valueName\":\"search_term_string\"}}],\"inLanguage\":\"fr-FR\"},{\"@type\":\"NewsMediaOrganization\",\"@id\":\"https:\/\/dicodusport.fr\/blog\/#organization\",\"name\":\"Dicodusport\",\"url\":\"https:\/\/dicodusport.fr\/blog\/\",\"logo\":{\"@type\":\"ImageObject\",\"inLanguage\":\"fr-FR\",\"@id\":\"https:\/\/dicodusport.fr\/blog\/#\/schema\/logo\/image\/\",\"url\":\"https:\/\/dicodusport.fr\/blog\/wp-content\/uploads\/2020\/06\/cropped-LOGO-DICODUSPORT-2020-SANS-FOND-SANS-TEXTE.png\",\"contentUrl\":\"https:\/\/dicodusport.fr\/blog\/wp-content\/uploads\/2020\/06\/cropped-LOGO-DICODUSPORT-2020-SANS-FOND-SANS-TEXTE.png\",\"width\":512,\"height\":512,\"caption\":\"Dicodusport\"},\"image\":{\"@id\":\"https:\/\/dicodusport.fr\/blog\/#\/schema\/logo\/image\/\"},\"sameAs\":[\"https:\/\/www.facebook.com\/dicodusport\",\"https:\/\/x.com\/dicodusport\",\"https:\/\/www.instagram.com\/dicodusport\/\",\"https:\/\/www.youtube.com\/channel\/UC7V2KZ5sd3htJivAbA4ZG3w\"],\"description\":\"Dicodusport est l'encyclop\u00e9die de l'actualit\u00e9 sportive.\",\"email\":\"bonjour@dicodusport.fr\",\"legalName\":\"DICODUSPORT\",\"foundingDate\":\"2018-01-14\",\"vatID\":\"FR71834470973\",\"taxID\":\"83447097300043\",\"numberOfEmployees\":{\"@type\":\"QuantitativeValue\",\"minValue\":\"1\",\"maxValue\":\"10\"}},{\"@type\":\"Person\",\"@id\":\"https:\/\/dicodusport.fr\/blog\/#\/schema\/person\/627966a6cde45dbd8c5e36ac85d783da\",\"name\":\"S\u00e9bastien Gente\",\"image\":{\"@type\":\"ImageObject\",\"inLanguage\":\"fr-FR\",\"@id\":\"https:\/\/dicodusport.fr\/blog\/#\/schema\/person\/image\/\",\"url\":\"https:\/\/dicodusport.fr\/blog\/wp-content\/uploads\/2021\/09\/1510990_10205810251400683_4124423575079401707_n-150x150.jpg\",\"contentUrl\":\"https:\/\/dicodusport.fr\/blog\/wp-content\/uploads\/2021\/09\/1510990_10205810251400683_4124423575079401707_n-150x150.jpg\",\"caption\":\"S\u00e9bastien Gente\"},\"description\":\"John Stockton, Gianni Bugno, Zinedine Zidane, Steffi Graf, Frode Andresen, St\u00e9phane Stoecklin, Davis Kamoga, Primoz Peterka, Werner Schlager et Aur\u00e9lien Rougerie. Point commun entre ces sportifs? Ils m'ont fait r\u00eaver et ont berc\u00e9 mon adolescence. Je suis un fondu de sports et j'essaie de retranscrire ma passion \u00e0 travers mes articles. Originaire du P\u00e9rigord, ma passion pour les Girondins, les Jaunards et les Jazzmen transpire dans mes \u00e9crits. \u00c0 Dicodusport depuis 2021, je d\u00e9niche les sports m\u00e9connus dans lesquels la France brille, et il y en a !\",\"sameAs\":[\"https:\/\/www.facebook.com\/sebastien.gente\/\",\"https:\/\/www.instagram.com\/sebgente\/\",\"https:\/\/www.linkedin.com\/in\/sbastien-gente-a29583169\/\",\"https:\/\/x.com\/https:\/\/twitter.com\/globulo24\",\"SebastienGente\"],\"worksFor\":\"S\u00e9bastien GENTE\",\"url\":\"https:\/\/dicodusport.fr\/blog\/author\/sebastiengente\/\"}]}<\/script>\n<!-- \/ Yoast SEO Premium plugin. -->","yoast_head_json":{"title":"Escalade : Trois titres pour les Bleuets aux Championnats d'Europe jeunes de bloc","description":"CHAMPIONNATS D'EUROPE JEUNES D'ESCALADE BLOC 2025 - Lily Abriat, Arthur Rebollo et Samuel Richard ont tous triomph\u00e9 en Italie, un magnifique weekend pour l'escalade fran\u00e7aise.\u00a0","robots":{"index":"index","follow":"follow","max-snippet":"max-snippet:-1","max-image-preview":"max-image-preview:large","max-video-preview":"max-video-preview:-1"},"canonical":"https:\/\/dicodusport.fr\/blog\/escalade-trois-titres-pour-les-bleuets-aux-championnats-deurope-jeunes-de-bloc\/","og_locale":"fr_FR","og_type":"article","og_title":"Escalade : Trois titres pour les Bleuets aux Championnats d'Europe jeunes de bloc","og_description":"CHAMPIONNATS D'EUROPE JEUNES D'ESCALADE BLOC 2025 - Lily Abriat, Arthur Rebollo et Samuel Richard ont tous triomph\u00e9 en Italie, un magnifique weekend pour l'escalade fran\u00e7aise.\u00a0","og_url":"https:\/\/dicodusport.fr\/blog\/escalade-trois-titres-pour-les-bleuets-aux-championnats-deurope-jeunes-de-bloc\/","og_site_name":"Dicodusport","article_publisher":"https:\/\/www.facebook.com\/dicodusport","article_author":"https:\/\/www.facebook.com\/sebastien.gente\/","article_published_time":"2025-05-19T12:09:15+00:00","article_modified_time":"2025-05-19T12:09:16+00:00","og_image":[{"width":1200,"height":674,"url":"https:\/\/dicodusport.fr\/blog\/wp-content\/uploads\/2025\/05\/Escalade-Trois-titres-pour-les-Bleuets-aux-Championnats-dEurope-jeunes-de-bloc.png","type":"image\/png"}],"author":"S\u00e9bastien Gente","twitter_card":"summary_large_image","twitter_title":"Escalade : Trois titres pour les Bleuets aux Championnats d'Europe jeunes de bloc","twitter_creator":"@https:\/\/twitter.com\/globulo24","twitter_site":"@dicodusport","schema":{"@context":"https:\/\/schema.org","@graph":[{"@type":"NewsArticle","@id":"https:\/\/dicodusport.fr\/blog\/escalade-trois-titres-pour-les-bleuets-aux-championnats-deurope-jeunes-de-bloc\/#article","isPartOf":{"@id":"https:\/\/dicodusport.fr\/blog\/escalade-trois-titres-pour-les-bleuets-aux-championnats-deurope-jeunes-de-bloc\/"},"author":{"name":"S\u00e9bastien Gente","@id":"https:\/\/dicodusport.fr\/blog\/#\/schema\/person\/627966a6cde45dbd8c5e36ac85d783da"},"headline":"Escalade : Trois titres pour les Bleuets aux Championnats d&rsquo;Europe jeunes de bloc","datePublished":"2025-05-19T12:09:15+00:00","dateModified":"2025-05-19T12:09:16+00:00","mainEntityOfPage":{"@id":"https:\/\/dicodusport.fr\/blog\/escalade-trois-titres-pour-les-bleuets-aux-championnats-deurope-jeunes-de-bloc\/"},"wordCount":350,"commentCount":0,"publisher":{"@id":"https:\/\/dicodusport.fr\/blog\/#organization"},"image":{"@id":"https:\/\/dicodusport.fr\/blog\/escalade-trois-titres-pour-les-bleuets-aux-championnats-deurope-jeunes-de-bloc\/#primaryimage"},"thumbnailUrl":"https:\/\/dicodusport.fr\/blog\/wp-content\/uploads\/2025\/05\/Escalade-Trois-titres-pour-les-Bleuets-aux-Championnats-dEurope-jeunes-de-bloc.png","keywords":["br\u00e8ve"],"articleSection":["Escalade"],"inLanguage":"fr-FR","potentialAction":[{"@type":"CommentAction","name":"Comment","target":["https:\/\/dicodusport.fr\/blog\/escalade-trois-titres-pour-les-bleuets-aux-championnats-deurope-jeunes-de-bloc\/#respond"]}],"copyrightYear":"2025","copyrightHolder":{"@id":"https:\/\/dicodusport.fr\/blog\/#organization"}},{"@type":"WebPage","@id":"https:\/\/dicodusport.fr\/blog\/escalade-trois-titres-pour-les-bleuets-aux-championnats-deurope-jeunes-de-bloc\/","url":"https:\/\/dicodusport.fr\/blog\/escalade-trois-titres-pour-les-bleuets-aux-championnats-deurope-jeunes-de-bloc\/","name":"Escalade : Trois titres pour les Bleuets aux Championnats d'Europe jeunes de bloc","isPartOf":{"@id":"https:\/\/dicodusport.fr\/blog\/#website"},"primaryImageOfPage":{"@id":"https:\/\/dicodusport.fr\/blog\/escalade-trois-titres-pour-les-bleuets-aux-championnats-deurope-jeunes-de-bloc\/#primaryimage"},"image":{"@id":"https:\/\/dicodusport.fr\/blog\/escalade-trois-titres-pour-les-bleuets-aux-championnats-deurope-jeunes-de-bloc\/#primaryimage"},"thumbnailUrl":"https:\/\/dicodusport.fr\/blog\/wp-content\/uploads\/2025\/05\/Escalade-Trois-titres-pour-les-Bleuets-aux-Championnats-dEurope-jeunes-de-bloc.png","datePublished":"2025-05-19T12:09:15+00:00","dateModified":"2025-05-19T12:09:16+00:00","description":"CHAMPIONNATS D'EUROPE JEUNES D'ESCALADE BLOC 2025 - Lily Abriat, Arthur Rebollo et Samuel Richard ont tous triomph\u00e9 en Italie, un magnifique weekend pour l'escalade fran\u00e7aise.\u00a0","breadcrumb":{"@id":"https:\/\/dicodusport.fr\/blog\/escalade-trois-titres-pour-les-bleuets-aux-championnats-deurope-jeunes-de-bloc\/#breadcrumb"},"inLanguage":"fr-FR","potentialAction":[{"@type":"ReadAction","target":["https:\/\/dicodusport.fr\/blog\/escalade-trois-titres-pour-les-bleuets-aux-championnats-deurope-jeunes-de-bloc\/"]}]},{"@type":"ImageObject","inLanguage":"fr-FR","@id":"https:\/\/dicodusport.fr\/blog\/escalade-trois-titres-pour-les-bleuets-aux-championnats-deurope-jeunes-de-bloc\/#primaryimage","url":"https:\/\/dicodusport.fr\/blog\/wp-content\/uploads\/2025\/05\/Escalade-Trois-titres-pour-les-Bleuets-aux-Championnats-dEurope-jeunes-de-bloc.png","contentUrl":"https:\/\/dicodusport.fr\/blog\/wp-content\/uploads\/2025\/05\/Escalade-Trois-titres-pour-les-Bleuets-aux-Championnats-dEurope-jeunes-de-bloc.png","width":1200,"height":674,"caption":"Escalade Trois titres pour les Bleuets aux Championnats d'Europe jeunes de bloc"},{"@type":"BreadcrumbList","@id":"https:\/\/dicodusport.fr\/blog\/escalade-trois-titres-pour-les-bleuets-aux-championnats-deurope-jeunes-de-bloc\/#breadcrumb","itemListElement":[{"@type":"ListItem","position":1,"name":"Accueil","item":"https:\/\/dicodusport.fr\/blog\/"},{"@type":"ListItem","position":2,"name":"Escalade : Trois titres pour les Bleuets aux Championnats d&rsquo;Europe jeunes de bloc"}]},{"@type":"WebSite","@id":"https:\/\/dicodusport.fr\/blog\/#website","url":"https:\/\/dicodusport.fr\/blog\/","name":"Dicodusport","description":"L&#039;encyclop\u00e9die de l&#039;actualit\u00e9 sportive","publisher":{"@id":"https:\/\/dicodusport.fr\/blog\/#organization"},"potentialAction":[{"@type":"SearchAction","target":{"@type":"EntryPoint","urlTemplate":"https:\/\/dicodusport.fr\/blog\/?s={search_term_string}"},"query-input":{"@type":"PropertyValueSpecification","valueRequired":true,"valueName":"search_term_string"}}],"inLanguage":"fr-FR"},{"@type":"NewsMediaOrganization","@id":"https:\/\/dicodusport.fr\/blog\/#organization","name":"Dicodusport","url":"https:\/\/dicodusport.fr\/blog\/","logo":{"@type":"ImageObject","inLanguage":"fr-FR","@id":"https:\/\/dicodusport.fr\/blog\/#\/schema\/logo\/image\/","url":"https:\/\/dicodusport.fr\/blog\/wp-content\/uploads\/2020\/06\/cropped-LOGO-DICODUSPORT-2020-SANS-FOND-SANS-TEXTE.png","contentUrl":"https:\/\/dicodusport.fr\/blog\/wp-content\/uploads\/2020\/06\/cropped-LOGO-DICODUSPORT-2020-SANS-FOND-SANS-TEXTE.png","width":512,"height":512,"caption":"Dicodusport"},"image":{"@id":"https:\/\/dicodusport.fr\/blog\/#\/schema\/logo\/image\/"},"sameAs":["https:\/\/www.facebook.com\/dicodusport","https:\/\/x.com\/dicodusport","https:\/\/www.instagram.com\/dicodusport\/","https:\/\/www.youtube.com\/channel\/UC7V2KZ5sd3htJivAbA4ZG3w"],"description":"Dicodusport est l'encyclop\u00e9die de l'actualit\u00e9 sportive.","email":"bonjour@dicodusport.fr","legalName":"DICODUSPORT","foundingDate":"2018-01-14","vatID":"FR71834470973","taxID":"83447097300043","numberOfEmployees":{"@type":"QuantitativeValue","minValue":"1","maxValue":"10"}},{"@type":"Person","@id":"https:\/\/dicodusport.fr\/blog\/#\/schema\/person\/627966a6cde45dbd8c5e36ac85d783da","name":"S\u00e9bastien Gente","image":{"@type":"ImageObject","inLanguage":"fr-FR","@id":"https:\/\/dicodusport.fr\/blog\/#\/schema\/person\/image\/","url":"https:\/\/dicodusport.fr\/blog\/wp-content\/uploads\/2021\/09\/1510990_10205810251400683_4124423575079401707_n-150x150.jpg","contentUrl":"https:\/\/dicodusport.fr\/blog\/wp-content\/uploads\/2021\/09\/1510990_10205810251400683_4124423575079401707_n-150x150.jpg","caption":"S\u00e9bastien Gente"},"description":"John Stockton, Gianni Bugno, Zinedine Zidane, Steffi Graf, Frode Andresen, St\u00e9phane Stoecklin, Davis Kamoga, Primoz Peterka, Werner Schlager et Aur\u00e9lien Rougerie. Point commun entre ces sportifs? Ils m'ont fait r\u00eaver et ont berc\u00e9 mon adolescence. Je suis un fondu de sports et j'essaie de retranscrire ma passion \u00e0 travers mes articles. Originaire du P\u00e9rigord, ma passion pour les Girondins, les Jaunards et les Jazzmen transpire dans mes \u00e9crits. \u00c0 Dicodusport depuis 2021, je d\u00e9niche les sports m\u00e9connus dans lesquels la France brille, et il y en a !","sameAs":["https:\/\/www.facebook.com\/sebastien.gente\/","https:\/\/www.instagram.com\/sebgente\/","https:\/\/www.linkedin.com\/in\/sbastien-gente-a29583169\/","https:\/\/x.com\/https:\/\/twitter.com\/globulo24","SebastienGente"],"worksFor":"S\u00e9bastien GENTE","url":"https:\/\/dicodusport.fr\/blog\/author\/sebastiengente\/"}]}},"_links":{"self":[{"href":"https:\/\/dicodusport.fr\/blog\/wp-json\/wp\/v2\/posts\/580227","targetHints":{"allow":["GET"]}}],"collection":[{"href":"https:\/\/dicodusport.fr\/blog\/wp-json\/wp\/v2\/posts"}],"about":[{"href":"https:\/\/dicodusport.fr\/blog\/wp-json\/wp\/v2\/types\/post"}],"author":[{"embeddable":true,"href":"https:\/\/dicodusport.fr\/blog\/wp-json\/wp\/v2\/users\/59"}],"replies":[{"embeddable":true,"href":"https:\/\/dicodusport.fr\/blog\/wp-json\/wp\/v2\/comments?post=580227"}],"version-history":[{"count":1,"href":"https:\/\/dicodusport.fr\/blog\/wp-json\/wp\/v2\/posts\/580227\/revisions"}],"predecessor-version":[{"id":580254,"href":"https:\/\/dicodusport.fr\/blog\/wp-json\/wp\/v2\/posts\/580227\/revisions\/580254"}],"wp:featuredmedia":[{"embeddable":true,"href":"https:\/\/dicodusport.fr\/blog\/wp-json\/wp\/v2\/media\/580253"}],"wp:attachment":[{"href":"https:\/\/dicodusport.fr\/blog\/wp-json\/wp\/v2\/media?parent=580227"}],"wp:term":[{"taxonomy":"category","embeddable":true,"href":"https:\/\/dicodusport.fr\/blog\/wp-json\/wp\/v2\/categories?post=580227"},{"taxonomy":"post_tag","embeddable":true,"href":"https:\/\/dicodusport.fr\/blog\/wp-json\/wp\/v2\/tags?post=580227"}],"curies":[{"name":"wp","href":"https:\/\/api.w.org\/{rel}","templated":true}]}}