{"id":580284,"date":"2025-05-20T11:05:59","date_gmt":"2025-05-20T09:05:59","guid":{"rendered":"https:\/\/dicodusport.fr\/blog\/?p=580284&#038;preview=true&#038;preview_id=580284"},"modified":"2025-05-20T11:05:15","modified_gmt":"2025-05-20T09:05:15","slug":"10eme-etape-tour-ditalie-2025-horaires-et-ordre-de-depart-des-coureurs","status":"publish","type":"post","link":"https:\/\/dicodusport.fr\/blog\/10eme-etape-tour-ditalie-2025-horaires-et-ordre-de-depart-des-coureurs\/","title":{"rendered":"Horaires et ordre de d\u00e9part de la 10\u00e8me \u00e9tape du Tour d&rsquo;Italie 2025"},"content":{"rendered":"<h4 style=\"text-align: justify;\"><em>Ce mardi 20 mai, le Tour d&rsquo;Italie se poursuit avec un contre-la-montre de 28,6 kilom\u00e8tres entre Lucca et Pise<\/em><em>. Ordre et horaires de d\u00e9part des coureurs.<\/em><\/h4>\n<ul style=\"text-align: justify;\">\n<li style=\"text-align: justify;\"><strong>\u00c0 ce sujet &#8211; <a href=\"https:\/\/dicodusport.fr\/blog\/tour-ditalie-2025-parcours-et-profil-de-la-10eme-etape\/\" target=\"_blank\" rel=\"noopener\">Tour d\u2019Italie 2025 : Parcours et profil de la 10\u00e8me \u00e9tape du Giro<\/a><br \/>\n<\/strong><\/li>\n<\/ul>\n<p style=\"text-align: justify;\">Apr\u00e8s l&rsquo;\u00e9tape des chemins blancs <a href=\"https:\/\/dicodusport.fr\/blog\/tour-ditalie-2025-wout-van-aert-triomphe-a-sienne-isaac-del-toro-prend-le-rose\/\">remport\u00e9e par <strong>Wout Van Aert<\/strong> (Visma Lease a Bike) dimanche<\/a>, les favoris pour le classement g\u00e9n\u00e9ral du Tour d&rsquo;Italie sont \u00e0 un nouveau tournant avec ce contre-la-montre d&rsquo;un peu moins de 30 kilom\u00e8tres. <strong>Isaac Del Toro <\/strong>(UAE Emirates Team XRG),\u00a0le nouveau leader du <strong>Giro<\/strong>, sera le dernier \u00e0 s&rsquo;\u00e9lancer \u00e0 16h40. Solide dans l&rsquo;exercice, le Mexicain devrait conserver sa tunique au moins une journ\u00e9e de plus.<\/p>\n<h2 style=\"text-align: justify;\">Ayuso vs Roglic, la suite<\/h2>\n<p style=\"text-align: justify;\">Quelques minutes plus t\u00f4t, <strong>Juan<\/strong> <strong>Ayuso<\/strong> (UAE Emirates Team XRG) sera en piste. L&rsquo;Espagnol est le nouveau grand favori pour la victoire finale, puisque <strong>Primoz Roglic<\/strong> (Redbull Bora Hansgrohe) a conc\u00e9d\u00e9 plus d&rsquo;une minute dimanche. Le Slov\u00e8ne partira un peu plus t\u00f4t pour ce chrono, \u00e0 16h13, trois minutes avant <strong>Adam Yates<\/strong> (UAE Emirates Team XRG))<\/p>\n<ul style=\"text-align: justify;\">\n<li style=\"text-align: justify;\"><strong>\u00c0 ce sujet \u2013 <a href=\"https:\/\/dicodusport.fr\/blog\/actualites\/cyclisme\/cyclisme-sur-route-2025\/\">L\u2019actualit\u00e9 du cyclisme sur route<\/a><\/strong><\/li>\n<\/ul>\n<p style=\"text-align: justify;\"><strong>David<\/strong> <strong>Gaudu<\/strong> (Groupama &#8211; FDJ) et <strong>Nicolas<\/strong> <strong>Prodhomme<\/strong> (D\u00e9cathlon AG2R La Mondiale) sont les deux meilleurs tricolores au classement g\u00e9n\u00e9ral et s&rsquo;\u00e9lanceront respectivement \u00e0 15h45 et 15h47. Le parcours de mardi sera plus plat que le premier contre-la-montre du Tour d&rsquo;Italie, mais les coureurs auront malgr\u00e9 tout une petite bosse \u00e0 mi-parocurs.<\/p>\n<h2 style=\"text-align: justify;\">Ordre et horaires de d\u00e9part de la 10\u00e8me \u00e9tape du Tour d&rsquo;Italie<\/h2>\n<table class=\"basic \" style=\"width: 831px; font-size: 0.9em;\">\n<tbody>\n<tr style=\"background-color: #000000;\">\n<td style=\"width: 31px; vertical-align: middle; text-align: center; background-color: #ff286e;\"><span style=\"color: #ffffff;\"><strong>#<\/strong><\/span><\/td>\n<td style=\"vertical-align: middle; width: 350px; text-align: center; background-color: #ff286e;\"><span style=\"color: #ffffff;\"><strong>Coureurs<\/strong><\/span><\/td>\n<td style=\"vertical-align: middle; width: 350px; text-align: center; background-color: #ff286e;\"><span style=\"color: #ffffff;\"><strong>\u00c9quipes<\/strong><\/span><\/td>\n<td style=\"vertical-align: middle; width: 100px; text-align: center; background-color: #ff286e;\"><span style=\"color: #ffffff;\"><strong>Heure<\/strong><\/span><\/td>\n<\/tr>\n<tr>\n<td style=\"width: 31px; text-align: center;\">1<\/td>\n<td style=\"width: 350px; text-align: center;\">\u00a0<span class=\"uppercase\">Krieger<\/span>\u00a0Alexander<\/td>\n<td style=\"width: 350px; text-align: center;\">Tudor Pro Cycling Team<\/td>\n<td style=\"width: 100px; text-align: center;\">13h20<\/td>\n<\/tr>\n<tr>\n<td style=\"width: 31px; text-align: center;\">2<\/td>\n<td style=\"width: 350px; text-align: center;\">\u00a0<span class=\"uppercase\">Plowright<\/span>\u00a0Jensen<\/td>\n<td style=\"width: 350px; text-align: center;\">Alpecin &#8211; Deceuninck<\/td>\n<td style=\"width: 100px; text-align: center;\">13h21<\/td>\n<\/tr>\n<tr>\n<td style=\"width: 31px; text-align: center;\">3<\/td>\n<td style=\"width: 350px; text-align: center;\">\u00a0<span class=\"uppercase\">M\u00e4rkl<\/span>\u00a0Niklas<\/td>\n<td style=\"width: 350px; text-align: center;\">Team Picnic PostNL<\/td>\n<td style=\"width: 100px; text-align: center;\">13h22<\/td>\n<\/tr>\n<tr>\n<td style=\"width: 31px; text-align: center;\">4<\/td>\n<td style=\"width: 350px; text-align: center;\">\u00a0<span class=\"uppercase\">Thijssen<\/span>\u00a0Gerben<\/td>\n<td style=\"width: 350px; text-align: center;\">Intermarch\u00e9 &#8211; Wanty<\/td>\n<td style=\"width: 100px; text-align: center;\">13h23<\/td>\n<\/tr>\n<tr>\n<td style=\"width: 31px; text-align: center;\">5<\/td>\n<td style=\"width: 350px; text-align: center;\">\u00a0<span class=\"uppercase\">Van Hoecke<\/span>\u00a0Gijs<\/td>\n<td style=\"width: 350px; text-align: center;\">Intermarch\u00e9 &#8211; Wanty<\/td>\n<td style=\"width: 100px; text-align: center;\">13h24<\/td>\n<\/tr>\n<tr>\n<td style=\"width: 31px; text-align: center;\">6<\/td>\n<td style=\"width: 350px; text-align: center;\">\u00a0<span class=\"uppercase\">Zanoncello<\/span>\u00a0Enrico<\/td>\n<td style=\"width: 350px; text-align: center;\">VF Group &#8211; Bardiani CSF &#8211; Faizan\u00e8<\/td>\n<td style=\"width: 100px; text-align: center;\">13h25<\/td>\n<\/tr>\n<tr>\n<td style=\"width: 31px; text-align: center;\">7<\/td>\n<td style=\"width: 350px; text-align: center;\">\u00a0<span class=\"uppercase\">Zijlaard<\/span>\u00a0Maikel<\/td>\n<td style=\"width: 350px; text-align: center;\">Tudor Pro Cycling Team<\/td>\n<td style=\"width: 100px; text-align: center;\">13h26<\/td>\n<\/tr>\n<tr>\n<td style=\"width: 31px; text-align: center;\">8<\/td>\n<td style=\"width: 350px; text-align: center;\">\u00a0<span class=\"uppercase\">Moschetti<\/span>\u00a0Matteo<\/td>\n<td style=\"width: 350px; text-align: center;\">Q36.5 Pro Cycling Team<\/td>\n<td style=\"width: 100px; text-align: center;\">13h27<\/td>\n<\/tr>\n<tr>\n<td style=\"width: 31px; text-align: center;\">9<\/td>\n<td style=\"width: 350px; text-align: center;\">\u00a0<span class=\"uppercase\">Hepburn<\/span>\u00a0Michael<\/td>\n<td style=\"width: 350px; text-align: center;\">Team Jayco AlUla<\/td>\n<td style=\"width: 100px; text-align: center;\">13h28<\/td>\n<\/tr>\n<tr>\n<td style=\"width: 31px; text-align: center;\">10<\/td>\n<td style=\"width: 350px; text-align: center;\">\u00a0<span class=\"uppercase\">Davy<\/span>\u00a0Cl\u00e9ment<\/td>\n<td style=\"width: 350px; text-align: center;\">Groupama &#8211; FDJ<\/td>\n<td style=\"width: 100px; text-align: center;\">13h29<\/td>\n<\/tr>\n<tr>\n<td style=\"width: 31px; text-align: center;\">11<\/td>\n<td style=\"width: 350px; text-align: center;\">\u00a0<span class=\"uppercase\">Kooij<\/span>\u00a0Olav<\/td>\n<td style=\"width: 350px; text-align: center;\">Team Visma | Lease a Bike<\/td>\n<td style=\"width: 100px; text-align: center;\">13h30<\/td>\n<\/tr>\n<tr>\n<td style=\"width: 31px; text-align: center;\">12<\/td>\n<td style=\"width: 350px; text-align: center;\">\u00a0<span class=\"uppercase\">van der Hoorn<\/span>\u00a0Taco<\/td>\n<td style=\"width: 350px; text-align: center;\">Intermarch\u00e9 &#8211; Wanty<\/td>\n<td style=\"width: 100px; text-align: center;\">13h31<\/td>\n<\/tr>\n<tr>\n<td style=\"width: 31px; text-align: center;\">13<\/td>\n<td style=\"width: 350px; text-align: center;\">\u00a0<span class=\"uppercase\">Mu\u00f1oz<\/span>\u00a0Francisco<\/td>\n<td style=\"width: 350px; text-align: center;\">Team Polti VisitMalta<\/td>\n<td style=\"width: 100px; text-align: center;\">13h32<\/td>\n<\/tr>\n<tr>\n<td style=\"width: 31px; text-align: center;\">14<\/td>\n<td style=\"width: 350px; text-align: center;\">\u00a0<span class=\"uppercase\">Debeaumarch\u00e9<\/span>\u00a0Nicolas<\/td>\n<td style=\"width: 350px; text-align: center;\">Cofidis<\/td>\n<td style=\"width: 100px; text-align: center;\">13h33<\/td>\n<\/tr>\n<tr>\n<td style=\"width: 31px; text-align: center;\">15<\/td>\n<td style=\"width: 350px; text-align: center;\">\u00a0<span class=\"uppercase\">Kuzmin<\/span>\u00a0Anton<\/td>\n<td style=\"width: 350px; text-align: center;\">XDS Astana Team<\/td>\n<td style=\"width: 100px; text-align: center;\">13h34<\/td>\n<\/tr>\n<tr>\n<td style=\"width: 31px; text-align: center;\">16<\/td>\n<td style=\"width: 350px; text-align: center;\">\u00a0<span class=\"uppercase\">Janssens<\/span>\u00a0Jimmy<\/td>\n<td style=\"width: 350px; text-align: center;\">Alpecin &#8211; Deceuninck<\/td>\n<td style=\"width: 100px; text-align: center;\">13h35<\/td>\n<\/tr>\n<tr>\n<td style=\"width: 31px; text-align: center;\">17<\/td>\n<td style=\"width: 350px; text-align: center;\">\u00a0<span class=\"uppercase\">van Uden<\/span>\u00a0Casper<\/td>\n<td style=\"width: 350px; text-align: center;\">Team Picnic PostNL<\/td>\n<td style=\"width: 100px; text-align: center;\">13h36<\/td>\n<\/tr>\n<tr>\n<td style=\"width: 31px; text-align: center;\">18<\/td>\n<td style=\"width: 350px; text-align: center;\">\u00a0<span class=\"uppercase\">De Bondt<\/span>\u00a0Dries<\/td>\n<td style=\"width: 350px; text-align: center;\">Decathlon AG2R La Mondiale Team<\/td>\n<td style=\"width: 100px; text-align: center;\">13h37<\/td>\n<\/tr>\n<tr>\n<td style=\"width: 31px; text-align: center;\">19<\/td>\n<td style=\"width: 350px; text-align: center;\">\u00a0<span class=\"uppercase\">Maas<\/span>\u00a0Jan<\/td>\n<td style=\"width: 350px; text-align: center;\">Cofidis<\/td>\n<td style=\"width: 100px; text-align: center;\">13h38<\/td>\n<\/tr>\n<tr>\n<td style=\"width: 31px; text-align: center;\">20<\/td>\n<td style=\"width: 350px; text-align: center;\">\u00a0<span class=\"uppercase\">Magnier<\/span>\u00a0Paul<\/td>\n<td style=\"width: 350px; text-align: center;\">Soudal Quick-Step<\/td>\n<td style=\"width: 100px; text-align: center;\">13h39<\/td>\n<\/tr>\n<tr>\n<td style=\"width: 31px; text-align: center;\">21<\/td>\n<td style=\"width: 350px; text-align: center;\">\u00a0<span class=\"uppercase\">Edmondson<\/span>\u00a0Alex<\/td>\n<td style=\"width: 350px; text-align: center;\">Team Picnic PostNL<\/td>\n<td style=\"width: 100px; text-align: center;\">13h40<\/td>\n<\/tr>\n<tr>\n<td style=\"width: 31px; text-align: center;\">22<\/td>\n<td style=\"width: 350px; text-align: center;\">\u00a0<span class=\"uppercase\">Hayter<\/span>\u00a0Ethan<\/td>\n<td style=\"width: 350px; text-align: center;\">Soudal Quick-Step<\/td>\n<td style=\"width: 100px; text-align: center;\">13h41<\/td>\n<\/tr>\n<tr>\n<td style=\"width: 31px; text-align: center;\">23<\/td>\n<td style=\"width: 350px; text-align: center;\">\u00a0<span class=\"uppercase\">Lamperti<\/span>\u00a0Luke<\/td>\n<td style=\"width: 350px; text-align: center;\">Soudal Quick-Step<\/td>\n<td style=\"width: 100px; text-align: center;\">13h42<\/td>\n<\/tr>\n<tr>\n<td style=\"width: 31px; text-align: center;\">24<\/td>\n<td style=\"width: 350px; text-align: center;\">\u00a0<span class=\"uppercase\">Govekar<\/span>\u00a0Matev\u017e<\/td>\n<td style=\"width: 350px; text-align: center;\">Bahrain &#8211; Victorious<\/td>\n<td style=\"width: 100px; text-align: center;\">13h43<\/td>\n<\/tr>\n<tr>\n<td style=\"width: 31px; text-align: center;\">25<\/td>\n<td style=\"width: 350px; text-align: center;\">\u00a0<span class=\"uppercase\">Bennett<\/span>\u00a0Sam<\/td>\n<td style=\"width: 350px; text-align: center;\">Decathlon AG2R La Mondiale Team<\/td>\n<td style=\"width: 100px; text-align: center;\">13h44<\/td>\n<\/tr>\n<tr>\n<td style=\"width: 31px; text-align: center;\">26<\/td>\n<td style=\"width: 350px; text-align: center;\">\u00a0<span class=\"uppercase\">Mozzato<\/span>\u00a0Luca<\/td>\n<td style=\"width: 350px; text-align: center;\">Ark\u00e9a &#8211; B&amp;B Hotels<\/td>\n<td style=\"width: 100px; text-align: center;\">13h45<\/td>\n<\/tr>\n<tr>\n<td style=\"width: 31px; text-align: center;\">27<\/td>\n<td style=\"width: 350px; text-align: center;\">\u00a0<span class=\"uppercase\">Moscon<\/span>\u00a0Gianni<\/td>\n<td style=\"width: 350px; text-align: center;\">Red Bull &#8211; BORA &#8211; hansgrohe<\/td>\n<td style=\"width: 100px; text-align: center;\">13h46<\/td>\n<\/tr>\n<tr>\n<td style=\"width: 31px; text-align: center;\">28<\/td>\n<td style=\"width: 350px; text-align: center;\">\u00a0<span class=\"uppercase\">Pietrobon<\/span>\u00a0Andrea<\/td>\n<td style=\"width: 350px; text-align: center;\">Team Polti VisitMalta<\/td>\n<td style=\"width: 100px; text-align: center;\">13h47<\/td>\n<\/tr>\n<tr>\n<td style=\"width: 31px; text-align: center;\">29<\/td>\n<td style=\"width: 350px; text-align: center;\">\u00a0<span class=\"uppercase\">Heiduk<\/span>\u00a0Kim<\/td>\n<td style=\"width: 350px; text-align: center;\">INEOS Grenadiers<\/td>\n<td style=\"width: 100px; text-align: center;\">13h48<\/td>\n<\/tr>\n<tr>\n<td style=\"width: 31px; text-align: center;\">30<\/td>\n<td style=\"width: 350px; text-align: center;\">\u00a0<span class=\"uppercase\">Lonardi<\/span>\u00a0Giovanni<\/td>\n<td style=\"width: 350px; text-align: center;\">Team Polti VisitMalta<\/td>\n<td style=\"width: 100px; text-align: center;\">13h49<\/td>\n<\/tr>\n<tr>\n<td style=\"width: 31px; text-align: center;\">31<\/td>\n<td style=\"width: 350px; text-align: center;\">\u00a0<span class=\"uppercase\">Huys<\/span>\u00a0Laurens<\/td>\n<td style=\"width: 350px; text-align: center;\">Ark\u00e9a &#8211; B&amp;B Hotels<\/td>\n<td style=\"width: 100px; text-align: center;\">13h50<\/td>\n<\/tr>\n<tr>\n<td style=\"width: 31px; text-align: center;\">32<\/td>\n<td style=\"width: 350px; text-align: center;\">\u00a0<span class=\"uppercase\">\u010cern\u00fd<\/span>\u00a0Josef<\/td>\n<td style=\"width: 350px; text-align: center;\">Soudal Quick-Step<\/td>\n<td style=\"width: 100px; text-align: center;\">13h51<\/td>\n<\/tr>\n<tr>\n<td style=\"width: 31px; text-align: center;\">33<\/td>\n<td style=\"width: 350px; text-align: center;\">\u00a0<span class=\"uppercase\">Azparren<\/span>\u00a0Xabier Mikel<\/td>\n<td style=\"width: 350px; text-align: center;\">Q36.5 Pro Cycling Team<\/td>\n<td style=\"width: 100px; text-align: center;\">13h52<\/td>\n<\/tr>\n<tr>\n<td style=\"width: 31px; text-align: center;\">34<\/td>\n<td style=\"width: 350px; text-align: center;\">\u00a0<span class=\"uppercase\">Liepi\u0146\u0161<\/span>\u00a0Em\u012bls<\/td>\n<td style=\"width: 350px; text-align: center;\">Q36.5 Pro Cycling Team<\/td>\n<td style=\"width: 100px; text-align: center;\">13h53<\/td>\n<\/tr>\n<tr>\n<td style=\"width: 31px; text-align: center;\">35<\/td>\n<td style=\"width: 350px; text-align: center;\">\u00a0<span class=\"uppercase\">Gudmestad<\/span>\u00a0Tord<\/td>\n<td style=\"width: 350px; text-align: center;\">Decathlon AG2R La Mondiale Team<\/td>\n<td style=\"width: 100px; text-align: center;\">13h54<\/td>\n<\/tr>\n<tr>\n<td style=\"width: 31px; text-align: center;\">36<\/td>\n<td style=\"width: 350px; text-align: center;\">\u00a0<span class=\"uppercase\">Affini<\/span>\u00a0Edoardo<\/td>\n<td style=\"width: 350px; text-align: center;\">Team Visma | Lease a Bike<\/td>\n<td style=\"width: 100px; text-align: center;\">13h55<\/td>\n<\/tr>\n<tr>\n<td style=\"width: 31px; text-align: center;\">37<\/td>\n<td style=\"width: 350px; text-align: center;\">\u00a0<span class=\"uppercase\">Fretin<\/span>\u00a0Milan<\/td>\n<td style=\"width: 350px; text-align: center;\">Cofidis<\/td>\n<td style=\"width: 100px; text-align: center;\">13h56<\/td>\n<\/tr>\n<tr>\n<td style=\"width: 31px; text-align: center;\">38<\/td>\n<td style=\"width: 350px; text-align: center;\">\u00a0<span class=\"uppercase\">Epis<\/span>\u00a0Giosu\u00e8<\/td>\n<td style=\"width: 350px; text-align: center;\">Ark\u00e9a &#8211; B&amp;B Hotels<\/td>\n<td style=\"width: 100px; text-align: center;\">13h57<\/td>\n<\/tr>\n<tr>\n<td style=\"width: 31px; text-align: center;\">39<\/td>\n<td style=\"width: 350px; text-align: center;\">\u00a0<span class=\"uppercase\">Torres<\/span>\u00a0Albert<\/td>\n<td style=\"width: 350px; text-align: center;\">Movistar Team<\/td>\n<td style=\"width: 100px; text-align: center;\">13h58<\/td>\n<\/tr>\n<tr>\n<td style=\"width: 31px; text-align: center;\">40<\/td>\n<td style=\"width: 350px; text-align: center;\">\u00a0<span class=\"uppercase\">Aular<\/span>\u00a0Orluis<\/td>\n<td style=\"width: 350px; text-align: center;\">Movistar Team<\/td>\n<td style=\"width: 100px; text-align: center;\">13h59<\/td>\n<\/tr>\n<tr>\n<td style=\"width: 31px; text-align: center;\">41<\/td>\n<td style=\"width: 350px; text-align: center;\">\u00a0<span class=\"uppercase\">Dewulf<\/span>\u00a0Stan<\/td>\n<td style=\"width: 350px; text-align: center;\">Decathlon AG2R La Mondiale Team<\/td>\n<td style=\"width: 100px; text-align: center;\">14h00<\/td>\n<\/tr>\n<tr>\n<td style=\"width: 31px; text-align: center;\">42<\/td>\n<td style=\"width: 350px; text-align: center;\">\u00a0<span class=\"uppercase\">Bystr\u00f8m<\/span>\u00a0Sven Erik<\/td>\n<td style=\"width: 350px; text-align: center;\">Groupama &#8211; FDJ<\/td>\n<td style=\"width: 100px; text-align: center;\">14h01<\/td>\n<\/tr>\n<tr>\n<td style=\"width: 31px; text-align: center;\">43<\/td>\n<td style=\"width: 350px; text-align: center;\">\u00a0<span class=\"uppercase\">Hoole<\/span>\u00a0Daan<\/td>\n<td style=\"width: 350px; text-align: center;\">Lidl &#8211; Trek<\/td>\n<td style=\"width: 100px; text-align: center;\">14h02<\/td>\n<\/tr>\n<tr>\n<td style=\"width: 31px; text-align: center;\">44<\/td>\n<td style=\"width: 350px; text-align: center;\">\u00a0<span class=\"uppercase\">Denz<\/span>\u00a0Nico<\/td>\n<td style=\"width: 350px; text-align: center;\">Red Bull &#8211; BORA &#8211; hansgrohe<\/td>\n<td style=\"width: 100px; text-align: center;\">14h03<\/td>\n<\/tr>\n<tr>\n<td style=\"width: 31px; text-align: center;\">45<\/td>\n<td style=\"width: 350px; text-align: center;\">\u00a0<span class=\"uppercase\">Miholjevi\u0107<\/span>\u00a0Fran<\/td>\n<td style=\"width: 350px; text-align: center;\">Bahrain &#8211; Victorious<\/td>\n<td style=\"width: 100px; text-align: center;\">14h04<\/td>\n<\/tr>\n<tr>\n<td style=\"width: 31px; text-align: center;\">46<\/td>\n<td style=\"width: 350px; text-align: center;\">\u00a0<span class=\"uppercase\">Kanter<\/span>\u00a0Max<\/td>\n<td style=\"width: 350px; text-align: center;\">XDS Astana Team<\/td>\n<td style=\"width: 100px; text-align: center;\">14h05<\/td>\n<\/tr>\n<tr>\n<td style=\"width: 31px; text-align: center;\">47<\/td>\n<td style=\"width: 350px; text-align: center;\">\u00a0<span class=\"uppercase\">Clarke<\/span>\u00a0Simon<\/td>\n<td style=\"width: 350px; text-align: center;\">Israel &#8211; Premier Tech<\/td>\n<td style=\"width: 100px; text-align: center;\">14h06<\/td>\n<\/tr>\n<tr>\n<td style=\"width: 31px; text-align: center;\">48<\/td>\n<td style=\"width: 350px; text-align: center;\">\u00a0<span class=\"uppercase\">Moniquet<\/span>\u00a0Sylvain<\/td>\n<td style=\"width: 350px; text-align: center;\">Cofidis<\/td>\n<td style=\"width: 100px; text-align: center;\">14h07<\/td>\n<\/tr>\n<tr>\n<td style=\"width: 31px; text-align: center;\">49<\/td>\n<td style=\"width: 350px; text-align: center;\">\u00a0<span class=\"uppercase\">Paleni<\/span>\u00a0Enzo<\/td>\n<td style=\"width: 350px; text-align: center;\">Groupama &#8211; FDJ<\/td>\n<td style=\"width: 100px; text-align: center;\">14h08<\/td>\n<\/tr>\n<tr>\n<td style=\"width: 31px; text-align: center;\">50<\/td>\n<td style=\"width: 350px; text-align: center;\">\u00a0<span class=\"uppercase\">Perez<\/span>\u00a0Anthony<\/td>\n<td style=\"width: 350px; text-align: center;\">Cofidis<\/td>\n<td style=\"width: 100px; text-align: center;\">14h09<\/td>\n<\/tr>\n<tr>\n<td style=\"width: 31px; text-align: center;\">51<\/td>\n<td style=\"width: 350px; text-align: center;\">\u00a0<span class=\"uppercase\">Mosca<\/span>\u00a0Jacopo<\/td>\n<td style=\"width: 350px; text-align: center;\">Lidl &#8211; Trek<\/td>\n<td style=\"width: 100px; text-align: center;\">14h10<\/td>\n<\/tr>\n<tr>\n<td style=\"width: 31px; text-align: center;\">52<\/td>\n<td style=\"width: 350px; text-align: center;\">\u00a0<span class=\"uppercase\">Barrenetxea<\/span>\u00a0Jon<\/td>\n<td style=\"width: 350px; text-align: center;\">Movistar Team<\/td>\n<td style=\"width: 100px; text-align: center;\">14h11<\/td>\n<\/tr>\n<tr>\n<td style=\"width: 31px; text-align: center;\">53<\/td>\n<td style=\"width: 350px; text-align: center;\">\u00a0<span class=\"uppercase\">Colleoni<\/span>\u00a0Kevin<\/td>\n<td style=\"width: 350px; text-align: center;\">Intermarch\u00e9 &#8211; Wanty<\/td>\n<td style=\"width: 100px; text-align: center;\">14h12<\/td>\n<\/tr>\n<tr>\n<td style=\"width: 31px; text-align: center;\">54<\/td>\n<td style=\"width: 350px; text-align: center;\">\u00a0<span class=\"uppercase\">Brenner<\/span>\u00a0Marco<\/td>\n<td style=\"width: 350px; text-align: center;\">Tudor Pro Cycling Team<\/td>\n<td style=\"width: 100px; text-align: center;\">14h13<\/td>\n<\/tr>\n<tr>\n<td style=\"width: 31px; text-align: center;\">55<\/td>\n<td style=\"width: 350px; text-align: center;\">\u00a0<span class=\"uppercase\">Asgreen<\/span>\u00a0Kasper<\/td>\n<td style=\"width: 350px; text-align: center;\">EF Education &#8211; EasyPost<\/td>\n<td style=\"width: 100px; text-align: center;\">14h14<\/td>\n<\/tr>\n<tr>\n<td style=\"width: 31px; text-align: center;\">56<\/td>\n<td style=\"width: 350px; text-align: center;\">\u00a0<span class=\"uppercase\">Turner<\/span>\u00a0Ben<\/td>\n<td style=\"width: 350px; text-align: center;\">INEOS Grenadiers<\/td>\n<td style=\"width: 100px; text-align: center;\">14h15<\/td>\n<\/tr>\n<tr>\n<td style=\"width: 31px; text-align: center;\">57<\/td>\n<td style=\"width: 350px; text-align: center;\">\u00a0<span class=\"uppercase\">Schultz<\/span>\u00a0Nick<\/td>\n<td style=\"width: 350px; text-align: center;\">Israel &#8211; Premier Tech<\/td>\n<td style=\"width: 100px; text-align: center;\">14h16<\/td>\n<\/tr>\n<tr>\n<td style=\"width: 31px; text-align: center;\">58<\/td>\n<td style=\"width: 350px; text-align: center;\">\u00a0<span class=\"uppercase\">Groves<\/span>\u00a0Kaden<\/td>\n<td style=\"width: 350px; text-align: center;\">Alpecin &#8211; Deceuninck<\/td>\n<td style=\"width: 100px; text-align: center;\">14h17<\/td>\n<\/tr>\n<tr>\n<td style=\"width: 31px; text-align: center;\">59<\/td>\n<td style=\"width: 350px; text-align: center;\">\u00a0<span class=\"uppercase\">Magli<\/span>\u00a0Filippo<\/td>\n<td style=\"width: 350px; text-align: center;\">VF Group &#8211; Bardiani CSF &#8211; Faizan\u00e8<\/td>\n<td style=\"width: 100px; text-align: center;\">14h18<\/td>\n<\/tr>\n<tr>\n<td style=\"width: 31px; text-align: center;\">60<\/td>\n<td style=\"width: 350px; text-align: center;\">\u00a0<span class=\"uppercase\">Kielich<\/span>\u00a0Timo<\/td>\n<td style=\"width: 350px; text-align: center;\">Alpecin &#8211; Deceuninck<\/td>\n<td style=\"width: 100px; text-align: center;\">14h19<\/td>\n<\/tr>\n<tr>\n<td style=\"width: 31px; text-align: center;\">61<\/td>\n<td style=\"width: 350px; text-align: center;\">\u00a0<span class=\"uppercase\">Verre<\/span>\u00a0Alessandro<\/td>\n<td style=\"width: 350px; text-align: center;\">Ark\u00e9a &#8211; B&amp;B Hotels<\/td>\n<td style=\"width: 100px; text-align: center;\">14h20<\/td>\n<\/tr>\n<tr>\n<td style=\"width: 31px; text-align: center;\">62<\/td>\n<td style=\"width: 350px; text-align: center;\">\u00a0<span class=\"uppercase\">Pluimers<\/span>\u00a0Rick<\/td>\n<td style=\"width: 350px; text-align: center;\">Tudor Pro Cycling Team<\/td>\n<td style=\"width: 100px; text-align: center;\">14h21<\/td>\n<\/tr>\n<tr>\n<td style=\"width: 31px; text-align: center;\">63<\/td>\n<td style=\"width: 350px; text-align: center;\">\u00a0<span class=\"uppercase\">Milesi<\/span>\u00a0Lorenzo<\/td>\n<td style=\"width: 350px; text-align: center;\">Movistar Team<\/td>\n<td style=\"width: 100px; text-align: center;\">14h22<\/td>\n<\/tr>\n<tr>\n<td style=\"width: 31px; text-align: center;\">64<\/td>\n<td style=\"width: 350px; text-align: center;\">\u00a0<span class=\"uppercase\">Hamilton<\/span>\u00a0Lucas<\/td>\n<td style=\"width: 350px; text-align: center;\">INEOS Grenadiers<\/td>\n<td style=\"width: 100px; text-align: center;\">14h23<\/td>\n<\/tr>\n<tr>\n<td style=\"width: 31px; text-align: center;\">65<\/td>\n<td style=\"width: 350px; text-align: center;\">\u00a0<span class=\"uppercase\">van Baarle<\/span>\u00a0Dylan<\/td>\n<td style=\"width: 350px; text-align: center;\">Team Visma | Lease a Bike<\/td>\n<td style=\"width: 100px; text-align: center;\">14h24<\/td>\n<\/tr>\n<tr>\n<td style=\"width: 31px; text-align: center;\">66<\/td>\n<td style=\"width: 350px; text-align: center;\">\u00a0<span class=\"uppercase\">Doull<\/span>\u00a0Owain<\/td>\n<td style=\"width: 350px; text-align: center;\">EF Education &#8211; EasyPost<\/td>\n<td style=\"width: 100px; text-align: center;\">14h25<\/td>\n<\/tr>\n<tr>\n<td style=\"width: 31px; text-align: center;\">67<\/td>\n<td style=\"width: 350px; text-align: center;\">\u00a0<span class=\"uppercase\">Guglielmi<\/span>\u00a0Simon<\/td>\n<td style=\"width: 350px; text-align: center;\">Ark\u00e9a &#8211; B&amp;B Hotels<\/td>\n<td style=\"width: 100px; text-align: center;\">14h26<\/td>\n<\/tr>\n<tr>\n<td style=\"width: 31px; text-align: center;\">68<\/td>\n<td style=\"width: 350px; text-align: center;\">\u00a0<span class=\"uppercase\">Steinhauser<\/span>\u00a0Georg<\/td>\n<td style=\"width: 350px; text-align: center;\">EF Education &#8211; EasyPost<\/td>\n<td style=\"width: 100px; text-align: center;\">14h27<\/td>\n<\/tr>\n<tr>\n<td style=\"width: 31px; text-align: center;\">69<\/td>\n<td style=\"width: 350px; text-align: center;\">\u00a0<span class=\"uppercase\">Plapp<\/span>\u00a0Luke<\/td>\n<td style=\"width: 350px; text-align: center;\">Team Jayco AlUla<\/td>\n<td style=\"width: 100px; text-align: center;\">14h28<\/td>\n<\/tr>\n<tr>\n<td style=\"width: 31px; text-align: center;\">70<\/td>\n<td style=\"width: 350px; text-align: center;\">\u00a0<span class=\"uppercase\">Maestri<\/span>\u00a0Mirco<\/td>\n<td style=\"width: 350px; text-align: center;\">Team Polti VisitMalta<\/td>\n<td style=\"width: 100px; text-align: center;\">14h29<\/td>\n<\/tr>\n<tr>\n<td style=\"width: 31px; text-align: center;\">71<\/td>\n<td style=\"width: 350px; text-align: center;\">\u00a0<span class=\"uppercase\">Planckaert<\/span>\u00a0Edward<\/td>\n<td style=\"width: 350px; text-align: center;\">Alpecin &#8211; Deceuninck<\/td>\n<td style=\"width: 100px; text-align: center;\">14h30<\/td>\n<\/tr>\n<tr>\n<td style=\"width: 31px; text-align: center;\">72<\/td>\n<td style=\"width: 350px; text-align: center;\">\u00a0<span class=\"uppercase\">Baroncini<\/span>\u00a0Filippo<\/td>\n<td style=\"width: 350px; text-align: center;\">UAE Team Emirates &#8211; XRG<\/td>\n<td style=\"width: 100px; text-align: center;\">14h31<\/td>\n<\/tr>\n<tr>\n<td style=\"width: 31px; text-align: center;\">73<\/td>\n<td style=\"width: 350px; text-align: center;\">\u00a0<span class=\"uppercase\">Busatto<\/span>\u00a0Francesco<\/td>\n<td style=\"width: 350px; text-align: center;\">Intermarch\u00e9 &#8211; Wanty<\/td>\n<td style=\"width: 100px; text-align: center;\">14h32<\/td>\n<\/tr>\n<tr>\n<td style=\"width: 31px; text-align: center;\">74<\/td>\n<td style=\"width: 350px; text-align: center;\">\u00a0<span class=\"uppercase\">Double<\/span>\u00a0Paul<\/td>\n<td style=\"width: 350px; text-align: center;\">Team Jayco AlUla<\/td>\n<td style=\"width: 100px; text-align: center;\">14h33<\/td>\n<\/tr>\n<tr>\n<td style=\"width: 31px; text-align: center;\">75<\/td>\n<td style=\"width: 350px; text-align: center;\">\u00a0<span class=\"uppercase\">van Aert<\/span>\u00a0Wout<\/td>\n<td style=\"width: 350px; text-align: center;\">Team Visma | Lease a Bike<\/td>\n<td style=\"width: 100px; text-align: center;\">14h34<\/td>\n<\/tr>\n<tr>\n<td style=\"width: 31px; text-align: center;\">76<\/td>\n<td style=\"width: 350px; text-align: center;\">\u00a0<span class=\"uppercase\">Honor\u00e9<\/span>\u00a0Mikkel Fr\u00f8lich<\/td>\n<td style=\"width: 350px; text-align: center;\">EF Education &#8211; EasyPost<\/td>\n<td style=\"width: 100px; text-align: center;\">14h35<\/td>\n<\/tr>\n<tr>\n<td style=\"width: 31px; text-align: center;\">77<\/td>\n<td style=\"width: 350px; text-align: center;\">\u00a0<span class=\"uppercase\">Tarling<\/span>\u00a0Joshua<\/td>\n<td style=\"width: 350px; text-align: center;\">INEOS Grenadiers<\/td>\n<td style=\"width: 100px; text-align: center;\">14h36<\/td>\n<\/tr>\n<tr>\n<td style=\"width: 31px; text-align: center;\">78<\/td>\n<td style=\"width: 350px; text-align: center;\">\u00a0<span class=\"uppercase\">Vine<\/span>\u00a0Jay<\/td>\n<td style=\"width: 350px; text-align: center;\">UAE Team Emirates &#8211; XRG<\/td>\n<td style=\"width: 100px; text-align: center;\">14h37<\/td>\n<\/tr>\n<tr>\n<td style=\"width: 31px; text-align: center;\">79<\/td>\n<td style=\"width: 350px; text-align: center;\">\u00a0<span class=\"uppercase\">Bais<\/span>\u00a0Davide<\/td>\n<td style=\"width: 350px; text-align: center;\">Team Polti VisitMalta<\/td>\n<td style=\"width: 100px; text-align: center;\">14h38<\/td>\n<\/tr>\n<tr>\n<td style=\"width: 31px; text-align: center;\">80<\/td>\n<td style=\"width: 350px; text-align: center;\">\u00a0<span class=\"uppercase\">Eul\u00e1lio<\/span>\u00a0Afonso<\/td>\n<td style=\"width: 350px; text-align: center;\">Bahrain &#8211; Victorious<\/td>\n<td style=\"width: 100px; text-align: center;\">14h39<\/td>\n<\/tr>\n<tr>\n<td style=\"width: 31px; text-align: center;\">81<\/td>\n<td style=\"width: 350px; text-align: center;\">\u00a0<span class=\"uppercase\">Fiorelli<\/span>\u00a0Filippo<\/td>\n<td style=\"width: 350px; text-align: center;\">VF Group &#8211; Bardiani CSF &#8211; Faizan\u00e8<\/td>\n<td style=\"width: 100px; text-align: center;\">14h40<\/td>\n<\/tr>\n<tr>\n<td style=\"width: 31px; text-align: center;\">82<\/td>\n<td style=\"width: 350px; text-align: center;\">\u00a0<span class=\"uppercase\">Tratnik<\/span>\u00a0Jan<\/td>\n<td style=\"width: 350px; text-align: center;\">Red Bull &#8211; BORA &#8211; hansgrohe<\/td>\n<td style=\"width: 100px; text-align: center;\">14h41<\/td>\n<\/tr>\n<tr>\n<td style=\"width: 31px; text-align: center;\">83<\/td>\n<td style=\"width: 350px; text-align: center;\">\u00a0<span class=\"uppercase\">Leemreize<\/span>\u00a0Gijs<\/td>\n<td style=\"width: 350px; text-align: center;\">Team Picnic PostNL<\/td>\n<td style=\"width: 100px; text-align: center;\">14h42<\/td>\n<\/tr>\n<tr>\n<td style=\"width: 31px; text-align: center;\">84<\/td>\n<td style=\"width: 350px; text-align: center;\">\u00a0<span class=\"uppercase\">Pedersen<\/span>\u00a0Mads<\/td>\n<td style=\"width: 350px; text-align: center;\">Lidl &#8211; Trek<\/td>\n<td style=\"width: 100px; text-align: center;\">14h43<\/td>\n<\/tr>\n<tr>\n<td style=\"width: 31px; text-align: center;\">85<\/td>\n<td style=\"width: 350px; text-align: center;\">\u00a0<span class=\"uppercase\">Godon<\/span>\u00a0Dorian<\/td>\n<td style=\"width: 350px; text-align: center;\">Decathlon AG2R La Mondiale Team<\/td>\n<td style=\"width: 100px; text-align: center;\">14h44<\/td>\n<\/tr>\n<tr>\n<td style=\"width: 31px; text-align: center;\">86<\/td>\n<td style=\"width: 350px; text-align: center;\">\u00a0<span class=\"uppercase\">Scaroni<\/span>\u00a0Christian<\/td>\n<td style=\"width: 350px; text-align: center;\">XDS Astana Team<\/td>\n<td style=\"width: 100px; text-align: center;\">14h45<\/td>\n<\/tr>\n<tr>\n<td style=\"width: 31px; text-align: center;\">87<\/td>\n<td style=\"width: 350px; text-align: center;\">\u00a0<span class=\"uppercase\">Rafferty<\/span>\u00a0Darren<\/td>\n<td style=\"width: 350px; text-align: center;\">EF Education &#8211; EasyPost<\/td>\n<td style=\"width: 100px; text-align: center;\">14h46<\/td>\n<\/tr>\n<tr>\n<td style=\"width: 31px; text-align: center;\">88<\/td>\n<td style=\"width: 350px; text-align: center;\">\u00a0<span class=\"uppercase\">Houle<\/span>\u00a0Hugo<\/td>\n<td style=\"width: 350px; text-align: center;\">Israel &#8211; Premier Tech<\/td>\n<td style=\"width: 100px; text-align: center;\">14h47<\/td>\n<\/tr>\n<tr>\n<td style=\"width: 31px; text-align: center;\">89<\/td>\n<td style=\"width: 350px; text-align: center;\">\u00a0<span class=\"uppercase\">De Pretto<\/span>\u00a0Davide<\/td>\n<td style=\"width: 350px; text-align: center;\">Team Jayco AlUla<\/td>\n<td style=\"width: 100px; text-align: center;\">14h48<\/td>\n<\/tr>\n<tr>\n<td style=\"width: 31px; text-align: center;\">90<\/td>\n<td style=\"width: 350px; text-align: center;\">\u00a0<span class=\"uppercase\">Lemmen<\/span>\u00a0Bart<\/td>\n<td style=\"width: 350px; text-align: center;\">Team Visma | Lease a Bike<\/td>\n<td style=\"width: 100px; text-align: center;\">14h49<\/td>\n<\/tr>\n<tr>\n<td style=\"width: 31px; text-align: center;\">91<\/td>\n<td style=\"width: 350px; text-align: center;\">\u00a0<span class=\"uppercase\">Vader<\/span>\u00a0Milan<\/td>\n<td style=\"width: 350px; text-align: center;\">Q36.5 Pro Cycling Team<\/td>\n<td style=\"width: 100px; text-align: center;\">14h50<\/td>\n<\/tr>\n<tr>\n<td style=\"width: 31px; text-align: center;\">92<\/td>\n<td style=\"width: 350px; text-align: center;\">\u00a0<span class=\"uppercase\">Petilli<\/span>\u00a0Simone<\/td>\n<td style=\"width: 350px; text-align: center;\">Intermarch\u00e9 &#8211; Wanty<\/td>\n<td style=\"width: 100px; text-align: center;\">14h51<\/td>\n<\/tr>\n<tr>\n<td style=\"width: 31px; text-align: center;\">93<\/td>\n<td style=\"width: 350px; text-align: center;\">\u00a0<span class=\"uppercase\">Van den Bossche<\/span>\u00a0Fabio<\/td>\n<td style=\"width: 350px; text-align: center;\">Alpecin &#8211; Deceuninck<\/td>\n<td style=\"width: 100px; text-align: center;\">14h52<\/td>\n<\/tr>\n<tr>\n<td style=\"width: 31px; text-align: center;\">94<\/td>\n<td style=\"width: 350px; text-align: center;\">\u00a0<span class=\"uppercase\">Martinelli<\/span>\u00a0Alessio<\/td>\n<td style=\"width: 350px; text-align: center;\">VF Group &#8211; Bardiani CSF &#8211; Faizan\u00e8<\/td>\n<td style=\"width: 100px; text-align: center;\">14h53<\/td>\n<\/tr>\n<tr>\n<td style=\"width: 31px; text-align: center;\">95<\/td>\n<td style=\"width: 350px; text-align: center;\">\u00a0<span class=\"uppercase\">Tarozzi<\/span>\u00a0Manuele<\/td>\n<td style=\"width: 350px; text-align: center;\">VF Group &#8211; Bardiani CSF &#8211; Faizan\u00e8<\/td>\n<td style=\"width: 100px; text-align: center;\">14h54<\/td>\n<\/tr>\n<tr>\n<td style=\"width: 31px; text-align: center;\">96<\/td>\n<td style=\"width: 350px; text-align: center;\">\u00a0<span class=\"uppercase\">Bais<\/span>\u00a0Mattia<\/td>\n<td style=\"width: 350px; text-align: center;\">Team Polti VisitMalta<\/td>\n<td style=\"width: 100px; text-align: center;\">14h55<\/td>\n<\/tr>\n<tr>\n<td style=\"width: 31px; text-align: center;\">97<\/td>\n<td style=\"width: 350px; text-align: center;\">\u00a0<span class=\"uppercase\">Oldani<\/span>\u00a0Stefano<\/td>\n<td style=\"width: 350px; text-align: center;\">Cofidis<\/td>\n<td style=\"width: 100px; text-align: center;\">14h56<\/td>\n<\/tr>\n<tr>\n<td style=\"width: 31px; text-align: center;\">98<\/td>\n<td style=\"width: 350px; text-align: center;\">\u00a0<span class=\"uppercase\">Verona<\/span>\u00a0Carlos<\/td>\n<td style=\"width: 350px; text-align: center;\">Lidl &#8211; Trek<\/td>\n<td style=\"width: 100px; text-align: center;\">14h57<\/td>\n<\/tr>\n<tr>\n<td style=\"width: 31px; text-align: center;\">99<\/td>\n<td style=\"width: 350px; text-align: center;\">\u00a0<span class=\"uppercase\">Castroviejo<\/span>\u00a0Jonathan<\/td>\n<td style=\"width: 350px; text-align: center;\">INEOS Grenadiers<\/td>\n<td style=\"width: 100px; text-align: center;\">14h58<\/td>\n<\/tr>\n<tr>\n<td style=\"width: 31px; text-align: center;\">100<\/td>\n<td style=\"width: 350px; text-align: center;\">\u00a0<span class=\"uppercase\">Pacher<\/span>\u00a0Quentin<\/td>\n<td style=\"width: 350px; text-align: center;\">Groupama &#8211; FDJ<\/td>\n<td style=\"width: 100px; text-align: center;\">14h59<\/td>\n<\/tr>\n<tr>\n<td style=\"width: 31px; text-align: center;\">101<\/td>\n<td style=\"width: 350px; text-align: center;\">\u00a0<span class=\"uppercase\">Aleotti<\/span>\u00a0Giovanni<\/td>\n<td style=\"width: 350px; text-align: center;\">Red Bull &#8211; BORA &#8211; hansgrohe<\/td>\n<td style=\"width: 100px; text-align: center;\">15h00<\/td>\n<\/tr>\n<tr>\n<td style=\"width: 31px; text-align: center;\">102<\/td>\n<td style=\"width: 350px; text-align: center;\">\u00a0<span class=\"uppercase\">Engelhardt<\/span>\u00a0Felix<\/td>\n<td style=\"width: 350px; text-align: center;\">Team Jayco AlUla<\/td>\n<td style=\"width: 100px; text-align: center;\">15h01<\/td>\n<\/tr>\n<tr>\n<td style=\"width: 31px; text-align: center;\">103<\/td>\n<td style=\"width: 350px; text-align: center;\">\u00a0<span class=\"uppercase\">Hermans<\/span>\u00a0Quinten<\/td>\n<td style=\"width: 350px; text-align: center;\">Alpecin &#8211; Deceuninck<\/td>\n<td style=\"width: 100px; text-align: center;\">15h02<\/td>\n<\/tr>\n<tr>\n<td style=\"width: 31px; text-align: center;\">104<\/td>\n<td style=\"width: 350px; text-align: center;\">\u00a0<span class=\"uppercase\">Marcellusi<\/span>\u00a0Martin<\/td>\n<td style=\"width: 350px; text-align: center;\">VF Group &#8211; Bardiani CSF &#8211; Faizan\u00e8<\/td>\n<td style=\"width: 100px; text-align: center;\">15h03<\/td>\n<\/tr>\n<tr>\n<td style=\"width: 31px; text-align: center;\">105<\/td>\n<td style=\"width: 350px; text-align: center;\">\u00a0<span class=\"uppercase\">Strong<\/span>\u00a0Corbin<\/td>\n<td style=\"width: 350px; text-align: center;\">Israel &#8211; Premier Tech<\/td>\n<td style=\"width: 100px; text-align: center;\">15h04<\/td>\n<\/tr>\n<tr>\n<td style=\"width: 31px; text-align: center;\">106<\/td>\n<td style=\"width: 350px; text-align: center;\">\u00a0<span class=\"uppercase\">Germani<\/span>\u00a0Lorenzo<\/td>\n<td style=\"width: 350px; text-align: center;\">Groupama &#8211; FDJ<\/td>\n<td style=\"width: 100px; text-align: center;\">15h05<\/td>\n<\/tr>\n<tr>\n<td style=\"width: 31px; text-align: center;\">107<\/td>\n<td style=\"width: 350px; text-align: center;\">\u00a0<span class=\"uppercase\">Garofoli<\/span>\u00a0Gianmarco<\/td>\n<td style=\"width: 350px; text-align: center;\">Soudal Quick-Step<\/td>\n<td style=\"width: 100px; text-align: center;\">15h06<\/td>\n<\/tr>\n<tr>\n<td style=\"width: 31px; text-align: center;\">108<\/td>\n<td style=\"width: 350px; text-align: center;\">\u00a0<span class=\"uppercase\">Fuglsang<\/span>\u00a0Jakob<\/td>\n<td style=\"width: 350px; text-align: center;\">Israel &#8211; Premier Tech<\/td>\n<td style=\"width: 100px; text-align: center;\">15h07<\/td>\n<\/tr>\n<tr>\n<td style=\"width: 31px; text-align: center;\">109<\/td>\n<td style=\"width: 350px; text-align: center;\">\u00a0<span class=\"uppercase\">Mart\u00ednez<\/span>\u00a0Daniel Felipe<\/td>\n<td style=\"width: 350px; text-align: center;\">Red Bull &#8211; BORA &#8211; hansgrohe<\/td>\n<td style=\"width: 100px; text-align: center;\">15h08<\/td>\n<\/tr>\n<tr>\n<td style=\"width: 31px; text-align: center;\">110<\/td>\n<td style=\"width: 350px; text-align: center;\">\u00a0<span class=\"uppercase\">Kruijswijk<\/span>\u00a0Steven<\/td>\n<td style=\"width: 350px; text-align: center;\">Team Visma | Lease a Bike<\/td>\n<td style=\"width: 100px; text-align: center;\">15h09<\/td>\n<\/tr>\n<tr>\n<td style=\"width: 31px; text-align: center;\">111<\/td>\n<td style=\"width: 350px; text-align: center;\">\u00a0<span class=\"uppercase\">Tonelli<\/span>\u00a0Alessandro<\/td>\n<td style=\"width: 350px; text-align: center;\">Team Polti VisitMalta<\/td>\n<td style=\"width: 100px; text-align: center;\">15h10<\/td>\n<\/tr>\n<tr>\n<td style=\"width: 31px; text-align: center;\">112<\/td>\n<td style=\"width: 350px; text-align: center;\">\u00a0<span class=\"uppercase\">Warbasse<\/span>\u00a0Larry<\/td>\n<td style=\"width: 350px; text-align: center;\">Tudor Pro Cycling Team<\/td>\n<td style=\"width: 100px; text-align: center;\">15h11<\/td>\n<\/tr>\n<tr>\n<td style=\"width: 31px; text-align: center;\">113<\/td>\n<td style=\"width: 350px; text-align: center;\">\u00a0<span class=\"uppercase\">Formolo<\/span>\u00a0Davide<\/td>\n<td style=\"width: 350px; text-align: center;\">Movistar Team<\/td>\n<td style=\"width: 100px; text-align: center;\">15h12<\/td>\n<\/tr>\n<tr>\n<td style=\"width: 31px; text-align: center;\">114<\/td>\n<td style=\"width: 350px; text-align: center;\">\u00a0<span class=\"uppercase\">Masnada<\/span>\u00a0Fausto<\/td>\n<td style=\"width: 350px; text-align: center;\">XDS Astana Team<\/td>\n<td style=\"width: 100px; text-align: center;\">15h13<\/td>\n<\/tr>\n<tr>\n<td style=\"width: 31px; text-align: center;\">115<\/td>\n<td style=\"width: 350px; text-align: center;\">\u00a0<span class=\"uppercase\">Bilbao<\/span>\u00a0Pello<\/td>\n<td style=\"width: 350px; text-align: center;\">Bahrain &#8211; Victorious<\/td>\n<td style=\"width: 100px; text-align: center;\">15h14<\/td>\n<\/tr>\n<tr>\n<td style=\"width: 31px; text-align: center;\">116<\/td>\n<td style=\"width: 350px; text-align: center;\">\u00a0<span class=\"uppercase\">Zana<\/span>\u00a0Filippo<\/td>\n<td style=\"width: 350px; text-align: center;\">Team Jayco AlUla<\/td>\n<td style=\"width: 100px; text-align: center;\">15h15<\/td>\n<\/tr>\n<tr>\n<td style=\"width: 31px; text-align: center;\">117<\/td>\n<td style=\"width: 350px; text-align: center;\">\u00a0<span class=\"uppercase\">Lastra<\/span>\u00a0Jonathan<\/td>\n<td style=\"width: 350px; text-align: center;\">Cofidis<\/td>\n<td style=\"width: 100px; text-align: center;\">15h16<\/td>\n<\/tr>\n<tr>\n<td style=\"width: 31px; text-align: center;\">118<\/td>\n<td style=\"width: 350px; text-align: center;\">\u00a0<span class=\"uppercase\">Howson<\/span>\u00a0Damien<\/td>\n<td style=\"width: 350px; text-align: center;\">Q36.5 Pro Cycling Team<\/td>\n<td style=\"width: 100px; text-align: center;\">15h17<\/td>\n<\/tr>\n<tr>\n<td style=\"width: 31px; text-align: center;\">119<\/td>\n<td style=\"width: 350px; text-align: center;\">\u00a0<span class=\"uppercase\">Samitier<\/span>\u00a0Sergio<\/td>\n<td style=\"width: 350px; text-align: center;\">Cofidis<\/td>\n<td style=\"width: 100px; text-align: center;\">15h18<\/td>\n<\/tr>\n<tr>\n<td style=\"width: 31px; text-align: center;\">120<\/td>\n<td style=\"width: 350px; text-align: center;\">\u00a0<span class=\"uppercase\">Bardet<\/span>\u00a0Romain<\/td>\n<td style=\"width: 350px; text-align: center;\">Team Picnic PostNL<\/td>\n<td style=\"width: 100px; text-align: center;\">15h19<\/td>\n<\/tr>\n<tr>\n<td style=\"width: 31px; text-align: center;\">121<\/td>\n<td style=\"width: 350px; text-align: center;\">\u00a0<span class=\"uppercase\">Donovan<\/span>\u00a0Mark<\/td>\n<td style=\"width: 350px; text-align: center;\">Q36.5 Pro Cycling Team<\/td>\n<td style=\"width: 100px; text-align: center;\">15h20<\/td>\n<\/tr>\n<tr>\n<td style=\"width: 31px; text-align: center;\">122<\/td>\n<td style=\"width: 350px; text-align: center;\">\u00a0<span class=\"uppercase\">Kelderman<\/span>\u00a0Wilco<\/td>\n<td style=\"width: 350px; text-align: center;\">Team Visma | Lease a Bike<\/td>\n<td style=\"width: 100px; text-align: center;\">15h21<\/td>\n<\/tr>\n<tr>\n<td style=\"width: 31px; text-align: center;\">123<\/td>\n<td style=\"width: 350px; text-align: center;\">\u00a0<span class=\"uppercase\">Rochas<\/span>\u00a0R\u00e9my<\/td>\n<td style=\"width: 350px; text-align: center;\">Groupama &#8211; FDJ<\/td>\n<td style=\"width: 100px; text-align: center;\">15h22<\/td>\n<\/tr>\n<tr>\n<td style=\"width: 31px; text-align: center;\">124<\/td>\n<td style=\"width: 350px; text-align: center;\">\u00a0<span class=\"uppercase\">Konrad<\/span>\u00a0Patrick<\/td>\n<td style=\"width: 350px; text-align: center;\">Lidl &#8211; Trek<\/td>\n<td style=\"width: 100px; text-align: center;\">15h23<\/td>\n<\/tr>\n<tr>\n<td style=\"width: 31px; text-align: center;\">125<\/td>\n<td style=\"width: 350px; text-align: center;\">\u00a0<span class=\"uppercase\">Cepeda<\/span>\u00a0Jefferson Alveiro<\/td>\n<td style=\"width: 350px; text-align: center;\">Movistar Team<\/td>\n<td style=\"width: 100px; text-align: center;\">15h24<\/td>\n<\/tr>\n<tr>\n<td style=\"width: 31px; text-align: center;\">126<\/td>\n<td style=\"width: 350px; text-align: center;\">\u00a0<span class=\"uppercase\">Voisard<\/span>\u00a0Yannis<\/td>\n<td style=\"width: 350px; text-align: center;\">Tudor Pro Cycling Team<\/td>\n<td style=\"width: 100px; text-align: center;\">15h25<\/td>\n<\/tr>\n<tr>\n<td style=\"width: 31px; text-align: center;\">127<\/td>\n<td style=\"width: 350px; text-align: center;\">\u00a0<span class=\"uppercase\">Conci<\/span>\u00a0Nicola<\/td>\n<td style=\"width: 350px; text-align: center;\">XDS Astana Team<\/td>\n<td style=\"width: 100px; text-align: center;\">15h26<\/td>\n<\/tr>\n<tr>\n<td style=\"width: 31px; text-align: center;\">128<\/td>\n<td style=\"width: 350px; text-align: center;\">\u00a0<span class=\"uppercase\">Hamilton<\/span>\u00a0Chris<\/td>\n<td style=\"width: 350px; text-align: center;\">Team Picnic PostNL<\/td>\n<td style=\"width: 100px; text-align: center;\">15h27<\/td>\n<\/tr>\n<tr>\n<td style=\"width: 31px; text-align: center;\">129<\/td>\n<td style=\"width: 350px; text-align: center;\">\u00a0<span class=\"uppercase\">Covili<\/span>\u00a0Luca<\/td>\n<td style=\"width: 350px; text-align: center;\">VF Group &#8211; Bardiani CSF &#8211; Faizan\u00e8<\/td>\n<td style=\"width: 100px; text-align: center;\">15h28<\/td>\n<\/tr>\n<tr>\n<td style=\"width: 31px; text-align: center;\">130<\/td>\n<td style=\"width: 350px; text-align: center;\">\u00a0<span class=\"uppercase\">Cepeda<\/span>\u00a0Jefferson Alexander<\/td>\n<td style=\"width: 350px; text-align: center;\">EF Education &#8211; EasyPost<\/td>\n<td style=\"width: 100px; text-align: center;\">15h29<\/td>\n<\/tr>\n<tr>\n<td style=\"width: 31px; text-align: center;\">131<\/td>\n<td style=\"width: 350px; text-align: center;\">\u00a0<span class=\"uppercase\">Rivera<\/span>\u00a0Brandon Smith<\/td>\n<td style=\"width: 350px; text-align: center;\">INEOS Grenadiers<\/td>\n<td style=\"width: 100px; text-align: center;\">15h30<\/td>\n<\/tr>\n<tr>\n<td style=\"width: 31px; text-align: center;\">132<\/td>\n<td style=\"width: 350px; text-align: center;\">\u00a0<span class=\"uppercase\">Shaw<\/span>\u00a0James<\/td>\n<td style=\"width: 350px; text-align: center;\">EF Education &#8211; EasyPost<\/td>\n<td style=\"width: 100px; text-align: center;\">15h31<\/td>\n<\/tr>\n<tr>\n<td style=\"width: 31px; text-align: center;\">133<\/td>\n<td style=\"width: 350px; text-align: center;\">\u00a0<span class=\"uppercase\">Arrieta<\/span>\u00a0Igor<\/td>\n<td style=\"width: 350px; text-align: center;\">UAE Team Emirates &#8211; XRG<\/td>\n<td style=\"width: 100px; text-align: center;\">15h32<\/td>\n<\/tr>\n<tr>\n<td style=\"width: 31px; text-align: center;\">134<\/td>\n<td style=\"width: 350px; text-align: center;\">\u00a0<span class=\"uppercase\">Frigo<\/span>\u00a0Marco<\/td>\n<td style=\"width: 350px; text-align: center;\">Israel &#8211; Premier Tech<\/td>\n<td style=\"width: 100px; text-align: center;\">15h33<\/td>\n<\/tr>\n<tr>\n<td style=\"width: 31px; text-align: center;\">135<\/td>\n<td style=\"width: 350px; text-align: center;\">\u00a0<span class=\"uppercase\">Poels<\/span>\u00a0Wout<\/td>\n<td style=\"width: 350px; text-align: center;\">XDS Astana Team<\/td>\n<td style=\"width: 100px; text-align: center;\">15h34<\/td>\n<\/tr>\n<tr>\n<td style=\"width: 31px; text-align: center;\">136<\/td>\n<td style=\"width: 350px; text-align: center;\">\u00a0<span class=\"uppercase\">Cattaneo<\/span>\u00a0Mattia<\/td>\n<td style=\"width: 350px; text-align: center;\">Soudal Quick-Step<\/td>\n<td style=\"width: 100px; text-align: center;\">15h35<\/td>\n<\/tr>\n<tr>\n<td style=\"width: 31px; text-align: center;\">137<\/td>\n<td style=\"width: 350px; text-align: center;\">\u00a0<span class=\"uppercase\">Vendrame<\/span>\u00a0Andrea<\/td>\n<td style=\"width: 350px; text-align: center;\">Decathlon AG2R La Mondiale Team<\/td>\n<td style=\"width: 100px; text-align: center;\">15h36<\/td>\n<\/tr>\n<tr>\n<td style=\"width: 31px; text-align: center;\">138<\/td>\n<td style=\"width: 350px; text-align: center;\">\u00a0<span class=\"uppercase\">Stork<\/span>\u00a0Florian<\/td>\n<td style=\"width: 350px; text-align: center;\">Tudor Pro Cycling Team<\/td>\n<td style=\"width: 100px; text-align: center;\">15h37<\/td>\n<\/tr>\n<tr>\n<td style=\"width: 31px; text-align: center;\">139<\/td>\n<td style=\"width: 350px; text-align: center;\">\u00a0<span class=\"uppercase\">Zambanini<\/span>\u00a0Edoardo<\/td>\n<td style=\"width: 350px; text-align: center;\">Bahrain &#8211; Victorious<\/td>\n<td style=\"width: 100px; text-align: center;\">15h38<\/td>\n<\/tr>\n<tr>\n<td style=\"width: 31px; text-align: center;\">140<\/td>\n<td style=\"width: 350px; text-align: center;\">\u00a0<span class=\"uppercase\">Svestad-B\u00e5rdseng<\/span>\u00a0Embret<\/td>\n<td style=\"width: 350px; text-align: center;\">Ark\u00e9a &#8211; B&amp;B Hotels<\/td>\n<td style=\"width: 100px; text-align: center;\">15h39<\/td>\n<\/tr>\n<tr>\n<td style=\"width: 31px; text-align: center;\">141<\/td>\n<td style=\"width: 350px; text-align: center;\">\u00a0<span class=\"uppercase\">Tj\u00f8tta<\/span>\u00a0Martin<\/td>\n<td style=\"width: 350px; text-align: center;\">Ark\u00e9a &#8211; B&amp;B Hotels<\/td>\n<td style=\"width: 100px; text-align: center;\">15h40<\/td>\n<\/tr>\n<tr>\n<td style=\"width: 31px; text-align: center;\">142<\/td>\n<td style=\"width: 350px; text-align: center;\">\u00a0<span class=\"uppercase\">Geniets<\/span>\u00a0Kevin<\/td>\n<td style=\"width: 350px; text-align: center;\">Groupama &#8211; FDJ<\/td>\n<td style=\"width: 100px; text-align: center;\">15h41<\/td>\n<\/tr>\n<tr>\n<td style=\"width: 31px; text-align: center;\">143<\/td>\n<td style=\"width: 350px; text-align: center;\">\u00a0<span class=\"uppercase\">Meintjes<\/span>\u00a0Louis<\/td>\n<td style=\"width: 350px; text-align: center;\">Intermarch\u00e9 &#8211; Wanty<\/td>\n<td style=\"width: 100px; text-align: center;\">15h42<\/td>\n<\/tr>\n<tr>\n<td style=\"width: 31px; text-align: center;\">144<\/td>\n<td style=\"width: 350px; text-align: center;\">\u00a0<span class=\"uppercase\">Majka<\/span>\u00a0Rafa\u0142<\/td>\n<td style=\"width: 350px; text-align: center;\">UAE Team Emirates &#8211; XRG<\/td>\n<td style=\"width: 100px; text-align: center;\">15h43<\/td>\n<\/tr>\n<tr>\n<td style=\"width: 31px; text-align: center;\">145<\/td>\n<td style=\"width: 350px; text-align: center;\">\u00a0<span class=\"uppercase\">Quintana<\/span>\u00a0Nairo<\/td>\n<td style=\"width: 350px; text-align: center;\">Movistar Team<\/td>\n<td style=\"width: 100px; text-align: center;\">15h44<\/td>\n<\/tr>\n<tr>\n<td style=\"width: 31px; text-align: center;\">146<\/td>\n<td style=\"width: 350px; text-align: center;\">\u00a0<span class=\"uppercase\">Gaudu<\/span>\u00a0David<\/td>\n<td style=\"width: 350px; text-align: center;\">Groupama &#8211; FDJ<\/td>\n<td style=\"width: 100px; text-align: center;\">15h45<\/td>\n<\/tr>\n<tr>\n<td style=\"width: 31px; text-align: center;\">147<\/td>\n<td style=\"width: 350px; text-align: center;\">\u00a0<span class=\"uppercase\">Knox<\/span>\u00a0James<\/td>\n<td style=\"width: 350px; text-align: center;\">Soudal Quick-Step<\/td>\n<td style=\"width: 100px; text-align: center;\">15h46<\/td>\n<\/tr>\n<tr>\n<td style=\"width: 31px; text-align: center;\">148<\/td>\n<td style=\"width: 350px; text-align: center;\">\u00a0<span class=\"uppercase\">Prodhomme<\/span>\u00a0Nicolas<\/td>\n<td style=\"width: 350px; text-align: center;\">Decathlon AG2R La Mondiale Team<\/td>\n<td style=\"width: 100px; text-align: center;\">15h47<\/td>\n<\/tr>\n<tr>\n<td style=\"width: 31px; text-align: center;\">149<\/td>\n<td style=\"width: 350px; text-align: center;\">\u00a0<span class=\"uppercase\">Poole<\/span>\u00a0Max<\/td>\n<td style=\"width: 350px; text-align: center;\">Team Picnic PostNL<\/td>\n<td style=\"width: 100px; text-align: center;\">15h48<\/td>\n<\/tr>\n<tr>\n<td style=\"width: 31px; text-align: center;\">150<\/td>\n<td style=\"width: 350px; text-align: center;\">\u00a0<span class=\"uppercase\">Fortunato<\/span>\u00a0Lorenzo<\/td>\n<td style=\"width: 350px; text-align: center;\">XDS Astana Team<\/td>\n<td style=\"width: 100px; text-align: center;\">15h49<\/td>\n<\/tr>\n<tr>\n<td style=\"width: 31px; text-align: center;\">151<\/td>\n<td style=\"width: 350px; text-align: center;\">\u00a0<span class=\"uppercase\">Ulissi<\/span>\u00a0Diego<\/td>\n<td style=\"width: 350px; text-align: center;\">XDS Astana Team<\/td>\n<td style=\"width: 100px; text-align: center;\">15h50<\/td>\n<\/tr>\n<tr>\n<td style=\"width: 31px; text-align: center;\">152<\/td>\n<td style=\"width: 350px; text-align: center;\">\u00a0<span class=\"uppercase\">Gee<\/span>\u00a0Derek<\/td>\n<td style=\"width: 350px; text-align: center;\">Israel &#8211; Premier Tech<\/td>\n<td style=\"width: 100px; text-align: center;\">15h51<\/td>\n<\/tr>\n<tr>\n<td style=\"width: 31px; text-align: center;\">153<\/td>\n<td style=\"width: 350px; text-align: center;\">\u00a0<span class=\"uppercase\">Piganzoli<\/span>\u00a0Davide<\/td>\n<td style=\"width: 350px; text-align: center;\">Team Polti VisitMalta<\/td>\n<td style=\"width: 100px; text-align: center;\">15h52<\/td>\n<\/tr>\n<tr>\n<td style=\"width: 31px; text-align: center;\">154<\/td>\n<td style=\"width: 350px; text-align: center;\">\u00a0<span class=\"uppercase\">Pellizzari<\/span>\u00a0Giulio<\/td>\n<td style=\"width: 350px; text-align: center;\">Red Bull &#8211; BORA &#8211; hansgrohe<\/td>\n<td style=\"width: 100px; text-align: center;\">15h53<\/td>\n<\/tr>\n<tr>\n<td style=\"width: 31px; text-align: center;\">155<\/td>\n<td style=\"width: 350px; text-align: center;\">\u00a0<span class=\"uppercase\">Harper<\/span>\u00a0Chris<\/td>\n<td style=\"width: 350px; text-align: center;\">Team Jayco AlUla<\/td>\n<td style=\"width: 100px; text-align: center;\">15h54<\/td>\n<\/tr>\n<tr>\n<td style=\"width: 31px; text-align: center;\">156<\/td>\n<td style=\"width: 350px; text-align: center;\">\u00a0<span class=\"uppercase\">Pidcock<\/span>\u00a0Thomas<\/td>\n<td style=\"width: 350px; text-align: center;\">Q36.5 Pro Cycling Team<\/td>\n<td style=\"width: 100px; text-align: center;\">15h55<\/td>\n<\/tr>\n<tr>\n<td style=\"width: 31px; text-align: center;\">157<\/td>\n<td style=\"width: 350px; text-align: center;\">\u00a0<span class=\"uppercase\">Rubio<\/span>\u00a0Einer<\/td>\n<td style=\"width: 350px; text-align: center;\">Movistar Team<\/td>\n<td style=\"width: 100px; text-align: center;\">15h58<\/td>\n<\/tr>\n<tr>\n<td style=\"width: 31px; text-align: center;\">158<\/td>\n<td style=\"width: 350px; text-align: center;\">\u00a0<span class=\"uppercase\">Vacek<\/span>\u00a0Mathias<\/td>\n<td style=\"width: 350px; text-align: center;\">Lidl &#8211; Trek<\/td>\n<td style=\"width: 100px; text-align: center;\">16h01<\/td>\n<\/tr>\n<tr>\n<td style=\"width: 31px; text-align: center;\">159<\/td>\n<td style=\"width: 350px; text-align: center;\">\u00a0<span class=\"uppercase\">Arensman<\/span>\u00a0Thymen<\/td>\n<td style=\"width: 350px; text-align: center;\">INEOS Grenadiers<\/td>\n<td style=\"width: 100px; text-align: center;\">16h04<\/td>\n<\/tr>\n<tr>\n<td style=\"width: 31px; text-align: center;\">160<\/td>\n<td style=\"width: 350px; text-align: center;\">\u00a0<span class=\"uppercase\">Caruso<\/span>\u00a0Damiano<\/td>\n<td style=\"width: 350px; text-align: center;\">Bahrain &#8211; Victorious<\/td>\n<td style=\"width: 100px; text-align: center;\">16h07<\/td>\n<\/tr>\n<tr>\n<td style=\"width: 31px; text-align: center;\">161<\/td>\n<td style=\"width: 350px; text-align: center;\">\u00a0<span class=\"uppercase\">Storer<\/span>\u00a0Michael<\/td>\n<td style=\"width: 350px; text-align: center;\">Tudor Pro Cycling Team<\/td>\n<td style=\"width: 100px; text-align: center;\">16h10<\/td>\n<\/tr>\n<tr>\n<td style=\"width: 31px; text-align: center;\">162<\/td>\n<td style=\"width: 350px; text-align: center;\">\u00a0<span class=\"uppercase\">Rogli\u010d<\/span>\u00a0Primo\u017e<\/td>\n<td style=\"width: 350px; text-align: center;\">Red Bull &#8211; BORA &#8211; hansgrohe<\/td>\n<td style=\"width: 100px; text-align: center;\">16h13<\/td>\n<\/tr>\n<tr>\n<td style=\"width: 31px; text-align: center;\">163<\/td>\n<td style=\"width: 350px; text-align: center;\">\u00a0<span class=\"uppercase\">Yates<\/span>\u00a0Adam<\/td>\n<td style=\"width: 350px; text-align: center;\">UAE Team Emirates &#8211; XRG<\/td>\n<td style=\"width: 100px; text-align: center;\">16h16<\/td>\n<\/tr>\n<tr>\n<td style=\"width: 31px; text-align: center;\">164<\/td>\n<td style=\"width: 350px; text-align: center;\">\u00a0<span class=\"uppercase\">McNulty<\/span>\u00a0Brandon<\/td>\n<td style=\"width: 350px; text-align: center;\">UAE Team Emirates &#8211; XRG<\/td>\n<td style=\"width: 100px; text-align: center;\">16h19<\/td>\n<\/tr>\n<tr>\n<td style=\"width: 31px; text-align: center;\">165<\/td>\n<td style=\"width: 350px; text-align: center;\">\u00a0<span class=\"uppercase\">Bernal<\/span>\u00a0Egan<\/td>\n<td style=\"width: 350px; text-align: center;\">INEOS Grenadiers<\/td>\n<td style=\"width: 100px; text-align: center;\">16h22<\/td>\n<\/tr>\n<tr>\n<td style=\"width: 31px; text-align: center;\">166<\/td>\n<td style=\"width: 350px; text-align: center;\">\u00a0<span class=\"uppercase\">Yates<\/span>\u00a0Simon<\/td>\n<td style=\"width: 350px; text-align: center;\">Team Visma | Lease a Bike<\/td>\n<td style=\"width: 100px; text-align: center;\">16h25<\/td>\n<\/tr>\n<tr>\n<td style=\"width: 31px; text-align: center;\">167<\/td>\n<td style=\"width: 350px; text-align: center;\">\u00a0<span class=\"uppercase\">Ciccone<\/span>\u00a0Giulio<\/td>\n<td style=\"width: 350px; text-align: center;\">Lidl &#8211; Trek<\/td>\n<td style=\"width: 100px; text-align: center;\">16h28<\/td>\n<\/tr>\n<tr>\n<td style=\"width: 31px; text-align: center;\">168<\/td>\n<td style=\"width: 350px; text-align: center;\">\u00a0<span class=\"uppercase\">Carapaz<\/span>\u00a0Richard<\/td>\n<td style=\"width: 350px; text-align: center;\">EF Education &#8211; EasyPost<\/td>\n<td style=\"width: 100px; text-align: center;\">16h31<\/td>\n<\/tr>\n<tr>\n<td style=\"width: 31px; text-align: center;\">169<\/td>\n<td style=\"width: 350px; text-align: center;\">\u00a0<span class=\"uppercase\">Tiberi<\/span>\u00a0Antonio<\/td>\n<td style=\"width: 350px; text-align: center;\">Bahrain &#8211; Victorious<\/td>\n<td style=\"width: 100px; text-align: center;\">16h34<\/td>\n<\/tr>\n<tr>\n<td style=\"width: 31px; text-align: center;\">170<\/td>\n<td style=\"width: 350px; text-align: center;\">\u00a0<span class=\"uppercase\">Ayuso<\/span>\u00a0Juan<\/td>\n<td style=\"width: 350px; text-align: center;\">UAE Team Emirates &#8211; XRG<\/td>\n<td style=\"width: 100px; text-align: center;\">16h37<\/td>\n<\/tr>\n<tr>\n<td style=\"width: 31px; text-align: center;\">171<\/td>\n<td style=\"width: 350px; text-align: center;\">\u00a0<span class=\"uppercase\">del Toro<\/span>\u00a0Isaac<\/td>\n<td style=\"width: 350px; text-align: center;\">UAE Team Emirates &#8211; XRG<\/td>\n<td style=\"width: 100px; text-align: center;\">16h40<\/td>\n<\/tr>\n<\/tbody>\n<\/table>\n","protected":false},"excerpt":{"rendered":"<p>Ce mardi 20 mai, le Tour d&rsquo;Italie se poursuit avec un contre-la-montre de 28,6 kilom\u00e8tres entre Lucca et Pise. Ordre et horaires de d\u00e9part des coureurs.<\/p>\n","protected":false},"author":1,"featured_media":580285,"comment_status":"open","ping_status":"closed","sticky":false,"template":"","format":"standard","meta":{"_acf_changed":false,"_daextam_enable_autolinks":"1","footnotes":""},"categories":[47041],"tags":[16878,2830],"class_list":["post-580284","post","type-post","status-publish","format-standard","has-post-thumbnail","hentry","category-tour-d-italie","tag-breve","tag-giro"],"acf":[],"yoast_head":"<!-- This site is optimized with the Yoast SEO Premium plugin v26.7 (Yoast SEO v26.7) - https:\/\/yoast.com\/wordpress\/plugins\/seo\/ -->\n<title>Horaires et ordre de d\u00e9part de la 10\u00e8me \u00e9tape du Tour d&#039;Italie 2025<\/title>\n<meta name=\"description\" content=\"Ce mardi 20 mai, le Tour d&#039;Italie se poursuit avec un contre-la-montre de 28,6 kilom\u00e8tres entre Lucca et Pise. Ordre et horaires de d\u00e9part des coureurs.\" \/>\n<meta name=\"robots\" content=\"index, follow, max-snippet:-1, max-image-preview:large, max-video-preview:-1\" \/>\n<link rel=\"canonical\" href=\"https:\/\/dicodusport.fr\/blog\/10eme-etape-tour-ditalie-2025-horaires-et-ordre-de-depart-des-coureurs\/\" \/>\n<meta property=\"og:locale\" content=\"fr_FR\" \/>\n<meta property=\"og:type\" content=\"article\" \/>\n<meta property=\"og:title\" content=\"Horaires et ordre de d\u00e9part de la 10\u00e8me \u00e9tape du Tour d&#039;Italie 2025\" \/>\n<meta property=\"og:description\" content=\"Ce mardi 20 mai, le Tour d&#039;Italie se poursuit avec un contre-la-montre de 28,6 kilom\u00e8tres entre Lucca et Pise. Ordre et horaires de d\u00e9part des coureurs.\" \/>\n<meta property=\"og:url\" content=\"https:\/\/dicodusport.fr\/blog\/10eme-etape-tour-ditalie-2025-horaires-et-ordre-de-depart-des-coureurs\/\" \/>\n<meta property=\"og:site_name\" content=\"Dicodusport\" \/>\n<meta property=\"article:publisher\" content=\"https:\/\/www.facebook.com\/dicodusport\" \/>\n<meta property=\"article:author\" content=\"https:\/\/www.facebook.com\/dicodusport\" \/>\n<meta property=\"article:published_time\" content=\"2025-05-20T09:05:59+00:00\" \/>\n<meta property=\"og:image\" content=\"https:\/\/dicodusport.fr\/blog\/wp-content\/uploads\/2025\/05\/10eme-etape-Tour-dItalie-2025-Horaires-et-ordre-de-depart-des-coureurs-.png\" \/>\n\t<meta property=\"og:image:width\" content=\"1200\" \/>\n\t<meta property=\"og:image:height\" content=\"674\" \/>\n\t<meta property=\"og:image:type\" content=\"image\/png\" \/>\n<meta name=\"author\" content=\"Nicolas Jacquemard\" \/>\n<meta name=\"twitter:card\" content=\"summary_large_image\" \/>\n<meta name=\"twitter:title\" content=\"Horaires et ordre de d\u00e9part de la 10\u00e8me \u00e9tape du Tour d&#039;Italie 2025\" \/>\n<meta name=\"twitter:creator\" content=\"@https:\/\/twitter.com\/Nico_Jacquemard\" \/>\n<meta name=\"twitter:site\" content=\"@dicodusport\" \/>\n<script type=\"application\/ld+json\" class=\"yoast-schema-graph\">{\"@context\":\"https:\/\/schema.org\",\"@graph\":[{\"@type\":\"NewsArticle\",\"@id\":\"https:\/\/dicodusport.fr\/blog\/10eme-etape-tour-ditalie-2025-horaires-et-ordre-de-depart-des-coureurs\/#article\",\"isPartOf\":{\"@id\":\"https:\/\/dicodusport.fr\/blog\/10eme-etape-tour-ditalie-2025-horaires-et-ordre-de-depart-des-coureurs\/\"},\"author\":{\"name\":\"Nicolas Jacquemard\",\"@id\":\"https:\/\/dicodusport.fr\/blog\/#\/schema\/person\/55dcb50ad410894e431ed812bbb70191\"},\"headline\":\"Horaires et ordre de d\u00e9part de la 10\u00e8me \u00e9tape du Tour d&rsquo;Italie 2025\",\"datePublished\":\"2025-05-20T09:05:59+00:00\",\"mainEntityOfPage\":{\"@id\":\"https:\/\/dicodusport.fr\/blog\/10eme-etape-tour-ditalie-2025-horaires-et-ordre-de-depart-des-coureurs\/\"},\"wordCount\":1458,\"commentCount\":0,\"publisher\":{\"@id\":\"https:\/\/dicodusport.fr\/blog\/#organization\"},\"image\":{\"@id\":\"https:\/\/dicodusport.fr\/blog\/10eme-etape-tour-ditalie-2025-horaires-et-ordre-de-depart-des-coureurs\/#primaryimage\"},\"thumbnailUrl\":\"https:\/\/dicodusport.fr\/blog\/wp-content\/uploads\/2025\/05\/10eme-etape-Tour-dItalie-2025-Horaires-et-ordre-de-depart-des-coureurs-.png\",\"keywords\":[\"br\u00e8ve\",\"Giro\"],\"articleSection\":[\"Tour d'Italie\"],\"inLanguage\":\"fr-FR\",\"potentialAction\":[{\"@type\":\"CommentAction\",\"name\":\"Comment\",\"target\":[\"https:\/\/dicodusport.fr\/blog\/10eme-etape-tour-ditalie-2025-horaires-et-ordre-de-depart-des-coureurs\/#respond\"]}],\"copyrightYear\":\"2025\",\"copyrightHolder\":{\"@id\":\"https:\/\/dicodusport.fr\/blog\/#organization\"}},{\"@type\":\"WebPage\",\"@id\":\"https:\/\/dicodusport.fr\/blog\/10eme-etape-tour-ditalie-2025-horaires-et-ordre-de-depart-des-coureurs\/\",\"url\":\"https:\/\/dicodusport.fr\/blog\/10eme-etape-tour-ditalie-2025-horaires-et-ordre-de-depart-des-coureurs\/\",\"name\":\"Horaires et ordre de d\u00e9part de la 10\u00e8me \u00e9tape du Tour d'Italie 2025\",\"isPartOf\":{\"@id\":\"https:\/\/dicodusport.fr\/blog\/#website\"},\"primaryImageOfPage\":{\"@id\":\"https:\/\/dicodusport.fr\/blog\/10eme-etape-tour-ditalie-2025-horaires-et-ordre-de-depart-des-coureurs\/#primaryimage\"},\"image\":{\"@id\":\"https:\/\/dicodusport.fr\/blog\/10eme-etape-tour-ditalie-2025-horaires-et-ordre-de-depart-des-coureurs\/#primaryimage\"},\"thumbnailUrl\":\"https:\/\/dicodusport.fr\/blog\/wp-content\/uploads\/2025\/05\/10eme-etape-Tour-dItalie-2025-Horaires-et-ordre-de-depart-des-coureurs-.png\",\"datePublished\":\"2025-05-20T09:05:59+00:00\",\"description\":\"Ce mardi 20 mai, le Tour d'Italie se poursuit avec un contre-la-montre de 28,6 kilom\u00e8tres entre Lucca et Pise. Ordre et horaires de d\u00e9part des coureurs.\",\"breadcrumb\":{\"@id\":\"https:\/\/dicodusport.fr\/blog\/10eme-etape-tour-ditalie-2025-horaires-et-ordre-de-depart-des-coureurs\/#breadcrumb\"},\"inLanguage\":\"fr-FR\",\"potentialAction\":[{\"@type\":\"ReadAction\",\"target\":[\"https:\/\/dicodusport.fr\/blog\/10eme-etape-tour-ditalie-2025-horaires-et-ordre-de-depart-des-coureurs\/\"]}]},{\"@type\":\"ImageObject\",\"inLanguage\":\"fr-FR\",\"@id\":\"https:\/\/dicodusport.fr\/blog\/10eme-etape-tour-ditalie-2025-horaires-et-ordre-de-depart-des-coureurs\/#primaryimage\",\"url\":\"https:\/\/dicodusport.fr\/blog\/wp-content\/uploads\/2025\/05\/10eme-etape-Tour-dItalie-2025-Horaires-et-ordre-de-depart-des-coureurs-.png\",\"contentUrl\":\"https:\/\/dicodusport.fr\/blog\/wp-content\/uploads\/2025\/05\/10eme-etape-Tour-dItalie-2025-Horaires-et-ordre-de-depart-des-coureurs-.png\",\"width\":1200,\"height\":674},{\"@type\":\"BreadcrumbList\",\"@id\":\"https:\/\/dicodusport.fr\/blog\/10eme-etape-tour-ditalie-2025-horaires-et-ordre-de-depart-des-coureurs\/#breadcrumb\",\"itemListElement\":[{\"@type\":\"ListItem\",\"position\":1,\"name\":\"Accueil\",\"item\":\"https:\/\/dicodusport.fr\/blog\/\"},{\"@type\":\"ListItem\",\"position\":2,\"name\":\"Horaires et ordre de d\u00e9part de la 10\u00e8me \u00e9tape du Tour d&rsquo;Italie 2025\"}]},{\"@type\":\"WebSite\",\"@id\":\"https:\/\/dicodusport.fr\/blog\/#website\",\"url\":\"https:\/\/dicodusport.fr\/blog\/\",\"name\":\"Dicodusport\",\"description\":\"L&#039;encyclop\u00e9die de l&#039;actualit\u00e9 sportive\",\"publisher\":{\"@id\":\"https:\/\/dicodusport.fr\/blog\/#organization\"},\"potentialAction\":[{\"@type\":\"SearchAction\",\"target\":{\"@type\":\"EntryPoint\",\"urlTemplate\":\"https:\/\/dicodusport.fr\/blog\/?s={search_term_string}\"},\"query-input\":{\"@type\":\"PropertyValueSpecification\",\"valueRequired\":true,\"valueName\":\"search_term_string\"}}],\"inLanguage\":\"fr-FR\"},{\"@type\":\"NewsMediaOrganization\",\"@id\":\"https:\/\/dicodusport.fr\/blog\/#organization\",\"name\":\"Dicodusport\",\"url\":\"https:\/\/dicodusport.fr\/blog\/\",\"logo\":{\"@type\":\"ImageObject\",\"inLanguage\":\"fr-FR\",\"@id\":\"https:\/\/dicodusport.fr\/blog\/#\/schema\/logo\/image\/\",\"url\":\"https:\/\/dicodusport.fr\/blog\/wp-content\/uploads\/2020\/06\/cropped-LOGO-DICODUSPORT-2020-SANS-FOND-SANS-TEXTE.png\",\"contentUrl\":\"https:\/\/dicodusport.fr\/blog\/wp-content\/uploads\/2020\/06\/cropped-LOGO-DICODUSPORT-2020-SANS-FOND-SANS-TEXTE.png\",\"width\":512,\"height\":512,\"caption\":\"Dicodusport\"},\"image\":{\"@id\":\"https:\/\/dicodusport.fr\/blog\/#\/schema\/logo\/image\/\"},\"sameAs\":[\"https:\/\/www.facebook.com\/dicodusport\",\"https:\/\/x.com\/dicodusport\",\"https:\/\/www.instagram.com\/dicodusport\/\",\"https:\/\/www.youtube.com\/channel\/UC7V2KZ5sd3htJivAbA4ZG3w\"],\"description\":\"Dicodusport est l'encyclop\u00e9die de l'actualit\u00e9 sportive.\",\"email\":\"bonjour@dicodusport.fr\",\"legalName\":\"DICODUSPORT\",\"foundingDate\":\"2018-01-14\",\"vatID\":\"FR71834470973\",\"taxID\":\"83447097300043\",\"numberOfEmployees\":{\"@type\":\"QuantitativeValue\",\"minValue\":\"1\",\"maxValue\":\"10\"}},{\"@type\":\"Person\",\"@id\":\"https:\/\/dicodusport.fr\/blog\/#\/schema\/person\/55dcb50ad410894e431ed812bbb70191\",\"name\":\"Nicolas Jacquemard\",\"image\":{\"@type\":\"ImageObject\",\"inLanguage\":\"fr-FR\",\"@id\":\"https:\/\/dicodusport.fr\/blog\/#\/schema\/person\/image\/\",\"url\":\"https:\/\/dicodusport.fr\/blog\/wp-content\/uploads\/2021\/05\/Nicolas-Jacquemard-150x150.jpeg\",\"contentUrl\":\"https:\/\/dicodusport.fr\/blog\/wp-content\/uploads\/2021\/05\/Nicolas-Jacquemard-150x150.jpeg\",\"caption\":\"Nicolas Jacquemard\"},\"description\":\"Passionn\u00e9 de sport et entrepreneur depuis mes 18 ans, la cr\u00e9ation de Dicodusport m'a sembl\u00e9 \u00e9vidente pour participer \u00e0 la m\u00e9diatisation d'un plus grand nombre de sports. Le chemin est long mais avec une \u00e9quipe des plus motiv\u00e9es et les Jeux Olympiques de Paris 2024 en point de mire, nous y arriverons ! Journaliste dans le monde du sport depuis plus de 5 ans, je traite aussi bien de football, de rugby, de biathlon que de cyclisme.\",\"sameAs\":[\"https:\/\/www.facebook.com\/dicodusport\",\"https:\/\/x.com\/https:\/\/twitter.com\/Nico_Jacquemard\"],\"url\":\"https:\/\/dicodusport.fr\/blog\/author\/dicodusport\/\"}]}<\/script>\n<!-- \/ Yoast SEO Premium plugin. -->","yoast_head_json":{"title":"Horaires et ordre de d\u00e9part de la 10\u00e8me \u00e9tape du Tour d'Italie 2025","description":"Ce mardi 20 mai, le Tour d'Italie se poursuit avec un contre-la-montre de 28,6 kilom\u00e8tres entre Lucca et Pise. Ordre et horaires de d\u00e9part des coureurs.","robots":{"index":"index","follow":"follow","max-snippet":"max-snippet:-1","max-image-preview":"max-image-preview:large","max-video-preview":"max-video-preview:-1"},"canonical":"https:\/\/dicodusport.fr\/blog\/10eme-etape-tour-ditalie-2025-horaires-et-ordre-de-depart-des-coureurs\/","og_locale":"fr_FR","og_type":"article","og_title":"Horaires et ordre de d\u00e9part de la 10\u00e8me \u00e9tape du Tour d'Italie 2025","og_description":"Ce mardi 20 mai, le Tour d'Italie se poursuit avec un contre-la-montre de 28,6 kilom\u00e8tres entre Lucca et Pise. Ordre et horaires de d\u00e9part des coureurs.","og_url":"https:\/\/dicodusport.fr\/blog\/10eme-etape-tour-ditalie-2025-horaires-et-ordre-de-depart-des-coureurs\/","og_site_name":"Dicodusport","article_publisher":"https:\/\/www.facebook.com\/dicodusport","article_author":"https:\/\/www.facebook.com\/dicodusport","article_published_time":"2025-05-20T09:05:59+00:00","og_image":[{"width":1200,"height":674,"url":"https:\/\/dicodusport.fr\/blog\/wp-content\/uploads\/2025\/05\/10eme-etape-Tour-dItalie-2025-Horaires-et-ordre-de-depart-des-coureurs-.png","type":"image\/png"}],"author":"Nicolas Jacquemard","twitter_card":"summary_large_image","twitter_title":"Horaires et ordre de d\u00e9part de la 10\u00e8me \u00e9tape du Tour d'Italie 2025","twitter_creator":"@https:\/\/twitter.com\/Nico_Jacquemard","twitter_site":"@dicodusport","schema":{"@context":"https:\/\/schema.org","@graph":[{"@type":"NewsArticle","@id":"https:\/\/dicodusport.fr\/blog\/10eme-etape-tour-ditalie-2025-horaires-et-ordre-de-depart-des-coureurs\/#article","isPartOf":{"@id":"https:\/\/dicodusport.fr\/blog\/10eme-etape-tour-ditalie-2025-horaires-et-ordre-de-depart-des-coureurs\/"},"author":{"name":"Nicolas Jacquemard","@id":"https:\/\/dicodusport.fr\/blog\/#\/schema\/person\/55dcb50ad410894e431ed812bbb70191"},"headline":"Horaires et ordre de d\u00e9part de la 10\u00e8me \u00e9tape du Tour d&rsquo;Italie 2025","datePublished":"2025-05-20T09:05:59+00:00","mainEntityOfPage":{"@id":"https:\/\/dicodusport.fr\/blog\/10eme-etape-tour-ditalie-2025-horaires-et-ordre-de-depart-des-coureurs\/"},"wordCount":1458,"commentCount":0,"publisher":{"@id":"https:\/\/dicodusport.fr\/blog\/#organization"},"image":{"@id":"https:\/\/dicodusport.fr\/blog\/10eme-etape-tour-ditalie-2025-horaires-et-ordre-de-depart-des-coureurs\/#primaryimage"},"thumbnailUrl":"https:\/\/dicodusport.fr\/blog\/wp-content\/uploads\/2025\/05\/10eme-etape-Tour-dItalie-2025-Horaires-et-ordre-de-depart-des-coureurs-.png","keywords":["br\u00e8ve","Giro"],"articleSection":["Tour d'Italie"],"inLanguage":"fr-FR","potentialAction":[{"@type":"CommentAction","name":"Comment","target":["https:\/\/dicodusport.fr\/blog\/10eme-etape-tour-ditalie-2025-horaires-et-ordre-de-depart-des-coureurs\/#respond"]}],"copyrightYear":"2025","copyrightHolder":{"@id":"https:\/\/dicodusport.fr\/blog\/#organization"}},{"@type":"WebPage","@id":"https:\/\/dicodusport.fr\/blog\/10eme-etape-tour-ditalie-2025-horaires-et-ordre-de-depart-des-coureurs\/","url":"https:\/\/dicodusport.fr\/blog\/10eme-etape-tour-ditalie-2025-horaires-et-ordre-de-depart-des-coureurs\/","name":"Horaires et ordre de d\u00e9part de la 10\u00e8me \u00e9tape du Tour d'Italie 2025","isPartOf":{"@id":"https:\/\/dicodusport.fr\/blog\/#website"},"primaryImageOfPage":{"@id":"https:\/\/dicodusport.fr\/blog\/10eme-etape-tour-ditalie-2025-horaires-et-ordre-de-depart-des-coureurs\/#primaryimage"},"image":{"@id":"https:\/\/dicodusport.fr\/blog\/10eme-etape-tour-ditalie-2025-horaires-et-ordre-de-depart-des-coureurs\/#primaryimage"},"thumbnailUrl":"https:\/\/dicodusport.fr\/blog\/wp-content\/uploads\/2025\/05\/10eme-etape-Tour-dItalie-2025-Horaires-et-ordre-de-depart-des-coureurs-.png","datePublished":"2025-05-20T09:05:59+00:00","description":"Ce mardi 20 mai, le Tour d'Italie se poursuit avec un contre-la-montre de 28,6 kilom\u00e8tres entre Lucca et Pise. Ordre et horaires de d\u00e9part des coureurs.","breadcrumb":{"@id":"https:\/\/dicodusport.fr\/blog\/10eme-etape-tour-ditalie-2025-horaires-et-ordre-de-depart-des-coureurs\/#breadcrumb"},"inLanguage":"fr-FR","potentialAction":[{"@type":"ReadAction","target":["https:\/\/dicodusport.fr\/blog\/10eme-etape-tour-ditalie-2025-horaires-et-ordre-de-depart-des-coureurs\/"]}]},{"@type":"ImageObject","inLanguage":"fr-FR","@id":"https:\/\/dicodusport.fr\/blog\/10eme-etape-tour-ditalie-2025-horaires-et-ordre-de-depart-des-coureurs\/#primaryimage","url":"https:\/\/dicodusport.fr\/blog\/wp-content\/uploads\/2025\/05\/10eme-etape-Tour-dItalie-2025-Horaires-et-ordre-de-depart-des-coureurs-.png","contentUrl":"https:\/\/dicodusport.fr\/blog\/wp-content\/uploads\/2025\/05\/10eme-etape-Tour-dItalie-2025-Horaires-et-ordre-de-depart-des-coureurs-.png","width":1200,"height":674},{"@type":"BreadcrumbList","@id":"https:\/\/dicodusport.fr\/blog\/10eme-etape-tour-ditalie-2025-horaires-et-ordre-de-depart-des-coureurs\/#breadcrumb","itemListElement":[{"@type":"ListItem","position":1,"name":"Accueil","item":"https:\/\/dicodusport.fr\/blog\/"},{"@type":"ListItem","position":2,"name":"Horaires et ordre de d\u00e9part de la 10\u00e8me \u00e9tape du Tour d&rsquo;Italie 2025"}]},{"@type":"WebSite","@id":"https:\/\/dicodusport.fr\/blog\/#website","url":"https:\/\/dicodusport.fr\/blog\/","name":"Dicodusport","description":"L&#039;encyclop\u00e9die de l&#039;actualit\u00e9 sportive","publisher":{"@id":"https:\/\/dicodusport.fr\/blog\/#organization"},"potentialAction":[{"@type":"SearchAction","target":{"@type":"EntryPoint","urlTemplate":"https:\/\/dicodusport.fr\/blog\/?s={search_term_string}"},"query-input":{"@type":"PropertyValueSpecification","valueRequired":true,"valueName":"search_term_string"}}],"inLanguage":"fr-FR"},{"@type":"NewsMediaOrganization","@id":"https:\/\/dicodusport.fr\/blog\/#organization","name":"Dicodusport","url":"https:\/\/dicodusport.fr\/blog\/","logo":{"@type":"ImageObject","inLanguage":"fr-FR","@id":"https:\/\/dicodusport.fr\/blog\/#\/schema\/logo\/image\/","url":"https:\/\/dicodusport.fr\/blog\/wp-content\/uploads\/2020\/06\/cropped-LOGO-DICODUSPORT-2020-SANS-FOND-SANS-TEXTE.png","contentUrl":"https:\/\/dicodusport.fr\/blog\/wp-content\/uploads\/2020\/06\/cropped-LOGO-DICODUSPORT-2020-SANS-FOND-SANS-TEXTE.png","width":512,"height":512,"caption":"Dicodusport"},"image":{"@id":"https:\/\/dicodusport.fr\/blog\/#\/schema\/logo\/image\/"},"sameAs":["https:\/\/www.facebook.com\/dicodusport","https:\/\/x.com\/dicodusport","https:\/\/www.instagram.com\/dicodusport\/","https:\/\/www.youtube.com\/channel\/UC7V2KZ5sd3htJivAbA4ZG3w"],"description":"Dicodusport est l'encyclop\u00e9die de l'actualit\u00e9 sportive.","email":"bonjour@dicodusport.fr","legalName":"DICODUSPORT","foundingDate":"2018-01-14","vatID":"FR71834470973","taxID":"83447097300043","numberOfEmployees":{"@type":"QuantitativeValue","minValue":"1","maxValue":"10"}},{"@type":"Person","@id":"https:\/\/dicodusport.fr\/blog\/#\/schema\/person\/55dcb50ad410894e431ed812bbb70191","name":"Nicolas Jacquemard","image":{"@type":"ImageObject","inLanguage":"fr-FR","@id":"https:\/\/dicodusport.fr\/blog\/#\/schema\/person\/image\/","url":"https:\/\/dicodusport.fr\/blog\/wp-content\/uploads\/2021\/05\/Nicolas-Jacquemard-150x150.jpeg","contentUrl":"https:\/\/dicodusport.fr\/blog\/wp-content\/uploads\/2021\/05\/Nicolas-Jacquemard-150x150.jpeg","caption":"Nicolas Jacquemard"},"description":"Passionn\u00e9 de sport et entrepreneur depuis mes 18 ans, la cr\u00e9ation de Dicodusport m'a sembl\u00e9 \u00e9vidente pour participer \u00e0 la m\u00e9diatisation d'un plus grand nombre de sports. Le chemin est long mais avec une \u00e9quipe des plus motiv\u00e9es et les Jeux Olympiques de Paris 2024 en point de mire, nous y arriverons ! Journaliste dans le monde du sport depuis plus de 5 ans, je traite aussi bien de football, de rugby, de biathlon que de cyclisme.","sameAs":["https:\/\/www.facebook.com\/dicodusport","https:\/\/x.com\/https:\/\/twitter.com\/Nico_Jacquemard"],"url":"https:\/\/dicodusport.fr\/blog\/author\/dicodusport\/"}]}},"_links":{"self":[{"href":"https:\/\/dicodusport.fr\/blog\/wp-json\/wp\/v2\/posts\/580284","targetHints":{"allow":["GET"]}}],"collection":[{"href":"https:\/\/dicodusport.fr\/blog\/wp-json\/wp\/v2\/posts"}],"about":[{"href":"https:\/\/dicodusport.fr\/blog\/wp-json\/wp\/v2\/types\/post"}],"author":[{"embeddable":true,"href":"https:\/\/dicodusport.fr\/blog\/wp-json\/wp\/v2\/users\/1"}],"replies":[{"embeddable":true,"href":"https:\/\/dicodusport.fr\/blog\/wp-json\/wp\/v2\/comments?post=580284"}],"version-history":[{"count":5,"href":"https:\/\/dicodusport.fr\/blog\/wp-json\/wp\/v2\/posts\/580284\/revisions"}],"predecessor-version":[{"id":580415,"href":"https:\/\/dicodusport.fr\/blog\/wp-json\/wp\/v2\/posts\/580284\/revisions\/580415"}],"wp:featuredmedia":[{"embeddable":true,"href":"https:\/\/dicodusport.fr\/blog\/wp-json\/wp\/v2\/media\/580285"}],"wp:attachment":[{"href":"https:\/\/dicodusport.fr\/blog\/wp-json\/wp\/v2\/media?parent=580284"}],"wp:term":[{"taxonomy":"category","embeddable":true,"href":"https:\/\/dicodusport.fr\/blog\/wp-json\/wp\/v2\/categories?post=580284"},{"taxonomy":"post_tag","embeddable":true,"href":"https:\/\/dicodusport.fr\/blog\/wp-json\/wp\/v2\/tags?post=580284"}],"curies":[{"name":"wp","href":"https:\/\/api.w.org\/{rel}","templated":true}]}}