{"id":580398,"date":"2025-09-10T13:18:08","date_gmt":"2025-09-10T11:18:08","guid":{"rendered":"https:\/\/dicodusport.fr\/blog\/?p=580398&#038;preview=true&#038;preview_id=580398"},"modified":"2026-01-30T15:05:43","modified_gmt":"2026-01-30T14:05:43","slug":"mercato-ol-2025-2026-le-tableau-complet-des-transferts-arrivees-et-departs","status":"publish","type":"post","link":"https:\/\/dicodusport.fr\/blog\/mercato-ol-2025-2026-le-tableau-complet-des-transferts-arrivees-et-departs\/","title":{"rendered":"Mercato OL 2025-2026 : Le tableau complet des transferts, arriv\u00e9es et d\u00e9parts"},"content":{"rendered":"<p style=\"text-align: justify;\"><strong><em>TRANSFERTS OL &#8211; Retrouvez tous les mouvements de l&rsquo;Olympique Lyonnais pour l&rsquo;intersaison 2025 en Ligue 1. Arriv\u00e9es, d\u00e9part, pr\u00eats, transferts d\u00e9finitifs, ne ratez rien du mercato estival.\u00a0<\/em><\/strong><\/p>\n<h2 style=\"text-align: justify;\">Tableau des transferts de l&rsquo;OL 2025-2026<\/h2>\n<p style=\"text-align: justify;\"><span style=\"font-size: 14px;\"><strong><em>Tableau mis \u00e0 jour le 10 septembre 2025.<\/em><\/strong><\/span><\/p>\n<div class=\"su-table su-table-alternate\">\n<table style=\"width: 840px;border-collapse: collapse\">\n<tbody>\n<tr>\n<td style=\"text-align: center;vertical-align: middle;width: 400px\" colspan=\"2\"><strong><img loading=\"lazy\" decoding=\"async\" class=\"alignnone wp-image-45022 \" src=\"https:\/\/dicodusport.fr\/blog\/wp-content\/uploads\/2019\/08\/Olympique_lyonnais_logo-260x300.png\" alt=\"\" width=\"87\" height=\"100\" srcset=\"https:\/\/dicodusport.fr\/blog\/wp-content\/uploads\/2019\/08\/Olympique_lyonnais_logo-260x300.png 260w, https:\/\/dicodusport.fr\/blog\/wp-content\/uploads\/2019\/08\/Olympique_lyonnais_logo.png 490w\" sizes=\"auto, (max-width: 87px) 100vw, 87px\" \/><br \/>\nOLYMPIQUE LYONNAIS<\/strong><\/td>\n<\/tr>\n<tr>\n<td style=\"text-align: center;vertical-align: middle;width: 400px\"><span style=\"color: #000000;font-size: 0.9em\"><strong><span style=\"color: #008000\">\u25bc<\/span> ARRIV\u00c9ES<\/strong><\/span><\/td>\n<td style=\"text-align: center;vertical-align: middle;width: 400px\"><span style=\"color: #000000;font-size: 0.9em\"><strong><span style=\"color: #ff0000\">\u25b2<\/span> <span style=\"color: #000000\">D\u00c9PARTS<\/span><\/strong><\/span><\/td>\n<\/tr>\n<tr>\n<td style=\"vertical-align: middle;text-align: justify;width: 400px\"><span style=\"font-size: 0.9em\"><strong>SA\u00cfD BENRAHMA <\/strong>\u2192 Neom (retour de pr\u00eat)<\/span><br \/>\n<span style=\"font-size: 0.9em\"><strong>OREL MANGALA<\/strong> \u2192 Everton (retour de pr\u00eat)<br \/>\n<strong>ADRYELSON<\/strong> \u2192 Anderlecht (retour de pr\u00eat)<br \/>\n<b>AMIN SARR <\/b>\u2192 Hellas Verone (retour de pr\u00eat)<br \/>\n<strong>MAHAMADOU DIAWARA<\/strong> \u2192 Le Havre (retour de pr\u00eat)<br \/>\n<strong>ACHRAF LA\u00c2ZIRI<\/strong> \u2192 RWD Molenbeek (retour de pr\u00eat)<br \/>\n<strong>ISLAMDINE HALIFA<\/strong> \u2192 RWD Molenbeek (retour de pr\u00eat)<br \/>\n<strong>MATHIEU PATOUILLET<\/strong> \u2192 Sochaux (retour de pr\u00eat)<br \/>\n<strong>JUSTIN BENGUI<\/strong> \u2192 FK Jedinstvo (retour de pr\u00eat)<\/span><br \/>\n<span style=\"font-size: 0.9em\"><b>AFONSO MOREIRA <\/b>\u2192 Sporting B (2 M\u20ac)<\/span><br \/>\n<span style=\"font-size: 0.9em\"><strong>RUBEN KLUIVERT<\/strong> \u2192 Casa Pia (3.78 M\u20ac)<\/span><br \/>\n<span style=\"font-size: 0.9em\"><b>MATT TURNER <\/b>\u2192 Nottingham Forest (8 M\u20ac)<\/span><br \/>\n<span style=\"font-size: 0.9em\"><a href=\"https:\/\/dicodusport.fr\/blog\/transferts-ol-lyon-signe-pavel-sulc\/\"><strong>PAVEL SULC<\/strong><\/a> \u2192 Viktoria Plzen (7.5 M\u20ac)<\/span><br \/>\n<span style=\"font-size: 0.9em\"><a href=\"https:\/\/dicodusport.fr\/blog\/transferts-ol-tyler-morton-va-signer-a-lyon\/\"><b>TYLER MORTON <\/b><\/a>\u2192 Liverpool (10 M\u20ac)<\/span><br \/>\n<span style=\"font-size: 0.9em\"><a href=\"https:\/\/dicodusport.fr\/blog\/transferts-ol-lyon-signe-adam-karabec\/\"><b>ADAM KARABEC <\/b><\/a>\u2192 Sparta Prague (pr\u00eat \u00e0 0.3 <\/span><span style=\"font-size: 0.9em\">M\u20ac)<\/span><br \/>\n<span style=\"font-size: 0.9em\"><b>DOMINIK GREIF <\/b>\u2192 Majorque (4 M\u20ac)<br \/>\n<strong>MARTIN SATRIANO<\/strong> \u2192 Lens (pr\u00eat \u00e0 1 M\u20ac)<br \/>\n<a href=\"https:\/\/dicodusport.fr\/blog\/transferts-ol-lyon-signe-rachid-ghezzal\/\"><strong>RACHID GHEZZAL<\/strong><\/a> \u2192 sans club<br \/>\n<\/span><\/td>\n<td style=\"vertical-align: middle;text-align: justify;width: 400px\"><span style=\"font-size: 0.9em\"><strong>RAYAN CHERKI \u2192 <\/strong>Manchester City (36.5 M\u20ac)<\/span><br \/>\n<span style=\"font-size: 0.9em\"><strong>SA\u00cfD BENRAHMA<\/strong> \u2192 Neom (12 M\u20ac)<\/span><br \/>\n<span style=\"font-size: 0.9em\"><strong>ALEXANDRE LACAZETTE<\/strong> \u2192 Neom (fin de contrat)<\/span><br \/>\n<span style=\"font-size: 0.9em\"><strong>THIAGO ALMADA<\/strong> \u2192 Botafogo (retour de pr\u00eat)<br \/>\n<strong>WARMED OMARI<\/strong> \u2192 Rennes (retour de pr\u00eat)<\/span><br \/>\n<span style=\"font-size: 0.9em\"><strong>AMIN SARR \u2192 <\/strong>Hellas Verona (3.5 M\u20ac)<\/span><br \/>\n<span style=\"font-size: 0.9em\"><strong>ADRYELSON \u2192 <\/strong>Al-Wasl (2.2 M\u20ac)<\/span><br \/>\n<span style=\"font-size: 0.9em\"><strong>JUSTIN BENGUI<\/strong> \u2192 RWDM (pr\u00eat)<\/span><br \/>\n<span style=\"font-size: 0.9em\"><strong>JORDAN VERETOUT<\/strong> \u2192 Al-Arabi (0.5 M\u20ac)<\/span><br \/>\n<span style=\"font-size: 0.9em\"><strong>LUCAS PERRI \u2192 <\/strong>Leeds (16 M\u20ac)<br \/>\n<strong>JOHANN LEPENANT<\/strong> \u2192 FC Nantes (2.5 M\u20ac)<\/span><br \/>\n<span style=\"font-size: 0.9em\"><b>MATT TURNER <\/b>\u2192 New England (pr\u00eat)<\/span><br \/>\n<span style=\"font-size: 0.9em\"><a href=\"https:\/\/dicodusport.fr\/blog\/transferts-ol-duje-caleta-car-va-quitter-lyon-pour-la-liga\/\"><strong>DUJE CALETA-CAR<\/strong><\/a> \u2192 Real Sociedad (pr\u00eat \u00e0 0.5 M\u20ac)<\/span><br \/>\n<span style=\"font-size: 0.9em\"><a href=\"https:\/\/dicodusport.fr\/blog\/transferts-ol-nemanja-matic-proche-dun-depart\/\"><b>NEMANJA MATIC <\/b><\/a>\u2192 Sassuolo (fin de contrat)<\/span><br \/>\n<span style=\"font-size: 0.9em\"><strong>ISLAMDINE HALIFA<\/strong> \u2192 Red Star (fin de contrat)<\/span><br \/>\n<span style=\"font-size: 0.9em\"><strong><a href=\"https:\/\/dicodusport.fr\/blog\/transferts-ol-sael-kumbedi-devrait-quitter-lyon-pour-lallemagne\/\">SA\u00cbL KUMBEDI<\/a> \u2192 <\/strong>Wolfsburg (pr\u00eat \u00e0 1 M\u20ac)<br \/>\n<strong>GEORGE MIKAUTADZE \u2192 <\/strong>Villarreal (31 M\u20ac)<br \/>\n<b>PAUL AKOUOKOU <\/b>\u2192 Saragosse (pr\u00eat)<br \/>\n<strong>MATHIEU PATOUILLET<\/strong> \u2192 Al-Hilal (0.34 M\u20ac)<br \/>\n<strong>MAHAMADOU DIAWARA<\/strong> \u2192 Royal Antwerp (pr\u00eat \u00e0 0.25 M\u20ac)<br \/>\n<\/span><\/td>\n<\/tr>\n<\/tbody>\n<\/table>\n<\/div>\n<p><span style=\"font-size: 14px;\"><em>Source : <a href=\"https:\/\/www.transfermarkt.fr\/\" target=\"_blank\" rel=\"noopener\">Transfermarkt<\/a><\/em><\/span><\/p>\n<h3>\u00c0 ce sujet<\/h3>\n<ul>\n<li><a href=\"https:\/\/dicodusport.fr\/blog\/mercato-psg-2025-2026-le-tableau-complet-des-transferts-arrivees-et-departs\/\"><strong>Le tableau des transferts du PSG pour le mercato estival<\/strong><\/a><\/li>\n<li><a href=\"https:\/\/dicodusport.fr\/blog\/mercato-om-2025-2026-le-tableau-complet-des-transferts-arrivees-et-departs\/\"><strong>Le tableau des transferts de l&rsquo;OM pour le mercato estival<\/strong><\/a><\/li>\n<li><a href=\"https:\/\/dicodusport.fr\/blog\/mercato-asm-2025-2026-le-tableau-complet-des-transferts-arrivees-et-departs\/\"><strong>Le tableau des transferts de l&rsquo;ASM pour le mercato estival<\/strong><\/a><\/li>\n<li><a href=\"https:\/\/dicodusport.fr\/blog\/mercato-losc-2025-2026-le-tableau-complet-des-transferts-arrivees-et-departs\/\"><strong>Le tableau des transferts du LOSC pour le mercato estival<\/strong><\/a><\/li>\n<li><a href=\"https:\/\/dicodusport.fr\/blog\/mercato-lens-2025-2026-le-tableau-complet-des-transferts-arrivees-et-departs\/\"><strong>Le tableau des transferts du RCL pour le mercato estival<\/strong><\/a><\/li>\n<li><a href=\"https:\/\/dicodusport.fr\/blog\/mercato-asse-2025-2026-le-tableau-complet-des-transferts-arrivees-et-departs\/\"><strong>Le tableau des transferts de l&rsquo;ASSE pour le mercato estival<\/strong><\/a><\/li>\n<li><a href=\"https:\/\/dicodusport.fr\/blog\/mercato-rennes-2025-2026-le-tableau-complet-des-transferts-arrivees-et-departs\/\"><strong>Le tableau des transferts de Rennes pour le mercato estival<\/strong><\/a><\/li>\n<li><a href=\"https:\/\/dicodusport.fr\/blog\/mercato-nantes-2025-2026-le-tableau-complet-des-transferts-arrivees-et-departs\/\"><strong>Le tableau des transferts de Nantes pour le mercato estival<\/strong><\/a><\/li>\n<li><a href=\"https:\/\/dicodusport.fr\/blog\/mercato-nice-2025-2026-le-tableau-complet-des-transferts-arrivees-et-departs\/\"><strong>Le tableau des transferts de l&rsquo;OGC Nice pour le mercato estival<\/strong><\/a><\/li>\n<li><a href=\"https:\/\/dicodusport.fr\/blog\/mercato-strasbourg-2025-2026-le-tableau-complet-des-transferts-arrivees-et-departs\/\"><strong>Le tableau des transferts de Strasbourg pour le mercato estival<\/strong><\/a><\/li>\n<li><a href=\"https:\/\/dicodusport.fr\/blog\/mercato-toulouse-2025-2026-le-tableau-complet-des-transferts-arrivees-et-departs\/\"><strong>Le tableau des transferts de Toulouse pour le mercato estival<\/strong><\/a><\/li>\n<li><a href=\"https:\/\/dicodusport.fr\/blog\/mercato-paris-fc-2025-2026-le-tableau-complet-des-transferts-arrivees-et-departs\/\"><strong>Le tableau des transferts du Paris FC pour le mercato estival<\/strong><\/a><\/li>\n<li><a href=\"https:\/\/dicodusport.fr\/blog\/mercato-angers-2025-2026-le-tableau-complet-des-transferts-arrivees-et-departs\/\"><strong>Le tableau des transferts du SCO Angers pour le mercato estival<\/strong><\/a><\/li>\n<li><a href=\"https:\/\/dicodusport.fr\/blog\/mercato-le-havre-2025-2026-le-tableau-complet-des-transferts-arrivees-et-departs\/\"><strong>Le tableau des transferts du Havre AC pour le mercato estival<\/strong><\/a><\/li>\n<li><a href=\"https:\/\/dicodusport.fr\/blog\/mercato-reims-2025-2026-le-tableau-complet-des-transferts-arrivees-et-departs\/\"><strong>Le tableau des transferts du Stade de Reims pour le mercato estival<\/strong><\/a><\/li>\n<li><a href=\"https:\/\/dicodusport.fr\/blog\/mercato-montpellier-2025-2026-le-tableau-complet-des-transferts-arrivees-et-departs\/\"><strong>Le tableau des transferts du Montpellier HSC pour le mercato estival<\/strong><\/a><\/li>\n<li><a href=\"https:\/\/dicodusport.fr\/blog\/mercato-lorient-2025-2026-le-tableau-complet-des-transferts-arrivees-et-departs\/\"><strong>Le tableau des transferts du FC Lorient pour le mercato estival<\/strong><\/a><\/li>\n<li><a href=\"https:\/\/dicodusport.fr\/blog\/mercato-metz-2025-2026-le-tableau-complet-des-transferts-arrivees-et-departs\/\"><strong>Le tableau des transferts du FC Metz pour le mercato estival<\/strong><\/a><\/li>\n<li><a href=\"https:\/\/dicodusport.fr\/blog\/mercato-brest-2025-2026-le-tableau-complet-des-transferts-arrivees-et-departs\/\"><strong>Le tableau des transferts du Stade Brestois pour le mercato estival<\/strong><\/a><\/li>\n<li><a href=\"https:\/\/dicodusport.fr\/blog\/mercato-auxerre-2025-2026-le-tableau-complet-des-transferts-arrivees-et-departs\/\"><strong>Le tableau des transferts de l&rsquo;AJ Auxerre pour le mercato estival<\/strong><\/a><\/li>\n<\/ul>\n","protected":false},"excerpt":{"rendered":"<p>TRANSFERTS OL &#8211; Retrouvez tous les mouvements de l&rsquo;Olympique Lyonnais pour l&rsquo;intersaison 2025 en Ligue 1. Arriv\u00e9es, d\u00e9part, pr\u00eats, transferts d\u00e9finitifs, ne ratez rien du mercato estival.\u00a0<\/p>\n","protected":false},"author":59,"featured_media":580402,"comment_status":"open","ping_status":"closed","sticky":false,"template":"","format":"standard","meta":{"_acf_changed":false,"_daextam_enable_autolinks":"1","footnotes":""},"categories":[47045],"tags":[1554,449,1555,14093,24995,1145,1146,18275,2832],"class_list":["post-580398","post","type-post","status-publish","format-standard","has-post-thumbnail","hentry","category-ligue-1","tag-ligue-1","tag-lyon","tag-mercato","tag-mercato-football","tag-mercato-ol","tag-ol","tag-olympique-lyonnais","tag-tableau-des-transferts","tag-transferts"],"acf":[],"yoast_head":"<!-- This site is optimized with the Yoast SEO Premium plugin v26.7 (Yoast SEO v26.7) - https:\/\/yoast.com\/wordpress\/plugins\/seo\/ -->\n<title>Mercato OL 2025-2026 : Le tableau complet des transferts, arriv\u00e9es et d\u00e9parts<\/title>\n<meta name=\"description\" content=\"TRANSFERTS OL - Retrouvez tous les mouvements de l&#039;Olympique Lyonnais pour l&#039;intersaison 2025 en Ligue 1.\" \/>\n<meta name=\"robots\" content=\"index, follow, max-snippet:-1, max-image-preview:large, max-video-preview:-1\" \/>\n<link rel=\"canonical\" href=\"https:\/\/dicodusport.fr\/blog\/mercato-ol-2025-2026-le-tableau-complet-des-transferts-arrivees-et-departs\/\" \/>\n<meta property=\"og:locale\" content=\"fr_FR\" \/>\n<meta property=\"og:type\" content=\"article\" \/>\n<meta property=\"og:title\" content=\"Mercato OL 2025-2026 : Le tableau complet des transferts, arriv\u00e9es et d\u00e9parts\" \/>\n<meta property=\"og:description\" content=\"TRANSFERTS OL - Retrouvez tous les mouvements de l&#039;Olympique Lyonnais pour l&#039;intersaison 2025 en Ligue 1.\" \/>\n<meta property=\"og:url\" content=\"https:\/\/dicodusport.fr\/blog\/mercato-ol-2025-2026-le-tableau-complet-des-transferts-arrivees-et-departs\/\" \/>\n<meta property=\"og:site_name\" content=\"Dicodusport\" \/>\n<meta property=\"article:publisher\" content=\"https:\/\/www.facebook.com\/dicodusport\" \/>\n<meta property=\"article:author\" content=\"https:\/\/www.facebook.com\/sebastien.gente\/\" \/>\n<meta property=\"article:published_time\" content=\"2025-09-10T11:18:08+00:00\" \/>\n<meta property=\"article:modified_time\" content=\"2026-01-30T14:05:43+00:00\" \/>\n<meta property=\"og:image\" content=\"https:\/\/dicodusport.fr\/blog\/wp-content\/uploads\/2025\/05\/Mercato-OL-2025-2026-Le-tableau-complet-des-transferts-arrivees-et-departs.png\" \/>\n\t<meta property=\"og:image:width\" content=\"1200\" \/>\n\t<meta property=\"og:image:height\" content=\"674\" \/>\n\t<meta property=\"og:image:type\" content=\"image\/png\" \/>\n<meta name=\"author\" content=\"S\u00e9bastien Gente\" \/>\n<meta name=\"twitter:card\" content=\"summary_large_image\" \/>\n<meta name=\"twitter:creator\" content=\"@https:\/\/twitter.com\/globulo24\" \/>\n<meta name=\"twitter:site\" content=\"@dicodusport\" \/>\n<script type=\"application\/ld+json\" class=\"yoast-schema-graph\">{\"@context\":\"https:\/\/schema.org\",\"@graph\":[{\"@type\":\"NewsArticle\",\"@id\":\"https:\/\/dicodusport.fr\/blog\/mercato-ol-2025-2026-le-tableau-complet-des-transferts-arrivees-et-departs\/#article\",\"isPartOf\":{\"@id\":\"https:\/\/dicodusport.fr\/blog\/mercato-ol-2025-2026-le-tableau-complet-des-transferts-arrivees-et-departs\/\"},\"author\":{\"name\":\"S\u00e9bastien Gente\",\"@id\":\"https:\/\/dicodusport.fr\/blog\/#\/schema\/person\/627966a6cde45dbd8c5e36ac85d783da\"},\"headline\":\"Mercato OL 2025-2026 : Le tableau complet des transferts, arriv\u00e9es et d\u00e9parts\",\"datePublished\":\"2025-09-10T11:18:08+00:00\",\"dateModified\":\"2026-01-30T14:05:43+00:00\",\"mainEntityOfPage\":{\"@id\":\"https:\/\/dicodusport.fr\/blog\/mercato-ol-2025-2026-le-tableau-complet-des-transferts-arrivees-et-departs\/\"},\"wordCount\":509,\"commentCount\":1,\"publisher\":{\"@id\":\"https:\/\/dicodusport.fr\/blog\/#organization\"},\"image\":{\"@id\":\"https:\/\/dicodusport.fr\/blog\/mercato-ol-2025-2026-le-tableau-complet-des-transferts-arrivees-et-departs\/#primaryimage\"},\"thumbnailUrl\":\"https:\/\/dicodusport.fr\/blog\/wp-content\/uploads\/2025\/05\/Mercato-OL-2025-2026-Le-tableau-complet-des-transferts-arrivees-et-departs.png\",\"keywords\":[\"Ligue 1\",\"Lyon\",\"Mercato\",\"Mercato football\",\"Mercato OL\",\"OL\",\"Olympique lyonnais\",\"Tableau des transferts\",\"transferts\"],\"articleSection\":[\"Ligue 1\"],\"inLanguage\":\"fr-FR\",\"potentialAction\":[{\"@type\":\"CommentAction\",\"name\":\"Comment\",\"target\":[\"https:\/\/dicodusport.fr\/blog\/mercato-ol-2025-2026-le-tableau-complet-des-transferts-arrivees-et-departs\/#respond\"]}],\"copyrightYear\":\"2025\",\"copyrightHolder\":{\"@id\":\"https:\/\/dicodusport.fr\/blog\/#organization\"}},{\"@type\":\"WebPage\",\"@id\":\"https:\/\/dicodusport.fr\/blog\/mercato-ol-2025-2026-le-tableau-complet-des-transferts-arrivees-et-departs\/\",\"url\":\"https:\/\/dicodusport.fr\/blog\/mercato-ol-2025-2026-le-tableau-complet-des-transferts-arrivees-et-departs\/\",\"name\":\"Mercato OL 2025-2026 : Le tableau complet des transferts, arriv\u00e9es et d\u00e9parts\",\"isPartOf\":{\"@id\":\"https:\/\/dicodusport.fr\/blog\/#website\"},\"primaryImageOfPage\":{\"@id\":\"https:\/\/dicodusport.fr\/blog\/mercato-ol-2025-2026-le-tableau-complet-des-transferts-arrivees-et-departs\/#primaryimage\"},\"image\":{\"@id\":\"https:\/\/dicodusport.fr\/blog\/mercato-ol-2025-2026-le-tableau-complet-des-transferts-arrivees-et-departs\/#primaryimage\"},\"thumbnailUrl\":\"https:\/\/dicodusport.fr\/blog\/wp-content\/uploads\/2025\/05\/Mercato-OL-2025-2026-Le-tableau-complet-des-transferts-arrivees-et-departs.png\",\"datePublished\":\"2025-09-10T11:18:08+00:00\",\"dateModified\":\"2026-01-30T14:05:43+00:00\",\"description\":\"TRANSFERTS OL - Retrouvez tous les mouvements de l'Olympique Lyonnais pour l'intersaison 2025 en Ligue 1.\",\"breadcrumb\":{\"@id\":\"https:\/\/dicodusport.fr\/blog\/mercato-ol-2025-2026-le-tableau-complet-des-transferts-arrivees-et-departs\/#breadcrumb\"},\"inLanguage\":\"fr-FR\",\"potentialAction\":[{\"@type\":\"ReadAction\",\"target\":[\"https:\/\/dicodusport.fr\/blog\/mercato-ol-2025-2026-le-tableau-complet-des-transferts-arrivees-et-departs\/\"]}]},{\"@type\":\"ImageObject\",\"inLanguage\":\"fr-FR\",\"@id\":\"https:\/\/dicodusport.fr\/blog\/mercato-ol-2025-2026-le-tableau-complet-des-transferts-arrivees-et-departs\/#primaryimage\",\"url\":\"https:\/\/dicodusport.fr\/blog\/wp-content\/uploads\/2025\/05\/Mercato-OL-2025-2026-Le-tableau-complet-des-transferts-arrivees-et-departs.png\",\"contentUrl\":\"https:\/\/dicodusport.fr\/blog\/wp-content\/uploads\/2025\/05\/Mercato-OL-2025-2026-Le-tableau-complet-des-transferts-arrivees-et-departs.png\",\"width\":1200,\"height\":674,\"caption\":\"Mercato OL 2025-2026 Le tableau complet des transferts, arriv\u00e9es et d\u00e9parts\"},{\"@type\":\"BreadcrumbList\",\"@id\":\"https:\/\/dicodusport.fr\/blog\/mercato-ol-2025-2026-le-tableau-complet-des-transferts-arrivees-et-departs\/#breadcrumb\",\"itemListElement\":[{\"@type\":\"ListItem\",\"position\":1,\"name\":\"Accueil\",\"item\":\"https:\/\/dicodusport.fr\/blog\/\"},{\"@type\":\"ListItem\",\"position\":2,\"name\":\"Mercato OL 2025-2026 : Le tableau complet des transferts, arriv\u00e9es et d\u00e9parts\"}]},{\"@type\":\"WebSite\",\"@id\":\"https:\/\/dicodusport.fr\/blog\/#website\",\"url\":\"https:\/\/dicodusport.fr\/blog\/\",\"name\":\"Dicodusport\",\"description\":\"L&#039;encyclop\u00e9die de l&#039;actualit\u00e9 sportive\",\"publisher\":{\"@id\":\"https:\/\/dicodusport.fr\/blog\/#organization\"},\"potentialAction\":[{\"@type\":\"SearchAction\",\"target\":{\"@type\":\"EntryPoint\",\"urlTemplate\":\"https:\/\/dicodusport.fr\/blog\/?s={search_term_string}\"},\"query-input\":{\"@type\":\"PropertyValueSpecification\",\"valueRequired\":true,\"valueName\":\"search_term_string\"}}],\"inLanguage\":\"fr-FR\"},{\"@type\":\"NewsMediaOrganization\",\"@id\":\"https:\/\/dicodusport.fr\/blog\/#organization\",\"name\":\"Dicodusport\",\"url\":\"https:\/\/dicodusport.fr\/blog\/\",\"logo\":{\"@type\":\"ImageObject\",\"inLanguage\":\"fr-FR\",\"@id\":\"https:\/\/dicodusport.fr\/blog\/#\/schema\/logo\/image\/\",\"url\":\"https:\/\/dicodusport.fr\/blog\/wp-content\/uploads\/2020\/06\/cropped-LOGO-DICODUSPORT-2020-SANS-FOND-SANS-TEXTE.png\",\"contentUrl\":\"https:\/\/dicodusport.fr\/blog\/wp-content\/uploads\/2020\/06\/cropped-LOGO-DICODUSPORT-2020-SANS-FOND-SANS-TEXTE.png\",\"width\":512,\"height\":512,\"caption\":\"Dicodusport\"},\"image\":{\"@id\":\"https:\/\/dicodusport.fr\/blog\/#\/schema\/logo\/image\/\"},\"sameAs\":[\"https:\/\/www.facebook.com\/dicodusport\",\"https:\/\/x.com\/dicodusport\",\"https:\/\/www.instagram.com\/dicodusport\/\",\"https:\/\/www.youtube.com\/channel\/UC7V2KZ5sd3htJivAbA4ZG3w\"],\"description\":\"Dicodusport est l'encyclop\u00e9die de l'actualit\u00e9 sportive.\",\"email\":\"bonjour@dicodusport.fr\",\"legalName\":\"DICODUSPORT\",\"foundingDate\":\"2018-01-14\",\"vatID\":\"FR71834470973\",\"taxID\":\"83447097300043\",\"numberOfEmployees\":{\"@type\":\"QuantitativeValue\",\"minValue\":\"1\",\"maxValue\":\"10\"}},{\"@type\":\"Person\",\"@id\":\"https:\/\/dicodusport.fr\/blog\/#\/schema\/person\/627966a6cde45dbd8c5e36ac85d783da\",\"name\":\"S\u00e9bastien Gente\",\"image\":{\"@type\":\"ImageObject\",\"inLanguage\":\"fr-FR\",\"@id\":\"https:\/\/dicodusport.fr\/blog\/#\/schema\/person\/image\/\",\"url\":\"https:\/\/dicodusport.fr\/blog\/wp-content\/uploads\/2021\/09\/1510990_10205810251400683_4124423575079401707_n-150x150.jpg\",\"contentUrl\":\"https:\/\/dicodusport.fr\/blog\/wp-content\/uploads\/2021\/09\/1510990_10205810251400683_4124423575079401707_n-150x150.jpg\",\"caption\":\"S\u00e9bastien Gente\"},\"description\":\"John Stockton, Gianni Bugno, Zinedine Zidane, Steffi Graf, Frode Andresen, St\u00e9phane Stoecklin, Davis Kamoga, Primoz Peterka, Werner Schlager et Aur\u00e9lien Rougerie. Point commun entre ces sportifs? Ils m'ont fait r\u00eaver et ont berc\u00e9 mon adolescence. Je suis un fondu de sports et j'essaie de retranscrire ma passion \u00e0 travers mes articles. Originaire du P\u00e9rigord, ma passion pour les Girondins, les Jaunards et les Jazzmen transpire dans mes \u00e9crits. \u00c0 Dicodusport depuis 2021, je d\u00e9niche les sports m\u00e9connus dans lesquels la France brille, et il y en a !\",\"sameAs\":[\"https:\/\/www.facebook.com\/sebastien.gente\/\",\"https:\/\/www.instagram.com\/sebgente\/\",\"https:\/\/www.linkedin.com\/in\/sbastien-gente-a29583169\/\",\"https:\/\/x.com\/https:\/\/twitter.com\/globulo24\",\"SebastienGente\"],\"worksFor\":\"S\u00e9bastien GENTE\",\"url\":\"https:\/\/dicodusport.fr\/blog\/author\/sebastiengente\/\"}]}<\/script>\n<!-- \/ Yoast SEO Premium plugin. -->","yoast_head_json":{"title":"Mercato OL 2025-2026 : Le tableau complet des transferts, arriv\u00e9es et d\u00e9parts","description":"TRANSFERTS OL - Retrouvez tous les mouvements de l'Olympique Lyonnais pour l'intersaison 2025 en Ligue 1.","robots":{"index":"index","follow":"follow","max-snippet":"max-snippet:-1","max-image-preview":"max-image-preview:large","max-video-preview":"max-video-preview:-1"},"canonical":"https:\/\/dicodusport.fr\/blog\/mercato-ol-2025-2026-le-tableau-complet-des-transferts-arrivees-et-departs\/","og_locale":"fr_FR","og_type":"article","og_title":"Mercato OL 2025-2026 : Le tableau complet des transferts, arriv\u00e9es et d\u00e9parts","og_description":"TRANSFERTS OL - Retrouvez tous les mouvements de l'Olympique Lyonnais pour l'intersaison 2025 en Ligue 1.","og_url":"https:\/\/dicodusport.fr\/blog\/mercato-ol-2025-2026-le-tableau-complet-des-transferts-arrivees-et-departs\/","og_site_name":"Dicodusport","article_publisher":"https:\/\/www.facebook.com\/dicodusport","article_author":"https:\/\/www.facebook.com\/sebastien.gente\/","article_published_time":"2025-09-10T11:18:08+00:00","article_modified_time":"2026-01-30T14:05:43+00:00","og_image":[{"width":1200,"height":674,"url":"https:\/\/dicodusport.fr\/blog\/wp-content\/uploads\/2025\/05\/Mercato-OL-2025-2026-Le-tableau-complet-des-transferts-arrivees-et-departs.png","type":"image\/png"}],"author":"S\u00e9bastien Gente","twitter_card":"summary_large_image","twitter_creator":"@https:\/\/twitter.com\/globulo24","twitter_site":"@dicodusport","schema":{"@context":"https:\/\/schema.org","@graph":[{"@type":"NewsArticle","@id":"https:\/\/dicodusport.fr\/blog\/mercato-ol-2025-2026-le-tableau-complet-des-transferts-arrivees-et-departs\/#article","isPartOf":{"@id":"https:\/\/dicodusport.fr\/blog\/mercato-ol-2025-2026-le-tableau-complet-des-transferts-arrivees-et-departs\/"},"author":{"name":"S\u00e9bastien Gente","@id":"https:\/\/dicodusport.fr\/blog\/#\/schema\/person\/627966a6cde45dbd8c5e36ac85d783da"},"headline":"Mercato OL 2025-2026 : Le tableau complet des transferts, arriv\u00e9es et d\u00e9parts","datePublished":"2025-09-10T11:18:08+00:00","dateModified":"2026-01-30T14:05:43+00:00","mainEntityOfPage":{"@id":"https:\/\/dicodusport.fr\/blog\/mercato-ol-2025-2026-le-tableau-complet-des-transferts-arrivees-et-departs\/"},"wordCount":509,"commentCount":1,"publisher":{"@id":"https:\/\/dicodusport.fr\/blog\/#organization"},"image":{"@id":"https:\/\/dicodusport.fr\/blog\/mercato-ol-2025-2026-le-tableau-complet-des-transferts-arrivees-et-departs\/#primaryimage"},"thumbnailUrl":"https:\/\/dicodusport.fr\/blog\/wp-content\/uploads\/2025\/05\/Mercato-OL-2025-2026-Le-tableau-complet-des-transferts-arrivees-et-departs.png","keywords":["Ligue 1","Lyon","Mercato","Mercato football","Mercato OL","OL","Olympique lyonnais","Tableau des transferts","transferts"],"articleSection":["Ligue 1"],"inLanguage":"fr-FR","potentialAction":[{"@type":"CommentAction","name":"Comment","target":["https:\/\/dicodusport.fr\/blog\/mercato-ol-2025-2026-le-tableau-complet-des-transferts-arrivees-et-departs\/#respond"]}],"copyrightYear":"2025","copyrightHolder":{"@id":"https:\/\/dicodusport.fr\/blog\/#organization"}},{"@type":"WebPage","@id":"https:\/\/dicodusport.fr\/blog\/mercato-ol-2025-2026-le-tableau-complet-des-transferts-arrivees-et-departs\/","url":"https:\/\/dicodusport.fr\/blog\/mercato-ol-2025-2026-le-tableau-complet-des-transferts-arrivees-et-departs\/","name":"Mercato OL 2025-2026 : Le tableau complet des transferts, arriv\u00e9es et d\u00e9parts","isPartOf":{"@id":"https:\/\/dicodusport.fr\/blog\/#website"},"primaryImageOfPage":{"@id":"https:\/\/dicodusport.fr\/blog\/mercato-ol-2025-2026-le-tableau-complet-des-transferts-arrivees-et-departs\/#primaryimage"},"image":{"@id":"https:\/\/dicodusport.fr\/blog\/mercato-ol-2025-2026-le-tableau-complet-des-transferts-arrivees-et-departs\/#primaryimage"},"thumbnailUrl":"https:\/\/dicodusport.fr\/blog\/wp-content\/uploads\/2025\/05\/Mercato-OL-2025-2026-Le-tableau-complet-des-transferts-arrivees-et-departs.png","datePublished":"2025-09-10T11:18:08+00:00","dateModified":"2026-01-30T14:05:43+00:00","description":"TRANSFERTS OL - Retrouvez tous les mouvements de l'Olympique Lyonnais pour l'intersaison 2025 en Ligue 1.","breadcrumb":{"@id":"https:\/\/dicodusport.fr\/blog\/mercato-ol-2025-2026-le-tableau-complet-des-transferts-arrivees-et-departs\/#breadcrumb"},"inLanguage":"fr-FR","potentialAction":[{"@type":"ReadAction","target":["https:\/\/dicodusport.fr\/blog\/mercato-ol-2025-2026-le-tableau-complet-des-transferts-arrivees-et-departs\/"]}]},{"@type":"ImageObject","inLanguage":"fr-FR","@id":"https:\/\/dicodusport.fr\/blog\/mercato-ol-2025-2026-le-tableau-complet-des-transferts-arrivees-et-departs\/#primaryimage","url":"https:\/\/dicodusport.fr\/blog\/wp-content\/uploads\/2025\/05\/Mercato-OL-2025-2026-Le-tableau-complet-des-transferts-arrivees-et-departs.png","contentUrl":"https:\/\/dicodusport.fr\/blog\/wp-content\/uploads\/2025\/05\/Mercato-OL-2025-2026-Le-tableau-complet-des-transferts-arrivees-et-departs.png","width":1200,"height":674,"caption":"Mercato OL 2025-2026 Le tableau complet des transferts, arriv\u00e9es et d\u00e9parts"},{"@type":"BreadcrumbList","@id":"https:\/\/dicodusport.fr\/blog\/mercato-ol-2025-2026-le-tableau-complet-des-transferts-arrivees-et-departs\/#breadcrumb","itemListElement":[{"@type":"ListItem","position":1,"name":"Accueil","item":"https:\/\/dicodusport.fr\/blog\/"},{"@type":"ListItem","position":2,"name":"Mercato OL 2025-2026 : Le tableau complet des transferts, arriv\u00e9es et d\u00e9parts"}]},{"@type":"WebSite","@id":"https:\/\/dicodusport.fr\/blog\/#website","url":"https:\/\/dicodusport.fr\/blog\/","name":"Dicodusport","description":"L&#039;encyclop\u00e9die de l&#039;actualit\u00e9 sportive","publisher":{"@id":"https:\/\/dicodusport.fr\/blog\/#organization"},"potentialAction":[{"@type":"SearchAction","target":{"@type":"EntryPoint","urlTemplate":"https:\/\/dicodusport.fr\/blog\/?s={search_term_string}"},"query-input":{"@type":"PropertyValueSpecification","valueRequired":true,"valueName":"search_term_string"}}],"inLanguage":"fr-FR"},{"@type":"NewsMediaOrganization","@id":"https:\/\/dicodusport.fr\/blog\/#organization","name":"Dicodusport","url":"https:\/\/dicodusport.fr\/blog\/","logo":{"@type":"ImageObject","inLanguage":"fr-FR","@id":"https:\/\/dicodusport.fr\/blog\/#\/schema\/logo\/image\/","url":"https:\/\/dicodusport.fr\/blog\/wp-content\/uploads\/2020\/06\/cropped-LOGO-DICODUSPORT-2020-SANS-FOND-SANS-TEXTE.png","contentUrl":"https:\/\/dicodusport.fr\/blog\/wp-content\/uploads\/2020\/06\/cropped-LOGO-DICODUSPORT-2020-SANS-FOND-SANS-TEXTE.png","width":512,"height":512,"caption":"Dicodusport"},"image":{"@id":"https:\/\/dicodusport.fr\/blog\/#\/schema\/logo\/image\/"},"sameAs":["https:\/\/www.facebook.com\/dicodusport","https:\/\/x.com\/dicodusport","https:\/\/www.instagram.com\/dicodusport\/","https:\/\/www.youtube.com\/channel\/UC7V2KZ5sd3htJivAbA4ZG3w"],"description":"Dicodusport est l'encyclop\u00e9die de l'actualit\u00e9 sportive.","email":"bonjour@dicodusport.fr","legalName":"DICODUSPORT","foundingDate":"2018-01-14","vatID":"FR71834470973","taxID":"83447097300043","numberOfEmployees":{"@type":"QuantitativeValue","minValue":"1","maxValue":"10"}},{"@type":"Person","@id":"https:\/\/dicodusport.fr\/blog\/#\/schema\/person\/627966a6cde45dbd8c5e36ac85d783da","name":"S\u00e9bastien Gente","image":{"@type":"ImageObject","inLanguage":"fr-FR","@id":"https:\/\/dicodusport.fr\/blog\/#\/schema\/person\/image\/","url":"https:\/\/dicodusport.fr\/blog\/wp-content\/uploads\/2021\/09\/1510990_10205810251400683_4124423575079401707_n-150x150.jpg","contentUrl":"https:\/\/dicodusport.fr\/blog\/wp-content\/uploads\/2021\/09\/1510990_10205810251400683_4124423575079401707_n-150x150.jpg","caption":"S\u00e9bastien Gente"},"description":"John Stockton, Gianni Bugno, Zinedine Zidane, Steffi Graf, Frode Andresen, St\u00e9phane Stoecklin, Davis Kamoga, Primoz Peterka, Werner Schlager et Aur\u00e9lien Rougerie. Point commun entre ces sportifs? Ils m'ont fait r\u00eaver et ont berc\u00e9 mon adolescence. Je suis un fondu de sports et j'essaie de retranscrire ma passion \u00e0 travers mes articles. Originaire du P\u00e9rigord, ma passion pour les Girondins, les Jaunards et les Jazzmen transpire dans mes \u00e9crits. \u00c0 Dicodusport depuis 2021, je d\u00e9niche les sports m\u00e9connus dans lesquels la France brille, et il y en a !","sameAs":["https:\/\/www.facebook.com\/sebastien.gente\/","https:\/\/www.instagram.com\/sebgente\/","https:\/\/www.linkedin.com\/in\/sbastien-gente-a29583169\/","https:\/\/x.com\/https:\/\/twitter.com\/globulo24","SebastienGente"],"worksFor":"S\u00e9bastien GENTE","url":"https:\/\/dicodusport.fr\/blog\/author\/sebastiengente\/"}]}},"_links":{"self":[{"href":"https:\/\/dicodusport.fr\/blog\/wp-json\/wp\/v2\/posts\/580398","targetHints":{"allow":["GET"]}}],"collection":[{"href":"https:\/\/dicodusport.fr\/blog\/wp-json\/wp\/v2\/posts"}],"about":[{"href":"https:\/\/dicodusport.fr\/blog\/wp-json\/wp\/v2\/types\/post"}],"author":[{"embeddable":true,"href":"https:\/\/dicodusport.fr\/blog\/wp-json\/wp\/v2\/users\/59"}],"replies":[{"embeddable":true,"href":"https:\/\/dicodusport.fr\/blog\/wp-json\/wp\/v2\/comments?post=580398"}],"version-history":[{"count":6,"href":"https:\/\/dicodusport.fr\/blog\/wp-json\/wp\/v2\/posts\/580398\/revisions"}],"predecessor-version":[{"id":609778,"href":"https:\/\/dicodusport.fr\/blog\/wp-json\/wp\/v2\/posts\/580398\/revisions\/609778"}],"wp:featuredmedia":[{"embeddable":true,"href":"https:\/\/dicodusport.fr\/blog\/wp-json\/wp\/v2\/media\/580402"}],"wp:attachment":[{"href":"https:\/\/dicodusport.fr\/blog\/wp-json\/wp\/v2\/media?parent=580398"}],"wp:term":[{"taxonomy":"category","embeddable":true,"href":"https:\/\/dicodusport.fr\/blog\/wp-json\/wp\/v2\/categories?post=580398"},{"taxonomy":"post_tag","embeddable":true,"href":"https:\/\/dicodusport.fr\/blog\/wp-json\/wp\/v2\/tags?post=580398"}],"curies":[{"name":"wp","href":"https:\/\/api.w.org\/{rel}","templated":true}]}}