{"id":580453,"date":"2025-05-22T12:00:16","date_gmt":"2025-05-22T10:00:16","guid":{"rendered":"https:\/\/dicodusport.fr\/blog\/?p=580453&#038;preview=true&#038;preview_id=580453"},"modified":"2025-05-22T16:52:25","modified_gmt":"2025-05-22T14:52:25","slug":"barrages-pro-d2-un-duel-qui-respire-lancien-temps-entre-colomiers-et-montauban","status":"publish","type":"post","link":"https:\/\/dicodusport.fr\/blog\/barrages-pro-d2-un-duel-qui-respire-lancien-temps-entre-colomiers-et-montauban\/","title":{"rendered":"Barrages Pro D2 : Un duel qui respire l&rsquo;ancien temps entre Colomiers et Montauban"},"content":{"rendered":"<p style=\"text-align: justify;\"><strong><em>PRO D2 2024\/2025 &#8211; Apr\u00e8s quelques saisons compliqu\u00e9es, Colomiers et Montauban ont totalement reverdi cette saison. Le derby occitan promet beaucoup entre deux \u00e9quipes qu&rsquo;on n&rsquo;attendait pas \u00e0 pareille f\u00eate. Deux \u00e9quipes tr\u00e8s s\u00e9duisantes cette saison.<\/em><\/strong><\/p>\n<ul style=\"text-align: justify;\">\n<li style=\"text-align: justify;\"><strong>\u00c0 ce sujet \u2014 <a href=\"https:\/\/dicodusport.fr\/blog\/barrages-pro-d2-affiches-dates-et-horaires-des-matchs\/\">Barrages Pro D2 : Affiches, dates et horaires des matchs<\/a><\/strong><\/li>\n<\/ul>\n<h2 style=\"text-align: justify;\">Deux clubs historiques du rugby fran\u00e7ais<\/h2>\n<p style=\"text-align: justify;\"><strong>Colomiers &#8211; Montauban<\/strong>. C&rsquo;est un duel entre clubs historiques du rugby fran\u00e7ais et qui sent bon la fin des ann\u00e9es 90 et le d\u00e9but des ann\u00e9es 2000. 2000, comme l&rsquo;ann\u00e9e de la finale du championnat de France perdue par les Colum\u00e9rins face au <strong>Stade Fran\u00e7ais<\/strong>. Le club de la banlieue de Toulouse \u00e9tait tout proche d&rsquo;un incroyable titre de champion de France. Cette ann\u00e9e-l\u00e0, l&rsquo;US Montauban \u00e9tait rel\u00e9gu\u00e9 en deuxi\u00e8me division. De l&rsquo;eau a coul\u00e9 sous les ponts. Et si les deux clubs ont fait des passages dans l&rsquo;\u00e9lite du rugby fran\u00e7ais, depuis plus de dix ans, leur quotidien est en Pro D2. Les historiques ont pris un coup de vieux ces derni\u00e8res ann\u00e9es.<\/p>\n<p style=\"text-align: justify;\">Pour <strong>Montauban<\/strong>, la sanction est pass\u00e9e pr\u00e8s l&rsquo;an pass\u00e9, ayant \u00e9t\u00e9 men\u00e9 jusqu&rsquo;\u00e0 dix minutes du terme par Narbonne, <a href=\"https:\/\/dicodusport.fr\/blog\/barrage-pro-d2-nationale-montauban-vient-a-bout-de-narbonne-et-se-maintient\/\">dans l&rsquo;access match entre le 15e de Pro D2 et le finaliste malheureux de Nationale<\/a>. Tandis que <strong>Colomiers<\/strong> a termin\u00e9 \u00e0 une tr\u00e8s modeste 10e place. Voir les deux \u00e9quipes s&rsquo;affronter ce vendredi, c&rsquo;est une sacr\u00e9e surprise pour l&rsquo;un comme pour l&rsquo;autre. Ce derby ouest occitan sera aussi un affrontement entre deux des \u00e9quipes les plus s\u00e9duisantes de ce championnat. Et les voir \u00e0 ce stade-l\u00e0, c&rsquo;est aussi un beau message pour les \u00e9quipes qui tentent d&rsquo;envoyer du jeu.<\/p>\n<blockquote class=\"twitter-tweet\">\n<p dir=\"ltr\" lang=\"fr\">\ud83d\udd25\ud83d\udc99 \ud835\udc06\ud835\udc14\ud835\udc08\ud835\udc02\ud835\udc07\ud835\udc04\ud835\udc13\ud835\udc12 \ud835\udc05\ud835\udc04\ud835\udc11\ud835\udc0c\ud835\udc04\u0301\ud835\udc12 \u2d51\u2d51<\/p>\n<p>\ud83e\udd29 EXCEPTIONNEL ! Le stade Michel-Bendichou sera \u00e0 guichets ferm\u00e9s pour ce premier barrage \u00e0 domicile de l\u2019histoire !<\/p>\n<p>\ud83d\ude4c Merci pour votre soutien et rendez-vous ce vendredi \u00e0 21h !<a href=\"https:\/\/twitter.com\/hashtag\/IciLeRugbyBatPlusFort?src=hash&amp;ref_src=twsrc%5Etfw\">#IciLeRugbyBatPlusFort<\/a>! \ud83d\udd35\u26aa\ufe0f\ud83d\udd4a\ufe0f <a href=\"https:\/\/t.co\/2vathyQrVz\">pic.twitter.com\/2vathyQrVz<\/a><\/p>\n<p>\u2014 Colomiers Rugby (@ColomiersRugby) <a href=\"https:\/\/twitter.com\/ColomiersRugby\/status\/1924846466566066582?ref_src=twsrc%5Etfw\">May 20, 2025<\/a><\/p><\/blockquote>\n<p style=\"text-align: justify;\"><script async src=\"https:\/\/platform.twitter.com\/widgets.js\" charset=\"utf-8\"><\/script><\/p>\n<ul style=\"text-align: justify;\">\n<li style=\"text-align: justify;\"><strong>\u00c0 ce sujet \u2014\u00a0<a href=\"https:\/\/dicodusport.fr\/blog\/classement-pro-d2-2024-2025\/\">Classement final Pro D2 2024-2025<\/a><\/strong><\/li>\n<\/ul>\n<h2 style=\"text-align: justify;\">Les forces de Colomiers<\/h2>\n<h3 style=\"text-align: justify;\">Une ligne d&rsquo;arri\u00e8res absolument exceptionnelle<\/h3>\n<p style=\"text-align: justify;\">Si Colomiers a su faire la derni\u00e8re ligne droite qu&rsquo;ils ont faite, avec six victoires de rang, avant la derni\u00e8re d\u00e9faite sans incidence contre Biarritz, c&rsquo;est aussi gr\u00e2ce \u00e0 une ligne arri\u00e8re absolument d\u00e9mentielle, qui a fait de cette \u00e9quipe, peut \u00eatre la formation la plus s\u00e9duisante de cette Pro D2. Il n&rsquo;y a pas un joueur qui casse la baraque comme c&rsquo;est le cas, par exemple, d&rsquo;<strong>Adrien Lap\u00e8gue<\/strong> \u00e0 Provence.<\/p>\n<p style=\"text-align: justify;\">Mais on retrouve de nombreux trois-quarts dans diverses statistiques offensives de ce championnat.<strong> Anzelo Tuitavuki<\/strong> est le sixi\u00e8me franchiseur du championnat (23, mais en seulement 18 matchs disput\u00e9s), <strong>Rodrigo Marta, Raymond Nuu<\/strong> sont respectivement 14e et 17e en plaquages cass\u00e9s dans ce championnat. On se doit aussi de citer <strong>Ugo Pacome<\/strong>, consid\u00e9r\u00e9 comme l&rsquo;un des espoirs du rugby fran\u00e7ais, d\u00e9j\u00e0 titulaire \u00e0 19 ans (il en a eu 20 le 1er mai) en Pro D2, et qui va d\u00e9couvrir le Top 14 la saison prochaine.<\/p>\n<div class=\"vlp-link-container vlp-layout-article\"><a href=\"https:\/\/dicodusport.fr\/blog\/colomiers-montauban-chaine-tv-compositions-et-heure\/\" class=\"vlp-link\" title=\"Colomiers-Montauban : Cha\u00eene TV, Compositions et Heure\"><\/a><div class=\"vlp-layout-zone-side\"><div class=\"vlp-block-4 vlp-link-image\"><img loading=\"lazy\" decoding=\"async\" style=\"max-width: 792px;\" width=\"792\" height=\"445\" src=\"https:\/\/dicodusport.fr\/blog\/wp-content\/uploads\/2025\/05\/Colomiers-Montauban-Chaine-TV-Compositions-et-Heure-1.png\" class=\"attachment-800x445 size-800x445\" alt=\"Colomiers-Montauban Cha\u00eene TV, Compositions et Heure\" srcset=\"https:\/\/dicodusport.fr\/blog\/wp-content\/uploads\/2025\/05\/Colomiers-Montauban-Chaine-TV-Compositions-et-Heure-1.png 1200w, https:\/\/dicodusport.fr\/blog\/wp-content\/uploads\/2025\/05\/Colomiers-Montauban-Chaine-TV-Compositions-et-Heure-1-300x169.png 300w, https:\/\/dicodusport.fr\/blog\/wp-content\/uploads\/2025\/05\/Colomiers-Montauban-Chaine-TV-Compositions-et-Heure-1-1024x575.png 1024w, https:\/\/dicodusport.fr\/blog\/wp-content\/uploads\/2025\/05\/Colomiers-Montauban-Chaine-TV-Compositions-et-Heure-1-768x431.png 768w\" sizes=\"auto, (max-width: 792px) 100vw, 792px\" \/><\/div><\/div><div class=\"vlp-layout-zone-main\"><div class=\"vlp-block-0 vlp-link-title\">Colomiers-Montauban : Cha\u00eene TV, Compositions et Heure<\/div><div class=\"vlp-block-1 vlp-link-summary\">\u00c0 quelle heure et sur quelle cha\u00eene TV suivre le barrage de Pro D2 entre Colomiers et Montauban ? Retrouvez \u00e9galement les compositions des deux \u00e9quipes.<\/div><div class=\"vlp-block-2 vlp-link-button\">Lire l'article<\/div><div class=\"vlp-block-3 vlp-link-url\">dicodusport.fr<\/div><\/div><\/div>\n<h3 style=\"text-align: justify;\">Une troisi\u00e8me ligne d&rsquo;exp\u00e9rience<\/h3>\n<p style=\"text-align: justify;\">Si les arri\u00e8res ont pu s&rsquo;exprimer, c&rsquo;est que devant, les troisi\u00e8mes ligne ont fait le boulot. Et trois joueurs sont \u00e0 sortir du lot. On pense \u00e0 <strong>Anthony Coletta<\/strong>, 12e en plaquages cass\u00e9s dans ce championnat (23), Jean Thomas et ses 27 passes apr\u00e8s contact (6e) et le suractif <strong>Caleb Timu.<\/strong> Qui est pr\u00e9sent un peu partout sur les lignes offensives. Meilleur marqueur d&rsquo;essai avec <strong>Tuitavuki<\/strong> (11 chacun) et tous deux top 10 en Pro D2, 15e en plaquages cass\u00e9s (58) et 7e sur les passes apr\u00e8s contact (26). Tout en ayant parcouru 1922 m\u00e8tres ballon en main (5e total). Et dire qu&rsquo;il n&rsquo;a disput\u00e9 que 22 matchs cette saison. Forc\u00e9ment, cela cr\u00e9e des br\u00e8ches, d\u00e9stabilise des d\u00e9fenses pour mettre sur orbite les arri\u00e8res.<\/p>\n<h3 style=\"text-align: justify;\">Une dynamique dans son sens<\/h3>\n<p style=\"text-align: justify;\">Un peu comme <strong>Grenoble<\/strong> la saison pass\u00e9e, <strong>Colomiers<\/strong> aborde la fin de saison avec une dynamique positive en termes de r\u00e9sultats. Six victoires de rang entre la 24e et la 29e journ\u00e9e. Et une d\u00e9faite mention honorable contre Biarritz, dans un match pour du beurre. M\u00eame si l&rsquo;infirmerie est loin d&rsquo;\u00eatre vide, les Haut-Garonnais vont aborder cette demie avec de la confiance et une r\u00e9ception de Montauban. Si jamais ils passent le test du voisin, le demi-finaliste (en l&rsquo;occurrence Brive) est pr\u00e9venu. Il faudra faire le bon match, pour s&rsquo;\u00e9viter un sc\u00e9nario \u00e0 la Provence 2023-2024 et sa d\u00e9faite \u00e0 domicile en demie, contre Grenoble.<\/p>\n<div class=\"vlp-link-container vlp-layout-article\"><a href=\"https:\/\/dicodusport.fr\/blog\/pro-d2-j9-colomiers-renverse-montauban-et-met-fin-a-la-serie-de-victoires-du-leader\/\" class=\"vlp-link\" title=\"Pro D2 (J9) : Colomiers renverse Montauban et met fin \u00e0 la s\u00e9rie de victoires du leader\"><\/a><div class=\"vlp-layout-zone-side\"><div class=\"vlp-block-4 vlp-link-image\"><img loading=\"lazy\" decoding=\"async\" style=\"max-width: 792px;\" width=\"792\" height=\"445\" src=\"https:\/\/dicodusport.fr\/blog\/wp-content\/uploads\/2024\/10\/Pro-D2-J9-Colomiers-renverse-Montauban-et-met-fin-a-leur-serie-de-victoires.png\" class=\"attachment-800x445 size-800x445\" alt=\"Pro D2 (J9) Colomiers renverse Montauban et met fin \u00e0 la s\u00e9rie de victoires du leader\" srcset=\"https:\/\/dicodusport.fr\/blog\/wp-content\/uploads\/2024\/10\/Pro-D2-J9-Colomiers-renverse-Montauban-et-met-fin-a-leur-serie-de-victoires.png 1200w, https:\/\/dicodusport.fr\/blog\/wp-content\/uploads\/2024\/10\/Pro-D2-J9-Colomiers-renverse-Montauban-et-met-fin-a-leur-serie-de-victoires-300x169.png 300w, https:\/\/dicodusport.fr\/blog\/wp-content\/uploads\/2024\/10\/Pro-D2-J9-Colomiers-renverse-Montauban-et-met-fin-a-leur-serie-de-victoires-1024x575.png 1024w, https:\/\/dicodusport.fr\/blog\/wp-content\/uploads\/2024\/10\/Pro-D2-J9-Colomiers-renverse-Montauban-et-met-fin-a-leur-serie-de-victoires-768x431.png 768w\" sizes=\"auto, (max-width: 792px) 100vw, 792px\" \/><\/div><\/div><div class=\"vlp-layout-zone-main\"><div class=\"vlp-block-0 vlp-link-title\">Pro D2 (J9) : Colomiers renverse Montauban et met fin \u00e0 la s\u00e9rie de victoires du leader<\/div><div class=\"vlp-block-1 vlp-link-summary\">PRO D2 2024\/2025 - Revenu de nulle part, Colomiers s'impose au bout du suspense contre le leader Montauban (33-29). <\/div><div class=\"vlp-block-2 vlp-link-button\">Lire l'article<\/div><div class=\"vlp-block-3 vlp-link-url\">dicodusport.fr<\/div><\/div><\/div>\n<h2 style=\"text-align: justify;\">Les forces de Montauban<\/h2>\n<h3 style=\"text-align: justify;\">Une \u00e9quipe performante \u00e0 l&rsquo;ext\u00e9rieur<\/h3>\n<p style=\"text-align: justify;\">Cinqui\u00e8me de Pro D2 en d\u00e9placement, avec 27 points glan\u00e9s en 15 matchs, <strong>Montauban<\/strong> aura r\u00e9ussi sa saison en d\u00e9placement. Avec des victoires plus que pr\u00e9cieuses, comme celle glan\u00e9e \u00e0 Angoul\u00eame, qui a invers\u00e9 le cours de la fin de saison (19-18). Mais aussi deux points de bonus d\u00e9fensif contre deux autres Top 6, Provence (26-30)&#8230; Et contre Colomiers (33-29). Les locaux sont pr\u00e9venus. En d\u00e9but de championnat, ils avaient eu toutes les peines du monde \u00e0 se d\u00e9faire \u00e0 domicile de Montauban. De quoi donner des espoirs des visiteurs au moment d&rsquo;aborder le match du barrage.<\/p>\n<ul style=\"text-align: justify;\">\n<li style=\"text-align: justify;\"><strong>\u00c0 ce sujet \u2014 <a href=\"https:\/\/dicodusport.fr\/blog\/phase-finale-pro-d2-le-tableau-complet\/\">Phase finale Pro D2 \u2013 Le tableau complet<\/a><\/strong><\/li>\n<\/ul>\n<h3 style=\"text-align: justify;\">Un jeu au pied qui a fait ses preuves<\/h3>\n<p style=\"text-align: justify;\">\u00c0 une certaine \u00e9poque, on craignait les coup-francs de <strong>Juninho<\/strong> pour Lyon. Les adversaires de Montauban craignent la r\u00e9ussite au pied de Montauban. En particulier celle de <strong>J\u00e9r\u00f4me Bosviel<\/strong> au drop. Une arme quasiment plus utilis\u00e9e en rugby, mais qui fait ses preuves dans le Tarn-et-Garonne. Huit (sur les onze de son \u00e9quipe) depuis le d\u00e9but de la saison (minimum le double par rapport \u00e0 toute autre \u00e9quipe de cette Pro D2). Une arme qui oblige les lignes adverses \u00e0 monter sur le botteur. Au risque de s&rsquo;exposer et laisser des br\u00e8ches pour un petit coup de pied par-dessus. Les adversaires de Montauban sont pr\u00e9venus.<\/p>\n<blockquote class=\"twitter-tweet\">\n<p dir=\"ltr\" lang=\"fr\">\ud835\udde0\ud835\uddfc\ud835\uddf1\ud835\uddf2 \ud835\uddef\ud835\uddee\ud835\uddff\ud835\uddff\ud835\uddee\ud835\uddf4\ud835\uddf2 \ud835\uddee\ud835\uddf0\ud835\ude01\ud835\uddf6\ud835\ude03\ud835\uddf2\u0301 \u2705<\/p>\n<p>\ud83d\udd1c Focus sur <a href=\"https:\/\/twitter.com\/ColomiersRugby?ref_src=twsrc%5Etfw\">@colomiersrugby<\/a> \ud83d\udc40<a href=\"https:\/\/twitter.com\/hashtag\/AllezSapiac?src=hash&amp;ref_src=twsrc%5Etfw\">#AllezSapiac<\/a> <a href=\"https:\/\/twitter.com\/hashtag\/GreenArmy?src=hash&amp;ref_src=twsrc%5Etfw\">#GreenArmy<\/a> <a href=\"https:\/\/twitter.com\/hashtag\/COLUSM?src=hash&amp;ref_src=twsrc%5Etfw\">#COLUSM<\/a> <a href=\"https:\/\/twitter.com\/hashtag\/BarrageProD2?src=hash&amp;ref_src=twsrc%5Etfw\">#BarrageProD2<\/a> <a href=\"https:\/\/twitter.com\/hashtag\/Derby?src=hash&amp;ref_src=twsrc%5Etfw\">#Derby<\/a> <a href=\"https:\/\/t.co\/SiFP7knTdJ\">pic.twitter.com\/SiFP7knTdJ<\/a><\/p>\n<p>\u2014 USM Sapiac (@UsmSapiacRugby) <a href=\"https:\/\/twitter.com\/UsmSapiacRugby\/status\/1924495361608962460?ref_src=twsrc%5Etfw\">May 19, 2025<\/a><\/p><\/blockquote>\n<p style=\"text-align: justify;\"><script async src=\"https:\/\/platform.twitter.com\/widgets.js\" charset=\"utf-8\"><\/script><\/p>\n","protected":false},"excerpt":{"rendered":"<p>PRO D2 2024\/2025 &#8211; Apr\u00e8s quelques saisons compliqu\u00e9es, Colomiers et Montauban ont totalement reverdi cette saison. Le derby occitan promet beaucoup entre deux \u00e9quipes qu&rsquo;on n&rsquo;attendait pas \u00e0 pareille f\u00eate. Deux \u00e9quipes tr\u00e8s s\u00e9duisantes cette saison.<\/p>\n","protected":false},"author":83,"featured_media":580846,"comment_status":"open","ping_status":"closed","sticky":false,"template":"","format":"standard","meta":{"_acf_changed":false,"_daextam_enable_autolinks":"1","footnotes":""},"categories":[9129],"tags":[32415,16878,10280,13],"class_list":["post-580453","post","type-post","status-publish","format-standard","has-post-thumbnail","hentry","category-rugby-a-xv","tag-actu","tag-breve","tag-colomiers-rugby","tag-rugby"],"acf":[],"yoast_head":"<!-- This site is optimized with the Yoast SEO Premium plugin v26.7 (Yoast SEO v26.7) - https:\/\/yoast.com\/wordpress\/plugins\/seo\/ -->\n<title>Barrages Pro D2 : Un duel qui respire l&#039;ancien temps entre Colomiers et Montauban<\/title>\n<meta name=\"description\" content=\"PRO D2 2024\/2025 - Apr\u00e8s quelques saisons compliqu\u00e9es, Colomiers et Montauban ont totalement reverdi cette saison.\" \/>\n<meta name=\"robots\" content=\"index, follow, max-snippet:-1, max-image-preview:large, max-video-preview:-1\" \/>\n<link rel=\"canonical\" href=\"https:\/\/dicodusport.fr\/blog\/barrages-pro-d2-un-duel-qui-respire-lancien-temps-entre-colomiers-et-montauban\/\" \/>\n<meta property=\"og:locale\" content=\"fr_FR\" \/>\n<meta property=\"og:type\" content=\"article\" \/>\n<meta property=\"og:title\" content=\"Barrages Pro D2 : Un duel qui respire l&#039;ancien temps entre Colomiers et Montauban\" \/>\n<meta property=\"og:description\" content=\"PRO D2 2024\/2025 - Apr\u00e8s quelques saisons compliqu\u00e9es, Colomiers et Montauban ont totalement reverdi cette saison.\" \/>\n<meta property=\"og:url\" content=\"https:\/\/dicodusport.fr\/blog\/barrages-pro-d2-un-duel-qui-respire-lancien-temps-entre-colomiers-et-montauban\/\" \/>\n<meta property=\"og:site_name\" content=\"Dicodusport\" \/>\n<meta property=\"article:publisher\" content=\"https:\/\/www.facebook.com\/dicodusport\" \/>\n<meta property=\"article:published_time\" content=\"2025-05-22T10:00:16+00:00\" \/>\n<meta property=\"article:modified_time\" content=\"2025-05-22T14:52:25+00:00\" \/>\n<meta property=\"og:image\" content=\"https:\/\/dicodusport.fr\/blog\/wp-content\/uploads\/2025\/05\/Barrages-Pro-D2-Un-duel-qui-respire-lancien-temps-entre-Colomiers-et-Montauban.png\" \/>\n\t<meta property=\"og:image:width\" content=\"1200\" \/>\n\t<meta property=\"og:image:height\" content=\"674\" \/>\n\t<meta property=\"og:image:type\" content=\"image\/png\" \/>\n<meta name=\"author\" content=\"Etienne Goursaud\" \/>\n<meta name=\"twitter:card\" content=\"summary_large_image\" \/>\n<meta name=\"twitter:title\" content=\"Barrages Pro D2 : Un duel qui respire l&#039;ancien temps entre Colomiers et Montauban\" \/>\n<meta name=\"twitter:creator\" content=\"@dicodusport\" \/>\n<meta name=\"twitter:site\" content=\"@dicodusport\" \/>\n<script type=\"application\/ld+json\" class=\"yoast-schema-graph\">{\"@context\":\"https:\/\/schema.org\",\"@graph\":[{\"@type\":\"NewsArticle\",\"@id\":\"https:\/\/dicodusport.fr\/blog\/barrages-pro-d2-un-duel-qui-respire-lancien-temps-entre-colomiers-et-montauban\/#article\",\"isPartOf\":{\"@id\":\"https:\/\/dicodusport.fr\/blog\/barrages-pro-d2-un-duel-qui-respire-lancien-temps-entre-colomiers-et-montauban\/\"},\"author\":{\"name\":\"Etienne Goursaud\",\"@id\":\"https:\/\/dicodusport.fr\/blog\/#\/schema\/person\/d603dd7da31fb2b46c82b9835a77ec13\"},\"headline\":\"Barrages Pro D2 : Un duel qui respire l&rsquo;ancien temps entre Colomiers et Montauban\",\"datePublished\":\"2025-05-22T10:00:16+00:00\",\"dateModified\":\"2025-05-22T14:52:25+00:00\",\"mainEntityOfPage\":{\"@id\":\"https:\/\/dicodusport.fr\/blog\/barrages-pro-d2-un-duel-qui-respire-lancien-temps-entre-colomiers-et-montauban\/\"},\"wordCount\":1203,\"commentCount\":0,\"publisher\":{\"@id\":\"https:\/\/dicodusport.fr\/blog\/#organization\"},\"image\":{\"@id\":\"https:\/\/dicodusport.fr\/blog\/barrages-pro-d2-un-duel-qui-respire-lancien-temps-entre-colomiers-et-montauban\/#primaryimage\"},\"thumbnailUrl\":\"https:\/\/dicodusport.fr\/blog\/wp-content\/uploads\/2025\/05\/Barrages-Pro-D2-Un-duel-qui-respire-lancien-temps-entre-Colomiers-et-Montauban.png\",\"keywords\":[\"actu\",\"br\u00e8ve\",\"Colomiers Rugby\",\"Rugby\"],\"articleSection\":[\"Rugby \u00e0 XV\"],\"inLanguage\":\"fr-FR\",\"potentialAction\":[{\"@type\":\"CommentAction\",\"name\":\"Comment\",\"target\":[\"https:\/\/dicodusport.fr\/blog\/barrages-pro-d2-un-duel-qui-respire-lancien-temps-entre-colomiers-et-montauban\/#respond\"]}],\"copyrightYear\":\"2025\",\"copyrightHolder\":{\"@id\":\"https:\/\/dicodusport.fr\/blog\/#organization\"}},{\"@type\":\"WebPage\",\"@id\":\"https:\/\/dicodusport.fr\/blog\/barrages-pro-d2-un-duel-qui-respire-lancien-temps-entre-colomiers-et-montauban\/\",\"url\":\"https:\/\/dicodusport.fr\/blog\/barrages-pro-d2-un-duel-qui-respire-lancien-temps-entre-colomiers-et-montauban\/\",\"name\":\"Barrages Pro D2 : Un duel qui respire l'ancien temps entre Colomiers et Montauban\",\"isPartOf\":{\"@id\":\"https:\/\/dicodusport.fr\/blog\/#website\"},\"primaryImageOfPage\":{\"@id\":\"https:\/\/dicodusport.fr\/blog\/barrages-pro-d2-un-duel-qui-respire-lancien-temps-entre-colomiers-et-montauban\/#primaryimage\"},\"image\":{\"@id\":\"https:\/\/dicodusport.fr\/blog\/barrages-pro-d2-un-duel-qui-respire-lancien-temps-entre-colomiers-et-montauban\/#primaryimage\"},\"thumbnailUrl\":\"https:\/\/dicodusport.fr\/blog\/wp-content\/uploads\/2025\/05\/Barrages-Pro-D2-Un-duel-qui-respire-lancien-temps-entre-Colomiers-et-Montauban.png\",\"datePublished\":\"2025-05-22T10:00:16+00:00\",\"dateModified\":\"2025-05-22T14:52:25+00:00\",\"description\":\"PRO D2 2024\/2025 - Apr\u00e8s quelques saisons compliqu\u00e9es, Colomiers et Montauban ont totalement reverdi cette saison.\",\"breadcrumb\":{\"@id\":\"https:\/\/dicodusport.fr\/blog\/barrages-pro-d2-un-duel-qui-respire-lancien-temps-entre-colomiers-et-montauban\/#breadcrumb\"},\"inLanguage\":\"fr-FR\",\"potentialAction\":[{\"@type\":\"ReadAction\",\"target\":[\"https:\/\/dicodusport.fr\/blog\/barrages-pro-d2-un-duel-qui-respire-lancien-temps-entre-colomiers-et-montauban\/\"]}]},{\"@type\":\"ImageObject\",\"inLanguage\":\"fr-FR\",\"@id\":\"https:\/\/dicodusport.fr\/blog\/barrages-pro-d2-un-duel-qui-respire-lancien-temps-entre-colomiers-et-montauban\/#primaryimage\",\"url\":\"https:\/\/dicodusport.fr\/blog\/wp-content\/uploads\/2025\/05\/Barrages-Pro-D2-Un-duel-qui-respire-lancien-temps-entre-Colomiers-et-Montauban.png\",\"contentUrl\":\"https:\/\/dicodusport.fr\/blog\/wp-content\/uploads\/2025\/05\/Barrages-Pro-D2-Un-duel-qui-respire-lancien-temps-entre-Colomiers-et-Montauban.png\",\"width\":1200,\"height\":674,\"caption\":\"Barrages Pro D2 Un duel qui respire l'ancien temps entre Colomiers et Montauban\"},{\"@type\":\"BreadcrumbList\",\"@id\":\"https:\/\/dicodusport.fr\/blog\/barrages-pro-d2-un-duel-qui-respire-lancien-temps-entre-colomiers-et-montauban\/#breadcrumb\",\"itemListElement\":[{\"@type\":\"ListItem\",\"position\":1,\"name\":\"Accueil\",\"item\":\"https:\/\/dicodusport.fr\/blog\/\"},{\"@type\":\"ListItem\",\"position\":2,\"name\":\"Barrages Pro D2 : Un duel qui respire l&rsquo;ancien temps entre Colomiers et Montauban\"}]},{\"@type\":\"WebSite\",\"@id\":\"https:\/\/dicodusport.fr\/blog\/#website\",\"url\":\"https:\/\/dicodusport.fr\/blog\/\",\"name\":\"Dicodusport\",\"description\":\"L&#039;encyclop\u00e9die de l&#039;actualit\u00e9 sportive\",\"publisher\":{\"@id\":\"https:\/\/dicodusport.fr\/blog\/#organization\"},\"potentialAction\":[{\"@type\":\"SearchAction\",\"target\":{\"@type\":\"EntryPoint\",\"urlTemplate\":\"https:\/\/dicodusport.fr\/blog\/?s={search_term_string}\"},\"query-input\":{\"@type\":\"PropertyValueSpecification\",\"valueRequired\":true,\"valueName\":\"search_term_string\"}}],\"inLanguage\":\"fr-FR\"},{\"@type\":\"NewsMediaOrganization\",\"@id\":\"https:\/\/dicodusport.fr\/blog\/#organization\",\"name\":\"Dicodusport\",\"url\":\"https:\/\/dicodusport.fr\/blog\/\",\"logo\":{\"@type\":\"ImageObject\",\"inLanguage\":\"fr-FR\",\"@id\":\"https:\/\/dicodusport.fr\/blog\/#\/schema\/logo\/image\/\",\"url\":\"https:\/\/dicodusport.fr\/blog\/wp-content\/uploads\/2020\/06\/cropped-LOGO-DICODUSPORT-2020-SANS-FOND-SANS-TEXTE.png\",\"contentUrl\":\"https:\/\/dicodusport.fr\/blog\/wp-content\/uploads\/2020\/06\/cropped-LOGO-DICODUSPORT-2020-SANS-FOND-SANS-TEXTE.png\",\"width\":512,\"height\":512,\"caption\":\"Dicodusport\"},\"image\":{\"@id\":\"https:\/\/dicodusport.fr\/blog\/#\/schema\/logo\/image\/\"},\"sameAs\":[\"https:\/\/www.facebook.com\/dicodusport\",\"https:\/\/x.com\/dicodusport\",\"https:\/\/www.instagram.com\/dicodusport\/\",\"https:\/\/www.youtube.com\/channel\/UC7V2KZ5sd3htJivAbA4ZG3w\"],\"description\":\"Dicodusport est l'encyclop\u00e9die de l'actualit\u00e9 sportive.\",\"email\":\"bonjour@dicodusport.fr\",\"legalName\":\"DICODUSPORT\",\"foundingDate\":\"2018-01-14\",\"vatID\":\"FR71834470973\",\"taxID\":\"83447097300043\",\"numberOfEmployees\":{\"@type\":\"QuantitativeValue\",\"minValue\":\"1\",\"maxValue\":\"10\"}},{\"@type\":\"Person\",\"@id\":\"https:\/\/dicodusport.fr\/blog\/#\/schema\/person\/d603dd7da31fb2b46c82b9835a77ec13\",\"name\":\"Etienne Goursaud\",\"image\":{\"@type\":\"ImageObject\",\"inLanguage\":\"fr-FR\",\"@id\":\"https:\/\/dicodusport.fr\/blog\/#\/schema\/person\/image\/\",\"url\":\"https:\/\/dicodusport.fr\/blog\/wp-content\/uploads\/2023\/12\/410122264_10231602061736049_5565839791558026645_n-150x150.jpg\",\"contentUrl\":\"https:\/\/dicodusport.fr\/blog\/wp-content\/uploads\/2023\/12\/410122264_10231602061736049_5565839791558026645_n-150x150.jpg\",\"caption\":\"Etienne Goursaud\"},\"description\":\"Journaliste et amoureux de sport. Ancien footballeur reconverti athl\u00e8te quand ses muscles le laissent tranquille. \u00c9lev\u00e9 \u00e0 la sauce des exploits de Thomas Voeckler en 2004, du dernier essai de l\u00e9gende de Eunice Barber \u00e0 la longueur lors des championnats du monde d'athl\u00e9tisme de 2003 mais aussi Zidane, Omeyer et Titou Lamaison.\",\"url\":\"https:\/\/dicodusport.fr\/blog\/author\/etienne-goursaud\/\"}]}<\/script>\n<!-- \/ Yoast SEO Premium plugin. -->","yoast_head_json":{"title":"Barrages Pro D2 : Un duel qui respire l'ancien temps entre Colomiers et Montauban","description":"PRO D2 2024\/2025 - Apr\u00e8s quelques saisons compliqu\u00e9es, Colomiers et Montauban ont totalement reverdi cette saison.","robots":{"index":"index","follow":"follow","max-snippet":"max-snippet:-1","max-image-preview":"max-image-preview:large","max-video-preview":"max-video-preview:-1"},"canonical":"https:\/\/dicodusport.fr\/blog\/barrages-pro-d2-un-duel-qui-respire-lancien-temps-entre-colomiers-et-montauban\/","og_locale":"fr_FR","og_type":"article","og_title":"Barrages Pro D2 : Un duel qui respire l'ancien temps entre Colomiers et Montauban","og_description":"PRO D2 2024\/2025 - Apr\u00e8s quelques saisons compliqu\u00e9es, Colomiers et Montauban ont totalement reverdi cette saison.","og_url":"https:\/\/dicodusport.fr\/blog\/barrages-pro-d2-un-duel-qui-respire-lancien-temps-entre-colomiers-et-montauban\/","og_site_name":"Dicodusport","article_publisher":"https:\/\/www.facebook.com\/dicodusport","article_published_time":"2025-05-22T10:00:16+00:00","article_modified_time":"2025-05-22T14:52:25+00:00","og_image":[{"width":1200,"height":674,"url":"https:\/\/dicodusport.fr\/blog\/wp-content\/uploads\/2025\/05\/Barrages-Pro-D2-Un-duel-qui-respire-lancien-temps-entre-Colomiers-et-Montauban.png","type":"image\/png"}],"author":"Etienne Goursaud","twitter_card":"summary_large_image","twitter_title":"Barrages Pro D2 : Un duel qui respire l'ancien temps entre Colomiers et Montauban","twitter_creator":"@dicodusport","twitter_site":"@dicodusport","schema":{"@context":"https:\/\/schema.org","@graph":[{"@type":"NewsArticle","@id":"https:\/\/dicodusport.fr\/blog\/barrages-pro-d2-un-duel-qui-respire-lancien-temps-entre-colomiers-et-montauban\/#article","isPartOf":{"@id":"https:\/\/dicodusport.fr\/blog\/barrages-pro-d2-un-duel-qui-respire-lancien-temps-entre-colomiers-et-montauban\/"},"author":{"name":"Etienne Goursaud","@id":"https:\/\/dicodusport.fr\/blog\/#\/schema\/person\/d603dd7da31fb2b46c82b9835a77ec13"},"headline":"Barrages Pro D2 : Un duel qui respire l&rsquo;ancien temps entre Colomiers et Montauban","datePublished":"2025-05-22T10:00:16+00:00","dateModified":"2025-05-22T14:52:25+00:00","mainEntityOfPage":{"@id":"https:\/\/dicodusport.fr\/blog\/barrages-pro-d2-un-duel-qui-respire-lancien-temps-entre-colomiers-et-montauban\/"},"wordCount":1203,"commentCount":0,"publisher":{"@id":"https:\/\/dicodusport.fr\/blog\/#organization"},"image":{"@id":"https:\/\/dicodusport.fr\/blog\/barrages-pro-d2-un-duel-qui-respire-lancien-temps-entre-colomiers-et-montauban\/#primaryimage"},"thumbnailUrl":"https:\/\/dicodusport.fr\/blog\/wp-content\/uploads\/2025\/05\/Barrages-Pro-D2-Un-duel-qui-respire-lancien-temps-entre-Colomiers-et-Montauban.png","keywords":["actu","br\u00e8ve","Colomiers Rugby","Rugby"],"articleSection":["Rugby \u00e0 XV"],"inLanguage":"fr-FR","potentialAction":[{"@type":"CommentAction","name":"Comment","target":["https:\/\/dicodusport.fr\/blog\/barrages-pro-d2-un-duel-qui-respire-lancien-temps-entre-colomiers-et-montauban\/#respond"]}],"copyrightYear":"2025","copyrightHolder":{"@id":"https:\/\/dicodusport.fr\/blog\/#organization"}},{"@type":"WebPage","@id":"https:\/\/dicodusport.fr\/blog\/barrages-pro-d2-un-duel-qui-respire-lancien-temps-entre-colomiers-et-montauban\/","url":"https:\/\/dicodusport.fr\/blog\/barrages-pro-d2-un-duel-qui-respire-lancien-temps-entre-colomiers-et-montauban\/","name":"Barrages Pro D2 : Un duel qui respire l'ancien temps entre Colomiers et Montauban","isPartOf":{"@id":"https:\/\/dicodusport.fr\/blog\/#website"},"primaryImageOfPage":{"@id":"https:\/\/dicodusport.fr\/blog\/barrages-pro-d2-un-duel-qui-respire-lancien-temps-entre-colomiers-et-montauban\/#primaryimage"},"image":{"@id":"https:\/\/dicodusport.fr\/blog\/barrages-pro-d2-un-duel-qui-respire-lancien-temps-entre-colomiers-et-montauban\/#primaryimage"},"thumbnailUrl":"https:\/\/dicodusport.fr\/blog\/wp-content\/uploads\/2025\/05\/Barrages-Pro-D2-Un-duel-qui-respire-lancien-temps-entre-Colomiers-et-Montauban.png","datePublished":"2025-05-22T10:00:16+00:00","dateModified":"2025-05-22T14:52:25+00:00","description":"PRO D2 2024\/2025 - Apr\u00e8s quelques saisons compliqu\u00e9es, Colomiers et Montauban ont totalement reverdi cette saison.","breadcrumb":{"@id":"https:\/\/dicodusport.fr\/blog\/barrages-pro-d2-un-duel-qui-respire-lancien-temps-entre-colomiers-et-montauban\/#breadcrumb"},"inLanguage":"fr-FR","potentialAction":[{"@type":"ReadAction","target":["https:\/\/dicodusport.fr\/blog\/barrages-pro-d2-un-duel-qui-respire-lancien-temps-entre-colomiers-et-montauban\/"]}]},{"@type":"ImageObject","inLanguage":"fr-FR","@id":"https:\/\/dicodusport.fr\/blog\/barrages-pro-d2-un-duel-qui-respire-lancien-temps-entre-colomiers-et-montauban\/#primaryimage","url":"https:\/\/dicodusport.fr\/blog\/wp-content\/uploads\/2025\/05\/Barrages-Pro-D2-Un-duel-qui-respire-lancien-temps-entre-Colomiers-et-Montauban.png","contentUrl":"https:\/\/dicodusport.fr\/blog\/wp-content\/uploads\/2025\/05\/Barrages-Pro-D2-Un-duel-qui-respire-lancien-temps-entre-Colomiers-et-Montauban.png","width":1200,"height":674,"caption":"Barrages Pro D2 Un duel qui respire l'ancien temps entre Colomiers et Montauban"},{"@type":"BreadcrumbList","@id":"https:\/\/dicodusport.fr\/blog\/barrages-pro-d2-un-duel-qui-respire-lancien-temps-entre-colomiers-et-montauban\/#breadcrumb","itemListElement":[{"@type":"ListItem","position":1,"name":"Accueil","item":"https:\/\/dicodusport.fr\/blog\/"},{"@type":"ListItem","position":2,"name":"Barrages Pro D2 : Un duel qui respire l&rsquo;ancien temps entre Colomiers et Montauban"}]},{"@type":"WebSite","@id":"https:\/\/dicodusport.fr\/blog\/#website","url":"https:\/\/dicodusport.fr\/blog\/","name":"Dicodusport","description":"L&#039;encyclop\u00e9die de l&#039;actualit\u00e9 sportive","publisher":{"@id":"https:\/\/dicodusport.fr\/blog\/#organization"},"potentialAction":[{"@type":"SearchAction","target":{"@type":"EntryPoint","urlTemplate":"https:\/\/dicodusport.fr\/blog\/?s={search_term_string}"},"query-input":{"@type":"PropertyValueSpecification","valueRequired":true,"valueName":"search_term_string"}}],"inLanguage":"fr-FR"},{"@type":"NewsMediaOrganization","@id":"https:\/\/dicodusport.fr\/blog\/#organization","name":"Dicodusport","url":"https:\/\/dicodusport.fr\/blog\/","logo":{"@type":"ImageObject","inLanguage":"fr-FR","@id":"https:\/\/dicodusport.fr\/blog\/#\/schema\/logo\/image\/","url":"https:\/\/dicodusport.fr\/blog\/wp-content\/uploads\/2020\/06\/cropped-LOGO-DICODUSPORT-2020-SANS-FOND-SANS-TEXTE.png","contentUrl":"https:\/\/dicodusport.fr\/blog\/wp-content\/uploads\/2020\/06\/cropped-LOGO-DICODUSPORT-2020-SANS-FOND-SANS-TEXTE.png","width":512,"height":512,"caption":"Dicodusport"},"image":{"@id":"https:\/\/dicodusport.fr\/blog\/#\/schema\/logo\/image\/"},"sameAs":["https:\/\/www.facebook.com\/dicodusport","https:\/\/x.com\/dicodusport","https:\/\/www.instagram.com\/dicodusport\/","https:\/\/www.youtube.com\/channel\/UC7V2KZ5sd3htJivAbA4ZG3w"],"description":"Dicodusport est l'encyclop\u00e9die de l'actualit\u00e9 sportive.","email":"bonjour@dicodusport.fr","legalName":"DICODUSPORT","foundingDate":"2018-01-14","vatID":"FR71834470973","taxID":"83447097300043","numberOfEmployees":{"@type":"QuantitativeValue","minValue":"1","maxValue":"10"}},{"@type":"Person","@id":"https:\/\/dicodusport.fr\/blog\/#\/schema\/person\/d603dd7da31fb2b46c82b9835a77ec13","name":"Etienne Goursaud","image":{"@type":"ImageObject","inLanguage":"fr-FR","@id":"https:\/\/dicodusport.fr\/blog\/#\/schema\/person\/image\/","url":"https:\/\/dicodusport.fr\/blog\/wp-content\/uploads\/2023\/12\/410122264_10231602061736049_5565839791558026645_n-150x150.jpg","contentUrl":"https:\/\/dicodusport.fr\/blog\/wp-content\/uploads\/2023\/12\/410122264_10231602061736049_5565839791558026645_n-150x150.jpg","caption":"Etienne Goursaud"},"description":"Journaliste et amoureux de sport. Ancien footballeur reconverti athl\u00e8te quand ses muscles le laissent tranquille. \u00c9lev\u00e9 \u00e0 la sauce des exploits de Thomas Voeckler en 2004, du dernier essai de l\u00e9gende de Eunice Barber \u00e0 la longueur lors des championnats du monde d'athl\u00e9tisme de 2003 mais aussi Zidane, Omeyer et Titou Lamaison.","url":"https:\/\/dicodusport.fr\/blog\/author\/etienne-goursaud\/"}]}},"_links":{"self":[{"href":"https:\/\/dicodusport.fr\/blog\/wp-json\/wp\/v2\/posts\/580453","targetHints":{"allow":["GET"]}}],"collection":[{"href":"https:\/\/dicodusport.fr\/blog\/wp-json\/wp\/v2\/posts"}],"about":[{"href":"https:\/\/dicodusport.fr\/blog\/wp-json\/wp\/v2\/types\/post"}],"author":[{"embeddable":true,"href":"https:\/\/dicodusport.fr\/blog\/wp-json\/wp\/v2\/users\/83"}],"replies":[{"embeddable":true,"href":"https:\/\/dicodusport.fr\/blog\/wp-json\/wp\/v2\/comments?post=580453"}],"version-history":[{"count":6,"href":"https:\/\/dicodusport.fr\/blog\/wp-json\/wp\/v2\/posts\/580453\/revisions"}],"predecessor-version":[{"id":581015,"href":"https:\/\/dicodusport.fr\/blog\/wp-json\/wp\/v2\/posts\/580453\/revisions\/581015"}],"wp:featuredmedia":[{"embeddable":true,"href":"https:\/\/dicodusport.fr\/blog\/wp-json\/wp\/v2\/media\/580846"}],"wp:attachment":[{"href":"https:\/\/dicodusport.fr\/blog\/wp-json\/wp\/v2\/media?parent=580453"}],"wp:term":[{"taxonomy":"category","embeddable":true,"href":"https:\/\/dicodusport.fr\/blog\/wp-json\/wp\/v2\/categories?post=580453"},{"taxonomy":"post_tag","embeddable":true,"href":"https:\/\/dicodusport.fr\/blog\/wp-json\/wp\/v2\/tags?post=580453"}],"curies":[{"name":"wp","href":"https:\/\/api.w.org\/{rel}","templated":true}]}}