{"id":580467,"date":"2025-05-20T16:58:55","date_gmt":"2025-05-20T14:58:55","guid":{"rendered":"https:\/\/dicodusport.fr\/blog\/?p=580467&#038;preview=true&#038;preview_id=580467"},"modified":"2025-05-20T16:58:55","modified_gmt":"2025-05-20T14:58:55","slug":"betclic-elite-matthew-strazel-sinscrit-sur-le-long-terme-avec-monaco","status":"publish","type":"post","link":"https:\/\/dicodusport.fr\/blog\/betclic-elite-matthew-strazel-sinscrit-sur-le-long-terme-avec-monaco\/","title":{"rendered":"Betclic \u00c9lite : Matthew Strazel s\u2019inscrit sur le long terme avec Monaco"},"content":{"rendered":"<h4 style=\"text-align: justify;\"><em>BETCLIC <\/em><em>\u00c9<\/em><em>LITE &#8211; Matthew Strazel va rester sur le long terme avec l\u2019AS Monaco Basket. Le m\u00e9daill\u00e9 d\u2019argent des JO de Paris a sign\u00e9 une prolongation de contrat jusqu\u2019en 2029.<\/em><\/h4>\n<ul style=\"text-align: justify;\">\n<li><strong>\u00c0 ce sujet \u2013\u00a0<a href=\"https:\/\/dicodusport.fr\/blog\/play-in-et-playoffs-euroligue-2024-2025-calendrier-et-resultats\/\">Play-in et Playoffs EuroLigue 2024-2025 : Calendrier et r\u00e9sultats<\/a><\/strong><\/li>\n<\/ul>\n<p style=\"text-align: justify;\">Quand on y tient, on prolonge. Auteur d\u2019une tr\u00e8s bonne saison avec Monaco, <strong>Matthew Strazel<\/strong> (1,82m) voit son contrat prolong\u00e9 jusqu\u2019en 2029 dans la Principaut\u00e9, a annonc\u00e9 son club ce mardi 20 mai. Arriv\u00e9 en 2022, il s\u2019est d\u00e9j\u00e0 impos\u00e9 comme un joueur phare de l\u2019\u00e9quipe mon\u00e9gasque, r\u00e9guli\u00e8rement titulaire \u00e0 c\u00f4t\u00e9 de <strong>Mike James<\/strong> (34 ans) sur le <em>backcourt<\/em>.<\/p>\n<blockquote class=\"twitter-tweet\">\n<p dir=\"ltr\" lang=\"fr\">\ud83d\ude80 En route vers le Final Four de l&rsquo;Euroleague, Matthew Strazel prolonge l&rsquo;aventure avec la <a href=\"https:\/\/twitter.com\/hashtag\/RocaTeam?src=hash&amp;ref_src=twsrc%5Etfw\">#RocaTeam<\/a> ! \ud83d\udc8e<\/p>\n<p>\ud83c\udf1f Le m\u00e9daill\u00e9 d&rsquo;argent olympique et quadruple champion de France reste sur le Rocher jusqu&rsquo;en 2029 \ud83c\uddf2\ud83c\udde8\ud83d\udd12<\/p>\n<p>\ud83d\udde3 Communiqu\u00e9 et r\u00e9action \u00e0 retrouver sur notre site \ud83d\udcdd\u2026 <a href=\"https:\/\/t.co\/b9KZZ7reT9\">pic.twitter.com\/b9KZZ7reT9<\/a><\/p>\n<p>\u2014 AS Monaco Basket \ud83c\uddf2\ud83c\udde8 (@ASMonaco_Basket) <a href=\"https:\/\/twitter.com\/ASMonaco_Basket\/status\/1924831500333109615?ref_src=twsrc%5Etfw\">May 20, 2025<\/a><\/p><\/blockquote>\n<p style=\"text-align: justify;\"><script async src=\"https:\/\/platform.twitter.com\/widgets.js\" charset=\"utf-8\"><\/script><\/p>\n<h2 style=\"text-align: justify;\">Le Final Four en guise de confirmation d&rsquo;une grosse saison pour Strazel et Monaco ?<\/h2>\n<blockquote>\n<p style=\"text-align: justify;\">Je me sens comme \u00e0 la maison, ici \u00e0 Monaco. Je ne demande que \u00e7a, trouver une maison, avec une organisation et un club qui est ambitieux. Les dirigeants sont pr\u00eats \u00e0 miser sur moi, c\u2019est pour cette raison que j\u2019ai d\u00e9cid\u00e9 de signer un nouveau contrat. Je veux continuer \u00e0 avancer, \u00e0 progresser, que ce soit individuellement ou collectivement avec cette \u00e9quipe. J\u2019ai h\u00e2te de continuer et voir ce que le club va devenir dans les prochaines ann\u00e9es.<\/p>\n<\/blockquote>\n<p style=\"text-align: justify;\">Voil\u00e0 ce qu&rsquo;il d\u00e9clare dans le communiqu\u00e9 de son \u00e9quipe. Alors qu\u2019il n\u2019a que 22 ans, <strong>Strazel<\/strong> est l\u2019une des incarnations du projet de l\u2019AS Monaco Basket, qualifi\u00e9 pour le Final Four. Il avait un temps \u00e9t\u00e9 annonc\u00e9 proche du Paris Basketball, ou d\u2019autres \u00e9quipes d\u2019EuroLigue. Monaco a d\u00e9cid\u00e9 de le s\u00e9curiser.<\/p>\n<ul style=\"text-align: justify;\">\n<li><strong>\u00c0 lire aussi &#8211; <a href=\"https:\/\/dicodusport.fr\/blog\/euroligue-lheure-de-lavenement-pour-matthew-strazel\/\">EuroLigue\u00a0: L\u2019heure de l\u2019av\u00e8nement pour Matthew Strazel<\/a><\/strong><\/li>\n<\/ul>\n<p style=\"text-align: justify;\">Place d\u00e9sormais au Final Four pour <strong>Monaco<\/strong>, le deuxi\u00e8me pour <strong>Strazel<\/strong>. \u00c0 Abu Dhabi, le meneur et ses co\u00e9quipiers d\u00e9fieront l\u2019Olympiakos le 23 mai. Brillant en Playoffs d\u2019EuroLigue face au FC Barcelone (10 points et 4 passes de moyenne), le meneur international (14 s\u00e9lections) est aussi quadruple champion de France (2021 et 2022 avec l\u2019ASVEL, 2023 et 2024 avec Monaco). <strong>Matthew Strazel<\/strong> n&rsquo;a que 22 ans. Mais il est capable de prendre ses responsabilit\u00e9s, comme lors du troisi\u00e8me match en poules lors des JO de Paris avec l&rsquo;\u00c9quipe de France.<\/p>\n<h2 style=\"text-align: justify;\">\u00c0 lire aussi<\/h2>\n<div class=\"vlp-link-container vlp-layout-article\"><a href=\"https:\/\/dicodusport.fr\/blog\/playoffs-euroligue-au-terme-dun-match-5-legendaire-monaco-terrasse-le-barca-et-rallie-le-final-four\/\" class=\"vlp-link\" title=\"Playoffs EuroLigue : Au terme d&#039;un match 5 l\u00e9gendaire, Monaco terrasse le Bar\u00e7a et rallie le Final Four\"><\/a><div class=\"vlp-layout-zone-side\"><div class=\"vlp-block-4 vlp-link-image\"><img loading=\"lazy\" decoding=\"async\" style=\"max-width: 792px;\" width=\"792\" height=\"445\" src=\"https:\/\/dicodusport.fr\/blog\/wp-content\/uploads\/2025\/05\/Playoffs-EuroLigue-Au-terme-dun-match-5-legendaire-Monaco-terrasse-le-Barca-et-rallie-le-Final-Four.png\" class=\"attachment-800x445 size-800x445\" alt=\"Playoffs EuroLigue Au terme d&#039;un match 5 l\u00e9gendaire, Monaco terrasse le Bar\u00e7a et rallie le Final Four\" srcset=\"https:\/\/dicodusport.fr\/blog\/wp-content\/uploads\/2025\/05\/Playoffs-EuroLigue-Au-terme-dun-match-5-legendaire-Monaco-terrasse-le-Barca-et-rallie-le-Final-Four.png 1200w, https:\/\/dicodusport.fr\/blog\/wp-content\/uploads\/2025\/05\/Playoffs-EuroLigue-Au-terme-dun-match-5-legendaire-Monaco-terrasse-le-Barca-et-rallie-le-Final-Four-300x169.png 300w, https:\/\/dicodusport.fr\/blog\/wp-content\/uploads\/2025\/05\/Playoffs-EuroLigue-Au-terme-dun-match-5-legendaire-Monaco-terrasse-le-Barca-et-rallie-le-Final-Four-1024x575.png 1024w, https:\/\/dicodusport.fr\/blog\/wp-content\/uploads\/2025\/05\/Playoffs-EuroLigue-Au-terme-dun-match-5-legendaire-Monaco-terrasse-le-Barca-et-rallie-le-Final-Four-768x431.png 768w\" sizes=\"auto, (max-width: 792px) 100vw, 792px\" \/><\/div><\/div><div class=\"vlp-layout-zone-main\"><div class=\"vlp-block-0 vlp-link-title\">Playoffs EuroLigue : Au terme d'un match 5 l\u00e9gendaire, Monaco terrasse le Bar\u00e7a et rallie le Final Four<\/div><div class=\"vlp-block-1 vlp-link-summary\">Port\u00e9 par un Mike James imp\u00e9rial (20 points), Monaco d\u00e9croche son billet pour les demi-finales de l\u2019EuroLigue.<\/div><div class=\"vlp-block-2 vlp-link-button\">Lire l'article<\/div><div class=\"vlp-block-3 vlp-link-url\">dicodusport.fr<\/div><\/div><\/div>\n","protected":false},"excerpt":{"rendered":"<p>BETCLIC \u00c9LITE &#8211; Matthew Strazel va rester sur le long terme avec l\u2019AS Monaco Basket. Le m\u00e9daill\u00e9 d\u2019argent des JO de Paris a sign\u00e9 une prolongation de contrat jusqu\u2019en 2029.<\/p>\n","protected":false},"author":88,"featured_media":580492,"comment_status":"open","ping_status":"closed","sticky":false,"template":"","format":"standard","meta":{"_acf_changed":false,"_daextam_enable_autolinks":"1","footnotes":""},"categories":[46998,47001],"tags":[16232,16878,17961],"class_list":["post-580467","post","type-post","status-publish","format-standard","has-post-thumbnail","hentry","category-betclic-elite","category-euroligue","tag-as-monaco-basket","tag-breve","tag-matthew-strazel"],"acf":[],"yoast_head":"<!-- This site is optimized with the Yoast SEO Premium plugin v26.7 (Yoast SEO v26.7) - https:\/\/yoast.com\/wordpress\/plugins\/seo\/ -->\n<title>Betclic \u00c9lite : Matthew Strazel s\u2019inscrit sur le long terme avec Monaco<\/title>\n<meta name=\"description\" content=\"BETCLIC \u00c9LITE - Matthew Strazel va rester sur le long terme avec l\u2019AS Monaco, puisqu&#039;il a sign\u00e9 une prolongation de contrat jusqu\u2019en 2029.\" \/>\n<meta name=\"robots\" content=\"index, follow, max-snippet:-1, max-image-preview:large, max-video-preview:-1\" \/>\n<link rel=\"canonical\" href=\"https:\/\/dicodusport.fr\/blog\/betclic-elite-matthew-strazel-sinscrit-sur-le-long-terme-avec-monaco\/\" \/>\n<meta property=\"og:locale\" content=\"fr_FR\" \/>\n<meta property=\"og:type\" content=\"article\" \/>\n<meta property=\"og:title\" content=\"Final Four en vue et prolongation XXL : Strazel s\u2019ancre dans le projet mon\u00e9gasque\" \/>\n<meta property=\"og:description\" content=\"Alors que Monaco jouera le Final Four d&#039;EuroLigue ce weekend, Matthew Strazel a lui d\u00e9j\u00e0 scell\u00e9 son avenir.\" \/>\n<meta property=\"og:url\" content=\"https:\/\/dicodusport.fr\/blog\/betclic-elite-matthew-strazel-sinscrit-sur-le-long-terme-avec-monaco\/\" \/>\n<meta property=\"og:site_name\" content=\"Dicodusport\" \/>\n<meta property=\"article:publisher\" content=\"https:\/\/www.facebook.com\/dicodusport\" \/>\n<meta property=\"article:published_time\" content=\"2025-05-20T14:58:55+00:00\" \/>\n<meta property=\"og:image\" content=\"https:\/\/dicodusport.fr\/blog\/wp-content\/uploads\/2025\/05\/Betclic-Elite-Matthew-Strazel-sinscrit-sur-le-long-terme-avec-Monaco.png\" \/>\n\t<meta property=\"og:image:width\" content=\"1200\" \/>\n\t<meta property=\"og:image:height\" content=\"674\" \/>\n\t<meta property=\"og:image:type\" content=\"image\/png\" \/>\n<meta name=\"author\" content=\"Paul Lalevee\" \/>\n<meta name=\"twitter:card\" content=\"summary_large_image\" \/>\n<meta name=\"twitter:title\" content=\"Final Four en vue et prolongation XXL : Strazel s\u2019ancre dans le projet mon\u00e9gasque\" \/>\n<meta name=\"twitter:description\" content=\"Alors que Monaco jouera le Final Four d&#039;EuroLigue ce weekend, Matthew Strazel a lui d\u00e9j\u00e0 scell\u00e9 son avenir.\" \/>\n<meta name=\"twitter:creator\" content=\"@dicodusport\" \/>\n<meta name=\"twitter:site\" content=\"@dicodusport\" \/>\n<script type=\"application\/ld+json\" class=\"yoast-schema-graph\">{\"@context\":\"https:\/\/schema.org\",\"@graph\":[{\"@type\":\"NewsArticle\",\"@id\":\"https:\/\/dicodusport.fr\/blog\/betclic-elite-matthew-strazel-sinscrit-sur-le-long-terme-avec-monaco\/#article\",\"isPartOf\":{\"@id\":\"https:\/\/dicodusport.fr\/blog\/betclic-elite-matthew-strazel-sinscrit-sur-le-long-terme-avec-monaco\/\"},\"author\":{\"name\":\"Paul Lalevee\",\"@id\":\"https:\/\/dicodusport.fr\/blog\/#\/schema\/person\/1eaa63dfac40b5e5c47f03a71920c1cd\"},\"headline\":\"Betclic \u00c9lite : Matthew Strazel s\u2019inscrit sur le long terme avec Monaco\",\"datePublished\":\"2025-05-20T14:58:55+00:00\",\"mainEntityOfPage\":{\"@id\":\"https:\/\/dicodusport.fr\/blog\/betclic-elite-matthew-strazel-sinscrit-sur-le-long-terme-avec-monaco\/\"},\"wordCount\":521,\"commentCount\":0,\"publisher\":{\"@id\":\"https:\/\/dicodusport.fr\/blog\/#organization\"},\"image\":{\"@id\":\"https:\/\/dicodusport.fr\/blog\/betclic-elite-matthew-strazel-sinscrit-sur-le-long-terme-avec-monaco\/#primaryimage\"},\"thumbnailUrl\":\"https:\/\/dicodusport.fr\/blog\/wp-content\/uploads\/2025\/05\/Betclic-Elite-Matthew-Strazel-sinscrit-sur-le-long-terme-avec-Monaco.png\",\"keywords\":[\"as monaco basket\",\"br\u00e8ve\",\"Matthew Strazel\"],\"articleSection\":[\"Betclic \u00c9lite\",\"EuroLigue\"],\"inLanguage\":\"fr-FR\",\"potentialAction\":[{\"@type\":\"CommentAction\",\"name\":\"Comment\",\"target\":[\"https:\/\/dicodusport.fr\/blog\/betclic-elite-matthew-strazel-sinscrit-sur-le-long-terme-avec-monaco\/#respond\"]}],\"copyrightYear\":\"2025\",\"copyrightHolder\":{\"@id\":\"https:\/\/dicodusport.fr\/blog\/#organization\"}},{\"@type\":\"WebPage\",\"@id\":\"https:\/\/dicodusport.fr\/blog\/betclic-elite-matthew-strazel-sinscrit-sur-le-long-terme-avec-monaco\/\",\"url\":\"https:\/\/dicodusport.fr\/blog\/betclic-elite-matthew-strazel-sinscrit-sur-le-long-terme-avec-monaco\/\",\"name\":\"Betclic \u00c9lite : Matthew Strazel s\u2019inscrit sur le long terme avec Monaco\",\"isPartOf\":{\"@id\":\"https:\/\/dicodusport.fr\/blog\/#website\"},\"primaryImageOfPage\":{\"@id\":\"https:\/\/dicodusport.fr\/blog\/betclic-elite-matthew-strazel-sinscrit-sur-le-long-terme-avec-monaco\/#primaryimage\"},\"image\":{\"@id\":\"https:\/\/dicodusport.fr\/blog\/betclic-elite-matthew-strazel-sinscrit-sur-le-long-terme-avec-monaco\/#primaryimage\"},\"thumbnailUrl\":\"https:\/\/dicodusport.fr\/blog\/wp-content\/uploads\/2025\/05\/Betclic-Elite-Matthew-Strazel-sinscrit-sur-le-long-terme-avec-Monaco.png\",\"datePublished\":\"2025-05-20T14:58:55+00:00\",\"description\":\"BETCLIC \u00c9LITE - Matthew Strazel va rester sur le long terme avec l\u2019AS Monaco, puisqu'il a sign\u00e9 une prolongation de contrat jusqu\u2019en 2029.\",\"breadcrumb\":{\"@id\":\"https:\/\/dicodusport.fr\/blog\/betclic-elite-matthew-strazel-sinscrit-sur-le-long-terme-avec-monaco\/#breadcrumb\"},\"inLanguage\":\"fr-FR\",\"potentialAction\":[{\"@type\":\"ReadAction\",\"target\":[\"https:\/\/dicodusport.fr\/blog\/betclic-elite-matthew-strazel-sinscrit-sur-le-long-terme-avec-monaco\/\"]}]},{\"@type\":\"ImageObject\",\"inLanguage\":\"fr-FR\",\"@id\":\"https:\/\/dicodusport.fr\/blog\/betclic-elite-matthew-strazel-sinscrit-sur-le-long-terme-avec-monaco\/#primaryimage\",\"url\":\"https:\/\/dicodusport.fr\/blog\/wp-content\/uploads\/2025\/05\/Betclic-Elite-Matthew-Strazel-sinscrit-sur-le-long-terme-avec-Monaco.png\",\"contentUrl\":\"https:\/\/dicodusport.fr\/blog\/wp-content\/uploads\/2025\/05\/Betclic-Elite-Matthew-Strazel-sinscrit-sur-le-long-terme-avec-Monaco.png\",\"width\":1200,\"height\":674,\"caption\":\"Betclic \u00c9lite Matthew Strazel s\u2019inscrit sur le long terme avec Monaco\"},{\"@type\":\"BreadcrumbList\",\"@id\":\"https:\/\/dicodusport.fr\/blog\/betclic-elite-matthew-strazel-sinscrit-sur-le-long-terme-avec-monaco\/#breadcrumb\",\"itemListElement\":[{\"@type\":\"ListItem\",\"position\":1,\"name\":\"Accueil\",\"item\":\"https:\/\/dicodusport.fr\/blog\/\"},{\"@type\":\"ListItem\",\"position\":2,\"name\":\"Betclic \u00c9lite : Matthew Strazel s\u2019inscrit sur le long terme avec Monaco\"}]},{\"@type\":\"WebSite\",\"@id\":\"https:\/\/dicodusport.fr\/blog\/#website\",\"url\":\"https:\/\/dicodusport.fr\/blog\/\",\"name\":\"Dicodusport\",\"description\":\"L&#039;encyclop\u00e9die de l&#039;actualit\u00e9 sportive\",\"publisher\":{\"@id\":\"https:\/\/dicodusport.fr\/blog\/#organization\"},\"potentialAction\":[{\"@type\":\"SearchAction\",\"target\":{\"@type\":\"EntryPoint\",\"urlTemplate\":\"https:\/\/dicodusport.fr\/blog\/?s={search_term_string}\"},\"query-input\":{\"@type\":\"PropertyValueSpecification\",\"valueRequired\":true,\"valueName\":\"search_term_string\"}}],\"inLanguage\":\"fr-FR\"},{\"@type\":\"NewsMediaOrganization\",\"@id\":\"https:\/\/dicodusport.fr\/blog\/#organization\",\"name\":\"Dicodusport\",\"url\":\"https:\/\/dicodusport.fr\/blog\/\",\"logo\":{\"@type\":\"ImageObject\",\"inLanguage\":\"fr-FR\",\"@id\":\"https:\/\/dicodusport.fr\/blog\/#\/schema\/logo\/image\/\",\"url\":\"https:\/\/dicodusport.fr\/blog\/wp-content\/uploads\/2020\/06\/cropped-LOGO-DICODUSPORT-2020-SANS-FOND-SANS-TEXTE.png\",\"contentUrl\":\"https:\/\/dicodusport.fr\/blog\/wp-content\/uploads\/2020\/06\/cropped-LOGO-DICODUSPORT-2020-SANS-FOND-SANS-TEXTE.png\",\"width\":512,\"height\":512,\"caption\":\"Dicodusport\"},\"image\":{\"@id\":\"https:\/\/dicodusport.fr\/blog\/#\/schema\/logo\/image\/\"},\"sameAs\":[\"https:\/\/www.facebook.com\/dicodusport\",\"https:\/\/x.com\/dicodusport\",\"https:\/\/www.instagram.com\/dicodusport\/\",\"https:\/\/www.youtube.com\/channel\/UC7V2KZ5sd3htJivAbA4ZG3w\"],\"description\":\"Dicodusport est l'encyclop\u00e9die de l'actualit\u00e9 sportive.\",\"email\":\"bonjour@dicodusport.fr\",\"legalName\":\"DICODUSPORT\",\"foundingDate\":\"2018-01-14\",\"vatID\":\"FR71834470973\",\"taxID\":\"83447097300043\",\"numberOfEmployees\":{\"@type\":\"QuantitativeValue\",\"minValue\":\"1\",\"maxValue\":\"10\"}},{\"@type\":\"Person\",\"@id\":\"https:\/\/dicodusport.fr\/blog\/#\/schema\/person\/1eaa63dfac40b5e5c47f03a71920c1cd\",\"name\":\"Paul Lalevee\",\"image\":{\"@type\":\"ImageObject\",\"inLanguage\":\"fr-FR\",\"@id\":\"https:\/\/dicodusport.fr\/blog\/#\/schema\/person\/image\/\",\"url\":\"https:\/\/dicodusport.fr\/blog\/wp-content\/uploads\/2023\/10\/291154246_1690604071293245_3118259335115946499_n-150x150.jpg\",\"contentUrl\":\"https:\/\/dicodusport.fr\/blog\/wp-content\/uploads\/2023\/10\/291154246_1690604071293245_3118259335115946499_n-150x150.jpg\",\"caption\":\"Paul Lalevee\"},\"description\":\"La bulle Disney pendant le Covid, le Tour 2019, la Coupe du monde 2018. Ces trois \u00e9v\u00e9nements majeurs sont ancr\u00e9s dans ma t\u00eate de fan de sport, n\u00e9gativement ou positivement. Passionn\u00e9 de sport depuis l'enfance, j'ai d\u00e9cid\u00e9 de mettre ma passion de l'\u00e9criture au service de cette premi\u00e8re passion.\",\"url\":\"https:\/\/dicodusport.fr\/blog\/author\/paul-lalevee\/\"}]}<\/script>\n<!-- \/ Yoast SEO Premium plugin. -->","yoast_head_json":{"title":"Betclic \u00c9lite : Matthew Strazel s\u2019inscrit sur le long terme avec Monaco","description":"BETCLIC \u00c9LITE - Matthew Strazel va rester sur le long terme avec l\u2019AS Monaco, puisqu'il a sign\u00e9 une prolongation de contrat jusqu\u2019en 2029.","robots":{"index":"index","follow":"follow","max-snippet":"max-snippet:-1","max-image-preview":"max-image-preview:large","max-video-preview":"max-video-preview:-1"},"canonical":"https:\/\/dicodusport.fr\/blog\/betclic-elite-matthew-strazel-sinscrit-sur-le-long-terme-avec-monaco\/","og_locale":"fr_FR","og_type":"article","og_title":"Final Four en vue et prolongation XXL : Strazel s\u2019ancre dans le projet mon\u00e9gasque","og_description":"Alors que Monaco jouera le Final Four d'EuroLigue ce weekend, Matthew Strazel a lui d\u00e9j\u00e0 scell\u00e9 son avenir.","og_url":"https:\/\/dicodusport.fr\/blog\/betclic-elite-matthew-strazel-sinscrit-sur-le-long-terme-avec-monaco\/","og_site_name":"Dicodusport","article_publisher":"https:\/\/www.facebook.com\/dicodusport","article_published_time":"2025-05-20T14:58:55+00:00","og_image":[{"width":1200,"height":674,"url":"https:\/\/dicodusport.fr\/blog\/wp-content\/uploads\/2025\/05\/Betclic-Elite-Matthew-Strazel-sinscrit-sur-le-long-terme-avec-Monaco.png","type":"image\/png"}],"author":"Paul Lalevee","twitter_card":"summary_large_image","twitter_title":"Final Four en vue et prolongation XXL : Strazel s\u2019ancre dans le projet mon\u00e9gasque","twitter_description":"Alors que Monaco jouera le Final Four d'EuroLigue ce weekend, Matthew Strazel a lui d\u00e9j\u00e0 scell\u00e9 son avenir.","twitter_creator":"@dicodusport","twitter_site":"@dicodusport","schema":{"@context":"https:\/\/schema.org","@graph":[{"@type":"NewsArticle","@id":"https:\/\/dicodusport.fr\/blog\/betclic-elite-matthew-strazel-sinscrit-sur-le-long-terme-avec-monaco\/#article","isPartOf":{"@id":"https:\/\/dicodusport.fr\/blog\/betclic-elite-matthew-strazel-sinscrit-sur-le-long-terme-avec-monaco\/"},"author":{"name":"Paul Lalevee","@id":"https:\/\/dicodusport.fr\/blog\/#\/schema\/person\/1eaa63dfac40b5e5c47f03a71920c1cd"},"headline":"Betclic \u00c9lite : Matthew Strazel s\u2019inscrit sur le long terme avec Monaco","datePublished":"2025-05-20T14:58:55+00:00","mainEntityOfPage":{"@id":"https:\/\/dicodusport.fr\/blog\/betclic-elite-matthew-strazel-sinscrit-sur-le-long-terme-avec-monaco\/"},"wordCount":521,"commentCount":0,"publisher":{"@id":"https:\/\/dicodusport.fr\/blog\/#organization"},"image":{"@id":"https:\/\/dicodusport.fr\/blog\/betclic-elite-matthew-strazel-sinscrit-sur-le-long-terme-avec-monaco\/#primaryimage"},"thumbnailUrl":"https:\/\/dicodusport.fr\/blog\/wp-content\/uploads\/2025\/05\/Betclic-Elite-Matthew-Strazel-sinscrit-sur-le-long-terme-avec-Monaco.png","keywords":["as monaco basket","br\u00e8ve","Matthew Strazel"],"articleSection":["Betclic \u00c9lite","EuroLigue"],"inLanguage":"fr-FR","potentialAction":[{"@type":"CommentAction","name":"Comment","target":["https:\/\/dicodusport.fr\/blog\/betclic-elite-matthew-strazel-sinscrit-sur-le-long-terme-avec-monaco\/#respond"]}],"copyrightYear":"2025","copyrightHolder":{"@id":"https:\/\/dicodusport.fr\/blog\/#organization"}},{"@type":"WebPage","@id":"https:\/\/dicodusport.fr\/blog\/betclic-elite-matthew-strazel-sinscrit-sur-le-long-terme-avec-monaco\/","url":"https:\/\/dicodusport.fr\/blog\/betclic-elite-matthew-strazel-sinscrit-sur-le-long-terme-avec-monaco\/","name":"Betclic \u00c9lite : Matthew Strazel s\u2019inscrit sur le long terme avec Monaco","isPartOf":{"@id":"https:\/\/dicodusport.fr\/blog\/#website"},"primaryImageOfPage":{"@id":"https:\/\/dicodusport.fr\/blog\/betclic-elite-matthew-strazel-sinscrit-sur-le-long-terme-avec-monaco\/#primaryimage"},"image":{"@id":"https:\/\/dicodusport.fr\/blog\/betclic-elite-matthew-strazel-sinscrit-sur-le-long-terme-avec-monaco\/#primaryimage"},"thumbnailUrl":"https:\/\/dicodusport.fr\/blog\/wp-content\/uploads\/2025\/05\/Betclic-Elite-Matthew-Strazel-sinscrit-sur-le-long-terme-avec-Monaco.png","datePublished":"2025-05-20T14:58:55+00:00","description":"BETCLIC \u00c9LITE - Matthew Strazel va rester sur le long terme avec l\u2019AS Monaco, puisqu'il a sign\u00e9 une prolongation de contrat jusqu\u2019en 2029.","breadcrumb":{"@id":"https:\/\/dicodusport.fr\/blog\/betclic-elite-matthew-strazel-sinscrit-sur-le-long-terme-avec-monaco\/#breadcrumb"},"inLanguage":"fr-FR","potentialAction":[{"@type":"ReadAction","target":["https:\/\/dicodusport.fr\/blog\/betclic-elite-matthew-strazel-sinscrit-sur-le-long-terme-avec-monaco\/"]}]},{"@type":"ImageObject","inLanguage":"fr-FR","@id":"https:\/\/dicodusport.fr\/blog\/betclic-elite-matthew-strazel-sinscrit-sur-le-long-terme-avec-monaco\/#primaryimage","url":"https:\/\/dicodusport.fr\/blog\/wp-content\/uploads\/2025\/05\/Betclic-Elite-Matthew-Strazel-sinscrit-sur-le-long-terme-avec-Monaco.png","contentUrl":"https:\/\/dicodusport.fr\/blog\/wp-content\/uploads\/2025\/05\/Betclic-Elite-Matthew-Strazel-sinscrit-sur-le-long-terme-avec-Monaco.png","width":1200,"height":674,"caption":"Betclic \u00c9lite Matthew Strazel s\u2019inscrit sur le long terme avec Monaco"},{"@type":"BreadcrumbList","@id":"https:\/\/dicodusport.fr\/blog\/betclic-elite-matthew-strazel-sinscrit-sur-le-long-terme-avec-monaco\/#breadcrumb","itemListElement":[{"@type":"ListItem","position":1,"name":"Accueil","item":"https:\/\/dicodusport.fr\/blog\/"},{"@type":"ListItem","position":2,"name":"Betclic \u00c9lite : Matthew Strazel s\u2019inscrit sur le long terme avec Monaco"}]},{"@type":"WebSite","@id":"https:\/\/dicodusport.fr\/blog\/#website","url":"https:\/\/dicodusport.fr\/blog\/","name":"Dicodusport","description":"L&#039;encyclop\u00e9die de l&#039;actualit\u00e9 sportive","publisher":{"@id":"https:\/\/dicodusport.fr\/blog\/#organization"},"potentialAction":[{"@type":"SearchAction","target":{"@type":"EntryPoint","urlTemplate":"https:\/\/dicodusport.fr\/blog\/?s={search_term_string}"},"query-input":{"@type":"PropertyValueSpecification","valueRequired":true,"valueName":"search_term_string"}}],"inLanguage":"fr-FR"},{"@type":"NewsMediaOrganization","@id":"https:\/\/dicodusport.fr\/blog\/#organization","name":"Dicodusport","url":"https:\/\/dicodusport.fr\/blog\/","logo":{"@type":"ImageObject","inLanguage":"fr-FR","@id":"https:\/\/dicodusport.fr\/blog\/#\/schema\/logo\/image\/","url":"https:\/\/dicodusport.fr\/blog\/wp-content\/uploads\/2020\/06\/cropped-LOGO-DICODUSPORT-2020-SANS-FOND-SANS-TEXTE.png","contentUrl":"https:\/\/dicodusport.fr\/blog\/wp-content\/uploads\/2020\/06\/cropped-LOGO-DICODUSPORT-2020-SANS-FOND-SANS-TEXTE.png","width":512,"height":512,"caption":"Dicodusport"},"image":{"@id":"https:\/\/dicodusport.fr\/blog\/#\/schema\/logo\/image\/"},"sameAs":["https:\/\/www.facebook.com\/dicodusport","https:\/\/x.com\/dicodusport","https:\/\/www.instagram.com\/dicodusport\/","https:\/\/www.youtube.com\/channel\/UC7V2KZ5sd3htJivAbA4ZG3w"],"description":"Dicodusport est l'encyclop\u00e9die de l'actualit\u00e9 sportive.","email":"bonjour@dicodusport.fr","legalName":"DICODUSPORT","foundingDate":"2018-01-14","vatID":"FR71834470973","taxID":"83447097300043","numberOfEmployees":{"@type":"QuantitativeValue","minValue":"1","maxValue":"10"}},{"@type":"Person","@id":"https:\/\/dicodusport.fr\/blog\/#\/schema\/person\/1eaa63dfac40b5e5c47f03a71920c1cd","name":"Paul Lalevee","image":{"@type":"ImageObject","inLanguage":"fr-FR","@id":"https:\/\/dicodusport.fr\/blog\/#\/schema\/person\/image\/","url":"https:\/\/dicodusport.fr\/blog\/wp-content\/uploads\/2023\/10\/291154246_1690604071293245_3118259335115946499_n-150x150.jpg","contentUrl":"https:\/\/dicodusport.fr\/blog\/wp-content\/uploads\/2023\/10\/291154246_1690604071293245_3118259335115946499_n-150x150.jpg","caption":"Paul Lalevee"},"description":"La bulle Disney pendant le Covid, le Tour 2019, la Coupe du monde 2018. Ces trois \u00e9v\u00e9nements majeurs sont ancr\u00e9s dans ma t\u00eate de fan de sport, n\u00e9gativement ou positivement. Passionn\u00e9 de sport depuis l'enfance, j'ai d\u00e9cid\u00e9 de mettre ma passion de l'\u00e9criture au service de cette premi\u00e8re passion.","url":"https:\/\/dicodusport.fr\/blog\/author\/paul-lalevee\/"}]}},"_links":{"self":[{"href":"https:\/\/dicodusport.fr\/blog\/wp-json\/wp\/v2\/posts\/580467","targetHints":{"allow":["GET"]}}],"collection":[{"href":"https:\/\/dicodusport.fr\/blog\/wp-json\/wp\/v2\/posts"}],"about":[{"href":"https:\/\/dicodusport.fr\/blog\/wp-json\/wp\/v2\/types\/post"}],"author":[{"embeddable":true,"href":"https:\/\/dicodusport.fr\/blog\/wp-json\/wp\/v2\/users\/88"}],"replies":[{"embeddable":true,"href":"https:\/\/dicodusport.fr\/blog\/wp-json\/wp\/v2\/comments?post=580467"}],"version-history":[{"count":4,"href":"https:\/\/dicodusport.fr\/blog\/wp-json\/wp\/v2\/posts\/580467\/revisions"}],"predecessor-version":[{"id":580497,"href":"https:\/\/dicodusport.fr\/blog\/wp-json\/wp\/v2\/posts\/580467\/revisions\/580497"}],"wp:featuredmedia":[{"embeddable":true,"href":"https:\/\/dicodusport.fr\/blog\/wp-json\/wp\/v2\/media\/580492"}],"wp:attachment":[{"href":"https:\/\/dicodusport.fr\/blog\/wp-json\/wp\/v2\/media?parent=580467"}],"wp:term":[{"taxonomy":"category","embeddable":true,"href":"https:\/\/dicodusport.fr\/blog\/wp-json\/wp\/v2\/categories?post=580467"},{"taxonomy":"post_tag","embeddable":true,"href":"https:\/\/dicodusport.fr\/blog\/wp-json\/wp\/v2\/tags?post=580467"}],"curies":[{"name":"wp","href":"https:\/\/api.w.org\/{rel}","templated":true}]}}