{"id":58051,"date":"2020-01-26T15:36:16","date_gmt":"2020-01-26T14:36:16","guid":{"rendered":"http:\/\/dicodusport.fr\/blog\/?p=58051&#038;preview=true&#038;preview_id=58051"},"modified":"2020-01-26T15:56:46","modified_gmt":"2020-01-26T14:56:46","slug":"biathlon-pokljuka-anais-bescond-troisieme-mass-start-hanna-oeberg-impose","status":"publish","type":"post","link":"https:\/\/dicodusport.fr\/blog\/biathlon-pokljuka-anais-bescond-troisieme-mass-start-hanna-oeberg-impose\/","title":{"rendered":"Pokljuka : Ana\u00efs Bescond troisi\u00e8me de la mass start, Hanna Oeberg s&rsquo;impose"},"content":{"rendered":"<p style=\"text-align: justify;\"><strong><em><a href=\"https:\/\/dicodusport.fr\/blog\/biathlon-coupe-du-monde-le-programme-complet-de-pokljuka\/\" target=\"_blank\" rel=\"noopener\">Biathlon &#8211; Pokljuka<\/a> &#8211; La Su\u00e9doise Hanna Oeberg a enlev\u00e9 ce dimanche la mass start de Pokljuka. La Su\u00e9doise devance l&rsquo;Italienne Lisa Vittozzi et Ana\u00efs Bescond. Cette derni\u00e8re grimpe pour la troisi\u00e8me fois sur le podium en Slov\u00e9nie.<\/em><\/strong><\/p>\n<p style=\"text-align: justify;\">On a retrouv\u00e9 <strong>Ana\u00efs Bescond<\/strong> ! Troisi\u00e8me vendredi de l&rsquo;individuel, laur\u00e9ate du relais mixte simple aux c\u00f4t\u00e9s d&rsquo;<strong>\u00c9milien Jacquelin<\/strong> samedi, la Normande d&rsquo;origine a pris la troisi\u00e8me place de la mass start ce dimanche. Comme sur l&rsquo;individuel, <strong>Bescond<\/strong> a r\u00e9alis\u00e9 un 20\/20 derri\u00e8re la carabine. Son 12\u00e8me temps de ski l&#8217;emp\u00eache de monter plus haut sur la bo\u00eete, mais la Fran\u00e7aise r\u00e9alise un week-end prometteur \u00e0 moins de trois semaines des <strong>Mondiaux d&rsquo;Antholz<\/strong>.<\/p>\n<h2 style=\"text-align: justify;\">Oeberg confirme devant Vittozzi, Braisaz 5\u00e8me<\/h2>\n<p style=\"text-align: justify;\">Devant <strong>Ana\u00efs Bescond<\/strong>, <strong>Hanna Oeberg<\/strong> a confirm\u00e9 son week-end tonitruant sur les skis. La Su\u00e9doise, une faute ce dimanche, l&#8217;emporte au prix d&rsquo;un cinqui\u00e8me temps de ski. Derri\u00e8re elle, l&rsquo;Italienne <strong>Lisa Vittozzi<\/strong> rego\u00fbte au podium. Quatri\u00e8me de l&rsquo;individuel, la Transalpine confirme son retour au premier plan apr\u00e8s un d\u00e9but de saison chaotique.<\/p>\n<blockquote class=\"twitter-tweet\">\n<p dir=\"ltr\" lang=\"fr\">Superbe 3e place d\u2019Ana\u00efs Bescond sur une mass start domin\u00e9e par Hanna Oeberg ! &#x1f4aa;&#x1f1eb;&#x1f1f7; <a href=\"https:\/\/t.co\/OoYIfhQErC\">pic.twitter.com\/OoYIfhQErC<\/a><\/p>\n<p>\u2014 la chaine L&rsquo;\u00c9quipe (@lachainelequipe) <a href=\"https:\/\/twitter.com\/lachainelequipe\/status\/1221441961141456896?ref_src=twsrc%5Etfw\">January 26, 2020<\/a><\/p><\/blockquote>\n<p><script async src=\"https:\/\/platform.twitter.com\/widgets.js\" charset=\"utf-8\"><\/script><\/p>\n<p style=\"text-align: justify;\">Une nouvelle fois tr\u00e8s rapide, <strong>Justine Braisaz<\/strong> (2\u00e8me temps \u00e0 deux secondes de\u00a0Kaisa M\u00e4k\u00e4r\u00e4inen) pourra regretter ses trois erreurs. Elle prend un cinqui\u00e8me place ce dimanche. Avec un 16\/20, <strong>Julia Simon<\/strong> termine \u00e0 la 11\u00e8me place.<\/p>\n<ul>\n<li style=\"text-align: justify;\"><a href=\"https:\/\/www.biathlonworld.com\/competitions\/world-cup\/events\/bmw-ibu-world-cup-biathlon-pokljuka-1920\/bt1920swrlcp06\/race\/women-125-km-mass-start\/bt1920swrlcp06swms\/\" target=\"_blank\" rel=\"noopener\"><strong>Le classement complet de la mass start dames de Pokljuka<\/strong><\/a><\/li>\n<li style=\"text-align: justify;\"><strong><a href=\"https:\/\/www.biathlonworld.com\/competitions\/world-cup\/standings\/season\/1920\/level\/1\/score\/ts\/gender\/w\/\" target=\"_blank\" rel=\"noopener\">Biathlon &#8211; Le classement g\u00e9n\u00e9ral de la Coupe du monde dames<\/a><\/strong><\/li>\n<\/ul>\n<p style=\"text-align: justify;\"><strong><em>Dicodusport<br \/>\n<a href=\"https:\/\/www.facebook.com\/dicodusport\/\" target=\"_blank\" rel=\"noopener\"><img loading=\"lazy\" decoding=\"async\" class=\"alignnone wp-image-2909\" src=\"http:\/\/dicodusport.fr\/blog\/wp-content\/uploads\/2017\/07\/logo-facebook-150x150.png\" alt=\"\" width=\"40\" height=\"40\" \/><\/a><a href=\"https:\/\/twitter.com\/dicodusport\" target=\"_blank\" rel=\"noopener\"><img loading=\"lazy\" decoding=\"async\" class=\"alignnone wp-image-2908\" src=\"http:\/\/dicodusport.fr\/blog\/wp-content\/uploads\/2017\/07\/logo-twitter-150x150.png\" alt=\"\" width=\"39\" height=\"39\" \/><\/a><\/em><\/strong><\/p>\n","protected":false},"excerpt":{"rendered":"<p>Biathlon &#8211; Pokljuka &#8211; La Su\u00e9doise Hanna Oeberg a enlev\u00e9 ce dimanche la mass start de Pokljuka. La Su\u00e9doise devance l&rsquo;Italienne Lisa Vittozzi et Ana\u00efs Bescond.<\/p>\n","protected":false},"author":4,"featured_media":58053,"comment_status":"open","ping_status":"closed","sticky":false,"template":"","format":"standard","meta":{"_acf_changed":false,"_daextam_enable_autolinks":"","footnotes":""},"categories":[2426],"tags":[2427,2945,6741],"class_list":["post-58051","post","type-post","status-publish","format-standard","has-post-thumbnail","hentry","category-biathlon","tag-biathlon","tag-mass-start","tag-pokljuka"],"acf":[],"yoast_head":"<!-- This site is optimized with the Yoast SEO Premium plugin v26.7 (Yoast SEO v26.7) - https:\/\/yoast.com\/wordpress\/plugins\/seo\/ -->\n<title>Pokljuka : Ana\u00efs Bescond troisi\u00e8me de la mass start, Hanna Oeberg s&#039;impose<\/title>\n<meta name=\"description\" content=\"La Su\u00e9doise Hanna Oeberg a enlev\u00e9 ce dimanche la mass start de Pokljuka. La Su\u00e9doise devance l&#039;Italienne Lisa Vittozzi et Ana\u00efs Bescond.\" \/>\n<meta name=\"robots\" content=\"index, follow, max-snippet:-1, max-image-preview:large, max-video-preview:-1\" \/>\n<link rel=\"canonical\" href=\"https:\/\/dicodusport.fr\/blog\/biathlon-pokljuka-anais-bescond-troisieme-mass-start-hanna-oeberg-impose\/\" \/>\n<meta property=\"og:locale\" content=\"fr_FR\" \/>\n<meta property=\"og:type\" content=\"article\" \/>\n<meta property=\"og:title\" content=\"Pokljuka : Ana\u00efs Bescond troisi\u00e8me de la mass start, Hanna Oeberg s&#039;impose\" \/>\n<meta property=\"og:description\" content=\"La Su\u00e9doise Hanna Oeberg a enlev\u00e9 ce dimanche la mass start de Pokljuka. La Su\u00e9doise devance l&#039;Italienne Lisa Vittozzi et Ana\u00efs Bescond.\" \/>\n<meta property=\"og:url\" content=\"https:\/\/dicodusport.fr\/blog\/biathlon-pokljuka-anais-bescond-troisieme-mass-start-hanna-oeberg-impose\/\" \/>\n<meta property=\"og:site_name\" content=\"Dicodusport\" \/>\n<meta property=\"article:publisher\" content=\"https:\/\/www.facebook.com\/dicodusport\" \/>\n<meta property=\"article:author\" content=\"https:\/\/www.facebook.com\/florent.ostermann\" \/>\n<meta property=\"article:published_time\" content=\"2020-01-26T14:36:16+00:00\" \/>\n<meta property=\"article:modified_time\" content=\"2020-01-26T14:56:46+00:00\" \/>\n<meta property=\"og:image\" content=\"https:\/\/dicodusport.fr\/blog\/wp-content\/uploads\/2020\/01\/Biathlon-Pokljuka-Ana\u00efs-Bescond-troisi\u00e8me-de-la-mass-start-Hanna-Oeberg-simpose.png\" \/>\n\t<meta property=\"og:image:width\" content=\"800\" \/>\n\t<meta property=\"og:image:height\" content=\"445\" \/>\n\t<meta property=\"og:image:type\" content=\"image\/png\" \/>\n<meta name=\"author\" content=\"Flo Ostermann\" \/>\n<meta name=\"twitter:card\" content=\"summary_large_image\" \/>\n<meta name=\"twitter:title\" content=\"Pokljuka : Ana\u00efs Bescond troisi\u00e8me de la mass start, Hanna Oeberg s&#039;impose\" \/>\n<meta name=\"twitter:creator\" content=\"@https:\/\/twitter.com\/FlOstermann\" \/>\n<meta name=\"twitter:site\" content=\"@dicodusport\" \/>\n<script type=\"application\/ld+json\" class=\"yoast-schema-graph\">{\"@context\":\"https:\/\/schema.org\",\"@graph\":[{\"@type\":\"NewsArticle\",\"@id\":\"https:\/\/dicodusport.fr\/blog\/biathlon-pokljuka-anais-bescond-troisieme-mass-start-hanna-oeberg-impose\/#article\",\"isPartOf\":{\"@id\":\"https:\/\/dicodusport.fr\/blog\/biathlon-pokljuka-anais-bescond-troisieme-mass-start-hanna-oeberg-impose\/\"},\"author\":{\"name\":\"Flo Ostermann\",\"@id\":\"https:\/\/dicodusport.fr\/blog\/#\/schema\/person\/cb02af4c173ce4a653b55e9baf388d4a\"},\"headline\":\"Pokljuka : Ana\u00efs Bescond troisi\u00e8me de la mass start, Hanna Oeberg s&rsquo;impose\",\"datePublished\":\"2020-01-26T14:36:16+00:00\",\"dateModified\":\"2020-01-26T14:56:46+00:00\",\"mainEntityOfPage\":{\"@id\":\"https:\/\/dicodusport.fr\/blog\/biathlon-pokljuka-anais-bescond-troisieme-mass-start-hanna-oeberg-impose\/\"},\"wordCount\":315,\"commentCount\":0,\"publisher\":{\"@id\":\"https:\/\/dicodusport.fr\/blog\/#organization\"},\"image\":{\"@id\":\"https:\/\/dicodusport.fr\/blog\/biathlon-pokljuka-anais-bescond-troisieme-mass-start-hanna-oeberg-impose\/#primaryimage\"},\"thumbnailUrl\":\"https:\/\/dicodusport.fr\/blog\/wp-content\/uploads\/2020\/01\/Biathlon-Pokljuka-Ana\u00efs-Bescond-troisi\u00e8me-de-la-mass-start-Hanna-Oeberg-simpose.png\",\"keywords\":[\"Biathlon\",\"Mass start\",\"Pokljuka\"],\"articleSection\":[\"Biathlon\"],\"inLanguage\":\"fr-FR\",\"potentialAction\":[{\"@type\":\"CommentAction\",\"name\":\"Comment\",\"target\":[\"https:\/\/dicodusport.fr\/blog\/biathlon-pokljuka-anais-bescond-troisieme-mass-start-hanna-oeberg-impose\/#respond\"]}],\"copyrightYear\":\"2020\",\"copyrightHolder\":{\"@id\":\"https:\/\/dicodusport.fr\/blog\/#organization\"}},{\"@type\":\"WebPage\",\"@id\":\"https:\/\/dicodusport.fr\/blog\/biathlon-pokljuka-anais-bescond-troisieme-mass-start-hanna-oeberg-impose\/\",\"url\":\"https:\/\/dicodusport.fr\/blog\/biathlon-pokljuka-anais-bescond-troisieme-mass-start-hanna-oeberg-impose\/\",\"name\":\"Pokljuka : Ana\u00efs Bescond troisi\u00e8me de la mass start, Hanna Oeberg s'impose\",\"isPartOf\":{\"@id\":\"https:\/\/dicodusport.fr\/blog\/#website\"},\"primaryImageOfPage\":{\"@id\":\"https:\/\/dicodusport.fr\/blog\/biathlon-pokljuka-anais-bescond-troisieme-mass-start-hanna-oeberg-impose\/#primaryimage\"},\"image\":{\"@id\":\"https:\/\/dicodusport.fr\/blog\/biathlon-pokljuka-anais-bescond-troisieme-mass-start-hanna-oeberg-impose\/#primaryimage\"},\"thumbnailUrl\":\"https:\/\/dicodusport.fr\/blog\/wp-content\/uploads\/2020\/01\/Biathlon-Pokljuka-Ana\u00efs-Bescond-troisi\u00e8me-de-la-mass-start-Hanna-Oeberg-simpose.png\",\"datePublished\":\"2020-01-26T14:36:16+00:00\",\"dateModified\":\"2020-01-26T14:56:46+00:00\",\"description\":\"La Su\u00e9doise Hanna Oeberg a enlev\u00e9 ce dimanche la mass start de Pokljuka. La Su\u00e9doise devance l'Italienne Lisa Vittozzi et Ana\u00efs Bescond.\",\"breadcrumb\":{\"@id\":\"https:\/\/dicodusport.fr\/blog\/biathlon-pokljuka-anais-bescond-troisieme-mass-start-hanna-oeberg-impose\/#breadcrumb\"},\"inLanguage\":\"fr-FR\",\"potentialAction\":[{\"@type\":\"ReadAction\",\"target\":[\"https:\/\/dicodusport.fr\/blog\/biathlon-pokljuka-anais-bescond-troisieme-mass-start-hanna-oeberg-impose\/\"]}]},{\"@type\":\"ImageObject\",\"inLanguage\":\"fr-FR\",\"@id\":\"https:\/\/dicodusport.fr\/blog\/biathlon-pokljuka-anais-bescond-troisieme-mass-start-hanna-oeberg-impose\/#primaryimage\",\"url\":\"https:\/\/dicodusport.fr\/blog\/wp-content\/uploads\/2020\/01\/Biathlon-Pokljuka-Ana\u00efs-Bescond-troisi\u00e8me-de-la-mass-start-Hanna-Oeberg-simpose.png\",\"contentUrl\":\"https:\/\/dicodusport.fr\/blog\/wp-content\/uploads\/2020\/01\/Biathlon-Pokljuka-Ana\u00efs-Bescond-troisi\u00e8me-de-la-mass-start-Hanna-Oeberg-simpose.png\",\"width\":800,\"height\":445,\"caption\":\"Biathlon - Pokljuka - Ana\u00efs Bescond troisi\u00e8me de la mass start, Hanna Oeberg s'impose\"},{\"@type\":\"BreadcrumbList\",\"@id\":\"https:\/\/dicodusport.fr\/blog\/biathlon-pokljuka-anais-bescond-troisieme-mass-start-hanna-oeberg-impose\/#breadcrumb\",\"itemListElement\":[{\"@type\":\"ListItem\",\"position\":1,\"name\":\"Accueil\",\"item\":\"https:\/\/dicodusport.fr\/blog\/\"},{\"@type\":\"ListItem\",\"position\":2,\"name\":\"Pokljuka : Ana\u00efs Bescond troisi\u00e8me de la mass start, Hanna Oeberg s&rsquo;impose\"}]},{\"@type\":\"WebSite\",\"@id\":\"https:\/\/dicodusport.fr\/blog\/#website\",\"url\":\"https:\/\/dicodusport.fr\/blog\/\",\"name\":\"Dicodusport\",\"description\":\"L&#039;encyclop\u00e9die de l&#039;actualit\u00e9 sportive\",\"publisher\":{\"@id\":\"https:\/\/dicodusport.fr\/blog\/#organization\"},\"potentialAction\":[{\"@type\":\"SearchAction\",\"target\":{\"@type\":\"EntryPoint\",\"urlTemplate\":\"https:\/\/dicodusport.fr\/blog\/?s={search_term_string}\"},\"query-input\":{\"@type\":\"PropertyValueSpecification\",\"valueRequired\":true,\"valueName\":\"search_term_string\"}}],\"inLanguage\":\"fr-FR\"},{\"@type\":\"NewsMediaOrganization\",\"@id\":\"https:\/\/dicodusport.fr\/blog\/#organization\",\"name\":\"Dicodusport\",\"url\":\"https:\/\/dicodusport.fr\/blog\/\",\"logo\":{\"@type\":\"ImageObject\",\"inLanguage\":\"fr-FR\",\"@id\":\"https:\/\/dicodusport.fr\/blog\/#\/schema\/logo\/image\/\",\"url\":\"https:\/\/dicodusport.fr\/blog\/wp-content\/uploads\/2020\/06\/cropped-LOGO-DICODUSPORT-2020-SANS-FOND-SANS-TEXTE.png\",\"contentUrl\":\"https:\/\/dicodusport.fr\/blog\/wp-content\/uploads\/2020\/06\/cropped-LOGO-DICODUSPORT-2020-SANS-FOND-SANS-TEXTE.png\",\"width\":512,\"height\":512,\"caption\":\"Dicodusport\"},\"image\":{\"@id\":\"https:\/\/dicodusport.fr\/blog\/#\/schema\/logo\/image\/\"},\"sameAs\":[\"https:\/\/www.facebook.com\/dicodusport\",\"https:\/\/x.com\/dicodusport\",\"https:\/\/www.instagram.com\/dicodusport\/\",\"https:\/\/www.youtube.com\/channel\/UC7V2KZ5sd3htJivAbA4ZG3w\"],\"description\":\"Dicodusport est l'encyclop\u00e9die de l'actualit\u00e9 sportive.\",\"email\":\"bonjour@dicodusport.fr\",\"legalName\":\"DICODUSPORT\",\"foundingDate\":\"2018-01-14\",\"vatID\":\"FR71834470973\",\"taxID\":\"83447097300043\",\"numberOfEmployees\":{\"@type\":\"QuantitativeValue\",\"minValue\":\"1\",\"maxValue\":\"10\"}},{\"@type\":\"Person\",\"@id\":\"https:\/\/dicodusport.fr\/blog\/#\/schema\/person\/cb02af4c173ce4a653b55e9baf388d4a\",\"name\":\"Flo Ostermann\",\"image\":{\"@type\":\"ImageObject\",\"inLanguage\":\"fr-FR\",\"@id\":\"https:\/\/dicodusport.fr\/blog\/#\/schema\/person\/image\/\",\"url\":\"https:\/\/dicodusport.fr\/blog\/wp-content\/uploads\/2021\/05\/Flo-Ostermann-150x150.jpg\",\"contentUrl\":\"https:\/\/dicodusport.fr\/blog\/wp-content\/uploads\/2021\/05\/Flo-Ostermann-150x150.jpg\",\"caption\":\"Flo Ostermann\"},\"description\":\"Journaliste\/R\u00e9dacteur depuis septembre 2015 - Mes premiers souvenirs dans le sport ? Les envol\u00e9es du Stade Toulousain et les duels Villeneuve-Schumacher et H\u00e4kkinen-Schumacher \u00e0 la fin des ann\u00e9es 90, la Coupe du monde de football en 1998, l\u2019exploit du XV de France face aux All Blacks en 1999, mais aussi Richard C\u0153ur de Lion qui vole sur les montagnes du Tour de France. Bien parti pour devenir professeur d\u2019EPS, les \u00e9v\u00e9nements de la vie (et la flemme d\u2019animer des s\u00e9ances de 3x500 m\u00e8tres toute ma vie) m\u2019ont conduit \u00e0 revoir mes plans. Me voil\u00e0 depuis fin 2017 sur Dicodusport, m\u00e9dia gr\u00e2ce (et pour) lequel je partage ma passion : le sport dans tous ses \u00e9tats. Le tout accompagn\u00e9 par les fous furieux et folles furieuses cit\u00e9s sur cette page !\",\"sameAs\":[\"https:\/\/www.facebook.com\/florent.ostermann\",\"https:\/\/x.com\/https:\/\/twitter.com\/FlOstermann\",\"admin\"],\"url\":\"https:\/\/dicodusport.fr\/blog\/author\/flo\/\"}]}<\/script>\n<!-- \/ Yoast SEO Premium plugin. -->","yoast_head_json":{"title":"Pokljuka : Ana\u00efs Bescond troisi\u00e8me de la mass start, Hanna Oeberg s'impose","description":"La Su\u00e9doise Hanna Oeberg a enlev\u00e9 ce dimanche la mass start de Pokljuka. La Su\u00e9doise devance l'Italienne Lisa Vittozzi et Ana\u00efs Bescond.","robots":{"index":"index","follow":"follow","max-snippet":"max-snippet:-1","max-image-preview":"max-image-preview:large","max-video-preview":"max-video-preview:-1"},"canonical":"https:\/\/dicodusport.fr\/blog\/biathlon-pokljuka-anais-bescond-troisieme-mass-start-hanna-oeberg-impose\/","og_locale":"fr_FR","og_type":"article","og_title":"Pokljuka : Ana\u00efs Bescond troisi\u00e8me de la mass start, Hanna Oeberg s'impose","og_description":"La Su\u00e9doise Hanna Oeberg a enlev\u00e9 ce dimanche la mass start de Pokljuka. La Su\u00e9doise devance l'Italienne Lisa Vittozzi et Ana\u00efs Bescond.","og_url":"https:\/\/dicodusport.fr\/blog\/biathlon-pokljuka-anais-bescond-troisieme-mass-start-hanna-oeberg-impose\/","og_site_name":"Dicodusport","article_publisher":"https:\/\/www.facebook.com\/dicodusport","article_author":"https:\/\/www.facebook.com\/florent.ostermann","article_published_time":"2020-01-26T14:36:16+00:00","article_modified_time":"2020-01-26T14:56:46+00:00","og_image":[{"width":800,"height":445,"url":"https:\/\/dicodusport.fr\/blog\/wp-content\/uploads\/2020\/01\/Biathlon-Pokljuka-Ana\u00efs-Bescond-troisi\u00e8me-de-la-mass-start-Hanna-Oeberg-simpose.png","type":"image\/png"}],"author":"Flo Ostermann","twitter_card":"summary_large_image","twitter_title":"Pokljuka : Ana\u00efs Bescond troisi\u00e8me de la mass start, Hanna Oeberg s'impose","twitter_creator":"@https:\/\/twitter.com\/FlOstermann","twitter_site":"@dicodusport","schema":{"@context":"https:\/\/schema.org","@graph":[{"@type":"NewsArticle","@id":"https:\/\/dicodusport.fr\/blog\/biathlon-pokljuka-anais-bescond-troisieme-mass-start-hanna-oeberg-impose\/#article","isPartOf":{"@id":"https:\/\/dicodusport.fr\/blog\/biathlon-pokljuka-anais-bescond-troisieme-mass-start-hanna-oeberg-impose\/"},"author":{"name":"Flo Ostermann","@id":"https:\/\/dicodusport.fr\/blog\/#\/schema\/person\/cb02af4c173ce4a653b55e9baf388d4a"},"headline":"Pokljuka : Ana\u00efs Bescond troisi\u00e8me de la mass start, Hanna Oeberg s&rsquo;impose","datePublished":"2020-01-26T14:36:16+00:00","dateModified":"2020-01-26T14:56:46+00:00","mainEntityOfPage":{"@id":"https:\/\/dicodusport.fr\/blog\/biathlon-pokljuka-anais-bescond-troisieme-mass-start-hanna-oeberg-impose\/"},"wordCount":315,"commentCount":0,"publisher":{"@id":"https:\/\/dicodusport.fr\/blog\/#organization"},"image":{"@id":"https:\/\/dicodusport.fr\/blog\/biathlon-pokljuka-anais-bescond-troisieme-mass-start-hanna-oeberg-impose\/#primaryimage"},"thumbnailUrl":"https:\/\/dicodusport.fr\/blog\/wp-content\/uploads\/2020\/01\/Biathlon-Pokljuka-Ana\u00efs-Bescond-troisi\u00e8me-de-la-mass-start-Hanna-Oeberg-simpose.png","keywords":["Biathlon","Mass start","Pokljuka"],"articleSection":["Biathlon"],"inLanguage":"fr-FR","potentialAction":[{"@type":"CommentAction","name":"Comment","target":["https:\/\/dicodusport.fr\/blog\/biathlon-pokljuka-anais-bescond-troisieme-mass-start-hanna-oeberg-impose\/#respond"]}],"copyrightYear":"2020","copyrightHolder":{"@id":"https:\/\/dicodusport.fr\/blog\/#organization"}},{"@type":"WebPage","@id":"https:\/\/dicodusport.fr\/blog\/biathlon-pokljuka-anais-bescond-troisieme-mass-start-hanna-oeberg-impose\/","url":"https:\/\/dicodusport.fr\/blog\/biathlon-pokljuka-anais-bescond-troisieme-mass-start-hanna-oeberg-impose\/","name":"Pokljuka : Ana\u00efs Bescond troisi\u00e8me de la mass start, Hanna Oeberg s'impose","isPartOf":{"@id":"https:\/\/dicodusport.fr\/blog\/#website"},"primaryImageOfPage":{"@id":"https:\/\/dicodusport.fr\/blog\/biathlon-pokljuka-anais-bescond-troisieme-mass-start-hanna-oeberg-impose\/#primaryimage"},"image":{"@id":"https:\/\/dicodusport.fr\/blog\/biathlon-pokljuka-anais-bescond-troisieme-mass-start-hanna-oeberg-impose\/#primaryimage"},"thumbnailUrl":"https:\/\/dicodusport.fr\/blog\/wp-content\/uploads\/2020\/01\/Biathlon-Pokljuka-Ana\u00efs-Bescond-troisi\u00e8me-de-la-mass-start-Hanna-Oeberg-simpose.png","datePublished":"2020-01-26T14:36:16+00:00","dateModified":"2020-01-26T14:56:46+00:00","description":"La Su\u00e9doise Hanna Oeberg a enlev\u00e9 ce dimanche la mass start de Pokljuka. La Su\u00e9doise devance l'Italienne Lisa Vittozzi et Ana\u00efs Bescond.","breadcrumb":{"@id":"https:\/\/dicodusport.fr\/blog\/biathlon-pokljuka-anais-bescond-troisieme-mass-start-hanna-oeberg-impose\/#breadcrumb"},"inLanguage":"fr-FR","potentialAction":[{"@type":"ReadAction","target":["https:\/\/dicodusport.fr\/blog\/biathlon-pokljuka-anais-bescond-troisieme-mass-start-hanna-oeberg-impose\/"]}]},{"@type":"ImageObject","inLanguage":"fr-FR","@id":"https:\/\/dicodusport.fr\/blog\/biathlon-pokljuka-anais-bescond-troisieme-mass-start-hanna-oeberg-impose\/#primaryimage","url":"https:\/\/dicodusport.fr\/blog\/wp-content\/uploads\/2020\/01\/Biathlon-Pokljuka-Ana\u00efs-Bescond-troisi\u00e8me-de-la-mass-start-Hanna-Oeberg-simpose.png","contentUrl":"https:\/\/dicodusport.fr\/blog\/wp-content\/uploads\/2020\/01\/Biathlon-Pokljuka-Ana\u00efs-Bescond-troisi\u00e8me-de-la-mass-start-Hanna-Oeberg-simpose.png","width":800,"height":445,"caption":"Biathlon - Pokljuka - Ana\u00efs Bescond troisi\u00e8me de la mass start, Hanna Oeberg s'impose"},{"@type":"BreadcrumbList","@id":"https:\/\/dicodusport.fr\/blog\/biathlon-pokljuka-anais-bescond-troisieme-mass-start-hanna-oeberg-impose\/#breadcrumb","itemListElement":[{"@type":"ListItem","position":1,"name":"Accueil","item":"https:\/\/dicodusport.fr\/blog\/"},{"@type":"ListItem","position":2,"name":"Pokljuka : Ana\u00efs Bescond troisi\u00e8me de la mass start, Hanna Oeberg s&rsquo;impose"}]},{"@type":"WebSite","@id":"https:\/\/dicodusport.fr\/blog\/#website","url":"https:\/\/dicodusport.fr\/blog\/","name":"Dicodusport","description":"L&#039;encyclop\u00e9die de l&#039;actualit\u00e9 sportive","publisher":{"@id":"https:\/\/dicodusport.fr\/blog\/#organization"},"potentialAction":[{"@type":"SearchAction","target":{"@type":"EntryPoint","urlTemplate":"https:\/\/dicodusport.fr\/blog\/?s={search_term_string}"},"query-input":{"@type":"PropertyValueSpecification","valueRequired":true,"valueName":"search_term_string"}}],"inLanguage":"fr-FR"},{"@type":"NewsMediaOrganization","@id":"https:\/\/dicodusport.fr\/blog\/#organization","name":"Dicodusport","url":"https:\/\/dicodusport.fr\/blog\/","logo":{"@type":"ImageObject","inLanguage":"fr-FR","@id":"https:\/\/dicodusport.fr\/blog\/#\/schema\/logo\/image\/","url":"https:\/\/dicodusport.fr\/blog\/wp-content\/uploads\/2020\/06\/cropped-LOGO-DICODUSPORT-2020-SANS-FOND-SANS-TEXTE.png","contentUrl":"https:\/\/dicodusport.fr\/blog\/wp-content\/uploads\/2020\/06\/cropped-LOGO-DICODUSPORT-2020-SANS-FOND-SANS-TEXTE.png","width":512,"height":512,"caption":"Dicodusport"},"image":{"@id":"https:\/\/dicodusport.fr\/blog\/#\/schema\/logo\/image\/"},"sameAs":["https:\/\/www.facebook.com\/dicodusport","https:\/\/x.com\/dicodusport","https:\/\/www.instagram.com\/dicodusport\/","https:\/\/www.youtube.com\/channel\/UC7V2KZ5sd3htJivAbA4ZG3w"],"description":"Dicodusport est l'encyclop\u00e9die de l'actualit\u00e9 sportive.","email":"bonjour@dicodusport.fr","legalName":"DICODUSPORT","foundingDate":"2018-01-14","vatID":"FR71834470973","taxID":"83447097300043","numberOfEmployees":{"@type":"QuantitativeValue","minValue":"1","maxValue":"10"}},{"@type":"Person","@id":"https:\/\/dicodusport.fr\/blog\/#\/schema\/person\/cb02af4c173ce4a653b55e9baf388d4a","name":"Flo Ostermann","image":{"@type":"ImageObject","inLanguage":"fr-FR","@id":"https:\/\/dicodusport.fr\/blog\/#\/schema\/person\/image\/","url":"https:\/\/dicodusport.fr\/blog\/wp-content\/uploads\/2021\/05\/Flo-Ostermann-150x150.jpg","contentUrl":"https:\/\/dicodusport.fr\/blog\/wp-content\/uploads\/2021\/05\/Flo-Ostermann-150x150.jpg","caption":"Flo Ostermann"},"description":"Journaliste\/R\u00e9dacteur depuis septembre 2015 - Mes premiers souvenirs dans le sport ? Les envol\u00e9es du Stade Toulousain et les duels Villeneuve-Schumacher et H\u00e4kkinen-Schumacher \u00e0 la fin des ann\u00e9es 90, la Coupe du monde de football en 1998, l\u2019exploit du XV de France face aux All Blacks en 1999, mais aussi Richard C\u0153ur de Lion qui vole sur les montagnes du Tour de France. Bien parti pour devenir professeur d\u2019EPS, les \u00e9v\u00e9nements de la vie (et la flemme d\u2019animer des s\u00e9ances de 3x500 m\u00e8tres toute ma vie) m\u2019ont conduit \u00e0 revoir mes plans. Me voil\u00e0 depuis fin 2017 sur Dicodusport, m\u00e9dia gr\u00e2ce (et pour) lequel je partage ma passion : le sport dans tous ses \u00e9tats. Le tout accompagn\u00e9 par les fous furieux et folles furieuses cit\u00e9s sur cette page !","sameAs":["https:\/\/www.facebook.com\/florent.ostermann","https:\/\/x.com\/https:\/\/twitter.com\/FlOstermann","admin"],"url":"https:\/\/dicodusport.fr\/blog\/author\/flo\/"}]}},"_links":{"self":[{"href":"https:\/\/dicodusport.fr\/blog\/wp-json\/wp\/v2\/posts\/58051","targetHints":{"allow":["GET"]}}],"collection":[{"href":"https:\/\/dicodusport.fr\/blog\/wp-json\/wp\/v2\/posts"}],"about":[{"href":"https:\/\/dicodusport.fr\/blog\/wp-json\/wp\/v2\/types\/post"}],"author":[{"embeddable":true,"href":"https:\/\/dicodusport.fr\/blog\/wp-json\/wp\/v2\/users\/4"}],"replies":[{"embeddable":true,"href":"https:\/\/dicodusport.fr\/blog\/wp-json\/wp\/v2\/comments?post=58051"}],"version-history":[{"count":0,"href":"https:\/\/dicodusport.fr\/blog\/wp-json\/wp\/v2\/posts\/58051\/revisions"}],"wp:featuredmedia":[{"embeddable":true,"href":"https:\/\/dicodusport.fr\/blog\/wp-json\/wp\/v2\/media\/58053"}],"wp:attachment":[{"href":"https:\/\/dicodusport.fr\/blog\/wp-json\/wp\/v2\/media?parent=58051"}],"wp:term":[{"taxonomy":"category","embeddable":true,"href":"https:\/\/dicodusport.fr\/blog\/wp-json\/wp\/v2\/categories?post=58051"},{"taxonomy":"post_tag","embeddable":true,"href":"https:\/\/dicodusport.fr\/blog\/wp-json\/wp\/v2\/tags?post=58051"}],"curies":[{"name":"wp","href":"https:\/\/api.w.org\/{rel}","templated":true}]}}