{"id":580658,"date":"2025-05-21T14:14:14","date_gmt":"2025-05-21T12:14:14","guid":{"rendered":"https:\/\/dicodusport.fr\/blog\/?p=580658&#038;preview=true&#038;preview_id=580658"},"modified":"2025-05-21T19:48:52","modified_gmt":"2025-05-21T17:48:52","slug":"equipe-de-france-la-liste-des-bleus-pour-le-final-four-de-la-la-ligue-des-nations","status":"publish","type":"post","link":"https:\/\/dicodusport.fr\/blog\/equipe-de-france-la-liste-des-bleus-pour-le-final-four-de-la-la-ligue-des-nations\/","title":{"rendered":"\u00c9quipe de France : La liste des Bleus pour le Final Four de la Ligue des Nations"},"content":{"rendered":"<p style=\"text-align: justify;\"><strong><em>FOOTBALL &#8211; Ce mercredi, Didier Deschamps a d\u00e9voil\u00e9 une liste de 25 joueurs en vue du Final Four de la Ligue des Nations, entre le 4 et le 8 juin, avec notamment la premi\u00e8re convocation de Rayan Cherki.<\/em><\/strong><\/p>\n<ul style=\"text-align: justify;\">\n<li style=\"text-align: justify;\"><strong>\u00c0 ce sujet &#8211; <a href=\"https:\/\/dicodusport.fr\/blog\/phase-finale-ligue-des-nations-le-tableau-complet\/\">Phase finale Ligue des Nations : Le tableau complet<\/a><\/strong><\/li>\n<\/ul>\n<p style=\"text-align: justify;\">Deux mois apr\u00e8s les montagnes russes \u00e9motionnelles v\u00e9cues en quarts de finale pour renverser la Croatie aux tirs au but, l&rsquo;\u00c9quipe de France s&rsquo;appr\u00eate \u00e0 disputer le <strong>Final Four de la Ligue des Nations<\/strong> en Allemagne. Les Tricolores affronteront dans le dernier carr\u00e9 le champion d&rsquo;Europe en titre, l<strong>&lsquo;Espagne<\/strong>, le jeudi 5 juin. Avant de disputer le match pour la 3\u00e8me place, ou la finale, le dimanche 8 juin.<\/p>\n<h2>Grande premi\u00e8re en bleu pour Rayan Cherki<\/h2>\n<p style=\"text-align: justify;\">Pour cet ultime rendez-vous de la saison, le s\u00e9lectionneur Didier Deschamps a d\u00fb composer avec plusieurs absences, notamment en d\u00e9fense (Saliba, Kound\u00e9, Upamecano&#8230;), ce qui a entra\u00een\u00e9 de nombreux mouvements par rapport \u00e0 la derni\u00e8re liste. <strong>Pierre Kalulu ou Malo Gusto<\/strong> en b\u00e9n\u00e9ficient pour r\u00e9int\u00e9grer le groupe. Au milieu de terrain, l&rsquo;absence de Camavinga n&rsquo;est pas compens\u00e9e num\u00e9riquement, ce qui fait que le s\u00e9lectionneur a fait le choix de n&#8217;embarquer que cinq milieux de terrain pour cette fen\u00eatre.<\/p>\n<p style=\"text-align: justify;\">Enfin, la s\u00e9lection attendue de <strong>Rayan Cherki<\/strong> s&rsquo;est confirm\u00e9e, l&rsquo;ailier lyonnais \u00e9tant int\u00e9gr\u00e9 pour la premi\u00e8re fois de carri\u00e8re \u00e0 \u00c9quipe de France A. \u00c0 ses c\u00f4t\u00e9s, les cadres habituels seront de la partie, de Kylian Mbapp\u00e9, \u00e0 Ousmane Demb\u00e9l\u00e9.<\/p>\n<h3>La liste des Bleus<\/h3>\n<p style=\"text-align: justify;\"><strong>Gardiens :<\/strong> Lucas Chevalier, Mike Maignan, Brice Samba.<\/p>\n<p style=\"text-align: justify;\"><strong>D\u00e9fenseurs :<\/strong> Lo\u00efc Bad\u00e9, Lucas Digne, Malo Gusto, Lucas Hernandez, Th\u00e9o Hernandez, Pierre Kalulu, Ibrahima Konat\u00e9, Cl\u00e9ment Lenglet, Benjamin Pavard.<\/p>\n<p style=\"text-align: justify;\"><strong>Milieux de terrain :<\/strong> Matt\u00e9o Guendouzi, Manu Kon\u00e9, Adrien Rabiot, Aur\u00e9lien Tchouam\u00e9ni, Warren Za\u00efre-Emery.<\/p>\n<p style=\"text-align: justify;\"><strong>Attaquants :<\/strong> Bradley Barcola, Rayan Cherki, Ousmane Demb\u00e9l\u00e9, D\u00e9sir\u00e9 Dou\u00e9, Randal Kolo Muani, Kylian Mbapp\u00e9, Michael Olise, Marcus Thuram.<\/p>\n<blockquote class=\"twitter-tweet\">\n<p dir=\"ltr\" lang=\"fr\">\ud83d\udccb LA LISTE POUR LE FINAL 4 ! \ud83d\udd25<\/p>\n<p>Voici les 25 Bleus convoqu\u00e9s pour le dernier carr\u00e9 de la Ligue des Nations, avec des nouveaux visages, et des retours \ud83d\ude04\ud83d\udc99<\/p>\n<p>05\/06 : Demi-finale \ud83c\udd9a Espagne \ud83c\uddea\ud83c\uddf8<br \/>\n08\/06 : Finale ou petite finale \ud83c\udd9a Allemagne \ud83c\udde9\ud83c\uddea ou Portugal \ud83c\uddf5\ud83c\uddf9<a href=\"https:\/\/twitter.com\/hashtag\/FiersdetreBleus?src=hash&amp;ref_src=twsrc%5Etfw\">#FiersdetreBleus<\/a> <a href=\"https:\/\/t.co\/mDHooD8tXL\">pic.twitter.com\/mDHooD8tXL<\/a><\/p>\n<p>\u2014 Equipe de France \u2b50\u2b50 (@equipedefrance) <a href=\"https:\/\/twitter.com\/equipedefrance\/status\/1925160430432895000?ref_src=twsrc%5Etfw\">May 21, 2025<\/a><\/p><\/blockquote>\n<p><script async src=\"https:\/\/platform.twitter.com\/widgets.js\" charset=\"utf-8\"><\/script><\/p>\n","protected":false},"excerpt":{"rendered":"<p>FOOTBALL &#8211; Ce mercredi, Didier Deschamps a d\u00e9voil\u00e9 une liste de 25 joueurs en vue du Final Four de la Ligue des Nations, entre le 4 et le 8 juin, avec notamment la premi\u00e8re convocation de Rayan Cherki.<\/p>\n","protected":false},"author":55,"featured_media":580672,"comment_status":"open","ping_status":"closed","sticky":false,"template":"","format":"standard","meta":{"_acf_changed":false,"_daextam_enable_autolinks":"1","footnotes":""},"categories":[2301],"tags":[16878,4318,199,75,30,3514],"class_list":["post-580658","post","type-post","status-publish","format-standard","has-post-thumbnail","hentry","category-football","tag-breve","tag-didier-deschamps","tag-equipe-de-france","tag-football","tag-france","tag-ligue-des-nations"],"acf":[],"yoast_head":"<!-- This site is optimized with the Yoast SEO Premium plugin v26.7 (Yoast SEO v26.7) - https:\/\/yoast.com\/wordpress\/plugins\/seo\/ -->\n<title>\u00c9quipe de France : La liste des Bleus pour le Final Four de la Ligue des Nations<\/title>\n<meta name=\"description\" content=\"FOOTBALL - Ce mercredi, Didier Deschamps a d\u00e9voil\u00e9 une liste de 25 joueurs en vue du Final Four de la Ligue des Nations.\" \/>\n<meta name=\"robots\" content=\"index, follow, max-snippet:-1, max-image-preview:large, max-video-preview:-1\" \/>\n<link rel=\"canonical\" href=\"https:\/\/dicodusport.fr\/blog\/equipe-de-france-la-liste-des-bleus-pour-le-final-four-de-la-la-ligue-des-nations\/\" \/>\n<meta property=\"og:locale\" content=\"fr_FR\" \/>\n<meta property=\"og:type\" content=\"article\" \/>\n<meta property=\"og:title\" content=\"\u00c9quipe de France : La liste des Bleus pour le Final Four de la Ligue des Nations\" \/>\n<meta property=\"og:description\" content=\"FOOTBALL - Ce mercredi, Didier Deschamps a d\u00e9voil\u00e9 une liste de 25 joueurs en vue du Final Four de la Ligue des Nations, entre le 4 et le 8 juin, avec notamment la premi\u00e8re convocation de Rayan Cherki.\" \/>\n<meta property=\"og:url\" content=\"https:\/\/dicodusport.fr\/blog\/equipe-de-france-la-liste-des-bleus-pour-le-final-four-de-la-la-ligue-des-nations\/\" \/>\n<meta property=\"og:site_name\" content=\"Dicodusport\" \/>\n<meta property=\"article:publisher\" content=\"https:\/\/www.facebook.com\/dicodusport\" \/>\n<meta property=\"article:published_time\" content=\"2025-05-21T12:14:14+00:00\" \/>\n<meta property=\"article:modified_time\" content=\"2025-05-21T17:48:52+00:00\" \/>\n<meta property=\"og:image\" content=\"https:\/\/dicodusport.fr\/blog\/wp-content\/uploads\/2025\/05\/Equipe-de-France-La-liste-des-Bleus-pour-le-Final-Four-de-la-la-Ligue-des-Nations.png\" \/>\n\t<meta property=\"og:image:width\" content=\"1200\" \/>\n\t<meta property=\"og:image:height\" content=\"674\" \/>\n\t<meta property=\"og:image:type\" content=\"image\/png\" \/>\n<meta name=\"author\" content=\"Maxime Cazenave\" \/>\n<meta name=\"twitter:card\" content=\"summary_large_image\" \/>\n<meta name=\"twitter:description\" content=\"FOOTBALL - Ce mercredi, Didier Deschamps a d\u00e9voil\u00e9 une liste de 25 joueurs en vue du Final Four de la Ligue des Nations, entre le 4 et le 8 juin, avec notamment la premi\u00e8re convocation de Rayan Cherki.\" \/>\n<meta name=\"twitter:creator\" content=\"@https:\/\/twitter.com\/Maxime_Caze\" \/>\n<meta name=\"twitter:site\" content=\"@dicodusport\" \/>\n<script type=\"application\/ld+json\" class=\"yoast-schema-graph\">{\"@context\":\"https:\/\/schema.org\",\"@graph\":[{\"@type\":\"NewsArticle\",\"@id\":\"https:\/\/dicodusport.fr\/blog\/equipe-de-france-la-liste-des-bleus-pour-le-final-four-de-la-la-ligue-des-nations\/#article\",\"isPartOf\":{\"@id\":\"https:\/\/dicodusport.fr\/blog\/equipe-de-france-la-liste-des-bleus-pour-le-final-four-de-la-la-ligue-des-nations\/\"},\"author\":{\"name\":\"Maxime Cazenave\",\"@id\":\"https:\/\/dicodusport.fr\/blog\/#\/schema\/person\/37def232098a7a5cbab3974a3690abb0\"},\"headline\":\"\u00c9quipe de France : La liste des Bleus pour le Final Four de la Ligue des Nations\",\"datePublished\":\"2025-05-21T12:14:14+00:00\",\"dateModified\":\"2025-05-21T17:48:52+00:00\",\"mainEntityOfPage\":{\"@id\":\"https:\/\/dicodusport.fr\/blog\/equipe-de-france-la-liste-des-bleus-pour-le-final-four-de-la-la-ligue-des-nations\/\"},\"wordCount\":401,\"commentCount\":0,\"publisher\":{\"@id\":\"https:\/\/dicodusport.fr\/blog\/#organization\"},\"image\":{\"@id\":\"https:\/\/dicodusport.fr\/blog\/equipe-de-france-la-liste-des-bleus-pour-le-final-four-de-la-la-ligue-des-nations\/#primaryimage\"},\"thumbnailUrl\":\"https:\/\/dicodusport.fr\/blog\/wp-content\/uploads\/2025\/05\/Equipe-de-France-La-liste-des-Bleus-pour-le-Final-Four-de-la-la-Ligue-des-Nations.png\",\"keywords\":[\"br\u00e8ve\",\"Didier Deschamps\",\"\u00c9quipe de France\",\"Football\",\"France\",\"Ligue des nations\"],\"articleSection\":[\"Football\"],\"inLanguage\":\"fr-FR\",\"potentialAction\":[{\"@type\":\"CommentAction\",\"name\":\"Comment\",\"target\":[\"https:\/\/dicodusport.fr\/blog\/equipe-de-france-la-liste-des-bleus-pour-le-final-four-de-la-la-ligue-des-nations\/#respond\"]}],\"copyrightYear\":\"2025\",\"copyrightHolder\":{\"@id\":\"https:\/\/dicodusport.fr\/blog\/#organization\"}},{\"@type\":\"WebPage\",\"@id\":\"https:\/\/dicodusport.fr\/blog\/equipe-de-france-la-liste-des-bleus-pour-le-final-four-de-la-la-ligue-des-nations\/\",\"url\":\"https:\/\/dicodusport.fr\/blog\/equipe-de-france-la-liste-des-bleus-pour-le-final-four-de-la-la-ligue-des-nations\/\",\"name\":\"\u00c9quipe de France : La liste des Bleus pour le Final Four de la Ligue des Nations\",\"isPartOf\":{\"@id\":\"https:\/\/dicodusport.fr\/blog\/#website\"},\"primaryImageOfPage\":{\"@id\":\"https:\/\/dicodusport.fr\/blog\/equipe-de-france-la-liste-des-bleus-pour-le-final-four-de-la-la-ligue-des-nations\/#primaryimage\"},\"image\":{\"@id\":\"https:\/\/dicodusport.fr\/blog\/equipe-de-france-la-liste-des-bleus-pour-le-final-four-de-la-la-ligue-des-nations\/#primaryimage\"},\"thumbnailUrl\":\"https:\/\/dicodusport.fr\/blog\/wp-content\/uploads\/2025\/05\/Equipe-de-France-La-liste-des-Bleus-pour-le-Final-Four-de-la-la-Ligue-des-Nations.png\",\"datePublished\":\"2025-05-21T12:14:14+00:00\",\"dateModified\":\"2025-05-21T17:48:52+00:00\",\"description\":\"FOOTBALL - Ce mercredi, Didier Deschamps a d\u00e9voil\u00e9 une liste de 25 joueurs en vue du Final Four de la Ligue des Nations.\",\"breadcrumb\":{\"@id\":\"https:\/\/dicodusport.fr\/blog\/equipe-de-france-la-liste-des-bleus-pour-le-final-four-de-la-la-ligue-des-nations\/#breadcrumb\"},\"inLanguage\":\"fr-FR\",\"potentialAction\":[{\"@type\":\"ReadAction\",\"target\":[\"https:\/\/dicodusport.fr\/blog\/equipe-de-france-la-liste-des-bleus-pour-le-final-four-de-la-la-ligue-des-nations\/\"]}]},{\"@type\":\"ImageObject\",\"inLanguage\":\"fr-FR\",\"@id\":\"https:\/\/dicodusport.fr\/blog\/equipe-de-france-la-liste-des-bleus-pour-le-final-four-de-la-la-ligue-des-nations\/#primaryimage\",\"url\":\"https:\/\/dicodusport.fr\/blog\/wp-content\/uploads\/2025\/05\/Equipe-de-France-La-liste-des-Bleus-pour-le-Final-Four-de-la-la-Ligue-des-Nations.png\",\"contentUrl\":\"https:\/\/dicodusport.fr\/blog\/wp-content\/uploads\/2025\/05\/Equipe-de-France-La-liste-des-Bleus-pour-le-Final-Four-de-la-la-Ligue-des-Nations.png\",\"width\":1200,\"height\":674,\"caption\":\"\u00c9quipe de France : La liste des Bleus pour le Final Four de la la Ligue des Nations\"},{\"@type\":\"BreadcrumbList\",\"@id\":\"https:\/\/dicodusport.fr\/blog\/equipe-de-france-la-liste-des-bleus-pour-le-final-four-de-la-la-ligue-des-nations\/#breadcrumb\",\"itemListElement\":[{\"@type\":\"ListItem\",\"position\":1,\"name\":\"Accueil\",\"item\":\"https:\/\/dicodusport.fr\/blog\/\"},{\"@type\":\"ListItem\",\"position\":2,\"name\":\"\u00c9quipe de France : La liste des Bleus pour le Final Four de la Ligue des Nations\"}]},{\"@type\":\"WebSite\",\"@id\":\"https:\/\/dicodusport.fr\/blog\/#website\",\"url\":\"https:\/\/dicodusport.fr\/blog\/\",\"name\":\"Dicodusport\",\"description\":\"L&#039;encyclop\u00e9die de l&#039;actualit\u00e9 sportive\",\"publisher\":{\"@id\":\"https:\/\/dicodusport.fr\/blog\/#organization\"},\"potentialAction\":[{\"@type\":\"SearchAction\",\"target\":{\"@type\":\"EntryPoint\",\"urlTemplate\":\"https:\/\/dicodusport.fr\/blog\/?s={search_term_string}\"},\"query-input\":{\"@type\":\"PropertyValueSpecification\",\"valueRequired\":true,\"valueName\":\"search_term_string\"}}],\"inLanguage\":\"fr-FR\"},{\"@type\":\"NewsMediaOrganization\",\"@id\":\"https:\/\/dicodusport.fr\/blog\/#organization\",\"name\":\"Dicodusport\",\"url\":\"https:\/\/dicodusport.fr\/blog\/\",\"logo\":{\"@type\":\"ImageObject\",\"inLanguage\":\"fr-FR\",\"@id\":\"https:\/\/dicodusport.fr\/blog\/#\/schema\/logo\/image\/\",\"url\":\"https:\/\/dicodusport.fr\/blog\/wp-content\/uploads\/2020\/06\/cropped-LOGO-DICODUSPORT-2020-SANS-FOND-SANS-TEXTE.png\",\"contentUrl\":\"https:\/\/dicodusport.fr\/blog\/wp-content\/uploads\/2020\/06\/cropped-LOGO-DICODUSPORT-2020-SANS-FOND-SANS-TEXTE.png\",\"width\":512,\"height\":512,\"caption\":\"Dicodusport\"},\"image\":{\"@id\":\"https:\/\/dicodusport.fr\/blog\/#\/schema\/logo\/image\/\"},\"sameAs\":[\"https:\/\/www.facebook.com\/dicodusport\",\"https:\/\/x.com\/dicodusport\",\"https:\/\/www.instagram.com\/dicodusport\/\",\"https:\/\/www.youtube.com\/channel\/UC7V2KZ5sd3htJivAbA4ZG3w\"],\"description\":\"Dicodusport est l'encyclop\u00e9die de l'actualit\u00e9 sportive.\",\"email\":\"bonjour@dicodusport.fr\",\"legalName\":\"DICODUSPORT\",\"foundingDate\":\"2018-01-14\",\"vatID\":\"FR71834470973\",\"taxID\":\"83447097300043\",\"numberOfEmployees\":{\"@type\":\"QuantitativeValue\",\"minValue\":\"1\",\"maxValue\":\"10\"}},{\"@type\":\"Person\",\"@id\":\"https:\/\/dicodusport.fr\/blog\/#\/schema\/person\/37def232098a7a5cbab3974a3690abb0\",\"name\":\"Maxime Cazenave\",\"image\":{\"@type\":\"ImageObject\",\"inLanguage\":\"fr-FR\",\"@id\":\"https:\/\/dicodusport.fr\/blog\/#\/schema\/person\/image\/\",\"url\":\"https:\/\/dicodusport.fr\/blog\/wp-content\/uploads\/2021\/05\/Maxime-Cazenave-150x150.jpg\",\"contentUrl\":\"https:\/\/dicodusport.fr\/blog\/wp-content\/uploads\/2021\/05\/Maxime-Cazenave-150x150.jpg\",\"caption\":\"Maxime Cazenave\"},\"description\":\"Journaliste\/R\u00e9dacteur depuis 2012 - Berc\u00e9 par l\u2019amour des Girondins de Bordeaux, les \u00e9checs de Christophe Moreau sur le Tour de France sous l'\u00e8re Lance Armstrong et le fade-away l\u00e9tal de Dirk Nowitzki, ma passion d\u00e9vorante pour le sport a toujours \u00e9t\u00e9 un pan incontournable de ma vie. Transmettre ma passion \u00e0 l\u2019\u00e9crit a \u00e9t\u00e9 une transition naturelle. Suiveur assidu de basket et de hockey sur glace, je garde toujours un peu de place pour suivre le cyclisme, le football et le maximum de performances fran\u00e7aises.\",\"sameAs\":[\"https:\/\/x.com\/https:\/\/twitter.com\/Maxime_Caze\"],\"url\":\"https:\/\/dicodusport.fr\/blog\/author\/maximec\/\"}]}<\/script>\n<!-- \/ Yoast SEO Premium plugin. -->","yoast_head_json":{"title":"\u00c9quipe de France : La liste des Bleus pour le Final Four de la Ligue des Nations","description":"FOOTBALL - Ce mercredi, Didier Deschamps a d\u00e9voil\u00e9 une liste de 25 joueurs en vue du Final Four de la Ligue des Nations.","robots":{"index":"index","follow":"follow","max-snippet":"max-snippet:-1","max-image-preview":"max-image-preview:large","max-video-preview":"max-video-preview:-1"},"canonical":"https:\/\/dicodusport.fr\/blog\/equipe-de-france-la-liste-des-bleus-pour-le-final-four-de-la-la-ligue-des-nations\/","og_locale":"fr_FR","og_type":"article","og_title":"\u00c9quipe de France : La liste des Bleus pour le Final Four de la Ligue des Nations","og_description":"FOOTBALL - Ce mercredi, Didier Deschamps a d\u00e9voil\u00e9 une liste de 25 joueurs en vue du Final Four de la Ligue des Nations, entre le 4 et le 8 juin, avec notamment la premi\u00e8re convocation de Rayan Cherki.","og_url":"https:\/\/dicodusport.fr\/blog\/equipe-de-france-la-liste-des-bleus-pour-le-final-four-de-la-la-ligue-des-nations\/","og_site_name":"Dicodusport","article_publisher":"https:\/\/www.facebook.com\/dicodusport","article_published_time":"2025-05-21T12:14:14+00:00","article_modified_time":"2025-05-21T17:48:52+00:00","og_image":[{"width":1200,"height":674,"url":"https:\/\/dicodusport.fr\/blog\/wp-content\/uploads\/2025\/05\/Equipe-de-France-La-liste-des-Bleus-pour-le-Final-Four-de-la-la-Ligue-des-Nations.png","type":"image\/png"}],"author":"Maxime Cazenave","twitter_card":"summary_large_image","twitter_description":"FOOTBALL - Ce mercredi, Didier Deschamps a d\u00e9voil\u00e9 une liste de 25 joueurs en vue du Final Four de la Ligue des Nations, entre le 4 et le 8 juin, avec notamment la premi\u00e8re convocation de Rayan Cherki.","twitter_creator":"@https:\/\/twitter.com\/Maxime_Caze","twitter_site":"@dicodusport","schema":{"@context":"https:\/\/schema.org","@graph":[{"@type":"NewsArticle","@id":"https:\/\/dicodusport.fr\/blog\/equipe-de-france-la-liste-des-bleus-pour-le-final-four-de-la-la-ligue-des-nations\/#article","isPartOf":{"@id":"https:\/\/dicodusport.fr\/blog\/equipe-de-france-la-liste-des-bleus-pour-le-final-four-de-la-la-ligue-des-nations\/"},"author":{"name":"Maxime Cazenave","@id":"https:\/\/dicodusport.fr\/blog\/#\/schema\/person\/37def232098a7a5cbab3974a3690abb0"},"headline":"\u00c9quipe de France : La liste des Bleus pour le Final Four de la Ligue des Nations","datePublished":"2025-05-21T12:14:14+00:00","dateModified":"2025-05-21T17:48:52+00:00","mainEntityOfPage":{"@id":"https:\/\/dicodusport.fr\/blog\/equipe-de-france-la-liste-des-bleus-pour-le-final-four-de-la-la-ligue-des-nations\/"},"wordCount":401,"commentCount":0,"publisher":{"@id":"https:\/\/dicodusport.fr\/blog\/#organization"},"image":{"@id":"https:\/\/dicodusport.fr\/blog\/equipe-de-france-la-liste-des-bleus-pour-le-final-four-de-la-la-ligue-des-nations\/#primaryimage"},"thumbnailUrl":"https:\/\/dicodusport.fr\/blog\/wp-content\/uploads\/2025\/05\/Equipe-de-France-La-liste-des-Bleus-pour-le-Final-Four-de-la-la-Ligue-des-Nations.png","keywords":["br\u00e8ve","Didier Deschamps","\u00c9quipe de France","Football","France","Ligue des nations"],"articleSection":["Football"],"inLanguage":"fr-FR","potentialAction":[{"@type":"CommentAction","name":"Comment","target":["https:\/\/dicodusport.fr\/blog\/equipe-de-france-la-liste-des-bleus-pour-le-final-four-de-la-la-ligue-des-nations\/#respond"]}],"copyrightYear":"2025","copyrightHolder":{"@id":"https:\/\/dicodusport.fr\/blog\/#organization"}},{"@type":"WebPage","@id":"https:\/\/dicodusport.fr\/blog\/equipe-de-france-la-liste-des-bleus-pour-le-final-four-de-la-la-ligue-des-nations\/","url":"https:\/\/dicodusport.fr\/blog\/equipe-de-france-la-liste-des-bleus-pour-le-final-four-de-la-la-ligue-des-nations\/","name":"\u00c9quipe de France : La liste des Bleus pour le Final Four de la Ligue des Nations","isPartOf":{"@id":"https:\/\/dicodusport.fr\/blog\/#website"},"primaryImageOfPage":{"@id":"https:\/\/dicodusport.fr\/blog\/equipe-de-france-la-liste-des-bleus-pour-le-final-four-de-la-la-ligue-des-nations\/#primaryimage"},"image":{"@id":"https:\/\/dicodusport.fr\/blog\/equipe-de-france-la-liste-des-bleus-pour-le-final-four-de-la-la-ligue-des-nations\/#primaryimage"},"thumbnailUrl":"https:\/\/dicodusport.fr\/blog\/wp-content\/uploads\/2025\/05\/Equipe-de-France-La-liste-des-Bleus-pour-le-Final-Four-de-la-la-Ligue-des-Nations.png","datePublished":"2025-05-21T12:14:14+00:00","dateModified":"2025-05-21T17:48:52+00:00","description":"FOOTBALL - Ce mercredi, Didier Deschamps a d\u00e9voil\u00e9 une liste de 25 joueurs en vue du Final Four de la Ligue des Nations.","breadcrumb":{"@id":"https:\/\/dicodusport.fr\/blog\/equipe-de-france-la-liste-des-bleus-pour-le-final-four-de-la-la-ligue-des-nations\/#breadcrumb"},"inLanguage":"fr-FR","potentialAction":[{"@type":"ReadAction","target":["https:\/\/dicodusport.fr\/blog\/equipe-de-france-la-liste-des-bleus-pour-le-final-four-de-la-la-ligue-des-nations\/"]}]},{"@type":"ImageObject","inLanguage":"fr-FR","@id":"https:\/\/dicodusport.fr\/blog\/equipe-de-france-la-liste-des-bleus-pour-le-final-four-de-la-la-ligue-des-nations\/#primaryimage","url":"https:\/\/dicodusport.fr\/blog\/wp-content\/uploads\/2025\/05\/Equipe-de-France-La-liste-des-Bleus-pour-le-Final-Four-de-la-la-Ligue-des-Nations.png","contentUrl":"https:\/\/dicodusport.fr\/blog\/wp-content\/uploads\/2025\/05\/Equipe-de-France-La-liste-des-Bleus-pour-le-Final-Four-de-la-la-Ligue-des-Nations.png","width":1200,"height":674,"caption":"\u00c9quipe de France : La liste des Bleus pour le Final Four de la la Ligue des Nations"},{"@type":"BreadcrumbList","@id":"https:\/\/dicodusport.fr\/blog\/equipe-de-france-la-liste-des-bleus-pour-le-final-four-de-la-la-ligue-des-nations\/#breadcrumb","itemListElement":[{"@type":"ListItem","position":1,"name":"Accueil","item":"https:\/\/dicodusport.fr\/blog\/"},{"@type":"ListItem","position":2,"name":"\u00c9quipe de France : La liste des Bleus pour le Final Four de la Ligue des Nations"}]},{"@type":"WebSite","@id":"https:\/\/dicodusport.fr\/blog\/#website","url":"https:\/\/dicodusport.fr\/blog\/","name":"Dicodusport","description":"L&#039;encyclop\u00e9die de l&#039;actualit\u00e9 sportive","publisher":{"@id":"https:\/\/dicodusport.fr\/blog\/#organization"},"potentialAction":[{"@type":"SearchAction","target":{"@type":"EntryPoint","urlTemplate":"https:\/\/dicodusport.fr\/blog\/?s={search_term_string}"},"query-input":{"@type":"PropertyValueSpecification","valueRequired":true,"valueName":"search_term_string"}}],"inLanguage":"fr-FR"},{"@type":"NewsMediaOrganization","@id":"https:\/\/dicodusport.fr\/blog\/#organization","name":"Dicodusport","url":"https:\/\/dicodusport.fr\/blog\/","logo":{"@type":"ImageObject","inLanguage":"fr-FR","@id":"https:\/\/dicodusport.fr\/blog\/#\/schema\/logo\/image\/","url":"https:\/\/dicodusport.fr\/blog\/wp-content\/uploads\/2020\/06\/cropped-LOGO-DICODUSPORT-2020-SANS-FOND-SANS-TEXTE.png","contentUrl":"https:\/\/dicodusport.fr\/blog\/wp-content\/uploads\/2020\/06\/cropped-LOGO-DICODUSPORT-2020-SANS-FOND-SANS-TEXTE.png","width":512,"height":512,"caption":"Dicodusport"},"image":{"@id":"https:\/\/dicodusport.fr\/blog\/#\/schema\/logo\/image\/"},"sameAs":["https:\/\/www.facebook.com\/dicodusport","https:\/\/x.com\/dicodusport","https:\/\/www.instagram.com\/dicodusport\/","https:\/\/www.youtube.com\/channel\/UC7V2KZ5sd3htJivAbA4ZG3w"],"description":"Dicodusport est l'encyclop\u00e9die de l'actualit\u00e9 sportive.","email":"bonjour@dicodusport.fr","legalName":"DICODUSPORT","foundingDate":"2018-01-14","vatID":"FR71834470973","taxID":"83447097300043","numberOfEmployees":{"@type":"QuantitativeValue","minValue":"1","maxValue":"10"}},{"@type":"Person","@id":"https:\/\/dicodusport.fr\/blog\/#\/schema\/person\/37def232098a7a5cbab3974a3690abb0","name":"Maxime Cazenave","image":{"@type":"ImageObject","inLanguage":"fr-FR","@id":"https:\/\/dicodusport.fr\/blog\/#\/schema\/person\/image\/","url":"https:\/\/dicodusport.fr\/blog\/wp-content\/uploads\/2021\/05\/Maxime-Cazenave-150x150.jpg","contentUrl":"https:\/\/dicodusport.fr\/blog\/wp-content\/uploads\/2021\/05\/Maxime-Cazenave-150x150.jpg","caption":"Maxime Cazenave"},"description":"Journaliste\/R\u00e9dacteur depuis 2012 - Berc\u00e9 par l\u2019amour des Girondins de Bordeaux, les \u00e9checs de Christophe Moreau sur le Tour de France sous l'\u00e8re Lance Armstrong et le fade-away l\u00e9tal de Dirk Nowitzki, ma passion d\u00e9vorante pour le sport a toujours \u00e9t\u00e9 un pan incontournable de ma vie. Transmettre ma passion \u00e0 l\u2019\u00e9crit a \u00e9t\u00e9 une transition naturelle. Suiveur assidu de basket et de hockey sur glace, je garde toujours un peu de place pour suivre le cyclisme, le football et le maximum de performances fran\u00e7aises.","sameAs":["https:\/\/x.com\/https:\/\/twitter.com\/Maxime_Caze"],"url":"https:\/\/dicodusport.fr\/blog\/author\/maximec\/"}]}},"_links":{"self":[{"href":"https:\/\/dicodusport.fr\/blog\/wp-json\/wp\/v2\/posts\/580658","targetHints":{"allow":["GET"]}}],"collection":[{"href":"https:\/\/dicodusport.fr\/blog\/wp-json\/wp\/v2\/posts"}],"about":[{"href":"https:\/\/dicodusport.fr\/blog\/wp-json\/wp\/v2\/types\/post"}],"author":[{"embeddable":true,"href":"https:\/\/dicodusport.fr\/blog\/wp-json\/wp\/v2\/users\/55"}],"replies":[{"embeddable":true,"href":"https:\/\/dicodusport.fr\/blog\/wp-json\/wp\/v2\/comments?post=580658"}],"version-history":[{"count":5,"href":"https:\/\/dicodusport.fr\/blog\/wp-json\/wp\/v2\/posts\/580658\/revisions"}],"predecessor-version":[{"id":580771,"href":"https:\/\/dicodusport.fr\/blog\/wp-json\/wp\/v2\/posts\/580658\/revisions\/580771"}],"wp:featuredmedia":[{"embeddable":true,"href":"https:\/\/dicodusport.fr\/blog\/wp-json\/wp\/v2\/media\/580672"}],"wp:attachment":[{"href":"https:\/\/dicodusport.fr\/blog\/wp-json\/wp\/v2\/media?parent=580658"}],"wp:term":[{"taxonomy":"category","embeddable":true,"href":"https:\/\/dicodusport.fr\/blog\/wp-json\/wp\/v2\/categories?post=580658"},{"taxonomy":"post_tag","embeddable":true,"href":"https:\/\/dicodusport.fr\/blog\/wp-json\/wp\/v2\/tags?post=580658"}],"curies":[{"name":"wp","href":"https:\/\/api.w.org\/{rel}","templated":true}]}}