{"id":580660,"date":"2025-05-21T13:41:20","date_gmt":"2025-05-21T11:41:20","guid":{"rendered":"https:\/\/dicodusport.fr\/blog\/?p=580660&#038;preview=true&#038;preview_id=580660"},"modified":"2025-05-21T13:47:49","modified_gmt":"2025-05-21T11:47:49","slug":"transferts-le-stade-francais-a-tranche-pour-lavenir-de-paul-abadie","status":"publish","type":"post","link":"https:\/\/dicodusport.fr\/blog\/transferts-le-stade-francais-a-tranche-pour-lavenir-de-paul-abadie\/","title":{"rendered":"Transferts : Le Stade Fran\u00e7ais a tranch\u00e9 pour l&rsquo;avenir de Paul Abadie"},"content":{"rendered":"<h4 style=\"text-align: justify;\"><em>TOP 14 2024-2025 &#8211; Recrut\u00e9 en qualit\u00e9 de joker m\u00e9dical en cours de saison, le demi de m\u00eal\u00e9e Paul Abadie va prolonger son aventure avec le Stade Fran\u00e7ais.<\/em><\/h4>\n<ul style=\"text-align: justify;\">\n<li style=\"text-align: justify;\"><strong>\u00c0 ce sujet &#8211; <a href=\"https:\/\/dicodusport.fr\/blog\/actualites\/rugby\/\">Toute l&rsquo;actualit\u00e9 du rugby<\/a><\/strong><\/li>\n<\/ul>\n<p style=\"text-align: justify;\">Toujours pleinement engag\u00e9 dans la bataille pour le maintien, le <a href=\"https:\/\/dicodusport.fr\/blog\/transferts-stade-francais-2025-arrivees-departs-et-prolongations\/\"><strong>Stade Fran\u00e7ais<\/strong><\/a> a profit\u00e9 de la pause de quinze jours impos\u00e9e par les finales europ\u00e9ennes pour boucler un dossier en vue de la saison prochaine. D\u00e9barqu\u00e9 au mois de f\u00e9vrier en tant que joker m\u00e9dical, <strong>Paul Abadie<\/strong> arrivait en fin de contrat \u00e0 l&rsquo;issue de la saison en cours.<\/p>\n<h2 style=\"text-align: justify;\">Paul Abadie prolonge jusqu&rsquo;en 2027 avec le Stade Fran\u00e7ais<\/h2>\n<p style=\"text-align: justify;\">Avant deux derni\u00e8res journ\u00e9es capitales de <strong>Top 14<\/strong>, le club parisien a d\u00e9cid\u00e9 de mettre un terme au suspense. Selon <a href=\"https:\/\/www.lequipe.fr\/Rugby\/Actualites\/Paul-abadie-prolonge-deux-ans-avec-le-stade-francais\/1563544\"><em>L&rsquo;\u00c9quipe<\/em><\/a>, le demi de m\u00eal\u00e9e de 30 ans et le Stade Fran\u00e7ais se sont entendus sur une<strong> prolongation de deux ans<\/strong>. Le contrat a d\u00e9j\u00e0 \u00e9t\u00e9 sign\u00e9, et l&rsquo;ancien pensionnaire de l&rsquo;UBB va donc pouvoir s&rsquo;inscrire dans la dur\u00e9e avec le club de la capitale pour se relancer.<\/p>\n<p style=\"text-align: justify;\">Utilis\u00e9 r\u00e9guli\u00e8rement lors de sa premi\u00e8re saison \u00e0 l&rsquo;<strong>UBB<\/strong> (25 matchs toutes comp\u00e9titions confondues, dont la finale de Top 14), il a ensuite \u00e9t\u00e9 frein\u00e9 par une blessure \u00e0 l&rsquo;\u00e9paule ayant entra\u00een\u00e9 une op\u00e9ration au c\u0153ur de l&rsquo;\u00e9t\u00e9 2024. Align\u00e9 \u00e0 une seule reprise depuis le d\u00e9but de l&rsquo;exercice (le 21 d\u00e9cembre face \u00e0 Castres), il avait fini par trouver une porte de sortie en f\u00e9vrier en rejoignant ce Stade Fran\u00e7ais \u00e0 la lutte pour le maintien. Depuis son arriv\u00e9e chez les Franciliens, il a ainsi disput\u00e9 <strong>4 rencontres de Top 14<\/strong>, toutes en tant que titulaire.<\/p>\n<h2>\u00c0 lire aussi<\/h2>\n<div class=\"vlp-link-container vlp-layout-article\"><a href=\"https:\/\/dicodusport.fr\/blog\/transferts-rugby-semi-lagivala-matteo-le-corvec-duncan-paiaaua-usap-les-infos-du-lundi-19-mai\/\" class=\"vlp-link\" title=\"Transferts Rugby : Semi Lagivala, Matt\u00e9o Le Corvec, Duncan Paia&#039;aua, USAP, les infos du lundi 19 mai\"><\/a><div class=\"vlp-layout-zone-side\"><div class=\"vlp-block-4 vlp-link-image\"><img loading=\"lazy\" decoding=\"async\" style=\"max-width: 792px;\" width=\"792\" height=\"445\" src=\"https:\/\/dicodusport.fr\/blog\/wp-content\/uploads\/2025\/05\/Transferts-Rugby-Semi-Lagivala-Matteo-Le-Corvec-Duncan-Paiaaua-les-infos-du-lundi-19-mai-1.png\" class=\"attachment-800x445 size-800x445\" alt=\"Transferts Rugby Semi Lagivala, Matt\u00e9o Le Corvec, Duncan Paia&#039;aua, les infos du lundi 19 mai\" srcset=\"https:\/\/dicodusport.fr\/blog\/wp-content\/uploads\/2025\/05\/Transferts-Rugby-Semi-Lagivala-Matteo-Le-Corvec-Duncan-Paiaaua-les-infos-du-lundi-19-mai-1.png 1200w, https:\/\/dicodusport.fr\/blog\/wp-content\/uploads\/2025\/05\/Transferts-Rugby-Semi-Lagivala-Matteo-Le-Corvec-Duncan-Paiaaua-les-infos-du-lundi-19-mai-1-300x169.png 300w, https:\/\/dicodusport.fr\/blog\/wp-content\/uploads\/2025\/05\/Transferts-Rugby-Semi-Lagivala-Matteo-Le-Corvec-Duncan-Paiaaua-les-infos-du-lundi-19-mai-1-1024x575.png 1024w, https:\/\/dicodusport.fr\/blog\/wp-content\/uploads\/2025\/05\/Transferts-Rugby-Semi-Lagivala-Matteo-Le-Corvec-Duncan-Paiaaua-les-infos-du-lundi-19-mai-1-768x431.png 768w\" sizes=\"auto, (max-width: 792px) 100vw, 792px\" \/><\/div><\/div><div class=\"vlp-layout-zone-main\"><div class=\"vlp-block-0 vlp-link-title\">Transferts Rugby : Semi Lagivala, Matt\u00e9o Le Corvec, Duncan Paia'aua, USAP, les infos du lundi 19 mai<\/div><div class=\"vlp-block-1 vlp-link-summary\">Semi Lagivala (Mont-de-Marsan) a sign\u00e9 avec un cador de Top 14, retournement de situation pour Matt\u00e9o Le Corvec (Toulon), Dunan Paia'aua (Toulon) a trouv\u00e9 son nouveau club : les infos transferts du lundi 19 mai.<\/div><div class=\"vlp-block-2 vlp-link-button\">Lire l'article<\/div><div class=\"vlp-block-3 vlp-link-url\">dicodusport.fr<\/div><\/div><\/div>\n","protected":false},"excerpt":{"rendered":"<p>TOP 14 2024-2025 &#8211; Recrut\u00e9 en qualit\u00e9 de joker m\u00e9dical en cours de saison, le demi de m\u00eal\u00e9e Paul Abadie va prolonger son aventure avec le Stade Fran\u00e7ais.<\/p>\n","protected":false},"author":55,"featured_media":580662,"comment_status":"open","ping_status":"closed","sticky":false,"template":"","format":"standard","meta":{"_acf_changed":false,"_daextam_enable_autolinks":"1","footnotes":""},"categories":[9129,47050],"tags":[16878,13,3076,111,29105],"class_list":["post-580660","post","type-post","status-publish","format-standard","has-post-thumbnail","hentry","category-rugby-a-xv","category-top-14","tag-breve","tag-rugby","tag-stade-francais","tag-top-14","tag-transferts-rugby"],"acf":[],"yoast_head":"<!-- This site is optimized with the Yoast SEO Premium plugin v26.7 (Yoast SEO v26.7) - https:\/\/yoast.com\/wordpress\/plugins\/seo\/ -->\n<title>Transferts : Le Stade Fran\u00e7ais a tranch\u00e9 pour l&#039;avenir de Paul Abadie<\/title>\n<meta name=\"description\" content=\"TOP 14 2024-2025 - Recrut\u00e9 en qualit\u00e9 de joker m\u00e9dical en cours de saison, Paul Abadie va prolonger son aventure avec le Stade Fran\u00e7ais.\" \/>\n<meta name=\"robots\" content=\"index, follow, max-snippet:-1, max-image-preview:large, max-video-preview:-1\" \/>\n<link rel=\"canonical\" href=\"https:\/\/dicodusport.fr\/blog\/transferts-le-stade-francais-a-tranche-pour-lavenir-de-paul-abadie\/\" \/>\n<meta property=\"og:locale\" content=\"fr_FR\" \/>\n<meta property=\"og:type\" content=\"article\" \/>\n<meta property=\"og:title\" content=\"Transferts : Le Stade Fran\u00e7ais a tranch\u00e9 pour l&#039;avenir de Paul Abadie\" \/>\n<meta property=\"og:description\" content=\"TOP 14 2024-2025 - Recrut\u00e9 en qualit\u00e9 de joker m\u00e9dical en cours de saison, le demi de m\u00eal\u00e9e Paul Abadie va prolonger son aventure avec le Stade Fran\u00e7ais.\" \/>\n<meta property=\"og:url\" content=\"https:\/\/dicodusport.fr\/blog\/transferts-le-stade-francais-a-tranche-pour-lavenir-de-paul-abadie\/\" \/>\n<meta property=\"og:site_name\" content=\"Dicodusport\" \/>\n<meta property=\"article:publisher\" content=\"https:\/\/www.facebook.com\/dicodusport\" \/>\n<meta property=\"article:published_time\" content=\"2025-05-21T11:41:20+00:00\" \/>\n<meta property=\"article:modified_time\" content=\"2025-05-21T11:47:49+00:00\" \/>\n<meta property=\"og:image\" content=\"https:\/\/dicodusport.fr\/blog\/wp-content\/uploads\/2025\/05\/Transferts-Le-Stade-Francais-a-tranche-pour-lavenir-de-Paul-Abadie.png\" \/>\n\t<meta property=\"og:image:width\" content=\"1200\" \/>\n\t<meta property=\"og:image:height\" content=\"674\" \/>\n\t<meta property=\"og:image:type\" content=\"image\/png\" \/>\n<meta name=\"author\" content=\"Maxime Cazenave\" \/>\n<meta name=\"twitter:card\" content=\"summary_large_image\" \/>\n<meta name=\"twitter:description\" content=\"TOP 14 2024-2025 - Recrut\u00e9 en qualit\u00e9 de joker m\u00e9dical en cours de saison, le demi de m\u00eal\u00e9e Paul Abadie va prolonger son aventure avec le Stade Fran\u00e7ais.\" \/>\n<meta name=\"twitter:creator\" content=\"@https:\/\/twitter.com\/Maxime_Caze\" \/>\n<meta name=\"twitter:site\" content=\"@dicodusport\" \/>\n<script type=\"application\/ld+json\" class=\"yoast-schema-graph\">{\"@context\":\"https:\/\/schema.org\",\"@graph\":[{\"@type\":\"NewsArticle\",\"@id\":\"https:\/\/dicodusport.fr\/blog\/transferts-le-stade-francais-a-tranche-pour-lavenir-de-paul-abadie\/#article\",\"isPartOf\":{\"@id\":\"https:\/\/dicodusport.fr\/blog\/transferts-le-stade-francais-a-tranche-pour-lavenir-de-paul-abadie\/\"},\"author\":{\"name\":\"Maxime Cazenave\",\"@id\":\"https:\/\/dicodusport.fr\/blog\/#\/schema\/person\/37def232098a7a5cbab3974a3690abb0\"},\"headline\":\"Transferts : Le Stade Fran\u00e7ais a tranch\u00e9 pour l&rsquo;avenir de Paul Abadie\",\"datePublished\":\"2025-05-21T11:41:20+00:00\",\"dateModified\":\"2025-05-21T11:47:49+00:00\",\"mainEntityOfPage\":{\"@id\":\"https:\/\/dicodusport.fr\/blog\/transferts-le-stade-francais-a-tranche-pour-lavenir-de-paul-abadie\/\"},\"wordCount\":423,\"commentCount\":0,\"publisher\":{\"@id\":\"https:\/\/dicodusport.fr\/blog\/#organization\"},\"image\":{\"@id\":\"https:\/\/dicodusport.fr\/blog\/transferts-le-stade-francais-a-tranche-pour-lavenir-de-paul-abadie\/#primaryimage\"},\"thumbnailUrl\":\"https:\/\/dicodusport.fr\/blog\/wp-content\/uploads\/2025\/05\/Transferts-Le-Stade-Francais-a-tranche-pour-lavenir-de-Paul-Abadie.png\",\"keywords\":[\"br\u00e8ve\",\"Rugby\",\"Stade Fran\u00e7ais\",\"Top 14\",\"Transferts rugby\"],\"articleSection\":[\"Rugby \u00e0 XV\",\"Top 14\"],\"inLanguage\":\"fr-FR\",\"potentialAction\":[{\"@type\":\"CommentAction\",\"name\":\"Comment\",\"target\":[\"https:\/\/dicodusport.fr\/blog\/transferts-le-stade-francais-a-tranche-pour-lavenir-de-paul-abadie\/#respond\"]}],\"copyrightYear\":\"2025\",\"copyrightHolder\":{\"@id\":\"https:\/\/dicodusport.fr\/blog\/#organization\"}},{\"@type\":\"WebPage\",\"@id\":\"https:\/\/dicodusport.fr\/blog\/transferts-le-stade-francais-a-tranche-pour-lavenir-de-paul-abadie\/\",\"url\":\"https:\/\/dicodusport.fr\/blog\/transferts-le-stade-francais-a-tranche-pour-lavenir-de-paul-abadie\/\",\"name\":\"Transferts : Le Stade Fran\u00e7ais a tranch\u00e9 pour l'avenir de Paul Abadie\",\"isPartOf\":{\"@id\":\"https:\/\/dicodusport.fr\/blog\/#website\"},\"primaryImageOfPage\":{\"@id\":\"https:\/\/dicodusport.fr\/blog\/transferts-le-stade-francais-a-tranche-pour-lavenir-de-paul-abadie\/#primaryimage\"},\"image\":{\"@id\":\"https:\/\/dicodusport.fr\/blog\/transferts-le-stade-francais-a-tranche-pour-lavenir-de-paul-abadie\/#primaryimage\"},\"thumbnailUrl\":\"https:\/\/dicodusport.fr\/blog\/wp-content\/uploads\/2025\/05\/Transferts-Le-Stade-Francais-a-tranche-pour-lavenir-de-Paul-Abadie.png\",\"datePublished\":\"2025-05-21T11:41:20+00:00\",\"dateModified\":\"2025-05-21T11:47:49+00:00\",\"description\":\"TOP 14 2024-2025 - Recrut\u00e9 en qualit\u00e9 de joker m\u00e9dical en cours de saison, Paul Abadie va prolonger son aventure avec le Stade Fran\u00e7ais.\",\"breadcrumb\":{\"@id\":\"https:\/\/dicodusport.fr\/blog\/transferts-le-stade-francais-a-tranche-pour-lavenir-de-paul-abadie\/#breadcrumb\"},\"inLanguage\":\"fr-FR\",\"potentialAction\":[{\"@type\":\"ReadAction\",\"target\":[\"https:\/\/dicodusport.fr\/blog\/transferts-le-stade-francais-a-tranche-pour-lavenir-de-paul-abadie\/\"]}]},{\"@type\":\"ImageObject\",\"inLanguage\":\"fr-FR\",\"@id\":\"https:\/\/dicodusport.fr\/blog\/transferts-le-stade-francais-a-tranche-pour-lavenir-de-paul-abadie\/#primaryimage\",\"url\":\"https:\/\/dicodusport.fr\/blog\/wp-content\/uploads\/2025\/05\/Transferts-Le-Stade-Francais-a-tranche-pour-lavenir-de-Paul-Abadie.png\",\"contentUrl\":\"https:\/\/dicodusport.fr\/blog\/wp-content\/uploads\/2025\/05\/Transferts-Le-Stade-Francais-a-tranche-pour-lavenir-de-Paul-Abadie.png\",\"width\":1200,\"height\":674,\"caption\":\"Transferts : Le Stade Fran\u00e7ais a tranch\u00e9 pour l'avenir de Paul Abadie\"},{\"@type\":\"BreadcrumbList\",\"@id\":\"https:\/\/dicodusport.fr\/blog\/transferts-le-stade-francais-a-tranche-pour-lavenir-de-paul-abadie\/#breadcrumb\",\"itemListElement\":[{\"@type\":\"ListItem\",\"position\":1,\"name\":\"Accueil\",\"item\":\"https:\/\/dicodusport.fr\/blog\/\"},{\"@type\":\"ListItem\",\"position\":2,\"name\":\"Transferts : Le Stade Fran\u00e7ais a tranch\u00e9 pour l&rsquo;avenir de Paul Abadie\"}]},{\"@type\":\"WebSite\",\"@id\":\"https:\/\/dicodusport.fr\/blog\/#website\",\"url\":\"https:\/\/dicodusport.fr\/blog\/\",\"name\":\"Dicodusport\",\"description\":\"L&#039;encyclop\u00e9die de l&#039;actualit\u00e9 sportive\",\"publisher\":{\"@id\":\"https:\/\/dicodusport.fr\/blog\/#organization\"},\"potentialAction\":[{\"@type\":\"SearchAction\",\"target\":{\"@type\":\"EntryPoint\",\"urlTemplate\":\"https:\/\/dicodusport.fr\/blog\/?s={search_term_string}\"},\"query-input\":{\"@type\":\"PropertyValueSpecification\",\"valueRequired\":true,\"valueName\":\"search_term_string\"}}],\"inLanguage\":\"fr-FR\"},{\"@type\":\"NewsMediaOrganization\",\"@id\":\"https:\/\/dicodusport.fr\/blog\/#organization\",\"name\":\"Dicodusport\",\"url\":\"https:\/\/dicodusport.fr\/blog\/\",\"logo\":{\"@type\":\"ImageObject\",\"inLanguage\":\"fr-FR\",\"@id\":\"https:\/\/dicodusport.fr\/blog\/#\/schema\/logo\/image\/\",\"url\":\"https:\/\/dicodusport.fr\/blog\/wp-content\/uploads\/2020\/06\/cropped-LOGO-DICODUSPORT-2020-SANS-FOND-SANS-TEXTE.png\",\"contentUrl\":\"https:\/\/dicodusport.fr\/blog\/wp-content\/uploads\/2020\/06\/cropped-LOGO-DICODUSPORT-2020-SANS-FOND-SANS-TEXTE.png\",\"width\":512,\"height\":512,\"caption\":\"Dicodusport\"},\"image\":{\"@id\":\"https:\/\/dicodusport.fr\/blog\/#\/schema\/logo\/image\/\"},\"sameAs\":[\"https:\/\/www.facebook.com\/dicodusport\",\"https:\/\/x.com\/dicodusport\",\"https:\/\/www.instagram.com\/dicodusport\/\",\"https:\/\/www.youtube.com\/channel\/UC7V2KZ5sd3htJivAbA4ZG3w\"],\"description\":\"Dicodusport est l'encyclop\u00e9die de l'actualit\u00e9 sportive.\",\"email\":\"bonjour@dicodusport.fr\",\"legalName\":\"DICODUSPORT\",\"foundingDate\":\"2018-01-14\",\"vatID\":\"FR71834470973\",\"taxID\":\"83447097300043\",\"numberOfEmployees\":{\"@type\":\"QuantitativeValue\",\"minValue\":\"1\",\"maxValue\":\"10\"}},{\"@type\":\"Person\",\"@id\":\"https:\/\/dicodusport.fr\/blog\/#\/schema\/person\/37def232098a7a5cbab3974a3690abb0\",\"name\":\"Maxime Cazenave\",\"image\":{\"@type\":\"ImageObject\",\"inLanguage\":\"fr-FR\",\"@id\":\"https:\/\/dicodusport.fr\/blog\/#\/schema\/person\/image\/\",\"url\":\"https:\/\/dicodusport.fr\/blog\/wp-content\/uploads\/2021\/05\/Maxime-Cazenave-150x150.jpg\",\"contentUrl\":\"https:\/\/dicodusport.fr\/blog\/wp-content\/uploads\/2021\/05\/Maxime-Cazenave-150x150.jpg\",\"caption\":\"Maxime Cazenave\"},\"description\":\"Journaliste\/R\u00e9dacteur depuis 2012 - Berc\u00e9 par l\u2019amour des Girondins de Bordeaux, les \u00e9checs de Christophe Moreau sur le Tour de France sous l'\u00e8re Lance Armstrong et le fade-away l\u00e9tal de Dirk Nowitzki, ma passion d\u00e9vorante pour le sport a toujours \u00e9t\u00e9 un pan incontournable de ma vie. Transmettre ma passion \u00e0 l\u2019\u00e9crit a \u00e9t\u00e9 une transition naturelle. Suiveur assidu de basket et de hockey sur glace, je garde toujours un peu de place pour suivre le cyclisme, le football et le maximum de performances fran\u00e7aises.\",\"sameAs\":[\"https:\/\/x.com\/https:\/\/twitter.com\/Maxime_Caze\"],\"url\":\"https:\/\/dicodusport.fr\/blog\/author\/maximec\/\"}]}<\/script>\n<!-- \/ Yoast SEO Premium plugin. -->","yoast_head_json":{"title":"Transferts : Le Stade Fran\u00e7ais a tranch\u00e9 pour l'avenir de Paul Abadie","description":"TOP 14 2024-2025 - Recrut\u00e9 en qualit\u00e9 de joker m\u00e9dical en cours de saison, Paul Abadie va prolonger son aventure avec le Stade Fran\u00e7ais.","robots":{"index":"index","follow":"follow","max-snippet":"max-snippet:-1","max-image-preview":"max-image-preview:large","max-video-preview":"max-video-preview:-1"},"canonical":"https:\/\/dicodusport.fr\/blog\/transferts-le-stade-francais-a-tranche-pour-lavenir-de-paul-abadie\/","og_locale":"fr_FR","og_type":"article","og_title":"Transferts : Le Stade Fran\u00e7ais a tranch\u00e9 pour l'avenir de Paul Abadie","og_description":"TOP 14 2024-2025 - Recrut\u00e9 en qualit\u00e9 de joker m\u00e9dical en cours de saison, le demi de m\u00eal\u00e9e Paul Abadie va prolonger son aventure avec le Stade Fran\u00e7ais.","og_url":"https:\/\/dicodusport.fr\/blog\/transferts-le-stade-francais-a-tranche-pour-lavenir-de-paul-abadie\/","og_site_name":"Dicodusport","article_publisher":"https:\/\/www.facebook.com\/dicodusport","article_published_time":"2025-05-21T11:41:20+00:00","article_modified_time":"2025-05-21T11:47:49+00:00","og_image":[{"width":1200,"height":674,"url":"https:\/\/dicodusport.fr\/blog\/wp-content\/uploads\/2025\/05\/Transferts-Le-Stade-Francais-a-tranche-pour-lavenir-de-Paul-Abadie.png","type":"image\/png"}],"author":"Maxime Cazenave","twitter_card":"summary_large_image","twitter_description":"TOP 14 2024-2025 - Recrut\u00e9 en qualit\u00e9 de joker m\u00e9dical en cours de saison, le demi de m\u00eal\u00e9e Paul Abadie va prolonger son aventure avec le Stade Fran\u00e7ais.","twitter_creator":"@https:\/\/twitter.com\/Maxime_Caze","twitter_site":"@dicodusport","schema":{"@context":"https:\/\/schema.org","@graph":[{"@type":"NewsArticle","@id":"https:\/\/dicodusport.fr\/blog\/transferts-le-stade-francais-a-tranche-pour-lavenir-de-paul-abadie\/#article","isPartOf":{"@id":"https:\/\/dicodusport.fr\/blog\/transferts-le-stade-francais-a-tranche-pour-lavenir-de-paul-abadie\/"},"author":{"name":"Maxime Cazenave","@id":"https:\/\/dicodusport.fr\/blog\/#\/schema\/person\/37def232098a7a5cbab3974a3690abb0"},"headline":"Transferts : Le Stade Fran\u00e7ais a tranch\u00e9 pour l&rsquo;avenir de Paul Abadie","datePublished":"2025-05-21T11:41:20+00:00","dateModified":"2025-05-21T11:47:49+00:00","mainEntityOfPage":{"@id":"https:\/\/dicodusport.fr\/blog\/transferts-le-stade-francais-a-tranche-pour-lavenir-de-paul-abadie\/"},"wordCount":423,"commentCount":0,"publisher":{"@id":"https:\/\/dicodusport.fr\/blog\/#organization"},"image":{"@id":"https:\/\/dicodusport.fr\/blog\/transferts-le-stade-francais-a-tranche-pour-lavenir-de-paul-abadie\/#primaryimage"},"thumbnailUrl":"https:\/\/dicodusport.fr\/blog\/wp-content\/uploads\/2025\/05\/Transferts-Le-Stade-Francais-a-tranche-pour-lavenir-de-Paul-Abadie.png","keywords":["br\u00e8ve","Rugby","Stade Fran\u00e7ais","Top 14","Transferts rugby"],"articleSection":["Rugby \u00e0 XV","Top 14"],"inLanguage":"fr-FR","potentialAction":[{"@type":"CommentAction","name":"Comment","target":["https:\/\/dicodusport.fr\/blog\/transferts-le-stade-francais-a-tranche-pour-lavenir-de-paul-abadie\/#respond"]}],"copyrightYear":"2025","copyrightHolder":{"@id":"https:\/\/dicodusport.fr\/blog\/#organization"}},{"@type":"WebPage","@id":"https:\/\/dicodusport.fr\/blog\/transferts-le-stade-francais-a-tranche-pour-lavenir-de-paul-abadie\/","url":"https:\/\/dicodusport.fr\/blog\/transferts-le-stade-francais-a-tranche-pour-lavenir-de-paul-abadie\/","name":"Transferts : Le Stade Fran\u00e7ais a tranch\u00e9 pour l'avenir de Paul Abadie","isPartOf":{"@id":"https:\/\/dicodusport.fr\/blog\/#website"},"primaryImageOfPage":{"@id":"https:\/\/dicodusport.fr\/blog\/transferts-le-stade-francais-a-tranche-pour-lavenir-de-paul-abadie\/#primaryimage"},"image":{"@id":"https:\/\/dicodusport.fr\/blog\/transferts-le-stade-francais-a-tranche-pour-lavenir-de-paul-abadie\/#primaryimage"},"thumbnailUrl":"https:\/\/dicodusport.fr\/blog\/wp-content\/uploads\/2025\/05\/Transferts-Le-Stade-Francais-a-tranche-pour-lavenir-de-Paul-Abadie.png","datePublished":"2025-05-21T11:41:20+00:00","dateModified":"2025-05-21T11:47:49+00:00","description":"TOP 14 2024-2025 - Recrut\u00e9 en qualit\u00e9 de joker m\u00e9dical en cours de saison, Paul Abadie va prolonger son aventure avec le Stade Fran\u00e7ais.","breadcrumb":{"@id":"https:\/\/dicodusport.fr\/blog\/transferts-le-stade-francais-a-tranche-pour-lavenir-de-paul-abadie\/#breadcrumb"},"inLanguage":"fr-FR","potentialAction":[{"@type":"ReadAction","target":["https:\/\/dicodusport.fr\/blog\/transferts-le-stade-francais-a-tranche-pour-lavenir-de-paul-abadie\/"]}]},{"@type":"ImageObject","inLanguage":"fr-FR","@id":"https:\/\/dicodusport.fr\/blog\/transferts-le-stade-francais-a-tranche-pour-lavenir-de-paul-abadie\/#primaryimage","url":"https:\/\/dicodusport.fr\/blog\/wp-content\/uploads\/2025\/05\/Transferts-Le-Stade-Francais-a-tranche-pour-lavenir-de-Paul-Abadie.png","contentUrl":"https:\/\/dicodusport.fr\/blog\/wp-content\/uploads\/2025\/05\/Transferts-Le-Stade-Francais-a-tranche-pour-lavenir-de-Paul-Abadie.png","width":1200,"height":674,"caption":"Transferts : Le Stade Fran\u00e7ais a tranch\u00e9 pour l'avenir de Paul Abadie"},{"@type":"BreadcrumbList","@id":"https:\/\/dicodusport.fr\/blog\/transferts-le-stade-francais-a-tranche-pour-lavenir-de-paul-abadie\/#breadcrumb","itemListElement":[{"@type":"ListItem","position":1,"name":"Accueil","item":"https:\/\/dicodusport.fr\/blog\/"},{"@type":"ListItem","position":2,"name":"Transferts : Le Stade Fran\u00e7ais a tranch\u00e9 pour l&rsquo;avenir de Paul Abadie"}]},{"@type":"WebSite","@id":"https:\/\/dicodusport.fr\/blog\/#website","url":"https:\/\/dicodusport.fr\/blog\/","name":"Dicodusport","description":"L&#039;encyclop\u00e9die de l&#039;actualit\u00e9 sportive","publisher":{"@id":"https:\/\/dicodusport.fr\/blog\/#organization"},"potentialAction":[{"@type":"SearchAction","target":{"@type":"EntryPoint","urlTemplate":"https:\/\/dicodusport.fr\/blog\/?s={search_term_string}"},"query-input":{"@type":"PropertyValueSpecification","valueRequired":true,"valueName":"search_term_string"}}],"inLanguage":"fr-FR"},{"@type":"NewsMediaOrganization","@id":"https:\/\/dicodusport.fr\/blog\/#organization","name":"Dicodusport","url":"https:\/\/dicodusport.fr\/blog\/","logo":{"@type":"ImageObject","inLanguage":"fr-FR","@id":"https:\/\/dicodusport.fr\/blog\/#\/schema\/logo\/image\/","url":"https:\/\/dicodusport.fr\/blog\/wp-content\/uploads\/2020\/06\/cropped-LOGO-DICODUSPORT-2020-SANS-FOND-SANS-TEXTE.png","contentUrl":"https:\/\/dicodusport.fr\/blog\/wp-content\/uploads\/2020\/06\/cropped-LOGO-DICODUSPORT-2020-SANS-FOND-SANS-TEXTE.png","width":512,"height":512,"caption":"Dicodusport"},"image":{"@id":"https:\/\/dicodusport.fr\/blog\/#\/schema\/logo\/image\/"},"sameAs":["https:\/\/www.facebook.com\/dicodusport","https:\/\/x.com\/dicodusport","https:\/\/www.instagram.com\/dicodusport\/","https:\/\/www.youtube.com\/channel\/UC7V2KZ5sd3htJivAbA4ZG3w"],"description":"Dicodusport est l'encyclop\u00e9die de l'actualit\u00e9 sportive.","email":"bonjour@dicodusport.fr","legalName":"DICODUSPORT","foundingDate":"2018-01-14","vatID":"FR71834470973","taxID":"83447097300043","numberOfEmployees":{"@type":"QuantitativeValue","minValue":"1","maxValue":"10"}},{"@type":"Person","@id":"https:\/\/dicodusport.fr\/blog\/#\/schema\/person\/37def232098a7a5cbab3974a3690abb0","name":"Maxime Cazenave","image":{"@type":"ImageObject","inLanguage":"fr-FR","@id":"https:\/\/dicodusport.fr\/blog\/#\/schema\/person\/image\/","url":"https:\/\/dicodusport.fr\/blog\/wp-content\/uploads\/2021\/05\/Maxime-Cazenave-150x150.jpg","contentUrl":"https:\/\/dicodusport.fr\/blog\/wp-content\/uploads\/2021\/05\/Maxime-Cazenave-150x150.jpg","caption":"Maxime Cazenave"},"description":"Journaliste\/R\u00e9dacteur depuis 2012 - Berc\u00e9 par l\u2019amour des Girondins de Bordeaux, les \u00e9checs de Christophe Moreau sur le Tour de France sous l'\u00e8re Lance Armstrong et le fade-away l\u00e9tal de Dirk Nowitzki, ma passion d\u00e9vorante pour le sport a toujours \u00e9t\u00e9 un pan incontournable de ma vie. Transmettre ma passion \u00e0 l\u2019\u00e9crit a \u00e9t\u00e9 une transition naturelle. Suiveur assidu de basket et de hockey sur glace, je garde toujours un peu de place pour suivre le cyclisme, le football et le maximum de performances fran\u00e7aises.","sameAs":["https:\/\/x.com\/https:\/\/twitter.com\/Maxime_Caze"],"url":"https:\/\/dicodusport.fr\/blog\/author\/maximec\/"}]}},"_links":{"self":[{"href":"https:\/\/dicodusport.fr\/blog\/wp-json\/wp\/v2\/posts\/580660","targetHints":{"allow":["GET"]}}],"collection":[{"href":"https:\/\/dicodusport.fr\/blog\/wp-json\/wp\/v2\/posts"}],"about":[{"href":"https:\/\/dicodusport.fr\/blog\/wp-json\/wp\/v2\/types\/post"}],"author":[{"embeddable":true,"href":"https:\/\/dicodusport.fr\/blog\/wp-json\/wp\/v2\/users\/55"}],"replies":[{"embeddable":true,"href":"https:\/\/dicodusport.fr\/blog\/wp-json\/wp\/v2\/comments?post=580660"}],"version-history":[{"count":4,"href":"https:\/\/dicodusport.fr\/blog\/wp-json\/wp\/v2\/posts\/580660\/revisions"}],"predecessor-version":[{"id":580669,"href":"https:\/\/dicodusport.fr\/blog\/wp-json\/wp\/v2\/posts\/580660\/revisions\/580669"}],"wp:featuredmedia":[{"embeddable":true,"href":"https:\/\/dicodusport.fr\/blog\/wp-json\/wp\/v2\/media\/580662"}],"wp:attachment":[{"href":"https:\/\/dicodusport.fr\/blog\/wp-json\/wp\/v2\/media?parent=580660"}],"wp:term":[{"taxonomy":"category","embeddable":true,"href":"https:\/\/dicodusport.fr\/blog\/wp-json\/wp\/v2\/categories?post=580660"},{"taxonomy":"post_tag","embeddable":true,"href":"https:\/\/dicodusport.fr\/blog\/wp-json\/wp\/v2\/tags?post=580660"}],"curies":[{"name":"wp","href":"https:\/\/api.w.org\/{rel}","templated":true}]}}