{"id":580838,"date":"2025-09-19T08:33:44","date_gmt":"2025-09-19T06:33:44","guid":{"rendered":"https:\/\/dicodusport.fr\/blog\/?p=580838&#038;preview=true&#038;preview_id=580838"},"modified":"2026-01-30T15:05:35","modified_gmt":"2026-01-30T14:05:35","slug":"mercato-rennes-2025-2026-le-tableau-complet-des-transferts-arrivees-et-departs","status":"publish","type":"post","link":"https:\/\/dicodusport.fr\/blog\/mercato-rennes-2025-2026-le-tableau-complet-des-transferts-arrivees-et-departs\/","title":{"rendered":"Mercato Rennes 2025-2026 : Le tableau complet des transferts, arriv\u00e9es et d\u00e9parts"},"content":{"rendered":"<p style=\"text-align: justify;\"><strong><em>TRANSFERTS RENNES &#8211; Retrouvez tous les mouvements du Stade Rennais pour l&rsquo;intersaison 2025 en Ligue 1. Arriv\u00e9es, d\u00e9part, pr\u00eats, transferts d\u00e9finitifs, ne ratez rien du mercato estival.\u00a0<\/em><\/strong><\/p>\n<h2 style=\"text-align: justify;\">Tableau des transferts de Rennes 2025-2026<\/h2>\n<p style=\"text-align: justify;\"><span style=\"font-size: 14px;\"><strong><em>Tableau mis \u00e0 jour le 19 septembre 2025.<\/em><\/strong><\/span><\/p>\n<div class=\"su-table su-table-alternate\">\n<table style=\"width: 840px;border-collapse: collapse\">\n<tbody>\n<tr>\n<td style=\"text-align: center;vertical-align: middle;width: 400px\" colspan=\"2\"><strong><img loading=\"lazy\" decoding=\"async\" class=\"\" src=\"https:\/\/s3.eu-west-1.amazonaws.com\/image.mpg\/assets\/clubs\/logo\/2023_1_14_128x128_e7371f8a913a19713876abf7cb92e131.png\" width=\"100\" height=\"100\" \/><br \/>\nSTADE RENNAIS<\/strong><\/td>\n<\/tr>\n<tr>\n<td style=\"text-align: center;vertical-align: middle;width: 400px\"><span style=\"color: #000000;font-size: 0.9em\"><strong><span style=\"color: #008000\">\u25bc<\/span> ARRIV\u00c9ES<\/strong><\/span><\/td>\n<td style=\"text-align: center;vertical-align: middle;width: 400px\"><span style=\"color: #000000;font-size: 0.9em\"><strong><span style=\"color: #ff0000\">\u25b2<\/span> <span style=\"color: #000000\">D\u00c9PARTS<\/span><\/strong><\/span><\/td>\n<\/tr>\n<tr>\n<td style=\"vertical-align: middle;text-align: justify;width: 400px\"><span style=\"font-size: 0.9em\"><strong>LILIAN BRASSIER<\/strong> \u2192 Brest (12 M\u20ac)<br \/>\n<strong>ALBERT GR\u00d8NBAEK<\/strong> \u2192 Southampton (retour de pr\u00eat)<br \/>\n<strong>BAPTISTE SANTAMARIA<\/strong> \u2192 OGC Nice (retour de pr\u00eat)<br \/>\n<strong>LEO \u00d8STIG\u00c5RD<\/strong> \u2192 Hoffenheim (retour de pr\u00eat)<br \/>\n<strong>FABIAN RIEDER<\/strong> \u2192 Stuttgart (retour de pr\u00eat)<br \/>\n<strong>GLEN KAMARA<\/strong> \u2192 Al-Shabab (retour de pr\u00eat)<br \/>\n<strong>WARMED OMARI<\/strong> \u2192 Lyon (retour de pr\u00eat)<br \/>\n<strong>IBRAHIM SALAH<\/strong> \u2192 Brest (retour de pr\u00eat)<br \/>\n<strong>HENRIK MEISTER<\/strong> \u2192 Pise (retour de pr\u00eat)<\/span><br \/>\n<span style=\"font-size: 0.9em\"><strong>BERTUG YILDIRIM<\/strong> \u2192 Getafe (retour de pr\u00eat)<br \/>\n<strong>MOHAMED JAOUAB<\/strong> \u2192 Amiens (retour de pr\u00eat)<br \/>\n<strong>RAYAN BAMBA<\/strong> \u2192 Concarneau (retour de pr\u00eat)<br \/>\n<strong>ABDELHAMID AIT BOUDLAL<\/strong> \u2192 Amiens (retour de pr\u00eat)<br \/>\n<strong>ALAN DO MARCOLINO<\/strong> \u2192 Orl\u00e9ans (retour de pr\u00eat)<\/span><br \/>\n<span style=\"font-size: 0.9em\"><strong>VALENTIN RONGIER<\/strong> \u2192 Marseille (5.5 M\u20ac)<\/span><br \/>\n<span style=\"font-size: 0.9em\"><strong>QUENTIN MERLIN<\/strong> \u2192 Marseille (13 M\u20ac)<\/span><br \/>\n<span style=\"font-size: 0.9em\"><strong>PRZEMYSLAW FRANKOWSKI<\/strong> \u2192 Galatasaray (pr\u00eat)<\/span><br \/>\n<span style=\"font-size: 0.9em\"><strong>MAHDI CAMARA<\/strong> \u2192 Brest (8 M\u20ac)<\/span><br \/>\n<span style=\"font-size: 0.9em\"><strong>EST\u00c9BAN LEPAUL<\/strong> \u2192 Angers (13.5 M\u20ac)<br \/>\n<b>BREEL EMBOLO <\/b>\u2192 Monaco (13 M\u20ac)<br \/>\n<\/span><\/td>\n<td style=\"vertical-align: middle;text-align: justify;width: 400px\"><span style=\"font-size: 0.9em\"> <strong>LILIAN BRASSIER<\/strong> \u2192 Brest (retour de pr\u00eat)<br \/>\n<strong>GEOFFREY LEMBET<\/strong> \u2192 Fin de contrat<br \/>\n<strong>ISMA\u00cbL KON\u00c9<\/strong> \u2192 Marseille (retour de pr\u00eat)<br \/>\n<strong>NAOUIROU AHAMADA<\/strong> \u2192 Crystal Palace (retour de pr\u00eat)<\/span><br \/>\n<span style=\"font-size: 0.9em\"><a href=\"https:\/\/dicodusport.fr\/blog\/transferts-rennes-adrien-truffert-va-decouvrir-la-premier-league\/\"><strong>ADRIEN TRUFFERT<\/strong><\/a> \u2192 Bournemouth (13.5 M\u20ac)<\/span><br \/>\n<span style=\"font-size: 0.9em\"><strong>LORENZ ASSIGNON<\/strong> \u2192 VfB Stuttgart (12 M\u20ac)<\/span><br \/>\n<span style=\"font-size: 0.9em\"><strong>STEVE MANDANDA<\/strong> \u2192 fin de contrat<\/span><br \/>\n<span style=\"font-size: 0.9em\"><strong>ALBERT GR\u00d8NBAEK<\/strong> \u2192 Genoa (pr\u00eat)<\/span><br \/>\n<span style=\"font-size: 0.9em\"><strong>KYOGO FURUHASHI<\/strong> \u2192 Birmingham (9 M\u20ac)<\/span><br \/>\n<span style=\"font-size: 0.9em\"><strong>WILSON SAMAK\u00c9<\/strong> \u2192 Bandirmaspor (fin de contrat)<\/span><br \/>\n<span style=\"font-size: 0.9em\"><strong>AZOR MATUSIWA<\/strong> \u2192 Ipswich (11.5 M\u20ac)<\/span><br \/>\n<span style=\"font-size: 0.9em\"><strong>JONATHAN DO MARCOLINO<\/strong> \u2192 Bourg-en-Bresse (pr\u00eat)<\/span><br \/>\n<span style=\"font-size: 0.9em\"><strong>LEO \u00d8STIG\u00c5RD<\/strong> \u2192 Genoa (pr\u00eat)<\/span><br \/>\n<span style=\"font-size: 0.9em\"><strong>MOHAMED JAOUAB<\/strong> \u2192 Valladolid (fin de contrat)<\/span><br \/>\n<span style=\"font-size: 0.9em\"><strong>WARMED OMARI<\/strong> \u2192 Hambourg (pr\u00eat)<\/span><br \/>\n<span style=\"font-size: 0.9em\"><strong>KAZEEM OLAIGBE<\/strong> \u2192 Trabzonspor (9 M\u20ac)<\/span><br \/>\n<span style=\"font-size: 0.9em\"><strong>BAPTISTE SANTAMARIA<\/strong> \u2192 Valence (2 M\u20ac)<\/span><br \/>\n<span style=\"font-size: 0.9em\"><strong>ALAN DO MARCOLINO<\/strong> \u2192 Lourosa (fin de contrat)<\/span><br \/>\n<span style=\"font-size: 0.9em\"><strong>HENRIK MEISTER<\/strong> \u2192 Pise (4 M\u20ac)<\/span><br \/>\n<span style=\"font-size: 0.9em\"><b>RAYAN BAMBA <\/b>\u2192 Nancy (pr\u00eat)<\/span><br \/>\n<span style=\"font-size: 0.9em\"><strong>ANDR\u00c9S GOMEZ<\/strong> \u2192 Vasco de Gama (pr\u00eat)<\/span><br \/>\n<span style=\"font-size: 0.9em\"><a href=\"https:\/\/dicodusport.fr\/blog\/transferts-rennes-direction-la-premier-league-pour-arnaud-kalimuendo\/\"><strong>ARNAUD KALIMUENDO<\/strong><\/a> \u2192 Nottingham (30 M\u20ac)<br \/>\n<b>AYANDA SISHUBA <\/b>\u2192 Montpellier (pr\u00eat)<br \/>\n<strong>FABIAN RIEDER<\/strong> \u2192 Augsburg (7 M\u20ac)<br \/>\n<b>MIKAYIL FAYE <\/b>\u2192 Cremonese (pr\u00eat)<br \/>\n<strong>IBRAHIM SALAH<\/strong> \u2192 FC B\u00e2le (2 M\u20ac)<br \/>\n<b>JORDAN JAMES <\/b>\u2192 Leicester (pr\u00eat)<br \/>\n<strong>CHRISTOPHER WOOH<\/strong> \u2192 Spartak Moscou (fin de contrat)<br \/>\n<strong>DOGAN ALEMDAR<\/strong> \u2192 Basaksehir (1.2 M\u20ac)<br \/>\n<strong>BERTUG YILDIRIM<\/strong> \u2192 Basaksehir (2.2 M\u20ac)<br \/>\n<\/span><\/td>\n<\/tr>\n<\/tbody>\n<\/table>\n<\/div>\n<p><span style=\"font-size: 14px;\"><em>Source : <a href=\"https:\/\/www.transfermarkt.fr\/\" target=\"_blank\" rel=\"noopener\">Transfermarkt<\/a><\/em><\/span><\/p>\n<h3>\u00c0 ce sujet<\/h3>\n<ul>\n<li><a href=\"https:\/\/dicodusport.fr\/blog\/mercato-psg-2025-2026-le-tableau-complet-des-transferts-arrivees-et-departs\/\"><strong>Le tableau des transferts du PSG pour le mercato estival<\/strong><\/a><\/li>\n<li><a href=\"https:\/\/dicodusport.fr\/blog\/mercato-ol-2025-2026-le-tableau-complet-des-transferts-arrivees-et-departs\/\"><strong>Le tableau des transferts de l&rsquo;OL pour le mercato estival<\/strong><\/a><\/li>\n<li><a href=\"https:\/\/dicodusport.fr\/blog\/mercato-om-2025-2026-le-tableau-complet-des-transferts-arrivees-et-departs\/\"><strong>Le tableau des transferts de l&rsquo;OM pour le mercato estival<\/strong><\/a><\/li>\n<li><a href=\"https:\/\/dicodusport.fr\/blog\/mercato-asm-2025-2026-le-tableau-complet-des-transferts-arrivees-et-departs\/\"><strong>Le tableau des transferts de l&rsquo;ASM pour le mercato estival<\/strong><\/a><\/li>\n<li><a href=\"https:\/\/dicodusport.fr\/blog\/mercato-losc-2025-2026-le-tableau-complet-des-transferts-arrivees-et-departs\/\"><strong>Le tableau des transferts du LOSC pour le mercato estival<\/strong><\/a><\/li>\n<li><a href=\"https:\/\/dicodusport.fr\/blog\/mercato-lens-2025-2026-le-tableau-complet-des-transferts-arrivees-et-departs\/\"><strong>Le tableau des transferts du RCL pour le mercato estival<\/strong><\/a><\/li>\n<li><a href=\"https:\/\/dicodusport.fr\/blog\/mercato-asse-2025-2026-le-tableau-complet-des-transferts-arrivees-et-departs\/\"><strong>Le tableau des transferts de l&rsquo;ASSE pour le mercato estival<\/strong><\/a><\/li>\n<li><a href=\"https:\/\/dicodusport.fr\/blog\/mercato-nantes-2025-2026-le-tableau-complet-des-transferts-arrivees-et-departs\/\"><strong>Le tableau des transferts de Nantes pour le mercato estival<\/strong><\/a><\/li>\n<li><a href=\"https:\/\/dicodusport.fr\/blog\/mercato-nice-2025-2026-le-tableau-complet-des-transferts-arrivees-et-departs\/\"><strong>Le tableau des transferts de l&rsquo;OGC Nice pour le mercato estival<\/strong><\/a><\/li>\n<li><a href=\"https:\/\/dicodusport.fr\/blog\/mercato-strasbourg-2025-2026-le-tableau-complet-des-transferts-arrivees-et-departs\/\"><strong>Le tableau des transferts de Strasbourg pour le mercato estival<\/strong><\/a><\/li>\n<li><a href=\"https:\/\/dicodusport.fr\/blog\/mercato-toulouse-2025-2026-le-tableau-complet-des-transferts-arrivees-et-departs\/\"><strong>Le tableau des transferts de Toulouse pour le mercato estival<\/strong><\/a><\/li>\n<li><a href=\"https:\/\/dicodusport.fr\/blog\/mercato-paris-fc-2025-2026-le-tableau-complet-des-transferts-arrivees-et-departs\/\"><strong>Le tableau des transferts du Paris FC pour le mercato estival<\/strong><\/a><\/li>\n<li><a href=\"https:\/\/dicodusport.fr\/blog\/mercato-angers-2025-2026-le-tableau-complet-des-transferts-arrivees-et-departs\/\"><strong>Le tableau des transferts du SCO Angers pour le mercato estival<\/strong><\/a><\/li>\n<li><a href=\"https:\/\/dicodusport.fr\/blog\/mercato-le-havre-2025-2026-le-tableau-complet-des-transferts-arrivees-et-departs\/\"><strong>Le tableau des transferts du Havre AC pour le mercato estival<\/strong><\/a><\/li>\n<li><a href=\"https:\/\/dicodusport.fr\/blog\/mercato-reims-2025-2026-le-tableau-complet-des-transferts-arrivees-et-departs\/\"><strong>Le tableau des transferts du Stade de Reims pour le mercato estival<\/strong><\/a><\/li>\n<li><a href=\"https:\/\/dicodusport.fr\/blog\/mercato-montpellier-2025-2026-le-tableau-complet-des-transferts-arrivees-et-departs\/\"><strong>Le tableau des transferts du Montpellier HSC pour le mercato estival<\/strong><\/a><\/li>\n<li><a href=\"https:\/\/dicodusport.fr\/blog\/mercato-lorient-2025-2026-le-tableau-complet-des-transferts-arrivees-et-departs\/\"><strong>Le tableau des transferts du FC Lorient pour le mercato estival<\/strong><\/a><\/li>\n<li><a href=\"https:\/\/dicodusport.fr\/blog\/mercato-metz-2025-2026-le-tableau-complet-des-transferts-arrivees-et-departs\/\"><strong>Le tableau des transferts du FC Metz pour le mercato estival<\/strong><\/a><\/li>\n<li><a href=\"https:\/\/dicodusport.fr\/blog\/mercato-brest-2025-2026-le-tableau-complet-des-transferts-arrivees-et-departs\/\"><strong>Le tableau des transferts du Stade Brestois pour le mercato estival<\/strong><\/a><\/li>\n<li><a href=\"https:\/\/dicodusport.fr\/blog\/mercato-auxerre-2025-2026-le-tableau-complet-des-transferts-arrivees-et-departs\/\"><strong>Le tableau des transferts de l&rsquo;AJ Auxerre pour le mercato estival<\/strong><\/a><\/li>\n<\/ul>\n","protected":false},"excerpt":{"rendered":"<p>TRANSFERTS RENNES &#8211; Retrouvez tous les mouvements du Stade Rennais pour l&rsquo;intersaison 2025 en Ligue 1. Arriv\u00e9es, d\u00e9part, pr\u00eats, transferts d\u00e9finitifs, ne ratez rien du mercato estival.\u00a0<\/p>\n","protected":false},"author":59,"featured_media":580852,"comment_status":"open","ping_status":"closed","sticky":false,"template":"","format":"standard","meta":{"_acf_changed":false,"_daextam_enable_autolinks":"1","footnotes":""},"categories":[47045],"tags":[1555,14093,1865,18275],"class_list":["post-580838","post","type-post","status-publish","format-standard","has-post-thumbnail","hentry","category-ligue-1","tag-mercato","tag-mercato-football","tag-stade-rennais","tag-tableau-des-transferts"],"acf":[],"yoast_head":"<!-- This site is optimized with the Yoast SEO Premium plugin v26.7 (Yoast SEO v26.7) - https:\/\/yoast.com\/wordpress\/plugins\/seo\/ -->\n<title>Mercato Rennes 2025-2026 : Le tableau complet des transferts, arriv\u00e9es et d\u00e9parts<\/title>\n<meta name=\"description\" content=\"TRANSFERTS RENNES - Retrouvez tous les mouvements du Stade Rennais pour l&#039;intersaison 2025 en Ligue 1.\" \/>\n<meta name=\"robots\" content=\"index, follow, max-snippet:-1, max-image-preview:large, max-video-preview:-1\" \/>\n<link rel=\"canonical\" href=\"https:\/\/dicodusport.fr\/blog\/mercato-rennes-2025-2026-le-tableau-complet-des-transferts-arrivees-et-departs\/\" \/>\n<meta property=\"og:locale\" content=\"fr_FR\" \/>\n<meta property=\"og:type\" content=\"article\" \/>\n<meta property=\"og:title\" content=\"Mercato Rennes 2025-2026 : Le tableau complet des transferts, arriv\u00e9es et d\u00e9parts\" \/>\n<meta property=\"og:description\" content=\"TRANSFERTS RENNES - Retrouvez tous les mouvements du Stade Rennais pour l&#039;intersaison 2025 en Ligue 1.\" \/>\n<meta property=\"og:url\" content=\"https:\/\/dicodusport.fr\/blog\/mercato-rennes-2025-2026-le-tableau-complet-des-transferts-arrivees-et-departs\/\" \/>\n<meta property=\"og:site_name\" content=\"Dicodusport\" \/>\n<meta property=\"article:publisher\" content=\"https:\/\/www.facebook.com\/dicodusport\" \/>\n<meta property=\"article:author\" content=\"https:\/\/www.facebook.com\/sebastien.gente\/\" \/>\n<meta property=\"article:published_time\" content=\"2025-09-19T06:33:44+00:00\" \/>\n<meta property=\"article:modified_time\" content=\"2026-01-30T14:05:35+00:00\" \/>\n<meta property=\"og:image\" content=\"https:\/\/dicodusport.fr\/blog\/wp-content\/uploads\/2025\/05\/Mercato-Rennes-2025-2026-Le-tableau-complet-des-transferts-arrivees-et-departs.png\" \/>\n\t<meta property=\"og:image:width\" content=\"1200\" \/>\n\t<meta property=\"og:image:height\" content=\"674\" \/>\n\t<meta property=\"og:image:type\" content=\"image\/png\" \/>\n<meta name=\"author\" content=\"S\u00e9bastien Gente\" \/>\n<meta name=\"twitter:card\" content=\"summary_large_image\" \/>\n<meta name=\"twitter:creator\" content=\"@https:\/\/twitter.com\/globulo24\" \/>\n<meta name=\"twitter:site\" content=\"@dicodusport\" \/>\n<script type=\"application\/ld+json\" class=\"yoast-schema-graph\">{\"@context\":\"https:\/\/schema.org\",\"@graph\":[{\"@type\":\"NewsArticle\",\"@id\":\"https:\/\/dicodusport.fr\/blog\/mercato-rennes-2025-2026-le-tableau-complet-des-transferts-arrivees-et-departs\/#article\",\"isPartOf\":{\"@id\":\"https:\/\/dicodusport.fr\/blog\/mercato-rennes-2025-2026-le-tableau-complet-des-transferts-arrivees-et-departs\/\"},\"author\":{\"name\":\"S\u00e9bastien Gente\",\"@id\":\"https:\/\/dicodusport.fr\/blog\/#\/schema\/person\/627966a6cde45dbd8c5e36ac85d783da\"},\"headline\":\"Mercato Rennes 2025-2026 : Le tableau complet des transferts, arriv\u00e9es et d\u00e9parts\",\"datePublished\":\"2025-09-19T06:33:44+00:00\",\"dateModified\":\"2026-01-30T14:05:35+00:00\",\"mainEntityOfPage\":{\"@id\":\"https:\/\/dicodusport.fr\/blog\/mercato-rennes-2025-2026-le-tableau-complet-des-transferts-arrivees-et-departs\/\"},\"wordCount\":573,\"commentCount\":0,\"publisher\":{\"@id\":\"https:\/\/dicodusport.fr\/blog\/#organization\"},\"image\":{\"@id\":\"https:\/\/dicodusport.fr\/blog\/mercato-rennes-2025-2026-le-tableau-complet-des-transferts-arrivees-et-departs\/#primaryimage\"},\"thumbnailUrl\":\"https:\/\/dicodusport.fr\/blog\/wp-content\/uploads\/2025\/05\/Mercato-Rennes-2025-2026-Le-tableau-complet-des-transferts-arrivees-et-departs.png\",\"keywords\":[\"Mercato\",\"Mercato football\",\"Stade rennais\",\"Tableau des transferts\"],\"articleSection\":[\"Ligue 1\"],\"inLanguage\":\"fr-FR\",\"potentialAction\":[{\"@type\":\"CommentAction\",\"name\":\"Comment\",\"target\":[\"https:\/\/dicodusport.fr\/blog\/mercato-rennes-2025-2026-le-tableau-complet-des-transferts-arrivees-et-departs\/#respond\"]}],\"copyrightYear\":\"2025\",\"copyrightHolder\":{\"@id\":\"https:\/\/dicodusport.fr\/blog\/#organization\"}},{\"@type\":\"WebPage\",\"@id\":\"https:\/\/dicodusport.fr\/blog\/mercato-rennes-2025-2026-le-tableau-complet-des-transferts-arrivees-et-departs\/\",\"url\":\"https:\/\/dicodusport.fr\/blog\/mercato-rennes-2025-2026-le-tableau-complet-des-transferts-arrivees-et-departs\/\",\"name\":\"Mercato Rennes 2025-2026 : Le tableau complet des transferts, arriv\u00e9es et d\u00e9parts\",\"isPartOf\":{\"@id\":\"https:\/\/dicodusport.fr\/blog\/#website\"},\"primaryImageOfPage\":{\"@id\":\"https:\/\/dicodusport.fr\/blog\/mercato-rennes-2025-2026-le-tableau-complet-des-transferts-arrivees-et-departs\/#primaryimage\"},\"image\":{\"@id\":\"https:\/\/dicodusport.fr\/blog\/mercato-rennes-2025-2026-le-tableau-complet-des-transferts-arrivees-et-departs\/#primaryimage\"},\"thumbnailUrl\":\"https:\/\/dicodusport.fr\/blog\/wp-content\/uploads\/2025\/05\/Mercato-Rennes-2025-2026-Le-tableau-complet-des-transferts-arrivees-et-departs.png\",\"datePublished\":\"2025-09-19T06:33:44+00:00\",\"dateModified\":\"2026-01-30T14:05:35+00:00\",\"description\":\"TRANSFERTS RENNES - Retrouvez tous les mouvements du Stade Rennais pour l'intersaison 2025 en Ligue 1.\",\"breadcrumb\":{\"@id\":\"https:\/\/dicodusport.fr\/blog\/mercato-rennes-2025-2026-le-tableau-complet-des-transferts-arrivees-et-departs\/#breadcrumb\"},\"inLanguage\":\"fr-FR\",\"potentialAction\":[{\"@type\":\"ReadAction\",\"target\":[\"https:\/\/dicodusport.fr\/blog\/mercato-rennes-2025-2026-le-tableau-complet-des-transferts-arrivees-et-departs\/\"]}]},{\"@type\":\"ImageObject\",\"inLanguage\":\"fr-FR\",\"@id\":\"https:\/\/dicodusport.fr\/blog\/mercato-rennes-2025-2026-le-tableau-complet-des-transferts-arrivees-et-departs\/#primaryimage\",\"url\":\"https:\/\/dicodusport.fr\/blog\/wp-content\/uploads\/2025\/05\/Mercato-Rennes-2025-2026-Le-tableau-complet-des-transferts-arrivees-et-departs.png\",\"contentUrl\":\"https:\/\/dicodusport.fr\/blog\/wp-content\/uploads\/2025\/05\/Mercato-Rennes-2025-2026-Le-tableau-complet-des-transferts-arrivees-et-departs.png\",\"width\":1200,\"height\":674,\"caption\":\"Mercato Rennes 2025-2026 Le tableau complet des transferts, arriv\u00e9es et d\u00e9parts\"},{\"@type\":\"BreadcrumbList\",\"@id\":\"https:\/\/dicodusport.fr\/blog\/mercato-rennes-2025-2026-le-tableau-complet-des-transferts-arrivees-et-departs\/#breadcrumb\",\"itemListElement\":[{\"@type\":\"ListItem\",\"position\":1,\"name\":\"Accueil\",\"item\":\"https:\/\/dicodusport.fr\/blog\/\"},{\"@type\":\"ListItem\",\"position\":2,\"name\":\"Mercato Rennes 2025-2026 : Le tableau complet des transferts, arriv\u00e9es et d\u00e9parts\"}]},{\"@type\":\"WebSite\",\"@id\":\"https:\/\/dicodusport.fr\/blog\/#website\",\"url\":\"https:\/\/dicodusport.fr\/blog\/\",\"name\":\"Dicodusport\",\"description\":\"L&#039;encyclop\u00e9die de l&#039;actualit\u00e9 sportive\",\"publisher\":{\"@id\":\"https:\/\/dicodusport.fr\/blog\/#organization\"},\"potentialAction\":[{\"@type\":\"SearchAction\",\"target\":{\"@type\":\"EntryPoint\",\"urlTemplate\":\"https:\/\/dicodusport.fr\/blog\/?s={search_term_string}\"},\"query-input\":{\"@type\":\"PropertyValueSpecification\",\"valueRequired\":true,\"valueName\":\"search_term_string\"}}],\"inLanguage\":\"fr-FR\"},{\"@type\":\"NewsMediaOrganization\",\"@id\":\"https:\/\/dicodusport.fr\/blog\/#organization\",\"name\":\"Dicodusport\",\"url\":\"https:\/\/dicodusport.fr\/blog\/\",\"logo\":{\"@type\":\"ImageObject\",\"inLanguage\":\"fr-FR\",\"@id\":\"https:\/\/dicodusport.fr\/blog\/#\/schema\/logo\/image\/\",\"url\":\"https:\/\/dicodusport.fr\/blog\/wp-content\/uploads\/2020\/06\/cropped-LOGO-DICODUSPORT-2020-SANS-FOND-SANS-TEXTE.png\",\"contentUrl\":\"https:\/\/dicodusport.fr\/blog\/wp-content\/uploads\/2020\/06\/cropped-LOGO-DICODUSPORT-2020-SANS-FOND-SANS-TEXTE.png\",\"width\":512,\"height\":512,\"caption\":\"Dicodusport\"},\"image\":{\"@id\":\"https:\/\/dicodusport.fr\/blog\/#\/schema\/logo\/image\/\"},\"sameAs\":[\"https:\/\/www.facebook.com\/dicodusport\",\"https:\/\/x.com\/dicodusport\",\"https:\/\/www.instagram.com\/dicodusport\/\",\"https:\/\/www.youtube.com\/channel\/UC7V2KZ5sd3htJivAbA4ZG3w\"],\"description\":\"Dicodusport est l'encyclop\u00e9die de l'actualit\u00e9 sportive.\",\"email\":\"bonjour@dicodusport.fr\",\"legalName\":\"DICODUSPORT\",\"foundingDate\":\"2018-01-14\",\"vatID\":\"FR71834470973\",\"taxID\":\"83447097300043\",\"numberOfEmployees\":{\"@type\":\"QuantitativeValue\",\"minValue\":\"1\",\"maxValue\":\"10\"}},{\"@type\":\"Person\",\"@id\":\"https:\/\/dicodusport.fr\/blog\/#\/schema\/person\/627966a6cde45dbd8c5e36ac85d783da\",\"name\":\"S\u00e9bastien Gente\",\"image\":{\"@type\":\"ImageObject\",\"inLanguage\":\"fr-FR\",\"@id\":\"https:\/\/dicodusport.fr\/blog\/#\/schema\/person\/image\/\",\"url\":\"https:\/\/dicodusport.fr\/blog\/wp-content\/uploads\/2021\/09\/1510990_10205810251400683_4124423575079401707_n-150x150.jpg\",\"contentUrl\":\"https:\/\/dicodusport.fr\/blog\/wp-content\/uploads\/2021\/09\/1510990_10205810251400683_4124423575079401707_n-150x150.jpg\",\"caption\":\"S\u00e9bastien Gente\"},\"description\":\"John Stockton, Gianni Bugno, Zinedine Zidane, Steffi Graf, Frode Andresen, St\u00e9phane Stoecklin, Davis Kamoga, Primoz Peterka, Werner Schlager et Aur\u00e9lien Rougerie. Point commun entre ces sportifs? Ils m'ont fait r\u00eaver et ont berc\u00e9 mon adolescence. Je suis un fondu de sports et j'essaie de retranscrire ma passion \u00e0 travers mes articles. Originaire du P\u00e9rigord, ma passion pour les Girondins, les Jaunards et les Jazzmen transpire dans mes \u00e9crits. \u00c0 Dicodusport depuis 2021, je d\u00e9niche les sports m\u00e9connus dans lesquels la France brille, et il y en a !\",\"sameAs\":[\"https:\/\/www.facebook.com\/sebastien.gente\/\",\"https:\/\/www.instagram.com\/sebgente\/\",\"https:\/\/www.linkedin.com\/in\/sbastien-gente-a29583169\/\",\"https:\/\/x.com\/https:\/\/twitter.com\/globulo24\",\"SebastienGente\"],\"worksFor\":\"S\u00e9bastien GENTE\",\"url\":\"https:\/\/dicodusport.fr\/blog\/author\/sebastiengente\/\"}]}<\/script>\n<!-- \/ Yoast SEO Premium plugin. -->","yoast_head_json":{"title":"Mercato Rennes 2025-2026 : Le tableau complet des transferts, arriv\u00e9es et d\u00e9parts","description":"TRANSFERTS RENNES - Retrouvez tous les mouvements du Stade Rennais pour l'intersaison 2025 en Ligue 1.","robots":{"index":"index","follow":"follow","max-snippet":"max-snippet:-1","max-image-preview":"max-image-preview:large","max-video-preview":"max-video-preview:-1"},"canonical":"https:\/\/dicodusport.fr\/blog\/mercato-rennes-2025-2026-le-tableau-complet-des-transferts-arrivees-et-departs\/","og_locale":"fr_FR","og_type":"article","og_title":"Mercato Rennes 2025-2026 : Le tableau complet des transferts, arriv\u00e9es et d\u00e9parts","og_description":"TRANSFERTS RENNES - Retrouvez tous les mouvements du Stade Rennais pour l'intersaison 2025 en Ligue 1.","og_url":"https:\/\/dicodusport.fr\/blog\/mercato-rennes-2025-2026-le-tableau-complet-des-transferts-arrivees-et-departs\/","og_site_name":"Dicodusport","article_publisher":"https:\/\/www.facebook.com\/dicodusport","article_author":"https:\/\/www.facebook.com\/sebastien.gente\/","article_published_time":"2025-09-19T06:33:44+00:00","article_modified_time":"2026-01-30T14:05:35+00:00","og_image":[{"width":1200,"height":674,"url":"https:\/\/dicodusport.fr\/blog\/wp-content\/uploads\/2025\/05\/Mercato-Rennes-2025-2026-Le-tableau-complet-des-transferts-arrivees-et-departs.png","type":"image\/png"}],"author":"S\u00e9bastien Gente","twitter_card":"summary_large_image","twitter_creator":"@https:\/\/twitter.com\/globulo24","twitter_site":"@dicodusport","schema":{"@context":"https:\/\/schema.org","@graph":[{"@type":"NewsArticle","@id":"https:\/\/dicodusport.fr\/blog\/mercato-rennes-2025-2026-le-tableau-complet-des-transferts-arrivees-et-departs\/#article","isPartOf":{"@id":"https:\/\/dicodusport.fr\/blog\/mercato-rennes-2025-2026-le-tableau-complet-des-transferts-arrivees-et-departs\/"},"author":{"name":"S\u00e9bastien Gente","@id":"https:\/\/dicodusport.fr\/blog\/#\/schema\/person\/627966a6cde45dbd8c5e36ac85d783da"},"headline":"Mercato Rennes 2025-2026 : Le tableau complet des transferts, arriv\u00e9es et d\u00e9parts","datePublished":"2025-09-19T06:33:44+00:00","dateModified":"2026-01-30T14:05:35+00:00","mainEntityOfPage":{"@id":"https:\/\/dicodusport.fr\/blog\/mercato-rennes-2025-2026-le-tableau-complet-des-transferts-arrivees-et-departs\/"},"wordCount":573,"commentCount":0,"publisher":{"@id":"https:\/\/dicodusport.fr\/blog\/#organization"},"image":{"@id":"https:\/\/dicodusport.fr\/blog\/mercato-rennes-2025-2026-le-tableau-complet-des-transferts-arrivees-et-departs\/#primaryimage"},"thumbnailUrl":"https:\/\/dicodusport.fr\/blog\/wp-content\/uploads\/2025\/05\/Mercato-Rennes-2025-2026-Le-tableau-complet-des-transferts-arrivees-et-departs.png","keywords":["Mercato","Mercato football","Stade rennais","Tableau des transferts"],"articleSection":["Ligue 1"],"inLanguage":"fr-FR","potentialAction":[{"@type":"CommentAction","name":"Comment","target":["https:\/\/dicodusport.fr\/blog\/mercato-rennes-2025-2026-le-tableau-complet-des-transferts-arrivees-et-departs\/#respond"]}],"copyrightYear":"2025","copyrightHolder":{"@id":"https:\/\/dicodusport.fr\/blog\/#organization"}},{"@type":"WebPage","@id":"https:\/\/dicodusport.fr\/blog\/mercato-rennes-2025-2026-le-tableau-complet-des-transferts-arrivees-et-departs\/","url":"https:\/\/dicodusport.fr\/blog\/mercato-rennes-2025-2026-le-tableau-complet-des-transferts-arrivees-et-departs\/","name":"Mercato Rennes 2025-2026 : Le tableau complet des transferts, arriv\u00e9es et d\u00e9parts","isPartOf":{"@id":"https:\/\/dicodusport.fr\/blog\/#website"},"primaryImageOfPage":{"@id":"https:\/\/dicodusport.fr\/blog\/mercato-rennes-2025-2026-le-tableau-complet-des-transferts-arrivees-et-departs\/#primaryimage"},"image":{"@id":"https:\/\/dicodusport.fr\/blog\/mercato-rennes-2025-2026-le-tableau-complet-des-transferts-arrivees-et-departs\/#primaryimage"},"thumbnailUrl":"https:\/\/dicodusport.fr\/blog\/wp-content\/uploads\/2025\/05\/Mercato-Rennes-2025-2026-Le-tableau-complet-des-transferts-arrivees-et-departs.png","datePublished":"2025-09-19T06:33:44+00:00","dateModified":"2026-01-30T14:05:35+00:00","description":"TRANSFERTS RENNES - Retrouvez tous les mouvements du Stade Rennais pour l'intersaison 2025 en Ligue 1.","breadcrumb":{"@id":"https:\/\/dicodusport.fr\/blog\/mercato-rennes-2025-2026-le-tableau-complet-des-transferts-arrivees-et-departs\/#breadcrumb"},"inLanguage":"fr-FR","potentialAction":[{"@type":"ReadAction","target":["https:\/\/dicodusport.fr\/blog\/mercato-rennes-2025-2026-le-tableau-complet-des-transferts-arrivees-et-departs\/"]}]},{"@type":"ImageObject","inLanguage":"fr-FR","@id":"https:\/\/dicodusport.fr\/blog\/mercato-rennes-2025-2026-le-tableau-complet-des-transferts-arrivees-et-departs\/#primaryimage","url":"https:\/\/dicodusport.fr\/blog\/wp-content\/uploads\/2025\/05\/Mercato-Rennes-2025-2026-Le-tableau-complet-des-transferts-arrivees-et-departs.png","contentUrl":"https:\/\/dicodusport.fr\/blog\/wp-content\/uploads\/2025\/05\/Mercato-Rennes-2025-2026-Le-tableau-complet-des-transferts-arrivees-et-departs.png","width":1200,"height":674,"caption":"Mercato Rennes 2025-2026 Le tableau complet des transferts, arriv\u00e9es et d\u00e9parts"},{"@type":"BreadcrumbList","@id":"https:\/\/dicodusport.fr\/blog\/mercato-rennes-2025-2026-le-tableau-complet-des-transferts-arrivees-et-departs\/#breadcrumb","itemListElement":[{"@type":"ListItem","position":1,"name":"Accueil","item":"https:\/\/dicodusport.fr\/blog\/"},{"@type":"ListItem","position":2,"name":"Mercato Rennes 2025-2026 : Le tableau complet des transferts, arriv\u00e9es et d\u00e9parts"}]},{"@type":"WebSite","@id":"https:\/\/dicodusport.fr\/blog\/#website","url":"https:\/\/dicodusport.fr\/blog\/","name":"Dicodusport","description":"L&#039;encyclop\u00e9die de l&#039;actualit\u00e9 sportive","publisher":{"@id":"https:\/\/dicodusport.fr\/blog\/#organization"},"potentialAction":[{"@type":"SearchAction","target":{"@type":"EntryPoint","urlTemplate":"https:\/\/dicodusport.fr\/blog\/?s={search_term_string}"},"query-input":{"@type":"PropertyValueSpecification","valueRequired":true,"valueName":"search_term_string"}}],"inLanguage":"fr-FR"},{"@type":"NewsMediaOrganization","@id":"https:\/\/dicodusport.fr\/blog\/#organization","name":"Dicodusport","url":"https:\/\/dicodusport.fr\/blog\/","logo":{"@type":"ImageObject","inLanguage":"fr-FR","@id":"https:\/\/dicodusport.fr\/blog\/#\/schema\/logo\/image\/","url":"https:\/\/dicodusport.fr\/blog\/wp-content\/uploads\/2020\/06\/cropped-LOGO-DICODUSPORT-2020-SANS-FOND-SANS-TEXTE.png","contentUrl":"https:\/\/dicodusport.fr\/blog\/wp-content\/uploads\/2020\/06\/cropped-LOGO-DICODUSPORT-2020-SANS-FOND-SANS-TEXTE.png","width":512,"height":512,"caption":"Dicodusport"},"image":{"@id":"https:\/\/dicodusport.fr\/blog\/#\/schema\/logo\/image\/"},"sameAs":["https:\/\/www.facebook.com\/dicodusport","https:\/\/x.com\/dicodusport","https:\/\/www.instagram.com\/dicodusport\/","https:\/\/www.youtube.com\/channel\/UC7V2KZ5sd3htJivAbA4ZG3w"],"description":"Dicodusport est l'encyclop\u00e9die de l'actualit\u00e9 sportive.","email":"bonjour@dicodusport.fr","legalName":"DICODUSPORT","foundingDate":"2018-01-14","vatID":"FR71834470973","taxID":"83447097300043","numberOfEmployees":{"@type":"QuantitativeValue","minValue":"1","maxValue":"10"}},{"@type":"Person","@id":"https:\/\/dicodusport.fr\/blog\/#\/schema\/person\/627966a6cde45dbd8c5e36ac85d783da","name":"S\u00e9bastien Gente","image":{"@type":"ImageObject","inLanguage":"fr-FR","@id":"https:\/\/dicodusport.fr\/blog\/#\/schema\/person\/image\/","url":"https:\/\/dicodusport.fr\/blog\/wp-content\/uploads\/2021\/09\/1510990_10205810251400683_4124423575079401707_n-150x150.jpg","contentUrl":"https:\/\/dicodusport.fr\/blog\/wp-content\/uploads\/2021\/09\/1510990_10205810251400683_4124423575079401707_n-150x150.jpg","caption":"S\u00e9bastien Gente"},"description":"John Stockton, Gianni Bugno, Zinedine Zidane, Steffi Graf, Frode Andresen, St\u00e9phane Stoecklin, Davis Kamoga, Primoz Peterka, Werner Schlager et Aur\u00e9lien Rougerie. Point commun entre ces sportifs? Ils m'ont fait r\u00eaver et ont berc\u00e9 mon adolescence. Je suis un fondu de sports et j'essaie de retranscrire ma passion \u00e0 travers mes articles. Originaire du P\u00e9rigord, ma passion pour les Girondins, les Jaunards et les Jazzmen transpire dans mes \u00e9crits. \u00c0 Dicodusport depuis 2021, je d\u00e9niche les sports m\u00e9connus dans lesquels la France brille, et il y en a !","sameAs":["https:\/\/www.facebook.com\/sebastien.gente\/","https:\/\/www.instagram.com\/sebgente\/","https:\/\/www.linkedin.com\/in\/sbastien-gente-a29583169\/","https:\/\/x.com\/https:\/\/twitter.com\/globulo24","SebastienGente"],"worksFor":"S\u00e9bastien GENTE","url":"https:\/\/dicodusport.fr\/blog\/author\/sebastiengente\/"}]}},"_links":{"self":[{"href":"https:\/\/dicodusport.fr\/blog\/wp-json\/wp\/v2\/posts\/580838","targetHints":{"allow":["GET"]}}],"collection":[{"href":"https:\/\/dicodusport.fr\/blog\/wp-json\/wp\/v2\/posts"}],"about":[{"href":"https:\/\/dicodusport.fr\/blog\/wp-json\/wp\/v2\/types\/post"}],"author":[{"embeddable":true,"href":"https:\/\/dicodusport.fr\/blog\/wp-json\/wp\/v2\/users\/59"}],"replies":[{"embeddable":true,"href":"https:\/\/dicodusport.fr\/blog\/wp-json\/wp\/v2\/comments?post=580838"}],"version-history":[{"count":5,"href":"https:\/\/dicodusport.fr\/blog\/wp-json\/wp\/v2\/posts\/580838\/revisions"}],"predecessor-version":[{"id":612476,"href":"https:\/\/dicodusport.fr\/blog\/wp-json\/wp\/v2\/posts\/580838\/revisions\/612476"}],"wp:featuredmedia":[{"embeddable":true,"href":"https:\/\/dicodusport.fr\/blog\/wp-json\/wp\/v2\/media\/580852"}],"wp:attachment":[{"href":"https:\/\/dicodusport.fr\/blog\/wp-json\/wp\/v2\/media?parent=580838"}],"wp:term":[{"taxonomy":"category","embeddable":true,"href":"https:\/\/dicodusport.fr\/blog\/wp-json\/wp\/v2\/categories?post=580838"},{"taxonomy":"post_tag","embeddable":true,"href":"https:\/\/dicodusport.fr\/blog\/wp-json\/wp\/v2\/tags?post=580838"}],"curies":[{"name":"wp","href":"https:\/\/api.w.org\/{rel}","templated":true}]}}