{"id":580887,"date":"2025-05-22T11:40:00","date_gmt":"2025-05-22T09:40:00","guid":{"rendered":"https:\/\/dicodusport.fr\/blog\/?p=580887&#038;preview=true&#038;preview_id=580887"},"modified":"2025-05-22T11:41:57","modified_gmt":"2025-05-22T09:41:57","slug":"euroligue-theo-maledon-va-sengager-pour-deux-ans-au-real-madrid","status":"publish","type":"post","link":"https:\/\/dicodusport.fr\/blog\/euroligue-theo-maledon-va-sengager-pour-deux-ans-au-real-madrid\/","title":{"rendered":"EuroLigue : Th\u00e9o Maledon va s&rsquo;engager pour deux ans au Real Madrid"},"content":{"rendered":"<p style=\"text-align: justify;\"><strong><em>EUROLIGUE 2024\/25 &#8211; Comme cela \u00e9tait annonc\u00e9 depuis de longs mois, le d\u00e9part de Th\u00e9o Maledon (ASVEL) au Real Madrid se confirme. Le meneur tricolore va s&rsquo;engager pour deux ans dans la capitale espagnole.<\/em><\/strong><\/p>\n<ul style=\"text-align: justify;\">\n<li style=\"text-align: justify;\"><strong>\u00c0 ce sujet &#8211; <a href=\"https:\/\/dicodusport.fr\/blog\/actualites\/basket-ball\/euroligue-2024-2025\/\">Toute l&rsquo;actualit\u00e9 de l&rsquo;EuroLigue<\/a><\/strong><\/li>\n<\/ul>\n<p style=\"text-align: justify;\">Courtis\u00e9 depuis la fin d&rsquo;ann\u00e9e 2024 par le <strong>Real Madrid<\/strong>, <strong>Th\u00e9o Maledon<\/strong> va bien prendre la direction de la capitale espagnole la saison prochaine. D\u00e8s janvier 2025, <a href=\"https:\/\/dicodusport.fr\/blog\/euroligue-theo-maledon-devrait-prendre-la-direction-du-real-madrid\/\">le joueur et le club s&rsquo;\u00e9taient mis d&rsquo;accord<\/a> pour b\u00e2tir un avenir commun, qui est en train de se concr\u00e9tiser en coulisses.<\/p>\n<h2>Th\u00e9o Maledon, de l&rsquo;ASVEL au Real Madrid<\/h2>\n<p style=\"text-align: justify;\">En effet, <em>Basket News<\/em> a confirm\u00e9 ce jeudi matin que les deux partis auraient avanc\u00e9, au point de s&rsquo;\u00eatre mis d&rsquo;accord sur un <strong>contrat de deux ans<\/strong>. Ainsi, au bout de seulement un an, Th\u00e9o Maledon s&rsquo;appr\u00eate \u00e0 d\u00e9j\u00e0 quitter l&rsquo;<strong>ASVEL<\/strong>. Un destin finalement in\u00e9vitable, le meneur tricolore ayant sign\u00e9 un retour en Europe tonitruant sous les couleurs lyonnaises.<\/p>\n<blockquote class=\"twitter-tweet\">\n<p dir=\"ltr\" lang=\"en\">The Maledon is expected to join Real Madrid next season, multiple sources tell BasketNews \ud83d\udc40\u200b<\/p>\n<p>More about it: <a href=\"https:\/\/t.co\/OWRnpLbBOY\">https:\/\/t.co\/OWRnpLbBOY<\/a> <a href=\"https:\/\/t.co\/owRsITukUX\">pic.twitter.com\/owRsITukUX<\/a><\/p>\n<p>\u2014 BasketNews (@BasketNews_com) <a href=\"https:\/\/twitter.com\/BasketNews_com\/status\/1925425557891641762?ref_src=twsrc%5Etfw\">May 22, 2025<\/a><\/p><\/blockquote>\n<p><script async src=\"https:\/\/platform.twitter.com\/widgets.js\" charset=\"utf-8\"><\/script><\/p>\n<p style=\"text-align: justify;\">V\u00e9ritable patron d&rsquo;une \u00e9quipe qui a montr\u00e9 son meilleur visage en EuroLigue depuis plusieurs saisons, il s&rsquo;est impos\u00e9 comme l&rsquo;un des meilleurs joueurs du continent en affichant une grosse production : <strong>17 points, 3,5 rebonds et 4,6 passes<\/strong> de moyenne en un peu moins de 28 minutes de jeu. Ses superbes performances ont m\u00eame \u00e9t\u00e9 r\u00e9compens\u00e9es en d\u00e9cembre par le titre de <a href=\"https:\/\/dicodusport.fr\/blog\/euroligue-theo-maledon-elu-mvp-du-mois-de-decembre\/\">MVP du mois en EuroLigue<\/a>.<\/p>\n<p style=\"text-align: justify;\">\u00c0 bient\u00f4t 24 ans, le natif de Rouen va entamer un nouveau chapitre de sa carri\u00e8re au sein d&rsquo;un mastodonte du basket europ\u00e9en bless\u00e9. \u00c9limin\u00e9 d\u00e8s les quarts de finale cette saison \u00e0 l&rsquo;issue d&rsquo;une saison r\u00e9guli\u00e8re contrast\u00e9e (7\u00e8me), le Real Madrid se doit de rebondir rapidement. Le meneur tricolore aura donc de grosses responsabilit\u00e9s au sein d&rsquo;un club qui a d\u00e9j\u00e0 vu d\u00e9filer pl\u00e9thores d&rsquo;internationaux fran\u00e7ais ces derni\u00e8res ann\u00e9es.<\/p>\n<h2>\u00c0 lire aussi<\/h2>\n<div class=\"vlp-link-container vlp-layout-article\"><a href=\"https:\/\/dicodusport.fr\/blog\/play-in-et-playoffs-euroligue-2024-2025-calendrier-et-resultats\/\" class=\"vlp-link\" title=\"Play-in et Playoffs EuroLigue 2024-2025 : Calendrier et r\u00e9sultats\"><\/a><div class=\"vlp-layout-zone-side\"><div class=\"vlp-block-4 vlp-link-image\"><img loading=\"lazy\" decoding=\"async\" style=\"max-width: 792px;\" width=\"792\" height=\"445\" src=\"https:\/\/dicodusport.fr\/blog\/wp-content\/uploads\/2025\/04\/Play-in-et-Playoffs-EuroLigue-Calendrier-et-resultats.png\" class=\"attachment-800x445 size-800x445\" alt=\"\" srcset=\"https:\/\/dicodusport.fr\/blog\/wp-content\/uploads\/2025\/04\/Play-in-et-Playoffs-EuroLigue-Calendrier-et-resultats.png 1200w, https:\/\/dicodusport.fr\/blog\/wp-content\/uploads\/2025\/04\/Play-in-et-Playoffs-EuroLigue-Calendrier-et-resultats-300x169.png 300w, https:\/\/dicodusport.fr\/blog\/wp-content\/uploads\/2025\/04\/Play-in-et-Playoffs-EuroLigue-Calendrier-et-resultats-1024x575.png 1024w, https:\/\/dicodusport.fr\/blog\/wp-content\/uploads\/2025\/04\/Play-in-et-Playoffs-EuroLigue-Calendrier-et-resultats-768x431.png 768w\" sizes=\"auto, (max-width: 792px) 100vw, 792px\" \/><\/div><\/div><div class=\"vlp-layout-zone-main\"><div class=\"vlp-block-0 vlp-link-title\">Play-in et Playoffs EuroLigue 2024-2025 : Calendrier et r\u00e9sultats<\/div><div class=\"vlp-block-1 vlp-link-summary\">EUROLIGUE 2024\/2025 - Fin de la saison r\u00e9guli\u00e8re, place aux play-in et playoffs de la comp\u00e9tition ! Voici le calendrier et les r\u00e9sultats.<\/div><div class=\"vlp-block-2 vlp-link-button\">Lire l'article<\/div><div class=\"vlp-block-3 vlp-link-url\">dicodusport.fr<\/div><\/div><\/div>\n","protected":false},"excerpt":{"rendered":"<p>EUROLIGUE 2024\/25 &#8211; Comme cela \u00e9tait annonc\u00e9 depuis de longs mois, le d\u00e9part de Th\u00e9o Maledon (ASVEL) au Real Madrid se confirme. Le meneur tricolore va s&rsquo;engager pour deux ans dans la capitale espagnole.<\/p>\n","protected":false},"author":55,"featured_media":580891,"comment_status":"open","ping_status":"closed","sticky":false,"template":"","format":"standard","meta":{"_acf_changed":false,"_daextam_enable_autolinks":"1","footnotes":""},"categories":[2305,47001],"tags":[16878,181,521,8623],"class_list":["post-580887","post","type-post","status-publish","format-standard","has-post-thumbnail","hentry","category-basket-ball","category-euroligue","tag-breve","tag-euroligue","tag-real-madrid","tag-theo-maledon"],"acf":[],"yoast_head":"<!-- This site is optimized with the Yoast SEO Premium plugin v26.7 (Yoast SEO v26.7) - https:\/\/yoast.com\/wordpress\/plugins\/seo\/ -->\n<title>EuroLigue : Th\u00e9o Maledon va s&#039;engager pour deux ans au Real Madrid<\/title>\n<meta name=\"description\" content=\"EUROLIGUE 2024\/25 - Th\u00e9o Maledon va quitter l&#039;ASVEL pour s&#039;engager avec le Real Madrid d\u00e8s la saison prochaine.\" \/>\n<meta name=\"robots\" content=\"index, follow, max-snippet:-1, max-image-preview:large, max-video-preview:-1\" \/>\n<link rel=\"canonical\" href=\"https:\/\/dicodusport.fr\/blog\/euroligue-theo-maledon-va-sengager-pour-deux-ans-au-real-madrid\/\" \/>\n<meta property=\"og:locale\" content=\"fr_FR\" \/>\n<meta property=\"og:type\" content=\"article\" \/>\n<meta property=\"og:title\" content=\"EuroLigue : Th\u00e9o Maledon va s&#039;engager pour deux ans au Real Madrid\" \/>\n<meta property=\"og:description\" content=\"EUROLIGUE 2024\/25 - Comme cela \u00e9tait annonc\u00e9 depuis de longs mois, le d\u00e9part de Th\u00e9o Maledon (ASVEL) au Real Madrid se confirme. Le meneur tricolore va s&#039;engager pour deux ans dans la capitale espagnole.\" \/>\n<meta property=\"og:url\" content=\"https:\/\/dicodusport.fr\/blog\/euroligue-theo-maledon-va-sengager-pour-deux-ans-au-real-madrid\/\" \/>\n<meta property=\"og:site_name\" content=\"Dicodusport\" \/>\n<meta property=\"article:publisher\" content=\"https:\/\/www.facebook.com\/dicodusport\" \/>\n<meta property=\"article:published_time\" content=\"2025-05-22T09:40:00+00:00\" \/>\n<meta property=\"article:modified_time\" content=\"2025-05-22T09:41:57+00:00\" \/>\n<meta property=\"og:image\" content=\"https:\/\/dicodusport.fr\/blog\/wp-content\/uploads\/2025\/05\/EuroLigue-Theo-Maledon-va-sengager-pour-deux-ans-au-Real-Madrid.png\" \/>\n\t<meta property=\"og:image:width\" content=\"1200\" \/>\n\t<meta property=\"og:image:height\" content=\"674\" \/>\n\t<meta property=\"og:image:type\" content=\"image\/png\" \/>\n<meta name=\"author\" content=\"Maxime Cazenave\" \/>\n<meta name=\"twitter:card\" content=\"summary_large_image\" \/>\n<meta name=\"twitter:description\" content=\"EUROLIGUE 2024\/25 - Comme cela \u00e9tait annonc\u00e9 depuis de longs mois, le d\u00e9part de Th\u00e9o Maledon (ASVEL) au Real Madrid se confirme. Le meneur tricolore va s&#039;engager pour deux ans dans la capitale espagnole.\" \/>\n<meta name=\"twitter:creator\" content=\"@https:\/\/twitter.com\/Maxime_Caze\" \/>\n<meta name=\"twitter:site\" content=\"@dicodusport\" \/>\n<script type=\"application\/ld+json\" class=\"yoast-schema-graph\">{\"@context\":\"https:\/\/schema.org\",\"@graph\":[{\"@type\":\"NewsArticle\",\"@id\":\"https:\/\/dicodusport.fr\/blog\/euroligue-theo-maledon-va-sengager-pour-deux-ans-au-real-madrid\/#article\",\"isPartOf\":{\"@id\":\"https:\/\/dicodusport.fr\/blog\/euroligue-theo-maledon-va-sengager-pour-deux-ans-au-real-madrid\/\"},\"author\":{\"name\":\"Maxime Cazenave\",\"@id\":\"https:\/\/dicodusport.fr\/blog\/#\/schema\/person\/37def232098a7a5cbab3974a3690abb0\"},\"headline\":\"EuroLigue : Th\u00e9o Maledon va s&rsquo;engager pour deux ans au Real Madrid\",\"datePublished\":\"2025-05-22T09:40:00+00:00\",\"dateModified\":\"2025-05-22T09:41:57+00:00\",\"mainEntityOfPage\":{\"@id\":\"https:\/\/dicodusport.fr\/blog\/euroligue-theo-maledon-va-sengager-pour-deux-ans-au-real-madrid\/\"},\"wordCount\":465,\"commentCount\":0,\"publisher\":{\"@id\":\"https:\/\/dicodusport.fr\/blog\/#organization\"},\"image\":{\"@id\":\"https:\/\/dicodusport.fr\/blog\/euroligue-theo-maledon-va-sengager-pour-deux-ans-au-real-madrid\/#primaryimage\"},\"thumbnailUrl\":\"https:\/\/dicodusport.fr\/blog\/wp-content\/uploads\/2025\/05\/EuroLigue-Theo-Maledon-va-sengager-pour-deux-ans-au-Real-Madrid.png\",\"keywords\":[\"br\u00e8ve\",\"Euroligue\",\"Real Madrid\",\"Th\u00e9o Maledon\"],\"articleSection\":[\"Basket-ball\",\"EuroLigue\"],\"inLanguage\":\"fr-FR\",\"potentialAction\":[{\"@type\":\"CommentAction\",\"name\":\"Comment\",\"target\":[\"https:\/\/dicodusport.fr\/blog\/euroligue-theo-maledon-va-sengager-pour-deux-ans-au-real-madrid\/#respond\"]}],\"copyrightYear\":\"2025\",\"copyrightHolder\":{\"@id\":\"https:\/\/dicodusport.fr\/blog\/#organization\"}},{\"@type\":\"WebPage\",\"@id\":\"https:\/\/dicodusport.fr\/blog\/euroligue-theo-maledon-va-sengager-pour-deux-ans-au-real-madrid\/\",\"url\":\"https:\/\/dicodusport.fr\/blog\/euroligue-theo-maledon-va-sengager-pour-deux-ans-au-real-madrid\/\",\"name\":\"EuroLigue : Th\u00e9o Maledon va s'engager pour deux ans au Real Madrid\",\"isPartOf\":{\"@id\":\"https:\/\/dicodusport.fr\/blog\/#website\"},\"primaryImageOfPage\":{\"@id\":\"https:\/\/dicodusport.fr\/blog\/euroligue-theo-maledon-va-sengager-pour-deux-ans-au-real-madrid\/#primaryimage\"},\"image\":{\"@id\":\"https:\/\/dicodusport.fr\/blog\/euroligue-theo-maledon-va-sengager-pour-deux-ans-au-real-madrid\/#primaryimage\"},\"thumbnailUrl\":\"https:\/\/dicodusport.fr\/blog\/wp-content\/uploads\/2025\/05\/EuroLigue-Theo-Maledon-va-sengager-pour-deux-ans-au-Real-Madrid.png\",\"datePublished\":\"2025-05-22T09:40:00+00:00\",\"dateModified\":\"2025-05-22T09:41:57+00:00\",\"description\":\"EUROLIGUE 2024\/25 - Th\u00e9o Maledon va quitter l'ASVEL pour s'engager avec le Real Madrid d\u00e8s la saison prochaine.\",\"breadcrumb\":{\"@id\":\"https:\/\/dicodusport.fr\/blog\/euroligue-theo-maledon-va-sengager-pour-deux-ans-au-real-madrid\/#breadcrumb\"},\"inLanguage\":\"fr-FR\",\"potentialAction\":[{\"@type\":\"ReadAction\",\"target\":[\"https:\/\/dicodusport.fr\/blog\/euroligue-theo-maledon-va-sengager-pour-deux-ans-au-real-madrid\/\"]}]},{\"@type\":\"ImageObject\",\"inLanguage\":\"fr-FR\",\"@id\":\"https:\/\/dicodusport.fr\/blog\/euroligue-theo-maledon-va-sengager-pour-deux-ans-au-real-madrid\/#primaryimage\",\"url\":\"https:\/\/dicodusport.fr\/blog\/wp-content\/uploads\/2025\/05\/EuroLigue-Theo-Maledon-va-sengager-pour-deux-ans-au-Real-Madrid.png\",\"contentUrl\":\"https:\/\/dicodusport.fr\/blog\/wp-content\/uploads\/2025\/05\/EuroLigue-Theo-Maledon-va-sengager-pour-deux-ans-au-Real-Madrid.png\",\"width\":1200,\"height\":674,\"caption\":\"EuroLigue : Th\u00e9o Maledon va s'engager pour deux ans au Real Madrid\"},{\"@type\":\"BreadcrumbList\",\"@id\":\"https:\/\/dicodusport.fr\/blog\/euroligue-theo-maledon-va-sengager-pour-deux-ans-au-real-madrid\/#breadcrumb\",\"itemListElement\":[{\"@type\":\"ListItem\",\"position\":1,\"name\":\"Accueil\",\"item\":\"https:\/\/dicodusport.fr\/blog\/\"},{\"@type\":\"ListItem\",\"position\":2,\"name\":\"EuroLigue : Th\u00e9o Maledon va s&rsquo;engager pour deux ans au Real Madrid\"}]},{\"@type\":\"WebSite\",\"@id\":\"https:\/\/dicodusport.fr\/blog\/#website\",\"url\":\"https:\/\/dicodusport.fr\/blog\/\",\"name\":\"Dicodusport\",\"description\":\"L&#039;encyclop\u00e9die de l&#039;actualit\u00e9 sportive\",\"publisher\":{\"@id\":\"https:\/\/dicodusport.fr\/blog\/#organization\"},\"potentialAction\":[{\"@type\":\"SearchAction\",\"target\":{\"@type\":\"EntryPoint\",\"urlTemplate\":\"https:\/\/dicodusport.fr\/blog\/?s={search_term_string}\"},\"query-input\":{\"@type\":\"PropertyValueSpecification\",\"valueRequired\":true,\"valueName\":\"search_term_string\"}}],\"inLanguage\":\"fr-FR\"},{\"@type\":\"NewsMediaOrganization\",\"@id\":\"https:\/\/dicodusport.fr\/blog\/#organization\",\"name\":\"Dicodusport\",\"url\":\"https:\/\/dicodusport.fr\/blog\/\",\"logo\":{\"@type\":\"ImageObject\",\"inLanguage\":\"fr-FR\",\"@id\":\"https:\/\/dicodusport.fr\/blog\/#\/schema\/logo\/image\/\",\"url\":\"https:\/\/dicodusport.fr\/blog\/wp-content\/uploads\/2020\/06\/cropped-LOGO-DICODUSPORT-2020-SANS-FOND-SANS-TEXTE.png\",\"contentUrl\":\"https:\/\/dicodusport.fr\/blog\/wp-content\/uploads\/2020\/06\/cropped-LOGO-DICODUSPORT-2020-SANS-FOND-SANS-TEXTE.png\",\"width\":512,\"height\":512,\"caption\":\"Dicodusport\"},\"image\":{\"@id\":\"https:\/\/dicodusport.fr\/blog\/#\/schema\/logo\/image\/\"},\"sameAs\":[\"https:\/\/www.facebook.com\/dicodusport\",\"https:\/\/x.com\/dicodusport\",\"https:\/\/www.instagram.com\/dicodusport\/\",\"https:\/\/www.youtube.com\/channel\/UC7V2KZ5sd3htJivAbA4ZG3w\"],\"description\":\"Dicodusport est l'encyclop\u00e9die de l'actualit\u00e9 sportive.\",\"email\":\"bonjour@dicodusport.fr\",\"legalName\":\"DICODUSPORT\",\"foundingDate\":\"2018-01-14\",\"vatID\":\"FR71834470973\",\"taxID\":\"83447097300043\",\"numberOfEmployees\":{\"@type\":\"QuantitativeValue\",\"minValue\":\"1\",\"maxValue\":\"10\"}},{\"@type\":\"Person\",\"@id\":\"https:\/\/dicodusport.fr\/blog\/#\/schema\/person\/37def232098a7a5cbab3974a3690abb0\",\"name\":\"Maxime Cazenave\",\"image\":{\"@type\":\"ImageObject\",\"inLanguage\":\"fr-FR\",\"@id\":\"https:\/\/dicodusport.fr\/blog\/#\/schema\/person\/image\/\",\"url\":\"https:\/\/dicodusport.fr\/blog\/wp-content\/uploads\/2021\/05\/Maxime-Cazenave-150x150.jpg\",\"contentUrl\":\"https:\/\/dicodusport.fr\/blog\/wp-content\/uploads\/2021\/05\/Maxime-Cazenave-150x150.jpg\",\"caption\":\"Maxime Cazenave\"},\"description\":\"Journaliste\/R\u00e9dacteur depuis 2012 - Berc\u00e9 par l\u2019amour des Girondins de Bordeaux, les \u00e9checs de Christophe Moreau sur le Tour de France sous l'\u00e8re Lance Armstrong et le fade-away l\u00e9tal de Dirk Nowitzki, ma passion d\u00e9vorante pour le sport a toujours \u00e9t\u00e9 un pan incontournable de ma vie. Transmettre ma passion \u00e0 l\u2019\u00e9crit a \u00e9t\u00e9 une transition naturelle. Suiveur assidu de basket et de hockey sur glace, je garde toujours un peu de place pour suivre le cyclisme, le football et le maximum de performances fran\u00e7aises.\",\"sameAs\":[\"https:\/\/x.com\/https:\/\/twitter.com\/Maxime_Caze\"],\"url\":\"https:\/\/dicodusport.fr\/blog\/author\/maximec\/\"}]}<\/script>\n<!-- \/ Yoast SEO Premium plugin. -->","yoast_head_json":{"title":"EuroLigue : Th\u00e9o Maledon va s'engager pour deux ans au Real Madrid","description":"EUROLIGUE 2024\/25 - Th\u00e9o Maledon va quitter l'ASVEL pour s'engager avec le Real Madrid d\u00e8s la saison prochaine.","robots":{"index":"index","follow":"follow","max-snippet":"max-snippet:-1","max-image-preview":"max-image-preview:large","max-video-preview":"max-video-preview:-1"},"canonical":"https:\/\/dicodusport.fr\/blog\/euroligue-theo-maledon-va-sengager-pour-deux-ans-au-real-madrid\/","og_locale":"fr_FR","og_type":"article","og_title":"EuroLigue : Th\u00e9o Maledon va s'engager pour deux ans au Real Madrid","og_description":"EUROLIGUE 2024\/25 - Comme cela \u00e9tait annonc\u00e9 depuis de longs mois, le d\u00e9part de Th\u00e9o Maledon (ASVEL) au Real Madrid se confirme. Le meneur tricolore va s'engager pour deux ans dans la capitale espagnole.","og_url":"https:\/\/dicodusport.fr\/blog\/euroligue-theo-maledon-va-sengager-pour-deux-ans-au-real-madrid\/","og_site_name":"Dicodusport","article_publisher":"https:\/\/www.facebook.com\/dicodusport","article_published_time":"2025-05-22T09:40:00+00:00","article_modified_time":"2025-05-22T09:41:57+00:00","og_image":[{"width":1200,"height":674,"url":"https:\/\/dicodusport.fr\/blog\/wp-content\/uploads\/2025\/05\/EuroLigue-Theo-Maledon-va-sengager-pour-deux-ans-au-Real-Madrid.png","type":"image\/png"}],"author":"Maxime Cazenave","twitter_card":"summary_large_image","twitter_description":"EUROLIGUE 2024\/25 - Comme cela \u00e9tait annonc\u00e9 depuis de longs mois, le d\u00e9part de Th\u00e9o Maledon (ASVEL) au Real Madrid se confirme. Le meneur tricolore va s'engager pour deux ans dans la capitale espagnole.","twitter_creator":"@https:\/\/twitter.com\/Maxime_Caze","twitter_site":"@dicodusport","schema":{"@context":"https:\/\/schema.org","@graph":[{"@type":"NewsArticle","@id":"https:\/\/dicodusport.fr\/blog\/euroligue-theo-maledon-va-sengager-pour-deux-ans-au-real-madrid\/#article","isPartOf":{"@id":"https:\/\/dicodusport.fr\/blog\/euroligue-theo-maledon-va-sengager-pour-deux-ans-au-real-madrid\/"},"author":{"name":"Maxime Cazenave","@id":"https:\/\/dicodusport.fr\/blog\/#\/schema\/person\/37def232098a7a5cbab3974a3690abb0"},"headline":"EuroLigue : Th\u00e9o Maledon va s&rsquo;engager pour deux ans au Real Madrid","datePublished":"2025-05-22T09:40:00+00:00","dateModified":"2025-05-22T09:41:57+00:00","mainEntityOfPage":{"@id":"https:\/\/dicodusport.fr\/blog\/euroligue-theo-maledon-va-sengager-pour-deux-ans-au-real-madrid\/"},"wordCount":465,"commentCount":0,"publisher":{"@id":"https:\/\/dicodusport.fr\/blog\/#organization"},"image":{"@id":"https:\/\/dicodusport.fr\/blog\/euroligue-theo-maledon-va-sengager-pour-deux-ans-au-real-madrid\/#primaryimage"},"thumbnailUrl":"https:\/\/dicodusport.fr\/blog\/wp-content\/uploads\/2025\/05\/EuroLigue-Theo-Maledon-va-sengager-pour-deux-ans-au-Real-Madrid.png","keywords":["br\u00e8ve","Euroligue","Real Madrid","Th\u00e9o Maledon"],"articleSection":["Basket-ball","EuroLigue"],"inLanguage":"fr-FR","potentialAction":[{"@type":"CommentAction","name":"Comment","target":["https:\/\/dicodusport.fr\/blog\/euroligue-theo-maledon-va-sengager-pour-deux-ans-au-real-madrid\/#respond"]}],"copyrightYear":"2025","copyrightHolder":{"@id":"https:\/\/dicodusport.fr\/blog\/#organization"}},{"@type":"WebPage","@id":"https:\/\/dicodusport.fr\/blog\/euroligue-theo-maledon-va-sengager-pour-deux-ans-au-real-madrid\/","url":"https:\/\/dicodusport.fr\/blog\/euroligue-theo-maledon-va-sengager-pour-deux-ans-au-real-madrid\/","name":"EuroLigue : Th\u00e9o Maledon va s'engager pour deux ans au Real Madrid","isPartOf":{"@id":"https:\/\/dicodusport.fr\/blog\/#website"},"primaryImageOfPage":{"@id":"https:\/\/dicodusport.fr\/blog\/euroligue-theo-maledon-va-sengager-pour-deux-ans-au-real-madrid\/#primaryimage"},"image":{"@id":"https:\/\/dicodusport.fr\/blog\/euroligue-theo-maledon-va-sengager-pour-deux-ans-au-real-madrid\/#primaryimage"},"thumbnailUrl":"https:\/\/dicodusport.fr\/blog\/wp-content\/uploads\/2025\/05\/EuroLigue-Theo-Maledon-va-sengager-pour-deux-ans-au-Real-Madrid.png","datePublished":"2025-05-22T09:40:00+00:00","dateModified":"2025-05-22T09:41:57+00:00","description":"EUROLIGUE 2024\/25 - Th\u00e9o Maledon va quitter l'ASVEL pour s'engager avec le Real Madrid d\u00e8s la saison prochaine.","breadcrumb":{"@id":"https:\/\/dicodusport.fr\/blog\/euroligue-theo-maledon-va-sengager-pour-deux-ans-au-real-madrid\/#breadcrumb"},"inLanguage":"fr-FR","potentialAction":[{"@type":"ReadAction","target":["https:\/\/dicodusport.fr\/blog\/euroligue-theo-maledon-va-sengager-pour-deux-ans-au-real-madrid\/"]}]},{"@type":"ImageObject","inLanguage":"fr-FR","@id":"https:\/\/dicodusport.fr\/blog\/euroligue-theo-maledon-va-sengager-pour-deux-ans-au-real-madrid\/#primaryimage","url":"https:\/\/dicodusport.fr\/blog\/wp-content\/uploads\/2025\/05\/EuroLigue-Theo-Maledon-va-sengager-pour-deux-ans-au-Real-Madrid.png","contentUrl":"https:\/\/dicodusport.fr\/blog\/wp-content\/uploads\/2025\/05\/EuroLigue-Theo-Maledon-va-sengager-pour-deux-ans-au-Real-Madrid.png","width":1200,"height":674,"caption":"EuroLigue : Th\u00e9o Maledon va s'engager pour deux ans au Real Madrid"},{"@type":"BreadcrumbList","@id":"https:\/\/dicodusport.fr\/blog\/euroligue-theo-maledon-va-sengager-pour-deux-ans-au-real-madrid\/#breadcrumb","itemListElement":[{"@type":"ListItem","position":1,"name":"Accueil","item":"https:\/\/dicodusport.fr\/blog\/"},{"@type":"ListItem","position":2,"name":"EuroLigue : Th\u00e9o Maledon va s&rsquo;engager pour deux ans au Real Madrid"}]},{"@type":"WebSite","@id":"https:\/\/dicodusport.fr\/blog\/#website","url":"https:\/\/dicodusport.fr\/blog\/","name":"Dicodusport","description":"L&#039;encyclop\u00e9die de l&#039;actualit\u00e9 sportive","publisher":{"@id":"https:\/\/dicodusport.fr\/blog\/#organization"},"potentialAction":[{"@type":"SearchAction","target":{"@type":"EntryPoint","urlTemplate":"https:\/\/dicodusport.fr\/blog\/?s={search_term_string}"},"query-input":{"@type":"PropertyValueSpecification","valueRequired":true,"valueName":"search_term_string"}}],"inLanguage":"fr-FR"},{"@type":"NewsMediaOrganization","@id":"https:\/\/dicodusport.fr\/blog\/#organization","name":"Dicodusport","url":"https:\/\/dicodusport.fr\/blog\/","logo":{"@type":"ImageObject","inLanguage":"fr-FR","@id":"https:\/\/dicodusport.fr\/blog\/#\/schema\/logo\/image\/","url":"https:\/\/dicodusport.fr\/blog\/wp-content\/uploads\/2020\/06\/cropped-LOGO-DICODUSPORT-2020-SANS-FOND-SANS-TEXTE.png","contentUrl":"https:\/\/dicodusport.fr\/blog\/wp-content\/uploads\/2020\/06\/cropped-LOGO-DICODUSPORT-2020-SANS-FOND-SANS-TEXTE.png","width":512,"height":512,"caption":"Dicodusport"},"image":{"@id":"https:\/\/dicodusport.fr\/blog\/#\/schema\/logo\/image\/"},"sameAs":["https:\/\/www.facebook.com\/dicodusport","https:\/\/x.com\/dicodusport","https:\/\/www.instagram.com\/dicodusport\/","https:\/\/www.youtube.com\/channel\/UC7V2KZ5sd3htJivAbA4ZG3w"],"description":"Dicodusport est l'encyclop\u00e9die de l'actualit\u00e9 sportive.","email":"bonjour@dicodusport.fr","legalName":"DICODUSPORT","foundingDate":"2018-01-14","vatID":"FR71834470973","taxID":"83447097300043","numberOfEmployees":{"@type":"QuantitativeValue","minValue":"1","maxValue":"10"}},{"@type":"Person","@id":"https:\/\/dicodusport.fr\/blog\/#\/schema\/person\/37def232098a7a5cbab3974a3690abb0","name":"Maxime Cazenave","image":{"@type":"ImageObject","inLanguage":"fr-FR","@id":"https:\/\/dicodusport.fr\/blog\/#\/schema\/person\/image\/","url":"https:\/\/dicodusport.fr\/blog\/wp-content\/uploads\/2021\/05\/Maxime-Cazenave-150x150.jpg","contentUrl":"https:\/\/dicodusport.fr\/blog\/wp-content\/uploads\/2021\/05\/Maxime-Cazenave-150x150.jpg","caption":"Maxime Cazenave"},"description":"Journaliste\/R\u00e9dacteur depuis 2012 - Berc\u00e9 par l\u2019amour des Girondins de Bordeaux, les \u00e9checs de Christophe Moreau sur le Tour de France sous l'\u00e8re Lance Armstrong et le fade-away l\u00e9tal de Dirk Nowitzki, ma passion d\u00e9vorante pour le sport a toujours \u00e9t\u00e9 un pan incontournable de ma vie. Transmettre ma passion \u00e0 l\u2019\u00e9crit a \u00e9t\u00e9 une transition naturelle. Suiveur assidu de basket et de hockey sur glace, je garde toujours un peu de place pour suivre le cyclisme, le football et le maximum de performances fran\u00e7aises.","sameAs":["https:\/\/x.com\/https:\/\/twitter.com\/Maxime_Caze"],"url":"https:\/\/dicodusport.fr\/blog\/author\/maximec\/"}]}},"_links":{"self":[{"href":"https:\/\/dicodusport.fr\/blog\/wp-json\/wp\/v2\/posts\/580887","targetHints":{"allow":["GET"]}}],"collection":[{"href":"https:\/\/dicodusport.fr\/blog\/wp-json\/wp\/v2\/posts"}],"about":[{"href":"https:\/\/dicodusport.fr\/blog\/wp-json\/wp\/v2\/types\/post"}],"author":[{"embeddable":true,"href":"https:\/\/dicodusport.fr\/blog\/wp-json\/wp\/v2\/users\/55"}],"replies":[{"embeddable":true,"href":"https:\/\/dicodusport.fr\/blog\/wp-json\/wp\/v2\/comments?post=580887"}],"version-history":[{"count":2,"href":"https:\/\/dicodusport.fr\/blog\/wp-json\/wp\/v2\/posts\/580887\/revisions"}],"predecessor-version":[{"id":580896,"href":"https:\/\/dicodusport.fr\/blog\/wp-json\/wp\/v2\/posts\/580887\/revisions\/580896"}],"wp:featuredmedia":[{"embeddable":true,"href":"https:\/\/dicodusport.fr\/blog\/wp-json\/wp\/v2\/media\/580891"}],"wp:attachment":[{"href":"https:\/\/dicodusport.fr\/blog\/wp-json\/wp\/v2\/media?parent=580887"}],"wp:term":[{"taxonomy":"category","embeddable":true,"href":"https:\/\/dicodusport.fr\/blog\/wp-json\/wp\/v2\/categories?post=580887"},{"taxonomy":"post_tag","embeddable":true,"href":"https:\/\/dicodusport.fr\/blog\/wp-json\/wp\/v2\/tags?post=580887"}],"curies":[{"name":"wp","href":"https:\/\/api.w.org\/{rel}","templated":true}]}}