{"id":581429,"date":"2025-05-24T11:56:35","date_gmt":"2025-05-24T09:56:35","guid":{"rendered":"https:\/\/dicodusport.fr\/blog\/?p=581429&#038;preview=true&#038;preview_id=581429"},"modified":"2025-05-24T13:48:07","modified_gmt":"2025-05-24T11:48:07","slug":"vtt-xcc-nove-mesto-2025-puck-pieterse-dompte-evie-richards-au-sprint","status":"publish","type":"post","link":"https:\/\/dicodusport.fr\/blog\/vtt-xcc-nove-mesto-2025-puck-pieterse-dompte-evie-richards-au-sprint\/","title":{"rendered":"VTT XCC Nove Mesto 2025 : Puck Pieterse dompte Evie Richards au sprint"},"content":{"rendered":"<p style=\"text-align: justify;\"><b><i>COUPE DU MONDE DE VTT 2025 &#8211; Apr\u00e8s une course serr\u00e9e, Puck Pieterse a sign\u00e9 son retour par une victoire sur le XCC de Nove Mesto, dominant Evie Richards.\u00a0<\/i><\/b><\/p>\n<ul style=\"text-align: justify;\">\n<li style=\"text-align: justify;\"><strong>\u00c0 ce sujet &#8211; <a href=\"https:\/\/dicodusport.fr\/blog\/coupe-du-monde-vtt-cross-country-2025-calendrier-et-resultats-a-jour\/\">Coupe du monde VTT Cross-Country 2025 : Calendrier et R\u00e9sultats \u00e0 Jour<\/a><\/strong><\/li>\n<\/ul>\n<p style=\"text-align: justify;\">\u00c9tape traditionnelle de la Coupe du monde de VTT, Nove Mesto \u00e9tait encore au programme cette saison, avec les XCC pour d\u00e9marrer. La course dames offrait une grande favorite : <strong>Evie Richards<\/strong>, laur\u00e9ate des deux premiers formats courts de la saison. C\u00f4t\u00e9 fran\u00e7ais, on esp\u00e9rait bien s\u00fbr un bon r\u00e9sultat de <strong>Loana Lecomte<\/strong>, m\u00eame si elle \u00e9tait plut\u00f4t attendue demain sur le XCO.<\/p>\n<ul style=\"text-align: justify;\">\n<li style=\"text-align: justify;\"><strong>\u00c0 ce sujet &#8211; <a href=\"https:\/\/dicodusport.fr\/blog\/vtt-xcc-nove-mesto-2025-classement-course-femmes\/\">VTT XCC Nove Mesto 2025 : Classement Course femmes<\/a><\/strong><\/li>\n<\/ul>\n<h2 style=\"text-align: justify;\">Impressionnante Pieterse<\/h2>\n<p style=\"text-align: justify;\">C&rsquo;est toutefois la surprise <strong>Kate Courtney<\/strong> qui signait le meilleur d\u00e9part. Les outsiders faisaient le tempo dans le <em>start loop<\/em>, mais une acc\u00e9l\u00e9ration d&rsquo;<strong>Alessandra Keller<\/strong> remettait de l&rsquo;ordre. Alors qu&rsquo;une chute perturbait le peloton, <strong>Evie Richards<\/strong> prenait la t\u00eate, sauf que le tempo n&rsquo;\u00e9tait clairement pas \u00e9lev\u00e9. C&rsquo;est <strong>Clara Teocchi<\/strong> qui assurait l&rsquo;essentiel du train, avant que <strong>Puck Pieterse<\/strong> ne se d\u00e9cide \u00e0 hausser le ton. Puis c&rsquo;est <strong>Jolanda Neff<\/strong>, peu avant la fin du deuxi\u00e8me des six tours, qui mettait une mine pour se porter en t\u00eate. On attendait toutefois l&rsquo;attaque d\u00e9cisive qui d\u00e9canterait pour de bon la course, alors que plusieurs coureuses se relayaient en t\u00eate.<\/p>\n<ul style=\"text-align: justify;\">\n<li style=\"text-align: justify;\"><strong>\u00c0 ce sujet &#8211; <\/strong><a href=\"https:\/\/dicodusport.fr\/blog\/coupe-du-monde-vtt-2025-classement-general-feminin-en-cross-country\/\"><strong>Coupe du monde VTT 2025 : Classement G\u00e9n\u00e9ral F\u00e9minin en Cross-country<\/strong><\/a><\/li>\n<\/ul>\n<p style=\"text-align: justify;\"><strong>Evie Richards<\/strong> \u00e9levait toutefois franchement le rythme dans le quatri\u00e8me tour, alors que <strong>Loana Lecomte<\/strong> n&rsquo;avait pas suivi le rythme, tout comme <strong>Samara Maxwell<\/strong>. \u00c0 la cloche, <strong>Richards<\/strong> en remettait, avant l&rsquo;attaque tant attendue de <strong>Puck Pieterse<\/strong>, contr\u00e9e par <strong>Keller<\/strong> puis <strong>Neff<\/strong>. Au sprint, c&rsquo;est finalement <strong>Puck Pieterse<\/strong> qui dominait la concurrence en d\u00e9veloppant une impression de puissance incroyable devant<strong> Evie Richards<\/strong> et la surprenante <strong>Linda Indergand<\/strong>. Pour sa premi\u00e8re course de VTT de la saison, la N\u00e9erlandaise frappe d&rsquo;entr\u00e9e !<\/p>\n","protected":false},"excerpt":{"rendered":"<p>COUPE DU MONDE DE VTT 2025 &#8211; Apr\u00e8s une course serr\u00e9e, Puck Pieterse a sign\u00e9 son retour par une victoire sur le XCC de Nove Mesto, dominant Evie Richards.\u00a0<\/p>\n","protected":false},"author":59,"featured_media":581485,"comment_status":"open","ping_status":"closed","sticky":false,"template":"","format":"standard","meta":{"_acf_changed":false,"_daextam_enable_autolinks":"1","footnotes":""},"categories":[10279],"tags":[16878,11873,37234,692],"class_list":["post-581429","post","type-post","status-publish","format-standard","has-post-thumbnail","hentry","category-vtt","tag-breve","tag-coupe-du-monde-de-vtt","tag-puck-pieterse","tag-vtt"],"acf":[],"yoast_head":"<!-- This site is optimized with the Yoast SEO Premium plugin v26.7 (Yoast SEO v26.7) - https:\/\/yoast.com\/wordpress\/plugins\/seo\/ -->\n<title>VTT XCC Nove Mesto 2025 : Puck Pieterse dompte Evie Richards au sprint<\/title>\n<meta name=\"description\" content=\"COUPE DU MONDE DE VTT 2025 - Puck Pieterse a sign\u00e9 son retour par une victoire sur le XCC de Nove Mesto, dominant Evie Richards.\u00a0\" \/>\n<meta name=\"robots\" content=\"index, follow, max-snippet:-1, max-image-preview:large, max-video-preview:-1\" \/>\n<link rel=\"canonical\" href=\"https:\/\/dicodusport.fr\/blog\/vtt-xcc-nove-mesto-2025-puck-pieterse-dompte-evie-richards-au-sprint\/\" \/>\n<meta property=\"og:locale\" content=\"fr_FR\" \/>\n<meta property=\"og:type\" content=\"article\" \/>\n<meta property=\"og:title\" content=\"VTT XCC Nove Mesto 2025 : Puck Pieterse dompte Evie Richards au sprint\" \/>\n<meta property=\"og:description\" content=\"COUPE DU MONDE DE VTT 2025 - Puck Pieterse a sign\u00e9 son retour par une victoire sur le XCC de Nove Mesto, dominant Evie Richards.\u00a0\" \/>\n<meta property=\"og:url\" content=\"https:\/\/dicodusport.fr\/blog\/vtt-xcc-nove-mesto-2025-puck-pieterse-dompte-evie-richards-au-sprint\/\" \/>\n<meta property=\"og:site_name\" content=\"Dicodusport\" \/>\n<meta property=\"article:publisher\" content=\"https:\/\/www.facebook.com\/dicodusport\" \/>\n<meta property=\"article:author\" content=\"https:\/\/www.facebook.com\/sebastien.gente\/\" \/>\n<meta property=\"article:published_time\" content=\"2025-05-24T09:56:35+00:00\" \/>\n<meta property=\"article:modified_time\" content=\"2025-05-24T11:48:07+00:00\" \/>\n<meta property=\"og:image\" content=\"https:\/\/dicodusport.fr\/blog\/wp-content\/uploads\/2025\/05\/VTT-XCC-Nove-Mesto-2025-Puck-Pieterse-dompte-Evie-Richards-au-sprint-1.png\" \/>\n\t<meta property=\"og:image:width\" content=\"1200\" \/>\n\t<meta property=\"og:image:height\" content=\"674\" \/>\n\t<meta property=\"og:image:type\" content=\"image\/png\" \/>\n<meta name=\"author\" content=\"S\u00e9bastien Gente\" \/>\n<meta name=\"twitter:card\" content=\"summary_large_image\" \/>\n<meta name=\"twitter:title\" content=\"VTT XCC Nove Mesto 2025 : Puck Pieterse dompte Evie Richards au sprint\" \/>\n<meta name=\"twitter:creator\" content=\"@https:\/\/twitter.com\/globulo24\" \/>\n<meta name=\"twitter:site\" content=\"@dicodusport\" \/>\n<script type=\"application\/ld+json\" class=\"yoast-schema-graph\">{\"@context\":\"https:\/\/schema.org\",\"@graph\":[{\"@type\":\"NewsArticle\",\"@id\":\"https:\/\/dicodusport.fr\/blog\/vtt-xcc-nove-mesto-2025-puck-pieterse-dompte-evie-richards-au-sprint\/#article\",\"isPartOf\":{\"@id\":\"https:\/\/dicodusport.fr\/blog\/vtt-xcc-nove-mesto-2025-puck-pieterse-dompte-evie-richards-au-sprint\/\"},\"author\":{\"name\":\"S\u00e9bastien Gente\",\"@id\":\"https:\/\/dicodusport.fr\/blog\/#\/schema\/person\/627966a6cde45dbd8c5e36ac85d783da\"},\"headline\":\"VTT XCC Nove Mesto 2025 : Puck Pieterse dompte Evie Richards au sprint\",\"datePublished\":\"2025-05-24T09:56:35+00:00\",\"dateModified\":\"2025-05-24T11:48:07+00:00\",\"mainEntityOfPage\":{\"@id\":\"https:\/\/dicodusport.fr\/blog\/vtt-xcc-nove-mesto-2025-puck-pieterse-dompte-evie-richards-au-sprint\/\"},\"wordCount\":367,\"commentCount\":0,\"publisher\":{\"@id\":\"https:\/\/dicodusport.fr\/blog\/#organization\"},\"image\":{\"@id\":\"https:\/\/dicodusport.fr\/blog\/vtt-xcc-nove-mesto-2025-puck-pieterse-dompte-evie-richards-au-sprint\/#primaryimage\"},\"thumbnailUrl\":\"https:\/\/dicodusport.fr\/blog\/wp-content\/uploads\/2025\/05\/VTT-XCC-Nove-Mesto-2025-Puck-Pieterse-dompte-Evie-Richards-au-sprint-1.png\",\"keywords\":[\"br\u00e8ve\",\"Coupe du monde de VTT\",\"Puck Pieterse\",\"VTT\"],\"articleSection\":[\"VTT\"],\"inLanguage\":\"fr-FR\",\"potentialAction\":[{\"@type\":\"CommentAction\",\"name\":\"Comment\",\"target\":[\"https:\/\/dicodusport.fr\/blog\/vtt-xcc-nove-mesto-2025-puck-pieterse-dompte-evie-richards-au-sprint\/#respond\"]}],\"copyrightYear\":\"2025\",\"copyrightHolder\":{\"@id\":\"https:\/\/dicodusport.fr\/blog\/#organization\"}},{\"@type\":\"WebPage\",\"@id\":\"https:\/\/dicodusport.fr\/blog\/vtt-xcc-nove-mesto-2025-puck-pieterse-dompte-evie-richards-au-sprint\/\",\"url\":\"https:\/\/dicodusport.fr\/blog\/vtt-xcc-nove-mesto-2025-puck-pieterse-dompte-evie-richards-au-sprint\/\",\"name\":\"VTT XCC Nove Mesto 2025 : Puck Pieterse dompte Evie Richards au sprint\",\"isPartOf\":{\"@id\":\"https:\/\/dicodusport.fr\/blog\/#website\"},\"primaryImageOfPage\":{\"@id\":\"https:\/\/dicodusport.fr\/blog\/vtt-xcc-nove-mesto-2025-puck-pieterse-dompte-evie-richards-au-sprint\/#primaryimage\"},\"image\":{\"@id\":\"https:\/\/dicodusport.fr\/blog\/vtt-xcc-nove-mesto-2025-puck-pieterse-dompte-evie-richards-au-sprint\/#primaryimage\"},\"thumbnailUrl\":\"https:\/\/dicodusport.fr\/blog\/wp-content\/uploads\/2025\/05\/VTT-XCC-Nove-Mesto-2025-Puck-Pieterse-dompte-Evie-Richards-au-sprint-1.png\",\"datePublished\":\"2025-05-24T09:56:35+00:00\",\"dateModified\":\"2025-05-24T11:48:07+00:00\",\"description\":\"COUPE DU MONDE DE VTT 2025 - Puck Pieterse a sign\u00e9 son retour par une victoire sur le XCC de Nove Mesto, dominant Evie Richards.\u00a0\",\"breadcrumb\":{\"@id\":\"https:\/\/dicodusport.fr\/blog\/vtt-xcc-nove-mesto-2025-puck-pieterse-dompte-evie-richards-au-sprint\/#breadcrumb\"},\"inLanguage\":\"fr-FR\",\"potentialAction\":[{\"@type\":\"ReadAction\",\"target\":[\"https:\/\/dicodusport.fr\/blog\/vtt-xcc-nove-mesto-2025-puck-pieterse-dompte-evie-richards-au-sprint\/\"]}]},{\"@type\":\"ImageObject\",\"inLanguage\":\"fr-FR\",\"@id\":\"https:\/\/dicodusport.fr\/blog\/vtt-xcc-nove-mesto-2025-puck-pieterse-dompte-evie-richards-au-sprint\/#primaryimage\",\"url\":\"https:\/\/dicodusport.fr\/blog\/wp-content\/uploads\/2025\/05\/VTT-XCC-Nove-Mesto-2025-Puck-Pieterse-dompte-Evie-Richards-au-sprint-1.png\",\"contentUrl\":\"https:\/\/dicodusport.fr\/blog\/wp-content\/uploads\/2025\/05\/VTT-XCC-Nove-Mesto-2025-Puck-Pieterse-dompte-Evie-Richards-au-sprint-1.png\",\"width\":1200,\"height\":674,\"caption\":\"VTT XCC Nove Mesto 2025 Puck Pieterse dompte Evie Richards au sprint\"},{\"@type\":\"BreadcrumbList\",\"@id\":\"https:\/\/dicodusport.fr\/blog\/vtt-xcc-nove-mesto-2025-puck-pieterse-dompte-evie-richards-au-sprint\/#breadcrumb\",\"itemListElement\":[{\"@type\":\"ListItem\",\"position\":1,\"name\":\"Accueil\",\"item\":\"https:\/\/dicodusport.fr\/blog\/\"},{\"@type\":\"ListItem\",\"position\":2,\"name\":\"VTT XCC Nove Mesto 2025 : Puck Pieterse dompte Evie Richards au sprint\"}]},{\"@type\":\"WebSite\",\"@id\":\"https:\/\/dicodusport.fr\/blog\/#website\",\"url\":\"https:\/\/dicodusport.fr\/blog\/\",\"name\":\"Dicodusport\",\"description\":\"L&#039;encyclop\u00e9die de l&#039;actualit\u00e9 sportive\",\"publisher\":{\"@id\":\"https:\/\/dicodusport.fr\/blog\/#organization\"},\"potentialAction\":[{\"@type\":\"SearchAction\",\"target\":{\"@type\":\"EntryPoint\",\"urlTemplate\":\"https:\/\/dicodusport.fr\/blog\/?s={search_term_string}\"},\"query-input\":{\"@type\":\"PropertyValueSpecification\",\"valueRequired\":true,\"valueName\":\"search_term_string\"}}],\"inLanguage\":\"fr-FR\"},{\"@type\":\"NewsMediaOrganization\",\"@id\":\"https:\/\/dicodusport.fr\/blog\/#organization\",\"name\":\"Dicodusport\",\"url\":\"https:\/\/dicodusport.fr\/blog\/\",\"logo\":{\"@type\":\"ImageObject\",\"inLanguage\":\"fr-FR\",\"@id\":\"https:\/\/dicodusport.fr\/blog\/#\/schema\/logo\/image\/\",\"url\":\"https:\/\/dicodusport.fr\/blog\/wp-content\/uploads\/2020\/06\/cropped-LOGO-DICODUSPORT-2020-SANS-FOND-SANS-TEXTE.png\",\"contentUrl\":\"https:\/\/dicodusport.fr\/blog\/wp-content\/uploads\/2020\/06\/cropped-LOGO-DICODUSPORT-2020-SANS-FOND-SANS-TEXTE.png\",\"width\":512,\"height\":512,\"caption\":\"Dicodusport\"},\"image\":{\"@id\":\"https:\/\/dicodusport.fr\/blog\/#\/schema\/logo\/image\/\"},\"sameAs\":[\"https:\/\/www.facebook.com\/dicodusport\",\"https:\/\/x.com\/dicodusport\",\"https:\/\/www.instagram.com\/dicodusport\/\",\"https:\/\/www.youtube.com\/channel\/UC7V2KZ5sd3htJivAbA4ZG3w\"],\"description\":\"Dicodusport est l'encyclop\u00e9die de l'actualit\u00e9 sportive.\",\"email\":\"bonjour@dicodusport.fr\",\"legalName\":\"DICODUSPORT\",\"foundingDate\":\"2018-01-14\",\"vatID\":\"FR71834470973\",\"taxID\":\"83447097300043\",\"numberOfEmployees\":{\"@type\":\"QuantitativeValue\",\"minValue\":\"1\",\"maxValue\":\"10\"}},{\"@type\":\"Person\",\"@id\":\"https:\/\/dicodusport.fr\/blog\/#\/schema\/person\/627966a6cde45dbd8c5e36ac85d783da\",\"name\":\"S\u00e9bastien Gente\",\"image\":{\"@type\":\"ImageObject\",\"inLanguage\":\"fr-FR\",\"@id\":\"https:\/\/dicodusport.fr\/blog\/#\/schema\/person\/image\/\",\"url\":\"https:\/\/dicodusport.fr\/blog\/wp-content\/uploads\/2021\/09\/1510990_10205810251400683_4124423575079401707_n-150x150.jpg\",\"contentUrl\":\"https:\/\/dicodusport.fr\/blog\/wp-content\/uploads\/2021\/09\/1510990_10205810251400683_4124423575079401707_n-150x150.jpg\",\"caption\":\"S\u00e9bastien Gente\"},\"description\":\"John Stockton, Gianni Bugno, Zinedine Zidane, Steffi Graf, Frode Andresen, St\u00e9phane Stoecklin, Davis Kamoga, Primoz Peterka, Werner Schlager et Aur\u00e9lien Rougerie. Point commun entre ces sportifs? Ils m'ont fait r\u00eaver et ont berc\u00e9 mon adolescence. Je suis un fondu de sports et j'essaie de retranscrire ma passion \u00e0 travers mes articles. Originaire du P\u00e9rigord, ma passion pour les Girondins, les Jaunards et les Jazzmen transpire dans mes \u00e9crits. \u00c0 Dicodusport depuis 2021, je d\u00e9niche les sports m\u00e9connus dans lesquels la France brille, et il y en a !\",\"sameAs\":[\"https:\/\/www.facebook.com\/sebastien.gente\/\",\"https:\/\/www.instagram.com\/sebgente\/\",\"https:\/\/www.linkedin.com\/in\/sbastien-gente-a29583169\/\",\"https:\/\/x.com\/https:\/\/twitter.com\/globulo24\",\"SebastienGente\"],\"worksFor\":\"S\u00e9bastien GENTE\",\"url\":\"https:\/\/dicodusport.fr\/blog\/author\/sebastiengente\/\"}]}<\/script>\n<!-- \/ Yoast SEO Premium plugin. -->","yoast_head_json":{"title":"VTT XCC Nove Mesto 2025 : Puck Pieterse dompte Evie Richards au sprint","description":"COUPE DU MONDE DE VTT 2025 - Puck Pieterse a sign\u00e9 son retour par une victoire sur le XCC de Nove Mesto, dominant Evie Richards.\u00a0","robots":{"index":"index","follow":"follow","max-snippet":"max-snippet:-1","max-image-preview":"max-image-preview:large","max-video-preview":"max-video-preview:-1"},"canonical":"https:\/\/dicodusport.fr\/blog\/vtt-xcc-nove-mesto-2025-puck-pieterse-dompte-evie-richards-au-sprint\/","og_locale":"fr_FR","og_type":"article","og_title":"VTT XCC Nove Mesto 2025 : Puck Pieterse dompte Evie Richards au sprint","og_description":"COUPE DU MONDE DE VTT 2025 - Puck Pieterse a sign\u00e9 son retour par une victoire sur le XCC de Nove Mesto, dominant Evie Richards.\u00a0","og_url":"https:\/\/dicodusport.fr\/blog\/vtt-xcc-nove-mesto-2025-puck-pieterse-dompte-evie-richards-au-sprint\/","og_site_name":"Dicodusport","article_publisher":"https:\/\/www.facebook.com\/dicodusport","article_author":"https:\/\/www.facebook.com\/sebastien.gente\/","article_published_time":"2025-05-24T09:56:35+00:00","article_modified_time":"2025-05-24T11:48:07+00:00","og_image":[{"width":1200,"height":674,"url":"https:\/\/dicodusport.fr\/blog\/wp-content\/uploads\/2025\/05\/VTT-XCC-Nove-Mesto-2025-Puck-Pieterse-dompte-Evie-Richards-au-sprint-1.png","type":"image\/png"}],"author":"S\u00e9bastien Gente","twitter_card":"summary_large_image","twitter_title":"VTT XCC Nove Mesto 2025 : Puck Pieterse dompte Evie Richards au sprint","twitter_creator":"@https:\/\/twitter.com\/globulo24","twitter_site":"@dicodusport","schema":{"@context":"https:\/\/schema.org","@graph":[{"@type":"NewsArticle","@id":"https:\/\/dicodusport.fr\/blog\/vtt-xcc-nove-mesto-2025-puck-pieterse-dompte-evie-richards-au-sprint\/#article","isPartOf":{"@id":"https:\/\/dicodusport.fr\/blog\/vtt-xcc-nove-mesto-2025-puck-pieterse-dompte-evie-richards-au-sprint\/"},"author":{"name":"S\u00e9bastien Gente","@id":"https:\/\/dicodusport.fr\/blog\/#\/schema\/person\/627966a6cde45dbd8c5e36ac85d783da"},"headline":"VTT XCC Nove Mesto 2025 : Puck Pieterse dompte Evie Richards au sprint","datePublished":"2025-05-24T09:56:35+00:00","dateModified":"2025-05-24T11:48:07+00:00","mainEntityOfPage":{"@id":"https:\/\/dicodusport.fr\/blog\/vtt-xcc-nove-mesto-2025-puck-pieterse-dompte-evie-richards-au-sprint\/"},"wordCount":367,"commentCount":0,"publisher":{"@id":"https:\/\/dicodusport.fr\/blog\/#organization"},"image":{"@id":"https:\/\/dicodusport.fr\/blog\/vtt-xcc-nove-mesto-2025-puck-pieterse-dompte-evie-richards-au-sprint\/#primaryimage"},"thumbnailUrl":"https:\/\/dicodusport.fr\/blog\/wp-content\/uploads\/2025\/05\/VTT-XCC-Nove-Mesto-2025-Puck-Pieterse-dompte-Evie-Richards-au-sprint-1.png","keywords":["br\u00e8ve","Coupe du monde de VTT","Puck Pieterse","VTT"],"articleSection":["VTT"],"inLanguage":"fr-FR","potentialAction":[{"@type":"CommentAction","name":"Comment","target":["https:\/\/dicodusport.fr\/blog\/vtt-xcc-nove-mesto-2025-puck-pieterse-dompte-evie-richards-au-sprint\/#respond"]}],"copyrightYear":"2025","copyrightHolder":{"@id":"https:\/\/dicodusport.fr\/blog\/#organization"}},{"@type":"WebPage","@id":"https:\/\/dicodusport.fr\/blog\/vtt-xcc-nove-mesto-2025-puck-pieterse-dompte-evie-richards-au-sprint\/","url":"https:\/\/dicodusport.fr\/blog\/vtt-xcc-nove-mesto-2025-puck-pieterse-dompte-evie-richards-au-sprint\/","name":"VTT XCC Nove Mesto 2025 : Puck Pieterse dompte Evie Richards au sprint","isPartOf":{"@id":"https:\/\/dicodusport.fr\/blog\/#website"},"primaryImageOfPage":{"@id":"https:\/\/dicodusport.fr\/blog\/vtt-xcc-nove-mesto-2025-puck-pieterse-dompte-evie-richards-au-sprint\/#primaryimage"},"image":{"@id":"https:\/\/dicodusport.fr\/blog\/vtt-xcc-nove-mesto-2025-puck-pieterse-dompte-evie-richards-au-sprint\/#primaryimage"},"thumbnailUrl":"https:\/\/dicodusport.fr\/blog\/wp-content\/uploads\/2025\/05\/VTT-XCC-Nove-Mesto-2025-Puck-Pieterse-dompte-Evie-Richards-au-sprint-1.png","datePublished":"2025-05-24T09:56:35+00:00","dateModified":"2025-05-24T11:48:07+00:00","description":"COUPE DU MONDE DE VTT 2025 - Puck Pieterse a sign\u00e9 son retour par une victoire sur le XCC de Nove Mesto, dominant Evie Richards.\u00a0","breadcrumb":{"@id":"https:\/\/dicodusport.fr\/blog\/vtt-xcc-nove-mesto-2025-puck-pieterse-dompte-evie-richards-au-sprint\/#breadcrumb"},"inLanguage":"fr-FR","potentialAction":[{"@type":"ReadAction","target":["https:\/\/dicodusport.fr\/blog\/vtt-xcc-nove-mesto-2025-puck-pieterse-dompte-evie-richards-au-sprint\/"]}]},{"@type":"ImageObject","inLanguage":"fr-FR","@id":"https:\/\/dicodusport.fr\/blog\/vtt-xcc-nove-mesto-2025-puck-pieterse-dompte-evie-richards-au-sprint\/#primaryimage","url":"https:\/\/dicodusport.fr\/blog\/wp-content\/uploads\/2025\/05\/VTT-XCC-Nove-Mesto-2025-Puck-Pieterse-dompte-Evie-Richards-au-sprint-1.png","contentUrl":"https:\/\/dicodusport.fr\/blog\/wp-content\/uploads\/2025\/05\/VTT-XCC-Nove-Mesto-2025-Puck-Pieterse-dompte-Evie-Richards-au-sprint-1.png","width":1200,"height":674,"caption":"VTT XCC Nove Mesto 2025 Puck Pieterse dompte Evie Richards au sprint"},{"@type":"BreadcrumbList","@id":"https:\/\/dicodusport.fr\/blog\/vtt-xcc-nove-mesto-2025-puck-pieterse-dompte-evie-richards-au-sprint\/#breadcrumb","itemListElement":[{"@type":"ListItem","position":1,"name":"Accueil","item":"https:\/\/dicodusport.fr\/blog\/"},{"@type":"ListItem","position":2,"name":"VTT XCC Nove Mesto 2025 : Puck Pieterse dompte Evie Richards au sprint"}]},{"@type":"WebSite","@id":"https:\/\/dicodusport.fr\/blog\/#website","url":"https:\/\/dicodusport.fr\/blog\/","name":"Dicodusport","description":"L&#039;encyclop\u00e9die de l&#039;actualit\u00e9 sportive","publisher":{"@id":"https:\/\/dicodusport.fr\/blog\/#organization"},"potentialAction":[{"@type":"SearchAction","target":{"@type":"EntryPoint","urlTemplate":"https:\/\/dicodusport.fr\/blog\/?s={search_term_string}"},"query-input":{"@type":"PropertyValueSpecification","valueRequired":true,"valueName":"search_term_string"}}],"inLanguage":"fr-FR"},{"@type":"NewsMediaOrganization","@id":"https:\/\/dicodusport.fr\/blog\/#organization","name":"Dicodusport","url":"https:\/\/dicodusport.fr\/blog\/","logo":{"@type":"ImageObject","inLanguage":"fr-FR","@id":"https:\/\/dicodusport.fr\/blog\/#\/schema\/logo\/image\/","url":"https:\/\/dicodusport.fr\/blog\/wp-content\/uploads\/2020\/06\/cropped-LOGO-DICODUSPORT-2020-SANS-FOND-SANS-TEXTE.png","contentUrl":"https:\/\/dicodusport.fr\/blog\/wp-content\/uploads\/2020\/06\/cropped-LOGO-DICODUSPORT-2020-SANS-FOND-SANS-TEXTE.png","width":512,"height":512,"caption":"Dicodusport"},"image":{"@id":"https:\/\/dicodusport.fr\/blog\/#\/schema\/logo\/image\/"},"sameAs":["https:\/\/www.facebook.com\/dicodusport","https:\/\/x.com\/dicodusport","https:\/\/www.instagram.com\/dicodusport\/","https:\/\/www.youtube.com\/channel\/UC7V2KZ5sd3htJivAbA4ZG3w"],"description":"Dicodusport est l'encyclop\u00e9die de l'actualit\u00e9 sportive.","email":"bonjour@dicodusport.fr","legalName":"DICODUSPORT","foundingDate":"2018-01-14","vatID":"FR71834470973","taxID":"83447097300043","numberOfEmployees":{"@type":"QuantitativeValue","minValue":"1","maxValue":"10"}},{"@type":"Person","@id":"https:\/\/dicodusport.fr\/blog\/#\/schema\/person\/627966a6cde45dbd8c5e36ac85d783da","name":"S\u00e9bastien Gente","image":{"@type":"ImageObject","inLanguage":"fr-FR","@id":"https:\/\/dicodusport.fr\/blog\/#\/schema\/person\/image\/","url":"https:\/\/dicodusport.fr\/blog\/wp-content\/uploads\/2021\/09\/1510990_10205810251400683_4124423575079401707_n-150x150.jpg","contentUrl":"https:\/\/dicodusport.fr\/blog\/wp-content\/uploads\/2021\/09\/1510990_10205810251400683_4124423575079401707_n-150x150.jpg","caption":"S\u00e9bastien Gente"},"description":"John Stockton, Gianni Bugno, Zinedine Zidane, Steffi Graf, Frode Andresen, St\u00e9phane Stoecklin, Davis Kamoga, Primoz Peterka, Werner Schlager et Aur\u00e9lien Rougerie. Point commun entre ces sportifs? Ils m'ont fait r\u00eaver et ont berc\u00e9 mon adolescence. Je suis un fondu de sports et j'essaie de retranscrire ma passion \u00e0 travers mes articles. Originaire du P\u00e9rigord, ma passion pour les Girondins, les Jaunards et les Jazzmen transpire dans mes \u00e9crits. \u00c0 Dicodusport depuis 2021, je d\u00e9niche les sports m\u00e9connus dans lesquels la France brille, et il y en a !","sameAs":["https:\/\/www.facebook.com\/sebastien.gente\/","https:\/\/www.instagram.com\/sebgente\/","https:\/\/www.linkedin.com\/in\/sbastien-gente-a29583169\/","https:\/\/x.com\/https:\/\/twitter.com\/globulo24","SebastienGente"],"worksFor":"S\u00e9bastien GENTE","url":"https:\/\/dicodusport.fr\/blog\/author\/sebastiengente\/"}]}},"_links":{"self":[{"href":"https:\/\/dicodusport.fr\/blog\/wp-json\/wp\/v2\/posts\/581429","targetHints":{"allow":["GET"]}}],"collection":[{"href":"https:\/\/dicodusport.fr\/blog\/wp-json\/wp\/v2\/posts"}],"about":[{"href":"https:\/\/dicodusport.fr\/blog\/wp-json\/wp\/v2\/types\/post"}],"author":[{"embeddable":true,"href":"https:\/\/dicodusport.fr\/blog\/wp-json\/wp\/v2\/users\/59"}],"replies":[{"embeddable":true,"href":"https:\/\/dicodusport.fr\/blog\/wp-json\/wp\/v2\/comments?post=581429"}],"version-history":[{"count":2,"href":"https:\/\/dicodusport.fr\/blog\/wp-json\/wp\/v2\/posts\/581429\/revisions"}],"predecessor-version":[{"id":581434,"href":"https:\/\/dicodusport.fr\/blog\/wp-json\/wp\/v2\/posts\/581429\/revisions\/581434"}],"wp:featuredmedia":[{"embeddable":true,"href":"https:\/\/dicodusport.fr\/blog\/wp-json\/wp\/v2\/media\/581485"}],"wp:attachment":[{"href":"https:\/\/dicodusport.fr\/blog\/wp-json\/wp\/v2\/media?parent=581429"}],"wp:term":[{"taxonomy":"category","embeddable":true,"href":"https:\/\/dicodusport.fr\/blog\/wp-json\/wp\/v2\/categories?post=581429"},{"taxonomy":"post_tag","embeddable":true,"href":"https:\/\/dicodusport.fr\/blog\/wp-json\/wp\/v2\/tags?post=581429"}],"curies":[{"name":"wp","href":"https:\/\/api.w.org\/{rel}","templated":true}]}}