{"id":581430,"date":"2025-05-24T12:34:35","date_gmt":"2025-05-24T10:34:35","guid":{"rendered":"https:\/\/dicodusport.fr\/blog\/?p=581430&#038;preview=true&#038;preview_id=581430"},"modified":"2025-05-24T13:51:03","modified_gmt":"2025-05-24T11:51:03","slug":"vtt-xcc-nove-mesto-2025-christopher-blevins-devance-dun-souffle-victor-koretzky","status":"publish","type":"post","link":"https:\/\/dicodusport.fr\/blog\/vtt-xcc-nove-mesto-2025-christopher-blevins-devance-dun-souffle-victor-koretzky\/","title":{"rendered":"VTT XCC Nove Mesto 2025 : Christopher Blevins devance d&rsquo;un souffle Victor Koretzky"},"content":{"rendered":"<p style=\"text-align: justify;\"><b><i>COUPE DU MONDE DE VTT 2025 &#8211; Alors que Victor Koretzky semblait avoir course gagn\u00e9e, il s&rsquo;est fait coiffer sur la ligne par un Christopher Blevins intouchable en ce d\u00e9but de saison.<\/i><\/b><\/p>\n<ul style=\"text-align: justify;\">\n<li style=\"text-align: justify;\"><strong>\u00c0 ce sujet &#8211; <a href=\"https:\/\/dicodusport.fr\/blog\/coupe-du-monde-vtt-cross-country-2025-calendrier-et-resultats-a-jour\/\">Coupe du monde VTT Cross-Country 2025 : Calendrier et R\u00e9sultats \u00e0 Jour<\/a><\/strong><\/li>\n<\/ul>\n<p style=\"text-align: justify;\">Alors que le retour de <strong>Mathieu van der Poel<\/strong> allait intervenir dimanche sur le XCO, place d&rsquo;abord au format court hommes. Avec un grand favori : <strong>Christopher Blevins<\/strong>, dominateur depuis le d\u00e9but de la saison avec trois victoires en quatre courses. Mais <strong>Victor Koretzky<\/strong>, <a href=\"https:\/\/dicodusport.fr\/blog\/mondiaux-vtt-2024-premier-titre-mondial-pour-victor-koretzky-sur-le-xcc\/\">champion du monde de la sp\u00e9cialit\u00e9<\/a>, et d\u00e9j\u00e0 vainqueur cette saison (<a href=\"https:\/\/dicodusport.fr\/blog\/vtt-xco-araxa-2025-victor-koretzky-remporte-le-format-olympique-en-patron\/\">en XCO<\/a>) \u00e9tait son principal rival.<\/p>\n<ul style=\"text-align: justify;\">\n<li style=\"text-align: justify;\"><strong>\u00c0 ce sujet &#8211; <a href=\"https:\/\/dicodusport.fr\/blog\/vtt-xcc-nove-mesto-2025-classement-course-hommes\/\">VTT XCC Nove Mesto 2025 : Classement Course hommes<\/a><\/strong><\/li>\n<\/ul>\n<h2 style=\"text-align: justify;\">Koretzky si proche<\/h2>\n<p style=\"text-align: justify;\">C&rsquo;est <strong>Lucas Schwarzbauer<\/strong> qui prenait la direction des op\u00e9rations dans le start loop, avant que <strong>Blevins<\/strong> ne se d\u00e9cide \u00e0 assumer son statut de favori en se portant \u00e0 hauteur. Sentant le danger, <strong>Koretzky<\/strong> haussait son rythme, et le trio menait la danse. <strong>Schwarzbauer\u00a0<\/strong>\u00e9tait parfaitement \u00e0 son aise en t\u00eate de course, et fixait un tempo m\u00e9dian.<\/p>\n<ul style=\"text-align: justify;\">\n<li style=\"text-align: justify;\"><strong>\u00c0 ce sujet &#8211; <\/strong><a href=\"https:\/\/dicodusport.fr\/blog\/coupe-du-monde-vtt-2025-classement-general-masculin-en-cross-country\/\"><strong>Coupe du monde VTT 2025 : Classement G\u00e9n\u00e9ral Masculin en Cross-country<\/strong><\/a><\/li>\n<\/ul>\n<p style=\"text-align: justify;\">La course tardait n\u00e9anmoins \u00e0 se d\u00e9canter, alors <strong>Victor Koretzky<\/strong> haussait le ton. Mais personne ne parvenait \u00e0 faire une r\u00e9elle diff\u00e9rence. \u00c0 la cloche, ils \u00e9taient encore une dizaine \u00e0 pouvoir triompher, parmi lesquels un autre Bleu, <strong>Luca Martin<\/strong>, qui allait toutefois disparaitre sur chute. <strong>Koretzky<\/strong> mettait alors une mine, lan\u00e7ait son sprint de loin, mais se faisait coiffer sur la ligne par <strong>Christopher Blevins<\/strong>, auteur d&rsquo;un dernier effort incroyable pour lever les bras. Dommage pour le Fran\u00e7ais, qui a toutefois montr\u00e9 sa forme avant le format olympique demain.<\/p>\n","protected":false},"excerpt":{"rendered":"<p>COUPE DU MONDE DE VTT 2025 &#8211; Alors que Victor Koretzky semblait avoir course gagn\u00e9e, il s&rsquo;est fait coiffer sur la ligne par un Christopher Blevins intouchable en ce d\u00e9but de saison.<\/p>\n","protected":false},"author":59,"featured_media":581487,"comment_status":"open","ping_status":"closed","sticky":false,"template":"","format":"standard","meta":{"_acf_changed":false,"_daextam_enable_autolinks":"1","footnotes":""},"categories":[10279],"tags":[16878,11873,692],"class_list":["post-581430","post","type-post","status-publish","format-standard","has-post-thumbnail","hentry","category-vtt","tag-breve","tag-coupe-du-monde-de-vtt","tag-vtt"],"acf":[],"yoast_head":"<!-- This site is optimized with the Yoast SEO Premium plugin v26.7 (Yoast SEO v26.7) - https:\/\/yoast.com\/wordpress\/plugins\/seo\/ -->\n<title>VTT XCC Nove Mesto 2025 : Christopher Blevins devance d&#039;un souffle Victor Koretzky<\/title>\n<meta name=\"description\" content=\"COUPE DU MONDE DE VTT 2025 - Alors que Victor Koretzky semblait avoir course gagn\u00e9e, il s&#039;est fait coiffer sur la ligne par un Christopher Blevins intouchable en ce d\u00e9but de saison.\" \/>\n<meta name=\"robots\" content=\"index, follow, max-snippet:-1, max-image-preview:large, max-video-preview:-1\" \/>\n<link rel=\"canonical\" href=\"https:\/\/dicodusport.fr\/blog\/vtt-xcc-nove-mesto-2025-christopher-blevins-devance-dun-souffle-victor-koretzky\/\" \/>\n<meta property=\"og:locale\" content=\"fr_FR\" \/>\n<meta property=\"og:type\" content=\"article\" \/>\n<meta property=\"og:title\" content=\"VTT XCC Nove Mesto 2025 : Christopher Blevins devance d&#039;un souffle Victor Koretzky\" \/>\n<meta property=\"og:description\" content=\"COUPE DU MONDE DE VTT 2025 - Alors que Victor Koretzky semblait avoir course gagn\u00e9e, il s&#039;est fait coiffer sur la ligne par un Christopher Blevins intouchable en ce d\u00e9but de saison.\" \/>\n<meta property=\"og:url\" content=\"https:\/\/dicodusport.fr\/blog\/vtt-xcc-nove-mesto-2025-christopher-blevins-devance-dun-souffle-victor-koretzky\/\" \/>\n<meta property=\"og:site_name\" content=\"Dicodusport\" \/>\n<meta property=\"article:publisher\" content=\"https:\/\/www.facebook.com\/dicodusport\" \/>\n<meta property=\"article:author\" content=\"https:\/\/www.facebook.com\/sebastien.gente\/\" \/>\n<meta property=\"article:published_time\" content=\"2025-05-24T10:34:35+00:00\" \/>\n<meta property=\"article:modified_time\" content=\"2025-05-24T11:51:03+00:00\" \/>\n<meta property=\"og:image\" content=\"https:\/\/dicodusport.fr\/blog\/wp-content\/uploads\/2025\/05\/VTT-XCC-Nove-Mesto-2025-Christopher-Blevins-devance-dun-souffle-Victor-Koretzky-2.png\" \/>\n\t<meta property=\"og:image:width\" content=\"1200\" \/>\n\t<meta property=\"og:image:height\" content=\"674\" \/>\n\t<meta property=\"og:image:type\" content=\"image\/png\" \/>\n<meta name=\"author\" content=\"S\u00e9bastien Gente\" \/>\n<meta name=\"twitter:card\" content=\"summary_large_image\" \/>\n<meta name=\"twitter:title\" content=\"VTT XCC Nove Mesto 2025 : Christopher Blevins devance d&#039;un souffle Victor Koretzky\" \/>\n<meta name=\"twitter:creator\" content=\"@https:\/\/twitter.com\/globulo24\" \/>\n<meta name=\"twitter:site\" content=\"@dicodusport\" \/>\n<script type=\"application\/ld+json\" class=\"yoast-schema-graph\">{\"@context\":\"https:\/\/schema.org\",\"@graph\":[{\"@type\":\"NewsArticle\",\"@id\":\"https:\/\/dicodusport.fr\/blog\/vtt-xcc-nove-mesto-2025-christopher-blevins-devance-dun-souffle-victor-koretzky\/#article\",\"isPartOf\":{\"@id\":\"https:\/\/dicodusport.fr\/blog\/vtt-xcc-nove-mesto-2025-christopher-blevins-devance-dun-souffle-victor-koretzky\/\"},\"author\":{\"name\":\"S\u00e9bastien Gente\",\"@id\":\"https:\/\/dicodusport.fr\/blog\/#\/schema\/person\/627966a6cde45dbd8c5e36ac85d783da\"},\"headline\":\"VTT XCC Nove Mesto 2025 : Christopher Blevins devance d&rsquo;un souffle Victor Koretzky\",\"datePublished\":\"2025-05-24T10:34:35+00:00\",\"dateModified\":\"2025-05-24T11:51:03+00:00\",\"mainEntityOfPage\":{\"@id\":\"https:\/\/dicodusport.fr\/blog\/vtt-xcc-nove-mesto-2025-christopher-blevins-devance-dun-souffle-victor-koretzky\/\"},\"wordCount\":303,\"commentCount\":0,\"publisher\":{\"@id\":\"https:\/\/dicodusport.fr\/blog\/#organization\"},\"image\":{\"@id\":\"https:\/\/dicodusport.fr\/blog\/vtt-xcc-nove-mesto-2025-christopher-blevins-devance-dun-souffle-victor-koretzky\/#primaryimage\"},\"thumbnailUrl\":\"https:\/\/dicodusport.fr\/blog\/wp-content\/uploads\/2025\/05\/VTT-XCC-Nove-Mesto-2025-Christopher-Blevins-devance-dun-souffle-Victor-Koretzky-2.png\",\"keywords\":[\"br\u00e8ve\",\"Coupe du monde de VTT\",\"VTT\"],\"articleSection\":[\"VTT\"],\"inLanguage\":\"fr-FR\",\"potentialAction\":[{\"@type\":\"CommentAction\",\"name\":\"Comment\",\"target\":[\"https:\/\/dicodusport.fr\/blog\/vtt-xcc-nove-mesto-2025-christopher-blevins-devance-dun-souffle-victor-koretzky\/#respond\"]}],\"copyrightYear\":\"2025\",\"copyrightHolder\":{\"@id\":\"https:\/\/dicodusport.fr\/blog\/#organization\"}},{\"@type\":\"WebPage\",\"@id\":\"https:\/\/dicodusport.fr\/blog\/vtt-xcc-nove-mesto-2025-christopher-blevins-devance-dun-souffle-victor-koretzky\/\",\"url\":\"https:\/\/dicodusport.fr\/blog\/vtt-xcc-nove-mesto-2025-christopher-blevins-devance-dun-souffle-victor-koretzky\/\",\"name\":\"VTT XCC Nove Mesto 2025 : Christopher Blevins devance d'un souffle Victor Koretzky\",\"isPartOf\":{\"@id\":\"https:\/\/dicodusport.fr\/blog\/#website\"},\"primaryImageOfPage\":{\"@id\":\"https:\/\/dicodusport.fr\/blog\/vtt-xcc-nove-mesto-2025-christopher-blevins-devance-dun-souffle-victor-koretzky\/#primaryimage\"},\"image\":{\"@id\":\"https:\/\/dicodusport.fr\/blog\/vtt-xcc-nove-mesto-2025-christopher-blevins-devance-dun-souffle-victor-koretzky\/#primaryimage\"},\"thumbnailUrl\":\"https:\/\/dicodusport.fr\/blog\/wp-content\/uploads\/2025\/05\/VTT-XCC-Nove-Mesto-2025-Christopher-Blevins-devance-dun-souffle-Victor-Koretzky-2.png\",\"datePublished\":\"2025-05-24T10:34:35+00:00\",\"dateModified\":\"2025-05-24T11:51:03+00:00\",\"description\":\"COUPE DU MONDE DE VTT 2025 - Alors que Victor Koretzky semblait avoir course gagn\u00e9e, il s'est fait coiffer sur la ligne par un Christopher Blevins intouchable en ce d\u00e9but de saison.\",\"breadcrumb\":{\"@id\":\"https:\/\/dicodusport.fr\/blog\/vtt-xcc-nove-mesto-2025-christopher-blevins-devance-dun-souffle-victor-koretzky\/#breadcrumb\"},\"inLanguage\":\"fr-FR\",\"potentialAction\":[{\"@type\":\"ReadAction\",\"target\":[\"https:\/\/dicodusport.fr\/blog\/vtt-xcc-nove-mesto-2025-christopher-blevins-devance-dun-souffle-victor-koretzky\/\"]}]},{\"@type\":\"ImageObject\",\"inLanguage\":\"fr-FR\",\"@id\":\"https:\/\/dicodusport.fr\/blog\/vtt-xcc-nove-mesto-2025-christopher-blevins-devance-dun-souffle-victor-koretzky\/#primaryimage\",\"url\":\"https:\/\/dicodusport.fr\/blog\/wp-content\/uploads\/2025\/05\/VTT-XCC-Nove-Mesto-2025-Christopher-Blevins-devance-dun-souffle-Victor-Koretzky-2.png\",\"contentUrl\":\"https:\/\/dicodusport.fr\/blog\/wp-content\/uploads\/2025\/05\/VTT-XCC-Nove-Mesto-2025-Christopher-Blevins-devance-dun-souffle-Victor-Koretzky-2.png\",\"width\":1200,\"height\":674,\"caption\":\"VTT XCC Nove Mesto 2025 Christopher Blevins devance d'un souffle Victor Koretzky\"},{\"@type\":\"BreadcrumbList\",\"@id\":\"https:\/\/dicodusport.fr\/blog\/vtt-xcc-nove-mesto-2025-christopher-blevins-devance-dun-souffle-victor-koretzky\/#breadcrumb\",\"itemListElement\":[{\"@type\":\"ListItem\",\"position\":1,\"name\":\"Accueil\",\"item\":\"https:\/\/dicodusport.fr\/blog\/\"},{\"@type\":\"ListItem\",\"position\":2,\"name\":\"VTT XCC Nove Mesto 2025 : Christopher Blevins devance d&rsquo;un souffle Victor Koretzky\"}]},{\"@type\":\"WebSite\",\"@id\":\"https:\/\/dicodusport.fr\/blog\/#website\",\"url\":\"https:\/\/dicodusport.fr\/blog\/\",\"name\":\"Dicodusport\",\"description\":\"L&#039;encyclop\u00e9die de l&#039;actualit\u00e9 sportive\",\"publisher\":{\"@id\":\"https:\/\/dicodusport.fr\/blog\/#organization\"},\"potentialAction\":[{\"@type\":\"SearchAction\",\"target\":{\"@type\":\"EntryPoint\",\"urlTemplate\":\"https:\/\/dicodusport.fr\/blog\/?s={search_term_string}\"},\"query-input\":{\"@type\":\"PropertyValueSpecification\",\"valueRequired\":true,\"valueName\":\"search_term_string\"}}],\"inLanguage\":\"fr-FR\"},{\"@type\":\"NewsMediaOrganization\",\"@id\":\"https:\/\/dicodusport.fr\/blog\/#organization\",\"name\":\"Dicodusport\",\"url\":\"https:\/\/dicodusport.fr\/blog\/\",\"logo\":{\"@type\":\"ImageObject\",\"inLanguage\":\"fr-FR\",\"@id\":\"https:\/\/dicodusport.fr\/blog\/#\/schema\/logo\/image\/\",\"url\":\"https:\/\/dicodusport.fr\/blog\/wp-content\/uploads\/2020\/06\/cropped-LOGO-DICODUSPORT-2020-SANS-FOND-SANS-TEXTE.png\",\"contentUrl\":\"https:\/\/dicodusport.fr\/blog\/wp-content\/uploads\/2020\/06\/cropped-LOGO-DICODUSPORT-2020-SANS-FOND-SANS-TEXTE.png\",\"width\":512,\"height\":512,\"caption\":\"Dicodusport\"},\"image\":{\"@id\":\"https:\/\/dicodusport.fr\/blog\/#\/schema\/logo\/image\/\"},\"sameAs\":[\"https:\/\/www.facebook.com\/dicodusport\",\"https:\/\/x.com\/dicodusport\",\"https:\/\/www.instagram.com\/dicodusport\/\",\"https:\/\/www.youtube.com\/channel\/UC7V2KZ5sd3htJivAbA4ZG3w\"],\"description\":\"Dicodusport est l'encyclop\u00e9die de l'actualit\u00e9 sportive.\",\"email\":\"bonjour@dicodusport.fr\",\"legalName\":\"DICODUSPORT\",\"foundingDate\":\"2018-01-14\",\"vatID\":\"FR71834470973\",\"taxID\":\"83447097300043\",\"numberOfEmployees\":{\"@type\":\"QuantitativeValue\",\"minValue\":\"1\",\"maxValue\":\"10\"}},{\"@type\":\"Person\",\"@id\":\"https:\/\/dicodusport.fr\/blog\/#\/schema\/person\/627966a6cde45dbd8c5e36ac85d783da\",\"name\":\"S\u00e9bastien Gente\",\"image\":{\"@type\":\"ImageObject\",\"inLanguage\":\"fr-FR\",\"@id\":\"https:\/\/dicodusport.fr\/blog\/#\/schema\/person\/image\/\",\"url\":\"https:\/\/dicodusport.fr\/blog\/wp-content\/uploads\/2021\/09\/1510990_10205810251400683_4124423575079401707_n-150x150.jpg\",\"contentUrl\":\"https:\/\/dicodusport.fr\/blog\/wp-content\/uploads\/2021\/09\/1510990_10205810251400683_4124423575079401707_n-150x150.jpg\",\"caption\":\"S\u00e9bastien Gente\"},\"description\":\"John Stockton, Gianni Bugno, Zinedine Zidane, Steffi Graf, Frode Andresen, St\u00e9phane Stoecklin, Davis Kamoga, Primoz Peterka, Werner Schlager et Aur\u00e9lien Rougerie. Point commun entre ces sportifs? Ils m'ont fait r\u00eaver et ont berc\u00e9 mon adolescence. Je suis un fondu de sports et j'essaie de retranscrire ma passion \u00e0 travers mes articles. Originaire du P\u00e9rigord, ma passion pour les Girondins, les Jaunards et les Jazzmen transpire dans mes \u00e9crits. \u00c0 Dicodusport depuis 2021, je d\u00e9niche les sports m\u00e9connus dans lesquels la France brille, et il y en a !\",\"sameAs\":[\"https:\/\/www.facebook.com\/sebastien.gente\/\",\"https:\/\/www.instagram.com\/sebgente\/\",\"https:\/\/www.linkedin.com\/in\/sbastien-gente-a29583169\/\",\"https:\/\/x.com\/https:\/\/twitter.com\/globulo24\",\"SebastienGente\"],\"worksFor\":\"S\u00e9bastien GENTE\",\"url\":\"https:\/\/dicodusport.fr\/blog\/author\/sebastiengente\/\"}]}<\/script>\n<!-- \/ Yoast SEO Premium plugin. -->","yoast_head_json":{"title":"VTT XCC Nove Mesto 2025 : Christopher Blevins devance d'un souffle Victor Koretzky","description":"COUPE DU MONDE DE VTT 2025 - Alors que Victor Koretzky semblait avoir course gagn\u00e9e, il s'est fait coiffer sur la ligne par un Christopher Blevins intouchable en ce d\u00e9but de saison.","robots":{"index":"index","follow":"follow","max-snippet":"max-snippet:-1","max-image-preview":"max-image-preview:large","max-video-preview":"max-video-preview:-1"},"canonical":"https:\/\/dicodusport.fr\/blog\/vtt-xcc-nove-mesto-2025-christopher-blevins-devance-dun-souffle-victor-koretzky\/","og_locale":"fr_FR","og_type":"article","og_title":"VTT XCC Nove Mesto 2025 : Christopher Blevins devance d'un souffle Victor Koretzky","og_description":"COUPE DU MONDE DE VTT 2025 - Alors que Victor Koretzky semblait avoir course gagn\u00e9e, il s'est fait coiffer sur la ligne par un Christopher Blevins intouchable en ce d\u00e9but de saison.","og_url":"https:\/\/dicodusport.fr\/blog\/vtt-xcc-nove-mesto-2025-christopher-blevins-devance-dun-souffle-victor-koretzky\/","og_site_name":"Dicodusport","article_publisher":"https:\/\/www.facebook.com\/dicodusport","article_author":"https:\/\/www.facebook.com\/sebastien.gente\/","article_published_time":"2025-05-24T10:34:35+00:00","article_modified_time":"2025-05-24T11:51:03+00:00","og_image":[{"width":1200,"height":674,"url":"https:\/\/dicodusport.fr\/blog\/wp-content\/uploads\/2025\/05\/VTT-XCC-Nove-Mesto-2025-Christopher-Blevins-devance-dun-souffle-Victor-Koretzky-2.png","type":"image\/png"}],"author":"S\u00e9bastien Gente","twitter_card":"summary_large_image","twitter_title":"VTT XCC Nove Mesto 2025 : Christopher Blevins devance d'un souffle Victor Koretzky","twitter_creator":"@https:\/\/twitter.com\/globulo24","twitter_site":"@dicodusport","schema":{"@context":"https:\/\/schema.org","@graph":[{"@type":"NewsArticle","@id":"https:\/\/dicodusport.fr\/blog\/vtt-xcc-nove-mesto-2025-christopher-blevins-devance-dun-souffle-victor-koretzky\/#article","isPartOf":{"@id":"https:\/\/dicodusport.fr\/blog\/vtt-xcc-nove-mesto-2025-christopher-blevins-devance-dun-souffle-victor-koretzky\/"},"author":{"name":"S\u00e9bastien Gente","@id":"https:\/\/dicodusport.fr\/blog\/#\/schema\/person\/627966a6cde45dbd8c5e36ac85d783da"},"headline":"VTT XCC Nove Mesto 2025 : Christopher Blevins devance d&rsquo;un souffle Victor Koretzky","datePublished":"2025-05-24T10:34:35+00:00","dateModified":"2025-05-24T11:51:03+00:00","mainEntityOfPage":{"@id":"https:\/\/dicodusport.fr\/blog\/vtt-xcc-nove-mesto-2025-christopher-blevins-devance-dun-souffle-victor-koretzky\/"},"wordCount":303,"commentCount":0,"publisher":{"@id":"https:\/\/dicodusport.fr\/blog\/#organization"},"image":{"@id":"https:\/\/dicodusport.fr\/blog\/vtt-xcc-nove-mesto-2025-christopher-blevins-devance-dun-souffle-victor-koretzky\/#primaryimage"},"thumbnailUrl":"https:\/\/dicodusport.fr\/blog\/wp-content\/uploads\/2025\/05\/VTT-XCC-Nove-Mesto-2025-Christopher-Blevins-devance-dun-souffle-Victor-Koretzky-2.png","keywords":["br\u00e8ve","Coupe du monde de VTT","VTT"],"articleSection":["VTT"],"inLanguage":"fr-FR","potentialAction":[{"@type":"CommentAction","name":"Comment","target":["https:\/\/dicodusport.fr\/blog\/vtt-xcc-nove-mesto-2025-christopher-blevins-devance-dun-souffle-victor-koretzky\/#respond"]}],"copyrightYear":"2025","copyrightHolder":{"@id":"https:\/\/dicodusport.fr\/blog\/#organization"}},{"@type":"WebPage","@id":"https:\/\/dicodusport.fr\/blog\/vtt-xcc-nove-mesto-2025-christopher-blevins-devance-dun-souffle-victor-koretzky\/","url":"https:\/\/dicodusport.fr\/blog\/vtt-xcc-nove-mesto-2025-christopher-blevins-devance-dun-souffle-victor-koretzky\/","name":"VTT XCC Nove Mesto 2025 : Christopher Blevins devance d'un souffle Victor Koretzky","isPartOf":{"@id":"https:\/\/dicodusport.fr\/blog\/#website"},"primaryImageOfPage":{"@id":"https:\/\/dicodusport.fr\/blog\/vtt-xcc-nove-mesto-2025-christopher-blevins-devance-dun-souffle-victor-koretzky\/#primaryimage"},"image":{"@id":"https:\/\/dicodusport.fr\/blog\/vtt-xcc-nove-mesto-2025-christopher-blevins-devance-dun-souffle-victor-koretzky\/#primaryimage"},"thumbnailUrl":"https:\/\/dicodusport.fr\/blog\/wp-content\/uploads\/2025\/05\/VTT-XCC-Nove-Mesto-2025-Christopher-Blevins-devance-dun-souffle-Victor-Koretzky-2.png","datePublished":"2025-05-24T10:34:35+00:00","dateModified":"2025-05-24T11:51:03+00:00","description":"COUPE DU MONDE DE VTT 2025 - Alors que Victor Koretzky semblait avoir course gagn\u00e9e, il s'est fait coiffer sur la ligne par un Christopher Blevins intouchable en ce d\u00e9but de saison.","breadcrumb":{"@id":"https:\/\/dicodusport.fr\/blog\/vtt-xcc-nove-mesto-2025-christopher-blevins-devance-dun-souffle-victor-koretzky\/#breadcrumb"},"inLanguage":"fr-FR","potentialAction":[{"@type":"ReadAction","target":["https:\/\/dicodusport.fr\/blog\/vtt-xcc-nove-mesto-2025-christopher-blevins-devance-dun-souffle-victor-koretzky\/"]}]},{"@type":"ImageObject","inLanguage":"fr-FR","@id":"https:\/\/dicodusport.fr\/blog\/vtt-xcc-nove-mesto-2025-christopher-blevins-devance-dun-souffle-victor-koretzky\/#primaryimage","url":"https:\/\/dicodusport.fr\/blog\/wp-content\/uploads\/2025\/05\/VTT-XCC-Nove-Mesto-2025-Christopher-Blevins-devance-dun-souffle-Victor-Koretzky-2.png","contentUrl":"https:\/\/dicodusport.fr\/blog\/wp-content\/uploads\/2025\/05\/VTT-XCC-Nove-Mesto-2025-Christopher-Blevins-devance-dun-souffle-Victor-Koretzky-2.png","width":1200,"height":674,"caption":"VTT XCC Nove Mesto 2025 Christopher Blevins devance d'un souffle Victor Koretzky"},{"@type":"BreadcrumbList","@id":"https:\/\/dicodusport.fr\/blog\/vtt-xcc-nove-mesto-2025-christopher-blevins-devance-dun-souffle-victor-koretzky\/#breadcrumb","itemListElement":[{"@type":"ListItem","position":1,"name":"Accueil","item":"https:\/\/dicodusport.fr\/blog\/"},{"@type":"ListItem","position":2,"name":"VTT XCC Nove Mesto 2025 : Christopher Blevins devance d&rsquo;un souffle Victor Koretzky"}]},{"@type":"WebSite","@id":"https:\/\/dicodusport.fr\/blog\/#website","url":"https:\/\/dicodusport.fr\/blog\/","name":"Dicodusport","description":"L&#039;encyclop\u00e9die de l&#039;actualit\u00e9 sportive","publisher":{"@id":"https:\/\/dicodusport.fr\/blog\/#organization"},"potentialAction":[{"@type":"SearchAction","target":{"@type":"EntryPoint","urlTemplate":"https:\/\/dicodusport.fr\/blog\/?s={search_term_string}"},"query-input":{"@type":"PropertyValueSpecification","valueRequired":true,"valueName":"search_term_string"}}],"inLanguage":"fr-FR"},{"@type":"NewsMediaOrganization","@id":"https:\/\/dicodusport.fr\/blog\/#organization","name":"Dicodusport","url":"https:\/\/dicodusport.fr\/blog\/","logo":{"@type":"ImageObject","inLanguage":"fr-FR","@id":"https:\/\/dicodusport.fr\/blog\/#\/schema\/logo\/image\/","url":"https:\/\/dicodusport.fr\/blog\/wp-content\/uploads\/2020\/06\/cropped-LOGO-DICODUSPORT-2020-SANS-FOND-SANS-TEXTE.png","contentUrl":"https:\/\/dicodusport.fr\/blog\/wp-content\/uploads\/2020\/06\/cropped-LOGO-DICODUSPORT-2020-SANS-FOND-SANS-TEXTE.png","width":512,"height":512,"caption":"Dicodusport"},"image":{"@id":"https:\/\/dicodusport.fr\/blog\/#\/schema\/logo\/image\/"},"sameAs":["https:\/\/www.facebook.com\/dicodusport","https:\/\/x.com\/dicodusport","https:\/\/www.instagram.com\/dicodusport\/","https:\/\/www.youtube.com\/channel\/UC7V2KZ5sd3htJivAbA4ZG3w"],"description":"Dicodusport est l'encyclop\u00e9die de l'actualit\u00e9 sportive.","email":"bonjour@dicodusport.fr","legalName":"DICODUSPORT","foundingDate":"2018-01-14","vatID":"FR71834470973","taxID":"83447097300043","numberOfEmployees":{"@type":"QuantitativeValue","minValue":"1","maxValue":"10"}},{"@type":"Person","@id":"https:\/\/dicodusport.fr\/blog\/#\/schema\/person\/627966a6cde45dbd8c5e36ac85d783da","name":"S\u00e9bastien Gente","image":{"@type":"ImageObject","inLanguage":"fr-FR","@id":"https:\/\/dicodusport.fr\/blog\/#\/schema\/person\/image\/","url":"https:\/\/dicodusport.fr\/blog\/wp-content\/uploads\/2021\/09\/1510990_10205810251400683_4124423575079401707_n-150x150.jpg","contentUrl":"https:\/\/dicodusport.fr\/blog\/wp-content\/uploads\/2021\/09\/1510990_10205810251400683_4124423575079401707_n-150x150.jpg","caption":"S\u00e9bastien Gente"},"description":"John Stockton, Gianni Bugno, Zinedine Zidane, Steffi Graf, Frode Andresen, St\u00e9phane Stoecklin, Davis Kamoga, Primoz Peterka, Werner Schlager et Aur\u00e9lien Rougerie. Point commun entre ces sportifs? Ils m'ont fait r\u00eaver et ont berc\u00e9 mon adolescence. Je suis un fondu de sports et j'essaie de retranscrire ma passion \u00e0 travers mes articles. Originaire du P\u00e9rigord, ma passion pour les Girondins, les Jaunards et les Jazzmen transpire dans mes \u00e9crits. \u00c0 Dicodusport depuis 2021, je d\u00e9niche les sports m\u00e9connus dans lesquels la France brille, et il y en a !","sameAs":["https:\/\/www.facebook.com\/sebastien.gente\/","https:\/\/www.instagram.com\/sebgente\/","https:\/\/www.linkedin.com\/in\/sbastien-gente-a29583169\/","https:\/\/x.com\/https:\/\/twitter.com\/globulo24","SebastienGente"],"worksFor":"S\u00e9bastien GENTE","url":"https:\/\/dicodusport.fr\/blog\/author\/sebastiengente\/"}]}},"_links":{"self":[{"href":"https:\/\/dicodusport.fr\/blog\/wp-json\/wp\/v2\/posts\/581430","targetHints":{"allow":["GET"]}}],"collection":[{"href":"https:\/\/dicodusport.fr\/blog\/wp-json\/wp\/v2\/posts"}],"about":[{"href":"https:\/\/dicodusport.fr\/blog\/wp-json\/wp\/v2\/types\/post"}],"author":[{"embeddable":true,"href":"https:\/\/dicodusport.fr\/blog\/wp-json\/wp\/v2\/users\/59"}],"replies":[{"embeddable":true,"href":"https:\/\/dicodusport.fr\/blog\/wp-json\/wp\/v2\/comments?post=581430"}],"version-history":[{"count":1,"href":"https:\/\/dicodusport.fr\/blog\/wp-json\/wp\/v2\/posts\/581430\/revisions"}],"predecessor-version":[{"id":581452,"href":"https:\/\/dicodusport.fr\/blog\/wp-json\/wp\/v2\/posts\/581430\/revisions\/581452"}],"wp:featuredmedia":[{"embeddable":true,"href":"https:\/\/dicodusport.fr\/blog\/wp-json\/wp\/v2\/media\/581487"}],"wp:attachment":[{"href":"https:\/\/dicodusport.fr\/blog\/wp-json\/wp\/v2\/media?parent=581430"}],"wp:term":[{"taxonomy":"category","embeddable":true,"href":"https:\/\/dicodusport.fr\/blog\/wp-json\/wp\/v2\/categories?post=581430"},{"taxonomy":"post_tag","embeddable":true,"href":"https:\/\/dicodusport.fr\/blog\/wp-json\/wp\/v2\/tags?post=581430"}],"curies":[{"name":"wp","href":"https:\/\/api.w.org\/{rel}","templated":true}]}}