{"id":581461,"date":"2025-05-24T17:12:07","date_gmt":"2025-05-24T15:12:07","guid":{"rendered":"https:\/\/dicodusport.fr\/blog\/?p=581461&#038;preview=true&#038;preview_id=581461"},"modified":"2025-05-24T17:40:45","modified_gmt":"2025-05-24T15:40:45","slug":"tour-ditalie-2025-kasper-asgreen-sadjuge-la-14eme-etape","status":"publish","type":"post","link":"https:\/\/dicodusport.fr\/blog\/tour-ditalie-2025-kasper-asgreen-sadjuge-la-14eme-etape\/","title":{"rendered":"Tour d&rsquo;Italie 2025 : Kasper Asgreen s&rsquo;adjuge la 14\u00e8me \u00e9tape"},"content":{"rendered":"<p style=\"text-align: justify;\"><strong><em>TOUR D&rsquo;ITALIE 2025 &#8211; Kasper Asgreen (EF Education-EasyPost) a remport\u00e9 en solitaire la 14\u00e8me \u00e9tape du Tour d&rsquo;Italie 2025, samedi, \u00e0 Nova Gorica, en Slov\u00e9nie. Isaac Del Toro (UAE Team Emirates XRG) a conserv\u00e9 le maillot rose. Le Mexicain a \u00e9vit\u00e9 une grosse chute dans le final contrairement \u00e0 Primoz Roglic (Red Bull Bora Hansgrohe), Giulio Ciccone (Lidl-Trek), Antonio Tiberi (Bahrain Victorious), Egan Bernal (INEOS Grenadiers) et Juan Ayuso (UAE Team Emirates XRG).<\/em><\/strong><\/p>\n<ul style=\"text-align: justify;\">\n<li><strong>\u00c0 ce sujet \u2013\u00a0<a href=\"https:\/\/dicodusport.fr\/blog\/tour-ditalie-2025-parcours-detaille-et-profils-des-etapes-du-giro\/\">Tour d\u2019Italie 2025 : Parcours d\u00e9taill\u00e9 et profils des \u00e9tapes du Giro<\/a><\/strong><\/li>\n<\/ul>\n<p style=\"text-align: justify;\">185,1 kilom\u00e8tres \u00e9taient donc au programme de cette 14\u00e8me \u00e9tape. Dans un premiers temps, la route a \u00e9t\u00e9 plate et rectiligne \u00e0 travers la Plaine du P\u00f4 pendant 140 kilom\u00e8tres. Avant de passer la fronti\u00e8re slov\u00e8ne, les coureurs ont fait face \u00e0 une premi\u00e8re ascension. Les 40 derniers kilom\u00e8tres seront plut\u00f4t simples avec deux fois la mont\u00e9e de Saver &#8211; 800 m\u00e8tres \u00e0 6,4 %, \u00e0 7 kilom\u00e8tres du terme.<\/p>\n<ul style=\"text-align: justify;\">\n<li style=\"text-align: justify;\"><strong>\u00c0 ce sujet &#8211; <a href=\"https:\/\/dicodusport.fr\/blog\/tour-ditalie-2025-classement-14eme-etape-du-giro\/\">Tour d\u2019Italie 2025 : le classement de la 14\u00e8me \u00e9tape <\/a><\/strong><\/li>\n<\/ul>\n<p style=\"text-align: justify;\">D&rsquo;abord, le d\u00e9part de l&rsquo;\u00e9tape a \u00e9t\u00e9 tr\u00e8s rapide avec une dizaine de coureurs en t\u00eate avant que quatre coureurs r\u00e9ussissent \u00e0 former l&rsquo;\u00e9chapp\u00e9e du jour :\u00a0<strong>Kasper Asgreen\u00a0<\/strong>(EF Education-EasyPost), <strong>Martin Marcellusi<\/strong> (VF Group Bardiani),\u00a0<strong>Cl\u00e9ment Davy\u00a0<\/strong>(Groupama FDJ) et\u00a0<strong>Mirco Maestri\u00a0<\/strong>(Polti VisitMalta).<\/p>\n<h2 style=\"text-align: justify;\">Le grand num\u00e9ro d&rsquo;Asgreen<\/h2>\n<p style=\"text-align: justify;\">Apr\u00e8s une premi\u00e8re heure de course \u00e0 plus de 50 km\/h de moyenne, les quatre fuyards ont obtenu au maximum deux minutes d&rsquo;avance. Trois \u00e9quipes ont g\u00e9r\u00e9 la poursuite : Alpecin-Deceuninck, Visma Lease a Bike et Picnic PostNL. Ces trois formations ont laiss\u00e9 l&rsquo;\u00e9cart stagner autour de la minute 20.<\/p>\n<ul style=\"text-align: justify;\">\n<li><strong>\u00c0 ce sujet &#8211; <a href=\"https:\/\/dicodusport.fr\/blog\/tour-ditalie-2025-classement-general-du-giro\/\">Tour d&rsquo;Italie 2025 : le classement g\u00e9n\u00e9ral<\/a><\/strong><\/li>\n<\/ul>\n<p style=\"text-align: justify;\">Puis, en se rapprochant de la fronti\u00e8re slov\u00e8ne, le peloton a acc\u00e9l\u00e9r\u00e9 l&rsquo;allure pour franchir la premi\u00e8re ascension du jour avec 45 secondes de retard sur le trio de t\u00eate. En effet,\u00a0<strong>Cl\u00e9ment Davy\u00a0<\/strong>a \u00e9t\u00e9 distanc\u00e9 de l&rsquo;\u00e9chapp\u00e9e dans l&rsquo;ascension de Saint-Martin.<\/p>\n<p style=\"text-align: justify;\">Malheureusement, une chute collective a mis \u00e0 terre presque toutes l&rsquo;\u00e9quipe Lidl-Trek et a surtout scind\u00e9 le peloton en plusieurs morceaux, pi\u00e9geant certains leaders. <strong>Simon Yates<\/strong> (Visma Lease a Bike),\u00a0<strong>Richard Carapaz\u00a0<\/strong>(EF Education-EasyPost) et le maillot rose <strong>Isaac Del Toro<\/strong> (UAE Team Emirates XRG) ont \u00e9chapp\u00e9 \u00e0 la chute. Le grimpeur britannique a b\u00e9n\u00e9fici\u00e9 de ces faits de course pour remonter \u00e0 la deuxi\u00e8me place du classement g\u00e9n\u00e9ral.<\/p>\n<p style=\"text-align: justify;\">Finalement, Kasper Asgreen s&rsquo;est isol\u00e9 \u00e0 6 kilom\u00e8tres du terme pour signer un deuxi\u00e8me succ\u00e8s en carri\u00e8re en Grand Tour. \u00c0 16 secondes, <strong>Kaden Groves<\/strong> (Alpecin-Deceuninck) a r\u00e9gl\u00e9 le premier peloton devant <strong>Olav Kooij<\/strong> (Visma Lease a Bike). <strong>Primoz Roglic, Egan Bernal, Juan Ayuso<\/strong> et <strong>Michael Storer<\/strong> ont fini dans le deuxi\u00e8me peloton \u00e0 1 minute et 4 secondes tandis qu&rsquo;<strong>Antonio Tiberi<\/strong> a c\u00e9d\u00e9 deux minutes. Enfin, le pauvre <strong>Giulio Ciccone<\/strong> a franchi la ligne avec plus de de seize minutes de retard et a perdu toutes ses ambitions pour le classement g\u00e9n\u00e9ral.<\/p>\n<ul style=\"text-align: justify;\">\n<li style=\"text-align: justify;\"><strong>\u00c0 ce sujet &#8211; <a href=\"https:\/\/dicodusport.fr\/blog\/actualites\/cyclisme\/cyclisme-sur-route-2025\/\">L\u2019actualit\u00e9 du cyclisme sur route<\/a><\/strong><\/li>\n<\/ul>\n<div class=\"vlp-link-container vlp-layout-article\"><a href=\"https:\/\/dicodusport.fr\/blog\/cyclisme-mercato-2025-2026-le-tableau-des-transferts\/\" class=\"vlp-link\" title=\"Cyclisme Mercato 2025-2026 - Le tableau des transferts\"><\/a><div class=\"vlp-layout-zone-side\"><div class=\"vlp-block-4 vlp-link-image\"><img loading=\"lazy\" decoding=\"async\" style=\"max-width: 792px;\" width=\"792\" height=\"445\" src=\"https:\/\/dicodusport.fr\/blog\/wp-content\/uploads\/2025\/02\/Cyclisme-Mercato-2025-2026-Le-tableau-des-transferts.png\" class=\"attachment-800x445 size-800x445\" alt=\"Cyclisme Mercato 2025-2026 - Le tableau des transferts\" srcset=\"https:\/\/dicodusport.fr\/blog\/wp-content\/uploads\/2025\/02\/Cyclisme-Mercato-2025-2026-Le-tableau-des-transferts.png 1200w, https:\/\/dicodusport.fr\/blog\/wp-content\/uploads\/2025\/02\/Cyclisme-Mercato-2025-2026-Le-tableau-des-transferts-300x169.png 300w, https:\/\/dicodusport.fr\/blog\/wp-content\/uploads\/2025\/02\/Cyclisme-Mercato-2025-2026-Le-tableau-des-transferts-1024x575.png 1024w, https:\/\/dicodusport.fr\/blog\/wp-content\/uploads\/2025\/02\/Cyclisme-Mercato-2025-2026-Le-tableau-des-transferts-768x431.png 768w\" sizes=\"auto, (max-width: 792px) 100vw, 792px\" \/><\/div><\/div><div class=\"vlp-layout-zone-main\"><div class=\"vlp-block-0 vlp-link-title\">Cyclisme Mercato 2025-2026 - Le tableau des transferts<\/div><div class=\"vlp-block-1 vlp-link-summary\">MERCATO CYCLISME 2025-2026 - D\u00e9couvrez les transferts officiels et les rumeurs du mercato cycliste.<\/div><div class=\"vlp-block-2 vlp-link-button\">Lire l'article<\/div><div class=\"vlp-block-3 vlp-link-url\">dicodusport.fr<\/div><\/div><\/div>\n<p style=\"text-align: justify;\">\n","protected":false},"excerpt":{"rendered":"<p>TOUR D&rsquo;ITALIE 2025 &#8211; Kasper Asgreen (EF Education-EasyPost) a remport\u00e9 en solitaire la 14\u00e8me \u00e9tape du Tour d&rsquo;Italie 2025, samedi, \u00e0 Nova Gorica, en Slov\u00e9nie. Isaac Del Toro (UAE Team Emirates XRG) a conserv\u00e9 le maillot rose. Le Mexicain a \u00e9vit\u00e9 une grosse chute dans le final contrairement \u00e0 Primoz Roglic (Red Bull Bora Hansgrohe), Giulio Ciccone (Lidl-Trek), Antonio Tiberi (Bahrain Victorious), Egan Bernal (INEOS Grenadiers) et Juan Ayuso (UAE Team Emirates XRG).<\/p>\n","protected":false},"author":48,"featured_media":581565,"comment_status":"open","ping_status":"closed","sticky":false,"template":"","format":"standard","meta":{"_acf_changed":false,"_daextam_enable_autolinks":"1","footnotes":""},"categories":[47041],"tags":[16878,24],"class_list":["post-581461","post","type-post","status-publish","format-standard","has-post-thumbnail","hentry","category-tour-d-italie","tag-breve","tag-sport"],"acf":[],"yoast_head":"<!-- This site is optimized with the Yoast SEO Premium plugin v26.7 (Yoast SEO v26.7) - https:\/\/yoast.com\/wordpress\/plugins\/seo\/ -->\n<title>Tour d&#039;Italie 2025 : Kasper Asgreen s&#039;adjuge la 14\u00e8me \u00e9tape<\/title>\n<meta name=\"description\" content=\"Kasper Asgreen (EF Education-EasyPost) a remport\u00e9 la quatorzi\u00e8me \u00e9tape du Tour d&#039;Italie 2025.\" \/>\n<meta name=\"robots\" content=\"index, follow, max-snippet:-1, max-image-preview:large, max-video-preview:-1\" \/>\n<link rel=\"canonical\" href=\"https:\/\/dicodusport.fr\/blog\/tour-ditalie-2025-kasper-asgreen-sadjuge-la-14eme-etape\/\" \/>\n<meta property=\"og:locale\" content=\"fr_FR\" \/>\n<meta property=\"og:type\" content=\"article\" \/>\n<meta property=\"og:title\" content=\"Tour d&#039;Italie 2025 : Kasper Asgreen s&#039;adjuge la 14\u00e8me \u00e9tape\" \/>\n<meta property=\"og:description\" content=\"Kasper Asgreen (EF Education-EasyPost) a remport\u00e9 la quatorzi\u00e8me \u00e9tape du Tour d&#039;Italie 2025.\" \/>\n<meta property=\"og:url\" content=\"https:\/\/dicodusport.fr\/blog\/tour-ditalie-2025-kasper-asgreen-sadjuge-la-14eme-etape\/\" \/>\n<meta property=\"og:site_name\" content=\"Dicodusport\" \/>\n<meta property=\"article:publisher\" content=\"https:\/\/www.facebook.com\/dicodusport\" \/>\n<meta property=\"article:author\" content=\"https:\/\/www.facebook.com\/groups\/LesRoisDuPeloton\" \/>\n<meta property=\"article:published_time\" content=\"2025-05-24T15:12:07+00:00\" \/>\n<meta property=\"article:modified_time\" content=\"2025-05-24T15:40:45+00:00\" \/>\n<meta property=\"og:image\" content=\"https:\/\/dicodusport.fr\/blog\/wp-content\/uploads\/2025\/05\/Tour-dItalie-2025-Kasper-Asgreen-sadjuge-la-14eme-etape-1.png\" \/>\n\t<meta property=\"og:image:width\" content=\"1200\" \/>\n\t<meta property=\"og:image:height\" content=\"674\" \/>\n\t<meta property=\"og:image:type\" content=\"image\/png\" \/>\n<meta name=\"author\" content=\"Emilien Descampiaux\" \/>\n<meta name=\"twitter:card\" content=\"summary_large_image\" \/>\n<meta name=\"twitter:creator\" content=\"@https:\/\/twitter.com\/LRoisDuPeloton\" \/>\n<meta name=\"twitter:site\" content=\"@dicodusport\" \/>\n<script type=\"application\/ld+json\" class=\"yoast-schema-graph\">{\"@context\":\"https:\/\/schema.org\",\"@graph\":[{\"@type\":\"NewsArticle\",\"@id\":\"https:\/\/dicodusport.fr\/blog\/tour-ditalie-2025-kasper-asgreen-sadjuge-la-14eme-etape\/#article\",\"isPartOf\":{\"@id\":\"https:\/\/dicodusport.fr\/blog\/tour-ditalie-2025-kasper-asgreen-sadjuge-la-14eme-etape\/\"},\"author\":{\"name\":\"Emilien Descampiaux\",\"@id\":\"https:\/\/dicodusport.fr\/blog\/#\/schema\/person\/6db4bae06b171592211be385b32876a7\"},\"headline\":\"Tour d&rsquo;Italie 2025 : Kasper Asgreen s&rsquo;adjuge la 14\u00e8me \u00e9tape\",\"datePublished\":\"2025-05-24T15:12:07+00:00\",\"dateModified\":\"2025-05-24T15:40:45+00:00\",\"mainEntityOfPage\":{\"@id\":\"https:\/\/dicodusport.fr\/blog\/tour-ditalie-2025-kasper-asgreen-sadjuge-la-14eme-etape\/\"},\"wordCount\":612,\"commentCount\":0,\"publisher\":{\"@id\":\"https:\/\/dicodusport.fr\/blog\/#organization\"},\"image\":{\"@id\":\"https:\/\/dicodusport.fr\/blog\/tour-ditalie-2025-kasper-asgreen-sadjuge-la-14eme-etape\/#primaryimage\"},\"thumbnailUrl\":\"https:\/\/dicodusport.fr\/blog\/wp-content\/uploads\/2025\/05\/Tour-dItalie-2025-Kasper-Asgreen-sadjuge-la-14eme-etape-1.png\",\"keywords\":[\"br\u00e8ve\",\"sport\"],\"articleSection\":[\"Tour d'Italie\"],\"inLanguage\":\"fr-FR\",\"potentialAction\":[{\"@type\":\"CommentAction\",\"name\":\"Comment\",\"target\":[\"https:\/\/dicodusport.fr\/blog\/tour-ditalie-2025-kasper-asgreen-sadjuge-la-14eme-etape\/#respond\"]}],\"copyrightYear\":\"2025\",\"copyrightHolder\":{\"@id\":\"https:\/\/dicodusport.fr\/blog\/#organization\"}},{\"@type\":\"WebPage\",\"@id\":\"https:\/\/dicodusport.fr\/blog\/tour-ditalie-2025-kasper-asgreen-sadjuge-la-14eme-etape\/\",\"url\":\"https:\/\/dicodusport.fr\/blog\/tour-ditalie-2025-kasper-asgreen-sadjuge-la-14eme-etape\/\",\"name\":\"Tour d'Italie 2025 : Kasper Asgreen s'adjuge la 14\u00e8me \u00e9tape\",\"isPartOf\":{\"@id\":\"https:\/\/dicodusport.fr\/blog\/#website\"},\"primaryImageOfPage\":{\"@id\":\"https:\/\/dicodusport.fr\/blog\/tour-ditalie-2025-kasper-asgreen-sadjuge-la-14eme-etape\/#primaryimage\"},\"image\":{\"@id\":\"https:\/\/dicodusport.fr\/blog\/tour-ditalie-2025-kasper-asgreen-sadjuge-la-14eme-etape\/#primaryimage\"},\"thumbnailUrl\":\"https:\/\/dicodusport.fr\/blog\/wp-content\/uploads\/2025\/05\/Tour-dItalie-2025-Kasper-Asgreen-sadjuge-la-14eme-etape-1.png\",\"datePublished\":\"2025-05-24T15:12:07+00:00\",\"dateModified\":\"2025-05-24T15:40:45+00:00\",\"description\":\"Kasper Asgreen (EF Education-EasyPost) a remport\u00e9 la quatorzi\u00e8me \u00e9tape du Tour d'Italie 2025.\",\"breadcrumb\":{\"@id\":\"https:\/\/dicodusport.fr\/blog\/tour-ditalie-2025-kasper-asgreen-sadjuge-la-14eme-etape\/#breadcrumb\"},\"inLanguage\":\"fr-FR\",\"potentialAction\":[{\"@type\":\"ReadAction\",\"target\":[\"https:\/\/dicodusport.fr\/blog\/tour-ditalie-2025-kasper-asgreen-sadjuge-la-14eme-etape\/\"]}]},{\"@type\":\"ImageObject\",\"inLanguage\":\"fr-FR\",\"@id\":\"https:\/\/dicodusport.fr\/blog\/tour-ditalie-2025-kasper-asgreen-sadjuge-la-14eme-etape\/#primaryimage\",\"url\":\"https:\/\/dicodusport.fr\/blog\/wp-content\/uploads\/2025\/05\/Tour-dItalie-2025-Kasper-Asgreen-sadjuge-la-14eme-etape-1.png\",\"contentUrl\":\"https:\/\/dicodusport.fr\/blog\/wp-content\/uploads\/2025\/05\/Tour-dItalie-2025-Kasper-Asgreen-sadjuge-la-14eme-etape-1.png\",\"width\":1200,\"height\":674,\"caption\":\"Tour d'Italie 2025 Kasper Asgreen s'adjuge la 14\u00e8me \u00e9tape\"},{\"@type\":\"BreadcrumbList\",\"@id\":\"https:\/\/dicodusport.fr\/blog\/tour-ditalie-2025-kasper-asgreen-sadjuge-la-14eme-etape\/#breadcrumb\",\"itemListElement\":[{\"@type\":\"ListItem\",\"position\":1,\"name\":\"Accueil\",\"item\":\"https:\/\/dicodusport.fr\/blog\/\"},{\"@type\":\"ListItem\",\"position\":2,\"name\":\"Tour d&rsquo;Italie 2025 : Kasper Asgreen s&rsquo;adjuge la 14\u00e8me \u00e9tape\"}]},{\"@type\":\"WebSite\",\"@id\":\"https:\/\/dicodusport.fr\/blog\/#website\",\"url\":\"https:\/\/dicodusport.fr\/blog\/\",\"name\":\"Dicodusport\",\"description\":\"L&#039;encyclop\u00e9die de l&#039;actualit\u00e9 sportive\",\"publisher\":{\"@id\":\"https:\/\/dicodusport.fr\/blog\/#organization\"},\"potentialAction\":[{\"@type\":\"SearchAction\",\"target\":{\"@type\":\"EntryPoint\",\"urlTemplate\":\"https:\/\/dicodusport.fr\/blog\/?s={search_term_string}\"},\"query-input\":{\"@type\":\"PropertyValueSpecification\",\"valueRequired\":true,\"valueName\":\"search_term_string\"}}],\"inLanguage\":\"fr-FR\"},{\"@type\":\"NewsMediaOrganization\",\"@id\":\"https:\/\/dicodusport.fr\/blog\/#organization\",\"name\":\"Dicodusport\",\"url\":\"https:\/\/dicodusport.fr\/blog\/\",\"logo\":{\"@type\":\"ImageObject\",\"inLanguage\":\"fr-FR\",\"@id\":\"https:\/\/dicodusport.fr\/blog\/#\/schema\/logo\/image\/\",\"url\":\"https:\/\/dicodusport.fr\/blog\/wp-content\/uploads\/2020\/06\/cropped-LOGO-DICODUSPORT-2020-SANS-FOND-SANS-TEXTE.png\",\"contentUrl\":\"https:\/\/dicodusport.fr\/blog\/wp-content\/uploads\/2020\/06\/cropped-LOGO-DICODUSPORT-2020-SANS-FOND-SANS-TEXTE.png\",\"width\":512,\"height\":512,\"caption\":\"Dicodusport\"},\"image\":{\"@id\":\"https:\/\/dicodusport.fr\/blog\/#\/schema\/logo\/image\/\"},\"sameAs\":[\"https:\/\/www.facebook.com\/dicodusport\",\"https:\/\/x.com\/dicodusport\",\"https:\/\/www.instagram.com\/dicodusport\/\",\"https:\/\/www.youtube.com\/channel\/UC7V2KZ5sd3htJivAbA4ZG3w\"],\"description\":\"Dicodusport est l'encyclop\u00e9die de l'actualit\u00e9 sportive.\",\"email\":\"bonjour@dicodusport.fr\",\"legalName\":\"DICODUSPORT\",\"foundingDate\":\"2018-01-14\",\"vatID\":\"FR71834470973\",\"taxID\":\"83447097300043\",\"numberOfEmployees\":{\"@type\":\"QuantitativeValue\",\"minValue\":\"1\",\"maxValue\":\"10\"}},{\"@type\":\"Person\",\"@id\":\"https:\/\/dicodusport.fr\/blog\/#\/schema\/person\/6db4bae06b171592211be385b32876a7\",\"name\":\"Emilien Descampiaux\",\"image\":{\"@type\":\"ImageObject\",\"inLanguage\":\"fr-FR\",\"@id\":\"https:\/\/dicodusport.fr\/blog\/#\/schema\/person\/image\/\",\"url\":\"https:\/\/dicodusport.fr\/blog\/wp-content\/uploads\/2021\/05\/Emilien-Descampiaux-150x150.jpg\",\"contentUrl\":\"https:\/\/dicodusport.fr\/blog\/wp-content\/uploads\/2021\/05\/Emilien-Descampiaux-150x150.jpg\",\"caption\":\"Emilien Descampiaux\"},\"description\":\"Journaliste\/r\u00e9dacteur depuis 2014 - Fan de la classe de Frank Vandenbroucke, je vis cyclisme (et de ses paysages) depuis plus de 20 ans. Je suis tr\u00e8s impliqu\u00e9 sur mes diff\u00e9rents r\u00e9seaux sociaux pour partager ma passion sur le monde et l'Histoire de la bicyclette avec ma voix sur les images en noir et blanc du succ\u00e8s de Rik Van Steenbergen lors du Ronde sur le V\u00e9lodrome de Gand.\",\"sameAs\":[\"https:\/\/www.facebook.com\/groups\/LesRoisDuPeloton\",\"https:\/\/x.com\/https:\/\/twitter.com\/LRoisDuPeloton\"],\"url\":\"https:\/\/dicodusport.fr\/blog\/author\/emiliend\/\"}]}<\/script>\n<!-- \/ Yoast SEO Premium plugin. -->","yoast_head_json":{"title":"Tour d'Italie 2025 : Kasper Asgreen s'adjuge la 14\u00e8me \u00e9tape","description":"Kasper Asgreen (EF Education-EasyPost) a remport\u00e9 la quatorzi\u00e8me \u00e9tape du Tour d'Italie 2025.","robots":{"index":"index","follow":"follow","max-snippet":"max-snippet:-1","max-image-preview":"max-image-preview:large","max-video-preview":"max-video-preview:-1"},"canonical":"https:\/\/dicodusport.fr\/blog\/tour-ditalie-2025-kasper-asgreen-sadjuge-la-14eme-etape\/","og_locale":"fr_FR","og_type":"article","og_title":"Tour d'Italie 2025 : Kasper Asgreen s'adjuge la 14\u00e8me \u00e9tape","og_description":"Kasper Asgreen (EF Education-EasyPost) a remport\u00e9 la quatorzi\u00e8me \u00e9tape du Tour d'Italie 2025.","og_url":"https:\/\/dicodusport.fr\/blog\/tour-ditalie-2025-kasper-asgreen-sadjuge-la-14eme-etape\/","og_site_name":"Dicodusport","article_publisher":"https:\/\/www.facebook.com\/dicodusport","article_author":"https:\/\/www.facebook.com\/groups\/LesRoisDuPeloton","article_published_time":"2025-05-24T15:12:07+00:00","article_modified_time":"2025-05-24T15:40:45+00:00","og_image":[{"width":1200,"height":674,"url":"https:\/\/dicodusport.fr\/blog\/wp-content\/uploads\/2025\/05\/Tour-dItalie-2025-Kasper-Asgreen-sadjuge-la-14eme-etape-1.png","type":"image\/png"}],"author":"Emilien Descampiaux","twitter_card":"summary_large_image","twitter_creator":"@https:\/\/twitter.com\/LRoisDuPeloton","twitter_site":"@dicodusport","schema":{"@context":"https:\/\/schema.org","@graph":[{"@type":"NewsArticle","@id":"https:\/\/dicodusport.fr\/blog\/tour-ditalie-2025-kasper-asgreen-sadjuge-la-14eme-etape\/#article","isPartOf":{"@id":"https:\/\/dicodusport.fr\/blog\/tour-ditalie-2025-kasper-asgreen-sadjuge-la-14eme-etape\/"},"author":{"name":"Emilien Descampiaux","@id":"https:\/\/dicodusport.fr\/blog\/#\/schema\/person\/6db4bae06b171592211be385b32876a7"},"headline":"Tour d&rsquo;Italie 2025 : Kasper Asgreen s&rsquo;adjuge la 14\u00e8me \u00e9tape","datePublished":"2025-05-24T15:12:07+00:00","dateModified":"2025-05-24T15:40:45+00:00","mainEntityOfPage":{"@id":"https:\/\/dicodusport.fr\/blog\/tour-ditalie-2025-kasper-asgreen-sadjuge-la-14eme-etape\/"},"wordCount":612,"commentCount":0,"publisher":{"@id":"https:\/\/dicodusport.fr\/blog\/#organization"},"image":{"@id":"https:\/\/dicodusport.fr\/blog\/tour-ditalie-2025-kasper-asgreen-sadjuge-la-14eme-etape\/#primaryimage"},"thumbnailUrl":"https:\/\/dicodusport.fr\/blog\/wp-content\/uploads\/2025\/05\/Tour-dItalie-2025-Kasper-Asgreen-sadjuge-la-14eme-etape-1.png","keywords":["br\u00e8ve","sport"],"articleSection":["Tour d'Italie"],"inLanguage":"fr-FR","potentialAction":[{"@type":"CommentAction","name":"Comment","target":["https:\/\/dicodusport.fr\/blog\/tour-ditalie-2025-kasper-asgreen-sadjuge-la-14eme-etape\/#respond"]}],"copyrightYear":"2025","copyrightHolder":{"@id":"https:\/\/dicodusport.fr\/blog\/#organization"}},{"@type":"WebPage","@id":"https:\/\/dicodusport.fr\/blog\/tour-ditalie-2025-kasper-asgreen-sadjuge-la-14eme-etape\/","url":"https:\/\/dicodusport.fr\/blog\/tour-ditalie-2025-kasper-asgreen-sadjuge-la-14eme-etape\/","name":"Tour d'Italie 2025 : Kasper Asgreen s'adjuge la 14\u00e8me \u00e9tape","isPartOf":{"@id":"https:\/\/dicodusport.fr\/blog\/#website"},"primaryImageOfPage":{"@id":"https:\/\/dicodusport.fr\/blog\/tour-ditalie-2025-kasper-asgreen-sadjuge-la-14eme-etape\/#primaryimage"},"image":{"@id":"https:\/\/dicodusport.fr\/blog\/tour-ditalie-2025-kasper-asgreen-sadjuge-la-14eme-etape\/#primaryimage"},"thumbnailUrl":"https:\/\/dicodusport.fr\/blog\/wp-content\/uploads\/2025\/05\/Tour-dItalie-2025-Kasper-Asgreen-sadjuge-la-14eme-etape-1.png","datePublished":"2025-05-24T15:12:07+00:00","dateModified":"2025-05-24T15:40:45+00:00","description":"Kasper Asgreen (EF Education-EasyPost) a remport\u00e9 la quatorzi\u00e8me \u00e9tape du Tour d'Italie 2025.","breadcrumb":{"@id":"https:\/\/dicodusport.fr\/blog\/tour-ditalie-2025-kasper-asgreen-sadjuge-la-14eme-etape\/#breadcrumb"},"inLanguage":"fr-FR","potentialAction":[{"@type":"ReadAction","target":["https:\/\/dicodusport.fr\/blog\/tour-ditalie-2025-kasper-asgreen-sadjuge-la-14eme-etape\/"]}]},{"@type":"ImageObject","inLanguage":"fr-FR","@id":"https:\/\/dicodusport.fr\/blog\/tour-ditalie-2025-kasper-asgreen-sadjuge-la-14eme-etape\/#primaryimage","url":"https:\/\/dicodusport.fr\/blog\/wp-content\/uploads\/2025\/05\/Tour-dItalie-2025-Kasper-Asgreen-sadjuge-la-14eme-etape-1.png","contentUrl":"https:\/\/dicodusport.fr\/blog\/wp-content\/uploads\/2025\/05\/Tour-dItalie-2025-Kasper-Asgreen-sadjuge-la-14eme-etape-1.png","width":1200,"height":674,"caption":"Tour d'Italie 2025 Kasper Asgreen s'adjuge la 14\u00e8me \u00e9tape"},{"@type":"BreadcrumbList","@id":"https:\/\/dicodusport.fr\/blog\/tour-ditalie-2025-kasper-asgreen-sadjuge-la-14eme-etape\/#breadcrumb","itemListElement":[{"@type":"ListItem","position":1,"name":"Accueil","item":"https:\/\/dicodusport.fr\/blog\/"},{"@type":"ListItem","position":2,"name":"Tour d&rsquo;Italie 2025 : Kasper Asgreen s&rsquo;adjuge la 14\u00e8me \u00e9tape"}]},{"@type":"WebSite","@id":"https:\/\/dicodusport.fr\/blog\/#website","url":"https:\/\/dicodusport.fr\/blog\/","name":"Dicodusport","description":"L&#039;encyclop\u00e9die de l&#039;actualit\u00e9 sportive","publisher":{"@id":"https:\/\/dicodusport.fr\/blog\/#organization"},"potentialAction":[{"@type":"SearchAction","target":{"@type":"EntryPoint","urlTemplate":"https:\/\/dicodusport.fr\/blog\/?s={search_term_string}"},"query-input":{"@type":"PropertyValueSpecification","valueRequired":true,"valueName":"search_term_string"}}],"inLanguage":"fr-FR"},{"@type":"NewsMediaOrganization","@id":"https:\/\/dicodusport.fr\/blog\/#organization","name":"Dicodusport","url":"https:\/\/dicodusport.fr\/blog\/","logo":{"@type":"ImageObject","inLanguage":"fr-FR","@id":"https:\/\/dicodusport.fr\/blog\/#\/schema\/logo\/image\/","url":"https:\/\/dicodusport.fr\/blog\/wp-content\/uploads\/2020\/06\/cropped-LOGO-DICODUSPORT-2020-SANS-FOND-SANS-TEXTE.png","contentUrl":"https:\/\/dicodusport.fr\/blog\/wp-content\/uploads\/2020\/06\/cropped-LOGO-DICODUSPORT-2020-SANS-FOND-SANS-TEXTE.png","width":512,"height":512,"caption":"Dicodusport"},"image":{"@id":"https:\/\/dicodusport.fr\/blog\/#\/schema\/logo\/image\/"},"sameAs":["https:\/\/www.facebook.com\/dicodusport","https:\/\/x.com\/dicodusport","https:\/\/www.instagram.com\/dicodusport\/","https:\/\/www.youtube.com\/channel\/UC7V2KZ5sd3htJivAbA4ZG3w"],"description":"Dicodusport est l'encyclop\u00e9die de l'actualit\u00e9 sportive.","email":"bonjour@dicodusport.fr","legalName":"DICODUSPORT","foundingDate":"2018-01-14","vatID":"FR71834470973","taxID":"83447097300043","numberOfEmployees":{"@type":"QuantitativeValue","minValue":"1","maxValue":"10"}},{"@type":"Person","@id":"https:\/\/dicodusport.fr\/blog\/#\/schema\/person\/6db4bae06b171592211be385b32876a7","name":"Emilien Descampiaux","image":{"@type":"ImageObject","inLanguage":"fr-FR","@id":"https:\/\/dicodusport.fr\/blog\/#\/schema\/person\/image\/","url":"https:\/\/dicodusport.fr\/blog\/wp-content\/uploads\/2021\/05\/Emilien-Descampiaux-150x150.jpg","contentUrl":"https:\/\/dicodusport.fr\/blog\/wp-content\/uploads\/2021\/05\/Emilien-Descampiaux-150x150.jpg","caption":"Emilien Descampiaux"},"description":"Journaliste\/r\u00e9dacteur depuis 2014 - Fan de la classe de Frank Vandenbroucke, je vis cyclisme (et de ses paysages) depuis plus de 20 ans. Je suis tr\u00e8s impliqu\u00e9 sur mes diff\u00e9rents r\u00e9seaux sociaux pour partager ma passion sur le monde et l'Histoire de la bicyclette avec ma voix sur les images en noir et blanc du succ\u00e8s de Rik Van Steenbergen lors du Ronde sur le V\u00e9lodrome de Gand.","sameAs":["https:\/\/www.facebook.com\/groups\/LesRoisDuPeloton","https:\/\/x.com\/https:\/\/twitter.com\/LRoisDuPeloton"],"url":"https:\/\/dicodusport.fr\/blog\/author\/emiliend\/"}]}},"_links":{"self":[{"href":"https:\/\/dicodusport.fr\/blog\/wp-json\/wp\/v2\/posts\/581461","targetHints":{"allow":["GET"]}}],"collection":[{"href":"https:\/\/dicodusport.fr\/blog\/wp-json\/wp\/v2\/posts"}],"about":[{"href":"https:\/\/dicodusport.fr\/blog\/wp-json\/wp\/v2\/types\/post"}],"author":[{"embeddable":true,"href":"https:\/\/dicodusport.fr\/blog\/wp-json\/wp\/v2\/users\/48"}],"replies":[{"embeddable":true,"href":"https:\/\/dicodusport.fr\/blog\/wp-json\/wp\/v2\/comments?post=581461"}],"version-history":[{"count":5,"href":"https:\/\/dicodusport.fr\/blog\/wp-json\/wp\/v2\/posts\/581461\/revisions"}],"predecessor-version":[{"id":581566,"href":"https:\/\/dicodusport.fr\/blog\/wp-json\/wp\/v2\/posts\/581461\/revisions\/581566"}],"wp:featuredmedia":[{"embeddable":true,"href":"https:\/\/dicodusport.fr\/blog\/wp-json\/wp\/v2\/media\/581565"}],"wp:attachment":[{"href":"https:\/\/dicodusport.fr\/blog\/wp-json\/wp\/v2\/media?parent=581461"}],"wp:term":[{"taxonomy":"category","embeddable":true,"href":"https:\/\/dicodusport.fr\/blog\/wp-json\/wp\/v2\/categories?post=581461"},{"taxonomy":"post_tag","embeddable":true,"href":"https:\/\/dicodusport.fr\/blog\/wp-json\/wp\/v2\/tags?post=581461"}],"curies":[{"name":"wp","href":"https:\/\/api.w.org\/{rel}","templated":true}]}}