{"id":581506,"date":"2025-05-24T14:37:48","date_gmt":"2025-05-24T12:37:48","guid":{"rendered":"https:\/\/dicodusport.fr\/blog\/?p=581506&#038;preview=true&#038;preview_id=581506"},"modified":"2025-05-25T01:52:36","modified_gmt":"2025-05-24T23:52:36","slug":"atp-geneve-le-titre-en-double-pour-sadio-doumbia-et-fabien-reboul","status":"publish","type":"post","link":"https:\/\/dicodusport.fr\/blog\/atp-geneve-le-titre-en-double-pour-sadio-doumbia-et-fabien-reboul\/","title":{"rendered":"ATP Gen\u00e8ve : Le titre en double pour Sadio Doumbia et Fabien Reboul !"},"content":{"rendered":"<p style=\"text-align: justify;\"><strong><em>TOURNOI ATP 250 DE GEN\u00c8VE 2025 &#8211; \u00c0 la veille de Roland-Garros, Sadio Doumbia et Fabien Reboul ont remport\u00e9 un cinqui\u00e8me titre en carri\u00e8re en Suisse.<\/em><\/strong><\/p>\n<p style=\"text-align: justify;\">La semaine derni\u00e8re,<strong> Sadio Doumbia<\/strong> et<strong> Fabien Reboul<\/strong> avaient atteint leur toute premi\u00e8re finale de Masters 1000 en carri\u00e8re, \u00e0 Rome. Mieux, ils avaient obtenu une balle de match contre <strong>Marcelo Arevalo<\/strong> et <strong>Mate Pavic<\/strong>, soit rien de moins que les vainqueurs de Roland-Garros 2024. Finalement battus, ils avaient n\u00e9anmoins gonfl\u00e9 leur capital confiance, et ce dernier va encore monter apr\u00e8s cette semaine \u00e0 Gen\u00e8ve.<\/p>\n<p style=\"text-align: justify;\">Une semaine d\u00e9but\u00e9e par une victoire contre deux grands sp\u00e9cialistes de la discipline,<strong> Santiago Gonzalez<\/strong> et <strong>Austin Krajicek<\/strong>. N\u00e9anmoins, ils auront d\u00fb lutter et auront remport\u00e9 tous les matchs en trois manches. Dont la finale, contre l&rsquo;Uruguayen <strong>Ariel Behar<\/strong> et le Belge <strong>Joran Vliegen<\/strong>. Apr\u00e8s la perte du premier set, ils ont arrach\u00e9 un super <strong>tie-break<\/strong> dans lequel ils auront \u00e9t\u00e9 men\u00e9s 6-9 avant d&rsquo;encha\u00eener cinq points d&rsquo;affil\u00e9e pour rafler la mise. Victoire <strong>6-7 (4), 6-4, 11-9<\/strong>, c&rsquo;est le cinqui\u00e8me titre ATP en carri\u00e8re pour <strong>Sadio Doumbia<\/strong> et <strong>Fabien Reboul<\/strong>, le tout en 18 mois. De tr\u00e8s bon augure avant Roland-Garros !<\/p>\n","protected":false},"excerpt":{"rendered":"<p>TOURNOI ATP 250 DE GEN\u00c8VE 2025 &#8211; \u00c0 la veille de Roland-Garros, Sadio Doumbia et Fabien Reboul ont remport\u00e9 un cinqui\u00e8me titre en carri\u00e8re en Suisse.<\/p>\n","protected":false},"author":59,"featured_media":581507,"comment_status":"open","ping_status":"closed","sticky":false,"template":"","format":"standard","meta":{"_acf_changed":false,"_daextam_enable_autolinks":"1","footnotes":""},"categories":[2302],"tags":[16878,34721],"class_list":["post-581506","post","type-post","status-publish","format-standard","has-post-thumbnail","hentry","category-tennis","tag-breve","tag-fabien-reboul"],"acf":[],"yoast_head":"<!-- This site is optimized with the Yoast SEO Premium plugin v26.7 (Yoast SEO v26.7) - https:\/\/yoast.com\/wordpress\/plugins\/seo\/ -->\n<title>ATP Gen\u00e8ve : Le titre en double pour Sadio Doumbia et Fabien Reboul !<\/title>\n<meta name=\"description\" content=\"TOURNOI ATP 250 DE GEN\u00c8VE 2025 - \u00c0 la veille de Roland-Garros, Sadio Doumbia et Fabien Reboul ont remport\u00e9 un cinqui\u00e8me titre en carri\u00e8re en Suisse.\" \/>\n<meta name=\"robots\" content=\"index, follow, max-snippet:-1, max-image-preview:large, max-video-preview:-1\" \/>\n<link rel=\"canonical\" href=\"https:\/\/dicodusport.fr\/blog\/atp-geneve-le-titre-en-double-pour-sadio-doumbia-et-fabien-reboul\/\" \/>\n<meta property=\"og:locale\" content=\"fr_FR\" \/>\n<meta property=\"og:type\" content=\"article\" \/>\n<meta property=\"og:title\" content=\"ATP Gen\u00e8ve : Le titre en double pour Sadio Doumbia et Fabien Reboul !\" \/>\n<meta property=\"og:description\" content=\"TOURNOI ATP 250 DE GEN\u00c8VE 2025 - \u00c0 la veille de Roland-Garros, Sadio Doumbia et Fabien Reboul ont remport\u00e9 un cinqui\u00e8me titre en carri\u00e8re en Suisse.\" \/>\n<meta property=\"og:url\" content=\"https:\/\/dicodusport.fr\/blog\/atp-geneve-le-titre-en-double-pour-sadio-doumbia-et-fabien-reboul\/\" \/>\n<meta property=\"og:site_name\" content=\"Dicodusport\" \/>\n<meta property=\"article:publisher\" content=\"https:\/\/www.facebook.com\/dicodusport\" \/>\n<meta property=\"article:author\" content=\"https:\/\/www.facebook.com\/sebastien.gente\/\" \/>\n<meta property=\"article:published_time\" content=\"2025-05-24T12:37:48+00:00\" \/>\n<meta property=\"article:modified_time\" content=\"2025-05-24T23:52:36+00:00\" \/>\n<meta property=\"og:image\" content=\"https:\/\/dicodusport.fr\/blog\/wp-content\/uploads\/2025\/05\/ATP-Geneve-Le-titre-en-double-pour-Sadio-Doumbia-et-Fabien-Reboul-.png\" \/>\n\t<meta property=\"og:image:width\" content=\"1200\" \/>\n\t<meta property=\"og:image:height\" content=\"674\" \/>\n\t<meta property=\"og:image:type\" content=\"image\/png\" \/>\n<meta name=\"author\" content=\"S\u00e9bastien Gente\" \/>\n<meta name=\"twitter:card\" content=\"summary_large_image\" \/>\n<meta name=\"twitter:title\" content=\"ATP Gen\u00e8ve : Le titre en double pour Sadio Doumbia et Fabien Reboul !\" \/>\n<meta name=\"twitter:creator\" content=\"@https:\/\/twitter.com\/globulo24\" \/>\n<meta name=\"twitter:site\" content=\"@dicodusport\" \/>\n<script type=\"application\/ld+json\" class=\"yoast-schema-graph\">{\"@context\":\"https:\/\/schema.org\",\"@graph\":[{\"@type\":\"NewsArticle\",\"@id\":\"https:\/\/dicodusport.fr\/blog\/atp-geneve-le-titre-en-double-pour-sadio-doumbia-et-fabien-reboul\/#article\",\"isPartOf\":{\"@id\":\"https:\/\/dicodusport.fr\/blog\/atp-geneve-le-titre-en-double-pour-sadio-doumbia-et-fabien-reboul\/\"},\"author\":{\"name\":\"S\u00e9bastien Gente\",\"@id\":\"https:\/\/dicodusport.fr\/blog\/#\/schema\/person\/627966a6cde45dbd8c5e36ac85d783da\"},\"headline\":\"ATP Gen\u00e8ve : Le titre en double pour Sadio Doumbia et Fabien Reboul !\",\"datePublished\":\"2025-05-24T12:37:48+00:00\",\"dateModified\":\"2025-05-24T23:52:36+00:00\",\"mainEntityOfPage\":{\"@id\":\"https:\/\/dicodusport.fr\/blog\/atp-geneve-le-titre-en-double-pour-sadio-doumbia-et-fabien-reboul\/\"},\"wordCount\":220,\"commentCount\":0,\"publisher\":{\"@id\":\"https:\/\/dicodusport.fr\/blog\/#organization\"},\"image\":{\"@id\":\"https:\/\/dicodusport.fr\/blog\/atp-geneve-le-titre-en-double-pour-sadio-doumbia-et-fabien-reboul\/#primaryimage\"},\"thumbnailUrl\":\"https:\/\/dicodusport.fr\/blog\/wp-content\/uploads\/2025\/05\/ATP-Geneve-Le-titre-en-double-pour-Sadio-Doumbia-et-Fabien-Reboul-.png\",\"keywords\":[\"br\u00e8ve\",\"Fabien Reboul\"],\"articleSection\":[\"Tennis\"],\"inLanguage\":\"fr-FR\",\"potentialAction\":[{\"@type\":\"CommentAction\",\"name\":\"Comment\",\"target\":[\"https:\/\/dicodusport.fr\/blog\/atp-geneve-le-titre-en-double-pour-sadio-doumbia-et-fabien-reboul\/#respond\"]}],\"copyrightYear\":\"2025\",\"copyrightHolder\":{\"@id\":\"https:\/\/dicodusport.fr\/blog\/#organization\"}},{\"@type\":\"WebPage\",\"@id\":\"https:\/\/dicodusport.fr\/blog\/atp-geneve-le-titre-en-double-pour-sadio-doumbia-et-fabien-reboul\/\",\"url\":\"https:\/\/dicodusport.fr\/blog\/atp-geneve-le-titre-en-double-pour-sadio-doumbia-et-fabien-reboul\/\",\"name\":\"ATP Gen\u00e8ve : Le titre en double pour Sadio Doumbia et Fabien Reboul !\",\"isPartOf\":{\"@id\":\"https:\/\/dicodusport.fr\/blog\/#website\"},\"primaryImageOfPage\":{\"@id\":\"https:\/\/dicodusport.fr\/blog\/atp-geneve-le-titre-en-double-pour-sadio-doumbia-et-fabien-reboul\/#primaryimage\"},\"image\":{\"@id\":\"https:\/\/dicodusport.fr\/blog\/atp-geneve-le-titre-en-double-pour-sadio-doumbia-et-fabien-reboul\/#primaryimage\"},\"thumbnailUrl\":\"https:\/\/dicodusport.fr\/blog\/wp-content\/uploads\/2025\/05\/ATP-Geneve-Le-titre-en-double-pour-Sadio-Doumbia-et-Fabien-Reboul-.png\",\"datePublished\":\"2025-05-24T12:37:48+00:00\",\"dateModified\":\"2025-05-24T23:52:36+00:00\",\"description\":\"TOURNOI ATP 250 DE GEN\u00c8VE 2025 - \u00c0 la veille de Roland-Garros, Sadio Doumbia et Fabien Reboul ont remport\u00e9 un cinqui\u00e8me titre en carri\u00e8re en Suisse.\",\"breadcrumb\":{\"@id\":\"https:\/\/dicodusport.fr\/blog\/atp-geneve-le-titre-en-double-pour-sadio-doumbia-et-fabien-reboul\/#breadcrumb\"},\"inLanguage\":\"fr-FR\",\"potentialAction\":[{\"@type\":\"ReadAction\",\"target\":[\"https:\/\/dicodusport.fr\/blog\/atp-geneve-le-titre-en-double-pour-sadio-doumbia-et-fabien-reboul\/\"]}]},{\"@type\":\"ImageObject\",\"inLanguage\":\"fr-FR\",\"@id\":\"https:\/\/dicodusport.fr\/blog\/atp-geneve-le-titre-en-double-pour-sadio-doumbia-et-fabien-reboul\/#primaryimage\",\"url\":\"https:\/\/dicodusport.fr\/blog\/wp-content\/uploads\/2025\/05\/ATP-Geneve-Le-titre-en-double-pour-Sadio-Doumbia-et-Fabien-Reboul-.png\",\"contentUrl\":\"https:\/\/dicodusport.fr\/blog\/wp-content\/uploads\/2025\/05\/ATP-Geneve-Le-titre-en-double-pour-Sadio-Doumbia-et-Fabien-Reboul-.png\",\"width\":1200,\"height\":674,\"caption\":\"ATP Gen\u00e8ve Le titre en double pour Sadio Doumbia et Fabien Reboul !\"},{\"@type\":\"BreadcrumbList\",\"@id\":\"https:\/\/dicodusport.fr\/blog\/atp-geneve-le-titre-en-double-pour-sadio-doumbia-et-fabien-reboul\/#breadcrumb\",\"itemListElement\":[{\"@type\":\"ListItem\",\"position\":1,\"name\":\"Accueil\",\"item\":\"https:\/\/dicodusport.fr\/blog\/\"},{\"@type\":\"ListItem\",\"position\":2,\"name\":\"ATP Gen\u00e8ve : Le titre en double pour Sadio Doumbia et Fabien Reboul !\"}]},{\"@type\":\"WebSite\",\"@id\":\"https:\/\/dicodusport.fr\/blog\/#website\",\"url\":\"https:\/\/dicodusport.fr\/blog\/\",\"name\":\"Dicodusport\",\"description\":\"L&#039;encyclop\u00e9die de l&#039;actualit\u00e9 sportive\",\"publisher\":{\"@id\":\"https:\/\/dicodusport.fr\/blog\/#organization\"},\"potentialAction\":[{\"@type\":\"SearchAction\",\"target\":{\"@type\":\"EntryPoint\",\"urlTemplate\":\"https:\/\/dicodusport.fr\/blog\/?s={search_term_string}\"},\"query-input\":{\"@type\":\"PropertyValueSpecification\",\"valueRequired\":true,\"valueName\":\"search_term_string\"}}],\"inLanguage\":\"fr-FR\"},{\"@type\":\"NewsMediaOrganization\",\"@id\":\"https:\/\/dicodusport.fr\/blog\/#organization\",\"name\":\"Dicodusport\",\"url\":\"https:\/\/dicodusport.fr\/blog\/\",\"logo\":{\"@type\":\"ImageObject\",\"inLanguage\":\"fr-FR\",\"@id\":\"https:\/\/dicodusport.fr\/blog\/#\/schema\/logo\/image\/\",\"url\":\"https:\/\/dicodusport.fr\/blog\/wp-content\/uploads\/2020\/06\/cropped-LOGO-DICODUSPORT-2020-SANS-FOND-SANS-TEXTE.png\",\"contentUrl\":\"https:\/\/dicodusport.fr\/blog\/wp-content\/uploads\/2020\/06\/cropped-LOGO-DICODUSPORT-2020-SANS-FOND-SANS-TEXTE.png\",\"width\":512,\"height\":512,\"caption\":\"Dicodusport\"},\"image\":{\"@id\":\"https:\/\/dicodusport.fr\/blog\/#\/schema\/logo\/image\/\"},\"sameAs\":[\"https:\/\/www.facebook.com\/dicodusport\",\"https:\/\/x.com\/dicodusport\",\"https:\/\/www.instagram.com\/dicodusport\/\",\"https:\/\/www.youtube.com\/channel\/UC7V2KZ5sd3htJivAbA4ZG3w\"],\"description\":\"Dicodusport est l'encyclop\u00e9die de l'actualit\u00e9 sportive.\",\"email\":\"bonjour@dicodusport.fr\",\"legalName\":\"DICODUSPORT\",\"foundingDate\":\"2018-01-14\",\"vatID\":\"FR71834470973\",\"taxID\":\"83447097300043\",\"numberOfEmployees\":{\"@type\":\"QuantitativeValue\",\"minValue\":\"1\",\"maxValue\":\"10\"}},{\"@type\":\"Person\",\"@id\":\"https:\/\/dicodusport.fr\/blog\/#\/schema\/person\/627966a6cde45dbd8c5e36ac85d783da\",\"name\":\"S\u00e9bastien Gente\",\"image\":{\"@type\":\"ImageObject\",\"inLanguage\":\"fr-FR\",\"@id\":\"https:\/\/dicodusport.fr\/blog\/#\/schema\/person\/image\/\",\"url\":\"https:\/\/dicodusport.fr\/blog\/wp-content\/uploads\/2021\/09\/1510990_10205810251400683_4124423575079401707_n-150x150.jpg\",\"contentUrl\":\"https:\/\/dicodusport.fr\/blog\/wp-content\/uploads\/2021\/09\/1510990_10205810251400683_4124423575079401707_n-150x150.jpg\",\"caption\":\"S\u00e9bastien Gente\"},\"description\":\"John Stockton, Gianni Bugno, Zinedine Zidane, Steffi Graf, Frode Andresen, St\u00e9phane Stoecklin, Davis Kamoga, Primoz Peterka, Werner Schlager et Aur\u00e9lien Rougerie. Point commun entre ces sportifs? Ils m'ont fait r\u00eaver et ont berc\u00e9 mon adolescence. Je suis un fondu de sports et j'essaie de retranscrire ma passion \u00e0 travers mes articles. Originaire du P\u00e9rigord, ma passion pour les Girondins, les Jaunards et les Jazzmen transpire dans mes \u00e9crits. \u00c0 Dicodusport depuis 2021, je d\u00e9niche les sports m\u00e9connus dans lesquels la France brille, et il y en a !\",\"sameAs\":[\"https:\/\/www.facebook.com\/sebastien.gente\/\",\"https:\/\/www.instagram.com\/sebgente\/\",\"https:\/\/www.linkedin.com\/in\/sbastien-gente-a29583169\/\",\"https:\/\/x.com\/https:\/\/twitter.com\/globulo24\",\"SebastienGente\"],\"worksFor\":\"S\u00e9bastien GENTE\",\"url\":\"https:\/\/dicodusport.fr\/blog\/author\/sebastiengente\/\"}]}<\/script>\n<!-- \/ Yoast SEO Premium plugin. -->","yoast_head_json":{"title":"ATP Gen\u00e8ve : Le titre en double pour Sadio Doumbia et Fabien Reboul !","description":"TOURNOI ATP 250 DE GEN\u00c8VE 2025 - \u00c0 la veille de Roland-Garros, Sadio Doumbia et Fabien Reboul ont remport\u00e9 un cinqui\u00e8me titre en carri\u00e8re en Suisse.","robots":{"index":"index","follow":"follow","max-snippet":"max-snippet:-1","max-image-preview":"max-image-preview:large","max-video-preview":"max-video-preview:-1"},"canonical":"https:\/\/dicodusport.fr\/blog\/atp-geneve-le-titre-en-double-pour-sadio-doumbia-et-fabien-reboul\/","og_locale":"fr_FR","og_type":"article","og_title":"ATP Gen\u00e8ve : Le titre en double pour Sadio Doumbia et Fabien Reboul !","og_description":"TOURNOI ATP 250 DE GEN\u00c8VE 2025 - \u00c0 la veille de Roland-Garros, Sadio Doumbia et Fabien Reboul ont remport\u00e9 un cinqui\u00e8me titre en carri\u00e8re en Suisse.","og_url":"https:\/\/dicodusport.fr\/blog\/atp-geneve-le-titre-en-double-pour-sadio-doumbia-et-fabien-reboul\/","og_site_name":"Dicodusport","article_publisher":"https:\/\/www.facebook.com\/dicodusport","article_author":"https:\/\/www.facebook.com\/sebastien.gente\/","article_published_time":"2025-05-24T12:37:48+00:00","article_modified_time":"2025-05-24T23:52:36+00:00","og_image":[{"width":1200,"height":674,"url":"https:\/\/dicodusport.fr\/blog\/wp-content\/uploads\/2025\/05\/ATP-Geneve-Le-titre-en-double-pour-Sadio-Doumbia-et-Fabien-Reboul-.png","type":"image\/png"}],"author":"S\u00e9bastien Gente","twitter_card":"summary_large_image","twitter_title":"ATP Gen\u00e8ve : Le titre en double pour Sadio Doumbia et Fabien Reboul !","twitter_creator":"@https:\/\/twitter.com\/globulo24","twitter_site":"@dicodusport","schema":{"@context":"https:\/\/schema.org","@graph":[{"@type":"NewsArticle","@id":"https:\/\/dicodusport.fr\/blog\/atp-geneve-le-titre-en-double-pour-sadio-doumbia-et-fabien-reboul\/#article","isPartOf":{"@id":"https:\/\/dicodusport.fr\/blog\/atp-geneve-le-titre-en-double-pour-sadio-doumbia-et-fabien-reboul\/"},"author":{"name":"S\u00e9bastien Gente","@id":"https:\/\/dicodusport.fr\/blog\/#\/schema\/person\/627966a6cde45dbd8c5e36ac85d783da"},"headline":"ATP Gen\u00e8ve : Le titre en double pour Sadio Doumbia et Fabien Reboul !","datePublished":"2025-05-24T12:37:48+00:00","dateModified":"2025-05-24T23:52:36+00:00","mainEntityOfPage":{"@id":"https:\/\/dicodusport.fr\/blog\/atp-geneve-le-titre-en-double-pour-sadio-doumbia-et-fabien-reboul\/"},"wordCount":220,"commentCount":0,"publisher":{"@id":"https:\/\/dicodusport.fr\/blog\/#organization"},"image":{"@id":"https:\/\/dicodusport.fr\/blog\/atp-geneve-le-titre-en-double-pour-sadio-doumbia-et-fabien-reboul\/#primaryimage"},"thumbnailUrl":"https:\/\/dicodusport.fr\/blog\/wp-content\/uploads\/2025\/05\/ATP-Geneve-Le-titre-en-double-pour-Sadio-Doumbia-et-Fabien-Reboul-.png","keywords":["br\u00e8ve","Fabien Reboul"],"articleSection":["Tennis"],"inLanguage":"fr-FR","potentialAction":[{"@type":"CommentAction","name":"Comment","target":["https:\/\/dicodusport.fr\/blog\/atp-geneve-le-titre-en-double-pour-sadio-doumbia-et-fabien-reboul\/#respond"]}],"copyrightYear":"2025","copyrightHolder":{"@id":"https:\/\/dicodusport.fr\/blog\/#organization"}},{"@type":"WebPage","@id":"https:\/\/dicodusport.fr\/blog\/atp-geneve-le-titre-en-double-pour-sadio-doumbia-et-fabien-reboul\/","url":"https:\/\/dicodusport.fr\/blog\/atp-geneve-le-titre-en-double-pour-sadio-doumbia-et-fabien-reboul\/","name":"ATP Gen\u00e8ve : Le titre en double pour Sadio Doumbia et Fabien Reboul !","isPartOf":{"@id":"https:\/\/dicodusport.fr\/blog\/#website"},"primaryImageOfPage":{"@id":"https:\/\/dicodusport.fr\/blog\/atp-geneve-le-titre-en-double-pour-sadio-doumbia-et-fabien-reboul\/#primaryimage"},"image":{"@id":"https:\/\/dicodusport.fr\/blog\/atp-geneve-le-titre-en-double-pour-sadio-doumbia-et-fabien-reboul\/#primaryimage"},"thumbnailUrl":"https:\/\/dicodusport.fr\/blog\/wp-content\/uploads\/2025\/05\/ATP-Geneve-Le-titre-en-double-pour-Sadio-Doumbia-et-Fabien-Reboul-.png","datePublished":"2025-05-24T12:37:48+00:00","dateModified":"2025-05-24T23:52:36+00:00","description":"TOURNOI ATP 250 DE GEN\u00c8VE 2025 - \u00c0 la veille de Roland-Garros, Sadio Doumbia et Fabien Reboul ont remport\u00e9 un cinqui\u00e8me titre en carri\u00e8re en Suisse.","breadcrumb":{"@id":"https:\/\/dicodusport.fr\/blog\/atp-geneve-le-titre-en-double-pour-sadio-doumbia-et-fabien-reboul\/#breadcrumb"},"inLanguage":"fr-FR","potentialAction":[{"@type":"ReadAction","target":["https:\/\/dicodusport.fr\/blog\/atp-geneve-le-titre-en-double-pour-sadio-doumbia-et-fabien-reboul\/"]}]},{"@type":"ImageObject","inLanguage":"fr-FR","@id":"https:\/\/dicodusport.fr\/blog\/atp-geneve-le-titre-en-double-pour-sadio-doumbia-et-fabien-reboul\/#primaryimage","url":"https:\/\/dicodusport.fr\/blog\/wp-content\/uploads\/2025\/05\/ATP-Geneve-Le-titre-en-double-pour-Sadio-Doumbia-et-Fabien-Reboul-.png","contentUrl":"https:\/\/dicodusport.fr\/blog\/wp-content\/uploads\/2025\/05\/ATP-Geneve-Le-titre-en-double-pour-Sadio-Doumbia-et-Fabien-Reboul-.png","width":1200,"height":674,"caption":"ATP Gen\u00e8ve Le titre en double pour Sadio Doumbia et Fabien Reboul !"},{"@type":"BreadcrumbList","@id":"https:\/\/dicodusport.fr\/blog\/atp-geneve-le-titre-en-double-pour-sadio-doumbia-et-fabien-reboul\/#breadcrumb","itemListElement":[{"@type":"ListItem","position":1,"name":"Accueil","item":"https:\/\/dicodusport.fr\/blog\/"},{"@type":"ListItem","position":2,"name":"ATP Gen\u00e8ve : Le titre en double pour Sadio Doumbia et Fabien Reboul !"}]},{"@type":"WebSite","@id":"https:\/\/dicodusport.fr\/blog\/#website","url":"https:\/\/dicodusport.fr\/blog\/","name":"Dicodusport","description":"L&#039;encyclop\u00e9die de l&#039;actualit\u00e9 sportive","publisher":{"@id":"https:\/\/dicodusport.fr\/blog\/#organization"},"potentialAction":[{"@type":"SearchAction","target":{"@type":"EntryPoint","urlTemplate":"https:\/\/dicodusport.fr\/blog\/?s={search_term_string}"},"query-input":{"@type":"PropertyValueSpecification","valueRequired":true,"valueName":"search_term_string"}}],"inLanguage":"fr-FR"},{"@type":"NewsMediaOrganization","@id":"https:\/\/dicodusport.fr\/blog\/#organization","name":"Dicodusport","url":"https:\/\/dicodusport.fr\/blog\/","logo":{"@type":"ImageObject","inLanguage":"fr-FR","@id":"https:\/\/dicodusport.fr\/blog\/#\/schema\/logo\/image\/","url":"https:\/\/dicodusport.fr\/blog\/wp-content\/uploads\/2020\/06\/cropped-LOGO-DICODUSPORT-2020-SANS-FOND-SANS-TEXTE.png","contentUrl":"https:\/\/dicodusport.fr\/blog\/wp-content\/uploads\/2020\/06\/cropped-LOGO-DICODUSPORT-2020-SANS-FOND-SANS-TEXTE.png","width":512,"height":512,"caption":"Dicodusport"},"image":{"@id":"https:\/\/dicodusport.fr\/blog\/#\/schema\/logo\/image\/"},"sameAs":["https:\/\/www.facebook.com\/dicodusport","https:\/\/x.com\/dicodusport","https:\/\/www.instagram.com\/dicodusport\/","https:\/\/www.youtube.com\/channel\/UC7V2KZ5sd3htJivAbA4ZG3w"],"description":"Dicodusport est l'encyclop\u00e9die de l'actualit\u00e9 sportive.","email":"bonjour@dicodusport.fr","legalName":"DICODUSPORT","foundingDate":"2018-01-14","vatID":"FR71834470973","taxID":"83447097300043","numberOfEmployees":{"@type":"QuantitativeValue","minValue":"1","maxValue":"10"}},{"@type":"Person","@id":"https:\/\/dicodusport.fr\/blog\/#\/schema\/person\/627966a6cde45dbd8c5e36ac85d783da","name":"S\u00e9bastien Gente","image":{"@type":"ImageObject","inLanguage":"fr-FR","@id":"https:\/\/dicodusport.fr\/blog\/#\/schema\/person\/image\/","url":"https:\/\/dicodusport.fr\/blog\/wp-content\/uploads\/2021\/09\/1510990_10205810251400683_4124423575079401707_n-150x150.jpg","contentUrl":"https:\/\/dicodusport.fr\/blog\/wp-content\/uploads\/2021\/09\/1510990_10205810251400683_4124423575079401707_n-150x150.jpg","caption":"S\u00e9bastien Gente"},"description":"John Stockton, Gianni Bugno, Zinedine Zidane, Steffi Graf, Frode Andresen, St\u00e9phane Stoecklin, Davis Kamoga, Primoz Peterka, Werner Schlager et Aur\u00e9lien Rougerie. Point commun entre ces sportifs? Ils m'ont fait r\u00eaver et ont berc\u00e9 mon adolescence. Je suis un fondu de sports et j'essaie de retranscrire ma passion \u00e0 travers mes articles. Originaire du P\u00e9rigord, ma passion pour les Girondins, les Jaunards et les Jazzmen transpire dans mes \u00e9crits. \u00c0 Dicodusport depuis 2021, je d\u00e9niche les sports m\u00e9connus dans lesquels la France brille, et il y en a !","sameAs":["https:\/\/www.facebook.com\/sebastien.gente\/","https:\/\/www.instagram.com\/sebgente\/","https:\/\/www.linkedin.com\/in\/sbastien-gente-a29583169\/","https:\/\/x.com\/https:\/\/twitter.com\/globulo24","SebastienGente"],"worksFor":"S\u00e9bastien GENTE","url":"https:\/\/dicodusport.fr\/blog\/author\/sebastiengente\/"}]}},"_links":{"self":[{"href":"https:\/\/dicodusport.fr\/blog\/wp-json\/wp\/v2\/posts\/581506","targetHints":{"allow":["GET"]}}],"collection":[{"href":"https:\/\/dicodusport.fr\/blog\/wp-json\/wp\/v2\/posts"}],"about":[{"href":"https:\/\/dicodusport.fr\/blog\/wp-json\/wp\/v2\/types\/post"}],"author":[{"embeddable":true,"href":"https:\/\/dicodusport.fr\/blog\/wp-json\/wp\/v2\/users\/59"}],"replies":[{"embeddable":true,"href":"https:\/\/dicodusport.fr\/blog\/wp-json\/wp\/v2\/comments?post=581506"}],"version-history":[{"count":4,"href":"https:\/\/dicodusport.fr\/blog\/wp-json\/wp\/v2\/posts\/581506\/revisions"}],"predecessor-version":[{"id":581670,"href":"https:\/\/dicodusport.fr\/blog\/wp-json\/wp\/v2\/posts\/581506\/revisions\/581670"}],"wp:featuredmedia":[{"embeddable":true,"href":"https:\/\/dicodusport.fr\/blog\/wp-json\/wp\/v2\/media\/581507"}],"wp:attachment":[{"href":"https:\/\/dicodusport.fr\/blog\/wp-json\/wp\/v2\/media?parent=581506"}],"wp:term":[{"taxonomy":"category","embeddable":true,"href":"https:\/\/dicodusport.fr\/blog\/wp-json\/wp\/v2\/categories?post=581506"},{"taxonomy":"post_tag","embeddable":true,"href":"https:\/\/dicodusport.fr\/blog\/wp-json\/wp\/v2\/tags?post=581506"}],"curies":[{"name":"wp","href":"https:\/\/api.w.org\/{rel}","templated":true}]}}