{"id":581746,"date":"2025-05-25T13:30:21","date_gmt":"2025-05-25T11:30:21","guid":{"rendered":"https:\/\/dicodusport.fr\/blog\/?p=581746&#038;preview=true&#038;preview_id=581746"},"modified":"2025-05-26T09:10:10","modified_gmt":"2025-05-26T07:10:10","slug":"vtt-xco-nove-mesto-2025-intouchable-christophe-blevins-fait-le-double-en-republique-tcheque","status":"publish","type":"post","link":"https:\/\/dicodusport.fr\/blog\/vtt-xco-nove-mesto-2025-intouchable-christophe-blevins-fait-le-double-en-republique-tcheque\/","title":{"rendered":"VTT XCO Nove Mesto 2025 : Intouchable, Christophe Blevins fait le doubl\u00e9 en R\u00e9publique Tch\u00e8que"},"content":{"rendered":"<p style=\"text-align: justify;\"><b><i>COUPE DU MONDE DE VTT 2025 &#8211; Au-dessus du lot, l&rsquo;Am\u00e9ricain Christopher Blevins (Specialized) r\u00e9alise le doubl\u00e9 XCC-XCO ce dimanche, \u00e0 Nove Mesto (R\u00e9publique Tch\u00e8que). Son cinqui\u00e8me succ\u00e8s en six courses de Coupe du monde cette saison.<\/i><\/b><\/p>\n<ul>\n<li style=\"text-align: justify;\"><strong>\u00c0 ce sujet &#8211; <a href=\"https:\/\/dicodusport.fr\/blog\/vtt-xco-nove-mesto-2025-classement-course-hommes\/\">VTT XCO Nove Mesto 2025 : Classement Course hommes<\/a><\/strong><\/li>\n<\/ul>\n<p style=\"text-align: justify;\">Il ne laisse que quelques miettes \u00e0 la concurrence. Ce dimanche, sur le site de <strong>Nove Mesto<\/strong>, en R\u00e9publique Tch\u00e8que, <strong>Christopher Blevins<\/strong> (Specialized) a rafl\u00e9 la mise, sur l&rsquo;\u00e9preuve XCO. <a href=\"https:\/\/dicodusport.fr\/blog\/vtt-xcc-nove-mesto-2025-christopher-blevins-devance-dun-souffle-victor-koretzky\/\">D\u00e9j\u00e0 vainqueur sur le format court la veille<\/a>, l&rsquo;Am\u00e9ricain de 27 ans a forc\u00e9 la d\u00e9cision dans le sixi\u00e8me des huit tours de la course du jour. Avec patience, il est all\u00e9 d\u00e9crocher un cinqui\u00e8me succ\u00e8s cette saison en Coupe du monde, XCC et XCO confondus. Seul le cross-country olympique de la premi\u00e8re manche \u00e0 <strong>Araxa<\/strong> (Br\u00e9sil), glan\u00e9 par son co\u00e9quipier <strong>Victor Koretzky<\/strong>, lui a \u00e9chapp\u00e9 jusqu&rsquo;ici.<\/p>\n<p style=\"text-align: justify;\">Le Fran\u00e7ais, justement, termine au pied du podium ce dimanche. Battu, dans un sprint disput\u00e9, par son compatriote <strong>Mathis Azzaro<\/strong> (Origine Racing Division), excellent deuxi\u00e8me, et le Suisse <strong>Lars Forster<\/strong> (Th\u00f6mus Maxon), qui prend la derni\u00e8re place sur le podium du jour. Mais ce week-end \u00e9tait \u00e9galement marqu\u00e9 par le retour d&rsquo;un certain <strong>Mathieu van der Poel<\/strong> (Alpecin-Deceuninck) en VTT. Un comeback qui a vite tourn\u00e9 au vinaigre.<\/p>\n<blockquote class=\"twitter-tweet\">\n<p dir=\"ltr\" lang=\"fr\">L\u2019Am\u00e9ricain Christopher Blevins s\u2019impose \u00e0 Nove Mesto ! Mais quel finish du Fran\u00e7ais Mathis Azzaro qui d\u00e9croche au sprint la 2e place de cette manche de Coupe du monde de cross-country. Son compatriote Victor Koretzky termine 4e <a href=\"https:\/\/twitter.com\/hashtag\/lequipeVTT?src=hash&amp;ref_src=twsrc%5Etfw\">#lequipeVTT<\/a> <a href=\"https:\/\/t.co\/HsD2HnXIxN\">pic.twitter.com\/HsD2HnXIxN<\/a><\/p>\n<p>\u2014 la chaine L&rsquo;\u00c9quipe (@lachainelequipe) <a href=\"https:\/\/twitter.com\/lachainelequipe\/status\/1926602124995047833?ref_src=twsrc%5Etfw\">May 25, 2025<\/a><\/p><\/blockquote>\n<p><script async src=\"https:\/\/platform.twitter.com\/widgets.js\" charset=\"utf-8\"><\/script><\/p>\n<h2 style=\"text-align: justify;\">Le cauchemar pour Mathieu van der Poel<\/h2>\n<p style=\"text-align: justify;\">Et c&rsquo;est peu de le dire. S&rsquo;il a brill\u00e9 au printemps sur route, avec des succ\u00e8s de prestige sur <a href=\"https:\/\/dicodusport.fr\/blog\/milan-san-remo-2025-classement-et-resultats\/\">Milan-San Remo<\/a> et <a href=\"https:\/\/dicodusport.fr\/blog\/paris-roubaix-2025-classement-et-resultats\/\">Paris-Roubaix<\/a>, <a href=\"https:\/\/dicodusport.fr\/blog\/video-mathieu-van-der-poel-chute-lourdement-en-vtt-faut-il-sinquieter-pour-le-tour\/\"><strong>Mathieu van der Poel<\/strong> a sombr\u00e9 pour son retour en <strong>VTT<\/strong><\/a>. Au d\u00e9part d&rsquo;abord, en se montrant trop impatient dans la premi\u00e8re mont\u00e9e du trac\u00e9 tch\u00e8que. S&rsquo;accrochant avec l&rsquo;Espagnol <strong>David Valero<\/strong>. R\u00e9sultat, une premi\u00e8re chute, le repoussant alors au-del\u00e0 de la 60\u00e8me position.<\/p>\n<p style=\"text-align: justify;\">Un premier tour d\u00e9cid\u00e9ment compliqu\u00e9 pour le N\u00e9erlandais, puisqu&rsquo;\u00e0 nouveau, il a chut\u00e9, cette fois de fa\u00e7on plus violente, avec un soleil, t\u00eate la premi\u00e8re au sol. Reparti en avant-derni\u00e8re position, <strong>Mathieu van der Poel<\/strong> a finalement b\u00e2ch\u00e9 dans le troisi\u00e8me tour. Avec un seul enseignement \u00e0 tirer pour lui : il y a du boulot ! En esp\u00e9rant que ses deux chutes n&rsquo;auront pas de cons\u00e9quences physiques.<\/p>\n<blockquote class=\"twitter-tweet\">\n<p dir=\"ltr\" lang=\"fr\">La double chute pour Mathieu van der Poel en tout d\u00e9but de course \u00e0 Nove Mesto <a href=\"https:\/\/twitter.com\/hashtag\/MTBWorldCup?src=hash&amp;ref_src=twsrc%5Etfw\">#MTBWorldCup<\/a> <a href=\"https:\/\/t.co\/zI5Yx4whm8\">pic.twitter.com\/zI5Yx4whm8<\/a><\/p>\n<p>\u2014 Eurosport France (@Eurosport_FR) <a href=\"https:\/\/twitter.com\/Eurosport_FR\/status\/1926586825369419929?ref_src=twsrc%5Etfw\">May 25, 2025<\/a><\/p><\/blockquote>\n<p><script async src=\"https:\/\/platform.twitter.com\/widgets.js\" charset=\"utf-8\"><\/script><\/p>\n<ul style=\"text-align: justify;\">\n<li style=\"text-align: justify;\"><strong>\u00c0 ce sujet &#8211; <a href=\"https:\/\/dicodusport.fr\/blog\/coupe-du-monde-vtt-cross-country-2025-calendrier-et-resultats-a-jour\/\">Coupe du monde VTT Cross-Country 2025 : Calendrier et R\u00e9sultats \u00e0 Jour<\/a><\/strong><\/li>\n<\/ul>\n<ul style=\"text-align: justify;\">\n<li style=\"text-align: justify;\"><strong>\u00c0 ce sujet &#8211; <\/strong><a href=\"https:\/\/dicodusport.fr\/blog\/coupe-du-monde-vtt-2025-classement-general-masculin-en-cross-country\/\"><strong>Coupe du monde VTT 2025 : Classement G\u00e9n\u00e9ral Masculin en Cross-country<\/strong><\/a><\/li>\n<\/ul>\n<p style=\"text-align: justify;\">\n","protected":false},"excerpt":{"rendered":"<p>Au-dessus du lot, l&rsquo;Am\u00e9ricain Christopher Blevins (Specialized) r\u00e9alise le doubl\u00e9 XCC-XCO ce dimanche, \u00e0 Nove Mesto (R\u00e9publique Tch\u00e8que). Son cinqui\u00e8me succ\u00e8s en six courses de Coupe du monde cette saison.<\/p>\n","protected":false},"author":4,"featured_media":581895,"comment_status":"open","ping_status":"closed","sticky":false,"template":"","format":"standard","meta":{"_acf_changed":false,"_daextam_enable_autolinks":"1","footnotes":""},"categories":[10279],"tags":[16878,11873,692],"class_list":["post-581746","post","type-post","status-publish","format-standard","has-post-thumbnail","hentry","category-vtt","tag-breve","tag-coupe-du-monde-de-vtt","tag-vtt"],"acf":[],"yoast_head":"<!-- This site is optimized with the Yoast SEO Premium plugin v26.7 (Yoast SEO v26.7) - https:\/\/yoast.com\/wordpress\/plugins\/seo\/ -->\n<title>VTT XCO Nove Mesto 2025 : Intouchable, Christophe Blevins fait le doubl\u00e9 en R\u00e9publique Tch\u00e8que<\/title>\n<meta name=\"description\" content=\"Au-dessus du lot, l&#039;Am\u00e9ricain Christopher Blevins (Specialized) r\u00e9alise le doubl\u00e9 XCC-XCO ce dimanche, \u00e0 Nove Mesto (R\u00e9publique Tch\u00e8que).\" \/>\n<meta name=\"robots\" content=\"index, follow, max-snippet:-1, max-image-preview:large, max-video-preview:-1\" \/>\n<link rel=\"canonical\" href=\"https:\/\/dicodusport.fr\/blog\/vtt-xco-nove-mesto-2025-intouchable-christophe-blevins-fait-le-double-en-republique-tcheque\/\" \/>\n<meta property=\"og:locale\" content=\"fr_FR\" \/>\n<meta property=\"og:type\" content=\"article\" \/>\n<meta property=\"og:title\" content=\"VTT XCO Nove Mesto 2025 : Intouchable, Christophe Blevins fait le doubl\u00e9 en R\u00e9publique Tch\u00e8que\" \/>\n<meta property=\"og:description\" content=\"Au-dessus du lot, l&#039;Am\u00e9ricain Christopher Blevins (Specialized) r\u00e9alise le doubl\u00e9 XCC-XCO ce dimanche, \u00e0 Nove Mesto (R\u00e9publique Tch\u00e8que).\" \/>\n<meta property=\"og:url\" content=\"https:\/\/dicodusport.fr\/blog\/vtt-xco-nove-mesto-2025-intouchable-christophe-blevins-fait-le-double-en-republique-tcheque\/\" \/>\n<meta property=\"og:site_name\" content=\"Dicodusport\" \/>\n<meta property=\"article:publisher\" content=\"https:\/\/www.facebook.com\/dicodusport\" \/>\n<meta property=\"article:author\" content=\"https:\/\/www.facebook.com\/florent.ostermann\" \/>\n<meta property=\"article:published_time\" content=\"2025-05-25T11:30:21+00:00\" \/>\n<meta property=\"article:modified_time\" content=\"2025-05-26T07:10:10+00:00\" \/>\n<meta property=\"og:image\" content=\"https:\/\/dicodusport.fr\/blog\/wp-content\/uploads\/2025\/05\/VTT-XCO-Nove-Mesto-2025-Intouchable-Christophe-Blevins-fait-le-double-en-Republique-Tcheque-1.png\" \/>\n\t<meta property=\"og:image:width\" content=\"1200\" \/>\n\t<meta property=\"og:image:height\" content=\"674\" \/>\n\t<meta property=\"og:image:type\" content=\"image\/png\" \/>\n<meta name=\"author\" content=\"Flo Ostermann\" \/>\n<meta name=\"twitter:card\" content=\"summary_large_image\" \/>\n<meta name=\"twitter:title\" content=\"VTT XCO Nove Mesto 2025 : Intouchable, Christophe Blevins fait le doubl\u00e9 en R\u00e9publique Tch\u00e8que\" \/>\n<meta name=\"twitter:creator\" content=\"@https:\/\/twitter.com\/FlOstermann\" \/>\n<meta name=\"twitter:site\" content=\"@dicodusport\" \/>\n<script type=\"application\/ld+json\" class=\"yoast-schema-graph\">{\"@context\":\"https:\/\/schema.org\",\"@graph\":[{\"@type\":\"NewsArticle\",\"@id\":\"https:\/\/dicodusport.fr\/blog\/vtt-xco-nove-mesto-2025-intouchable-christophe-blevins-fait-le-double-en-republique-tcheque\/#article\",\"isPartOf\":{\"@id\":\"https:\/\/dicodusport.fr\/blog\/vtt-xco-nove-mesto-2025-intouchable-christophe-blevins-fait-le-double-en-republique-tcheque\/\"},\"author\":{\"name\":\"Flo Ostermann\",\"@id\":\"https:\/\/dicodusport.fr\/blog\/#\/schema\/person\/cb02af4c173ce4a653b55e9baf388d4a\"},\"headline\":\"VTT XCO Nove Mesto 2025 : Intouchable, Christophe Blevins fait le doubl\u00e9 en R\u00e9publique Tch\u00e8que\",\"datePublished\":\"2025-05-25T11:30:21+00:00\",\"dateModified\":\"2025-05-26T07:10:10+00:00\",\"mainEntityOfPage\":{\"@id\":\"https:\/\/dicodusport.fr\/blog\/vtt-xco-nove-mesto-2025-intouchable-christophe-blevins-fait-le-double-en-republique-tcheque\/\"},\"wordCount\":518,\"commentCount\":0,\"publisher\":{\"@id\":\"https:\/\/dicodusport.fr\/blog\/#organization\"},\"image\":{\"@id\":\"https:\/\/dicodusport.fr\/blog\/vtt-xco-nove-mesto-2025-intouchable-christophe-blevins-fait-le-double-en-republique-tcheque\/#primaryimage\"},\"thumbnailUrl\":\"https:\/\/dicodusport.fr\/blog\/wp-content\/uploads\/2025\/05\/VTT-XCO-Nove-Mesto-2025-Intouchable-Christophe-Blevins-fait-le-double-en-Republique-Tcheque-1.png\",\"keywords\":[\"br\u00e8ve\",\"Coupe du monde de VTT\",\"VTT\"],\"articleSection\":[\"VTT\"],\"inLanguage\":\"fr-FR\",\"potentialAction\":[{\"@type\":\"CommentAction\",\"name\":\"Comment\",\"target\":[\"https:\/\/dicodusport.fr\/blog\/vtt-xco-nove-mesto-2025-intouchable-christophe-blevins-fait-le-double-en-republique-tcheque\/#respond\"]}],\"copyrightYear\":\"2025\",\"copyrightHolder\":{\"@id\":\"https:\/\/dicodusport.fr\/blog\/#organization\"}},{\"@type\":\"WebPage\",\"@id\":\"https:\/\/dicodusport.fr\/blog\/vtt-xco-nove-mesto-2025-intouchable-christophe-blevins-fait-le-double-en-republique-tcheque\/\",\"url\":\"https:\/\/dicodusport.fr\/blog\/vtt-xco-nove-mesto-2025-intouchable-christophe-blevins-fait-le-double-en-republique-tcheque\/\",\"name\":\"VTT XCO Nove Mesto 2025 : Intouchable, Christophe Blevins fait le doubl\u00e9 en R\u00e9publique Tch\u00e8que\",\"isPartOf\":{\"@id\":\"https:\/\/dicodusport.fr\/blog\/#website\"},\"primaryImageOfPage\":{\"@id\":\"https:\/\/dicodusport.fr\/blog\/vtt-xco-nove-mesto-2025-intouchable-christophe-blevins-fait-le-double-en-republique-tcheque\/#primaryimage\"},\"image\":{\"@id\":\"https:\/\/dicodusport.fr\/blog\/vtt-xco-nove-mesto-2025-intouchable-christophe-blevins-fait-le-double-en-republique-tcheque\/#primaryimage\"},\"thumbnailUrl\":\"https:\/\/dicodusport.fr\/blog\/wp-content\/uploads\/2025\/05\/VTT-XCO-Nove-Mesto-2025-Intouchable-Christophe-Blevins-fait-le-double-en-Republique-Tcheque-1.png\",\"datePublished\":\"2025-05-25T11:30:21+00:00\",\"dateModified\":\"2025-05-26T07:10:10+00:00\",\"description\":\"Au-dessus du lot, l'Am\u00e9ricain Christopher Blevins (Specialized) r\u00e9alise le doubl\u00e9 XCC-XCO ce dimanche, \u00e0 Nove Mesto (R\u00e9publique Tch\u00e8que).\",\"breadcrumb\":{\"@id\":\"https:\/\/dicodusport.fr\/blog\/vtt-xco-nove-mesto-2025-intouchable-christophe-blevins-fait-le-double-en-republique-tcheque\/#breadcrumb\"},\"inLanguage\":\"fr-FR\",\"potentialAction\":[{\"@type\":\"ReadAction\",\"target\":[\"https:\/\/dicodusport.fr\/blog\/vtt-xco-nove-mesto-2025-intouchable-christophe-blevins-fait-le-double-en-republique-tcheque\/\"]}]},{\"@type\":\"ImageObject\",\"inLanguage\":\"fr-FR\",\"@id\":\"https:\/\/dicodusport.fr\/blog\/vtt-xco-nove-mesto-2025-intouchable-christophe-blevins-fait-le-double-en-republique-tcheque\/#primaryimage\",\"url\":\"https:\/\/dicodusport.fr\/blog\/wp-content\/uploads\/2025\/05\/VTT-XCO-Nove-Mesto-2025-Intouchable-Christophe-Blevins-fait-le-double-en-Republique-Tcheque-1.png\",\"contentUrl\":\"https:\/\/dicodusport.fr\/blog\/wp-content\/uploads\/2025\/05\/VTT-XCO-Nove-Mesto-2025-Intouchable-Christophe-Blevins-fait-le-double-en-Republique-Tcheque-1.png\",\"width\":1200,\"height\":674,\"caption\":\"VTT XCO Nove Mesto 2025 Intouchable, Christophe Blevins fait le doubl\u00e9 en R\u00e9publique Tch\u00e8que\"},{\"@type\":\"BreadcrumbList\",\"@id\":\"https:\/\/dicodusport.fr\/blog\/vtt-xco-nove-mesto-2025-intouchable-christophe-blevins-fait-le-double-en-republique-tcheque\/#breadcrumb\",\"itemListElement\":[{\"@type\":\"ListItem\",\"position\":1,\"name\":\"Accueil\",\"item\":\"https:\/\/dicodusport.fr\/blog\/\"},{\"@type\":\"ListItem\",\"position\":2,\"name\":\"VTT XCO Nove Mesto 2025 : Intouchable, Christophe Blevins fait le doubl\u00e9 en R\u00e9publique Tch\u00e8que\"}]},{\"@type\":\"WebSite\",\"@id\":\"https:\/\/dicodusport.fr\/blog\/#website\",\"url\":\"https:\/\/dicodusport.fr\/blog\/\",\"name\":\"Dicodusport\",\"description\":\"L&#039;encyclop\u00e9die de l&#039;actualit\u00e9 sportive\",\"publisher\":{\"@id\":\"https:\/\/dicodusport.fr\/blog\/#organization\"},\"potentialAction\":[{\"@type\":\"SearchAction\",\"target\":{\"@type\":\"EntryPoint\",\"urlTemplate\":\"https:\/\/dicodusport.fr\/blog\/?s={search_term_string}\"},\"query-input\":{\"@type\":\"PropertyValueSpecification\",\"valueRequired\":true,\"valueName\":\"search_term_string\"}}],\"inLanguage\":\"fr-FR\"},{\"@type\":\"NewsMediaOrganization\",\"@id\":\"https:\/\/dicodusport.fr\/blog\/#organization\",\"name\":\"Dicodusport\",\"url\":\"https:\/\/dicodusport.fr\/blog\/\",\"logo\":{\"@type\":\"ImageObject\",\"inLanguage\":\"fr-FR\",\"@id\":\"https:\/\/dicodusport.fr\/blog\/#\/schema\/logo\/image\/\",\"url\":\"https:\/\/dicodusport.fr\/blog\/wp-content\/uploads\/2020\/06\/cropped-LOGO-DICODUSPORT-2020-SANS-FOND-SANS-TEXTE.png\",\"contentUrl\":\"https:\/\/dicodusport.fr\/blog\/wp-content\/uploads\/2020\/06\/cropped-LOGO-DICODUSPORT-2020-SANS-FOND-SANS-TEXTE.png\",\"width\":512,\"height\":512,\"caption\":\"Dicodusport\"},\"image\":{\"@id\":\"https:\/\/dicodusport.fr\/blog\/#\/schema\/logo\/image\/\"},\"sameAs\":[\"https:\/\/www.facebook.com\/dicodusport\",\"https:\/\/x.com\/dicodusport\",\"https:\/\/www.instagram.com\/dicodusport\/\",\"https:\/\/www.youtube.com\/channel\/UC7V2KZ5sd3htJivAbA4ZG3w\"],\"description\":\"Dicodusport est l'encyclop\u00e9die de l'actualit\u00e9 sportive.\",\"email\":\"bonjour@dicodusport.fr\",\"legalName\":\"DICODUSPORT\",\"foundingDate\":\"2018-01-14\",\"vatID\":\"FR71834470973\",\"taxID\":\"83447097300043\",\"numberOfEmployees\":{\"@type\":\"QuantitativeValue\",\"minValue\":\"1\",\"maxValue\":\"10\"}},{\"@type\":\"Person\",\"@id\":\"https:\/\/dicodusport.fr\/blog\/#\/schema\/person\/cb02af4c173ce4a653b55e9baf388d4a\",\"name\":\"Flo Ostermann\",\"image\":{\"@type\":\"ImageObject\",\"inLanguage\":\"fr-FR\",\"@id\":\"https:\/\/dicodusport.fr\/blog\/#\/schema\/person\/image\/\",\"url\":\"https:\/\/dicodusport.fr\/blog\/wp-content\/uploads\/2021\/05\/Flo-Ostermann-150x150.jpg\",\"contentUrl\":\"https:\/\/dicodusport.fr\/blog\/wp-content\/uploads\/2021\/05\/Flo-Ostermann-150x150.jpg\",\"caption\":\"Flo Ostermann\"},\"description\":\"Journaliste\/R\u00e9dacteur depuis septembre 2015 - Mes premiers souvenirs dans le sport ? Les envol\u00e9es du Stade Toulousain et les duels Villeneuve-Schumacher et H\u00e4kkinen-Schumacher \u00e0 la fin des ann\u00e9es 90, la Coupe du monde de football en 1998, l\u2019exploit du XV de France face aux All Blacks en 1999, mais aussi Richard C\u0153ur de Lion qui vole sur les montagnes du Tour de France. Bien parti pour devenir professeur d\u2019EPS, les \u00e9v\u00e9nements de la vie (et la flemme d\u2019animer des s\u00e9ances de 3x500 m\u00e8tres toute ma vie) m\u2019ont conduit \u00e0 revoir mes plans. Me voil\u00e0 depuis fin 2017 sur Dicodusport, m\u00e9dia gr\u00e2ce (et pour) lequel je partage ma passion : le sport dans tous ses \u00e9tats. Le tout accompagn\u00e9 par les fous furieux et folles furieuses cit\u00e9s sur cette page !\",\"sameAs\":[\"https:\/\/www.facebook.com\/florent.ostermann\",\"https:\/\/x.com\/https:\/\/twitter.com\/FlOstermann\",\"admin\"],\"url\":\"https:\/\/dicodusport.fr\/blog\/author\/flo\/\"}]}<\/script>\n<!-- \/ Yoast SEO Premium plugin. -->","yoast_head_json":{"title":"VTT XCO Nove Mesto 2025 : Intouchable, Christophe Blevins fait le doubl\u00e9 en R\u00e9publique Tch\u00e8que","description":"Au-dessus du lot, l'Am\u00e9ricain Christopher Blevins (Specialized) r\u00e9alise le doubl\u00e9 XCC-XCO ce dimanche, \u00e0 Nove Mesto (R\u00e9publique Tch\u00e8que).","robots":{"index":"index","follow":"follow","max-snippet":"max-snippet:-1","max-image-preview":"max-image-preview:large","max-video-preview":"max-video-preview:-1"},"canonical":"https:\/\/dicodusport.fr\/blog\/vtt-xco-nove-mesto-2025-intouchable-christophe-blevins-fait-le-double-en-republique-tcheque\/","og_locale":"fr_FR","og_type":"article","og_title":"VTT XCO Nove Mesto 2025 : Intouchable, Christophe Blevins fait le doubl\u00e9 en R\u00e9publique Tch\u00e8que","og_description":"Au-dessus du lot, l'Am\u00e9ricain Christopher Blevins (Specialized) r\u00e9alise le doubl\u00e9 XCC-XCO ce dimanche, \u00e0 Nove Mesto (R\u00e9publique Tch\u00e8que).","og_url":"https:\/\/dicodusport.fr\/blog\/vtt-xco-nove-mesto-2025-intouchable-christophe-blevins-fait-le-double-en-republique-tcheque\/","og_site_name":"Dicodusport","article_publisher":"https:\/\/www.facebook.com\/dicodusport","article_author":"https:\/\/www.facebook.com\/florent.ostermann","article_published_time":"2025-05-25T11:30:21+00:00","article_modified_time":"2025-05-26T07:10:10+00:00","og_image":[{"width":1200,"height":674,"url":"https:\/\/dicodusport.fr\/blog\/wp-content\/uploads\/2025\/05\/VTT-XCO-Nove-Mesto-2025-Intouchable-Christophe-Blevins-fait-le-double-en-Republique-Tcheque-1.png","type":"image\/png"}],"author":"Flo Ostermann","twitter_card":"summary_large_image","twitter_title":"VTT XCO Nove Mesto 2025 : Intouchable, Christophe Blevins fait le doubl\u00e9 en R\u00e9publique Tch\u00e8que","twitter_creator":"@https:\/\/twitter.com\/FlOstermann","twitter_site":"@dicodusport","schema":{"@context":"https:\/\/schema.org","@graph":[{"@type":"NewsArticle","@id":"https:\/\/dicodusport.fr\/blog\/vtt-xco-nove-mesto-2025-intouchable-christophe-blevins-fait-le-double-en-republique-tcheque\/#article","isPartOf":{"@id":"https:\/\/dicodusport.fr\/blog\/vtt-xco-nove-mesto-2025-intouchable-christophe-blevins-fait-le-double-en-republique-tcheque\/"},"author":{"name":"Flo Ostermann","@id":"https:\/\/dicodusport.fr\/blog\/#\/schema\/person\/cb02af4c173ce4a653b55e9baf388d4a"},"headline":"VTT XCO Nove Mesto 2025 : Intouchable, Christophe Blevins fait le doubl\u00e9 en R\u00e9publique Tch\u00e8que","datePublished":"2025-05-25T11:30:21+00:00","dateModified":"2025-05-26T07:10:10+00:00","mainEntityOfPage":{"@id":"https:\/\/dicodusport.fr\/blog\/vtt-xco-nove-mesto-2025-intouchable-christophe-blevins-fait-le-double-en-republique-tcheque\/"},"wordCount":518,"commentCount":0,"publisher":{"@id":"https:\/\/dicodusport.fr\/blog\/#organization"},"image":{"@id":"https:\/\/dicodusport.fr\/blog\/vtt-xco-nove-mesto-2025-intouchable-christophe-blevins-fait-le-double-en-republique-tcheque\/#primaryimage"},"thumbnailUrl":"https:\/\/dicodusport.fr\/blog\/wp-content\/uploads\/2025\/05\/VTT-XCO-Nove-Mesto-2025-Intouchable-Christophe-Blevins-fait-le-double-en-Republique-Tcheque-1.png","keywords":["br\u00e8ve","Coupe du monde de VTT","VTT"],"articleSection":["VTT"],"inLanguage":"fr-FR","potentialAction":[{"@type":"CommentAction","name":"Comment","target":["https:\/\/dicodusport.fr\/blog\/vtt-xco-nove-mesto-2025-intouchable-christophe-blevins-fait-le-double-en-republique-tcheque\/#respond"]}],"copyrightYear":"2025","copyrightHolder":{"@id":"https:\/\/dicodusport.fr\/blog\/#organization"}},{"@type":"WebPage","@id":"https:\/\/dicodusport.fr\/blog\/vtt-xco-nove-mesto-2025-intouchable-christophe-blevins-fait-le-double-en-republique-tcheque\/","url":"https:\/\/dicodusport.fr\/blog\/vtt-xco-nove-mesto-2025-intouchable-christophe-blevins-fait-le-double-en-republique-tcheque\/","name":"VTT XCO Nove Mesto 2025 : Intouchable, Christophe Blevins fait le doubl\u00e9 en R\u00e9publique Tch\u00e8que","isPartOf":{"@id":"https:\/\/dicodusport.fr\/blog\/#website"},"primaryImageOfPage":{"@id":"https:\/\/dicodusport.fr\/blog\/vtt-xco-nove-mesto-2025-intouchable-christophe-blevins-fait-le-double-en-republique-tcheque\/#primaryimage"},"image":{"@id":"https:\/\/dicodusport.fr\/blog\/vtt-xco-nove-mesto-2025-intouchable-christophe-blevins-fait-le-double-en-republique-tcheque\/#primaryimage"},"thumbnailUrl":"https:\/\/dicodusport.fr\/blog\/wp-content\/uploads\/2025\/05\/VTT-XCO-Nove-Mesto-2025-Intouchable-Christophe-Blevins-fait-le-double-en-Republique-Tcheque-1.png","datePublished":"2025-05-25T11:30:21+00:00","dateModified":"2025-05-26T07:10:10+00:00","description":"Au-dessus du lot, l'Am\u00e9ricain Christopher Blevins (Specialized) r\u00e9alise le doubl\u00e9 XCC-XCO ce dimanche, \u00e0 Nove Mesto (R\u00e9publique Tch\u00e8que).","breadcrumb":{"@id":"https:\/\/dicodusport.fr\/blog\/vtt-xco-nove-mesto-2025-intouchable-christophe-blevins-fait-le-double-en-republique-tcheque\/#breadcrumb"},"inLanguage":"fr-FR","potentialAction":[{"@type":"ReadAction","target":["https:\/\/dicodusport.fr\/blog\/vtt-xco-nove-mesto-2025-intouchable-christophe-blevins-fait-le-double-en-republique-tcheque\/"]}]},{"@type":"ImageObject","inLanguage":"fr-FR","@id":"https:\/\/dicodusport.fr\/blog\/vtt-xco-nove-mesto-2025-intouchable-christophe-blevins-fait-le-double-en-republique-tcheque\/#primaryimage","url":"https:\/\/dicodusport.fr\/blog\/wp-content\/uploads\/2025\/05\/VTT-XCO-Nove-Mesto-2025-Intouchable-Christophe-Blevins-fait-le-double-en-Republique-Tcheque-1.png","contentUrl":"https:\/\/dicodusport.fr\/blog\/wp-content\/uploads\/2025\/05\/VTT-XCO-Nove-Mesto-2025-Intouchable-Christophe-Blevins-fait-le-double-en-Republique-Tcheque-1.png","width":1200,"height":674,"caption":"VTT XCO Nove Mesto 2025 Intouchable, Christophe Blevins fait le doubl\u00e9 en R\u00e9publique Tch\u00e8que"},{"@type":"BreadcrumbList","@id":"https:\/\/dicodusport.fr\/blog\/vtt-xco-nove-mesto-2025-intouchable-christophe-blevins-fait-le-double-en-republique-tcheque\/#breadcrumb","itemListElement":[{"@type":"ListItem","position":1,"name":"Accueil","item":"https:\/\/dicodusport.fr\/blog\/"},{"@type":"ListItem","position":2,"name":"VTT XCO Nove Mesto 2025 : Intouchable, Christophe Blevins fait le doubl\u00e9 en R\u00e9publique Tch\u00e8que"}]},{"@type":"WebSite","@id":"https:\/\/dicodusport.fr\/blog\/#website","url":"https:\/\/dicodusport.fr\/blog\/","name":"Dicodusport","description":"L&#039;encyclop\u00e9die de l&#039;actualit\u00e9 sportive","publisher":{"@id":"https:\/\/dicodusport.fr\/blog\/#organization"},"potentialAction":[{"@type":"SearchAction","target":{"@type":"EntryPoint","urlTemplate":"https:\/\/dicodusport.fr\/blog\/?s={search_term_string}"},"query-input":{"@type":"PropertyValueSpecification","valueRequired":true,"valueName":"search_term_string"}}],"inLanguage":"fr-FR"},{"@type":"NewsMediaOrganization","@id":"https:\/\/dicodusport.fr\/blog\/#organization","name":"Dicodusport","url":"https:\/\/dicodusport.fr\/blog\/","logo":{"@type":"ImageObject","inLanguage":"fr-FR","@id":"https:\/\/dicodusport.fr\/blog\/#\/schema\/logo\/image\/","url":"https:\/\/dicodusport.fr\/blog\/wp-content\/uploads\/2020\/06\/cropped-LOGO-DICODUSPORT-2020-SANS-FOND-SANS-TEXTE.png","contentUrl":"https:\/\/dicodusport.fr\/blog\/wp-content\/uploads\/2020\/06\/cropped-LOGO-DICODUSPORT-2020-SANS-FOND-SANS-TEXTE.png","width":512,"height":512,"caption":"Dicodusport"},"image":{"@id":"https:\/\/dicodusport.fr\/blog\/#\/schema\/logo\/image\/"},"sameAs":["https:\/\/www.facebook.com\/dicodusport","https:\/\/x.com\/dicodusport","https:\/\/www.instagram.com\/dicodusport\/","https:\/\/www.youtube.com\/channel\/UC7V2KZ5sd3htJivAbA4ZG3w"],"description":"Dicodusport est l'encyclop\u00e9die de l'actualit\u00e9 sportive.","email":"bonjour@dicodusport.fr","legalName":"DICODUSPORT","foundingDate":"2018-01-14","vatID":"FR71834470973","taxID":"83447097300043","numberOfEmployees":{"@type":"QuantitativeValue","minValue":"1","maxValue":"10"}},{"@type":"Person","@id":"https:\/\/dicodusport.fr\/blog\/#\/schema\/person\/cb02af4c173ce4a653b55e9baf388d4a","name":"Flo Ostermann","image":{"@type":"ImageObject","inLanguage":"fr-FR","@id":"https:\/\/dicodusport.fr\/blog\/#\/schema\/person\/image\/","url":"https:\/\/dicodusport.fr\/blog\/wp-content\/uploads\/2021\/05\/Flo-Ostermann-150x150.jpg","contentUrl":"https:\/\/dicodusport.fr\/blog\/wp-content\/uploads\/2021\/05\/Flo-Ostermann-150x150.jpg","caption":"Flo Ostermann"},"description":"Journaliste\/R\u00e9dacteur depuis septembre 2015 - Mes premiers souvenirs dans le sport ? Les envol\u00e9es du Stade Toulousain et les duels Villeneuve-Schumacher et H\u00e4kkinen-Schumacher \u00e0 la fin des ann\u00e9es 90, la Coupe du monde de football en 1998, l\u2019exploit du XV de France face aux All Blacks en 1999, mais aussi Richard C\u0153ur de Lion qui vole sur les montagnes du Tour de France. Bien parti pour devenir professeur d\u2019EPS, les \u00e9v\u00e9nements de la vie (et la flemme d\u2019animer des s\u00e9ances de 3x500 m\u00e8tres toute ma vie) m\u2019ont conduit \u00e0 revoir mes plans. Me voil\u00e0 depuis fin 2017 sur Dicodusport, m\u00e9dia gr\u00e2ce (et pour) lequel je partage ma passion : le sport dans tous ses \u00e9tats. Le tout accompagn\u00e9 par les fous furieux et folles furieuses cit\u00e9s sur cette page !","sameAs":["https:\/\/www.facebook.com\/florent.ostermann","https:\/\/x.com\/https:\/\/twitter.com\/FlOstermann","admin"],"url":"https:\/\/dicodusport.fr\/blog\/author\/flo\/"}]}},"_links":{"self":[{"href":"https:\/\/dicodusport.fr\/blog\/wp-json\/wp\/v2\/posts\/581746","targetHints":{"allow":["GET"]}}],"collection":[{"href":"https:\/\/dicodusport.fr\/blog\/wp-json\/wp\/v2\/posts"}],"about":[{"href":"https:\/\/dicodusport.fr\/blog\/wp-json\/wp\/v2\/types\/post"}],"author":[{"embeddable":true,"href":"https:\/\/dicodusport.fr\/blog\/wp-json\/wp\/v2\/users\/4"}],"replies":[{"embeddable":true,"href":"https:\/\/dicodusport.fr\/blog\/wp-json\/wp\/v2\/comments?post=581746"}],"version-history":[{"count":5,"href":"https:\/\/dicodusport.fr\/blog\/wp-json\/wp\/v2\/posts\/581746\/revisions"}],"predecessor-version":[{"id":581947,"href":"https:\/\/dicodusport.fr\/blog\/wp-json\/wp\/v2\/posts\/581746\/revisions\/581947"}],"wp:featuredmedia":[{"embeddable":true,"href":"https:\/\/dicodusport.fr\/blog\/wp-json\/wp\/v2\/media\/581895"}],"wp:attachment":[{"href":"https:\/\/dicodusport.fr\/blog\/wp-json\/wp\/v2\/media?parent=581746"}],"wp:term":[{"taxonomy":"category","embeddable":true,"href":"https:\/\/dicodusport.fr\/blog\/wp-json\/wp\/v2\/categories?post=581746"},{"taxonomy":"post_tag","embeddable":true,"href":"https:\/\/dicodusport.fr\/blog\/wp-json\/wp\/v2\/tags?post=581746"}],"curies":[{"name":"wp","href":"https:\/\/api.w.org\/{rel}","templated":true}]}}