{"id":581752,"date":"2025-05-25T16:58:52","date_gmt":"2025-05-25T14:58:52","guid":{"rendered":"https:\/\/dicodusport.fr\/blog\/?p=581752&#038;preview=true&#038;preview_id=581752"},"modified":"2025-05-25T19:54:12","modified_gmt":"2025-05-25T17:54:12","slug":"tour-ditalie-2025-carlos-verona-simpose-en-solitaire-sur-la-15eme-etape","status":"publish","type":"post","link":"https:\/\/dicodusport.fr\/blog\/tour-ditalie-2025-carlos-verona-simpose-en-solitaire-sur-la-15eme-etape\/","title":{"rendered":"Tour d&rsquo;Italie 2025 : Carlos Verona s&rsquo;impose en solitaire sur la 15\u00e8me \u00e9tape"},"content":{"rendered":"<p style=\"text-align: justify;\"><strong><em>TOUR D&rsquo;ITALIE 2025 &#8211; Carlos Verona (Lidl-Trek) s&rsquo;est impos\u00e9 \u00e0 Asiago sur la quinzi\u00e8me \u00e9tape, dimanche. Isaac Del Toro (UAE Team Emirates XRG) a gard\u00e9 le maillot rose. Primoz Roglic (Red Bull-Bora-Hansgrohe) a \u00e9t\u00e9 le grand perdant de la journ\u00e9e.<\/em><\/strong><\/p>\n<p style=\"text-align: justify;\">Pour conclure cette deuxi\u00e8me semaine de comp\u00e9tition, les organisateurs ont propos\u00e9 un menu cors\u00e9 entre<strong> Fiume Veneto<\/strong> et <strong>Asiago<\/strong> avec notamment l&rsquo;ascension du <strong>Monte Grappa<\/strong> (25 km \u00e0 5,7 %), \u00e0 la mi-parcours, et de <strong>Dori<\/strong> (16,6 km \u00e0 5,3 %) \u00e0 moins de 30 kilom\u00e8tres de l&rsquo;arriv\u00e9e. Malheureusement,\u00a0<strong>Giulio Ciccone\u00a0<\/strong>(Lidl-Trek) n&rsquo;a pas pris le d\u00e9part apr\u00e8s sa lourde chute d&rsquo;hier.<\/p>\n<ul>\n<li style=\"text-align: justify;\"><strong>\u00c0 ce sujet \u2013\u00a0<a href=\"https:\/\/dicodusport.fr\/blog\/tour-ditalie-2025-classement-general-du-giro\/\">Tour d\u2019Italie 2025 \u2013 Classement g\u00e9n\u00e9ral du Giro<\/a><\/strong><\/li>\n<li style=\"text-align: justify;\"><strong>\u00c0 ce sujet \u2013 <a href=\"https:\/\/dicodusport.fr\/blog\/tour-ditalie-2025-classement-15eme-etape-du-giro\/\">Tour d\u2019Italie 2025 \u2013 Classement de la 15\u00e8me \u00e9tape<\/a>\u00a0<\/strong><\/li>\n<\/ul>\n<h2 style=\"text-align: justify;\">Une \u00e9chapp\u00e9e fleuve ouvre la course<\/h2>\n<p style=\"text-align: justify;\">D&rsquo;abord, la premi\u00e8re \u00e9chapp\u00e9e a mis 80 kilom\u00e8tres \u00e0 se constituer avec deux premi\u00e8res heures \u00e0 pr\u00e8s de 49 kilom\u00e8tres par heure de moyenne. D&rsquo;abord en difficult\u00e9, <strong>Antonio Tiberi\u00a0<\/strong>(Bahrain Victorious) a accus\u00e9 pr\u00e8s d&rsquo;une minute 30 de retard avant de revenir au sein du peloton principal, alors que le groupe de t\u00eate a eu plus de 3 minutes 30 d&rsquo;avance au maximum. L&rsquo;\u00e9quipe UAE Team Emirates XRG a alors contr\u00f4l\u00e9 l&rsquo;allure du peloton.<\/p>\n<p style=\"text-align: justify;\">Dans le Monte Grappa, <strong>Davide Formolo<\/strong> et <strong>Jefferson Cepeda<\/strong> (Movistar) ont impos\u00e9 un gros tempo dans l&rsquo;\u00e9chapp\u00e9e pour les dessins de leur leader, <strong>Einer Rubio<\/strong> (Movistar). Le grimpeur colombien \u00e9tait le mieux plac\u00e9 au classement g\u00e9n\u00e9ral. Mais, l&rsquo;\u00e9quipe INEOS Grenadiers a d\u00e9cid\u00e9 de lancer les hostilit\u00e9s pour une attaque d&rsquo;<strong>Egan Bernal\u00a0<\/strong>(INEOS Grenadiers). Le champion de Colombie a \u00e9t\u00e9 suivi par\u00a0<strong>Richard Carapaz\u00a0<\/strong>(EF Education-EasyPost), le maillot rose\u00a0<strong>Isaac Del Toro\u00a0<\/strong>(UAE Team Emirates XRG), <strong>Derek Gee<\/strong> (Israel Premier Tech) et <strong>Thymen Arensman<\/strong> (INEOS Grenadiers).<\/p>\n<p style=\"text-align: justify;\">Au sommet, <strong>Lorenzo Fortunato<\/strong> (XDS Astana) a pris 40 points pour conforter son maillot bleu. Ensuite, <strong>Marco Frigo\u00a0<\/strong>(Israel Premier Tech) a fait la descente pour s&rsquo;isoler en t\u00eate tandis que les diff\u00e9rents groupes se sont rejoints \u00e0 un deuxi\u00e8me \u00e9chelon de la course.<\/p>\n<h2 style=\"text-align: justify;\">Le num\u00e9ro de Verona, la d\u00e9faillance de Roglic<\/h2>\n<p style=\"text-align: justify;\">Par la suite, l&rsquo;homme de t\u00eate a vu revenir dans la vall\u00e9e <strong>Carlos Verona\u00a0<\/strong>(Lidl-Trek),\u00a0<strong>Pello Bilbao\u00a0<\/strong>(Bahrain Victorious),\u00a0<strong>Nicolas Prodhomme\u00a0<\/strong>(Decathlon AG2R La Mondiale), <strong>Gianmarco Garofoli<\/strong> (Soudal Quick-Step), <strong>Florian Stork<\/strong> (Tudor Pro Cycling), <strong>Filippo Zana<\/strong> (Jayco AlUla), <strong>Bart Lemmen<\/strong> (Visma Lease a Bike), <strong>Romain Bardet<\/strong> (Picnic PostNL), <strong>Cristian Scaroni<\/strong> (XDS Astana) et <strong>Filippo Fiorelli<\/strong> (VF Group Bardiani).<\/p>\n<p style=\"text-align: justify;\">D\u00e8s le pied de la mont\u00e9e de Dori, <strong>Carlos Verona<\/strong> est sorti du groupe de t\u00eate qui avait plus de trois minutes d&rsquo;avance sur le groupe des favoris. Derri\u00e8re, <strong>Gianmarco Garofoli<\/strong> et <strong>Filippo Zana<\/strong> \u00e9taient en contre. Mais, la formation INEOS Grenadiers a de nouveau hauss\u00e9 le ton pour d\u00e9clencher une nouvelle offensive d&rsquo;<strong>Egan Bernal. <\/strong>Dans le m\u00eame temps,<strong> Primoz Roglic <\/strong>est en difficult\u00e9 alors qu&rsquo;<strong>Isaac Del Toro\u00a0<\/strong>a saut\u00e9 sur toutes les attaques des adversaires de <strong>Juan Ayuso<\/strong>.<\/p>\n<blockquote class=\"twitter-tweet\">\n<p dir=\"ltr\" lang=\"fr\">Primoz Roglic est le grand perdant de cette 15e \u00e9tape du <a href=\"https:\/\/twitter.com\/hashtag\/GirodItalia?src=hash&amp;ref_src=twsrc%5Etfw\">#GirodItalia<\/a>, franchissant la ligne avec 1&rsquo;58\u00a0\u00bb de retard sur Carlos Verona. A voir d\u00e9sormais si c&rsquo;est un coup de moins bien passager pour le Slov\u00e8ne. <a href=\"https:\/\/t.co\/t6mYRiCQ8f\">pic.twitter.com\/t6mYRiCQ8f<\/a><\/p>\n<p>\u2014 Le Gruppetto (@LeGruppetto) <a href=\"https:\/\/twitter.com\/LeGruppetto\/status\/1926653544658051336?ref_src=twsrc%5Etfw\">May 25, 2025<\/a><\/p><\/blockquote>\n<p><script async src=\"https:\/\/platform.twitter.com\/widgets.js\" charset=\"utf-8\"><\/script><\/p>\n<p style=\"text-align: justify;\">Au sommet de cette derni\u00e8re difficult\u00e9, <strong>Carlos Verona<\/strong> avait 15 secondes d&rsquo;avance sur ses deux poursuivants et pr\u00e8s d&rsquo;une minute sur un quatuor (<strong>Stork, Prodhomme, Bardet<\/strong> et <strong>Scaroni)<\/strong> alors que <strong>Primoz Roglic\u00a0<\/strong>a accus\u00e9 pr\u00e8s d&rsquo;une minute de retard sur le groupe maillot rose avec le soutien de deux \u00e9quipiers : <strong>Daniel Felipe Martinez<\/strong> et <strong>Giulio Pellizzari<\/strong>, \u00e0 27 kilom\u00e8tres du terme.<\/p>\n<p style=\"text-align: justify;\">Puis, <strong>Florian Stork, Nicolas Prodhomme, Romain Bardet<\/strong> et <strong>Cristian Scaroni<\/strong> sont revenus sur le duo de chasse, \u00e0 10 kilom\u00e8tres de l&rsquo;arriv\u00e9e. Apr\u00e8s s&rsquo;\u00eatre relev\u00e9, <strong>Pello Bilbao, Bart Lemmen <\/strong>et <strong>Marco Frigo<\/strong> ont pris les commandes du groupe maillot rose pour distancer plus fortement\u00a0<strong>Primoz Roglic.\u00a0<\/strong><\/p>\n<p style=\"text-align: justify;\">Finalement,\u00a0<strong>Carlos Verona\u00a0<\/strong>a apport\u00e9 un sixi\u00e8me bouquet \u00e0 la formation Lidl-Trek sur cette 108\u00e8me \u00e9dition. L&rsquo;Espagnol a sign\u00e9 son deuxi\u00e8me succ\u00e8s professionnel, trois ans apr\u00e8s son succ\u00e8s \u00e0 Vaujany sur le Dauphin\u00e9. \u00c0 22 secondes, <strong>Florian Stork<\/strong> a r\u00e9gl\u00e9 le groupe des poursuivants devant <strong>Cristian Scaroni<\/strong> alors que le groupe maillot rose a franchi la ligne d&rsquo;arriv\u00e9e \u00e0 29 secondes. Enfin, <strong>Primoz Roglic<\/strong> a perdu une minute 30 sur les autres favoris au classement g\u00e9n\u00e9ral.<\/p>\n<blockquote class=\"twitter-tweet\">\n<p dir=\"ltr\" lang=\"fr\">La masterclass de Carlos Verona : l&rsquo;Espagnol s&rsquo;offre la 15e \u00e9tape et signe sa premi\u00e8re victoire sur un grand tour, Romain Bardet \ud83c\uddeb\ud83c\uddf7 prend la 4e place<a href=\"https:\/\/twitter.com\/hashtag\/LesRP?src=hash&amp;ref_src=twsrc%5Etfw\">#LesRP<\/a> <a href=\"https:\/\/twitter.com\/hashtag\/GirodItalia?src=hash&amp;ref_src=twsrc%5Etfw\">#GirodItalia<\/a> <a href=\"https:\/\/t.co\/qdYyasSbHK\">pic.twitter.com\/qdYyasSbHK<\/a><\/p>\n<p>\u2014 Eurosport France (@Eurosport_FR) <a href=\"https:\/\/twitter.com\/Eurosport_FR\/status\/1926653777689403830?ref_src=twsrc%5Etfw\">May 25, 2025<\/a><\/p><\/blockquote>\n<p><script async src=\"https:\/\/platform.twitter.com\/widgets.js\" charset=\"utf-8\"><\/script><\/p>\n<ul>\n<li style=\"text-align: justify;\"><strong>\u00c0 ce sujet \u2013 <a href=\"https:\/\/dicodusport.fr\/blog\/actualites\/cyclisme\/cyclisme-sur-route-2025\/\">L\u2019actualit\u00e9 du cyclisme sur route<\/a><\/strong><\/li>\n<\/ul>\n<div class=\"vlp-link-container vlp-layout-article\"><a href=\"https:\/\/dicodusport.fr\/blog\/cyclisme-mercato-2025-2026-le-tableau-des-transferts\/\" class=\"vlp-link\" title=\"Cyclisme Mercato 2025-2026 - Le tableau des transferts\"><\/a><div class=\"vlp-layout-zone-side\"><div class=\"vlp-block-4 vlp-link-image\"><img loading=\"lazy\" decoding=\"async\" style=\"max-width: 792px;\" width=\"792\" height=\"445\" src=\"https:\/\/dicodusport.fr\/blog\/wp-content\/uploads\/2025\/02\/Cyclisme-Mercato-2025-2026-Le-tableau-des-transferts.png\" class=\"attachment-800x445 size-800x445\" alt=\"Cyclisme Mercato 2025-2026 - Le tableau des transferts\" srcset=\"https:\/\/dicodusport.fr\/blog\/wp-content\/uploads\/2025\/02\/Cyclisme-Mercato-2025-2026-Le-tableau-des-transferts.png 1200w, https:\/\/dicodusport.fr\/blog\/wp-content\/uploads\/2025\/02\/Cyclisme-Mercato-2025-2026-Le-tableau-des-transferts-300x169.png 300w, https:\/\/dicodusport.fr\/blog\/wp-content\/uploads\/2025\/02\/Cyclisme-Mercato-2025-2026-Le-tableau-des-transferts-1024x575.png 1024w, https:\/\/dicodusport.fr\/blog\/wp-content\/uploads\/2025\/02\/Cyclisme-Mercato-2025-2026-Le-tableau-des-transferts-768x431.png 768w\" sizes=\"auto, (max-width: 792px) 100vw, 792px\" \/><\/div><\/div><div class=\"vlp-layout-zone-main\"><div class=\"vlp-block-0 vlp-link-title\">Cyclisme Mercato 2025-2026 - Le tableau des transferts<\/div><div class=\"vlp-block-1 vlp-link-summary\">MERCATO CYCLISME 2025-2026 - D\u00e9couvrez les transferts officiels et les rumeurs du mercato cycliste.<\/div><div class=\"vlp-block-2 vlp-link-button\">Lire l'article<\/div><div class=\"vlp-block-3 vlp-link-url\">dicodusport.fr<\/div><\/div><\/div>\n","protected":false},"excerpt":{"rendered":"<p>Carlos Verona (Lidl-Trek) s&rsquo;est impos\u00e9 \u00e0 Asiago sur la quinzi\u00e8me \u00e9tape, dimanche. Isaac Del Toro (UAE Team Emirates XRG) a gard\u00e9 le maillot rose.<\/p>\n","protected":false},"author":48,"featured_media":581861,"comment_status":"open","ping_status":"closed","sticky":false,"template":"","format":"standard","meta":{"_acf_changed":false,"_daextam_enable_autolinks":"1","footnotes":""},"categories":[47041],"tags":[16878,24,4722],"class_list":["post-581752","post","type-post","status-publish","format-standard","has-post-thumbnail","hentry","category-tour-d-italie","tag-breve","tag-sport","tag-tour-ditalie"],"acf":[],"yoast_head":"<!-- This site is optimized with the Yoast SEO Premium plugin v26.7 (Yoast SEO v26.7) - https:\/\/yoast.com\/wordpress\/plugins\/seo\/ -->\n<title>Tour d&#039;Italie 2025 : Carlos Verona s&#039;impose en solitaire sur la 15\u00e8me \u00e9tape<\/title>\n<meta name=\"description\" content=\"Carlos Verona (Lidl-Trek) s&#039;est impos\u00e9 \u00e0 Asiago sur la quinzi\u00e8me \u00e9tape, dimanche. Isaac Del Toro (UAE Team Emirates XRG) a gard\u00e9 le maillot rose.\" \/>\n<meta name=\"robots\" content=\"index, follow, max-snippet:-1, max-image-preview:large, max-video-preview:-1\" \/>\n<link rel=\"canonical\" href=\"https:\/\/dicodusport.fr\/blog\/tour-ditalie-2025-carlos-verona-simpose-en-solitaire-sur-la-15eme-etape\/\" \/>\n<meta property=\"og:locale\" content=\"fr_FR\" \/>\n<meta property=\"og:type\" content=\"article\" \/>\n<meta property=\"og:title\" content=\"Tour d&#039;Italie 2025 : Carlos Verona s&#039;impose en solitaire sur la 15\u00e8me \u00e9tape\" \/>\n<meta property=\"og:description\" content=\"Giro 2\" \/>\n<meta property=\"og:url\" content=\"https:\/\/dicodusport.fr\/blog\/tour-ditalie-2025-carlos-verona-simpose-en-solitaire-sur-la-15eme-etape\/\" \/>\n<meta property=\"og:site_name\" content=\"Dicodusport\" \/>\n<meta property=\"article:publisher\" content=\"https:\/\/www.facebook.com\/dicodusport\" \/>\n<meta property=\"article:author\" content=\"https:\/\/www.facebook.com\/groups\/LesRoisDuPeloton\" \/>\n<meta property=\"article:published_time\" content=\"2025-05-25T14:58:52+00:00\" \/>\n<meta property=\"article:modified_time\" content=\"2025-05-25T17:54:12+00:00\" \/>\n<meta property=\"og:image\" content=\"https:\/\/dicodusport.fr\/blog\/wp-content\/uploads\/2025\/05\/Tour-dItalie-2025-Carlos-Verona-simpose-en-solitaire-sur-la-15eme-etape-1.png\" \/>\n\t<meta property=\"og:image:width\" content=\"1200\" \/>\n\t<meta property=\"og:image:height\" content=\"674\" \/>\n\t<meta property=\"og:image:type\" content=\"image\/png\" \/>\n<meta name=\"author\" content=\"Emilien Descampiaux\" \/>\n<meta name=\"twitter:card\" content=\"summary_large_image\" \/>\n<meta name=\"twitter:title\" content=\"Tour d&#039;Italie 2025 : Carlos Verona s&#039;impose en solitaire sur la 15\u00e8me \u00e9tape\" \/>\n<meta name=\"twitter:creator\" content=\"@https:\/\/twitter.com\/LRoisDuPeloton\" \/>\n<meta name=\"twitter:site\" content=\"@dicodusport\" \/>\n<script type=\"application\/ld+json\" class=\"yoast-schema-graph\">{\"@context\":\"https:\/\/schema.org\",\"@graph\":[{\"@type\":\"NewsArticle\",\"@id\":\"https:\/\/dicodusport.fr\/blog\/tour-ditalie-2025-carlos-verona-simpose-en-solitaire-sur-la-15eme-etape\/#article\",\"isPartOf\":{\"@id\":\"https:\/\/dicodusport.fr\/blog\/tour-ditalie-2025-carlos-verona-simpose-en-solitaire-sur-la-15eme-etape\/\"},\"author\":{\"name\":\"Emilien Descampiaux\",\"@id\":\"https:\/\/dicodusport.fr\/blog\/#\/schema\/person\/6db4bae06b171592211be385b32876a7\"},\"headline\":\"Tour d&rsquo;Italie 2025 : Carlos Verona s&rsquo;impose en solitaire sur la 15\u00e8me \u00e9tape\",\"datePublished\":\"2025-05-25T14:58:52+00:00\",\"dateModified\":\"2025-05-25T17:54:12+00:00\",\"mainEntityOfPage\":{\"@id\":\"https:\/\/dicodusport.fr\/blog\/tour-ditalie-2025-carlos-verona-simpose-en-solitaire-sur-la-15eme-etape\/\"},\"wordCount\":896,\"commentCount\":0,\"publisher\":{\"@id\":\"https:\/\/dicodusport.fr\/blog\/#organization\"},\"image\":{\"@id\":\"https:\/\/dicodusport.fr\/blog\/tour-ditalie-2025-carlos-verona-simpose-en-solitaire-sur-la-15eme-etape\/#primaryimage\"},\"thumbnailUrl\":\"https:\/\/dicodusport.fr\/blog\/wp-content\/uploads\/2025\/05\/Tour-dItalie-2025-Carlos-Verona-simpose-en-solitaire-sur-la-15eme-etape-1.png\",\"keywords\":[\"br\u00e8ve\",\"sport\",\"Tour d'Italie\"],\"articleSection\":[\"Tour d'Italie\"],\"inLanguage\":\"fr-FR\",\"potentialAction\":[{\"@type\":\"CommentAction\",\"name\":\"Comment\",\"target\":[\"https:\/\/dicodusport.fr\/blog\/tour-ditalie-2025-carlos-verona-simpose-en-solitaire-sur-la-15eme-etape\/#respond\"]}],\"copyrightYear\":\"2025\",\"copyrightHolder\":{\"@id\":\"https:\/\/dicodusport.fr\/blog\/#organization\"}},{\"@type\":\"WebPage\",\"@id\":\"https:\/\/dicodusport.fr\/blog\/tour-ditalie-2025-carlos-verona-simpose-en-solitaire-sur-la-15eme-etape\/\",\"url\":\"https:\/\/dicodusport.fr\/blog\/tour-ditalie-2025-carlos-verona-simpose-en-solitaire-sur-la-15eme-etape\/\",\"name\":\"Tour d'Italie 2025 : Carlos Verona s'impose en solitaire sur la 15\u00e8me \u00e9tape\",\"isPartOf\":{\"@id\":\"https:\/\/dicodusport.fr\/blog\/#website\"},\"primaryImageOfPage\":{\"@id\":\"https:\/\/dicodusport.fr\/blog\/tour-ditalie-2025-carlos-verona-simpose-en-solitaire-sur-la-15eme-etape\/#primaryimage\"},\"image\":{\"@id\":\"https:\/\/dicodusport.fr\/blog\/tour-ditalie-2025-carlos-verona-simpose-en-solitaire-sur-la-15eme-etape\/#primaryimage\"},\"thumbnailUrl\":\"https:\/\/dicodusport.fr\/blog\/wp-content\/uploads\/2025\/05\/Tour-dItalie-2025-Carlos-Verona-simpose-en-solitaire-sur-la-15eme-etape-1.png\",\"datePublished\":\"2025-05-25T14:58:52+00:00\",\"dateModified\":\"2025-05-25T17:54:12+00:00\",\"description\":\"Carlos Verona (Lidl-Trek) s'est impos\u00e9 \u00e0 Asiago sur la quinzi\u00e8me \u00e9tape, dimanche. Isaac Del Toro (UAE Team Emirates XRG) a gard\u00e9 le maillot rose.\",\"breadcrumb\":{\"@id\":\"https:\/\/dicodusport.fr\/blog\/tour-ditalie-2025-carlos-verona-simpose-en-solitaire-sur-la-15eme-etape\/#breadcrumb\"},\"inLanguage\":\"fr-FR\",\"potentialAction\":[{\"@type\":\"ReadAction\",\"target\":[\"https:\/\/dicodusport.fr\/blog\/tour-ditalie-2025-carlos-verona-simpose-en-solitaire-sur-la-15eme-etape\/\"]}]},{\"@type\":\"ImageObject\",\"inLanguage\":\"fr-FR\",\"@id\":\"https:\/\/dicodusport.fr\/blog\/tour-ditalie-2025-carlos-verona-simpose-en-solitaire-sur-la-15eme-etape\/#primaryimage\",\"url\":\"https:\/\/dicodusport.fr\/blog\/wp-content\/uploads\/2025\/05\/Tour-dItalie-2025-Carlos-Verona-simpose-en-solitaire-sur-la-15eme-etape-1.png\",\"contentUrl\":\"https:\/\/dicodusport.fr\/blog\/wp-content\/uploads\/2025\/05\/Tour-dItalie-2025-Carlos-Verona-simpose-en-solitaire-sur-la-15eme-etape-1.png\",\"width\":1200,\"height\":674,\"caption\":\"Tour d'Italie 2025 Carlos Verona s'impose en solitaire sur la 15\u00e8me \u00e9tape (1)\"},{\"@type\":\"BreadcrumbList\",\"@id\":\"https:\/\/dicodusport.fr\/blog\/tour-ditalie-2025-carlos-verona-simpose-en-solitaire-sur-la-15eme-etape\/#breadcrumb\",\"itemListElement\":[{\"@type\":\"ListItem\",\"position\":1,\"name\":\"Accueil\",\"item\":\"https:\/\/dicodusport.fr\/blog\/\"},{\"@type\":\"ListItem\",\"position\":2,\"name\":\"Tour d&rsquo;Italie 2025 : Carlos Verona s&rsquo;impose en solitaire sur la 15\u00e8me \u00e9tape\"}]},{\"@type\":\"WebSite\",\"@id\":\"https:\/\/dicodusport.fr\/blog\/#website\",\"url\":\"https:\/\/dicodusport.fr\/blog\/\",\"name\":\"Dicodusport\",\"description\":\"L&#039;encyclop\u00e9die de l&#039;actualit\u00e9 sportive\",\"publisher\":{\"@id\":\"https:\/\/dicodusport.fr\/blog\/#organization\"},\"potentialAction\":[{\"@type\":\"SearchAction\",\"target\":{\"@type\":\"EntryPoint\",\"urlTemplate\":\"https:\/\/dicodusport.fr\/blog\/?s={search_term_string}\"},\"query-input\":{\"@type\":\"PropertyValueSpecification\",\"valueRequired\":true,\"valueName\":\"search_term_string\"}}],\"inLanguage\":\"fr-FR\"},{\"@type\":\"NewsMediaOrganization\",\"@id\":\"https:\/\/dicodusport.fr\/blog\/#organization\",\"name\":\"Dicodusport\",\"url\":\"https:\/\/dicodusport.fr\/blog\/\",\"logo\":{\"@type\":\"ImageObject\",\"inLanguage\":\"fr-FR\",\"@id\":\"https:\/\/dicodusport.fr\/blog\/#\/schema\/logo\/image\/\",\"url\":\"https:\/\/dicodusport.fr\/blog\/wp-content\/uploads\/2020\/06\/cropped-LOGO-DICODUSPORT-2020-SANS-FOND-SANS-TEXTE.png\",\"contentUrl\":\"https:\/\/dicodusport.fr\/blog\/wp-content\/uploads\/2020\/06\/cropped-LOGO-DICODUSPORT-2020-SANS-FOND-SANS-TEXTE.png\",\"width\":512,\"height\":512,\"caption\":\"Dicodusport\"},\"image\":{\"@id\":\"https:\/\/dicodusport.fr\/blog\/#\/schema\/logo\/image\/\"},\"sameAs\":[\"https:\/\/www.facebook.com\/dicodusport\",\"https:\/\/x.com\/dicodusport\",\"https:\/\/www.instagram.com\/dicodusport\/\",\"https:\/\/www.youtube.com\/channel\/UC7V2KZ5sd3htJivAbA4ZG3w\"],\"description\":\"Dicodusport est l'encyclop\u00e9die de l'actualit\u00e9 sportive.\",\"email\":\"bonjour@dicodusport.fr\",\"legalName\":\"DICODUSPORT\",\"foundingDate\":\"2018-01-14\",\"vatID\":\"FR71834470973\",\"taxID\":\"83447097300043\",\"numberOfEmployees\":{\"@type\":\"QuantitativeValue\",\"minValue\":\"1\",\"maxValue\":\"10\"}},{\"@type\":\"Person\",\"@id\":\"https:\/\/dicodusport.fr\/blog\/#\/schema\/person\/6db4bae06b171592211be385b32876a7\",\"name\":\"Emilien Descampiaux\",\"image\":{\"@type\":\"ImageObject\",\"inLanguage\":\"fr-FR\",\"@id\":\"https:\/\/dicodusport.fr\/blog\/#\/schema\/person\/image\/\",\"url\":\"https:\/\/dicodusport.fr\/blog\/wp-content\/uploads\/2021\/05\/Emilien-Descampiaux-150x150.jpg\",\"contentUrl\":\"https:\/\/dicodusport.fr\/blog\/wp-content\/uploads\/2021\/05\/Emilien-Descampiaux-150x150.jpg\",\"caption\":\"Emilien Descampiaux\"},\"description\":\"Journaliste\/r\u00e9dacteur depuis 2014 - Fan de la classe de Frank Vandenbroucke, je vis cyclisme (et de ses paysages) depuis plus de 20 ans. Je suis tr\u00e8s impliqu\u00e9 sur mes diff\u00e9rents r\u00e9seaux sociaux pour partager ma passion sur le monde et l'Histoire de la bicyclette avec ma voix sur les images en noir et blanc du succ\u00e8s de Rik Van Steenbergen lors du Ronde sur le V\u00e9lodrome de Gand.\",\"sameAs\":[\"https:\/\/www.facebook.com\/groups\/LesRoisDuPeloton\",\"https:\/\/x.com\/https:\/\/twitter.com\/LRoisDuPeloton\"],\"url\":\"https:\/\/dicodusport.fr\/blog\/author\/emiliend\/\"}]}<\/script>\n<!-- \/ Yoast SEO Premium plugin. -->","yoast_head_json":{"title":"Tour d'Italie 2025 : Carlos Verona s'impose en solitaire sur la 15\u00e8me \u00e9tape","description":"Carlos Verona (Lidl-Trek) s'est impos\u00e9 \u00e0 Asiago sur la quinzi\u00e8me \u00e9tape, dimanche. Isaac Del Toro (UAE Team Emirates XRG) a gard\u00e9 le maillot rose.","robots":{"index":"index","follow":"follow","max-snippet":"max-snippet:-1","max-image-preview":"max-image-preview:large","max-video-preview":"max-video-preview:-1"},"canonical":"https:\/\/dicodusport.fr\/blog\/tour-ditalie-2025-carlos-verona-simpose-en-solitaire-sur-la-15eme-etape\/","og_locale":"fr_FR","og_type":"article","og_title":"Tour d'Italie 2025 : Carlos Verona s'impose en solitaire sur la 15\u00e8me \u00e9tape","og_description":"Giro 2","og_url":"https:\/\/dicodusport.fr\/blog\/tour-ditalie-2025-carlos-verona-simpose-en-solitaire-sur-la-15eme-etape\/","og_site_name":"Dicodusport","article_publisher":"https:\/\/www.facebook.com\/dicodusport","article_author":"https:\/\/www.facebook.com\/groups\/LesRoisDuPeloton","article_published_time":"2025-05-25T14:58:52+00:00","article_modified_time":"2025-05-25T17:54:12+00:00","og_image":[{"width":1200,"height":674,"url":"https:\/\/dicodusport.fr\/blog\/wp-content\/uploads\/2025\/05\/Tour-dItalie-2025-Carlos-Verona-simpose-en-solitaire-sur-la-15eme-etape-1.png","type":"image\/png"}],"author":"Emilien Descampiaux","twitter_card":"summary_large_image","twitter_title":"Tour d'Italie 2025 : Carlos Verona s'impose en solitaire sur la 15\u00e8me \u00e9tape","twitter_creator":"@https:\/\/twitter.com\/LRoisDuPeloton","twitter_site":"@dicodusport","schema":{"@context":"https:\/\/schema.org","@graph":[{"@type":"NewsArticle","@id":"https:\/\/dicodusport.fr\/blog\/tour-ditalie-2025-carlos-verona-simpose-en-solitaire-sur-la-15eme-etape\/#article","isPartOf":{"@id":"https:\/\/dicodusport.fr\/blog\/tour-ditalie-2025-carlos-verona-simpose-en-solitaire-sur-la-15eme-etape\/"},"author":{"name":"Emilien Descampiaux","@id":"https:\/\/dicodusport.fr\/blog\/#\/schema\/person\/6db4bae06b171592211be385b32876a7"},"headline":"Tour d&rsquo;Italie 2025 : Carlos Verona s&rsquo;impose en solitaire sur la 15\u00e8me \u00e9tape","datePublished":"2025-05-25T14:58:52+00:00","dateModified":"2025-05-25T17:54:12+00:00","mainEntityOfPage":{"@id":"https:\/\/dicodusport.fr\/blog\/tour-ditalie-2025-carlos-verona-simpose-en-solitaire-sur-la-15eme-etape\/"},"wordCount":896,"commentCount":0,"publisher":{"@id":"https:\/\/dicodusport.fr\/blog\/#organization"},"image":{"@id":"https:\/\/dicodusport.fr\/blog\/tour-ditalie-2025-carlos-verona-simpose-en-solitaire-sur-la-15eme-etape\/#primaryimage"},"thumbnailUrl":"https:\/\/dicodusport.fr\/blog\/wp-content\/uploads\/2025\/05\/Tour-dItalie-2025-Carlos-Verona-simpose-en-solitaire-sur-la-15eme-etape-1.png","keywords":["br\u00e8ve","sport","Tour d'Italie"],"articleSection":["Tour d'Italie"],"inLanguage":"fr-FR","potentialAction":[{"@type":"CommentAction","name":"Comment","target":["https:\/\/dicodusport.fr\/blog\/tour-ditalie-2025-carlos-verona-simpose-en-solitaire-sur-la-15eme-etape\/#respond"]}],"copyrightYear":"2025","copyrightHolder":{"@id":"https:\/\/dicodusport.fr\/blog\/#organization"}},{"@type":"WebPage","@id":"https:\/\/dicodusport.fr\/blog\/tour-ditalie-2025-carlos-verona-simpose-en-solitaire-sur-la-15eme-etape\/","url":"https:\/\/dicodusport.fr\/blog\/tour-ditalie-2025-carlos-verona-simpose-en-solitaire-sur-la-15eme-etape\/","name":"Tour d'Italie 2025 : Carlos Verona s'impose en solitaire sur la 15\u00e8me \u00e9tape","isPartOf":{"@id":"https:\/\/dicodusport.fr\/blog\/#website"},"primaryImageOfPage":{"@id":"https:\/\/dicodusport.fr\/blog\/tour-ditalie-2025-carlos-verona-simpose-en-solitaire-sur-la-15eme-etape\/#primaryimage"},"image":{"@id":"https:\/\/dicodusport.fr\/blog\/tour-ditalie-2025-carlos-verona-simpose-en-solitaire-sur-la-15eme-etape\/#primaryimage"},"thumbnailUrl":"https:\/\/dicodusport.fr\/blog\/wp-content\/uploads\/2025\/05\/Tour-dItalie-2025-Carlos-Verona-simpose-en-solitaire-sur-la-15eme-etape-1.png","datePublished":"2025-05-25T14:58:52+00:00","dateModified":"2025-05-25T17:54:12+00:00","description":"Carlos Verona (Lidl-Trek) s'est impos\u00e9 \u00e0 Asiago sur la quinzi\u00e8me \u00e9tape, dimanche. Isaac Del Toro (UAE Team Emirates XRG) a gard\u00e9 le maillot rose.","breadcrumb":{"@id":"https:\/\/dicodusport.fr\/blog\/tour-ditalie-2025-carlos-verona-simpose-en-solitaire-sur-la-15eme-etape\/#breadcrumb"},"inLanguage":"fr-FR","potentialAction":[{"@type":"ReadAction","target":["https:\/\/dicodusport.fr\/blog\/tour-ditalie-2025-carlos-verona-simpose-en-solitaire-sur-la-15eme-etape\/"]}]},{"@type":"ImageObject","inLanguage":"fr-FR","@id":"https:\/\/dicodusport.fr\/blog\/tour-ditalie-2025-carlos-verona-simpose-en-solitaire-sur-la-15eme-etape\/#primaryimage","url":"https:\/\/dicodusport.fr\/blog\/wp-content\/uploads\/2025\/05\/Tour-dItalie-2025-Carlos-Verona-simpose-en-solitaire-sur-la-15eme-etape-1.png","contentUrl":"https:\/\/dicodusport.fr\/blog\/wp-content\/uploads\/2025\/05\/Tour-dItalie-2025-Carlos-Verona-simpose-en-solitaire-sur-la-15eme-etape-1.png","width":1200,"height":674,"caption":"Tour d'Italie 2025 Carlos Verona s'impose en solitaire sur la 15\u00e8me \u00e9tape (1)"},{"@type":"BreadcrumbList","@id":"https:\/\/dicodusport.fr\/blog\/tour-ditalie-2025-carlos-verona-simpose-en-solitaire-sur-la-15eme-etape\/#breadcrumb","itemListElement":[{"@type":"ListItem","position":1,"name":"Accueil","item":"https:\/\/dicodusport.fr\/blog\/"},{"@type":"ListItem","position":2,"name":"Tour d&rsquo;Italie 2025 : Carlos Verona s&rsquo;impose en solitaire sur la 15\u00e8me \u00e9tape"}]},{"@type":"WebSite","@id":"https:\/\/dicodusport.fr\/blog\/#website","url":"https:\/\/dicodusport.fr\/blog\/","name":"Dicodusport","description":"L&#039;encyclop\u00e9die de l&#039;actualit\u00e9 sportive","publisher":{"@id":"https:\/\/dicodusport.fr\/blog\/#organization"},"potentialAction":[{"@type":"SearchAction","target":{"@type":"EntryPoint","urlTemplate":"https:\/\/dicodusport.fr\/blog\/?s={search_term_string}"},"query-input":{"@type":"PropertyValueSpecification","valueRequired":true,"valueName":"search_term_string"}}],"inLanguage":"fr-FR"},{"@type":"NewsMediaOrganization","@id":"https:\/\/dicodusport.fr\/blog\/#organization","name":"Dicodusport","url":"https:\/\/dicodusport.fr\/blog\/","logo":{"@type":"ImageObject","inLanguage":"fr-FR","@id":"https:\/\/dicodusport.fr\/blog\/#\/schema\/logo\/image\/","url":"https:\/\/dicodusport.fr\/blog\/wp-content\/uploads\/2020\/06\/cropped-LOGO-DICODUSPORT-2020-SANS-FOND-SANS-TEXTE.png","contentUrl":"https:\/\/dicodusport.fr\/blog\/wp-content\/uploads\/2020\/06\/cropped-LOGO-DICODUSPORT-2020-SANS-FOND-SANS-TEXTE.png","width":512,"height":512,"caption":"Dicodusport"},"image":{"@id":"https:\/\/dicodusport.fr\/blog\/#\/schema\/logo\/image\/"},"sameAs":["https:\/\/www.facebook.com\/dicodusport","https:\/\/x.com\/dicodusport","https:\/\/www.instagram.com\/dicodusport\/","https:\/\/www.youtube.com\/channel\/UC7V2KZ5sd3htJivAbA4ZG3w"],"description":"Dicodusport est l'encyclop\u00e9die de l'actualit\u00e9 sportive.","email":"bonjour@dicodusport.fr","legalName":"DICODUSPORT","foundingDate":"2018-01-14","vatID":"FR71834470973","taxID":"83447097300043","numberOfEmployees":{"@type":"QuantitativeValue","minValue":"1","maxValue":"10"}},{"@type":"Person","@id":"https:\/\/dicodusport.fr\/blog\/#\/schema\/person\/6db4bae06b171592211be385b32876a7","name":"Emilien Descampiaux","image":{"@type":"ImageObject","inLanguage":"fr-FR","@id":"https:\/\/dicodusport.fr\/blog\/#\/schema\/person\/image\/","url":"https:\/\/dicodusport.fr\/blog\/wp-content\/uploads\/2021\/05\/Emilien-Descampiaux-150x150.jpg","contentUrl":"https:\/\/dicodusport.fr\/blog\/wp-content\/uploads\/2021\/05\/Emilien-Descampiaux-150x150.jpg","caption":"Emilien Descampiaux"},"description":"Journaliste\/r\u00e9dacteur depuis 2014 - Fan de la classe de Frank Vandenbroucke, je vis cyclisme (et de ses paysages) depuis plus de 20 ans. Je suis tr\u00e8s impliqu\u00e9 sur mes diff\u00e9rents r\u00e9seaux sociaux pour partager ma passion sur le monde et l'Histoire de la bicyclette avec ma voix sur les images en noir et blanc du succ\u00e8s de Rik Van Steenbergen lors du Ronde sur le V\u00e9lodrome de Gand.","sameAs":["https:\/\/www.facebook.com\/groups\/LesRoisDuPeloton","https:\/\/x.com\/https:\/\/twitter.com\/LRoisDuPeloton"],"url":"https:\/\/dicodusport.fr\/blog\/author\/emiliend\/"}]}},"_links":{"self":[{"href":"https:\/\/dicodusport.fr\/blog\/wp-json\/wp\/v2\/posts\/581752","targetHints":{"allow":["GET"]}}],"collection":[{"href":"https:\/\/dicodusport.fr\/blog\/wp-json\/wp\/v2\/posts"}],"about":[{"href":"https:\/\/dicodusport.fr\/blog\/wp-json\/wp\/v2\/types\/post"}],"author":[{"embeddable":true,"href":"https:\/\/dicodusport.fr\/blog\/wp-json\/wp\/v2\/users\/48"}],"replies":[{"embeddable":true,"href":"https:\/\/dicodusport.fr\/blog\/wp-json\/wp\/v2\/comments?post=581752"}],"version-history":[{"count":5,"href":"https:\/\/dicodusport.fr\/blog\/wp-json\/wp\/v2\/posts\/581752\/revisions"}],"predecessor-version":[{"id":581893,"href":"https:\/\/dicodusport.fr\/blog\/wp-json\/wp\/v2\/posts\/581752\/revisions\/581893"}],"wp:featuredmedia":[{"embeddable":true,"href":"https:\/\/dicodusport.fr\/blog\/wp-json\/wp\/v2\/media\/581861"}],"wp:attachment":[{"href":"https:\/\/dicodusport.fr\/blog\/wp-json\/wp\/v2\/media?parent=581752"}],"wp:term":[{"taxonomy":"category","embeddable":true,"href":"https:\/\/dicodusport.fr\/blog\/wp-json\/wp\/v2\/categories?post=581752"},{"taxonomy":"post_tag","embeddable":true,"href":"https:\/\/dicodusport.fr\/blog\/wp-json\/wp\/v2\/tags?post=581752"}],"curies":[{"name":"wp","href":"https:\/\/api.w.org\/{rel}","templated":true}]}}