{"id":581806,"date":"2025-05-25T21:00:30","date_gmt":"2025-05-25T19:00:30","guid":{"rendered":"https:\/\/dicodusport.fr\/blog\/?p=581806&#038;preview=true&#038;preview_id=581806"},"modified":"2025-05-29T14:01:07","modified_gmt":"2025-05-29T12:01:07","slug":"roland-garros-2025-rafael-nadal-giovanni-mpetshi-perricard-valentin-royer-le-resume-du-dimanche-25-mai","status":"publish","type":"post","link":"https:\/\/dicodusport.fr\/blog\/roland-garros-2025-rafael-nadal-giovanni-mpetshi-perricard-valentin-royer-le-resume-du-dimanche-25-mai\/","title":{"rendered":"Roland-Garros 2025 : Rafael Nadal, Giovanni Mpetshi Perricard, Valentin Royer, le r\u00e9sum\u00e9 du dimanche 25 mai"},"content":{"rendered":"<p style=\"text-align: justify;\"><strong><em>ROLAND-GARROS 2025 &#8211; Giovanni Mpetshi Perricard est le seul qualifi\u00e9 fran\u00e7ais de cette premi\u00e8re journ\u00e9e, marqu\u00e9e bien \u00e9videmment par l&rsquo;hommage rendu \u00e0 Rafael Nadal.\u00a0<\/em><\/strong><\/p>\n<ul style=\"text-align: justify;\">\n<li><strong>\u00c0 ce sujet &#8211;\u00a0<a href=\"https:\/\/dicodusport.fr\/blog\/roland-garros-2025-le-programme-des-matchs-du-dimanche-25-mai\/\">Roland-Garros 2025 : Le programme des matchs du dimanche 25 mai<\/a><\/strong><\/li>\n<\/ul>\n<p style=\"text-align: justify;\">Bien \u00e9videmment, outre les premiers matchs de l&rsquo;\u00e9dition 2025 de Roland-Garros, l&rsquo;\u00e9v\u00e8nement, c&rsquo;\u00e9tait l&rsquo;hommage rendu \u00e0 un certain <strong>Rafael Nadal<\/strong>. Une c\u00e9r\u00e9monie charg\u00e9e d&rsquo;\u00e9motions pour rendre hommage au meilleur joueur sur terre battue de l&rsquo;histoire. Avec des invit\u00e9s prestigieux&#8230;<\/p>\n<div class=\"vlp-link-container vlp-layout-article\"><a href=\"https:\/\/www.youtube.com\/watch?v=LjDONWrr46I&amp;t=4s\" class=\"vlp-link\" title=\"Rafael Nadal tribute ceremony | Roland-Garros 2025\" rel=\"nofollow\" target=\"_blank\"><\/a><div class=\"vlp-layout-zone-side\"><div class=\"vlp-block-4 vlp-link-image\"><img decoding=\"async\" src=\"https:\/\/i.ytimg.com\/vi\/LjDONWrr46I\/maxresdefault.jpg\" style=\"max-width: 800px; max-height: 800px\" \/><\/div><\/div><div class=\"vlp-layout-zone-main\"><div class=\"vlp-block-0 vlp-link-title\">Rafael Nadal tribute ceremony | Roland-Garros 2025<\/div><div class=\"vlp-block-1 vlp-link-summary\">Vid\u00e9o pour revoir l'hommage \u00e0 Rafael Nadal \u00e0 Roland-Garos. <\/div><div class=\"vlp-block-2 vlp-link-button\">Lire l'article<\/div><div class=\"vlp-block-3 vlp-link-url\">www.youtube.com<\/div><\/div><\/div>\n<h2 style=\"text-align: justify;\"><strong>Mpetshi Perricard s&rsquo;en sort, pas Royer<\/strong><\/h2>\n<p style=\"text-align: justify;\">Il n&rsquo;y avait curieusement pas \u00e9norm\u00e9ment de Fran\u00e7ais au programme pour ce lancement de Roland-Garros 2025. Le premier sur le pont, <strong>Giovanni Mpetshi Perricard<\/strong>, a d\u00fb cravacher avant d&rsquo;aller chercher la toute premi\u00e8re victoire de sa carri\u00e8re sur la terre battue parisienne. Oppos\u00e9 \u00e0 <strong>Zizou Bergs<\/strong>, il a mal entam\u00e9 sa rencontre, conc\u00e9dant le premier set, avant de r\u00e9ussir \u00e0 trouver la bonne carburation et de tout renverser au tiebreak du troisi\u00e8me set (sept points d&rsquo;affil\u00e9e !) pour s&rsquo;imposer <strong>4-6, 6-3, 7-6 (5), 6-4<\/strong>. Peut-\u00eatre le d\u00e9but de quelque chose de grand apr\u00e8s plusieurs mois difficiles.<\/p>\n<blockquote class=\"twitter-tweet\">\n<p dir=\"ltr\" lang=\"fr\"><a href=\"https:\/\/twitter.com\/hashtag\/RolandGarros?src=hash&amp;ref_src=twsrc%5Etfw\">#RolandGarros<\/a> | \ud83e\udd29 MPETSHI PERRICARD au deuxi\u00e8me tour !<\/p>\n<p>\u2714 Alors qu&rsquo;il avait perdu le premier set, le Fran\u00e7ais, t\u00eate de s\u00e9rie 31, a renvers\u00e9 le Belge Zizou Bergs et signe sa premi\u00e8re victoire chez les hommes (4-6, 6-3, 7-6, 6-4) !<\/p>\n<p>\ud83d\udcfa Suivez le direct : <a href=\"https:\/\/t.co\/g7emTw0U8k\">https:\/\/t.co\/g7emTw0U8k<\/a> <a href=\"https:\/\/t.co\/KzRRQJSPA4\">pic.twitter.com\/KzRRQJSPA4<\/a><\/p>\n<p>\u2014 francetvsport (@francetvsport) <a href=\"https:\/\/twitter.com\/francetvsport\/status\/1926641483458781639?ref_src=twsrc%5Etfw\">May 25, 2025<\/a><\/p><\/blockquote>\n<p style=\"text-align: justify;\"><script async src=\"https:\/\/platform.twitter.com\/widgets.js\" charset=\"utf-8\"><\/script><br \/>\nPour<strong> Valentin Royer<\/strong>, c&rsquo;\u00e9tait une premi\u00e8re dans le tableau principal de Roland-Garros. Et cette premi\u00e8re sera marquante, quoi qu&rsquo;il arrive. Face au Colombien <strong>Daniel Galan<\/strong>, sp\u00e9cialiste de la terre battue, le Fran\u00e7ais s&rsquo;est envoy\u00e9 pendant 4 heures 30 pour livrer un grand match, qui restera \u00e0 coup s\u00fbr dans sa m\u00e9moire. Ne manquait que la victoire&#8230;<\/p>\n<blockquote class=\"twitter-tweet\">\n<p dir=\"ltr\" lang=\"fr\">Que c&rsquo;est cruel pour Valentin Royer qui s&rsquo;incline en 5 sets face \u00e0 Daniel Elahi Galan. <a href=\"https:\/\/twitter.com\/hashtag\/RolandGarros?src=hash&amp;ref_src=twsrc%5Etfw\">#RolandGarros<\/a> <a href=\"https:\/\/t.co\/eFa8goLXe3\">pic.twitter.com\/eFa8goLXe3<\/a><\/p>\n<p>\u2014 FFT (@FFTennis) <a href=\"https:\/\/twitter.com\/FFTennis\/status\/1926706289842819335?ref_src=twsrc%5Etfw\">May 25, 2025<\/a><\/p><\/blockquote>\n<p style=\"text-align: justify;\"><script async src=\"https:\/\/platform.twitter.com\/widgets.js\" charset=\"utf-8\"><\/script><\/p>\n<ul style=\"text-align: justify;\">\n<li><strong>\u00c0 lire aussi :\u00a0<a href=\"https:\/\/dicodusport.fr\/blog\/roland-garros-2025-le-tableau-de-simple-hommes\/\">Le tableau de simple hommes de Roland-Garros<\/a><\/strong><\/li>\n<\/ul>\n<p style=\"text-align: justify;\">Pr\u00e9vus ce jour, <strong>Kyrian Jacquet<\/strong> et <strong>Quentin Halys<\/strong> ont subi l&rsquo;interruption due \u00e0 la pluie au c\u0153ur de l&rsquo;apr\u00e8s midi, et devront revenir demain. C\u00f4t\u00e9 favoris, la plus grosse t\u00eate d&rsquo;affiche au programme chez les hommes \u00e9tait l&rsquo;\u00e9toile montante <strong>Lorenzo Musetti<\/strong>, r\u00e9cemment entr\u00e9 dans le Top 10, et qui n&rsquo;a fait qu&rsquo;une bouch\u00e9e de <strong>Yannick Hanfmann<\/strong>. <strong>Frances Tiafoe<\/strong> et <strong>Tommy Paul<\/strong> sont \u00e9galement pass\u00e9s.<\/p>\n<h2 style=\"text-align: justify;\">Frayeur pour Paolini<\/h2>\n<p style=\"text-align: justify;\">C&rsquo;\u00e9tait le tout premier Roland-Garros de <strong>Tiantsoa Sarah Rakotomanga Rajaonah,\u00a0<\/strong>espoir du tennis fran\u00e7ais qui avait \u00e9t\u00e9 convaincante \u00e0 Rouen en avril. Mais apr\u00e8s avoir men\u00e9 4-1, elle a progressivement d\u00e9clin\u00e9 et finalement chut\u00e9 <strong>7-6 (3), 6-2<\/strong> contre <strong>Leyre Romero Gormaz<\/strong>. Mais \u00e0 19 ans, elle a largement le temps de laisser sa marque.<\/p>\n<ul style=\"text-align: justify;\">\n<li><strong>\u00c0 lire aussi :\u00a0<a href=\"https:\/\/dicodusport.fr\/blog\/roland-garros-2025-le-tableau-de-simple-dames\/\">Le tableau de simple dames de Roland-Garros<\/a><\/strong><\/li>\n<\/ul>\n<p style=\"text-align: justify;\">La n\u00b01 mondiale,<strong> Aryna Sabalenka<\/strong>, a eu l&rsquo;honneur d&rsquo;ouvrir le programme sur le court Philippe-Chatrier&#8230; sur lequel elle n&rsquo;a pass\u00e9 que 60 minutes. <strong>6-1, 6-0<\/strong> contre <strong>Kamilla Rakhimova<\/strong>, pas de doute, la Bi\u00e9lorusse est pr\u00eate. <strong>Qinwen Zheng<\/strong> s&rsquo;est elle sortie d&rsquo;un premier tour pi\u00e9geux contre l&rsquo;ancienne finaliste en ces lieux (<a href=\"https:\/\/dicodusport.fr\/blog\/roland-garros-2021-barbora-krejcikova-remporte-son-premier-grand-chelem\/\">2021<\/a>), <strong>Anastasia Pavlyuchenkova<\/strong>, alors que Jasmine Paolini, qui avait d\u00e9roul\u00e9 au premier set, s&rsquo;est laiss\u00e9e entra\u00eener dans une troisi\u00e8me manche par<strong> Yue Yuan<\/strong>, a \u00e9t\u00e9 men\u00e9e d&rsquo;un break, avant de renverser la situation et de s&rsquo;imposer <strong>6-1, 4-6, 6-3<\/strong>. Grosse frayeur pour la finaliste en titre&#8230;<\/p>\n","protected":false},"excerpt":{"rendered":"<p>ROLAND-GARROS 2025 &#8211; Giovanni Mpetshi Perricard est le seul qualifi\u00e9 fran\u00e7ais de cette premi\u00e8re journ\u00e9e, marqu\u00e9e bien \u00e9videmment par l&rsquo;hommage rendu \u00e0 Rafael Nadal.\u00a0<\/p>\n","protected":false},"author":59,"featured_media":581894,"comment_status":"open","ping_status":"closed","sticky":false,"template":"","format":"standard","meta":{"_acf_changed":false,"_daextam_enable_autolinks":"1","footnotes":""},"categories":[47090],"tags":[16878,7778,159],"class_list":["post-581806","post","type-post","status-publish","format-standard","has-post-thumbnail","hentry","category-roland-garros","tag-breve","tag-giovanni-mpetshi-perricard","tag-roland-garros"],"acf":[],"yoast_head":"<!-- This site is optimized with the Yoast SEO Premium plugin v26.7 (Yoast SEO v26.7) - https:\/\/yoast.com\/wordpress\/plugins\/seo\/ -->\n<title>Roland-Garros 2025 : Rafael Nadal, Giovanni Mpetshi Perricard, Valentin Royer, le r\u00e9sum\u00e9 du dimanche 25 mai<\/title>\n<meta name=\"description\" content=\"ROLAND-GARROS 2025 - Giovanni Mpetshi Perricard est le seul qualifi\u00e9 fran\u00e7ais de cette premi\u00e8re journ\u00e9e, marqu\u00e9e bien \u00e9videmment par l&#039;hommage rendu \u00e0 Rafael Nadal.\u00a0\" \/>\n<meta name=\"robots\" content=\"index, follow, max-snippet:-1, max-image-preview:large, max-video-preview:-1\" \/>\n<link rel=\"canonical\" href=\"https:\/\/dicodusport.fr\/blog\/roland-garros-2025-rafael-nadal-giovanni-mpetshi-perricard-valentin-royer-le-resume-du-dimanche-25-mai\/\" \/>\n<meta property=\"og:locale\" content=\"fr_FR\" \/>\n<meta property=\"og:type\" content=\"article\" \/>\n<meta property=\"og:title\" content=\"Roland-Garros 2025 : Rafael Nadal, Giovanni Mpetshi Perricard, Valentin Royer, le r\u00e9sum\u00e9 du dimanche 25 mai\" \/>\n<meta property=\"og:description\" content=\"ROLAND-GARROS 2025 - Giovanni Mpetshi Perricard est le seul qualifi\u00e9 fran\u00e7ais de cette premi\u00e8re journ\u00e9e, marqu\u00e9e bien \u00e9videmment par l&#039;hommage rendu \u00e0 Rafael Nadal.\u00a0\" \/>\n<meta property=\"og:url\" content=\"https:\/\/dicodusport.fr\/blog\/roland-garros-2025-rafael-nadal-giovanni-mpetshi-perricard-valentin-royer-le-resume-du-dimanche-25-mai\/\" \/>\n<meta property=\"og:site_name\" content=\"Dicodusport\" \/>\n<meta property=\"article:publisher\" content=\"https:\/\/www.facebook.com\/dicodusport\" \/>\n<meta property=\"article:author\" content=\"https:\/\/www.facebook.com\/sebastien.gente\/\" \/>\n<meta property=\"article:published_time\" content=\"2025-05-25T19:00:30+00:00\" \/>\n<meta property=\"article:modified_time\" content=\"2025-05-29T12:01:07+00:00\" \/>\n<meta property=\"og:image\" content=\"https:\/\/dicodusport.fr\/blog\/wp-content\/uploads\/2025\/05\/Roland-Garros-2025-Rafael-Nadal-Giovanni-Mpetshi-Perricard-Valentin-Royer-le-resume-du-dimanche-25-mai.png\" \/>\n\t<meta property=\"og:image:width\" content=\"1200\" \/>\n\t<meta property=\"og:image:height\" content=\"674\" \/>\n\t<meta property=\"og:image:type\" content=\"image\/png\" \/>\n<meta name=\"author\" content=\"S\u00e9bastien Gente\" \/>\n<meta name=\"twitter:card\" content=\"summary_large_image\" \/>\n<meta name=\"twitter:title\" content=\"Roland-Garros 2025 : Rafael Nadal, Giovanni Mpetshi Perricard, Valentin Royer, le r\u00e9sum\u00e9 du dimanche 25 mai\" \/>\n<meta name=\"twitter:creator\" content=\"@https:\/\/twitter.com\/globulo24\" \/>\n<meta name=\"twitter:site\" content=\"@dicodusport\" \/>\n<script type=\"application\/ld+json\" class=\"yoast-schema-graph\">{\"@context\":\"https:\/\/schema.org\",\"@graph\":[{\"@type\":\"NewsArticle\",\"@id\":\"https:\/\/dicodusport.fr\/blog\/roland-garros-2025-rafael-nadal-giovanni-mpetshi-perricard-valentin-royer-le-resume-du-dimanche-25-mai\/#article\",\"isPartOf\":{\"@id\":\"https:\/\/dicodusport.fr\/blog\/roland-garros-2025-rafael-nadal-giovanni-mpetshi-perricard-valentin-royer-le-resume-du-dimanche-25-mai\/\"},\"author\":{\"name\":\"S\u00e9bastien Gente\",\"@id\":\"https:\/\/dicodusport.fr\/blog\/#\/schema\/person\/627966a6cde45dbd8c5e36ac85d783da\"},\"headline\":\"Roland-Garros 2025 : Rafael Nadal, Giovanni Mpetshi Perricard, Valentin Royer, le r\u00e9sum\u00e9 du dimanche 25 mai\",\"datePublished\":\"2025-05-25T19:00:30+00:00\",\"dateModified\":\"2025-05-29T12:01:07+00:00\",\"mainEntityOfPage\":{\"@id\":\"https:\/\/dicodusport.fr\/blog\/roland-garros-2025-rafael-nadal-giovanni-mpetshi-perricard-valentin-royer-le-resume-du-dimanche-25-mai\/\"},\"wordCount\":677,\"commentCount\":0,\"publisher\":{\"@id\":\"https:\/\/dicodusport.fr\/blog\/#organization\"},\"image\":{\"@id\":\"https:\/\/dicodusport.fr\/blog\/roland-garros-2025-rafael-nadal-giovanni-mpetshi-perricard-valentin-royer-le-resume-du-dimanche-25-mai\/#primaryimage\"},\"thumbnailUrl\":\"https:\/\/dicodusport.fr\/blog\/wp-content\/uploads\/2025\/05\/Roland-Garros-2025-Rafael-Nadal-Giovanni-Mpetshi-Perricard-Valentin-Royer-le-resume-du-dimanche-25-mai.png\",\"keywords\":[\"br\u00e8ve\",\"Giovanni Mpetshi Perricard\",\"Roland-Garros\"],\"articleSection\":[\"Roland-Garros\"],\"inLanguage\":\"fr-FR\",\"potentialAction\":[{\"@type\":\"CommentAction\",\"name\":\"Comment\",\"target\":[\"https:\/\/dicodusport.fr\/blog\/roland-garros-2025-rafael-nadal-giovanni-mpetshi-perricard-valentin-royer-le-resume-du-dimanche-25-mai\/#respond\"]}],\"copyrightYear\":\"2025\",\"copyrightHolder\":{\"@id\":\"https:\/\/dicodusport.fr\/blog\/#organization\"}},{\"@type\":\"WebPage\",\"@id\":\"https:\/\/dicodusport.fr\/blog\/roland-garros-2025-rafael-nadal-giovanni-mpetshi-perricard-valentin-royer-le-resume-du-dimanche-25-mai\/\",\"url\":\"https:\/\/dicodusport.fr\/blog\/roland-garros-2025-rafael-nadal-giovanni-mpetshi-perricard-valentin-royer-le-resume-du-dimanche-25-mai\/\",\"name\":\"Roland-Garros 2025 : Rafael Nadal, Giovanni Mpetshi Perricard, Valentin Royer, le r\u00e9sum\u00e9 du dimanche 25 mai\",\"isPartOf\":{\"@id\":\"https:\/\/dicodusport.fr\/blog\/#website\"},\"primaryImageOfPage\":{\"@id\":\"https:\/\/dicodusport.fr\/blog\/roland-garros-2025-rafael-nadal-giovanni-mpetshi-perricard-valentin-royer-le-resume-du-dimanche-25-mai\/#primaryimage\"},\"image\":{\"@id\":\"https:\/\/dicodusport.fr\/blog\/roland-garros-2025-rafael-nadal-giovanni-mpetshi-perricard-valentin-royer-le-resume-du-dimanche-25-mai\/#primaryimage\"},\"thumbnailUrl\":\"https:\/\/dicodusport.fr\/blog\/wp-content\/uploads\/2025\/05\/Roland-Garros-2025-Rafael-Nadal-Giovanni-Mpetshi-Perricard-Valentin-Royer-le-resume-du-dimanche-25-mai.png\",\"datePublished\":\"2025-05-25T19:00:30+00:00\",\"dateModified\":\"2025-05-29T12:01:07+00:00\",\"description\":\"ROLAND-GARROS 2025 - Giovanni Mpetshi Perricard est le seul qualifi\u00e9 fran\u00e7ais de cette premi\u00e8re journ\u00e9e, marqu\u00e9e bien \u00e9videmment par l'hommage rendu \u00e0 Rafael Nadal.\u00a0\",\"breadcrumb\":{\"@id\":\"https:\/\/dicodusport.fr\/blog\/roland-garros-2025-rafael-nadal-giovanni-mpetshi-perricard-valentin-royer-le-resume-du-dimanche-25-mai\/#breadcrumb\"},\"inLanguage\":\"fr-FR\",\"potentialAction\":[{\"@type\":\"ReadAction\",\"target\":[\"https:\/\/dicodusport.fr\/blog\/roland-garros-2025-rafael-nadal-giovanni-mpetshi-perricard-valentin-royer-le-resume-du-dimanche-25-mai\/\"]}]},{\"@type\":\"ImageObject\",\"inLanguage\":\"fr-FR\",\"@id\":\"https:\/\/dicodusport.fr\/blog\/roland-garros-2025-rafael-nadal-giovanni-mpetshi-perricard-valentin-royer-le-resume-du-dimanche-25-mai\/#primaryimage\",\"url\":\"https:\/\/dicodusport.fr\/blog\/wp-content\/uploads\/2025\/05\/Roland-Garros-2025-Rafael-Nadal-Giovanni-Mpetshi-Perricard-Valentin-Royer-le-resume-du-dimanche-25-mai.png\",\"contentUrl\":\"https:\/\/dicodusport.fr\/blog\/wp-content\/uploads\/2025\/05\/Roland-Garros-2025-Rafael-Nadal-Giovanni-Mpetshi-Perricard-Valentin-Royer-le-resume-du-dimanche-25-mai.png\",\"width\":1200,\"height\":674,\"caption\":\"Roland-Garros 2025 Rafael Nadal, Giovanni Mpetshi Perricard, Valentin Royer, le r\u00e9sum\u00e9 du dimanche 25 mai\"},{\"@type\":\"BreadcrumbList\",\"@id\":\"https:\/\/dicodusport.fr\/blog\/roland-garros-2025-rafael-nadal-giovanni-mpetshi-perricard-valentin-royer-le-resume-du-dimanche-25-mai\/#breadcrumb\",\"itemListElement\":[{\"@type\":\"ListItem\",\"position\":1,\"name\":\"Accueil\",\"item\":\"https:\/\/dicodusport.fr\/blog\/\"},{\"@type\":\"ListItem\",\"position\":2,\"name\":\"Roland-Garros 2025 : Rafael Nadal, Giovanni Mpetshi Perricard, Valentin Royer, le r\u00e9sum\u00e9 du dimanche 25 mai\"}]},{\"@type\":\"WebSite\",\"@id\":\"https:\/\/dicodusport.fr\/blog\/#website\",\"url\":\"https:\/\/dicodusport.fr\/blog\/\",\"name\":\"Dicodusport\",\"description\":\"L&#039;encyclop\u00e9die de l&#039;actualit\u00e9 sportive\",\"publisher\":{\"@id\":\"https:\/\/dicodusport.fr\/blog\/#organization\"},\"potentialAction\":[{\"@type\":\"SearchAction\",\"target\":{\"@type\":\"EntryPoint\",\"urlTemplate\":\"https:\/\/dicodusport.fr\/blog\/?s={search_term_string}\"},\"query-input\":{\"@type\":\"PropertyValueSpecification\",\"valueRequired\":true,\"valueName\":\"search_term_string\"}}],\"inLanguage\":\"fr-FR\"},{\"@type\":\"NewsMediaOrganization\",\"@id\":\"https:\/\/dicodusport.fr\/blog\/#organization\",\"name\":\"Dicodusport\",\"url\":\"https:\/\/dicodusport.fr\/blog\/\",\"logo\":{\"@type\":\"ImageObject\",\"inLanguage\":\"fr-FR\",\"@id\":\"https:\/\/dicodusport.fr\/blog\/#\/schema\/logo\/image\/\",\"url\":\"https:\/\/dicodusport.fr\/blog\/wp-content\/uploads\/2020\/06\/cropped-LOGO-DICODUSPORT-2020-SANS-FOND-SANS-TEXTE.png\",\"contentUrl\":\"https:\/\/dicodusport.fr\/blog\/wp-content\/uploads\/2020\/06\/cropped-LOGO-DICODUSPORT-2020-SANS-FOND-SANS-TEXTE.png\",\"width\":512,\"height\":512,\"caption\":\"Dicodusport\"},\"image\":{\"@id\":\"https:\/\/dicodusport.fr\/blog\/#\/schema\/logo\/image\/\"},\"sameAs\":[\"https:\/\/www.facebook.com\/dicodusport\",\"https:\/\/x.com\/dicodusport\",\"https:\/\/www.instagram.com\/dicodusport\/\",\"https:\/\/www.youtube.com\/channel\/UC7V2KZ5sd3htJivAbA4ZG3w\"],\"description\":\"Dicodusport est l'encyclop\u00e9die de l'actualit\u00e9 sportive.\",\"email\":\"bonjour@dicodusport.fr\",\"legalName\":\"DICODUSPORT\",\"foundingDate\":\"2018-01-14\",\"vatID\":\"FR71834470973\",\"taxID\":\"83447097300043\",\"numberOfEmployees\":{\"@type\":\"QuantitativeValue\",\"minValue\":\"1\",\"maxValue\":\"10\"}},{\"@type\":\"Person\",\"@id\":\"https:\/\/dicodusport.fr\/blog\/#\/schema\/person\/627966a6cde45dbd8c5e36ac85d783da\",\"name\":\"S\u00e9bastien Gente\",\"image\":{\"@type\":\"ImageObject\",\"inLanguage\":\"fr-FR\",\"@id\":\"https:\/\/dicodusport.fr\/blog\/#\/schema\/person\/image\/\",\"url\":\"https:\/\/dicodusport.fr\/blog\/wp-content\/uploads\/2021\/09\/1510990_10205810251400683_4124423575079401707_n-150x150.jpg\",\"contentUrl\":\"https:\/\/dicodusport.fr\/blog\/wp-content\/uploads\/2021\/09\/1510990_10205810251400683_4124423575079401707_n-150x150.jpg\",\"caption\":\"S\u00e9bastien Gente\"},\"description\":\"John Stockton, Gianni Bugno, Zinedine Zidane, Steffi Graf, Frode Andresen, St\u00e9phane Stoecklin, Davis Kamoga, Primoz Peterka, Werner Schlager et Aur\u00e9lien Rougerie. Point commun entre ces sportifs? Ils m'ont fait r\u00eaver et ont berc\u00e9 mon adolescence. Je suis un fondu de sports et j'essaie de retranscrire ma passion \u00e0 travers mes articles. Originaire du P\u00e9rigord, ma passion pour les Girondins, les Jaunards et les Jazzmen transpire dans mes \u00e9crits. \u00c0 Dicodusport depuis 2021, je d\u00e9niche les sports m\u00e9connus dans lesquels la France brille, et il y en a !\",\"sameAs\":[\"https:\/\/www.facebook.com\/sebastien.gente\/\",\"https:\/\/www.instagram.com\/sebgente\/\",\"https:\/\/www.linkedin.com\/in\/sbastien-gente-a29583169\/\",\"https:\/\/x.com\/https:\/\/twitter.com\/globulo24\",\"SebastienGente\"],\"worksFor\":\"S\u00e9bastien GENTE\",\"url\":\"https:\/\/dicodusport.fr\/blog\/author\/sebastiengente\/\"}]}<\/script>\n<!-- \/ Yoast SEO Premium plugin. -->","yoast_head_json":{"title":"Roland-Garros 2025 : Rafael Nadal, Giovanni Mpetshi Perricard, Valentin Royer, le r\u00e9sum\u00e9 du dimanche 25 mai","description":"ROLAND-GARROS 2025 - Giovanni Mpetshi Perricard est le seul qualifi\u00e9 fran\u00e7ais de cette premi\u00e8re journ\u00e9e, marqu\u00e9e bien \u00e9videmment par l'hommage rendu \u00e0 Rafael Nadal.\u00a0","robots":{"index":"index","follow":"follow","max-snippet":"max-snippet:-1","max-image-preview":"max-image-preview:large","max-video-preview":"max-video-preview:-1"},"canonical":"https:\/\/dicodusport.fr\/blog\/roland-garros-2025-rafael-nadal-giovanni-mpetshi-perricard-valentin-royer-le-resume-du-dimanche-25-mai\/","og_locale":"fr_FR","og_type":"article","og_title":"Roland-Garros 2025 : Rafael Nadal, Giovanni Mpetshi Perricard, Valentin Royer, le r\u00e9sum\u00e9 du dimanche 25 mai","og_description":"ROLAND-GARROS 2025 - Giovanni Mpetshi Perricard est le seul qualifi\u00e9 fran\u00e7ais de cette premi\u00e8re journ\u00e9e, marqu\u00e9e bien \u00e9videmment par l'hommage rendu \u00e0 Rafael Nadal.\u00a0","og_url":"https:\/\/dicodusport.fr\/blog\/roland-garros-2025-rafael-nadal-giovanni-mpetshi-perricard-valentin-royer-le-resume-du-dimanche-25-mai\/","og_site_name":"Dicodusport","article_publisher":"https:\/\/www.facebook.com\/dicodusport","article_author":"https:\/\/www.facebook.com\/sebastien.gente\/","article_published_time":"2025-05-25T19:00:30+00:00","article_modified_time":"2025-05-29T12:01:07+00:00","og_image":[{"width":1200,"height":674,"url":"https:\/\/dicodusport.fr\/blog\/wp-content\/uploads\/2025\/05\/Roland-Garros-2025-Rafael-Nadal-Giovanni-Mpetshi-Perricard-Valentin-Royer-le-resume-du-dimanche-25-mai.png","type":"image\/png"}],"author":"S\u00e9bastien Gente","twitter_card":"summary_large_image","twitter_title":"Roland-Garros 2025 : Rafael Nadal, Giovanni Mpetshi Perricard, Valentin Royer, le r\u00e9sum\u00e9 du dimanche 25 mai","twitter_creator":"@https:\/\/twitter.com\/globulo24","twitter_site":"@dicodusport","schema":{"@context":"https:\/\/schema.org","@graph":[{"@type":"NewsArticle","@id":"https:\/\/dicodusport.fr\/blog\/roland-garros-2025-rafael-nadal-giovanni-mpetshi-perricard-valentin-royer-le-resume-du-dimanche-25-mai\/#article","isPartOf":{"@id":"https:\/\/dicodusport.fr\/blog\/roland-garros-2025-rafael-nadal-giovanni-mpetshi-perricard-valentin-royer-le-resume-du-dimanche-25-mai\/"},"author":{"name":"S\u00e9bastien Gente","@id":"https:\/\/dicodusport.fr\/blog\/#\/schema\/person\/627966a6cde45dbd8c5e36ac85d783da"},"headline":"Roland-Garros 2025 : Rafael Nadal, Giovanni Mpetshi Perricard, Valentin Royer, le r\u00e9sum\u00e9 du dimanche 25 mai","datePublished":"2025-05-25T19:00:30+00:00","dateModified":"2025-05-29T12:01:07+00:00","mainEntityOfPage":{"@id":"https:\/\/dicodusport.fr\/blog\/roland-garros-2025-rafael-nadal-giovanni-mpetshi-perricard-valentin-royer-le-resume-du-dimanche-25-mai\/"},"wordCount":677,"commentCount":0,"publisher":{"@id":"https:\/\/dicodusport.fr\/blog\/#organization"},"image":{"@id":"https:\/\/dicodusport.fr\/blog\/roland-garros-2025-rafael-nadal-giovanni-mpetshi-perricard-valentin-royer-le-resume-du-dimanche-25-mai\/#primaryimage"},"thumbnailUrl":"https:\/\/dicodusport.fr\/blog\/wp-content\/uploads\/2025\/05\/Roland-Garros-2025-Rafael-Nadal-Giovanni-Mpetshi-Perricard-Valentin-Royer-le-resume-du-dimanche-25-mai.png","keywords":["br\u00e8ve","Giovanni Mpetshi Perricard","Roland-Garros"],"articleSection":["Roland-Garros"],"inLanguage":"fr-FR","potentialAction":[{"@type":"CommentAction","name":"Comment","target":["https:\/\/dicodusport.fr\/blog\/roland-garros-2025-rafael-nadal-giovanni-mpetshi-perricard-valentin-royer-le-resume-du-dimanche-25-mai\/#respond"]}],"copyrightYear":"2025","copyrightHolder":{"@id":"https:\/\/dicodusport.fr\/blog\/#organization"}},{"@type":"WebPage","@id":"https:\/\/dicodusport.fr\/blog\/roland-garros-2025-rafael-nadal-giovanni-mpetshi-perricard-valentin-royer-le-resume-du-dimanche-25-mai\/","url":"https:\/\/dicodusport.fr\/blog\/roland-garros-2025-rafael-nadal-giovanni-mpetshi-perricard-valentin-royer-le-resume-du-dimanche-25-mai\/","name":"Roland-Garros 2025 : Rafael Nadal, Giovanni Mpetshi Perricard, Valentin Royer, le r\u00e9sum\u00e9 du dimanche 25 mai","isPartOf":{"@id":"https:\/\/dicodusport.fr\/blog\/#website"},"primaryImageOfPage":{"@id":"https:\/\/dicodusport.fr\/blog\/roland-garros-2025-rafael-nadal-giovanni-mpetshi-perricard-valentin-royer-le-resume-du-dimanche-25-mai\/#primaryimage"},"image":{"@id":"https:\/\/dicodusport.fr\/blog\/roland-garros-2025-rafael-nadal-giovanni-mpetshi-perricard-valentin-royer-le-resume-du-dimanche-25-mai\/#primaryimage"},"thumbnailUrl":"https:\/\/dicodusport.fr\/blog\/wp-content\/uploads\/2025\/05\/Roland-Garros-2025-Rafael-Nadal-Giovanni-Mpetshi-Perricard-Valentin-Royer-le-resume-du-dimanche-25-mai.png","datePublished":"2025-05-25T19:00:30+00:00","dateModified":"2025-05-29T12:01:07+00:00","description":"ROLAND-GARROS 2025 - Giovanni Mpetshi Perricard est le seul qualifi\u00e9 fran\u00e7ais de cette premi\u00e8re journ\u00e9e, marqu\u00e9e bien \u00e9videmment par l'hommage rendu \u00e0 Rafael Nadal.\u00a0","breadcrumb":{"@id":"https:\/\/dicodusport.fr\/blog\/roland-garros-2025-rafael-nadal-giovanni-mpetshi-perricard-valentin-royer-le-resume-du-dimanche-25-mai\/#breadcrumb"},"inLanguage":"fr-FR","potentialAction":[{"@type":"ReadAction","target":["https:\/\/dicodusport.fr\/blog\/roland-garros-2025-rafael-nadal-giovanni-mpetshi-perricard-valentin-royer-le-resume-du-dimanche-25-mai\/"]}]},{"@type":"ImageObject","inLanguage":"fr-FR","@id":"https:\/\/dicodusport.fr\/blog\/roland-garros-2025-rafael-nadal-giovanni-mpetshi-perricard-valentin-royer-le-resume-du-dimanche-25-mai\/#primaryimage","url":"https:\/\/dicodusport.fr\/blog\/wp-content\/uploads\/2025\/05\/Roland-Garros-2025-Rafael-Nadal-Giovanni-Mpetshi-Perricard-Valentin-Royer-le-resume-du-dimanche-25-mai.png","contentUrl":"https:\/\/dicodusport.fr\/blog\/wp-content\/uploads\/2025\/05\/Roland-Garros-2025-Rafael-Nadal-Giovanni-Mpetshi-Perricard-Valentin-Royer-le-resume-du-dimanche-25-mai.png","width":1200,"height":674,"caption":"Roland-Garros 2025 Rafael Nadal, Giovanni Mpetshi Perricard, Valentin Royer, le r\u00e9sum\u00e9 du dimanche 25 mai"},{"@type":"BreadcrumbList","@id":"https:\/\/dicodusport.fr\/blog\/roland-garros-2025-rafael-nadal-giovanni-mpetshi-perricard-valentin-royer-le-resume-du-dimanche-25-mai\/#breadcrumb","itemListElement":[{"@type":"ListItem","position":1,"name":"Accueil","item":"https:\/\/dicodusport.fr\/blog\/"},{"@type":"ListItem","position":2,"name":"Roland-Garros 2025 : Rafael Nadal, Giovanni Mpetshi Perricard, Valentin Royer, le r\u00e9sum\u00e9 du dimanche 25 mai"}]},{"@type":"WebSite","@id":"https:\/\/dicodusport.fr\/blog\/#website","url":"https:\/\/dicodusport.fr\/blog\/","name":"Dicodusport","description":"L&#039;encyclop\u00e9die de l&#039;actualit\u00e9 sportive","publisher":{"@id":"https:\/\/dicodusport.fr\/blog\/#organization"},"potentialAction":[{"@type":"SearchAction","target":{"@type":"EntryPoint","urlTemplate":"https:\/\/dicodusport.fr\/blog\/?s={search_term_string}"},"query-input":{"@type":"PropertyValueSpecification","valueRequired":true,"valueName":"search_term_string"}}],"inLanguage":"fr-FR"},{"@type":"NewsMediaOrganization","@id":"https:\/\/dicodusport.fr\/blog\/#organization","name":"Dicodusport","url":"https:\/\/dicodusport.fr\/blog\/","logo":{"@type":"ImageObject","inLanguage":"fr-FR","@id":"https:\/\/dicodusport.fr\/blog\/#\/schema\/logo\/image\/","url":"https:\/\/dicodusport.fr\/blog\/wp-content\/uploads\/2020\/06\/cropped-LOGO-DICODUSPORT-2020-SANS-FOND-SANS-TEXTE.png","contentUrl":"https:\/\/dicodusport.fr\/blog\/wp-content\/uploads\/2020\/06\/cropped-LOGO-DICODUSPORT-2020-SANS-FOND-SANS-TEXTE.png","width":512,"height":512,"caption":"Dicodusport"},"image":{"@id":"https:\/\/dicodusport.fr\/blog\/#\/schema\/logo\/image\/"},"sameAs":["https:\/\/www.facebook.com\/dicodusport","https:\/\/x.com\/dicodusport","https:\/\/www.instagram.com\/dicodusport\/","https:\/\/www.youtube.com\/channel\/UC7V2KZ5sd3htJivAbA4ZG3w"],"description":"Dicodusport est l'encyclop\u00e9die de l'actualit\u00e9 sportive.","email":"bonjour@dicodusport.fr","legalName":"DICODUSPORT","foundingDate":"2018-01-14","vatID":"FR71834470973","taxID":"83447097300043","numberOfEmployees":{"@type":"QuantitativeValue","minValue":"1","maxValue":"10"}},{"@type":"Person","@id":"https:\/\/dicodusport.fr\/blog\/#\/schema\/person\/627966a6cde45dbd8c5e36ac85d783da","name":"S\u00e9bastien Gente","image":{"@type":"ImageObject","inLanguage":"fr-FR","@id":"https:\/\/dicodusport.fr\/blog\/#\/schema\/person\/image\/","url":"https:\/\/dicodusport.fr\/blog\/wp-content\/uploads\/2021\/09\/1510990_10205810251400683_4124423575079401707_n-150x150.jpg","contentUrl":"https:\/\/dicodusport.fr\/blog\/wp-content\/uploads\/2021\/09\/1510990_10205810251400683_4124423575079401707_n-150x150.jpg","caption":"S\u00e9bastien Gente"},"description":"John Stockton, Gianni Bugno, Zinedine Zidane, Steffi Graf, Frode Andresen, St\u00e9phane Stoecklin, Davis Kamoga, Primoz Peterka, Werner Schlager et Aur\u00e9lien Rougerie. Point commun entre ces sportifs? Ils m'ont fait r\u00eaver et ont berc\u00e9 mon adolescence. Je suis un fondu de sports et j'essaie de retranscrire ma passion \u00e0 travers mes articles. Originaire du P\u00e9rigord, ma passion pour les Girondins, les Jaunards et les Jazzmen transpire dans mes \u00e9crits. \u00c0 Dicodusport depuis 2021, je d\u00e9niche les sports m\u00e9connus dans lesquels la France brille, et il y en a !","sameAs":["https:\/\/www.facebook.com\/sebastien.gente\/","https:\/\/www.instagram.com\/sebgente\/","https:\/\/www.linkedin.com\/in\/sbastien-gente-a29583169\/","https:\/\/x.com\/https:\/\/twitter.com\/globulo24","SebastienGente"],"worksFor":"S\u00e9bastien GENTE","url":"https:\/\/dicodusport.fr\/blog\/author\/sebastiengente\/"}]}},"_links":{"self":[{"href":"https:\/\/dicodusport.fr\/blog\/wp-json\/wp\/v2\/posts\/581806","targetHints":{"allow":["GET"]}}],"collection":[{"href":"https:\/\/dicodusport.fr\/blog\/wp-json\/wp\/v2\/posts"}],"about":[{"href":"https:\/\/dicodusport.fr\/blog\/wp-json\/wp\/v2\/types\/post"}],"author":[{"embeddable":true,"href":"https:\/\/dicodusport.fr\/blog\/wp-json\/wp\/v2\/users\/59"}],"replies":[{"embeddable":true,"href":"https:\/\/dicodusport.fr\/blog\/wp-json\/wp\/v2\/comments?post=581806"}],"version-history":[{"count":1,"href":"https:\/\/dicodusport.fr\/blog\/wp-json\/wp\/v2\/posts\/581806\/revisions"}],"predecessor-version":[{"id":581898,"href":"https:\/\/dicodusport.fr\/blog\/wp-json\/wp\/v2\/posts\/581806\/revisions\/581898"}],"wp:featuredmedia":[{"embeddable":true,"href":"https:\/\/dicodusport.fr\/blog\/wp-json\/wp\/v2\/media\/581894"}],"wp:attachment":[{"href":"https:\/\/dicodusport.fr\/blog\/wp-json\/wp\/v2\/media?parent=581806"}],"wp:term":[{"taxonomy":"category","embeddable":true,"href":"https:\/\/dicodusport.fr\/blog\/wp-json\/wp\/v2\/categories?post=581806"},{"taxonomy":"post_tag","embeddable":true,"href":"https:\/\/dicodusport.fr\/blog\/wp-json\/wp\/v2\/tags?post=581806"}],"curies":[{"name":"wp","href":"https:\/\/api.w.org\/{rel}","templated":true}]}}