{"id":581983,"date":"2025-05-27T12:31:56","date_gmt":"2025-05-27T10:31:56","guid":{"rendered":"https:\/\/dicodusport.fr\/blog\/?p=581983&#038;preview=true&#038;preview_id=581983"},"modified":"2025-05-27T12:31:58","modified_gmt":"2025-05-27T10:31:58","slug":"roland-garros-2025-le-programme-des-matchs-du-mardi-27-mai","status":"publish","type":"post","link":"https:\/\/dicodusport.fr\/blog\/roland-garros-2025-le-programme-des-matchs-du-mardi-27-mai\/","title":{"rendered":"Roland-Garros 2025 : Le programme des matchs du mardi 27 mai"},"content":{"rendered":"<p style=\"text-align: justify;\"><strong><em>ROLAND-GARROS 2025 &#8211; Le premier tour va s&rsquo;achever ! Voici le programme de tous les matchs du mardi 27 mai 2025 \u00e0 Roland-Garros.\u00a0<\/em><\/strong><\/p>\n<ul style=\"text-align: justify;\">\n<li style=\"text-align: justify;\"><strong>\u00c0 lire aussi :\u00a0<a href=\"https:\/\/dicodusport.fr\/blog\/roland-garros-2025-le-tableau-de-simple-hommes\/\">Le tableau de simple hommes de Roland-Garros<\/a><\/strong><\/li>\n<li style=\"text-align: justify;\"><strong>\u00c0 lire aussi :\u00a0<a href=\"https:\/\/dicodusport.fr\/blog\/roland-garros-2025-le-tableau-de-simple-dames\/\">Le tableau de simple dames de Roland-Garros<\/a><\/strong><\/li>\n<\/ul>\n<h2 style=\"text-align: justify;\">Court Philippe-Chatrier (\u00e0 partir de 12h)<\/h2>\n<p style=\"text-align: justify;\"><strong>Varvara Gracheva<\/strong> &#8211; Sofia Kenin<br \/>\nOlivia Gadecki &#8211; Coco Gauff<br \/>\nMackenzie McDonald &#8211; Novak Djokovic<br \/>\n20h15 : <strong>Ga\u00ebl Monfils<\/strong> &#8211; Hugo Dellien<\/p>\n<h2 style=\"text-align: justify;\">Court Suzanne-Lenglen (\u00e0 partir de 11h)<\/h2>\n<p style=\"text-align: justify;\">Mirra Andreeva &#8211; Cristina Bucsa<br \/>\nAlexander Zverev &#8211; Learner Tien<br \/>\nAnca Todoni &#8211; Jessica Pegula<br \/>\nMattia Bellucci &#8211; Jack Draper<\/p>\n<h2 style=\"text-align: justify;\">Court Simonne-Mathieu (\u00e0 partir de 11h)<\/h2>\n<p style=\"text-align: justify;\">Daniil Medvedev &#8211; Cameron Norrie<br \/>\nMagdalena Frech &#8211; Ons Jabeur<br \/>\n<strong>Corentin Moutet &#8211; Cl\u00e9ment Tabur<\/strong><br \/>\nKarolina Muchova &#8211; Alycia Parks<\/p>\n<h2 style=\"text-align: justify;\">Court n\u00b014 (\u00e0 partir de 11h)<\/h2>\n<p style=\"text-align: justify;\">Alex De Minaur &#8211; Laslo Djere<br \/>\n<b>Alexandre M\u00fcller\u00a0<\/b>&#8211; Jakub Mensik<br \/>\n<strong>Lois Boisson<\/strong> &#8211; Elise Mertens<br \/>\nAnna Kalinskaya &#8211; Marie Bouzkova<\/p>\n<h2 style=\"text-align: justify;\">Court n\u00b07 (\u00e0 partir de 11h)<\/h2>\n<p style=\"text-align: justify;\">Beatriz Haddad Maia &#8211; Hailey Baptiste<br \/>\n<strong>Chlo\u00e9 Paquet<\/strong> &#8211; Tereza Valentova<br \/>\nAndrey Riblev &#8211; Lloyd Harris<br \/>\nHubert Hurkacz &#8211; Jo\u00e3o Fonseca<\/p>\n<h2 style=\"text-align: justify;\">Court n\u00b06 (\u00e0 partir de 11h)<\/h2>\n<p style=\"text-align: justify;\">Yanina Wickmayer &#8211; Victoria Azarenka<br \/>\nEthan Quinn &#8211; Grigor Dimitrov<br \/>\n<strong>Elsa Jacquemot<\/strong> &#8211; Maria Sakkari<br \/>\nMatteo Arnaldi &#8211; F\u00e9lix Auger-Aliassime<\/p>\n<h2 style=\"text-align: justify;\">Court n\u00b02 (\u00e0 partir de 11 heures)<\/h2>\n<p style=\"text-align: justify;\">Anna Blinkova + Mayar Sherif &#8211; Lulu Sun + Yue Yuan<br \/>\nAlexander Erler + Constantin Franzer &#8211; Luciano Dardieri + Diego Hidalgo<br \/>\nCaroline Dolehide + Desirae Krawczyk &#8211; Olga Danilovic &#8211; Anastasia Potapova<br \/>\nNathaniel Lammons + Jackson Withrow &#8211; Santiago Gonzalez + Austin Krajicek<\/p>\n<h2 style=\"text-align: justify;\">Court n\u00b03 (\u00e0 partir de 11h)<\/h2>\n<p style=\"text-align: justify;\">Guido Andreozzi + <strong>Th\u00e9o Arribag\u00e9<\/strong> &#8211; Sebastian Baez + Francisco Comesana<br \/>\n<strong>Quentin Halys + Albano Olivetti<\/strong> &#8211; Jason Kubler + Jordan Thompson<br \/>\nMiyu Kato + Aldila Sutjiai &#8211;<strong> Caroline Garcia + Diane Parry<\/strong><br \/>\nJakob Schnaitter + Mark Wallner &#8211; Tallon Griekspoor &#8211; Bart Stevens<\/p>\n<h2 style=\"text-align: justify;\">Court n\u00b04 (\u00e0 partir de 11h)<\/h2>\n<p style=\"text-align: justify;\">Rinky Hijikata + Miomir Kecmanovic &#8211; Julian Cash + Lloyd Glasspool<br \/>\n<strong>\u00c9meline Dartron + Tiantsoa Sarah Rakotomanga Rajaonah<\/strong> &#8211; Anastasia Detiuc + Yuliia Starodubtseva<br \/>\nNikoloz Basilashvili &#8211; Henrique Rocha<br \/>\nLinda Noskova + Clara Tauson &#8211; Tereza Mikhailova + Olivia Nichols<\/p>\n<h2 style=\"text-align: justify;\">Court n\u00b05 (\u00e0 partir de 11h)<\/h2>\n<p style=\"text-align: justify;\">Nao Hibino &#8211; Moyuke Uchijima<br \/>\nJoe Salisbury + Neil Skupski &#8211; Francisco Cerundolo + Tomas Martin Etcheverry<br \/>\nUlrikke Eikeri + Eri Hozumi &#8211; Eva Lys + Tatjana Maria<br \/>\nAnna Dalinina + Aleksandra Krunic &#8211; Magda Linette + Bernarda Pera<\/p>\n<h2 style=\"text-align: justify;\">Court n\u00b08 (\u00e0 partir de 11h)<\/h2>\n<p style=\"text-align: justify;\">Nikola Mektic + Michael Venus &#8211; <strong>Gr\u00e9goire Jacq<\/strong> + Matthew Romios<br \/>\nJesper de Jong &#8211; Francesco Passaro<br \/>\nMarin Cilic &#8211; Flavio Cobolli<br \/>\nKatie Volynets &#8211; Joanna Garland<\/p>\n<h2 style=\"text-align: justify;\">Court n\u00b09 (\u00e0 partir de 11h)<\/h2>\n<p style=\"text-align: justify;\">Aleksandar Kovacevic &#8211; Federico Gomez<br \/>\nSuzan Lamens &#8211; Ashlyn Krueger<br \/>\nSonay Kartal &#8211; Erika Andreeva<br \/>\nAexandra Eala + Renata Zarazua &#8211; Emily Appleton + Yvonne Cavalle-Reimers<\/p>\n<h2 style=\"text-align: justify;\">Court n\u00b012 (\u00e0 partir de 11h)<\/h2>\n<p style=\"text-align: justify;\">Oksana Selekhmeteva &#8211; Marketa Vondrousova<br \/>\nAleander Bublik &#8211; James Duckworth<br \/>\nMaximilian Marterer &#8211; Adam Walton<br \/>\nMaria Lourdes Carle &#8211; Ann Li<\/p>\n<h2 style=\"text-align: justify;\">Court n\u00b013 (\u00e0 partir de 11h)<\/h2>\n<p style=\"text-align: justify;\">Alexander Shevchenko &#8211; Dusan Lajovic<br \/>\nEliva Avanesyan &#8211; Anhelina Kalinina<br \/>\n<strong>Pierre-Hugues Herbert &#8211; Benjamin Bonzi<\/strong><br \/>\nSolena Sierra &#8211; Yulia Putintseva<\/p>\n","protected":false},"excerpt":{"rendered":"<p>ROLAND-GARROS 2024 &#8211; Voici le programme de tous les matchs du mardi 27 mai 2025 \u00e0 Roland-Garros.\u00a0<\/p>\n","protected":false},"author":59,"featured_media":581987,"comment_status":"open","ping_status":"closed","sticky":false,"template":"","format":"standard","meta":{"_acf_changed":false,"_daextam_enable_autolinks":"1","footnotes":""},"categories":[47090],"tags":[16878],"class_list":["post-581983","post","type-post","status-publish","format-standard","has-post-thumbnail","hentry","category-roland-garros","tag-breve"],"acf":[],"yoast_head":"<!-- This site is optimized with the Yoast SEO Premium plugin v26.7 (Yoast SEO v26.7) - https:\/\/yoast.com\/wordpress\/plugins\/seo\/ -->\n<title>Roland-Garros 2025 : Le programme des matchs du mardi 27 mai<\/title>\n<meta name=\"description\" content=\"ROLAND-GARROS 2025 - Le premier tour va s&#039;achever ! Voici le programme de tous les matchs du mardi 27 mai 2025 \u00e0 Roland-Garros.\u00a0\" \/>\n<meta name=\"robots\" content=\"index, follow, max-snippet:-1, max-image-preview:large, max-video-preview:-1\" \/>\n<link rel=\"canonical\" href=\"https:\/\/dicodusport.fr\/blog\/roland-garros-2025-le-programme-des-matchs-du-mardi-27-mai\/\" \/>\n<meta property=\"og:locale\" content=\"fr_FR\" \/>\n<meta property=\"og:type\" content=\"article\" \/>\n<meta property=\"og:title\" content=\"Roland-Garros 2025 : Le programme des matchs du mardi 27 mai\" \/>\n<meta property=\"og:description\" content=\"ROLAND-GARROS 2025 - Le premier tour va s&#039;achever ! Voici le programme de tous les matchs du mardi 27 mai 2025 \u00e0 Roland-Garros.\u00a0\" \/>\n<meta property=\"og:url\" content=\"https:\/\/dicodusport.fr\/blog\/roland-garros-2025-le-programme-des-matchs-du-mardi-27-mai\/\" \/>\n<meta property=\"og:site_name\" content=\"Dicodusport\" \/>\n<meta property=\"article:publisher\" content=\"https:\/\/www.facebook.com\/dicodusport\" \/>\n<meta property=\"article:author\" content=\"https:\/\/www.facebook.com\/sebastien.gente\/\" \/>\n<meta property=\"article:published_time\" content=\"2025-05-27T10:31:56+00:00\" \/>\n<meta property=\"article:modified_time\" content=\"2025-05-27T10:31:58+00:00\" \/>\n<meta property=\"og:image\" content=\"https:\/\/dicodusport.fr\/blog\/wp-content\/uploads\/2025\/05\/Roland-Garros-2025-Le-programme-des-matchs-du-mardi-27-mai-1.png\" \/>\n\t<meta property=\"og:image:width\" content=\"1200\" \/>\n\t<meta property=\"og:image:height\" content=\"674\" \/>\n\t<meta property=\"og:image:type\" content=\"image\/png\" \/>\n<meta name=\"author\" content=\"S\u00e9bastien Gente\" \/>\n<meta name=\"twitter:card\" content=\"summary_large_image\" \/>\n<meta name=\"twitter:title\" content=\"Roland-Garros 2025 : Le programme des matchs du mardi 27 mai\" \/>\n<meta name=\"twitter:creator\" content=\"@https:\/\/twitter.com\/globulo24\" \/>\n<meta name=\"twitter:site\" content=\"@dicodusport\" \/>\n<script type=\"application\/ld+json\" class=\"yoast-schema-graph\">{\"@context\":\"https:\/\/schema.org\",\"@graph\":[{\"@type\":\"NewsArticle\",\"@id\":\"https:\/\/dicodusport.fr\/blog\/roland-garros-2025-le-programme-des-matchs-du-mardi-27-mai\/#article\",\"isPartOf\":{\"@id\":\"https:\/\/dicodusport.fr\/blog\/roland-garros-2025-le-programme-des-matchs-du-mardi-27-mai\/\"},\"author\":{\"name\":\"S\u00e9bastien Gente\",\"@id\":\"https:\/\/dicodusport.fr\/blog\/#\/schema\/person\/627966a6cde45dbd8c5e36ac85d783da\"},\"headline\":\"Roland-Garros 2025 : Le programme des matchs du mardi 27 mai\",\"datePublished\":\"2025-05-27T10:31:56+00:00\",\"dateModified\":\"2025-05-27T10:31:58+00:00\",\"mainEntityOfPage\":{\"@id\":\"https:\/\/dicodusport.fr\/blog\/roland-garros-2025-le-programme-des-matchs-du-mardi-27-mai\/\"},\"wordCount\":476,\"commentCount\":0,\"publisher\":{\"@id\":\"https:\/\/dicodusport.fr\/blog\/#organization\"},\"image\":{\"@id\":\"https:\/\/dicodusport.fr\/blog\/roland-garros-2025-le-programme-des-matchs-du-mardi-27-mai\/#primaryimage\"},\"thumbnailUrl\":\"https:\/\/dicodusport.fr\/blog\/wp-content\/uploads\/2025\/05\/Roland-Garros-2025-Le-programme-des-matchs-du-mardi-27-mai-1.png\",\"keywords\":[\"br\u00e8ve\"],\"articleSection\":[\"Roland-Garros\"],\"inLanguage\":\"fr-FR\",\"potentialAction\":[{\"@type\":\"CommentAction\",\"name\":\"Comment\",\"target\":[\"https:\/\/dicodusport.fr\/blog\/roland-garros-2025-le-programme-des-matchs-du-mardi-27-mai\/#respond\"]}],\"copyrightYear\":\"2025\",\"copyrightHolder\":{\"@id\":\"https:\/\/dicodusport.fr\/blog\/#organization\"}},{\"@type\":\"WebPage\",\"@id\":\"https:\/\/dicodusport.fr\/blog\/roland-garros-2025-le-programme-des-matchs-du-mardi-27-mai\/\",\"url\":\"https:\/\/dicodusport.fr\/blog\/roland-garros-2025-le-programme-des-matchs-du-mardi-27-mai\/\",\"name\":\"Roland-Garros 2025 : Le programme des matchs du mardi 27 mai\",\"isPartOf\":{\"@id\":\"https:\/\/dicodusport.fr\/blog\/#website\"},\"primaryImageOfPage\":{\"@id\":\"https:\/\/dicodusport.fr\/blog\/roland-garros-2025-le-programme-des-matchs-du-mardi-27-mai\/#primaryimage\"},\"image\":{\"@id\":\"https:\/\/dicodusport.fr\/blog\/roland-garros-2025-le-programme-des-matchs-du-mardi-27-mai\/#primaryimage\"},\"thumbnailUrl\":\"https:\/\/dicodusport.fr\/blog\/wp-content\/uploads\/2025\/05\/Roland-Garros-2025-Le-programme-des-matchs-du-mardi-27-mai-1.png\",\"datePublished\":\"2025-05-27T10:31:56+00:00\",\"dateModified\":\"2025-05-27T10:31:58+00:00\",\"description\":\"ROLAND-GARROS 2025 - Le premier tour va s'achever ! Voici le programme de tous les matchs du mardi 27 mai 2025 \u00e0 Roland-Garros.\u00a0\",\"breadcrumb\":{\"@id\":\"https:\/\/dicodusport.fr\/blog\/roland-garros-2025-le-programme-des-matchs-du-mardi-27-mai\/#breadcrumb\"},\"inLanguage\":\"fr-FR\",\"potentialAction\":[{\"@type\":\"ReadAction\",\"target\":[\"https:\/\/dicodusport.fr\/blog\/roland-garros-2025-le-programme-des-matchs-du-mardi-27-mai\/\"]}]},{\"@type\":\"ImageObject\",\"inLanguage\":\"fr-FR\",\"@id\":\"https:\/\/dicodusport.fr\/blog\/roland-garros-2025-le-programme-des-matchs-du-mardi-27-mai\/#primaryimage\",\"url\":\"https:\/\/dicodusport.fr\/blog\/wp-content\/uploads\/2025\/05\/Roland-Garros-2025-Le-programme-des-matchs-du-mardi-27-mai-1.png\",\"contentUrl\":\"https:\/\/dicodusport.fr\/blog\/wp-content\/uploads\/2025\/05\/Roland-Garros-2025-Le-programme-des-matchs-du-mardi-27-mai-1.png\",\"width\":1200,\"height\":674,\"caption\":\"Roland-Garros 2025 Le programme des matchs du mardi 27 mai\"},{\"@type\":\"BreadcrumbList\",\"@id\":\"https:\/\/dicodusport.fr\/blog\/roland-garros-2025-le-programme-des-matchs-du-mardi-27-mai\/#breadcrumb\",\"itemListElement\":[{\"@type\":\"ListItem\",\"position\":1,\"name\":\"Accueil\",\"item\":\"https:\/\/dicodusport.fr\/blog\/\"},{\"@type\":\"ListItem\",\"position\":2,\"name\":\"Roland-Garros 2025 : Le programme des matchs du mardi 27 mai\"}]},{\"@type\":\"WebSite\",\"@id\":\"https:\/\/dicodusport.fr\/blog\/#website\",\"url\":\"https:\/\/dicodusport.fr\/blog\/\",\"name\":\"Dicodusport\",\"description\":\"L&#039;encyclop\u00e9die de l&#039;actualit\u00e9 sportive\",\"publisher\":{\"@id\":\"https:\/\/dicodusport.fr\/blog\/#organization\"},\"potentialAction\":[{\"@type\":\"SearchAction\",\"target\":{\"@type\":\"EntryPoint\",\"urlTemplate\":\"https:\/\/dicodusport.fr\/blog\/?s={search_term_string}\"},\"query-input\":{\"@type\":\"PropertyValueSpecification\",\"valueRequired\":true,\"valueName\":\"search_term_string\"}}],\"inLanguage\":\"fr-FR\"},{\"@type\":\"NewsMediaOrganization\",\"@id\":\"https:\/\/dicodusport.fr\/blog\/#organization\",\"name\":\"Dicodusport\",\"url\":\"https:\/\/dicodusport.fr\/blog\/\",\"logo\":{\"@type\":\"ImageObject\",\"inLanguage\":\"fr-FR\",\"@id\":\"https:\/\/dicodusport.fr\/blog\/#\/schema\/logo\/image\/\",\"url\":\"https:\/\/dicodusport.fr\/blog\/wp-content\/uploads\/2020\/06\/cropped-LOGO-DICODUSPORT-2020-SANS-FOND-SANS-TEXTE.png\",\"contentUrl\":\"https:\/\/dicodusport.fr\/blog\/wp-content\/uploads\/2020\/06\/cropped-LOGO-DICODUSPORT-2020-SANS-FOND-SANS-TEXTE.png\",\"width\":512,\"height\":512,\"caption\":\"Dicodusport\"},\"image\":{\"@id\":\"https:\/\/dicodusport.fr\/blog\/#\/schema\/logo\/image\/\"},\"sameAs\":[\"https:\/\/www.facebook.com\/dicodusport\",\"https:\/\/x.com\/dicodusport\",\"https:\/\/www.instagram.com\/dicodusport\/\",\"https:\/\/www.youtube.com\/channel\/UC7V2KZ5sd3htJivAbA4ZG3w\"],\"description\":\"Dicodusport est l'encyclop\u00e9die de l'actualit\u00e9 sportive.\",\"email\":\"bonjour@dicodusport.fr\",\"legalName\":\"DICODUSPORT\",\"foundingDate\":\"2018-01-14\",\"vatID\":\"FR71834470973\",\"taxID\":\"83447097300043\",\"numberOfEmployees\":{\"@type\":\"QuantitativeValue\",\"minValue\":\"1\",\"maxValue\":\"10\"}},{\"@type\":\"Person\",\"@id\":\"https:\/\/dicodusport.fr\/blog\/#\/schema\/person\/627966a6cde45dbd8c5e36ac85d783da\",\"name\":\"S\u00e9bastien Gente\",\"image\":{\"@type\":\"ImageObject\",\"inLanguage\":\"fr-FR\",\"@id\":\"https:\/\/dicodusport.fr\/blog\/#\/schema\/person\/image\/\",\"url\":\"https:\/\/dicodusport.fr\/blog\/wp-content\/uploads\/2021\/09\/1510990_10205810251400683_4124423575079401707_n-150x150.jpg\",\"contentUrl\":\"https:\/\/dicodusport.fr\/blog\/wp-content\/uploads\/2021\/09\/1510990_10205810251400683_4124423575079401707_n-150x150.jpg\",\"caption\":\"S\u00e9bastien Gente\"},\"description\":\"John Stockton, Gianni Bugno, Zinedine Zidane, Steffi Graf, Frode Andresen, St\u00e9phane Stoecklin, Davis Kamoga, Primoz Peterka, Werner Schlager et Aur\u00e9lien Rougerie. Point commun entre ces sportifs? Ils m'ont fait r\u00eaver et ont berc\u00e9 mon adolescence. Je suis un fondu de sports et j'essaie de retranscrire ma passion \u00e0 travers mes articles. Originaire du P\u00e9rigord, ma passion pour les Girondins, les Jaunards et les Jazzmen transpire dans mes \u00e9crits. \u00c0 Dicodusport depuis 2021, je d\u00e9niche les sports m\u00e9connus dans lesquels la France brille, et il y en a !\",\"sameAs\":[\"https:\/\/www.facebook.com\/sebastien.gente\/\",\"https:\/\/www.instagram.com\/sebgente\/\",\"https:\/\/www.linkedin.com\/in\/sbastien-gente-a29583169\/\",\"https:\/\/x.com\/https:\/\/twitter.com\/globulo24\",\"SebastienGente\"],\"worksFor\":\"S\u00e9bastien GENTE\",\"url\":\"https:\/\/dicodusport.fr\/blog\/author\/sebastiengente\/\"}]}<\/script>\n<!-- \/ Yoast SEO Premium plugin. -->","yoast_head_json":{"title":"Roland-Garros 2025 : Le programme des matchs du mardi 27 mai","description":"ROLAND-GARROS 2025 - Le premier tour va s'achever ! Voici le programme de tous les matchs du mardi 27 mai 2025 \u00e0 Roland-Garros.\u00a0","robots":{"index":"index","follow":"follow","max-snippet":"max-snippet:-1","max-image-preview":"max-image-preview:large","max-video-preview":"max-video-preview:-1"},"canonical":"https:\/\/dicodusport.fr\/blog\/roland-garros-2025-le-programme-des-matchs-du-mardi-27-mai\/","og_locale":"fr_FR","og_type":"article","og_title":"Roland-Garros 2025 : Le programme des matchs du mardi 27 mai","og_description":"ROLAND-GARROS 2025 - Le premier tour va s'achever ! Voici le programme de tous les matchs du mardi 27 mai 2025 \u00e0 Roland-Garros.\u00a0","og_url":"https:\/\/dicodusport.fr\/blog\/roland-garros-2025-le-programme-des-matchs-du-mardi-27-mai\/","og_site_name":"Dicodusport","article_publisher":"https:\/\/www.facebook.com\/dicodusport","article_author":"https:\/\/www.facebook.com\/sebastien.gente\/","article_published_time":"2025-05-27T10:31:56+00:00","article_modified_time":"2025-05-27T10:31:58+00:00","og_image":[{"width":1200,"height":674,"url":"https:\/\/dicodusport.fr\/blog\/wp-content\/uploads\/2025\/05\/Roland-Garros-2025-Le-programme-des-matchs-du-mardi-27-mai-1.png","type":"image\/png"}],"author":"S\u00e9bastien Gente","twitter_card":"summary_large_image","twitter_title":"Roland-Garros 2025 : Le programme des matchs du mardi 27 mai","twitter_creator":"@https:\/\/twitter.com\/globulo24","twitter_site":"@dicodusport","schema":{"@context":"https:\/\/schema.org","@graph":[{"@type":"NewsArticle","@id":"https:\/\/dicodusport.fr\/blog\/roland-garros-2025-le-programme-des-matchs-du-mardi-27-mai\/#article","isPartOf":{"@id":"https:\/\/dicodusport.fr\/blog\/roland-garros-2025-le-programme-des-matchs-du-mardi-27-mai\/"},"author":{"name":"S\u00e9bastien Gente","@id":"https:\/\/dicodusport.fr\/blog\/#\/schema\/person\/627966a6cde45dbd8c5e36ac85d783da"},"headline":"Roland-Garros 2025 : Le programme des matchs du mardi 27 mai","datePublished":"2025-05-27T10:31:56+00:00","dateModified":"2025-05-27T10:31:58+00:00","mainEntityOfPage":{"@id":"https:\/\/dicodusport.fr\/blog\/roland-garros-2025-le-programme-des-matchs-du-mardi-27-mai\/"},"wordCount":476,"commentCount":0,"publisher":{"@id":"https:\/\/dicodusport.fr\/blog\/#organization"},"image":{"@id":"https:\/\/dicodusport.fr\/blog\/roland-garros-2025-le-programme-des-matchs-du-mardi-27-mai\/#primaryimage"},"thumbnailUrl":"https:\/\/dicodusport.fr\/blog\/wp-content\/uploads\/2025\/05\/Roland-Garros-2025-Le-programme-des-matchs-du-mardi-27-mai-1.png","keywords":["br\u00e8ve"],"articleSection":["Roland-Garros"],"inLanguage":"fr-FR","potentialAction":[{"@type":"CommentAction","name":"Comment","target":["https:\/\/dicodusport.fr\/blog\/roland-garros-2025-le-programme-des-matchs-du-mardi-27-mai\/#respond"]}],"copyrightYear":"2025","copyrightHolder":{"@id":"https:\/\/dicodusport.fr\/blog\/#organization"}},{"@type":"WebPage","@id":"https:\/\/dicodusport.fr\/blog\/roland-garros-2025-le-programme-des-matchs-du-mardi-27-mai\/","url":"https:\/\/dicodusport.fr\/blog\/roland-garros-2025-le-programme-des-matchs-du-mardi-27-mai\/","name":"Roland-Garros 2025 : Le programme des matchs du mardi 27 mai","isPartOf":{"@id":"https:\/\/dicodusport.fr\/blog\/#website"},"primaryImageOfPage":{"@id":"https:\/\/dicodusport.fr\/blog\/roland-garros-2025-le-programme-des-matchs-du-mardi-27-mai\/#primaryimage"},"image":{"@id":"https:\/\/dicodusport.fr\/blog\/roland-garros-2025-le-programme-des-matchs-du-mardi-27-mai\/#primaryimage"},"thumbnailUrl":"https:\/\/dicodusport.fr\/blog\/wp-content\/uploads\/2025\/05\/Roland-Garros-2025-Le-programme-des-matchs-du-mardi-27-mai-1.png","datePublished":"2025-05-27T10:31:56+00:00","dateModified":"2025-05-27T10:31:58+00:00","description":"ROLAND-GARROS 2025 - Le premier tour va s'achever ! Voici le programme de tous les matchs du mardi 27 mai 2025 \u00e0 Roland-Garros.\u00a0","breadcrumb":{"@id":"https:\/\/dicodusport.fr\/blog\/roland-garros-2025-le-programme-des-matchs-du-mardi-27-mai\/#breadcrumb"},"inLanguage":"fr-FR","potentialAction":[{"@type":"ReadAction","target":["https:\/\/dicodusport.fr\/blog\/roland-garros-2025-le-programme-des-matchs-du-mardi-27-mai\/"]}]},{"@type":"ImageObject","inLanguage":"fr-FR","@id":"https:\/\/dicodusport.fr\/blog\/roland-garros-2025-le-programme-des-matchs-du-mardi-27-mai\/#primaryimage","url":"https:\/\/dicodusport.fr\/blog\/wp-content\/uploads\/2025\/05\/Roland-Garros-2025-Le-programme-des-matchs-du-mardi-27-mai-1.png","contentUrl":"https:\/\/dicodusport.fr\/blog\/wp-content\/uploads\/2025\/05\/Roland-Garros-2025-Le-programme-des-matchs-du-mardi-27-mai-1.png","width":1200,"height":674,"caption":"Roland-Garros 2025 Le programme des matchs du mardi 27 mai"},{"@type":"BreadcrumbList","@id":"https:\/\/dicodusport.fr\/blog\/roland-garros-2025-le-programme-des-matchs-du-mardi-27-mai\/#breadcrumb","itemListElement":[{"@type":"ListItem","position":1,"name":"Accueil","item":"https:\/\/dicodusport.fr\/blog\/"},{"@type":"ListItem","position":2,"name":"Roland-Garros 2025 : Le programme des matchs du mardi 27 mai"}]},{"@type":"WebSite","@id":"https:\/\/dicodusport.fr\/blog\/#website","url":"https:\/\/dicodusport.fr\/blog\/","name":"Dicodusport","description":"L&#039;encyclop\u00e9die de l&#039;actualit\u00e9 sportive","publisher":{"@id":"https:\/\/dicodusport.fr\/blog\/#organization"},"potentialAction":[{"@type":"SearchAction","target":{"@type":"EntryPoint","urlTemplate":"https:\/\/dicodusport.fr\/blog\/?s={search_term_string}"},"query-input":{"@type":"PropertyValueSpecification","valueRequired":true,"valueName":"search_term_string"}}],"inLanguage":"fr-FR"},{"@type":"NewsMediaOrganization","@id":"https:\/\/dicodusport.fr\/blog\/#organization","name":"Dicodusport","url":"https:\/\/dicodusport.fr\/blog\/","logo":{"@type":"ImageObject","inLanguage":"fr-FR","@id":"https:\/\/dicodusport.fr\/blog\/#\/schema\/logo\/image\/","url":"https:\/\/dicodusport.fr\/blog\/wp-content\/uploads\/2020\/06\/cropped-LOGO-DICODUSPORT-2020-SANS-FOND-SANS-TEXTE.png","contentUrl":"https:\/\/dicodusport.fr\/blog\/wp-content\/uploads\/2020\/06\/cropped-LOGO-DICODUSPORT-2020-SANS-FOND-SANS-TEXTE.png","width":512,"height":512,"caption":"Dicodusport"},"image":{"@id":"https:\/\/dicodusport.fr\/blog\/#\/schema\/logo\/image\/"},"sameAs":["https:\/\/www.facebook.com\/dicodusport","https:\/\/x.com\/dicodusport","https:\/\/www.instagram.com\/dicodusport\/","https:\/\/www.youtube.com\/channel\/UC7V2KZ5sd3htJivAbA4ZG3w"],"description":"Dicodusport est l'encyclop\u00e9die de l'actualit\u00e9 sportive.","email":"bonjour@dicodusport.fr","legalName":"DICODUSPORT","foundingDate":"2018-01-14","vatID":"FR71834470973","taxID":"83447097300043","numberOfEmployees":{"@type":"QuantitativeValue","minValue":"1","maxValue":"10"}},{"@type":"Person","@id":"https:\/\/dicodusport.fr\/blog\/#\/schema\/person\/627966a6cde45dbd8c5e36ac85d783da","name":"S\u00e9bastien Gente","image":{"@type":"ImageObject","inLanguage":"fr-FR","@id":"https:\/\/dicodusport.fr\/blog\/#\/schema\/person\/image\/","url":"https:\/\/dicodusport.fr\/blog\/wp-content\/uploads\/2021\/09\/1510990_10205810251400683_4124423575079401707_n-150x150.jpg","contentUrl":"https:\/\/dicodusport.fr\/blog\/wp-content\/uploads\/2021\/09\/1510990_10205810251400683_4124423575079401707_n-150x150.jpg","caption":"S\u00e9bastien Gente"},"description":"John Stockton, Gianni Bugno, Zinedine Zidane, Steffi Graf, Frode Andresen, St\u00e9phane Stoecklin, Davis Kamoga, Primoz Peterka, Werner Schlager et Aur\u00e9lien Rougerie. Point commun entre ces sportifs? Ils m'ont fait r\u00eaver et ont berc\u00e9 mon adolescence. Je suis un fondu de sports et j'essaie de retranscrire ma passion \u00e0 travers mes articles. Originaire du P\u00e9rigord, ma passion pour les Girondins, les Jaunards et les Jazzmen transpire dans mes \u00e9crits. \u00c0 Dicodusport depuis 2021, je d\u00e9niche les sports m\u00e9connus dans lesquels la France brille, et il y en a !","sameAs":["https:\/\/www.facebook.com\/sebastien.gente\/","https:\/\/www.instagram.com\/sebgente\/","https:\/\/www.linkedin.com\/in\/sbastien-gente-a29583169\/","https:\/\/x.com\/https:\/\/twitter.com\/globulo24","SebastienGente"],"worksFor":"S\u00e9bastien GENTE","url":"https:\/\/dicodusport.fr\/blog\/author\/sebastiengente\/"}]}},"_links":{"self":[{"href":"https:\/\/dicodusport.fr\/blog\/wp-json\/wp\/v2\/posts\/581983","targetHints":{"allow":["GET"]}}],"collection":[{"href":"https:\/\/dicodusport.fr\/blog\/wp-json\/wp\/v2\/posts"}],"about":[{"href":"https:\/\/dicodusport.fr\/blog\/wp-json\/wp\/v2\/types\/post"}],"author":[{"embeddable":true,"href":"https:\/\/dicodusport.fr\/blog\/wp-json\/wp\/v2\/users\/59"}],"replies":[{"embeddable":true,"href":"https:\/\/dicodusport.fr\/blog\/wp-json\/wp\/v2\/comments?post=581983"}],"version-history":[{"count":1,"href":"https:\/\/dicodusport.fr\/blog\/wp-json\/wp\/v2\/posts\/581983\/revisions"}],"predecessor-version":[{"id":582001,"href":"https:\/\/dicodusport.fr\/blog\/wp-json\/wp\/v2\/posts\/581983\/revisions\/582001"}],"wp:featuredmedia":[{"embeddable":true,"href":"https:\/\/dicodusport.fr\/blog\/wp-json\/wp\/v2\/media\/581987"}],"wp:attachment":[{"href":"https:\/\/dicodusport.fr\/blog\/wp-json\/wp\/v2\/media?parent=581983"}],"wp:term":[{"taxonomy":"category","embeddable":true,"href":"https:\/\/dicodusport.fr\/blog\/wp-json\/wp\/v2\/categories?post=581983"},{"taxonomy":"post_tag","embeddable":true,"href":"https:\/\/dicodusport.fr\/blog\/wp-json\/wp\/v2\/tags?post=581983"}],"curies":[{"name":"wp","href":"https:\/\/api.w.org\/{rel}","templated":true}]}}