{"id":582019,"date":"2025-05-26T16:35:53","date_gmt":"2025-05-26T14:35:53","guid":{"rendered":"https:\/\/dicodusport.fr\/blog\/?p=582019&#038;preview=true&#038;preview_id=582019"},"modified":"2025-05-27T23:57:24","modified_gmt":"2025-05-27T21:57:24","slug":"roland-garros-2025-caroline-garcia-sortie-dentree-pour-sa-derniere-porte-dauteuil","status":"publish","type":"post","link":"https:\/\/dicodusport.fr\/blog\/roland-garros-2025-caroline-garcia-sortie-dentree-pour-sa-derniere-porte-dauteuil\/","title":{"rendered":"Roland-Garros 2025 : Caroline Garcia sortie d&rsquo;entr\u00e9e pour sa derni\u00e8re Porte d&rsquo;Auteuil"},"content":{"rendered":"<p style=\"text-align: justify;\"><em><strong>ROLAND-GARROS 2025 &#8211; La derni\u00e8re danse de Caroline Garcia Porte d&rsquo;Auteuil s\u2019arr\u00eate bien trop t\u00f4t mais la logique est respect\u00e9e. La Fran\u00e7aise est stopp\u00e9e d\u00e8s le premier tour par Bernarda Pera en deux manches (6-4, 6-4).<\/strong><\/em><\/p>\n<ul style=\"list-style-type: disc; text-align: justify;\">\n<li><strong>\u00c0 ce sujet \u2013\u00a0<a href=\"https:\/\/dicodusport.fr\/blog\/roland-garros-2025-le-programme-des-matchs-du-lundi-26-mai\/\">Roland-Garros 2025 : Le programme des matchs du lundi 26 mai<\/a><\/strong><\/li>\n<\/ul>\n<p style=\"text-align: justify;\">On aurait aim\u00e9 une derni\u00e8re danse parisienne plus r\u00e9jouissante pour Caroline Garcia. Mais l&rsquo;\u00e9motion aura finalement eu raison de la Fran\u00e7aise. Ainsi que le manque de tournois, l\u2019ancienne n\u00b04 mondiale n\u2019en ayant disput\u00e9 aucun sur terre battue cette saison avant d\u2019entamer <a href=\"https:\/\/dicodusport.fr\/blog\/tennis-wta-caroline-garcia-annonce-sa-retraite\/\">son ultime Roland-Garros<\/a>, comme elle l\u2019avait annonc\u00e9 quelques jours plus t\u00f4t. Apr\u00e8s avoir fait l\u2019impasse sur Rome et Madrid pour se remettre de douleurs au dos, Garcia arrivait sans grandes certitudes, et les yeux embu\u00e9s, sur le court Suzanne-Lenglen.<\/p>\n<blockquote class=\"twitter-tweet\">\n<p dir=\"ltr\" lang=\"fr\">\ud83c\udfbe <a href=\"https:\/\/twitter.com\/hashtag\/RolandGarros?src=hash&amp;ref_src=twsrc%5Etfw\">#RolandGarros<\/a> | \ud83e\udd79 LES LARMES DE CAROLINE GARCIA<\/p>\n<p>Pour son dernier tour de piste, la joueuse n&rsquo;a pu contenir son \u00e9motion avant d&rsquo;entrer sur le court Suzanne-Lenglen \ud83e\udde1<\/p>\n<p>\ud83d\udcfa Suivez le direct : <a href=\"https:\/\/t.co\/3shIEFBHIQ\">https:\/\/t.co\/3shIEFBHIQ<\/a> <a href=\"https:\/\/t.co\/aoGWVnd2V8\">pic.twitter.com\/aoGWVnd2V8<\/a><\/p>\n<p>\u2014 francetvsport (@francetvsport) <a href=\"https:\/\/twitter.com\/francetvsport\/status\/1926987003209363470?ref_src=twsrc%5Etfw\">May 26, 2025<\/a><\/p><\/blockquote>\n<p style=\"text-align: justify;\"><script async src=\"https:\/\/platform.twitter.com\/widgets.js\" charset=\"utf-8\"><\/script><\/p>\n<ul style=\"text-align: justify;\">\n<li><strong>\u00c0 ce sujet &#8211; <a href=\"https:\/\/dicodusport.fr\/blog\/roland-garros-2025-le-tableau-de-simple-dames\/\">Le tableau de simple dames de Roland-Garros 2025<\/a><\/strong><\/li>\n<\/ul>\n<h2 style=\"text-align: justify;\">Une derni\u00e8re danse \u00e9court\u00e9e pour Caroline Garcia<\/h2>\n<p style=\"text-align: justify;\">La marche \u00e9tait peut-\u00eatre encore un peu haute m\u00eame si des regrets, il y en aura forc\u00e9ment un peu. Car malgr\u00e9 le manque de rythme, la Fran\u00e7aise a plut\u00f4t bien attaqu\u00e9 son match et a eu deux balles de break en sa faveur d\u00e9j\u00e0 dans la premi\u00e8re manche, sans parvenir \u00e0 en concr\u00e9tiser une cependant. Irr\u00e9guli\u00e8re sur ses engagements, elle a \u00e9t\u00e9 d\u00e9bord\u00e9e sur deux secondes balles un peu trop tendres. <strong>Bernarda Pera<\/strong> a ainsi pris le service adverse au meilleur des moments, juste avant de conclure sur le sien la premi\u00e8re manche 6-4.<\/p>\n<blockquote class=\"twitter-tweet\">\n<p dir=\"ltr\" lang=\"fr\">\ud83c\udfbe <a href=\"https:\/\/twitter.com\/hashtag\/RolandGarros?src=hash&amp;ref_src=twsrc%5Etfw\">#RolandGarros<\/a> | \ud83d\ude2c Caroline Garcia s\u2019incline dans le premier set (6-4) !<\/p>\n<p>\ud83d\udcfa Suivez le direct : <a href=\"https:\/\/t.co\/3shIEFBHIQ\">https:\/\/t.co\/3shIEFBHIQ<\/a> <a href=\"https:\/\/t.co\/EO43C9ryNs\">pic.twitter.com\/EO43C9ryNs<\/a><\/p>\n<p>\u2014 francetvsport (@francetvsport) <a href=\"https:\/\/twitter.com\/francetvsport\/status\/1926999139746730393?ref_src=twsrc%5Etfw\">May 26, 2025<\/a><\/p><\/blockquote>\n<p style=\"text-align: justify;\"><script async src=\"https:\/\/platform.twitter.com\/widgets.js\" charset=\"utf-8\"><\/script><\/p>\n<p style=\"text-align: justify;\">Les espoirs tricolores se sont un peu plus ternis alors que l\u2019Am\u00e9ricaine s\u2019\u00e9chappait doublement d\u2019entr\u00e9e de deuxi\u00e8me set (3-0). Non sans combattre, <strong>Caroline Garcia<\/strong> s\u2019est accroch\u00e9e pour tenter de renverser la vapeur. Chose faite une fois mais pas deux. L\u00e0 encore, sur les points importants, c\u2019est <strong>Pera<\/strong> qui a \u00e9t\u00e9 la plus solide. \u00c0 l\u2019image des trois balles de break non transform\u00e9es par la Fran\u00e7aise pour recoller \u00e0 5-5 et enflammer un peu plus les spectateurs. La deuxi\u00e8me balle de match a, en revanche, \u00e9t\u00e9 la bonne pour la n\u00b083 mondiale qui acte d\u2019ores et d\u00e9j\u00e0 la fin du dernier Roland-Garros en simple de <strong>Garcia<\/strong> en deux manches <strong>6-4, 6-4<\/strong>.<\/p>\n<div class=\"vlp-link-container vlp-layout-article\"><a href=\"https:\/\/dicodusport.fr\/blog\/caroline-garcia-retour-sur-les-moments-forts-de-la-carriere-dune-championne\/\" class=\"vlp-link\" title=\"Caroline Garcia : Retour sur les moments forts de la carri\u00e8re d&#039;une championne\"><\/a><div class=\"vlp-layout-zone-side\"><div class=\"vlp-block-4 vlp-link-image\"><img loading=\"lazy\" decoding=\"async\" style=\"max-width: 792px;\" width=\"792\" height=\"445\" src=\"https:\/\/dicodusport.fr\/blog\/wp-content\/uploads\/2025\/05\/Caroline-Garcia-Retour-sur-les-moments-forts-de-la-carriere-dune-championne.png\" class=\"attachment-800x445 size-800x445\" alt=\"Caroline Garcia Retour sur les moments forts de la carri\u00e8re d&#039;une championne\" srcset=\"https:\/\/dicodusport.fr\/blog\/wp-content\/uploads\/2025\/05\/Caroline-Garcia-Retour-sur-les-moments-forts-de-la-carriere-dune-championne.png 1200w, https:\/\/dicodusport.fr\/blog\/wp-content\/uploads\/2025\/05\/Caroline-Garcia-Retour-sur-les-moments-forts-de-la-carriere-dune-championne-300x169.png 300w, https:\/\/dicodusport.fr\/blog\/wp-content\/uploads\/2025\/05\/Caroline-Garcia-Retour-sur-les-moments-forts-de-la-carriere-dune-championne-1024x575.png 1024w, https:\/\/dicodusport.fr\/blog\/wp-content\/uploads\/2025\/05\/Caroline-Garcia-Retour-sur-les-moments-forts-de-la-carriere-dune-championne-768x431.png 768w\" sizes=\"auto, (max-width: 792px) 100vw, 792px\" \/><\/div><\/div><div class=\"vlp-layout-zone-main\"><div class=\"vlp-block-0 vlp-link-title\">Caroline Garcia : Retour sur les moments forts de la carri\u00e8re d'une championne<\/div><div class=\"vlp-block-1 vlp-link-summary\">ROLAND-GARROS 2025 - Caroline Garcia a annonc\u00e9 sa retraite du tennis professionnel. \u00c0 31 ans, la Fran\u00e7aise s\u2019appr\u00eate \u00e0 jouer son dernier Roland-Garros, th\u00e9\u00e2tre de ses premiers coups d\u2019\u00e9clat, et tirer sa r\u00e9v\u00e9rence cette ann\u00e9e. Retour sur les grands moments d\u2019une carri\u00e8re faite de victoires inoubliables et d\u2019une d\u00e9termination sans faille, en simple comme en double.<\/div><div class=\"vlp-block-2 vlp-link-button\">Lire l'article<\/div><div class=\"vlp-block-3 vlp-link-url\">dicodusport.fr<\/div><\/div><\/div>\n","protected":false},"excerpt":{"rendered":"<p>ROLAND-GARROS 2025 &#8211; La derni\u00e8re danse de Caroline Garcia Porte d&rsquo;Auteuil s\u2019arr\u00eate bien trop t\u00f4t mais la logique est respect\u00e9e. La Fran\u00e7aise est stopp\u00e9e d\u00e8s le premier tour par Bernarda Pera en deux manches (6-4, 6-4).<\/p>\n","protected":false},"author":18,"featured_media":582034,"comment_status":"open","ping_status":"closed","sticky":false,"template":"","format":"standard","meta":{"_acf_changed":false,"_daextam_enable_autolinks":"1","footnotes":""},"categories":[47090],"tags":[16878,2000,159,24,136],"class_list":["post-582019","post","type-post","status-publish","format-standard","has-post-thumbnail","hentry","category-roland-garros","tag-breve","tag-caroline-garcia","tag-roland-garros","tag-sport","tag-tennis"],"acf":[],"yoast_head":"<!-- This site is optimized with the Yoast SEO Premium plugin v26.7 (Yoast SEO v26.7) - https:\/\/yoast.com\/wordpress\/plugins\/seo\/ -->\n<title>Roland-Garros 2025 : Caroline Garcia sortie d&#039;entr\u00e9e pour sa derni\u00e8re Porte d&#039;Auteuil<\/title>\n<meta name=\"description\" content=\"ROLAND-GARROS 2025 - Caroline Garcia est stopp\u00e9e d\u00e8s le premier tour par Bernarda Pera en deux manches (6-4, 6-4).\" \/>\n<meta name=\"robots\" content=\"index, follow, max-snippet:-1, max-image-preview:large, max-video-preview:-1\" \/>\n<link rel=\"canonical\" href=\"https:\/\/dicodusport.fr\/blog\/roland-garros-2025-caroline-garcia-sortie-dentree-pour-sa-derniere-porte-dauteuil\/\" \/>\n<meta property=\"og:locale\" content=\"fr_FR\" \/>\n<meta property=\"og:type\" content=\"article\" \/>\n<meta property=\"og:title\" content=\"Roland-Garros 2025 : Caroline Garcia sortie d&#039;entr\u00e9e pour sa derni\u00e8re Porte d&#039;Auteuil\" \/>\n<meta property=\"og:description\" content=\"ROLAND-GARROS 2025 - Caroline Garcia est stopp\u00e9e d\u00e8s le premier tour par Bernarda Pera en deux manches (6-4, 6-4).\" \/>\n<meta property=\"og:url\" content=\"https:\/\/dicodusport.fr\/blog\/roland-garros-2025-caroline-garcia-sortie-dentree-pour-sa-derniere-porte-dauteuil\/\" \/>\n<meta property=\"og:site_name\" content=\"Dicodusport\" \/>\n<meta property=\"article:publisher\" content=\"https:\/\/www.facebook.com\/dicodusport\" \/>\n<meta property=\"article:author\" content=\"https:\/\/www.facebook.com\/soocube\" \/>\n<meta property=\"article:published_time\" content=\"2025-05-26T14:35:53+00:00\" \/>\n<meta property=\"article:modified_time\" content=\"2025-05-27T21:57:24+00:00\" \/>\n<meta property=\"og:image\" content=\"https:\/\/dicodusport.fr\/blog\/wp-content\/uploads\/2025\/05\/Roland-Garros-2025-Caroline-Garcia-sort-dentree-pour-son-dernier-tournoi-parisien.png\" \/>\n\t<meta property=\"og:image:width\" content=\"1200\" \/>\n\t<meta property=\"og:image:height\" content=\"674\" \/>\n\t<meta property=\"og:image:type\" content=\"image\/png\" \/>\n<meta name=\"author\" content=\"Sophie Clapier\" \/>\n<meta name=\"twitter:card\" content=\"summary_large_image\" \/>\n<meta name=\"twitter:title\" content=\"Roland-Garros 2025 : Caroline Garcia sortie d&#039;entr\u00e9e pour sa derni\u00e8re Porte d&#039;Auteuil\" \/>\n<meta name=\"twitter:creator\" content=\"@https:\/\/twitter.com\/soocube\" \/>\n<meta name=\"twitter:site\" content=\"@dicodusport\" \/>\n<script type=\"application\/ld+json\" class=\"yoast-schema-graph\">{\"@context\":\"https:\/\/schema.org\",\"@graph\":[{\"@type\":\"NewsArticle\",\"@id\":\"https:\/\/dicodusport.fr\/blog\/roland-garros-2025-caroline-garcia-sortie-dentree-pour-sa-derniere-porte-dauteuil\/#article\",\"isPartOf\":{\"@id\":\"https:\/\/dicodusport.fr\/blog\/roland-garros-2025-caroline-garcia-sortie-dentree-pour-sa-derniere-porte-dauteuil\/\"},\"author\":{\"name\":\"Sophie Clapier\",\"@id\":\"https:\/\/dicodusport.fr\/blog\/#\/schema\/person\/416c975648aca9da8839bdfe333a21c9\"},\"headline\":\"Roland-Garros 2025 : Caroline Garcia sortie d&rsquo;entr\u00e9e pour sa derni\u00e8re Porte d&rsquo;Auteuil\",\"datePublished\":\"2025-05-26T14:35:53+00:00\",\"dateModified\":\"2025-05-27T21:57:24+00:00\",\"mainEntityOfPage\":{\"@id\":\"https:\/\/dicodusport.fr\/blog\/roland-garros-2025-caroline-garcia-sortie-dentree-pour-sa-derniere-porte-dauteuil\/\"},\"wordCount\":587,\"commentCount\":0,\"publisher\":{\"@id\":\"https:\/\/dicodusport.fr\/blog\/#organization\"},\"image\":{\"@id\":\"https:\/\/dicodusport.fr\/blog\/roland-garros-2025-caroline-garcia-sortie-dentree-pour-sa-derniere-porte-dauteuil\/#primaryimage\"},\"thumbnailUrl\":\"https:\/\/dicodusport.fr\/blog\/wp-content\/uploads\/2025\/05\/Roland-Garros-2025-Caroline-Garcia-sort-dentree-pour-son-dernier-tournoi-parisien.png\",\"keywords\":[\"br\u00e8ve\",\"Caroline Garcia\",\"Roland-Garros\",\"sport\",\"Tennis\"],\"articleSection\":[\"Roland-Garros\"],\"inLanguage\":\"fr-FR\",\"potentialAction\":[{\"@type\":\"CommentAction\",\"name\":\"Comment\",\"target\":[\"https:\/\/dicodusport.fr\/blog\/roland-garros-2025-caroline-garcia-sortie-dentree-pour-sa-derniere-porte-dauteuil\/#respond\"]}],\"copyrightYear\":\"2025\",\"copyrightHolder\":{\"@id\":\"https:\/\/dicodusport.fr\/blog\/#organization\"}},{\"@type\":\"WebPage\",\"@id\":\"https:\/\/dicodusport.fr\/blog\/roland-garros-2025-caroline-garcia-sortie-dentree-pour-sa-derniere-porte-dauteuil\/\",\"url\":\"https:\/\/dicodusport.fr\/blog\/roland-garros-2025-caroline-garcia-sortie-dentree-pour-sa-derniere-porte-dauteuil\/\",\"name\":\"Roland-Garros 2025 : Caroline Garcia sortie d'entr\u00e9e pour sa derni\u00e8re Porte d'Auteuil\",\"isPartOf\":{\"@id\":\"https:\/\/dicodusport.fr\/blog\/#website\"},\"primaryImageOfPage\":{\"@id\":\"https:\/\/dicodusport.fr\/blog\/roland-garros-2025-caroline-garcia-sortie-dentree-pour-sa-derniere-porte-dauteuil\/#primaryimage\"},\"image\":{\"@id\":\"https:\/\/dicodusport.fr\/blog\/roland-garros-2025-caroline-garcia-sortie-dentree-pour-sa-derniere-porte-dauteuil\/#primaryimage\"},\"thumbnailUrl\":\"https:\/\/dicodusport.fr\/blog\/wp-content\/uploads\/2025\/05\/Roland-Garros-2025-Caroline-Garcia-sort-dentree-pour-son-dernier-tournoi-parisien.png\",\"datePublished\":\"2025-05-26T14:35:53+00:00\",\"dateModified\":\"2025-05-27T21:57:24+00:00\",\"description\":\"ROLAND-GARROS 2025 - Caroline Garcia est stopp\u00e9e d\u00e8s le premier tour par Bernarda Pera en deux manches (6-4, 6-4).\",\"breadcrumb\":{\"@id\":\"https:\/\/dicodusport.fr\/blog\/roland-garros-2025-caroline-garcia-sortie-dentree-pour-sa-derniere-porte-dauteuil\/#breadcrumb\"},\"inLanguage\":\"fr-FR\",\"potentialAction\":[{\"@type\":\"ReadAction\",\"target\":[\"https:\/\/dicodusport.fr\/blog\/roland-garros-2025-caroline-garcia-sortie-dentree-pour-sa-derniere-porte-dauteuil\/\"]}]},{\"@type\":\"ImageObject\",\"inLanguage\":\"fr-FR\",\"@id\":\"https:\/\/dicodusport.fr\/blog\/roland-garros-2025-caroline-garcia-sortie-dentree-pour-sa-derniere-porte-dauteuil\/#primaryimage\",\"url\":\"https:\/\/dicodusport.fr\/blog\/wp-content\/uploads\/2025\/05\/Roland-Garros-2025-Caroline-Garcia-sort-dentree-pour-son-dernier-tournoi-parisien.png\",\"contentUrl\":\"https:\/\/dicodusport.fr\/blog\/wp-content\/uploads\/2025\/05\/Roland-Garros-2025-Caroline-Garcia-sort-dentree-pour-son-dernier-tournoi-parisien.png\",\"width\":1200,\"height\":674,\"caption\":\"Roland-Garros 2025 : Caroline Garcia sortie d'entr\u00e9e pour sa derni\u00e8re Porte d'Auteuil\"},{\"@type\":\"BreadcrumbList\",\"@id\":\"https:\/\/dicodusport.fr\/blog\/roland-garros-2025-caroline-garcia-sortie-dentree-pour-sa-derniere-porte-dauteuil\/#breadcrumb\",\"itemListElement\":[{\"@type\":\"ListItem\",\"position\":1,\"name\":\"Accueil\",\"item\":\"https:\/\/dicodusport.fr\/blog\/\"},{\"@type\":\"ListItem\",\"position\":2,\"name\":\"Roland-Garros 2025 : Caroline Garcia sortie d&rsquo;entr\u00e9e pour sa derni\u00e8re Porte d&rsquo;Auteuil\"}]},{\"@type\":\"WebSite\",\"@id\":\"https:\/\/dicodusport.fr\/blog\/#website\",\"url\":\"https:\/\/dicodusport.fr\/blog\/\",\"name\":\"Dicodusport\",\"description\":\"L&#039;encyclop\u00e9die de l&#039;actualit\u00e9 sportive\",\"publisher\":{\"@id\":\"https:\/\/dicodusport.fr\/blog\/#organization\"},\"potentialAction\":[{\"@type\":\"SearchAction\",\"target\":{\"@type\":\"EntryPoint\",\"urlTemplate\":\"https:\/\/dicodusport.fr\/blog\/?s={search_term_string}\"},\"query-input\":{\"@type\":\"PropertyValueSpecification\",\"valueRequired\":true,\"valueName\":\"search_term_string\"}}],\"inLanguage\":\"fr-FR\"},{\"@type\":\"NewsMediaOrganization\",\"@id\":\"https:\/\/dicodusport.fr\/blog\/#organization\",\"name\":\"Dicodusport\",\"url\":\"https:\/\/dicodusport.fr\/blog\/\",\"logo\":{\"@type\":\"ImageObject\",\"inLanguage\":\"fr-FR\",\"@id\":\"https:\/\/dicodusport.fr\/blog\/#\/schema\/logo\/image\/\",\"url\":\"https:\/\/dicodusport.fr\/blog\/wp-content\/uploads\/2020\/06\/cropped-LOGO-DICODUSPORT-2020-SANS-FOND-SANS-TEXTE.png\",\"contentUrl\":\"https:\/\/dicodusport.fr\/blog\/wp-content\/uploads\/2020\/06\/cropped-LOGO-DICODUSPORT-2020-SANS-FOND-SANS-TEXTE.png\",\"width\":512,\"height\":512,\"caption\":\"Dicodusport\"},\"image\":{\"@id\":\"https:\/\/dicodusport.fr\/blog\/#\/schema\/logo\/image\/\"},\"sameAs\":[\"https:\/\/www.facebook.com\/dicodusport\",\"https:\/\/x.com\/dicodusport\",\"https:\/\/www.instagram.com\/dicodusport\/\",\"https:\/\/www.youtube.com\/channel\/UC7V2KZ5sd3htJivAbA4ZG3w\"],\"description\":\"Dicodusport est l'encyclop\u00e9die de l'actualit\u00e9 sportive.\",\"email\":\"bonjour@dicodusport.fr\",\"legalName\":\"DICODUSPORT\",\"foundingDate\":\"2018-01-14\",\"vatID\":\"FR71834470973\",\"taxID\":\"83447097300043\",\"numberOfEmployees\":{\"@type\":\"QuantitativeValue\",\"minValue\":\"1\",\"maxValue\":\"10\"}},{\"@type\":\"Person\",\"@id\":\"https:\/\/dicodusport.fr\/blog\/#\/schema\/person\/416c975648aca9da8839bdfe333a21c9\",\"name\":\"Sophie Clapier\",\"image\":{\"@type\":\"ImageObject\",\"inLanguage\":\"fr-FR\",\"@id\":\"https:\/\/dicodusport.fr\/blog\/#\/schema\/person\/image\/\",\"url\":\"https:\/\/dicodusport.fr\/blog\/wp-content\/uploads\/2021\/05\/Sophie-Clapier-150x150.jpg\",\"contentUrl\":\"https:\/\/dicodusport.fr\/blog\/wp-content\/uploads\/2021\/05\/Sophie-Clapier-150x150.jpg\",\"caption\":\"Sophie Clapier\"},\"description\":\"Journaliste\/r\u00e9dactrice depuis janvier 2016 - Passionn\u00e9e de sport depuis toujours, j\u2019en ai pratiqu\u00e9 quelques-uns. Judo, football, handball ou encore tennis, je n\u2019ai jamais pu me mettre d\u2019accord sur un en particulier. Mais \u00e7a, c\u2019\u00e9tait avant de d\u00e9couvrir le basket, devenu mon sport de pr\u00e9dilection. Les actions NBA, le All-Star Week-end, la fureur des Game 7 pendant les playoffs ou mieux, lors des Finals, this is why we play. Team Spurs T.P, je m\u2019accroche encore \u00e0 Gregg Popovich (don\u2019t leave !). Team chef Curry, je souhaite qu\u2019il finisse aux Warriors (staaaay !). Non, il n\u2019y a pas qu\u2019eux, des petits nouveaux -et des petites nouvelles \u00e9videmment- arrivent chaque jour dans toutes les disciplines et cr\u00e9ent de nouveaux exploits. Alors pour les grands \u00e9v\u00e9nements et comp\u00e9titions internationales, vive les pulsations 240\/minutes et le d\u00e9fibrillateur pas loin, et allez les Bleu(e)s ! C\u2019est s\u00fbr, j\u2019aurai plus vu ma vie sur un terrain de sport, mais \u00e0 d\u00e9faut d\u2019en faire en haut niveau, je le partage avec vous.\",\"sameAs\":[\"https:\/\/www.facebook.com\/soocube\",\"https:\/\/x.com\/https:\/\/twitter.com\/soocube\",\"admin\"],\"url\":\"https:\/\/dicodusport.fr\/blog\/author\/sophie\/\"}]}<\/script>\n<!-- \/ Yoast SEO Premium plugin. -->","yoast_head_json":{"title":"Roland-Garros 2025 : Caroline Garcia sortie d'entr\u00e9e pour sa derni\u00e8re Porte d'Auteuil","description":"ROLAND-GARROS 2025 - Caroline Garcia est stopp\u00e9e d\u00e8s le premier tour par Bernarda Pera en deux manches (6-4, 6-4).","robots":{"index":"index","follow":"follow","max-snippet":"max-snippet:-1","max-image-preview":"max-image-preview:large","max-video-preview":"max-video-preview:-1"},"canonical":"https:\/\/dicodusport.fr\/blog\/roland-garros-2025-caroline-garcia-sortie-dentree-pour-sa-derniere-porte-dauteuil\/","og_locale":"fr_FR","og_type":"article","og_title":"Roland-Garros 2025 : Caroline Garcia sortie d'entr\u00e9e pour sa derni\u00e8re Porte d'Auteuil","og_description":"ROLAND-GARROS 2025 - Caroline Garcia est stopp\u00e9e d\u00e8s le premier tour par Bernarda Pera en deux manches (6-4, 6-4).","og_url":"https:\/\/dicodusport.fr\/blog\/roland-garros-2025-caroline-garcia-sortie-dentree-pour-sa-derniere-porte-dauteuil\/","og_site_name":"Dicodusport","article_publisher":"https:\/\/www.facebook.com\/dicodusport","article_author":"https:\/\/www.facebook.com\/soocube","article_published_time":"2025-05-26T14:35:53+00:00","article_modified_time":"2025-05-27T21:57:24+00:00","og_image":[{"width":1200,"height":674,"url":"https:\/\/dicodusport.fr\/blog\/wp-content\/uploads\/2025\/05\/Roland-Garros-2025-Caroline-Garcia-sort-dentree-pour-son-dernier-tournoi-parisien.png","type":"image\/png"}],"author":"Sophie Clapier","twitter_card":"summary_large_image","twitter_title":"Roland-Garros 2025 : Caroline Garcia sortie d'entr\u00e9e pour sa derni\u00e8re Porte d'Auteuil","twitter_creator":"@https:\/\/twitter.com\/soocube","twitter_site":"@dicodusport","schema":{"@context":"https:\/\/schema.org","@graph":[{"@type":"NewsArticle","@id":"https:\/\/dicodusport.fr\/blog\/roland-garros-2025-caroline-garcia-sortie-dentree-pour-sa-derniere-porte-dauteuil\/#article","isPartOf":{"@id":"https:\/\/dicodusport.fr\/blog\/roland-garros-2025-caroline-garcia-sortie-dentree-pour-sa-derniere-porte-dauteuil\/"},"author":{"name":"Sophie Clapier","@id":"https:\/\/dicodusport.fr\/blog\/#\/schema\/person\/416c975648aca9da8839bdfe333a21c9"},"headline":"Roland-Garros 2025 : Caroline Garcia sortie d&rsquo;entr\u00e9e pour sa derni\u00e8re Porte d&rsquo;Auteuil","datePublished":"2025-05-26T14:35:53+00:00","dateModified":"2025-05-27T21:57:24+00:00","mainEntityOfPage":{"@id":"https:\/\/dicodusport.fr\/blog\/roland-garros-2025-caroline-garcia-sortie-dentree-pour-sa-derniere-porte-dauteuil\/"},"wordCount":587,"commentCount":0,"publisher":{"@id":"https:\/\/dicodusport.fr\/blog\/#organization"},"image":{"@id":"https:\/\/dicodusport.fr\/blog\/roland-garros-2025-caroline-garcia-sortie-dentree-pour-sa-derniere-porte-dauteuil\/#primaryimage"},"thumbnailUrl":"https:\/\/dicodusport.fr\/blog\/wp-content\/uploads\/2025\/05\/Roland-Garros-2025-Caroline-Garcia-sort-dentree-pour-son-dernier-tournoi-parisien.png","keywords":["br\u00e8ve","Caroline Garcia","Roland-Garros","sport","Tennis"],"articleSection":["Roland-Garros"],"inLanguage":"fr-FR","potentialAction":[{"@type":"CommentAction","name":"Comment","target":["https:\/\/dicodusport.fr\/blog\/roland-garros-2025-caroline-garcia-sortie-dentree-pour-sa-derniere-porte-dauteuil\/#respond"]}],"copyrightYear":"2025","copyrightHolder":{"@id":"https:\/\/dicodusport.fr\/blog\/#organization"}},{"@type":"WebPage","@id":"https:\/\/dicodusport.fr\/blog\/roland-garros-2025-caroline-garcia-sortie-dentree-pour-sa-derniere-porte-dauteuil\/","url":"https:\/\/dicodusport.fr\/blog\/roland-garros-2025-caroline-garcia-sortie-dentree-pour-sa-derniere-porte-dauteuil\/","name":"Roland-Garros 2025 : Caroline Garcia sortie d'entr\u00e9e pour sa derni\u00e8re Porte d'Auteuil","isPartOf":{"@id":"https:\/\/dicodusport.fr\/blog\/#website"},"primaryImageOfPage":{"@id":"https:\/\/dicodusport.fr\/blog\/roland-garros-2025-caroline-garcia-sortie-dentree-pour-sa-derniere-porte-dauteuil\/#primaryimage"},"image":{"@id":"https:\/\/dicodusport.fr\/blog\/roland-garros-2025-caroline-garcia-sortie-dentree-pour-sa-derniere-porte-dauteuil\/#primaryimage"},"thumbnailUrl":"https:\/\/dicodusport.fr\/blog\/wp-content\/uploads\/2025\/05\/Roland-Garros-2025-Caroline-Garcia-sort-dentree-pour-son-dernier-tournoi-parisien.png","datePublished":"2025-05-26T14:35:53+00:00","dateModified":"2025-05-27T21:57:24+00:00","description":"ROLAND-GARROS 2025 - Caroline Garcia est stopp\u00e9e d\u00e8s le premier tour par Bernarda Pera en deux manches (6-4, 6-4).","breadcrumb":{"@id":"https:\/\/dicodusport.fr\/blog\/roland-garros-2025-caroline-garcia-sortie-dentree-pour-sa-derniere-porte-dauteuil\/#breadcrumb"},"inLanguage":"fr-FR","potentialAction":[{"@type":"ReadAction","target":["https:\/\/dicodusport.fr\/blog\/roland-garros-2025-caroline-garcia-sortie-dentree-pour-sa-derniere-porte-dauteuil\/"]}]},{"@type":"ImageObject","inLanguage":"fr-FR","@id":"https:\/\/dicodusport.fr\/blog\/roland-garros-2025-caroline-garcia-sortie-dentree-pour-sa-derniere-porte-dauteuil\/#primaryimage","url":"https:\/\/dicodusport.fr\/blog\/wp-content\/uploads\/2025\/05\/Roland-Garros-2025-Caroline-Garcia-sort-dentree-pour-son-dernier-tournoi-parisien.png","contentUrl":"https:\/\/dicodusport.fr\/blog\/wp-content\/uploads\/2025\/05\/Roland-Garros-2025-Caroline-Garcia-sort-dentree-pour-son-dernier-tournoi-parisien.png","width":1200,"height":674,"caption":"Roland-Garros 2025 : Caroline Garcia sortie d'entr\u00e9e pour sa derni\u00e8re Porte d'Auteuil"},{"@type":"BreadcrumbList","@id":"https:\/\/dicodusport.fr\/blog\/roland-garros-2025-caroline-garcia-sortie-dentree-pour-sa-derniere-porte-dauteuil\/#breadcrumb","itemListElement":[{"@type":"ListItem","position":1,"name":"Accueil","item":"https:\/\/dicodusport.fr\/blog\/"},{"@type":"ListItem","position":2,"name":"Roland-Garros 2025 : Caroline Garcia sortie d&rsquo;entr\u00e9e pour sa derni\u00e8re Porte d&rsquo;Auteuil"}]},{"@type":"WebSite","@id":"https:\/\/dicodusport.fr\/blog\/#website","url":"https:\/\/dicodusport.fr\/blog\/","name":"Dicodusport","description":"L&#039;encyclop\u00e9die de l&#039;actualit\u00e9 sportive","publisher":{"@id":"https:\/\/dicodusport.fr\/blog\/#organization"},"potentialAction":[{"@type":"SearchAction","target":{"@type":"EntryPoint","urlTemplate":"https:\/\/dicodusport.fr\/blog\/?s={search_term_string}"},"query-input":{"@type":"PropertyValueSpecification","valueRequired":true,"valueName":"search_term_string"}}],"inLanguage":"fr-FR"},{"@type":"NewsMediaOrganization","@id":"https:\/\/dicodusport.fr\/blog\/#organization","name":"Dicodusport","url":"https:\/\/dicodusport.fr\/blog\/","logo":{"@type":"ImageObject","inLanguage":"fr-FR","@id":"https:\/\/dicodusport.fr\/blog\/#\/schema\/logo\/image\/","url":"https:\/\/dicodusport.fr\/blog\/wp-content\/uploads\/2020\/06\/cropped-LOGO-DICODUSPORT-2020-SANS-FOND-SANS-TEXTE.png","contentUrl":"https:\/\/dicodusport.fr\/blog\/wp-content\/uploads\/2020\/06\/cropped-LOGO-DICODUSPORT-2020-SANS-FOND-SANS-TEXTE.png","width":512,"height":512,"caption":"Dicodusport"},"image":{"@id":"https:\/\/dicodusport.fr\/blog\/#\/schema\/logo\/image\/"},"sameAs":["https:\/\/www.facebook.com\/dicodusport","https:\/\/x.com\/dicodusport","https:\/\/www.instagram.com\/dicodusport\/","https:\/\/www.youtube.com\/channel\/UC7V2KZ5sd3htJivAbA4ZG3w"],"description":"Dicodusport est l'encyclop\u00e9die de l'actualit\u00e9 sportive.","email":"bonjour@dicodusport.fr","legalName":"DICODUSPORT","foundingDate":"2018-01-14","vatID":"FR71834470973","taxID":"83447097300043","numberOfEmployees":{"@type":"QuantitativeValue","minValue":"1","maxValue":"10"}},{"@type":"Person","@id":"https:\/\/dicodusport.fr\/blog\/#\/schema\/person\/416c975648aca9da8839bdfe333a21c9","name":"Sophie Clapier","image":{"@type":"ImageObject","inLanguage":"fr-FR","@id":"https:\/\/dicodusport.fr\/blog\/#\/schema\/person\/image\/","url":"https:\/\/dicodusport.fr\/blog\/wp-content\/uploads\/2021\/05\/Sophie-Clapier-150x150.jpg","contentUrl":"https:\/\/dicodusport.fr\/blog\/wp-content\/uploads\/2021\/05\/Sophie-Clapier-150x150.jpg","caption":"Sophie Clapier"},"description":"Journaliste\/r\u00e9dactrice depuis janvier 2016 - Passionn\u00e9e de sport depuis toujours, j\u2019en ai pratiqu\u00e9 quelques-uns. Judo, football, handball ou encore tennis, je n\u2019ai jamais pu me mettre d\u2019accord sur un en particulier. Mais \u00e7a, c\u2019\u00e9tait avant de d\u00e9couvrir le basket, devenu mon sport de pr\u00e9dilection. Les actions NBA, le All-Star Week-end, la fureur des Game 7 pendant les playoffs ou mieux, lors des Finals, this is why we play. Team Spurs T.P, je m\u2019accroche encore \u00e0 Gregg Popovich (don\u2019t leave !). Team chef Curry, je souhaite qu\u2019il finisse aux Warriors (staaaay !). Non, il n\u2019y a pas qu\u2019eux, des petits nouveaux -et des petites nouvelles \u00e9videmment- arrivent chaque jour dans toutes les disciplines et cr\u00e9ent de nouveaux exploits. Alors pour les grands \u00e9v\u00e9nements et comp\u00e9titions internationales, vive les pulsations 240\/minutes et le d\u00e9fibrillateur pas loin, et allez les Bleu(e)s ! C\u2019est s\u00fbr, j\u2019aurai plus vu ma vie sur un terrain de sport, mais \u00e0 d\u00e9faut d\u2019en faire en haut niveau, je le partage avec vous.","sameAs":["https:\/\/www.facebook.com\/soocube","https:\/\/x.com\/https:\/\/twitter.com\/soocube","admin"],"url":"https:\/\/dicodusport.fr\/blog\/author\/sophie\/"}]}},"_links":{"self":[{"href":"https:\/\/dicodusport.fr\/blog\/wp-json\/wp\/v2\/posts\/582019","targetHints":{"allow":["GET"]}}],"collection":[{"href":"https:\/\/dicodusport.fr\/blog\/wp-json\/wp\/v2\/posts"}],"about":[{"href":"https:\/\/dicodusport.fr\/blog\/wp-json\/wp\/v2\/types\/post"}],"author":[{"embeddable":true,"href":"https:\/\/dicodusport.fr\/blog\/wp-json\/wp\/v2\/users\/18"}],"replies":[{"embeddable":true,"href":"https:\/\/dicodusport.fr\/blog\/wp-json\/wp\/v2\/comments?post=582019"}],"version-history":[{"count":5,"href":"https:\/\/dicodusport.fr\/blog\/wp-json\/wp\/v2\/posts\/582019\/revisions"}],"predecessor-version":[{"id":582360,"href":"https:\/\/dicodusport.fr\/blog\/wp-json\/wp\/v2\/posts\/582019\/revisions\/582360"}],"wp:featuredmedia":[{"embeddable":true,"href":"https:\/\/dicodusport.fr\/blog\/wp-json\/wp\/v2\/media\/582034"}],"wp:attachment":[{"href":"https:\/\/dicodusport.fr\/blog\/wp-json\/wp\/v2\/media?parent=582019"}],"wp:term":[{"taxonomy":"category","embeddable":true,"href":"https:\/\/dicodusport.fr\/blog\/wp-json\/wp\/v2\/categories?post=582019"},{"taxonomy":"post_tag","embeddable":true,"href":"https:\/\/dicodusport.fr\/blog\/wp-json\/wp\/v2\/tags?post=582019"}],"curies":[{"name":"wp","href":"https:\/\/api.w.org\/{rel}","templated":true}]}}