{"id":582077,"date":"2025-05-26T22:06:17","date_gmt":"2025-05-26T20:06:17","guid":{"rendered":"https:\/\/dicodusport.fr\/blog\/?p=582077&#038;preview=true&#038;preview_id=582077"},"modified":"2025-05-26T22:06:54","modified_gmt":"2025-05-26T20:06:54","slug":"roland-garros-2025-caroline-garcia-richard-gasquet-arthur-fils-le-resume-du-lundi-26-mai","status":"publish","type":"post","link":"https:\/\/dicodusport.fr\/blog\/roland-garros-2025-caroline-garcia-richard-gasquet-arthur-fils-le-resume-du-lundi-26-mai\/","title":{"rendered":"Roland-Garros 2025 : Caroline Garcia, Richard Gasquet, Arthur Fils, le r\u00e9sum\u00e9 du lundi 26 mai"},"content":{"rendered":"<p style=\"text-align: justify;\"><strong><em>ROLAND-GARROS 2025 &#8211; <\/em><\/strong><em><strong data-start=\"95\" data-end=\"430\">Deuxi\u00e8me journ\u00e9e de cette quinzaine Porte d\u2019Auteuil, marqu\u00e9e par un programme charg\u00e9, aussi bien pour les Fran\u00e7ais que pour les t\u00eates de s\u00e9rie. Si Hugo Gaston est devenu le premier Tricolore \u00e0 d\u00e9crocher son billet pour le deuxi\u00e8me tour, cette journ\u00e9e restera surtout marqu\u00e9e par le dernier match de Caroline Garcia \u00e0 Roland-Garros.<\/strong><\/em><\/p>\n<ul style=\"text-align: justify;\">\n<li><strong>\u00c0 suivre &#8211;\u00a0<a href=\"https:\/\/dicodusport.fr\/blog\/roland-garros-2025-le-programme-des-matchs-du-mardi-27-mai\/\">Roland-Garros 2025 : Le programme des matchs du mardi 27 mai<\/a><\/strong><\/li>\n<\/ul>\n<h2 style=\"text-align: justify;\" data-start=\"108\" data-end=\"179\"><strong data-start=\"108\" data-end=\"179\">Hugo Gaston et Richard Gasquet remportent leur duel 100 % tricolore<\/strong><\/h2>\n<p style=\"text-align: justify;\" data-start=\"242\" data-end=\"666\">Dans la bataille des (H)Ugo, c\u2019est <strong data-start=\"281\" data-end=\"296\">Hugo Gaston<\/strong> qui a eu le dernier mot. Le Toulousain s\u2019est impos\u00e9 en cinq sets face \u00e0 <strong data-start=\"369\" data-end=\"385\">Ugo Blanchet<\/strong>, pourtant en pleine confiance apr\u00e8s avoir travers\u00e9 les qualifications sans conc\u00e9der le moindre set. Dans un match d\u00e9cousu, o\u00f9 le mental a jou\u00e9 un r\u00f4le cl\u00e9, le sp\u00e9cialiste des amorties a su faire la diff\u00e9rence dans les moments d\u00e9cisifs. Il retrouvera <strong data-start=\"633\" data-end=\"648\">Ben Shelton<\/strong> au deuxi\u00e8me tour. <strong data-start=\"668\" data-end=\"685\">Arthur Cazaux<\/strong>, lui, s\u2019est inclin\u00e9 avec les honneurs face au Chilien <strong data-start=\"740\" data-end=\"760\">Alejandro Tabilo<\/strong>, \u00e9galement en cinq manches. Auteur d\u2019un tr\u00e8s bon match, le Fran\u00e7ais a toutefois craqu\u00e9 au pire moment, multipliant les fautes dans un cinqui\u00e8me set tendu.<\/p>\n<div class=\"vlp-link-container vlp-layout-article\"><a href=\"https:\/\/dicodusport.fr\/blog\/roland-garros-2025-richard-gasquet-poursuit-son-dernier-tour-de-piste\/\" class=\"vlp-link\" title=\"Roland-Garros 2025 : Richard Gasquet poursuit son dernier tour de piste\"><\/a><div class=\"vlp-layout-zone-side\"><div class=\"vlp-block-4 vlp-link-image\"><img loading=\"lazy\" decoding=\"async\" style=\"max-width: 792px;\" width=\"792\" height=\"445\" src=\"https:\/\/dicodusport.fr\/blog\/wp-content\/uploads\/2025\/05\/Roland-Garros-2025-Richard-Gasquet-poursuit-son-dernier-tour-de-piste.png\" class=\"attachment-800x445 size-800x445\" alt=\"Roland-Garros 2025 Richard Gasquet poursuit son dernier tour de piste\" srcset=\"https:\/\/dicodusport.fr\/blog\/wp-content\/uploads\/2025\/05\/Roland-Garros-2025-Richard-Gasquet-poursuit-son-dernier-tour-de-piste.png 1200w, https:\/\/dicodusport.fr\/blog\/wp-content\/uploads\/2025\/05\/Roland-Garros-2025-Richard-Gasquet-poursuit-son-dernier-tour-de-piste-300x169.png 300w, https:\/\/dicodusport.fr\/blog\/wp-content\/uploads\/2025\/05\/Roland-Garros-2025-Richard-Gasquet-poursuit-son-dernier-tour-de-piste-1024x575.png 1024w, https:\/\/dicodusport.fr\/blog\/wp-content\/uploads\/2025\/05\/Roland-Garros-2025-Richard-Gasquet-poursuit-son-dernier-tour-de-piste-768x431.png 768w\" sizes=\"auto, (max-width: 792px) 100vw, 792px\" \/><\/div><\/div><div class=\"vlp-layout-zone-main\"><div class=\"vlp-block-0 vlp-link-title\">Roland-Garros 2025 : Richard Gasquet poursuit son dernier tour de piste<\/div><div class=\"vlp-block-1 vlp-link-summary\">ROLAND-GARROS 2025 - La fin de match tronqu\u00e9e par la blessure de Terence Atmane, Richard Gasquet prolonge son dernier tour de piste aux Internationaux de France. Le Fran\u00e7ais s\u2019est d\u00e9fait de son jeune compatriote en quatre manches 6-2, 2-6, 6-3, 6-0.<\/div><div class=\"vlp-block-2 vlp-link-button\">Lire l'article<\/div><div class=\"vlp-block-3 vlp-link-url\">dicodusport.fr<\/div><\/div><\/div>\n<p style=\"text-align: justify;\" data-start=\"917\" data-end=\"1272\">La <strong data-start=\"920\" data-end=\"941\">sensation du jour<\/strong> porte un nom bien connu : <strong data-start=\"968\" data-end=\"987\">Richard Gasquet<\/strong>. Pour ce qui sera son dernier Roland-Garros, l\u2019\u00e9ternel Biterrois s\u2019est offert une belle victoire contre <strong data-start=\"1105\" data-end=\"1123\">Terence Atmane<\/strong>, diminu\u00e9 physiquement en fin de match par une douleur \u00e0 la cuisse. Gasquet pourrait retrouver le Central au prochain tour, probablement face \u00e0 <strong data-start=\"1254\" data-end=\"1271\">Jannik Sinner<\/strong>. Pas de frayeur pour <strong data-start=\"1294\" data-end=\"1309\">Ugo Humbert<\/strong>, solide et exp\u00e9ditif face \u00e0 <strong data-start=\"1338\" data-end=\"1363\">Christopher O\u2019Connell<\/strong> (3 sets \u00e0 0), ni pour <strong data-start=\"1386\" data-end=\"1401\">Arthur Fils<\/strong>, tr\u00e8s attendu, qui a domin\u00e9 <strong data-start=\"1416\" data-end=\"1433\">Nicol\u00e1s Jarry<\/strong> en 4 sets pour rallier le deuxi\u00e8me tour.<\/p>\n<blockquote class=\"twitter-tweet\">\n<p dir=\"ltr\" lang=\"en\">An outstanding comeback from <a href=\"https:\/\/twitter.com\/paulabadosa?ref_src=twsrc%5Etfw\">@paulabadosa<\/a> against Osaka! \ud83d\udcaa\ud83c\uddea\ud83c\uddf8 Check out our highlights, presented by <a href=\"https:\/\/twitter.com\/emirates?ref_src=twsrc%5Etfw\">@Emirates<\/a> \u2708\ufe0f<a href=\"https:\/\/twitter.com\/hashtag\/RolandGarros?src=hash&amp;ref_src=twsrc%5Etfw\">#RolandGarros<\/a> <a href=\"https:\/\/twitter.com\/hashtag\/Emirates?src=hash&amp;ref_src=twsrc%5Etfw\">#Emirates<\/a> <a href=\"https:\/\/twitter.com\/hashtag\/FlyBetter?src=hash&amp;ref_src=twsrc%5Etfw\">#FlyBetter<\/a> <a href=\"https:\/\/t.co\/rmRYJUFAJc\">pic.twitter.com\/rmRYJUFAJc<\/a><\/p>\n<p>\u2014 Roland-Garros (@rolandgarros) <a href=\"https:\/\/twitter.com\/rolandgarros\/status\/1927045111239606689?ref_src=twsrc%5Etfw\">May 26, 2025<\/a><\/p><\/blockquote>\n<p style=\"text-align: justify;\"><script async src=\"https:\/\/platform.twitter.com\/widgets.js\" charset=\"utf-8\"><\/script><\/p>\n<p style=\"text-align: justify;\" data-start=\"1998\" data-end=\"2257\">Chez les favoris, <strong data-start=\"2016\" data-end=\"2034\">Carlos Alcaraz<\/strong> et <strong data-start=\"2038\" data-end=\"2055\">Jannik Sinner<\/strong> ont assur\u00e9 le spectacle et leur qualification, sans trembler. En revanche, grosse d\u00e9sillusion pour la t\u00eate de s\u00e9rie n\u00b04 <strong data-start=\"2176\" data-end=\"2192\">Taylor Fritz<\/strong>, \u00e9limin\u00e9 d\u00e8s le premier tour par l\u2019Allemand <strong data-start=\"2237\" data-end=\"2256\">Daniel Altmaier<\/strong>. Autre surprise du jour : <strong data-start=\"2284\" data-end=\"2302\">Gabriel Diallo<\/strong>, le Canadien de 22 ans, a domin\u00e9 <strong data-start=\"2336\" data-end=\"2359\">Francisco Cer\u00fandolo<\/strong>, sp\u00e9cialiste de la terre battue pourtant.<\/p>\n<ul style=\"text-align: justify;\">\n<li><strong>\u00c0 lire aussi :\u00a0<a href=\"https:\/\/dicodusport.fr\/blog\/roland-garros-2025-le-tableau-de-simple-hommes\/\">Le tableau de simple hommes de Roland-Garros<\/a><\/strong><\/li>\n<\/ul>\n<h2 style=\"text-align: justify;\" data-start=\"147\" data-end=\"226\"><strong data-start=\"147\" data-end=\"226\">Journ\u00e9e noire pour les Fran\u00e7aises, et les adieux \u00e9mouvants de Caroline Garcia<\/strong><\/h2>\n<p style=\"text-align: justify;\" data-start=\"220\" data-end=\"682\">Si quelques Fran\u00e7ais ont su tirer leur \u00e9pingle du jeu, le bilan est bien plus sombre chez les <strong data-start=\"314\" data-end=\"347\">Tricolores du tableau f\u00e9minin<\/strong>. <strong data-start=\"349\" data-end=\"364\">Diane Parry<\/strong> n\u2019a jamais trouv\u00e9 la cl\u00e9 face \u00e0 <strong data-start=\"397\" data-end=\"417\">Robin Montgomery<\/strong>, balay\u00e9e 6-2, 6-1. De son c\u00f4t\u00e9, la belle surprise des qualifications, <strong data-start=\"488\" data-end=\"505\">Carole Monnet<\/strong>, a bien cru \u00e0 l\u2019exploit face \u00e0 la 38e mondiale <strong data-start=\"553\" data-end=\"570\">Katie Boulter<\/strong>. Apr\u00e8s avoir arrach\u00e9 le premier set au tie-break, elle s\u2019est effondr\u00e9e dans les deux suivants (1-6, 1-6).<\/p>\n<p style=\"text-align: justify;\" data-start=\"234\" data-end=\"576\"><strong>L\u00e9olia<\/strong> <strong>Jeanjean<\/strong> a sign\u00e9 la seule \u00e9claircie de la journ\u00e9e c\u00f4t\u00e9 tricolore en \u00e9liminant la Roumaine <strong data-start=\"331\" data-end=\"345\">Irina Begu<\/strong>. Totalement d\u00e9pass\u00e9e dans le premier set (0-6), la Fran\u00e7aise a su trouver les ressources n\u00e9cessaires pour se relancer, port\u00e9e par le public du court n\u00b07. Elle arrache la deuxi\u00e8me manche 7-5, relan\u00e7ant compl\u00e8tement le suspense. Dans un troisi\u00e8me set sous haute tension, l\u2019ambiance survolt\u00e9e transcende <strong>Jeanjean<\/strong> et d\u00e9stabilise <strong>Begu<\/strong>, rapidement break\u00e9e. Visiblement g\u00ean\u00e9e par des crampes, la Roumaine finit par jeter l\u2019\u00e9ponge. <strong>Jeanjean<\/strong> se qualifie donc pour le deuxi\u00e8me tour, sauve l\u2019honneur des Fran\u00e7aises et prend une belle revanche sur <strong>Begu<\/strong>, <a href=\"https:\/\/dicodusport.fr\/blog\/roland-garros-2022-leolia-jeanjean-passe-a-cote-en-16eme-de-finale\/\">qui l\u2019avait \u00e9limin\u00e9e au troisi\u00e8me tour de Roland-Garros il y a quelques ann\u00e9es<\/a>.<\/p>\n<p style=\"text-align: justify;\" data-start=\"684\" data-end=\"1114\">Mais le moment fort, charg\u00e9 d\u2019\u00e9motion, fut <strong data-start=\"727\" data-end=\"774\">le dernier Roland-Garros de Caroline Garcia<\/strong>. En cruel manque de rythme, c&rsquo;\u00e9tait son premier match sur terre battue de la saison<strong data-start=\"816\" data-end=\"863\">,<\/strong>\u00a0la Lyonnaise a tout de m\u00eame pu savourer quelques derniers instants sur le court <strong data-start=\"946\" data-end=\"965\">Suzanne-Lenglen<\/strong>. Battue par l\u2019Am\u00e9ricaine <strong data-start=\"991\" data-end=\"1008\">Bernarda Pera<\/strong> (6-4, 6-4), Garcia quitte la sc\u00e8ne sous les applaudissements et quelques larmes,\u00a0 avec beaucoup de nostalgie.<\/p>\n<div class=\"vlp-link-container vlp-layout-article\"><a href=\"https:\/\/dicodusport.fr\/blog\/roland-garros-2025-caroline-garcia-sortie-dentree-pour-sa-derniere-porte-dauteuil\/\" class=\"vlp-link\" title=\"Roland-Garros 2025 : Caroline Garcia sortie d&#039;entr\u00e9e pour sa derni\u00e8re Porte d&#039;Auteuil\"><\/a><div class=\"vlp-layout-zone-side\"><div class=\"vlp-block-4 vlp-link-image\"><img loading=\"lazy\" decoding=\"async\" style=\"max-width: 792px;\" width=\"792\" height=\"445\" src=\"https:\/\/dicodusport.fr\/blog\/wp-content\/uploads\/2025\/05\/Roland-Garros-2025-Caroline-Garcia-sort-dentree-pour-son-dernier-tournoi-parisien.png\" class=\"attachment-800x445 size-800x445\" alt=\"Roland-Garros 2025 : Caroline Garcia sortie d&#039;entr\u00e9e pour sa derni\u00e8re Porte d&#039;Auteuil\" srcset=\"https:\/\/dicodusport.fr\/blog\/wp-content\/uploads\/2025\/05\/Roland-Garros-2025-Caroline-Garcia-sort-dentree-pour-son-dernier-tournoi-parisien.png 1200w, https:\/\/dicodusport.fr\/blog\/wp-content\/uploads\/2025\/05\/Roland-Garros-2025-Caroline-Garcia-sort-dentree-pour-son-dernier-tournoi-parisien-300x169.png 300w, https:\/\/dicodusport.fr\/blog\/wp-content\/uploads\/2025\/05\/Roland-Garros-2025-Caroline-Garcia-sort-dentree-pour-son-dernier-tournoi-parisien-1024x575.png 1024w, https:\/\/dicodusport.fr\/blog\/wp-content\/uploads\/2025\/05\/Roland-Garros-2025-Caroline-Garcia-sort-dentree-pour-son-dernier-tournoi-parisien-768x431.png 768w\" sizes=\"auto, (max-width: 792px) 100vw, 792px\" \/><\/div><\/div><div class=\"vlp-layout-zone-main\"><div class=\"vlp-block-0 vlp-link-title\">Roland-Garros 2025 : Caroline Garcia sortie d'entr\u00e9e pour sa derni\u00e8re Porte d'Auteuil<\/div><div class=\"vlp-block-1 vlp-link-summary\">ROLAND-GARROS 2025 - La derni\u00e8re danse de Caroline Garcia Porte d'Auteuil s\u2019arr\u00eate bien trop t\u00f4t mais la logique est respect\u00e9e. La Fran\u00e7aise est stopp\u00e9e d\u00e8s le premier tour par Bernarda Pera en deux manches (6-4, 6-4).<\/div><div class=\"vlp-block-2 vlp-link-button\">Lire l'article<\/div><div class=\"vlp-block-3 vlp-link-url\">dicodusport.fr<\/div><\/div><\/div>\n<h2 style=\"text-align: justify;\" data-start=\"1121\" data-end=\"1186\">Osaka &#8211; Badosa : duel d\u2019anciennes reines, match de la journ\u00e9e<\/h2>\n<p style=\"text-align: justify;\" data-start=\"1188\" data-end=\"1453\">Le choc du jour est venu du tableau f\u00e9minin, avec une affiche digne d\u2019une demi-finale de Grand Chelem : <strong data-start=\"1296\" data-end=\"1311\">Naomi Osaka<\/strong> face \u00e0 <strong data-start=\"1319\" data-end=\"1335\">Paula Badosa<\/strong>. Dans un match intense et magnifique, c\u2019est l\u2019Espagnole qui s\u2019est impos\u00e9e en trois sets, 6-7 (1), 6-1, 6-4, et rejoint le deuxi\u00e8me tour. De son c\u00f4t\u00e9, la n\u00b01 mondiale <strong data-start=\"1484\" data-end=\"1499\">Iga \u015awi\u0105tek<\/strong> n\u2019a pas trembl\u00e9. En revanche, <strong data-start=\"1530\" data-end=\"1546\">Emma Navarro<\/strong> (t\u00eate de s\u00e9rie n\u00b09) a compl\u00e8tement sombr\u00e9 sur le <strong data-start=\"1596\" data-end=\"1617\">Philippe-Chatrier<\/strong> face \u00e0 l\u2019Espagnole <strong data-start=\"1637\" data-end=\"1663\">Jessica Bouzas Maneiro<\/strong>, ne remportant qu\u2019un seul jeu dans une rencontre \u00e0 sens unique.<\/p>\n<blockquote class=\"twitter-tweet\">\n<p dir=\"ltr\" lang=\"en\">An outstanding comeback from <a href=\"https:\/\/twitter.com\/paulabadosa?ref_src=twsrc%5Etfw\">@paulabadosa<\/a> against Osaka! \ud83d\udcaa\ud83c\uddea\ud83c\uddf8 Check out our highlights, presented by <a href=\"https:\/\/twitter.com\/emirates?ref_src=twsrc%5Etfw\">@Emirates<\/a> \u2708\ufe0f<a href=\"https:\/\/twitter.com\/hashtag\/RolandGarros?src=hash&amp;ref_src=twsrc%5Etfw\">#RolandGarros<\/a> <a href=\"https:\/\/twitter.com\/hashtag\/Emirates?src=hash&amp;ref_src=twsrc%5Etfw\">#Emirates<\/a> <a href=\"https:\/\/twitter.com\/hashtag\/FlyBetter?src=hash&amp;ref_src=twsrc%5Etfw\">#FlyBetter<\/a> <a href=\"https:\/\/t.co\/rmRYJUFAJc\">pic.twitter.com\/rmRYJUFAJc<\/a><\/p>\n<p>\u2014 Roland-Garros (@rolandgarros) <a href=\"https:\/\/twitter.com\/rolandgarros\/status\/1927045111239606689?ref_src=twsrc%5Etfw\">May 26, 2025<\/a><\/p><\/blockquote>\n<p style=\"text-align: justify;\"><script async src=\"https:\/\/platform.twitter.com\/widgets.js\" charset=\"utf-8\"><\/script><\/p>\n<ul style=\"text-align: justify;\">\n<li><strong>\u00c0 lire aussi :\u00a0<a href=\"https:\/\/dicodusport.fr\/blog\/roland-garros-2025-le-tableau-de-simple-dames\/\">Le tableau de simple dames de Roland-Garros<\/a><\/strong><\/li>\n<\/ul>\n<p style=\"text-align: justify;\">\n","protected":false},"excerpt":{"rendered":"<p>ROLAND-GARROS 2025 &#8211; Si Hugo Gaston est devenu le premier Tricolore \u00e0 d\u00e9crocher son billet pour le deuxi\u00e8me tour, cette journ\u00e9e restera surtout marqu\u00e9e par le dernier match de Caroline Garcia \u00e0 Roland-Garros.<\/p>\n","protected":false},"author":111,"featured_media":582122,"comment_status":"open","ping_status":"closed","sticky":false,"template":"","format":"standard","meta":{"_acf_changed":false,"_daextam_enable_autolinks":"1","footnotes":""},"categories":[47090],"tags":[16878,2000,2542],"class_list":["post-582077","post","type-post","status-publish","format-standard","has-post-thumbnail","hentry","category-roland-garros","tag-breve","tag-caroline-garcia","tag-richard-gasquet"],"acf":[],"yoast_head":"<!-- This site is optimized with the Yoast SEO Premium plugin v26.7 (Yoast SEO v26.7) - https:\/\/yoast.com\/wordpress\/plugins\/seo\/ -->\n<title>Roland-Garros 2025 : Caroline Garcia, Richard Gasquet, Arthur Fils, le r\u00e9sum\u00e9 du lundi 26 mai<\/title>\n<meta name=\"description\" content=\"ROLAND-GARROS 2025 - Cette journ\u00e9e restera surtout marqu\u00e9e par le dernier match de Caroline Garcia \u00e0 Roland-Garros.\" \/>\n<meta name=\"robots\" content=\"index, follow, max-snippet:-1, max-image-preview:large, max-video-preview:-1\" \/>\n<link rel=\"canonical\" href=\"https:\/\/dicodusport.fr\/blog\/roland-garros-2025-caroline-garcia-richard-gasquet-arthur-fils-le-resume-du-lundi-26-mai\/\" \/>\n<meta property=\"og:locale\" content=\"fr_FR\" \/>\n<meta property=\"og:type\" content=\"article\" \/>\n<meta property=\"og:title\" content=\"Roland-Garros 2025 : Caroline Garcia, Richard Gasquet, Arthur Fils, le r\u00e9sum\u00e9 du lundi 26 mai\" \/>\n<meta property=\"og:description\" content=\"ROLAND-GARROS 2025 - Cette journ\u00e9e restera surtout marqu\u00e9e par le dernier match de Caroline Garcia \u00e0 Roland-Garros.\" \/>\n<meta property=\"og:url\" content=\"https:\/\/dicodusport.fr\/blog\/roland-garros-2025-caroline-garcia-richard-gasquet-arthur-fils-le-resume-du-lundi-26-mai\/\" \/>\n<meta property=\"og:site_name\" content=\"Dicodusport\" \/>\n<meta property=\"article:publisher\" content=\"https:\/\/www.facebook.com\/dicodusport\" \/>\n<meta property=\"article:published_time\" content=\"2025-05-26T20:06:17+00:00\" \/>\n<meta property=\"article:modified_time\" content=\"2025-05-26T20:06:54+00:00\" \/>\n<meta property=\"og:image\" content=\"https:\/\/dicodusport.fr\/blog\/wp-content\/uploads\/2025\/05\/Roland-Garros-2025-Caroline-Garcia-Richard-Gasquet-Arthur-Fils-le-resume-du-lundi-26-mai.png\" \/>\n\t<meta property=\"og:image:width\" content=\"1200\" \/>\n\t<meta property=\"og:image:height\" content=\"674\" \/>\n\t<meta property=\"og:image:type\" content=\"image\/png\" \/>\n<meta name=\"author\" content=\"L\u00e9o Derambure\" \/>\n<meta name=\"twitter:card\" content=\"summary_large_image\" \/>\n<meta name=\"twitter:title\" content=\"Roland-Garros 2025 : Caroline Garcia, Richard Gasquet, Arthur Fils, le r\u00e9sum\u00e9 du lundi 26 mai\" \/>\n<meta name=\"twitter:creator\" content=\"@dicodusport\" \/>\n<meta name=\"twitter:site\" content=\"@dicodusport\" \/>\n<script type=\"application\/ld+json\" class=\"yoast-schema-graph\">{\"@context\":\"https:\/\/schema.org\",\"@graph\":[{\"@type\":\"NewsArticle\",\"@id\":\"https:\/\/dicodusport.fr\/blog\/roland-garros-2025-caroline-garcia-richard-gasquet-arthur-fils-le-resume-du-lundi-26-mai\/#article\",\"isPartOf\":{\"@id\":\"https:\/\/dicodusport.fr\/blog\/roland-garros-2025-caroline-garcia-richard-gasquet-arthur-fils-le-resume-du-lundi-26-mai\/\"},\"author\":{\"name\":\"L\u00e9o Derambure\",\"@id\":\"https:\/\/dicodusport.fr\/blog\/#\/schema\/person\/93f03e222ed8da203c940d17ef257295\"},\"headline\":\"Roland-Garros 2025 : Caroline Garcia, Richard Gasquet, Arthur Fils, le r\u00e9sum\u00e9 du lundi 26 mai\",\"datePublished\":\"2025-05-26T20:06:17+00:00\",\"dateModified\":\"2025-05-26T20:06:54+00:00\",\"mainEntityOfPage\":{\"@id\":\"https:\/\/dicodusport.fr\/blog\/roland-garros-2025-caroline-garcia-richard-gasquet-arthur-fils-le-resume-du-lundi-26-mai\/\"},\"wordCount\":1065,\"commentCount\":0,\"publisher\":{\"@id\":\"https:\/\/dicodusport.fr\/blog\/#organization\"},\"image\":{\"@id\":\"https:\/\/dicodusport.fr\/blog\/roland-garros-2025-caroline-garcia-richard-gasquet-arthur-fils-le-resume-du-lundi-26-mai\/#primaryimage\"},\"thumbnailUrl\":\"https:\/\/dicodusport.fr\/blog\/wp-content\/uploads\/2025\/05\/Roland-Garros-2025-Caroline-Garcia-Richard-Gasquet-Arthur-Fils-le-resume-du-lundi-26-mai.png\",\"keywords\":[\"br\u00e8ve\",\"Caroline Garcia\",\"Richard Gasquet\"],\"articleSection\":[\"Roland-Garros\"],\"inLanguage\":\"fr-FR\",\"potentialAction\":[{\"@type\":\"CommentAction\",\"name\":\"Comment\",\"target\":[\"https:\/\/dicodusport.fr\/blog\/roland-garros-2025-caroline-garcia-richard-gasquet-arthur-fils-le-resume-du-lundi-26-mai\/#respond\"]}],\"copyrightYear\":\"2025\",\"copyrightHolder\":{\"@id\":\"https:\/\/dicodusport.fr\/blog\/#organization\"}},{\"@type\":\"WebPage\",\"@id\":\"https:\/\/dicodusport.fr\/blog\/roland-garros-2025-caroline-garcia-richard-gasquet-arthur-fils-le-resume-du-lundi-26-mai\/\",\"url\":\"https:\/\/dicodusport.fr\/blog\/roland-garros-2025-caroline-garcia-richard-gasquet-arthur-fils-le-resume-du-lundi-26-mai\/\",\"name\":\"Roland-Garros 2025 : Caroline Garcia, Richard Gasquet, Arthur Fils, le r\u00e9sum\u00e9 du lundi 26 mai\",\"isPartOf\":{\"@id\":\"https:\/\/dicodusport.fr\/blog\/#website\"},\"primaryImageOfPage\":{\"@id\":\"https:\/\/dicodusport.fr\/blog\/roland-garros-2025-caroline-garcia-richard-gasquet-arthur-fils-le-resume-du-lundi-26-mai\/#primaryimage\"},\"image\":{\"@id\":\"https:\/\/dicodusport.fr\/blog\/roland-garros-2025-caroline-garcia-richard-gasquet-arthur-fils-le-resume-du-lundi-26-mai\/#primaryimage\"},\"thumbnailUrl\":\"https:\/\/dicodusport.fr\/blog\/wp-content\/uploads\/2025\/05\/Roland-Garros-2025-Caroline-Garcia-Richard-Gasquet-Arthur-Fils-le-resume-du-lundi-26-mai.png\",\"datePublished\":\"2025-05-26T20:06:17+00:00\",\"dateModified\":\"2025-05-26T20:06:54+00:00\",\"description\":\"ROLAND-GARROS 2025 - Cette journ\u00e9e restera surtout marqu\u00e9e par le dernier match de Caroline Garcia \u00e0 Roland-Garros.\",\"breadcrumb\":{\"@id\":\"https:\/\/dicodusport.fr\/blog\/roland-garros-2025-caroline-garcia-richard-gasquet-arthur-fils-le-resume-du-lundi-26-mai\/#breadcrumb\"},\"inLanguage\":\"fr-FR\",\"potentialAction\":[{\"@type\":\"ReadAction\",\"target\":[\"https:\/\/dicodusport.fr\/blog\/roland-garros-2025-caroline-garcia-richard-gasquet-arthur-fils-le-resume-du-lundi-26-mai\/\"]}]},{\"@type\":\"ImageObject\",\"inLanguage\":\"fr-FR\",\"@id\":\"https:\/\/dicodusport.fr\/blog\/roland-garros-2025-caroline-garcia-richard-gasquet-arthur-fils-le-resume-du-lundi-26-mai\/#primaryimage\",\"url\":\"https:\/\/dicodusport.fr\/blog\/wp-content\/uploads\/2025\/05\/Roland-Garros-2025-Caroline-Garcia-Richard-Gasquet-Arthur-Fils-le-resume-du-lundi-26-mai.png\",\"contentUrl\":\"https:\/\/dicodusport.fr\/blog\/wp-content\/uploads\/2025\/05\/Roland-Garros-2025-Caroline-Garcia-Richard-Gasquet-Arthur-Fils-le-resume-du-lundi-26-mai.png\",\"width\":1200,\"height\":674,\"caption\":\"Roland-Garros 2025 Caroline Garcia, Richard Gasquet, Arthur Fils, le r\u00e9sum\u00e9 du lundi 26 mai\"},{\"@type\":\"BreadcrumbList\",\"@id\":\"https:\/\/dicodusport.fr\/blog\/roland-garros-2025-caroline-garcia-richard-gasquet-arthur-fils-le-resume-du-lundi-26-mai\/#breadcrumb\",\"itemListElement\":[{\"@type\":\"ListItem\",\"position\":1,\"name\":\"Accueil\",\"item\":\"https:\/\/dicodusport.fr\/blog\/\"},{\"@type\":\"ListItem\",\"position\":2,\"name\":\"Roland-Garros 2025 : Caroline Garcia, Richard Gasquet, Arthur Fils, le r\u00e9sum\u00e9 du lundi 26 mai\"}]},{\"@type\":\"WebSite\",\"@id\":\"https:\/\/dicodusport.fr\/blog\/#website\",\"url\":\"https:\/\/dicodusport.fr\/blog\/\",\"name\":\"Dicodusport\",\"description\":\"L&#039;encyclop\u00e9die de l&#039;actualit\u00e9 sportive\",\"publisher\":{\"@id\":\"https:\/\/dicodusport.fr\/blog\/#organization\"},\"potentialAction\":[{\"@type\":\"SearchAction\",\"target\":{\"@type\":\"EntryPoint\",\"urlTemplate\":\"https:\/\/dicodusport.fr\/blog\/?s={search_term_string}\"},\"query-input\":{\"@type\":\"PropertyValueSpecification\",\"valueRequired\":true,\"valueName\":\"search_term_string\"}}],\"inLanguage\":\"fr-FR\"},{\"@type\":\"NewsMediaOrganization\",\"@id\":\"https:\/\/dicodusport.fr\/blog\/#organization\",\"name\":\"Dicodusport\",\"url\":\"https:\/\/dicodusport.fr\/blog\/\",\"logo\":{\"@type\":\"ImageObject\",\"inLanguage\":\"fr-FR\",\"@id\":\"https:\/\/dicodusport.fr\/blog\/#\/schema\/logo\/image\/\",\"url\":\"https:\/\/dicodusport.fr\/blog\/wp-content\/uploads\/2020\/06\/cropped-LOGO-DICODUSPORT-2020-SANS-FOND-SANS-TEXTE.png\",\"contentUrl\":\"https:\/\/dicodusport.fr\/blog\/wp-content\/uploads\/2020\/06\/cropped-LOGO-DICODUSPORT-2020-SANS-FOND-SANS-TEXTE.png\",\"width\":512,\"height\":512,\"caption\":\"Dicodusport\"},\"image\":{\"@id\":\"https:\/\/dicodusport.fr\/blog\/#\/schema\/logo\/image\/\"},\"sameAs\":[\"https:\/\/www.facebook.com\/dicodusport\",\"https:\/\/x.com\/dicodusport\",\"https:\/\/www.instagram.com\/dicodusport\/\",\"https:\/\/www.youtube.com\/channel\/UC7V2KZ5sd3htJivAbA4ZG3w\"],\"description\":\"Dicodusport est l'encyclop\u00e9die de l'actualit\u00e9 sportive.\",\"email\":\"bonjour@dicodusport.fr\",\"legalName\":\"DICODUSPORT\",\"foundingDate\":\"2018-01-14\",\"vatID\":\"FR71834470973\",\"taxID\":\"83447097300043\",\"numberOfEmployees\":{\"@type\":\"QuantitativeValue\",\"minValue\":\"1\",\"maxValue\":\"10\"}},{\"@type\":\"Person\",\"@id\":\"https:\/\/dicodusport.fr\/blog\/#\/schema\/person\/93f03e222ed8da203c940d17ef257295\",\"name\":\"L\u00e9o Derambure\",\"image\":{\"@type\":\"ImageObject\",\"inLanguage\":\"fr-FR\",\"@id\":\"https:\/\/dicodusport.fr\/blog\/#\/schema\/person\/image\/\",\"url\":\"https:\/\/dicodusport.fr\/blog\/wp-content\/uploads\/2025\/02\/Maillot-Dicodusport-Lele-150x150.png\",\"contentUrl\":\"https:\/\/dicodusport.fr\/blog\/wp-content\/uploads\/2025\/02\/Maillot-Dicodusport-Lele-150x150.png\",\"caption\":\"L\u00e9o Derambure\"},\"description\":\"Passionn\u00e9 de sport depuis l\u2019enfance, j\u2019ai grandi au rythme des grands \u00e9v\u00e9nements comme les Jeux Olympiques, les championnats du monde d\u2019athl\u00e9tisme et de natation, ou encore le Tour de France sur France T\u00e9l\u00e9visions. Abonn\u00e9 au RC Lens depuis 2008, cette ferveur m\u2019a \u00e9t\u00e9 transmise d\u00e8s l\u2019\u00e2ge de 5 ans par mon grand-p\u00e8re et mon p\u00e8re. Avec Rafael Nadal ou encore Aruna Dindane comme idole, j\u2019ai toujours ressenti l\u2019envie de partager cette passion \u00e0 travers l\u2019\u00e9criture. Apr\u00e8s les Jeux Olympiques de Paris 2024, j\u2019ai franchi le pas en rejoignant l\u2019\u00e9quipe de r\u00e9daction de Dicodusport. Aujourd\u2019hui, je couvre le biathlon, le ski alpin ainsi que les rencontres des clubs fran\u00e7ais en comp\u00e9titions europ\u00e9ennes, avec l'envie de faire vivre chaque instant sportif et de transmettre ces \u00e9motions au lecteur, comme s\u2019il \u00e9tait au c\u0153ur de l\u2019\u00e9v\u00e9nement.\",\"worksFor\":\"L\u00e9o Derambure\",\"url\":\"https:\/\/dicodusport.fr\/blog\/author\/leo-derambure\/\"}]}<\/script>\n<!-- \/ Yoast SEO Premium plugin. -->","yoast_head_json":{"title":"Roland-Garros 2025 : Caroline Garcia, Richard Gasquet, Arthur Fils, le r\u00e9sum\u00e9 du lundi 26 mai","description":"ROLAND-GARROS 2025 - Cette journ\u00e9e restera surtout marqu\u00e9e par le dernier match de Caroline Garcia \u00e0 Roland-Garros.","robots":{"index":"index","follow":"follow","max-snippet":"max-snippet:-1","max-image-preview":"max-image-preview:large","max-video-preview":"max-video-preview:-1"},"canonical":"https:\/\/dicodusport.fr\/blog\/roland-garros-2025-caroline-garcia-richard-gasquet-arthur-fils-le-resume-du-lundi-26-mai\/","og_locale":"fr_FR","og_type":"article","og_title":"Roland-Garros 2025 : Caroline Garcia, Richard Gasquet, Arthur Fils, le r\u00e9sum\u00e9 du lundi 26 mai","og_description":"ROLAND-GARROS 2025 - Cette journ\u00e9e restera surtout marqu\u00e9e par le dernier match de Caroline Garcia \u00e0 Roland-Garros.","og_url":"https:\/\/dicodusport.fr\/blog\/roland-garros-2025-caroline-garcia-richard-gasquet-arthur-fils-le-resume-du-lundi-26-mai\/","og_site_name":"Dicodusport","article_publisher":"https:\/\/www.facebook.com\/dicodusport","article_published_time":"2025-05-26T20:06:17+00:00","article_modified_time":"2025-05-26T20:06:54+00:00","og_image":[{"width":1200,"height":674,"url":"https:\/\/dicodusport.fr\/blog\/wp-content\/uploads\/2025\/05\/Roland-Garros-2025-Caroline-Garcia-Richard-Gasquet-Arthur-Fils-le-resume-du-lundi-26-mai.png","type":"image\/png"}],"author":"L\u00e9o Derambure","twitter_card":"summary_large_image","twitter_title":"Roland-Garros 2025 : Caroline Garcia, Richard Gasquet, Arthur Fils, le r\u00e9sum\u00e9 du lundi 26 mai","twitter_creator":"@dicodusport","twitter_site":"@dicodusport","schema":{"@context":"https:\/\/schema.org","@graph":[{"@type":"NewsArticle","@id":"https:\/\/dicodusport.fr\/blog\/roland-garros-2025-caroline-garcia-richard-gasquet-arthur-fils-le-resume-du-lundi-26-mai\/#article","isPartOf":{"@id":"https:\/\/dicodusport.fr\/blog\/roland-garros-2025-caroline-garcia-richard-gasquet-arthur-fils-le-resume-du-lundi-26-mai\/"},"author":{"name":"L\u00e9o Derambure","@id":"https:\/\/dicodusport.fr\/blog\/#\/schema\/person\/93f03e222ed8da203c940d17ef257295"},"headline":"Roland-Garros 2025 : Caroline Garcia, Richard Gasquet, Arthur Fils, le r\u00e9sum\u00e9 du lundi 26 mai","datePublished":"2025-05-26T20:06:17+00:00","dateModified":"2025-05-26T20:06:54+00:00","mainEntityOfPage":{"@id":"https:\/\/dicodusport.fr\/blog\/roland-garros-2025-caroline-garcia-richard-gasquet-arthur-fils-le-resume-du-lundi-26-mai\/"},"wordCount":1065,"commentCount":0,"publisher":{"@id":"https:\/\/dicodusport.fr\/blog\/#organization"},"image":{"@id":"https:\/\/dicodusport.fr\/blog\/roland-garros-2025-caroline-garcia-richard-gasquet-arthur-fils-le-resume-du-lundi-26-mai\/#primaryimage"},"thumbnailUrl":"https:\/\/dicodusport.fr\/blog\/wp-content\/uploads\/2025\/05\/Roland-Garros-2025-Caroline-Garcia-Richard-Gasquet-Arthur-Fils-le-resume-du-lundi-26-mai.png","keywords":["br\u00e8ve","Caroline Garcia","Richard Gasquet"],"articleSection":["Roland-Garros"],"inLanguage":"fr-FR","potentialAction":[{"@type":"CommentAction","name":"Comment","target":["https:\/\/dicodusport.fr\/blog\/roland-garros-2025-caroline-garcia-richard-gasquet-arthur-fils-le-resume-du-lundi-26-mai\/#respond"]}],"copyrightYear":"2025","copyrightHolder":{"@id":"https:\/\/dicodusport.fr\/blog\/#organization"}},{"@type":"WebPage","@id":"https:\/\/dicodusport.fr\/blog\/roland-garros-2025-caroline-garcia-richard-gasquet-arthur-fils-le-resume-du-lundi-26-mai\/","url":"https:\/\/dicodusport.fr\/blog\/roland-garros-2025-caroline-garcia-richard-gasquet-arthur-fils-le-resume-du-lundi-26-mai\/","name":"Roland-Garros 2025 : Caroline Garcia, Richard Gasquet, Arthur Fils, le r\u00e9sum\u00e9 du lundi 26 mai","isPartOf":{"@id":"https:\/\/dicodusport.fr\/blog\/#website"},"primaryImageOfPage":{"@id":"https:\/\/dicodusport.fr\/blog\/roland-garros-2025-caroline-garcia-richard-gasquet-arthur-fils-le-resume-du-lundi-26-mai\/#primaryimage"},"image":{"@id":"https:\/\/dicodusport.fr\/blog\/roland-garros-2025-caroline-garcia-richard-gasquet-arthur-fils-le-resume-du-lundi-26-mai\/#primaryimage"},"thumbnailUrl":"https:\/\/dicodusport.fr\/blog\/wp-content\/uploads\/2025\/05\/Roland-Garros-2025-Caroline-Garcia-Richard-Gasquet-Arthur-Fils-le-resume-du-lundi-26-mai.png","datePublished":"2025-05-26T20:06:17+00:00","dateModified":"2025-05-26T20:06:54+00:00","description":"ROLAND-GARROS 2025 - Cette journ\u00e9e restera surtout marqu\u00e9e par le dernier match de Caroline Garcia \u00e0 Roland-Garros.","breadcrumb":{"@id":"https:\/\/dicodusport.fr\/blog\/roland-garros-2025-caroline-garcia-richard-gasquet-arthur-fils-le-resume-du-lundi-26-mai\/#breadcrumb"},"inLanguage":"fr-FR","potentialAction":[{"@type":"ReadAction","target":["https:\/\/dicodusport.fr\/blog\/roland-garros-2025-caroline-garcia-richard-gasquet-arthur-fils-le-resume-du-lundi-26-mai\/"]}]},{"@type":"ImageObject","inLanguage":"fr-FR","@id":"https:\/\/dicodusport.fr\/blog\/roland-garros-2025-caroline-garcia-richard-gasquet-arthur-fils-le-resume-du-lundi-26-mai\/#primaryimage","url":"https:\/\/dicodusport.fr\/blog\/wp-content\/uploads\/2025\/05\/Roland-Garros-2025-Caroline-Garcia-Richard-Gasquet-Arthur-Fils-le-resume-du-lundi-26-mai.png","contentUrl":"https:\/\/dicodusport.fr\/blog\/wp-content\/uploads\/2025\/05\/Roland-Garros-2025-Caroline-Garcia-Richard-Gasquet-Arthur-Fils-le-resume-du-lundi-26-mai.png","width":1200,"height":674,"caption":"Roland-Garros 2025 Caroline Garcia, Richard Gasquet, Arthur Fils, le r\u00e9sum\u00e9 du lundi 26 mai"},{"@type":"BreadcrumbList","@id":"https:\/\/dicodusport.fr\/blog\/roland-garros-2025-caroline-garcia-richard-gasquet-arthur-fils-le-resume-du-lundi-26-mai\/#breadcrumb","itemListElement":[{"@type":"ListItem","position":1,"name":"Accueil","item":"https:\/\/dicodusport.fr\/blog\/"},{"@type":"ListItem","position":2,"name":"Roland-Garros 2025 : Caroline Garcia, Richard Gasquet, Arthur Fils, le r\u00e9sum\u00e9 du lundi 26 mai"}]},{"@type":"WebSite","@id":"https:\/\/dicodusport.fr\/blog\/#website","url":"https:\/\/dicodusport.fr\/blog\/","name":"Dicodusport","description":"L&#039;encyclop\u00e9die de l&#039;actualit\u00e9 sportive","publisher":{"@id":"https:\/\/dicodusport.fr\/blog\/#organization"},"potentialAction":[{"@type":"SearchAction","target":{"@type":"EntryPoint","urlTemplate":"https:\/\/dicodusport.fr\/blog\/?s={search_term_string}"},"query-input":{"@type":"PropertyValueSpecification","valueRequired":true,"valueName":"search_term_string"}}],"inLanguage":"fr-FR"},{"@type":"NewsMediaOrganization","@id":"https:\/\/dicodusport.fr\/blog\/#organization","name":"Dicodusport","url":"https:\/\/dicodusport.fr\/blog\/","logo":{"@type":"ImageObject","inLanguage":"fr-FR","@id":"https:\/\/dicodusport.fr\/blog\/#\/schema\/logo\/image\/","url":"https:\/\/dicodusport.fr\/blog\/wp-content\/uploads\/2020\/06\/cropped-LOGO-DICODUSPORT-2020-SANS-FOND-SANS-TEXTE.png","contentUrl":"https:\/\/dicodusport.fr\/blog\/wp-content\/uploads\/2020\/06\/cropped-LOGO-DICODUSPORT-2020-SANS-FOND-SANS-TEXTE.png","width":512,"height":512,"caption":"Dicodusport"},"image":{"@id":"https:\/\/dicodusport.fr\/blog\/#\/schema\/logo\/image\/"},"sameAs":["https:\/\/www.facebook.com\/dicodusport","https:\/\/x.com\/dicodusport","https:\/\/www.instagram.com\/dicodusport\/","https:\/\/www.youtube.com\/channel\/UC7V2KZ5sd3htJivAbA4ZG3w"],"description":"Dicodusport est l'encyclop\u00e9die de l'actualit\u00e9 sportive.","email":"bonjour@dicodusport.fr","legalName":"DICODUSPORT","foundingDate":"2018-01-14","vatID":"FR71834470973","taxID":"83447097300043","numberOfEmployees":{"@type":"QuantitativeValue","minValue":"1","maxValue":"10"}},{"@type":"Person","@id":"https:\/\/dicodusport.fr\/blog\/#\/schema\/person\/93f03e222ed8da203c940d17ef257295","name":"L\u00e9o Derambure","image":{"@type":"ImageObject","inLanguage":"fr-FR","@id":"https:\/\/dicodusport.fr\/blog\/#\/schema\/person\/image\/","url":"https:\/\/dicodusport.fr\/blog\/wp-content\/uploads\/2025\/02\/Maillot-Dicodusport-Lele-150x150.png","contentUrl":"https:\/\/dicodusport.fr\/blog\/wp-content\/uploads\/2025\/02\/Maillot-Dicodusport-Lele-150x150.png","caption":"L\u00e9o Derambure"},"description":"Passionn\u00e9 de sport depuis l\u2019enfance, j\u2019ai grandi au rythme des grands \u00e9v\u00e9nements comme les Jeux Olympiques, les championnats du monde d\u2019athl\u00e9tisme et de natation, ou encore le Tour de France sur France T\u00e9l\u00e9visions. Abonn\u00e9 au RC Lens depuis 2008, cette ferveur m\u2019a \u00e9t\u00e9 transmise d\u00e8s l\u2019\u00e2ge de 5 ans par mon grand-p\u00e8re et mon p\u00e8re. Avec Rafael Nadal ou encore Aruna Dindane comme idole, j\u2019ai toujours ressenti l\u2019envie de partager cette passion \u00e0 travers l\u2019\u00e9criture. Apr\u00e8s les Jeux Olympiques de Paris 2024, j\u2019ai franchi le pas en rejoignant l\u2019\u00e9quipe de r\u00e9daction de Dicodusport. Aujourd\u2019hui, je couvre le biathlon, le ski alpin ainsi que les rencontres des clubs fran\u00e7ais en comp\u00e9titions europ\u00e9ennes, avec l'envie de faire vivre chaque instant sportif et de transmettre ces \u00e9motions au lecteur, comme s\u2019il \u00e9tait au c\u0153ur de l\u2019\u00e9v\u00e9nement.","worksFor":"L\u00e9o Derambure","url":"https:\/\/dicodusport.fr\/blog\/author\/leo-derambure\/"}]}},"_links":{"self":[{"href":"https:\/\/dicodusport.fr\/blog\/wp-json\/wp\/v2\/posts\/582077","targetHints":{"allow":["GET"]}}],"collection":[{"href":"https:\/\/dicodusport.fr\/blog\/wp-json\/wp\/v2\/posts"}],"about":[{"href":"https:\/\/dicodusport.fr\/blog\/wp-json\/wp\/v2\/types\/post"}],"author":[{"embeddable":true,"href":"https:\/\/dicodusport.fr\/blog\/wp-json\/wp\/v2\/users\/111"}],"replies":[{"embeddable":true,"href":"https:\/\/dicodusport.fr\/blog\/wp-json\/wp\/v2\/comments?post=582077"}],"version-history":[{"count":5,"href":"https:\/\/dicodusport.fr\/blog\/wp-json\/wp\/v2\/posts\/582077\/revisions"}],"predecessor-version":[{"id":582120,"href":"https:\/\/dicodusport.fr\/blog\/wp-json\/wp\/v2\/posts\/582077\/revisions\/582120"}],"wp:featuredmedia":[{"embeddable":true,"href":"https:\/\/dicodusport.fr\/blog\/wp-json\/wp\/v2\/media\/582122"}],"wp:attachment":[{"href":"https:\/\/dicodusport.fr\/blog\/wp-json\/wp\/v2\/media?parent=582077"}],"wp:term":[{"taxonomy":"category","embeddable":true,"href":"https:\/\/dicodusport.fr\/blog\/wp-json\/wp\/v2\/categories?post=582077"},{"taxonomy":"post_tag","embeddable":true,"href":"https:\/\/dicodusport.fr\/blog\/wp-json\/wp\/v2\/tags?post=582077"}],"curies":[{"name":"wp","href":"https:\/\/api.w.org\/{rel}","templated":true}]}}