{"id":582344,"date":"2025-05-27T21:14:27","date_gmt":"2025-05-27T19:14:27","guid":{"rendered":"https:\/\/dicodusport.fr\/blog\/?p=582344&#038;preview=true&#038;preview_id=582344"},"modified":"2025-05-27T23:56:11","modified_gmt":"2025-05-27T21:56:11","slug":"roland-garros-2025-daniil-medvedev-varvara-gracheva-lois-boisson-le-resume-du-mardi-27-mai","status":"publish","type":"post","link":"https:\/\/dicodusport.fr\/blog\/roland-garros-2025-daniil-medvedev-varvara-gracheva-lois-boisson-le-resume-du-mardi-27-mai\/","title":{"rendered":"Roland-Garros 2025 : Daniil Medvedev, Varvara Gracheva, Lo\u00efs Boisson : le r\u00e9sum\u00e9 du mardi 27 mai"},"content":{"rendered":"<p style=\"text-align: justify;\"><em><span class=\"notion-enable-hover\" data-token-index=\"0\"><strong>ROLAND-GARROS 2025 \u2014 Une troisi\u00e8me journ\u00e9e charg\u00e9e qui a vu quatre repr\u00e9sentants tricolores se qualifier pour le deuxi\u00e8me tour. Lo\u00efs Boisson r\u00e9alise l\u2019exploit en sortant la 23\u00e8me mondiale. Corentin Moutet et Pierre-Hugues Herbert s&rsquo;imposent dans leur duel franco-fran\u00e7ais.<!-- notionvc: 05d49cd3-a2e3-40a1-8e7e-9bd6c90af849 --><\/strong><\/span><\/em><!-- notionvc: d033fe12-5888-4fc3-944b-8f72d4422b08 --><\/p>\n<p style=\"text-align: justify;\">Revenu \u00e0 deux sets partout apr\u00e8s avoir \u00e9t\u00e9 men\u00e9, <strong>Daniil Medvedev<\/strong> a failli renverser le match contre <strong>Cameron Norrie<\/strong>. Dans le cinqui\u00e8me set, le Russe menait 5 jeux \u00e0 3. Il est finalement \u00e9limin\u00e9 (7-5, 6-3, 4-6, 1-6, 7-5) et voit sa saison sur terre battue termin\u00e9e d\u00e8s ce premier tour. On notera \u00e9galement l\u2019abandon de <strong>Grigor Dimitrov<\/strong> dans le troisi\u00e8me set. Du c\u00f4t\u00e9 des t\u00eates de s\u00e9rie, <strong>Alexander Zverev<\/strong> a sorti <strong>Learner Tien<\/strong> en trois sets (6-3, 6-3, 6-4), tout comme <b>Alex de Minaur<\/b>, vainqueur contre <strong>Laslo Djere<\/strong> (6-3, 6-4, 7-6), et <strong>Alexander<\/strong> <strong>Bublik<\/strong> face \u00e0 <strong>James Duckworth<\/strong> (6-2, 6-4, 6-4).<\/p>\n<p style=\"text-align: justify;\">En quatre sets, <strong>Andrey Rublev<\/strong> s\u2019est impos\u00e9 sans surprise contre <strong>Lloyd Harris<\/strong> (6-4, 4-6, 6-3, 6-1). De la m\u00eame fa\u00e7on, <strong>Jack Draper<\/strong> a remport\u00e9 son match contre <strong>Mattia Bellucci<\/strong> (3-6, 6-1, 6-4, 6-2).<\/p>\n<h2 style=\"text-align: justify;\">Jacquemot et Boisson sauvent la mise<\/h2>\n<p style=\"text-align: justify;\">Apr\u00e8s une journ\u00e9e difficile hier, la premi\u00e8re Fran\u00e7aise au classement WTA avait pour mission de se qualifier au deuxi\u00e8me tour. Sur le court Philippe-Chatrier, <strong>Varvara Gracheva<\/strong> n\u2019a pas r\u00e9ussi \u00e0 vaincre l&rsquo;Am\u00e9ricaine <strong>Sofia Kenin<\/strong>, qui a \u00e9touff\u00e9 le match d\u00e8s le premier set (6-3, 6-1). <strong>L\u00e9olia Jeanjean<\/strong>, victorieuse hier, passe Gracheva pour devenir la num\u00e9ro une fran\u00e7aise au classement mondial.<\/p>\n<p style=\"text-align: justify;\">Toujours c\u00f4t\u00e9 tricolore, <strong>Elsa Jacquemot<\/strong> s\u2019est impos\u00e9e en deux sets contre <strong>Maria Sakkari<\/strong> (6-3, 7-6). Elle qui avait re\u00e7u une wild card, s\u2019est donn\u00e9 les moyens de remporter son match, en remportant deux breaks d\u2019entr\u00e9e dans le premier set. Elle affrontera <strong>Karol\u00edna Muchov\u00e1<\/strong>, finaliste de l\u2019\u00e9dition 2023 du tournoi, ou <strong>Alycia Parks<\/strong> au prochain tour. On notera aussi la tr\u00e8s grande performance de <strong>Lo\u00efs Boisson.<\/strong> La Fran\u00e7aise, 358\u00e8me mondiale, bat la Belge <strong>Mertens<\/strong> \u2014 23\u00e8me au classement WTA \u2014 (6-4, 4-6, 6-3) et s\u2019offre le droit de r\u00eaver au deuxi\u00e8me tour d\u2019un Grand Chelem \u00e0 la maison.<\/p>\n<blockquote class=\"twitter-tweet\">\n<p dir=\"ltr\" lang=\"fr\">Le moment o\u00f9 Lo\u00efs Boisson, 361e mondiale, d\u00e9croche la plus grande victoire de sa carri\u00e8re pour son tout premier tournoi du Grand Chelem. \ud83c\udf0b\ud83c\uddeb\ud83c\uddf7<\/p>\n<p>337 places au classement s\u00e9paraient la Fran\u00e7aise de la Belge \u00c9lise Mertens, 24e mondiale. \ud83d\udca5<a href=\"https:\/\/t.co\/yW4FgbiHWr\">pic.twitter.com\/yW4FgbiHWr<\/a><\/p>\n<p>\u2014 Univers Tennis \ud83c\udfbe (@UniversTennis) <a href=\"https:\/\/twitter.com\/UniversTennis\/status\/1927422631315194003?ref_src=twsrc%5Etfw\">May 27, 2025<\/a><\/p><\/blockquote>\n<p><script async src=\"https:\/\/platform.twitter.com\/widgets.js\" charset=\"utf-8\"><\/script><\/p>\n<p style=\"text-align: justify;\"><strong>Chlo\u00e9 Paquet<\/strong>\u00a0s\u2019est elle inclin\u00e9e contre <strong>Tereza Valentova<\/strong> (4-6, 6-3, 7-5). Pass\u00e9e tr\u00e8s proche d\u2019une victoire lorsqu\u2019elle menait 5-2 dans le troisi\u00e8me set, c\u2019est finalement la jeune Tch\u00e8que qui s\u2019est impos\u00e9e.<\/p>\n<h2 style=\"text-align: justify;\">Moutet et Herbert s&rsquo;en sortent<\/h2>\n<p style=\"text-align: justify;\">Alors qu\u2019il devait affronter <strong>Ben Shelton<\/strong> en night session demain soir, <strong>Hugo Gaston<\/strong> a annonc\u00e9 dans l\u2019apr\u00e8s-midi son forfait pour le deuxi\u00e8me tour. Contre un <strong>Jakub Mensik<\/strong> en forme, <strong>Alexandre M\u00fcller<\/strong> a essay\u00e9 de lutter en accrochant le deuxi\u00e8me set. Il finit par s\u2019incliner, apr\u00e8s avoir sauv\u00e9 trois balles de match (7-5, 6-7(5), 7-5, 6-3).<\/p>\n<p style=\"text-align: justify;\">Il y avait deux rencontres franco-fran\u00e7aises aujourd\u2019hui. La premi\u00e8re opposait <strong>Pierre-Hugues Herbert<\/strong> \u00e0 <strong>Benjamin Bonzi<\/strong>, la deuxi\u00e8me <strong>Corentin Moutet<\/strong> \u00e0 <strong>Cl\u00e9ment Tabur<\/strong>. Dans la premi\u00e8re, les deux se sont livr\u00e9s un long combat, duquel Herbert est sorti gagnant, apr\u00e8s cinq longs sets (7-5, 3-6, 4-6, 7-5, 6-2). Dans le deuxi\u00e8me match, c\u2019est <strong>Corentin Moutet<\/strong>, favori, qui s\u2019est impos\u00e9 en trois sets (6-3, 7-6(6), 6-3).<\/p>\n<blockquote class=\"twitter-tweet\">\n<p dir=\"ltr\" lang=\"fr\"><a href=\"https:\/\/twitter.com\/hashtag\/RolandGarros?src=hash&amp;ref_src=twsrc%5Etfw\">#RolandGarros<\/a> | \ud83c\uddeb\ud83c\uddf7 CORENTIN MOUTET QUALIFI\u00c9 POUR LE 2E TOUR !<\/p>\n<p>\ud83d\udd25 Le 73e joueur mondial sort vainqueur de ce duel franco-fran\u00e7ais face \u00e0 Cl\u00e9ment Tabur !<\/p>\n<p>\ud83d\udcfa Les directs : <a href=\"https:\/\/t.co\/g7emTw0U8k\">https:\/\/t.co\/g7emTw0U8k<\/a> <a href=\"https:\/\/t.co\/L5HS0p6ame\">pic.twitter.com\/L5HS0p6ame<\/a><\/p>\n<p>\u2014 francetvsport (@francetvsport) <a href=\"https:\/\/twitter.com\/francetvsport\/status\/1927434128586162676?ref_src=twsrc%5Etfw\">May 27, 2025<\/a><\/p><\/blockquote>\n<p><script async src=\"https:\/\/platform.twitter.com\/widgets.js\" charset=\"utf-8\"><\/script><\/p>\n<p style=\"text-align: justify;\">Enfin, <strong>Ga\u00ebl Monfils<\/strong> tentera de se qualifier ce soir, en affrontant <strong>Hugo Dellien<\/strong>.<\/p>\n<p style=\"text-align: justify;\"><!-- notionvc: cc148abb-7c76-4b9f-ba60-b505a7232aaa --><\/p>\n","protected":false},"excerpt":{"rendered":"<p>Une troisi\u00e8me journ\u00e9e charg\u00e9e qui a vu quatre repr\u00e9sentants tricolores se qualifier pour le deuxi\u00e8me tour. Lo\u00efs Boisson r\u00e9alise l\u2019exploit en sortant la 23\u00e8me mondiale. Corentin Moutet et Pierre-Hugues Herbert s&rsquo;imposent dans leurs duels franco-fran\u00e7ais.<\/p>\n","protected":false},"author":90,"featured_media":582349,"comment_status":"open","ping_status":"closed","sticky":false,"template":"","format":"standard","meta":{"_acf_changed":false,"_daextam_enable_autolinks":"1","footnotes":""},"categories":[47090],"tags":[16878,159,136],"class_list":["post-582344","post","type-post","status-publish","format-standard","has-post-thumbnail","hentry","category-roland-garros","tag-breve","tag-roland-garros","tag-tennis"],"acf":[],"yoast_head":"<!-- This site is optimized with the Yoast SEO Premium plugin v26.7 (Yoast SEO v26.7) - https:\/\/yoast.com\/wordpress\/plugins\/seo\/ -->\n<title>Roland-Garros 2025 : Daniil Medvedev, Varvara Gracheva, Lo\u00efs Boisson : le r\u00e9sum\u00e9 du mardi 27 mai<\/title>\n<meta name=\"description\" content=\"Une troisi\u00e8me journ\u00e9e charg\u00e9e qui a vu quatre repr\u00e9sentants tricolores se qualifier pour le deuxi\u00e8me tour. Lo\u00efs Boisson r\u00e9alise l\u2019exploit en sortant la 23\u00e8me mondiale. Corentin Moutet et Pierre-Hugues Herbert s&#039;imposent dans leurs duels franco-fran\u00e7ais.\" \/>\n<meta name=\"robots\" content=\"index, follow, max-snippet:-1, max-image-preview:large, max-video-preview:-1\" \/>\n<link rel=\"canonical\" href=\"https:\/\/dicodusport.fr\/blog\/roland-garros-2025-daniil-medvedev-varvara-gracheva-lois-boisson-le-resume-du-mardi-27-mai\/\" \/>\n<meta property=\"og:locale\" content=\"fr_FR\" \/>\n<meta property=\"og:type\" content=\"article\" \/>\n<meta property=\"og:title\" content=\"Roland-Garros 2025 : Daniil Medvedev, Varvara Gracheva, Lo\u00efs Boisson : le r\u00e9sum\u00e9 du mardi 27 mai\" \/>\n<meta property=\"og:description\" content=\"Une troisi\u00e8me journ\u00e9e charg\u00e9e qui a vu quatre repr\u00e9sentants tricolores se qualifier pour le deuxi\u00e8me tour. Lo\u00efs Boisson r\u00e9alise l\u2019exploit en sortant la 23\u00e8me mondiale. Corentin Moutet et Pierre-Hugues Herbert s&#039;imposent dans leurs duels franco-fran\u00e7ais.\" \/>\n<meta property=\"og:url\" content=\"https:\/\/dicodusport.fr\/blog\/roland-garros-2025-daniil-medvedev-varvara-gracheva-lois-boisson-le-resume-du-mardi-27-mai\/\" \/>\n<meta property=\"og:site_name\" content=\"Dicodusport\" \/>\n<meta property=\"article:publisher\" content=\"https:\/\/www.facebook.com\/dicodusport\" \/>\n<meta property=\"article:published_time\" content=\"2025-05-27T19:14:27+00:00\" \/>\n<meta property=\"article:modified_time\" content=\"2025-05-27T21:56:11+00:00\" \/>\n<meta property=\"og:image\" content=\"https:\/\/dicodusport.fr\/blog\/wp-content\/uploads\/2025\/05\/Roland-Garros-2025-Daniil-Medvedev-Varvara-Gracheva-Lois-Boisson-le-resume-du-mardi-27-mai.png\" \/>\n\t<meta property=\"og:image:width\" content=\"1200\" \/>\n\t<meta property=\"og:image:height\" content=\"674\" \/>\n\t<meta property=\"og:image:type\" content=\"image\/png\" \/>\n<meta name=\"author\" content=\"Alice Camus\" \/>\n<meta name=\"twitter:card\" content=\"summary_large_image\" \/>\n<meta name=\"twitter:title\" content=\"Roland-Garros 2025 : Daniil Medvedev, Varvara Gracheva, Lo\u00efs Boisson : le r\u00e9sum\u00e9 du mardi 27 mai\" \/>\n<meta name=\"twitter:creator\" content=\"@https:\/\/x.com\/alicecamus_\" \/>\n<meta name=\"twitter:site\" content=\"@dicodusport\" \/>\n<script type=\"application\/ld+json\" class=\"yoast-schema-graph\">{\"@context\":\"https:\/\/schema.org\",\"@graph\":[{\"@type\":\"NewsArticle\",\"@id\":\"https:\/\/dicodusport.fr\/blog\/roland-garros-2025-daniil-medvedev-varvara-gracheva-lois-boisson-le-resume-du-mardi-27-mai\/#article\",\"isPartOf\":{\"@id\":\"https:\/\/dicodusport.fr\/blog\/roland-garros-2025-daniil-medvedev-varvara-gracheva-lois-boisson-le-resume-du-mardi-27-mai\/\"},\"author\":{\"name\":\"Alice Camus\",\"@id\":\"https:\/\/dicodusport.fr\/blog\/#\/schema\/person\/18d19b679df5ca8a33d060087d3c316b\"},\"headline\":\"Roland-Garros 2025 : Daniil Medvedev, Varvara Gracheva, Lo\u00efs Boisson : le r\u00e9sum\u00e9 du mardi 27 mai\",\"datePublished\":\"2025-05-27T19:14:27+00:00\",\"dateModified\":\"2025-05-27T21:56:11+00:00\",\"mainEntityOfPage\":{\"@id\":\"https:\/\/dicodusport.fr\/blog\/roland-garros-2025-daniil-medvedev-varvara-gracheva-lois-boisson-le-resume-du-mardi-27-mai\/\"},\"wordCount\":679,\"commentCount\":0,\"publisher\":{\"@id\":\"https:\/\/dicodusport.fr\/blog\/#organization\"},\"image\":{\"@id\":\"https:\/\/dicodusport.fr\/blog\/roland-garros-2025-daniil-medvedev-varvara-gracheva-lois-boisson-le-resume-du-mardi-27-mai\/#primaryimage\"},\"thumbnailUrl\":\"https:\/\/dicodusport.fr\/blog\/wp-content\/uploads\/2025\/05\/Roland-Garros-2025-Daniil-Medvedev-Varvara-Gracheva-Lois-Boisson-le-resume-du-mardi-27-mai.png\",\"keywords\":[\"br\u00e8ve\",\"Roland-Garros\",\"Tennis\"],\"articleSection\":[\"Roland-Garros\"],\"inLanguage\":\"fr-FR\",\"potentialAction\":[{\"@type\":\"CommentAction\",\"name\":\"Comment\",\"target\":[\"https:\/\/dicodusport.fr\/blog\/roland-garros-2025-daniil-medvedev-varvara-gracheva-lois-boisson-le-resume-du-mardi-27-mai\/#respond\"]}],\"copyrightYear\":\"2025\",\"copyrightHolder\":{\"@id\":\"https:\/\/dicodusport.fr\/blog\/#organization\"}},{\"@type\":\"WebPage\",\"@id\":\"https:\/\/dicodusport.fr\/blog\/roland-garros-2025-daniil-medvedev-varvara-gracheva-lois-boisson-le-resume-du-mardi-27-mai\/\",\"url\":\"https:\/\/dicodusport.fr\/blog\/roland-garros-2025-daniil-medvedev-varvara-gracheva-lois-boisson-le-resume-du-mardi-27-mai\/\",\"name\":\"Roland-Garros 2025 : Daniil Medvedev, Varvara Gracheva, Lo\u00efs Boisson : le r\u00e9sum\u00e9 du mardi 27 mai\",\"isPartOf\":{\"@id\":\"https:\/\/dicodusport.fr\/blog\/#website\"},\"primaryImageOfPage\":{\"@id\":\"https:\/\/dicodusport.fr\/blog\/roland-garros-2025-daniil-medvedev-varvara-gracheva-lois-boisson-le-resume-du-mardi-27-mai\/#primaryimage\"},\"image\":{\"@id\":\"https:\/\/dicodusport.fr\/blog\/roland-garros-2025-daniil-medvedev-varvara-gracheva-lois-boisson-le-resume-du-mardi-27-mai\/#primaryimage\"},\"thumbnailUrl\":\"https:\/\/dicodusport.fr\/blog\/wp-content\/uploads\/2025\/05\/Roland-Garros-2025-Daniil-Medvedev-Varvara-Gracheva-Lois-Boisson-le-resume-du-mardi-27-mai.png\",\"datePublished\":\"2025-05-27T19:14:27+00:00\",\"dateModified\":\"2025-05-27T21:56:11+00:00\",\"description\":\"Une troisi\u00e8me journ\u00e9e charg\u00e9e qui a vu quatre repr\u00e9sentants tricolores se qualifier pour le deuxi\u00e8me tour. Lo\u00efs Boisson r\u00e9alise l\u2019exploit en sortant la 23\u00e8me mondiale. Corentin Moutet et Pierre-Hugues Herbert s'imposent dans leurs duels franco-fran\u00e7ais.\",\"breadcrumb\":{\"@id\":\"https:\/\/dicodusport.fr\/blog\/roland-garros-2025-daniil-medvedev-varvara-gracheva-lois-boisson-le-resume-du-mardi-27-mai\/#breadcrumb\"},\"inLanguage\":\"fr-FR\",\"potentialAction\":[{\"@type\":\"ReadAction\",\"target\":[\"https:\/\/dicodusport.fr\/blog\/roland-garros-2025-daniil-medvedev-varvara-gracheva-lois-boisson-le-resume-du-mardi-27-mai\/\"]}]},{\"@type\":\"ImageObject\",\"inLanguage\":\"fr-FR\",\"@id\":\"https:\/\/dicodusport.fr\/blog\/roland-garros-2025-daniil-medvedev-varvara-gracheva-lois-boisson-le-resume-du-mardi-27-mai\/#primaryimage\",\"url\":\"https:\/\/dicodusport.fr\/blog\/wp-content\/uploads\/2025\/05\/Roland-Garros-2025-Daniil-Medvedev-Varvara-Gracheva-Lois-Boisson-le-resume-du-mardi-27-mai.png\",\"contentUrl\":\"https:\/\/dicodusport.fr\/blog\/wp-content\/uploads\/2025\/05\/Roland-Garros-2025-Daniil-Medvedev-Varvara-Gracheva-Lois-Boisson-le-resume-du-mardi-27-mai.png\",\"width\":1200,\"height\":674,\"caption\":\"Roland-Garros 2025 Daniil Medvedev, Varvara Gracheva, Lo\u00efs Boisson le r\u00e9sum\u00e9 du mardi 27 mai\"},{\"@type\":\"BreadcrumbList\",\"@id\":\"https:\/\/dicodusport.fr\/blog\/roland-garros-2025-daniil-medvedev-varvara-gracheva-lois-boisson-le-resume-du-mardi-27-mai\/#breadcrumb\",\"itemListElement\":[{\"@type\":\"ListItem\",\"position\":1,\"name\":\"Accueil\",\"item\":\"https:\/\/dicodusport.fr\/blog\/\"},{\"@type\":\"ListItem\",\"position\":2,\"name\":\"Roland-Garros 2025 : Daniil Medvedev, Varvara Gracheva, Lo\u00efs Boisson : le r\u00e9sum\u00e9 du mardi 27 mai\"}]},{\"@type\":\"WebSite\",\"@id\":\"https:\/\/dicodusport.fr\/blog\/#website\",\"url\":\"https:\/\/dicodusport.fr\/blog\/\",\"name\":\"Dicodusport\",\"description\":\"L&#039;encyclop\u00e9die de l&#039;actualit\u00e9 sportive\",\"publisher\":{\"@id\":\"https:\/\/dicodusport.fr\/blog\/#organization\"},\"potentialAction\":[{\"@type\":\"SearchAction\",\"target\":{\"@type\":\"EntryPoint\",\"urlTemplate\":\"https:\/\/dicodusport.fr\/blog\/?s={search_term_string}\"},\"query-input\":{\"@type\":\"PropertyValueSpecification\",\"valueRequired\":true,\"valueName\":\"search_term_string\"}}],\"inLanguage\":\"fr-FR\"},{\"@type\":\"NewsMediaOrganization\",\"@id\":\"https:\/\/dicodusport.fr\/blog\/#organization\",\"name\":\"Dicodusport\",\"url\":\"https:\/\/dicodusport.fr\/blog\/\",\"logo\":{\"@type\":\"ImageObject\",\"inLanguage\":\"fr-FR\",\"@id\":\"https:\/\/dicodusport.fr\/blog\/#\/schema\/logo\/image\/\",\"url\":\"https:\/\/dicodusport.fr\/blog\/wp-content\/uploads\/2020\/06\/cropped-LOGO-DICODUSPORT-2020-SANS-FOND-SANS-TEXTE.png\",\"contentUrl\":\"https:\/\/dicodusport.fr\/blog\/wp-content\/uploads\/2020\/06\/cropped-LOGO-DICODUSPORT-2020-SANS-FOND-SANS-TEXTE.png\",\"width\":512,\"height\":512,\"caption\":\"Dicodusport\"},\"image\":{\"@id\":\"https:\/\/dicodusport.fr\/blog\/#\/schema\/logo\/image\/\"},\"sameAs\":[\"https:\/\/www.facebook.com\/dicodusport\",\"https:\/\/x.com\/dicodusport\",\"https:\/\/www.instagram.com\/dicodusport\/\",\"https:\/\/www.youtube.com\/channel\/UC7V2KZ5sd3htJivAbA4ZG3w\"],\"description\":\"Dicodusport est l'encyclop\u00e9die de l'actualit\u00e9 sportive.\",\"email\":\"bonjour@dicodusport.fr\",\"legalName\":\"DICODUSPORT\",\"foundingDate\":\"2018-01-14\",\"vatID\":\"FR71834470973\",\"taxID\":\"83447097300043\",\"numberOfEmployees\":{\"@type\":\"QuantitativeValue\",\"minValue\":\"1\",\"maxValue\":\"10\"}},{\"@type\":\"Person\",\"@id\":\"https:\/\/dicodusport.fr\/blog\/#\/schema\/person\/18d19b679df5ca8a33d060087d3c316b\",\"name\":\"Alice Camus\",\"image\":{\"@type\":\"ImageObject\",\"inLanguage\":\"fr-FR\",\"@id\":\"https:\/\/dicodusport.fr\/blog\/#\/schema\/person\/image\/\",\"url\":\"https:\/\/dicodusport.fr\/blog\/wp-content\/uploads\/2023\/10\/photo-linkedin-150x150.jpeg\",\"contentUrl\":\"https:\/\/dicodusport.fr\/blog\/wp-content\/uploads\/2023\/10\/photo-linkedin-150x150.jpeg\",\"caption\":\"Alice Camus\"},\"description\":\"R\u00e9dactrice depuis 2023 \u2014 Tomb\u00e9e amoureuse du sport auto apr\u00e8s avoir d\u00e9m\u00e9nag\u00e9 aux Pays-Bas, (l'effet Verstappen, dit-on) mais fid\u00e8le \u00e0 Alpine depuis les premiers jours. (Ex-)Nageuse et skieuse \u00e0 mes heures perdues, mon rythme de vie est bien cal\u00e9 : LDC le mardi, Top 14 le samedi, et Grand Prix le dimanche. Sans oublier le XV en f\u00e9vrier, Roland en juin, et le biathlon \u00e0 No\u00ebl. Ma d\u00e9sillusion de jeunesse\u00a0: une certaine finale de coupe du monde perdue 7-8 un matin de septembre.\",\"sameAs\":[\"https:\/\/x.com\/https:\/\/x.com\/alicecamus_\"],\"url\":\"https:\/\/dicodusport.fr\/blog\/author\/alice-camus\/\"}]}<\/script>\n<!-- \/ Yoast SEO Premium plugin. -->","yoast_head_json":{"title":"Roland-Garros 2025 : Daniil Medvedev, Varvara Gracheva, Lo\u00efs Boisson : le r\u00e9sum\u00e9 du mardi 27 mai","description":"Une troisi\u00e8me journ\u00e9e charg\u00e9e qui a vu quatre repr\u00e9sentants tricolores se qualifier pour le deuxi\u00e8me tour. Lo\u00efs Boisson r\u00e9alise l\u2019exploit en sortant la 23\u00e8me mondiale. Corentin Moutet et Pierre-Hugues Herbert s'imposent dans leurs duels franco-fran\u00e7ais.","robots":{"index":"index","follow":"follow","max-snippet":"max-snippet:-1","max-image-preview":"max-image-preview:large","max-video-preview":"max-video-preview:-1"},"canonical":"https:\/\/dicodusport.fr\/blog\/roland-garros-2025-daniil-medvedev-varvara-gracheva-lois-boisson-le-resume-du-mardi-27-mai\/","og_locale":"fr_FR","og_type":"article","og_title":"Roland-Garros 2025 : Daniil Medvedev, Varvara Gracheva, Lo\u00efs Boisson : le r\u00e9sum\u00e9 du mardi 27 mai","og_description":"Une troisi\u00e8me journ\u00e9e charg\u00e9e qui a vu quatre repr\u00e9sentants tricolores se qualifier pour le deuxi\u00e8me tour. Lo\u00efs Boisson r\u00e9alise l\u2019exploit en sortant la 23\u00e8me mondiale. Corentin Moutet et Pierre-Hugues Herbert s'imposent dans leurs duels franco-fran\u00e7ais.","og_url":"https:\/\/dicodusport.fr\/blog\/roland-garros-2025-daniil-medvedev-varvara-gracheva-lois-boisson-le-resume-du-mardi-27-mai\/","og_site_name":"Dicodusport","article_publisher":"https:\/\/www.facebook.com\/dicodusport","article_published_time":"2025-05-27T19:14:27+00:00","article_modified_time":"2025-05-27T21:56:11+00:00","og_image":[{"width":1200,"height":674,"url":"https:\/\/dicodusport.fr\/blog\/wp-content\/uploads\/2025\/05\/Roland-Garros-2025-Daniil-Medvedev-Varvara-Gracheva-Lois-Boisson-le-resume-du-mardi-27-mai.png","type":"image\/png"}],"author":"Alice Camus","twitter_card":"summary_large_image","twitter_title":"Roland-Garros 2025 : Daniil Medvedev, Varvara Gracheva, Lo\u00efs Boisson : le r\u00e9sum\u00e9 du mardi 27 mai","twitter_creator":"@https:\/\/x.com\/alicecamus_","twitter_site":"@dicodusport","schema":{"@context":"https:\/\/schema.org","@graph":[{"@type":"NewsArticle","@id":"https:\/\/dicodusport.fr\/blog\/roland-garros-2025-daniil-medvedev-varvara-gracheva-lois-boisson-le-resume-du-mardi-27-mai\/#article","isPartOf":{"@id":"https:\/\/dicodusport.fr\/blog\/roland-garros-2025-daniil-medvedev-varvara-gracheva-lois-boisson-le-resume-du-mardi-27-mai\/"},"author":{"name":"Alice Camus","@id":"https:\/\/dicodusport.fr\/blog\/#\/schema\/person\/18d19b679df5ca8a33d060087d3c316b"},"headline":"Roland-Garros 2025 : Daniil Medvedev, Varvara Gracheva, Lo\u00efs Boisson : le r\u00e9sum\u00e9 du mardi 27 mai","datePublished":"2025-05-27T19:14:27+00:00","dateModified":"2025-05-27T21:56:11+00:00","mainEntityOfPage":{"@id":"https:\/\/dicodusport.fr\/blog\/roland-garros-2025-daniil-medvedev-varvara-gracheva-lois-boisson-le-resume-du-mardi-27-mai\/"},"wordCount":679,"commentCount":0,"publisher":{"@id":"https:\/\/dicodusport.fr\/blog\/#organization"},"image":{"@id":"https:\/\/dicodusport.fr\/blog\/roland-garros-2025-daniil-medvedev-varvara-gracheva-lois-boisson-le-resume-du-mardi-27-mai\/#primaryimage"},"thumbnailUrl":"https:\/\/dicodusport.fr\/blog\/wp-content\/uploads\/2025\/05\/Roland-Garros-2025-Daniil-Medvedev-Varvara-Gracheva-Lois-Boisson-le-resume-du-mardi-27-mai.png","keywords":["br\u00e8ve","Roland-Garros","Tennis"],"articleSection":["Roland-Garros"],"inLanguage":"fr-FR","potentialAction":[{"@type":"CommentAction","name":"Comment","target":["https:\/\/dicodusport.fr\/blog\/roland-garros-2025-daniil-medvedev-varvara-gracheva-lois-boisson-le-resume-du-mardi-27-mai\/#respond"]}],"copyrightYear":"2025","copyrightHolder":{"@id":"https:\/\/dicodusport.fr\/blog\/#organization"}},{"@type":"WebPage","@id":"https:\/\/dicodusport.fr\/blog\/roland-garros-2025-daniil-medvedev-varvara-gracheva-lois-boisson-le-resume-du-mardi-27-mai\/","url":"https:\/\/dicodusport.fr\/blog\/roland-garros-2025-daniil-medvedev-varvara-gracheva-lois-boisson-le-resume-du-mardi-27-mai\/","name":"Roland-Garros 2025 : Daniil Medvedev, Varvara Gracheva, Lo\u00efs Boisson : le r\u00e9sum\u00e9 du mardi 27 mai","isPartOf":{"@id":"https:\/\/dicodusport.fr\/blog\/#website"},"primaryImageOfPage":{"@id":"https:\/\/dicodusport.fr\/blog\/roland-garros-2025-daniil-medvedev-varvara-gracheva-lois-boisson-le-resume-du-mardi-27-mai\/#primaryimage"},"image":{"@id":"https:\/\/dicodusport.fr\/blog\/roland-garros-2025-daniil-medvedev-varvara-gracheva-lois-boisson-le-resume-du-mardi-27-mai\/#primaryimage"},"thumbnailUrl":"https:\/\/dicodusport.fr\/blog\/wp-content\/uploads\/2025\/05\/Roland-Garros-2025-Daniil-Medvedev-Varvara-Gracheva-Lois-Boisson-le-resume-du-mardi-27-mai.png","datePublished":"2025-05-27T19:14:27+00:00","dateModified":"2025-05-27T21:56:11+00:00","description":"Une troisi\u00e8me journ\u00e9e charg\u00e9e qui a vu quatre repr\u00e9sentants tricolores se qualifier pour le deuxi\u00e8me tour. Lo\u00efs Boisson r\u00e9alise l\u2019exploit en sortant la 23\u00e8me mondiale. Corentin Moutet et Pierre-Hugues Herbert s'imposent dans leurs duels franco-fran\u00e7ais.","breadcrumb":{"@id":"https:\/\/dicodusport.fr\/blog\/roland-garros-2025-daniil-medvedev-varvara-gracheva-lois-boisson-le-resume-du-mardi-27-mai\/#breadcrumb"},"inLanguage":"fr-FR","potentialAction":[{"@type":"ReadAction","target":["https:\/\/dicodusport.fr\/blog\/roland-garros-2025-daniil-medvedev-varvara-gracheva-lois-boisson-le-resume-du-mardi-27-mai\/"]}]},{"@type":"ImageObject","inLanguage":"fr-FR","@id":"https:\/\/dicodusport.fr\/blog\/roland-garros-2025-daniil-medvedev-varvara-gracheva-lois-boisson-le-resume-du-mardi-27-mai\/#primaryimage","url":"https:\/\/dicodusport.fr\/blog\/wp-content\/uploads\/2025\/05\/Roland-Garros-2025-Daniil-Medvedev-Varvara-Gracheva-Lois-Boisson-le-resume-du-mardi-27-mai.png","contentUrl":"https:\/\/dicodusport.fr\/blog\/wp-content\/uploads\/2025\/05\/Roland-Garros-2025-Daniil-Medvedev-Varvara-Gracheva-Lois-Boisson-le-resume-du-mardi-27-mai.png","width":1200,"height":674,"caption":"Roland-Garros 2025 Daniil Medvedev, Varvara Gracheva, Lo\u00efs Boisson le r\u00e9sum\u00e9 du mardi 27 mai"},{"@type":"BreadcrumbList","@id":"https:\/\/dicodusport.fr\/blog\/roland-garros-2025-daniil-medvedev-varvara-gracheva-lois-boisson-le-resume-du-mardi-27-mai\/#breadcrumb","itemListElement":[{"@type":"ListItem","position":1,"name":"Accueil","item":"https:\/\/dicodusport.fr\/blog\/"},{"@type":"ListItem","position":2,"name":"Roland-Garros 2025 : Daniil Medvedev, Varvara Gracheva, Lo\u00efs Boisson : le r\u00e9sum\u00e9 du mardi 27 mai"}]},{"@type":"WebSite","@id":"https:\/\/dicodusport.fr\/blog\/#website","url":"https:\/\/dicodusport.fr\/blog\/","name":"Dicodusport","description":"L&#039;encyclop\u00e9die de l&#039;actualit\u00e9 sportive","publisher":{"@id":"https:\/\/dicodusport.fr\/blog\/#organization"},"potentialAction":[{"@type":"SearchAction","target":{"@type":"EntryPoint","urlTemplate":"https:\/\/dicodusport.fr\/blog\/?s={search_term_string}"},"query-input":{"@type":"PropertyValueSpecification","valueRequired":true,"valueName":"search_term_string"}}],"inLanguage":"fr-FR"},{"@type":"NewsMediaOrganization","@id":"https:\/\/dicodusport.fr\/blog\/#organization","name":"Dicodusport","url":"https:\/\/dicodusport.fr\/blog\/","logo":{"@type":"ImageObject","inLanguage":"fr-FR","@id":"https:\/\/dicodusport.fr\/blog\/#\/schema\/logo\/image\/","url":"https:\/\/dicodusport.fr\/blog\/wp-content\/uploads\/2020\/06\/cropped-LOGO-DICODUSPORT-2020-SANS-FOND-SANS-TEXTE.png","contentUrl":"https:\/\/dicodusport.fr\/blog\/wp-content\/uploads\/2020\/06\/cropped-LOGO-DICODUSPORT-2020-SANS-FOND-SANS-TEXTE.png","width":512,"height":512,"caption":"Dicodusport"},"image":{"@id":"https:\/\/dicodusport.fr\/blog\/#\/schema\/logo\/image\/"},"sameAs":["https:\/\/www.facebook.com\/dicodusport","https:\/\/x.com\/dicodusport","https:\/\/www.instagram.com\/dicodusport\/","https:\/\/www.youtube.com\/channel\/UC7V2KZ5sd3htJivAbA4ZG3w"],"description":"Dicodusport est l'encyclop\u00e9die de l'actualit\u00e9 sportive.","email":"bonjour@dicodusport.fr","legalName":"DICODUSPORT","foundingDate":"2018-01-14","vatID":"FR71834470973","taxID":"83447097300043","numberOfEmployees":{"@type":"QuantitativeValue","minValue":"1","maxValue":"10"}},{"@type":"Person","@id":"https:\/\/dicodusport.fr\/blog\/#\/schema\/person\/18d19b679df5ca8a33d060087d3c316b","name":"Alice Camus","image":{"@type":"ImageObject","inLanguage":"fr-FR","@id":"https:\/\/dicodusport.fr\/blog\/#\/schema\/person\/image\/","url":"https:\/\/dicodusport.fr\/blog\/wp-content\/uploads\/2023\/10\/photo-linkedin-150x150.jpeg","contentUrl":"https:\/\/dicodusport.fr\/blog\/wp-content\/uploads\/2023\/10\/photo-linkedin-150x150.jpeg","caption":"Alice Camus"},"description":"R\u00e9dactrice depuis 2023 \u2014 Tomb\u00e9e amoureuse du sport auto apr\u00e8s avoir d\u00e9m\u00e9nag\u00e9 aux Pays-Bas, (l'effet Verstappen, dit-on) mais fid\u00e8le \u00e0 Alpine depuis les premiers jours. (Ex-)Nageuse et skieuse \u00e0 mes heures perdues, mon rythme de vie est bien cal\u00e9 : LDC le mardi, Top 14 le samedi, et Grand Prix le dimanche. Sans oublier le XV en f\u00e9vrier, Roland en juin, et le biathlon \u00e0 No\u00ebl. Ma d\u00e9sillusion de jeunesse\u00a0: une certaine finale de coupe du monde perdue 7-8 un matin de septembre.","sameAs":["https:\/\/x.com\/https:\/\/x.com\/alicecamus_"],"url":"https:\/\/dicodusport.fr\/blog\/author\/alice-camus\/"}]}},"_links":{"self":[{"href":"https:\/\/dicodusport.fr\/blog\/wp-json\/wp\/v2\/posts\/582344","targetHints":{"allow":["GET"]}}],"collection":[{"href":"https:\/\/dicodusport.fr\/blog\/wp-json\/wp\/v2\/posts"}],"about":[{"href":"https:\/\/dicodusport.fr\/blog\/wp-json\/wp\/v2\/types\/post"}],"author":[{"embeddable":true,"href":"https:\/\/dicodusport.fr\/blog\/wp-json\/wp\/v2\/users\/90"}],"replies":[{"embeddable":true,"href":"https:\/\/dicodusport.fr\/blog\/wp-json\/wp\/v2\/comments?post=582344"}],"version-history":[{"count":4,"href":"https:\/\/dicodusport.fr\/blog\/wp-json\/wp\/v2\/posts\/582344\/revisions"}],"predecessor-version":[{"id":582359,"href":"https:\/\/dicodusport.fr\/blog\/wp-json\/wp\/v2\/posts\/582344\/revisions\/582359"}],"wp:featuredmedia":[{"embeddable":true,"href":"https:\/\/dicodusport.fr\/blog\/wp-json\/wp\/v2\/media\/582349"}],"wp:attachment":[{"href":"https:\/\/dicodusport.fr\/blog\/wp-json\/wp\/v2\/media?parent=582344"}],"wp:term":[{"taxonomy":"category","embeddable":true,"href":"https:\/\/dicodusport.fr\/blog\/wp-json\/wp\/v2\/categories?post=582344"},{"taxonomy":"post_tag","embeddable":true,"href":"https:\/\/dicodusport.fr\/blog\/wp-json\/wp\/v2\/tags?post=582344"}],"curies":[{"name":"wp","href":"https:\/\/api.w.org\/{rel}","templated":true}]}}