{"id":582383,"date":"2025-05-29T12:31:14","date_gmt":"2025-05-29T10:31:14","guid":{"rendered":"https:\/\/dicodusport.fr\/blog\/?p=582383&#038;preview=true&#038;preview_id=582383"},"modified":"2025-05-29T12:31:37","modified_gmt":"2025-05-29T10:31:37","slug":"grenoble-provence-rugby-chaine-tv-compositions-et-heure","status":"publish","type":"post","link":"https:\/\/dicodusport.fr\/blog\/grenoble-provence-rugby-chaine-tv-compositions-et-heure\/","title":{"rendered":"Grenoble-Provence Rugby : Compositions, Cha\u00eene TV et Heure"},"content":{"rendered":"<p style=\"text-align: justify;\"><strong><em>\u00c0 quelle heure et sur quelle cha\u00eene TV suivre la demi-finale de Pro D2 entre Grenoble et Provence Rugby ? Retrouvez \u00e9galement les compositions des deux \u00e9quipes.<\/em><\/strong><\/p>\n<ul>\n<li style=\"text-align: justify;\"><strong>\u00c0 ce sujet \u2013\u00a0<a href=\"https:\/\/dicodusport.fr\/blog\/phase-finale-pro-d2-le-tableau-complet\/\">Phase finale Pro D2 \u2013 Le tableau complet<\/a><\/strong><\/li>\n<\/ul>\n<p style=\"text-align: justify;\">La <a href=\"https:\/\/dicodusport.fr\/blog\/pro-d2-grenoble-provence-rugby-le-duel-des-ambitieux-pour-le-top-14\/\"><strong>demi-finale de Pro D2<\/strong> entre le <strong>FC Grenoble<\/strong> et <strong>Provence Rugby<\/strong><\/a> se d\u00e9roule ce jeudi 29 mai 2025 \u00e0 21h00 au Stade des Alpes. Ce match d\u00e9cisif, jou\u00e9 \u00e0 guichets ferm\u00e9s devant plus de 19 000 spectateurs, d\u00e9terminera l&rsquo;\u00e9quipe qui acc\u00e9dera \u00e0 la finale pour une place en Top 14.<\/p>\n<h2 style=\"text-align: justify;\">Contexte de la rencontre<\/h2>\n<p style=\"text-align: justify;\">Premier au <a href=\"https:\/\/dicodusport.fr\/blog\/classement-pro-d2-2024-2025\/\">classement de la phase r\u00e9guli\u00e8re de <strong>Pro D2<\/strong><\/a> avec 98 points (21 victoires pour neuf d\u00e9faites), le <strong>FC Grenoble<\/strong> aborde cette demi-finale avec s\u00e9r\u00e9nit\u00e9 et des certitudes. Les Is\u00e9rois sont invaincus cette saison dans leur antre du Stade des Alpes, avec 15 succ\u00e8s en autant de rencontres. Avec 69 points pris sur 75 possibles \u00e0 la maison, les Grenoblois ont l&rsquo;habitude d&rsquo;envoyer du jeu sur leur pelouse. Face \u00e0 leur public, la pression sera forte, mais les joueurs d&rsquo;<strong>Aubin Hueber<\/strong> et <strong><span class=\"mw-page-title-main\">Nicolas Nadau\u00a0<\/span><\/strong><span class=\"mw-page-title-main\">ont largement les armes pour rallier la finale de Pro D2.<\/span><\/p>\n<p style=\"text-align: justify;\">En face, <strong>Provence Rugby<\/strong> sort d&rsquo;une performance majuscule, <a href=\"https:\/\/dicodusport.fr\/blog\/barrages-pro-d2-provence-rugby-elimine-sechement-le-sa-xv-et-rejoint-les-demi-finales\/\">en \u00e9liminant largement Soyaux-Angoul\u00eame en barrages (49-22)<\/a>. Les Aixois arrivent ainsi avec de la confiance pour cette demi-finale face \u00e0 Grenoble, mais aussi, sans doute, avec de la fatigue. Peu en verve en d\u00e9placement cette saison (2 victoires et un nul sur 15 matchs), les Proven\u00e7aux restent tout de m\u00eame l&rsquo;une des seules \u00e9quipes \u00e0 avoir tenu t\u00eate au FCG au Stade des Alpes, avec un revers 15-12. Les locaux sont pr\u00e9vnus.<\/p>\n<p style=\"text-align: justify;\">Sans surprise, <strong>Grenoble<\/strong> est logiquement donn\u00e9 favori de cette demi-finale face \u00e0 <strong>Provence Rugby<\/strong> par les bookmakers. Pour rappel, <strong>Grenoble-Provence Rugby<\/strong>, c&rsquo;est la revanche de la demi-finale de la saison pass\u00e9e, remport\u00e9e parr le FCG sur la pelouse aixoise (22-23).<\/p>\n<div class=\"vlp-link-container vlp-layout-article\"><a href=\"https:\/\/dicodusport.fr\/blog\/pro-d2-2024-2025-avant-la-phase-finale-les-chiffres-fous-dune-saison-spectaculaire\/\" class=\"vlp-link\" title=\"Pro D2 2024-2025 : Avant la phase finale, les chiffres fous d\u2019une saison spectaculaire\"><\/a><div class=\"vlp-layout-zone-side\"><div class=\"vlp-block-4 vlp-link-image\"><img loading=\"lazy\" decoding=\"async\" style=\"max-width: 792px;\" width=\"792\" height=\"445\" src=\"https:\/\/dicodusport.fr\/blog\/wp-content\/uploads\/2025\/05\/Pro-D2-La-folle-saison-reguliere-en-chiffres.png\" class=\"attachment-800x445 size-800x445\" alt=\"Pro D2 - La folle saison r\u00e9guli\u00e8re en chiffres\" srcset=\"https:\/\/dicodusport.fr\/blog\/wp-content\/uploads\/2025\/05\/Pro-D2-La-folle-saison-reguliere-en-chiffres.png 1200w, https:\/\/dicodusport.fr\/blog\/wp-content\/uploads\/2025\/05\/Pro-D2-La-folle-saison-reguliere-en-chiffres-300x169.png 300w, https:\/\/dicodusport.fr\/blog\/wp-content\/uploads\/2025\/05\/Pro-D2-La-folle-saison-reguliere-en-chiffres-1024x575.png 1024w, https:\/\/dicodusport.fr\/blog\/wp-content\/uploads\/2025\/05\/Pro-D2-La-folle-saison-reguliere-en-chiffres-768x431.png 768w\" sizes=\"auto, (max-width: 792px) 100vw, 792px\" \/><\/div><\/div><div class=\"vlp-layout-zone-main\"><div class=\"vlp-block-0 vlp-link-title\">Pro D2 2024-2025 : Avant la phase finale, les chiffres fous d\u2019une saison spectaculaire<\/div><div class=\"vlp-block-1 vlp-link-summary\">Retour en chiffres sur la saison de Pro D2. La plus spectaculaire depuis des ann\u00e9es. Et qui va livrer son verdict lors de la phase finale.<\/div><div class=\"vlp-block-2 vlp-link-button\">Lire l'article<\/div><div class=\"vlp-block-3 vlp-link-url\">dicodusport.fr<\/div><\/div><\/div>\n<h2 style=\"text-align: justify;\">Grenoble &#8211; Provence Rugby : \u00c0 quelle heure et sur quelle cha\u00eene TV suivre le match ?<\/h2>\n<p style=\"text-align: justify;\">Le match <strong>Grenoble &#8211; Provence Rugby<\/strong> \u00e0 suivre ce <strong>jeudi 29<\/strong> <strong>mai 2025 \u00e0 21h00<\/strong>, sur <b>Canal+ Sport<\/b>.<\/p>\n<h2 style=\"text-align: justify;\">Les compositions de Grenoble &#8211; Provence Rugby<\/h2>\n<h3 style=\"text-align: justify;\">La composition de Grenoble<\/h3>\n<p style=\"text-align: justify;\"><strong>Le XV de d\u00e9part<\/strong> : 15. Farnoux ; 14. Mouton, 13. Fusier, 12. R. Trouilloud, 11. Hulleu ; 10. Davies, 9. Escande; 7. Madeira, 8. Hardwick, 6. Berruyer (cap) ; 5. Phillips, 4. Lainault ; 3. Jonker, 2. Sarragallet, 1. Raynaud.<\/p>\n<p><strong>Rempla\u00e7ants :<\/strong>\u00a016. Soury, 17. Gauthier, 18. Nansen, 19. Martel, 20. Couilloud, 21. Palmier, 22. H\u00e9riteau, 23. Thomas.<\/p>\n<h3 style=\"text-align: justify;\">La composition de Provence Rugby<\/h3>\n<p style=\"text-align: justify;\"><strong>Le XV de d\u00e9part : <\/strong>15. Soulan ; 14. Lap\u00e8gue, 13. North, 12. Finau, 11. Bouhedjeur ; 10. Gopperth, 9. Coville (cap) ; 7. Gambini, 8. Harrison, 6. Piazzoli ; 5. Rodda, 4. Zafra ; 3. Mallez, 2. Pifeleti Jr, 1. Wegrzyn.<\/p>\n<p style=\"text-align: justify;\"><strong>Rempla\u00e7ants\u2005:<\/strong>16. T. Sauveterre, 17. N. Toth, 18. Y. Youyoutte, 19. T. Jalagonia, 20. J. Cazenave, 21. T. Salles, 22. Drouet, 23. E. Yemsi.<\/p>\n<h2 style=\"text-align: justify;\">Les cotes de Grenoble &#8211; Provence Rugby<\/h2>\n<table style=\"width: 800px;\">\n<tbody>\n<tr style=\"height: 16px;\">\n<td style=\"background-color: #404040; text-align: left; border-color: #ededed; width: 500px;\" colspan=\"3\"><span style=\"font-size: 12px; color: #ffffff;\">Jeudi 29 mai 2025, 21h00<\/span><\/td>\n<\/tr>\n<tr style=\"height: 24px;\">\n<td style=\"background-color: #ffffff; border-color: #ededed; vertical-align: middle; text-align: center; width: 266px;\"><span style=\"font-size: 14px;\"><b>Grenoble<br \/>\n<\/b><\/span><span style=\"font-size: 10px;\"><a href=\"https:\/\/www.winamax.fr\/paris-sportifs\/match\/60768465?banid=33423\" class=\"su-button su-button-style-flat su-button-wide\" style=\"color:#fff;background-color:#000;border-color:#000000;border-radius:5px\" target=\"_blank\" rel=\"noopener noreferrer\"><span style=\"color:#fff;padding:0px 20px;font-size:16px;line-height:32px;border-color:#4d4d4d;border-radius:5px;text-shadow:none\"> 1.30<\/span><\/a><\/span><\/td>\n<td style=\"background-color: #ffffff; border-color: #ededed; vertical-align: middle; text-align: center; width: 266px;\"><span style=\"font-size: 10px;\"><span style=\"font-size: 14px;\"><strong>Match nul<\/strong><\/span><br \/>\n<a href=\"https:\/\/www.winamax.fr\/paris-sportifs\/match\/60768465?banid=33423\" class=\"su-button su-button-style-flat su-button-wide\" style=\"color:#fff;background-color:#000;border-color:#000000;border-radius:5px\" target=\"_blank\" rel=\"noopener noreferrer\"><span style=\"color:#fff;padding:0px 20px;font-size:16px;line-height:32px;border-color:#4d4d4d;border-radius:5px;text-shadow:none\"> 24<\/span><\/a><\/span><\/td>\n<td style=\"background-color: #ffffff; border-color: #ededed; vertical-align: middle; text-align: center; width: 266px;\"><span style=\"font-size: 10px;\"><span style=\"font-size: 14px;\"><b>Provence Rugby<\/b><\/span><br \/>\n<a href=\"https:\/\/www.winamax.fr\/paris-sportifs\/match\/60768465?banid=33423\" class=\"su-button su-button-style-flat su-button-wide\" style=\"color:#fff;background-color:#000;border-color:#000000;border-radius:5px\" target=\"_blank\" rel=\"noopener noreferrer\"><span style=\"color:#fff;padding:0px 20px;font-size:16px;line-height:32px;border-color:#4d4d4d;border-radius:5px;text-shadow:none\"> 3.15<\/span><\/a><\/span><\/td>\n<\/tr>\n<\/tbody>\n<\/table>\n<p style=\"text-align: justify;\">Tentez votre chance en profitant de votre <a href=\"https:\/\/www.winamax.fr\/registration\/landing\/affiliation_Bonus100?banid=33423\">1er d\u00e9p\u00f4t doubl\u00e9 jusqu&rsquo;\u00e0 100 \u20ac<\/a> direct en paris gratuits sur Winamax !<\/p>\n","protected":false},"excerpt":{"rendered":"<p>\u00c0 quelle heure et sur quelle cha\u00eene TV suivre la demi-finale de Pro D2 entre Grenoble et Provence Rugby ? Retrouvez \u00e9galement les compositions des deux \u00e9quipes.<\/p>\n","protected":false},"author":4,"featured_media":582420,"comment_status":"open","ping_status":"closed","sticky":false,"template":"","format":"standard","meta":{"_acf_changed":false,"_daextam_enable_autolinks":"1","footnotes":""},"categories":[44295,9129],"tags":[32415,16878,2185,1839,10237],"class_list":["post-582383","post","type-post","status-publish","format-standard","has-post-thumbnail","hentry","category-chaine-tv","category-rugby-a-xv","tag-actu","tag-breve","tag-fc-grenoble-rugby","tag-pro-d2","tag-provence-rugby"],"acf":[],"yoast_head":"<!-- This site is optimized with the Yoast SEO Premium plugin v26.7 (Yoast SEO v26.7) - https:\/\/yoast.com\/wordpress\/plugins\/seo\/ -->\n<title>Grenoble-Provence Rugby : Compositions, Cha\u00eene TV et Heure<\/title>\n<meta name=\"description\" content=\"\u00c0 quelle heure et sur quelle cha\u00eene TV suivre la demi-finale de Pro D2 entre Grenoble et Provence Rugby ? Retrouvez \u00e9galement les compositions des deux \u00e9quipes.\" \/>\n<meta name=\"robots\" content=\"index, follow, max-snippet:-1, max-image-preview:large, max-video-preview:-1\" \/>\n<link rel=\"canonical\" href=\"https:\/\/dicodusport.fr\/blog\/grenoble-provence-rugby-chaine-tv-compositions-et-heure\/\" \/>\n<meta property=\"og:locale\" content=\"fr_FR\" \/>\n<meta property=\"og:type\" content=\"article\" \/>\n<meta property=\"og:title\" content=\"Grenoble \u2013 Provence Rugby : heure, cha\u00eene TV et compositions pour la demi-finale de Pro D2\" \/>\n<meta property=\"og:description\" content=\"Demi-finale Pro D2 : heure, cha\u00eene TV et compositions officielles du match Grenoble \u2013 Provence Rugby. Tout ce qu\u2019il faut savoir avant le coup d\u2019envoi.\" \/>\n<meta property=\"og:url\" content=\"https:\/\/dicodusport.fr\/blog\/grenoble-provence-rugby-chaine-tv-compositions-et-heure\/\" \/>\n<meta property=\"og:site_name\" content=\"Dicodusport\" \/>\n<meta property=\"article:publisher\" content=\"https:\/\/www.facebook.com\/dicodusport\" \/>\n<meta property=\"article:author\" content=\"https:\/\/www.facebook.com\/florent.ostermann\" \/>\n<meta property=\"article:published_time\" content=\"2025-05-29T10:31:14+00:00\" \/>\n<meta property=\"article:modified_time\" content=\"2025-05-29T10:31:37+00:00\" \/>\n<meta property=\"og:image\" content=\"https:\/\/dicodusport.fr\/blog\/wp-content\/uploads\/2025\/05\/Grenoble-Provence-Rugby-Chaine-TV-Compositions-et-Heure.png\" \/>\n\t<meta property=\"og:image:width\" content=\"1200\" \/>\n\t<meta property=\"og:image:height\" content=\"674\" \/>\n\t<meta property=\"og:image:type\" content=\"image\/png\" \/>\n<meta name=\"author\" content=\"Flo Ostermann\" \/>\n<meta name=\"twitter:card\" content=\"summary_large_image\" \/>\n<meta name=\"twitter:title\" content=\"Grenoble \u2013 Provence Rugby : heure, cha\u00eene TV et compositions pour la demi-finale de Pro D2\" \/>\n<meta name=\"twitter:description\" content=\"Demi-finale Pro D2 : heure, cha\u00eene TV et compositions officielles du match Grenoble \u2013 Provence Rugby. Tout ce qu\u2019il faut savoir avant le coup d\u2019envoi.\" \/>\n<meta name=\"twitter:creator\" content=\"@https:\/\/twitter.com\/FlOstermann\" \/>\n<meta name=\"twitter:site\" content=\"@dicodusport\" \/>\n<script type=\"application\/ld+json\" class=\"yoast-schema-graph\">{\"@context\":\"https:\/\/schema.org\",\"@graph\":[{\"@type\":\"NewsArticle\",\"@id\":\"https:\/\/dicodusport.fr\/blog\/grenoble-provence-rugby-chaine-tv-compositions-et-heure\/#article\",\"isPartOf\":{\"@id\":\"https:\/\/dicodusport.fr\/blog\/grenoble-provence-rugby-chaine-tv-compositions-et-heure\/\"},\"author\":{\"name\":\"Flo Ostermann\",\"@id\":\"https:\/\/dicodusport.fr\/blog\/#\/schema\/person\/cb02af4c173ce4a653b55e9baf388d4a\"},\"headline\":\"Grenoble-Provence Rugby : Compositions, Cha\u00eene TV et Heure\",\"datePublished\":\"2025-05-29T10:31:14+00:00\",\"dateModified\":\"2025-05-29T10:31:37+00:00\",\"mainEntityOfPage\":{\"@id\":\"https:\/\/dicodusport.fr\/blog\/grenoble-provence-rugby-chaine-tv-compositions-et-heure\/\"},\"wordCount\":616,\"commentCount\":0,\"publisher\":{\"@id\":\"https:\/\/dicodusport.fr\/blog\/#organization\"},\"image\":{\"@id\":\"https:\/\/dicodusport.fr\/blog\/grenoble-provence-rugby-chaine-tv-compositions-et-heure\/#primaryimage\"},\"thumbnailUrl\":\"https:\/\/dicodusport.fr\/blog\/wp-content\/uploads\/2025\/05\/Grenoble-Provence-Rugby-Chaine-TV-Compositions-et-Heure.png\",\"keywords\":[\"actu\",\"br\u00e8ve\",\"FC Grenoble Rugby\",\"Pro D2\",\"Provence Rugby\"],\"articleSection\":[\"Cha\u00eene TV\",\"Rugby \u00e0 XV\"],\"inLanguage\":\"fr-FR\",\"potentialAction\":[{\"@type\":\"CommentAction\",\"name\":\"Comment\",\"target\":[\"https:\/\/dicodusport.fr\/blog\/grenoble-provence-rugby-chaine-tv-compositions-et-heure\/#respond\"]}],\"copyrightYear\":\"2025\",\"copyrightHolder\":{\"@id\":\"https:\/\/dicodusport.fr\/blog\/#organization\"}},{\"@type\":\"WebPage\",\"@id\":\"https:\/\/dicodusport.fr\/blog\/grenoble-provence-rugby-chaine-tv-compositions-et-heure\/\",\"url\":\"https:\/\/dicodusport.fr\/blog\/grenoble-provence-rugby-chaine-tv-compositions-et-heure\/\",\"name\":\"Grenoble-Provence Rugby : Compositions, Cha\u00eene TV et Heure\",\"isPartOf\":{\"@id\":\"https:\/\/dicodusport.fr\/blog\/#website\"},\"primaryImageOfPage\":{\"@id\":\"https:\/\/dicodusport.fr\/blog\/grenoble-provence-rugby-chaine-tv-compositions-et-heure\/#primaryimage\"},\"image\":{\"@id\":\"https:\/\/dicodusport.fr\/blog\/grenoble-provence-rugby-chaine-tv-compositions-et-heure\/#primaryimage\"},\"thumbnailUrl\":\"https:\/\/dicodusport.fr\/blog\/wp-content\/uploads\/2025\/05\/Grenoble-Provence-Rugby-Chaine-TV-Compositions-et-Heure.png\",\"datePublished\":\"2025-05-29T10:31:14+00:00\",\"dateModified\":\"2025-05-29T10:31:37+00:00\",\"description\":\"\u00c0 quelle heure et sur quelle cha\u00eene TV suivre la demi-finale de Pro D2 entre Grenoble et Provence Rugby ? Retrouvez \u00e9galement les compositions des deux \u00e9quipes.\",\"breadcrumb\":{\"@id\":\"https:\/\/dicodusport.fr\/blog\/grenoble-provence-rugby-chaine-tv-compositions-et-heure\/#breadcrumb\"},\"inLanguage\":\"fr-FR\",\"potentialAction\":[{\"@type\":\"ReadAction\",\"target\":[\"https:\/\/dicodusport.fr\/blog\/grenoble-provence-rugby-chaine-tv-compositions-et-heure\/\"]}]},{\"@type\":\"ImageObject\",\"inLanguage\":\"fr-FR\",\"@id\":\"https:\/\/dicodusport.fr\/blog\/grenoble-provence-rugby-chaine-tv-compositions-et-heure\/#primaryimage\",\"url\":\"https:\/\/dicodusport.fr\/blog\/wp-content\/uploads\/2025\/05\/Grenoble-Provence-Rugby-Chaine-TV-Compositions-et-Heure.png\",\"contentUrl\":\"https:\/\/dicodusport.fr\/blog\/wp-content\/uploads\/2025\/05\/Grenoble-Provence-Rugby-Chaine-TV-Compositions-et-Heure.png\",\"width\":1200,\"height\":674,\"caption\":\"Grenoble-Provence Rugby Cha\u00eene TV, Compositions et Heure\"},{\"@type\":\"BreadcrumbList\",\"@id\":\"https:\/\/dicodusport.fr\/blog\/grenoble-provence-rugby-chaine-tv-compositions-et-heure\/#breadcrumb\",\"itemListElement\":[{\"@type\":\"ListItem\",\"position\":1,\"name\":\"Accueil\",\"item\":\"https:\/\/dicodusport.fr\/blog\/\"},{\"@type\":\"ListItem\",\"position\":2,\"name\":\"Grenoble-Provence Rugby : Compositions, Cha\u00eene TV et Heure\"}]},{\"@type\":\"WebSite\",\"@id\":\"https:\/\/dicodusport.fr\/blog\/#website\",\"url\":\"https:\/\/dicodusport.fr\/blog\/\",\"name\":\"Dicodusport\",\"description\":\"L&#039;encyclop\u00e9die de l&#039;actualit\u00e9 sportive\",\"publisher\":{\"@id\":\"https:\/\/dicodusport.fr\/blog\/#organization\"},\"potentialAction\":[{\"@type\":\"SearchAction\",\"target\":{\"@type\":\"EntryPoint\",\"urlTemplate\":\"https:\/\/dicodusport.fr\/blog\/?s={search_term_string}\"},\"query-input\":{\"@type\":\"PropertyValueSpecification\",\"valueRequired\":true,\"valueName\":\"search_term_string\"}}],\"inLanguage\":\"fr-FR\"},{\"@type\":\"NewsMediaOrganization\",\"@id\":\"https:\/\/dicodusport.fr\/blog\/#organization\",\"name\":\"Dicodusport\",\"url\":\"https:\/\/dicodusport.fr\/blog\/\",\"logo\":{\"@type\":\"ImageObject\",\"inLanguage\":\"fr-FR\",\"@id\":\"https:\/\/dicodusport.fr\/blog\/#\/schema\/logo\/image\/\",\"url\":\"https:\/\/dicodusport.fr\/blog\/wp-content\/uploads\/2020\/06\/cropped-LOGO-DICODUSPORT-2020-SANS-FOND-SANS-TEXTE.png\",\"contentUrl\":\"https:\/\/dicodusport.fr\/blog\/wp-content\/uploads\/2020\/06\/cropped-LOGO-DICODUSPORT-2020-SANS-FOND-SANS-TEXTE.png\",\"width\":512,\"height\":512,\"caption\":\"Dicodusport\"},\"image\":{\"@id\":\"https:\/\/dicodusport.fr\/blog\/#\/schema\/logo\/image\/\"},\"sameAs\":[\"https:\/\/www.facebook.com\/dicodusport\",\"https:\/\/x.com\/dicodusport\",\"https:\/\/www.instagram.com\/dicodusport\/\",\"https:\/\/www.youtube.com\/channel\/UC7V2KZ5sd3htJivAbA4ZG3w\"],\"description\":\"Dicodusport est l'encyclop\u00e9die de l'actualit\u00e9 sportive.\",\"email\":\"bonjour@dicodusport.fr\",\"legalName\":\"DICODUSPORT\",\"foundingDate\":\"2018-01-14\",\"vatID\":\"FR71834470973\",\"taxID\":\"83447097300043\",\"numberOfEmployees\":{\"@type\":\"QuantitativeValue\",\"minValue\":\"1\",\"maxValue\":\"10\"}},{\"@type\":\"Person\",\"@id\":\"https:\/\/dicodusport.fr\/blog\/#\/schema\/person\/cb02af4c173ce4a653b55e9baf388d4a\",\"name\":\"Flo Ostermann\",\"image\":{\"@type\":\"ImageObject\",\"inLanguage\":\"fr-FR\",\"@id\":\"https:\/\/dicodusport.fr\/blog\/#\/schema\/person\/image\/\",\"url\":\"https:\/\/dicodusport.fr\/blog\/wp-content\/uploads\/2021\/05\/Flo-Ostermann-150x150.jpg\",\"contentUrl\":\"https:\/\/dicodusport.fr\/blog\/wp-content\/uploads\/2021\/05\/Flo-Ostermann-150x150.jpg\",\"caption\":\"Flo Ostermann\"},\"description\":\"Journaliste\/R\u00e9dacteur depuis septembre 2015 - Mes premiers souvenirs dans le sport ? Les envol\u00e9es du Stade Toulousain et les duels Villeneuve-Schumacher et H\u00e4kkinen-Schumacher \u00e0 la fin des ann\u00e9es 90, la Coupe du monde de football en 1998, l\u2019exploit du XV de France face aux All Blacks en 1999, mais aussi Richard C\u0153ur de Lion qui vole sur les montagnes du Tour de France. Bien parti pour devenir professeur d\u2019EPS, les \u00e9v\u00e9nements de la vie (et la flemme d\u2019animer des s\u00e9ances de 3x500 m\u00e8tres toute ma vie) m\u2019ont conduit \u00e0 revoir mes plans. Me voil\u00e0 depuis fin 2017 sur Dicodusport, m\u00e9dia gr\u00e2ce (et pour) lequel je partage ma passion : le sport dans tous ses \u00e9tats. Le tout accompagn\u00e9 par les fous furieux et folles furieuses cit\u00e9s sur cette page !\",\"sameAs\":[\"https:\/\/www.facebook.com\/florent.ostermann\",\"https:\/\/x.com\/https:\/\/twitter.com\/FlOstermann\",\"admin\"],\"url\":\"https:\/\/dicodusport.fr\/blog\/author\/flo\/\"}]}<\/script>\n<!-- \/ Yoast SEO Premium plugin. -->","yoast_head_json":{"title":"Grenoble-Provence Rugby : Compositions, Cha\u00eene TV et Heure","description":"\u00c0 quelle heure et sur quelle cha\u00eene TV suivre la demi-finale de Pro D2 entre Grenoble et Provence Rugby ? Retrouvez \u00e9galement les compositions des deux \u00e9quipes.","robots":{"index":"index","follow":"follow","max-snippet":"max-snippet:-1","max-image-preview":"max-image-preview:large","max-video-preview":"max-video-preview:-1"},"canonical":"https:\/\/dicodusport.fr\/blog\/grenoble-provence-rugby-chaine-tv-compositions-et-heure\/","og_locale":"fr_FR","og_type":"article","og_title":"Grenoble \u2013 Provence Rugby : heure, cha\u00eene TV et compositions pour la demi-finale de Pro D2","og_description":"Demi-finale Pro D2 : heure, cha\u00eene TV et compositions officielles du match Grenoble \u2013 Provence Rugby. Tout ce qu\u2019il faut savoir avant le coup d\u2019envoi.","og_url":"https:\/\/dicodusport.fr\/blog\/grenoble-provence-rugby-chaine-tv-compositions-et-heure\/","og_site_name":"Dicodusport","article_publisher":"https:\/\/www.facebook.com\/dicodusport","article_author":"https:\/\/www.facebook.com\/florent.ostermann","article_published_time":"2025-05-29T10:31:14+00:00","article_modified_time":"2025-05-29T10:31:37+00:00","og_image":[{"width":1200,"height":674,"url":"https:\/\/dicodusport.fr\/blog\/wp-content\/uploads\/2025\/05\/Grenoble-Provence-Rugby-Chaine-TV-Compositions-et-Heure.png","type":"image\/png"}],"author":"Flo Ostermann","twitter_card":"summary_large_image","twitter_title":"Grenoble \u2013 Provence Rugby : heure, cha\u00eene TV et compositions pour la demi-finale de Pro D2","twitter_description":"Demi-finale Pro D2 : heure, cha\u00eene TV et compositions officielles du match Grenoble \u2013 Provence Rugby. Tout ce qu\u2019il faut savoir avant le coup d\u2019envoi.","twitter_creator":"@https:\/\/twitter.com\/FlOstermann","twitter_site":"@dicodusport","schema":{"@context":"https:\/\/schema.org","@graph":[{"@type":"NewsArticle","@id":"https:\/\/dicodusport.fr\/blog\/grenoble-provence-rugby-chaine-tv-compositions-et-heure\/#article","isPartOf":{"@id":"https:\/\/dicodusport.fr\/blog\/grenoble-provence-rugby-chaine-tv-compositions-et-heure\/"},"author":{"name":"Flo Ostermann","@id":"https:\/\/dicodusport.fr\/blog\/#\/schema\/person\/cb02af4c173ce4a653b55e9baf388d4a"},"headline":"Grenoble-Provence Rugby : Compositions, Cha\u00eene TV et Heure","datePublished":"2025-05-29T10:31:14+00:00","dateModified":"2025-05-29T10:31:37+00:00","mainEntityOfPage":{"@id":"https:\/\/dicodusport.fr\/blog\/grenoble-provence-rugby-chaine-tv-compositions-et-heure\/"},"wordCount":616,"commentCount":0,"publisher":{"@id":"https:\/\/dicodusport.fr\/blog\/#organization"},"image":{"@id":"https:\/\/dicodusport.fr\/blog\/grenoble-provence-rugby-chaine-tv-compositions-et-heure\/#primaryimage"},"thumbnailUrl":"https:\/\/dicodusport.fr\/blog\/wp-content\/uploads\/2025\/05\/Grenoble-Provence-Rugby-Chaine-TV-Compositions-et-Heure.png","keywords":["actu","br\u00e8ve","FC Grenoble Rugby","Pro D2","Provence Rugby"],"articleSection":["Cha\u00eene TV","Rugby \u00e0 XV"],"inLanguage":"fr-FR","potentialAction":[{"@type":"CommentAction","name":"Comment","target":["https:\/\/dicodusport.fr\/blog\/grenoble-provence-rugby-chaine-tv-compositions-et-heure\/#respond"]}],"copyrightYear":"2025","copyrightHolder":{"@id":"https:\/\/dicodusport.fr\/blog\/#organization"}},{"@type":"WebPage","@id":"https:\/\/dicodusport.fr\/blog\/grenoble-provence-rugby-chaine-tv-compositions-et-heure\/","url":"https:\/\/dicodusport.fr\/blog\/grenoble-provence-rugby-chaine-tv-compositions-et-heure\/","name":"Grenoble-Provence Rugby : Compositions, Cha\u00eene TV et Heure","isPartOf":{"@id":"https:\/\/dicodusport.fr\/blog\/#website"},"primaryImageOfPage":{"@id":"https:\/\/dicodusport.fr\/blog\/grenoble-provence-rugby-chaine-tv-compositions-et-heure\/#primaryimage"},"image":{"@id":"https:\/\/dicodusport.fr\/blog\/grenoble-provence-rugby-chaine-tv-compositions-et-heure\/#primaryimage"},"thumbnailUrl":"https:\/\/dicodusport.fr\/blog\/wp-content\/uploads\/2025\/05\/Grenoble-Provence-Rugby-Chaine-TV-Compositions-et-Heure.png","datePublished":"2025-05-29T10:31:14+00:00","dateModified":"2025-05-29T10:31:37+00:00","description":"\u00c0 quelle heure et sur quelle cha\u00eene TV suivre la demi-finale de Pro D2 entre Grenoble et Provence Rugby ? Retrouvez \u00e9galement les compositions des deux \u00e9quipes.","breadcrumb":{"@id":"https:\/\/dicodusport.fr\/blog\/grenoble-provence-rugby-chaine-tv-compositions-et-heure\/#breadcrumb"},"inLanguage":"fr-FR","potentialAction":[{"@type":"ReadAction","target":["https:\/\/dicodusport.fr\/blog\/grenoble-provence-rugby-chaine-tv-compositions-et-heure\/"]}]},{"@type":"ImageObject","inLanguage":"fr-FR","@id":"https:\/\/dicodusport.fr\/blog\/grenoble-provence-rugby-chaine-tv-compositions-et-heure\/#primaryimage","url":"https:\/\/dicodusport.fr\/blog\/wp-content\/uploads\/2025\/05\/Grenoble-Provence-Rugby-Chaine-TV-Compositions-et-Heure.png","contentUrl":"https:\/\/dicodusport.fr\/blog\/wp-content\/uploads\/2025\/05\/Grenoble-Provence-Rugby-Chaine-TV-Compositions-et-Heure.png","width":1200,"height":674,"caption":"Grenoble-Provence Rugby Cha\u00eene TV, Compositions et Heure"},{"@type":"BreadcrumbList","@id":"https:\/\/dicodusport.fr\/blog\/grenoble-provence-rugby-chaine-tv-compositions-et-heure\/#breadcrumb","itemListElement":[{"@type":"ListItem","position":1,"name":"Accueil","item":"https:\/\/dicodusport.fr\/blog\/"},{"@type":"ListItem","position":2,"name":"Grenoble-Provence Rugby : Compositions, Cha\u00eene TV et Heure"}]},{"@type":"WebSite","@id":"https:\/\/dicodusport.fr\/blog\/#website","url":"https:\/\/dicodusport.fr\/blog\/","name":"Dicodusport","description":"L&#039;encyclop\u00e9die de l&#039;actualit\u00e9 sportive","publisher":{"@id":"https:\/\/dicodusport.fr\/blog\/#organization"},"potentialAction":[{"@type":"SearchAction","target":{"@type":"EntryPoint","urlTemplate":"https:\/\/dicodusport.fr\/blog\/?s={search_term_string}"},"query-input":{"@type":"PropertyValueSpecification","valueRequired":true,"valueName":"search_term_string"}}],"inLanguage":"fr-FR"},{"@type":"NewsMediaOrganization","@id":"https:\/\/dicodusport.fr\/blog\/#organization","name":"Dicodusport","url":"https:\/\/dicodusport.fr\/blog\/","logo":{"@type":"ImageObject","inLanguage":"fr-FR","@id":"https:\/\/dicodusport.fr\/blog\/#\/schema\/logo\/image\/","url":"https:\/\/dicodusport.fr\/blog\/wp-content\/uploads\/2020\/06\/cropped-LOGO-DICODUSPORT-2020-SANS-FOND-SANS-TEXTE.png","contentUrl":"https:\/\/dicodusport.fr\/blog\/wp-content\/uploads\/2020\/06\/cropped-LOGO-DICODUSPORT-2020-SANS-FOND-SANS-TEXTE.png","width":512,"height":512,"caption":"Dicodusport"},"image":{"@id":"https:\/\/dicodusport.fr\/blog\/#\/schema\/logo\/image\/"},"sameAs":["https:\/\/www.facebook.com\/dicodusport","https:\/\/x.com\/dicodusport","https:\/\/www.instagram.com\/dicodusport\/","https:\/\/www.youtube.com\/channel\/UC7V2KZ5sd3htJivAbA4ZG3w"],"description":"Dicodusport est l'encyclop\u00e9die de l'actualit\u00e9 sportive.","email":"bonjour@dicodusport.fr","legalName":"DICODUSPORT","foundingDate":"2018-01-14","vatID":"FR71834470973","taxID":"83447097300043","numberOfEmployees":{"@type":"QuantitativeValue","minValue":"1","maxValue":"10"}},{"@type":"Person","@id":"https:\/\/dicodusport.fr\/blog\/#\/schema\/person\/cb02af4c173ce4a653b55e9baf388d4a","name":"Flo Ostermann","image":{"@type":"ImageObject","inLanguage":"fr-FR","@id":"https:\/\/dicodusport.fr\/blog\/#\/schema\/person\/image\/","url":"https:\/\/dicodusport.fr\/blog\/wp-content\/uploads\/2021\/05\/Flo-Ostermann-150x150.jpg","contentUrl":"https:\/\/dicodusport.fr\/blog\/wp-content\/uploads\/2021\/05\/Flo-Ostermann-150x150.jpg","caption":"Flo Ostermann"},"description":"Journaliste\/R\u00e9dacteur depuis septembre 2015 - Mes premiers souvenirs dans le sport ? Les envol\u00e9es du Stade Toulousain et les duels Villeneuve-Schumacher et H\u00e4kkinen-Schumacher \u00e0 la fin des ann\u00e9es 90, la Coupe du monde de football en 1998, l\u2019exploit du XV de France face aux All Blacks en 1999, mais aussi Richard C\u0153ur de Lion qui vole sur les montagnes du Tour de France. Bien parti pour devenir professeur d\u2019EPS, les \u00e9v\u00e9nements de la vie (et la flemme d\u2019animer des s\u00e9ances de 3x500 m\u00e8tres toute ma vie) m\u2019ont conduit \u00e0 revoir mes plans. Me voil\u00e0 depuis fin 2017 sur Dicodusport, m\u00e9dia gr\u00e2ce (et pour) lequel je partage ma passion : le sport dans tous ses \u00e9tats. Le tout accompagn\u00e9 par les fous furieux et folles furieuses cit\u00e9s sur cette page !","sameAs":["https:\/\/www.facebook.com\/florent.ostermann","https:\/\/x.com\/https:\/\/twitter.com\/FlOstermann","admin"],"url":"https:\/\/dicodusport.fr\/blog\/author\/flo\/"}]}},"_links":{"self":[{"href":"https:\/\/dicodusport.fr\/blog\/wp-json\/wp\/v2\/posts\/582383","targetHints":{"allow":["GET"]}}],"collection":[{"href":"https:\/\/dicodusport.fr\/blog\/wp-json\/wp\/v2\/posts"}],"about":[{"href":"https:\/\/dicodusport.fr\/blog\/wp-json\/wp\/v2\/types\/post"}],"author":[{"embeddable":true,"href":"https:\/\/dicodusport.fr\/blog\/wp-json\/wp\/v2\/users\/4"}],"replies":[{"embeddable":true,"href":"https:\/\/dicodusport.fr\/blog\/wp-json\/wp\/v2\/comments?post=582383"}],"version-history":[{"count":5,"href":"https:\/\/dicodusport.fr\/blog\/wp-json\/wp\/v2\/posts\/582383\/revisions"}],"predecessor-version":[{"id":582598,"href":"https:\/\/dicodusport.fr\/blog\/wp-json\/wp\/v2\/posts\/582383\/revisions\/582598"}],"wp:featuredmedia":[{"embeddable":true,"href":"https:\/\/dicodusport.fr\/blog\/wp-json\/wp\/v2\/media\/582420"}],"wp:attachment":[{"href":"https:\/\/dicodusport.fr\/blog\/wp-json\/wp\/v2\/media?parent=582383"}],"wp:term":[{"taxonomy":"category","embeddable":true,"href":"https:\/\/dicodusport.fr\/blog\/wp-json\/wp\/v2\/categories?post=582383"},{"taxonomy":"post_tag","embeddable":true,"href":"https:\/\/dicodusport.fr\/blog\/wp-json\/wp\/v2\/tags?post=582383"}],"curies":[{"name":"wp","href":"https:\/\/api.w.org\/{rel}","templated":true}]}}