{"id":58262,"date":"2020-01-28T13:37:40","date_gmt":"2020-01-28T12:37:40","guid":{"rendered":"http:\/\/dicodusport.fr\/blog\/?p=58262"},"modified":"2021-05-03T16:05:41","modified_gmt":"2021-05-03T14:05:41","slug":"coupe-de-france-le-programme-tv-des-8emes-de-finale","status":"publish","type":"post","link":"https:\/\/dicodusport.fr\/blog\/coupe-de-france-le-programme-tv-des-8emes-de-finale\/","title":{"rendered":"Coupe de France : Le programme TV des 8\u00e8mes de finale"},"content":{"rendered":"<p style=\"text-align: justify;\"><strong><em>Les 8\u00e8mes de finale de la Coupe de France 2019\/2020 se d\u00e9rouleront en pleine semaine sur trois jours (mardi, mercredi, jeudi) avec au programme le choc OGC Nice\/Olympique Lyonnais en cl\u00f4ture jeudi soir. Le petit poucet, le club de Limonest (N3) re\u00e7oit Dijon (L1).<\/em><\/strong><\/p>\n<p>&nbsp;<\/p>\n<h3 style=\"text-align: center;\">Mardi 28 janvier 2020<\/h3>\n<p style=\"text-align: center;\">Angers (L1) &#8211; Rennes (L1) \/ <em>18h30 Multiplex Eurosport 2<\/em><\/p>\n<p style=\"text-align: center;\">Belfort (N2) &#8211; Montpellier (L1) \/ <em>18h30 Multiplex Eurosport 2<\/em><\/p>\n<p style=\"text-align: center;\">Limonest (N3) &#8211; Dijon (L1) \/ <em>18h30 Multiplex Eurosport 2<\/em><\/p>\n<p style=\"text-align: center;\"><a href=\"https:\/\/dicodusport.fr\/blog\/football-coupe-de-france-notre-pronostic-pour-monaco-saint-etienne\/\" target=\"_blank\" rel=\"noopener noreferrer\">Monaco (L1) &#8211; Saint-Etienne (L1)<\/a> \/ <em>20h55 Eurosport 2<\/em><\/p>\n<blockquote class=\"twitter-tweet\">\n<p dir=\"ltr\" lang=\"fr\">&#x26bd;&#xfe0f;&#x26aa;&#xfe0f;&#x1f535;&#x1f3c6; Coupe de France &#x1f1eb;&#x1f1f7;&#x1f535;&#x26aa;&#xfe0f;&#x26bd;&#xfe0f;<\/p>\n<p>Jour J !!! N\u2019h\u00e9sitez pas \u00e0 envoyer vos messages de soutient \u00e0 nos joueurs ! <a href=\"https:\/\/twitter.com\/hashtag\/PetitPoucetPmu?src=hash&amp;ref_src=twsrc%5Etfw\">#PetitPoucetPmu<\/a> <a href=\"https:\/\/t.co\/xCbqqfudri\">pic.twitter.com\/xCbqqfudri<\/a><\/p>\n<p>\u2014 Football Club Limonest &#8211; St Didier (@FCLSD69760) <a href=\"https:\/\/twitter.com\/FCLSD69760\/status\/1222058974209617921?ref_src=twsrc%5Etfw\">January 28, 2020<\/a><\/p><\/blockquote>\n<p><script async src=\"https:\/\/platform.twitter.com\/widgets.js\" charset=\"utf-8\"><\/script><\/p>\n<h3 style=\"text-align: center;\">Mercredi 29 janvier 2020<\/h3>\n<p style=\"text-align: center;\">Pau (N1) &#8211; Paris-Saint-Germain (L1) \/ <em>18h30 Multiplex Eurosport 2<\/em><\/p>\n<p style=\"text-align: center;\">Epinal (N2) &#8211; Lille (L1) \/ <em>18h30 Multiplex Eurosport 2<\/em><\/p>\n<p style=\"text-align: center;\">Marseille (L1) &#8211; Strasbourg (L1) \/ <em>21h05 France 3 et Eurosport 2<\/em><\/p>\n<p>&nbsp;<\/p>\n<h3 style=\"text-align: center;\">Jeudi 30 janvier 2020<\/h3>\n<p style=\"text-align: center;\">Nice (L1) &#8211; Lyon (L1) \/ <em>20h55 Eurosport 2<\/em><\/p>\n","protected":false},"excerpt":{"rendered":"<p>Les 8\u00e8mes de finale de la Coupe de France 2019\/2020 se d\u00e9rouleront en pleine semaine sur trois jours (mardi,mercredi, jeudi)<\/p>\n","protected":false},"author":14,"featured_media":123092,"comment_status":"open","ping_status":"closed","sticky":false,"template":"","format":"standard","meta":{"_acf_changed":false,"_daextam_enable_autolinks":"","footnotes":""},"categories":[2301],"tags":[1691,2871,1745,75,2391,1069,3029,1145,1889,1093,910,7550,5678,1865],"class_list":["post-58262","post","type-post","status-publish","format-standard","has-post-thumbnail","hentry","category-football","tag-as-monaco","tag-as-saint-etienne","tag-epinal","tag-football","tag-losc","tag-montpellier","tag-ogc-nice","tag-ol","tag-om","tag-pau","tag-psg","tag-rc-strasbourg-alsace","tag-sco-angers","tag-stade-rennais"],"acf":[],"yoast_head":"<!-- This site is optimized with the Yoast SEO Premium plugin v26.7 (Yoast SEO v26.7) - https:\/\/yoast.com\/wordpress\/plugins\/seo\/ -->\n<title>Coupe de France : Le programme TV des 8\u00e8mes de finale<\/title>\n<meta name=\"description\" content=\"Les 8\u00e8mes de finale de la Coupe de France 2019\/2020 se d\u00e9rouleront en pleine semaine sur trois jours (mardi,mercredi, jeudi).\" \/>\n<meta name=\"robots\" content=\"index, follow, max-snippet:-1, max-image-preview:large, max-video-preview:-1\" \/>\n<link rel=\"canonical\" href=\"https:\/\/dicodusport.fr\/blog\/coupe-de-france-le-programme-tv-des-8emes-de-finale\/\" \/>\n<meta property=\"og:locale\" content=\"fr_FR\" \/>\n<meta property=\"og:type\" content=\"article\" \/>\n<meta property=\"og:title\" content=\"Coupe de France : Le programme TV des 8\u00e8mes de finale\" \/>\n<meta property=\"og:description\" content=\"Les 8\u00e8mes de finale de la Coupe de France 2019\/2020 se d\u00e9rouleront en pleine semaine sur trois jours (mardi,mercredi, jeudi).\" \/>\n<meta property=\"og:url\" content=\"https:\/\/dicodusport.fr\/blog\/coupe-de-france-le-programme-tv-des-8emes-de-finale\/\" \/>\n<meta property=\"og:site_name\" content=\"Dicodusport\" \/>\n<meta property=\"article:publisher\" content=\"https:\/\/www.facebook.com\/dicodusport\" \/>\n<meta property=\"article:published_time\" content=\"2020-01-28T12:37:40+00:00\" \/>\n<meta property=\"article:modified_time\" content=\"2021-05-03T14:05:41+00:00\" \/>\n<meta property=\"og:image\" content=\"https:\/\/dicodusport.fr\/blog\/wp-content\/uploads\/2021\/04\/Fond-Dicodusport-2021.png\" \/>\n\t<meta property=\"og:image:width\" content=\"800\" \/>\n\t<meta property=\"og:image:height\" content=\"445\" \/>\n\t<meta property=\"og:image:type\" content=\"image\/png\" \/>\n<meta name=\"author\" content=\"Romain Delanis\" \/>\n<meta name=\"twitter:card\" content=\"summary_large_image\" \/>\n<meta name=\"twitter:title\" content=\"Coupe de France : Le programme TV des 8\u00e8mes de finale\" \/>\n<meta name=\"twitter:creator\" content=\"@https:\/\/twitter.com\/RDelanis\" \/>\n<meta name=\"twitter:site\" content=\"@dicodusport\" \/>\n<script type=\"application\/ld+json\" class=\"yoast-schema-graph\">{\"@context\":\"https:\/\/schema.org\",\"@graph\":[{\"@type\":\"NewsArticle\",\"@id\":\"https:\/\/dicodusport.fr\/blog\/coupe-de-france-le-programme-tv-des-8emes-de-finale\/#article\",\"isPartOf\":{\"@id\":\"https:\/\/dicodusport.fr\/blog\/coupe-de-france-le-programme-tv-des-8emes-de-finale\/\"},\"author\":{\"name\":\"Romain Delanis\",\"@id\":\"https:\/\/dicodusport.fr\/blog\/#\/schema\/person\/8c78730a59f8a1e617f7a19026ebc14a\"},\"headline\":\"Coupe de France : Le programme TV des 8\u00e8mes de finale\",\"datePublished\":\"2020-01-28T12:37:40+00:00\",\"dateModified\":\"2021-05-03T14:05:41+00:00\",\"mainEntityOfPage\":{\"@id\":\"https:\/\/dicodusport.fr\/blog\/coupe-de-france-le-programme-tv-des-8emes-de-finale\/\"},\"wordCount\":186,\"commentCount\":1,\"publisher\":{\"@id\":\"https:\/\/dicodusport.fr\/blog\/#organization\"},\"image\":{\"@id\":\"https:\/\/dicodusport.fr\/blog\/coupe-de-france-le-programme-tv-des-8emes-de-finale\/#primaryimage\"},\"thumbnailUrl\":\"https:\/\/dicodusport.fr\/blog\/wp-content\/uploads\/2021\/04\/Fond-Dicodusport-2021.png\",\"keywords\":[\"AS Monaco\",\"AS Saint-Etienne\",\"Epinal\",\"Football\",\"LOSC\",\"Montpellier\",\"OGC Nice\",\"OL\",\"OM\",\"pau\",\"PSG\",\"RC Strasbourg Alsace\",\"SCO Angers\",\"Stade rennais\"],\"articleSection\":[\"Football\"],\"inLanguage\":\"fr-FR\",\"potentialAction\":[{\"@type\":\"CommentAction\",\"name\":\"Comment\",\"target\":[\"https:\/\/dicodusport.fr\/blog\/coupe-de-france-le-programme-tv-des-8emes-de-finale\/#respond\"]}],\"copyrightYear\":\"2020\",\"copyrightHolder\":{\"@id\":\"https:\/\/dicodusport.fr\/blog\/#organization\"}},{\"@type\":\"WebPage\",\"@id\":\"https:\/\/dicodusport.fr\/blog\/coupe-de-france-le-programme-tv-des-8emes-de-finale\/\",\"url\":\"https:\/\/dicodusport.fr\/blog\/coupe-de-france-le-programme-tv-des-8emes-de-finale\/\",\"name\":\"Coupe de France : Le programme TV des 8\u00e8mes de finale\",\"isPartOf\":{\"@id\":\"https:\/\/dicodusport.fr\/blog\/#website\"},\"primaryImageOfPage\":{\"@id\":\"https:\/\/dicodusport.fr\/blog\/coupe-de-france-le-programme-tv-des-8emes-de-finale\/#primaryimage\"},\"image\":{\"@id\":\"https:\/\/dicodusport.fr\/blog\/coupe-de-france-le-programme-tv-des-8emes-de-finale\/#primaryimage\"},\"thumbnailUrl\":\"https:\/\/dicodusport.fr\/blog\/wp-content\/uploads\/2021\/04\/Fond-Dicodusport-2021.png\",\"datePublished\":\"2020-01-28T12:37:40+00:00\",\"dateModified\":\"2021-05-03T14:05:41+00:00\",\"description\":\"Les 8\u00e8mes de finale de la Coupe de France 2019\/2020 se d\u00e9rouleront en pleine semaine sur trois jours (mardi,mercredi, jeudi).\",\"breadcrumb\":{\"@id\":\"https:\/\/dicodusport.fr\/blog\/coupe-de-france-le-programme-tv-des-8emes-de-finale\/#breadcrumb\"},\"inLanguage\":\"fr-FR\",\"potentialAction\":[{\"@type\":\"ReadAction\",\"target\":[\"https:\/\/dicodusport.fr\/blog\/coupe-de-france-le-programme-tv-des-8emes-de-finale\/\"]}]},{\"@type\":\"ImageObject\",\"inLanguage\":\"fr-FR\",\"@id\":\"https:\/\/dicodusport.fr\/blog\/coupe-de-france-le-programme-tv-des-8emes-de-finale\/#primaryimage\",\"url\":\"https:\/\/dicodusport.fr\/blog\/wp-content\/uploads\/2021\/04\/Fond-Dicodusport-2021.png\",\"contentUrl\":\"https:\/\/dicodusport.fr\/blog\/wp-content\/uploads\/2021\/04\/Fond-Dicodusport-2021.png\",\"width\":800,\"height\":445},{\"@type\":\"BreadcrumbList\",\"@id\":\"https:\/\/dicodusport.fr\/blog\/coupe-de-france-le-programme-tv-des-8emes-de-finale\/#breadcrumb\",\"itemListElement\":[{\"@type\":\"ListItem\",\"position\":1,\"name\":\"Accueil\",\"item\":\"https:\/\/dicodusport.fr\/blog\/\"},{\"@type\":\"ListItem\",\"position\":2,\"name\":\"Coupe de France : Le programme TV des 8\u00e8mes de finale\"}]},{\"@type\":\"WebSite\",\"@id\":\"https:\/\/dicodusport.fr\/blog\/#website\",\"url\":\"https:\/\/dicodusport.fr\/blog\/\",\"name\":\"Dicodusport\",\"description\":\"L&#039;encyclop\u00e9die de l&#039;actualit\u00e9 sportive\",\"publisher\":{\"@id\":\"https:\/\/dicodusport.fr\/blog\/#organization\"},\"potentialAction\":[{\"@type\":\"SearchAction\",\"target\":{\"@type\":\"EntryPoint\",\"urlTemplate\":\"https:\/\/dicodusport.fr\/blog\/?s={search_term_string}\"},\"query-input\":{\"@type\":\"PropertyValueSpecification\",\"valueRequired\":true,\"valueName\":\"search_term_string\"}}],\"inLanguage\":\"fr-FR\"},{\"@type\":\"NewsMediaOrganization\",\"@id\":\"https:\/\/dicodusport.fr\/blog\/#organization\",\"name\":\"Dicodusport\",\"url\":\"https:\/\/dicodusport.fr\/blog\/\",\"logo\":{\"@type\":\"ImageObject\",\"inLanguage\":\"fr-FR\",\"@id\":\"https:\/\/dicodusport.fr\/blog\/#\/schema\/logo\/image\/\",\"url\":\"https:\/\/dicodusport.fr\/blog\/wp-content\/uploads\/2020\/06\/cropped-LOGO-DICODUSPORT-2020-SANS-FOND-SANS-TEXTE.png\",\"contentUrl\":\"https:\/\/dicodusport.fr\/blog\/wp-content\/uploads\/2020\/06\/cropped-LOGO-DICODUSPORT-2020-SANS-FOND-SANS-TEXTE.png\",\"width\":512,\"height\":512,\"caption\":\"Dicodusport\"},\"image\":{\"@id\":\"https:\/\/dicodusport.fr\/blog\/#\/schema\/logo\/image\/\"},\"sameAs\":[\"https:\/\/www.facebook.com\/dicodusport\",\"https:\/\/x.com\/dicodusport\",\"https:\/\/www.instagram.com\/dicodusport\/\",\"https:\/\/www.youtube.com\/channel\/UC7V2KZ5sd3htJivAbA4ZG3w\"],\"description\":\"Dicodusport est l'encyclop\u00e9die de l'actualit\u00e9 sportive.\",\"email\":\"bonjour@dicodusport.fr\",\"legalName\":\"DICODUSPORT\",\"foundingDate\":\"2018-01-14\",\"vatID\":\"FR71834470973\",\"taxID\":\"83447097300043\",\"numberOfEmployees\":{\"@type\":\"QuantitativeValue\",\"minValue\":\"1\",\"maxValue\":\"10\"}},{\"@type\":\"Person\",\"@id\":\"https:\/\/dicodusport.fr\/blog\/#\/schema\/person\/8c78730a59f8a1e617f7a19026ebc14a\",\"name\":\"Romain Delanis\",\"image\":{\"@type\":\"ImageObject\",\"inLanguage\":\"fr-FR\",\"@id\":\"https:\/\/dicodusport.fr\/blog\/#\/schema\/person\/image\/\",\"url\":\"https:\/\/dicodusport.fr\/blog\/wp-content\/uploads\/2021\/05\/Romain-Delanis-150x150.jpg\",\"contentUrl\":\"https:\/\/dicodusport.fr\/blog\/wp-content\/uploads\/2021\/05\/Romain-Delanis-150x150.jpg\",\"caption\":\"Romain Delanis\"},\"description\":\"Journaliste\/R\u00e9dacteur depuis novembre 2015 - Capable de passer un samedi apr\u00e8s-midi devant la Ligue 2 puis le biathlon sans oublier la finale de l\u2019ATP Rotterdam, j\u2019aime aussi mettre mon r\u00e9veil pour me faire un Pistons\/Bulls qui rappelle de bons souvenirs. Tout cela, j\u2019ai choisi il y a maintenant quelques temps de vous le raconter avec Dicodusport, pour vous faire vivre ma passion parfois inconsid\u00e9r\u00e9e pour le sport en g\u00e9n\u00e9ral (mais surtout le foot faut se l\u2019avouer).\",\"sameAs\":[\"https:\/\/x.com\/https:\/\/twitter.com\/RDelanis\"],\"url\":\"https:\/\/dicodusport.fr\/blog\/author\/romain\/\"}]}<\/script>\n<!-- \/ Yoast SEO Premium plugin. -->","yoast_head_json":{"title":"Coupe de France : Le programme TV des 8\u00e8mes de finale","description":"Les 8\u00e8mes de finale de la Coupe de France 2019\/2020 se d\u00e9rouleront en pleine semaine sur trois jours (mardi,mercredi, jeudi).","robots":{"index":"index","follow":"follow","max-snippet":"max-snippet:-1","max-image-preview":"max-image-preview:large","max-video-preview":"max-video-preview:-1"},"canonical":"https:\/\/dicodusport.fr\/blog\/coupe-de-france-le-programme-tv-des-8emes-de-finale\/","og_locale":"fr_FR","og_type":"article","og_title":"Coupe de France : Le programme TV des 8\u00e8mes de finale","og_description":"Les 8\u00e8mes de finale de la Coupe de France 2019\/2020 se d\u00e9rouleront en pleine semaine sur trois jours (mardi,mercredi, jeudi).","og_url":"https:\/\/dicodusport.fr\/blog\/coupe-de-france-le-programme-tv-des-8emes-de-finale\/","og_site_name":"Dicodusport","article_publisher":"https:\/\/www.facebook.com\/dicodusport","article_published_time":"2020-01-28T12:37:40+00:00","article_modified_time":"2021-05-03T14:05:41+00:00","og_image":[{"width":800,"height":445,"url":"https:\/\/dicodusport.fr\/blog\/wp-content\/uploads\/2021\/04\/Fond-Dicodusport-2021.png","type":"image\/png"}],"author":"Romain Delanis","twitter_card":"summary_large_image","twitter_title":"Coupe de France : Le programme TV des 8\u00e8mes de finale","twitter_creator":"@https:\/\/twitter.com\/RDelanis","twitter_site":"@dicodusport","schema":{"@context":"https:\/\/schema.org","@graph":[{"@type":"NewsArticle","@id":"https:\/\/dicodusport.fr\/blog\/coupe-de-france-le-programme-tv-des-8emes-de-finale\/#article","isPartOf":{"@id":"https:\/\/dicodusport.fr\/blog\/coupe-de-france-le-programme-tv-des-8emes-de-finale\/"},"author":{"name":"Romain Delanis","@id":"https:\/\/dicodusport.fr\/blog\/#\/schema\/person\/8c78730a59f8a1e617f7a19026ebc14a"},"headline":"Coupe de France : Le programme TV des 8\u00e8mes de finale","datePublished":"2020-01-28T12:37:40+00:00","dateModified":"2021-05-03T14:05:41+00:00","mainEntityOfPage":{"@id":"https:\/\/dicodusport.fr\/blog\/coupe-de-france-le-programme-tv-des-8emes-de-finale\/"},"wordCount":186,"commentCount":1,"publisher":{"@id":"https:\/\/dicodusport.fr\/blog\/#organization"},"image":{"@id":"https:\/\/dicodusport.fr\/blog\/coupe-de-france-le-programme-tv-des-8emes-de-finale\/#primaryimage"},"thumbnailUrl":"https:\/\/dicodusport.fr\/blog\/wp-content\/uploads\/2021\/04\/Fond-Dicodusport-2021.png","keywords":["AS Monaco","AS Saint-Etienne","Epinal","Football","LOSC","Montpellier","OGC Nice","OL","OM","pau","PSG","RC Strasbourg Alsace","SCO Angers","Stade rennais"],"articleSection":["Football"],"inLanguage":"fr-FR","potentialAction":[{"@type":"CommentAction","name":"Comment","target":["https:\/\/dicodusport.fr\/blog\/coupe-de-france-le-programme-tv-des-8emes-de-finale\/#respond"]}],"copyrightYear":"2020","copyrightHolder":{"@id":"https:\/\/dicodusport.fr\/blog\/#organization"}},{"@type":"WebPage","@id":"https:\/\/dicodusport.fr\/blog\/coupe-de-france-le-programme-tv-des-8emes-de-finale\/","url":"https:\/\/dicodusport.fr\/blog\/coupe-de-france-le-programme-tv-des-8emes-de-finale\/","name":"Coupe de France : Le programme TV des 8\u00e8mes de finale","isPartOf":{"@id":"https:\/\/dicodusport.fr\/blog\/#website"},"primaryImageOfPage":{"@id":"https:\/\/dicodusport.fr\/blog\/coupe-de-france-le-programme-tv-des-8emes-de-finale\/#primaryimage"},"image":{"@id":"https:\/\/dicodusport.fr\/blog\/coupe-de-france-le-programme-tv-des-8emes-de-finale\/#primaryimage"},"thumbnailUrl":"https:\/\/dicodusport.fr\/blog\/wp-content\/uploads\/2021\/04\/Fond-Dicodusport-2021.png","datePublished":"2020-01-28T12:37:40+00:00","dateModified":"2021-05-03T14:05:41+00:00","description":"Les 8\u00e8mes de finale de la Coupe de France 2019\/2020 se d\u00e9rouleront en pleine semaine sur trois jours (mardi,mercredi, jeudi).","breadcrumb":{"@id":"https:\/\/dicodusport.fr\/blog\/coupe-de-france-le-programme-tv-des-8emes-de-finale\/#breadcrumb"},"inLanguage":"fr-FR","potentialAction":[{"@type":"ReadAction","target":["https:\/\/dicodusport.fr\/blog\/coupe-de-france-le-programme-tv-des-8emes-de-finale\/"]}]},{"@type":"ImageObject","inLanguage":"fr-FR","@id":"https:\/\/dicodusport.fr\/blog\/coupe-de-france-le-programme-tv-des-8emes-de-finale\/#primaryimage","url":"https:\/\/dicodusport.fr\/blog\/wp-content\/uploads\/2021\/04\/Fond-Dicodusport-2021.png","contentUrl":"https:\/\/dicodusport.fr\/blog\/wp-content\/uploads\/2021\/04\/Fond-Dicodusport-2021.png","width":800,"height":445},{"@type":"BreadcrumbList","@id":"https:\/\/dicodusport.fr\/blog\/coupe-de-france-le-programme-tv-des-8emes-de-finale\/#breadcrumb","itemListElement":[{"@type":"ListItem","position":1,"name":"Accueil","item":"https:\/\/dicodusport.fr\/blog\/"},{"@type":"ListItem","position":2,"name":"Coupe de France : Le programme TV des 8\u00e8mes de finale"}]},{"@type":"WebSite","@id":"https:\/\/dicodusport.fr\/blog\/#website","url":"https:\/\/dicodusport.fr\/blog\/","name":"Dicodusport","description":"L&#039;encyclop\u00e9die de l&#039;actualit\u00e9 sportive","publisher":{"@id":"https:\/\/dicodusport.fr\/blog\/#organization"},"potentialAction":[{"@type":"SearchAction","target":{"@type":"EntryPoint","urlTemplate":"https:\/\/dicodusport.fr\/blog\/?s={search_term_string}"},"query-input":{"@type":"PropertyValueSpecification","valueRequired":true,"valueName":"search_term_string"}}],"inLanguage":"fr-FR"},{"@type":"NewsMediaOrganization","@id":"https:\/\/dicodusport.fr\/blog\/#organization","name":"Dicodusport","url":"https:\/\/dicodusport.fr\/blog\/","logo":{"@type":"ImageObject","inLanguage":"fr-FR","@id":"https:\/\/dicodusport.fr\/blog\/#\/schema\/logo\/image\/","url":"https:\/\/dicodusport.fr\/blog\/wp-content\/uploads\/2020\/06\/cropped-LOGO-DICODUSPORT-2020-SANS-FOND-SANS-TEXTE.png","contentUrl":"https:\/\/dicodusport.fr\/blog\/wp-content\/uploads\/2020\/06\/cropped-LOGO-DICODUSPORT-2020-SANS-FOND-SANS-TEXTE.png","width":512,"height":512,"caption":"Dicodusport"},"image":{"@id":"https:\/\/dicodusport.fr\/blog\/#\/schema\/logo\/image\/"},"sameAs":["https:\/\/www.facebook.com\/dicodusport","https:\/\/x.com\/dicodusport","https:\/\/www.instagram.com\/dicodusport\/","https:\/\/www.youtube.com\/channel\/UC7V2KZ5sd3htJivAbA4ZG3w"],"description":"Dicodusport est l'encyclop\u00e9die de l'actualit\u00e9 sportive.","email":"bonjour@dicodusport.fr","legalName":"DICODUSPORT","foundingDate":"2018-01-14","vatID":"FR71834470973","taxID":"83447097300043","numberOfEmployees":{"@type":"QuantitativeValue","minValue":"1","maxValue":"10"}},{"@type":"Person","@id":"https:\/\/dicodusport.fr\/blog\/#\/schema\/person\/8c78730a59f8a1e617f7a19026ebc14a","name":"Romain Delanis","image":{"@type":"ImageObject","inLanguage":"fr-FR","@id":"https:\/\/dicodusport.fr\/blog\/#\/schema\/person\/image\/","url":"https:\/\/dicodusport.fr\/blog\/wp-content\/uploads\/2021\/05\/Romain-Delanis-150x150.jpg","contentUrl":"https:\/\/dicodusport.fr\/blog\/wp-content\/uploads\/2021\/05\/Romain-Delanis-150x150.jpg","caption":"Romain Delanis"},"description":"Journaliste\/R\u00e9dacteur depuis novembre 2015 - Capable de passer un samedi apr\u00e8s-midi devant la Ligue 2 puis le biathlon sans oublier la finale de l\u2019ATP Rotterdam, j\u2019aime aussi mettre mon r\u00e9veil pour me faire un Pistons\/Bulls qui rappelle de bons souvenirs. Tout cela, j\u2019ai choisi il y a maintenant quelques temps de vous le raconter avec Dicodusport, pour vous faire vivre ma passion parfois inconsid\u00e9r\u00e9e pour le sport en g\u00e9n\u00e9ral (mais surtout le foot faut se l\u2019avouer).","sameAs":["https:\/\/x.com\/https:\/\/twitter.com\/RDelanis"],"url":"https:\/\/dicodusport.fr\/blog\/author\/romain\/"}]}},"_links":{"self":[{"href":"https:\/\/dicodusport.fr\/blog\/wp-json\/wp\/v2\/posts\/58262","targetHints":{"allow":["GET"]}}],"collection":[{"href":"https:\/\/dicodusport.fr\/blog\/wp-json\/wp\/v2\/posts"}],"about":[{"href":"https:\/\/dicodusport.fr\/blog\/wp-json\/wp\/v2\/types\/post"}],"author":[{"embeddable":true,"href":"https:\/\/dicodusport.fr\/blog\/wp-json\/wp\/v2\/users\/14"}],"replies":[{"embeddable":true,"href":"https:\/\/dicodusport.fr\/blog\/wp-json\/wp\/v2\/comments?post=58262"}],"version-history":[{"count":0,"href":"https:\/\/dicodusport.fr\/blog\/wp-json\/wp\/v2\/posts\/58262\/revisions"}],"wp:featuredmedia":[{"embeddable":true,"href":"https:\/\/dicodusport.fr\/blog\/wp-json\/wp\/v2\/media\/123092"}],"wp:attachment":[{"href":"https:\/\/dicodusport.fr\/blog\/wp-json\/wp\/v2\/media?parent=58262"}],"wp:term":[{"taxonomy":"category","embeddable":true,"href":"https:\/\/dicodusport.fr\/blog\/wp-json\/wp\/v2\/categories?post=58262"},{"taxonomy":"post_tag","embeddable":true,"href":"https:\/\/dicodusport.fr\/blog\/wp-json\/wp\/v2\/tags?post=58262"}],"curies":[{"name":"wp","href":"https:\/\/api.w.org\/{rel}","templated":true}]}}