{"id":582679,"date":"2025-05-29T20:36:31","date_gmt":"2025-05-29T18:36:31","guid":{"rendered":"https:\/\/dicodusport.fr\/blog\/?p=582679&#038;preview=true&#038;preview_id=582679"},"modified":"2025-05-29T22:21:36","modified_gmt":"2025-05-29T20:21:36","slug":"boucles-de-la-mayenne-2025-thibaud-gruel-soffre-le-chrono-inaugural","status":"publish","type":"post","link":"https:\/\/dicodusport.fr\/blog\/boucles-de-la-mayenne-2025-thibaud-gruel-soffre-le-chrono-inaugural\/","title":{"rendered":"Boucles de la Mayenne 2025 : Thibaud Gruel s&rsquo;offre le prologue inaugural"},"content":{"rendered":"<p style=\"text-align: justify;\"><strong><em>BOUCLES DE LA MAYENNE 2025 &#8211; Thibaud Gruel a remport\u00e9 ce jeudi soir le prologue inaugural \u00e0 Laval, devant Beno\u00eet Cosnefroy. Le coureur de la Groupama-FDJ portera demain le premier maillot de leader de l&rsquo;\u00e9preuve.<\/em><\/strong><\/p>\n<ul>\n<li><strong>\u00c0 ce sujet &#8211; <a href=\"https:\/\/dicodusport.fr\/blog\/boucles-de-la-mayenne-2025-parcours-en-detail-et-profils-des-etapes\/\">Boucles de la Mayenne 2025 : Parcours en d\u00e9tail et profils des \u00e9tapes<\/a><\/strong><\/li>\n<\/ul>\n<p style=\"text-align: justify;\">Quelques jours apr\u00e8s la <a href=\"https:\/\/dicodusport.fr\/blog\/mercantour-classic-2025-classement-et-resultats\/\">Mercan&rsquo;Tour Classic<\/a>, les <strong>Boucles de la Mayenne<\/strong> \u00e9taient la prochaine \u00e9preuve majeure dans le calendrier hexagonal. De jeudi \u00e0 dimanche, les coureurs vont ainsi en d\u00e9coudre sur les routes mayennaises durant quatre jours. Les hostilit\u00e9s d\u00e9butaient ce jeudi en d\u00e9but de soir\u00e9e par un prologue de 5,4 km dans les rues de <strong>Laval<\/strong>. Vainqueur de l&rsquo;\u00e9preuve et de ce prologue en 2024, <strong>Beno\u00eet Cosnefroy<\/strong> (Decathlon AG2R La Mondiale) faisait naturellement figure d&rsquo;\u00e9pouvantail.<\/p>\n<h2 style=\"text-align: justify;\">Thibaud Gruel met tout le monde d&rsquo;accord<\/h2>\n<p style=\"text-align: justify;\">Entre 18h15 et 20h24, les 130 coureurs engag\u00e9s se sont donc succ\u00e9d\u00e9 sur la ligne de d\u00e9part sous un grand soleil. La victoire s&rsquo;\u00e9tant jou\u00e9e en 6:49 l&rsquo;ann\u00e9e derni\u00e8re, ce temps faisait office de r\u00e9f\u00e9rence pour les principaux candidats \u00e0 la victoire aujourd&rsquo;hui. Dans l&rsquo;attente de l&rsquo;arriv\u00e9e des principaux candidats en fin de soir\u00e9e, plusieurs coureurs se sont approch\u00e9s de cette barre, s&rsquo;assurant une solide place. Candidat \u00e0 la victoire, <strong>Benjamin Thomas<\/strong> (Cofidis) est bien pass\u00e9 sous les 7 minutes, sans r\u00e9ussir \u00e0 s&#8217;emparer du meilleur chrono, la faute \u00e0 la belle prestation de<strong> Jordan Labrosse<\/strong> (Decathlon AG2R La Mondiale) en 6:55.<\/p>\n<ul>\n<li style=\"text-align: justify;\"><strong>\u00c0 ce sujet &#8211; <a href=\"https:\/\/dicodusport.fr\/blog\/prologue-boucles-de-la-mayenne-2025-classement-et-resultats\/\">Prologue Boucles de la Mayenne 2025 \u2013 Classement et r\u00e9sultats<\/a><\/strong><\/li>\n<li style=\"text-align: justify;\"><strong>\u00c0 ce sujet &#8211; <a href=\"https:\/\/dicodusport.fr\/blog\/classement-general-boucles-de-la-mayenne-2025\/\">Classement g\u00e9n\u00e9ral Boucles de la Mayenne 2025<\/a><\/strong><\/li>\n<\/ul>\n<p style=\"text-align: justify;\">Malgr\u00e9 tout, les limites ont \u00e9t\u00e9 progressivement repouss\u00e9es. Son co\u00e9quipier <strong>Noa Isidore<\/strong> a \u00e9t\u00e9 le premier \u00e0 faire mieux, avant qu&rsquo;<strong>Arthur Kluckers<\/strong> (Tudor), puis <strong>Rory Townsend<\/strong> (Q36.5) ne s&#8217;emparent de la meilleure marque, en passant \u00e0 6:52. Seulement, les favoris ne s&rsquo;\u00e9taient pas encore \u00e9lanc\u00e9s. Parmi les derniers coureurs en lice, <strong>Thibaud Gruel<\/strong> (Groupama-FDJ) a cartonn\u00e9 en collant plus de six secondes \u00e0 tous ses rivaux ! Derri\u00e8re, <strong>Beno\u00eet Cosnefroy<\/strong> a lui sign\u00e9 le m\u00eame chrono qui lui avait permis de lever les bras l&rsquo;ann\u00e9e derni\u00e8re. Mais cette fois, il doit s&rsquo;incliner pour trois secondes face \u00e0 son jeune compatriote.<\/p>\n<blockquote class=\"twitter-tweet\">\n<p dir=\"ltr\" lang=\"fr\">Thibaud Gruel (<a href=\"https:\/\/twitter.com\/GroupamaFDJ?ref_src=twsrc%5Etfw\">@GroupamaFDJ<\/a>) explose le chrono en 6\u201946\u00b4\u00b406 et remporte le prologue \ud83d\udd25\ud83d\udca8\ud83d\udc4f <a href=\"https:\/\/t.co\/fNT6ZGjLlD\">pic.twitter.com\/fNT6ZGjLlD<\/a><\/p>\n<p>\u2014 Boucles de la Mayenne &#8211; Cr\u00e9dit Mutuel (@boucles53) <a href=\"https:\/\/twitter.com\/boucles53\/status\/1928157489180098691?ref_src=twsrc%5Etfw\">May 29, 2025<\/a><\/p><\/blockquote>\n<p><script async src=\"https:\/\/platform.twitter.com\/widgets.js\" charset=\"utf-8\"><\/script><\/p>\n","protected":false},"excerpt":{"rendered":"<p>BOUCLES DE LA MAYENNE 2025 &#8211; Thibaud Gruel a remport\u00e9 ce jeudi soir le prologue inaugural \u00e0 Laval. Le coureur de la Groupama-FDJ portera demain le premier maillot de leader de l&rsquo;\u00e9preuve.<\/p>\n","protected":false},"author":55,"featured_media":582783,"comment_status":"open","ping_status":"closed","sticky":false,"template":"","format":"standard","meta":{"_acf_changed":false,"_daextam_enable_autolinks":"1","footnotes":""},"categories":[2307,46994],"tags":[8023,16878,3279],"class_list":["post-582679","post","type-post","status-publish","format-standard","has-post-thumbnail","hentry","category-cyclisme","category-cyclisme-sur-route","tag-boucles-de-la-mayenne","tag-breve","tag-groupama-fdj"],"acf":[],"yoast_head":"<!-- This site is optimized with the Yoast SEO Premium plugin v26.7 (Yoast SEO v26.7) - https:\/\/yoast.com\/wordpress\/plugins\/seo\/ -->\n<title>Boucles de la Mayenne 2025 : Thibaud Gruel s&#039;offre le prologue inaugural<\/title>\n<meta name=\"description\" content=\"BOUCLES DE LA MAYENNE 2025 - Thibaud Gruel a remport\u00e9 ce jeudi soir le prologue inaugural disput\u00e9 autour de Laval.\" \/>\n<meta name=\"robots\" content=\"index, follow, max-snippet:-1, max-image-preview:large, max-video-preview:-1\" \/>\n<link rel=\"canonical\" href=\"https:\/\/dicodusport.fr\/blog\/boucles-de-la-mayenne-2025-thibaud-gruel-soffre-le-chrono-inaugural\/\" \/>\n<meta property=\"og:locale\" content=\"fr_FR\" \/>\n<meta property=\"og:type\" content=\"article\" \/>\n<meta property=\"og:title\" content=\"Boucles de la Mayenne 2025 : Thibaud Gruel s&#039;offre le prologue inaugural\" \/>\n<meta property=\"og:description\" content=\"BOUCLES DE LA MAYENNE 2025 - Thibaud Gruel a remport\u00e9 ce jeudi soir le prologue inaugural \u00e0 Laval. Le coureur de la Groupama-FDJ portera demain le premier maillot de leader de l&#039;\u00e9preuve.\" \/>\n<meta property=\"og:url\" content=\"https:\/\/dicodusport.fr\/blog\/boucles-de-la-mayenne-2025-thibaud-gruel-soffre-le-chrono-inaugural\/\" \/>\n<meta property=\"og:site_name\" content=\"Dicodusport\" \/>\n<meta property=\"article:publisher\" content=\"https:\/\/www.facebook.com\/dicodusport\" \/>\n<meta property=\"article:published_time\" content=\"2025-05-29T18:36:31+00:00\" \/>\n<meta property=\"article:modified_time\" content=\"2025-05-29T20:21:36+00:00\" \/>\n<meta property=\"og:image\" content=\"https:\/\/dicodusport.fr\/blog\/wp-content\/uploads\/2025\/05\/Boucles-de-la-Mayenne-2025-Thibaud-Gruel-soffre-le-prologue-inaugural.png\" \/>\n\t<meta property=\"og:image:width\" content=\"1200\" \/>\n\t<meta property=\"og:image:height\" content=\"674\" \/>\n\t<meta property=\"og:image:type\" content=\"image\/png\" \/>\n<meta name=\"author\" content=\"Maxime Cazenave\" \/>\n<meta name=\"twitter:card\" content=\"summary_large_image\" \/>\n<meta name=\"twitter:description\" content=\"BOUCLES DE LA MAYENNE 2025 - Thibaud Gruel a remport\u00e9 ce jeudi soir le prologue inaugural \u00e0 Laval. Le coureur de la Groupama-FDJ portera demain le premier maillot de leader de l&#039;\u00e9preuve.\" \/>\n<meta name=\"twitter:creator\" content=\"@https:\/\/twitter.com\/Maxime_Caze\" \/>\n<meta name=\"twitter:site\" content=\"@dicodusport\" \/>\n<script type=\"application\/ld+json\" class=\"yoast-schema-graph\">{\"@context\":\"https:\/\/schema.org\",\"@graph\":[{\"@type\":\"NewsArticle\",\"@id\":\"https:\/\/dicodusport.fr\/blog\/boucles-de-la-mayenne-2025-thibaud-gruel-soffre-le-chrono-inaugural\/#article\",\"isPartOf\":{\"@id\":\"https:\/\/dicodusport.fr\/blog\/boucles-de-la-mayenne-2025-thibaud-gruel-soffre-le-chrono-inaugural\/\"},\"author\":{\"name\":\"Maxime Cazenave\",\"@id\":\"https:\/\/dicodusport.fr\/blog\/#\/schema\/person\/37def232098a7a5cbab3974a3690abb0\"},\"headline\":\"Boucles de la Mayenne 2025 : Thibaud Gruel s&rsquo;offre le prologue inaugural\",\"datePublished\":\"2025-05-29T18:36:31+00:00\",\"dateModified\":\"2025-05-29T20:21:36+00:00\",\"mainEntityOfPage\":{\"@id\":\"https:\/\/dicodusport.fr\/blog\/boucles-de-la-mayenne-2025-thibaud-gruel-soffre-le-chrono-inaugural\/\"},\"wordCount\":423,\"commentCount\":0,\"publisher\":{\"@id\":\"https:\/\/dicodusport.fr\/blog\/#organization\"},\"image\":{\"@id\":\"https:\/\/dicodusport.fr\/blog\/boucles-de-la-mayenne-2025-thibaud-gruel-soffre-le-chrono-inaugural\/#primaryimage\"},\"thumbnailUrl\":\"https:\/\/dicodusport.fr\/blog\/wp-content\/uploads\/2025\/05\/Boucles-de-la-Mayenne-2025-Thibaud-Gruel-soffre-le-prologue-inaugural.png\",\"keywords\":[\"Boucles de la Mayenne\",\"br\u00e8ve\",\"Groupama FDJ\"],\"articleSection\":[\"Cyclisme\",\"Cyclisme sur route\"],\"inLanguage\":\"fr-FR\",\"potentialAction\":[{\"@type\":\"CommentAction\",\"name\":\"Comment\",\"target\":[\"https:\/\/dicodusport.fr\/blog\/boucles-de-la-mayenne-2025-thibaud-gruel-soffre-le-chrono-inaugural\/#respond\"]}],\"copyrightYear\":\"2025\",\"copyrightHolder\":{\"@id\":\"https:\/\/dicodusport.fr\/blog\/#organization\"}},{\"@type\":\"WebPage\",\"@id\":\"https:\/\/dicodusport.fr\/blog\/boucles-de-la-mayenne-2025-thibaud-gruel-soffre-le-chrono-inaugural\/\",\"url\":\"https:\/\/dicodusport.fr\/blog\/boucles-de-la-mayenne-2025-thibaud-gruel-soffre-le-chrono-inaugural\/\",\"name\":\"Boucles de la Mayenne 2025 : Thibaud Gruel s'offre le prologue inaugural\",\"isPartOf\":{\"@id\":\"https:\/\/dicodusport.fr\/blog\/#website\"},\"primaryImageOfPage\":{\"@id\":\"https:\/\/dicodusport.fr\/blog\/boucles-de-la-mayenne-2025-thibaud-gruel-soffre-le-chrono-inaugural\/#primaryimage\"},\"image\":{\"@id\":\"https:\/\/dicodusport.fr\/blog\/boucles-de-la-mayenne-2025-thibaud-gruel-soffre-le-chrono-inaugural\/#primaryimage\"},\"thumbnailUrl\":\"https:\/\/dicodusport.fr\/blog\/wp-content\/uploads\/2025\/05\/Boucles-de-la-Mayenne-2025-Thibaud-Gruel-soffre-le-prologue-inaugural.png\",\"datePublished\":\"2025-05-29T18:36:31+00:00\",\"dateModified\":\"2025-05-29T20:21:36+00:00\",\"description\":\"BOUCLES DE LA MAYENNE 2025 - Thibaud Gruel a remport\u00e9 ce jeudi soir le prologue inaugural disput\u00e9 autour de Laval.\",\"breadcrumb\":{\"@id\":\"https:\/\/dicodusport.fr\/blog\/boucles-de-la-mayenne-2025-thibaud-gruel-soffre-le-chrono-inaugural\/#breadcrumb\"},\"inLanguage\":\"fr-FR\",\"potentialAction\":[{\"@type\":\"ReadAction\",\"target\":[\"https:\/\/dicodusport.fr\/blog\/boucles-de-la-mayenne-2025-thibaud-gruel-soffre-le-chrono-inaugural\/\"]}]},{\"@type\":\"ImageObject\",\"inLanguage\":\"fr-FR\",\"@id\":\"https:\/\/dicodusport.fr\/blog\/boucles-de-la-mayenne-2025-thibaud-gruel-soffre-le-chrono-inaugural\/#primaryimage\",\"url\":\"https:\/\/dicodusport.fr\/blog\/wp-content\/uploads\/2025\/05\/Boucles-de-la-Mayenne-2025-Thibaud-Gruel-soffre-le-prologue-inaugural.png\",\"contentUrl\":\"https:\/\/dicodusport.fr\/blog\/wp-content\/uploads\/2025\/05\/Boucles-de-la-Mayenne-2025-Thibaud-Gruel-soffre-le-prologue-inaugural.png\",\"width\":1200,\"height\":674,\"caption\":\"Boucles de la Mayenne 2025 Thibaud Gruel s'offre le prologue inaugural\"},{\"@type\":\"BreadcrumbList\",\"@id\":\"https:\/\/dicodusport.fr\/blog\/boucles-de-la-mayenne-2025-thibaud-gruel-soffre-le-chrono-inaugural\/#breadcrumb\",\"itemListElement\":[{\"@type\":\"ListItem\",\"position\":1,\"name\":\"Accueil\",\"item\":\"https:\/\/dicodusport.fr\/blog\/\"},{\"@type\":\"ListItem\",\"position\":2,\"name\":\"Boucles de la Mayenne 2025 : Thibaud Gruel s&rsquo;offre le prologue inaugural\"}]},{\"@type\":\"WebSite\",\"@id\":\"https:\/\/dicodusport.fr\/blog\/#website\",\"url\":\"https:\/\/dicodusport.fr\/blog\/\",\"name\":\"Dicodusport\",\"description\":\"L&#039;encyclop\u00e9die de l&#039;actualit\u00e9 sportive\",\"publisher\":{\"@id\":\"https:\/\/dicodusport.fr\/blog\/#organization\"},\"potentialAction\":[{\"@type\":\"SearchAction\",\"target\":{\"@type\":\"EntryPoint\",\"urlTemplate\":\"https:\/\/dicodusport.fr\/blog\/?s={search_term_string}\"},\"query-input\":{\"@type\":\"PropertyValueSpecification\",\"valueRequired\":true,\"valueName\":\"search_term_string\"}}],\"inLanguage\":\"fr-FR\"},{\"@type\":\"NewsMediaOrganization\",\"@id\":\"https:\/\/dicodusport.fr\/blog\/#organization\",\"name\":\"Dicodusport\",\"url\":\"https:\/\/dicodusport.fr\/blog\/\",\"logo\":{\"@type\":\"ImageObject\",\"inLanguage\":\"fr-FR\",\"@id\":\"https:\/\/dicodusport.fr\/blog\/#\/schema\/logo\/image\/\",\"url\":\"https:\/\/dicodusport.fr\/blog\/wp-content\/uploads\/2020\/06\/cropped-LOGO-DICODUSPORT-2020-SANS-FOND-SANS-TEXTE.png\",\"contentUrl\":\"https:\/\/dicodusport.fr\/blog\/wp-content\/uploads\/2020\/06\/cropped-LOGO-DICODUSPORT-2020-SANS-FOND-SANS-TEXTE.png\",\"width\":512,\"height\":512,\"caption\":\"Dicodusport\"},\"image\":{\"@id\":\"https:\/\/dicodusport.fr\/blog\/#\/schema\/logo\/image\/\"},\"sameAs\":[\"https:\/\/www.facebook.com\/dicodusport\",\"https:\/\/x.com\/dicodusport\",\"https:\/\/www.instagram.com\/dicodusport\/\",\"https:\/\/www.youtube.com\/channel\/UC7V2KZ5sd3htJivAbA4ZG3w\"],\"description\":\"Dicodusport est l'encyclop\u00e9die de l'actualit\u00e9 sportive.\",\"email\":\"bonjour@dicodusport.fr\",\"legalName\":\"DICODUSPORT\",\"foundingDate\":\"2018-01-14\",\"vatID\":\"FR71834470973\",\"taxID\":\"83447097300043\",\"numberOfEmployees\":{\"@type\":\"QuantitativeValue\",\"minValue\":\"1\",\"maxValue\":\"10\"}},{\"@type\":\"Person\",\"@id\":\"https:\/\/dicodusport.fr\/blog\/#\/schema\/person\/37def232098a7a5cbab3974a3690abb0\",\"name\":\"Maxime Cazenave\",\"image\":{\"@type\":\"ImageObject\",\"inLanguage\":\"fr-FR\",\"@id\":\"https:\/\/dicodusport.fr\/blog\/#\/schema\/person\/image\/\",\"url\":\"https:\/\/dicodusport.fr\/blog\/wp-content\/uploads\/2021\/05\/Maxime-Cazenave-150x150.jpg\",\"contentUrl\":\"https:\/\/dicodusport.fr\/blog\/wp-content\/uploads\/2021\/05\/Maxime-Cazenave-150x150.jpg\",\"caption\":\"Maxime Cazenave\"},\"description\":\"Journaliste\/R\u00e9dacteur depuis 2012 - Berc\u00e9 par l\u2019amour des Girondins de Bordeaux, les \u00e9checs de Christophe Moreau sur le Tour de France sous l'\u00e8re Lance Armstrong et le fade-away l\u00e9tal de Dirk Nowitzki, ma passion d\u00e9vorante pour le sport a toujours \u00e9t\u00e9 un pan incontournable de ma vie. Transmettre ma passion \u00e0 l\u2019\u00e9crit a \u00e9t\u00e9 une transition naturelle. Suiveur assidu de basket et de hockey sur glace, je garde toujours un peu de place pour suivre le cyclisme, le football et le maximum de performances fran\u00e7aises.\",\"sameAs\":[\"https:\/\/x.com\/https:\/\/twitter.com\/Maxime_Caze\"],\"url\":\"https:\/\/dicodusport.fr\/blog\/author\/maximec\/\"}]}<\/script>\n<!-- \/ Yoast SEO Premium plugin. -->","yoast_head_json":{"title":"Boucles de la Mayenne 2025 : Thibaud Gruel s'offre le prologue inaugural","description":"BOUCLES DE LA MAYENNE 2025 - Thibaud Gruel a remport\u00e9 ce jeudi soir le prologue inaugural disput\u00e9 autour de Laval.","robots":{"index":"index","follow":"follow","max-snippet":"max-snippet:-1","max-image-preview":"max-image-preview:large","max-video-preview":"max-video-preview:-1"},"canonical":"https:\/\/dicodusport.fr\/blog\/boucles-de-la-mayenne-2025-thibaud-gruel-soffre-le-chrono-inaugural\/","og_locale":"fr_FR","og_type":"article","og_title":"Boucles de la Mayenne 2025 : Thibaud Gruel s'offre le prologue inaugural","og_description":"BOUCLES DE LA MAYENNE 2025 - Thibaud Gruel a remport\u00e9 ce jeudi soir le prologue inaugural \u00e0 Laval. Le coureur de la Groupama-FDJ portera demain le premier maillot de leader de l'\u00e9preuve.","og_url":"https:\/\/dicodusport.fr\/blog\/boucles-de-la-mayenne-2025-thibaud-gruel-soffre-le-chrono-inaugural\/","og_site_name":"Dicodusport","article_publisher":"https:\/\/www.facebook.com\/dicodusport","article_published_time":"2025-05-29T18:36:31+00:00","article_modified_time":"2025-05-29T20:21:36+00:00","og_image":[{"width":1200,"height":674,"url":"https:\/\/dicodusport.fr\/blog\/wp-content\/uploads\/2025\/05\/Boucles-de-la-Mayenne-2025-Thibaud-Gruel-soffre-le-prologue-inaugural.png","type":"image\/png"}],"author":"Maxime Cazenave","twitter_card":"summary_large_image","twitter_description":"BOUCLES DE LA MAYENNE 2025 - Thibaud Gruel a remport\u00e9 ce jeudi soir le prologue inaugural \u00e0 Laval. Le coureur de la Groupama-FDJ portera demain le premier maillot de leader de l'\u00e9preuve.","twitter_creator":"@https:\/\/twitter.com\/Maxime_Caze","twitter_site":"@dicodusport","schema":{"@context":"https:\/\/schema.org","@graph":[{"@type":"NewsArticle","@id":"https:\/\/dicodusport.fr\/blog\/boucles-de-la-mayenne-2025-thibaud-gruel-soffre-le-chrono-inaugural\/#article","isPartOf":{"@id":"https:\/\/dicodusport.fr\/blog\/boucles-de-la-mayenne-2025-thibaud-gruel-soffre-le-chrono-inaugural\/"},"author":{"name":"Maxime Cazenave","@id":"https:\/\/dicodusport.fr\/blog\/#\/schema\/person\/37def232098a7a5cbab3974a3690abb0"},"headline":"Boucles de la Mayenne 2025 : Thibaud Gruel s&rsquo;offre le prologue inaugural","datePublished":"2025-05-29T18:36:31+00:00","dateModified":"2025-05-29T20:21:36+00:00","mainEntityOfPage":{"@id":"https:\/\/dicodusport.fr\/blog\/boucles-de-la-mayenne-2025-thibaud-gruel-soffre-le-chrono-inaugural\/"},"wordCount":423,"commentCount":0,"publisher":{"@id":"https:\/\/dicodusport.fr\/blog\/#organization"},"image":{"@id":"https:\/\/dicodusport.fr\/blog\/boucles-de-la-mayenne-2025-thibaud-gruel-soffre-le-chrono-inaugural\/#primaryimage"},"thumbnailUrl":"https:\/\/dicodusport.fr\/blog\/wp-content\/uploads\/2025\/05\/Boucles-de-la-Mayenne-2025-Thibaud-Gruel-soffre-le-prologue-inaugural.png","keywords":["Boucles de la Mayenne","br\u00e8ve","Groupama FDJ"],"articleSection":["Cyclisme","Cyclisme sur route"],"inLanguage":"fr-FR","potentialAction":[{"@type":"CommentAction","name":"Comment","target":["https:\/\/dicodusport.fr\/blog\/boucles-de-la-mayenne-2025-thibaud-gruel-soffre-le-chrono-inaugural\/#respond"]}],"copyrightYear":"2025","copyrightHolder":{"@id":"https:\/\/dicodusport.fr\/blog\/#organization"}},{"@type":"WebPage","@id":"https:\/\/dicodusport.fr\/blog\/boucles-de-la-mayenne-2025-thibaud-gruel-soffre-le-chrono-inaugural\/","url":"https:\/\/dicodusport.fr\/blog\/boucles-de-la-mayenne-2025-thibaud-gruel-soffre-le-chrono-inaugural\/","name":"Boucles de la Mayenne 2025 : Thibaud Gruel s'offre le prologue inaugural","isPartOf":{"@id":"https:\/\/dicodusport.fr\/blog\/#website"},"primaryImageOfPage":{"@id":"https:\/\/dicodusport.fr\/blog\/boucles-de-la-mayenne-2025-thibaud-gruel-soffre-le-chrono-inaugural\/#primaryimage"},"image":{"@id":"https:\/\/dicodusport.fr\/blog\/boucles-de-la-mayenne-2025-thibaud-gruel-soffre-le-chrono-inaugural\/#primaryimage"},"thumbnailUrl":"https:\/\/dicodusport.fr\/blog\/wp-content\/uploads\/2025\/05\/Boucles-de-la-Mayenne-2025-Thibaud-Gruel-soffre-le-prologue-inaugural.png","datePublished":"2025-05-29T18:36:31+00:00","dateModified":"2025-05-29T20:21:36+00:00","description":"BOUCLES DE LA MAYENNE 2025 - Thibaud Gruel a remport\u00e9 ce jeudi soir le prologue inaugural disput\u00e9 autour de Laval.","breadcrumb":{"@id":"https:\/\/dicodusport.fr\/blog\/boucles-de-la-mayenne-2025-thibaud-gruel-soffre-le-chrono-inaugural\/#breadcrumb"},"inLanguage":"fr-FR","potentialAction":[{"@type":"ReadAction","target":["https:\/\/dicodusport.fr\/blog\/boucles-de-la-mayenne-2025-thibaud-gruel-soffre-le-chrono-inaugural\/"]}]},{"@type":"ImageObject","inLanguage":"fr-FR","@id":"https:\/\/dicodusport.fr\/blog\/boucles-de-la-mayenne-2025-thibaud-gruel-soffre-le-chrono-inaugural\/#primaryimage","url":"https:\/\/dicodusport.fr\/blog\/wp-content\/uploads\/2025\/05\/Boucles-de-la-Mayenne-2025-Thibaud-Gruel-soffre-le-prologue-inaugural.png","contentUrl":"https:\/\/dicodusport.fr\/blog\/wp-content\/uploads\/2025\/05\/Boucles-de-la-Mayenne-2025-Thibaud-Gruel-soffre-le-prologue-inaugural.png","width":1200,"height":674,"caption":"Boucles de la Mayenne 2025 Thibaud Gruel s'offre le prologue inaugural"},{"@type":"BreadcrumbList","@id":"https:\/\/dicodusport.fr\/blog\/boucles-de-la-mayenne-2025-thibaud-gruel-soffre-le-chrono-inaugural\/#breadcrumb","itemListElement":[{"@type":"ListItem","position":1,"name":"Accueil","item":"https:\/\/dicodusport.fr\/blog\/"},{"@type":"ListItem","position":2,"name":"Boucles de la Mayenne 2025 : Thibaud Gruel s&rsquo;offre le prologue inaugural"}]},{"@type":"WebSite","@id":"https:\/\/dicodusport.fr\/blog\/#website","url":"https:\/\/dicodusport.fr\/blog\/","name":"Dicodusport","description":"L&#039;encyclop\u00e9die de l&#039;actualit\u00e9 sportive","publisher":{"@id":"https:\/\/dicodusport.fr\/blog\/#organization"},"potentialAction":[{"@type":"SearchAction","target":{"@type":"EntryPoint","urlTemplate":"https:\/\/dicodusport.fr\/blog\/?s={search_term_string}"},"query-input":{"@type":"PropertyValueSpecification","valueRequired":true,"valueName":"search_term_string"}}],"inLanguage":"fr-FR"},{"@type":"NewsMediaOrganization","@id":"https:\/\/dicodusport.fr\/blog\/#organization","name":"Dicodusport","url":"https:\/\/dicodusport.fr\/blog\/","logo":{"@type":"ImageObject","inLanguage":"fr-FR","@id":"https:\/\/dicodusport.fr\/blog\/#\/schema\/logo\/image\/","url":"https:\/\/dicodusport.fr\/blog\/wp-content\/uploads\/2020\/06\/cropped-LOGO-DICODUSPORT-2020-SANS-FOND-SANS-TEXTE.png","contentUrl":"https:\/\/dicodusport.fr\/blog\/wp-content\/uploads\/2020\/06\/cropped-LOGO-DICODUSPORT-2020-SANS-FOND-SANS-TEXTE.png","width":512,"height":512,"caption":"Dicodusport"},"image":{"@id":"https:\/\/dicodusport.fr\/blog\/#\/schema\/logo\/image\/"},"sameAs":["https:\/\/www.facebook.com\/dicodusport","https:\/\/x.com\/dicodusport","https:\/\/www.instagram.com\/dicodusport\/","https:\/\/www.youtube.com\/channel\/UC7V2KZ5sd3htJivAbA4ZG3w"],"description":"Dicodusport est l'encyclop\u00e9die de l'actualit\u00e9 sportive.","email":"bonjour@dicodusport.fr","legalName":"DICODUSPORT","foundingDate":"2018-01-14","vatID":"FR71834470973","taxID":"83447097300043","numberOfEmployees":{"@type":"QuantitativeValue","minValue":"1","maxValue":"10"}},{"@type":"Person","@id":"https:\/\/dicodusport.fr\/blog\/#\/schema\/person\/37def232098a7a5cbab3974a3690abb0","name":"Maxime Cazenave","image":{"@type":"ImageObject","inLanguage":"fr-FR","@id":"https:\/\/dicodusport.fr\/blog\/#\/schema\/person\/image\/","url":"https:\/\/dicodusport.fr\/blog\/wp-content\/uploads\/2021\/05\/Maxime-Cazenave-150x150.jpg","contentUrl":"https:\/\/dicodusport.fr\/blog\/wp-content\/uploads\/2021\/05\/Maxime-Cazenave-150x150.jpg","caption":"Maxime Cazenave"},"description":"Journaliste\/R\u00e9dacteur depuis 2012 - Berc\u00e9 par l\u2019amour des Girondins de Bordeaux, les \u00e9checs de Christophe Moreau sur le Tour de France sous l'\u00e8re Lance Armstrong et le fade-away l\u00e9tal de Dirk Nowitzki, ma passion d\u00e9vorante pour le sport a toujours \u00e9t\u00e9 un pan incontournable de ma vie. Transmettre ma passion \u00e0 l\u2019\u00e9crit a \u00e9t\u00e9 une transition naturelle. Suiveur assidu de basket et de hockey sur glace, je garde toujours un peu de place pour suivre le cyclisme, le football et le maximum de performances fran\u00e7aises.","sameAs":["https:\/\/x.com\/https:\/\/twitter.com\/Maxime_Caze"],"url":"https:\/\/dicodusport.fr\/blog\/author\/maximec\/"}]}},"_links":{"self":[{"href":"https:\/\/dicodusport.fr\/blog\/wp-json\/wp\/v2\/posts\/582679","targetHints":{"allow":["GET"]}}],"collection":[{"href":"https:\/\/dicodusport.fr\/blog\/wp-json\/wp\/v2\/posts"}],"about":[{"href":"https:\/\/dicodusport.fr\/blog\/wp-json\/wp\/v2\/types\/post"}],"author":[{"embeddable":true,"href":"https:\/\/dicodusport.fr\/blog\/wp-json\/wp\/v2\/users\/55"}],"replies":[{"embeddable":true,"href":"https:\/\/dicodusport.fr\/blog\/wp-json\/wp\/v2\/comments?post=582679"}],"version-history":[{"count":5,"href":"https:\/\/dicodusport.fr\/blog\/wp-json\/wp\/v2\/posts\/582679\/revisions"}],"predecessor-version":[{"id":582764,"href":"https:\/\/dicodusport.fr\/blog\/wp-json\/wp\/v2\/posts\/582679\/revisions\/582764"}],"wp:featuredmedia":[{"embeddable":true,"href":"https:\/\/dicodusport.fr\/blog\/wp-json\/wp\/v2\/media\/582783"}],"wp:attachment":[{"href":"https:\/\/dicodusport.fr\/blog\/wp-json\/wp\/v2\/media?parent=582679"}],"wp:term":[{"taxonomy":"category","embeddable":true,"href":"https:\/\/dicodusport.fr\/blog\/wp-json\/wp\/v2\/categories?post=582679"},{"taxonomy":"post_tag","embeddable":true,"href":"https:\/\/dicodusport.fr\/blog\/wp-json\/wp\/v2\/tags?post=582679"}],"curies":[{"name":"wp","href":"https:\/\/api.w.org\/{rel}","templated":true}]}}