{"id":582683,"date":"2025-05-29T17:59:23","date_gmt":"2025-05-29T15:59:23","guid":{"rendered":"https:\/\/dicodusport.fr\/blog\/?p=582683&#038;preview=true&#038;preview_id=582683"},"modified":"2025-05-29T18:41:27","modified_gmt":"2025-05-29T16:41:27","slug":"carnet-noir-deces-de-ludo-dierckxsens-lancien-champion-de-belgique-de-cyclisme","status":"publish","type":"post","link":"https:\/\/dicodusport.fr\/blog\/carnet-noir-deces-de-ludo-dierckxsens-lancien-champion-de-belgique-de-cyclisme\/","title":{"rendered":"Carnet noir : D\u00e9c\u00e8s de Ludo Dierckxsens, l&rsquo;ancien champion de Belgique de cyclisme"},"content":{"rendered":"<p style=\"text-align: justify;\"><strong><em>CARNET NOIR &#8211; Champion de Belgique et vainqueur d&rsquo;une \u00e9tape du Tour de France en 1999, l&rsquo;ancien coureur Ludo Dierckxsens s&rsquo;est \u00e9teint ce jeudi, \u00e0 l&rsquo;\u00e2ge de 60 ans.<\/em><\/strong><\/p>\n<ul>\n<li><strong>\u00c0 ce sujet &#8211; <a href=\"https:\/\/dicodusport.fr\/blog\/actualites\/cyclisme\/cyclisme-sur-route-2025\/\">Toute l&rsquo;actualit\u00e9 du cyclisme sur route<\/a><\/strong><\/li>\n<\/ul>\n<p style=\"text-align: justify;\">C&rsquo;est une triste nouvelle qui est arriv\u00e9e en provenance des Pays-Bas ce jeudi. Alors qu&rsquo;il participait \u00e0 la <em>Kom Op Tegen Kanker<\/em>, une course de 1000 km dans le cadre de la lutte contre le cancer, <strong>Ludo Dierckxsens<\/strong> a perdu la vie. Selon le journal hollandais <em>Het Laatste Nieuws<\/em>, l&rsquo;ancien coureur s&rsquo;est soudainement senti mal. Avant m\u00eame que les secours puissent intervenir, le Belge avait d\u00e9j\u00e0 rendu son dernier souffle.<\/p>\n<h2 style=\"text-align: justify;\">Ludo Dierckxsens, la sensation de l&rsquo;ann\u00e9e 1999<\/h2>\n<p style=\"text-align: justify;\">Le cyclisme belge pleure donc l\u00e0 un gar\u00e7on qui a connu une solide <strong>carri\u00e8re professionnelle de plus de dix ans, entre 1994 et 2005<\/strong>. Une belle long\u00e9vit\u00e9 puisqu&rsquo;il avait int\u00e9gr\u00e9 une \u00e9quipe professionnelle sur le tard, \u00e0 l&rsquo;\u00e2ge de 29 ans. Lanc\u00e9 dans le grand bain par la formation Saxon-Selle Italia, il a d&rsquo;abord connu plusieurs \u00e9quipes, se forgeant au passage un palmar\u00e8s solide sur les \u00e9preuves belges en raflant chaque ann\u00e9e \u00e0 minima une victoire. Avant de conna\u00eetre son apog\u00e9e lors de l&rsquo;ann\u00e9e <strong>1999<\/strong>, sous les couleurs de l&rsquo;\u00e9quipe italienne <strong>Lampre<\/strong>.<\/p>\n<p style=\"text-align: justify;\">Dans la forme de sa vie, il a connu un \u00e9t\u00e9 \u00e0 rebondissements. Sacr\u00e9 <strong>champion de Belgique<\/strong> sur la course en ligne, il a ensuite confirm\u00e9 sur les routes du <strong>Tour de France<\/strong> en raflant la <strong>11\u00e8me \u00e9tape en solitaire<\/strong>, entre Le Bourg-d&rsquo;Oisans et Saint-\u00c9tienne. Un succ\u00e8s qui avait ensuite \u00e9t\u00e9 entach\u00e9 par une affaire de dopage, ayant entra\u00een\u00e9 son retrait de la course, et six mois de suspension. Sans que la victoire lui soit retir\u00e9e. Il a ensuite continu\u00e9 de s&rsquo;illustrer spontan\u00e9ment, avec notamment des Tops 10 sur Paris-Roubaix et le Tour des Flandres en 2001.<\/p>\n<p style=\"text-align: justify;\">Retir\u00e9 du peloton professionnel \u00e0 plus de 40 ans en 2005, il aura marqu\u00e9 une g\u00e9n\u00e9ration par ses performances, mais aussi un sourire permanent.<\/p>\n<blockquote class=\"twitter-tweet\">\n<p dir=\"ltr\" lang=\"fr\">Champion de Belgique 1999 et vainqueur d&rsquo;une \u00e9tape du Tour de France la m\u00eame ann\u00e9e, Ludo Dierckxsens est d\u00e9c\u00e9d\u00e9 ce jeudi \u00e0 l&rsquo;\u00e2ge de 60 ans. Il n&rsquo;a pas pu \u00eatre r\u00e9anim\u00e9 apr\u00e8s un malaise, alors qu&rsquo;il participait \u00e0 une course (contre le cancer).<br \/>\n\ud83d\udcf7PhotoNews <a href=\"https:\/\/t.co\/7NsRoiojEf\">pic.twitter.com\/7NsRoiojEf<\/a><\/p>\n<p>\u2014 Le Gruppetto (@LeGruppetto) <a href=\"https:\/\/twitter.com\/LeGruppetto\/status\/1928113173887959162?ref_src=twsrc%5Etfw\">May 29, 2025<\/a><\/p><\/blockquote>\n<p><script async src=\"https:\/\/platform.twitter.com\/widgets.js\" charset=\"utf-8\"><\/script><\/p>\n","protected":false},"excerpt":{"rendered":"<p>CARNET NOIR &#8211; Champion de Belgique et vainqueur d&rsquo;une \u00e9tape du Tour de France en 1999, l&rsquo;ancien coureur Ludo Dierckxsens s&rsquo;est \u00e9teint ce jeudi, \u00e0 l&rsquo;\u00e2ge de 60 ans.<\/p>\n","protected":false},"author":55,"featured_media":582684,"comment_status":"open","ping_status":"closed","sticky":false,"template":"","format":"standard","meta":{"_acf_changed":false,"_daextam_enable_autolinks":"1","footnotes":""},"categories":[12712,2307],"tags":[16878,8716,574],"class_list":["post-582683","post","type-post","status-publish","format-standard","has-post-thumbnail","hentry","category-carnet-noir","category-cyclisme","tag-breve","tag-carnet-noir","tag-cyclisme"],"acf":[],"yoast_head":"<!-- This site is optimized with the Yoast SEO Premium plugin v26.7 (Yoast SEO v26.7) - https:\/\/yoast.com\/wordpress\/plugins\/seo\/ -->\n<title>Carnet noir : D\u00e9c\u00e8s de Ludo Dierckxsens, l&#039;ancien champion de Belgique de cyclisme<\/title>\n<meta name=\"description\" content=\"CARNET NOIR - Champion de Belgique et vainqueur d&#039;une \u00e9tape du Tour de France en 1999, Ludo Dierckxsens s&#039;est \u00e9teint ce jeudi.\" \/>\n<meta name=\"robots\" content=\"index, follow, max-snippet:-1, max-image-preview:large, max-video-preview:-1\" \/>\n<link rel=\"canonical\" href=\"https:\/\/dicodusport.fr\/blog\/carnet-noir-deces-de-ludo-dierckxsens-lancien-champion-de-belgique-de-cyclisme\/\" \/>\n<meta property=\"og:locale\" content=\"fr_FR\" \/>\n<meta property=\"og:type\" content=\"article\" \/>\n<meta property=\"og:title\" content=\"Carnet noir : D\u00e9c\u00e8s de Ludo Dierckxsens, l&#039;ancien champion de Belgique de cyclisme\" \/>\n<meta property=\"og:description\" content=\"CARNET NOIR - Champion de Belgique et vainqueur d&#039;une \u00e9tape du Tour de France en 1999, l&#039;ancien coureur Ludo Dierckxsens s&#039;est \u00e9teint ce jeudi, \u00e0 l&#039;\u00e2ge de 60 ans.\" \/>\n<meta property=\"og:url\" content=\"https:\/\/dicodusport.fr\/blog\/carnet-noir-deces-de-ludo-dierckxsens-lancien-champion-de-belgique-de-cyclisme\/\" \/>\n<meta property=\"og:site_name\" content=\"Dicodusport\" \/>\n<meta property=\"article:publisher\" content=\"https:\/\/www.facebook.com\/dicodusport\" \/>\n<meta property=\"article:published_time\" content=\"2025-05-29T15:59:23+00:00\" \/>\n<meta property=\"article:modified_time\" content=\"2025-05-29T16:41:27+00:00\" \/>\n<meta property=\"og:image\" content=\"https:\/\/dicodusport.fr\/blog\/wp-content\/uploads\/2025\/05\/Carnet-noir-Deces-de-Ludo-Dierckxsens-lancien-champion-de-Belgique-de-cyclisme.png\" \/>\n\t<meta property=\"og:image:width\" content=\"1200\" \/>\n\t<meta property=\"og:image:height\" content=\"674\" \/>\n\t<meta property=\"og:image:type\" content=\"image\/png\" \/>\n<meta name=\"author\" content=\"Maxime Cazenave\" \/>\n<meta name=\"twitter:card\" content=\"summary_large_image\" \/>\n<meta name=\"twitter:description\" content=\"CARNET NOIR - Champion de Belgique et vainqueur d&#039;une \u00e9tape du Tour de France en 1999, l&#039;ancien coureur Ludo Dierckxsens s&#039;est \u00e9teint ce jeudi, \u00e0 l&#039;\u00e2ge de 60 ans.\" \/>\n<meta name=\"twitter:creator\" content=\"@https:\/\/twitter.com\/Maxime_Caze\" \/>\n<meta name=\"twitter:site\" content=\"@dicodusport\" \/>\n<script type=\"application\/ld+json\" class=\"yoast-schema-graph\">{\"@context\":\"https:\/\/schema.org\",\"@graph\":[{\"@type\":\"NewsArticle\",\"@id\":\"https:\/\/dicodusport.fr\/blog\/carnet-noir-deces-de-ludo-dierckxsens-lancien-champion-de-belgique-de-cyclisme\/#article\",\"isPartOf\":{\"@id\":\"https:\/\/dicodusport.fr\/blog\/carnet-noir-deces-de-ludo-dierckxsens-lancien-champion-de-belgique-de-cyclisme\/\"},\"author\":{\"name\":\"Maxime Cazenave\",\"@id\":\"https:\/\/dicodusport.fr\/blog\/#\/schema\/person\/37def232098a7a5cbab3974a3690abb0\"},\"headline\":\"Carnet noir : D\u00e9c\u00e8s de Ludo Dierckxsens, l&rsquo;ancien champion de Belgique de cyclisme\",\"datePublished\":\"2025-05-29T15:59:23+00:00\",\"dateModified\":\"2025-05-29T16:41:27+00:00\",\"mainEntityOfPage\":{\"@id\":\"https:\/\/dicodusport.fr\/blog\/carnet-noir-deces-de-ludo-dierckxsens-lancien-champion-de-belgique-de-cyclisme\/\"},\"wordCount\":421,\"commentCount\":0,\"publisher\":{\"@id\":\"https:\/\/dicodusport.fr\/blog\/#organization\"},\"image\":{\"@id\":\"https:\/\/dicodusport.fr\/blog\/carnet-noir-deces-de-ludo-dierckxsens-lancien-champion-de-belgique-de-cyclisme\/#primaryimage\"},\"thumbnailUrl\":\"https:\/\/dicodusport.fr\/blog\/wp-content\/uploads\/2025\/05\/Carnet-noir-Deces-de-Ludo-Dierckxsens-lancien-champion-de-Belgique-de-cyclisme.png\",\"keywords\":[\"br\u00e8ve\",\"Carnet noir\",\"Cyclisme\"],\"articleSection\":[\"Carnet noir\",\"Cyclisme\"],\"inLanguage\":\"fr-FR\",\"potentialAction\":[{\"@type\":\"CommentAction\",\"name\":\"Comment\",\"target\":[\"https:\/\/dicodusport.fr\/blog\/carnet-noir-deces-de-ludo-dierckxsens-lancien-champion-de-belgique-de-cyclisme\/#respond\"]}],\"copyrightYear\":\"2025\",\"copyrightHolder\":{\"@id\":\"https:\/\/dicodusport.fr\/blog\/#organization\"}},{\"@type\":\"WebPage\",\"@id\":\"https:\/\/dicodusport.fr\/blog\/carnet-noir-deces-de-ludo-dierckxsens-lancien-champion-de-belgique-de-cyclisme\/\",\"url\":\"https:\/\/dicodusport.fr\/blog\/carnet-noir-deces-de-ludo-dierckxsens-lancien-champion-de-belgique-de-cyclisme\/\",\"name\":\"Carnet noir : D\u00e9c\u00e8s de Ludo Dierckxsens, l'ancien champion de Belgique de cyclisme\",\"isPartOf\":{\"@id\":\"https:\/\/dicodusport.fr\/blog\/#website\"},\"primaryImageOfPage\":{\"@id\":\"https:\/\/dicodusport.fr\/blog\/carnet-noir-deces-de-ludo-dierckxsens-lancien-champion-de-belgique-de-cyclisme\/#primaryimage\"},\"image\":{\"@id\":\"https:\/\/dicodusport.fr\/blog\/carnet-noir-deces-de-ludo-dierckxsens-lancien-champion-de-belgique-de-cyclisme\/#primaryimage\"},\"thumbnailUrl\":\"https:\/\/dicodusport.fr\/blog\/wp-content\/uploads\/2025\/05\/Carnet-noir-Deces-de-Ludo-Dierckxsens-lancien-champion-de-Belgique-de-cyclisme.png\",\"datePublished\":\"2025-05-29T15:59:23+00:00\",\"dateModified\":\"2025-05-29T16:41:27+00:00\",\"description\":\"CARNET NOIR - Champion de Belgique et vainqueur d'une \u00e9tape du Tour de France en 1999, Ludo Dierckxsens s'est \u00e9teint ce jeudi.\",\"breadcrumb\":{\"@id\":\"https:\/\/dicodusport.fr\/blog\/carnet-noir-deces-de-ludo-dierckxsens-lancien-champion-de-belgique-de-cyclisme\/#breadcrumb\"},\"inLanguage\":\"fr-FR\",\"potentialAction\":[{\"@type\":\"ReadAction\",\"target\":[\"https:\/\/dicodusport.fr\/blog\/carnet-noir-deces-de-ludo-dierckxsens-lancien-champion-de-belgique-de-cyclisme\/\"]}]},{\"@type\":\"ImageObject\",\"inLanguage\":\"fr-FR\",\"@id\":\"https:\/\/dicodusport.fr\/blog\/carnet-noir-deces-de-ludo-dierckxsens-lancien-champion-de-belgique-de-cyclisme\/#primaryimage\",\"url\":\"https:\/\/dicodusport.fr\/blog\/wp-content\/uploads\/2025\/05\/Carnet-noir-Deces-de-Ludo-Dierckxsens-lancien-champion-de-Belgique-de-cyclisme.png\",\"contentUrl\":\"https:\/\/dicodusport.fr\/blog\/wp-content\/uploads\/2025\/05\/Carnet-noir-Deces-de-Ludo-Dierckxsens-lancien-champion-de-Belgique-de-cyclisme.png\",\"width\":1200,\"height\":674,\"caption\":\"Carnet noir : D\u00e9c\u00e8s de Ludo Dierckxsens, l'ancien champion de Belgique de cyclisme\"},{\"@type\":\"BreadcrumbList\",\"@id\":\"https:\/\/dicodusport.fr\/blog\/carnet-noir-deces-de-ludo-dierckxsens-lancien-champion-de-belgique-de-cyclisme\/#breadcrumb\",\"itemListElement\":[{\"@type\":\"ListItem\",\"position\":1,\"name\":\"Accueil\",\"item\":\"https:\/\/dicodusport.fr\/blog\/\"},{\"@type\":\"ListItem\",\"position\":2,\"name\":\"Carnet noir : D\u00e9c\u00e8s de Ludo Dierckxsens, l&rsquo;ancien champion de Belgique de cyclisme\"}]},{\"@type\":\"WebSite\",\"@id\":\"https:\/\/dicodusport.fr\/blog\/#website\",\"url\":\"https:\/\/dicodusport.fr\/blog\/\",\"name\":\"Dicodusport\",\"description\":\"L&#039;encyclop\u00e9die de l&#039;actualit\u00e9 sportive\",\"publisher\":{\"@id\":\"https:\/\/dicodusport.fr\/blog\/#organization\"},\"potentialAction\":[{\"@type\":\"SearchAction\",\"target\":{\"@type\":\"EntryPoint\",\"urlTemplate\":\"https:\/\/dicodusport.fr\/blog\/?s={search_term_string}\"},\"query-input\":{\"@type\":\"PropertyValueSpecification\",\"valueRequired\":true,\"valueName\":\"search_term_string\"}}],\"inLanguage\":\"fr-FR\"},{\"@type\":\"NewsMediaOrganization\",\"@id\":\"https:\/\/dicodusport.fr\/blog\/#organization\",\"name\":\"Dicodusport\",\"url\":\"https:\/\/dicodusport.fr\/blog\/\",\"logo\":{\"@type\":\"ImageObject\",\"inLanguage\":\"fr-FR\",\"@id\":\"https:\/\/dicodusport.fr\/blog\/#\/schema\/logo\/image\/\",\"url\":\"https:\/\/dicodusport.fr\/blog\/wp-content\/uploads\/2020\/06\/cropped-LOGO-DICODUSPORT-2020-SANS-FOND-SANS-TEXTE.png\",\"contentUrl\":\"https:\/\/dicodusport.fr\/blog\/wp-content\/uploads\/2020\/06\/cropped-LOGO-DICODUSPORT-2020-SANS-FOND-SANS-TEXTE.png\",\"width\":512,\"height\":512,\"caption\":\"Dicodusport\"},\"image\":{\"@id\":\"https:\/\/dicodusport.fr\/blog\/#\/schema\/logo\/image\/\"},\"sameAs\":[\"https:\/\/www.facebook.com\/dicodusport\",\"https:\/\/x.com\/dicodusport\",\"https:\/\/www.instagram.com\/dicodusport\/\",\"https:\/\/www.youtube.com\/channel\/UC7V2KZ5sd3htJivAbA4ZG3w\"],\"description\":\"Dicodusport est l'encyclop\u00e9die de l'actualit\u00e9 sportive.\",\"email\":\"bonjour@dicodusport.fr\",\"legalName\":\"DICODUSPORT\",\"foundingDate\":\"2018-01-14\",\"vatID\":\"FR71834470973\",\"taxID\":\"83447097300043\",\"numberOfEmployees\":{\"@type\":\"QuantitativeValue\",\"minValue\":\"1\",\"maxValue\":\"10\"}},{\"@type\":\"Person\",\"@id\":\"https:\/\/dicodusport.fr\/blog\/#\/schema\/person\/37def232098a7a5cbab3974a3690abb0\",\"name\":\"Maxime Cazenave\",\"image\":{\"@type\":\"ImageObject\",\"inLanguage\":\"fr-FR\",\"@id\":\"https:\/\/dicodusport.fr\/blog\/#\/schema\/person\/image\/\",\"url\":\"https:\/\/dicodusport.fr\/blog\/wp-content\/uploads\/2021\/05\/Maxime-Cazenave-150x150.jpg\",\"contentUrl\":\"https:\/\/dicodusport.fr\/blog\/wp-content\/uploads\/2021\/05\/Maxime-Cazenave-150x150.jpg\",\"caption\":\"Maxime Cazenave\"},\"description\":\"Journaliste\/R\u00e9dacteur depuis 2012 - Berc\u00e9 par l\u2019amour des Girondins de Bordeaux, les \u00e9checs de Christophe Moreau sur le Tour de France sous l'\u00e8re Lance Armstrong et le fade-away l\u00e9tal de Dirk Nowitzki, ma passion d\u00e9vorante pour le sport a toujours \u00e9t\u00e9 un pan incontournable de ma vie. Transmettre ma passion \u00e0 l\u2019\u00e9crit a \u00e9t\u00e9 une transition naturelle. Suiveur assidu de basket et de hockey sur glace, je garde toujours un peu de place pour suivre le cyclisme, le football et le maximum de performances fran\u00e7aises.\",\"sameAs\":[\"https:\/\/x.com\/https:\/\/twitter.com\/Maxime_Caze\"],\"url\":\"https:\/\/dicodusport.fr\/blog\/author\/maximec\/\"}]}<\/script>\n<!-- \/ Yoast SEO Premium plugin. -->","yoast_head_json":{"title":"Carnet noir : D\u00e9c\u00e8s de Ludo Dierckxsens, l'ancien champion de Belgique de cyclisme","description":"CARNET NOIR - Champion de Belgique et vainqueur d'une \u00e9tape du Tour de France en 1999, Ludo Dierckxsens s'est \u00e9teint ce jeudi.","robots":{"index":"index","follow":"follow","max-snippet":"max-snippet:-1","max-image-preview":"max-image-preview:large","max-video-preview":"max-video-preview:-1"},"canonical":"https:\/\/dicodusport.fr\/blog\/carnet-noir-deces-de-ludo-dierckxsens-lancien-champion-de-belgique-de-cyclisme\/","og_locale":"fr_FR","og_type":"article","og_title":"Carnet noir : D\u00e9c\u00e8s de Ludo Dierckxsens, l'ancien champion de Belgique de cyclisme","og_description":"CARNET NOIR - Champion de Belgique et vainqueur d'une \u00e9tape du Tour de France en 1999, l'ancien coureur Ludo Dierckxsens s'est \u00e9teint ce jeudi, \u00e0 l'\u00e2ge de 60 ans.","og_url":"https:\/\/dicodusport.fr\/blog\/carnet-noir-deces-de-ludo-dierckxsens-lancien-champion-de-belgique-de-cyclisme\/","og_site_name":"Dicodusport","article_publisher":"https:\/\/www.facebook.com\/dicodusport","article_published_time":"2025-05-29T15:59:23+00:00","article_modified_time":"2025-05-29T16:41:27+00:00","og_image":[{"width":1200,"height":674,"url":"https:\/\/dicodusport.fr\/blog\/wp-content\/uploads\/2025\/05\/Carnet-noir-Deces-de-Ludo-Dierckxsens-lancien-champion-de-Belgique-de-cyclisme.png","type":"image\/png"}],"author":"Maxime Cazenave","twitter_card":"summary_large_image","twitter_description":"CARNET NOIR - Champion de Belgique et vainqueur d'une \u00e9tape du Tour de France en 1999, l'ancien coureur Ludo Dierckxsens s'est \u00e9teint ce jeudi, \u00e0 l'\u00e2ge de 60 ans.","twitter_creator":"@https:\/\/twitter.com\/Maxime_Caze","twitter_site":"@dicodusport","schema":{"@context":"https:\/\/schema.org","@graph":[{"@type":"NewsArticle","@id":"https:\/\/dicodusport.fr\/blog\/carnet-noir-deces-de-ludo-dierckxsens-lancien-champion-de-belgique-de-cyclisme\/#article","isPartOf":{"@id":"https:\/\/dicodusport.fr\/blog\/carnet-noir-deces-de-ludo-dierckxsens-lancien-champion-de-belgique-de-cyclisme\/"},"author":{"name":"Maxime Cazenave","@id":"https:\/\/dicodusport.fr\/blog\/#\/schema\/person\/37def232098a7a5cbab3974a3690abb0"},"headline":"Carnet noir : D\u00e9c\u00e8s de Ludo Dierckxsens, l&rsquo;ancien champion de Belgique de cyclisme","datePublished":"2025-05-29T15:59:23+00:00","dateModified":"2025-05-29T16:41:27+00:00","mainEntityOfPage":{"@id":"https:\/\/dicodusport.fr\/blog\/carnet-noir-deces-de-ludo-dierckxsens-lancien-champion-de-belgique-de-cyclisme\/"},"wordCount":421,"commentCount":0,"publisher":{"@id":"https:\/\/dicodusport.fr\/blog\/#organization"},"image":{"@id":"https:\/\/dicodusport.fr\/blog\/carnet-noir-deces-de-ludo-dierckxsens-lancien-champion-de-belgique-de-cyclisme\/#primaryimage"},"thumbnailUrl":"https:\/\/dicodusport.fr\/blog\/wp-content\/uploads\/2025\/05\/Carnet-noir-Deces-de-Ludo-Dierckxsens-lancien-champion-de-Belgique-de-cyclisme.png","keywords":["br\u00e8ve","Carnet noir","Cyclisme"],"articleSection":["Carnet noir","Cyclisme"],"inLanguage":"fr-FR","potentialAction":[{"@type":"CommentAction","name":"Comment","target":["https:\/\/dicodusport.fr\/blog\/carnet-noir-deces-de-ludo-dierckxsens-lancien-champion-de-belgique-de-cyclisme\/#respond"]}],"copyrightYear":"2025","copyrightHolder":{"@id":"https:\/\/dicodusport.fr\/blog\/#organization"}},{"@type":"WebPage","@id":"https:\/\/dicodusport.fr\/blog\/carnet-noir-deces-de-ludo-dierckxsens-lancien-champion-de-belgique-de-cyclisme\/","url":"https:\/\/dicodusport.fr\/blog\/carnet-noir-deces-de-ludo-dierckxsens-lancien-champion-de-belgique-de-cyclisme\/","name":"Carnet noir : D\u00e9c\u00e8s de Ludo Dierckxsens, l'ancien champion de Belgique de cyclisme","isPartOf":{"@id":"https:\/\/dicodusport.fr\/blog\/#website"},"primaryImageOfPage":{"@id":"https:\/\/dicodusport.fr\/blog\/carnet-noir-deces-de-ludo-dierckxsens-lancien-champion-de-belgique-de-cyclisme\/#primaryimage"},"image":{"@id":"https:\/\/dicodusport.fr\/blog\/carnet-noir-deces-de-ludo-dierckxsens-lancien-champion-de-belgique-de-cyclisme\/#primaryimage"},"thumbnailUrl":"https:\/\/dicodusport.fr\/blog\/wp-content\/uploads\/2025\/05\/Carnet-noir-Deces-de-Ludo-Dierckxsens-lancien-champion-de-Belgique-de-cyclisme.png","datePublished":"2025-05-29T15:59:23+00:00","dateModified":"2025-05-29T16:41:27+00:00","description":"CARNET NOIR - Champion de Belgique et vainqueur d'une \u00e9tape du Tour de France en 1999, Ludo Dierckxsens s'est \u00e9teint ce jeudi.","breadcrumb":{"@id":"https:\/\/dicodusport.fr\/blog\/carnet-noir-deces-de-ludo-dierckxsens-lancien-champion-de-belgique-de-cyclisme\/#breadcrumb"},"inLanguage":"fr-FR","potentialAction":[{"@type":"ReadAction","target":["https:\/\/dicodusport.fr\/blog\/carnet-noir-deces-de-ludo-dierckxsens-lancien-champion-de-belgique-de-cyclisme\/"]}]},{"@type":"ImageObject","inLanguage":"fr-FR","@id":"https:\/\/dicodusport.fr\/blog\/carnet-noir-deces-de-ludo-dierckxsens-lancien-champion-de-belgique-de-cyclisme\/#primaryimage","url":"https:\/\/dicodusport.fr\/blog\/wp-content\/uploads\/2025\/05\/Carnet-noir-Deces-de-Ludo-Dierckxsens-lancien-champion-de-Belgique-de-cyclisme.png","contentUrl":"https:\/\/dicodusport.fr\/blog\/wp-content\/uploads\/2025\/05\/Carnet-noir-Deces-de-Ludo-Dierckxsens-lancien-champion-de-Belgique-de-cyclisme.png","width":1200,"height":674,"caption":"Carnet noir : D\u00e9c\u00e8s de Ludo Dierckxsens, l'ancien champion de Belgique de cyclisme"},{"@type":"BreadcrumbList","@id":"https:\/\/dicodusport.fr\/blog\/carnet-noir-deces-de-ludo-dierckxsens-lancien-champion-de-belgique-de-cyclisme\/#breadcrumb","itemListElement":[{"@type":"ListItem","position":1,"name":"Accueil","item":"https:\/\/dicodusport.fr\/blog\/"},{"@type":"ListItem","position":2,"name":"Carnet noir : D\u00e9c\u00e8s de Ludo Dierckxsens, l&rsquo;ancien champion de Belgique de cyclisme"}]},{"@type":"WebSite","@id":"https:\/\/dicodusport.fr\/blog\/#website","url":"https:\/\/dicodusport.fr\/blog\/","name":"Dicodusport","description":"L&#039;encyclop\u00e9die de l&#039;actualit\u00e9 sportive","publisher":{"@id":"https:\/\/dicodusport.fr\/blog\/#organization"},"potentialAction":[{"@type":"SearchAction","target":{"@type":"EntryPoint","urlTemplate":"https:\/\/dicodusport.fr\/blog\/?s={search_term_string}"},"query-input":{"@type":"PropertyValueSpecification","valueRequired":true,"valueName":"search_term_string"}}],"inLanguage":"fr-FR"},{"@type":"NewsMediaOrganization","@id":"https:\/\/dicodusport.fr\/blog\/#organization","name":"Dicodusport","url":"https:\/\/dicodusport.fr\/blog\/","logo":{"@type":"ImageObject","inLanguage":"fr-FR","@id":"https:\/\/dicodusport.fr\/blog\/#\/schema\/logo\/image\/","url":"https:\/\/dicodusport.fr\/blog\/wp-content\/uploads\/2020\/06\/cropped-LOGO-DICODUSPORT-2020-SANS-FOND-SANS-TEXTE.png","contentUrl":"https:\/\/dicodusport.fr\/blog\/wp-content\/uploads\/2020\/06\/cropped-LOGO-DICODUSPORT-2020-SANS-FOND-SANS-TEXTE.png","width":512,"height":512,"caption":"Dicodusport"},"image":{"@id":"https:\/\/dicodusport.fr\/blog\/#\/schema\/logo\/image\/"},"sameAs":["https:\/\/www.facebook.com\/dicodusport","https:\/\/x.com\/dicodusport","https:\/\/www.instagram.com\/dicodusport\/","https:\/\/www.youtube.com\/channel\/UC7V2KZ5sd3htJivAbA4ZG3w"],"description":"Dicodusport est l'encyclop\u00e9die de l'actualit\u00e9 sportive.","email":"bonjour@dicodusport.fr","legalName":"DICODUSPORT","foundingDate":"2018-01-14","vatID":"FR71834470973","taxID":"83447097300043","numberOfEmployees":{"@type":"QuantitativeValue","minValue":"1","maxValue":"10"}},{"@type":"Person","@id":"https:\/\/dicodusport.fr\/blog\/#\/schema\/person\/37def232098a7a5cbab3974a3690abb0","name":"Maxime Cazenave","image":{"@type":"ImageObject","inLanguage":"fr-FR","@id":"https:\/\/dicodusport.fr\/blog\/#\/schema\/person\/image\/","url":"https:\/\/dicodusport.fr\/blog\/wp-content\/uploads\/2021\/05\/Maxime-Cazenave-150x150.jpg","contentUrl":"https:\/\/dicodusport.fr\/blog\/wp-content\/uploads\/2021\/05\/Maxime-Cazenave-150x150.jpg","caption":"Maxime Cazenave"},"description":"Journaliste\/R\u00e9dacteur depuis 2012 - Berc\u00e9 par l\u2019amour des Girondins de Bordeaux, les \u00e9checs de Christophe Moreau sur le Tour de France sous l'\u00e8re Lance Armstrong et le fade-away l\u00e9tal de Dirk Nowitzki, ma passion d\u00e9vorante pour le sport a toujours \u00e9t\u00e9 un pan incontournable de ma vie. Transmettre ma passion \u00e0 l\u2019\u00e9crit a \u00e9t\u00e9 une transition naturelle. Suiveur assidu de basket et de hockey sur glace, je garde toujours un peu de place pour suivre le cyclisme, le football et le maximum de performances fran\u00e7aises.","sameAs":["https:\/\/x.com\/https:\/\/twitter.com\/Maxime_Caze"],"url":"https:\/\/dicodusport.fr\/blog\/author\/maximec\/"}]}},"_links":{"self":[{"href":"https:\/\/dicodusport.fr\/blog\/wp-json\/wp\/v2\/posts\/582683","targetHints":{"allow":["GET"]}}],"collection":[{"href":"https:\/\/dicodusport.fr\/blog\/wp-json\/wp\/v2\/posts"}],"about":[{"href":"https:\/\/dicodusport.fr\/blog\/wp-json\/wp\/v2\/types\/post"}],"author":[{"embeddable":true,"href":"https:\/\/dicodusport.fr\/blog\/wp-json\/wp\/v2\/users\/55"}],"replies":[{"embeddable":true,"href":"https:\/\/dicodusport.fr\/blog\/wp-json\/wp\/v2\/comments?post=582683"}],"version-history":[{"count":4,"href":"https:\/\/dicodusport.fr\/blog\/wp-json\/wp\/v2\/posts\/582683\/revisions"}],"predecessor-version":[{"id":582721,"href":"https:\/\/dicodusport.fr\/blog\/wp-json\/wp\/v2\/posts\/582683\/revisions\/582721"}],"wp:featuredmedia":[{"embeddable":true,"href":"https:\/\/dicodusport.fr\/blog\/wp-json\/wp\/v2\/media\/582684"}],"wp:attachment":[{"href":"https:\/\/dicodusport.fr\/blog\/wp-json\/wp\/v2\/media?parent=582683"}],"wp:term":[{"taxonomy":"category","embeddable":true,"href":"https:\/\/dicodusport.fr\/blog\/wp-json\/wp\/v2\/categories?post=582683"},{"taxonomy":"post_tag","embeddable":true,"href":"https:\/\/dicodusport.fr\/blog\/wp-json\/wp\/v2\/tags?post=582683"}],"curies":[{"name":"wp","href":"https:\/\/api.w.org\/{rel}","templated":true}]}}