{"id":583038,"date":"2025-05-30T23:03:46","date_gmt":"2025-05-30T21:03:46","guid":{"rendered":"https:\/\/dicodusport.fr\/blog\/?p=583038&#038;preview=true&#038;preview_id=583038"},"modified":"2025-05-30T23:19:29","modified_gmt":"2025-05-30T21:19:29","slug":"ligue-des-nations-f-l-equipe-de-france-recue-5-sur-5-contre-la-suisse","status":"publish","type":"post","link":"https:\/\/dicodusport.fr\/blog\/ligue-des-nations-f-l-equipe-de-france-recue-5-sur-5-contre-la-suisse\/","title":{"rendered":"Ligue des Nations (F) : L\u2019\u00e9quipe de France re\u00e7ue 5 sur 5 contre la Suisse"},"content":{"rendered":"<p style=\"text-align: justify;\"><strong><em>LIGUE DES NATIONS F\u00c9MININE DE FOOTBALL &#8211; D\u00e9j\u00e0 qualifi\u00e9e pour les demi-finales, l\u2019\u00e9quipe de France a conserv\u00e9 son invincibilit\u00e9 dans cette phase de poules, ne faisant qu\u2019une bouch\u00e9e d&rsquo;une faible formation suisse. Patientes et appliqu\u00e9es, les Bleues s\u2019imposent 4-0 avec quatre buteuses diff\u00e9rentes.<\/em><\/strong><\/p>\n<ul style=\"text-align: justify;\">\n<li><strong>\u00c0 ce sujet \u2013\u00a0<a href=\"https:\/\/dicodusport.fr\/blog\/calendrier-et-resultats-ligue-des-nations-feminine-2025-ligue-a\/\">Calendrier et r\u00e9sultats Ligue des Nations f\u00e9minine 2025 \u2013 Ligue A<\/a><\/strong><\/li>\n<\/ul>\n<p style=\"text-align: justify;\">Il n\u2019y avait pas beaucoup de suspense pour la premi\u00e8re place du groupe et une \u00e9ventuelle qualification tricolore dans le dernier carr\u00e9. <a href=\"https:\/\/dicodusport.fr\/blog\/ligue-des-nations-f-la-france-enchaine-contre-la-norvege-et-tient-son-billet-pour-le-final-four\/\">Celles-ci d\u00e9j\u00e0 en poche<\/a>, les Bleues s\u2019avan\u00e7aient sans grand objectif face \u00e0 la Suisse, si ce n\u2019est celui de peaufiner des automatismes dans un effectif quelque peu chamboul\u00e9 par <strong>Laurent Bonadei<\/strong>.<\/p>\n<p style=\"text-align: justify;\">Le s\u00e9lectionneur a en effet d\u00e9cid\u00e9 de se passer pour ce rassemblement, et pour l\u2019Euro en juillet prochain, des services de certaines cadres comme <strong>Eug\u00e9nie Le Sommer<\/strong>, <strong>Kenza Dali<\/strong> ou encore la capitaine <strong>Wendie Renard<\/strong>. C\u2019est <strong>Griedge Mbock<\/strong> qui a pris le relais du brassard tandis que <strong>Clara Mateo<\/strong>, \u00e9lue meilleure joueuse d\u2019Arkema Premi\u00e8re Ligue cette saison, a d\u00e9marr\u00e9 titulaire au d\u00e9triment de <strong>Marie-Antoinette Katoto<\/strong>.<\/p>\n<h2 style=\"text-align: justify;\">Les d\u00e9bats pli\u00e9s \u00e0 la pause<\/h2>\n<p style=\"text-align: justify;\">Les ajustements du coach n\u2019ont pas sembl\u00e9 pes\u00e9 dans la t\u00eate des Fran\u00e7aises, concentr\u00e9es sur le travail \u00e0 faire d\u00e8s le coup d\u2019envoi. La premi\u00e8re grosse occasion tricolore est survenue tr\u00e8s rapidement, d\u00e8s la 5<sup>\u00e8me<\/sup> minute, mais la reprise de <strong>Sandy Baltimore<\/strong> sur le centre de <strong>Kadidiatou Diani<\/strong> s\u2019est heurt\u00e9e \u00e0 la transversale. Sur une copie presque conforme de l\u2019action, la paire fran\u00e7aise sera r\u00e9compens\u00e9e de ses efforts un quart d\u2019heure plus tard. Mais pas avant que <strong>Clara Mateo<\/strong> ne trompe <strong>Livia Deng<\/strong> apr\u00e8s l\u2019avoir mise sous pression (1-0). Pas avant non plus que <strong>De Almeida<\/strong>, d\u2019une belle inspiration, ne double la mise pour l\u2019\u00e9quipe de France (16\u2032).<\/p>\n<blockquote class=\"twitter-tweet\">\n<p dir=\"ltr\" lang=\"fr\">\u26bd <a href=\"https:\/\/twitter.com\/hashtag\/LigueDesNations?src=hash&amp;ref_src=twsrc%5Etfw\">#LigueDesNations<\/a> | \ud83c\uddeb\ud83c\uddf7 De Almeida double la mise gr\u00e2ce \u00e0 un banger !<\/p>\n<p>\ud83d\udd25 Sur un corner, la Fran\u00e7aise, oubli\u00e9e au second poteau, claque une vol\u00e9e impressionnante, 2-0 pour les Bleues face \u00e0 la Suisse !<\/p>\n<p>\ud83d\udcfa Suivez le direct : <a href=\"https:\/\/t.co\/LTh369KaQm\">https:\/\/t.co\/LTh369KaQm<\/a> <a href=\"https:\/\/t.co\/ced8Xu4l0J\">pic.twitter.com\/ced8Xu4l0J<\/a><\/p>\n<p>\u2014 francetvsport (@francetvsport) <a href=\"https:\/\/twitter.com\/francetvsport\/status\/1928534921045282846?ref_src=twsrc%5Etfw\">May 30, 2025<\/a><\/p><\/blockquote>\n<p><script async src=\"https:\/\/platform.twitter.com\/widgets.js\" charset=\"utf-8\"><\/script><\/p>\n<p style=\"text-align: justify;\">Ainsi aux commandes 3-0 apr\u00e8s une vingtaine de minutes suite au 4<sup>\u00e8me<\/sup> but de Baltimore en autant de matchs, les Bleues ont continu\u00e9 d\u2019asphyxier les Suissesses, sans pour autant aggraver la marque. Mais \u00e0 d\u00e9faut, elles n\u2019ont pas non plus trembl\u00e9 d\u00e9fensivement et conserveront leurs cages inviol\u00e9es pour une troisi\u00e8me rencontre de rang. La premi\u00e8re frappe suisse, \u00e0 cr\u00e9diter \u00e0 <strong>Svenja F\u00f6lmli<\/strong> \u00e0 la 40<sup>\u00e8me<\/sup>, s\u2019est log\u00e9e dans la niche de <strong>Pauline Peyraud-Magnin<\/strong>. La seconde, sign\u00e9e <strong>Lia W\u00e4lti<\/strong> juste avant la pause, a fui les montants.<\/p>\n<h2 style=\"text-align: justify;\">L&rsquo;\u00e9quipe de France re\u00e7ue 5\/5<\/h2>\n<p style=\"text-align: justify;\">La domination n\u2019a pas chang\u00e9 de camp au retour des vestiaires. Les Bleues ont confisqu\u00e9 le cuir, r\u00e9cup\u00e9rant tr\u00e8s vite la possession sur les sorties de balle suisses. Et ce qui devait arriver arriva, le 4<sup>\u00e8me<\/sup> but fran\u00e7ais est logiquement tomb\u00e9. <strong>Grace Geyoro<\/strong> s\u2019est jointe \u00e0 la f\u00eate \u00e0 Nancy, servie en une touche par <strong>Clara Mateo<\/strong> (56\u2032). Entr\u00e9e \u00e0 l\u2019heure de jeu, <strong>Kelly Gago<\/strong> a elle aussi but\u00e9 sur les montants de Deng (78\u2032) mais le score n&rsquo;a plus \u00e9volu\u00e9. La Nati n\u2019a jamais pu s\u2019exprimer, l\u2019\u00e9quipe de France s\u2019impose 4-0 avec quatre joueuses diff\u00e9rentes et visera le sans-faute mardi contre l&rsquo;Islande.<\/p>\n<blockquote class=\"twitter-tweet\">\n<p dir=\"ltr\" lang=\"fr\">\ud835\ude50\ud835\ude63\ud835\ude5a \ud835\ude6b\ud835\ude5e\ud835\ude58\ud835\ude69\ud835\ude64\ud835\ude5e\ud835\ude67\ud835\ude5a \ud835\ude65\ud835\ude61\ud835\ude5a\ud835\ude5e\ud835\ude63\ud835\ude5a \ud835\ude59\ud835\ude5a \ud835\ude62\ud835\ude56\ud835\ude5e\ud835\ude69\ud835\ude67\ud835\ude5e\ud835\ude68\ud835\ude5a \ud835\ude5b\ud835\ude56\ud835\ude58\ud835\ude5a \ud835\ude56\u0300 \ud835\ude61\ud835\ude56 \ud835\ude4e\ud835\ude6a\ud835\ude5e\ud835\ude68\ud835\ude68\ud835\ude5a \ud83d\udd25<br \/>\nRDV mardi soir pour notre dernier match de groupe de Ligue des Nations face \u00e0 l&rsquo;Islande \ud83c\uddee\ud83c\uddf8\ud83d\udd1c <a href=\"https:\/\/twitter.com\/hashtag\/FRASUI?src=hash&amp;ref_src=twsrc%5Etfw\">#FRASUI<\/a> l <a href=\"https:\/\/twitter.com\/hashtag\/FiersdetreBleues?src=hash&amp;ref_src=twsrc%5Etfw\">#FiersdetreBleues<\/a> <a href=\"https:\/\/t.co\/4geVypaLAO\">pic.twitter.com\/4geVypaLAO<\/a><\/p>\n<p>\u2014 Equipe de France F\u00e9minine (@equipedefranceF) <a href=\"https:\/\/twitter.com\/equipedefranceF\/status\/1928557831826870468?ref_src=twsrc%5Etfw\">May 30, 2025<\/a><\/p><\/blockquote>\n<p><script async src=\"https:\/\/platform.twitter.com\/widgets.js\" charset=\"utf-8\"><\/script><\/p>\n","protected":false},"excerpt":{"rendered":"<p>LIGUE DES NATIONS F\u00c9MININE DE FOOTBALL &#8211; D\u00e9j\u00e0 qualifi\u00e9e pour les demi-finales, l\u2019\u00e9quipe de France a conserv\u00e9 son invincibilit\u00e9 dans cette phase de poule, ne faisant qu\u2019une bouch\u00e9e d&rsquo;une faible formation suisse. Patientes et appliqu\u00e9es, les Bleues s\u2019imposent 4-0 avec quatre buteuses diff\u00e9rentes.<\/p>\n","protected":false},"author":18,"featured_media":583063,"comment_status":"open","ping_status":"closed","sticky":false,"template":"","format":"standard","meta":{"_acf_changed":false,"_daextam_enable_autolinks":"1","footnotes":""},"categories":[2301],"tags":[16878,75,30,34631,334],"class_list":["post-583038","post","type-post","status-publish","format-standard","has-post-thumbnail","hentry","category-football","tag-breve","tag-football","tag-france","tag-ligue-des-nations-feminine","tag-suisse"],"acf":[],"yoast_head":"<!-- This site is optimized with the Yoast SEO Premium plugin v26.7 (Yoast SEO v26.7) - https:\/\/yoast.com\/wordpress\/plugins\/seo\/ -->\n<title>Ligue des Nations (F) : L\u2019\u00e9quipe de France re\u00e7ue 5 sur 5 contre la Suisse<\/title>\n<meta name=\"description\" content=\"LIGUE DES NATIONS F\u00c9MININE DE FOOTBALL - D\u00e9j\u00e0 qualifi\u00e9e pour les demi-finales, l\u2019\u00e9quipe de France s&#039;impose 4-0 contre la Suisse.\" \/>\n<meta name=\"robots\" content=\"index, follow, max-snippet:-1, max-image-preview:large, max-video-preview:-1\" \/>\n<link rel=\"canonical\" href=\"https:\/\/dicodusport.fr\/blog\/ligue-des-nations-f-l-equipe-de-france-recue-5-sur-5-contre-la-suisse\/\" \/>\n<meta property=\"og:locale\" content=\"fr_FR\" \/>\n<meta property=\"og:type\" content=\"article\" \/>\n<meta property=\"og:title\" content=\"Ligue des Nations (F) : L\u2019\u00e9quipe de France re\u00e7ue 5 sur 5 contre la Suisse\" \/>\n<meta property=\"og:description\" content=\"LIGUE DES NATIONS F\u00c9MININE DE FOOTBALL - D\u00e9j\u00e0 qualifi\u00e9e pour les demi-finales, l\u2019\u00e9quipe de France s&#039;impose 4-0 contre la Suisse.\" \/>\n<meta property=\"og:url\" content=\"https:\/\/dicodusport.fr\/blog\/ligue-des-nations-f-l-equipe-de-france-recue-5-sur-5-contre-la-suisse\/\" \/>\n<meta property=\"og:site_name\" content=\"Dicodusport\" \/>\n<meta property=\"article:publisher\" content=\"https:\/\/www.facebook.com\/dicodusport\" \/>\n<meta property=\"article:author\" content=\"https:\/\/www.facebook.com\/soocube\" \/>\n<meta property=\"article:published_time\" content=\"2025-05-30T21:03:46+00:00\" \/>\n<meta property=\"article:modified_time\" content=\"2025-05-30T21:19:29+00:00\" \/>\n<meta property=\"og:image\" content=\"https:\/\/dicodusport.fr\/blog\/wp-content\/uploads\/2025\/05\/Ligue-des-Nations-F-Lequipe-de-France-recue-55-contre-la-Suisse.png\" \/>\n\t<meta property=\"og:image:width\" content=\"1200\" \/>\n\t<meta property=\"og:image:height\" content=\"674\" \/>\n\t<meta property=\"og:image:type\" content=\"image\/png\" \/>\n<meta name=\"author\" content=\"Sophie Clapier\" \/>\n<meta name=\"twitter:card\" content=\"summary_large_image\" \/>\n<meta name=\"twitter:title\" content=\"Ligue des Nations (F) : L\u2019\u00e9quipe de France re\u00e7ue 5 sur 5 contre la Suisse\" \/>\n<meta name=\"twitter:creator\" content=\"@https:\/\/twitter.com\/soocube\" \/>\n<meta name=\"twitter:site\" content=\"@dicodusport\" \/>\n<script type=\"application\/ld+json\" class=\"yoast-schema-graph\">{\"@context\":\"https:\/\/schema.org\",\"@graph\":[{\"@type\":\"NewsArticle\",\"@id\":\"https:\/\/dicodusport.fr\/blog\/ligue-des-nations-f-l-equipe-de-france-recue-5-sur-5-contre-la-suisse\/#article\",\"isPartOf\":{\"@id\":\"https:\/\/dicodusport.fr\/blog\/ligue-des-nations-f-l-equipe-de-france-recue-5-sur-5-contre-la-suisse\/\"},\"author\":{\"name\":\"Sophie Clapier\",\"@id\":\"https:\/\/dicodusport.fr\/blog\/#\/schema\/person\/416c975648aca9da8839bdfe333a21c9\"},\"headline\":\"Ligue des Nations (F) : L\u2019\u00e9quipe de France re\u00e7ue 5 sur 5 contre la Suisse\",\"datePublished\":\"2025-05-30T21:03:46+00:00\",\"dateModified\":\"2025-05-30T21:19:29+00:00\",\"mainEntityOfPage\":{\"@id\":\"https:\/\/dicodusport.fr\/blog\/ligue-des-nations-f-l-equipe-de-france-recue-5-sur-5-contre-la-suisse\/\"},\"wordCount\":641,\"commentCount\":0,\"publisher\":{\"@id\":\"https:\/\/dicodusport.fr\/blog\/#organization\"},\"image\":{\"@id\":\"https:\/\/dicodusport.fr\/blog\/ligue-des-nations-f-l-equipe-de-france-recue-5-sur-5-contre-la-suisse\/#primaryimage\"},\"thumbnailUrl\":\"https:\/\/dicodusport.fr\/blog\/wp-content\/uploads\/2025\/05\/Ligue-des-Nations-F-Lequipe-de-France-recue-55-contre-la-Suisse.png\",\"keywords\":[\"br\u00e8ve\",\"Football\",\"France\",\"Ligue des Nations f\u00e9minine\",\"Suisse\"],\"articleSection\":[\"Football\"],\"inLanguage\":\"fr-FR\",\"potentialAction\":[{\"@type\":\"CommentAction\",\"name\":\"Comment\",\"target\":[\"https:\/\/dicodusport.fr\/blog\/ligue-des-nations-f-l-equipe-de-france-recue-5-sur-5-contre-la-suisse\/#respond\"]}],\"copyrightYear\":\"2025\",\"copyrightHolder\":{\"@id\":\"https:\/\/dicodusport.fr\/blog\/#organization\"}},{\"@type\":\"WebPage\",\"@id\":\"https:\/\/dicodusport.fr\/blog\/ligue-des-nations-f-l-equipe-de-france-recue-5-sur-5-contre-la-suisse\/\",\"url\":\"https:\/\/dicodusport.fr\/blog\/ligue-des-nations-f-l-equipe-de-france-recue-5-sur-5-contre-la-suisse\/\",\"name\":\"Ligue des Nations (F) : L\u2019\u00e9quipe de France re\u00e7ue 5 sur 5 contre la Suisse\",\"isPartOf\":{\"@id\":\"https:\/\/dicodusport.fr\/blog\/#website\"},\"primaryImageOfPage\":{\"@id\":\"https:\/\/dicodusport.fr\/blog\/ligue-des-nations-f-l-equipe-de-france-recue-5-sur-5-contre-la-suisse\/#primaryimage\"},\"image\":{\"@id\":\"https:\/\/dicodusport.fr\/blog\/ligue-des-nations-f-l-equipe-de-france-recue-5-sur-5-contre-la-suisse\/#primaryimage\"},\"thumbnailUrl\":\"https:\/\/dicodusport.fr\/blog\/wp-content\/uploads\/2025\/05\/Ligue-des-Nations-F-Lequipe-de-France-recue-55-contre-la-Suisse.png\",\"datePublished\":\"2025-05-30T21:03:46+00:00\",\"dateModified\":\"2025-05-30T21:19:29+00:00\",\"description\":\"LIGUE DES NATIONS F\u00c9MININE DE FOOTBALL - D\u00e9j\u00e0 qualifi\u00e9e pour les demi-finales, l\u2019\u00e9quipe de France s'impose 4-0 contre la Suisse.\",\"breadcrumb\":{\"@id\":\"https:\/\/dicodusport.fr\/blog\/ligue-des-nations-f-l-equipe-de-france-recue-5-sur-5-contre-la-suisse\/#breadcrumb\"},\"inLanguage\":\"fr-FR\",\"potentialAction\":[{\"@type\":\"ReadAction\",\"target\":[\"https:\/\/dicodusport.fr\/blog\/ligue-des-nations-f-l-equipe-de-france-recue-5-sur-5-contre-la-suisse\/\"]}]},{\"@type\":\"ImageObject\",\"inLanguage\":\"fr-FR\",\"@id\":\"https:\/\/dicodusport.fr\/blog\/ligue-des-nations-f-l-equipe-de-france-recue-5-sur-5-contre-la-suisse\/#primaryimage\",\"url\":\"https:\/\/dicodusport.fr\/blog\/wp-content\/uploads\/2025\/05\/Ligue-des-Nations-F-Lequipe-de-France-recue-55-contre-la-Suisse.png\",\"contentUrl\":\"https:\/\/dicodusport.fr\/blog\/wp-content\/uploads\/2025\/05\/Ligue-des-Nations-F-Lequipe-de-France-recue-55-contre-la-Suisse.png\",\"width\":1200,\"height\":674,\"caption\":\"Ligue des Nations (F) L\u2019\u00e9quipe de France re\u00e7ue 5 sur 5 contre la Suisse\"},{\"@type\":\"BreadcrumbList\",\"@id\":\"https:\/\/dicodusport.fr\/blog\/ligue-des-nations-f-l-equipe-de-france-recue-5-sur-5-contre-la-suisse\/#breadcrumb\",\"itemListElement\":[{\"@type\":\"ListItem\",\"position\":1,\"name\":\"Accueil\",\"item\":\"https:\/\/dicodusport.fr\/blog\/\"},{\"@type\":\"ListItem\",\"position\":2,\"name\":\"Ligue des Nations (F) : L\u2019\u00e9quipe de France re\u00e7ue 5 sur 5 contre la Suisse\"}]},{\"@type\":\"WebSite\",\"@id\":\"https:\/\/dicodusport.fr\/blog\/#website\",\"url\":\"https:\/\/dicodusport.fr\/blog\/\",\"name\":\"Dicodusport\",\"description\":\"L&#039;encyclop\u00e9die de l&#039;actualit\u00e9 sportive\",\"publisher\":{\"@id\":\"https:\/\/dicodusport.fr\/blog\/#organization\"},\"potentialAction\":[{\"@type\":\"SearchAction\",\"target\":{\"@type\":\"EntryPoint\",\"urlTemplate\":\"https:\/\/dicodusport.fr\/blog\/?s={search_term_string}\"},\"query-input\":{\"@type\":\"PropertyValueSpecification\",\"valueRequired\":true,\"valueName\":\"search_term_string\"}}],\"inLanguage\":\"fr-FR\"},{\"@type\":\"NewsMediaOrganization\",\"@id\":\"https:\/\/dicodusport.fr\/blog\/#organization\",\"name\":\"Dicodusport\",\"url\":\"https:\/\/dicodusport.fr\/blog\/\",\"logo\":{\"@type\":\"ImageObject\",\"inLanguage\":\"fr-FR\",\"@id\":\"https:\/\/dicodusport.fr\/blog\/#\/schema\/logo\/image\/\",\"url\":\"https:\/\/dicodusport.fr\/blog\/wp-content\/uploads\/2020\/06\/cropped-LOGO-DICODUSPORT-2020-SANS-FOND-SANS-TEXTE.png\",\"contentUrl\":\"https:\/\/dicodusport.fr\/blog\/wp-content\/uploads\/2020\/06\/cropped-LOGO-DICODUSPORT-2020-SANS-FOND-SANS-TEXTE.png\",\"width\":512,\"height\":512,\"caption\":\"Dicodusport\"},\"image\":{\"@id\":\"https:\/\/dicodusport.fr\/blog\/#\/schema\/logo\/image\/\"},\"sameAs\":[\"https:\/\/www.facebook.com\/dicodusport\",\"https:\/\/x.com\/dicodusport\",\"https:\/\/www.instagram.com\/dicodusport\/\",\"https:\/\/www.youtube.com\/channel\/UC7V2KZ5sd3htJivAbA4ZG3w\"],\"description\":\"Dicodusport est l'encyclop\u00e9die de l'actualit\u00e9 sportive.\",\"email\":\"bonjour@dicodusport.fr\",\"legalName\":\"DICODUSPORT\",\"foundingDate\":\"2018-01-14\",\"vatID\":\"FR71834470973\",\"taxID\":\"83447097300043\",\"numberOfEmployees\":{\"@type\":\"QuantitativeValue\",\"minValue\":\"1\",\"maxValue\":\"10\"}},{\"@type\":\"Person\",\"@id\":\"https:\/\/dicodusport.fr\/blog\/#\/schema\/person\/416c975648aca9da8839bdfe333a21c9\",\"name\":\"Sophie Clapier\",\"image\":{\"@type\":\"ImageObject\",\"inLanguage\":\"fr-FR\",\"@id\":\"https:\/\/dicodusport.fr\/blog\/#\/schema\/person\/image\/\",\"url\":\"https:\/\/dicodusport.fr\/blog\/wp-content\/uploads\/2021\/05\/Sophie-Clapier-150x150.jpg\",\"contentUrl\":\"https:\/\/dicodusport.fr\/blog\/wp-content\/uploads\/2021\/05\/Sophie-Clapier-150x150.jpg\",\"caption\":\"Sophie Clapier\"},\"description\":\"Journaliste\/r\u00e9dactrice depuis janvier 2016 - Passionn\u00e9e de sport depuis toujours, j\u2019en ai pratiqu\u00e9 quelques-uns. Judo, football, handball ou encore tennis, je n\u2019ai jamais pu me mettre d\u2019accord sur un en particulier. Mais \u00e7a, c\u2019\u00e9tait avant de d\u00e9couvrir le basket, devenu mon sport de pr\u00e9dilection. Les actions NBA, le All-Star Week-end, la fureur des Game 7 pendant les playoffs ou mieux, lors des Finals, this is why we play. Team Spurs T.P, je m\u2019accroche encore \u00e0 Gregg Popovich (don\u2019t leave !). Team chef Curry, je souhaite qu\u2019il finisse aux Warriors (staaaay !). Non, il n\u2019y a pas qu\u2019eux, des petits nouveaux -et des petites nouvelles \u00e9videmment- arrivent chaque jour dans toutes les disciplines et cr\u00e9ent de nouveaux exploits. Alors pour les grands \u00e9v\u00e9nements et comp\u00e9titions internationales, vive les pulsations 240\/minutes et le d\u00e9fibrillateur pas loin, et allez les Bleu(e)s ! C\u2019est s\u00fbr, j\u2019aurai plus vu ma vie sur un terrain de sport, mais \u00e0 d\u00e9faut d\u2019en faire en haut niveau, je le partage avec vous.\",\"sameAs\":[\"https:\/\/www.facebook.com\/soocube\",\"https:\/\/x.com\/https:\/\/twitter.com\/soocube\",\"admin\"],\"url\":\"https:\/\/dicodusport.fr\/blog\/author\/sophie\/\"}]}<\/script>\n<!-- \/ Yoast SEO Premium plugin. -->","yoast_head_json":{"title":"Ligue des Nations (F) : L\u2019\u00e9quipe de France re\u00e7ue 5 sur 5 contre la Suisse","description":"LIGUE DES NATIONS F\u00c9MININE DE FOOTBALL - D\u00e9j\u00e0 qualifi\u00e9e pour les demi-finales, l\u2019\u00e9quipe de France s'impose 4-0 contre la Suisse.","robots":{"index":"index","follow":"follow","max-snippet":"max-snippet:-1","max-image-preview":"max-image-preview:large","max-video-preview":"max-video-preview:-1"},"canonical":"https:\/\/dicodusport.fr\/blog\/ligue-des-nations-f-l-equipe-de-france-recue-5-sur-5-contre-la-suisse\/","og_locale":"fr_FR","og_type":"article","og_title":"Ligue des Nations (F) : L\u2019\u00e9quipe de France re\u00e7ue 5 sur 5 contre la Suisse","og_description":"LIGUE DES NATIONS F\u00c9MININE DE FOOTBALL - D\u00e9j\u00e0 qualifi\u00e9e pour les demi-finales, l\u2019\u00e9quipe de France s'impose 4-0 contre la Suisse.","og_url":"https:\/\/dicodusport.fr\/blog\/ligue-des-nations-f-l-equipe-de-france-recue-5-sur-5-contre-la-suisse\/","og_site_name":"Dicodusport","article_publisher":"https:\/\/www.facebook.com\/dicodusport","article_author":"https:\/\/www.facebook.com\/soocube","article_published_time":"2025-05-30T21:03:46+00:00","article_modified_time":"2025-05-30T21:19:29+00:00","og_image":[{"width":1200,"height":674,"url":"https:\/\/dicodusport.fr\/blog\/wp-content\/uploads\/2025\/05\/Ligue-des-Nations-F-Lequipe-de-France-recue-55-contre-la-Suisse.png","type":"image\/png"}],"author":"Sophie Clapier","twitter_card":"summary_large_image","twitter_title":"Ligue des Nations (F) : L\u2019\u00e9quipe de France re\u00e7ue 5 sur 5 contre la Suisse","twitter_creator":"@https:\/\/twitter.com\/soocube","twitter_site":"@dicodusport","schema":{"@context":"https:\/\/schema.org","@graph":[{"@type":"NewsArticle","@id":"https:\/\/dicodusport.fr\/blog\/ligue-des-nations-f-l-equipe-de-france-recue-5-sur-5-contre-la-suisse\/#article","isPartOf":{"@id":"https:\/\/dicodusport.fr\/blog\/ligue-des-nations-f-l-equipe-de-france-recue-5-sur-5-contre-la-suisse\/"},"author":{"name":"Sophie Clapier","@id":"https:\/\/dicodusport.fr\/blog\/#\/schema\/person\/416c975648aca9da8839bdfe333a21c9"},"headline":"Ligue des Nations (F) : L\u2019\u00e9quipe de France re\u00e7ue 5 sur 5 contre la Suisse","datePublished":"2025-05-30T21:03:46+00:00","dateModified":"2025-05-30T21:19:29+00:00","mainEntityOfPage":{"@id":"https:\/\/dicodusport.fr\/blog\/ligue-des-nations-f-l-equipe-de-france-recue-5-sur-5-contre-la-suisse\/"},"wordCount":641,"commentCount":0,"publisher":{"@id":"https:\/\/dicodusport.fr\/blog\/#organization"},"image":{"@id":"https:\/\/dicodusport.fr\/blog\/ligue-des-nations-f-l-equipe-de-france-recue-5-sur-5-contre-la-suisse\/#primaryimage"},"thumbnailUrl":"https:\/\/dicodusport.fr\/blog\/wp-content\/uploads\/2025\/05\/Ligue-des-Nations-F-Lequipe-de-France-recue-55-contre-la-Suisse.png","keywords":["br\u00e8ve","Football","France","Ligue des Nations f\u00e9minine","Suisse"],"articleSection":["Football"],"inLanguage":"fr-FR","potentialAction":[{"@type":"CommentAction","name":"Comment","target":["https:\/\/dicodusport.fr\/blog\/ligue-des-nations-f-l-equipe-de-france-recue-5-sur-5-contre-la-suisse\/#respond"]}],"copyrightYear":"2025","copyrightHolder":{"@id":"https:\/\/dicodusport.fr\/blog\/#organization"}},{"@type":"WebPage","@id":"https:\/\/dicodusport.fr\/blog\/ligue-des-nations-f-l-equipe-de-france-recue-5-sur-5-contre-la-suisse\/","url":"https:\/\/dicodusport.fr\/blog\/ligue-des-nations-f-l-equipe-de-france-recue-5-sur-5-contre-la-suisse\/","name":"Ligue des Nations (F) : L\u2019\u00e9quipe de France re\u00e7ue 5 sur 5 contre la Suisse","isPartOf":{"@id":"https:\/\/dicodusport.fr\/blog\/#website"},"primaryImageOfPage":{"@id":"https:\/\/dicodusport.fr\/blog\/ligue-des-nations-f-l-equipe-de-france-recue-5-sur-5-contre-la-suisse\/#primaryimage"},"image":{"@id":"https:\/\/dicodusport.fr\/blog\/ligue-des-nations-f-l-equipe-de-france-recue-5-sur-5-contre-la-suisse\/#primaryimage"},"thumbnailUrl":"https:\/\/dicodusport.fr\/blog\/wp-content\/uploads\/2025\/05\/Ligue-des-Nations-F-Lequipe-de-France-recue-55-contre-la-Suisse.png","datePublished":"2025-05-30T21:03:46+00:00","dateModified":"2025-05-30T21:19:29+00:00","description":"LIGUE DES NATIONS F\u00c9MININE DE FOOTBALL - D\u00e9j\u00e0 qualifi\u00e9e pour les demi-finales, l\u2019\u00e9quipe de France s'impose 4-0 contre la Suisse.","breadcrumb":{"@id":"https:\/\/dicodusport.fr\/blog\/ligue-des-nations-f-l-equipe-de-france-recue-5-sur-5-contre-la-suisse\/#breadcrumb"},"inLanguage":"fr-FR","potentialAction":[{"@type":"ReadAction","target":["https:\/\/dicodusport.fr\/blog\/ligue-des-nations-f-l-equipe-de-france-recue-5-sur-5-contre-la-suisse\/"]}]},{"@type":"ImageObject","inLanguage":"fr-FR","@id":"https:\/\/dicodusport.fr\/blog\/ligue-des-nations-f-l-equipe-de-france-recue-5-sur-5-contre-la-suisse\/#primaryimage","url":"https:\/\/dicodusport.fr\/blog\/wp-content\/uploads\/2025\/05\/Ligue-des-Nations-F-Lequipe-de-France-recue-55-contre-la-Suisse.png","contentUrl":"https:\/\/dicodusport.fr\/blog\/wp-content\/uploads\/2025\/05\/Ligue-des-Nations-F-Lequipe-de-France-recue-55-contre-la-Suisse.png","width":1200,"height":674,"caption":"Ligue des Nations (F) L\u2019\u00e9quipe de France re\u00e7ue 5 sur 5 contre la Suisse"},{"@type":"BreadcrumbList","@id":"https:\/\/dicodusport.fr\/blog\/ligue-des-nations-f-l-equipe-de-france-recue-5-sur-5-contre-la-suisse\/#breadcrumb","itemListElement":[{"@type":"ListItem","position":1,"name":"Accueil","item":"https:\/\/dicodusport.fr\/blog\/"},{"@type":"ListItem","position":2,"name":"Ligue des Nations (F) : L\u2019\u00e9quipe de France re\u00e7ue 5 sur 5 contre la Suisse"}]},{"@type":"WebSite","@id":"https:\/\/dicodusport.fr\/blog\/#website","url":"https:\/\/dicodusport.fr\/blog\/","name":"Dicodusport","description":"L&#039;encyclop\u00e9die de l&#039;actualit\u00e9 sportive","publisher":{"@id":"https:\/\/dicodusport.fr\/blog\/#organization"},"potentialAction":[{"@type":"SearchAction","target":{"@type":"EntryPoint","urlTemplate":"https:\/\/dicodusport.fr\/blog\/?s={search_term_string}"},"query-input":{"@type":"PropertyValueSpecification","valueRequired":true,"valueName":"search_term_string"}}],"inLanguage":"fr-FR"},{"@type":"NewsMediaOrganization","@id":"https:\/\/dicodusport.fr\/blog\/#organization","name":"Dicodusport","url":"https:\/\/dicodusport.fr\/blog\/","logo":{"@type":"ImageObject","inLanguage":"fr-FR","@id":"https:\/\/dicodusport.fr\/blog\/#\/schema\/logo\/image\/","url":"https:\/\/dicodusport.fr\/blog\/wp-content\/uploads\/2020\/06\/cropped-LOGO-DICODUSPORT-2020-SANS-FOND-SANS-TEXTE.png","contentUrl":"https:\/\/dicodusport.fr\/blog\/wp-content\/uploads\/2020\/06\/cropped-LOGO-DICODUSPORT-2020-SANS-FOND-SANS-TEXTE.png","width":512,"height":512,"caption":"Dicodusport"},"image":{"@id":"https:\/\/dicodusport.fr\/blog\/#\/schema\/logo\/image\/"},"sameAs":["https:\/\/www.facebook.com\/dicodusport","https:\/\/x.com\/dicodusport","https:\/\/www.instagram.com\/dicodusport\/","https:\/\/www.youtube.com\/channel\/UC7V2KZ5sd3htJivAbA4ZG3w"],"description":"Dicodusport est l'encyclop\u00e9die de l'actualit\u00e9 sportive.","email":"bonjour@dicodusport.fr","legalName":"DICODUSPORT","foundingDate":"2018-01-14","vatID":"FR71834470973","taxID":"83447097300043","numberOfEmployees":{"@type":"QuantitativeValue","minValue":"1","maxValue":"10"}},{"@type":"Person","@id":"https:\/\/dicodusport.fr\/blog\/#\/schema\/person\/416c975648aca9da8839bdfe333a21c9","name":"Sophie Clapier","image":{"@type":"ImageObject","inLanguage":"fr-FR","@id":"https:\/\/dicodusport.fr\/blog\/#\/schema\/person\/image\/","url":"https:\/\/dicodusport.fr\/blog\/wp-content\/uploads\/2021\/05\/Sophie-Clapier-150x150.jpg","contentUrl":"https:\/\/dicodusport.fr\/blog\/wp-content\/uploads\/2021\/05\/Sophie-Clapier-150x150.jpg","caption":"Sophie Clapier"},"description":"Journaliste\/r\u00e9dactrice depuis janvier 2016 - Passionn\u00e9e de sport depuis toujours, j\u2019en ai pratiqu\u00e9 quelques-uns. Judo, football, handball ou encore tennis, je n\u2019ai jamais pu me mettre d\u2019accord sur un en particulier. Mais \u00e7a, c\u2019\u00e9tait avant de d\u00e9couvrir le basket, devenu mon sport de pr\u00e9dilection. Les actions NBA, le All-Star Week-end, la fureur des Game 7 pendant les playoffs ou mieux, lors des Finals, this is why we play. Team Spurs T.P, je m\u2019accroche encore \u00e0 Gregg Popovich (don\u2019t leave !). Team chef Curry, je souhaite qu\u2019il finisse aux Warriors (staaaay !). Non, il n\u2019y a pas qu\u2019eux, des petits nouveaux -et des petites nouvelles \u00e9videmment- arrivent chaque jour dans toutes les disciplines et cr\u00e9ent de nouveaux exploits. Alors pour les grands \u00e9v\u00e9nements et comp\u00e9titions internationales, vive les pulsations 240\/minutes et le d\u00e9fibrillateur pas loin, et allez les Bleu(e)s ! C\u2019est s\u00fbr, j\u2019aurai plus vu ma vie sur un terrain de sport, mais \u00e0 d\u00e9faut d\u2019en faire en haut niveau, je le partage avec vous.","sameAs":["https:\/\/www.facebook.com\/soocube","https:\/\/x.com\/https:\/\/twitter.com\/soocube","admin"],"url":"https:\/\/dicodusport.fr\/blog\/author\/sophie\/"}]}},"_links":{"self":[{"href":"https:\/\/dicodusport.fr\/blog\/wp-json\/wp\/v2\/posts\/583038","targetHints":{"allow":["GET"]}}],"collection":[{"href":"https:\/\/dicodusport.fr\/blog\/wp-json\/wp\/v2\/posts"}],"about":[{"href":"https:\/\/dicodusport.fr\/blog\/wp-json\/wp\/v2\/types\/post"}],"author":[{"embeddable":true,"href":"https:\/\/dicodusport.fr\/blog\/wp-json\/wp\/v2\/users\/18"}],"replies":[{"embeddable":true,"href":"https:\/\/dicodusport.fr\/blog\/wp-json\/wp\/v2\/comments?post=583038"}],"version-history":[{"count":5,"href":"https:\/\/dicodusport.fr\/blog\/wp-json\/wp\/v2\/posts\/583038\/revisions"}],"predecessor-version":[{"id":583076,"href":"https:\/\/dicodusport.fr\/blog\/wp-json\/wp\/v2\/posts\/583038\/revisions\/583076"}],"wp:featuredmedia":[{"embeddable":true,"href":"https:\/\/dicodusport.fr\/blog\/wp-json\/wp\/v2\/media\/583063"}],"wp:attachment":[{"href":"https:\/\/dicodusport.fr\/blog\/wp-json\/wp\/v2\/media?parent=583038"}],"wp:term":[{"taxonomy":"category","embeddable":true,"href":"https:\/\/dicodusport.fr\/blog\/wp-json\/wp\/v2\/categories?post=583038"},{"taxonomy":"post_tag","embeddable":true,"href":"https:\/\/dicodusport.fr\/blog\/wp-json\/wp\/v2\/tags?post=583038"}],"curies":[{"name":"wp","href":"https:\/\/api.w.org\/{rel}","templated":true}]}}