{"id":583357,"date":"2025-05-31T22:45:30","date_gmt":"2025-05-31T20:45:30","guid":{"rendered":"https:\/\/dicodusport.fr\/blog\/?p=583357&#038;preview=true&#038;preview_id=583357"},"modified":"2025-09-16T07:59:00","modified_gmt":"2025-09-16T05:59:00","slug":"resume-video-psg-inter-milan-finale-de-ligue-des-champions","status":"publish","type":"post","link":"https:\/\/dicodusport.fr\/blog\/resume-video-psg-inter-milan-finale-de-ligue-des-champions\/","title":{"rendered":"R\u00e9sum\u00e9 vid\u00e9o PSG-Inter Milan, finale de Ligue des champions"},"content":{"rendered":"<p style=\"text-align: justify;\"><strong><em>Ce samedi, le PSG affrontait l&rsquo;Inter Milan en finale de Ligue des champions. Voici le r\u00e9sum\u00e9 vid\u00e9o du match.<\/em><\/strong><\/p>\n<ul style=\"text-align: justify;\">\n<li><strong>\u00c0 ce sujet \u2013\u00a0<a title=\"Phase finale Ligue des Champions : Le tableau complet\" href=\"https:\/\/dicodusport.fr\/blog\/phase-finale-ligue-des-champions-le-tableau-complet\/\" rel=\"\">Phase finale Ligue des Champions : Le tableau complet<\/a><\/strong><\/li>\n<\/ul>\n<p style=\"text-align: justify;\">Apr\u00e8s avoir sorti Arsenal en demi-finale, le <strong>Paris Saint-Germain<\/strong> d\u00e9fiait l&rsquo;<strong>Inter Milan<\/strong> pour d\u00e9crocher sa premi\u00e8re \u00e9toile. Favoris de cette finale de Ligue des champions \u00e0 Munich, les\u00a0<strong>Parisiens<\/strong> devaient tout de m\u00eame se m\u00e9fier des Interistes qui ont \u00e9limin\u00e9 <strong>Barcelone<\/strong> au tour pr\u00e9c\u00e9dent.<\/p>\n<h2 style=\"text-align: justify;\">Ligue des champions : Le r\u00e9sum\u00e9 vid\u00e9o de PSG-Inter Milan<\/h2>\n<p><span class=\"tpuoi0MZfNE98UR7H4PyVkwvQFrD16bs2\"><iframe loading=\"lazy\" title=\"Le r\u00e9sum\u00e9 de la finale PSG \/ Inter - Ligue des champions 2024\/25\" width=\"740\" height=\"416\" src=\"https:\/\/www.youtube.com\/embed\/IHwazE8Vp2w?feature=oembed\" frameborder=\"0\" allow=\"accelerometer; autoplay; clipboard-write; encrypted-media; gyroscope; picture-in-picture; web-share\" referrerpolicy=\"strict-origin-when-cross-origin\" allowfullscreen><\/iframe><\/span><\/p>\n","protected":false},"excerpt":{"rendered":"<p>Ce samedi, le PSG affrontait l&rsquo;Inter Milan en finale de Ligue des champions. Voici le r\u00e9sum\u00e9 vid\u00e9o du match.<\/p>\n","protected":false},"author":2,"featured_media":583359,"comment_status":"open","ping_status":"closed","sticky":false,"template":"","format":"standard","meta":{"_acf_changed":false,"_daextam_enable_autolinks":"1","footnotes":""},"categories":[47250],"tags":[16878,75,9550,419,910,4605],"class_list":["post-583357","post","type-post","status-publish","format-standard","has-post-thumbnail","hentry","category-ligue-des-champions-de-football","tag-breve","tag-football","tag-inter-milan","tag-ligue-des-champions","tag-psg","tag-video"],"acf":[],"yoast_head":"<!-- This site is optimized with the Yoast SEO Premium plugin v26.7 (Yoast SEO v26.7) - https:\/\/yoast.com\/wordpress\/plugins\/seo\/ -->\n<title>R\u00e9sum\u00e9 vid\u00e9o PSG-Inter Milan, finale de Ligue des champions<\/title>\n<meta name=\"description\" content=\"Ce samedi, le PSG affrontait l&#039;Inter Milan en finale de Ligue des champions. Voici le r\u00e9sum\u00e9 vid\u00e9o du match.\" \/>\n<meta name=\"robots\" content=\"index, follow, max-snippet:-1, max-image-preview:large, max-video-preview:-1\" \/>\n<link rel=\"canonical\" href=\"https:\/\/dicodusport.fr\/blog\/resume-video-psg-inter-milan-finale-de-ligue-des-champions\/\" \/>\n<meta property=\"og:locale\" content=\"fr_FR\" \/>\n<meta property=\"og:type\" content=\"article\" \/>\n<meta property=\"og:title\" content=\"R\u00e9sum\u00e9 vid\u00e9o PSG-Inter Milan, finale de Ligue des champions\" \/>\n<meta property=\"og:description\" content=\"Ce samedi, le PSG affrontait l&#039;Inter Milan en finale de Ligue des champions. Voici le r\u00e9sum\u00e9 vid\u00e9o du match.\" \/>\n<meta property=\"og:url\" content=\"https:\/\/dicodusport.fr\/blog\/resume-video-psg-inter-milan-finale-de-ligue-des-champions\/\" \/>\n<meta property=\"og:site_name\" content=\"Dicodusport\" \/>\n<meta property=\"article:publisher\" content=\"https:\/\/www.facebook.com\/dicodusport\" \/>\n<meta property=\"article:published_time\" content=\"2025-05-31T20:45:30+00:00\" \/>\n<meta property=\"article:modified_time\" content=\"2025-09-16T05:59:00+00:00\" \/>\n<meta property=\"og:image\" content=\"https:\/\/dicodusport.fr\/blog\/wp-content\/uploads\/2025\/05\/Resume-PSG-Inter-Milan-finale-de-Ligue-des-champions.png\" \/>\n\t<meta property=\"og:image:width\" content=\"1200\" \/>\n\t<meta property=\"og:image:height\" content=\"674\" \/>\n\t<meta property=\"og:image:type\" content=\"image\/png\" \/>\n<meta name=\"author\" content=\"Benjamin Cots\" \/>\n<meta name=\"twitter:card\" content=\"summary_large_image\" \/>\n<meta name=\"twitter:title\" content=\"R\u00e9sum\u00e9 vid\u00e9o PSG-Inter Milan, finale de Ligue des champions\" \/>\n<meta name=\"twitter:creator\" content=\"@https:\/\/twitter.com\/BenjaminCots\" \/>\n<meta name=\"twitter:site\" content=\"@dicodusport\" \/>\n<script type=\"application\/ld+json\" class=\"yoast-schema-graph\">{\"@context\":\"https:\/\/schema.org\",\"@graph\":[{\"@type\":\"NewsArticle\",\"@id\":\"https:\/\/dicodusport.fr\/blog\/resume-video-psg-inter-milan-finale-de-ligue-des-champions\/#article\",\"isPartOf\":{\"@id\":\"https:\/\/dicodusport.fr\/blog\/resume-video-psg-inter-milan-finale-de-ligue-des-champions\/\"},\"author\":{\"name\":\"Benjamin Cots\",\"@id\":\"https:\/\/dicodusport.fr\/blog\/#\/schema\/person\/0c141de963d8493840348bb7df193da4\"},\"headline\":\"R\u00e9sum\u00e9 vid\u00e9o PSG-Inter Milan, finale de Ligue des champions\",\"datePublished\":\"2025-05-31T20:45:30+00:00\",\"dateModified\":\"2025-09-16T05:59:00+00:00\",\"mainEntityOfPage\":{\"@id\":\"https:\/\/dicodusport.fr\/blog\/resume-video-psg-inter-milan-finale-de-ligue-des-champions\/\"},\"wordCount\":115,\"commentCount\":0,\"publisher\":{\"@id\":\"https:\/\/dicodusport.fr\/blog\/#organization\"},\"image\":{\"@id\":\"https:\/\/dicodusport.fr\/blog\/resume-video-psg-inter-milan-finale-de-ligue-des-champions\/#primaryimage\"},\"thumbnailUrl\":\"https:\/\/dicodusport.fr\/blog\/wp-content\/uploads\/2025\/05\/Resume-PSG-Inter-Milan-finale-de-Ligue-des-champions.png\",\"keywords\":[\"br\u00e8ve\",\"Football\",\"Inter Milan\",\"Ligue des champions\",\"PSG\",\"vid\u00e9o\"],\"articleSection\":[\"Ligue des Champions de football\"],\"inLanguage\":\"fr-FR\",\"potentialAction\":[{\"@type\":\"CommentAction\",\"name\":\"Comment\",\"target\":[\"https:\/\/dicodusport.fr\/blog\/resume-video-psg-inter-milan-finale-de-ligue-des-champions\/#respond\"]}],\"copyrightYear\":\"2025\",\"copyrightHolder\":{\"@id\":\"https:\/\/dicodusport.fr\/blog\/#organization\"}},{\"@type\":\"WebPage\",\"@id\":\"https:\/\/dicodusport.fr\/blog\/resume-video-psg-inter-milan-finale-de-ligue-des-champions\/\",\"url\":\"https:\/\/dicodusport.fr\/blog\/resume-video-psg-inter-milan-finale-de-ligue-des-champions\/\",\"name\":\"R\u00e9sum\u00e9 vid\u00e9o PSG-Inter Milan, finale de Ligue des champions\",\"isPartOf\":{\"@id\":\"https:\/\/dicodusport.fr\/blog\/#website\"},\"primaryImageOfPage\":{\"@id\":\"https:\/\/dicodusport.fr\/blog\/resume-video-psg-inter-milan-finale-de-ligue-des-champions\/#primaryimage\"},\"image\":{\"@id\":\"https:\/\/dicodusport.fr\/blog\/resume-video-psg-inter-milan-finale-de-ligue-des-champions\/#primaryimage\"},\"thumbnailUrl\":\"https:\/\/dicodusport.fr\/blog\/wp-content\/uploads\/2025\/05\/Resume-PSG-Inter-Milan-finale-de-Ligue-des-champions.png\",\"datePublished\":\"2025-05-31T20:45:30+00:00\",\"dateModified\":\"2025-09-16T05:59:00+00:00\",\"description\":\"Ce samedi, le PSG affrontait l'Inter Milan en finale de Ligue des champions. Voici le r\u00e9sum\u00e9 vid\u00e9o du match.\",\"breadcrumb\":{\"@id\":\"https:\/\/dicodusport.fr\/blog\/resume-video-psg-inter-milan-finale-de-ligue-des-champions\/#breadcrumb\"},\"inLanguage\":\"fr-FR\",\"potentialAction\":[{\"@type\":\"ReadAction\",\"target\":[\"https:\/\/dicodusport.fr\/blog\/resume-video-psg-inter-milan-finale-de-ligue-des-champions\/\"]}]},{\"@type\":\"ImageObject\",\"inLanguage\":\"fr-FR\",\"@id\":\"https:\/\/dicodusport.fr\/blog\/resume-video-psg-inter-milan-finale-de-ligue-des-champions\/#primaryimage\",\"url\":\"https:\/\/dicodusport.fr\/blog\/wp-content\/uploads\/2025\/05\/Resume-PSG-Inter-Milan-finale-de-Ligue-des-champions.png\",\"contentUrl\":\"https:\/\/dicodusport.fr\/blog\/wp-content\/uploads\/2025\/05\/Resume-PSG-Inter-Milan-finale-de-Ligue-des-champions.png\",\"width\":1200,\"height\":674},{\"@type\":\"BreadcrumbList\",\"@id\":\"https:\/\/dicodusport.fr\/blog\/resume-video-psg-inter-milan-finale-de-ligue-des-champions\/#breadcrumb\",\"itemListElement\":[{\"@type\":\"ListItem\",\"position\":1,\"name\":\"Accueil\",\"item\":\"https:\/\/dicodusport.fr\/blog\/\"},{\"@type\":\"ListItem\",\"position\":2,\"name\":\"R\u00e9sum\u00e9 vid\u00e9o PSG-Inter Milan, finale de Ligue des champions\"}]},{\"@type\":\"WebSite\",\"@id\":\"https:\/\/dicodusport.fr\/blog\/#website\",\"url\":\"https:\/\/dicodusport.fr\/blog\/\",\"name\":\"Dicodusport\",\"description\":\"L&#039;encyclop\u00e9die de l&#039;actualit\u00e9 sportive\",\"publisher\":{\"@id\":\"https:\/\/dicodusport.fr\/blog\/#organization\"},\"potentialAction\":[{\"@type\":\"SearchAction\",\"target\":{\"@type\":\"EntryPoint\",\"urlTemplate\":\"https:\/\/dicodusport.fr\/blog\/?s={search_term_string}\"},\"query-input\":{\"@type\":\"PropertyValueSpecification\",\"valueRequired\":true,\"valueName\":\"search_term_string\"}}],\"inLanguage\":\"fr-FR\"},{\"@type\":\"NewsMediaOrganization\",\"@id\":\"https:\/\/dicodusport.fr\/blog\/#organization\",\"name\":\"Dicodusport\",\"url\":\"https:\/\/dicodusport.fr\/blog\/\",\"logo\":{\"@type\":\"ImageObject\",\"inLanguage\":\"fr-FR\",\"@id\":\"https:\/\/dicodusport.fr\/blog\/#\/schema\/logo\/image\/\",\"url\":\"https:\/\/dicodusport.fr\/blog\/wp-content\/uploads\/2020\/06\/cropped-LOGO-DICODUSPORT-2020-SANS-FOND-SANS-TEXTE.png\",\"contentUrl\":\"https:\/\/dicodusport.fr\/blog\/wp-content\/uploads\/2020\/06\/cropped-LOGO-DICODUSPORT-2020-SANS-FOND-SANS-TEXTE.png\",\"width\":512,\"height\":512,\"caption\":\"Dicodusport\"},\"image\":{\"@id\":\"https:\/\/dicodusport.fr\/blog\/#\/schema\/logo\/image\/\"},\"sameAs\":[\"https:\/\/www.facebook.com\/dicodusport\",\"https:\/\/x.com\/dicodusport\",\"https:\/\/www.instagram.com\/dicodusport\/\",\"https:\/\/www.youtube.com\/channel\/UC7V2KZ5sd3htJivAbA4ZG3w\"],\"description\":\"Dicodusport est l'encyclop\u00e9die de l'actualit\u00e9 sportive.\",\"email\":\"bonjour@dicodusport.fr\",\"legalName\":\"DICODUSPORT\",\"foundingDate\":\"2018-01-14\",\"vatID\":\"FR71834470973\",\"taxID\":\"83447097300043\",\"numberOfEmployees\":{\"@type\":\"QuantitativeValue\",\"minValue\":\"1\",\"maxValue\":\"10\"}},{\"@type\":\"Person\",\"@id\":\"https:\/\/dicodusport.fr\/blog\/#\/schema\/person\/0c141de963d8493840348bb7df193da4\",\"name\":\"Benjamin Cots\",\"image\":{\"@type\":\"ImageObject\",\"inLanguage\":\"fr-FR\",\"@id\":\"https:\/\/dicodusport.fr\/blog\/#\/schema\/person\/image\/\",\"url\":\"https:\/\/dicodusport.fr\/blog\/wp-content\/uploads\/2021\/04\/Maillot-Benji-Dicodusport-150x150.png\",\"contentUrl\":\"https:\/\/dicodusport.fr\/blog\/wp-content\/uploads\/2021\/04\/Maillot-Benji-Dicodusport-150x150.png\",\"caption\":\"Benjamin Cots\"},\"description\":\"Footballeur et fan des Girondins de Bordeaux depuis mon plus jeune \u00e2ge, le foot et le sport en g\u00e9n\u00e9ral ont rythm\u00e9 ma vie. Apr\u00e8s des \u00e9tudes en informatique, la cr\u00e9ation de Dicodusport \u00e9tait le parfait m\u00e9lange pour allier mes deux passions.\",\"sameAs\":[\"https:\/\/x.com\/https:\/\/twitter.com\/BenjaminCots\"],\"url\":\"https:\/\/dicodusport.fr\/blog\/author\/admin\/\"}]}<\/script>\n<!-- \/ Yoast SEO Premium plugin. -->","yoast_head_json":{"title":"R\u00e9sum\u00e9 vid\u00e9o PSG-Inter Milan, finale de Ligue des champions","description":"Ce samedi, le PSG affrontait l'Inter Milan en finale de Ligue des champions. Voici le r\u00e9sum\u00e9 vid\u00e9o du match.","robots":{"index":"index","follow":"follow","max-snippet":"max-snippet:-1","max-image-preview":"max-image-preview:large","max-video-preview":"max-video-preview:-1"},"canonical":"https:\/\/dicodusport.fr\/blog\/resume-video-psg-inter-milan-finale-de-ligue-des-champions\/","og_locale":"fr_FR","og_type":"article","og_title":"R\u00e9sum\u00e9 vid\u00e9o PSG-Inter Milan, finale de Ligue des champions","og_description":"Ce samedi, le PSG affrontait l'Inter Milan en finale de Ligue des champions. Voici le r\u00e9sum\u00e9 vid\u00e9o du match.","og_url":"https:\/\/dicodusport.fr\/blog\/resume-video-psg-inter-milan-finale-de-ligue-des-champions\/","og_site_name":"Dicodusport","article_publisher":"https:\/\/www.facebook.com\/dicodusport","article_published_time":"2025-05-31T20:45:30+00:00","article_modified_time":"2025-09-16T05:59:00+00:00","og_image":[{"width":1200,"height":674,"url":"https:\/\/dicodusport.fr\/blog\/wp-content\/uploads\/2025\/05\/Resume-PSG-Inter-Milan-finale-de-Ligue-des-champions.png","type":"image\/png"}],"author":"Benjamin Cots","twitter_card":"summary_large_image","twitter_title":"R\u00e9sum\u00e9 vid\u00e9o PSG-Inter Milan, finale de Ligue des champions","twitter_creator":"@https:\/\/twitter.com\/BenjaminCots","twitter_site":"@dicodusport","schema":{"@context":"https:\/\/schema.org","@graph":[{"@type":"NewsArticle","@id":"https:\/\/dicodusport.fr\/blog\/resume-video-psg-inter-milan-finale-de-ligue-des-champions\/#article","isPartOf":{"@id":"https:\/\/dicodusport.fr\/blog\/resume-video-psg-inter-milan-finale-de-ligue-des-champions\/"},"author":{"name":"Benjamin Cots","@id":"https:\/\/dicodusport.fr\/blog\/#\/schema\/person\/0c141de963d8493840348bb7df193da4"},"headline":"R\u00e9sum\u00e9 vid\u00e9o PSG-Inter Milan, finale de Ligue des champions","datePublished":"2025-05-31T20:45:30+00:00","dateModified":"2025-09-16T05:59:00+00:00","mainEntityOfPage":{"@id":"https:\/\/dicodusport.fr\/blog\/resume-video-psg-inter-milan-finale-de-ligue-des-champions\/"},"wordCount":115,"commentCount":0,"publisher":{"@id":"https:\/\/dicodusport.fr\/blog\/#organization"},"image":{"@id":"https:\/\/dicodusport.fr\/blog\/resume-video-psg-inter-milan-finale-de-ligue-des-champions\/#primaryimage"},"thumbnailUrl":"https:\/\/dicodusport.fr\/blog\/wp-content\/uploads\/2025\/05\/Resume-PSG-Inter-Milan-finale-de-Ligue-des-champions.png","keywords":["br\u00e8ve","Football","Inter Milan","Ligue des champions","PSG","vid\u00e9o"],"articleSection":["Ligue des Champions de football"],"inLanguage":"fr-FR","potentialAction":[{"@type":"CommentAction","name":"Comment","target":["https:\/\/dicodusport.fr\/blog\/resume-video-psg-inter-milan-finale-de-ligue-des-champions\/#respond"]}],"copyrightYear":"2025","copyrightHolder":{"@id":"https:\/\/dicodusport.fr\/blog\/#organization"}},{"@type":"WebPage","@id":"https:\/\/dicodusport.fr\/blog\/resume-video-psg-inter-milan-finale-de-ligue-des-champions\/","url":"https:\/\/dicodusport.fr\/blog\/resume-video-psg-inter-milan-finale-de-ligue-des-champions\/","name":"R\u00e9sum\u00e9 vid\u00e9o PSG-Inter Milan, finale de Ligue des champions","isPartOf":{"@id":"https:\/\/dicodusport.fr\/blog\/#website"},"primaryImageOfPage":{"@id":"https:\/\/dicodusport.fr\/blog\/resume-video-psg-inter-milan-finale-de-ligue-des-champions\/#primaryimage"},"image":{"@id":"https:\/\/dicodusport.fr\/blog\/resume-video-psg-inter-milan-finale-de-ligue-des-champions\/#primaryimage"},"thumbnailUrl":"https:\/\/dicodusport.fr\/blog\/wp-content\/uploads\/2025\/05\/Resume-PSG-Inter-Milan-finale-de-Ligue-des-champions.png","datePublished":"2025-05-31T20:45:30+00:00","dateModified":"2025-09-16T05:59:00+00:00","description":"Ce samedi, le PSG affrontait l'Inter Milan en finale de Ligue des champions. Voici le r\u00e9sum\u00e9 vid\u00e9o du match.","breadcrumb":{"@id":"https:\/\/dicodusport.fr\/blog\/resume-video-psg-inter-milan-finale-de-ligue-des-champions\/#breadcrumb"},"inLanguage":"fr-FR","potentialAction":[{"@type":"ReadAction","target":["https:\/\/dicodusport.fr\/blog\/resume-video-psg-inter-milan-finale-de-ligue-des-champions\/"]}]},{"@type":"ImageObject","inLanguage":"fr-FR","@id":"https:\/\/dicodusport.fr\/blog\/resume-video-psg-inter-milan-finale-de-ligue-des-champions\/#primaryimage","url":"https:\/\/dicodusport.fr\/blog\/wp-content\/uploads\/2025\/05\/Resume-PSG-Inter-Milan-finale-de-Ligue-des-champions.png","contentUrl":"https:\/\/dicodusport.fr\/blog\/wp-content\/uploads\/2025\/05\/Resume-PSG-Inter-Milan-finale-de-Ligue-des-champions.png","width":1200,"height":674},{"@type":"BreadcrumbList","@id":"https:\/\/dicodusport.fr\/blog\/resume-video-psg-inter-milan-finale-de-ligue-des-champions\/#breadcrumb","itemListElement":[{"@type":"ListItem","position":1,"name":"Accueil","item":"https:\/\/dicodusport.fr\/blog\/"},{"@type":"ListItem","position":2,"name":"R\u00e9sum\u00e9 vid\u00e9o PSG-Inter Milan, finale de Ligue des champions"}]},{"@type":"WebSite","@id":"https:\/\/dicodusport.fr\/blog\/#website","url":"https:\/\/dicodusport.fr\/blog\/","name":"Dicodusport","description":"L&#039;encyclop\u00e9die de l&#039;actualit\u00e9 sportive","publisher":{"@id":"https:\/\/dicodusport.fr\/blog\/#organization"},"potentialAction":[{"@type":"SearchAction","target":{"@type":"EntryPoint","urlTemplate":"https:\/\/dicodusport.fr\/blog\/?s={search_term_string}"},"query-input":{"@type":"PropertyValueSpecification","valueRequired":true,"valueName":"search_term_string"}}],"inLanguage":"fr-FR"},{"@type":"NewsMediaOrganization","@id":"https:\/\/dicodusport.fr\/blog\/#organization","name":"Dicodusport","url":"https:\/\/dicodusport.fr\/blog\/","logo":{"@type":"ImageObject","inLanguage":"fr-FR","@id":"https:\/\/dicodusport.fr\/blog\/#\/schema\/logo\/image\/","url":"https:\/\/dicodusport.fr\/blog\/wp-content\/uploads\/2020\/06\/cropped-LOGO-DICODUSPORT-2020-SANS-FOND-SANS-TEXTE.png","contentUrl":"https:\/\/dicodusport.fr\/blog\/wp-content\/uploads\/2020\/06\/cropped-LOGO-DICODUSPORT-2020-SANS-FOND-SANS-TEXTE.png","width":512,"height":512,"caption":"Dicodusport"},"image":{"@id":"https:\/\/dicodusport.fr\/blog\/#\/schema\/logo\/image\/"},"sameAs":["https:\/\/www.facebook.com\/dicodusport","https:\/\/x.com\/dicodusport","https:\/\/www.instagram.com\/dicodusport\/","https:\/\/www.youtube.com\/channel\/UC7V2KZ5sd3htJivAbA4ZG3w"],"description":"Dicodusport est l'encyclop\u00e9die de l'actualit\u00e9 sportive.","email":"bonjour@dicodusport.fr","legalName":"DICODUSPORT","foundingDate":"2018-01-14","vatID":"FR71834470973","taxID":"83447097300043","numberOfEmployees":{"@type":"QuantitativeValue","minValue":"1","maxValue":"10"}},{"@type":"Person","@id":"https:\/\/dicodusport.fr\/blog\/#\/schema\/person\/0c141de963d8493840348bb7df193da4","name":"Benjamin Cots","image":{"@type":"ImageObject","inLanguage":"fr-FR","@id":"https:\/\/dicodusport.fr\/blog\/#\/schema\/person\/image\/","url":"https:\/\/dicodusport.fr\/blog\/wp-content\/uploads\/2021\/04\/Maillot-Benji-Dicodusport-150x150.png","contentUrl":"https:\/\/dicodusport.fr\/blog\/wp-content\/uploads\/2021\/04\/Maillot-Benji-Dicodusport-150x150.png","caption":"Benjamin Cots"},"description":"Footballeur et fan des Girondins de Bordeaux depuis mon plus jeune \u00e2ge, le foot et le sport en g\u00e9n\u00e9ral ont rythm\u00e9 ma vie. Apr\u00e8s des \u00e9tudes en informatique, la cr\u00e9ation de Dicodusport \u00e9tait le parfait m\u00e9lange pour allier mes deux passions.","sameAs":["https:\/\/x.com\/https:\/\/twitter.com\/BenjaminCots"],"url":"https:\/\/dicodusport.fr\/blog\/author\/admin\/"}]}},"_links":{"self":[{"href":"https:\/\/dicodusport.fr\/blog\/wp-json\/wp\/v2\/posts\/583357","targetHints":{"allow":["GET"]}}],"collection":[{"href":"https:\/\/dicodusport.fr\/blog\/wp-json\/wp\/v2\/posts"}],"about":[{"href":"https:\/\/dicodusport.fr\/blog\/wp-json\/wp\/v2\/types\/post"}],"author":[{"embeddable":true,"href":"https:\/\/dicodusport.fr\/blog\/wp-json\/wp\/v2\/users\/2"}],"replies":[{"embeddable":true,"href":"https:\/\/dicodusport.fr\/blog\/wp-json\/wp\/v2\/comments?post=583357"}],"version-history":[{"count":4,"href":"https:\/\/dicodusport.fr\/blog\/wp-json\/wp\/v2\/posts\/583357\/revisions"}],"predecessor-version":[{"id":583376,"href":"https:\/\/dicodusport.fr\/blog\/wp-json\/wp\/v2\/posts\/583357\/revisions\/583376"}],"wp:featuredmedia":[{"embeddable":true,"href":"https:\/\/dicodusport.fr\/blog\/wp-json\/wp\/v2\/media\/583359"}],"wp:attachment":[{"href":"https:\/\/dicodusport.fr\/blog\/wp-json\/wp\/v2\/media?parent=583357"}],"wp:term":[{"taxonomy":"category","embeddable":true,"href":"https:\/\/dicodusport.fr\/blog\/wp-json\/wp\/v2\/categories?post=583357"},{"taxonomy":"post_tag","embeddable":true,"href":"https:\/\/dicodusport.fr\/blog\/wp-json\/wp\/v2\/tags?post=583357"}],"curies":[{"name":"wp","href":"https:\/\/api.w.org\/{rel}","templated":true}]}}